{"id":988,"date":"2022-05-12T09:03:00","date_gmt":"2022-05-12T07:03:00","guid":{"rendered":"https:\/\/www.green24.ro\/?p=988"},"modified":"2022-05-12T10:58:58","modified_gmt":"2022-05-12T08:58:58","slug":"pe-17-mai-la-bucuresti-este-gazduit-cel-mai-mare-eveniment-din-sud-estul-europei-despre-energia-regenerabila","status":"publish","type":"post","link":"https:\/\/www.green24.ro\/index.php\/2022\/05\/12\/pe-17-mai-la-bucuresti-este-gazduit-cel-mai-mare-eveniment-din-sud-estul-europei-despre-energia-regenerabila\/","title":{"rendered":"Pe 17 mai, la Bucure\u015fti, este g\u0103zduit cel mai mare eveniment din Sud Estul Europei despre energia regenerabil\u0103."},"content":{"rendered":"<p style=\"text-align: justify;\"><strong>Au mai r\u0103mas doar c\u00e2teva zile p\u00e2n\u0103 la Conferin\u0163a RESinvest, care sose\u015fte \u00eentr-un moment istoric pentru Uniunea European\u0103 &#8211; pachetul REPower EU, menit s\u0103 asigure independen\u0163a energetic\u0103 a continentului, este pe punctul de a fi votat. Acest pas va accelera semnificativ dezvoltarea energiei curate pe continent.<\/strong><\/p>\n<p style=\"text-align: justify;\">Evenimentele recente din Ucraina au dus la realiz\u0103ri importante pentru noi to\u0163i &#8211; printre ele, faptul c\u0103 nu mai putem fi dependen\u0163i de combustibilii fosili din Rusia. \u0162\u0103rile europene s-au angajat pe drumul c\u0103tre un 2030 mai sustenabil \u015fi vedem deja investi\u0163ii la scar\u0103 masiv\u0103, cu zeci de megawa\u0163i \u00een stadiul de planificare. Rom\u00e2nia \u00ee\u015fi va dubla capacitatea de energie verde instalat\u0103 \u00een urm\u0103torul deceniu, iar \u0163\u0103rile din regiune urm\u0103resc obiective la fel de ambi\u0163ioase. &#8220;Investi\u0163iile sunt cheia c\u0103tre independen\u0163a \u015fi securitatea energetic\u0103 a Rom\u00e2niei&#8221;, a declarat ministrul Energiei al Rom\u00e2niei, Virgil-Daniel Popescu.<\/p>\n<p style=\"text-align: justify;\">Pentru a avea succes, acest plan implic\u0103 mult mai mult dec\u00e2t stabilirea noilor \u0163inte de investi\u0163ii -va fi necesar\u0103 dezvoltarea unui lan\u0163 de produc\u0163ie complex care include totul, de la fabricarea componentelor pentru turbine eoliene \u015fi panouri fotovoltaice, la dezvoltarea serviciilor digitale \u015fi recalificarea for\u0163ei de munc\u0103. &#8220;Reconstruirea unui lan\u0163 valoric al UE puternic \u015fi rezilient este esen\u0163ial\u0103 pentru \u00eendeplinirea ambi\u0163iei noastre de a atinge 1 terawatt de energie solar\u0103 \u00een UE p\u00e2n\u0103 \u00een 2030. Energia solar\u0103 este o sursa de energie curat\u0103 economic\u0103, precum \u015fi o tehnologie u\u015for de implementat. Europa de Sud-est are un poten\u0163ial solar imens care trebuie deblocat&#8221;, a declarat Walburga Hemetsberger, CEO al SolarPower Europe. Giles Dickson, CEO al WindEurope a notat de asemenea c\u0103 &#8220;Sud-estul Europei are un poten\u0163ial uria\u015f pentru extinderea surselor regenerabile \u015fi \u00een special pentru dezvoltarea unui lan\u0163 de valoare puternic in energie eolian\u0103 \u015fi solar\u0103.&#8221;<\/p>\n<p style=\"text-align: justify;\">Rom\u00e2nia produce deja generatoare \u015fi sisteme electrice de control pentru turbine, rulmen\u0163i, piese forjate \u015fi g\u0103zduie\u015fte cel mai mare centru de tehnicieni \u00een energie regenerabil\u0103 din Sud-estul Europei la Constan\u0163a, succes care poate fi replicat \u015fi \u00een alte arii ale industriei. Este o oportunitate imens\u0103 de a dezvolta o ramur\u0103 competitiv\u0103 a economiei \u015fi de a deveni un pionier regional \u00eentr-un sector care va continua s\u0103 creasc\u0103 \u00een urm\u0103torii ani. &#8220;Dac\u0103 vom absorbi cele 20 miliarde de euro deja oferite de UE pentru sectorul energetic al Rom\u00e2niei, se vor crea peste 90.000 de locuri de munc\u0103. Un num\u0103r impresionant,&#8221; a explicat CEO-ul Enel Rom\u00e2nia, Carlo Pignoloni.<\/p>\n<p style=\"text-align: justify;\">Ast\u0103zi putem vedea o aliniere \u00een obiectivele Europei pentru clim\u0103 \u015fi securitate energetic\u0103. &#8220;Trebuie s\u0103 nu \u00eenlocuim o dependen\u0163\u0103 de importurile de gaze fosile cu o alt\u0103 dependen\u0163\u0103 de importurile de tehnologii regenerabile cauzate de lan\u0163uri de aprovizionare instabile. Este timpul ca Rom\u00e2nia s\u0103 capteze c\u00e2t mai mult\u0103 valoare din ceea ce are de oferit tehnologia, at\u00e2t din punct de vedere social, c\u00e2t \u015fi economic, \u015fi s\u0103-\u015fi dezvolte capacit\u0103\u0163ile interne de produc\u0163ie,&#8221; a ad\u0103ugat Mihai Balan, directorul executiv al RPIA.<\/p>\n<p style=\"text-align: justify;\">Conferin\u0163a RESinvest va analiza metode concrete de stimulare a dezvolt\u0103rii capacit\u0103\u0163ilor de produc\u0163ie \u00een regiune. Evenimentul va reuni ministerele energiei din Rom\u00e2nia, Grecia \u015fi Bulgaria; reprezentan\u0163i ai Comisiei Europene; \u015fi mari investitori, dezvoltatori \u015fi companii din lan\u0163ul de produc\u0163ie si servicii.<\/p>\n<p style=\"text-align: justify;\">RESinvest este conferin\u0163a oficial\u0103 a industriei de energie regenerabil\u0103 \u015fi va avea loc pe 17 Mai la Bucure\u015fti. Conferin\u0163a este realizat\u0103 la ini\u0163iativa RWEA (Asocia\u0163ia Rom\u00e2n\u0103 pentru Energie Eolian\u0103) \u015fi RPIA (Asocia\u0163ia Rom\u00e2n\u0103 pentru Energie Fotovoltaic\u0103) \u015fi beneficiaz\u0103 de vizibilitate \u015fi sprijin la nivel European prin WindEurope \u015fi SolarPower Europe.<\/p>\n<p>surse: <a href=\"https:\/\/www.bursa.ro\/cel-mai-mare-eveniment-din-sud-estul-europei-despre-energia-regenerabila-gazduit-la-bucuresti-pe-17-mai-44544647\">bursa.ro<\/a>, <a href=\"https:\/\/www.pexels.com\/photo\/alternative-alternative-energy-current-efficiency-414943\/\">foto<\/a><\/p>\n","protected":false},"excerpt":{"rendered":"<p>Au mai r\u0103mas doar c\u00e2teva zile p\u00e2n\u0103 la Conferin\u0163a RESinvest, care sose\u015fte \u00eentr-un moment istoric pentru Uniunea European\u0103 &#8211; pachetul REPower EU, menit s\u0103 asigure independen\u0163a energetic\u0103 a continentului, este pe punctul de a fi votat. Acest pas va accelera semnificativ dezvoltarea energiei curate pe continent. Evenimentele recente din Ucraina [&hellip;]<\/p>\n","protected":false},"author":3,"featured_media":989,"comment_status":"open","ping_status":"open","sticky":false,"template":"","format":"standard","meta":{"content-type":"","footnotes":"","jetpack_publicize_message":"","jetpack_publicize_feature_enabled":true,"jetpack_social_post_already_shared":false,"jetpack_social_options":{"image_generator_settings":{"template":"highway","default_image_id":0,"font":"","enabled":false},"version":2}},"categories":[5,6],"tags":[],"class_list":["post-988","post","type-post","status-publish","format-standard","has-post-thumbnail","hentry","category-blog","category-prime"],"yoast_head":"<!-- This site is optimized with the Yoast SEO plugin v24.9 - https:\/\/yoast.com\/wordpress\/plugins\/seo\/ -->\n<title>Pe 17 mai, la Bucure\u015fti, este g\u0103zduit cel mai mare eveniment din Sud Estul Europei despre energia regenerabil\u0103. - Green24.ro<\/title>\n<meta name=\"robots\" content=\"index, follow, max-snippet:-1, max-image-preview:large, max-video-preview:-1\" \/>\n<link rel=\"canonical\" href=\"https:\/\/www.green24.ro\/index.php\/2022\/05\/12\/pe-17-mai-la-bucuresti-este-gazduit-cel-mai-mare-eveniment-din-sud-estul-europei-despre-energia-regenerabila\/\" \/>\n<meta property=\"og:locale\" content=\"en_US\" \/>\n<meta property=\"og:type\" content=\"article\" \/>\n<meta property=\"og:title\" content=\"Pe 17 mai, la Bucure\u015fti, este g\u0103zduit cel mai mare eveniment din Sud Estul Europei despre energia regenerabil\u0103. - Green24.ro\" \/>\n<meta property=\"og:description\" content=\"Au mai r\u0103mas doar c\u00e2teva zile p\u00e2n\u0103 la Conferin\u0163a RESinvest, care sose\u015fte \u00eentr-un moment istoric pentru Uniunea European\u0103 &#8211; pachetul REPower EU, menit s\u0103 asigure independen\u0163a energetic\u0103 a continentului, este pe punctul de a fi votat. Acest pas va accelera semnificativ dezvoltarea energiei curate pe continent. Evenimentele recente din Ucraina [&hellip;]\" \/>\n<meta property=\"og:url\" content=\"https:\/\/www.green24.ro\/index.php\/2022\/05\/12\/pe-17-mai-la-bucuresti-este-gazduit-cel-mai-mare-eveniment-din-sud-estul-europei-despre-energia-regenerabila\/\" \/>\n<meta property=\"og:site_name\" content=\"Green24.ro\" \/>\n<meta property=\"article:publisher\" content=\"https:\/\/www.facebook.com\/green24ro\/\" \/>\n<meta property=\"article:published_time\" content=\"2022-05-12T07:03:00+00:00\" \/>\n<meta property=\"article:modified_time\" content=\"2022-05-12T08:58:58+00:00\" \/>\n<meta property=\"og:image\" content=\"https:\/\/www.green24.ro\/wp-content\/uploads\/2022\/05\/pexels-pixabay-414943.jpg\" \/>\n\t<meta property=\"og:image:width\" content=\"1280\" \/>\n\t<meta property=\"og:image:height\" content=\"1707\" \/>\n\t<meta property=\"og:image:type\" content=\"image\/jpeg\" \/>\n<meta name=\"author\" content=\"Redactia Green24\" \/>\n<meta name=\"twitter:card\" content=\"summary_large_image\" \/>\n<meta name=\"twitter:label1\" content=\"Written by\" \/>\n\t<meta name=\"twitter:data1\" content=\"Redactia Green24\" \/>\n\t<meta name=\"twitter:label2\" content=\"Est. reading time\" \/>\n\t<meta name=\"twitter:data2\" content=\"3 minutes\" \/>\n<script type=\"application\/ld+json\" class=\"yoast-schema-graph\">{\"@context\":\"https:\/\/schema.org\",\"@graph\":[{\"@type\":\"Article\",\"@id\":\"https:\/\/www.green24.ro\/index.php\/2022\/05\/12\/pe-17-mai-la-bucuresti-este-gazduit-cel-mai-mare-eveniment-din-sud-estul-europei-despre-energia-regenerabila\/#article\",\"isPartOf\":{\"@id\":\"https:\/\/www.green24.ro\/index.php\/2022\/05\/12\/pe-17-mai-la-bucuresti-este-gazduit-cel-mai-mare-eveniment-din-sud-estul-europei-despre-energia-regenerabila\/\"},\"author\":{\"name\":\"Redactia Green24\",\"@id\":\"https:\/\/www.green24.ro\/#\/schema\/person\/607a8c12d4548837cb79d52bb2437572\"},\"headline\":\"Pe 17 mai, la Bucure\u015fti, este g\u0103zduit cel mai mare eveniment din Sud Estul Europei despre energia regenerabil\u0103.\",\"datePublished\":\"2022-05-12T07:03:00+00:00\",\"dateModified\":\"2022-05-12T08:58:58+00:00\",\"mainEntityOfPage\":{\"@id\":\"https:\/\/www.green24.ro\/index.php\/2022\/05\/12\/pe-17-mai-la-bucuresti-este-gazduit-cel-mai-mare-eveniment-din-sud-estul-europei-despre-energia-regenerabila\/\"},\"wordCount\":645,\"commentCount\":0,\"publisher\":{\"@id\":\"https:\/\/www.green24.ro\/#organization\"},\"image\":{\"@id\":\"https:\/\/www.green24.ro\/index.php\/2022\/05\/12\/pe-17-mai-la-bucuresti-este-gazduit-cel-mai-mare-eveniment-din-sud-estul-europei-despre-energia-regenerabila\/#primaryimage\"},\"thumbnailUrl\":\"https:\/\/www.green24.ro\/wp-content\/uploads\/2022\/05\/pexels-pixabay-414943.jpg\",\"articleSection\":[\"Blog\",\"Prime\"],\"inLanguage\":\"en-US\",\"potentialAction\":[{\"@type\":\"CommentAction\",\"name\":\"Comment\",\"target\":[\"https:\/\/www.green24.ro\/index.php\/2022\/05\/12\/pe-17-mai-la-bucuresti-este-gazduit-cel-mai-mare-eveniment-din-sud-estul-europei-despre-energia-regenerabila\/#respond\"]}]},{\"@type\":\"WebPage\",\"@id\":\"https:\/\/www.green24.ro\/index.php\/2022\/05\/12\/pe-17-mai-la-bucuresti-este-gazduit-cel-mai-mare-eveniment-din-sud-estul-europei-despre-energia-regenerabila\/\",\"url\":\"https:\/\/www.green24.ro\/index.php\/2022\/05\/12\/pe-17-mai-la-bucuresti-este-gazduit-cel-mai-mare-eveniment-din-sud-estul-europei-despre-energia-regenerabila\/\",\"name\":\"Pe 17 mai, la Bucure\u015fti, este g\u0103zduit cel mai mare eveniment din Sud Estul Europei despre energia regenerabil\u0103. - Green24.ro\",\"isPartOf\":{\"@id\":\"https:\/\/www.green24.ro\/#website\"},\"primaryImageOfPage\":{\"@id\":\"https:\/\/www.green24.ro\/index.php\/2022\/05\/12\/pe-17-mai-la-bucuresti-este-gazduit-cel-mai-mare-eveniment-din-sud-estul-europei-despre-energia-regenerabila\/#primaryimage\"},\"image\":{\"@id\":\"https:\/\/www.green24.ro\/index.php\/2022\/05\/12\/pe-17-mai-la-bucuresti-este-gazduit-cel-mai-mare-eveniment-din-sud-estul-europei-despre-energia-regenerabila\/#primaryimage\"},\"thumbnailUrl\":\"https:\/\/www.green24.ro\/wp-content\/uploads\/2022\/05\/pexels-pixabay-414943.jpg\",\"datePublished\":\"2022-05-12T07:03:00+00:00\",\"dateModified\":\"2022-05-12T08:58:58+00:00\",\"breadcrumb\":{\"@id\":\"https:\/\/www.green24.ro\/index.php\/2022\/05\/12\/pe-17-mai-la-bucuresti-este-gazduit-cel-mai-mare-eveniment-din-sud-estul-europei-despre-energia-regenerabila\/#breadcrumb\"},\"inLanguage\":\"en-US\",\"potentialAction\":[{\"@type\":\"ReadAction\",\"target\":[\"https:\/\/www.green24.ro\/index.php\/2022\/05\/12\/pe-17-mai-la-bucuresti-este-gazduit-cel-mai-mare-eveniment-din-sud-estul-europei-despre-energia-regenerabila\/\"]}]},{\"@type\":\"ImageObject\",\"inLanguage\":\"en-US\",\"@id\":\"https:\/\/www.green24.ro\/index.php\/2022\/05\/12\/pe-17-mai-la-bucuresti-este-gazduit-cel-mai-mare-eveniment-din-sud-estul-europei-despre-energia-regenerabila\/#primaryimage\",\"url\":\"https:\/\/www.green24.ro\/wp-content\/uploads\/2022\/05\/pexels-pixabay-414943.jpg\",\"contentUrl\":\"https:\/\/www.green24.ro\/wp-content\/uploads\/2022\/05\/pexels-pixabay-414943.jpg\",\"width\":1280,\"height\":1707,\"caption\":\"Pe 17 mai, la Bucure\u015fti, este g\u0103zduit cel mai mare eveniment din Sud Estul Europei despre energia regenerabil\u0103.\"},{\"@type\":\"BreadcrumbList\",\"@id\":\"https:\/\/www.green24.ro\/index.php\/2022\/05\/12\/pe-17-mai-la-bucuresti-este-gazduit-cel-mai-mare-eveniment-din-sud-estul-europei-despre-energia-regenerabila\/#breadcrumb\",\"itemListElement\":[{\"@type\":\"ListItem\",\"position\":1,\"name\":\"Home\",\"item\":\"https:\/\/www.green24.ro\/\"},{\"@type\":\"ListItem\",\"position\":2,\"name\":\"Pe 17 mai, la Bucure\u015fti, este g\u0103zduit cel mai mare eveniment din Sud Estul Europei despre energia regenerabil\u0103.\"}]},{\"@type\":\"WebSite\",\"@id\":\"https:\/\/www.green24.ro\/#website\",\"url\":\"https:\/\/www.green24.ro\/\",\"name\":\"Green24.ro\",\"description\":\"Antreprenoriat verde si responsabilitatea social\u0103\",\"publisher\":{\"@id\":\"https:\/\/www.green24.ro\/#organization\"},\"potentialAction\":[{\"@type\":\"SearchAction\",\"target\":{\"@type\":\"EntryPoint\",\"urlTemplate\":\"https:\/\/www.green24.ro\/?s={search_term_string}\"},\"query-input\":{\"@type\":\"PropertyValueSpecification\",\"valueRequired\":true,\"valueName\":\"search_term_string\"}}],\"inLanguage\":\"en-US\"},{\"@type\":\"Organization\",\"@id\":\"https:\/\/www.green24.ro\/#organization\",\"name\":\"Green24\",\"url\":\"https:\/\/www.green24.ro\/\",\"logo\":{\"@type\":\"ImageObject\",\"inLanguage\":\"en-US\",\"@id\":\"https:\/\/www.green24.ro\/#\/schema\/logo\/image\/\",\"url\":\"https:\/\/www.green24.ro\/wp-content\/uploads\/2022\/02\/green24-17-e1643806452346.png\",\"contentUrl\":\"https:\/\/www.green24.ro\/wp-content\/uploads\/2022\/02\/green24-17-e1643806452346.png\",\"width\":174,\"height\":174,\"caption\":\"Green24\"},\"image\":{\"@id\":\"https:\/\/www.green24.ro\/#\/schema\/logo\/image\/\"},\"sameAs\":[\"https:\/\/www.facebook.com\/green24ro\/\"]},{\"@type\":\"Person\",\"@id\":\"https:\/\/www.green24.ro\/#\/schema\/person\/607a8c12d4548837cb79d52bb2437572\",\"name\":\"Redactia Green24\",\"image\":{\"@type\":\"ImageObject\",\"inLanguage\":\"en-US\",\"@id\":\"https:\/\/www.green24.ro\/#\/schema\/person\/image\/\",\"url\":\"https:\/\/secure.gravatar.com\/avatar\/c9f4d5614769dc0a9dfdfed961c82ea6?s=96&d=mm&r=g\",\"contentUrl\":\"https:\/\/secure.gravatar.com\/avatar\/c9f4d5614769dc0a9dfdfed961c82ea6?s=96&d=mm&r=g\",\"caption\":\"Redactia Green24\"},\"sameAs\":[\"http:\/\/www.green24.ro\"],\"url\":\"https:\/\/www.green24.ro\/index.php\/author\/green24\/\"}]}<\/script>\n<!-- \/ Yoast SEO plugin. -->","yoast_head_json":{"title":"Pe 17 mai, la Bucure\u015fti, este g\u0103zduit cel mai mare eveniment din Sud Estul Europei despre energia regenerabil\u0103. - Green24.ro","robots":{"index":"index","follow":"follow","max-snippet":"max-snippet:-1","max-image-preview":"max-image-preview:large","max-video-preview":"max-video-preview:-1"},"canonical":"https:\/\/www.green24.ro\/index.php\/2022\/05\/12\/pe-17-mai-la-bucuresti-este-gazduit-cel-mai-mare-eveniment-din-sud-estul-europei-despre-energia-regenerabila\/","og_locale":"en_US","og_type":"article","og_title":"Pe 17 mai, la Bucure\u015fti, este g\u0103zduit cel mai mare eveniment din Sud Estul Europei despre energia regenerabil\u0103. - Green24.ro","og_description":"Au mai r\u0103mas doar c\u00e2teva zile p\u00e2n\u0103 la Conferin\u0163a RESinvest, care sose\u015fte \u00eentr-un moment istoric pentru Uniunea European\u0103 &#8211; pachetul REPower EU, menit s\u0103 asigure independen\u0163a energetic\u0103 a continentului, este pe punctul de a fi votat. Acest pas va accelera semnificativ dezvoltarea energiei curate pe continent. Evenimentele recente din Ucraina [&hellip;]","og_url":"https:\/\/www.green24.ro\/index.php\/2022\/05\/12\/pe-17-mai-la-bucuresti-este-gazduit-cel-mai-mare-eveniment-din-sud-estul-europei-despre-energia-regenerabila\/","og_site_name":"Green24.ro","article_publisher":"https:\/\/www.facebook.com\/green24ro\/","article_published_time":"2022-05-12T07:03:00+00:00","article_modified_time":"2022-05-12T08:58:58+00:00","og_image":[{"width":1280,"height":1707,"url":"https:\/\/www.green24.ro\/wp-content\/uploads\/2022\/05\/pexels-pixabay-414943.jpg","type":"image\/jpeg"}],"author":"Redactia Green24","twitter_card":"summary_large_image","twitter_misc":{"Written by":"Redactia Green24","Est. reading time":"3 minutes"},"schema":{"@context":"https:\/\/schema.org","@graph":[{"@type":"Article","@id":"https:\/\/www.green24.ro\/index.php\/2022\/05\/12\/pe-17-mai-la-bucuresti-este-gazduit-cel-mai-mare-eveniment-din-sud-estul-europei-despre-energia-regenerabila\/#article","isPartOf":{"@id":"https:\/\/www.green24.ro\/index.php\/2022\/05\/12\/pe-17-mai-la-bucuresti-este-gazduit-cel-mai-mare-eveniment-din-sud-estul-europei-despre-energia-regenerabila\/"},"author":{"name":"Redactia Green24","@id":"https:\/\/www.green24.ro\/#\/schema\/person\/607a8c12d4548837cb79d52bb2437572"},"headline":"Pe 17 mai, la Bucure\u015fti, este g\u0103zduit cel mai mare eveniment din Sud Estul Europei despre energia regenerabil\u0103.","datePublished":"2022-05-12T07:03:00+00:00","dateModified":"2022-05-12T08:58:58+00:00","mainEntityOfPage":{"@id":"https:\/\/www.green24.ro\/index.php\/2022\/05\/12\/pe-17-mai-la-bucuresti-este-gazduit-cel-mai-mare-eveniment-din-sud-estul-europei-despre-energia-regenerabila\/"},"wordCount":645,"commentCount":0,"publisher":{"@id":"https:\/\/www.green24.ro\/#organization"},"image":{"@id":"https:\/\/www.green24.ro\/index.php\/2022\/05\/12\/pe-17-mai-la-bucuresti-este-gazduit-cel-mai-mare-eveniment-din-sud-estul-europei-despre-energia-regenerabila\/#primaryimage"},"thumbnailUrl":"https:\/\/www.green24.ro\/wp-content\/uploads\/2022\/05\/pexels-pixabay-414943.jpg","articleSection":["Blog","Prime"],"inLanguage":"en-US","potentialAction":[{"@type":"CommentAction","name":"Comment","target":["https:\/\/www.green24.ro\/index.php\/2022\/05\/12\/pe-17-mai-la-bucuresti-este-gazduit-cel-mai-mare-eveniment-din-sud-estul-europei-despre-energia-regenerabila\/#respond"]}]},{"@type":"WebPage","@id":"https:\/\/www.green24.ro\/index.php\/2022\/05\/12\/pe-17-mai-la-bucuresti-este-gazduit-cel-mai-mare-eveniment-din-sud-estul-europei-despre-energia-regenerabila\/","url":"https:\/\/www.green24.ro\/index.php\/2022\/05\/12\/pe-17-mai-la-bucuresti-este-gazduit-cel-mai-mare-eveniment-din-sud-estul-europei-despre-energia-regenerabila\/","name":"Pe 17 mai, la Bucure\u015fti, este g\u0103zduit cel mai mare eveniment din Sud Estul Europei despre energia regenerabil\u0103. - Green24.ro","isPartOf":{"@id":"https:\/\/www.green24.ro\/#website"},"primaryImageOfPage":{"@id":"https:\/\/www.green24.ro\/index.php\/2022\/05\/12\/pe-17-mai-la-bucuresti-este-gazduit-cel-mai-mare-eveniment-din-sud-estul-europei-despre-energia-regenerabila\/#primaryimage"},"image":{"@id":"https:\/\/www.green24.ro\/index.php\/2022\/05\/12\/pe-17-mai-la-bucuresti-este-gazduit-cel-mai-mare-eveniment-din-sud-estul-europei-despre-energia-regenerabila\/#primaryimage"},"thumbnailUrl":"https:\/\/www.green24.ro\/wp-content\/uploads\/2022\/05\/pexels-pixabay-414943.jpg","datePublished":"2022-05-12T07:03:00+00:00","dateModified":"2022-05-12T08:58:58+00:00","breadcrumb":{"@id":"https:\/\/www.green24.ro\/index.php\/2022\/05\/12\/pe-17-mai-la-bucuresti-este-gazduit-cel-mai-mare-eveniment-din-sud-estul-europei-despre-energia-regenerabila\/#breadcrumb"},"inLanguage":"en-US","potentialAction":[{"@type":"ReadAction","target":["https:\/\/www.green24.ro\/index.php\/2022\/05\/12\/pe-17-mai-la-bucuresti-este-gazduit-cel-mai-mare-eveniment-din-sud-estul-europei-despre-energia-regenerabila\/"]}]},{"@type":"ImageObject","inLanguage":"en-US","@id":"https:\/\/www.green24.ro\/index.php\/2022\/05\/12\/pe-17-mai-la-bucuresti-este-gazduit-cel-mai-mare-eveniment-din-sud-estul-europei-despre-energia-regenerabila\/#primaryimage","url":"https:\/\/www.green24.ro\/wp-content\/uploads\/2022\/05\/pexels-pixabay-414943.jpg","contentUrl":"https:\/\/www.green24.ro\/wp-content\/uploads\/2022\/05\/pexels-pixabay-414943.jpg","width":1280,"height":1707,"caption":"Pe 17 mai, la Bucure\u015fti, este g\u0103zduit cel mai mare eveniment din Sud Estul Europei despre energia regenerabil\u0103."},{"@type":"BreadcrumbList","@id":"https:\/\/www.green24.ro\/index.php\/2022\/05\/12\/pe-17-mai-la-bucuresti-este-gazduit-cel-mai-mare-eveniment-din-sud-estul-europei-despre-energia-regenerabila\/#breadcrumb","itemListElement":[{"@type":"ListItem","position":1,"name":"Home","item":"https:\/\/www.green24.ro\/"},{"@type":"ListItem","position":2,"name":"Pe 17 mai, la Bucure\u015fti, este g\u0103zduit cel mai mare eveniment din Sud Estul Europei despre energia regenerabil\u0103."}]},{"@type":"WebSite","@id":"https:\/\/www.green24.ro\/#website","url":"https:\/\/www.green24.ro\/","name":"Green24.ro","description":"Antreprenoriat verde si responsabilitatea social\u0103","publisher":{"@id":"https:\/\/www.green24.ro\/#organization"},"potentialAction":[{"@type":"SearchAction","target":{"@type":"EntryPoint","urlTemplate":"https:\/\/www.green24.ro\/?s={search_term_string}"},"query-input":{"@type":"PropertyValueSpecification","valueRequired":true,"valueName":"search_term_string"}}],"inLanguage":"en-US"},{"@type":"Organization","@id":"https:\/\/www.green24.ro\/#organization","name":"Green24","url":"https:\/\/www.green24.ro\/","logo":{"@type":"ImageObject","inLanguage":"en-US","@id":"https:\/\/www.green24.ro\/#\/schema\/logo\/image\/","url":"https:\/\/www.green24.ro\/wp-content\/uploads\/2022\/02\/green24-17-e1643806452346.png","contentUrl":"https:\/\/www.green24.ro\/wp-content\/uploads\/2022\/02\/green24-17-e1643806452346.png","width":174,"height":174,"caption":"Green24"},"image":{"@id":"https:\/\/www.green24.ro\/#\/schema\/logo\/image\/"},"sameAs":["https:\/\/www.facebook.com\/green24ro\/"]},{"@type":"Person","@id":"https:\/\/www.green24.ro\/#\/schema\/person\/607a8c12d4548837cb79d52bb2437572","name":"Redactia Green24","image":{"@type":"ImageObject","inLanguage":"en-US","@id":"https:\/\/www.green24.ro\/#\/schema\/person\/image\/","url":"https:\/\/secure.gravatar.com\/avatar\/c9f4d5614769dc0a9dfdfed961c82ea6?s=96&d=mm&r=g","contentUrl":"https:\/\/secure.gravatar.com\/avatar\/c9f4d5614769dc0a9dfdfed961c82ea6?s=96&d=mm&r=g","caption":"Redactia Green24"},"sameAs":["http:\/\/www.green24.ro"],"url":"https:\/\/www.green24.ro\/index.php\/author\/green24\/"}]}},"jetpack_publicize_connections":[],"jetpack_featured_media_url":"https:\/\/www.green24.ro\/wp-content\/uploads\/2022\/05\/pexels-pixabay-414943.jpg","jetpack_sharing_enabled":true,"_links":{"self":[{"href":"https:\/\/www.green24.ro\/index.php\/wp-json\/wp\/v2\/posts\/988","targetHints":{"allow":["GET"]}}],"collection":[{"href":"https:\/\/www.green24.ro\/index.php\/wp-json\/wp\/v2\/posts"}],"about":[{"href":"https:\/\/www.green24.ro\/index.php\/wp-json\/wp\/v2\/types\/post"}],"author":[{"embeddable":true,"href":"https:\/\/www.green24.ro\/index.php\/wp-json\/wp\/v2\/users\/3"}],"replies":[{"embeddable":true,"href":"https:\/\/www.green24.ro\/index.php\/wp-json\/wp\/v2\/comments?post=988"}],"version-history":[{"count":1,"href":"https:\/\/www.green24.ro\/index.php\/wp-json\/wp\/v2\/posts\/988\/revisions"}],"predecessor-version":[{"id":990,"href":"https:\/\/www.green24.ro\/index.php\/wp-json\/wp\/v2\/posts\/988\/revisions\/990"}],"wp:featuredmedia":[{"embeddable":true,"href":"https:\/\/www.green24.ro\/index.php\/wp-json\/wp\/v2\/media\/989"}],"wp:attachment":[{"href":"https:\/\/www.green24.ro\/index.php\/wp-json\/wp\/v2\/media?parent=988"}],"wp:term":[{"taxonomy":"category","embeddable":true,"href":"https:\/\/www.green24.ro\/index.php\/wp-json\/wp\/v2\/categories?post=988"},{"taxonomy":"post_tag","embeddable":true,"href":"https:\/\/www.green24.ro\/index.php\/wp-json\/wp\/v2\/tags?post=988"}],"curies":[{"name":"wp","href":"https:\/\/api.w.org\/{rel}","templated":true}]}}