{"id":985,"date":"2022-05-12T10:48:18","date_gmt":"2022-05-12T08:48:18","guid":{"rendered":"https:\/\/www.green24.ro\/?p=985"},"modified":"2022-05-12T10:48:19","modified_gmt":"2022-05-12T08:48:19","slug":"programul-rabla-pentru-electrocasnice-va-incepe-pe-17-iunie-care-sunt-principalele-modificari","status":"publish","type":"post","link":"https:\/\/www.green24.ro\/index.php\/2022\/05\/12\/programul-rabla-pentru-electrocasnice-va-incepe-pe-17-iunie-care-sunt-principalele-modificari\/","title":{"rendered":"Programul Rabla pentru Electrocasnice va \u00eencepe pe 17 iunie. Care sunt principalele modific\u0103ri"},"content":{"rendered":"<p style=\"text-align: justify;\"><strong>Programul Rabla pentru Electrocasnice va \u00eencepe pe 17 iunie. Anun\u021bul a fost f\u0103cut de ministrul mediului, apelor \u0219i p\u0103durilor, Barna T\u00e1nczos, \u00een cadrul unei conferin\u021be de pres\u0103, pe care a sus\u021binut-o al\u0103turi de pre\u0219edintele Administra\u021biei Fondului pentru Mediu, Lauren\u021biu Adrian Neculaescu.<\/strong><\/p>\n<p style=\"text-align: justify;\">Bugetul de anul acesta al programului este de 100 de milioane de lei, cu 25 de milioane mai mult dec\u00e2t anul trecut. Acest buget va acoperi dou\u0103 sesiuni ale programului Rabla pentru Electrocasnice, \u00een 2022: astfel, sesiunea I se va derula \u00een lunile iunie \u2013 iulie 2022, iar sesiunea a-II-a se va desf\u0103\u0219ura \u00een lunile noiembrie \u2013 decembrie 2022.<\/p>\n<p style=\"text-align: justify;\">\u201eProgramul Rabla pentru Electrocasnice se bucur\u0103 de un succes uria\u0219 \u00een r\u00e2ndul popula\u021biei. Anul trecut am reu\u0219it s\u0103 \u00eenlocuim 110.000 de echipamente electrice \u0219i electronice uzate \u0219i mari consumatoare de energie cu altele noi, cu un consum cu mult mai sc\u0103zut. Bugetul m\u0103rit din acest an ne permite s\u0103 dubl\u0103m aceste cifre, mai ales c\u0103 ne g\u0103sim \u00eentr-o perioad\u0103 \u00een care interesul pentru reducerea consumului de energie este tot mai mare\u201d, a declarat ministrul Barna T\u00e1nczos.<\/p>\n<p style=\"text-align: justify;\">Echipamentele finan\u021bate \u00een cadrul programului sunt \u00eemp\u0103r\u021bite \u00een trei categorii eligibile:<\/p>\n<ol>\n<li>Ma\u0219ini de sp\u0103lat rufe, ma\u0219ini de sp\u0103lat vase \u0219i frigidere,<\/li>\n<li>Laptopuri \u0219i tablete,<\/li>\n<li>Aer condi\u021bionat, usc\u0103toare de rufe \u0219i aspiratoare.<\/li>\n<\/ol>\n<p><br \/><strong>Care sunt modific\u0103rile din acest an?<\/strong><\/p>\n<p style=\"text-align: justify;\">Programul vine anul acesta \u0219i cu c\u00e2teva modific\u0103ri.\u00a0Astfel, una din acestea prevede condi\u021bii mai stricte pentru persoanele care nu utilizeaz\u0103 voucherele rezervate. Acestea nu vor mai putea aplica \u00een cadrul programului pentru acela\u0219i echipament \u00een cursul acestui an.<\/p>\n<p style=\"text-align: justify;\">De asemenea, valabilitatea voucherului se reduce de la 15 zile la 7 zile.<\/p>\n<p style=\"text-align: justify;\">O alt\u0103 modificare intervenit\u0103 \u00een programul Rabla pentru Electrocasnice 2022 se refer\u0103 la eliminarea televizoarelor din categoria echipamentelor eligibile.<\/p>\n<p style=\"text-align: justify;\">\u201eAm promovat aceste modific\u0103ri pentru c\u0103 succesul acestui program se m\u0103soar\u0103, \u00een mod special, \u00een num\u0103rul de frigidere, l\u0103zi frigorifice, aparate de aer condi\u021bionat, ma\u0219ini de sp\u0103lat haine sau vase iar, pe de alt\u0103 parte, pentru c\u0103 Rabla pentru Electrocasnice risca s\u0103 se transforme exclusiv \u00een Rabla pentru televizoare. Am decis ca bugetul de 100 de milioane de lei s\u0103 fie concentrat pe acele echipamente care ajut\u0103 mai mult gospod\u0103riile \u0219i care aduc mai mari beneficii prin reducerea consumului de energie \u00een acestea\u201d, a mai ad\u0103ugat demnitarul.<\/p>\n<p style=\"text-align: justify;\">Valoarea voucherelor \u00een func\u021bie de echipamentele finan\u021bate:<\/p>\n<ul>\n<li style=\"text-align: justify;\">400 lei pentru ma\u015fini de sp\u0103lat rufe, inclusiv cu usc\u0103tor, av\u00e2nd cel pu\u021bin noua clasa energetic\u0103 C;<\/li>\n<li>400 lei pentru ma\u015fini de sp\u0103lat vase, av\u00e2nd cel pu\u021bin noua clas\u0103 energetic\u0103 D;<\/li>\n<li style=\"text-align: justify;\">400 lei pentru aparate de aer condi\u0163ionat, inclusiv aparate de aer condi\u0163ionat portabile, cu eficien\u021b\u0103 energetic\u0103 la r\u0103cire cel pu\u021bin A++;<\/li>\n<li style=\"text-align: justify;\">400 lei pentru categoria frigidere\/combine frigorifice\/l\u0103zi frigorifice\/congelatoare av\u00e2nd cel pu\u021bin noua clas\u0103 energetic\u0103 E;<\/li>\n<li>400 lei pentru usc\u0103toare de rufe cu eficien\u021b\u0103 energetic\u0103 cel pu\u0163in A++;<\/li>\n<li>200 lei pentru aspiratoare cu un consum de energie mai mic de 43 kWh\/an;<\/li>\n<li>500 lei pentru laptopuri;<\/li>\n<li>300 lei pentru tablete.<\/li>\n<\/ul>\n<p>Calendarul Programului Rabla pentru Electrocasnice:<\/p>\n<ul>\n<li style=\"text-align: justify;\">17 Iunie 2022, ora 10.00 \u2013 23 Iunie 2022, ora 23.59 \u2013 se va derula etapa \u00eenregistr\u0103rii popula\u021biei \u00een program\/crearea conturilor;<\/li>\n<li style=\"text-align: justify;\">24 Iunie 2022, ora 10.00 \u2013 30 iunie 2022, ora 23.59 (sau p\u00e2n\u0103 la epuizarea bugetului) popula\u021bia poate rezerva vouchere pentru categoria: ma\u0219ini de sp\u0103lat rufe, ma\u0219ini de sp\u0103lat vase \u0219i categoria frigidere. Bugetul pentru aceasta este de 25.000 mii lei;<\/li>\n<li style=\"text-align: justify;\">01 iulie 2022, ora 10.00 \u2013 07 iulie 2022, ora 23.59 (sau p\u00e2n\u0103 la epuizarea bugetului) \u2013 popula\u021bia poate rezerva vouchere pentru laptopuri \u0219i tablete. Pentru aceast\u0103 etap\u0103 avem prev\u0103zut un buget de 10.000 mii lei;<\/li>\n<li style=\"text-align: justify;\">08 iulie 2022, ora 10.00 \u2013 14 iulie 2022, ora 23.59 (sau p\u00e2n\u0103 la epuizarea bugetului) \u2013 se va derula a treia etap\u0103, destinat\u0103 aparatelor de aer condi\u021bionat, usc\u0103toarelor de rufe \u0219i aspiratoarelor. Pentru aceasta, bugetul este de 15.000 mii lei.<\/li>\n<\/ul>\n<pre>surse: <a href=\"https:\/\/green-report.ro\/programul-rabla-pentru-electrocasnice-va-incepe-pe-17-iunie-care-sunt-principalele-modificari\/\">greenreport<\/a>, <a href=\"https:\/\/www.pexels.com\/photo\/close-up-photo-of-dishwasher-213162\/\">foto<\/a><\/pre>\n\n\n\n","protected":false},"excerpt":{"rendered":"<p>Programul Rabla pentru Electrocasnice va \u00eencepe pe 17 iunie. Anun\u021bul a fost f\u0103cut de ministrul mediului, apelor \u0219i p\u0103durilor, Barna T\u00e1nczos, \u00een cadrul unei conferin\u021be de pres\u0103, pe care a sus\u021binut-o al\u0103turi de pre\u0219edintele Administra\u021biei Fondului pentru Mediu, Lauren\u021biu Adrian Neculaescu. Bugetul de anul acesta al programului este de 100 [&hellip;]<\/p>\n","protected":false},"author":3,"featured_media":986,"comment_status":"open","ping_status":"open","sticky":false,"template":"","format":"standard","meta":{"content-type":"","footnotes":"","jetpack_publicize_message":"","jetpack_publicize_feature_enabled":true,"jetpack_social_post_already_shared":false,"jetpack_social_options":{"image_generator_settings":{"template":"highway","default_image_id":0,"font":"","enabled":false},"version":2}},"categories":[5,6],"tags":[],"class_list":["post-985","post","type-post","status-publish","format-standard","has-post-thumbnail","hentry","category-blog","category-prime"],"yoast_head":"<!-- This site is optimized with the Yoast SEO plugin v24.9 - https:\/\/yoast.com\/wordpress\/plugins\/seo\/ -->\n<title>Programul Rabla pentru Electrocasnice va \u00eencepe pe 17 iunie. Care sunt principalele modific\u0103ri - Green24.ro<\/title>\n<meta name=\"description\" content=\"Programul Rabla pentru Electrocasnice va \u00eencepe pe 17 iunie. Anun\u021bul a fost f\u0103cut de ministrul mediului, apelor \u0219i p\u0103durilor, Barna T\u00e1nczos, \u00een cadrul unei conferin\u021be de pres\u0103, pe care a sus\u021binut-o al\u0103turi de pre\u0219edintele Administra\u021biei Fondului pentru Mediu, Lauren\u021biu Adrian Neculaescu.\" \/>\n<meta name=\"robots\" content=\"index, follow, max-snippet:-1, max-image-preview:large, max-video-preview:-1\" \/>\n<link rel=\"canonical\" href=\"https:\/\/www.green24.ro\/index.php\/2022\/05\/12\/programul-rabla-pentru-electrocasnice-va-incepe-pe-17-iunie-care-sunt-principalele-modificari\/\" \/>\n<meta property=\"og:locale\" content=\"en_US\" \/>\n<meta property=\"og:type\" content=\"article\" \/>\n<meta property=\"og:title\" content=\"Programul Rabla pentru Electrocasnice va \u00eencepe pe 17 iunie. Care sunt principalele modific\u0103ri - Green24.ro\" \/>\n<meta property=\"og:description\" content=\"Programul Rabla pentru Electrocasnice va \u00eencepe pe 17 iunie. Anun\u021bul a fost f\u0103cut de ministrul mediului, apelor \u0219i p\u0103durilor, Barna T\u00e1nczos, \u00een cadrul unei conferin\u021be de pres\u0103, pe care a sus\u021binut-o al\u0103turi de pre\u0219edintele Administra\u021biei Fondului pentru Mediu, Lauren\u021biu Adrian Neculaescu.\" \/>\n<meta property=\"og:url\" content=\"https:\/\/www.green24.ro\/index.php\/2022\/05\/12\/programul-rabla-pentru-electrocasnice-va-incepe-pe-17-iunie-care-sunt-principalele-modificari\/\" \/>\n<meta property=\"og:site_name\" content=\"Green24.ro\" \/>\n<meta property=\"article:publisher\" content=\"https:\/\/www.facebook.com\/green24ro\/\" \/>\n<meta property=\"article:published_time\" content=\"2022-05-12T08:48:18+00:00\" \/>\n<meta property=\"article:modified_time\" content=\"2022-05-12T08:48:19+00:00\" \/>\n<meta property=\"og:image\" content=\"https:\/\/www.green24.ro\/wp-content\/uploads\/2022\/05\/pexels-photomix-company-213162-2.jpg\" \/>\n\t<meta property=\"og:image:width\" content=\"1279\" \/>\n\t<meta property=\"og:image:height\" content=\"854\" \/>\n\t<meta property=\"og:image:type\" content=\"image\/jpeg\" \/>\n<meta name=\"author\" content=\"Redactia Green24\" \/>\n<meta name=\"twitter:card\" content=\"summary_large_image\" \/>\n<meta name=\"twitter:label1\" content=\"Written by\" \/>\n\t<meta name=\"twitter:data1\" content=\"Redactia Green24\" \/>\n\t<meta name=\"twitter:label2\" content=\"Est. reading time\" \/>\n\t<meta name=\"twitter:data2\" content=\"3 minutes\" \/>\n<script type=\"application\/ld+json\" class=\"yoast-schema-graph\">{\"@context\":\"https:\/\/schema.org\",\"@graph\":[{\"@type\":\"Article\",\"@id\":\"https:\/\/www.green24.ro\/index.php\/2022\/05\/12\/programul-rabla-pentru-electrocasnice-va-incepe-pe-17-iunie-care-sunt-principalele-modificari\/#article\",\"isPartOf\":{\"@id\":\"https:\/\/www.green24.ro\/index.php\/2022\/05\/12\/programul-rabla-pentru-electrocasnice-va-incepe-pe-17-iunie-care-sunt-principalele-modificari\/\"},\"author\":{\"name\":\"Redactia Green24\",\"@id\":\"https:\/\/www.green24.ro\/#\/schema\/person\/607a8c12d4548837cb79d52bb2437572\"},\"headline\":\"Programul Rabla pentru Electrocasnice va \u00eencepe pe 17 iunie. Care sunt principalele modific\u0103ri\",\"datePublished\":\"2022-05-12T08:48:18+00:00\",\"dateModified\":\"2022-05-12T08:48:19+00:00\",\"mainEntityOfPage\":{\"@id\":\"https:\/\/www.green24.ro\/index.php\/2022\/05\/12\/programul-rabla-pentru-electrocasnice-va-incepe-pe-17-iunie-care-sunt-principalele-modificari\/\"},\"wordCount\":661,\"commentCount\":0,\"publisher\":{\"@id\":\"https:\/\/www.green24.ro\/#organization\"},\"image\":{\"@id\":\"https:\/\/www.green24.ro\/index.php\/2022\/05\/12\/programul-rabla-pentru-electrocasnice-va-incepe-pe-17-iunie-care-sunt-principalele-modificari\/#primaryimage\"},\"thumbnailUrl\":\"https:\/\/www.green24.ro\/wp-content\/uploads\/2022\/05\/pexels-photomix-company-213162-2.jpg\",\"articleSection\":[\"Blog\",\"Prime\"],\"inLanguage\":\"en-US\",\"potentialAction\":[{\"@type\":\"CommentAction\",\"name\":\"Comment\",\"target\":[\"https:\/\/www.green24.ro\/index.php\/2022\/05\/12\/programul-rabla-pentru-electrocasnice-va-incepe-pe-17-iunie-care-sunt-principalele-modificari\/#respond\"]}]},{\"@type\":\"WebPage\",\"@id\":\"https:\/\/www.green24.ro\/index.php\/2022\/05\/12\/programul-rabla-pentru-electrocasnice-va-incepe-pe-17-iunie-care-sunt-principalele-modificari\/\",\"url\":\"https:\/\/www.green24.ro\/index.php\/2022\/05\/12\/programul-rabla-pentru-electrocasnice-va-incepe-pe-17-iunie-care-sunt-principalele-modificari\/\",\"name\":\"Programul Rabla pentru Electrocasnice va \u00eencepe pe 17 iunie. Care sunt principalele modific\u0103ri - Green24.ro\",\"isPartOf\":{\"@id\":\"https:\/\/www.green24.ro\/#website\"},\"primaryImageOfPage\":{\"@id\":\"https:\/\/www.green24.ro\/index.php\/2022\/05\/12\/programul-rabla-pentru-electrocasnice-va-incepe-pe-17-iunie-care-sunt-principalele-modificari\/#primaryimage\"},\"image\":{\"@id\":\"https:\/\/www.green24.ro\/index.php\/2022\/05\/12\/programul-rabla-pentru-electrocasnice-va-incepe-pe-17-iunie-care-sunt-principalele-modificari\/#primaryimage\"},\"thumbnailUrl\":\"https:\/\/www.green24.ro\/wp-content\/uploads\/2022\/05\/pexels-photomix-company-213162-2.jpg\",\"datePublished\":\"2022-05-12T08:48:18+00:00\",\"dateModified\":\"2022-05-12T08:48:19+00:00\",\"description\":\"Programul Rabla pentru Electrocasnice va \u00eencepe pe 17 iunie. Anun\u021bul a fost f\u0103cut de ministrul mediului, apelor \u0219i p\u0103durilor, Barna T\u00e1nczos, \u00een cadrul unei conferin\u021be de pres\u0103, pe care a sus\u021binut-o al\u0103turi de pre\u0219edintele Administra\u021biei Fondului pentru Mediu, Lauren\u021biu Adrian Neculaescu.\",\"breadcrumb\":{\"@id\":\"https:\/\/www.green24.ro\/index.php\/2022\/05\/12\/programul-rabla-pentru-electrocasnice-va-incepe-pe-17-iunie-care-sunt-principalele-modificari\/#breadcrumb\"},\"inLanguage\":\"en-US\",\"potentialAction\":[{\"@type\":\"ReadAction\",\"target\":[\"https:\/\/www.green24.ro\/index.php\/2022\/05\/12\/programul-rabla-pentru-electrocasnice-va-incepe-pe-17-iunie-care-sunt-principalele-modificari\/\"]}]},{\"@type\":\"ImageObject\",\"inLanguage\":\"en-US\",\"@id\":\"https:\/\/www.green24.ro\/index.php\/2022\/05\/12\/programul-rabla-pentru-electrocasnice-va-incepe-pe-17-iunie-care-sunt-principalele-modificari\/#primaryimage\",\"url\":\"https:\/\/www.green24.ro\/wp-content\/uploads\/2022\/05\/pexels-photomix-company-213162-2.jpg\",\"contentUrl\":\"https:\/\/www.green24.ro\/wp-content\/uploads\/2022\/05\/pexels-photomix-company-213162-2.jpg\",\"width\":1279,\"height\":854,\"caption\":\"Programul Rabla pentru Electrocasnice va \u00eencepe pe 17 iunie. Care sunt principalele modific\u0103ri\"},{\"@type\":\"BreadcrumbList\",\"@id\":\"https:\/\/www.green24.ro\/index.php\/2022\/05\/12\/programul-rabla-pentru-electrocasnice-va-incepe-pe-17-iunie-care-sunt-principalele-modificari\/#breadcrumb\",\"itemListElement\":[{\"@type\":\"ListItem\",\"position\":1,\"name\":\"Home\",\"item\":\"https:\/\/www.green24.ro\/\"},{\"@type\":\"ListItem\",\"position\":2,\"name\":\"Programul Rabla pentru Electrocasnice va \u00eencepe pe 17 iunie. Care sunt principalele modific\u0103ri\"}]},{\"@type\":\"WebSite\",\"@id\":\"https:\/\/www.green24.ro\/#website\",\"url\":\"https:\/\/www.green24.ro\/\",\"name\":\"Green24.ro\",\"description\":\"Antreprenoriat verde si responsabilitatea social\u0103\",\"publisher\":{\"@id\":\"https:\/\/www.green24.ro\/#organization\"},\"potentialAction\":[{\"@type\":\"SearchAction\",\"target\":{\"@type\":\"EntryPoint\",\"urlTemplate\":\"https:\/\/www.green24.ro\/?s={search_term_string}\"},\"query-input\":{\"@type\":\"PropertyValueSpecification\",\"valueRequired\":true,\"valueName\":\"search_term_string\"}}],\"inLanguage\":\"en-US\"},{\"@type\":\"Organization\",\"@id\":\"https:\/\/www.green24.ro\/#organization\",\"name\":\"Green24\",\"url\":\"https:\/\/www.green24.ro\/\",\"logo\":{\"@type\":\"ImageObject\",\"inLanguage\":\"en-US\",\"@id\":\"https:\/\/www.green24.ro\/#\/schema\/logo\/image\/\",\"url\":\"https:\/\/www.green24.ro\/wp-content\/uploads\/2022\/02\/green24-17-e1643806452346.png\",\"contentUrl\":\"https:\/\/www.green24.ro\/wp-content\/uploads\/2022\/02\/green24-17-e1643806452346.png\",\"width\":174,\"height\":174,\"caption\":\"Green24\"},\"image\":{\"@id\":\"https:\/\/www.green24.ro\/#\/schema\/logo\/image\/\"},\"sameAs\":[\"https:\/\/www.facebook.com\/green24ro\/\"]},{\"@type\":\"Person\",\"@id\":\"https:\/\/www.green24.ro\/#\/schema\/person\/607a8c12d4548837cb79d52bb2437572\",\"name\":\"Redactia Green24\",\"image\":{\"@type\":\"ImageObject\",\"inLanguage\":\"en-US\",\"@id\":\"https:\/\/www.green24.ro\/#\/schema\/person\/image\/\",\"url\":\"https:\/\/secure.gravatar.com\/avatar\/c9f4d5614769dc0a9dfdfed961c82ea6?s=96&d=mm&r=g\",\"contentUrl\":\"https:\/\/secure.gravatar.com\/avatar\/c9f4d5614769dc0a9dfdfed961c82ea6?s=96&d=mm&r=g\",\"caption\":\"Redactia Green24\"},\"sameAs\":[\"http:\/\/www.green24.ro\"],\"url\":\"https:\/\/www.green24.ro\/index.php\/author\/green24\/\"}]}<\/script>\n<!-- \/ Yoast SEO plugin. -->","yoast_head_json":{"title":"Programul Rabla pentru Electrocasnice va \u00eencepe pe 17 iunie. Care sunt principalele modific\u0103ri - Green24.ro","description":"Programul Rabla pentru Electrocasnice va \u00eencepe pe 17 iunie. Anun\u021bul a fost f\u0103cut de ministrul mediului, apelor \u0219i p\u0103durilor, Barna T\u00e1nczos, \u00een cadrul unei conferin\u021be de pres\u0103, pe care a sus\u021binut-o al\u0103turi de pre\u0219edintele Administra\u021biei Fondului pentru Mediu, Lauren\u021biu Adrian Neculaescu.","robots":{"index":"index","follow":"follow","max-snippet":"max-snippet:-1","max-image-preview":"max-image-preview:large","max-video-preview":"max-video-preview:-1"},"canonical":"https:\/\/www.green24.ro\/index.php\/2022\/05\/12\/programul-rabla-pentru-electrocasnice-va-incepe-pe-17-iunie-care-sunt-principalele-modificari\/","og_locale":"en_US","og_type":"article","og_title":"Programul Rabla pentru Electrocasnice va \u00eencepe pe 17 iunie. Care sunt principalele modific\u0103ri - Green24.ro","og_description":"Programul Rabla pentru Electrocasnice va \u00eencepe pe 17 iunie. Anun\u021bul a fost f\u0103cut de ministrul mediului, apelor \u0219i p\u0103durilor, Barna T\u00e1nczos, \u00een cadrul unei conferin\u021be de pres\u0103, pe care a sus\u021binut-o al\u0103turi de pre\u0219edintele Administra\u021biei Fondului pentru Mediu, Lauren\u021biu Adrian Neculaescu.","og_url":"https:\/\/www.green24.ro\/index.php\/2022\/05\/12\/programul-rabla-pentru-electrocasnice-va-incepe-pe-17-iunie-care-sunt-principalele-modificari\/","og_site_name":"Green24.ro","article_publisher":"https:\/\/www.facebook.com\/green24ro\/","article_published_time":"2022-05-12T08:48:18+00:00","article_modified_time":"2022-05-12T08:48:19+00:00","og_image":[{"width":1279,"height":854,"url":"https:\/\/www.green24.ro\/wp-content\/uploads\/2022\/05\/pexels-photomix-company-213162-2.jpg","type":"image\/jpeg"}],"author":"Redactia Green24","twitter_card":"summary_large_image","twitter_misc":{"Written by":"Redactia Green24","Est. reading time":"3 minutes"},"schema":{"@context":"https:\/\/schema.org","@graph":[{"@type":"Article","@id":"https:\/\/www.green24.ro\/index.php\/2022\/05\/12\/programul-rabla-pentru-electrocasnice-va-incepe-pe-17-iunie-care-sunt-principalele-modificari\/#article","isPartOf":{"@id":"https:\/\/www.green24.ro\/index.php\/2022\/05\/12\/programul-rabla-pentru-electrocasnice-va-incepe-pe-17-iunie-care-sunt-principalele-modificari\/"},"author":{"name":"Redactia Green24","@id":"https:\/\/www.green24.ro\/#\/schema\/person\/607a8c12d4548837cb79d52bb2437572"},"headline":"Programul Rabla pentru Electrocasnice va \u00eencepe pe 17 iunie. Care sunt principalele modific\u0103ri","datePublished":"2022-05-12T08:48:18+00:00","dateModified":"2022-05-12T08:48:19+00:00","mainEntityOfPage":{"@id":"https:\/\/www.green24.ro\/index.php\/2022\/05\/12\/programul-rabla-pentru-electrocasnice-va-incepe-pe-17-iunie-care-sunt-principalele-modificari\/"},"wordCount":661,"commentCount":0,"publisher":{"@id":"https:\/\/www.green24.ro\/#organization"},"image":{"@id":"https:\/\/www.green24.ro\/index.php\/2022\/05\/12\/programul-rabla-pentru-electrocasnice-va-incepe-pe-17-iunie-care-sunt-principalele-modificari\/#primaryimage"},"thumbnailUrl":"https:\/\/www.green24.ro\/wp-content\/uploads\/2022\/05\/pexels-photomix-company-213162-2.jpg","articleSection":["Blog","Prime"],"inLanguage":"en-US","potentialAction":[{"@type":"CommentAction","name":"Comment","target":["https:\/\/www.green24.ro\/index.php\/2022\/05\/12\/programul-rabla-pentru-electrocasnice-va-incepe-pe-17-iunie-care-sunt-principalele-modificari\/#respond"]}]},{"@type":"WebPage","@id":"https:\/\/www.green24.ro\/index.php\/2022\/05\/12\/programul-rabla-pentru-electrocasnice-va-incepe-pe-17-iunie-care-sunt-principalele-modificari\/","url":"https:\/\/www.green24.ro\/index.php\/2022\/05\/12\/programul-rabla-pentru-electrocasnice-va-incepe-pe-17-iunie-care-sunt-principalele-modificari\/","name":"Programul Rabla pentru Electrocasnice va \u00eencepe pe 17 iunie. Care sunt principalele modific\u0103ri - Green24.ro","isPartOf":{"@id":"https:\/\/www.green24.ro\/#website"},"primaryImageOfPage":{"@id":"https:\/\/www.green24.ro\/index.php\/2022\/05\/12\/programul-rabla-pentru-electrocasnice-va-incepe-pe-17-iunie-care-sunt-principalele-modificari\/#primaryimage"},"image":{"@id":"https:\/\/www.green24.ro\/index.php\/2022\/05\/12\/programul-rabla-pentru-electrocasnice-va-incepe-pe-17-iunie-care-sunt-principalele-modificari\/#primaryimage"},"thumbnailUrl":"https:\/\/www.green24.ro\/wp-content\/uploads\/2022\/05\/pexels-photomix-company-213162-2.jpg","datePublished":"2022-05-12T08:48:18+00:00","dateModified":"2022-05-12T08:48:19+00:00","description":"Programul Rabla pentru Electrocasnice va \u00eencepe pe 17 iunie. Anun\u021bul a fost f\u0103cut de ministrul mediului, apelor \u0219i p\u0103durilor, Barna T\u00e1nczos, \u00een cadrul unei conferin\u021be de pres\u0103, pe care a sus\u021binut-o al\u0103turi de pre\u0219edintele Administra\u021biei Fondului pentru Mediu, Lauren\u021biu Adrian Neculaescu.","breadcrumb":{"@id":"https:\/\/www.green24.ro\/index.php\/2022\/05\/12\/programul-rabla-pentru-electrocasnice-va-incepe-pe-17-iunie-care-sunt-principalele-modificari\/#breadcrumb"},"inLanguage":"en-US","potentialAction":[{"@type":"ReadAction","target":["https:\/\/www.green24.ro\/index.php\/2022\/05\/12\/programul-rabla-pentru-electrocasnice-va-incepe-pe-17-iunie-care-sunt-principalele-modificari\/"]}]},{"@type":"ImageObject","inLanguage":"en-US","@id":"https:\/\/www.green24.ro\/index.php\/2022\/05\/12\/programul-rabla-pentru-electrocasnice-va-incepe-pe-17-iunie-care-sunt-principalele-modificari\/#primaryimage","url":"https:\/\/www.green24.ro\/wp-content\/uploads\/2022\/05\/pexels-photomix-company-213162-2.jpg","contentUrl":"https:\/\/www.green24.ro\/wp-content\/uploads\/2022\/05\/pexels-photomix-company-213162-2.jpg","width":1279,"height":854,"caption":"Programul Rabla pentru Electrocasnice va \u00eencepe pe 17 iunie. Care sunt principalele modific\u0103ri"},{"@type":"BreadcrumbList","@id":"https:\/\/www.green24.ro\/index.php\/2022\/05\/12\/programul-rabla-pentru-electrocasnice-va-incepe-pe-17-iunie-care-sunt-principalele-modificari\/#breadcrumb","itemListElement":[{"@type":"ListItem","position":1,"name":"Home","item":"https:\/\/www.green24.ro\/"},{"@type":"ListItem","position":2,"name":"Programul Rabla pentru Electrocasnice va \u00eencepe pe 17 iunie. Care sunt principalele modific\u0103ri"}]},{"@type":"WebSite","@id":"https:\/\/www.green24.ro\/#website","url":"https:\/\/www.green24.ro\/","name":"Green24.ro","description":"Antreprenoriat verde si responsabilitatea social\u0103","publisher":{"@id":"https:\/\/www.green24.ro\/#organization"},"potentialAction":[{"@type":"SearchAction","target":{"@type":"EntryPoint","urlTemplate":"https:\/\/www.green24.ro\/?s={search_term_string}"},"query-input":{"@type":"PropertyValueSpecification","valueRequired":true,"valueName":"search_term_string"}}],"inLanguage":"en-US"},{"@type":"Organization","@id":"https:\/\/www.green24.ro\/#organization","name":"Green24","url":"https:\/\/www.green24.ro\/","logo":{"@type":"ImageObject","inLanguage":"en-US","@id":"https:\/\/www.green24.ro\/#\/schema\/logo\/image\/","url":"https:\/\/www.green24.ro\/wp-content\/uploads\/2022\/02\/green24-17-e1643806452346.png","contentUrl":"https:\/\/www.green24.ro\/wp-content\/uploads\/2022\/02\/green24-17-e1643806452346.png","width":174,"height":174,"caption":"Green24"},"image":{"@id":"https:\/\/www.green24.ro\/#\/schema\/logo\/image\/"},"sameAs":["https:\/\/www.facebook.com\/green24ro\/"]},{"@type":"Person","@id":"https:\/\/www.green24.ro\/#\/schema\/person\/607a8c12d4548837cb79d52bb2437572","name":"Redactia Green24","image":{"@type":"ImageObject","inLanguage":"en-US","@id":"https:\/\/www.green24.ro\/#\/schema\/person\/image\/","url":"https:\/\/secure.gravatar.com\/avatar\/c9f4d5614769dc0a9dfdfed961c82ea6?s=96&d=mm&r=g","contentUrl":"https:\/\/secure.gravatar.com\/avatar\/c9f4d5614769dc0a9dfdfed961c82ea6?s=96&d=mm&r=g","caption":"Redactia Green24"},"sameAs":["http:\/\/www.green24.ro"],"url":"https:\/\/www.green24.ro\/index.php\/author\/green24\/"}]}},"jetpack_publicize_connections":[],"jetpack_featured_media_url":"https:\/\/www.green24.ro\/wp-content\/uploads\/2022\/05\/pexels-photomix-company-213162-2.jpg","jetpack_sharing_enabled":true,"_links":{"self":[{"href":"https:\/\/www.green24.ro\/index.php\/wp-json\/wp\/v2\/posts\/985","targetHints":{"allow":["GET"]}}],"collection":[{"href":"https:\/\/www.green24.ro\/index.php\/wp-json\/wp\/v2\/posts"}],"about":[{"href":"https:\/\/www.green24.ro\/index.php\/wp-json\/wp\/v2\/types\/post"}],"author":[{"embeddable":true,"href":"https:\/\/www.green24.ro\/index.php\/wp-json\/wp\/v2\/users\/3"}],"replies":[{"embeddable":true,"href":"https:\/\/www.green24.ro\/index.php\/wp-json\/wp\/v2\/comments?post=985"}],"version-history":[{"count":1,"href":"https:\/\/www.green24.ro\/index.php\/wp-json\/wp\/v2\/posts\/985\/revisions"}],"predecessor-version":[{"id":987,"href":"https:\/\/www.green24.ro\/index.php\/wp-json\/wp\/v2\/posts\/985\/revisions\/987"}],"wp:featuredmedia":[{"embeddable":true,"href":"https:\/\/www.green24.ro\/index.php\/wp-json\/wp\/v2\/media\/986"}],"wp:attachment":[{"href":"https:\/\/www.green24.ro\/index.php\/wp-json\/wp\/v2\/media?parent=985"}],"wp:term":[{"taxonomy":"category","embeddable":true,"href":"https:\/\/www.green24.ro\/index.php\/wp-json\/wp\/v2\/categories?post=985"},{"taxonomy":"post_tag","embeddable":true,"href":"https:\/\/www.green24.ro\/index.php\/wp-json\/wp\/v2\/tags?post=985"}],"curies":[{"name":"wp","href":"https:\/\/api.w.org\/{rel}","templated":true}]}}