{"id":982,"date":"2022-05-09T14:16:50","date_gmt":"2022-05-09T12:16:50","guid":{"rendered":"https:\/\/www.green24.ro\/?p=982"},"modified":"2022-05-23T13:15:39","modified_gmt":"2022-05-23T11:15:39","slug":"doar-de-la-inceputul-anului-bucurestiul-a-pierdut-cateva-hectare-de-spatiu-verde","status":"publish","type":"post","link":"https:\/\/www.green24.ro\/index.php\/2022\/05\/09\/doar-de-la-inceputul-anului-bucurestiul-a-pierdut-cateva-hectare-de-spatiu-verde\/","title":{"rendered":"Doar de la \u00eenceputul anului Bucure\u0219tiul a pierdut c\u00e2teva hectare de spa\u021biu verde"},"content":{"rendered":"<p style=\"text-align: justify;\"><strong>De la \u00eenceputul anului Bucure\u0219tiul a pierdut c\u00e2teva hectare de spa\u021biu verde, asta doar cazurile despre care \u0219tim \u0219i am scris. Este vorba despre o bucat\u0103 din Parcul Groz\u0103ve\u0219ti, Parcul Prisaca Dornei \u0219i o bucat\u0103 de spa\u021biu verde de pe strada Fabrica de Glucoz\u0103.<\/strong><\/p>\n<p style=\"text-align: justify;\">Defri\u0219\u0103rile au avut loc f\u0103r\u0103 aviz, iar f\u0103ptuitorii au fost amenda\u021bi cu 100 de lei de copac t\u0103iat, dar dac\u0103 pl\u0103tesc \u00een termen de 15 zile, ajung la 25 lei\/copac. Ace\u0219tia vor s\u0103 dezvolte acolo proiecte imobiliare de sute de mii de euro, chiar milioane de euro.<\/p>\n<p style=\"text-align: justify;\">Amenda este ridicol\u0103, motiv pentru care aceast\u0103 practic\u0103 a fost frecvent \u00eent\u00e2lnit\u0103 \u0219i probabil va mai fi folosit\u0103 dac\u0103 lucrurile nu se schimb\u0103. Dac\u0103 pentru investitori este avantajos, pierderile pentru ora\u0219 sunt imense. Indiferent c\u0103 sunt pe domeniul public sau privat, copacii \u00ee\u0219i fac treaba \u0219i reduc poluarea, iar aceste pierderi mari de vegeta\u021bie nu fac dec\u00e2t s\u0103 \u00eenr\u0103ut\u0103\u021beasc\u0103 situa\u021bia \u00een care ne afl\u0103m, aer din ce \u00een ce mai poluat (avem infringement pe poluare), tot mai mul\u021bi oameni bolnavi, copii cu astm \u0219i tot felul de alergii.<\/p>\n<p>Amenda de 100 de lei este stabilit\u0103 de o Hot\u0103r\u00e2re de Consiliu General din 2009. Este vorba despre HCGMB 304\/2009 privind normele de protec\u0163ie a spa\u0163iilor verzi pe teritoriul Municipiului Bucure\u015fti, care prevede pentru t\u0103ierea arborilor f\u0103r\u0103 aviz amenzi \u00eentre:<\/p>\n<p>50 de lei \u0219i 100 lei pentru persoane fizice;<br \/>1000 la 5000 de lei pentru persoanele juridice;<br \/>\u00cen cazul arborilor proteja\u021bi, amenzile sunt \u00eentre 300 \u0219i 1.000 lei pentru persoane fizice \u0219i 2.500 \u0219i 5.000 lei pentru persoanele juridice.<\/p>\n<p style=\"text-align: justify;\">Legea 24\/2007 privind reglementarea \u0219i administrarea spa\u021biilor verzi din intravilanul localit\u0103\u021bilor, actualizat\u0103, prevede amenzi mult mai mari, dar aceasta se refer\u0103 la spa\u021biile verzi din domeniul public, spune Poli\u021bia local\u0103.<\/p>\n<p style=\"text-align: justify;\">De exemplu, pentru t\u0103ieri neautorizate sau v\u0103t\u0103m\u0103ri ale arborilor \u0219i arbu\u0219tilor, amenda prev\u0103zut\u0103 este de la 200 lei la 1.000 lei pentru persoanele fizice \u0219i de la 1.000 lei la 5.000 lei pentru persoanele juridice.<\/p>\n<p style=\"text-align: justify;\">Pentru diminuarea suprafe\u021bei spa\u021biilor verzi, amenzile sunt de la 10.000 lei la 20.000 lei, pentru fiecare metru p\u0103trat de spa\u021biu verde afectat.<\/p>\n<p style=\"text-align: justify;\">O alt\u0103 problem\u0103 este c\u0103 p\u00e2n\u0103 \u0219i amenzile date prin Hot\u0103r\u00e2rea Consiliului General din 2009, care sunt ridicol de mici, nu sunt pl\u0103tite integral, deoarece Legea nr. 203\/2018 privind m\u0103suri de eficientizare a achit\u0103rii amenzilor contraven\u021bional prevede c\u0103 \u00een termen de 15 zile se poate pl\u0103ti jum\u0103tate din minimul amenzii. Astfel c\u0103 se ajunge la jum\u0103tate din 50 de lei, ceea ce \u00eenseamn\u0103 25 lei\/arbore t\u0103iat.<\/p>\n<p style=\"text-align: justify;\">Dan Trifu, pre\u0219edintele Asocia\u021biei Ecocivica, spune c\u0103 p\u00e2n\u0103 acum trei ani t\u0103ierea arborilor f\u0103r\u0103 aviz era \u00eencadrat\u0103 \u0219i ca infrac\u021biune, dar prevederea a fost scoas\u0103.<\/p>\n<p style=\"padding-left: 40px; text-align: justify;\"><em>\u201dP\u00e2n\u0103 \u00een urm\u0103 cu 3 ani, vegeta\u021bia din spa\u021biile verzi urbane era prev\u0103zut\u0103 \u00een Codul Silvic ca vegeta\u021bie din afara fondului forestier, dar care se supunea prevederilor Codului Silvic \u00een ceea ce prive\u0219te sanc\u021biunile. Ca atare, dac\u0103 la momentul respectiv, dac\u0103 se t\u0103ia mai mult de 3mc, fapta era penal\u0103 \u0219i puteai s\u0103 prime\u0219ti amend\u0103 penal\u0103 sau condamnare cu \u00eenchisoarea.<\/em><\/p>\n<p style=\"padding-left: 40px; text-align: justify;\"><em>Dar articolul respectiv a fost scos \u0219i r\u0103m\u00e2ne numai o contraven\u021bie \u00een baza hot\u0103r\u00e2rii Consiliului General al Municipiului Bucure\u0219ti \u0219i unele sanc\u021biuni.<\/em><\/p>\n<p style=\"padding-left: 40px; text-align: justify;\"><em>De aceea \u00een ultima perioad\u0103 avem o avalan\u0219\u0103 de t\u0103ieri ilegale, pentru c\u0103 ace\u0219ti de\u021bin\u0103tori de terenuri cu vegeta\u021bie numeroas\u0103, care doresc s\u0103 construiasc\u0103 ceva pe teren, \u0219tiu c\u0103 nu mai este infrac\u021biune \u0219i atunci taie \u0219i primesc o amend\u0103 destul de mic\u0103\u201d<\/em>, a explicat Dan Trifu.<\/p>\n<p style=\"text-align: justify;\">Acesta spune c\u0103 fenomenul poate fi stopat prin cre\u0219terea amenzilor \u0219i stipularea \u00een lege ca fapta s\u0103 fie infrac\u021biune. \u201dAltfel se defri\u0219eaz\u0103 tot\u201d, spune Dan Trifu.<\/p>\n<p style=\"text-align: justify;\">Am vorbit \u0219i cu fostul senator USR, Mihai Go\u021biu, de ce a fost scoas\u0103 aceast\u0103 prevedere din Codul Silvic. Acesta a confimat faptul c\u0103 \u00een 2020 Codul Silvic a fost modificat \u00een acest sens, modificarea fiind f\u0103cut\u0103 la vremea respectiv\u0103 pentru c\u0103 se trezeau cu dosare penale cei care \u00ee\u0219i cur\u0103\u021bau paji\u0219tile \u00eemp\u0103durite sau livezile.<\/p>\n<p style=\"text-align: justify;\">P\u00e2n\u0103 atunci, art. 107, din Codul Silvic, alin. (1) prevedea c\u0103 \u201dT\u0103ierea, ruperea, distrugerea, degradarea ori scoaterea din r\u0103d\u0103cini, f\u0103r\u0103 drept, de arbori, puie\u0163i sau l\u0103stari din fondul forestier na\u0163ional \u015fi din vegeta\u0163ia forestier\u0103 din afara acestuia, indiferent de forma de proprietate, constituie infrac\u0163iune silvic\u0103&#8230; La modific\u0103rile din 2020 s-a scos partea cu \u201ddin vegeta\u021bia forestier\u0103 din afara acestuia\u201d.<\/p>\n<p style=\"padding-left: 40px; text-align: justify;\"><em>\u201d\u00cen forma ini\u021bial\u0103 a propunerii legislative (la care am fost \u0219i eu co-ini\u021biator) nu a era prev\u0103zut\u0103 modificarea asta. A fost, \u00eens\u0103, un amendament propus \u00een discu\u021biile din Comisii, nu mai \u021bin minte cine l-a propus, \u021bin minte, \u00eens\u0103, c\u0103 argumentul modific\u0103rii era c\u0103 se trezeau cu dosare penale cei care \u00ee\u0219i cur\u0103\u021b\u0103 paji\u0219tile \u00eemp\u0103durite sau livezile, pentru c\u0103, \u00eentr-adev\u0103r, sunt multe paji\u0219ti \u00eemp\u0103durite, unde se apuc\u0103 proprietarii, la un moment dat, s\u0103 le cure\u021be.<\/em><\/p>\n<p style=\"padding-left: 40px; text-align: justify;\"><em>Argumentul f\u0103cea sens, de-asta nici nu am f\u0103cut o miz\u0103 din respingerea modific\u0103rii propuse. Nu \u0219tiu dac\u0103 cei care au propus \u0219i sus\u021binut modificarea aveau \u00een minte eludarea dosarelor penale pentru t\u0103ierile din parcuri \u0219i nu cred c\u0103 s-au g\u00e2ndit c\u0103 porti\u021ba asta va fi folosit\u0103 de ni\u0219te mafio\u021bi \u00een modul \u0103sta. Mai degrab\u0103 avocatul unui imobiliar a g\u0103sit \u201dporti\u021ba\u201d asta, ulterior modific\u0103rii\u201d<\/em>, ne-a explicat Mihai Go\u021biu.<\/p>\n<p style=\"text-align: justify;\">Fostul senator spune c\u0103 solu\u021bia ar fi adoptarea Legii spa\u021biilor verzi, care e blocat\u0103 de anul trecut la Camera Deputa\u021bilor.<\/p>\n<p style=\"padding-left: 40px; text-align: justify;\"><em>\u201dLa Art. 16, \u00een forma adoptat\u0103 de Senat, alin. (1) \u0219i alin. (2), lit. l), se arat\u0103 c\u0103: \u201ddistrugerea prin t\u0103ieri necorespunz\u0103toare \u0219i\/sau ilegale, vandalizarea vegeta\u021biei\u201d atrage r\u0103spunderea civil\u0103, contraven\u021bional\u0103 \u0219i penal\u0103, dup\u0103 caz. Pentru a nu mai exista dubii de interpretare, s-ar mai putea ad\u0103uga un articol, \u00een forma de la Camer\u0103, \u00een care unele dintre faptele prev\u0103zute la alin. (2), cum ar fi lit. c), d), h), i), k) \u0219i l) s\u0103 fie prev\u0103zute expres ca fapte penale \u0219i pedepsele.<\/em><\/p>\n<p style=\"padding-left: 40px; text-align: justify;\"><em>Asta ar fi cea mai rapid\u0103 form\u0103 de rezolvare a problemei, \u00eentr-o s\u0103pt\u0103m\u00e2n\u0103, maxim dou\u0103, cu tot cu publicare \u00een Monitorul Oficial. O lege nou\u0103 ar putea dura de la c\u00e2teva luni la c\u00e2\u021biva&#8230; ani. Problema e c\u0103 \u0219i forma actual\u0103 a Legii spa\u021biilor verzi e blocat\u0103 de \u201dprietenii\u201d imobiliarilor din Parlament, de-asta st\u0103 de at\u00e2ta timp blocat\u0103\u201d<\/em>, a explicat Mihai Go\u021biu.<\/p>\n<p style=\"text-align: justify;\">Am vorbit cu Ana Maria Ciceal\u0103, consilier general USR, despre amenzile ridicole prev\u0103zute \u00een hot\u0103r\u00e2rea Consiliului General. Aceasta spune c\u0103 va ini\u021bia un proiect de hot\u0103r\u00e2re prin care s\u0103 fie majorate.<\/p>\n<p style=\"text-align: justify;\">\u201dSunt amenzi derizorii, voi investiga de ce sunt at\u00e2t de mici la nivelul Municipiului Bucure\u0219ti. \u00cen calitate de consilier general pot s\u0103 ini\u021biez proiecte, inclusiv pe cuantumul amenzilor, respect\u00e2nd limita impus\u0103 de lege.<\/p>\n<p style=\"text-align: justify;\">Limita minim\u0103 a amenzii contraven\u0163ionale este de 25 lei, iar limita maxim\u0103 nu poate dep\u0103\u0219i 5.000 lei, \u00een cazul contraven\u0163iilor stabilite prin hot\u0103r\u00e2ri ale consiliilor jude\u0163ene ori ale Consiliului General al Municipiului Bucure\u015fti. Voi ini\u021bia un proiect de hot\u0103r\u00e2re prin care voi propune majorarea la maxim a amenzilor. Cu siguran\u021b\u0103 aceste amenzi mici \u00eencurajeaz\u0103 defri\u0219\u0103ri de arbori \u00een Bucure\u0219ti, de c\u0103tre investitori, de c\u0103tre priva\u021bi, care \u00ee\u0219i doresc s\u0103 construiasc\u0103 c\u00e2t mai mult\u201d, a declarat Ana Maria Ciceal\u0103 pentru HotNews.ro.<\/p>\n<p style=\"text-align: justify;\">Potrivit Ordonan\u021bei nr. 2 din 12 iulie 2001 privind regimul juridic al contraven\u021biilor stabile\u0219te c\u0103 amenda contraven\u021bional\u0103 nu poate dep\u0103\u0219i 5.000 lei, \u00een cazul contraven\u021biilor stabilite prin hot\u0103r\u00e2ri ale consiliilor jude\u021bene ori ale Consiliului General al Municipiului Bucure\u0219ti.<\/p>\n<p style=\"padding-left: 40px; text-align: justify;\"><strong>Defri\u0219\u0103ri Parcul Prisaca Dornei<\/strong><\/p>\n<p style=\"padding-left: 40px; text-align: justify;\">La \u00eenceputul lunii aprilie, 24 de copaci din Parcul Codrii Neam\u021bului din Sectorul 3 al Capitalei au fost pu\u0219i la p\u0103m\u00e2nt. Acesta are \u00een total 2.976 mp \u00een acte \u0219i au r\u0103mas doar c\u00e2\u021biva copaci pe margine. Potrivit informa\u021biilor transmise de Prim\u0103ria Capitalei la solicitarea HotNews.ro, copacii au fost t\u0103ia\u021bi f\u0103r\u0103 aviz, deci ilegal, iar proprietarii au fost amenda\u021bi cu c\u00e2te 100 de lei\/copac t\u0103iat. Proprietarii vor s\u0103 construiasc\u0103 pe spa\u021biul verde un supermarket.<\/p>\n<p style=\"padding-left: 40px; text-align: justify;\"><strong>Defri\u0219\u0103ri Parcul Groz\u0103ve\u0219ti<\/strong><\/p>\n<p style=\"padding-left: 40px; text-align: justify;\">La finalul lunii martie, 49 de copaci din Parcul Groz\u0103ve\u0219ti din Bucure\u0219ti au fost pu\u0219i la p\u00e2m\u00e2nt, de pe un teren de circa 3,5 hectare. Potrivit unui r\u0103spuns transmis de Prim\u0103ria Capitalei la solicitarea HotNews.ro, arborii au fost t\u0103ia\u021bi f\u0103r\u0103 aviz, iar proprietarul a fost amendat cu 4.900 lei. La \u00eenceputul lunii aprilie, pe teren nu mai era niciun arbore sau arbust.<\/p>\n<p style=\"text-align: justify; padding-left: 40px;\">Parcul a fost pus \u00een posesie, iar proprietarii de pe bucata defri\u0219at\u0103 doresc s\u0103 construiasc\u0103 acolo blocuri de p\u00e2n\u0103 la 23 de etaje, potrivit unui certificat de urbanism cerut \u00een aprilie 2020.<\/p>\n<p style=\"padding-left: 40px;\"><strong>Defri\u0219are Fabrica de Glucoz\u0103<\/strong><\/p>\n<p style=\"padding-left: 40px; text-align: justify;\">Terenul de pe strada Fabrica de Glucoz\u0103 6D are o suprafa\u021b\u0103 de dou\u0103 hectare.<\/p>\n<p style=\"padding-left: 40px; text-align: justify;\">\u00cen luna februarie, au fost identifica\u0163i 157 de arbori defri\u015fa\u0163i f\u0103r\u0103 aviz de specialitate. Executantul lucr\u0103rilor, persoan\u0103 fizic\u0103, a fost sanc\u0163ionat de Poli\u021bia Local\u0103 a municipiului Bucure\u0219ti cu amend\u0103 contraven\u0163ional\u0103 \u00een valoare de 2850 lei, doar pentru 57 de arbori. Pentru restul de 100 de arbori acesta a fost sanc\u0163ionat contraven\u0163ional de poli\u0163i\u015ftii locali din cadrul Poli\u0163iei Locale Sector 2.<\/p>\n<p style=\"text-align: justify;\">\u201dMen\u0163ion\u0103m c\u0103, potrivit O.G. 2 \/2001 privind regimul juridic al contraven\u0163iilor, pentru una \u015fi aceea\u015fi fapt\u0103 se poate aplica numai o singur\u0103 sanc\u0163iune contraven\u0163ional\u0103 principal\u0103 \u015fi una sau mai multe sanc\u0163iuni complementare. \u00cen luna aprilie, poli\u0163i\u015ftii locali ai D.G.P.L.C.M.B. l-au mai sanc\u0163ionat pe executantul lucr\u0103rilor \u2013 persoan\u0103 fizic\u0103 &#8211; cu amend\u0103 \u00een valoare de 400 de lei pentru t\u0103ierea ilegal\u0103 a altor 4 arbori. P\u00e2n\u0103 \u00een prezent, pe terenul men\u0163ionat nu au mai fost constatate alte defri\u015f\u0103ri\u201d, se arat\u0103 \u00een r\u0103spunsul transmis de Prim\u0103ria Capitalei la solicitarea HotNews.ro.<\/p>\n<p style=\"text-align: justify;\">\u00cen ultimii ani, toat\u0103 bucata de pe partea dreapt\u0103 a str\u0103zii Fabrica de Glucoz\u0103, unde a fost o pepinier\u0103, a fost defri\u0219at\u0103 \u0219i s-a construit sau se construie\u0219te.<\/p>\n<p>surse: <a href=\"https:\/\/www.hotnews.ro\/stiri-administratie_locala-25537804-dezbatere-publica-inceputul-anului-bucurestiul-pierdut-cateva-hectare-spatiu-verde-este-suficienta-amenda-100-lei-copac-taiat-ilegal.htm\">hotnews<\/a>, <a href=\"https:\/\/www.hotnews.ro\/stiri-administratie_locala-25537804-dezbatere-publica-inceputul-anului-bucurestiul-pierdut-cateva-hectare-spatiu-verde-este-suficienta-amenda-100-lei-copac-taiat-ilegal.htm\">foto<\/a><\/p>\n<p>\u00a0<\/p>\n\n\n\n","protected":false},"excerpt":{"rendered":"<p>De la \u00eenceputul anului Bucure\u0219tiul a pierdut c\u00e2teva hectare de spa\u021biu verde, asta doar cazurile despre care \u0219tim \u0219i am scris. Este vorba despre o bucat\u0103 din Parcul Groz\u0103ve\u0219ti, Parcul Prisaca Dornei \u0219i o bucat\u0103 de spa\u021biu verde de pe strada Fabrica de Glucoz\u0103. Defri\u0219\u0103rile au avut loc f\u0103r\u0103 aviz, [&hellip;]<\/p>\n","protected":false},"author":1,"featured_media":983,"comment_status":"open","ping_status":"open","sticky":false,"template":"","format":"standard","meta":{"content-type":"","footnotes":"","jetpack_publicize_message":"","jetpack_publicize_feature_enabled":true,"jetpack_social_post_already_shared":false,"jetpack_social_options":{"image_generator_settings":{"template":"highway","default_image_id":0,"font":"","enabled":false},"version":2}},"categories":[5,6],"tags":[],"class_list":["post-982","post","type-post","status-publish","format-standard","has-post-thumbnail","hentry","category-blog","category-prime"],"yoast_head":"<!-- This site is optimized with the Yoast SEO plugin v24.9 - https:\/\/yoast.com\/wordpress\/plugins\/seo\/ -->\n<title>Doar de la \u00eenceputul anului Bucure\u0219tiul a pierdut c\u00e2teva hectare de spa\u021biu verde - Green24.ro<\/title>\n<meta name=\"description\" content=\"De la \u00eenceputul anului Bucure\u0219tiul a pierdut c\u00e2teva hectare de spa\u021biu verde. Este vorba despre o bucat\u0103 din Parcul Groz\u0103ve\u0219ti, Parcul Prisaca Dornei \u0219i o bucat\u0103 de spa\u021biu verde de pe strada Fabrica de Glucoz\u0103.\" \/>\n<meta name=\"robots\" content=\"index, follow, max-snippet:-1, max-image-preview:large, max-video-preview:-1\" \/>\n<link rel=\"canonical\" href=\"https:\/\/www.green24.ro\/index.php\/2022\/05\/09\/doar-de-la-inceputul-anului-bucurestiul-a-pierdut-cateva-hectare-de-spatiu-verde\/\" \/>\n<meta property=\"og:locale\" content=\"en_US\" \/>\n<meta property=\"og:type\" content=\"article\" \/>\n<meta property=\"og:title\" content=\"Doar de la \u00eenceputul anului Bucure\u0219tiul a pierdut c\u00e2teva hectare de spa\u021biu verde - Green24.ro\" \/>\n<meta property=\"og:description\" content=\"De la \u00eenceputul anului Bucure\u0219tiul a pierdut c\u00e2teva hectare de spa\u021biu verde. Este vorba despre o bucat\u0103 din Parcul Groz\u0103ve\u0219ti, Parcul Prisaca Dornei \u0219i o bucat\u0103 de spa\u021biu verde de pe strada Fabrica de Glucoz\u0103.\" \/>\n<meta property=\"og:url\" content=\"https:\/\/www.green24.ro\/index.php\/2022\/05\/09\/doar-de-la-inceputul-anului-bucurestiul-a-pierdut-cateva-hectare-de-spatiu-verde\/\" \/>\n<meta property=\"og:site_name\" content=\"Green24.ro\" \/>\n<meta property=\"article:publisher\" content=\"https:\/\/www.facebook.com\/green24ro\/\" \/>\n<meta property=\"article:author\" content=\"https:\/\/www.facebook.com\/green24ro\/\" \/>\n<meta property=\"article:published_time\" content=\"2022-05-09T12:16:50+00:00\" \/>\n<meta property=\"article:modified_time\" content=\"2022-05-23T11:15:39+00:00\" \/>\n<meta property=\"og:image\" content=\"https:\/\/www.green24.ro\/wp-content\/uploads\/2022\/05\/image-2020-10-3-24327165-41-defrisare-penisnula-floreasca.jpg\" \/>\n\t<meta property=\"og:image:width\" content=\"800\" \/>\n\t<meta property=\"og:image:height\" content=\"600\" \/>\n\t<meta property=\"og:image:type\" content=\"image\/jpeg\" \/>\n<meta name=\"author\" content=\"Redactia Green24\" \/>\n<meta name=\"twitter:card\" content=\"summary_large_image\" \/>\n<meta name=\"twitter:label1\" content=\"Written by\" \/>\n\t<meta name=\"twitter:data1\" content=\"Redactia Green24\" \/>\n\t<meta name=\"twitter:label2\" content=\"Est. reading time\" \/>\n\t<meta name=\"twitter:data2\" content=\"7 minutes\" \/>\n<script type=\"application\/ld+json\" class=\"yoast-schema-graph\">{\"@context\":\"https:\/\/schema.org\",\"@graph\":[{\"@type\":\"Article\",\"@id\":\"https:\/\/www.green24.ro\/index.php\/2022\/05\/09\/doar-de-la-inceputul-anului-bucurestiul-a-pierdut-cateva-hectare-de-spatiu-verde\/#article\",\"isPartOf\":{\"@id\":\"https:\/\/www.green24.ro\/index.php\/2022\/05\/09\/doar-de-la-inceputul-anului-bucurestiul-a-pierdut-cateva-hectare-de-spatiu-verde\/\"},\"author\":{\"name\":\"Redactia Green24\",\"@id\":\"https:\/\/www.green24.ro\/#\/schema\/person\/275c7d10a2dd4fb528a2c0ad5d633496\"},\"headline\":\"Doar de la \u00eenceputul anului Bucure\u0219tiul a pierdut c\u00e2teva hectare de spa\u021biu verde\",\"datePublished\":\"2022-05-09T12:16:50+00:00\",\"dateModified\":\"2022-05-23T11:15:39+00:00\",\"mainEntityOfPage\":{\"@id\":\"https:\/\/www.green24.ro\/index.php\/2022\/05\/09\/doar-de-la-inceputul-anului-bucurestiul-a-pierdut-cateva-hectare-de-spatiu-verde\/\"},\"wordCount\":1784,\"commentCount\":0,\"publisher\":{\"@id\":\"https:\/\/www.green24.ro\/#organization\"},\"image\":{\"@id\":\"https:\/\/www.green24.ro\/index.php\/2022\/05\/09\/doar-de-la-inceputul-anului-bucurestiul-a-pierdut-cateva-hectare-de-spatiu-verde\/#primaryimage\"},\"thumbnailUrl\":\"https:\/\/www.green24.ro\/wp-content\/uploads\/2022\/05\/image-2020-10-3-24327165-41-defrisare-penisnula-floreasca.jpg\",\"articleSection\":[\"Blog\",\"Prime\"],\"inLanguage\":\"en-US\",\"potentialAction\":[{\"@type\":\"CommentAction\",\"name\":\"Comment\",\"target\":[\"https:\/\/www.green24.ro\/index.php\/2022\/05\/09\/doar-de-la-inceputul-anului-bucurestiul-a-pierdut-cateva-hectare-de-spatiu-verde\/#respond\"]}]},{\"@type\":\"WebPage\",\"@id\":\"https:\/\/www.green24.ro\/index.php\/2022\/05\/09\/doar-de-la-inceputul-anului-bucurestiul-a-pierdut-cateva-hectare-de-spatiu-verde\/\",\"url\":\"https:\/\/www.green24.ro\/index.php\/2022\/05\/09\/doar-de-la-inceputul-anului-bucurestiul-a-pierdut-cateva-hectare-de-spatiu-verde\/\",\"name\":\"Doar de la \u00eenceputul anului Bucure\u0219tiul a pierdut c\u00e2teva hectare de spa\u021biu verde - Green24.ro\",\"isPartOf\":{\"@id\":\"https:\/\/www.green24.ro\/#website\"},\"primaryImageOfPage\":{\"@id\":\"https:\/\/www.green24.ro\/index.php\/2022\/05\/09\/doar-de-la-inceputul-anului-bucurestiul-a-pierdut-cateva-hectare-de-spatiu-verde\/#primaryimage\"},\"image\":{\"@id\":\"https:\/\/www.green24.ro\/index.php\/2022\/05\/09\/doar-de-la-inceputul-anului-bucurestiul-a-pierdut-cateva-hectare-de-spatiu-verde\/#primaryimage\"},\"thumbnailUrl\":\"https:\/\/www.green24.ro\/wp-content\/uploads\/2022\/05\/image-2020-10-3-24327165-41-defrisare-penisnula-floreasca.jpg\",\"datePublished\":\"2022-05-09T12:16:50+00:00\",\"dateModified\":\"2022-05-23T11:15:39+00:00\",\"description\":\"De la \u00eenceputul anului Bucure\u0219tiul a pierdut c\u00e2teva hectare de spa\u021biu verde. Este vorba despre o bucat\u0103 din Parcul Groz\u0103ve\u0219ti, Parcul Prisaca Dornei \u0219i o bucat\u0103 de spa\u021biu verde de pe strada Fabrica de Glucoz\u0103.\",\"breadcrumb\":{\"@id\":\"https:\/\/www.green24.ro\/index.php\/2022\/05\/09\/doar-de-la-inceputul-anului-bucurestiul-a-pierdut-cateva-hectare-de-spatiu-verde\/#breadcrumb\"},\"inLanguage\":\"en-US\",\"potentialAction\":[{\"@type\":\"ReadAction\",\"target\":[\"https:\/\/www.green24.ro\/index.php\/2022\/05\/09\/doar-de-la-inceputul-anului-bucurestiul-a-pierdut-cateva-hectare-de-spatiu-verde\/\"]}]},{\"@type\":\"ImageObject\",\"inLanguage\":\"en-US\",\"@id\":\"https:\/\/www.green24.ro\/index.php\/2022\/05\/09\/doar-de-la-inceputul-anului-bucurestiul-a-pierdut-cateva-hectare-de-spatiu-verde\/#primaryimage\",\"url\":\"https:\/\/www.green24.ro\/wp-content\/uploads\/2022\/05\/image-2020-10-3-24327165-41-defrisare-penisnula-floreasca.jpg\",\"contentUrl\":\"https:\/\/www.green24.ro\/wp-content\/uploads\/2022\/05\/image-2020-10-3-24327165-41-defrisare-penisnula-floreasca.jpg\",\"width\":800,\"height\":600,\"caption\":\"Doar de la \u00eenceputul anului Bucure\u0219tiul a pierdut c\u00e2teva hectare de spa\u021biu verde\"},{\"@type\":\"BreadcrumbList\",\"@id\":\"https:\/\/www.green24.ro\/index.php\/2022\/05\/09\/doar-de-la-inceputul-anului-bucurestiul-a-pierdut-cateva-hectare-de-spatiu-verde\/#breadcrumb\",\"itemListElement\":[{\"@type\":\"ListItem\",\"position\":1,\"name\":\"Home\",\"item\":\"https:\/\/www.green24.ro\/\"},{\"@type\":\"ListItem\",\"position\":2,\"name\":\"Doar de la \u00eenceputul anului Bucure\u0219tiul a pierdut c\u00e2teva hectare de spa\u021biu verde\"}]},{\"@type\":\"WebSite\",\"@id\":\"https:\/\/www.green24.ro\/#website\",\"url\":\"https:\/\/www.green24.ro\/\",\"name\":\"Green24.ro\",\"description\":\"Antreprenoriat verde si responsabilitatea social\u0103\",\"publisher\":{\"@id\":\"https:\/\/www.green24.ro\/#organization\"},\"potentialAction\":[{\"@type\":\"SearchAction\",\"target\":{\"@type\":\"EntryPoint\",\"urlTemplate\":\"https:\/\/www.green24.ro\/?s={search_term_string}\"},\"query-input\":{\"@type\":\"PropertyValueSpecification\",\"valueRequired\":true,\"valueName\":\"search_term_string\"}}],\"inLanguage\":\"en-US\"},{\"@type\":\"Organization\",\"@id\":\"https:\/\/www.green24.ro\/#organization\",\"name\":\"Green24\",\"url\":\"https:\/\/www.green24.ro\/\",\"logo\":{\"@type\":\"ImageObject\",\"inLanguage\":\"en-US\",\"@id\":\"https:\/\/www.green24.ro\/#\/schema\/logo\/image\/\",\"url\":\"https:\/\/www.green24.ro\/wp-content\/uploads\/2022\/02\/green24-17-e1643806452346.png\",\"contentUrl\":\"https:\/\/www.green24.ro\/wp-content\/uploads\/2022\/02\/green24-17-e1643806452346.png\",\"width\":174,\"height\":174,\"caption\":\"Green24\"},\"image\":{\"@id\":\"https:\/\/www.green24.ro\/#\/schema\/logo\/image\/\"},\"sameAs\":[\"https:\/\/www.facebook.com\/green24ro\/\"]},{\"@type\":\"Person\",\"@id\":\"https:\/\/www.green24.ro\/#\/schema\/person\/275c7d10a2dd4fb528a2c0ad5d633496\",\"name\":\"Redactia Green24\",\"image\":{\"@type\":\"ImageObject\",\"inLanguage\":\"en-US\",\"@id\":\"https:\/\/www.green24.ro\/#\/schema\/person\/image\/\",\"url\":\"https:\/\/secure.gravatar.com\/avatar\/ff0d3a759f98829f7ca35637ba02cb3c?s=96&d=mm&r=g\",\"contentUrl\":\"https:\/\/secure.gravatar.com\/avatar\/ff0d3a759f98829f7ca35637ba02cb3c?s=96&d=mm&r=g\",\"caption\":\"Redactia Green24\"},\"description\":\"Green24.ro este sursa zilnic\u0103 de \u0219tiri, online, pentru cei interesa\u021bi de mediul \u00eenconjur\u0103tor.\",\"sameAs\":[\"https:\/\/green24.ro\",\"https:\/\/www.facebook.com\/green24ro\/\"],\"url\":\"https:\/\/www.green24.ro\/index.php\/author\/admin\/\"}]}<\/script>\n<!-- \/ Yoast SEO plugin. -->","yoast_head_json":{"title":"Doar de la \u00eenceputul anului Bucure\u0219tiul a pierdut c\u00e2teva hectare de spa\u021biu verde - Green24.ro","description":"De la \u00eenceputul anului Bucure\u0219tiul a pierdut c\u00e2teva hectare de spa\u021biu verde. Este vorba despre o bucat\u0103 din Parcul Groz\u0103ve\u0219ti, Parcul Prisaca Dornei \u0219i o bucat\u0103 de spa\u021biu verde de pe strada Fabrica de Glucoz\u0103.","robots":{"index":"index","follow":"follow","max-snippet":"max-snippet:-1","max-image-preview":"max-image-preview:large","max-video-preview":"max-video-preview:-1"},"canonical":"https:\/\/www.green24.ro\/index.php\/2022\/05\/09\/doar-de-la-inceputul-anului-bucurestiul-a-pierdut-cateva-hectare-de-spatiu-verde\/","og_locale":"en_US","og_type":"article","og_title":"Doar de la \u00eenceputul anului Bucure\u0219tiul a pierdut c\u00e2teva hectare de spa\u021biu verde - Green24.ro","og_description":"De la \u00eenceputul anului Bucure\u0219tiul a pierdut c\u00e2teva hectare de spa\u021biu verde. Este vorba despre o bucat\u0103 din Parcul Groz\u0103ve\u0219ti, Parcul Prisaca Dornei \u0219i o bucat\u0103 de spa\u021biu verde de pe strada Fabrica de Glucoz\u0103.","og_url":"https:\/\/www.green24.ro\/index.php\/2022\/05\/09\/doar-de-la-inceputul-anului-bucurestiul-a-pierdut-cateva-hectare-de-spatiu-verde\/","og_site_name":"Green24.ro","article_publisher":"https:\/\/www.facebook.com\/green24ro\/","article_author":"https:\/\/www.facebook.com\/green24ro\/","article_published_time":"2022-05-09T12:16:50+00:00","article_modified_time":"2022-05-23T11:15:39+00:00","og_image":[{"width":800,"height":600,"url":"https:\/\/www.green24.ro\/wp-content\/uploads\/2022\/05\/image-2020-10-3-24327165-41-defrisare-penisnula-floreasca.jpg","type":"image\/jpeg"}],"author":"Redactia Green24","twitter_card":"summary_large_image","twitter_misc":{"Written by":"Redactia Green24","Est. reading time":"7 minutes"},"schema":{"@context":"https:\/\/schema.org","@graph":[{"@type":"Article","@id":"https:\/\/www.green24.ro\/index.php\/2022\/05\/09\/doar-de-la-inceputul-anului-bucurestiul-a-pierdut-cateva-hectare-de-spatiu-verde\/#article","isPartOf":{"@id":"https:\/\/www.green24.ro\/index.php\/2022\/05\/09\/doar-de-la-inceputul-anului-bucurestiul-a-pierdut-cateva-hectare-de-spatiu-verde\/"},"author":{"name":"Redactia Green24","@id":"https:\/\/www.green24.ro\/#\/schema\/person\/275c7d10a2dd4fb528a2c0ad5d633496"},"headline":"Doar de la \u00eenceputul anului Bucure\u0219tiul a pierdut c\u00e2teva hectare de spa\u021biu verde","datePublished":"2022-05-09T12:16:50+00:00","dateModified":"2022-05-23T11:15:39+00:00","mainEntityOfPage":{"@id":"https:\/\/www.green24.ro\/index.php\/2022\/05\/09\/doar-de-la-inceputul-anului-bucurestiul-a-pierdut-cateva-hectare-de-spatiu-verde\/"},"wordCount":1784,"commentCount":0,"publisher":{"@id":"https:\/\/www.green24.ro\/#organization"},"image":{"@id":"https:\/\/www.green24.ro\/index.php\/2022\/05\/09\/doar-de-la-inceputul-anului-bucurestiul-a-pierdut-cateva-hectare-de-spatiu-verde\/#primaryimage"},"thumbnailUrl":"https:\/\/www.green24.ro\/wp-content\/uploads\/2022\/05\/image-2020-10-3-24327165-41-defrisare-penisnula-floreasca.jpg","articleSection":["Blog","Prime"],"inLanguage":"en-US","potentialAction":[{"@type":"CommentAction","name":"Comment","target":["https:\/\/www.green24.ro\/index.php\/2022\/05\/09\/doar-de-la-inceputul-anului-bucurestiul-a-pierdut-cateva-hectare-de-spatiu-verde\/#respond"]}]},{"@type":"WebPage","@id":"https:\/\/www.green24.ro\/index.php\/2022\/05\/09\/doar-de-la-inceputul-anului-bucurestiul-a-pierdut-cateva-hectare-de-spatiu-verde\/","url":"https:\/\/www.green24.ro\/index.php\/2022\/05\/09\/doar-de-la-inceputul-anului-bucurestiul-a-pierdut-cateva-hectare-de-spatiu-verde\/","name":"Doar de la \u00eenceputul anului Bucure\u0219tiul a pierdut c\u00e2teva hectare de spa\u021biu verde - Green24.ro","isPartOf":{"@id":"https:\/\/www.green24.ro\/#website"},"primaryImageOfPage":{"@id":"https:\/\/www.green24.ro\/index.php\/2022\/05\/09\/doar-de-la-inceputul-anului-bucurestiul-a-pierdut-cateva-hectare-de-spatiu-verde\/#primaryimage"},"image":{"@id":"https:\/\/www.green24.ro\/index.php\/2022\/05\/09\/doar-de-la-inceputul-anului-bucurestiul-a-pierdut-cateva-hectare-de-spatiu-verde\/#primaryimage"},"thumbnailUrl":"https:\/\/www.green24.ro\/wp-content\/uploads\/2022\/05\/image-2020-10-3-24327165-41-defrisare-penisnula-floreasca.jpg","datePublished":"2022-05-09T12:16:50+00:00","dateModified":"2022-05-23T11:15:39+00:00","description":"De la \u00eenceputul anului Bucure\u0219tiul a pierdut c\u00e2teva hectare de spa\u021biu verde. Este vorba despre o bucat\u0103 din Parcul Groz\u0103ve\u0219ti, Parcul Prisaca Dornei \u0219i o bucat\u0103 de spa\u021biu verde de pe strada Fabrica de Glucoz\u0103.","breadcrumb":{"@id":"https:\/\/www.green24.ro\/index.php\/2022\/05\/09\/doar-de-la-inceputul-anului-bucurestiul-a-pierdut-cateva-hectare-de-spatiu-verde\/#breadcrumb"},"inLanguage":"en-US","potentialAction":[{"@type":"ReadAction","target":["https:\/\/www.green24.ro\/index.php\/2022\/05\/09\/doar-de-la-inceputul-anului-bucurestiul-a-pierdut-cateva-hectare-de-spatiu-verde\/"]}]},{"@type":"ImageObject","inLanguage":"en-US","@id":"https:\/\/www.green24.ro\/index.php\/2022\/05\/09\/doar-de-la-inceputul-anului-bucurestiul-a-pierdut-cateva-hectare-de-spatiu-verde\/#primaryimage","url":"https:\/\/www.green24.ro\/wp-content\/uploads\/2022\/05\/image-2020-10-3-24327165-41-defrisare-penisnula-floreasca.jpg","contentUrl":"https:\/\/www.green24.ro\/wp-content\/uploads\/2022\/05\/image-2020-10-3-24327165-41-defrisare-penisnula-floreasca.jpg","width":800,"height":600,"caption":"Doar de la \u00eenceputul anului Bucure\u0219tiul a pierdut c\u00e2teva hectare de spa\u021biu verde"},{"@type":"BreadcrumbList","@id":"https:\/\/www.green24.ro\/index.php\/2022\/05\/09\/doar-de-la-inceputul-anului-bucurestiul-a-pierdut-cateva-hectare-de-spatiu-verde\/#breadcrumb","itemListElement":[{"@type":"ListItem","position":1,"name":"Home","item":"https:\/\/www.green24.ro\/"},{"@type":"ListItem","position":2,"name":"Doar de la \u00eenceputul anului Bucure\u0219tiul a pierdut c\u00e2teva hectare de spa\u021biu verde"}]},{"@type":"WebSite","@id":"https:\/\/www.green24.ro\/#website","url":"https:\/\/www.green24.ro\/","name":"Green24.ro","description":"Antreprenoriat verde si responsabilitatea social\u0103","publisher":{"@id":"https:\/\/www.green24.ro\/#organization"},"potentialAction":[{"@type":"SearchAction","target":{"@type":"EntryPoint","urlTemplate":"https:\/\/www.green24.ro\/?s={search_term_string}"},"query-input":{"@type":"PropertyValueSpecification","valueRequired":true,"valueName":"search_term_string"}}],"inLanguage":"en-US"},{"@type":"Organization","@id":"https:\/\/www.green24.ro\/#organization","name":"Green24","url":"https:\/\/www.green24.ro\/","logo":{"@type":"ImageObject","inLanguage":"en-US","@id":"https:\/\/www.green24.ro\/#\/schema\/logo\/image\/","url":"https:\/\/www.green24.ro\/wp-content\/uploads\/2022\/02\/green24-17-e1643806452346.png","contentUrl":"https:\/\/www.green24.ro\/wp-content\/uploads\/2022\/02\/green24-17-e1643806452346.png","width":174,"height":174,"caption":"Green24"},"image":{"@id":"https:\/\/www.green24.ro\/#\/schema\/logo\/image\/"},"sameAs":["https:\/\/www.facebook.com\/green24ro\/"]},{"@type":"Person","@id":"https:\/\/www.green24.ro\/#\/schema\/person\/275c7d10a2dd4fb528a2c0ad5d633496","name":"Redactia Green24","image":{"@type":"ImageObject","inLanguage":"en-US","@id":"https:\/\/www.green24.ro\/#\/schema\/person\/image\/","url":"https:\/\/secure.gravatar.com\/avatar\/ff0d3a759f98829f7ca35637ba02cb3c?s=96&d=mm&r=g","contentUrl":"https:\/\/secure.gravatar.com\/avatar\/ff0d3a759f98829f7ca35637ba02cb3c?s=96&d=mm&r=g","caption":"Redactia Green24"},"description":"Green24.ro este sursa zilnic\u0103 de \u0219tiri, online, pentru cei interesa\u021bi de mediul \u00eenconjur\u0103tor.","sameAs":["https:\/\/green24.ro","https:\/\/www.facebook.com\/green24ro\/"],"url":"https:\/\/www.green24.ro\/index.php\/author\/admin\/"}]}},"jetpack_publicize_connections":[],"jetpack_featured_media_url":"https:\/\/www.green24.ro\/wp-content\/uploads\/2022\/05\/image-2020-10-3-24327165-41-defrisare-penisnula-floreasca.jpg","jetpack_sharing_enabled":true,"_links":{"self":[{"href":"https:\/\/www.green24.ro\/index.php\/wp-json\/wp\/v2\/posts\/982","targetHints":{"allow":["GET"]}}],"collection":[{"href":"https:\/\/www.green24.ro\/index.php\/wp-json\/wp\/v2\/posts"}],"about":[{"href":"https:\/\/www.green24.ro\/index.php\/wp-json\/wp\/v2\/types\/post"}],"author":[{"embeddable":true,"href":"https:\/\/www.green24.ro\/index.php\/wp-json\/wp\/v2\/users\/1"}],"replies":[{"embeddable":true,"href":"https:\/\/www.green24.ro\/index.php\/wp-json\/wp\/v2\/comments?post=982"}],"version-history":[{"count":1,"href":"https:\/\/www.green24.ro\/index.php\/wp-json\/wp\/v2\/posts\/982\/revisions"}],"predecessor-version":[{"id":984,"href":"https:\/\/www.green24.ro\/index.php\/wp-json\/wp\/v2\/posts\/982\/revisions\/984"}],"wp:featuredmedia":[{"embeddable":true,"href":"https:\/\/www.green24.ro\/index.php\/wp-json\/wp\/v2\/media\/983"}],"wp:attachment":[{"href":"https:\/\/www.green24.ro\/index.php\/wp-json\/wp\/v2\/media?parent=982"}],"wp:term":[{"taxonomy":"category","embeddable":true,"href":"https:\/\/www.green24.ro\/index.php\/wp-json\/wp\/v2\/categories?post=982"},{"taxonomy":"post_tag","embeddable":true,"href":"https:\/\/www.green24.ro\/index.php\/wp-json\/wp\/v2\/tags?post=982"}],"curies":[{"name":"wp","href":"https:\/\/api.w.org\/{rel}","templated":true}]}}