{"id":910,"date":"2022-03-23T11:36:00","date_gmt":"2022-03-23T09:36:00","guid":{"rendered":"https:\/\/www.green24.ro\/?p=910"},"modified":"2022-03-22T16:43:33","modified_gmt":"2022-03-22T14:43:33","slug":"14-angajati-ai-ocolului-silvic-poieni-sanctionati-pentru-jaf-din-padurile-statului","status":"publish","type":"post","link":"https:\/\/www.green24.ro\/index.php\/2022\/03\/23\/14-angajati-ai-ocolului-silvic-poieni-sanctionati-pentru-jaf-din-padurile-statului\/","title":{"rendered":"14 angaja\u021bi ai Ocolului Silvic Poieni sanc\u021biona\u021bi pentru jaf din p\u0103durile statului"},"content":{"rendered":"<p style=\"text-align: justify;\">Corpul de Control al Regiei Na\u021bionale a P\u0103durilor ROMSILVA a luat la puricat timp de dou\u0103 luni Ocolul Silvic Poieni, acolo unde anul trecut, \u00eentr-un interviu acordat echipei RECORDER, un silvicultor a denun\u021bat t\u0103ieri ilegale \u0219i presiuni exercitate de silvicultori \u0219i oameni de afaceri pentru a fi \u00eenc\u0103lcat\u0103 legea.<\/p>\n<p style=\"text-align: justify;\">Echipa trimis\u0103 de la Bucure\u0219ti, unde se afl\u0103 sediul central al Regiei P\u0103durilor, a descoperit mai multe nereguli privind exploatarea \u0219i administrarea p\u0103durii, dar \u0219i pagube de aproape 400 de mii de euro din cauza t\u0103ierilor ilegale.<\/p>\n<p style=\"text-align: justify;\">Cel pu\u021bin 14 angaja\u021bi ai Ocolului (p\u0103durari, \u0219efi de district, responsabili departamente \u0219i \u0219eful de ocol) au fost sanc\u021biona\u021bi, m\u0103surile au vizat diminuarea salariului \u0219i retrograd\u0103ri.<\/p>\n<p style=\"text-align: justify;\">Inspectorii de la Bucure\u0219ti au verificat activitatea de la Poieni pe ultimii \u0219apte ani, perioada 2016 \u2013 2022. Din documentele aflate la sediul Ocolului Silvic \u0219i din memoriile de paz\u0103 (intranet) a reie\u0219it c\u0103 din p\u0103durile statului aproximativ 8200 de mc de lemn au fost identifica\u021bi ca fiind t\u0103ieri ilegale, cu o valoare de pia\u021b\u0103 de 1.87 milioane RON. De men\u021bionat c\u0103 verific\u0103rile \u00een teren vor continua \u00een prim\u0103var\u0103.<\/p>\n<p style=\"text-align: justify;\"><em>\u201cAv\u00e2nd \u00een vedere c\u0103, din cauza stratului mare de z\u0103pad\u0103 nu au fost efectuate verific\u0103ri \u00een teren, propunem continuarea controlului \u00eentr-o perioad\u0103 \u00een care condi\u0163iile meteo sunt favorabile pentru aceast\u0103 activitate, care va fi stabilit\u0103 prin decizia directorului general al Regie Na\u0163ionale a P\u0103durilor\u201d, este men\u021bionat \u00een documentele interne ale RNP.<\/em><\/p>\n<p style=\"text-align: justify;\">Raportul arat\u0103 c\u0103 majoritatea silvicultorilor ancheta\u021bi erau responsabili de pagube De la cateva zeci de metri cubi de lemn ilegal, p\u00e2n\u0103 la mii de metri cubi. Este \u0219i cazul unui canton unde au fost identifica\u021bi 1874 de mc exploatat f\u0103r\u0103 nicio justificare.<\/p>\n<p style=\"text-align: justify;\">O cantitate de lemn cu o valoare de pia\u021b\u0103 de peste 600 de mii de lei. Nu doar c\u0103 t\u0103ierile ilegale au afectat p\u0103durile de stat, dar echipa ROMSILVA a descoperit c\u0103 cei de la conducerea ocolului nu s-au ocupat de recuperarea prejudiciului deja identificat \u0219i c\u0103 multe sume de recuperat nici m\u0103car nu au fost inregistrate \u00een actele contabile.<\/p>\n<p style=\"text-align: justify;\"><em>\u201cO valoare foarte mare de 1.543.819 lei este nerecuperat\u0103 de la p\u0103durarii titulari ai cantoanelor silvice\/personal silvic vinovat. De asemenea, din acelea\u015fi documente prezentate de personalul ocolului rezult\u0103 c\u0103, o mare parte din valoarea pagubelor nejustificate constatate prin actele de control (integral din 2018 \u2013 2019) au fost \u00eenregistrate la compartimentul contabilitate al ocolului \u00een lunile noiembrie \u2013 decembrie 2021 \u015fi ianuarie 2022\u201d, au notat inspectorii.<\/em><\/p>\n<p style=\"text-align: justify;\">Valoarea pagubelor care nu au fost \u00eenregistrate \u00een actele contabile este de 650 de mii de RON, echivalentul a peste 130.000 de euro.<\/p>\n<p><img loading=\"lazy\" decoding=\"async\" class=\"wp-image-911 aligncenter\" src=\"https:\/\/www.green24.ro\/wp-content\/uploads\/2022\/03\/pagube-recuperate-300x150.jpg\" alt=\"\" width=\"766\" height=\"383\" srcset=\"https:\/\/www.green24.ro\/wp-content\/uploads\/2022\/03\/pagube-recuperate-300x150.jpg 300w, https:\/\/www.green24.ro\/wp-content\/uploads\/2022\/03\/pagube-recuperate-1024x512.jpg 1024w, https:\/\/www.green24.ro\/wp-content\/uploads\/2022\/03\/pagube-recuperate-768x384.jpg 768w, https:\/\/www.green24.ro\/wp-content\/uploads\/2022\/03\/pagube-recuperate.jpg 1200w\" sizes=\"auto, (max-width: 766px) 100vw, 766px\" \/><\/p>\n<p style=\"text-align: justify;\">T\u0103ierile ilegale \u0219i recuperarea prejudiciului nu sunt singurele probleme descoperite la Poieni. Cei de la Ocolul Silvic nu au excelat nici la capitolul \u00eengrijiri, sau lucr\u0103ri legale de exploatare.<\/p>\n<p style=\"text-align: justify;\">\u00cen perioada 2020-2021 inspectorii Regiei au descoperit c\u0103 nimeni de la Poieni nu a urm\u0103rit \u201cremedierea deficien\u0163elor\/neregulilor constatate \u015fi nici a lucr\u0103rilor propuse (descople\u015firi, degaj\u0103ri etc), de\u015fi acestea au fost consemnate \u00een notele de constatare anexate\u201d, dar \u0219i c\u0103 programul anual de recoltare nu a dep\u0103\u0219it 55% din ceea ce era stabilit. Mai mult dec\u00e2t at\u00e2t, nici m\u0103car \u00een cazul lucr\u0103rilor executate nu a fost identificat\u0103 o situa\u021bie conform\u0103.<\/p>\n<p style=\"text-align: justify;\">Acela\u0219i lucru este valabil \u0219i-n cazul luc\u0103rilor de combatere a daun\u0103torilor. Inspectorii Romsilva au descoperit c\u0103 pentru perioada 2020-2021 compartimentul paz\u0103 \u015fi protec\u0163ia p\u0103durilor \u0219i cel de contabilitate din cadrul Ocolului Silvic Poieni nu de\u021bineau eviden\u0163e \u0219i nu au \u00eentocmit bonuri de lucru \u0219i\/sau procese-verbale de recep\u0163ie.<\/p>\n<p style=\"text-align: justify;\"><em><strong>\u201c\u00cen timpul controlului s-a solicitat compartimentului contabilitate al ocolului silvic situa\u0163ia gestionar\u0103 a partizilor, dar aceasta nu a fost pus\u0103 la dispozi\u0163ia comisiei de control, motivul invocat de contabilul \u015fef fiind c\u0103 aceast\u0103 situa\u0163ie nu exist\u0103 \u00een eviden\u0163ele contabile\u201d.<\/strong><\/em><\/p>\n<p style=\"text-align: justify;\">Nici \u00een cazul partizilor aflate \u00een eviden\u021be lucrurile nu sunt perfecte. Inspectorii au identificat c\u0103 unele dosare nu erau complete. Fie nu erau nominaliza\u021bi angaja\u021bi responsabili pentru predarea \u0219i reprimirea parchetelor, fie procesele verbale nu erau \u00eenregistrate sau semnate, fie au fost permise exploat\u0103ri f\u0103r\u0103 a exista o prelungire de autoriza\u021bia de exploatare. Una dintre partizile identificate cu probleme de echipa de control a fost contractat\u0103 de firma Novaartis, despre care Rise Project a descoperit c\u0103 a fost \u0219i furnizor al austriecilor de la Schweighofer.<\/p>\n<p style=\"text-align: justify;\">Aceea\u0219i firm\u0103 apare men\u021bionat\u0103 \u00eentr-un alt raport de control realizat la ocolul Silvic Poieni \u00een 2008. M\u0103rturiile p\u0103durarilor consemnate \u00een procesul-verbal reflect\u0103 situa\u021bii dramatice \u0219i metehne de sistem perpetuate p\u00e2n\u0103 \u00een prezent<\/p>\n<p style=\"text-align: justify;\">Iat\u0103 un fragment:<\/p>\n<p style=\"text-align: justify;\"><em>,,Nu am anun\u0163at ocolul silvic de fric\u0103 c\u0103 voi fi dat afar\u0103, dar brigadierul (n.r. G\u2026 T\u2026) a \u015ftiut c\u0103ci el era \u00een teren cu patronul \u00een fiecare zi (patronul B\u2026 D\u2026), plus c\u0103 am \u00eentrebat pe brigadier dac\u0103 au autoriza\u0163ie de exploatare, a spus c\u0103 au. (\u2026.) \u00cen luna decembrie 2007 au intrat \u015fi au t\u0103iat \u00een ua 175B firma Novaartis, dar pe mine nu m-a \u00eentrebat nimic. \u00cen plus am fost amenin\u0163at c\u0103 voi fi dat afar\u0103 din silvicultur\u0103 c\u0103ci patronul are pile, dac\u0103 \u00eei opresc s\u0103 taie pe l\u00e2ng\u0103 parchet cum t\u0103iau \u00een alt\u0103 parte\u201d.<\/em><\/p>\n<p>Sursa: <a href=\"https:\/\/andreiciurcanu.ro\/2022\/03\/22\/documente-seful-de-ocol-si-alti-13-angajati-de-la-poieni-sanctionati-pentru-jaful-din-padurile-statului\/?fbclid=IwAR3fkIvaBj-EgBzNGs_a_QZqBvDEJFDgPECkcBmAfudZ7fx7m_4kfSa72Ps\">andreiciurcanu<\/a>, <a href=\"https:\/\/pe-harta.ro\/obiectiveturistice\/wp-content\/uploads\/2012\/08\/padure-craiasa.jpg\">foto<\/a><\/p>\n","protected":false},"excerpt":{"rendered":"<p>Corpul de Control al Regiei Na\u021bionale a P\u0103durilor ROMSILVA a luat la puricat timp de dou\u0103 luni Ocolul Silvic Poieni, acolo unde anul trecut, \u00eentr-un interviu acordat echipei RECORDER, un silvicultor a denun\u021bat t\u0103ieri ilegale \u0219i presiuni exercitate de silvicultori \u0219i oameni de afaceri pentru a fi \u00eenc\u0103lcat\u0103 legea. Echipa [&hellip;]<\/p>\n","protected":false},"author":1,"featured_media":913,"comment_status":"open","ping_status":"open","sticky":false,"template":"","format":"standard","meta":{"content-type":"","footnotes":"","jetpack_publicize_message":"","jetpack_publicize_feature_enabled":true,"jetpack_social_post_already_shared":false,"jetpack_social_options":{"image_generator_settings":{"template":"highway","default_image_id":0,"font":"","enabled":false},"version":2}},"categories":[5,6],"tags":[],"class_list":["post-910","post","type-post","status-publish","format-standard","has-post-thumbnail","hentry","category-blog","category-prime"],"yoast_head":"<!-- This site is optimized with the Yoast SEO plugin v24.9 - https:\/\/yoast.com\/wordpress\/plugins\/seo\/ -->\n<title>14 angaja\u021bi ai Ocolului Silvic Poieni sanc\u021biona\u021bi pentru jaf din p\u0103durile statului - Green24.ro<\/title>\n<meta name=\"robots\" content=\"index, follow, max-snippet:-1, max-image-preview:large, max-video-preview:-1\" \/>\n<link rel=\"canonical\" href=\"https:\/\/www.green24.ro\/index.php\/2022\/03\/23\/14-angajati-ai-ocolului-silvic-poieni-sanctionati-pentru-jaf-din-padurile-statului\/\" \/>\n<meta property=\"og:locale\" content=\"en_US\" \/>\n<meta property=\"og:type\" content=\"article\" \/>\n<meta property=\"og:title\" content=\"14 angaja\u021bi ai Ocolului Silvic Poieni sanc\u021biona\u021bi pentru jaf din p\u0103durile statului - Green24.ro\" \/>\n<meta property=\"og:description\" content=\"Corpul de Control al Regiei Na\u021bionale a P\u0103durilor ROMSILVA a luat la puricat timp de dou\u0103 luni Ocolul Silvic Poieni, acolo unde anul trecut, \u00eentr-un interviu acordat echipei RECORDER, un silvicultor a denun\u021bat t\u0103ieri ilegale \u0219i presiuni exercitate de silvicultori \u0219i oameni de afaceri pentru a fi \u00eenc\u0103lcat\u0103 legea. Echipa [&hellip;]\" \/>\n<meta property=\"og:url\" content=\"https:\/\/www.green24.ro\/index.php\/2022\/03\/23\/14-angajati-ai-ocolului-silvic-poieni-sanctionati-pentru-jaf-din-padurile-statului\/\" \/>\n<meta property=\"og:site_name\" content=\"Green24.ro\" \/>\n<meta property=\"article:publisher\" content=\"https:\/\/www.facebook.com\/green24ro\/\" \/>\n<meta property=\"article:author\" content=\"https:\/\/www.facebook.com\/green24ro\/\" \/>\n<meta property=\"article:published_time\" content=\"2022-03-23T09:36:00+00:00\" \/>\n<meta property=\"og:image\" content=\"https:\/\/www.green24.ro\/wp-content\/uploads\/2022\/03\/padure-craiasa.jpg\" \/>\n\t<meta property=\"og:image:width\" content=\"800\" \/>\n\t<meta property=\"og:image:height\" content=\"536\" \/>\n\t<meta property=\"og:image:type\" content=\"image\/jpeg\" \/>\n<meta name=\"author\" content=\"Redactia Green24\" \/>\n<meta name=\"twitter:card\" content=\"summary_large_image\" \/>\n<meta name=\"twitter:label1\" content=\"Written by\" \/>\n\t<meta name=\"twitter:data1\" content=\"Redactia Green24\" \/>\n\t<meta name=\"twitter:label2\" content=\"Est. reading time\" \/>\n\t<meta name=\"twitter:data2\" content=\"4 minutes\" \/>\n<script type=\"application\/ld+json\" class=\"yoast-schema-graph\">{\"@context\":\"https:\/\/schema.org\",\"@graph\":[{\"@type\":\"Article\",\"@id\":\"https:\/\/www.green24.ro\/index.php\/2022\/03\/23\/14-angajati-ai-ocolului-silvic-poieni-sanctionati-pentru-jaf-din-padurile-statului\/#article\",\"isPartOf\":{\"@id\":\"https:\/\/www.green24.ro\/index.php\/2022\/03\/23\/14-angajati-ai-ocolului-silvic-poieni-sanctionati-pentru-jaf-din-padurile-statului\/\"},\"author\":{\"name\":\"Redactia Green24\",\"@id\":\"https:\/\/www.green24.ro\/#\/schema\/person\/275c7d10a2dd4fb528a2c0ad5d633496\"},\"headline\":\"14 angaja\u021bi ai Ocolului Silvic Poieni sanc\u021biona\u021bi pentru jaf din p\u0103durile statului\",\"datePublished\":\"2022-03-23T09:36:00+00:00\",\"mainEntityOfPage\":{\"@id\":\"https:\/\/www.green24.ro\/index.php\/2022\/03\/23\/14-angajati-ai-ocolului-silvic-poieni-sanctionati-pentru-jaf-din-padurile-statului\/\"},\"wordCount\":911,\"commentCount\":0,\"publisher\":{\"@id\":\"https:\/\/www.green24.ro\/#organization\"},\"image\":{\"@id\":\"https:\/\/www.green24.ro\/index.php\/2022\/03\/23\/14-angajati-ai-ocolului-silvic-poieni-sanctionati-pentru-jaf-din-padurile-statului\/#primaryimage\"},\"thumbnailUrl\":\"https:\/\/www.green24.ro\/wp-content\/uploads\/2022\/03\/padure-craiasa.jpg\",\"articleSection\":[\"Blog\",\"Prime\"],\"inLanguage\":\"en-US\",\"potentialAction\":[{\"@type\":\"CommentAction\",\"name\":\"Comment\",\"target\":[\"https:\/\/www.green24.ro\/index.php\/2022\/03\/23\/14-angajati-ai-ocolului-silvic-poieni-sanctionati-pentru-jaf-din-padurile-statului\/#respond\"]}]},{\"@type\":\"WebPage\",\"@id\":\"https:\/\/www.green24.ro\/index.php\/2022\/03\/23\/14-angajati-ai-ocolului-silvic-poieni-sanctionati-pentru-jaf-din-padurile-statului\/\",\"url\":\"https:\/\/www.green24.ro\/index.php\/2022\/03\/23\/14-angajati-ai-ocolului-silvic-poieni-sanctionati-pentru-jaf-din-padurile-statului\/\",\"name\":\"14 angaja\u021bi ai Ocolului Silvic Poieni sanc\u021biona\u021bi pentru jaf din p\u0103durile statului - Green24.ro\",\"isPartOf\":{\"@id\":\"https:\/\/www.green24.ro\/#website\"},\"primaryImageOfPage\":{\"@id\":\"https:\/\/www.green24.ro\/index.php\/2022\/03\/23\/14-angajati-ai-ocolului-silvic-poieni-sanctionati-pentru-jaf-din-padurile-statului\/#primaryimage\"},\"image\":{\"@id\":\"https:\/\/www.green24.ro\/index.php\/2022\/03\/23\/14-angajati-ai-ocolului-silvic-poieni-sanctionati-pentru-jaf-din-padurile-statului\/#primaryimage\"},\"thumbnailUrl\":\"https:\/\/www.green24.ro\/wp-content\/uploads\/2022\/03\/padure-craiasa.jpg\",\"datePublished\":\"2022-03-23T09:36:00+00:00\",\"breadcrumb\":{\"@id\":\"https:\/\/www.green24.ro\/index.php\/2022\/03\/23\/14-angajati-ai-ocolului-silvic-poieni-sanctionati-pentru-jaf-din-padurile-statului\/#breadcrumb\"},\"inLanguage\":\"en-US\",\"potentialAction\":[{\"@type\":\"ReadAction\",\"target\":[\"https:\/\/www.green24.ro\/index.php\/2022\/03\/23\/14-angajati-ai-ocolului-silvic-poieni-sanctionati-pentru-jaf-din-padurile-statului\/\"]}]},{\"@type\":\"ImageObject\",\"inLanguage\":\"en-US\",\"@id\":\"https:\/\/www.green24.ro\/index.php\/2022\/03\/23\/14-angajati-ai-ocolului-silvic-poieni-sanctionati-pentru-jaf-din-padurile-statului\/#primaryimage\",\"url\":\"https:\/\/www.green24.ro\/wp-content\/uploads\/2022\/03\/padure-craiasa.jpg\",\"contentUrl\":\"https:\/\/www.green24.ro\/wp-content\/uploads\/2022\/03\/padure-craiasa.jpg\",\"width\":800,\"height\":536,\"caption\":\"14 angaja\u021bi ai Ocolului Silvic Poieni sanc\u021biona\u021bi pentru jaf din p\u0103durile statului\"},{\"@type\":\"BreadcrumbList\",\"@id\":\"https:\/\/www.green24.ro\/index.php\/2022\/03\/23\/14-angajati-ai-ocolului-silvic-poieni-sanctionati-pentru-jaf-din-padurile-statului\/#breadcrumb\",\"itemListElement\":[{\"@type\":\"ListItem\",\"position\":1,\"name\":\"Home\",\"item\":\"https:\/\/www.green24.ro\/\"},{\"@type\":\"ListItem\",\"position\":2,\"name\":\"14 angaja\u021bi ai Ocolului Silvic Poieni sanc\u021biona\u021bi pentru jaf din p\u0103durile statului\"}]},{\"@type\":\"WebSite\",\"@id\":\"https:\/\/www.green24.ro\/#website\",\"url\":\"https:\/\/www.green24.ro\/\",\"name\":\"Green24.ro\",\"description\":\"Antreprenoriat verde si responsabilitatea social\u0103\",\"publisher\":{\"@id\":\"https:\/\/www.green24.ro\/#organization\"},\"potentialAction\":[{\"@type\":\"SearchAction\",\"target\":{\"@type\":\"EntryPoint\",\"urlTemplate\":\"https:\/\/www.green24.ro\/?s={search_term_string}\"},\"query-input\":{\"@type\":\"PropertyValueSpecification\",\"valueRequired\":true,\"valueName\":\"search_term_string\"}}],\"inLanguage\":\"en-US\"},{\"@type\":\"Organization\",\"@id\":\"https:\/\/www.green24.ro\/#organization\",\"name\":\"Green24\",\"url\":\"https:\/\/www.green24.ro\/\",\"logo\":{\"@type\":\"ImageObject\",\"inLanguage\":\"en-US\",\"@id\":\"https:\/\/www.green24.ro\/#\/schema\/logo\/image\/\",\"url\":\"https:\/\/www.green24.ro\/wp-content\/uploads\/2022\/02\/green24-17-e1643806452346.png\",\"contentUrl\":\"https:\/\/www.green24.ro\/wp-content\/uploads\/2022\/02\/green24-17-e1643806452346.png\",\"width\":174,\"height\":174,\"caption\":\"Green24\"},\"image\":{\"@id\":\"https:\/\/www.green24.ro\/#\/schema\/logo\/image\/\"},\"sameAs\":[\"https:\/\/www.facebook.com\/green24ro\/\"]},{\"@type\":\"Person\",\"@id\":\"https:\/\/www.green24.ro\/#\/schema\/person\/275c7d10a2dd4fb528a2c0ad5d633496\",\"name\":\"Redactia Green24\",\"image\":{\"@type\":\"ImageObject\",\"inLanguage\":\"en-US\",\"@id\":\"https:\/\/www.green24.ro\/#\/schema\/person\/image\/\",\"url\":\"https:\/\/secure.gravatar.com\/avatar\/ff0d3a759f98829f7ca35637ba02cb3c?s=96&d=mm&r=g\",\"contentUrl\":\"https:\/\/secure.gravatar.com\/avatar\/ff0d3a759f98829f7ca35637ba02cb3c?s=96&d=mm&r=g\",\"caption\":\"Redactia Green24\"},\"description\":\"Green24.ro este sursa zilnic\u0103 de \u0219tiri, online, pentru cei interesa\u021bi de mediul \u00eenconjur\u0103tor.\",\"sameAs\":[\"https:\/\/green24.ro\",\"https:\/\/www.facebook.com\/green24ro\/\"],\"url\":\"https:\/\/www.green24.ro\/index.php\/author\/admin\/\"}]}<\/script>\n<!-- \/ Yoast SEO plugin. -->","yoast_head_json":{"title":"14 angaja\u021bi ai Ocolului Silvic Poieni sanc\u021biona\u021bi pentru jaf din p\u0103durile statului - Green24.ro","robots":{"index":"index","follow":"follow","max-snippet":"max-snippet:-1","max-image-preview":"max-image-preview:large","max-video-preview":"max-video-preview:-1"},"canonical":"https:\/\/www.green24.ro\/index.php\/2022\/03\/23\/14-angajati-ai-ocolului-silvic-poieni-sanctionati-pentru-jaf-din-padurile-statului\/","og_locale":"en_US","og_type":"article","og_title":"14 angaja\u021bi ai Ocolului Silvic Poieni sanc\u021biona\u021bi pentru jaf din p\u0103durile statului - Green24.ro","og_description":"Corpul de Control al Regiei Na\u021bionale a P\u0103durilor ROMSILVA a luat la puricat timp de dou\u0103 luni Ocolul Silvic Poieni, acolo unde anul trecut, \u00eentr-un interviu acordat echipei RECORDER, un silvicultor a denun\u021bat t\u0103ieri ilegale \u0219i presiuni exercitate de silvicultori \u0219i oameni de afaceri pentru a fi \u00eenc\u0103lcat\u0103 legea. Echipa [&hellip;]","og_url":"https:\/\/www.green24.ro\/index.php\/2022\/03\/23\/14-angajati-ai-ocolului-silvic-poieni-sanctionati-pentru-jaf-din-padurile-statului\/","og_site_name":"Green24.ro","article_publisher":"https:\/\/www.facebook.com\/green24ro\/","article_author":"https:\/\/www.facebook.com\/green24ro\/","article_published_time":"2022-03-23T09:36:00+00:00","og_image":[{"width":800,"height":536,"url":"https:\/\/www.green24.ro\/wp-content\/uploads\/2022\/03\/padure-craiasa.jpg","type":"image\/jpeg"}],"author":"Redactia Green24","twitter_card":"summary_large_image","twitter_misc":{"Written by":"Redactia Green24","Est. reading time":"4 minutes"},"schema":{"@context":"https:\/\/schema.org","@graph":[{"@type":"Article","@id":"https:\/\/www.green24.ro\/index.php\/2022\/03\/23\/14-angajati-ai-ocolului-silvic-poieni-sanctionati-pentru-jaf-din-padurile-statului\/#article","isPartOf":{"@id":"https:\/\/www.green24.ro\/index.php\/2022\/03\/23\/14-angajati-ai-ocolului-silvic-poieni-sanctionati-pentru-jaf-din-padurile-statului\/"},"author":{"name":"Redactia Green24","@id":"https:\/\/www.green24.ro\/#\/schema\/person\/275c7d10a2dd4fb528a2c0ad5d633496"},"headline":"14 angaja\u021bi ai Ocolului Silvic Poieni sanc\u021biona\u021bi pentru jaf din p\u0103durile statului","datePublished":"2022-03-23T09:36:00+00:00","mainEntityOfPage":{"@id":"https:\/\/www.green24.ro\/index.php\/2022\/03\/23\/14-angajati-ai-ocolului-silvic-poieni-sanctionati-pentru-jaf-din-padurile-statului\/"},"wordCount":911,"commentCount":0,"publisher":{"@id":"https:\/\/www.green24.ro\/#organization"},"image":{"@id":"https:\/\/www.green24.ro\/index.php\/2022\/03\/23\/14-angajati-ai-ocolului-silvic-poieni-sanctionati-pentru-jaf-din-padurile-statului\/#primaryimage"},"thumbnailUrl":"https:\/\/www.green24.ro\/wp-content\/uploads\/2022\/03\/padure-craiasa.jpg","articleSection":["Blog","Prime"],"inLanguage":"en-US","potentialAction":[{"@type":"CommentAction","name":"Comment","target":["https:\/\/www.green24.ro\/index.php\/2022\/03\/23\/14-angajati-ai-ocolului-silvic-poieni-sanctionati-pentru-jaf-din-padurile-statului\/#respond"]}]},{"@type":"WebPage","@id":"https:\/\/www.green24.ro\/index.php\/2022\/03\/23\/14-angajati-ai-ocolului-silvic-poieni-sanctionati-pentru-jaf-din-padurile-statului\/","url":"https:\/\/www.green24.ro\/index.php\/2022\/03\/23\/14-angajati-ai-ocolului-silvic-poieni-sanctionati-pentru-jaf-din-padurile-statului\/","name":"14 angaja\u021bi ai Ocolului Silvic Poieni sanc\u021biona\u021bi pentru jaf din p\u0103durile statului - Green24.ro","isPartOf":{"@id":"https:\/\/www.green24.ro\/#website"},"primaryImageOfPage":{"@id":"https:\/\/www.green24.ro\/index.php\/2022\/03\/23\/14-angajati-ai-ocolului-silvic-poieni-sanctionati-pentru-jaf-din-padurile-statului\/#primaryimage"},"image":{"@id":"https:\/\/www.green24.ro\/index.php\/2022\/03\/23\/14-angajati-ai-ocolului-silvic-poieni-sanctionati-pentru-jaf-din-padurile-statului\/#primaryimage"},"thumbnailUrl":"https:\/\/www.green24.ro\/wp-content\/uploads\/2022\/03\/padure-craiasa.jpg","datePublished":"2022-03-23T09:36:00+00:00","breadcrumb":{"@id":"https:\/\/www.green24.ro\/index.php\/2022\/03\/23\/14-angajati-ai-ocolului-silvic-poieni-sanctionati-pentru-jaf-din-padurile-statului\/#breadcrumb"},"inLanguage":"en-US","potentialAction":[{"@type":"ReadAction","target":["https:\/\/www.green24.ro\/index.php\/2022\/03\/23\/14-angajati-ai-ocolului-silvic-poieni-sanctionati-pentru-jaf-din-padurile-statului\/"]}]},{"@type":"ImageObject","inLanguage":"en-US","@id":"https:\/\/www.green24.ro\/index.php\/2022\/03\/23\/14-angajati-ai-ocolului-silvic-poieni-sanctionati-pentru-jaf-din-padurile-statului\/#primaryimage","url":"https:\/\/www.green24.ro\/wp-content\/uploads\/2022\/03\/padure-craiasa.jpg","contentUrl":"https:\/\/www.green24.ro\/wp-content\/uploads\/2022\/03\/padure-craiasa.jpg","width":800,"height":536,"caption":"14 angaja\u021bi ai Ocolului Silvic Poieni sanc\u021biona\u021bi pentru jaf din p\u0103durile statului"},{"@type":"BreadcrumbList","@id":"https:\/\/www.green24.ro\/index.php\/2022\/03\/23\/14-angajati-ai-ocolului-silvic-poieni-sanctionati-pentru-jaf-din-padurile-statului\/#breadcrumb","itemListElement":[{"@type":"ListItem","position":1,"name":"Home","item":"https:\/\/www.green24.ro\/"},{"@type":"ListItem","position":2,"name":"14 angaja\u021bi ai Ocolului Silvic Poieni sanc\u021biona\u021bi pentru jaf din p\u0103durile statului"}]},{"@type":"WebSite","@id":"https:\/\/www.green24.ro\/#website","url":"https:\/\/www.green24.ro\/","name":"Green24.ro","description":"Antreprenoriat verde si responsabilitatea social\u0103","publisher":{"@id":"https:\/\/www.green24.ro\/#organization"},"potentialAction":[{"@type":"SearchAction","target":{"@type":"EntryPoint","urlTemplate":"https:\/\/www.green24.ro\/?s={search_term_string}"},"query-input":{"@type":"PropertyValueSpecification","valueRequired":true,"valueName":"search_term_string"}}],"inLanguage":"en-US"},{"@type":"Organization","@id":"https:\/\/www.green24.ro\/#organization","name":"Green24","url":"https:\/\/www.green24.ro\/","logo":{"@type":"ImageObject","inLanguage":"en-US","@id":"https:\/\/www.green24.ro\/#\/schema\/logo\/image\/","url":"https:\/\/www.green24.ro\/wp-content\/uploads\/2022\/02\/green24-17-e1643806452346.png","contentUrl":"https:\/\/www.green24.ro\/wp-content\/uploads\/2022\/02\/green24-17-e1643806452346.png","width":174,"height":174,"caption":"Green24"},"image":{"@id":"https:\/\/www.green24.ro\/#\/schema\/logo\/image\/"},"sameAs":["https:\/\/www.facebook.com\/green24ro\/"]},{"@type":"Person","@id":"https:\/\/www.green24.ro\/#\/schema\/person\/275c7d10a2dd4fb528a2c0ad5d633496","name":"Redactia Green24","image":{"@type":"ImageObject","inLanguage":"en-US","@id":"https:\/\/www.green24.ro\/#\/schema\/person\/image\/","url":"https:\/\/secure.gravatar.com\/avatar\/ff0d3a759f98829f7ca35637ba02cb3c?s=96&d=mm&r=g","contentUrl":"https:\/\/secure.gravatar.com\/avatar\/ff0d3a759f98829f7ca35637ba02cb3c?s=96&d=mm&r=g","caption":"Redactia Green24"},"description":"Green24.ro este sursa zilnic\u0103 de \u0219tiri, online, pentru cei interesa\u021bi de mediul \u00eenconjur\u0103tor.","sameAs":["https:\/\/green24.ro","https:\/\/www.facebook.com\/green24ro\/"],"url":"https:\/\/www.green24.ro\/index.php\/author\/admin\/"}]}},"jetpack_publicize_connections":[],"jetpack_featured_media_url":"https:\/\/www.green24.ro\/wp-content\/uploads\/2022\/03\/padure-craiasa.jpg","jetpack_sharing_enabled":true,"_links":{"self":[{"href":"https:\/\/www.green24.ro\/index.php\/wp-json\/wp\/v2\/posts\/910","targetHints":{"allow":["GET"]}}],"collection":[{"href":"https:\/\/www.green24.ro\/index.php\/wp-json\/wp\/v2\/posts"}],"about":[{"href":"https:\/\/www.green24.ro\/index.php\/wp-json\/wp\/v2\/types\/post"}],"author":[{"embeddable":true,"href":"https:\/\/www.green24.ro\/index.php\/wp-json\/wp\/v2\/users\/1"}],"replies":[{"embeddable":true,"href":"https:\/\/www.green24.ro\/index.php\/wp-json\/wp\/v2\/comments?post=910"}],"version-history":[{"count":3,"href":"https:\/\/www.green24.ro\/index.php\/wp-json\/wp\/v2\/posts\/910\/revisions"}],"predecessor-version":[{"id":915,"href":"https:\/\/www.green24.ro\/index.php\/wp-json\/wp\/v2\/posts\/910\/revisions\/915"}],"wp:featuredmedia":[{"embeddable":true,"href":"https:\/\/www.green24.ro\/index.php\/wp-json\/wp\/v2\/media\/913"}],"wp:attachment":[{"href":"https:\/\/www.green24.ro\/index.php\/wp-json\/wp\/v2\/media?parent=910"}],"wp:term":[{"taxonomy":"category","embeddable":true,"href":"https:\/\/www.green24.ro\/index.php\/wp-json\/wp\/v2\/categories?post=910"},{"taxonomy":"post_tag","embeddable":true,"href":"https:\/\/www.green24.ro\/index.php\/wp-json\/wp\/v2\/tags?post=910"}],"curies":[{"name":"wp","href":"https:\/\/api.w.org\/{rel}","templated":true}]}}