{"id":868,"date":"2022-03-07T14:34:51","date_gmt":"2022-03-07T12:34:51","guid":{"rendered":"https:\/\/www.green24.ro\/?p=868"},"modified":"2022-03-16T16:05:10","modified_gmt":"2022-03-16T14:05:10","slug":"romania-pierde-trei-hectare-de-paduri-pe-ora","status":"publish","type":"post","link":"https:\/\/www.green24.ro\/index.php\/2022\/03\/07\/romania-pierde-trei-hectare-de-paduri-pe-ora\/","title":{"rendered":"Rom\u00e2nia pierde trei hectare de p\u0103duri pe or\u0103\u00a0"},"content":{"rendered":"<p style=\"text-align: justify;\"><span style=\"color: #808080;\">Potrivit <a style=\"color: #808080;\" href=\"http:\/\/roifn.ro\/site\/rezultate-ifn-2\/\">Inventarului Forestier Na\u021bional<\/a>, \u021bara noastr\u0103 are aproximativ 7 milioane de hectare de teren \u00eemp\u0103durit. Chiar \u0219i a\u0219a, gradul de \u00eemp\u0103durire este de aproximativ 29 la sut\u0103, sub media european\u0103 de 32 la sut\u0103, atrage aten\u021bia WWF.<\/span><\/p>\n<p style=\"text-align: justify;\"><span style=\"color: #808080;\">Un raport al <a style=\"color: #808080;\" href=\"https:\/\/storage.googleapis.com\/planet4-romania-stateless\/2019\/10\/10cd1a76-raportpdf.pdf\">Greenpeace<\/a> de anul trecut sus\u021binea c\u0103 \u00een Rom\u00e2nia sunt t\u0103iate \u00een fiecare or\u0103 trei hectare de p\u0103dure. \u00cen perioada 2013-2018, estim\u0103rile indicau 20 de milioane de metri cubi de lemn exploata\u021bi ilegal, potrivit aceluia\u0219i raport.<\/span><\/p>\n<h4><span style=\"color: #808080;\">Doar 1 la sut\u0103 din fapte au fost surprinse \u0219i sanc\u021bionate de autorit\u0103\u021bi.<\/span><\/h4>\n<p><span style=\"color: #808080;\">Activi\u0219tii de mediu atrag aten\u021bia c\u0103 <a style=\"color: #808080;\" href=\"https:\/\/www.rfi.ro\/mediu-119829-plina-pandemie-infloreste-jaful-din-paduri-activistii-propun-guvernului-o-solutie\">defri\u0219\u0103rile au explodat \u00een perioada pandemiei<\/a> \u0219i spun c\u0103 firmele profit\u0103 de faptul c\u0103 autorit\u0103\u021bile sunt implicate \u00een lupta cu COVID-19 \u0219i taie ilegal cantit\u0103\u021bi uria\u0219e de lemne.<\/span><\/p>\n<h4><span style=\"color: #808080;\">Sateli\u021bii, o variant\u0103 mai rentabil\u0103.<\/span><\/h4>\n<p style=\"text-align: justify;\"><span style=\"color: #808080;\">Capacitatea statelor de a preveni \u0219i gestiona diversele crize, fie c\u0103 vorbim de schimb\u0103rile climatice sau de pandemii, depinde inclusiv de abilitatea lor de a implementa \u0219i a folosi tehnologia spa\u021bial\u0103. \u00centr-un articol de opinie publicat pe <a style=\"color: #808080;\" href=\"https:\/\/www.euractiv.com\/section\/biomass\/opinion\/the-answer-to-deforestation-lies-in-space\/\">Euractiv<\/a>, sociologul Daniel Mackisack atrage aten\u021bia c\u0103 monitorizarea p\u0103durilor prin satelit ar putea preveni defri\u0219\u0103rile ilegale \u0219i astfel ar putea \u00eentrerupe lan\u021bul problemelor care se nasc din asta.<\/span><\/p>\n<p style=\"text-align: justify;\"><span style=\"color: #808080;\">Oprirea defri\u0219\u0103rilor prin monitorizarea p\u0103durilor are beneficii mult mai mari dec\u00e2t pare la prima vedere, pe l\u00e2ng\u0103 asigurarea biodiversit\u0103\u021bii \u0219i lupta \u00eempotriva schimb\u0103rilor climatice. Oamenii de \u0219tiin\u021b\u0103 au avertizat deja c\u0103 defri\u0219\u0103rile duc la accentuarea riscului de declan\u0219are a unei pandemii, cum este cea de COVID-19.<\/span><\/p>\n<p style=\"text-align: justify;\"><span style=\"color: #808080;\">Un studiu publicat \u00een revista <a style=\"color: #808080;\" href=\"https:\/\/www.nature.com\/articles\/s41586-020-2562-8\">Nature<\/a> arat\u0103 o leg\u0103tur\u0103 \u00eentre distrugerea ecosistemelor naturale \u0219i r\u0103sp\u00e2ndirea printre oameni a unor virusuri pe care le poart\u0103 animalele. Potrivit studiului, popula\u021biile de animale purt\u0103toare de virusuri sunt de 2,5 ori mai mari \u00een spa\u021biile naturale influen\u021bate de om.<\/span><\/p>\n<p style=\"text-align: justify;\"><span style=\"color: #808080;\">\u201cOprirea defri\u0219\u0103rilor nu este o op\u021biune, ci o necesitate, \u0219i nu doar pentru s\u0103n\u0103tatea planetei sau pentru economia global\u0103, ci pentru binele tuturor\u201d, puncteaz\u0103 Mackisack, care spune c\u0103 p\u00e2n\u0103 acum, eforturile guvernelor s-au concentrat pe impunerea unor reguli sau legi mai complexe pentru a pune punct defri\u0219\u0103rilor, care nu s-au dovedit, \u00eens\u0103, neap\u0103rat eficiente.<\/span><\/p>\n<p style=\"text-align: justify;\"><span style=\"color: #808080;\">\u201cEste cumva ironic, dar ca s\u0103 salv\u0103m P\u0103m\u00e2ntul, ar trebui s\u0103 mergem \u00een spa\u021biu\u201d, scrie Daniel Mackisack.<\/span><\/p>\n<p style=\"text-align: justify;\"><span style=\"color: #808080;\">\u201cProblema este c\u0103 aceste m\u0103suri sunt costisitoare \u0219i nu fac mai nimic pentru a preveni exploatarea forestier\u0103 ilegal\u0103\u201d, spune sociologul.<\/span><\/p>\n<p style=\"text-align: justify;\"><span style=\"color: #808080;\">Daniel Mackisack afirm\u0103 c\u0103 exist\u0103 solu\u021bii \u0219i mai bune, \u0219i mai ieftine, \u0219i invoc\u0103 un studiu al guvernului Marii Britanii, care arat\u0103 c\u0103 monitorizarea defri\u0219\u0103rilor cu sateli\u021bi este de 12 ori mai rentabil\u0103 dec\u00e2t metodele tradi\u021bionale, pentru c\u0103 tehnologia ofer\u0103, practic, o supraveghere \u00een timp real la scar\u0103 larg\u0103 a p\u0103durilor, ceea ce permite autorit\u0103\u021bilor s\u0103 r\u0103spund\u0103 imediat. Cercet\u0103torii brazilieni fac deja asta de 30 de ani. Sateli\u021bii transmit datele c\u0103tre Institutul Na\u0163ional de Cercet\u0103ri Spa\u0163iale (INPE) din Brazilia \u0219i monitorizeaz\u0103 continuu pierderile de p\u0103duri. Asta le ofer\u0103 posibilitatea speciali\u0219tilor s\u0103 alerteze imediat poli\u021bia \u00een cazul unor activit\u0103\u021bi suspecte.<\/span><\/p>\n<p style=\"text-align: justify;\"><span style=\"color: #808080;\">\u201cCea mai eficient\u0103 cale pentru a pune cap\u0103t defri\u0219\u0103rilor ilegale \u0219i de a \u00eembun\u0103t\u0103\u021bi, \u00een schimb, s\u0103n\u0103tatea planetei \u0219i a oamenilor nu st\u0103 \u00een noi \u0219i noi reglement\u0103ri, ci \u0219i \u00een folosirea tehnologiei spa\u021biale\u201d, concluzioneaz\u0103 sociologul.<\/span><\/p>\n<h4><span style=\"color: #808080;\">Din dorinta de a face bine ajungem sa facem mai mult rau.<\/span><\/h4>\n<p style=\"text-align: justify;\"><span style=\"color: #808080;\">Pentru a limita defrisarile, na nivel mondial, determinate de marirea suprafetelor de teren destinate diverselor plantatii si culturi mult mai avantajoase din punct de vedere economic, se incearca reglementarea anumitor recolte.<\/span><\/p>\n<p style=\"text-align: justify;\"><span style=\"color: #808080;\">Faptul c\u0103 autorit\u0103\u021bile impun legi sau iau m\u0103suri doar pentru anumite recolte nu rezolv\u0103 \u00een totalitate problema desp\u0103duririlor, scrie sociologul Daniel Mackisack pentru Euractiv. Acest lucru nu face dec\u00e2t s\u0103 mute problema \u00een alt\u0103 parte, pentru c\u0103 oamenii vor c\u0103uta alte utiliz\u0103ri ale unui produs, cum este <a style=\"color: #808080;\" href=\"https:\/\/www.europarl.europa.eu\/doceo\/document\/A-8-2017-0066_RO.html#title2\">uleiul de palmier<\/a>, de exemplu, care, de\u0219i foarte util, a dus la cre\u0219terea defri\u0219\u0103rii p\u0103durilor tropicale.<\/span><\/p>\n<p style=\"text-align: justify;\"><span style=\"color: #808080;\">Practic, interzicerea comercializ\u0103rii uleiului de palmier \u00eei va determina pe oameni s\u0103 se \u00eendrepte c\u0103tre culturile de floarea-soarelui sau de rapi\u021b\u0103, care necesit\u0103 mult mai multe resurse \u2013 p\u0103m\u00e2nt, ap\u0103 \u0219i \u00eengr\u0103\u0219\u0103m\u00e2nt. Asta, pe l\u00e2ng\u0103 efectele economice pe care le-ar putea avea astfel de m\u0103suri.\u00a0<\/span><\/p>\n<h4><span style=\"color: #808080;\">Ce instrumente are Rom\u00e2nia pentru lupta contra defri\u0219\u0103rilor<\/span><\/h4>\n<p style=\"text-align: justify;\"><span style=\"color: #808080;\">Ministrul mediului, de la acea dat\u0103,\u00a0spunea c\u0103 \u00ee\u0219i dore\u0219te ca p\u0103durile din Rom\u00e2nia s\u0103 fie supravegheate cu ajutorul imaginilor furnizate de sateli\u021bi, pentru ca por\u021biunile din care dispar copaci s\u0103 fie imediat identificate, iar Garda Forestier\u0103 s\u0103 ia rapid m\u0103suri.<\/span><\/p>\n<p><span style=\"color: #808080;\">\u00cen replic\u0103, WWF, ONG din domeniul protec\u021biei mediului, spunea c\u0103 ideea monitoriz\u0103rii p\u0103durilor din satelit nu este nou\u0103 \u0219i nici gre\u0219it\u0103. Are o problem\u0103.<\/span><\/p>\n<p><span style=\"color: #808080;\">Este \u00eens\u0103 insuficient\u0103, pentru c\u0103 t\u0103ierile ilegale se fac, de fapt, \u00een zonele \u00een care exist\u0103 drept de recoltare. Acolo, nu se cunoa\u0219te volumul real care se recolteaz\u0103.<span class=\"Apple-converted-space\">\u00a0<\/span><\/span><\/p>\n<p style=\"text-align: justify;\"><span style=\"color: #808080;\">\u201cAcolo unde legea permite recoltarea lemnului, dar nu se cunoa\u015fte detaliat volumul care se extrage, asta nu poate fi identificat prin imagini din satelit\u201d, spunea Radu Melu, manager \u00een cadrul WWF Rom\u00e2nia, \u00eentr-o interven\u021bie la <a style=\"color: #808080;\" href=\"https:\/\/www.digi24.ro\/stiri\/sci-tech\/natura-si-mediu\/ministrul-mediului-vrea-ca-padurile-sa-fie-supravegheate-din-satelit-de-ce-solutia-este-buna-dar-nu-rezolva-problema-defrisarilor-1249400\">Digi24<\/a>.<\/span><\/p>\n<p style=\"text-align: justify;\"><span style=\"color: #808080;\">Noul Cod Silvic, prevede sanc\u021biuni mai aspre pentru t\u0103ierile ilegale \u0219i violen\u021bele \u00eempotriva p\u0103durarilor. Potrivit actului normativ, furtul de arbori intr\u0103 sub inciden\u021ba penal\u0103 indiferent de prejudiciu, iar TIR-urile sau camioanele cu care sunt transporta\u021bi arbori t\u0103ia\u021bi ilegal vor putea fi confiscate.<\/span><\/p>\n<p><span style=\"color: #808080;\">O alt\u0103 modificare a legii spune c\u0103 avizul de transport este obligatoriu \u0219i pentru rumegu\u0219, pentru coaja arborilor \u0219i pentru orice rest de lemn.<\/span><\/p>\n<pre><span style=\"color: #808080;\">sursa: <a style=\"color: #808080;\" href=\"https:\/\/www.libertatea.ro\/stiri\/monitorizare-paduri-sateliti-defrisari-3197382\">libertatea,<\/a> <a style=\"color: #808080;\" href=\"https:\/\/www.greenpeace.org\/romania\/comunicat-presa\/1046\/romania-taie-3-hectare-de-padure-pe-ora\/\">greenpeace<\/a><\/span><br \/><br \/><br \/><span style=\"color: #808080;\">In acest articol s-au folosit date de pe site-ul <a style=\"color: #808080;\" href=\"https:\/\/www.greenpeace.org\/romania\/comunicat-presa\/1046\/romania-taie-3-hectare-de-padure-pe-ora\/\">Greenpeace<\/a> ce fac referire la un raport al desp\u0103duririlor din perioada 2000-2011. Dup\u0103 calcule recente Romania pierde aproximativ de dou\u0103 ori suprafata de p\u0103rude ce se precizeaz\u0103 la \u00eenceputul acestui articol. Vezi articolul nostru <a style=\"color: #808080;\" href=\"https:\/\/www.green24.ro\/index.php\/2022\/03\/16\/ca-sa-stii-taieri-ilegale\/\">\"Ca s\u0103 stii! T\u0103ieri ilegale\"<\/a>.<\/span><\/pre>\n\n\n\n","protected":false},"excerpt":{"rendered":"<p>Potrivit Inventarului Forestier Na\u021bional, \u021bara noastr\u0103 are aproximativ 7 milioane de hectare de teren \u00eemp\u0103durit. Chiar \u0219i a\u0219a, gradul de \u00eemp\u0103durire este de aproximativ 29 la sut\u0103, sub media european\u0103 de 32 la sut\u0103, atrage aten\u021bia WWF. Un raport al Greenpeace de anul trecut sus\u021binea c\u0103 \u00een Rom\u00e2nia sunt t\u0103iate [&hellip;]<\/p>\n","protected":false},"author":1,"featured_media":869,"comment_status":"open","ping_status":"open","sticky":false,"template":"","format":"standard","meta":{"content-type":"","footnotes":"","jetpack_publicize_message":"","jetpack_publicize_feature_enabled":true,"jetpack_social_post_already_shared":false,"jetpack_social_options":{"image_generator_settings":{"template":"highway","default_image_id":0,"font":"","enabled":false},"version":2}},"categories":[5,6],"tags":[],"class_list":["post-868","post","type-post","status-publish","format-standard","has-post-thumbnail","hentry","category-blog","category-prime"],"yoast_head":"<!-- This site is optimized with the Yoast SEO plugin v24.9 - https:\/\/yoast.com\/wordpress\/plugins\/seo\/ -->\n<title>Rom\u00e2nia pierde trei hectare de p\u0103duri pe or\u0103\u00a0 - Green24.ro<\/title>\n<meta name=\"robots\" content=\"index, follow, max-snippet:-1, max-image-preview:large, max-video-preview:-1\" \/>\n<link rel=\"canonical\" href=\"https:\/\/www.green24.ro\/index.php\/2022\/03\/07\/romania-pierde-trei-hectare-de-paduri-pe-ora\/\" \/>\n<meta property=\"og:locale\" content=\"en_US\" \/>\n<meta property=\"og:type\" content=\"article\" \/>\n<meta property=\"og:title\" content=\"Rom\u00e2nia pierde trei hectare de p\u0103duri pe or\u0103\" \/>\n<meta property=\"og:description\" content=\"Potrivit Inventarului Forestier Na\u021bional, \u021bara noastr\u0103 are aproximativ 7 milioane de hectare de teren \u00eemp\u0103durit. Chiar \u0219i a\u0219a, gradul de \u00eemp\u0103durire este de aproximativ 29 la sut\u0103, sub media european\u0103 de 32 la sut\u0103, atrage aten\u021bia WWF. Un raport al Greenpeace de anul trecut sus\u021binea c\u0103 \u00een Rom\u00e2nia sunt t\u0103iate [&hellip;]\" \/>\n<meta property=\"og:url\" content=\"https:\/\/www.green24.ro\/index.php\/2022\/03\/07\/romania-pierde-trei-hectare-de-paduri-pe-ora\/\" \/>\n<meta property=\"og:site_name\" content=\"Green24.ro\" \/>\n<meta property=\"article:publisher\" content=\"https:\/\/www.facebook.com\/green24ro\/\" \/>\n<meta property=\"article:author\" content=\"https:\/\/www.facebook.com\/green24ro\/\" \/>\n<meta property=\"article:published_time\" content=\"2022-03-07T12:34:51+00:00\" \/>\n<meta property=\"article:modified_time\" content=\"2022-03-16T14:05:10+00:00\" \/>\n<meta property=\"og:image\" content=\"https:\/\/www.green24.ro\/wp-content\/uploads\/2022\/03\/0113-rubber-progression.png\" \/>\n\t<meta property=\"og:image:width\" content=\"1193\" \/>\n\t<meta property=\"og:image:height\" content=\"739\" \/>\n\t<meta property=\"og:image:type\" content=\"image\/png\" \/>\n<meta name=\"author\" content=\"Redactia Green24\" \/>\n<meta name=\"twitter:card\" content=\"summary_large_image\" \/>\n<meta name=\"twitter:label1\" content=\"Written by\" \/>\n\t<meta name=\"twitter:data1\" content=\"Redactia Green24\" \/>\n\t<meta name=\"twitter:label2\" content=\"Est. reading time\" \/>\n\t<meta name=\"twitter:data2\" content=\"5 minutes\" \/>\n<script type=\"application\/ld+json\" class=\"yoast-schema-graph\">{\"@context\":\"https:\/\/schema.org\",\"@graph\":[{\"@type\":\"Article\",\"@id\":\"https:\/\/www.green24.ro\/index.php\/2022\/03\/07\/romania-pierde-trei-hectare-de-paduri-pe-ora\/#article\",\"isPartOf\":{\"@id\":\"https:\/\/www.green24.ro\/index.php\/2022\/03\/07\/romania-pierde-trei-hectare-de-paduri-pe-ora\/\"},\"author\":{\"name\":\"Redactia Green24\",\"@id\":\"https:\/\/www.green24.ro\/#\/schema\/person\/275c7d10a2dd4fb528a2c0ad5d633496\"},\"headline\":\"Rom\u00e2nia pierde trei hectare de p\u0103duri pe or\u0103\u00a0\",\"datePublished\":\"2022-03-07T12:34:51+00:00\",\"dateModified\":\"2022-03-16T14:05:10+00:00\",\"mainEntityOfPage\":{\"@id\":\"https:\/\/www.green24.ro\/index.php\/2022\/03\/07\/romania-pierde-trei-hectare-de-paduri-pe-ora\/\"},\"wordCount\":987,\"commentCount\":0,\"publisher\":{\"@id\":\"https:\/\/www.green24.ro\/#organization\"},\"image\":{\"@id\":\"https:\/\/www.green24.ro\/index.php\/2022\/03\/07\/romania-pierde-trei-hectare-de-paduri-pe-ora\/#primaryimage\"},\"thumbnailUrl\":\"https:\/\/www.green24.ro\/wp-content\/uploads\/2022\/03\/0113-rubber-progression.png\",\"articleSection\":[\"Blog\",\"Prime\"],\"inLanguage\":\"en-US\",\"potentialAction\":[{\"@type\":\"CommentAction\",\"name\":\"Comment\",\"target\":[\"https:\/\/www.green24.ro\/index.php\/2022\/03\/07\/romania-pierde-trei-hectare-de-paduri-pe-ora\/#respond\"]}]},{\"@type\":\"WebPage\",\"@id\":\"https:\/\/www.green24.ro\/index.php\/2022\/03\/07\/romania-pierde-trei-hectare-de-paduri-pe-ora\/\",\"url\":\"https:\/\/www.green24.ro\/index.php\/2022\/03\/07\/romania-pierde-trei-hectare-de-paduri-pe-ora\/\",\"name\":\"Rom\u00e2nia pierde trei hectare de p\u0103duri pe or\u0103\u00a0 - Green24.ro\",\"isPartOf\":{\"@id\":\"https:\/\/www.green24.ro\/#website\"},\"primaryImageOfPage\":{\"@id\":\"https:\/\/www.green24.ro\/index.php\/2022\/03\/07\/romania-pierde-trei-hectare-de-paduri-pe-ora\/#primaryimage\"},\"image\":{\"@id\":\"https:\/\/www.green24.ro\/index.php\/2022\/03\/07\/romania-pierde-trei-hectare-de-paduri-pe-ora\/#primaryimage\"},\"thumbnailUrl\":\"https:\/\/www.green24.ro\/wp-content\/uploads\/2022\/03\/0113-rubber-progression.png\",\"datePublished\":\"2022-03-07T12:34:51+00:00\",\"dateModified\":\"2022-03-16T14:05:10+00:00\",\"breadcrumb\":{\"@id\":\"https:\/\/www.green24.ro\/index.php\/2022\/03\/07\/romania-pierde-trei-hectare-de-paduri-pe-ora\/#breadcrumb\"},\"inLanguage\":\"en-US\",\"potentialAction\":[{\"@type\":\"ReadAction\",\"target\":[\"https:\/\/www.green24.ro\/index.php\/2022\/03\/07\/romania-pierde-trei-hectare-de-paduri-pe-ora\/\"]}]},{\"@type\":\"ImageObject\",\"inLanguage\":\"en-US\",\"@id\":\"https:\/\/www.green24.ro\/index.php\/2022\/03\/07\/romania-pierde-trei-hectare-de-paduri-pe-ora\/#primaryimage\",\"url\":\"https:\/\/www.green24.ro\/wp-content\/uploads\/2022\/03\/0113-rubber-progression.png\",\"contentUrl\":\"https:\/\/www.green24.ro\/wp-content\/uploads\/2022\/03\/0113-rubber-progression.png\",\"width\":1193,\"height\":739,\"caption\":\"Rom\u00e2nia pierde trei hectare de p\u0103duri pe or\u0103\"},{\"@type\":\"BreadcrumbList\",\"@id\":\"https:\/\/www.green24.ro\/index.php\/2022\/03\/07\/romania-pierde-trei-hectare-de-paduri-pe-ora\/#breadcrumb\",\"itemListElement\":[{\"@type\":\"ListItem\",\"position\":1,\"name\":\"Home\",\"item\":\"https:\/\/www.green24.ro\/\"},{\"@type\":\"ListItem\",\"position\":2,\"name\":\"Rom\u00e2nia pierde trei hectare de p\u0103duri pe or\u0103\u00a0\"}]},{\"@type\":\"WebSite\",\"@id\":\"https:\/\/www.green24.ro\/#website\",\"url\":\"https:\/\/www.green24.ro\/\",\"name\":\"Green24.ro\",\"description\":\"Antreprenoriat verde si responsabilitatea social\u0103\",\"publisher\":{\"@id\":\"https:\/\/www.green24.ro\/#organization\"},\"potentialAction\":[{\"@type\":\"SearchAction\",\"target\":{\"@type\":\"EntryPoint\",\"urlTemplate\":\"https:\/\/www.green24.ro\/?s={search_term_string}\"},\"query-input\":{\"@type\":\"PropertyValueSpecification\",\"valueRequired\":true,\"valueName\":\"search_term_string\"}}],\"inLanguage\":\"en-US\"},{\"@type\":\"Organization\",\"@id\":\"https:\/\/www.green24.ro\/#organization\",\"name\":\"Green24\",\"url\":\"https:\/\/www.green24.ro\/\",\"logo\":{\"@type\":\"ImageObject\",\"inLanguage\":\"en-US\",\"@id\":\"https:\/\/www.green24.ro\/#\/schema\/logo\/image\/\",\"url\":\"https:\/\/www.green24.ro\/wp-content\/uploads\/2022\/02\/green24-17-e1643806452346.png\",\"contentUrl\":\"https:\/\/www.green24.ro\/wp-content\/uploads\/2022\/02\/green24-17-e1643806452346.png\",\"width\":174,\"height\":174,\"caption\":\"Green24\"},\"image\":{\"@id\":\"https:\/\/www.green24.ro\/#\/schema\/logo\/image\/\"},\"sameAs\":[\"https:\/\/www.facebook.com\/green24ro\/\"]},{\"@type\":\"Person\",\"@id\":\"https:\/\/www.green24.ro\/#\/schema\/person\/275c7d10a2dd4fb528a2c0ad5d633496\",\"name\":\"Redactia Green24\",\"image\":{\"@type\":\"ImageObject\",\"inLanguage\":\"en-US\",\"@id\":\"https:\/\/www.green24.ro\/#\/schema\/person\/image\/\",\"url\":\"https:\/\/secure.gravatar.com\/avatar\/ff0d3a759f98829f7ca35637ba02cb3c?s=96&d=mm&r=g\",\"contentUrl\":\"https:\/\/secure.gravatar.com\/avatar\/ff0d3a759f98829f7ca35637ba02cb3c?s=96&d=mm&r=g\",\"caption\":\"Redactia Green24\"},\"description\":\"Green24.ro este sursa zilnic\u0103 de \u0219tiri, online, pentru cei interesa\u021bi de mediul \u00eenconjur\u0103tor.\",\"sameAs\":[\"https:\/\/green24.ro\",\"https:\/\/www.facebook.com\/green24ro\/\"],\"url\":\"https:\/\/www.green24.ro\/index.php\/author\/admin\/\"}]}<\/script>\n<!-- \/ Yoast SEO plugin. -->","yoast_head_json":{"title":"Rom\u00e2nia pierde trei hectare de p\u0103duri pe or\u0103\u00a0 - Green24.ro","robots":{"index":"index","follow":"follow","max-snippet":"max-snippet:-1","max-image-preview":"max-image-preview:large","max-video-preview":"max-video-preview:-1"},"canonical":"https:\/\/www.green24.ro\/index.php\/2022\/03\/07\/romania-pierde-trei-hectare-de-paduri-pe-ora\/","og_locale":"en_US","og_type":"article","og_title":"Rom\u00e2nia pierde trei hectare de p\u0103duri pe or\u0103","og_description":"Potrivit Inventarului Forestier Na\u021bional, \u021bara noastr\u0103 are aproximativ 7 milioane de hectare de teren \u00eemp\u0103durit. Chiar \u0219i a\u0219a, gradul de \u00eemp\u0103durire este de aproximativ 29 la sut\u0103, sub media european\u0103 de 32 la sut\u0103, atrage aten\u021bia WWF. Un raport al Greenpeace de anul trecut sus\u021binea c\u0103 \u00een Rom\u00e2nia sunt t\u0103iate [&hellip;]","og_url":"https:\/\/www.green24.ro\/index.php\/2022\/03\/07\/romania-pierde-trei-hectare-de-paduri-pe-ora\/","og_site_name":"Green24.ro","article_publisher":"https:\/\/www.facebook.com\/green24ro\/","article_author":"https:\/\/www.facebook.com\/green24ro\/","article_published_time":"2022-03-07T12:34:51+00:00","article_modified_time":"2022-03-16T14:05:10+00:00","og_image":[{"width":1193,"height":739,"url":"https:\/\/www.green24.ro\/wp-content\/uploads\/2022\/03\/0113-rubber-progression.png","type":"image\/png"}],"author":"Redactia Green24","twitter_card":"summary_large_image","twitter_misc":{"Written by":"Redactia Green24","Est. reading time":"5 minutes"},"schema":{"@context":"https:\/\/schema.org","@graph":[{"@type":"Article","@id":"https:\/\/www.green24.ro\/index.php\/2022\/03\/07\/romania-pierde-trei-hectare-de-paduri-pe-ora\/#article","isPartOf":{"@id":"https:\/\/www.green24.ro\/index.php\/2022\/03\/07\/romania-pierde-trei-hectare-de-paduri-pe-ora\/"},"author":{"name":"Redactia Green24","@id":"https:\/\/www.green24.ro\/#\/schema\/person\/275c7d10a2dd4fb528a2c0ad5d633496"},"headline":"Rom\u00e2nia pierde trei hectare de p\u0103duri pe or\u0103\u00a0","datePublished":"2022-03-07T12:34:51+00:00","dateModified":"2022-03-16T14:05:10+00:00","mainEntityOfPage":{"@id":"https:\/\/www.green24.ro\/index.php\/2022\/03\/07\/romania-pierde-trei-hectare-de-paduri-pe-ora\/"},"wordCount":987,"commentCount":0,"publisher":{"@id":"https:\/\/www.green24.ro\/#organization"},"image":{"@id":"https:\/\/www.green24.ro\/index.php\/2022\/03\/07\/romania-pierde-trei-hectare-de-paduri-pe-ora\/#primaryimage"},"thumbnailUrl":"https:\/\/www.green24.ro\/wp-content\/uploads\/2022\/03\/0113-rubber-progression.png","articleSection":["Blog","Prime"],"inLanguage":"en-US","potentialAction":[{"@type":"CommentAction","name":"Comment","target":["https:\/\/www.green24.ro\/index.php\/2022\/03\/07\/romania-pierde-trei-hectare-de-paduri-pe-ora\/#respond"]}]},{"@type":"WebPage","@id":"https:\/\/www.green24.ro\/index.php\/2022\/03\/07\/romania-pierde-trei-hectare-de-paduri-pe-ora\/","url":"https:\/\/www.green24.ro\/index.php\/2022\/03\/07\/romania-pierde-trei-hectare-de-paduri-pe-ora\/","name":"Rom\u00e2nia pierde trei hectare de p\u0103duri pe or\u0103\u00a0 - Green24.ro","isPartOf":{"@id":"https:\/\/www.green24.ro\/#website"},"primaryImageOfPage":{"@id":"https:\/\/www.green24.ro\/index.php\/2022\/03\/07\/romania-pierde-trei-hectare-de-paduri-pe-ora\/#primaryimage"},"image":{"@id":"https:\/\/www.green24.ro\/index.php\/2022\/03\/07\/romania-pierde-trei-hectare-de-paduri-pe-ora\/#primaryimage"},"thumbnailUrl":"https:\/\/www.green24.ro\/wp-content\/uploads\/2022\/03\/0113-rubber-progression.png","datePublished":"2022-03-07T12:34:51+00:00","dateModified":"2022-03-16T14:05:10+00:00","breadcrumb":{"@id":"https:\/\/www.green24.ro\/index.php\/2022\/03\/07\/romania-pierde-trei-hectare-de-paduri-pe-ora\/#breadcrumb"},"inLanguage":"en-US","potentialAction":[{"@type":"ReadAction","target":["https:\/\/www.green24.ro\/index.php\/2022\/03\/07\/romania-pierde-trei-hectare-de-paduri-pe-ora\/"]}]},{"@type":"ImageObject","inLanguage":"en-US","@id":"https:\/\/www.green24.ro\/index.php\/2022\/03\/07\/romania-pierde-trei-hectare-de-paduri-pe-ora\/#primaryimage","url":"https:\/\/www.green24.ro\/wp-content\/uploads\/2022\/03\/0113-rubber-progression.png","contentUrl":"https:\/\/www.green24.ro\/wp-content\/uploads\/2022\/03\/0113-rubber-progression.png","width":1193,"height":739,"caption":"Rom\u00e2nia pierde trei hectare de p\u0103duri pe or\u0103"},{"@type":"BreadcrumbList","@id":"https:\/\/www.green24.ro\/index.php\/2022\/03\/07\/romania-pierde-trei-hectare-de-paduri-pe-ora\/#breadcrumb","itemListElement":[{"@type":"ListItem","position":1,"name":"Home","item":"https:\/\/www.green24.ro\/"},{"@type":"ListItem","position":2,"name":"Rom\u00e2nia pierde trei hectare de p\u0103duri pe or\u0103\u00a0"}]},{"@type":"WebSite","@id":"https:\/\/www.green24.ro\/#website","url":"https:\/\/www.green24.ro\/","name":"Green24.ro","description":"Antreprenoriat verde si responsabilitatea social\u0103","publisher":{"@id":"https:\/\/www.green24.ro\/#organization"},"potentialAction":[{"@type":"SearchAction","target":{"@type":"EntryPoint","urlTemplate":"https:\/\/www.green24.ro\/?s={search_term_string}"},"query-input":{"@type":"PropertyValueSpecification","valueRequired":true,"valueName":"search_term_string"}}],"inLanguage":"en-US"},{"@type":"Organization","@id":"https:\/\/www.green24.ro\/#organization","name":"Green24","url":"https:\/\/www.green24.ro\/","logo":{"@type":"ImageObject","inLanguage":"en-US","@id":"https:\/\/www.green24.ro\/#\/schema\/logo\/image\/","url":"https:\/\/www.green24.ro\/wp-content\/uploads\/2022\/02\/green24-17-e1643806452346.png","contentUrl":"https:\/\/www.green24.ro\/wp-content\/uploads\/2022\/02\/green24-17-e1643806452346.png","width":174,"height":174,"caption":"Green24"},"image":{"@id":"https:\/\/www.green24.ro\/#\/schema\/logo\/image\/"},"sameAs":["https:\/\/www.facebook.com\/green24ro\/"]},{"@type":"Person","@id":"https:\/\/www.green24.ro\/#\/schema\/person\/275c7d10a2dd4fb528a2c0ad5d633496","name":"Redactia Green24","image":{"@type":"ImageObject","inLanguage":"en-US","@id":"https:\/\/www.green24.ro\/#\/schema\/person\/image\/","url":"https:\/\/secure.gravatar.com\/avatar\/ff0d3a759f98829f7ca35637ba02cb3c?s=96&d=mm&r=g","contentUrl":"https:\/\/secure.gravatar.com\/avatar\/ff0d3a759f98829f7ca35637ba02cb3c?s=96&d=mm&r=g","caption":"Redactia Green24"},"description":"Green24.ro este sursa zilnic\u0103 de \u0219tiri, online, pentru cei interesa\u021bi de mediul \u00eenconjur\u0103tor.","sameAs":["https:\/\/green24.ro","https:\/\/www.facebook.com\/green24ro\/"],"url":"https:\/\/www.green24.ro\/index.php\/author\/admin\/"}]}},"jetpack_publicize_connections":[],"jetpack_featured_media_url":"https:\/\/www.green24.ro\/wp-content\/uploads\/2022\/03\/0113-rubber-progression.png","jetpack_sharing_enabled":true,"_links":{"self":[{"href":"https:\/\/www.green24.ro\/index.php\/wp-json\/wp\/v2\/posts\/868","targetHints":{"allow":["GET"]}}],"collection":[{"href":"https:\/\/www.green24.ro\/index.php\/wp-json\/wp\/v2\/posts"}],"about":[{"href":"https:\/\/www.green24.ro\/index.php\/wp-json\/wp\/v2\/types\/post"}],"author":[{"embeddable":true,"href":"https:\/\/www.green24.ro\/index.php\/wp-json\/wp\/v2\/users\/1"}],"replies":[{"embeddable":true,"href":"https:\/\/www.green24.ro\/index.php\/wp-json\/wp\/v2\/comments?post=868"}],"version-history":[{"count":5,"href":"https:\/\/www.green24.ro\/index.php\/wp-json\/wp\/v2\/posts\/868\/revisions"}],"predecessor-version":[{"id":901,"href":"https:\/\/www.green24.ro\/index.php\/wp-json\/wp\/v2\/posts\/868\/revisions\/901"}],"wp:featuredmedia":[{"embeddable":true,"href":"https:\/\/www.green24.ro\/index.php\/wp-json\/wp\/v2\/media\/869"}],"wp:attachment":[{"href":"https:\/\/www.green24.ro\/index.php\/wp-json\/wp\/v2\/media?parent=868"}],"wp:term":[{"taxonomy":"category","embeddable":true,"href":"https:\/\/www.green24.ro\/index.php\/wp-json\/wp\/v2\/categories?post=868"},{"taxonomy":"post_tag","embeddable":true,"href":"https:\/\/www.green24.ro\/index.php\/wp-json\/wp\/v2\/tags?post=868"}],"curies":[{"name":"wp","href":"https:\/\/api.w.org\/{rel}","templated":true}]}}