{"id":1861,"date":"2023-11-01T15:34:26","date_gmt":"2023-11-01T13:34:26","guid":{"rendered":"https:\/\/www.green24.ro\/?p=1861"},"modified":"2023-11-01T15:34:28","modified_gmt":"2023-11-01T13:34:28","slug":"premiera-in-romania-amenda-record-de-35-milioane-de-euro-pentru-diminuarea-spatiului-verde","status":"publish","type":"post","link":"https:\/\/www.green24.ro\/index.php\/2023\/11\/01\/premiera-in-romania-amenda-record-de-35-milioane-de-euro-pentru-diminuarea-spatiului-verde\/","title":{"rendered":"Premier\u0103 \u00een Rom\u00e2nia: amend\u0103 record de 35 milioane de euro pentru diminuarea spa\u021biului verde"},"content":{"rendered":"<p style=\"text-align: justify;\">Proprietarii celor 12 hectare retrocedate \u00een Parcul IOR au fost amenda\u021bi de Prim\u0103ria Capitalei, prin Poli\u021bia Local\u0103, cu 35 milioane de euro pentru diminuarea spa\u021biului verde, a anun\u021bat primarul general, Nicu\u0219or Dan. Amenda a fost dat\u0103 pentru c\u0103 pe o suprafa\u021b\u0103 de 9.000 mp din spa\u021biul verde au fost sco\u0219i arborii \u0219i iarba \u0219i zona a fost nivelat\u0103.<\/p>\n<p style=\"text-align: justify;\">\u201eAm venit s\u0103 anun\u021b\u0103m amenda pe care Poli\u021bia Local\u0103 a dat-o ieri proprietarului din Parcul IOR, doamna Cocoru, \u00een sum\u0103 de 35 de milioane de euro. \u021ain s\u0103 felicit Polia Local\u0103 a Municipiului Bucure\u0219ti pentru acest gest. \u00cen sf\u00e2r\u0219it Poli\u021bia Local\u0103 a Municipiului Bucure\u0219ti se comport\u0103 ca o autoritate care ap\u0103r\u0103 interesele cet\u0103\u021benilor\u201d, a declarat Nicu\u0219or Dan.<\/p>\n<p style=\"text-align: justify;\"><strong>Nicu\u0219or Dan: \u201eAici am avut de a face cu o b\u0103taie de joc la adresa cet\u0103\u021benilor \u0219i a interesului public\u201d<\/strong><\/p>\n<p><strong>Amenda a fost dat\u0103 \u00een baza Legii 24\/2007 privind spa\u021biile verzi.<\/strong><\/p>\n<p style=\"text-align: justify;\">\u201eAici am avut de a face cu o b\u0103taie de joc la adresa cet\u0103\u021benilor \u0219i a interesului public, care \u00een sf\u00e2r\u0219it este penalizat\u0103 de autoritatea public\u0103. Este vorba de un articol din Legea 24\/2007 care interzice reducerea suprafe\u021belor de spa\u021biu verde \u0219i este foarte important ca acest articol s\u0103 r\u0103m\u00e2n\u0103 \u00een Legea 24, at\u00e2t prin anumite propuneri care s-au f\u0103cut la Codul Urbanismului c\u00e2t \u0219i de modificare a Legii 24, care sunt dezb\u0103tute \u00een Parlament, acest articol ar urma s\u0103 dispar\u0103. Este un articol care penalizeaz\u0103 schimbarea destina\u021biei spa\u021biului verde sau reducerea suprafe\u021bei spa\u021biului verde cu o sum\u0103 \u00eentre 10.000 \u0219i 20.000 lei\/mp\u201d, a explicat Nicu\u0219or Dan.<\/p>\n<p><strong>Amenda poate fi contestat\u0103 \u00een instan\u021b\u0103 de proprietari.<\/strong><\/p>\n<p><strong>\u00cen ceea ce prive\u0219te atacarea titlului de proprietate \u00een instan\u021b\u0103, primarul general a fost destul de rezervat.<\/strong><\/p>\n<p style=\"text-align: justify;\">\u201eCred c\u0103 sunt 6 luni de c\u00e2nd ne preocup\u0103 situa\u021bia Parcului IOR \u0219i ac\u021bion\u0103m pe dou\u0103 planuri: un plan, dreptul de proprietate. Cel de-al doilea plan, amenda pe care am dat-o azi, pe care nu am dat-o s\u0103 o d\u0103m s\u0103 facem un spectacol TV, am dat-o ca s\u0103 fie pl\u0103tit\u0103 de proprietarul care a f\u0103cut aceste fapte \u0219i pentru asta analiza juridic\u0103 a fost foarte-foarte am\u0103nun\u021bit\u0103. \u00cen ceea ce prive\u0219te partea de proprietate, exist\u0103 de asemenea, o analiz\u0103 foarte am\u0103nun\u021bit\u0103 \u0219i marea problem\u0103 este c\u0103 \u00eentr-un litigiu \u00een care municipiul a fost parte, s-a stabilit opozabil \u0219i fa\u021b\u0103 de primarul municipiului Bucure\u0219ti \u0219i fa\u021b\u0103 de Municipiul Bucure\u0219ti \u0219i Sectorul 3, c\u0103 aici nu este parc. \u0218i atunci, din considerentul \u0103sta, o ac\u021biune pe care noi s\u0103 o facem pe partea de proprietate, are destul de pu\u021bine \u0219anse de reu\u0219it\u0103.<\/p>\n<p style=\"text-align: justify;\">Nu vreau s\u0103 comentez ac\u021biunea Prefectului. Dar vreau s\u0103 v\u0103 informez c\u0103 cu la fel de mare tamtam prefectul Grebl\u0103 a atacat actele de retrocedare pentru Parcul Bordei \u0219i instan\u021ba le-a respins ca tardive fiindc\u0103 institu\u021bia prefectului cuno\u0219te de 20 de ani dispozi\u021bia de retrocedare.Nu vreau s\u0103 comentez ac\u021biunea prefectului, eu mi-a\u0219 dori s\u0103 aib\u0103 succes. Suntem \u00een contact cu ONG-urile \u0219i sper\u0103m ca cineva care nu are \u00een spate toat\u0103 aceast\u0103 istorie procesual\u0103 s\u0103 reu\u0219easc\u0103 s\u0103 anuleze dispozi\u021bia de retrocedare\u201d, a explicat Nicu\u0219or Dan.<\/p>\n<p style=\"text-align: justify;\"><strong>Robert Negoi\u021b\u0103 l-a p\u00e2ndit pe Nicu\u0219or Dan &#8211; L-a acuzat c\u0103-i blocheaz\u0103 proiectele din sector<\/strong><\/p>\n<p style=\"text-align: justify;\">Primarul Sectorului 3, Robert Negoi\u021b\u0103, a venit \u0219i el la conferin\u021ba de pres\u0103 sus\u021binut\u0103 de Nicu\u0219or Dan \u0219i a acuzat c\u0103 primarul general \u00eei blocheaz\u0103 proiectele de fluidizarea traficului \u0219i a acuzat lipsa de colaborare cu Nicu\u0219or Dan, c\u0103 nu \u00eei r\u0103spunde la telefon.<\/p>\n<p><strong>Primarul general a spus c\u0103 nu a venit s\u0103 vorbeasc\u0103 despre asta, ci despre Parcul IOR.<\/strong><\/p>\n<p><strong>Cet\u0103\u021benii au strigat la Negoi\u021b\u0103 c\u0103 nu doresc f\u00e2nt\u00e2nile arteziene din Parcurile IOR \u0219i Br\u0103\u021b\u0103rii.<\/strong><\/p>\n<p><strong>Prefectul Bucure\u0219tiului a atacat dispozi\u021bia de retrocedare a parcului<\/strong><\/p>\n<p style=\"text-align: justify;\">Prefectul Municipiului Bucure\u0219ti, Rare\u0219 Hopinc\u0103,\u00a0a atacat recent \u00een instan\u021b\u0103\u00a0dispozi\u021bia de retrocedare a celor circa 12 ha din Parcul IOR. Acesta a spus c\u0103 a g\u0103sit mai multe elemente v\u0103dite de nelegalitate, iar retrocedarea a fost abuziv\u0103.<\/p>\n<p><strong>Cererea de chemare \u00een judecat\u0103 a fost depus\u0103 luni, Prim\u0103ria Capitalei fiind chemat\u0103 \u00een judecat\u0103, institu\u021bia fiind emitentul dispozi\u021biilor de retrocedare.<\/strong><\/p>\n<p style=\"text-align: justify;\">\u201e\u00cen urma analizei celor dou\u0103 dispozi\u021bii privind retrocedarea acestor 12 ha, parte din Parcul IOR, am decis s\u0103 le atac \u00een instan\u021b\u0103 \u0219i s\u0103 cer anularea lor. \u00cen opinia mea exist\u0103 elemente v\u0103dite de nelegalitate \u00een ceea ce prive\u0219te \u00eentocmirea \u0219i aprobarea lor de primarul general al municipiului Bucure\u0219ti, \u00een anul 2005. Din punctul meu de vedere acest teren de 12 ha trebuie s\u0103 r\u0103m\u00e2n\u0103 \u00een domeniul public al Municipiului Bucure\u0219ti. Acest teren nu putea fi retrocedat niciodat\u0103, iar retrocedarea din 2005 a fost abuziv\u0103\u201d, a declarat prefectul Rare\u0219 Hopinc\u0103 la vremea respectiv\u0103.<\/p>\n<p style=\"text-align: justify;\">Prefectul a spus c\u0103 principalul motiv de nelegalitate este c\u0103 terenul a fost retrocedat pe Legea 10, de\u0219i era teren arabil.<\/p>\n<p style=\"text-align: justify;\">\u201eAceste 12 ha fac parte dintr-un corp de 767 de teren arabil constituit \u00een anul 1921 \u00een proprietatea unui cet\u0103\u021bean numit Ivan Gruef. \u00cen anul 1945, statul rom\u00e2n expropriaz\u0103 acest teren arabil \u00een suprafa\u021b\u0103 de 12 ha de la numi\u021bii Ivan Gruef \u0219i Elena Cantacuzino, \u00een baza Legii 187\/1945 privind reforma agrar\u0103. Este foarte important de men\u021bionat acest lucru, acest teren a fost tot timpul teren arabil. \u00cen anul 2005, ingnor\u00e2ndu-se faptul c\u0103 a fost teren arabil. Acest teren a fost retrocedat \u00een baza Legii 10\/2001 \u0219i nu pe baza Legii 18\/1991, cum cere \u00een mod explicit legea. Este un element v\u0103dit de nelegalitate pe care instan\u021ba l-a constatat deja la fond, \u00een procesul intentat de Prim\u0103ria Sectorului 3 \u0219i care trebuie s\u0103 duc\u0103 f\u0103r\u0103 niciun fel de dubiu la anularea acestor dispozi\u021bii de retrocedare\u201d, a explicat Hopinc\u0103.<\/p>\n<p><strong>\u00cen plus, acest teren, de la momentul exproprierii sale \u00een 1945, a fost tot timpul domeniul public al statului, a mai spus prefectul.<\/strong><\/p>\n<p style=\"text-align: justify;\">\u201eA fost parc. Din fericire, Google are o memorie foarte bun\u0103. Dac\u0103 vom c\u0103uta imaginile din 2003-2005, vom vedea c\u0103 aici au fost alei \u0219i nu \u00een mod abuziv, cum sus\u021bine Prim\u0103ria General\u0103, c\u0103 era c\u00e2mp, neafectat de nicio investi\u021bie public\u0103. Acest teren a fost domeniul public al statului \u0219i el trebuie s\u0103 redevin\u0103 domeniul public al statului. Am \u00eencredere c\u0103 aceste dispozi\u021bii vor fi anulate fiindc\u0103 suntem cu dreptatea \u00een m\u00e2n\u0103. Rog Grupul de Ini\u021biativ\u0103 Civic\u0103 Parcul IOR, rog ONG-urile de mediu, cet\u0103\u021benii interesa\u021bi de salvarea parcului s\u0103 fac\u0103 cerere de interven\u021bie \u00een dosar pentru a prezenta elemente \u00een plus fa\u021b\u0103 de elementele prezentate de noi, dac\u0103 au. Dac\u0103 primarul general consider\u0103, cum a declarat \u00een repetate r\u00e2nduri, c\u0103 acest teren este domeniul public al statului are ocazia s\u0103 spun\u0103 acest lucru \u00een instan\u021b\u0103, \u00een cazul procesului intentat de noi\u201d, a mai spus Rare\u0219 Hopinc\u0103.<\/p>\n<p><strong>Litigiul va fi notificat la Cartea Funciar\u0103, iar dac\u0103 instan\u021ba nu le va da dreptate, Prim\u0103ria Capitalei poate expropria spa\u021biul verde.<\/strong><\/p>\n<p style=\"text-align: justify;\">\u201eDup\u0103 ce dosarul va primi num\u0103r, vom scoate un certificat de gref\u0103 pe care noi, Institu\u021bia Prefectului, \u00eel vom \u00eenscrie la cartea funciar\u0103 astfel \u00eenc\u00e2t imobilul s\u0103 nu poat\u0103 fi \u00eenstr\u0103inat, doanat, \u0219amd, ca s\u0103 nu se piard\u0103 urma tranzac\u021biei nelegale din 2005. \u00cen toat\u0103 aceast\u0103 zon\u0103 au avut loc o serie de distrugeri, exist\u0103 dosare de cercetare penal\u0103 deschise la nivelul Poli\u021biei Capitalei, care sunt \u00een lucru, \u0219i sper c\u00e2t mai repede s\u0103 identific\u0103m totu\u0219i cine este responsabil de aceste distrugeri fiindc\u0103 este ilogic ca doar \u00een aceast\u0103 zon\u0103 a Bucure\u0219tiului s\u0103 apar\u0103 incendii de mari propor\u021bii, care s\u0103 distrug\u0103 vegeta\u021bia s\u0103n\u0103toas\u0103. Aceast\u0103 ac\u021biune este corect\u0103 \u0219i am toat\u0103 \u00eencrederea c\u0103 o vom c\u00e2\u0219tiga \u00een instan\u021b\u0103, dar dac\u0103 printr-o \u00eentors\u0103tur\u0103 absolut ilogic\u0103 \u0219i nedreap\u0103, lucrurile nu vor sta a\u0219a, oric\u00e2nd acest imobil se poate expropria, dar nu este corect fa\u021b\u0103 de municipiul Bucure\u0219ti, fa\u021b\u0103 de bugetele publice, s\u0103 se exproprieze \u00eenainte de a recupera pe cale legal\u0103 acest teren printr-o ac\u021biune \u00een instan\u021b\u0103\u201d, a mai spus Hopinc\u0103.<\/p>\n<p><strong>15 incendii pe suprafa\u021ba retrocedat\u0103 \u00een mai pu\u021bin de doi ani<\/strong><\/p>\n<p style=\"text-align: justify;\">De la \u00eenceputul anului 2022 p\u00e2n\u0103 la finalul lunii august 2023, pe cele circa 12 ha retrocedate \u00een Parcul IOR,\u00a0au avut loc 15 incendii,\u00a0\u00een care au ars peste 2 ha din spa\u021biul verde, potrivit datelor transmise de Inspectoratul pentru Situa\u021bii de Urgen\u021b\u0103 Bucure\u0219ti Ilfov la solicitarea HotNews.ro. La 11 din cele 15 incendii, cauza probabil\u0103 stabilit\u0103 de pompieri este c\u0103 focul ar fi pornit de la o \u021bigar\u0103, dou\u0103 incendii au pornit din cauza focului pus inten\u021bionat, iar la restul de la foc f\u0103cut pe spa\u021biul verde, care a sc\u0103pat de sub control, se arat\u0103 \u00een r\u0103spunsul transmis de pompieri la solicitarea Hotnews.ro.<\/p>\n<p style=\"text-align: justify;\">De la \u00eenceputul anului, zeci de arbori de pe bucata retrocedat\u0103 din parcul IOR, aproape 12 ha, s-au t\u0103iat \u00eenc\u00e2t din parc se v\u0103d blocurile de pe bd. Nicolae Grigorescu, de\u0219i \u00eenainte era \u201ep\u0103dure\u201d acolo. Cet\u0103\u021benii din zon\u0103 au alertat Poli\u021bia Local\u0103 care i-a amendat pe f\u0103pta\u0219i, \u00eens\u0103 amenda maxim\u0103 este de 100 lei pentru persoane fizice, iar \u00een 15 zile poate fi pl\u0103tit jum\u0103tate din minim, respectiv 25 de lei. \u00cen afar\u0103 de aceste amenzi simbolice, autorit\u0103\u021bile nu au f\u0103cut nimic pentru a opri m\u0103celul arborilor. Anul trecut, suprafe\u021be importante din spa\u021biul verde au luat foc, iar zeci de copaci s-au uscat \u00een mod misterios, fiind g\u0103urit trunchiul.<\/p>\n<p style=\"text-align: justify;\">Reamintim c\u0103 cele circa 12 hectare de spa\u021biu verde au fost retrocedate \u00een 2005, iar anul trecut, proprietarii sau chiria\u0219ii au anun\u021bat c\u0103 doresc\u00a0s\u0103 construiasc\u0103 acolo un parc de distrac\u021bii.<\/p>\n<p><strong>FOTO Cum ar\u0103ta zona retrocedat\u0103 dup\u0103 incendiul de pe 29 august 2023<\/strong><\/p>\n<p><img loading=\"lazy\" decoding=\"async\" class=\"size-full wp-image-1862\" src=\"https:\/\/www.green24.ro\/wp-content\/uploads\/2023\/11\/image-2023-08-30-26496958-0-bucata-retrocedata-ior-dupa-incendiul-din-august-2023.jpg\" alt=\"FOTO Cum ar\u0103ta zona retrocedat\u0103 dup\u0103 incendiul de pe 29 august 2023\" width=\"1327\" height=\"995\" srcset=\"https:\/\/www.green24.ro\/wp-content\/uploads\/2023\/11\/image-2023-08-30-26496958-0-bucata-retrocedata-ior-dupa-incendiul-din-august-2023.jpg 1327w, https:\/\/www.green24.ro\/wp-content\/uploads\/2023\/11\/image-2023-08-30-26496958-0-bucata-retrocedata-ior-dupa-incendiul-din-august-2023-300x225.jpg 300w, https:\/\/www.green24.ro\/wp-content\/uploads\/2023\/11\/image-2023-08-30-26496958-0-bucata-retrocedata-ior-dupa-incendiul-din-august-2023-1024x768.jpg 1024w, https:\/\/www.green24.ro\/wp-content\/uploads\/2023\/11\/image-2023-08-30-26496958-0-bucata-retrocedata-ior-dupa-incendiul-din-august-2023-768x576.jpg 768w\" sizes=\"auto, (max-width: 1327px) 100vw, 1327px\" \/><\/p>\n<p style=\"text-align: justify;\">Prim\u0103ria Sectorului 3 ne-a comunicat \u00een luna august c\u0103 \u00een perioada mai sus men\u021bionat\u0103 au avut loc 17 incendii, \u00eens\u0103 cel mai probabil nu la toate au fost chema\u021bi pompierii, fiind stinse rapid. De aceea \u00een eviden\u021bele pompierilor apar doar 15 incendii.<\/p>\n<p style=\"text-align: justify;\">Pe cele circa 12 ha retrocedate \u00een Parcul IOR era \u00een urm\u0103 cu 3 ani \u201ep\u0103dure\u201d. De atunci \u00eens\u0103 spa\u021biul verde a fost distrus \u00een mod sistematic, aproape to\u021bi copacii s-au uscat \u00een mod misterios, sau au ars \u00een incendii, o parte fiind t\u0103ia\u021bi \u00een mod ilegal, dup\u0103 cum a r\u0103spuns Prim\u0103ria Capitalei. Autorit\u0103\u021bile nu fac nimic concret pentru a salva zona.<\/p>\n<p><strong>\u00cen 2009, cele circa 12 hectare retrocedate erau amenajate ca parc<\/strong><\/p>\n<p style=\"text-align: justify;\">\u00cen 2009 cele circa 12 hectare retrocedate din Parcul IOR erau amenajate ca parc. O arat\u0103 \u0219i mai multe imagini din istoria Google Maps &#8211; Street View. Se v\u0103d aleile, trandafirii frumos \u00eentre\u021binu\u021bi, iarba tuns\u0103, mobilierul urban.<\/p>\n<p style=\"text-align: justify;\">Ulterior, devenind proprietate privat\u0103, spa\u021biul verde nu a mai fost \u00eentre\u021binut fiind l\u0103sat \u00een paragin\u0103. De la \u00eenceputul acestui an, zeci de copaci au fost t\u0103ia\u021bi f\u0103r\u0103 aviz, iar locuitorii din zon\u0103 lupt\u0103 pentru salvarea parcului.<\/p>\n<p><img loading=\"lazy\" decoding=\"async\" class=\"size-full wp-image-1863\" src=\"https:\/\/www.green24.ro\/wp-content\/uploads\/2023\/11\/image-2023-05-24-26287231-0-bucata-retrocedata-din-parcul-ior-2009.png\" alt=\"\u00cen 2009, cele circa 12 hectare retrocedate erau amenajate ca parc\n\" width=\"1847\" height=\"821\" srcset=\"https:\/\/www.green24.ro\/wp-content\/uploads\/2023\/11\/image-2023-05-24-26287231-0-bucata-retrocedata-din-parcul-ior-2009.png 1847w, https:\/\/www.green24.ro\/wp-content\/uploads\/2023\/11\/image-2023-05-24-26287231-0-bucata-retrocedata-din-parcul-ior-2009-300x133.png 300w, https:\/\/www.green24.ro\/wp-content\/uploads\/2023\/11\/image-2023-05-24-26287231-0-bucata-retrocedata-din-parcul-ior-2009-1024x455.png 1024w, https:\/\/www.green24.ro\/wp-content\/uploads\/2023\/11\/image-2023-05-24-26287231-0-bucata-retrocedata-din-parcul-ior-2009-768x341.png 768w, https:\/\/www.green24.ro\/wp-content\/uploads\/2023\/11\/image-2023-05-24-26287231-0-bucata-retrocedata-din-parcul-ior-2009-1536x683.png 1536w\" sizes=\"auto, (max-width: 1847px) 100vw, 1847px\" \/><\/p>\n<p style=\"text-align: justify;\"><strong>Prim\u0103ria Sectorului 3 cere Prim\u0103riei Capitalei s\u0103 exproprieze spa\u021biul verde<\/strong><\/p>\n<p style=\"text-align: justify;\">\u00cen luna iunie 2023, Consiliul Local Sector 3 a aprobat o hot\u0103r\u00e2re prin care cere Prim\u0103riei Capitalei s\u0103 exproprieze cei circa 12.000 mp retroceda\u021bi \u00een Parcul IOR. Proiectul a fost ini\u021biat de consilierii PNL.<\/p>\n<p style=\"text-align: justify;\">Dup\u0103 expropriere, Prim\u0103ria Sectorului 3 va cere terenul \u00een administrare ca s\u0103 amenajeze spa\u021biul verde, l\u0103sat \u00een paragin\u0103 dup\u0103 punerea \u00een posesie.<\/p>\n<p style=\"text-align: justify;\">\u00cen ceea ce prive\u0219te banii necesari expropriere, ini\u021biatorul a spus c\u0103 exproprierea va fi suportat\u0103 de Prim\u0103ria Capitalei, dar \u0219i Sectorul 3 va contribui cu bani dac\u0103 i se va cere acest lucru.<\/p>\n<p style=\"text-align: justify;\"><em><strong>Prim\u0103ria Sectorului 3 a pierdut definitiv procesul pentru cele 11 hectare retrocedate \u00een Parcul IOR \/ \u00cen 10 ani de procese, prim\u0103ria nu a putut demonstra c\u0103 acolo este parc.<\/strong><\/em><\/p>\n<p style=\"text-align: justify;\"><strong>Cet\u0103\u021benii cer \u00een instan\u021b\u0103 oprirea defri\u0219\u0103rilor.<\/strong><\/p>\n<p style=\"text-align: justify;\">Greenpeace Romania \u0219i Funda\u021bia Eco-Civica, care au militat \u00een ultimele luni pentru salvarea parcului, au cerut \u00een luna mai oprirea lucr\u0103rilor de t\u0103iere a arborilor de pe cele circa 12 ha prin Ordonan\u021b\u0103 pre\u0219edin\u021bial\u0103, \u00eens\u0103 au pierdut procesul \u00een prima instan\u021b\u0103. Urmeaz\u0103 s\u0103 fac\u0103 recurs.<\/p>\n<p style=\"text-align: justify;\">Ace\u0219tia au depus \u0219i la Tribunal ac\u021biunea pe fond, \u00een vederea oblig\u0103rii proprietarei de a asigura paza zonei verzi retrocedate din parc \u0219i aducerea ei la starea ini\u021bial\u0103.<\/p>\n<p style=\"text-align: justify;\"><strong>Istoria distrugerilor<\/strong><\/p>\n<p style=\"text-align: justify;\">De la \u00eenceputul anului, zeci de arbori de pe bucata retrocedat\u0103 din parcul IOR, aproape 12 ha, s-au t\u0103iat a\u0219a de mul\u021bi copaci \u00eenc\u00e2t din parc se v\u0103d blocurile de pe bd. Nicolae Grigorescu, de\u0219i \u00eenainte era \u201ep\u0103dure\u201d acolo. Cet\u0103\u021benii din zon\u0103 au alertat Poli\u021bia Local\u0103 care i-a amendat pe f\u0103pta\u0219i, \u00eens\u0103 amenda maxim\u0103 este de 100 lei pentru persoane fizice, iar \u00een 15 zile poate fi pl\u0103tit jum\u0103tate din minim, respectiv 25 de lei. \u00cen afar\u0103 de aceste amenzi simbolice, autorit\u0103\u021bile nu au f\u0103cut nimic pentru a opri m\u0103celul arborilor. Anul trecut, suprafe\u021be importante din spa\u021biul verde au luat foc, iar zeci de copaci s-au uscat \u00een mod misterios, fiind g\u0103urit trunchiul.<\/p>\n<p style=\"text-align: justify;\">Reamintim c\u0103 cele circa 12 hectare de spa\u021biu verde au fost retrocedate \u00een 2005, iar anul trecut, proprietarii sau chiria\u0219ii au anun\u021bat c\u0103 doresc s\u0103 construiasc\u0103 acolo un parc de distrac\u021bii.<\/p>\n<p><strong>\u00cen 2022 zona era plin\u0103 de vegeta\u021bie<\/strong><\/p>\n<p style=\"text-align: justify;\"><strong>\u00cen luna decembrie 2022 pe teren erau sute de arbori, majoritatea \u00een stare bun\u0103, dar \u0219i mai mul\u021bi arbu\u0219ti.<\/strong><\/p>\n<p><img loading=\"lazy\" decoding=\"async\" class=\"size-full wp-image-1864\" src=\"https:\/\/www.green24.ro\/wp-content\/uploads\/2023\/11\/image-2022-12-5-25944217-0-bucata-retrocedata-parcul-ior-3.jpg\" alt=\"\u00cen 2022 zona era plin\u0103 de vegeta\u021bie\" width=\"1274\" height=\"955\" srcset=\"https:\/\/www.green24.ro\/wp-content\/uploads\/2023\/11\/image-2022-12-5-25944217-0-bucata-retrocedata-parcul-ior-3.jpg 1274w, https:\/\/www.green24.ro\/wp-content\/uploads\/2023\/11\/image-2022-12-5-25944217-0-bucata-retrocedata-parcul-ior-3-300x225.jpg 300w, https:\/\/www.green24.ro\/wp-content\/uploads\/2023\/11\/image-2022-12-5-25944217-0-bucata-retrocedata-parcul-ior-3-1024x768.jpg 1024w, https:\/\/www.green24.ro\/wp-content\/uploads\/2023\/11\/image-2022-12-5-25944217-0-bucata-retrocedata-parcul-ior-3-768x576.jpg 768w\" sizes=\"auto, (max-width: 1274px) 100vw, 1274px\" \/><\/p>\n<p style=\"text-align: justify;\"><strong>Defris\u0103rile\u00a0au \u00eenceput \u00een luna ianuarie a acestui an \u0219i \u00een ultimele luni au fost pu\u0219i la p\u0103m\u00e2nt zeci de arbori.<\/strong><\/p>\n<p><strong>Prim\u0103ria nu a emis aviz de defri\u0219are<\/strong><\/p>\n<p style=\"text-align: justify;\"><strong>Prim\u0103ria Capitalei nu a emis aviz de defri\u0219are pentru acest spa\u021biu verde, iar arborii au fost t\u0103ia\u021bi nelegal, potrivit informa\u021biilor transmise de institu\u021bie la solicitarea HotNews.ro<\/strong><\/p>\n<p style=\"text-align: justify;\">\u201eConform eviden\u021belor de la nivelul Direc\u021biei de Mediu, pentru arborii situa\u021bi \u00een zona retrocedat\u0103 a parcului IOR, nu au fost emise avize de specialitate (toalet\u0103ri; defri\u0219\u0103ri)\u201d, se arat\u0103 \u00een r\u0103spunsul transmis de Prim\u0103ria Capitalei la solicitarea HotNews.ro.<\/p>\n<p style=\"text-align: justify;\">\u00cen 2022 HotNews.ro a solicitat G\u0103rzii de Mediu, Prim\u0103riei Capitalei \u0219i Prim\u0103riei Sectorului 3 informa\u021bii despre c\u00e2\u021bi copaci au disp\u0103rut de pe amplasament, raportat la inventarul arborilor din 2007, de ce anul acesta s-au uscat mai multe exemplare \u0219i ce m\u0103suri s-au luat.<\/p>\n<p><strong>Garda de Mediu nu ne-a dat niciun r\u0103spuns, din septembrie \u0219i p\u00e2n\u0103 azi.<\/strong><\/p>\n<p style=\"text-align: justify;\">Prim\u0103ria Capitalei ne-a r\u0103spuns, la finalul lunii iulie, c\u0103 nu a emis niciun aviz de defri\u0219are pentru aceast\u0103 loca\u021bie, situa\u021bia cu arborii care s-au uscat \u00een mod misterios i-a fost sesizat\u0103 de mai mul\u021bi cet\u0103\u021beni, a f\u0103cut controale \u0219i a aplicat c\u00e2teva amenzi.<\/p>\n<p style=\"text-align: justify;\">Prim\u0103ria Sectorului 3 ne-a comunicat anul trecut c\u0103 a dat amenzi \u00een valoare de 18.000 lei pentru defri\u0219\u0103rile ilegale, iar de ce s-au uscat arborii ar trebui s\u0103 stabileasc\u0103 Sec\u021bia 12 de Poli\u021bie.<\/p>\n<p style=\"text-align: justify;\">Reprezentan\u021bii institu\u021biei ne-au mai comunicat c\u0103 pe spa\u021biul verde au mai fost amplasate neautorizat construc\u021bii provizorii \u2013 mobilier urban (rulote, c\u0103su\u021be din lemn \u0219i tobogane gonflabile), \u00een scop comercial.<\/p>\n<p style=\"text-align: justify;\"><strong>Ce doresc beneficiarii s\u0103 construiasc\u0103 pe bucata retrocedat\u0103 din IOR?<\/strong><\/p>\n<p style=\"text-align: justify;\">Potrivit panourilor afi\u0219ate la fa\u021ba locului, pe bucata de parc retrocedat\u0103 se dore\u0219te\u00a0amenajarea unui parc de distrac\u021bii\u00a0pentru familie si copii \u201dDisney Mania\u201d. Acesta ar avea 40-50 de instala\u021bii pentru copii \u0219i adul\u021bi &#8211; roat\u0103 mare, ciocan, trenule\u021b, carusel, ma\u0219inute, casa groazei, montagne russe &#8211; o zon\u0103 cu ponei, c\u0103su\u021be tematice, birouri, alimenta\u021bie public\u0103.<\/p>\n<p style=\"text-align: justify;\">\u201eVom transforma aceast\u0103 zon\u0103, dintr-un spa\u021biu f\u0103r\u0103 vitalitate, \u00eentr-o zon\u0103 plin\u0103 de via\u021b\u0103 \u0219i verdea\u021b\u0103, unde to\u021bi copiii dar \u0219i adul\u021bii vor avea parte de timp de calitate \u0219i experien\u021be pline de surprize, unde vor \u00eent\u00e2lni de la animale, p\u00e2n\u0103 la un spa\u021biu unde pot citi \u0219i se pot distra al\u0103turi de cei dragi cu activit\u0103\u021bi interactive, o zon\u0103 unde copiii c\u00e2t \u0219i adul\u021bii vor aborda cu entuziasm fiecare experien\u021b\u0103 \u00eent\u00e2lnit\u0103 \u00een parc\u201d, se arat\u0103 pe panou.<\/p>\n<p style=\"text-align: justify;\">\u00centregul proiect va fi realizat \u00een 3 ani, se mai arat\u0103 pe panou, dar va func\u021biona \u00eenc\u0103 din prima zi de contract.<\/p>\n<p style=\"text-align: justify;\">\u201eNe dorim ca cet\u0103\u021benii no\u0219trii (sic!) s\u0103 se bucure \u00een continuare de parc \u0219i de frumuse\u021bile naturii, iar proiectul va fi \u00eentr-o continu\u0103 dezvoltare. Ne cerem scuze pentru disconfortul creat pe \u00eentreaga perioad\u0103 \u00een care vom transforma aceast\u0103 por\u021biune de parc\u201d, se mai arat\u0103 pe panou.<\/p>\n<p style=\"text-align: justify;\">Am c\u0103utat pe site-ul Prim\u0103riei Sectorului 3 dac\u0103 au fost emise certificate de urbanism &#8211; primul pas pentru amenajarea parcului &#8211; \u0219i autoriza\u021bii de construire.<\/p>\n<p style=\"text-align: justify;\">Pe bucata respectiv\u0103 de parc sunt dou\u0103 numere po\u0219tale, strada Constantin Br\u00e2ncu\u0219i 2 A &#8211; 112.399 mp \u0219i bd. Liviu Rebreanu 11 I &#8211; 10.127 mp.<\/p>\n<p style=\"text-align: justify;\">Potrivit informa\u021biilor publicate p\u00e2n\u0103 la aceast\u0103 dat\u0103, s-au emis 3 certificate de urbanism, dup\u0103 cum urmeaz\u0103, \u00eens\u0103 niciunul pentru parc de distrac\u021bii:<\/p>\n<p style=\"text-align: justify;\">pe 08.06.2022 Bucuresti, pentru strada CTIN BRANCUSI, nr. 2A &#8211; certificat de urbanism pentru \u00eemprejmuire teren \u0219i organizare de execu\u021bie lucr\u0103ri<br \/>\npe 08.06.2022 Bucuresti, pentru strada CTIN BRANCUSI, nr. 2A &#8211; certificat de urbanism pentru construire parc fotovoltaic \u0219i organizare de execu\u021bie lucr\u0103ri<br \/>\npe 08.06.2022 Bucuresti, pentru strada CTIN BRANCUSI, nr. 11I &#8211; certificat de urbanism pentru \u00eemprejmuire teren \u0219i organizare de execu\u021bie lucr\u0103ri<br \/>\nPe panourile puse \u00een parc nu este anun\u021bat c\u00e2nd \u00eencep lucr\u0103rile \u0219i \u00een baza c\u0103ror documente vor \u00eencepe.<\/p>\n","protected":false},"excerpt":{"rendered":"<p>Proprietarii celor 12 hectare retrocedate \u00een Parcul IOR au fost amenda\u021bi de Prim\u0103ria Capitalei, prin Poli\u021bia Local\u0103, cu 35 milioane de euro pentru diminuarea spa\u021biului verde, a anun\u021bat primarul general, Nicu\u0219or Dan. Amenda a fost dat\u0103 pentru c\u0103 pe o suprafa\u021b\u0103 de 9.000 mp din spa\u021biul verde au fost sco\u0219i [&hellip;]<\/p>\n","protected":false},"author":1,"featured_media":1865,"comment_status":"open","ping_status":"open","sticky":false,"template":"","format":"standard","meta":{"content-type":"","footnotes":"","jetpack_publicize_message":"","jetpack_publicize_feature_enabled":true,"jetpack_social_post_already_shared":true,"jetpack_social_options":{"image_generator_settings":{"template":"highway","default_image_id":0,"font":"","enabled":false},"version":2}},"categories":[5,9,1,3,6,10],"tags":[],"class_list":["post-1861","post","type-post","status-publish","format-standard","has-post-thumbnail","hentry","category-blog","category-company","category-general","category-legislatie","category-prime","category-slide"],"yoast_head":"<!-- This site is optimized with the Yoast SEO plugin v24.9 - https:\/\/yoast.com\/wordpress\/plugins\/seo\/ -->\n<title>Premier\u0103 \u00een Rom\u00e2nia: amend\u0103 record de 35 milioane de euro pentru diminuarea spa\u021biului verde - Green24.ro<\/title>\n<meta name=\"description\" content=\"Premier\u0103 \u00een Rom\u00e2nia: amend\u0103 record pentru proprietarii celor 12 hectare retrocedate \u00een Parcul IOR - 35 milioane de euro pentru diminuarea spa\u021biului verde\" \/>\n<meta name=\"robots\" content=\"index, follow, max-snippet:-1, max-image-preview:large, max-video-preview:-1\" \/>\n<link rel=\"canonical\" href=\"https:\/\/www.green24.ro\/index.php\/2023\/11\/01\/premiera-in-romania-amenda-record-de-35-milioane-de-euro-pentru-diminuarea-spatiului-verde\/\" \/>\n<meta property=\"og:locale\" content=\"en_US\" \/>\n<meta property=\"og:type\" content=\"article\" \/>\n<meta property=\"og:title\" content=\"Premier\u0103 \u00een Rom\u00e2nia: amend\u0103 record de 35 milioane de euro pentru diminuarea spa\u021biului verde - Green24.ro\" \/>\n<meta property=\"og:description\" content=\"Premier\u0103 \u00een Rom\u00e2nia: amend\u0103 record pentru proprietarii celor 12 hectare retrocedate \u00een Parcul IOR - 35 milioane de euro pentru diminuarea spa\u021biului verde\" \/>\n<meta property=\"og:url\" content=\"https:\/\/www.green24.ro\/index.php\/2023\/11\/01\/premiera-in-romania-amenda-record-de-35-milioane-de-euro-pentru-diminuarea-spatiului-verde\/\" \/>\n<meta property=\"og:site_name\" content=\"Green24.ro\" \/>\n<meta property=\"article:publisher\" content=\"https:\/\/www.facebook.com\/green24ro\/\" \/>\n<meta property=\"article:author\" content=\"https:\/\/www.facebook.com\/green24ro\/\" \/>\n<meta property=\"article:published_time\" content=\"2023-11-01T13:34:26+00:00\" \/>\n<meta property=\"article:modified_time\" content=\"2023-11-01T13:34:28+00:00\" \/>\n<meta property=\"og:image\" content=\"https:\/\/www.green24.ro\/wp-content\/uploads\/2023\/11\/image-2023-03-25-26162525-0-protest.jpg\" \/>\n\t<meta property=\"og:image:width\" content=\"2016\" \/>\n\t<meta property=\"og:image:height\" content=\"1512\" \/>\n\t<meta property=\"og:image:type\" content=\"image\/jpeg\" \/>\n<meta name=\"author\" content=\"Redactia Green24\" \/>\n<meta name=\"twitter:card\" content=\"summary_large_image\" \/>\n<meta name=\"twitter:label1\" content=\"Written by\" \/>\n\t<meta name=\"twitter:data1\" content=\"Redactia Green24\" \/>\n\t<meta name=\"twitter:label2\" content=\"Est. reading time\" \/>\n\t<meta name=\"twitter:data2\" content=\"15 minutes\" \/>\n<script type=\"application\/ld+json\" class=\"yoast-schema-graph\">{\"@context\":\"https:\/\/schema.org\",\"@graph\":[{\"@type\":\"Article\",\"@id\":\"https:\/\/www.green24.ro\/index.php\/2023\/11\/01\/premiera-in-romania-amenda-record-de-35-milioane-de-euro-pentru-diminuarea-spatiului-verde\/#article\",\"isPartOf\":{\"@id\":\"https:\/\/www.green24.ro\/index.php\/2023\/11\/01\/premiera-in-romania-amenda-record-de-35-milioane-de-euro-pentru-diminuarea-spatiului-verde\/\"},\"author\":{\"name\":\"Redactia Green24\",\"@id\":\"https:\/\/www.green24.ro\/#\/schema\/person\/275c7d10a2dd4fb528a2c0ad5d633496\"},\"headline\":\"Premier\u0103 \u00een Rom\u00e2nia: amend\u0103 record de 35 milioane de euro pentru diminuarea spa\u021biului verde\",\"datePublished\":\"2023-11-01T13:34:26+00:00\",\"dateModified\":\"2023-11-01T13:34:28+00:00\",\"mainEntityOfPage\":{\"@id\":\"https:\/\/www.green24.ro\/index.php\/2023\/11\/01\/premiera-in-romania-amenda-record-de-35-milioane-de-euro-pentru-diminuarea-spatiului-verde\/\"},\"wordCount\":2997,\"commentCount\":0,\"publisher\":{\"@id\":\"https:\/\/www.green24.ro\/#organization\"},\"image\":{\"@id\":\"https:\/\/www.green24.ro\/index.php\/2023\/11\/01\/premiera-in-romania-amenda-record-de-35-milioane-de-euro-pentru-diminuarea-spatiului-verde\/#primaryimage\"},\"thumbnailUrl\":\"https:\/\/www.green24.ro\/wp-content\/uploads\/2023\/11\/image-2023-03-25-26162525-0-protest.jpg\",\"articleSection\":[\"Blog\",\"Company\",\"General\",\"Legislatie\",\"Prime\",\"Slide\"],\"inLanguage\":\"en-US\",\"potentialAction\":[{\"@type\":\"CommentAction\",\"name\":\"Comment\",\"target\":[\"https:\/\/www.green24.ro\/index.php\/2023\/11\/01\/premiera-in-romania-amenda-record-de-35-milioane-de-euro-pentru-diminuarea-spatiului-verde\/#respond\"]}]},{\"@type\":\"WebPage\",\"@id\":\"https:\/\/www.green24.ro\/index.php\/2023\/11\/01\/premiera-in-romania-amenda-record-de-35-milioane-de-euro-pentru-diminuarea-spatiului-verde\/\",\"url\":\"https:\/\/www.green24.ro\/index.php\/2023\/11\/01\/premiera-in-romania-amenda-record-de-35-milioane-de-euro-pentru-diminuarea-spatiului-verde\/\",\"name\":\"Premier\u0103 \u00een Rom\u00e2nia: amend\u0103 record de 35 milioane de euro pentru diminuarea spa\u021biului verde - Green24.ro\",\"isPartOf\":{\"@id\":\"https:\/\/www.green24.ro\/#website\"},\"primaryImageOfPage\":{\"@id\":\"https:\/\/www.green24.ro\/index.php\/2023\/11\/01\/premiera-in-romania-amenda-record-de-35-milioane-de-euro-pentru-diminuarea-spatiului-verde\/#primaryimage\"},\"image\":{\"@id\":\"https:\/\/www.green24.ro\/index.php\/2023\/11\/01\/premiera-in-romania-amenda-record-de-35-milioane-de-euro-pentru-diminuarea-spatiului-verde\/#primaryimage\"},\"thumbnailUrl\":\"https:\/\/www.green24.ro\/wp-content\/uploads\/2023\/11\/image-2023-03-25-26162525-0-protest.jpg\",\"datePublished\":\"2023-11-01T13:34:26+00:00\",\"dateModified\":\"2023-11-01T13:34:28+00:00\",\"description\":\"Premier\u0103 \u00een Rom\u00e2nia: amend\u0103 record pentru proprietarii celor 12 hectare retrocedate \u00een Parcul IOR - 35 milioane de euro pentru diminuarea spa\u021biului verde\",\"breadcrumb\":{\"@id\":\"https:\/\/www.green24.ro\/index.php\/2023\/11\/01\/premiera-in-romania-amenda-record-de-35-milioane-de-euro-pentru-diminuarea-spatiului-verde\/#breadcrumb\"},\"inLanguage\":\"en-US\",\"potentialAction\":[{\"@type\":\"ReadAction\",\"target\":[\"https:\/\/www.green24.ro\/index.php\/2023\/11\/01\/premiera-in-romania-amenda-record-de-35-milioane-de-euro-pentru-diminuarea-spatiului-verde\/\"]}]},{\"@type\":\"ImageObject\",\"inLanguage\":\"en-US\",\"@id\":\"https:\/\/www.green24.ro\/index.php\/2023\/11\/01\/premiera-in-romania-amenda-record-de-35-milioane-de-euro-pentru-diminuarea-spatiului-verde\/#primaryimage\",\"url\":\"https:\/\/www.green24.ro\/wp-content\/uploads\/2023\/11\/image-2023-03-25-26162525-0-protest.jpg\",\"contentUrl\":\"https:\/\/www.green24.ro\/wp-content\/uploads\/2023\/11\/image-2023-03-25-26162525-0-protest.jpg\",\"width\":2016,\"height\":1512,\"caption\":\"Premier\u0103 \u00een Rom\u00e2nia: amend\u0103 record de 35 milioane de euro pentru diminuarea spa\u021biului verde\"},{\"@type\":\"BreadcrumbList\",\"@id\":\"https:\/\/www.green24.ro\/index.php\/2023\/11\/01\/premiera-in-romania-amenda-record-de-35-milioane-de-euro-pentru-diminuarea-spatiului-verde\/#breadcrumb\",\"itemListElement\":[{\"@type\":\"ListItem\",\"position\":1,\"name\":\"Home\",\"item\":\"https:\/\/www.green24.ro\/\"},{\"@type\":\"ListItem\",\"position\":2,\"name\":\"Premier\u0103 \u00een Rom\u00e2nia: amend\u0103 record de 35 milioane de euro pentru diminuarea spa\u021biului verde\"}]},{\"@type\":\"WebSite\",\"@id\":\"https:\/\/www.green24.ro\/#website\",\"url\":\"https:\/\/www.green24.ro\/\",\"name\":\"Green24.ro\",\"description\":\"Antreprenoriat verde si responsabilitatea social\u0103\",\"publisher\":{\"@id\":\"https:\/\/www.green24.ro\/#organization\"},\"potentialAction\":[{\"@type\":\"SearchAction\",\"target\":{\"@type\":\"EntryPoint\",\"urlTemplate\":\"https:\/\/www.green24.ro\/?s={search_term_string}\"},\"query-input\":{\"@type\":\"PropertyValueSpecification\",\"valueRequired\":true,\"valueName\":\"search_term_string\"}}],\"inLanguage\":\"en-US\"},{\"@type\":\"Organization\",\"@id\":\"https:\/\/www.green24.ro\/#organization\",\"name\":\"Green24\",\"url\":\"https:\/\/www.green24.ro\/\",\"logo\":{\"@type\":\"ImageObject\",\"inLanguage\":\"en-US\",\"@id\":\"https:\/\/www.green24.ro\/#\/schema\/logo\/image\/\",\"url\":\"https:\/\/www.green24.ro\/wp-content\/uploads\/2022\/02\/green24-17-e1643806452346.png\",\"contentUrl\":\"https:\/\/www.green24.ro\/wp-content\/uploads\/2022\/02\/green24-17-e1643806452346.png\",\"width\":174,\"height\":174,\"caption\":\"Green24\"},\"image\":{\"@id\":\"https:\/\/www.green24.ro\/#\/schema\/logo\/image\/\"},\"sameAs\":[\"https:\/\/www.facebook.com\/green24ro\/\"]},{\"@type\":\"Person\",\"@id\":\"https:\/\/www.green24.ro\/#\/schema\/person\/275c7d10a2dd4fb528a2c0ad5d633496\",\"name\":\"Redactia Green24\",\"image\":{\"@type\":\"ImageObject\",\"inLanguage\":\"en-US\",\"@id\":\"https:\/\/www.green24.ro\/#\/schema\/person\/image\/\",\"url\":\"https:\/\/secure.gravatar.com\/avatar\/ff0d3a759f98829f7ca35637ba02cb3c?s=96&d=mm&r=g\",\"contentUrl\":\"https:\/\/secure.gravatar.com\/avatar\/ff0d3a759f98829f7ca35637ba02cb3c?s=96&d=mm&r=g\",\"caption\":\"Redactia Green24\"},\"description\":\"Green24.ro este sursa zilnic\u0103 de \u0219tiri, online, pentru cei interesa\u021bi de mediul \u00eenconjur\u0103tor.\",\"sameAs\":[\"https:\/\/green24.ro\",\"https:\/\/www.facebook.com\/green24ro\/\"],\"url\":\"https:\/\/www.green24.ro\/index.php\/author\/admin\/\"}]}<\/script>\n<!-- \/ Yoast SEO plugin. -->","yoast_head_json":{"title":"Premier\u0103 \u00een Rom\u00e2nia: amend\u0103 record de 35 milioane de euro pentru diminuarea spa\u021biului verde - Green24.ro","description":"Premier\u0103 \u00een Rom\u00e2nia: amend\u0103 record pentru proprietarii celor 12 hectare retrocedate \u00een Parcul IOR - 35 milioane de euro pentru diminuarea spa\u021biului verde","robots":{"index":"index","follow":"follow","max-snippet":"max-snippet:-1","max-image-preview":"max-image-preview:large","max-video-preview":"max-video-preview:-1"},"canonical":"https:\/\/www.green24.ro\/index.php\/2023\/11\/01\/premiera-in-romania-amenda-record-de-35-milioane-de-euro-pentru-diminuarea-spatiului-verde\/","og_locale":"en_US","og_type":"article","og_title":"Premier\u0103 \u00een Rom\u00e2nia: amend\u0103 record de 35 milioane de euro pentru diminuarea spa\u021biului verde - Green24.ro","og_description":"Premier\u0103 \u00een Rom\u00e2nia: amend\u0103 record pentru proprietarii celor 12 hectare retrocedate \u00een Parcul IOR - 35 milioane de euro pentru diminuarea spa\u021biului verde","og_url":"https:\/\/www.green24.ro\/index.php\/2023\/11\/01\/premiera-in-romania-amenda-record-de-35-milioane-de-euro-pentru-diminuarea-spatiului-verde\/","og_site_name":"Green24.ro","article_publisher":"https:\/\/www.facebook.com\/green24ro\/","article_author":"https:\/\/www.facebook.com\/green24ro\/","article_published_time":"2023-11-01T13:34:26+00:00","article_modified_time":"2023-11-01T13:34:28+00:00","og_image":[{"width":2016,"height":1512,"url":"https:\/\/www.green24.ro\/wp-content\/uploads\/2023\/11\/image-2023-03-25-26162525-0-protest.jpg","type":"image\/jpeg"}],"author":"Redactia Green24","twitter_card":"summary_large_image","twitter_misc":{"Written by":"Redactia Green24","Est. reading time":"15 minutes"},"schema":{"@context":"https:\/\/schema.org","@graph":[{"@type":"Article","@id":"https:\/\/www.green24.ro\/index.php\/2023\/11\/01\/premiera-in-romania-amenda-record-de-35-milioane-de-euro-pentru-diminuarea-spatiului-verde\/#article","isPartOf":{"@id":"https:\/\/www.green24.ro\/index.php\/2023\/11\/01\/premiera-in-romania-amenda-record-de-35-milioane-de-euro-pentru-diminuarea-spatiului-verde\/"},"author":{"name":"Redactia Green24","@id":"https:\/\/www.green24.ro\/#\/schema\/person\/275c7d10a2dd4fb528a2c0ad5d633496"},"headline":"Premier\u0103 \u00een Rom\u00e2nia: amend\u0103 record de 35 milioane de euro pentru diminuarea spa\u021biului verde","datePublished":"2023-11-01T13:34:26+00:00","dateModified":"2023-11-01T13:34:28+00:00","mainEntityOfPage":{"@id":"https:\/\/www.green24.ro\/index.php\/2023\/11\/01\/premiera-in-romania-amenda-record-de-35-milioane-de-euro-pentru-diminuarea-spatiului-verde\/"},"wordCount":2997,"commentCount":0,"publisher":{"@id":"https:\/\/www.green24.ro\/#organization"},"image":{"@id":"https:\/\/www.green24.ro\/index.php\/2023\/11\/01\/premiera-in-romania-amenda-record-de-35-milioane-de-euro-pentru-diminuarea-spatiului-verde\/#primaryimage"},"thumbnailUrl":"https:\/\/www.green24.ro\/wp-content\/uploads\/2023\/11\/image-2023-03-25-26162525-0-protest.jpg","articleSection":["Blog","Company","General","Legislatie","Prime","Slide"],"inLanguage":"en-US","potentialAction":[{"@type":"CommentAction","name":"Comment","target":["https:\/\/www.green24.ro\/index.php\/2023\/11\/01\/premiera-in-romania-amenda-record-de-35-milioane-de-euro-pentru-diminuarea-spatiului-verde\/#respond"]}]},{"@type":"WebPage","@id":"https:\/\/www.green24.ro\/index.php\/2023\/11\/01\/premiera-in-romania-amenda-record-de-35-milioane-de-euro-pentru-diminuarea-spatiului-verde\/","url":"https:\/\/www.green24.ro\/index.php\/2023\/11\/01\/premiera-in-romania-amenda-record-de-35-milioane-de-euro-pentru-diminuarea-spatiului-verde\/","name":"Premier\u0103 \u00een Rom\u00e2nia: amend\u0103 record de 35 milioane de euro pentru diminuarea spa\u021biului verde - Green24.ro","isPartOf":{"@id":"https:\/\/www.green24.ro\/#website"},"primaryImageOfPage":{"@id":"https:\/\/www.green24.ro\/index.php\/2023\/11\/01\/premiera-in-romania-amenda-record-de-35-milioane-de-euro-pentru-diminuarea-spatiului-verde\/#primaryimage"},"image":{"@id":"https:\/\/www.green24.ro\/index.php\/2023\/11\/01\/premiera-in-romania-amenda-record-de-35-milioane-de-euro-pentru-diminuarea-spatiului-verde\/#primaryimage"},"thumbnailUrl":"https:\/\/www.green24.ro\/wp-content\/uploads\/2023\/11\/image-2023-03-25-26162525-0-protest.jpg","datePublished":"2023-11-01T13:34:26+00:00","dateModified":"2023-11-01T13:34:28+00:00","description":"Premier\u0103 \u00een Rom\u00e2nia: amend\u0103 record pentru proprietarii celor 12 hectare retrocedate \u00een Parcul IOR - 35 milioane de euro pentru diminuarea spa\u021biului verde","breadcrumb":{"@id":"https:\/\/www.green24.ro\/index.php\/2023\/11\/01\/premiera-in-romania-amenda-record-de-35-milioane-de-euro-pentru-diminuarea-spatiului-verde\/#breadcrumb"},"inLanguage":"en-US","potentialAction":[{"@type":"ReadAction","target":["https:\/\/www.green24.ro\/index.php\/2023\/11\/01\/premiera-in-romania-amenda-record-de-35-milioane-de-euro-pentru-diminuarea-spatiului-verde\/"]}]},{"@type":"ImageObject","inLanguage":"en-US","@id":"https:\/\/www.green24.ro\/index.php\/2023\/11\/01\/premiera-in-romania-amenda-record-de-35-milioane-de-euro-pentru-diminuarea-spatiului-verde\/#primaryimage","url":"https:\/\/www.green24.ro\/wp-content\/uploads\/2023\/11\/image-2023-03-25-26162525-0-protest.jpg","contentUrl":"https:\/\/www.green24.ro\/wp-content\/uploads\/2023\/11\/image-2023-03-25-26162525-0-protest.jpg","width":2016,"height":1512,"caption":"Premier\u0103 \u00een Rom\u00e2nia: amend\u0103 record de 35 milioane de euro pentru diminuarea spa\u021biului verde"},{"@type":"BreadcrumbList","@id":"https:\/\/www.green24.ro\/index.php\/2023\/11\/01\/premiera-in-romania-amenda-record-de-35-milioane-de-euro-pentru-diminuarea-spatiului-verde\/#breadcrumb","itemListElement":[{"@type":"ListItem","position":1,"name":"Home","item":"https:\/\/www.green24.ro\/"},{"@type":"ListItem","position":2,"name":"Premier\u0103 \u00een Rom\u00e2nia: amend\u0103 record de 35 milioane de euro pentru diminuarea spa\u021biului verde"}]},{"@type":"WebSite","@id":"https:\/\/www.green24.ro\/#website","url":"https:\/\/www.green24.ro\/","name":"Green24.ro","description":"Antreprenoriat verde si responsabilitatea social\u0103","publisher":{"@id":"https:\/\/www.green24.ro\/#organization"},"potentialAction":[{"@type":"SearchAction","target":{"@type":"EntryPoint","urlTemplate":"https:\/\/www.green24.ro\/?s={search_term_string}"},"query-input":{"@type":"PropertyValueSpecification","valueRequired":true,"valueName":"search_term_string"}}],"inLanguage":"en-US"},{"@type":"Organization","@id":"https:\/\/www.green24.ro\/#organization","name":"Green24","url":"https:\/\/www.green24.ro\/","logo":{"@type":"ImageObject","inLanguage":"en-US","@id":"https:\/\/www.green24.ro\/#\/schema\/logo\/image\/","url":"https:\/\/www.green24.ro\/wp-content\/uploads\/2022\/02\/green24-17-e1643806452346.png","contentUrl":"https:\/\/www.green24.ro\/wp-content\/uploads\/2022\/02\/green24-17-e1643806452346.png","width":174,"height":174,"caption":"Green24"},"image":{"@id":"https:\/\/www.green24.ro\/#\/schema\/logo\/image\/"},"sameAs":["https:\/\/www.facebook.com\/green24ro\/"]},{"@type":"Person","@id":"https:\/\/www.green24.ro\/#\/schema\/person\/275c7d10a2dd4fb528a2c0ad5d633496","name":"Redactia Green24","image":{"@type":"ImageObject","inLanguage":"en-US","@id":"https:\/\/www.green24.ro\/#\/schema\/person\/image\/","url":"https:\/\/secure.gravatar.com\/avatar\/ff0d3a759f98829f7ca35637ba02cb3c?s=96&d=mm&r=g","contentUrl":"https:\/\/secure.gravatar.com\/avatar\/ff0d3a759f98829f7ca35637ba02cb3c?s=96&d=mm&r=g","caption":"Redactia Green24"},"description":"Green24.ro este sursa zilnic\u0103 de \u0219tiri, online, pentru cei interesa\u021bi de mediul \u00eenconjur\u0103tor.","sameAs":["https:\/\/green24.ro","https:\/\/www.facebook.com\/green24ro\/"],"url":"https:\/\/www.green24.ro\/index.php\/author\/admin\/"}]}},"jetpack_publicize_connections":[],"jetpack_featured_media_url":"https:\/\/www.green24.ro\/wp-content\/uploads\/2023\/11\/image-2023-03-25-26162525-0-protest.jpg","jetpack_sharing_enabled":true,"_links":{"self":[{"href":"https:\/\/www.green24.ro\/index.php\/wp-json\/wp\/v2\/posts\/1861","targetHints":{"allow":["GET"]}}],"collection":[{"href":"https:\/\/www.green24.ro\/index.php\/wp-json\/wp\/v2\/posts"}],"about":[{"href":"https:\/\/www.green24.ro\/index.php\/wp-json\/wp\/v2\/types\/post"}],"author":[{"embeddable":true,"href":"https:\/\/www.green24.ro\/index.php\/wp-json\/wp\/v2\/users\/1"}],"replies":[{"embeddable":true,"href":"https:\/\/www.green24.ro\/index.php\/wp-json\/wp\/v2\/comments?post=1861"}],"version-history":[{"count":1,"href":"https:\/\/www.green24.ro\/index.php\/wp-json\/wp\/v2\/posts\/1861\/revisions"}],"predecessor-version":[{"id":1866,"href":"https:\/\/www.green24.ro\/index.php\/wp-json\/wp\/v2\/posts\/1861\/revisions\/1866"}],"wp:featuredmedia":[{"embeddable":true,"href":"https:\/\/www.green24.ro\/index.php\/wp-json\/wp\/v2\/media\/1865"}],"wp:attachment":[{"href":"https:\/\/www.green24.ro\/index.php\/wp-json\/wp\/v2\/media?parent=1861"}],"wp:term":[{"taxonomy":"category","embeddable":true,"href":"https:\/\/www.green24.ro\/index.php\/wp-json\/wp\/v2\/categories?post=1861"},{"taxonomy":"post_tag","embeddable":true,"href":"https:\/\/www.green24.ro\/index.php\/wp-json\/wp\/v2\/tags?post=1861"}],"curies":[{"name":"wp","href":"https:\/\/api.w.org\/{rel}","templated":true}]}}