{"id":1845,"date":"2023-10-10T08:42:18","date_gmt":"2023-10-10T06:42:18","guid":{"rendered":"https:\/\/www.green24.ro\/?p=1845"},"modified":"2023-10-10T08:42:20","modified_gmt":"2023-10-10T06:42:20","slug":"papa-indeamna-tarile-bogate-sa-combata-criza-climatica","status":"publish","type":"post","link":"https:\/\/www.green24.ro\/index.php\/2023\/10\/10\/papa-indeamna-tarile-bogate-sa-combata-criza-climatica\/","title":{"rendered":"Papa \u00eendeamn\u0103 \u021b\u0103rile bogate s\u0103 combat\u0103 criza climatic\u0103"},"content":{"rendered":"<p style=\"text-align: justify;\">Papa Francisc \u00eendemn\u0103 \u021b\u0103rile bogate s\u0103 ac\u021bioneze \u0219i s\u0103 fac\u0103 schimb\u0103ri profunde pentru a combate criza climatic\u0103. \u00cen mesajul\u00a0apostolic intitulat ,,Laudate Deum\u201d, el ap\u0103r\u0103 activi\u0219tii de mediu \u0219i face un apel c\u0103tre guverne s\u0103 transforme summit-ul\u00a0COP28 din Dubai\u00a0(Conferin\u021ba Na\u021biunilor Unite privind schimb\u0103rile climatice din 30 noiembrie \u2013 12 decembrie) \u00eentr-un moment decisiv pentru a vindeca aceast\u0103 ,,boal\u0103 t\u0103cut\u0103 care ne afecteaz\u0103 pe to\u021bi\u201e.<\/p>\n<p style=\"text-align: justify;\">Suveranul Pontif a solicitat \u201eo accelerare decisiv\u0103 a tranzi\u021biei energetice\u201d de la combustibilii fosili la sursele regenerabile de energie \u0219i a avertizat c\u0103 noile tehnologii precum captarea \u0219i stocarea carbonului pot fi comparate cu ,,rostogolirea unui bulg\u0103re de z\u0103pad\u0103\u201d. F\u0103r\u0103 ac\u021biuni hot\u0103r\u00e2te, lumea se va afla ,,\u00eentr-un punct f\u0103r\u0103 \u00eentoarcere. (\u2026) R\u0103spunsurile noastre nu au fost adecvate, \u00een timp ce lumea se pr\u0103bu\u0219e\u0219te \u00een jurul nostru \u0219i \u00ee\u0219i atinge limitele\u201e, spune Suveranul Pontif.<\/p>\n<p style=\"text-align: justify;\">Principalele declara\u021bii ale Suveranului Pontif<br \/>\nPapa Francisc a cerut \u201eo schimbare \u00een stilul de via\u021b\u0103 iresponsabil al modelului occidental\u201d \u0219i a punctat c\u0103 s-a confruntat cu rezisten\u021b\u0103 fa\u021b\u0103 de opiniile sale inclusiv \u00een s\u00e2nul Bisericii Catolice. Suveranul Pontif a ap\u0103rat \u201eac\u021biunile grupurilor descrise ca \u2018radicalizate\u2019, dar care \u00een realitate umplu un spa\u021biu l\u0103sat gol de societatea \u00een ansamblul ei, care ar trebui s\u0103 exercite o \u2018presiune\u2019 s\u0103n\u0103toas\u0103, pentru c\u0103 fiecare familie ar trebui s\u0103 con\u0219tientizeze c\u0103 viitorul copiilor lor este \u00een joc\u201e.<br \/>\nSuveranul Pontif \u0219i-a exprimat speran\u021ba c\u0103 summit-ul Cop28 va \u201edep\u0103\u0219i mentalitatea de a men\u021bine apari\u021biile unei preocup\u0103ri, f\u0103r\u0103 avea curajul necesar s\u0103 produc\u0103 schimb\u0103ri semnificative\u201e. El a subliniat \u0219i rolul cheie al gazdelor summitului Cop28 \u0219i a remarcat, \u00een acest context, c\u0103 Emiratele Arabe Unite este o \u021bar\u0103 \u201ecunoscut\u0103 ca un mare exportator de combustibili fosili, de\u0219i a f\u0103cut investi\u021bii semnificative \u00een sursele de energie regenerabil\u0103\u201e.<\/p>\n<p style=\"text-align: justify;\">\u201eA spune c\u0103 nu exist\u0103 speran\u021b\u0103 ar fi suicidar, pentru c\u0103 ar \u00eensemna expunerea \u00eentregii umanit\u0103\u021bi, \u00een special a celor mai s\u0103raci, la cele mai grave consecin\u021be ale schimb\u0103rilor climatice. Putem spera c\u0103 Cop28 va permite o accelerare decisiv\u0103 a tranzi\u021biei energetice\u201d,\u00a0afirm\u0103 Suveranul Pontif.<br \/>\nEl nu a cerut renun\u021barea total\u0103 la toate combustibilii fosili, dar a cerut o extindere a energiei regenerabile. Papa Francisc a l\u0103udat tehnologiile care ar putea contribui la reducerea emisiilor, dar a avertizat \u00eempotriva dependen\u021bei excesive de solu\u021bii tehnice.<br \/>\nAceste comentarii au fost f\u0103cute \u00eentr-o \u201eexorta\u021bie papal\u0103\u201d publicat\u0103 de Vatican \u0219i reprezint\u0103 un apel \u00een primul r\u00e2nd c\u0103tre catolici, dar este \u00een fapt destinat \u00eentregii lumi. Numit \u201eLaudate Deum,\u201d care se poate traduce prin \u201eL\u0103uda\u021bi pe Dumnezeu,\u201d acest document de zece pagini este prima sa interven\u021bie semnificativ\u0103\u00a0din ultimii opt ani \u00een leg\u0103tur\u0103 cu criza climatic\u0103.<\/p>\n<p style=\"text-align: justify;\">\u00cen 2015, Suveranul Pontif transmitea\u00a0un mesaj dur privind schimb\u0103rile climatice, mediul \u00eenconjur\u0103tor \u0219i inegalit\u0103\u021bile sociale.\u00a0El spunea la acea dat\u0103 c\u0103 ,,P\u0103m\u00e2ntul, casa noastr\u0103, \u00eencepe s\u0103 semene din ce \u00een ce mai mult cu o imens\u0103 gr\u0103mad\u0103 de mizerie\u201d. Mesajul din 2015 a fost publicat pu\u021bin \u00eenainte de summit-ul Cop21 care a devenit un reper, prin semnarea\u00a0Acordului de la Paris\u00a0privind schimb\u0103rile climatice. Documentul, numit\u00a0,,cel mai mare succes diplomatic mondial\u201d,\u00a0reprezint\u0103 un plan de ac\u021biune pentru \u00eempotriva \u00eenc\u0103lzirii globale prin limitarea cre\u0219terii temperaturii medii la nivel mondial la 1,5\u00b0C .<\/p>\n<pre>sursa: <a href=\"https:\/\/green-report.ro\/papa-indeamna-tarile-bogate-sa-combata-criza-climatica\/\">greenreport<\/a> <a href=\"https:\/\/encrypted-tbn1.gstatic.com\/licensed-image?q=tbn:ANd9GcTMguoS8fz8kD0pT5XBnaEbgqz_HYQggl_kyEGkFqwr-UJ1CnGUwI6WsFGtrN8u8Sak1RiztyQZRUnfUzM\">foto<\/a><\/pre>\n","protected":false},"excerpt":{"rendered":"<p>Papa Francisc \u00eendemn\u0103 \u021b\u0103rile bogate s\u0103 ac\u021bioneze \u0219i s\u0103 fac\u0103 schimb\u0103ri profunde pentru a combate criza climatic\u0103. \u00cen mesajul\u00a0apostolic intitulat ,,Laudate Deum\u201d, el ap\u0103r\u0103 activi\u0219tii de mediu \u0219i face un apel c\u0103tre guverne s\u0103 transforme summit-ul\u00a0COP28 din Dubai\u00a0(Conferin\u021ba Na\u021biunilor Unite privind schimb\u0103rile climatice din 30 noiembrie \u2013 12 decembrie) \u00eentr-un [&hellip;]<\/p>\n","protected":false},"author":1,"featured_media":1846,"comment_status":"open","ping_status":"open","sticky":false,"template":"","format":"standard","meta":{"content-type":"","footnotes":"","jetpack_publicize_message":"","jetpack_publicize_feature_enabled":true,"jetpack_social_post_already_shared":true,"jetpack_social_options":{"image_generator_settings":{"template":"highway","default_image_id":0,"font":"","enabled":false},"version":2}},"categories":[5,9,1,3,6,10],"tags":[],"class_list":["post-1845","post","type-post","status-publish","format-standard","has-post-thumbnail","hentry","category-blog","category-company","category-general","category-legislatie","category-prime","category-slide"],"yoast_head":"<!-- This site is optimized with the Yoast SEO plugin v24.9 - https:\/\/yoast.com\/wordpress\/plugins\/seo\/ -->\n<title>Papa \u00eendeamn\u0103 \u021b\u0103rile bogate s\u0103 combat\u0103 criza climatic\u0103 - Green24.ro<\/title>\n<meta name=\"description\" content=\"\u00cen mesajul\u00a0apostolic intitulat ,,Laudate Deum\u201d, Papa ap\u0103r\u0103 activi\u0219tii de mediu \u0219i face un apel c\u0103tre guverne s\u0103 transforme summit-ul\u00a0COP28 din Dubai \u00eentr-un moment decisiv pentru a vindeca aceast\u0103 ,,boal\u0103 t\u0103cut\u0103 care ne afecteaz\u0103 pe to\u021bi\u201e.\" \/>\n<meta name=\"robots\" content=\"index, follow, max-snippet:-1, max-image-preview:large, max-video-preview:-1\" \/>\n<link rel=\"canonical\" href=\"https:\/\/www.green24.ro\/index.php\/2023\/10\/10\/papa-indeamna-tarile-bogate-sa-combata-criza-climatica\/\" \/>\n<meta property=\"og:locale\" content=\"en_US\" \/>\n<meta property=\"og:type\" content=\"article\" \/>\n<meta property=\"og:title\" content=\"Papa \u00eendeamn\u0103 \u021b\u0103rile bogate s\u0103 combat\u0103 criza climatic\u0103 - Green24.ro\" \/>\n<meta property=\"og:description\" content=\"\u00cen mesajul\u00a0apostolic intitulat ,,Laudate Deum\u201d, Papa ap\u0103r\u0103 activi\u0219tii de mediu \u0219i face un apel c\u0103tre guverne s\u0103 transforme summit-ul\u00a0COP28 din Dubai \u00eentr-un moment decisiv pentru a vindeca aceast\u0103 ,,boal\u0103 t\u0103cut\u0103 care ne afecteaz\u0103 pe to\u021bi\u201e.\" \/>\n<meta property=\"og:url\" content=\"https:\/\/www.green24.ro\/index.php\/2023\/10\/10\/papa-indeamna-tarile-bogate-sa-combata-criza-climatica\/\" \/>\n<meta property=\"og:site_name\" content=\"Green24.ro\" \/>\n<meta property=\"article:publisher\" content=\"https:\/\/www.facebook.com\/green24ro\/\" \/>\n<meta property=\"article:author\" content=\"https:\/\/www.facebook.com\/green24ro\/\" \/>\n<meta property=\"article:published_time\" content=\"2023-10-10T06:42:18+00:00\" \/>\n<meta property=\"article:modified_time\" content=\"2023-10-10T06:42:20+00:00\" \/>\n<meta property=\"og:image\" content=\"https:\/\/www.green24.ro\/wp-content\/uploads\/2023\/10\/licensed-image.jpeg\" \/>\n\t<meta property=\"og:image:width\" content=\"2048\" \/>\n\t<meta property=\"og:image:height\" content=\"1366\" \/>\n\t<meta property=\"og:image:type\" content=\"image\/jpeg\" \/>\n<meta name=\"author\" content=\"Redactia Green24\" \/>\n<meta name=\"twitter:card\" content=\"summary_large_image\" \/>\n<meta name=\"twitter:label1\" content=\"Written by\" \/>\n\t<meta name=\"twitter:data1\" content=\"Redactia Green24\" \/>\n\t<meta name=\"twitter:label2\" content=\"Est. reading time\" \/>\n\t<meta name=\"twitter:data2\" content=\"3 minutes\" \/>\n<script type=\"application\/ld+json\" class=\"yoast-schema-graph\">{\"@context\":\"https:\/\/schema.org\",\"@graph\":[{\"@type\":\"Article\",\"@id\":\"https:\/\/www.green24.ro\/index.php\/2023\/10\/10\/papa-indeamna-tarile-bogate-sa-combata-criza-climatica\/#article\",\"isPartOf\":{\"@id\":\"https:\/\/www.green24.ro\/index.php\/2023\/10\/10\/papa-indeamna-tarile-bogate-sa-combata-criza-climatica\/\"},\"author\":{\"name\":\"Redactia Green24\",\"@id\":\"https:\/\/www.green24.ro\/#\/schema\/person\/275c7d10a2dd4fb528a2c0ad5d633496\"},\"headline\":\"Papa \u00eendeamn\u0103 \u021b\u0103rile bogate s\u0103 combat\u0103 criza climatic\u0103\",\"datePublished\":\"2023-10-10T06:42:18+00:00\",\"dateModified\":\"2023-10-10T06:42:20+00:00\",\"mainEntityOfPage\":{\"@id\":\"https:\/\/www.green24.ro\/index.php\/2023\/10\/10\/papa-indeamna-tarile-bogate-sa-combata-criza-climatica\/\"},\"wordCount\":591,\"commentCount\":0,\"publisher\":{\"@id\":\"https:\/\/www.green24.ro\/#organization\"},\"image\":{\"@id\":\"https:\/\/www.green24.ro\/index.php\/2023\/10\/10\/papa-indeamna-tarile-bogate-sa-combata-criza-climatica\/#primaryimage\"},\"thumbnailUrl\":\"https:\/\/www.green24.ro\/wp-content\/uploads\/2023\/10\/licensed-image.jpeg\",\"articleSection\":[\"Blog\",\"Company\",\"General\",\"Legislatie\",\"Prime\",\"Slide\"],\"inLanguage\":\"en-US\",\"potentialAction\":[{\"@type\":\"CommentAction\",\"name\":\"Comment\",\"target\":[\"https:\/\/www.green24.ro\/index.php\/2023\/10\/10\/papa-indeamna-tarile-bogate-sa-combata-criza-climatica\/#respond\"]}]},{\"@type\":\"WebPage\",\"@id\":\"https:\/\/www.green24.ro\/index.php\/2023\/10\/10\/papa-indeamna-tarile-bogate-sa-combata-criza-climatica\/\",\"url\":\"https:\/\/www.green24.ro\/index.php\/2023\/10\/10\/papa-indeamna-tarile-bogate-sa-combata-criza-climatica\/\",\"name\":\"Papa \u00eendeamn\u0103 \u021b\u0103rile bogate s\u0103 combat\u0103 criza climatic\u0103 - Green24.ro\",\"isPartOf\":{\"@id\":\"https:\/\/www.green24.ro\/#website\"},\"primaryImageOfPage\":{\"@id\":\"https:\/\/www.green24.ro\/index.php\/2023\/10\/10\/papa-indeamna-tarile-bogate-sa-combata-criza-climatica\/#primaryimage\"},\"image\":{\"@id\":\"https:\/\/www.green24.ro\/index.php\/2023\/10\/10\/papa-indeamna-tarile-bogate-sa-combata-criza-climatica\/#primaryimage\"},\"thumbnailUrl\":\"https:\/\/www.green24.ro\/wp-content\/uploads\/2023\/10\/licensed-image.jpeg\",\"datePublished\":\"2023-10-10T06:42:18+00:00\",\"dateModified\":\"2023-10-10T06:42:20+00:00\",\"description\":\"\u00cen mesajul\u00a0apostolic intitulat ,,Laudate Deum\u201d, Papa ap\u0103r\u0103 activi\u0219tii de mediu \u0219i face un apel c\u0103tre guverne s\u0103 transforme summit-ul\u00a0COP28 din Dubai \u00eentr-un moment decisiv pentru a vindeca aceast\u0103 ,,boal\u0103 t\u0103cut\u0103 care ne afecteaz\u0103 pe to\u021bi\u201e.\",\"breadcrumb\":{\"@id\":\"https:\/\/www.green24.ro\/index.php\/2023\/10\/10\/papa-indeamna-tarile-bogate-sa-combata-criza-climatica\/#breadcrumb\"},\"inLanguage\":\"en-US\",\"potentialAction\":[{\"@type\":\"ReadAction\",\"target\":[\"https:\/\/www.green24.ro\/index.php\/2023\/10\/10\/papa-indeamna-tarile-bogate-sa-combata-criza-climatica\/\"]}]},{\"@type\":\"ImageObject\",\"inLanguage\":\"en-US\",\"@id\":\"https:\/\/www.green24.ro\/index.php\/2023\/10\/10\/papa-indeamna-tarile-bogate-sa-combata-criza-climatica\/#primaryimage\",\"url\":\"https:\/\/www.green24.ro\/wp-content\/uploads\/2023\/10\/licensed-image.jpeg\",\"contentUrl\":\"https:\/\/www.green24.ro\/wp-content\/uploads\/2023\/10\/licensed-image.jpeg\",\"width\":2048,\"height\":1366,\"caption\":\"Papa \u00eendeamn\u0103 \u021b\u0103rile bogate s\u0103 combat\u0103 criza climatic\u0103\"},{\"@type\":\"BreadcrumbList\",\"@id\":\"https:\/\/www.green24.ro\/index.php\/2023\/10\/10\/papa-indeamna-tarile-bogate-sa-combata-criza-climatica\/#breadcrumb\",\"itemListElement\":[{\"@type\":\"ListItem\",\"position\":1,\"name\":\"Home\",\"item\":\"https:\/\/www.green24.ro\/\"},{\"@type\":\"ListItem\",\"position\":2,\"name\":\"Papa \u00eendeamn\u0103 \u021b\u0103rile bogate s\u0103 combat\u0103 criza climatic\u0103\"}]},{\"@type\":\"WebSite\",\"@id\":\"https:\/\/www.green24.ro\/#website\",\"url\":\"https:\/\/www.green24.ro\/\",\"name\":\"Green24.ro\",\"description\":\"Antreprenoriat verde si responsabilitatea social\u0103\",\"publisher\":{\"@id\":\"https:\/\/www.green24.ro\/#organization\"},\"potentialAction\":[{\"@type\":\"SearchAction\",\"target\":{\"@type\":\"EntryPoint\",\"urlTemplate\":\"https:\/\/www.green24.ro\/?s={search_term_string}\"},\"query-input\":{\"@type\":\"PropertyValueSpecification\",\"valueRequired\":true,\"valueName\":\"search_term_string\"}}],\"inLanguage\":\"en-US\"},{\"@type\":\"Organization\",\"@id\":\"https:\/\/www.green24.ro\/#organization\",\"name\":\"Green24\",\"url\":\"https:\/\/www.green24.ro\/\",\"logo\":{\"@type\":\"ImageObject\",\"inLanguage\":\"en-US\",\"@id\":\"https:\/\/www.green24.ro\/#\/schema\/logo\/image\/\",\"url\":\"https:\/\/www.green24.ro\/wp-content\/uploads\/2022\/02\/green24-17-e1643806452346.png\",\"contentUrl\":\"https:\/\/www.green24.ro\/wp-content\/uploads\/2022\/02\/green24-17-e1643806452346.png\",\"width\":174,\"height\":174,\"caption\":\"Green24\"},\"image\":{\"@id\":\"https:\/\/www.green24.ro\/#\/schema\/logo\/image\/\"},\"sameAs\":[\"https:\/\/www.facebook.com\/green24ro\/\"]},{\"@type\":\"Person\",\"@id\":\"https:\/\/www.green24.ro\/#\/schema\/person\/275c7d10a2dd4fb528a2c0ad5d633496\",\"name\":\"Redactia Green24\",\"image\":{\"@type\":\"ImageObject\",\"inLanguage\":\"en-US\",\"@id\":\"https:\/\/www.green24.ro\/#\/schema\/person\/image\/\",\"url\":\"https:\/\/secure.gravatar.com\/avatar\/ff0d3a759f98829f7ca35637ba02cb3c?s=96&d=mm&r=g\",\"contentUrl\":\"https:\/\/secure.gravatar.com\/avatar\/ff0d3a759f98829f7ca35637ba02cb3c?s=96&d=mm&r=g\",\"caption\":\"Redactia Green24\"},\"description\":\"Green24.ro este sursa zilnic\u0103 de \u0219tiri, online, pentru cei interesa\u021bi de mediul \u00eenconjur\u0103tor.\",\"sameAs\":[\"https:\/\/green24.ro\",\"https:\/\/www.facebook.com\/green24ro\/\"],\"url\":\"https:\/\/www.green24.ro\/index.php\/author\/admin\/\"}]}<\/script>\n<!-- \/ Yoast SEO plugin. -->","yoast_head_json":{"title":"Papa \u00eendeamn\u0103 \u021b\u0103rile bogate s\u0103 combat\u0103 criza climatic\u0103 - Green24.ro","description":"\u00cen mesajul\u00a0apostolic intitulat ,,Laudate Deum\u201d, Papa ap\u0103r\u0103 activi\u0219tii de mediu \u0219i face un apel c\u0103tre guverne s\u0103 transforme summit-ul\u00a0COP28 din Dubai \u00eentr-un moment decisiv pentru a vindeca aceast\u0103 ,,boal\u0103 t\u0103cut\u0103 care ne afecteaz\u0103 pe to\u021bi\u201e.","robots":{"index":"index","follow":"follow","max-snippet":"max-snippet:-1","max-image-preview":"max-image-preview:large","max-video-preview":"max-video-preview:-1"},"canonical":"https:\/\/www.green24.ro\/index.php\/2023\/10\/10\/papa-indeamna-tarile-bogate-sa-combata-criza-climatica\/","og_locale":"en_US","og_type":"article","og_title":"Papa \u00eendeamn\u0103 \u021b\u0103rile bogate s\u0103 combat\u0103 criza climatic\u0103 - Green24.ro","og_description":"\u00cen mesajul\u00a0apostolic intitulat ,,Laudate Deum\u201d, Papa ap\u0103r\u0103 activi\u0219tii de mediu \u0219i face un apel c\u0103tre guverne s\u0103 transforme summit-ul\u00a0COP28 din Dubai \u00eentr-un moment decisiv pentru a vindeca aceast\u0103 ,,boal\u0103 t\u0103cut\u0103 care ne afecteaz\u0103 pe to\u021bi\u201e.","og_url":"https:\/\/www.green24.ro\/index.php\/2023\/10\/10\/papa-indeamna-tarile-bogate-sa-combata-criza-climatica\/","og_site_name":"Green24.ro","article_publisher":"https:\/\/www.facebook.com\/green24ro\/","article_author":"https:\/\/www.facebook.com\/green24ro\/","article_published_time":"2023-10-10T06:42:18+00:00","article_modified_time":"2023-10-10T06:42:20+00:00","og_image":[{"width":2048,"height":1366,"url":"https:\/\/www.green24.ro\/wp-content\/uploads\/2023\/10\/licensed-image.jpeg","type":"image\/jpeg"}],"author":"Redactia Green24","twitter_card":"summary_large_image","twitter_misc":{"Written by":"Redactia Green24","Est. reading time":"3 minutes"},"schema":{"@context":"https:\/\/schema.org","@graph":[{"@type":"Article","@id":"https:\/\/www.green24.ro\/index.php\/2023\/10\/10\/papa-indeamna-tarile-bogate-sa-combata-criza-climatica\/#article","isPartOf":{"@id":"https:\/\/www.green24.ro\/index.php\/2023\/10\/10\/papa-indeamna-tarile-bogate-sa-combata-criza-climatica\/"},"author":{"name":"Redactia Green24","@id":"https:\/\/www.green24.ro\/#\/schema\/person\/275c7d10a2dd4fb528a2c0ad5d633496"},"headline":"Papa \u00eendeamn\u0103 \u021b\u0103rile bogate s\u0103 combat\u0103 criza climatic\u0103","datePublished":"2023-10-10T06:42:18+00:00","dateModified":"2023-10-10T06:42:20+00:00","mainEntityOfPage":{"@id":"https:\/\/www.green24.ro\/index.php\/2023\/10\/10\/papa-indeamna-tarile-bogate-sa-combata-criza-climatica\/"},"wordCount":591,"commentCount":0,"publisher":{"@id":"https:\/\/www.green24.ro\/#organization"},"image":{"@id":"https:\/\/www.green24.ro\/index.php\/2023\/10\/10\/papa-indeamna-tarile-bogate-sa-combata-criza-climatica\/#primaryimage"},"thumbnailUrl":"https:\/\/www.green24.ro\/wp-content\/uploads\/2023\/10\/licensed-image.jpeg","articleSection":["Blog","Company","General","Legislatie","Prime","Slide"],"inLanguage":"en-US","potentialAction":[{"@type":"CommentAction","name":"Comment","target":["https:\/\/www.green24.ro\/index.php\/2023\/10\/10\/papa-indeamna-tarile-bogate-sa-combata-criza-climatica\/#respond"]}]},{"@type":"WebPage","@id":"https:\/\/www.green24.ro\/index.php\/2023\/10\/10\/papa-indeamna-tarile-bogate-sa-combata-criza-climatica\/","url":"https:\/\/www.green24.ro\/index.php\/2023\/10\/10\/papa-indeamna-tarile-bogate-sa-combata-criza-climatica\/","name":"Papa \u00eendeamn\u0103 \u021b\u0103rile bogate s\u0103 combat\u0103 criza climatic\u0103 - Green24.ro","isPartOf":{"@id":"https:\/\/www.green24.ro\/#website"},"primaryImageOfPage":{"@id":"https:\/\/www.green24.ro\/index.php\/2023\/10\/10\/papa-indeamna-tarile-bogate-sa-combata-criza-climatica\/#primaryimage"},"image":{"@id":"https:\/\/www.green24.ro\/index.php\/2023\/10\/10\/papa-indeamna-tarile-bogate-sa-combata-criza-climatica\/#primaryimage"},"thumbnailUrl":"https:\/\/www.green24.ro\/wp-content\/uploads\/2023\/10\/licensed-image.jpeg","datePublished":"2023-10-10T06:42:18+00:00","dateModified":"2023-10-10T06:42:20+00:00","description":"\u00cen mesajul\u00a0apostolic intitulat ,,Laudate Deum\u201d, Papa ap\u0103r\u0103 activi\u0219tii de mediu \u0219i face un apel c\u0103tre guverne s\u0103 transforme summit-ul\u00a0COP28 din Dubai \u00eentr-un moment decisiv pentru a vindeca aceast\u0103 ,,boal\u0103 t\u0103cut\u0103 care ne afecteaz\u0103 pe to\u021bi\u201e.","breadcrumb":{"@id":"https:\/\/www.green24.ro\/index.php\/2023\/10\/10\/papa-indeamna-tarile-bogate-sa-combata-criza-climatica\/#breadcrumb"},"inLanguage":"en-US","potentialAction":[{"@type":"ReadAction","target":["https:\/\/www.green24.ro\/index.php\/2023\/10\/10\/papa-indeamna-tarile-bogate-sa-combata-criza-climatica\/"]}]},{"@type":"ImageObject","inLanguage":"en-US","@id":"https:\/\/www.green24.ro\/index.php\/2023\/10\/10\/papa-indeamna-tarile-bogate-sa-combata-criza-climatica\/#primaryimage","url":"https:\/\/www.green24.ro\/wp-content\/uploads\/2023\/10\/licensed-image.jpeg","contentUrl":"https:\/\/www.green24.ro\/wp-content\/uploads\/2023\/10\/licensed-image.jpeg","width":2048,"height":1366,"caption":"Papa \u00eendeamn\u0103 \u021b\u0103rile bogate s\u0103 combat\u0103 criza climatic\u0103"},{"@type":"BreadcrumbList","@id":"https:\/\/www.green24.ro\/index.php\/2023\/10\/10\/papa-indeamna-tarile-bogate-sa-combata-criza-climatica\/#breadcrumb","itemListElement":[{"@type":"ListItem","position":1,"name":"Home","item":"https:\/\/www.green24.ro\/"},{"@type":"ListItem","position":2,"name":"Papa \u00eendeamn\u0103 \u021b\u0103rile bogate s\u0103 combat\u0103 criza climatic\u0103"}]},{"@type":"WebSite","@id":"https:\/\/www.green24.ro\/#website","url":"https:\/\/www.green24.ro\/","name":"Green24.ro","description":"Antreprenoriat verde si responsabilitatea social\u0103","publisher":{"@id":"https:\/\/www.green24.ro\/#organization"},"potentialAction":[{"@type":"SearchAction","target":{"@type":"EntryPoint","urlTemplate":"https:\/\/www.green24.ro\/?s={search_term_string}"},"query-input":{"@type":"PropertyValueSpecification","valueRequired":true,"valueName":"search_term_string"}}],"inLanguage":"en-US"},{"@type":"Organization","@id":"https:\/\/www.green24.ro\/#organization","name":"Green24","url":"https:\/\/www.green24.ro\/","logo":{"@type":"ImageObject","inLanguage":"en-US","@id":"https:\/\/www.green24.ro\/#\/schema\/logo\/image\/","url":"https:\/\/www.green24.ro\/wp-content\/uploads\/2022\/02\/green24-17-e1643806452346.png","contentUrl":"https:\/\/www.green24.ro\/wp-content\/uploads\/2022\/02\/green24-17-e1643806452346.png","width":174,"height":174,"caption":"Green24"},"image":{"@id":"https:\/\/www.green24.ro\/#\/schema\/logo\/image\/"},"sameAs":["https:\/\/www.facebook.com\/green24ro\/"]},{"@type":"Person","@id":"https:\/\/www.green24.ro\/#\/schema\/person\/275c7d10a2dd4fb528a2c0ad5d633496","name":"Redactia Green24","image":{"@type":"ImageObject","inLanguage":"en-US","@id":"https:\/\/www.green24.ro\/#\/schema\/person\/image\/","url":"https:\/\/secure.gravatar.com\/avatar\/ff0d3a759f98829f7ca35637ba02cb3c?s=96&d=mm&r=g","contentUrl":"https:\/\/secure.gravatar.com\/avatar\/ff0d3a759f98829f7ca35637ba02cb3c?s=96&d=mm&r=g","caption":"Redactia Green24"},"description":"Green24.ro este sursa zilnic\u0103 de \u0219tiri, online, pentru cei interesa\u021bi de mediul \u00eenconjur\u0103tor.","sameAs":["https:\/\/green24.ro","https:\/\/www.facebook.com\/green24ro\/"],"url":"https:\/\/www.green24.ro\/index.php\/author\/admin\/"}]}},"jetpack_publicize_connections":[],"jetpack_featured_media_url":"https:\/\/www.green24.ro\/wp-content\/uploads\/2023\/10\/licensed-image.jpeg","jetpack_sharing_enabled":true,"_links":{"self":[{"href":"https:\/\/www.green24.ro\/index.php\/wp-json\/wp\/v2\/posts\/1845","targetHints":{"allow":["GET"]}}],"collection":[{"href":"https:\/\/www.green24.ro\/index.php\/wp-json\/wp\/v2\/posts"}],"about":[{"href":"https:\/\/www.green24.ro\/index.php\/wp-json\/wp\/v2\/types\/post"}],"author":[{"embeddable":true,"href":"https:\/\/www.green24.ro\/index.php\/wp-json\/wp\/v2\/users\/1"}],"replies":[{"embeddable":true,"href":"https:\/\/www.green24.ro\/index.php\/wp-json\/wp\/v2\/comments?post=1845"}],"version-history":[{"count":1,"href":"https:\/\/www.green24.ro\/index.php\/wp-json\/wp\/v2\/posts\/1845\/revisions"}],"predecessor-version":[{"id":1847,"href":"https:\/\/www.green24.ro\/index.php\/wp-json\/wp\/v2\/posts\/1845\/revisions\/1847"}],"wp:featuredmedia":[{"embeddable":true,"href":"https:\/\/www.green24.ro\/index.php\/wp-json\/wp\/v2\/media\/1846"}],"wp:attachment":[{"href":"https:\/\/www.green24.ro\/index.php\/wp-json\/wp\/v2\/media?parent=1845"}],"wp:term":[{"taxonomy":"category","embeddable":true,"href":"https:\/\/www.green24.ro\/index.php\/wp-json\/wp\/v2\/categories?post=1845"},{"taxonomy":"post_tag","embeddable":true,"href":"https:\/\/www.green24.ro\/index.php\/wp-json\/wp\/v2\/tags?post=1845"}],"curies":[{"name":"wp","href":"https:\/\/api.w.org\/{rel}","templated":true}]}}