{"id":1828,"date":"2023-09-28T12:35:40","date_gmt":"2023-09-28T10:35:40","guid":{"rendered":"https:\/\/www.green24.ro\/?p=1828"},"modified":"2023-09-28T12:35:42","modified_gmt":"2023-09-28T10:35:42","slug":"romania-data-in-judecata-la-cedo-din-cauza-schimbarilor-climatice","status":"publish","type":"post","link":"https:\/\/www.green24.ro\/index.php\/2023\/09\/28\/romania-data-in-judecata-la-cedo-din-cauza-schimbarilor-climatice\/","title":{"rendered":"Rom\u00e2nia, dat\u0103 \u00een judecat\u0103 la CEDO din cauza schimb\u0103rilor climatice"},"content":{"rendered":"<p style=\"text-align: justify;\"><strong>\u0218ase tineri portughezi au dat \u00een judecat\u0103 la CEDO 32 de \u021b\u0103ri, printre care \u0219i Rom\u00e2nia, din cauza politicilor privind schimb\u0103rile climatice. Ei sus\u021bin c\u0103 e\u0219ecul combaterii schimb\u0103rilor climatice reprezint\u0103 o \u00eenc\u0103lcare a\u00a0drepturilor omului. Este cea mai mare ac\u021biune de acest tip \u00eentr-o instan\u021b\u0103 interna\u021bional\u0103. Primele audieri \u00eencep pe 27 septembrie.<\/strong><\/p>\n<p style=\"text-align: justify;\">Cei \u0219ase tineri, cu v\u00e2rste \u00eentre 14 \u0219i 24 de ani, se preg\u0103tesc s\u0103 apar\u0103 \u00een fa\u021ba Cur\u021bii Europene a Drepturilor Omului (CEDO) \u00eentr-un proces prin care vor s\u0103 for\u021beze 32 de \u021b\u0103ri, inclusiv Rom\u00e2nia, s\u0103 accelereze reducerea emisiilor de carbon. Ac\u021biunea lor \u00een justi\u021bie este finan\u021bat\u0103 prin dona\u021bii interna\u021bionale de peste 100 de mii de lire sterline.<\/p>\n<p style=\"text-align: justify;\">Ac\u021biunea la CEDO a \u00eenceput acum \u0219ase ani, la c\u00e2teva luni dup\u0103 incendiile de vegeta\u021bie din Leiria, o regiune din Portugalia. Tinerii sus\u021bin, \u00een pl\u00e2ngerea depus\u0103, c\u0103 simt deja impactul schimb\u0103rilor climatice, \u00een special cre\u0219terea temperaturilor, ceea ce le restr\u00e2nge activit\u0103\u021bile \u00een aer liber \u0219i le agraveaz\u0103 problemele de s\u0103n\u0103tate.<\/p>\n<h3 style=\"text-align: justify;\"><strong>Ce sus\u021bin reclaman\u021bii?<\/strong><\/h3>\n<p style=\"text-align: justify;\">Avoca\u021bii tinerilor vor prezenta dovezi potrivit c\u0103rora politicile actuale de mediu duse de statele ac\u021bionate \u00een instan\u021b\u0103 sunt ineficiente, iar cre\u0219terea temperaturii globale cu 3 grade Celsius se va petrece chiar \u00een timpul vie\u021bii reclaman\u021bilor.<\/p>\n<p style=\"text-align: justify;\">Avoca\u021bii sus\u021bin c\u0103 guvernele ac\u021bionate \u00een instan\u021b\u0103 le \u00eencal\u0103 celor \u0219ase tineri drepturile omului, \u00een special dreptul la via\u021b\u0103, dreptul la intimitate \u0219i via\u021b\u0103 de familie.<\/p>\n<h3 style=\"text-align: justify;\"><strong>Ce sus\u021bin guvernele?<\/strong><\/h3>\n<p style=\"text-align: justify;\">\u00cen documentele depuse la instan\u021b\u0103, guvernele reclamate neag\u0103 c\u0103 shimb\u0103rile climatice reprezint\u0103 o amenin\u021bare. Spre exemplu, Guvernul Greciei, \u021bar\u0103 care s-a confruntat cu impactul devastator al sutelor de incendii de p\u0103dure din aceast\u0103 var\u0103, sus\u021bine c\u0103 efectele schimb\u0103rilor climatice nu par s\u0103 afecteze via\u021ba sau s\u0103n\u0103tatea cet\u0103\u021benilor.<\/p>\n<p style=\"text-align: justify;\">La r\u00e2ndul lor, guvrnele Irlandei \u0219i Portugaliei au respins argumenelor reclaman\u021bilor, afirm\u00e2nd c\u0103 nu exist\u0103 niciun risc iminent pentru vie\u021bile acestora.<\/p>\n<p style=\"text-align: justify;\">Statele ac\u021bionate \u00een judecat\u0103 sunt cele 27 de state membre ale Uniunii Europene (Austria, Belgia, Bulgaria, Croa\u021bia, Cehia, Cipru, Danemarca, Estonia, Finlanda, Fran\u021ba, Germania, Grecia, Ungaria, Irlanda, Italia, Letonia, Lituania, Luxemburg, Malta, Olanda, Polonia, Portugalia, Rom\u00e2nia, Slovacia, Slovenia, Spania \u0219i Suedia), al\u0103turi de Norvegia, Rusia, Elve\u021bia, Marea Britanie \u0219i Turcia.<\/p>\n<pre>sursa: greenreport, <a href=\"https:\/\/www.un.org\/sites\/un2.un.org\/files\/2021\/09\/climatechange11.jpg\">img<\/a><\/pre>\n","protected":false},"excerpt":{"rendered":"<p>\u0218ase tineri portughezi au dat \u00een judecat\u0103 la CEDO 32 de \u021b\u0103ri, printre care \u0219i Rom\u00e2nia, din cauza politicilor privind schimb\u0103rile climatice. Ei sus\u021bin c\u0103 e\u0219ecul combaterii schimb\u0103rilor climatice reprezint\u0103 o \u00eenc\u0103lcare a\u00a0drepturilor omului. Este cea mai mare ac\u021biune de acest tip \u00eentr-o instan\u021b\u0103 interna\u021bional\u0103. Primele audieri \u00eencep pe 27 [&hellip;]<\/p>\n","protected":false},"author":1,"featured_media":1829,"comment_status":"open","ping_status":"open","sticky":false,"template":"","format":"standard","meta":{"content-type":"","footnotes":"","jetpack_publicize_message":"","jetpack_publicize_feature_enabled":true,"jetpack_social_post_already_shared":true,"jetpack_social_options":{"image_generator_settings":{"template":"highway","default_image_id":0,"font":"","enabled":false},"version":2}},"categories":[5,9,1,3,6,10],"tags":[],"class_list":["post-1828","post","type-post","status-publish","format-standard","has-post-thumbnail","hentry","category-blog","category-company","category-general","category-legislatie","category-prime","category-slide"],"yoast_head":"<!-- This site is optimized with the Yoast SEO plugin v24.9 - https:\/\/yoast.com\/wordpress\/plugins\/seo\/ -->\n<title>Rom\u00e2nia, dat\u0103 \u00een judecat\u0103 la CEDO din cauza schimb\u0103rilor climatice - Green24.ro<\/title>\n<meta name=\"description\" content=\"\u0218ase tineri portughezi au dat \u00een judecat\u0103 la CEDO 32 de \u021b\u0103ri, printre care \u0219i Rom\u00e2nia, din cauza politicilor privind schimb\u0103rile climatice.\" \/>\n<meta name=\"robots\" content=\"index, follow, max-snippet:-1, max-image-preview:large, max-video-preview:-1\" \/>\n<link rel=\"canonical\" href=\"https:\/\/www.green24.ro\/index.php\/2023\/09\/28\/romania-data-in-judecata-la-cedo-din-cauza-schimbarilor-climatice\/\" \/>\n<meta property=\"og:locale\" content=\"en_US\" \/>\n<meta property=\"og:type\" content=\"article\" \/>\n<meta property=\"og:title\" content=\"Rom\u00e2nia, dat\u0103 \u00een judecat\u0103 la CEDO din cauza schimb\u0103rilor climatice - Green24.ro\" \/>\n<meta property=\"og:description\" content=\"\u0218ase tineri portughezi au dat \u00een judecat\u0103 la CEDO 32 de \u021b\u0103ri, printre care \u0219i Rom\u00e2nia, din cauza politicilor privind schimb\u0103rile climatice.\" \/>\n<meta property=\"og:url\" content=\"https:\/\/www.green24.ro\/index.php\/2023\/09\/28\/romania-data-in-judecata-la-cedo-din-cauza-schimbarilor-climatice\/\" \/>\n<meta property=\"og:site_name\" content=\"Green24.ro\" \/>\n<meta property=\"article:publisher\" content=\"https:\/\/www.facebook.com\/green24ro\/\" \/>\n<meta property=\"article:author\" content=\"https:\/\/www.facebook.com\/green24ro\/\" \/>\n<meta property=\"article:published_time\" content=\"2023-09-28T10:35:40+00:00\" \/>\n<meta property=\"article:modified_time\" content=\"2023-09-28T10:35:42+00:00\" \/>\n<meta property=\"og:image\" content=\"https:\/\/www.green24.ro\/wp-content\/uploads\/2023\/09\/climatechange11.jpg\" \/>\n\t<meta property=\"og:image:width\" content=\"1000\" \/>\n\t<meta property=\"og:image:height\" content=\"563\" \/>\n\t<meta property=\"og:image:type\" content=\"image\/jpeg\" \/>\n<meta name=\"author\" content=\"Redactia Green24\" \/>\n<meta name=\"twitter:card\" content=\"summary_large_image\" \/>\n<meta name=\"twitter:label1\" content=\"Written by\" \/>\n\t<meta name=\"twitter:data1\" content=\"Redactia Green24\" \/>\n\t<meta name=\"twitter:label2\" content=\"Est. reading time\" \/>\n\t<meta name=\"twitter:data2\" content=\"2 minutes\" \/>\n<script type=\"application\/ld+json\" class=\"yoast-schema-graph\">{\"@context\":\"https:\/\/schema.org\",\"@graph\":[{\"@type\":\"Article\",\"@id\":\"https:\/\/www.green24.ro\/index.php\/2023\/09\/28\/romania-data-in-judecata-la-cedo-din-cauza-schimbarilor-climatice\/#article\",\"isPartOf\":{\"@id\":\"https:\/\/www.green24.ro\/index.php\/2023\/09\/28\/romania-data-in-judecata-la-cedo-din-cauza-schimbarilor-climatice\/\"},\"author\":{\"name\":\"Redactia Green24\",\"@id\":\"https:\/\/www.green24.ro\/#\/schema\/person\/275c7d10a2dd4fb528a2c0ad5d633496\"},\"headline\":\"Rom\u00e2nia, dat\u0103 \u00een judecat\u0103 la CEDO din cauza schimb\u0103rilor climatice\",\"datePublished\":\"2023-09-28T10:35:40+00:00\",\"dateModified\":\"2023-09-28T10:35:42+00:00\",\"mainEntityOfPage\":{\"@id\":\"https:\/\/www.green24.ro\/index.php\/2023\/09\/28\/romania-data-in-judecata-la-cedo-din-cauza-schimbarilor-climatice\/\"},\"wordCount\":410,\"commentCount\":0,\"publisher\":{\"@id\":\"https:\/\/www.green24.ro\/#organization\"},\"image\":{\"@id\":\"https:\/\/www.green24.ro\/index.php\/2023\/09\/28\/romania-data-in-judecata-la-cedo-din-cauza-schimbarilor-climatice\/#primaryimage\"},\"thumbnailUrl\":\"https:\/\/www.green24.ro\/wp-content\/uploads\/2023\/09\/climatechange11.jpg\",\"articleSection\":[\"Blog\",\"Company\",\"General\",\"Legislatie\",\"Prime\",\"Slide\"],\"inLanguage\":\"en-US\",\"potentialAction\":[{\"@type\":\"CommentAction\",\"name\":\"Comment\",\"target\":[\"https:\/\/www.green24.ro\/index.php\/2023\/09\/28\/romania-data-in-judecata-la-cedo-din-cauza-schimbarilor-climatice\/#respond\"]}]},{\"@type\":\"WebPage\",\"@id\":\"https:\/\/www.green24.ro\/index.php\/2023\/09\/28\/romania-data-in-judecata-la-cedo-din-cauza-schimbarilor-climatice\/\",\"url\":\"https:\/\/www.green24.ro\/index.php\/2023\/09\/28\/romania-data-in-judecata-la-cedo-din-cauza-schimbarilor-climatice\/\",\"name\":\"Rom\u00e2nia, dat\u0103 \u00een judecat\u0103 la CEDO din cauza schimb\u0103rilor climatice - Green24.ro\",\"isPartOf\":{\"@id\":\"https:\/\/www.green24.ro\/#website\"},\"primaryImageOfPage\":{\"@id\":\"https:\/\/www.green24.ro\/index.php\/2023\/09\/28\/romania-data-in-judecata-la-cedo-din-cauza-schimbarilor-climatice\/#primaryimage\"},\"image\":{\"@id\":\"https:\/\/www.green24.ro\/index.php\/2023\/09\/28\/romania-data-in-judecata-la-cedo-din-cauza-schimbarilor-climatice\/#primaryimage\"},\"thumbnailUrl\":\"https:\/\/www.green24.ro\/wp-content\/uploads\/2023\/09\/climatechange11.jpg\",\"datePublished\":\"2023-09-28T10:35:40+00:00\",\"dateModified\":\"2023-09-28T10:35:42+00:00\",\"description\":\"\u0218ase tineri portughezi au dat \u00een judecat\u0103 la CEDO 32 de \u021b\u0103ri, printre care \u0219i Rom\u00e2nia, din cauza politicilor privind schimb\u0103rile climatice.\",\"breadcrumb\":{\"@id\":\"https:\/\/www.green24.ro\/index.php\/2023\/09\/28\/romania-data-in-judecata-la-cedo-din-cauza-schimbarilor-climatice\/#breadcrumb\"},\"inLanguage\":\"en-US\",\"potentialAction\":[{\"@type\":\"ReadAction\",\"target\":[\"https:\/\/www.green24.ro\/index.php\/2023\/09\/28\/romania-data-in-judecata-la-cedo-din-cauza-schimbarilor-climatice\/\"]}]},{\"@type\":\"ImageObject\",\"inLanguage\":\"en-US\",\"@id\":\"https:\/\/www.green24.ro\/index.php\/2023\/09\/28\/romania-data-in-judecata-la-cedo-din-cauza-schimbarilor-climatice\/#primaryimage\",\"url\":\"https:\/\/www.green24.ro\/wp-content\/uploads\/2023\/09\/climatechange11.jpg\",\"contentUrl\":\"https:\/\/www.green24.ro\/wp-content\/uploads\/2023\/09\/climatechange11.jpg\",\"width\":1000,\"height\":563,\"caption\":\"Rom\u00e2nia, dat\u0103 \u00een judecat\u0103 la CEDO din cauza schimb\u0103rilor climatice\"},{\"@type\":\"BreadcrumbList\",\"@id\":\"https:\/\/www.green24.ro\/index.php\/2023\/09\/28\/romania-data-in-judecata-la-cedo-din-cauza-schimbarilor-climatice\/#breadcrumb\",\"itemListElement\":[{\"@type\":\"ListItem\",\"position\":1,\"name\":\"Home\",\"item\":\"https:\/\/www.green24.ro\/\"},{\"@type\":\"ListItem\",\"position\":2,\"name\":\"Rom\u00e2nia, dat\u0103 \u00een judecat\u0103 la CEDO din cauza schimb\u0103rilor climatice\"}]},{\"@type\":\"WebSite\",\"@id\":\"https:\/\/www.green24.ro\/#website\",\"url\":\"https:\/\/www.green24.ro\/\",\"name\":\"Green24.ro\",\"description\":\"Antreprenoriat verde si responsabilitatea social\u0103\",\"publisher\":{\"@id\":\"https:\/\/www.green24.ro\/#organization\"},\"potentialAction\":[{\"@type\":\"SearchAction\",\"target\":{\"@type\":\"EntryPoint\",\"urlTemplate\":\"https:\/\/www.green24.ro\/?s={search_term_string}\"},\"query-input\":{\"@type\":\"PropertyValueSpecification\",\"valueRequired\":true,\"valueName\":\"search_term_string\"}}],\"inLanguage\":\"en-US\"},{\"@type\":\"Organization\",\"@id\":\"https:\/\/www.green24.ro\/#organization\",\"name\":\"Green24\",\"url\":\"https:\/\/www.green24.ro\/\",\"logo\":{\"@type\":\"ImageObject\",\"inLanguage\":\"en-US\",\"@id\":\"https:\/\/www.green24.ro\/#\/schema\/logo\/image\/\",\"url\":\"https:\/\/www.green24.ro\/wp-content\/uploads\/2022\/02\/green24-17-e1643806452346.png\",\"contentUrl\":\"https:\/\/www.green24.ro\/wp-content\/uploads\/2022\/02\/green24-17-e1643806452346.png\",\"width\":174,\"height\":174,\"caption\":\"Green24\"},\"image\":{\"@id\":\"https:\/\/www.green24.ro\/#\/schema\/logo\/image\/\"},\"sameAs\":[\"https:\/\/www.facebook.com\/green24ro\/\"]},{\"@type\":\"Person\",\"@id\":\"https:\/\/www.green24.ro\/#\/schema\/person\/275c7d10a2dd4fb528a2c0ad5d633496\",\"name\":\"Redactia Green24\",\"image\":{\"@type\":\"ImageObject\",\"inLanguage\":\"en-US\",\"@id\":\"https:\/\/www.green24.ro\/#\/schema\/person\/image\/\",\"url\":\"https:\/\/secure.gravatar.com\/avatar\/ff0d3a759f98829f7ca35637ba02cb3c?s=96&d=mm&r=g\",\"contentUrl\":\"https:\/\/secure.gravatar.com\/avatar\/ff0d3a759f98829f7ca35637ba02cb3c?s=96&d=mm&r=g\",\"caption\":\"Redactia Green24\"},\"description\":\"Green24.ro este sursa zilnic\u0103 de \u0219tiri, online, pentru cei interesa\u021bi de mediul \u00eenconjur\u0103tor.\",\"sameAs\":[\"https:\/\/green24.ro\",\"https:\/\/www.facebook.com\/green24ro\/\"],\"url\":\"https:\/\/www.green24.ro\/index.php\/author\/admin\/\"}]}<\/script>\n<!-- \/ Yoast SEO plugin. -->","yoast_head_json":{"title":"Rom\u00e2nia, dat\u0103 \u00een judecat\u0103 la CEDO din cauza schimb\u0103rilor climatice - Green24.ro","description":"\u0218ase tineri portughezi au dat \u00een judecat\u0103 la CEDO 32 de \u021b\u0103ri, printre care \u0219i Rom\u00e2nia, din cauza politicilor privind schimb\u0103rile climatice.","robots":{"index":"index","follow":"follow","max-snippet":"max-snippet:-1","max-image-preview":"max-image-preview:large","max-video-preview":"max-video-preview:-1"},"canonical":"https:\/\/www.green24.ro\/index.php\/2023\/09\/28\/romania-data-in-judecata-la-cedo-din-cauza-schimbarilor-climatice\/","og_locale":"en_US","og_type":"article","og_title":"Rom\u00e2nia, dat\u0103 \u00een judecat\u0103 la CEDO din cauza schimb\u0103rilor climatice - Green24.ro","og_description":"\u0218ase tineri portughezi au dat \u00een judecat\u0103 la CEDO 32 de \u021b\u0103ri, printre care \u0219i Rom\u00e2nia, din cauza politicilor privind schimb\u0103rile climatice.","og_url":"https:\/\/www.green24.ro\/index.php\/2023\/09\/28\/romania-data-in-judecata-la-cedo-din-cauza-schimbarilor-climatice\/","og_site_name":"Green24.ro","article_publisher":"https:\/\/www.facebook.com\/green24ro\/","article_author":"https:\/\/www.facebook.com\/green24ro\/","article_published_time":"2023-09-28T10:35:40+00:00","article_modified_time":"2023-09-28T10:35:42+00:00","og_image":[{"width":1000,"height":563,"url":"https:\/\/www.green24.ro\/wp-content\/uploads\/2023\/09\/climatechange11.jpg","type":"image\/jpeg"}],"author":"Redactia Green24","twitter_card":"summary_large_image","twitter_misc":{"Written by":"Redactia Green24","Est. reading time":"2 minutes"},"schema":{"@context":"https:\/\/schema.org","@graph":[{"@type":"Article","@id":"https:\/\/www.green24.ro\/index.php\/2023\/09\/28\/romania-data-in-judecata-la-cedo-din-cauza-schimbarilor-climatice\/#article","isPartOf":{"@id":"https:\/\/www.green24.ro\/index.php\/2023\/09\/28\/romania-data-in-judecata-la-cedo-din-cauza-schimbarilor-climatice\/"},"author":{"name":"Redactia Green24","@id":"https:\/\/www.green24.ro\/#\/schema\/person\/275c7d10a2dd4fb528a2c0ad5d633496"},"headline":"Rom\u00e2nia, dat\u0103 \u00een judecat\u0103 la CEDO din cauza schimb\u0103rilor climatice","datePublished":"2023-09-28T10:35:40+00:00","dateModified":"2023-09-28T10:35:42+00:00","mainEntityOfPage":{"@id":"https:\/\/www.green24.ro\/index.php\/2023\/09\/28\/romania-data-in-judecata-la-cedo-din-cauza-schimbarilor-climatice\/"},"wordCount":410,"commentCount":0,"publisher":{"@id":"https:\/\/www.green24.ro\/#organization"},"image":{"@id":"https:\/\/www.green24.ro\/index.php\/2023\/09\/28\/romania-data-in-judecata-la-cedo-din-cauza-schimbarilor-climatice\/#primaryimage"},"thumbnailUrl":"https:\/\/www.green24.ro\/wp-content\/uploads\/2023\/09\/climatechange11.jpg","articleSection":["Blog","Company","General","Legislatie","Prime","Slide"],"inLanguage":"en-US","potentialAction":[{"@type":"CommentAction","name":"Comment","target":["https:\/\/www.green24.ro\/index.php\/2023\/09\/28\/romania-data-in-judecata-la-cedo-din-cauza-schimbarilor-climatice\/#respond"]}]},{"@type":"WebPage","@id":"https:\/\/www.green24.ro\/index.php\/2023\/09\/28\/romania-data-in-judecata-la-cedo-din-cauza-schimbarilor-climatice\/","url":"https:\/\/www.green24.ro\/index.php\/2023\/09\/28\/romania-data-in-judecata-la-cedo-din-cauza-schimbarilor-climatice\/","name":"Rom\u00e2nia, dat\u0103 \u00een judecat\u0103 la CEDO din cauza schimb\u0103rilor climatice - Green24.ro","isPartOf":{"@id":"https:\/\/www.green24.ro\/#website"},"primaryImageOfPage":{"@id":"https:\/\/www.green24.ro\/index.php\/2023\/09\/28\/romania-data-in-judecata-la-cedo-din-cauza-schimbarilor-climatice\/#primaryimage"},"image":{"@id":"https:\/\/www.green24.ro\/index.php\/2023\/09\/28\/romania-data-in-judecata-la-cedo-din-cauza-schimbarilor-climatice\/#primaryimage"},"thumbnailUrl":"https:\/\/www.green24.ro\/wp-content\/uploads\/2023\/09\/climatechange11.jpg","datePublished":"2023-09-28T10:35:40+00:00","dateModified":"2023-09-28T10:35:42+00:00","description":"\u0218ase tineri portughezi au dat \u00een judecat\u0103 la CEDO 32 de \u021b\u0103ri, printre care \u0219i Rom\u00e2nia, din cauza politicilor privind schimb\u0103rile climatice.","breadcrumb":{"@id":"https:\/\/www.green24.ro\/index.php\/2023\/09\/28\/romania-data-in-judecata-la-cedo-din-cauza-schimbarilor-climatice\/#breadcrumb"},"inLanguage":"en-US","potentialAction":[{"@type":"ReadAction","target":["https:\/\/www.green24.ro\/index.php\/2023\/09\/28\/romania-data-in-judecata-la-cedo-din-cauza-schimbarilor-climatice\/"]}]},{"@type":"ImageObject","inLanguage":"en-US","@id":"https:\/\/www.green24.ro\/index.php\/2023\/09\/28\/romania-data-in-judecata-la-cedo-din-cauza-schimbarilor-climatice\/#primaryimage","url":"https:\/\/www.green24.ro\/wp-content\/uploads\/2023\/09\/climatechange11.jpg","contentUrl":"https:\/\/www.green24.ro\/wp-content\/uploads\/2023\/09\/climatechange11.jpg","width":1000,"height":563,"caption":"Rom\u00e2nia, dat\u0103 \u00een judecat\u0103 la CEDO din cauza schimb\u0103rilor climatice"},{"@type":"BreadcrumbList","@id":"https:\/\/www.green24.ro\/index.php\/2023\/09\/28\/romania-data-in-judecata-la-cedo-din-cauza-schimbarilor-climatice\/#breadcrumb","itemListElement":[{"@type":"ListItem","position":1,"name":"Home","item":"https:\/\/www.green24.ro\/"},{"@type":"ListItem","position":2,"name":"Rom\u00e2nia, dat\u0103 \u00een judecat\u0103 la CEDO din cauza schimb\u0103rilor climatice"}]},{"@type":"WebSite","@id":"https:\/\/www.green24.ro\/#website","url":"https:\/\/www.green24.ro\/","name":"Green24.ro","description":"Antreprenoriat verde si responsabilitatea social\u0103","publisher":{"@id":"https:\/\/www.green24.ro\/#organization"},"potentialAction":[{"@type":"SearchAction","target":{"@type":"EntryPoint","urlTemplate":"https:\/\/www.green24.ro\/?s={search_term_string}"},"query-input":{"@type":"PropertyValueSpecification","valueRequired":true,"valueName":"search_term_string"}}],"inLanguage":"en-US"},{"@type":"Organization","@id":"https:\/\/www.green24.ro\/#organization","name":"Green24","url":"https:\/\/www.green24.ro\/","logo":{"@type":"ImageObject","inLanguage":"en-US","@id":"https:\/\/www.green24.ro\/#\/schema\/logo\/image\/","url":"https:\/\/www.green24.ro\/wp-content\/uploads\/2022\/02\/green24-17-e1643806452346.png","contentUrl":"https:\/\/www.green24.ro\/wp-content\/uploads\/2022\/02\/green24-17-e1643806452346.png","width":174,"height":174,"caption":"Green24"},"image":{"@id":"https:\/\/www.green24.ro\/#\/schema\/logo\/image\/"},"sameAs":["https:\/\/www.facebook.com\/green24ro\/"]},{"@type":"Person","@id":"https:\/\/www.green24.ro\/#\/schema\/person\/275c7d10a2dd4fb528a2c0ad5d633496","name":"Redactia Green24","image":{"@type":"ImageObject","inLanguage":"en-US","@id":"https:\/\/www.green24.ro\/#\/schema\/person\/image\/","url":"https:\/\/secure.gravatar.com\/avatar\/ff0d3a759f98829f7ca35637ba02cb3c?s=96&d=mm&r=g","contentUrl":"https:\/\/secure.gravatar.com\/avatar\/ff0d3a759f98829f7ca35637ba02cb3c?s=96&d=mm&r=g","caption":"Redactia Green24"},"description":"Green24.ro este sursa zilnic\u0103 de \u0219tiri, online, pentru cei interesa\u021bi de mediul \u00eenconjur\u0103tor.","sameAs":["https:\/\/green24.ro","https:\/\/www.facebook.com\/green24ro\/"],"url":"https:\/\/www.green24.ro\/index.php\/author\/admin\/"}]}},"jetpack_publicize_connections":[],"jetpack_featured_media_url":"https:\/\/www.green24.ro\/wp-content\/uploads\/2023\/09\/climatechange11.jpg","jetpack_sharing_enabled":true,"_links":{"self":[{"href":"https:\/\/www.green24.ro\/index.php\/wp-json\/wp\/v2\/posts\/1828","targetHints":{"allow":["GET"]}}],"collection":[{"href":"https:\/\/www.green24.ro\/index.php\/wp-json\/wp\/v2\/posts"}],"about":[{"href":"https:\/\/www.green24.ro\/index.php\/wp-json\/wp\/v2\/types\/post"}],"author":[{"embeddable":true,"href":"https:\/\/www.green24.ro\/index.php\/wp-json\/wp\/v2\/users\/1"}],"replies":[{"embeddable":true,"href":"https:\/\/www.green24.ro\/index.php\/wp-json\/wp\/v2\/comments?post=1828"}],"version-history":[{"count":1,"href":"https:\/\/www.green24.ro\/index.php\/wp-json\/wp\/v2\/posts\/1828\/revisions"}],"predecessor-version":[{"id":1830,"href":"https:\/\/www.green24.ro\/index.php\/wp-json\/wp\/v2\/posts\/1828\/revisions\/1830"}],"wp:featuredmedia":[{"embeddable":true,"href":"https:\/\/www.green24.ro\/index.php\/wp-json\/wp\/v2\/media\/1829"}],"wp:attachment":[{"href":"https:\/\/www.green24.ro\/index.php\/wp-json\/wp\/v2\/media?parent=1828"}],"wp:term":[{"taxonomy":"category","embeddable":true,"href":"https:\/\/www.green24.ro\/index.php\/wp-json\/wp\/v2\/categories?post=1828"},{"taxonomy":"post_tag","embeddable":true,"href":"https:\/\/www.green24.ro\/index.php\/wp-json\/wp\/v2\/tags?post=1828"}],"curies":[{"name":"wp","href":"https:\/\/api.w.org\/{rel}","templated":true}]}}