{"id":1812,"date":"2023-08-31T14:15:14","date_gmt":"2023-08-31T12:15:14","guid":{"rendered":"https:\/\/www.green24.ro\/?p=1812"},"modified":"2023-08-31T14:15:17","modified_gmt":"2023-08-31T12:15:17","slug":"asa-arata-parcul-ior-dupa-incendiul-care-a-ars-4-000-de-metri-patrati-de-vegetatie","status":"publish","type":"post","link":"https:\/\/www.green24.ro\/index.php\/2023\/08\/31\/asa-arata-parcul-ior-dupa-incendiul-care-a-ars-4-000-de-metri-patrati-de-vegetatie\/","title":{"rendered":"A\u0219a arat\u0103 Parcul IOR, dup\u0103 incendiul care a ars 4.000 de metri p\u0103tra\u021bi de vegeta\u021bie"},"content":{"rendered":"<p style=\"text-align: justify;\">Iarb\u0103 p\u00e2rjolit\u0103 \u0219i cioturi de copaci \u00eennegrite dup\u0103 foc, crengi uscate \u0219i cenu\u0219\u0103 peste tot, asta g\u0103sesc bucure\u0219tenii care ajung \u00een Parcul IOR din Bucure\u0219ti, dup\u0103 incendiul de mar\u021bi noapte.<\/p>\n<p style=\"text-align: justify;\">Potrivit ISU, care a intervenit noaptea trecut\u0103 pentru a stinge fl\u0103c\u0103rile, au ars \u00een jur de 4.000 de metri p\u0103tra\u021bi de vegeta\u021bie.<\/p>\n<figure id=\"attachment_1813\" aria-describedby=\"caption-attachment-1813\" style=\"width: 870px\" class=\"wp-caption aligncenter\"><img loading=\"lazy\" decoding=\"async\" class=\"size-full wp-image-1813\" src=\"https:\/\/www.green24.ro\/wp-content\/uploads\/2023\/08\/2023-08-30-10-54-53-img1524-1536x1024-1.webp\" alt=\"Peisaj postapocaliptic dup\u0103 incendiul din Parcul IORCite\u015fte \u00eentreaga \u015ftire: FOTO Cum arat\u0103 Parcul IOR, dup\u0103 incendiul care a ars 4.000 de metri p\u0103tra\u021bi de vegeta\u021bie\" width=\"870\" height=\"580\" srcset=\"https:\/\/www.green24.ro\/wp-content\/uploads\/2023\/08\/2023-08-30-10-54-53-img1524-1536x1024-1.webp 870w, https:\/\/www.green24.ro\/wp-content\/uploads\/2023\/08\/2023-08-30-10-54-53-img1524-1536x1024-1-300x200.webp 300w, https:\/\/www.green24.ro\/wp-content\/uploads\/2023\/08\/2023-08-30-10-54-53-img1524-1536x1024-1-768x512.webp 768w, https:\/\/www.green24.ro\/wp-content\/uploads\/2023\/08\/2023-08-30-10-54-53-img1524-1536x1024-1-600x400.webp 600w\" sizes=\"auto, (max-width: 870px) 100vw, 870px\" \/><figcaption id=\"caption-attachment-1813\" class=\"wp-caption-text\">Peisaj postapocaliptic dup\u0103 incendiul din Parcul IOR<\/figcaption><\/figure>\n<p style=\"text-align: justify;\">Incendiul a p\u00e2rjolit o bun\u0103 bucat\u0103 de teren din zona retrocedat\u0103 a Parcului IOR, adic\u0103 \u00een apropierea sta\u021biei de metrou Titan din parc, acolo unde au avut loc \u0219i \u00een trecut zeci de incendii.<\/p>\n<p style=\"text-align: justify;\">Viceprimarul sectorului 3, Lucian Judele, spunea c\u0103 este vorba de 20 de incendii doar \u00een ultimii doi ani. Dup\u0103 fl\u0103c\u0103rile care au cuprins mar\u021bi sear\u0103 parcul, au r\u0103mas \u00een loc iarb\u0103 ars\u0103 \u0219i c\u00e2teva cioturi de copaci uscate \u0219i \u00eennegrite.<\/p>\n<p style=\"text-align: justify;\">Cioturile provin de la copacii care au fost t\u0103ia\u021bi ilegal sau otr\u0103vi\u021bi de la r\u0103d\u0103cin\u0103, pe cele 12 hectare de spa\u021biu verde pierdute de Prim\u0103ria Sectorului 3 \u00een instan\u021b\u0103. Libertatea a relatat pe larg despre asta, precum \u0219i despre protestele organizate de oameni acolo pentru a-\u0219i recupera spa\u021biul verde.<br \/>\nCite\u015fte \u00eentreaga<\/p>\n<p><img loading=\"lazy\" decoding=\"async\" class=\"aligncenter  wp-image-1814\" src=\"https:\/\/www.green24.ro\/wp-content\/uploads\/2023\/08\/2023-08-30-10-25-11-img1530.webp\" alt=\"\" width=\"867\" height=\"578\" srcset=\"https:\/\/www.green24.ro\/wp-content\/uploads\/2023\/08\/2023-08-30-10-25-11-img1530.webp 790w, https:\/\/www.green24.ro\/wp-content\/uploads\/2023\/08\/2023-08-30-10-25-11-img1530-300x200.webp 300w, https:\/\/www.green24.ro\/wp-content\/uploads\/2023\/08\/2023-08-30-10-25-11-img1530-768x512.webp 768w, https:\/\/www.green24.ro\/wp-content\/uploads\/2023\/08\/2023-08-30-10-25-11-img1530-600x400.webp 600w\" sizes=\"auto, (max-width: 867px) 100vw, 867px\" \/><\/p>\n<pre>sursa: <a href=\"https:\/\/www.libertatea.ro\/stiri\/parcul-ior-dupa-incendiu-4648209\">libertatea<\/a><\/pre>\n","protected":false},"excerpt":{"rendered":"<p>Iarb\u0103 p\u00e2rjolit\u0103 \u0219i cioturi de copaci \u00eennegrite dup\u0103 foc, crengi uscate \u0219i cenu\u0219\u0103 peste tot, asta g\u0103sesc bucure\u0219tenii care ajung \u00een Parcul IOR din Bucure\u0219ti, dup\u0103 incendiul de mar\u021bi noapte. Potrivit ISU, care a intervenit noaptea trecut\u0103 pentru a stinge fl\u0103c\u0103rile, au ars \u00een jur de 4.000 de metri p\u0103tra\u021bi [&hellip;]<\/p>\n","protected":false},"author":3,"featured_media":1815,"comment_status":"open","ping_status":"open","sticky":false,"template":"","format":"standard","meta":{"content-type":"","footnotes":"","jetpack_publicize_message":"","jetpack_publicize_feature_enabled":true,"jetpack_social_post_already_shared":true,"jetpack_social_options":{"image_generator_settings":{"template":"highway","default_image_id":0,"font":"","enabled":false},"version":2}},"categories":[5,9,1,6,10],"tags":[],"class_list":["post-1812","post","type-post","status-publish","format-standard","has-post-thumbnail","hentry","category-blog","category-company","category-general","category-prime","category-slide"],"yoast_head":"<!-- This site is optimized with the Yoast SEO plugin v24.9 - https:\/\/yoast.com\/wordpress\/plugins\/seo\/ -->\n<title>A\u0219a arat\u0103 Parcul IOR, dup\u0103 incendiul care a ars 4.000 de metri p\u0103tra\u021bi de vegeta\u021bie - Green24.ro<\/title>\n<meta name=\"description\" content=\"Iarb\u0103 p\u00e2rjolit\u0103 \u0219i cioturi de copaci \u00eennegrite dup\u0103 foc, crengi uscate \u0219i cenu\u0219\u0103 peste tot, asta g\u0103sesc bucure\u0219tenii care ajung \u00een Parcul IOR din Bucure\u0219ti, dup\u0103 incendiul de mar\u021bi noapte.\" \/>\n<meta name=\"robots\" content=\"index, follow, max-snippet:-1, max-image-preview:large, max-video-preview:-1\" \/>\n<link rel=\"canonical\" href=\"https:\/\/www.green24.ro\/index.php\/2023\/08\/31\/asa-arata-parcul-ior-dupa-incendiul-care-a-ars-4-000-de-metri-patrati-de-vegetatie\/\" \/>\n<meta property=\"og:locale\" content=\"en_US\" \/>\n<meta property=\"og:type\" content=\"article\" \/>\n<meta property=\"og:title\" content=\"A\u0219a arat\u0103 Parcul IOR, dup\u0103 incendiul care a ars 4.000 de metri p\u0103tra\u021bi de vegeta\u021bie - Green24.ro\" \/>\n<meta property=\"og:description\" content=\"Iarb\u0103 p\u00e2rjolit\u0103 \u0219i cioturi de copaci \u00eennegrite dup\u0103 foc, crengi uscate \u0219i cenu\u0219\u0103 peste tot, asta g\u0103sesc bucure\u0219tenii care ajung \u00een Parcul IOR din Bucure\u0219ti, dup\u0103 incendiul de mar\u021bi noapte.\" \/>\n<meta property=\"og:url\" content=\"https:\/\/www.green24.ro\/index.php\/2023\/08\/31\/asa-arata-parcul-ior-dupa-incendiul-care-a-ars-4-000-de-metri-patrati-de-vegetatie\/\" \/>\n<meta property=\"og:site_name\" content=\"Green24.ro\" \/>\n<meta property=\"article:publisher\" content=\"https:\/\/www.facebook.com\/green24ro\/\" \/>\n<meta property=\"article:published_time\" content=\"2023-08-31T12:15:14+00:00\" \/>\n<meta property=\"article:modified_time\" content=\"2023-08-31T12:15:17+00:00\" \/>\n<meta property=\"og:image\" content=\"https:\/\/www.green24.ro\/wp-content\/uploads\/2023\/08\/2023-08-30-10-46-09-img1525.webp\" \/>\n\t<meta property=\"og:image:width\" content=\"960\" \/>\n\t<meta property=\"og:image:height\" content=\"539\" \/>\n\t<meta property=\"og:image:type\" content=\"image\/webp\" \/>\n<meta name=\"author\" content=\"Redactia Green24\" \/>\n<meta name=\"twitter:card\" content=\"summary_large_image\" \/>\n<meta name=\"twitter:label1\" content=\"Written by\" \/>\n\t<meta name=\"twitter:data1\" content=\"Redactia Green24\" \/>\n\t<meta name=\"twitter:label2\" content=\"Est. reading time\" \/>\n\t<meta name=\"twitter:data2\" content=\"1 minute\" \/>\n<script type=\"application\/ld+json\" class=\"yoast-schema-graph\">{\"@context\":\"https:\/\/schema.org\",\"@graph\":[{\"@type\":\"Article\",\"@id\":\"https:\/\/www.green24.ro\/index.php\/2023\/08\/31\/asa-arata-parcul-ior-dupa-incendiul-care-a-ars-4-000-de-metri-patrati-de-vegetatie\/#article\",\"isPartOf\":{\"@id\":\"https:\/\/www.green24.ro\/index.php\/2023\/08\/31\/asa-arata-parcul-ior-dupa-incendiul-care-a-ars-4-000-de-metri-patrati-de-vegetatie\/\"},\"author\":{\"name\":\"Redactia Green24\",\"@id\":\"https:\/\/www.green24.ro\/#\/schema\/person\/607a8c12d4548837cb79d52bb2437572\"},\"headline\":\"A\u0219a arat\u0103 Parcul IOR, dup\u0103 incendiul care a ars 4.000 de metri p\u0103tra\u021bi de vegeta\u021bie\",\"datePublished\":\"2023-08-31T12:15:14+00:00\",\"dateModified\":\"2023-08-31T12:15:17+00:00\",\"mainEntityOfPage\":{\"@id\":\"https:\/\/www.green24.ro\/index.php\/2023\/08\/31\/asa-arata-parcul-ior-dupa-incendiul-care-a-ars-4-000-de-metri-patrati-de-vegetatie\/\"},\"wordCount\":232,\"commentCount\":0,\"publisher\":{\"@id\":\"https:\/\/www.green24.ro\/#organization\"},\"image\":{\"@id\":\"https:\/\/www.green24.ro\/index.php\/2023\/08\/31\/asa-arata-parcul-ior-dupa-incendiul-care-a-ars-4-000-de-metri-patrati-de-vegetatie\/#primaryimage\"},\"thumbnailUrl\":\"https:\/\/www.green24.ro\/wp-content\/uploads\/2023\/08\/2023-08-30-10-46-09-img1525.webp\",\"articleSection\":[\"Blog\",\"Company\",\"General\",\"Prime\",\"Slide\"],\"inLanguage\":\"en-US\",\"potentialAction\":[{\"@type\":\"CommentAction\",\"name\":\"Comment\",\"target\":[\"https:\/\/www.green24.ro\/index.php\/2023\/08\/31\/asa-arata-parcul-ior-dupa-incendiul-care-a-ars-4-000-de-metri-patrati-de-vegetatie\/#respond\"]}]},{\"@type\":\"WebPage\",\"@id\":\"https:\/\/www.green24.ro\/index.php\/2023\/08\/31\/asa-arata-parcul-ior-dupa-incendiul-care-a-ars-4-000-de-metri-patrati-de-vegetatie\/\",\"url\":\"https:\/\/www.green24.ro\/index.php\/2023\/08\/31\/asa-arata-parcul-ior-dupa-incendiul-care-a-ars-4-000-de-metri-patrati-de-vegetatie\/\",\"name\":\"A\u0219a arat\u0103 Parcul IOR, dup\u0103 incendiul care a ars 4.000 de metri p\u0103tra\u021bi de vegeta\u021bie - Green24.ro\",\"isPartOf\":{\"@id\":\"https:\/\/www.green24.ro\/#website\"},\"primaryImageOfPage\":{\"@id\":\"https:\/\/www.green24.ro\/index.php\/2023\/08\/31\/asa-arata-parcul-ior-dupa-incendiul-care-a-ars-4-000-de-metri-patrati-de-vegetatie\/#primaryimage\"},\"image\":{\"@id\":\"https:\/\/www.green24.ro\/index.php\/2023\/08\/31\/asa-arata-parcul-ior-dupa-incendiul-care-a-ars-4-000-de-metri-patrati-de-vegetatie\/#primaryimage\"},\"thumbnailUrl\":\"https:\/\/www.green24.ro\/wp-content\/uploads\/2023\/08\/2023-08-30-10-46-09-img1525.webp\",\"datePublished\":\"2023-08-31T12:15:14+00:00\",\"dateModified\":\"2023-08-31T12:15:17+00:00\",\"description\":\"Iarb\u0103 p\u00e2rjolit\u0103 \u0219i cioturi de copaci \u00eennegrite dup\u0103 foc, crengi uscate \u0219i cenu\u0219\u0103 peste tot, asta g\u0103sesc bucure\u0219tenii care ajung \u00een Parcul IOR din Bucure\u0219ti, dup\u0103 incendiul de mar\u021bi noapte.\",\"breadcrumb\":{\"@id\":\"https:\/\/www.green24.ro\/index.php\/2023\/08\/31\/asa-arata-parcul-ior-dupa-incendiul-care-a-ars-4-000-de-metri-patrati-de-vegetatie\/#breadcrumb\"},\"inLanguage\":\"en-US\",\"potentialAction\":[{\"@type\":\"ReadAction\",\"target\":[\"https:\/\/www.green24.ro\/index.php\/2023\/08\/31\/asa-arata-parcul-ior-dupa-incendiul-care-a-ars-4-000-de-metri-patrati-de-vegetatie\/\"]}]},{\"@type\":\"ImageObject\",\"inLanguage\":\"en-US\",\"@id\":\"https:\/\/www.green24.ro\/index.php\/2023\/08\/31\/asa-arata-parcul-ior-dupa-incendiul-care-a-ars-4-000-de-metri-patrati-de-vegetatie\/#primaryimage\",\"url\":\"https:\/\/www.green24.ro\/wp-content\/uploads\/2023\/08\/2023-08-30-10-46-09-img1525.webp\",\"contentUrl\":\"https:\/\/www.green24.ro\/wp-content\/uploads\/2023\/08\/2023-08-30-10-46-09-img1525.webp\",\"width\":960,\"height\":539,\"caption\":\"A\u0219a arat\u0103 Parcul IOR, dup\u0103 incendiul care a ars 4.000 de metri p\u0103tra\u021bi de vegeta\u021bie\"},{\"@type\":\"BreadcrumbList\",\"@id\":\"https:\/\/www.green24.ro\/index.php\/2023\/08\/31\/asa-arata-parcul-ior-dupa-incendiul-care-a-ars-4-000-de-metri-patrati-de-vegetatie\/#breadcrumb\",\"itemListElement\":[{\"@type\":\"ListItem\",\"position\":1,\"name\":\"Home\",\"item\":\"https:\/\/www.green24.ro\/\"},{\"@type\":\"ListItem\",\"position\":2,\"name\":\"A\u0219a arat\u0103 Parcul IOR, dup\u0103 incendiul care a ars 4.000 de metri p\u0103tra\u021bi de vegeta\u021bie\"}]},{\"@type\":\"WebSite\",\"@id\":\"https:\/\/www.green24.ro\/#website\",\"url\":\"https:\/\/www.green24.ro\/\",\"name\":\"Green24.ro\",\"description\":\"Antreprenoriat verde si responsabilitatea social\u0103\",\"publisher\":{\"@id\":\"https:\/\/www.green24.ro\/#organization\"},\"potentialAction\":[{\"@type\":\"SearchAction\",\"target\":{\"@type\":\"EntryPoint\",\"urlTemplate\":\"https:\/\/www.green24.ro\/?s={search_term_string}\"},\"query-input\":{\"@type\":\"PropertyValueSpecification\",\"valueRequired\":true,\"valueName\":\"search_term_string\"}}],\"inLanguage\":\"en-US\"},{\"@type\":\"Organization\",\"@id\":\"https:\/\/www.green24.ro\/#organization\",\"name\":\"Green24\",\"url\":\"https:\/\/www.green24.ro\/\",\"logo\":{\"@type\":\"ImageObject\",\"inLanguage\":\"en-US\",\"@id\":\"https:\/\/www.green24.ro\/#\/schema\/logo\/image\/\",\"url\":\"https:\/\/www.green24.ro\/wp-content\/uploads\/2022\/02\/green24-17-e1643806452346.png\",\"contentUrl\":\"https:\/\/www.green24.ro\/wp-content\/uploads\/2022\/02\/green24-17-e1643806452346.png\",\"width\":174,\"height\":174,\"caption\":\"Green24\"},\"image\":{\"@id\":\"https:\/\/www.green24.ro\/#\/schema\/logo\/image\/\"},\"sameAs\":[\"https:\/\/www.facebook.com\/green24ro\/\"]},{\"@type\":\"Person\",\"@id\":\"https:\/\/www.green24.ro\/#\/schema\/person\/607a8c12d4548837cb79d52bb2437572\",\"name\":\"Redactia Green24\",\"image\":{\"@type\":\"ImageObject\",\"inLanguage\":\"en-US\",\"@id\":\"https:\/\/www.green24.ro\/#\/schema\/person\/image\/\",\"url\":\"https:\/\/secure.gravatar.com\/avatar\/c9f4d5614769dc0a9dfdfed961c82ea6?s=96&d=mm&r=g\",\"contentUrl\":\"https:\/\/secure.gravatar.com\/avatar\/c9f4d5614769dc0a9dfdfed961c82ea6?s=96&d=mm&r=g\",\"caption\":\"Redactia Green24\"},\"sameAs\":[\"http:\/\/www.green24.ro\"],\"url\":\"https:\/\/www.green24.ro\/index.php\/author\/green24\/\"}]}<\/script>\n<!-- \/ Yoast SEO plugin. -->","yoast_head_json":{"title":"A\u0219a arat\u0103 Parcul IOR, dup\u0103 incendiul care a ars 4.000 de metri p\u0103tra\u021bi de vegeta\u021bie - Green24.ro","description":"Iarb\u0103 p\u00e2rjolit\u0103 \u0219i cioturi de copaci \u00eennegrite dup\u0103 foc, crengi uscate \u0219i cenu\u0219\u0103 peste tot, asta g\u0103sesc bucure\u0219tenii care ajung \u00een Parcul IOR din Bucure\u0219ti, dup\u0103 incendiul de mar\u021bi noapte.","robots":{"index":"index","follow":"follow","max-snippet":"max-snippet:-1","max-image-preview":"max-image-preview:large","max-video-preview":"max-video-preview:-1"},"canonical":"https:\/\/www.green24.ro\/index.php\/2023\/08\/31\/asa-arata-parcul-ior-dupa-incendiul-care-a-ars-4-000-de-metri-patrati-de-vegetatie\/","og_locale":"en_US","og_type":"article","og_title":"A\u0219a arat\u0103 Parcul IOR, dup\u0103 incendiul care a ars 4.000 de metri p\u0103tra\u021bi de vegeta\u021bie - Green24.ro","og_description":"Iarb\u0103 p\u00e2rjolit\u0103 \u0219i cioturi de copaci \u00eennegrite dup\u0103 foc, crengi uscate \u0219i cenu\u0219\u0103 peste tot, asta g\u0103sesc bucure\u0219tenii care ajung \u00een Parcul IOR din Bucure\u0219ti, dup\u0103 incendiul de mar\u021bi noapte.","og_url":"https:\/\/www.green24.ro\/index.php\/2023\/08\/31\/asa-arata-parcul-ior-dupa-incendiul-care-a-ars-4-000-de-metri-patrati-de-vegetatie\/","og_site_name":"Green24.ro","article_publisher":"https:\/\/www.facebook.com\/green24ro\/","article_published_time":"2023-08-31T12:15:14+00:00","article_modified_time":"2023-08-31T12:15:17+00:00","og_image":[{"width":960,"height":539,"url":"https:\/\/www.green24.ro\/wp-content\/uploads\/2023\/08\/2023-08-30-10-46-09-img1525.webp","type":"image\/webp"}],"author":"Redactia Green24","twitter_card":"summary_large_image","twitter_misc":{"Written by":"Redactia Green24","Est. reading time":"1 minute"},"schema":{"@context":"https:\/\/schema.org","@graph":[{"@type":"Article","@id":"https:\/\/www.green24.ro\/index.php\/2023\/08\/31\/asa-arata-parcul-ior-dupa-incendiul-care-a-ars-4-000-de-metri-patrati-de-vegetatie\/#article","isPartOf":{"@id":"https:\/\/www.green24.ro\/index.php\/2023\/08\/31\/asa-arata-parcul-ior-dupa-incendiul-care-a-ars-4-000-de-metri-patrati-de-vegetatie\/"},"author":{"name":"Redactia Green24","@id":"https:\/\/www.green24.ro\/#\/schema\/person\/607a8c12d4548837cb79d52bb2437572"},"headline":"A\u0219a arat\u0103 Parcul IOR, dup\u0103 incendiul care a ars 4.000 de metri p\u0103tra\u021bi de vegeta\u021bie","datePublished":"2023-08-31T12:15:14+00:00","dateModified":"2023-08-31T12:15:17+00:00","mainEntityOfPage":{"@id":"https:\/\/www.green24.ro\/index.php\/2023\/08\/31\/asa-arata-parcul-ior-dupa-incendiul-care-a-ars-4-000-de-metri-patrati-de-vegetatie\/"},"wordCount":232,"commentCount":0,"publisher":{"@id":"https:\/\/www.green24.ro\/#organization"},"image":{"@id":"https:\/\/www.green24.ro\/index.php\/2023\/08\/31\/asa-arata-parcul-ior-dupa-incendiul-care-a-ars-4-000-de-metri-patrati-de-vegetatie\/#primaryimage"},"thumbnailUrl":"https:\/\/www.green24.ro\/wp-content\/uploads\/2023\/08\/2023-08-30-10-46-09-img1525.webp","articleSection":["Blog","Company","General","Prime","Slide"],"inLanguage":"en-US","potentialAction":[{"@type":"CommentAction","name":"Comment","target":["https:\/\/www.green24.ro\/index.php\/2023\/08\/31\/asa-arata-parcul-ior-dupa-incendiul-care-a-ars-4-000-de-metri-patrati-de-vegetatie\/#respond"]}]},{"@type":"WebPage","@id":"https:\/\/www.green24.ro\/index.php\/2023\/08\/31\/asa-arata-parcul-ior-dupa-incendiul-care-a-ars-4-000-de-metri-patrati-de-vegetatie\/","url":"https:\/\/www.green24.ro\/index.php\/2023\/08\/31\/asa-arata-parcul-ior-dupa-incendiul-care-a-ars-4-000-de-metri-patrati-de-vegetatie\/","name":"A\u0219a arat\u0103 Parcul IOR, dup\u0103 incendiul care a ars 4.000 de metri p\u0103tra\u021bi de vegeta\u021bie - Green24.ro","isPartOf":{"@id":"https:\/\/www.green24.ro\/#website"},"primaryImageOfPage":{"@id":"https:\/\/www.green24.ro\/index.php\/2023\/08\/31\/asa-arata-parcul-ior-dupa-incendiul-care-a-ars-4-000-de-metri-patrati-de-vegetatie\/#primaryimage"},"image":{"@id":"https:\/\/www.green24.ro\/index.php\/2023\/08\/31\/asa-arata-parcul-ior-dupa-incendiul-care-a-ars-4-000-de-metri-patrati-de-vegetatie\/#primaryimage"},"thumbnailUrl":"https:\/\/www.green24.ro\/wp-content\/uploads\/2023\/08\/2023-08-30-10-46-09-img1525.webp","datePublished":"2023-08-31T12:15:14+00:00","dateModified":"2023-08-31T12:15:17+00:00","description":"Iarb\u0103 p\u00e2rjolit\u0103 \u0219i cioturi de copaci \u00eennegrite dup\u0103 foc, crengi uscate \u0219i cenu\u0219\u0103 peste tot, asta g\u0103sesc bucure\u0219tenii care ajung \u00een Parcul IOR din Bucure\u0219ti, dup\u0103 incendiul de mar\u021bi noapte.","breadcrumb":{"@id":"https:\/\/www.green24.ro\/index.php\/2023\/08\/31\/asa-arata-parcul-ior-dupa-incendiul-care-a-ars-4-000-de-metri-patrati-de-vegetatie\/#breadcrumb"},"inLanguage":"en-US","potentialAction":[{"@type":"ReadAction","target":["https:\/\/www.green24.ro\/index.php\/2023\/08\/31\/asa-arata-parcul-ior-dupa-incendiul-care-a-ars-4-000-de-metri-patrati-de-vegetatie\/"]}]},{"@type":"ImageObject","inLanguage":"en-US","@id":"https:\/\/www.green24.ro\/index.php\/2023\/08\/31\/asa-arata-parcul-ior-dupa-incendiul-care-a-ars-4-000-de-metri-patrati-de-vegetatie\/#primaryimage","url":"https:\/\/www.green24.ro\/wp-content\/uploads\/2023\/08\/2023-08-30-10-46-09-img1525.webp","contentUrl":"https:\/\/www.green24.ro\/wp-content\/uploads\/2023\/08\/2023-08-30-10-46-09-img1525.webp","width":960,"height":539,"caption":"A\u0219a arat\u0103 Parcul IOR, dup\u0103 incendiul care a ars 4.000 de metri p\u0103tra\u021bi de vegeta\u021bie"},{"@type":"BreadcrumbList","@id":"https:\/\/www.green24.ro\/index.php\/2023\/08\/31\/asa-arata-parcul-ior-dupa-incendiul-care-a-ars-4-000-de-metri-patrati-de-vegetatie\/#breadcrumb","itemListElement":[{"@type":"ListItem","position":1,"name":"Home","item":"https:\/\/www.green24.ro\/"},{"@type":"ListItem","position":2,"name":"A\u0219a arat\u0103 Parcul IOR, dup\u0103 incendiul care a ars 4.000 de metri p\u0103tra\u021bi de vegeta\u021bie"}]},{"@type":"WebSite","@id":"https:\/\/www.green24.ro\/#website","url":"https:\/\/www.green24.ro\/","name":"Green24.ro","description":"Antreprenoriat verde si responsabilitatea social\u0103","publisher":{"@id":"https:\/\/www.green24.ro\/#organization"},"potentialAction":[{"@type":"SearchAction","target":{"@type":"EntryPoint","urlTemplate":"https:\/\/www.green24.ro\/?s={search_term_string}"},"query-input":{"@type":"PropertyValueSpecification","valueRequired":true,"valueName":"search_term_string"}}],"inLanguage":"en-US"},{"@type":"Organization","@id":"https:\/\/www.green24.ro\/#organization","name":"Green24","url":"https:\/\/www.green24.ro\/","logo":{"@type":"ImageObject","inLanguage":"en-US","@id":"https:\/\/www.green24.ro\/#\/schema\/logo\/image\/","url":"https:\/\/www.green24.ro\/wp-content\/uploads\/2022\/02\/green24-17-e1643806452346.png","contentUrl":"https:\/\/www.green24.ro\/wp-content\/uploads\/2022\/02\/green24-17-e1643806452346.png","width":174,"height":174,"caption":"Green24"},"image":{"@id":"https:\/\/www.green24.ro\/#\/schema\/logo\/image\/"},"sameAs":["https:\/\/www.facebook.com\/green24ro\/"]},{"@type":"Person","@id":"https:\/\/www.green24.ro\/#\/schema\/person\/607a8c12d4548837cb79d52bb2437572","name":"Redactia Green24","image":{"@type":"ImageObject","inLanguage":"en-US","@id":"https:\/\/www.green24.ro\/#\/schema\/person\/image\/","url":"https:\/\/secure.gravatar.com\/avatar\/c9f4d5614769dc0a9dfdfed961c82ea6?s=96&d=mm&r=g","contentUrl":"https:\/\/secure.gravatar.com\/avatar\/c9f4d5614769dc0a9dfdfed961c82ea6?s=96&d=mm&r=g","caption":"Redactia Green24"},"sameAs":["http:\/\/www.green24.ro"],"url":"https:\/\/www.green24.ro\/index.php\/author\/green24\/"}]}},"jetpack_publicize_connections":[],"jetpack_featured_media_url":"https:\/\/www.green24.ro\/wp-content\/uploads\/2023\/08\/2023-08-30-10-46-09-img1525.webp","jetpack_sharing_enabled":true,"_links":{"self":[{"href":"https:\/\/www.green24.ro\/index.php\/wp-json\/wp\/v2\/posts\/1812","targetHints":{"allow":["GET"]}}],"collection":[{"href":"https:\/\/www.green24.ro\/index.php\/wp-json\/wp\/v2\/posts"}],"about":[{"href":"https:\/\/www.green24.ro\/index.php\/wp-json\/wp\/v2\/types\/post"}],"author":[{"embeddable":true,"href":"https:\/\/www.green24.ro\/index.php\/wp-json\/wp\/v2\/users\/3"}],"replies":[{"embeddable":true,"href":"https:\/\/www.green24.ro\/index.php\/wp-json\/wp\/v2\/comments?post=1812"}],"version-history":[{"count":1,"href":"https:\/\/www.green24.ro\/index.php\/wp-json\/wp\/v2\/posts\/1812\/revisions"}],"predecessor-version":[{"id":1816,"href":"https:\/\/www.green24.ro\/index.php\/wp-json\/wp\/v2\/posts\/1812\/revisions\/1816"}],"wp:featuredmedia":[{"embeddable":true,"href":"https:\/\/www.green24.ro\/index.php\/wp-json\/wp\/v2\/media\/1815"}],"wp:attachment":[{"href":"https:\/\/www.green24.ro\/index.php\/wp-json\/wp\/v2\/media?parent=1812"}],"wp:term":[{"taxonomy":"category","embeddable":true,"href":"https:\/\/www.green24.ro\/index.php\/wp-json\/wp\/v2\/categories?post=1812"},{"taxonomy":"post_tag","embeddable":true,"href":"https:\/\/www.green24.ro\/index.php\/wp-json\/wp\/v2\/tags?post=1812"}],"curies":[{"name":"wp","href":"https:\/\/api.w.org\/{rel}","templated":true}]}}