{"id":1766,"date":"2023-08-07T10:01:00","date_gmt":"2023-08-07T08:01:00","guid":{"rendered":"https:\/\/www.green24.ro\/?p=1766"},"modified":"2023-08-16T08:29:28","modified_gmt":"2023-08-16T06:29:28","slug":"incendiile-de-padure-din-canada-au-produs-emisii-de-niveluri-record","status":"publish","type":"post","link":"https:\/\/www.green24.ro\/index.php\/2023\/08\/07\/incendiile-de-padure-din-canada-au-produs-emisii-de-niveluri-record\/","title":{"rendered":"Incendiile de p\u0103dure din Canada au produs emisii de niveluri record"},"content":{"rendered":"<p style=\"text-align: justify;\">Incendiile de p\u0103dure din Canada au provocat emisii f\u0103r\u0103 precedent de dioxid de carbon, dep\u0103\u0219ind cu mult recordurile anterioare, conform datelor publicate de observatorul european Copernicus \u0219i raportate de AFP.<\/p>\n<p style=\"text-align: justify;\">Conform ultimelor date, emisiile totale de dioxid de carbon provenite din incendiile de p\u0103dure din Canada au atins aproximativ 290 de megatone, reprezent\u00e2nd mai mult dec\u00e2t dublul recordului anual anterior \u00eenregistrat \u00een 2014, care era de 138 de megatone. Aceste cifre se refer\u0103 la emisiile de dioxid de carbon \u00eenregistrate p\u00e2n\u0103 la sf\u00e2r\u0219itul lunii iulie din acest an \u0219i includ cea mai mare parte din emisii generate \u00eencep\u00e2nd din luna mai, c\u00e2nd incendiile au devastat \u021bara. Sezonul incendiilor nu s-a \u00eencheiat \u00eenc\u0103, ceea ce \u00eenseamn\u0103 c\u0103 emisiile ar putea continua s\u0103 creasc\u0103 \u00een urm\u0103toarele s\u0103pt\u0103m\u00e2ni.<\/p>\n<p style=\"text-align: justify;\">Mark Parrington, om de \u0219tiin\u021b\u0103 al Serviciului de monitorizare a atmosferei al Copernicus, a subliniat c\u0103 emisiile de dioxid de carbon generate de incendii au crescut continuu \u00een cele trei luni de la \u00eenceputul lui mai, ajung\u00e2nd la niveluri considerabil mai mari dec\u00e2t oric\u00e2nd \u00eenregistrate \u00eenainte pentru un an \u00eentreg \u00een Canada.<\/p>\n<p style=\"text-align: justify;\">\u201eAm monitorizat emisiile de dioxid de carbon generate de incendii \u00een toat\u0103 Canada \u00een cele trei luni de la \u00eenceputul lui mai \u015fi \u00een aceast\u0103 perioad\u0103 au continuat s\u0103 creasc\u0103 aproape \u00eencontinuu, p\u00e2n\u0103 la un nivel care este deja considerabil mai mare dec\u00e2t emisiile anterioare \u00eenregistrate \u00een baza noastr\u0103 de date pentru un an \u00eentreg pentru aceast\u0103 \u0163ar\u0103\u201d, a subliniat Mark Parrington, om de \u015ftiin\u0163\u0103 al Serviciului de monitorizare a atmosferei al Copernicus.<\/p>\n<p style=\"text-align: justify;\">De asemenea, el a avertizat c\u0103 emisiile legate de incendii \u00een zonele boreale ating de obicei punctul maxim la sf\u00e2r\u0219itul lunii iulie sau \u00eenceputul lunii august, ceea ce \u00eenseamn\u0103 c\u0103 totalul emisiilor ar putea continua s\u0103 creasc\u0103 pentru \u00eenc\u0103 c\u00e2teva s\u0103pt\u0103m\u00e2ni.<\/p>\n<p style=\"text-align: justify;\">Canada a fost afectat\u0103 de fenomene meteorologice extreme \u00een ultimii ani, accentuate de schimb\u0103rile climatice, din cauza pozi\u021biei sale geografice care o face s\u0103 se \u00eenc\u0103lzeasc\u0103 mai rapid dec\u00e2t alte zone ale planetei.<\/p>\n<p style=\"text-align: justify;\">P\u00e2n\u0103 la data de 30 iulie, Canada a suferit peste 990 de incendii, din care 613 nu au putut fi controlate. Suprafa\u021ba distrus\u0103 de fl\u0103c\u0103ri \u00een acest an a dep\u0103\u0219it 12 milioane de hectare, reprezent\u00e2nd un total mult mai mare dec\u00e2t oric\u00e2nd \u00eenregistrat \u00een istoria \u021b\u0103rii.<\/p>\n<pre>Sursa: <a href=\"https:\/\/green-report.ro\/incendiile-de-padure-din-canada-au-produs-emisii-de-niveluri-record\/\">GreenReport <\/a><a href=\"https:\/\/www.euractiv.com\/section\/climate-environment\/opinion\/how-to-prevent-europes-forest-fires\/\">Photo<\/a><\/pre>\n","protected":false},"excerpt":{"rendered":"<p>Incendiile de p\u0103dure din Canada au provocat emisii f\u0103r\u0103 precedent de dioxid de carbon, dep\u0103\u0219ind cu mult recordurile anterioare, conform datelor publicate de observatorul european Copernicus \u0219i raportate de AFP. Conform ultimelor date, emisiile totale de dioxid de carbon provenite din incendiile de p\u0103dure din Canada au atins aproximativ 290 [&hellip;]<\/p>\n","protected":false},"author":4,"featured_media":1767,"comment_status":"open","ping_status":"open","sticky":false,"template":"","format":"standard","meta":{"content-type":"","footnotes":"","jetpack_publicize_message":"","jetpack_publicize_feature_enabled":true,"jetpack_social_post_already_shared":true,"jetpack_social_options":{"image_generator_settings":{"template":"highway","default_image_id":0,"font":"","enabled":false},"version":2}},"categories":[5,6,10],"tags":[],"class_list":["post-1766","post","type-post","status-publish","format-standard","has-post-thumbnail","hentry","category-blog","category-prime","category-slide"],"yoast_head":"<!-- This site is optimized with the Yoast SEO plugin v24.9 - https:\/\/yoast.com\/wordpress\/plugins\/seo\/ -->\n<title>Incendiile de p\u0103dure din Canada au produs emisii de niveluri record - Green24.ro<\/title>\n<meta name=\"robots\" content=\"index, follow, max-snippet:-1, max-image-preview:large, max-video-preview:-1\" \/>\n<link rel=\"canonical\" href=\"https:\/\/www.green24.ro\/index.php\/2023\/08\/07\/incendiile-de-padure-din-canada-au-produs-emisii-de-niveluri-record\/\" \/>\n<meta property=\"og:locale\" content=\"en_US\" \/>\n<meta property=\"og:type\" content=\"article\" \/>\n<meta property=\"og:title\" content=\"Incendiile de p\u0103dure din Canada au produs emisii de niveluri record - Green24.ro\" \/>\n<meta property=\"og:description\" content=\"Incendiile de p\u0103dure din Canada au provocat emisii f\u0103r\u0103 precedent de dioxid de carbon, dep\u0103\u0219ind cu mult recordurile anterioare, conform datelor publicate de observatorul european Copernicus \u0219i raportate de AFP. Conform ultimelor date, emisiile totale de dioxid de carbon provenite din incendiile de p\u0103dure din Canada au atins aproximativ 290 [&hellip;]\" \/>\n<meta property=\"og:url\" content=\"https:\/\/www.green24.ro\/index.php\/2023\/08\/07\/incendiile-de-padure-din-canada-au-produs-emisii-de-niveluri-record\/\" \/>\n<meta property=\"og:site_name\" content=\"Green24.ro\" \/>\n<meta property=\"article:publisher\" content=\"https:\/\/www.facebook.com\/green24ro\/\" \/>\n<meta property=\"article:published_time\" content=\"2023-08-07T08:01:00+00:00\" \/>\n<meta property=\"article:modified_time\" content=\"2023-08-16T06:29:28+00:00\" \/>\n<meta property=\"og:image\" content=\"https:\/\/www.green24.ro\/wp-content\/uploads\/2023\/08\/fire-scaled.jpg\" \/>\n\t<meta property=\"og:image:width\" content=\"2560\" \/>\n\t<meta property=\"og:image:height\" content=\"1439\" \/>\n\t<meta property=\"og:image:type\" content=\"image\/jpeg\" \/>\n<meta name=\"author\" content=\"Simona Popescu\" \/>\n<meta name=\"twitter:card\" content=\"summary_large_image\" \/>\n<meta name=\"twitter:label1\" content=\"Written by\" \/>\n\t<meta name=\"twitter:data1\" content=\"Simona Popescu\" \/>\n\t<meta name=\"twitter:label2\" content=\"Est. reading time\" \/>\n\t<meta name=\"twitter:data2\" content=\"2 minutes\" \/>\n<script type=\"application\/ld+json\" class=\"yoast-schema-graph\">{\"@context\":\"https:\/\/schema.org\",\"@graph\":[{\"@type\":\"Article\",\"@id\":\"https:\/\/www.green24.ro\/index.php\/2023\/08\/07\/incendiile-de-padure-din-canada-au-produs-emisii-de-niveluri-record\/#article\",\"isPartOf\":{\"@id\":\"https:\/\/www.green24.ro\/index.php\/2023\/08\/07\/incendiile-de-padure-din-canada-au-produs-emisii-de-niveluri-record\/\"},\"author\":{\"name\":\"Simona Popescu\",\"@id\":\"https:\/\/www.green24.ro\/#\/schema\/person\/127c272d98a106bf1987c4ae6735cc91\"},\"headline\":\"Incendiile de p\u0103dure din Canada au produs emisii de niveluri record\",\"datePublished\":\"2023-08-07T08:01:00+00:00\",\"dateModified\":\"2023-08-16T06:29:28+00:00\",\"mainEntityOfPage\":{\"@id\":\"https:\/\/www.green24.ro\/index.php\/2023\/08\/07\/incendiile-de-padure-din-canada-au-produs-emisii-de-niveluri-record\/\"},\"wordCount\":413,\"commentCount\":0,\"publisher\":{\"@id\":\"https:\/\/www.green24.ro\/#organization\"},\"image\":{\"@id\":\"https:\/\/www.green24.ro\/index.php\/2023\/08\/07\/incendiile-de-padure-din-canada-au-produs-emisii-de-niveluri-record\/#primaryimage\"},\"thumbnailUrl\":\"https:\/\/www.green24.ro\/wp-content\/uploads\/2023\/08\/fire-scaled.jpg\",\"articleSection\":[\"Blog\",\"Prime\",\"Slide\"],\"inLanguage\":\"en-US\",\"potentialAction\":[{\"@type\":\"CommentAction\",\"name\":\"Comment\",\"target\":[\"https:\/\/www.green24.ro\/index.php\/2023\/08\/07\/incendiile-de-padure-din-canada-au-produs-emisii-de-niveluri-record\/#respond\"]}]},{\"@type\":\"WebPage\",\"@id\":\"https:\/\/www.green24.ro\/index.php\/2023\/08\/07\/incendiile-de-padure-din-canada-au-produs-emisii-de-niveluri-record\/\",\"url\":\"https:\/\/www.green24.ro\/index.php\/2023\/08\/07\/incendiile-de-padure-din-canada-au-produs-emisii-de-niveluri-record\/\",\"name\":\"Incendiile de p\u0103dure din Canada au produs emisii de niveluri record - Green24.ro\",\"isPartOf\":{\"@id\":\"https:\/\/www.green24.ro\/#website\"},\"primaryImageOfPage\":{\"@id\":\"https:\/\/www.green24.ro\/index.php\/2023\/08\/07\/incendiile-de-padure-din-canada-au-produs-emisii-de-niveluri-record\/#primaryimage\"},\"image\":{\"@id\":\"https:\/\/www.green24.ro\/index.php\/2023\/08\/07\/incendiile-de-padure-din-canada-au-produs-emisii-de-niveluri-record\/#primaryimage\"},\"thumbnailUrl\":\"https:\/\/www.green24.ro\/wp-content\/uploads\/2023\/08\/fire-scaled.jpg\",\"datePublished\":\"2023-08-07T08:01:00+00:00\",\"dateModified\":\"2023-08-16T06:29:28+00:00\",\"breadcrumb\":{\"@id\":\"https:\/\/www.green24.ro\/index.php\/2023\/08\/07\/incendiile-de-padure-din-canada-au-produs-emisii-de-niveluri-record\/#breadcrumb\"},\"inLanguage\":\"en-US\",\"potentialAction\":[{\"@type\":\"ReadAction\",\"target\":[\"https:\/\/www.green24.ro\/index.php\/2023\/08\/07\/incendiile-de-padure-din-canada-au-produs-emisii-de-niveluri-record\/\"]}]},{\"@type\":\"ImageObject\",\"inLanguage\":\"en-US\",\"@id\":\"https:\/\/www.green24.ro\/index.php\/2023\/08\/07\/incendiile-de-padure-din-canada-au-produs-emisii-de-niveluri-record\/#primaryimage\",\"url\":\"https:\/\/www.green24.ro\/wp-content\/uploads\/2023\/08\/fire-scaled.jpg\",\"contentUrl\":\"https:\/\/www.green24.ro\/wp-content\/uploads\/2023\/08\/fire-scaled.jpg\",\"width\":2560,\"height\":1439,\"caption\":\"Incendiile de p\u0103dure din Canada au produs emisii de niveluri record\"},{\"@type\":\"BreadcrumbList\",\"@id\":\"https:\/\/www.green24.ro\/index.php\/2023\/08\/07\/incendiile-de-padure-din-canada-au-produs-emisii-de-niveluri-record\/#breadcrumb\",\"itemListElement\":[{\"@type\":\"ListItem\",\"position\":1,\"name\":\"Home\",\"item\":\"https:\/\/www.green24.ro\/\"},{\"@type\":\"ListItem\",\"position\":2,\"name\":\"Incendiile de p\u0103dure din Canada au produs emisii de niveluri record\"}]},{\"@type\":\"WebSite\",\"@id\":\"https:\/\/www.green24.ro\/#website\",\"url\":\"https:\/\/www.green24.ro\/\",\"name\":\"Green24.ro\",\"description\":\"Antreprenoriat verde si responsabilitatea social\u0103\",\"publisher\":{\"@id\":\"https:\/\/www.green24.ro\/#organization\"},\"potentialAction\":[{\"@type\":\"SearchAction\",\"target\":{\"@type\":\"EntryPoint\",\"urlTemplate\":\"https:\/\/www.green24.ro\/?s={search_term_string}\"},\"query-input\":{\"@type\":\"PropertyValueSpecification\",\"valueRequired\":true,\"valueName\":\"search_term_string\"}}],\"inLanguage\":\"en-US\"},{\"@type\":\"Organization\",\"@id\":\"https:\/\/www.green24.ro\/#organization\",\"name\":\"Green24\",\"url\":\"https:\/\/www.green24.ro\/\",\"logo\":{\"@type\":\"ImageObject\",\"inLanguage\":\"en-US\",\"@id\":\"https:\/\/www.green24.ro\/#\/schema\/logo\/image\/\",\"url\":\"https:\/\/www.green24.ro\/wp-content\/uploads\/2022\/02\/green24-17-e1643806452346.png\",\"contentUrl\":\"https:\/\/www.green24.ro\/wp-content\/uploads\/2022\/02\/green24-17-e1643806452346.png\",\"width\":174,\"height\":174,\"caption\":\"Green24\"},\"image\":{\"@id\":\"https:\/\/www.green24.ro\/#\/schema\/logo\/image\/\"},\"sameAs\":[\"https:\/\/www.facebook.com\/green24ro\/\"]},{\"@type\":\"Person\",\"@id\":\"https:\/\/www.green24.ro\/#\/schema\/person\/127c272d98a106bf1987c4ae6735cc91\",\"name\":\"Simona Popescu\",\"image\":{\"@type\":\"ImageObject\",\"inLanguage\":\"en-US\",\"@id\":\"https:\/\/www.green24.ro\/#\/schema\/person\/image\/\",\"url\":\"https:\/\/secure.gravatar.com\/avatar\/80dd8d46f762d60f349fe91c31182265?s=96&d=mm&r=g\",\"contentUrl\":\"https:\/\/secure.gravatar.com\/avatar\/80dd8d46f762d60f349fe91c31182265?s=96&d=mm&r=g\",\"caption\":\"Simona Popescu\"},\"url\":\"https:\/\/www.green24.ro\/index.php\/author\/simona-popescu\/\"}]}<\/script>\n<!-- \/ Yoast SEO plugin. -->","yoast_head_json":{"title":"Incendiile de p\u0103dure din Canada au produs emisii de niveluri record - Green24.ro","robots":{"index":"index","follow":"follow","max-snippet":"max-snippet:-1","max-image-preview":"max-image-preview:large","max-video-preview":"max-video-preview:-1"},"canonical":"https:\/\/www.green24.ro\/index.php\/2023\/08\/07\/incendiile-de-padure-din-canada-au-produs-emisii-de-niveluri-record\/","og_locale":"en_US","og_type":"article","og_title":"Incendiile de p\u0103dure din Canada au produs emisii de niveluri record - Green24.ro","og_description":"Incendiile de p\u0103dure din Canada au provocat emisii f\u0103r\u0103 precedent de dioxid de carbon, dep\u0103\u0219ind cu mult recordurile anterioare, conform datelor publicate de observatorul european Copernicus \u0219i raportate de AFP. Conform ultimelor date, emisiile totale de dioxid de carbon provenite din incendiile de p\u0103dure din Canada au atins aproximativ 290 [&hellip;]","og_url":"https:\/\/www.green24.ro\/index.php\/2023\/08\/07\/incendiile-de-padure-din-canada-au-produs-emisii-de-niveluri-record\/","og_site_name":"Green24.ro","article_publisher":"https:\/\/www.facebook.com\/green24ro\/","article_published_time":"2023-08-07T08:01:00+00:00","article_modified_time":"2023-08-16T06:29:28+00:00","og_image":[{"width":2560,"height":1439,"url":"https:\/\/www.green24.ro\/wp-content\/uploads\/2023\/08\/fire-scaled.jpg","type":"image\/jpeg"}],"author":"Simona Popescu","twitter_card":"summary_large_image","twitter_misc":{"Written by":"Simona Popescu","Est. reading time":"2 minutes"},"schema":{"@context":"https:\/\/schema.org","@graph":[{"@type":"Article","@id":"https:\/\/www.green24.ro\/index.php\/2023\/08\/07\/incendiile-de-padure-din-canada-au-produs-emisii-de-niveluri-record\/#article","isPartOf":{"@id":"https:\/\/www.green24.ro\/index.php\/2023\/08\/07\/incendiile-de-padure-din-canada-au-produs-emisii-de-niveluri-record\/"},"author":{"name":"Simona Popescu","@id":"https:\/\/www.green24.ro\/#\/schema\/person\/127c272d98a106bf1987c4ae6735cc91"},"headline":"Incendiile de p\u0103dure din Canada au produs emisii de niveluri record","datePublished":"2023-08-07T08:01:00+00:00","dateModified":"2023-08-16T06:29:28+00:00","mainEntityOfPage":{"@id":"https:\/\/www.green24.ro\/index.php\/2023\/08\/07\/incendiile-de-padure-din-canada-au-produs-emisii-de-niveluri-record\/"},"wordCount":413,"commentCount":0,"publisher":{"@id":"https:\/\/www.green24.ro\/#organization"},"image":{"@id":"https:\/\/www.green24.ro\/index.php\/2023\/08\/07\/incendiile-de-padure-din-canada-au-produs-emisii-de-niveluri-record\/#primaryimage"},"thumbnailUrl":"https:\/\/www.green24.ro\/wp-content\/uploads\/2023\/08\/fire-scaled.jpg","articleSection":["Blog","Prime","Slide"],"inLanguage":"en-US","potentialAction":[{"@type":"CommentAction","name":"Comment","target":["https:\/\/www.green24.ro\/index.php\/2023\/08\/07\/incendiile-de-padure-din-canada-au-produs-emisii-de-niveluri-record\/#respond"]}]},{"@type":"WebPage","@id":"https:\/\/www.green24.ro\/index.php\/2023\/08\/07\/incendiile-de-padure-din-canada-au-produs-emisii-de-niveluri-record\/","url":"https:\/\/www.green24.ro\/index.php\/2023\/08\/07\/incendiile-de-padure-din-canada-au-produs-emisii-de-niveluri-record\/","name":"Incendiile de p\u0103dure din Canada au produs emisii de niveluri record - Green24.ro","isPartOf":{"@id":"https:\/\/www.green24.ro\/#website"},"primaryImageOfPage":{"@id":"https:\/\/www.green24.ro\/index.php\/2023\/08\/07\/incendiile-de-padure-din-canada-au-produs-emisii-de-niveluri-record\/#primaryimage"},"image":{"@id":"https:\/\/www.green24.ro\/index.php\/2023\/08\/07\/incendiile-de-padure-din-canada-au-produs-emisii-de-niveluri-record\/#primaryimage"},"thumbnailUrl":"https:\/\/www.green24.ro\/wp-content\/uploads\/2023\/08\/fire-scaled.jpg","datePublished":"2023-08-07T08:01:00+00:00","dateModified":"2023-08-16T06:29:28+00:00","breadcrumb":{"@id":"https:\/\/www.green24.ro\/index.php\/2023\/08\/07\/incendiile-de-padure-din-canada-au-produs-emisii-de-niveluri-record\/#breadcrumb"},"inLanguage":"en-US","potentialAction":[{"@type":"ReadAction","target":["https:\/\/www.green24.ro\/index.php\/2023\/08\/07\/incendiile-de-padure-din-canada-au-produs-emisii-de-niveluri-record\/"]}]},{"@type":"ImageObject","inLanguage":"en-US","@id":"https:\/\/www.green24.ro\/index.php\/2023\/08\/07\/incendiile-de-padure-din-canada-au-produs-emisii-de-niveluri-record\/#primaryimage","url":"https:\/\/www.green24.ro\/wp-content\/uploads\/2023\/08\/fire-scaled.jpg","contentUrl":"https:\/\/www.green24.ro\/wp-content\/uploads\/2023\/08\/fire-scaled.jpg","width":2560,"height":1439,"caption":"Incendiile de p\u0103dure din Canada au produs emisii de niveluri record"},{"@type":"BreadcrumbList","@id":"https:\/\/www.green24.ro\/index.php\/2023\/08\/07\/incendiile-de-padure-din-canada-au-produs-emisii-de-niveluri-record\/#breadcrumb","itemListElement":[{"@type":"ListItem","position":1,"name":"Home","item":"https:\/\/www.green24.ro\/"},{"@type":"ListItem","position":2,"name":"Incendiile de p\u0103dure din Canada au produs emisii de niveluri record"}]},{"@type":"WebSite","@id":"https:\/\/www.green24.ro\/#website","url":"https:\/\/www.green24.ro\/","name":"Green24.ro","description":"Antreprenoriat verde si responsabilitatea social\u0103","publisher":{"@id":"https:\/\/www.green24.ro\/#organization"},"potentialAction":[{"@type":"SearchAction","target":{"@type":"EntryPoint","urlTemplate":"https:\/\/www.green24.ro\/?s={search_term_string}"},"query-input":{"@type":"PropertyValueSpecification","valueRequired":true,"valueName":"search_term_string"}}],"inLanguage":"en-US"},{"@type":"Organization","@id":"https:\/\/www.green24.ro\/#organization","name":"Green24","url":"https:\/\/www.green24.ro\/","logo":{"@type":"ImageObject","inLanguage":"en-US","@id":"https:\/\/www.green24.ro\/#\/schema\/logo\/image\/","url":"https:\/\/www.green24.ro\/wp-content\/uploads\/2022\/02\/green24-17-e1643806452346.png","contentUrl":"https:\/\/www.green24.ro\/wp-content\/uploads\/2022\/02\/green24-17-e1643806452346.png","width":174,"height":174,"caption":"Green24"},"image":{"@id":"https:\/\/www.green24.ro\/#\/schema\/logo\/image\/"},"sameAs":["https:\/\/www.facebook.com\/green24ro\/"]},{"@type":"Person","@id":"https:\/\/www.green24.ro\/#\/schema\/person\/127c272d98a106bf1987c4ae6735cc91","name":"Simona Popescu","image":{"@type":"ImageObject","inLanguage":"en-US","@id":"https:\/\/www.green24.ro\/#\/schema\/person\/image\/","url":"https:\/\/secure.gravatar.com\/avatar\/80dd8d46f762d60f349fe91c31182265?s=96&d=mm&r=g","contentUrl":"https:\/\/secure.gravatar.com\/avatar\/80dd8d46f762d60f349fe91c31182265?s=96&d=mm&r=g","caption":"Simona Popescu"},"url":"https:\/\/www.green24.ro\/index.php\/author\/simona-popescu\/"}]}},"jetpack_publicize_connections":[],"jetpack_featured_media_url":"https:\/\/www.green24.ro\/wp-content\/uploads\/2023\/08\/fire-scaled.jpg","jetpack_sharing_enabled":true,"_links":{"self":[{"href":"https:\/\/www.green24.ro\/index.php\/wp-json\/wp\/v2\/posts\/1766","targetHints":{"allow":["GET"]}}],"collection":[{"href":"https:\/\/www.green24.ro\/index.php\/wp-json\/wp\/v2\/posts"}],"about":[{"href":"https:\/\/www.green24.ro\/index.php\/wp-json\/wp\/v2\/types\/post"}],"author":[{"embeddable":true,"href":"https:\/\/www.green24.ro\/index.php\/wp-json\/wp\/v2\/users\/4"}],"replies":[{"embeddable":true,"href":"https:\/\/www.green24.ro\/index.php\/wp-json\/wp\/v2\/comments?post=1766"}],"version-history":[{"count":2,"href":"https:\/\/www.green24.ro\/index.php\/wp-json\/wp\/v2\/posts\/1766\/revisions"}],"predecessor-version":[{"id":1770,"href":"https:\/\/www.green24.ro\/index.php\/wp-json\/wp\/v2\/posts\/1766\/revisions\/1770"}],"wp:featuredmedia":[{"embeddable":true,"href":"https:\/\/www.green24.ro\/index.php\/wp-json\/wp\/v2\/media\/1767"}],"wp:attachment":[{"href":"https:\/\/www.green24.ro\/index.php\/wp-json\/wp\/v2\/media?parent=1766"}],"wp:term":[{"taxonomy":"category","embeddable":true,"href":"https:\/\/www.green24.ro\/index.php\/wp-json\/wp\/v2\/categories?post=1766"},{"taxonomy":"post_tag","embeddable":true,"href":"https:\/\/www.green24.ro\/index.php\/wp-json\/wp\/v2\/tags?post=1766"}],"curies":[{"name":"wp","href":"https:\/\/api.w.org\/{rel}","templated":true}]}}