{"id":1762,"date":"2023-08-07T09:10:51","date_gmt":"2023-08-07T07:10:51","guid":{"rendered":"https:\/\/www.green24.ro\/?p=1762"},"modified":"2023-08-07T09:10:52","modified_gmt":"2023-08-07T07:10:52","slug":"ministrul-mediului-apelor-si-padurilor-mircea-fechet-a-declarat-vineri-la-constanta-ca-totalul-cantitatilor-de-deseuri-colectate-selectiv-si-reciclate-in-romania-de-12-14-este-extrem-de-mode","status":"publish","type":"post","link":"https:\/\/www.green24.ro\/index.php\/2023\/08\/07\/ministrul-mediului-apelor-si-padurilor-mircea-fechet-a-declarat-vineri-la-constanta-ca-totalul-cantitatilor-de-deseuri-colectate-selectiv-si-reciclate-in-romania-de-12-14-este-extrem-de-mode\/","title":{"rendered":"Ministrul Mediului, Apelor \u015fi P\u0103durilor, Mircea Fechet, a declarat, vineri, la Constan\u0163a, c\u0103 totalul cantit\u0103\u0163ilor de de\u015feuri colectate selectiv \u015fi reciclate \u00een Rom\u00e2nia, de 12 &#8211; 14%, este extrem de modest pentru un stat membru al Uniunii Europene."},"content":{"rendered":"<p style=\"text-align: justify;\">Prezent la Conferin\u0163a Regional\u0103 &#8220;Recicl\u0103m \u00een Rom\u00e2nia&#8221;, Fechet a spus c\u0103 printr-o ampl\u0103 campanie de informare \u015fi educare, derulat\u0103 de Ministerul Mediului, Apelor \u015fi P\u0103durilor la nivel na\u0163ional, se urm\u0103re\u015fte responsabilizarea popula\u0163iei cu privire la colectarea separat\u0103 a de\u015feurilor.<\/p>\n<p>&#8220;&#8216;Recicl\u0103m \u00een Rom\u00e2nia&#8217; este o campanie de con\u015ftientizare, prima de altfel de aceast\u0103 natur\u0103, finan\u0163at\u0103 \u015fi derulat\u0103 de c\u0103tre Ministerul Mediului pentru c\u0103, dincolo de foarte multe neajunsuri care ne-au condus spre aceast\u0103 nefericit\u0103 cifr\u0103, de care nu sc\u0103p\u0103m de ani de zile, 12%, 13%, 14% cantit\u0103\u0163i de de\u015feuri colectate selectiv \u015fi reciclate, sume extrem de modeste pentru o \u0163ar\u0103 membr\u0103 a Uniunii Europene, \u00eens\u0103, pe l\u00e2ng\u0103 multe probleme pe care putem s\u0103 le gestion\u0103m, problema comunic\u0103rii cu cet\u0103\u0163enii ne-a ie\u015fit \u00een eviden\u0163\u0103 \u00een studiile sociologice pe care le-am f\u0103cut \u015fi mare parte a cet\u0103\u0163enilor spun c\u0103 ar face un efort suplimentar dac\u0103 ar fi bine instrui\u0163i. Cu alte cuvinte, nu doar primarul trebuie s\u0103 pun\u0103 la dispozi\u0163ie un serviciu de colectare selectiv\u0103 adecvat, nu doar salubristul are sarcina de a colecta pe frac\u0163ii, de a colecta la timp \u015fi de a avea un tarif rezonabil, nu doar Ministerul Mediului \u015fi Garda de Mediu priceput\u0103 de altfel \u00een a amenda, \u00eens\u0103 \u015fi cet\u0103\u0163enii trebuie s\u0103 \u00een\u0163eleag\u0103 \u00een primul r\u00e2nd ce au de f\u0103cut \u015fi trebuie s\u0103 se conformeze. (&#8230;) Vom testa din punct de vedere sociologic eficien\u0163a campaniei noastre, avem studii care ne prezint\u0103 situa\u0163ia de la care pornim \u015fi o s\u0103 avem studii care ne vor prezenta situa\u0163ia la care vom ajunge dup\u0103 ce termin\u0103m toat\u0103 aceast\u0103 campanie&#8221;, a afirmat ministrul Mediului, la deschiderea conferin\u0163ei.<\/p>\n<p>El a subliniat, totodat\u0103, importan\u0163a efectu\u0103rii de investi\u0163ii \u00een domeniul colect\u0103rii selective \u015fi recicl\u0103rii de\u015feurilor.<\/p>\n<p>&#8220;Pe l\u00e2ng\u0103 con\u015ftientizare, f\u0103r\u0103 \u00eendoial\u0103 e nevoie de investi\u0163ii masive \u00een continuare, fie c\u0103 discut\u0103m despre infrastructura de colectare, fie c\u0103 discut\u0103m despre instala\u0163ii complexe de depozitare, (&#8230;), digestoare, de sta\u0163ii de sortare \u015fi a\u015fa mai departe, exist\u0103 noi \u015fi noi tehnologii. Cine \u015fi-ar fi imaginat acum 20 de ani c\u0103 mare parte din localit\u0103\u0163ile din Rom\u00e2nia nu aveau contract de salubrizare, fiecare se descurca a\u015fa cum putea, mai pe la marginea satului, mai la r\u00e2p\u0103, mai \u00eentr-o p\u0103dure. Dar cine \u00ee\u015fi imagina atunci c\u0103 va veni ziua c\u00e2nd printr-un buget guvernamental investim, spre exemplu 1,2 miliarde de euro nu doar \u00een centre pentru aport voluntar de de\u015feuri, dar \u00een insule digitalizate, aceste sisteme care nu doar c\u0103 vor ajuta la colectarea separat\u0103, dar vor reu\u015fi s\u0103 digitalizeze acest proces, merg\u00e2nd p\u00e2n\u0103 la identificarea persoanei care debaraseaz\u0103 acele de\u015feuri \u015fi p\u00e2n\u0103 la c\u00e2nt\u0103rirea de\u015feurilor respective \u015fi bine\u00een\u0163eles c\u0103 nu e suficient s\u0103 ai toate aceste cifre, mai trebuie s\u0103 le integrezi \u00eentr-un sistem \u015fi s\u0103 tragi ni\u015fte concluzii&#8221;, a mai spus Mircea Fechet.<\/p>\n<p>Conform Ministerul Mediului, Apelor \u015fi P\u0103durilor, institu\u0163ia deruleaz\u0103, din decembrie 2022, cea mai ampl\u0103 campanie de informare ce \u00ee\u015fi propune s\u0103 schimbe comportamentul cet\u0103\u0163enilor, astfel \u00eenc\u00e2t separarea de\u015feurilor s\u0103 devin\u0103 un demers firesc \u00een majoritatea familiilor din Rom\u00e2nia.<\/p>\n<p>Conferin\u0163a desf\u0103\u015furat\u0103 la Constan\u0163a, a patra din seria celor opt care se vor desf\u0103\u015fura \u00een aceast\u0103 var\u0103, are ca scop o mai profund\u0103 \u00een\u0163elegere a importan\u0163ei \u015fi beneficiilor colect\u0103rii separate a de\u015feurilor, precum \u015fi a rolului cheie pe care unit\u0103\u0163ile administrativ-teritoriale \u00eel au \u00een acest proces.<\/p>\n<pre style=\"text-align: justify;\">AGERPRES\/(A - autor: Nona Jalb\u0103; editor: Karina Olteanu, editor online: Ada V\u00eelceanu)<\/pre>\n","protected":false},"excerpt":{"rendered":"<p>Prezent la Conferin\u0163a Regional\u0103 &#8220;Recicl\u0103m \u00een Rom\u00e2nia&#8221;, Fechet a spus c\u0103 printr-o ampl\u0103 campanie de informare \u015fi educare, derulat\u0103 de Ministerul Mediului, Apelor \u015fi P\u0103durilor la nivel na\u0163ional, se urm\u0103re\u015fte responsabilizarea popula\u0163iei cu privire la colectarea separat\u0103 a de\u015feurilor. &#8220;&#8216;Recicl\u0103m \u00een Rom\u00e2nia&#8217; este o campanie de con\u015ftientizare, prima de altfel [&hellip;]<\/p>\n","protected":false},"author":1,"featured_media":1763,"comment_status":"open","ping_status":"open","sticky":false,"template":"","format":"standard","meta":{"content-type":"","footnotes":"","jetpack_publicize_message":"","jetpack_publicize_feature_enabled":true,"jetpack_social_post_already_shared":true,"jetpack_social_options":{"image_generator_settings":{"template":"highway","default_image_id":0,"font":"","enabled":false},"version":2}},"categories":[5,9,1,3,6,10],"tags":[],"class_list":["post-1762","post","type-post","status-publish","format-standard","has-post-thumbnail","hentry","category-blog","category-company","category-general","category-legislatie","category-prime","category-slide"],"yoast_head":"<!-- This site is optimized with the Yoast SEO plugin v24.9 - https:\/\/yoast.com\/wordpress\/plugins\/seo\/ -->\n<title>Ministrul Mediului, Apelor \u015fi P\u0103durilor, Mircea Fechet, a declarat, vineri, la Constan\u0163a, c\u0103 totalul cantit\u0103\u0163ilor de de\u015feuri colectate selectiv \u015fi reciclate \u00een Rom\u00e2nia, de 12 - 14%, este extrem de modest pentru un stat membru al Uniunii Europene. - Green24.ro<\/title>\n<meta name=\"description\" content=\"Ministrul Mediului, Apelor \u015fi P\u0103durilor, Mircea Fechet, a declarat, vineri, la Constan\u0163a, c\u0103 totalul cantit\u0103\u0163ilor de de\u015feuri colectate selectiv \u015fi reciclate \u00een Rom\u00e2nia, de 12 - 14%, este extrem de modest pentru un stat membru al Uniunii Europene.\" \/>\n<meta name=\"robots\" content=\"index, follow, max-snippet:-1, max-image-preview:large, max-video-preview:-1\" \/>\n<link rel=\"canonical\" href=\"https:\/\/www.green24.ro\/index.php\/2023\/08\/07\/ministrul-mediului-apelor-si-padurilor-mircea-fechet-a-declarat-vineri-la-constanta-ca-totalul-cantitatilor-de-deseuri-colectate-selectiv-si-reciclate-in-romania-de-12-14-este-extrem-de-mode\/\" \/>\n<meta property=\"og:locale\" content=\"en_US\" \/>\n<meta property=\"og:type\" content=\"article\" \/>\n<meta property=\"og:title\" content=\"Ministrul Mediului, Apelor \u015fi P\u0103durilor, Mircea Fechet, a declarat, vineri, la Constan\u0163a, c\u0103 totalul cantit\u0103\u0163ilor de de\u015feuri colectate selectiv \u015fi reciclate \u00een Rom\u00e2nia, de 12 - 14%, este extrem de modest pentru un stat membru al Uniunii Europene. - Green24.ro\" \/>\n<meta property=\"og:description\" content=\"Ministrul Mediului, Apelor \u015fi P\u0103durilor, Mircea Fechet, a declarat, vineri, la Constan\u0163a, c\u0103 totalul cantit\u0103\u0163ilor de de\u015feuri colectate selectiv \u015fi reciclate \u00een Rom\u00e2nia, de 12 - 14%, este extrem de modest pentru un stat membru al Uniunii Europene.\" \/>\n<meta property=\"og:url\" content=\"https:\/\/www.green24.ro\/index.php\/2023\/08\/07\/ministrul-mediului-apelor-si-padurilor-mircea-fechet-a-declarat-vineri-la-constanta-ca-totalul-cantitatilor-de-deseuri-colectate-selectiv-si-reciclate-in-romania-de-12-14-este-extrem-de-mode\/\" \/>\n<meta property=\"og:site_name\" content=\"Green24.ro\" \/>\n<meta property=\"article:publisher\" content=\"https:\/\/www.facebook.com\/green24ro\/\" \/>\n<meta property=\"article:author\" content=\"https:\/\/www.facebook.com\/green24ro\/\" \/>\n<meta property=\"article:published_time\" content=\"2023-08-07T07:10:51+00:00\" \/>\n<meta property=\"article:modified_time\" content=\"2023-08-07T07:10:52+00:00\" \/>\n<meta property=\"og:image\" content=\"https:\/\/www.green24.ro\/wp-content\/uploads\/2023\/08\/P1033862-1-1500x500-1.jpg\" \/>\n\t<meta property=\"og:image:width\" content=\"1500\" \/>\n\t<meta property=\"og:image:height\" content=\"500\" \/>\n\t<meta property=\"og:image:type\" content=\"image\/jpeg\" \/>\n<meta name=\"author\" content=\"Redactia Green24\" \/>\n<meta name=\"twitter:card\" content=\"summary_large_image\" \/>\n<meta name=\"twitter:label1\" content=\"Written by\" \/>\n\t<meta name=\"twitter:data1\" content=\"Redactia Green24\" \/>\n\t<meta name=\"twitter:label2\" content=\"Est. reading time\" \/>\n\t<meta name=\"twitter:data2\" content=\"3 minutes\" \/>\n<script type=\"application\/ld+json\" class=\"yoast-schema-graph\">{\"@context\":\"https:\/\/schema.org\",\"@graph\":[{\"@type\":\"Article\",\"@id\":\"https:\/\/www.green24.ro\/index.php\/2023\/08\/07\/ministrul-mediului-apelor-si-padurilor-mircea-fechet-a-declarat-vineri-la-constanta-ca-totalul-cantitatilor-de-deseuri-colectate-selectiv-si-reciclate-in-romania-de-12-14-este-extrem-de-mode\/#article\",\"isPartOf\":{\"@id\":\"https:\/\/www.green24.ro\/index.php\/2023\/08\/07\/ministrul-mediului-apelor-si-padurilor-mircea-fechet-a-declarat-vineri-la-constanta-ca-totalul-cantitatilor-de-deseuri-colectate-selectiv-si-reciclate-in-romania-de-12-14-este-extrem-de-mode\/\"},\"author\":{\"name\":\"Redactia Green24\",\"@id\":\"https:\/\/www.green24.ro\/#\/schema\/person\/275c7d10a2dd4fb528a2c0ad5d633496\"},\"headline\":\"Ministrul Mediului, Apelor \u015fi P\u0103durilor, Mircea Fechet, a declarat, vineri, la Constan\u0163a, c\u0103 totalul cantit\u0103\u0163ilor de de\u015feuri colectate selectiv \u015fi reciclate \u00een Rom\u00e2nia, de 12 &#8211; 14%, este extrem de modest pentru un stat membru al Uniunii Europene.\",\"datePublished\":\"2023-08-07T07:10:51+00:00\",\"dateModified\":\"2023-08-07T07:10:52+00:00\",\"mainEntityOfPage\":{\"@id\":\"https:\/\/www.green24.ro\/index.php\/2023\/08\/07\/ministrul-mediului-apelor-si-padurilor-mircea-fechet-a-declarat-vineri-la-constanta-ca-totalul-cantitatilor-de-deseuri-colectate-selectiv-si-reciclate-in-romania-de-12-14-este-extrem-de-mode\/\"},\"wordCount\":655,\"commentCount\":0,\"publisher\":{\"@id\":\"https:\/\/www.green24.ro\/#organization\"},\"image\":{\"@id\":\"https:\/\/www.green24.ro\/index.php\/2023\/08\/07\/ministrul-mediului-apelor-si-padurilor-mircea-fechet-a-declarat-vineri-la-constanta-ca-totalul-cantitatilor-de-deseuri-colectate-selectiv-si-reciclate-in-romania-de-12-14-este-extrem-de-mode\/#primaryimage\"},\"thumbnailUrl\":\"https:\/\/www.green24.ro\/wp-content\/uploads\/2023\/08\/P1033862-1-1500x500-1.jpg\",\"articleSection\":[\"Blog\",\"Company\",\"General\",\"Legislatie\",\"Prime\",\"Slide\"],\"inLanguage\":\"en-US\",\"potentialAction\":[{\"@type\":\"CommentAction\",\"name\":\"Comment\",\"target\":[\"https:\/\/www.green24.ro\/index.php\/2023\/08\/07\/ministrul-mediului-apelor-si-padurilor-mircea-fechet-a-declarat-vineri-la-constanta-ca-totalul-cantitatilor-de-deseuri-colectate-selectiv-si-reciclate-in-romania-de-12-14-este-extrem-de-mode\/#respond\"]}]},{\"@type\":\"WebPage\",\"@id\":\"https:\/\/www.green24.ro\/index.php\/2023\/08\/07\/ministrul-mediului-apelor-si-padurilor-mircea-fechet-a-declarat-vineri-la-constanta-ca-totalul-cantitatilor-de-deseuri-colectate-selectiv-si-reciclate-in-romania-de-12-14-este-extrem-de-mode\/\",\"url\":\"https:\/\/www.green24.ro\/index.php\/2023\/08\/07\/ministrul-mediului-apelor-si-padurilor-mircea-fechet-a-declarat-vineri-la-constanta-ca-totalul-cantitatilor-de-deseuri-colectate-selectiv-si-reciclate-in-romania-de-12-14-este-extrem-de-mode\/\",\"name\":\"Ministrul Mediului, Apelor \u015fi P\u0103durilor, Mircea Fechet, a declarat, vineri, la Constan\u0163a, c\u0103 totalul cantit\u0103\u0163ilor de de\u015feuri colectate selectiv \u015fi reciclate \u00een Rom\u00e2nia, de 12 - 14%, este extrem de modest pentru un stat membru al Uniunii Europene. - Green24.ro\",\"isPartOf\":{\"@id\":\"https:\/\/www.green24.ro\/#website\"},\"primaryImageOfPage\":{\"@id\":\"https:\/\/www.green24.ro\/index.php\/2023\/08\/07\/ministrul-mediului-apelor-si-padurilor-mircea-fechet-a-declarat-vineri-la-constanta-ca-totalul-cantitatilor-de-deseuri-colectate-selectiv-si-reciclate-in-romania-de-12-14-este-extrem-de-mode\/#primaryimage\"},\"image\":{\"@id\":\"https:\/\/www.green24.ro\/index.php\/2023\/08\/07\/ministrul-mediului-apelor-si-padurilor-mircea-fechet-a-declarat-vineri-la-constanta-ca-totalul-cantitatilor-de-deseuri-colectate-selectiv-si-reciclate-in-romania-de-12-14-este-extrem-de-mode\/#primaryimage\"},\"thumbnailUrl\":\"https:\/\/www.green24.ro\/wp-content\/uploads\/2023\/08\/P1033862-1-1500x500-1.jpg\",\"datePublished\":\"2023-08-07T07:10:51+00:00\",\"dateModified\":\"2023-08-07T07:10:52+00:00\",\"description\":\"Ministrul Mediului, Apelor \u015fi P\u0103durilor, Mircea Fechet, a declarat, vineri, la Constan\u0163a, c\u0103 totalul cantit\u0103\u0163ilor de de\u015feuri colectate selectiv \u015fi reciclate \u00een Rom\u00e2nia, de 12 - 14%, este extrem de modest pentru un stat membru al Uniunii Europene.\",\"breadcrumb\":{\"@id\":\"https:\/\/www.green24.ro\/index.php\/2023\/08\/07\/ministrul-mediului-apelor-si-padurilor-mircea-fechet-a-declarat-vineri-la-constanta-ca-totalul-cantitatilor-de-deseuri-colectate-selectiv-si-reciclate-in-romania-de-12-14-este-extrem-de-mode\/#breadcrumb\"},\"inLanguage\":\"en-US\",\"potentialAction\":[{\"@type\":\"ReadAction\",\"target\":[\"https:\/\/www.green24.ro\/index.php\/2023\/08\/07\/ministrul-mediului-apelor-si-padurilor-mircea-fechet-a-declarat-vineri-la-constanta-ca-totalul-cantitatilor-de-deseuri-colectate-selectiv-si-reciclate-in-romania-de-12-14-este-extrem-de-mode\/\"]}]},{\"@type\":\"ImageObject\",\"inLanguage\":\"en-US\",\"@id\":\"https:\/\/www.green24.ro\/index.php\/2023\/08\/07\/ministrul-mediului-apelor-si-padurilor-mircea-fechet-a-declarat-vineri-la-constanta-ca-totalul-cantitatilor-de-deseuri-colectate-selectiv-si-reciclate-in-romania-de-12-14-este-extrem-de-mode\/#primaryimage\",\"url\":\"https:\/\/www.green24.ro\/wp-content\/uploads\/2023\/08\/P1033862-1-1500x500-1.jpg\",\"contentUrl\":\"https:\/\/www.green24.ro\/wp-content\/uploads\/2023\/08\/P1033862-1-1500x500-1.jpg\",\"width\":1500,\"height\":500,\"caption\":\"Ministrul Mediului, Apelor \u015fi P\u0103durilor, Mircea Fechet, a declarat, vineri, la Constan\u0163a, c\u0103 totalul cantit\u0103\u0163ilor de de\u015feuri colectate selectiv \u015fi reciclate \u00een Rom\u00e2nia, de 12 - 14%\"},{\"@type\":\"BreadcrumbList\",\"@id\":\"https:\/\/www.green24.ro\/index.php\/2023\/08\/07\/ministrul-mediului-apelor-si-padurilor-mircea-fechet-a-declarat-vineri-la-constanta-ca-totalul-cantitatilor-de-deseuri-colectate-selectiv-si-reciclate-in-romania-de-12-14-este-extrem-de-mode\/#breadcrumb\",\"itemListElement\":[{\"@type\":\"ListItem\",\"position\":1,\"name\":\"Home\",\"item\":\"https:\/\/www.green24.ro\/\"},{\"@type\":\"ListItem\",\"position\":2,\"name\":\"Ministrul Mediului, Apelor \u015fi P\u0103durilor, Mircea Fechet, a declarat, vineri, la Constan\u0163a, c\u0103 totalul cantit\u0103\u0163ilor de de\u015feuri colectate selectiv \u015fi reciclate \u00een Rom\u00e2nia, de 12 &#8211; 14%, este extrem de modest pentru un stat membru al Uniunii Europene.\"}]},{\"@type\":\"WebSite\",\"@id\":\"https:\/\/www.green24.ro\/#website\",\"url\":\"https:\/\/www.green24.ro\/\",\"name\":\"Green24.ro\",\"description\":\"Antreprenoriat verde si responsabilitatea social\u0103\",\"publisher\":{\"@id\":\"https:\/\/www.green24.ro\/#organization\"},\"potentialAction\":[{\"@type\":\"SearchAction\",\"target\":{\"@type\":\"EntryPoint\",\"urlTemplate\":\"https:\/\/www.green24.ro\/?s={search_term_string}\"},\"query-input\":{\"@type\":\"PropertyValueSpecification\",\"valueRequired\":true,\"valueName\":\"search_term_string\"}}],\"inLanguage\":\"en-US\"},{\"@type\":\"Organization\",\"@id\":\"https:\/\/www.green24.ro\/#organization\",\"name\":\"Green24\",\"url\":\"https:\/\/www.green24.ro\/\",\"logo\":{\"@type\":\"ImageObject\",\"inLanguage\":\"en-US\",\"@id\":\"https:\/\/www.green24.ro\/#\/schema\/logo\/image\/\",\"url\":\"https:\/\/www.green24.ro\/wp-content\/uploads\/2022\/02\/green24-17-e1643806452346.png\",\"contentUrl\":\"https:\/\/www.green24.ro\/wp-content\/uploads\/2022\/02\/green24-17-e1643806452346.png\",\"width\":174,\"height\":174,\"caption\":\"Green24\"},\"image\":{\"@id\":\"https:\/\/www.green24.ro\/#\/schema\/logo\/image\/\"},\"sameAs\":[\"https:\/\/www.facebook.com\/green24ro\/\"]},{\"@type\":\"Person\",\"@id\":\"https:\/\/www.green24.ro\/#\/schema\/person\/275c7d10a2dd4fb528a2c0ad5d633496\",\"name\":\"Redactia Green24\",\"image\":{\"@type\":\"ImageObject\",\"inLanguage\":\"en-US\",\"@id\":\"https:\/\/www.green24.ro\/#\/schema\/person\/image\/\",\"url\":\"https:\/\/secure.gravatar.com\/avatar\/ff0d3a759f98829f7ca35637ba02cb3c?s=96&d=mm&r=g\",\"contentUrl\":\"https:\/\/secure.gravatar.com\/avatar\/ff0d3a759f98829f7ca35637ba02cb3c?s=96&d=mm&r=g\",\"caption\":\"Redactia Green24\"},\"description\":\"Green24.ro este sursa zilnic\u0103 de \u0219tiri, online, pentru cei interesa\u021bi de mediul \u00eenconjur\u0103tor.\",\"sameAs\":[\"https:\/\/green24.ro\",\"https:\/\/www.facebook.com\/green24ro\/\"],\"url\":\"https:\/\/www.green24.ro\/index.php\/author\/admin\/\"}]}<\/script>\n<!-- \/ Yoast SEO plugin. -->","yoast_head_json":{"title":"Ministrul Mediului, Apelor \u015fi P\u0103durilor, Mircea Fechet, a declarat, vineri, la Constan\u0163a, c\u0103 totalul cantit\u0103\u0163ilor de de\u015feuri colectate selectiv \u015fi reciclate \u00een Rom\u00e2nia, de 12 - 14%, este extrem de modest pentru un stat membru al Uniunii Europene. - Green24.ro","description":"Ministrul Mediului, Apelor \u015fi P\u0103durilor, Mircea Fechet, a declarat, vineri, la Constan\u0163a, c\u0103 totalul cantit\u0103\u0163ilor de de\u015feuri colectate selectiv \u015fi reciclate \u00een Rom\u00e2nia, de 12 - 14%, este extrem de modest pentru un stat membru al Uniunii Europene.","robots":{"index":"index","follow":"follow","max-snippet":"max-snippet:-1","max-image-preview":"max-image-preview:large","max-video-preview":"max-video-preview:-1"},"canonical":"https:\/\/www.green24.ro\/index.php\/2023\/08\/07\/ministrul-mediului-apelor-si-padurilor-mircea-fechet-a-declarat-vineri-la-constanta-ca-totalul-cantitatilor-de-deseuri-colectate-selectiv-si-reciclate-in-romania-de-12-14-este-extrem-de-mode\/","og_locale":"en_US","og_type":"article","og_title":"Ministrul Mediului, Apelor \u015fi P\u0103durilor, Mircea Fechet, a declarat, vineri, la Constan\u0163a, c\u0103 totalul cantit\u0103\u0163ilor de de\u015feuri colectate selectiv \u015fi reciclate \u00een Rom\u00e2nia, de 12 - 14%, este extrem de modest pentru un stat membru al Uniunii Europene. - Green24.ro","og_description":"Ministrul Mediului, Apelor \u015fi P\u0103durilor, Mircea Fechet, a declarat, vineri, la Constan\u0163a, c\u0103 totalul cantit\u0103\u0163ilor de de\u015feuri colectate selectiv \u015fi reciclate \u00een Rom\u00e2nia, de 12 - 14%, este extrem de modest pentru un stat membru al Uniunii Europene.","og_url":"https:\/\/www.green24.ro\/index.php\/2023\/08\/07\/ministrul-mediului-apelor-si-padurilor-mircea-fechet-a-declarat-vineri-la-constanta-ca-totalul-cantitatilor-de-deseuri-colectate-selectiv-si-reciclate-in-romania-de-12-14-este-extrem-de-mode\/","og_site_name":"Green24.ro","article_publisher":"https:\/\/www.facebook.com\/green24ro\/","article_author":"https:\/\/www.facebook.com\/green24ro\/","article_published_time":"2023-08-07T07:10:51+00:00","article_modified_time":"2023-08-07T07:10:52+00:00","og_image":[{"width":1500,"height":500,"url":"https:\/\/www.green24.ro\/wp-content\/uploads\/2023\/08\/P1033862-1-1500x500-1.jpg","type":"image\/jpeg"}],"author":"Redactia Green24","twitter_card":"summary_large_image","twitter_misc":{"Written by":"Redactia Green24","Est. reading time":"3 minutes"},"schema":{"@context":"https:\/\/schema.org","@graph":[{"@type":"Article","@id":"https:\/\/www.green24.ro\/index.php\/2023\/08\/07\/ministrul-mediului-apelor-si-padurilor-mircea-fechet-a-declarat-vineri-la-constanta-ca-totalul-cantitatilor-de-deseuri-colectate-selectiv-si-reciclate-in-romania-de-12-14-este-extrem-de-mode\/#article","isPartOf":{"@id":"https:\/\/www.green24.ro\/index.php\/2023\/08\/07\/ministrul-mediului-apelor-si-padurilor-mircea-fechet-a-declarat-vineri-la-constanta-ca-totalul-cantitatilor-de-deseuri-colectate-selectiv-si-reciclate-in-romania-de-12-14-este-extrem-de-mode\/"},"author":{"name":"Redactia Green24","@id":"https:\/\/www.green24.ro\/#\/schema\/person\/275c7d10a2dd4fb528a2c0ad5d633496"},"headline":"Ministrul Mediului, Apelor \u015fi P\u0103durilor, Mircea Fechet, a declarat, vineri, la Constan\u0163a, c\u0103 totalul cantit\u0103\u0163ilor de de\u015feuri colectate selectiv \u015fi reciclate \u00een Rom\u00e2nia, de 12 &#8211; 14%, este extrem de modest pentru un stat membru al Uniunii Europene.","datePublished":"2023-08-07T07:10:51+00:00","dateModified":"2023-08-07T07:10:52+00:00","mainEntityOfPage":{"@id":"https:\/\/www.green24.ro\/index.php\/2023\/08\/07\/ministrul-mediului-apelor-si-padurilor-mircea-fechet-a-declarat-vineri-la-constanta-ca-totalul-cantitatilor-de-deseuri-colectate-selectiv-si-reciclate-in-romania-de-12-14-este-extrem-de-mode\/"},"wordCount":655,"commentCount":0,"publisher":{"@id":"https:\/\/www.green24.ro\/#organization"},"image":{"@id":"https:\/\/www.green24.ro\/index.php\/2023\/08\/07\/ministrul-mediului-apelor-si-padurilor-mircea-fechet-a-declarat-vineri-la-constanta-ca-totalul-cantitatilor-de-deseuri-colectate-selectiv-si-reciclate-in-romania-de-12-14-este-extrem-de-mode\/#primaryimage"},"thumbnailUrl":"https:\/\/www.green24.ro\/wp-content\/uploads\/2023\/08\/P1033862-1-1500x500-1.jpg","articleSection":["Blog","Company","General","Legislatie","Prime","Slide"],"inLanguage":"en-US","potentialAction":[{"@type":"CommentAction","name":"Comment","target":["https:\/\/www.green24.ro\/index.php\/2023\/08\/07\/ministrul-mediului-apelor-si-padurilor-mircea-fechet-a-declarat-vineri-la-constanta-ca-totalul-cantitatilor-de-deseuri-colectate-selectiv-si-reciclate-in-romania-de-12-14-este-extrem-de-mode\/#respond"]}]},{"@type":"WebPage","@id":"https:\/\/www.green24.ro\/index.php\/2023\/08\/07\/ministrul-mediului-apelor-si-padurilor-mircea-fechet-a-declarat-vineri-la-constanta-ca-totalul-cantitatilor-de-deseuri-colectate-selectiv-si-reciclate-in-romania-de-12-14-este-extrem-de-mode\/","url":"https:\/\/www.green24.ro\/index.php\/2023\/08\/07\/ministrul-mediului-apelor-si-padurilor-mircea-fechet-a-declarat-vineri-la-constanta-ca-totalul-cantitatilor-de-deseuri-colectate-selectiv-si-reciclate-in-romania-de-12-14-este-extrem-de-mode\/","name":"Ministrul Mediului, Apelor \u015fi P\u0103durilor, Mircea Fechet, a declarat, vineri, la Constan\u0163a, c\u0103 totalul cantit\u0103\u0163ilor de de\u015feuri colectate selectiv \u015fi reciclate \u00een Rom\u00e2nia, de 12 - 14%, este extrem de modest pentru un stat membru al Uniunii Europene. - Green24.ro","isPartOf":{"@id":"https:\/\/www.green24.ro\/#website"},"primaryImageOfPage":{"@id":"https:\/\/www.green24.ro\/index.php\/2023\/08\/07\/ministrul-mediului-apelor-si-padurilor-mircea-fechet-a-declarat-vineri-la-constanta-ca-totalul-cantitatilor-de-deseuri-colectate-selectiv-si-reciclate-in-romania-de-12-14-este-extrem-de-mode\/#primaryimage"},"image":{"@id":"https:\/\/www.green24.ro\/index.php\/2023\/08\/07\/ministrul-mediului-apelor-si-padurilor-mircea-fechet-a-declarat-vineri-la-constanta-ca-totalul-cantitatilor-de-deseuri-colectate-selectiv-si-reciclate-in-romania-de-12-14-este-extrem-de-mode\/#primaryimage"},"thumbnailUrl":"https:\/\/www.green24.ro\/wp-content\/uploads\/2023\/08\/P1033862-1-1500x500-1.jpg","datePublished":"2023-08-07T07:10:51+00:00","dateModified":"2023-08-07T07:10:52+00:00","description":"Ministrul Mediului, Apelor \u015fi P\u0103durilor, Mircea Fechet, a declarat, vineri, la Constan\u0163a, c\u0103 totalul cantit\u0103\u0163ilor de de\u015feuri colectate selectiv \u015fi reciclate \u00een Rom\u00e2nia, de 12 - 14%, este extrem de modest pentru un stat membru al Uniunii Europene.","breadcrumb":{"@id":"https:\/\/www.green24.ro\/index.php\/2023\/08\/07\/ministrul-mediului-apelor-si-padurilor-mircea-fechet-a-declarat-vineri-la-constanta-ca-totalul-cantitatilor-de-deseuri-colectate-selectiv-si-reciclate-in-romania-de-12-14-este-extrem-de-mode\/#breadcrumb"},"inLanguage":"en-US","potentialAction":[{"@type":"ReadAction","target":["https:\/\/www.green24.ro\/index.php\/2023\/08\/07\/ministrul-mediului-apelor-si-padurilor-mircea-fechet-a-declarat-vineri-la-constanta-ca-totalul-cantitatilor-de-deseuri-colectate-selectiv-si-reciclate-in-romania-de-12-14-este-extrem-de-mode\/"]}]},{"@type":"ImageObject","inLanguage":"en-US","@id":"https:\/\/www.green24.ro\/index.php\/2023\/08\/07\/ministrul-mediului-apelor-si-padurilor-mircea-fechet-a-declarat-vineri-la-constanta-ca-totalul-cantitatilor-de-deseuri-colectate-selectiv-si-reciclate-in-romania-de-12-14-este-extrem-de-mode\/#primaryimage","url":"https:\/\/www.green24.ro\/wp-content\/uploads\/2023\/08\/P1033862-1-1500x500-1.jpg","contentUrl":"https:\/\/www.green24.ro\/wp-content\/uploads\/2023\/08\/P1033862-1-1500x500-1.jpg","width":1500,"height":500,"caption":"Ministrul Mediului, Apelor \u015fi P\u0103durilor, Mircea Fechet, a declarat, vineri, la Constan\u0163a, c\u0103 totalul cantit\u0103\u0163ilor de de\u015feuri colectate selectiv \u015fi reciclate \u00een Rom\u00e2nia, de 12 - 14%"},{"@type":"BreadcrumbList","@id":"https:\/\/www.green24.ro\/index.php\/2023\/08\/07\/ministrul-mediului-apelor-si-padurilor-mircea-fechet-a-declarat-vineri-la-constanta-ca-totalul-cantitatilor-de-deseuri-colectate-selectiv-si-reciclate-in-romania-de-12-14-este-extrem-de-mode\/#breadcrumb","itemListElement":[{"@type":"ListItem","position":1,"name":"Home","item":"https:\/\/www.green24.ro\/"},{"@type":"ListItem","position":2,"name":"Ministrul Mediului, Apelor \u015fi P\u0103durilor, Mircea Fechet, a declarat, vineri, la Constan\u0163a, c\u0103 totalul cantit\u0103\u0163ilor de de\u015feuri colectate selectiv \u015fi reciclate \u00een Rom\u00e2nia, de 12 &#8211; 14%, este extrem de modest pentru un stat membru al Uniunii Europene."}]},{"@type":"WebSite","@id":"https:\/\/www.green24.ro\/#website","url":"https:\/\/www.green24.ro\/","name":"Green24.ro","description":"Antreprenoriat verde si responsabilitatea social\u0103","publisher":{"@id":"https:\/\/www.green24.ro\/#organization"},"potentialAction":[{"@type":"SearchAction","target":{"@type":"EntryPoint","urlTemplate":"https:\/\/www.green24.ro\/?s={search_term_string}"},"query-input":{"@type":"PropertyValueSpecification","valueRequired":true,"valueName":"search_term_string"}}],"inLanguage":"en-US"},{"@type":"Organization","@id":"https:\/\/www.green24.ro\/#organization","name":"Green24","url":"https:\/\/www.green24.ro\/","logo":{"@type":"ImageObject","inLanguage":"en-US","@id":"https:\/\/www.green24.ro\/#\/schema\/logo\/image\/","url":"https:\/\/www.green24.ro\/wp-content\/uploads\/2022\/02\/green24-17-e1643806452346.png","contentUrl":"https:\/\/www.green24.ro\/wp-content\/uploads\/2022\/02\/green24-17-e1643806452346.png","width":174,"height":174,"caption":"Green24"},"image":{"@id":"https:\/\/www.green24.ro\/#\/schema\/logo\/image\/"},"sameAs":["https:\/\/www.facebook.com\/green24ro\/"]},{"@type":"Person","@id":"https:\/\/www.green24.ro\/#\/schema\/person\/275c7d10a2dd4fb528a2c0ad5d633496","name":"Redactia Green24","image":{"@type":"ImageObject","inLanguage":"en-US","@id":"https:\/\/www.green24.ro\/#\/schema\/person\/image\/","url":"https:\/\/secure.gravatar.com\/avatar\/ff0d3a759f98829f7ca35637ba02cb3c?s=96&d=mm&r=g","contentUrl":"https:\/\/secure.gravatar.com\/avatar\/ff0d3a759f98829f7ca35637ba02cb3c?s=96&d=mm&r=g","caption":"Redactia Green24"},"description":"Green24.ro este sursa zilnic\u0103 de \u0219tiri, online, pentru cei interesa\u021bi de mediul \u00eenconjur\u0103tor.","sameAs":["https:\/\/green24.ro","https:\/\/www.facebook.com\/green24ro\/"],"url":"https:\/\/www.green24.ro\/index.php\/author\/admin\/"}]}},"jetpack_publicize_connections":[],"jetpack_featured_media_url":"https:\/\/www.green24.ro\/wp-content\/uploads\/2023\/08\/P1033862-1-1500x500-1.jpg","jetpack_sharing_enabled":true,"_links":{"self":[{"href":"https:\/\/www.green24.ro\/index.php\/wp-json\/wp\/v2\/posts\/1762","targetHints":{"allow":["GET"]}}],"collection":[{"href":"https:\/\/www.green24.ro\/index.php\/wp-json\/wp\/v2\/posts"}],"about":[{"href":"https:\/\/www.green24.ro\/index.php\/wp-json\/wp\/v2\/types\/post"}],"author":[{"embeddable":true,"href":"https:\/\/www.green24.ro\/index.php\/wp-json\/wp\/v2\/users\/1"}],"replies":[{"embeddable":true,"href":"https:\/\/www.green24.ro\/index.php\/wp-json\/wp\/v2\/comments?post=1762"}],"version-history":[{"count":1,"href":"https:\/\/www.green24.ro\/index.php\/wp-json\/wp\/v2\/posts\/1762\/revisions"}],"predecessor-version":[{"id":1764,"href":"https:\/\/www.green24.ro\/index.php\/wp-json\/wp\/v2\/posts\/1762\/revisions\/1764"}],"wp:featuredmedia":[{"embeddable":true,"href":"https:\/\/www.green24.ro\/index.php\/wp-json\/wp\/v2\/media\/1763"}],"wp:attachment":[{"href":"https:\/\/www.green24.ro\/index.php\/wp-json\/wp\/v2\/media?parent=1762"}],"wp:term":[{"taxonomy":"category","embeddable":true,"href":"https:\/\/www.green24.ro\/index.php\/wp-json\/wp\/v2\/categories?post=1762"},{"taxonomy":"post_tag","embeddable":true,"href":"https:\/\/www.green24.ro\/index.php\/wp-json\/wp\/v2\/tags?post=1762"}],"curies":[{"name":"wp","href":"https:\/\/api.w.org\/{rel}","templated":true}]}}