{"id":1749,"date":"2023-07-04T10:39:56","date_gmt":"2023-07-04T08:39:56","guid":{"rendered":"https:\/\/www.green24.ro\/?p=1749"},"modified":"2023-07-04T10:43:38","modified_gmt":"2023-07-04T08:43:38","slug":"interviu-generatiile-noi-taxeaza-tot-mai-mult-derapajele-sau-abuzurile-din-industria-modei","status":"publish","type":"post","link":"https:\/\/www.green24.ro\/index.php\/2023\/07\/04\/interviu-generatiile-noi-taxeaza-tot-mai-mult-derapajele-sau-abuzurile-din-industria-modei\/","title":{"rendered":"Interviu: Genera\u021biile noi taxeaz\u0103 tot mai mult derapajele sau abuzurile din industria modei"},"content":{"rendered":"<p style=\"text-align: justify;\">Chiar dac\u0103 poate fi greu de crezut, industria modei este una dintre cele mai poluante din lume. Num\u0103rul de articole de \u00eembr\u0103c\u0103minte produse anual s-a dublat din anul 2000 \u0219i a dep\u0103\u0219it 100 de miliarde pentru prima dat\u0103 \u00een 2014.<\/p>\n<p style=\"text-align: justify;\">Se estimeaz\u0103 c\u0103 92 de milioane de tone de de\u0219euri textile\u00a0sunt generate anual. \u00cen mod \u0219ocant, \u00een fiecare secund\u0103, echivalentul unui camion de gunoi de textile este depozitat la gunoi sau incinerat la nivel global. Dac\u0103 nu este destul,\u00a0industria modei genereaz\u0103\u00a0\u00eentre 8 \u0219i 10% din emisiile de dioxid de carbon \u0219i 20% din poluarea apelor la nivel global. \u00cen acest context, autorit\u0103\u021bile, dar \u0219i designerii \u0219i consumatorii fac pa\u0219i, poate nu suficien\u021bi de rapizi, spre o mod\u0103 sustenabil\u0103.<\/p>\n<p style=\"text-align: justify;\">Una dintre metode este refolosirea materialelor \u0219i crearea unor produse nou, utiliz\u00e2ndu-le pe cele vechi. Despre cum se pot pune \u00een practic\u0103 tehnicile de mending \u0219i ce \u00eenseamn\u0103 ele, c\u00e2t de deschi\u0219i sunt tinerii la astfel de produse, dar \u00eentreb\u0103ri punctuale \u2013 \u201eeste sigur s\u0103 port haine de la second hand?\u201d, am vorbit cu\u00a0Florina Secar\u0103 \u0219i Alexandra P\u00eervan, fondatoarele YKO-YKO, platform\u0103 rom\u00e2neasc\u0103 dedicat\u0103 modei sustenabile, \u0219i organizatoare ale expozi\u021biei Mended Threads, A Contemporary Display of Circular Fashion Artistry, ce a avut loc \u00een prima parte a lunii lunie, la Promenada Mall.<\/p>\n<p style=\"text-align: justify;\">Green Report: Ce sunt tehnicile de mending (engl. \u2013 reparare, c\u00e2rpire, remaiere) \u0219i cum pot fi ele explicate c\u00e2t mai pe \u00een\u021belesul oamenilor?<\/p>\n<p style=\"text-align: justify;\">Florina Secar\u0103, Alexandra P\u00eervan:\u00a0Termenul de Mending e folosit, \u00een limba englez\u0103, pentru a exprima tehnica, dar \u0219i arta, de a repara un obiect cu scopul de a-l p\u0103stra \u00een circuit, uneori cu o valoare mai mare decat cea pe care a avut-o ini\u021bial. Fie c\u0103 vorbim despre repara\u021bii f\u0103cute manual, sau cu ajutorul ma\u0219inii de cusut, tehnici precum Boro sau Sashiko, mending acoper\u0103 toate acele modific\u0103ri, vizibile sau invizibile pe care le faci unui obiect vestimentar, cu scopul de a-i prelungi via\u021ba.<\/p>\n<p style=\"text-align: justify;\">S\u0103 faci \u201emending\u201d \u00eenseamn\u0103 s\u0103 ai un stil de via\u021b\u0103 echilibrat, \u00een ton cu ritmul firesc al naturii, \u00een care circularitatea e o prioritate.<\/p>\n<p style=\"text-align: justify;\">Green Report: Este dificil s\u0103 organizezi o astfel de expozi\u021bie, mai ales c\u0103 ea a adunat peste 25 de \u021binute unicat realizate de studen\u021bi?<\/p>\n<p style=\"text-align: justify;\">Florina Secar\u0103, Alexandra P\u00eervan:\u00a0Ca orice eveniment tematic, \u00een special unul inovator, pentru care nu exist\u0103 \u00eenc\u0103 repere \u00een pia\u021b\u0103, \u0219i expozi\u021bia noastr\u0103 Mended Threads a venit cu multe provoc\u0103ri. Am avut avantajul de a avea ni\u0219te parteneri al\u0103turi de care am reu\u0219it s\u0103 definim foarte bine obiectivele demersului nostru \u2013 UNArte Moda, Promenada Mall (gazda expozi\u021biei), Bine Boutique, Environ, Fashion Revolution Romania. Iar atunci c\u00e2nd ai o echipa de \u00eencredere \u0219i \u0219tii cu certitudine ce mesaj vrei s\u0103 transmi\u021bi \u0219i ce impact vrei s\u0103 aib\u0103 acesta asupra publicului, chestiunile organizatorice se simplific\u0103. Am \u00eencercat s\u0103 folosim c\u00e2t mai pu\u021bine obiecte \u0219i s\u0103 l\u0103s\u0103m oamenii \u0219i crea\u021biile lor s\u0103 transmit\u0103 mesajul. Mai ales c\u0103 ace\u0219tia sunt tineri studen\u021bi a c\u0103ror viziune \u0219i energie creatoare merit\u0103 s\u0103 fie sus\u021binute \u0219i promovate c\u00e2t mai des. Sunt chiar viitorul acela promi\u021b\u0103tor pe care \u00eel tot invoc\u0103m.<\/p>\n<p style=\"text-align: justify;\">Cum contribuie expozi\u021bia Mended Threads la promovarea conceptului de mod\u0103\u00a0circular\u0103 \u0219i a sustenabilit\u0103\u021bii \u00een industria textil\u0103?<\/p>\n<p style=\"text-align: justify;\">Florina Secar\u0103, Alexandra P\u00eervan (foto dreapta):\u00a0Moda circular\u0103 e o abordare durabil\u0103 care reduce risipa \u0219i impactul asupra mediului. Principiul modei circulare este p\u0103strare materialelor \u00een uz, pentru c\u00e2t mai mult timp, prin ac\u021biuni de reutilizare, reparare, \u00eentre\u0163inere. Colec\u021bia Mended Threads are la baz\u0103 articole textile uzate, donate de Crucea Ro\u0219ie Rom\u00e2n\u0103, piese la care oamenii au renun\u021bat, consider\u00e2ndu-le de\u0219euri. Cu ajutorul creativit\u0103\u021bii departamentului UNArte Moda, inten\u021bia noastr\u0103 a fost s\u0103 d\u0103m o valen\u021b\u0103 artistic\u0103 practicilor care prelungesc durata de via\u021b\u0103 a unui material. Interven\u021biile vizible de mending\/ repara\u021bie textil\u0103, cele mai multe inten\u021bionat exagerate, au pus \u00een lumin\u0103 \u00eensu\u0219i conceptul de circularitate, \u00een care valoarea unui obiect poate cre\u0219te c\u00e2nd e restaurat. La fel \u0219i unicitatea sa.<\/p>\n<p style=\"text-align: justify;\">Cum se pozi\u021bioneaz\u0103 tinerii rom\u00e2ni c\u00e2nd este vorba de mod\u0103\u00a0sustenabil\u0103, de reutilizare, de reparare a hainelor, mai ales \u00een aceast\u0103 er\u0103 a fast-fashion-ului care polueaz\u0103 enorm?<\/p>\n<p style=\"text-align: justify;\">Florina Secar\u0103, Alexandra P\u00eervan:\u00a0Cuvintele studen\u021bilor de anul I cu care am colaborat pot fi extrapolate pentru a r\u0103spunde acestei \u00eentreb\u0103ri. Genera\u021biile noi taxeaz\u0103 tot mai mult derapajele sau abuzurile industriei de fashion, dar vin \u0219i cu solu\u021bii \u0219i competen\u021be care s\u0103 le reprezinte valorile.<\/p>\n<p style=\"text-align: justify;\">Sustenabilitatea nu se refer\u0103 doar la modul \u00een care sunt fabricate hainele, ci \u0219i la felul \u00een care le utiliz\u0103m. O solu\u021bie ar fi s\u0103 cump\u0103r\u0103m produse second hand, vintage, \u0219i, nu \u00een ultimul r\u00e2nd, s\u0103 don\u0103m sau s\u0103 vindem ceea ce nu mai purt\u0103m.<\/p>\n<p style=\"text-align: justify;\">Conceptul de sustenabilitate este ceva special, acest ciclu al hainelor m\u0103 inspir\u0103 \u0219i \u00eemi ofer\u0103 curaj s\u0103 creez \u00een continuare, \u00eemi d\u0103 puterea de a da ,,o nou\u0103 via\u021b\u0103\u201d unui lucru destinat gunoiului. De cele mai multe ori, parcursul unui proiect sustenabil \u00eemi reaminte\u0219te de lumea din jurul meu, de faptul c\u0103 mereu ne putem schimba \u0219i evolua dep\u0103\u0219ind \u201eeticheta\u201d pus\u0103 ini\u021bial de ceilal\u021bi.<\/p>\n<p style=\"text-align: justify;\">Am\u00a0\u00eent\u00e2lnit persoane care refuz\u0103 hainele SH, spun\u00e2nd c\u0103 se pot \u00eemboln\u0103vi dac\u0103 poart\u0103 astfel de \u021binute.\u00a0Sunt hainele SH \u0219i cele reparate sigure? Cum sunt fibrele tratate astfel \u00eenc\u00e2t s\u0103 ne asigur\u0103m c\u0103 ele sunt perfect sigure pentru purtare?<\/p>\n<p style=\"text-align: justify;\">Florina Secar\u0103, Alexandra P\u00eervan:\u00a0Hainele second-hand sunt haine pe care oamenii le doneaz\u0103, de cele mai multe ori, \u00een contexte bine organizate. Centrele care colecteaz\u0103 aceste haine se asigur\u0103, \u00een primul r\u00e2nd, c\u0103 ele sunt cur\u0103\u021bate \u00een prealabil de donatori. Ele ajung apoi \u00een magazine \u00een urma mai multor procese. Dincolo de sortarea lor pe baza calit\u0103\u021bii materialelor sau a brandurilor produc\u0103toare, cei mai mul\u021bi retaileri SH le \u0219i igienizeaz\u0103 corespunz\u0103tor, \u00een cur\u0103\u021b\u0103torii profesionale, care folosesc solu\u021bii \u0219i programe special destinate fiec\u0103rui tip de material. Astfel ca ele s\u0103 nu prezinte vreun risc pentru cei care le poart\u0103. Ca orice hain\u0103 din comer\u021b, indicat este, totu\u0219i, ca ea s\u0103 fie igienizat\u0103 \u0219i dup\u0103 achizi\u021bie.<\/p>\n<p style=\"text-align: justify;\">Preocuparea pentru s\u0103n\u0103tate \u0219i impactul hainelor asupra acesteia ar trebui s\u0103 devin\u0103 un subiect de discu\u021bie mai des. \u00cens\u0103 nu doar \u00een leg\u0103tur\u0103 cu hainele second-hand, ci mai ales \u00een leg\u0103tur\u0103 cu hainele fast fashion \u0219i ultra-fast fashion. Astfel, am putea \u00een\u021belege mai u\u0219or de ce este nevoie de transparen\u021b\u0103 pe \u00eentreg lan\u021bul de produc\u021bie, de ce eticheta ar trebui s\u0103 con\u021bin\u0103 mai multe informa\u021bii cu privire la materialele, substan\u021bele pe care le con\u021bine respectivul articol vestimentar \u0219i impactul acestora asupra s\u0103n\u0103t\u0103\u021bii noastre.<\/p>\n<p style=\"text-align: justify;\">Ce alte ac\u021biuni a avut platforma YKO-YKO.ro \u00een cadrul GREEN WEEK 2023 pentru promovarea modei sustenabile?<\/p>\n<p style=\"text-align: justify;\">Florina Secar\u0103, Alexandra P\u00eervan:\u00a0Proiectul nostru a promovat at\u00e2t arta mendingului, c\u00e2t \u0219i abilit\u0103\u021bile \u0219i tehnicile de coasere, \u00eengrijire \u0219i repunere \u00een uz a obiectelor. Aceste aspecte practice, competen\u021bele per se, au f\u0103cut obiectul unei colabor\u0103ri cu Adina Casas, artist local care practic\u0103, \u00eentr-o manier\u0103 autodidact\u0103, mendingul vizibil, prin tehnici de coasere manual\u0103 ca sashiko \u0219i boro sau terapia prin coasere intuitiv\u0103.<\/p>\n<p style=\"text-align: justify;\">Colaborarea a luat forma unei serii educative \u00een social media, cu resurse \u0219i inspira\u021bie pentru cei care sunt interesa\u021bi de mending. Mai mult, magazinul nostru de haine \u0219i accesorii pentru un stil de via\u021b\u0103 mai responsabil, \u00een care am adunat, \u00een timp, branduri-inspira\u021bie din moda sustenabil\u0103, a avut un pop-up \u00een Promenada Mall. O alternativ\u0103 la moda consumabil\u0103 din marile lan\u021buri de magazine.<\/p>\n<p style=\"text-align: justify;\">Care sunt principalele provoc\u0103ri \u00een ceea ce prive\u0219te reciclarea materialelor textile la nivel global \u0219i cum se poate \u00eembun\u0103t\u0103\u021bi procentul de 1% reciclat?<\/p>\n<p style=\"text-align: justify;\">Florina Secar\u0103, Alexandra P\u00eervan:\u00a0Reciclarea textil\u0103 nu este, nicidecum, un proces salvator. Cei care cred c\u0103 vom ajunge s\u0103 recicl\u0103m tot ceea ce se produce \u00een prezent sunt extrem de optimi\u0219ti, chiar ideali\u0219ti. Trebuie men\u021bionat faptul c\u0103 procentul de 1% haine reciclate se refer\u0103 la hainele reciclate pentru a fi transformate \u00een alte haine. Procentul de textile reciclate, pentru a fi o surs\u0103 de materie prim\u0103 pentru alte industrii \u2013 mobil\u0103, construc\u021bii etc \u2013 este mai mare. Principalele provoc\u0103ri pentru a cre\u0219te acest procent ar fi:<\/p>\n<p style=\"text-align: justify;\">cele mai multe haine nu sunt f\u0103cute dintr-un singur tip de fibre textile, ci din amestecuri (bumbac-poliester, bumbac-elastan, viscoza-bumbac etc) ceea ce face reciclarea dificil\u0103;<br \/>\ntehnologia necesar\u0103 pentru reciclarea acestor amestecuri este, \u00een continuare, \u00eentr-o faz\u0103 incipient\u0103, este costisitoare \u0219i nu este disponibil\u0103 tuturor produc\u0103torilor;<br \/>\nmai mult, \u00een lipsa unor reglement\u0103ri clare, prin care brandurile s\u0103 fie f\u0103cute responsabile de ceea ce se \u00eent\u00e2mpl\u0103 cu produsele lor \u0219i dup\u0103 v\u00e2nzare (responsabilitatea extins\u0103 a produc\u0103torilor) viteza cu care brandurile vor sus\u021bine procesele de reciclare va fi una sc\u0103zut\u0103;<br \/>\nreciclarea ca solu\u021bie, \u00eentr-un model de produc\u021bie liniar, nu circular, este extrem de dificil\u0103. Hainele produse pentru a fi reciclate la finalul vie\u021bii (modelul circular de produc\u021bie) sunt g\u00e2ndite astfel de la faza de design \u2013 din ce \u021bes\u0103tur\u0103 sunt f\u0103cute, cu ce tip de a\u021b\u0103 sunt cusute, ce accesorii au (nasturi, fermoare etc) \u0219i ce se \u00eent\u00e2mpl\u0103 cu ele, cu ce substan\u021be au fost tratate \u0219i cum vor reac\u021biona la reciclare etc.<br \/>\nPoate tranzi\u021bia industriei modei de la un model liniar la unul circular contribui la reducerea de\u0219eurilor \u0219i emisiilor de dioxid de carbon? Va reu\u0219i s\u0103 fac\u0103 acest lucru suficient de repede?<\/p>\n<p style=\"text-align: justify;\">Florina Secar\u0103, Alexandra P\u00eervan:\u00a0Funda\u021bia Ellen Macarthur estimeaz\u0103 c\u0103, \u00een ritmul de acum, industria de fashion ar ajunge s\u0103 consume \u00een 2050 aproximativ 26% din bugetul de emisii de carbon asociat \u00eenc\u0103lzirii globale sub limita propus\u0103 de 2 grade C. Cu siguran\u021b\u0103, tranzi\u021bia de la modelul circular la cel liniar va avea efecte vizibile, \u00eens\u0103 timpul pe care \u00eel avem la dispozi\u021bie este limitat. Dincolo de ceea ce trebuie s\u0103 fac\u0103 brandurile, produc\u0103torii, guvernele, conteaz\u0103 foarte mult \u0219i modul \u00een care reac\u021bioneaz\u0103 consumatorii \u0219i m\u0103surile pe care ace\u0219tia le iau. \u0218i ne referim aici, \u00een special la reducerea consumului, prelungirea duratei de via\u021b\u0103 a hainelor pe care le au deja, repara\u021biile f\u0103cute \u0219i achizi\u021bii cu m\u0103sur\u0103, din surse cu impact c\u00e2t mai sc\u0103zut asupra mediului.<\/p>\n<p style=\"text-align: justify;\">Care este cea mai mare provocare \u00een acest sens \u2013 rezisten\u021ba industriei sau mentalitatea cump\u0103r\u0103torului?<\/p>\n<p style=\"text-align: justify;\">Florina Secar\u0103, Alexandra P\u00eervan: Am putea spune c\u0103 provocarea vine, \u00een special, de la nivelul industriei modei.<\/p>\n<p style=\"text-align: justify;\">Dar dincolo de motiva\u021biile financiare, trebuie avut\u0103 \u00een vedere dimensiunea uria\u0219\u0103 a lan\u021bului de produc\u021bie \u0219i faptul c\u0103 schimbarea trebuie implementat\u0103 la fiecare nivel \u2013 produc\u021bia de fibre, produc\u021bia de haine, comercializare, reciclare (after use). Iar pentru acest lucru este nevoie de timp, resurse, voin\u021b\u0103 \u0219i sus\u021binere. Rolul consumatorului va fi extraordinar de important, chiar de acum, c\u00e2nd exist\u0103 deja branduri care se dezvolt\u0103 conform modelului circular \u0219i care au nevoie de sus\u021binere. Informarea, educarea, transparen\u021ba vor fi extraordinar de importante \u00een aceast\u0103 etap\u0103 de tranzi\u021bie, pentru a schimba \u0219i mentalitatea consumatorilor.<\/p>\n<p style=\"text-align: justify;\">Care sunt criteriile pe care le utiliza\u021bi pentru a selecta brandurile europene prezente \u00een POP-up Shop-ul YKO-YKO \u00een cadrul expozi\u021biei?Florina Secar\u0103, Alexandra P\u00eervan:\u00a0Filtrele noastre obiective, prin care evalu\u0103m calit\u0103\u021bile sustenabile ale brandurile \u0219i produselor pe care le aducem pe yko-yko.ro se refer\u0103 la transparen\u021b\u0103, provenien\u021ba \u0219i calitatea materiei prime, certific\u0103ri \u0219i standarde ob\u021binute de la organiza\u021bii independente \u0219i criterii etice \u2013 practicile de mediu, sociale \u0219i culturale, valorile, comunit\u0103\u021bile. Se adaug\u0103 aici principii de circularitate, strategii de marketing incluzive, dar \u0219i stilul \u2013 ne concentr\u0103m pe un design atemporal, durabil, pentru ca piesele s\u0103 poat\u0103 sta \u00een garderob\u0103 o perioad\u0103 \u00eendelungat\u0103, nu un singur sezon dictat de trenduri efemere.<\/p>\n<p style=\"text-align: justify;\">Cum crede\u021bi c\u0103 poate moda sustenabil\u0103 s\u0103 devin\u0103\u00a0o norm\u0103 \u0219i s\u0103\u00a0fie\u00a0\u201ealways ON\u201d \u00een industria textil\u0103?<\/p>\n<p style=\"text-align: justify;\">Florina Secar\u0103, Alexandra P\u00eervan:\u00a0Moda sustenabil\u0103 nu se poate dezvolta ca \u201eo colec\u021bie special\u0103\u201d pe care brandurile o lanseaz\u0103. Ea trebuie s\u0103 devin\u0103 un standard, spre binele nostru, al tuturor. \u0218i nu ne referim doar la aspectul climatic, ci \u0219i de s\u0103n\u0103tate, fericire.<\/p>\n<p style=\"text-align: justify;\">Fie c\u0103 se \u00eent\u00e2mpl\u0103 prin metoda legislativ\u0103 (obligativitatea respect\u0103rii unor norme la nivel de industrie), sau autoimpus\u0103 (cum sunt \u0219i acum branduri care inoveaz\u0103 la nivel de design, produc\u021bie, \u00ee\u0219i reduc impactul asupra mediului, dezvolt\u0103 solu\u021bii de reciclare etc) consumatorul va trebui s\u0103 fie \u0219i el mult mai atent, mai selectiv \u0219i mai aspru cu brandurile care abuzeaz\u0103 de terminologia \u201everde\u201d \u00een lipsa unor dovezi evidente. Legisla\u021bia, facilit\u0103\u021bile acordate, inova\u021bia \u00een produc\u021bie, schimbarea comportamentului de consum, toate au un rol \u00een a face moda sustenabil\u0103 nu un sub-capitol al discursului despre mod\u0103, ci chiar esen\u021ba ei.<\/p>\n<p style=\"text-align: justify;\">O alt\u0103 problem\u0103 a industriei modei este exploatarea prin munc\u0103. Cum v\u0103 pozi\u021biona\u021bi fa\u021b\u0103 de aceast\u0103 problem\u0103 \u0219i cum gestiona\u021bi problema colaboratorilor \u00een cadrul platformei YKO-YKO?<\/p>\n<p style=\"text-align: justify;\">Florina Secar\u0103, Alexandra P\u00eervan:\u00a0Aspectul etic este unul deosebit de important pentru YKO-YKO. Sustenabilitatea \u00een mod\u0103 nu se poate delimita de factorul social \u2013 cine produce hainele pe care le purt\u0103m, \u00een ce condi\u021bii. Faptul c\u0103 este o industrie care se bazeaz\u0103, \u00een continuare, pe for\u021ba de munc\u0103 uman\u0103, dorin\u021ba brandurilor mari de a scoate pe pia\u021b\u0103 haine tot mai ieftine, toate au dus la nenum\u0103rate abuzuri, documentate \u0219i \u00een pres\u0103, dar \u0219i de organiza\u021bii precum Fashion Revolution, Fair Wear Foundation, Clean Clothes.<\/p>\n<p style=\"text-align: justify;\">Pentru toate brandurile pe care le avem \u00een platform\u0103 am urm\u0103rit ca acest aspect s\u0103 nu fie doar \u201ebifat\u201d, ci chiar respectat. Desigur, nu avem autoritatea de a verifica ace\u0219ti produc\u0103tori, dar am ales doar branduri care sunt transparente cu procesele lor de produc\u021bie \u0219i care sunt verificate periodic \u0219i de alte organiza\u021bii independente.<\/p>\n<p style=\"text-align: justify;\">Crede\u021bi c\u0103 noile directive europene, care vizeaz\u0103 inclusiv industria modei, vor ajuta la diminuarea risipei \u0219i educarea consumatorului?Florina Secar\u0103, Alexandra P\u00eervan:\u00a0Conform cifrelor oficiale de la nivelul Uniunii Europene, industria textil\u0103 ocup\u0103 locul 4 ca impact asupra mediului. A\u0219adar, orice directiv\u0103 menit\u0103 s\u0103 reduc\u0103 acest nivel este binevenit\u0103. Fie c\u0103 vorbim despre cerin\u021be la nivel de design (cre\u0219terea con\u021binutului de fibre reciclate, posibilitatea de reparare, reciclare), sau cele menite s\u0103 reduc\u0103 greenwashing-ul, s\u0103 asigure transparen\u021ba la nivelul produsului (prin implementarea pa\u0219aportului produsului) acestea vor avea, cu siguran\u021b\u0103 un efect, dac\u0103 vor fi \u0219i implementate corespunz\u0103tor (\u0219i \u00een timp util) la nivelul \u021b\u0103rilor.<\/p>\n<p style=\"text-align: justify;\">\u00cens\u0103 industria modei este una global\u0103 \u0219i solu\u021biile ar trebui g\u00e2ndite la fel, pentru a genera, cu adev\u0103rat o schimbare.<\/p>\n<p style=\"text-align: justify;\">Sursa: <a href=\"https:\/\/green-report.ro\/generatiile-noi-taxeaza-derapajele-sau-abuzurile-industria-modei\/\">GreenReport<\/a><\/p>\n<p style=\"text-align: justify;\"><a href=\"https:\/\/www.industriall-union.org\/special-report-changing-the-balance-of-power-in-the-textile-and-garment-industry\">Photo<\/a><\/p>\n","protected":false},"excerpt":{"rendered":"<p>Chiar dac\u0103 poate fi greu de crezut, industria modei este una dintre cele mai poluante din lume. Num\u0103rul de articole de \u00eembr\u0103c\u0103minte produse anual s-a dublat din anul 2000 \u0219i a dep\u0103\u0219it 100 de miliarde pentru prima dat\u0103 \u00een 2014. Se estimeaz\u0103 c\u0103 92 de milioane de tone de de\u0219euri [&hellip;]<\/p>\n","protected":false},"author":4,"featured_media":1750,"comment_status":"open","ping_status":"open","sticky":false,"template":"","format":"standard","meta":{"content-type":"","footnotes":"","jetpack_publicize_message":"","jetpack_publicize_feature_enabled":true,"jetpack_social_post_already_shared":true,"jetpack_social_options":{"image_generator_settings":{"template":"highway","default_image_id":0,"font":"","enabled":false},"version":2}},"categories":[5,1,6,10],"tags":[],"class_list":["post-1749","post","type-post","status-publish","format-standard","has-post-thumbnail","hentry","category-blog","category-general","category-prime","category-slide"],"yoast_head":"<!-- This site is optimized with the Yoast SEO plugin v24.9 - https:\/\/yoast.com\/wordpress\/plugins\/seo\/ -->\n<title>Interviu: Genera\u021biile noi taxeaz\u0103 tot mai mult derapajele sau abuzurile din industria modei - Green24.ro<\/title>\n<meta name=\"description\" content=\"Genera\u021biile noi taxeaz\u0103 tot mai mult derapajele sau abuzurile din industria modei\" \/>\n<meta name=\"robots\" content=\"index, follow, max-snippet:-1, max-image-preview:large, max-video-preview:-1\" \/>\n<link rel=\"canonical\" href=\"https:\/\/www.green24.ro\/index.php\/2023\/07\/04\/interviu-generatiile-noi-taxeaza-tot-mai-mult-derapajele-sau-abuzurile-din-industria-modei\/\" \/>\n<meta property=\"og:locale\" content=\"en_US\" \/>\n<meta property=\"og:type\" content=\"article\" \/>\n<meta property=\"og:title\" content=\"Interviu: Genera\u021biile noi taxeaz\u0103 tot mai mult derapajele sau abuzurile din industria modei - Green24.ro\" \/>\n<meta property=\"og:description\" content=\"Genera\u021biile noi taxeaz\u0103 tot mai mult derapajele sau abuzurile din industria modei\" \/>\n<meta property=\"og:url\" content=\"https:\/\/www.green24.ro\/index.php\/2023\/07\/04\/interviu-generatiile-noi-taxeaza-tot-mai-mult-derapajele-sau-abuzurile-din-industria-modei\/\" \/>\n<meta property=\"og:site_name\" content=\"Green24.ro\" \/>\n<meta property=\"article:publisher\" content=\"https:\/\/www.facebook.com\/green24ro\/\" \/>\n<meta property=\"article:published_time\" content=\"2023-07-04T08:39:56+00:00\" \/>\n<meta property=\"article:modified_time\" content=\"2023-07-04T08:43:38+00:00\" \/>\n<meta property=\"og:image\" content=\"https:\/\/www.green24.ro\/wp-content\/uploads\/2023\/07\/messyclothes-scaled.jpg\" \/>\n\t<meta property=\"og:image:width\" content=\"2560\" \/>\n\t<meta property=\"og:image:height\" content=\"1440\" \/>\n\t<meta property=\"og:image:type\" content=\"image\/jpeg\" \/>\n<meta name=\"author\" content=\"Simona Popescu\" \/>\n<meta name=\"twitter:card\" content=\"summary_large_image\" \/>\n<meta name=\"twitter:label1\" content=\"Written by\" \/>\n\t<meta name=\"twitter:data1\" content=\"Simona Popescu\" \/>\n\t<meta name=\"twitter:label2\" content=\"Est. reading time\" \/>\n\t<meta name=\"twitter:data2\" content=\"13 minutes\" \/>\n<script type=\"application\/ld+json\" class=\"yoast-schema-graph\">{\"@context\":\"https:\/\/schema.org\",\"@graph\":[{\"@type\":\"Article\",\"@id\":\"https:\/\/www.green24.ro\/index.php\/2023\/07\/04\/interviu-generatiile-noi-taxeaza-tot-mai-mult-derapajele-sau-abuzurile-din-industria-modei\/#article\",\"isPartOf\":{\"@id\":\"https:\/\/www.green24.ro\/index.php\/2023\/07\/04\/interviu-generatiile-noi-taxeaza-tot-mai-mult-derapajele-sau-abuzurile-din-industria-modei\/\"},\"author\":{\"name\":\"Simona Popescu\",\"@id\":\"https:\/\/www.green24.ro\/#\/schema\/person\/127c272d98a106bf1987c4ae6735cc91\"},\"headline\":\"Interviu: Genera\u021biile noi taxeaz\u0103 tot mai mult derapajele sau abuzurile din industria modei\",\"datePublished\":\"2023-07-04T08:39:56+00:00\",\"dateModified\":\"2023-07-04T08:43:38+00:00\",\"mainEntityOfPage\":{\"@id\":\"https:\/\/www.green24.ro\/index.php\/2023\/07\/04\/interviu-generatiile-noi-taxeaza-tot-mai-mult-derapajele-sau-abuzurile-din-industria-modei\/\"},\"wordCount\":2552,\"commentCount\":0,\"publisher\":{\"@id\":\"https:\/\/www.green24.ro\/#organization\"},\"image\":{\"@id\":\"https:\/\/www.green24.ro\/index.php\/2023\/07\/04\/interviu-generatiile-noi-taxeaza-tot-mai-mult-derapajele-sau-abuzurile-din-industria-modei\/#primaryimage\"},\"thumbnailUrl\":\"https:\/\/www.green24.ro\/wp-content\/uploads\/2023\/07\/messyclothes-scaled.jpg\",\"articleSection\":[\"Blog\",\"General\",\"Prime\",\"Slide\"],\"inLanguage\":\"en-US\",\"potentialAction\":[{\"@type\":\"CommentAction\",\"name\":\"Comment\",\"target\":[\"https:\/\/www.green24.ro\/index.php\/2023\/07\/04\/interviu-generatiile-noi-taxeaza-tot-mai-mult-derapajele-sau-abuzurile-din-industria-modei\/#respond\"]}]},{\"@type\":\"WebPage\",\"@id\":\"https:\/\/www.green24.ro\/index.php\/2023\/07\/04\/interviu-generatiile-noi-taxeaza-tot-mai-mult-derapajele-sau-abuzurile-din-industria-modei\/\",\"url\":\"https:\/\/www.green24.ro\/index.php\/2023\/07\/04\/interviu-generatiile-noi-taxeaza-tot-mai-mult-derapajele-sau-abuzurile-din-industria-modei\/\",\"name\":\"Interviu: Genera\u021biile noi taxeaz\u0103 tot mai mult derapajele sau abuzurile din industria modei - Green24.ro\",\"isPartOf\":{\"@id\":\"https:\/\/www.green24.ro\/#website\"},\"primaryImageOfPage\":{\"@id\":\"https:\/\/www.green24.ro\/index.php\/2023\/07\/04\/interviu-generatiile-noi-taxeaza-tot-mai-mult-derapajele-sau-abuzurile-din-industria-modei\/#primaryimage\"},\"image\":{\"@id\":\"https:\/\/www.green24.ro\/index.php\/2023\/07\/04\/interviu-generatiile-noi-taxeaza-tot-mai-mult-derapajele-sau-abuzurile-din-industria-modei\/#primaryimage\"},\"thumbnailUrl\":\"https:\/\/www.green24.ro\/wp-content\/uploads\/2023\/07\/messyclothes-scaled.jpg\",\"datePublished\":\"2023-07-04T08:39:56+00:00\",\"dateModified\":\"2023-07-04T08:43:38+00:00\",\"description\":\"Genera\u021biile noi taxeaz\u0103 tot mai mult derapajele sau abuzurile din industria modei\",\"breadcrumb\":{\"@id\":\"https:\/\/www.green24.ro\/index.php\/2023\/07\/04\/interviu-generatiile-noi-taxeaza-tot-mai-mult-derapajele-sau-abuzurile-din-industria-modei\/#breadcrumb\"},\"inLanguage\":\"en-US\",\"potentialAction\":[{\"@type\":\"ReadAction\",\"target\":[\"https:\/\/www.green24.ro\/index.php\/2023\/07\/04\/interviu-generatiile-noi-taxeaza-tot-mai-mult-derapajele-sau-abuzurile-din-industria-modei\/\"]}]},{\"@type\":\"ImageObject\",\"inLanguage\":\"en-US\",\"@id\":\"https:\/\/www.green24.ro\/index.php\/2023\/07\/04\/interviu-generatiile-noi-taxeaza-tot-mai-mult-derapajele-sau-abuzurile-din-industria-modei\/#primaryimage\",\"url\":\"https:\/\/www.green24.ro\/wp-content\/uploads\/2023\/07\/messyclothes-scaled.jpg\",\"contentUrl\":\"https:\/\/www.green24.ro\/wp-content\/uploads\/2023\/07\/messyclothes-scaled.jpg\",\"width\":2560,\"height\":1440,\"caption\":\"Interviu: Genera\u021biile noi taxeaz\u0103 tot mai mult derapajele sau abuzurile din industria modei\"},{\"@type\":\"BreadcrumbList\",\"@id\":\"https:\/\/www.green24.ro\/index.php\/2023\/07\/04\/interviu-generatiile-noi-taxeaza-tot-mai-mult-derapajele-sau-abuzurile-din-industria-modei\/#breadcrumb\",\"itemListElement\":[{\"@type\":\"ListItem\",\"position\":1,\"name\":\"Home\",\"item\":\"https:\/\/www.green24.ro\/\"},{\"@type\":\"ListItem\",\"position\":2,\"name\":\"Interviu: Genera\u021biile noi taxeaz\u0103 tot mai mult derapajele sau abuzurile din industria modei\"}]},{\"@type\":\"WebSite\",\"@id\":\"https:\/\/www.green24.ro\/#website\",\"url\":\"https:\/\/www.green24.ro\/\",\"name\":\"Green24.ro\",\"description\":\"Antreprenoriat verde si responsabilitatea social\u0103\",\"publisher\":{\"@id\":\"https:\/\/www.green24.ro\/#organization\"},\"potentialAction\":[{\"@type\":\"SearchAction\",\"target\":{\"@type\":\"EntryPoint\",\"urlTemplate\":\"https:\/\/www.green24.ro\/?s={search_term_string}\"},\"query-input\":{\"@type\":\"PropertyValueSpecification\",\"valueRequired\":true,\"valueName\":\"search_term_string\"}}],\"inLanguage\":\"en-US\"},{\"@type\":\"Organization\",\"@id\":\"https:\/\/www.green24.ro\/#organization\",\"name\":\"Green24\",\"url\":\"https:\/\/www.green24.ro\/\",\"logo\":{\"@type\":\"ImageObject\",\"inLanguage\":\"en-US\",\"@id\":\"https:\/\/www.green24.ro\/#\/schema\/logo\/image\/\",\"url\":\"https:\/\/www.green24.ro\/wp-content\/uploads\/2022\/02\/green24-17-e1643806452346.png\",\"contentUrl\":\"https:\/\/www.green24.ro\/wp-content\/uploads\/2022\/02\/green24-17-e1643806452346.png\",\"width\":174,\"height\":174,\"caption\":\"Green24\"},\"image\":{\"@id\":\"https:\/\/www.green24.ro\/#\/schema\/logo\/image\/\"},\"sameAs\":[\"https:\/\/www.facebook.com\/green24ro\/\"]},{\"@type\":\"Person\",\"@id\":\"https:\/\/www.green24.ro\/#\/schema\/person\/127c272d98a106bf1987c4ae6735cc91\",\"name\":\"Simona Popescu\",\"image\":{\"@type\":\"ImageObject\",\"inLanguage\":\"en-US\",\"@id\":\"https:\/\/www.green24.ro\/#\/schema\/person\/image\/\",\"url\":\"https:\/\/secure.gravatar.com\/avatar\/80dd8d46f762d60f349fe91c31182265?s=96&d=mm&r=g\",\"contentUrl\":\"https:\/\/secure.gravatar.com\/avatar\/80dd8d46f762d60f349fe91c31182265?s=96&d=mm&r=g\",\"caption\":\"Simona Popescu\"},\"url\":\"https:\/\/www.green24.ro\/index.php\/author\/simona-popescu\/\"}]}<\/script>\n<!-- \/ Yoast SEO plugin. -->","yoast_head_json":{"title":"Interviu: Genera\u021biile noi taxeaz\u0103 tot mai mult derapajele sau abuzurile din industria modei - Green24.ro","description":"Genera\u021biile noi taxeaz\u0103 tot mai mult derapajele sau abuzurile din industria modei","robots":{"index":"index","follow":"follow","max-snippet":"max-snippet:-1","max-image-preview":"max-image-preview:large","max-video-preview":"max-video-preview:-1"},"canonical":"https:\/\/www.green24.ro\/index.php\/2023\/07\/04\/interviu-generatiile-noi-taxeaza-tot-mai-mult-derapajele-sau-abuzurile-din-industria-modei\/","og_locale":"en_US","og_type":"article","og_title":"Interviu: Genera\u021biile noi taxeaz\u0103 tot mai mult derapajele sau abuzurile din industria modei - Green24.ro","og_description":"Genera\u021biile noi taxeaz\u0103 tot mai mult derapajele sau abuzurile din industria modei","og_url":"https:\/\/www.green24.ro\/index.php\/2023\/07\/04\/interviu-generatiile-noi-taxeaza-tot-mai-mult-derapajele-sau-abuzurile-din-industria-modei\/","og_site_name":"Green24.ro","article_publisher":"https:\/\/www.facebook.com\/green24ro\/","article_published_time":"2023-07-04T08:39:56+00:00","article_modified_time":"2023-07-04T08:43:38+00:00","og_image":[{"width":2560,"height":1440,"url":"https:\/\/www.green24.ro\/wp-content\/uploads\/2023\/07\/messyclothes-scaled.jpg","type":"image\/jpeg"}],"author":"Simona Popescu","twitter_card":"summary_large_image","twitter_misc":{"Written by":"Simona Popescu","Est. reading time":"13 minutes"},"schema":{"@context":"https:\/\/schema.org","@graph":[{"@type":"Article","@id":"https:\/\/www.green24.ro\/index.php\/2023\/07\/04\/interviu-generatiile-noi-taxeaza-tot-mai-mult-derapajele-sau-abuzurile-din-industria-modei\/#article","isPartOf":{"@id":"https:\/\/www.green24.ro\/index.php\/2023\/07\/04\/interviu-generatiile-noi-taxeaza-tot-mai-mult-derapajele-sau-abuzurile-din-industria-modei\/"},"author":{"name":"Simona Popescu","@id":"https:\/\/www.green24.ro\/#\/schema\/person\/127c272d98a106bf1987c4ae6735cc91"},"headline":"Interviu: Genera\u021biile noi taxeaz\u0103 tot mai mult derapajele sau abuzurile din industria modei","datePublished":"2023-07-04T08:39:56+00:00","dateModified":"2023-07-04T08:43:38+00:00","mainEntityOfPage":{"@id":"https:\/\/www.green24.ro\/index.php\/2023\/07\/04\/interviu-generatiile-noi-taxeaza-tot-mai-mult-derapajele-sau-abuzurile-din-industria-modei\/"},"wordCount":2552,"commentCount":0,"publisher":{"@id":"https:\/\/www.green24.ro\/#organization"},"image":{"@id":"https:\/\/www.green24.ro\/index.php\/2023\/07\/04\/interviu-generatiile-noi-taxeaza-tot-mai-mult-derapajele-sau-abuzurile-din-industria-modei\/#primaryimage"},"thumbnailUrl":"https:\/\/www.green24.ro\/wp-content\/uploads\/2023\/07\/messyclothes-scaled.jpg","articleSection":["Blog","General","Prime","Slide"],"inLanguage":"en-US","potentialAction":[{"@type":"CommentAction","name":"Comment","target":["https:\/\/www.green24.ro\/index.php\/2023\/07\/04\/interviu-generatiile-noi-taxeaza-tot-mai-mult-derapajele-sau-abuzurile-din-industria-modei\/#respond"]}]},{"@type":"WebPage","@id":"https:\/\/www.green24.ro\/index.php\/2023\/07\/04\/interviu-generatiile-noi-taxeaza-tot-mai-mult-derapajele-sau-abuzurile-din-industria-modei\/","url":"https:\/\/www.green24.ro\/index.php\/2023\/07\/04\/interviu-generatiile-noi-taxeaza-tot-mai-mult-derapajele-sau-abuzurile-din-industria-modei\/","name":"Interviu: Genera\u021biile noi taxeaz\u0103 tot mai mult derapajele sau abuzurile din industria modei - Green24.ro","isPartOf":{"@id":"https:\/\/www.green24.ro\/#website"},"primaryImageOfPage":{"@id":"https:\/\/www.green24.ro\/index.php\/2023\/07\/04\/interviu-generatiile-noi-taxeaza-tot-mai-mult-derapajele-sau-abuzurile-din-industria-modei\/#primaryimage"},"image":{"@id":"https:\/\/www.green24.ro\/index.php\/2023\/07\/04\/interviu-generatiile-noi-taxeaza-tot-mai-mult-derapajele-sau-abuzurile-din-industria-modei\/#primaryimage"},"thumbnailUrl":"https:\/\/www.green24.ro\/wp-content\/uploads\/2023\/07\/messyclothes-scaled.jpg","datePublished":"2023-07-04T08:39:56+00:00","dateModified":"2023-07-04T08:43:38+00:00","description":"Genera\u021biile noi taxeaz\u0103 tot mai mult derapajele sau abuzurile din industria modei","breadcrumb":{"@id":"https:\/\/www.green24.ro\/index.php\/2023\/07\/04\/interviu-generatiile-noi-taxeaza-tot-mai-mult-derapajele-sau-abuzurile-din-industria-modei\/#breadcrumb"},"inLanguage":"en-US","potentialAction":[{"@type":"ReadAction","target":["https:\/\/www.green24.ro\/index.php\/2023\/07\/04\/interviu-generatiile-noi-taxeaza-tot-mai-mult-derapajele-sau-abuzurile-din-industria-modei\/"]}]},{"@type":"ImageObject","inLanguage":"en-US","@id":"https:\/\/www.green24.ro\/index.php\/2023\/07\/04\/interviu-generatiile-noi-taxeaza-tot-mai-mult-derapajele-sau-abuzurile-din-industria-modei\/#primaryimage","url":"https:\/\/www.green24.ro\/wp-content\/uploads\/2023\/07\/messyclothes-scaled.jpg","contentUrl":"https:\/\/www.green24.ro\/wp-content\/uploads\/2023\/07\/messyclothes-scaled.jpg","width":2560,"height":1440,"caption":"Interviu: Genera\u021biile noi taxeaz\u0103 tot mai mult derapajele sau abuzurile din industria modei"},{"@type":"BreadcrumbList","@id":"https:\/\/www.green24.ro\/index.php\/2023\/07\/04\/interviu-generatiile-noi-taxeaza-tot-mai-mult-derapajele-sau-abuzurile-din-industria-modei\/#breadcrumb","itemListElement":[{"@type":"ListItem","position":1,"name":"Home","item":"https:\/\/www.green24.ro\/"},{"@type":"ListItem","position":2,"name":"Interviu: Genera\u021biile noi taxeaz\u0103 tot mai mult derapajele sau abuzurile din industria modei"}]},{"@type":"WebSite","@id":"https:\/\/www.green24.ro\/#website","url":"https:\/\/www.green24.ro\/","name":"Green24.ro","description":"Antreprenoriat verde si responsabilitatea social\u0103","publisher":{"@id":"https:\/\/www.green24.ro\/#organization"},"potentialAction":[{"@type":"SearchAction","target":{"@type":"EntryPoint","urlTemplate":"https:\/\/www.green24.ro\/?s={search_term_string}"},"query-input":{"@type":"PropertyValueSpecification","valueRequired":true,"valueName":"search_term_string"}}],"inLanguage":"en-US"},{"@type":"Organization","@id":"https:\/\/www.green24.ro\/#organization","name":"Green24","url":"https:\/\/www.green24.ro\/","logo":{"@type":"ImageObject","inLanguage":"en-US","@id":"https:\/\/www.green24.ro\/#\/schema\/logo\/image\/","url":"https:\/\/www.green24.ro\/wp-content\/uploads\/2022\/02\/green24-17-e1643806452346.png","contentUrl":"https:\/\/www.green24.ro\/wp-content\/uploads\/2022\/02\/green24-17-e1643806452346.png","width":174,"height":174,"caption":"Green24"},"image":{"@id":"https:\/\/www.green24.ro\/#\/schema\/logo\/image\/"},"sameAs":["https:\/\/www.facebook.com\/green24ro\/"]},{"@type":"Person","@id":"https:\/\/www.green24.ro\/#\/schema\/person\/127c272d98a106bf1987c4ae6735cc91","name":"Simona Popescu","image":{"@type":"ImageObject","inLanguage":"en-US","@id":"https:\/\/www.green24.ro\/#\/schema\/person\/image\/","url":"https:\/\/secure.gravatar.com\/avatar\/80dd8d46f762d60f349fe91c31182265?s=96&d=mm&r=g","contentUrl":"https:\/\/secure.gravatar.com\/avatar\/80dd8d46f762d60f349fe91c31182265?s=96&d=mm&r=g","caption":"Simona Popescu"},"url":"https:\/\/www.green24.ro\/index.php\/author\/simona-popescu\/"}]}},"jetpack_publicize_connections":[],"jetpack_featured_media_url":"https:\/\/www.green24.ro\/wp-content\/uploads\/2023\/07\/messyclothes-scaled.jpg","jetpack_sharing_enabled":true,"_links":{"self":[{"href":"https:\/\/www.green24.ro\/index.php\/wp-json\/wp\/v2\/posts\/1749","targetHints":{"allow":["GET"]}}],"collection":[{"href":"https:\/\/www.green24.ro\/index.php\/wp-json\/wp\/v2\/posts"}],"about":[{"href":"https:\/\/www.green24.ro\/index.php\/wp-json\/wp\/v2\/types\/post"}],"author":[{"embeddable":true,"href":"https:\/\/www.green24.ro\/index.php\/wp-json\/wp\/v2\/users\/4"}],"replies":[{"embeddable":true,"href":"https:\/\/www.green24.ro\/index.php\/wp-json\/wp\/v2\/comments?post=1749"}],"version-history":[{"count":2,"href":"https:\/\/www.green24.ro\/index.php\/wp-json\/wp\/v2\/posts\/1749\/revisions"}],"predecessor-version":[{"id":1752,"href":"https:\/\/www.green24.ro\/index.php\/wp-json\/wp\/v2\/posts\/1749\/revisions\/1752"}],"wp:featuredmedia":[{"embeddable":true,"href":"https:\/\/www.green24.ro\/index.php\/wp-json\/wp\/v2\/media\/1750"}],"wp:attachment":[{"href":"https:\/\/www.green24.ro\/index.php\/wp-json\/wp\/v2\/media?parent=1749"}],"wp:term":[{"taxonomy":"category","embeddable":true,"href":"https:\/\/www.green24.ro\/index.php\/wp-json\/wp\/v2\/categories?post=1749"},{"taxonomy":"post_tag","embeddable":true,"href":"https:\/\/www.green24.ro\/index.php\/wp-json\/wp\/v2\/tags?post=1749"}],"curies":[{"name":"wp","href":"https:\/\/api.w.org\/{rel}","templated":true}]}}