{"id":1743,"date":"2023-06-16T15:20:57","date_gmt":"2023-06-16T13:20:57","guid":{"rendered":"https:\/\/www.green24.ro\/?p=1743"},"modified":"2023-06-16T15:20:58","modified_gmt":"2023-06-16T13:20:58","slug":"care-sunt-prioritatile-viitorului-ministru-al-mediului","status":"publish","type":"post","link":"https:\/\/www.green24.ro\/index.php\/2023\/06\/16\/care-sunt-prioritatile-viitorului-ministru-al-mediului\/","title":{"rendered":"Care sunt priorit\u0103\u021bile viitorului ministru al mediului?"},"content":{"rendered":"<p>Extinderea fondului forestier na\u021bional, protejarea p\u0103durilor \u0219i combaterea t\u0103ierilor ilegale, prin dezvoltarea Sumal 2.0, \u00eembun\u0103t\u0103\u021birea calit\u0103\u021bii aerului \u0219i combaterea polu\u0103rii, dar \u0219i a combaterea criminalit\u0103\u021bii de mediu se num\u0103r\u0103 printre priorit\u0103\u021bile viitorului ministru al Mediului, Apelor \u0219i P\u0103durilor, Mircea Fechet.<\/p>\n<p>\u201ePrintre priorit\u0103\u021bile pe care le-am prezentat colegilor ast\u0103zi (miercuri, 14 iunie \u2013 n.red.) se num\u0103r\u0103\u00a0extinderea fondului forestier na\u021bional,\u00a0protejarea p\u0103durilor \u0219i combaterea t\u0103ierilor ilegale, prin\u00a0dezvoltarea Sumal 2.0. Suntem con\u0219tien\u021bi de impactul activit\u0103\u021bilor umane asupra\u00a0calit\u0103\u021bii aerului\u00a0\u0219i vom lua m\u0103suri pentru \u00eembun\u0103t\u0103\u021birea acesteia \u0219i\u00a0combaterea polu\u0103rii. Nu putem neglija nici\u00a0criminalitatea de mediu, un fenomen care necesit\u0103 o abordare ferm\u0103 \u0219i consecvent\u0103\u201d,\u00a0a zis acesta \u00eentr-o postare pe pagina de Facebook.<\/p>\n<p>Referindu-se la situa\u021bia managementului de\u0219eurilor acesta a precizat c\u0103 se va \u00eencerca s\u0103 se aplice principiile economiei circulare, pentru a transforma de\u0219eurile \u00een resurse \u0219i pentru a reduce impactul asupra mediului.<\/p>\n<p>\u201dAici, desigur, nu putem s\u0103 nu vorbim de sistemul garan\u021bie-returnare, proiect pe care l-am \u00eenceput \u00een 2020 c\u00e2nd am fost la Ministerul Mediului \u0219i pe care vreau s\u0103 \u00eel v\u0103d devenind realitate c\u00e2t mai cur\u00e2nd\u201d, a subliniat Fechet.<\/p>\n<p>Viitorul ministru\u00a0 \u00ee\u0219i propune s\u0103 consolideze dialogul \u0219i parteneriatul \u00eentre Minister \u0219i Parlament, precum \u0219i cu societatea civil\u0103, mediul academic \u0219i administra\u021bia public\u0103 local\u0103 \u0219i central\u0103, consider\u00e2nd c\u0103 aceste colabor\u0103ri sunt esen\u021biale pentru un proces decizional coerent \u0219i sustenabil.<\/p>\n<p>O alt\u0103 prioritate cheie a ministrului este digitalizarea \u0219i simplificarea procesului administrativ. Prin implementarea tehnologiilor digitale, se urm\u0103re\u0219te cre\u0219terea accesibilit\u0103\u021bii \u0219i reducerea birocra\u021biei. Investi\u021biile \u00een \u00eent\u0103rirea capacit\u0103\u021bii institu\u021bionale a ministerului \u0219i a autorit\u0103\u021bilor din subordinea sa reprezint\u0103 o alt\u0103 prioritate. Administra\u021bia Fondului pentru Mediu, \u00een special, va beneficia de eforturile de consolidare, av\u00e2nd \u00een derulare numeroase proiecte de interes pentru cet\u0103\u021beni.<\/p>\n<p>Potrivit Agerpres, Mircea Fechet a primit, miercuri, votul majoritar al membrilor comisiilor reunite de specialitate din Parlament pentru mandatul de ministru al Mediului, Apelor \u015fi P\u0103durilor. Propunerea pentru acest portofoliu a fost avizat\u0103 cu 35 de voturi \u201epentru\u201d, opt \u201e\u00eempotriv\u0103\u201d \u015fi dou\u0103 ab\u0163ineri.<\/p>\n<p>Acesta a mai ocupat func\u021bia de Ministru al Mediului, Apelor \u0219i P\u0103durilor din 5 noiembrie 2020 p\u00e2n\u0103 la 23 decembrie 2020.<\/p>\n","protected":false},"excerpt":{"rendered":"<p>Extinderea fondului forestier na\u021bional, protejarea p\u0103durilor \u0219i combaterea t\u0103ierilor ilegale, prin dezvoltarea Sumal 2.0, \u00eembun\u0103t\u0103\u021birea calit\u0103\u021bii aerului \u0219i combaterea polu\u0103rii, dar \u0219i a combaterea criminalit\u0103\u021bii de mediu se num\u0103r\u0103 printre priorit\u0103\u021bile viitorului ministru al Mediului, Apelor \u0219i P\u0103durilor, Mircea Fechet. \u201ePrintre priorit\u0103\u021bile pe care le-am prezentat colegilor ast\u0103zi (miercuri, 14 [&hellip;]<\/p>\n","protected":false},"author":4,"featured_media":1744,"comment_status":"open","ping_status":"open","sticky":false,"template":"","format":"standard","meta":{"content-type":"","footnotes":"","jetpack_publicize_message":"","jetpack_publicize_feature_enabled":true,"jetpack_social_post_already_shared":true,"jetpack_social_options":{"image_generator_settings":{"template":"highway","default_image_id":0,"font":"","enabled":false},"version":2}},"categories":[5,6,10],"tags":[],"class_list":["post-1743","post","type-post","status-publish","format-standard","has-post-thumbnail","hentry","category-blog","category-prime","category-slide"],"yoast_head":"<!-- This site is optimized with the Yoast SEO plugin v24.9 - https:\/\/yoast.com\/wordpress\/plugins\/seo\/ -->\n<title>Care sunt priorit\u0103\u021bile viitorului ministru al mediului? - Green24.ro<\/title>\n<meta name=\"robots\" content=\"index, follow, max-snippet:-1, max-image-preview:large, max-video-preview:-1\" \/>\n<link rel=\"canonical\" href=\"https:\/\/www.green24.ro\/index.php\/2023\/06\/16\/care-sunt-prioritatile-viitorului-ministru-al-mediului\/\" \/>\n<meta property=\"og:locale\" content=\"en_US\" \/>\n<meta property=\"og:type\" content=\"article\" \/>\n<meta property=\"og:title\" content=\"Care sunt priorit\u0103\u021bile viitorului ministru al mediului? - Green24.ro\" \/>\n<meta property=\"og:description\" content=\"Extinderea fondului forestier na\u021bional, protejarea p\u0103durilor \u0219i combaterea t\u0103ierilor ilegale, prin dezvoltarea Sumal 2.0, \u00eembun\u0103t\u0103\u021birea calit\u0103\u021bii aerului \u0219i combaterea polu\u0103rii, dar \u0219i a combaterea criminalit\u0103\u021bii de mediu se num\u0103r\u0103 printre priorit\u0103\u021bile viitorului ministru al Mediului, Apelor \u0219i P\u0103durilor, Mircea Fechet. \u201ePrintre priorit\u0103\u021bile pe care le-am prezentat colegilor ast\u0103zi (miercuri, 14 [&hellip;]\" \/>\n<meta property=\"og:url\" content=\"https:\/\/www.green24.ro\/index.php\/2023\/06\/16\/care-sunt-prioritatile-viitorului-ministru-al-mediului\/\" \/>\n<meta property=\"og:site_name\" content=\"Green24.ro\" \/>\n<meta property=\"article:publisher\" content=\"https:\/\/www.facebook.com\/green24ro\/\" \/>\n<meta property=\"article:published_time\" content=\"2023-06-16T13:20:57+00:00\" \/>\n<meta property=\"article:modified_time\" content=\"2023-06-16T13:20:58+00:00\" \/>\n<meta property=\"og:image\" content=\"https:\/\/www.green24.ro\/wp-content\/uploads\/2023\/06\/mircea-fechet-ministrul-mediului.jpg\" \/>\n\t<meta property=\"og:image:width\" content=\"855\" \/>\n\t<meta property=\"og:image:height\" content=\"481\" \/>\n\t<meta property=\"og:image:type\" content=\"image\/jpeg\" \/>\n<meta name=\"author\" content=\"Simona Popescu\" \/>\n<meta name=\"twitter:card\" content=\"summary_large_image\" \/>\n<meta name=\"twitter:label1\" content=\"Written by\" \/>\n\t<meta name=\"twitter:data1\" content=\"Simona Popescu\" \/>\n\t<meta name=\"twitter:label2\" content=\"Est. reading time\" \/>\n\t<meta name=\"twitter:data2\" content=\"2 minutes\" \/>\n<script type=\"application\/ld+json\" class=\"yoast-schema-graph\">{\"@context\":\"https:\/\/schema.org\",\"@graph\":[{\"@type\":\"Article\",\"@id\":\"https:\/\/www.green24.ro\/index.php\/2023\/06\/16\/care-sunt-prioritatile-viitorului-ministru-al-mediului\/#article\",\"isPartOf\":{\"@id\":\"https:\/\/www.green24.ro\/index.php\/2023\/06\/16\/care-sunt-prioritatile-viitorului-ministru-al-mediului\/\"},\"author\":{\"name\":\"Simona Popescu\",\"@id\":\"https:\/\/www.green24.ro\/#\/schema\/person\/127c272d98a106bf1987c4ae6735cc91\"},\"headline\":\"Care sunt priorit\u0103\u021bile viitorului ministru al mediului?\",\"datePublished\":\"2023-06-16T13:20:57+00:00\",\"dateModified\":\"2023-06-16T13:20:58+00:00\",\"mainEntityOfPage\":{\"@id\":\"https:\/\/www.green24.ro\/index.php\/2023\/06\/16\/care-sunt-prioritatile-viitorului-ministru-al-mediului\/\"},\"wordCount\":400,\"commentCount\":0,\"publisher\":{\"@id\":\"https:\/\/www.green24.ro\/#organization\"},\"image\":{\"@id\":\"https:\/\/www.green24.ro\/index.php\/2023\/06\/16\/care-sunt-prioritatile-viitorului-ministru-al-mediului\/#primaryimage\"},\"thumbnailUrl\":\"https:\/\/www.green24.ro\/wp-content\/uploads\/2023\/06\/mircea-fechet-ministrul-mediului.jpg\",\"articleSection\":[\"Blog\",\"Prime\",\"Slide\"],\"inLanguage\":\"en-US\",\"potentialAction\":[{\"@type\":\"CommentAction\",\"name\":\"Comment\",\"target\":[\"https:\/\/www.green24.ro\/index.php\/2023\/06\/16\/care-sunt-prioritatile-viitorului-ministru-al-mediului\/#respond\"]}]},{\"@type\":\"WebPage\",\"@id\":\"https:\/\/www.green24.ro\/index.php\/2023\/06\/16\/care-sunt-prioritatile-viitorului-ministru-al-mediului\/\",\"url\":\"https:\/\/www.green24.ro\/index.php\/2023\/06\/16\/care-sunt-prioritatile-viitorului-ministru-al-mediului\/\",\"name\":\"Care sunt priorit\u0103\u021bile viitorului ministru al mediului? - Green24.ro\",\"isPartOf\":{\"@id\":\"https:\/\/www.green24.ro\/#website\"},\"primaryImageOfPage\":{\"@id\":\"https:\/\/www.green24.ro\/index.php\/2023\/06\/16\/care-sunt-prioritatile-viitorului-ministru-al-mediului\/#primaryimage\"},\"image\":{\"@id\":\"https:\/\/www.green24.ro\/index.php\/2023\/06\/16\/care-sunt-prioritatile-viitorului-ministru-al-mediului\/#primaryimage\"},\"thumbnailUrl\":\"https:\/\/www.green24.ro\/wp-content\/uploads\/2023\/06\/mircea-fechet-ministrul-mediului.jpg\",\"datePublished\":\"2023-06-16T13:20:57+00:00\",\"dateModified\":\"2023-06-16T13:20:58+00:00\",\"breadcrumb\":{\"@id\":\"https:\/\/www.green24.ro\/index.php\/2023\/06\/16\/care-sunt-prioritatile-viitorului-ministru-al-mediului\/#breadcrumb\"},\"inLanguage\":\"en-US\",\"potentialAction\":[{\"@type\":\"ReadAction\",\"target\":[\"https:\/\/www.green24.ro\/index.php\/2023\/06\/16\/care-sunt-prioritatile-viitorului-ministru-al-mediului\/\"]}]},{\"@type\":\"ImageObject\",\"inLanguage\":\"en-US\",\"@id\":\"https:\/\/www.green24.ro\/index.php\/2023\/06\/16\/care-sunt-prioritatile-viitorului-ministru-al-mediului\/#primaryimage\",\"url\":\"https:\/\/www.green24.ro\/wp-content\/uploads\/2023\/06\/mircea-fechet-ministrul-mediului.jpg\",\"contentUrl\":\"https:\/\/www.green24.ro\/wp-content\/uploads\/2023\/06\/mircea-fechet-ministrul-mediului.jpg\",\"width\":855,\"height\":481,\"caption\":\"Care sunt priorit\u0103\u021bile viitorului ministru al mediului?\"},{\"@type\":\"BreadcrumbList\",\"@id\":\"https:\/\/www.green24.ro\/index.php\/2023\/06\/16\/care-sunt-prioritatile-viitorului-ministru-al-mediului\/#breadcrumb\",\"itemListElement\":[{\"@type\":\"ListItem\",\"position\":1,\"name\":\"Home\",\"item\":\"https:\/\/www.green24.ro\/\"},{\"@type\":\"ListItem\",\"position\":2,\"name\":\"Care sunt priorit\u0103\u021bile viitorului ministru al mediului?\"}]},{\"@type\":\"WebSite\",\"@id\":\"https:\/\/www.green24.ro\/#website\",\"url\":\"https:\/\/www.green24.ro\/\",\"name\":\"Green24.ro\",\"description\":\"Antreprenoriat verde si responsabilitatea social\u0103\",\"publisher\":{\"@id\":\"https:\/\/www.green24.ro\/#organization\"},\"potentialAction\":[{\"@type\":\"SearchAction\",\"target\":{\"@type\":\"EntryPoint\",\"urlTemplate\":\"https:\/\/www.green24.ro\/?s={search_term_string}\"},\"query-input\":{\"@type\":\"PropertyValueSpecification\",\"valueRequired\":true,\"valueName\":\"search_term_string\"}}],\"inLanguage\":\"en-US\"},{\"@type\":\"Organization\",\"@id\":\"https:\/\/www.green24.ro\/#organization\",\"name\":\"Green24\",\"url\":\"https:\/\/www.green24.ro\/\",\"logo\":{\"@type\":\"ImageObject\",\"inLanguage\":\"en-US\",\"@id\":\"https:\/\/www.green24.ro\/#\/schema\/logo\/image\/\",\"url\":\"https:\/\/www.green24.ro\/wp-content\/uploads\/2022\/02\/green24-17-e1643806452346.png\",\"contentUrl\":\"https:\/\/www.green24.ro\/wp-content\/uploads\/2022\/02\/green24-17-e1643806452346.png\",\"width\":174,\"height\":174,\"caption\":\"Green24\"},\"image\":{\"@id\":\"https:\/\/www.green24.ro\/#\/schema\/logo\/image\/\"},\"sameAs\":[\"https:\/\/www.facebook.com\/green24ro\/\"]},{\"@type\":\"Person\",\"@id\":\"https:\/\/www.green24.ro\/#\/schema\/person\/127c272d98a106bf1987c4ae6735cc91\",\"name\":\"Simona Popescu\",\"image\":{\"@type\":\"ImageObject\",\"inLanguage\":\"en-US\",\"@id\":\"https:\/\/www.green24.ro\/#\/schema\/person\/image\/\",\"url\":\"https:\/\/secure.gravatar.com\/avatar\/80dd8d46f762d60f349fe91c31182265?s=96&d=mm&r=g\",\"contentUrl\":\"https:\/\/secure.gravatar.com\/avatar\/80dd8d46f762d60f349fe91c31182265?s=96&d=mm&r=g\",\"caption\":\"Simona Popescu\"},\"url\":\"https:\/\/www.green24.ro\/index.php\/author\/simona-popescu\/\"}]}<\/script>\n<!-- \/ Yoast SEO plugin. -->","yoast_head_json":{"title":"Care sunt priorit\u0103\u021bile viitorului ministru al mediului? - Green24.ro","robots":{"index":"index","follow":"follow","max-snippet":"max-snippet:-1","max-image-preview":"max-image-preview:large","max-video-preview":"max-video-preview:-1"},"canonical":"https:\/\/www.green24.ro\/index.php\/2023\/06\/16\/care-sunt-prioritatile-viitorului-ministru-al-mediului\/","og_locale":"en_US","og_type":"article","og_title":"Care sunt priorit\u0103\u021bile viitorului ministru al mediului? - Green24.ro","og_description":"Extinderea fondului forestier na\u021bional, protejarea p\u0103durilor \u0219i combaterea t\u0103ierilor ilegale, prin dezvoltarea Sumal 2.0, \u00eembun\u0103t\u0103\u021birea calit\u0103\u021bii aerului \u0219i combaterea polu\u0103rii, dar \u0219i a combaterea criminalit\u0103\u021bii de mediu se num\u0103r\u0103 printre priorit\u0103\u021bile viitorului ministru al Mediului, Apelor \u0219i P\u0103durilor, Mircea Fechet. \u201ePrintre priorit\u0103\u021bile pe care le-am prezentat colegilor ast\u0103zi (miercuri, 14 [&hellip;]","og_url":"https:\/\/www.green24.ro\/index.php\/2023\/06\/16\/care-sunt-prioritatile-viitorului-ministru-al-mediului\/","og_site_name":"Green24.ro","article_publisher":"https:\/\/www.facebook.com\/green24ro\/","article_published_time":"2023-06-16T13:20:57+00:00","article_modified_time":"2023-06-16T13:20:58+00:00","og_image":[{"width":855,"height":481,"url":"https:\/\/www.green24.ro\/wp-content\/uploads\/2023\/06\/mircea-fechet-ministrul-mediului.jpg","type":"image\/jpeg"}],"author":"Simona Popescu","twitter_card":"summary_large_image","twitter_misc":{"Written by":"Simona Popescu","Est. reading time":"2 minutes"},"schema":{"@context":"https:\/\/schema.org","@graph":[{"@type":"Article","@id":"https:\/\/www.green24.ro\/index.php\/2023\/06\/16\/care-sunt-prioritatile-viitorului-ministru-al-mediului\/#article","isPartOf":{"@id":"https:\/\/www.green24.ro\/index.php\/2023\/06\/16\/care-sunt-prioritatile-viitorului-ministru-al-mediului\/"},"author":{"name":"Simona Popescu","@id":"https:\/\/www.green24.ro\/#\/schema\/person\/127c272d98a106bf1987c4ae6735cc91"},"headline":"Care sunt priorit\u0103\u021bile viitorului ministru al mediului?","datePublished":"2023-06-16T13:20:57+00:00","dateModified":"2023-06-16T13:20:58+00:00","mainEntityOfPage":{"@id":"https:\/\/www.green24.ro\/index.php\/2023\/06\/16\/care-sunt-prioritatile-viitorului-ministru-al-mediului\/"},"wordCount":400,"commentCount":0,"publisher":{"@id":"https:\/\/www.green24.ro\/#organization"},"image":{"@id":"https:\/\/www.green24.ro\/index.php\/2023\/06\/16\/care-sunt-prioritatile-viitorului-ministru-al-mediului\/#primaryimage"},"thumbnailUrl":"https:\/\/www.green24.ro\/wp-content\/uploads\/2023\/06\/mircea-fechet-ministrul-mediului.jpg","articleSection":["Blog","Prime","Slide"],"inLanguage":"en-US","potentialAction":[{"@type":"CommentAction","name":"Comment","target":["https:\/\/www.green24.ro\/index.php\/2023\/06\/16\/care-sunt-prioritatile-viitorului-ministru-al-mediului\/#respond"]}]},{"@type":"WebPage","@id":"https:\/\/www.green24.ro\/index.php\/2023\/06\/16\/care-sunt-prioritatile-viitorului-ministru-al-mediului\/","url":"https:\/\/www.green24.ro\/index.php\/2023\/06\/16\/care-sunt-prioritatile-viitorului-ministru-al-mediului\/","name":"Care sunt priorit\u0103\u021bile viitorului ministru al mediului? - Green24.ro","isPartOf":{"@id":"https:\/\/www.green24.ro\/#website"},"primaryImageOfPage":{"@id":"https:\/\/www.green24.ro\/index.php\/2023\/06\/16\/care-sunt-prioritatile-viitorului-ministru-al-mediului\/#primaryimage"},"image":{"@id":"https:\/\/www.green24.ro\/index.php\/2023\/06\/16\/care-sunt-prioritatile-viitorului-ministru-al-mediului\/#primaryimage"},"thumbnailUrl":"https:\/\/www.green24.ro\/wp-content\/uploads\/2023\/06\/mircea-fechet-ministrul-mediului.jpg","datePublished":"2023-06-16T13:20:57+00:00","dateModified":"2023-06-16T13:20:58+00:00","breadcrumb":{"@id":"https:\/\/www.green24.ro\/index.php\/2023\/06\/16\/care-sunt-prioritatile-viitorului-ministru-al-mediului\/#breadcrumb"},"inLanguage":"en-US","potentialAction":[{"@type":"ReadAction","target":["https:\/\/www.green24.ro\/index.php\/2023\/06\/16\/care-sunt-prioritatile-viitorului-ministru-al-mediului\/"]}]},{"@type":"ImageObject","inLanguage":"en-US","@id":"https:\/\/www.green24.ro\/index.php\/2023\/06\/16\/care-sunt-prioritatile-viitorului-ministru-al-mediului\/#primaryimage","url":"https:\/\/www.green24.ro\/wp-content\/uploads\/2023\/06\/mircea-fechet-ministrul-mediului.jpg","contentUrl":"https:\/\/www.green24.ro\/wp-content\/uploads\/2023\/06\/mircea-fechet-ministrul-mediului.jpg","width":855,"height":481,"caption":"Care sunt priorit\u0103\u021bile viitorului ministru al mediului?"},{"@type":"BreadcrumbList","@id":"https:\/\/www.green24.ro\/index.php\/2023\/06\/16\/care-sunt-prioritatile-viitorului-ministru-al-mediului\/#breadcrumb","itemListElement":[{"@type":"ListItem","position":1,"name":"Home","item":"https:\/\/www.green24.ro\/"},{"@type":"ListItem","position":2,"name":"Care sunt priorit\u0103\u021bile viitorului ministru al mediului?"}]},{"@type":"WebSite","@id":"https:\/\/www.green24.ro\/#website","url":"https:\/\/www.green24.ro\/","name":"Green24.ro","description":"Antreprenoriat verde si responsabilitatea social\u0103","publisher":{"@id":"https:\/\/www.green24.ro\/#organization"},"potentialAction":[{"@type":"SearchAction","target":{"@type":"EntryPoint","urlTemplate":"https:\/\/www.green24.ro\/?s={search_term_string}"},"query-input":{"@type":"PropertyValueSpecification","valueRequired":true,"valueName":"search_term_string"}}],"inLanguage":"en-US"},{"@type":"Organization","@id":"https:\/\/www.green24.ro\/#organization","name":"Green24","url":"https:\/\/www.green24.ro\/","logo":{"@type":"ImageObject","inLanguage":"en-US","@id":"https:\/\/www.green24.ro\/#\/schema\/logo\/image\/","url":"https:\/\/www.green24.ro\/wp-content\/uploads\/2022\/02\/green24-17-e1643806452346.png","contentUrl":"https:\/\/www.green24.ro\/wp-content\/uploads\/2022\/02\/green24-17-e1643806452346.png","width":174,"height":174,"caption":"Green24"},"image":{"@id":"https:\/\/www.green24.ro\/#\/schema\/logo\/image\/"},"sameAs":["https:\/\/www.facebook.com\/green24ro\/"]},{"@type":"Person","@id":"https:\/\/www.green24.ro\/#\/schema\/person\/127c272d98a106bf1987c4ae6735cc91","name":"Simona Popescu","image":{"@type":"ImageObject","inLanguage":"en-US","@id":"https:\/\/www.green24.ro\/#\/schema\/person\/image\/","url":"https:\/\/secure.gravatar.com\/avatar\/80dd8d46f762d60f349fe91c31182265?s=96&d=mm&r=g","contentUrl":"https:\/\/secure.gravatar.com\/avatar\/80dd8d46f762d60f349fe91c31182265?s=96&d=mm&r=g","caption":"Simona Popescu"},"url":"https:\/\/www.green24.ro\/index.php\/author\/simona-popescu\/"}]}},"jetpack_publicize_connections":[],"jetpack_featured_media_url":"https:\/\/www.green24.ro\/wp-content\/uploads\/2023\/06\/mircea-fechet-ministrul-mediului.jpg","jetpack_sharing_enabled":true,"_links":{"self":[{"href":"https:\/\/www.green24.ro\/index.php\/wp-json\/wp\/v2\/posts\/1743","targetHints":{"allow":["GET"]}}],"collection":[{"href":"https:\/\/www.green24.ro\/index.php\/wp-json\/wp\/v2\/posts"}],"about":[{"href":"https:\/\/www.green24.ro\/index.php\/wp-json\/wp\/v2\/types\/post"}],"author":[{"embeddable":true,"href":"https:\/\/www.green24.ro\/index.php\/wp-json\/wp\/v2\/users\/4"}],"replies":[{"embeddable":true,"href":"https:\/\/www.green24.ro\/index.php\/wp-json\/wp\/v2\/comments?post=1743"}],"version-history":[{"count":1,"href":"https:\/\/www.green24.ro\/index.php\/wp-json\/wp\/v2\/posts\/1743\/revisions"}],"predecessor-version":[{"id":1745,"href":"https:\/\/www.green24.ro\/index.php\/wp-json\/wp\/v2\/posts\/1743\/revisions\/1745"}],"wp:featuredmedia":[{"embeddable":true,"href":"https:\/\/www.green24.ro\/index.php\/wp-json\/wp\/v2\/media\/1744"}],"wp:attachment":[{"href":"https:\/\/www.green24.ro\/index.php\/wp-json\/wp\/v2\/media?parent=1743"}],"wp:term":[{"taxonomy":"category","embeddable":true,"href":"https:\/\/www.green24.ro\/index.php\/wp-json\/wp\/v2\/categories?post=1743"},{"taxonomy":"post_tag","embeddable":true,"href":"https:\/\/www.green24.ro\/index.php\/wp-json\/wp\/v2\/tags?post=1743"}],"curies":[{"name":"wp","href":"https:\/\/api.w.org\/{rel}","templated":true}]}}