{"id":1739,"date":"2023-06-15T22:43:00","date_gmt":"2023-06-15T20:43:00","guid":{"rendered":"https:\/\/www.green24.ro\/?p=1739"},"modified":"2023-06-14T12:52:14","modified_gmt":"2023-06-14T10:52:14","slug":"in-continuare-romania-este-la-coada-clasamentului-in-ceea-ce-priveste-reciclarea-deseurilor","status":"publish","type":"post","link":"https:\/\/www.green24.ro\/index.php\/2023\/06\/15\/in-continuare-romania-este-la-coada-clasamentului-in-ceea-ce-priveste-reciclarea-deseurilor\/","title":{"rendered":"\u00cen continuare, Rom\u00e2nia, este la coada clasamentului \u00een ceea ce prive\u015fte reciclarea de\u015feurilor"},"content":{"rendered":"<p style=\"text-align: justify;\">Suntem \u00een continuare la coada clasamentului \u00een ceea ce prive\u015fte reciclarea de\u015feurilor, pentru c\u0103, din p\u0103cate, ne angaj\u0103m la ni\u015fte termene foarte scurte \u00een fa\u0163a Comisiei Europene, spun\u00e2nd c\u0103 suntem \u00een stare s\u0103 realiz\u0103m \u015fi s\u0103 atingem obiective, dar nu ne facem foarte bine lec\u0163iile, dovad\u0103 fiind infringementurile \u00een care suntem, a afirmat, mar\u0163i, \u00eentr-o conferin\u0163\u0103 pe tema dezvolt\u0103rii urbane, Cecilia Martin, comisar al G\u0103rzii Na\u0163ionale de Mediu (GNM).<\/p>\n<p style=\"text-align: justify;\">&#8220;S\u0103 nu uit\u0103m c\u0103, din p\u0103cate, \u00een continuare suntem la coada clasamentului \u00een ceea ce prive\u015fte reciclarea de\u015feurilor, cu un procent de 14%, \u00een condi\u0163iile \u00een care \u00een anul 2025 trebuie s\u0103 ne asigur\u0103m c\u0103 55% din cantitatea de de\u015feuri generate va fi reciclat\u0103. Cineva spunea c\u0103 este bine s\u0103 fii \u00een urm\u0103 pentru a putea vedea unde sunt al\u0163ii \u015fi ce ai putea s\u0103 faci s\u0103 recuperezi. Din p\u0103cate, eu cred c\u0103 nu facem dec\u00e2t mai multe gre\u015feli dec\u00e2t s\u0103 \u00eenv\u0103\u0163\u0103m din ceea ce au f\u0103cut al\u0163ii, pentru c\u0103 oarecum ne angaj\u0103m la ni\u015fte termene foarte scurte, spun\u00e2nd c\u0103 suntem \u00een stare s\u0103 realiz\u0103m \u015fi s\u0103 atingem obiective, dar nu ne facem foarte bine lec\u0163iile. \u015ei pentru c\u0103 nu ne facem foarte bine lec\u0163iile, ne mai facem \u015fi de r\u00e2s c\u0103 ne-am angajat la ni\u015fte termene foarte scurte. \u00cen loc s\u0103 profit\u0103m de termenele lungi pe care ni le-a dat Comisia European\u0103 \u015fi s\u0103 ne facem lec\u0163iile, ne angaj\u0103m c\u0103 noi putem s\u0103 facem&#8230; Ceea ce nu se \u00eent\u00e2mpl\u0103 de cele mai multe ori, dovad\u0103 c\u0103 suntem \u00eentr-o gr\u0103mad\u0103 de infringementuri pe mediu, \u00eentr-o gr\u0103mad\u0103 de infringementuri pe depozitare, \u00een infringement pe poluarea aerului&#8221;, a atras aten\u0163ia Martin.<\/p>\n<p style=\"text-align: justify;\">Reprezentanta GNM a punctat, totodat\u0103, c\u0103 principiul &#8220;Poluatorul pl\u0103te\u015fte&#8221; ar trebui respectat, iar agen\u0163ii economici s\u0103 fie responsabili atunci c\u00e2nd de\u015feul generat urmeaz\u0103 s\u0103 fie eliminat \u00een siguran\u0163\u0103.<\/p>\n<p style=\"text-align: justify;\">&#8220;Valoarea contraven\u0163iilor s-a m\u0103rit substan\u0163ial \u00een ceea ce prive\u015fte gestionarea de\u015feurilor. Astfel, cea mai mic\u0103 sanc\u0163iune porne\u015fte de la 40.000 de lei. Cu alte cuvinte, rug\u0103mintea noastr\u0103, a celor de la Garda de Mediu, este ca s\u0103 fi\u0163i aten\u0163i \u00een ceea ce prive\u015fte respectarea obliga\u0163iilor pe care le ave\u0163i at\u00e2t \u00een calitate de autoritate public\u0103 local\u0103, c\u00e2t \u015fi \u00een calitate de agent economic. Una dintre nout\u0103\u0163ile care sunt aduse prin Legea 101, \u00een sensul \u00een care autorit\u0103\u0163ile publice locale aveau obliga\u0163ia de a desemna \u015fi semna contractul de delegare cu instala\u0163iile de tratare a de\u015feurilor, era evident c\u0103 termenul ini\u0163ial nu putea fi respectat \u015fi, prin urmare, s-a am\u00e2nat p\u00e2n\u0103 la 31 decembrie, anul acesta. Totu\u015fi, vreau s\u0103 v\u0103 spun c\u0103 \u00een ceea ce prive\u015fte responsabilitatea dvs. ca agen\u0163i economici este ca, \u00een momentul \u00een care de\u015feul se genereaz\u0103, responsabilitatea elimin\u0103rii \u00een siguran\u0163\u0103 revine \u00een exclusivitate generatorului de\u015feului. Cu alte cuvinte, principiul &#8220;Poluatorul pl\u0103te\u015fte&#8221; trebuie respectat, iar dvs. trebuie s\u0103 v\u0103 asigura\u0163i c\u0103 pe tot parcursul, de la generare p\u00e2n\u0103 la eliminarea de\u015feurilor pe care l-a\u0163i produs, este gestionat \u00een conformitate cu prevederile legale&#8221;, a declarat Cecilia Martin.<\/p>\n<p style=\"text-align: justify;\">Camera de Comer\u0163 \u015fi Industrie a Municipiului Bucure\u015fti (CCIB) organizeaz\u0103, mar\u0163i, cea de-a cincea edi\u0163ie a conferin\u0163ei &#8220;Focus Bucure\u015fti &#8211; infrastructur\u0103 \u015fi dezvoltare urban\u0103 sustenabil\u0103. \u00cen cadrul evenimentului sunt prezen\u0163i reprezentan\u0163i ai comunit\u0103\u0163ii de afaceri a Capitalei, precum \u015fi oficiali din administra\u0163ia central\u0103 \u015fi local\u0103, cu scopul de a clarifica problemele ap\u0103rute \u00een rela\u0163ia autorit\u0103\u0163i &#8211; mediu de afaceri \u015fi pentru a identifica solu\u0163ii \u015fi bune practici menite s\u0103 transforme Bucure\u015ftiul \u00eentr-o metropol\u0103 modern\u0103 a business-ului rom\u00e2nesc.<\/p>\n<pre>Sursa:Agen\u0163ia Na\u0163ional\u0103 de Pres\u0103 AGERPRES, <a href=\"http:\/\/www.pexels.com\/photo\/person-sitting-on-the-chair-near-the-plastic-containers-with-lables-6591427\/\">foto<\/a><\/pre>\n","protected":false},"excerpt":{"rendered":"<p>Suntem \u00een continuare la coada clasamentului \u00een ceea ce prive\u015fte reciclarea de\u015feurilor, pentru c\u0103, din p\u0103cate, ne angaj\u0103m la ni\u015fte termene foarte scurte \u00een fa\u0163a Comisiei Europene, spun\u00e2nd c\u0103 suntem \u00een stare s\u0103 realiz\u0103m \u015fi s\u0103 atingem obiective, dar nu ne facem foarte bine lec\u0163iile, dovad\u0103 fiind infringementurile \u00een care [&hellip;]<\/p>\n","protected":false},"author":3,"featured_media":1740,"comment_status":"open","ping_status":"open","sticky":false,"template":"","format":"standard","meta":{"content-type":"","footnotes":"","jetpack_publicize_message":"","jetpack_publicize_feature_enabled":true,"jetpack_social_post_already_shared":true,"jetpack_social_options":{"image_generator_settings":{"template":"highway","default_image_id":0,"font":"","enabled":false},"version":2}},"categories":[5,9,1,6,10],"tags":[],"class_list":["post-1739","post","type-post","status-publish","format-standard","has-post-thumbnail","hentry","category-blog","category-company","category-general","category-prime","category-slide"],"yoast_head":"<!-- This site is optimized with the Yoast SEO plugin v24.9 - https:\/\/yoast.com\/wordpress\/plugins\/seo\/ -->\n<title>\u00cen continuare, Rom\u00e2nia, este la coada clasamentului \u00een ceea ce prive\u015fte reciclarea de\u015feurilor - Green24.ro<\/title>\n<meta name=\"description\" content=\"Ne angaj\u0103m la ni\u015fte termene foarte scurte \u00een fa\u0163a Comisiei Europene dar nu ne facem foarte bine lec\u0163iile.\" \/>\n<meta name=\"robots\" content=\"index, follow, max-snippet:-1, max-image-preview:large, max-video-preview:-1\" \/>\n<link rel=\"canonical\" href=\"https:\/\/www.green24.ro\/index.php\/2023\/06\/15\/in-continuare-romania-este-la-coada-clasamentului-in-ceea-ce-priveste-reciclarea-deseurilor\/\" \/>\n<meta property=\"og:locale\" content=\"en_US\" \/>\n<meta property=\"og:type\" content=\"article\" \/>\n<meta property=\"og:title\" content=\"\u00cen continuare, Rom\u00e2nia, este la coada clasamentului \u00een ceea ce prive\u015fte reciclarea de\u015feurilor - Green24.ro\" \/>\n<meta property=\"og:description\" content=\"Ne angaj\u0103m la ni\u015fte termene foarte scurte \u00een fa\u0163a Comisiei Europene dar nu ne facem foarte bine lec\u0163iile.\" \/>\n<meta property=\"og:url\" content=\"https:\/\/www.green24.ro\/index.php\/2023\/06\/15\/in-continuare-romania-este-la-coada-clasamentului-in-ceea-ce-priveste-reciclarea-deseurilor\/\" \/>\n<meta property=\"og:site_name\" content=\"Green24.ro\" \/>\n<meta property=\"article:publisher\" content=\"https:\/\/www.facebook.com\/green24ro\/\" \/>\n<meta property=\"article:published_time\" content=\"2023-06-15T20:43:00+00:00\" \/>\n<meta property=\"og:image\" content=\"https:\/\/www.green24.ro\/wp-content\/uploads\/2023\/06\/pexels-cottonbro-studio-6591427.jpg\" \/>\n\t<meta property=\"og:image:width\" content=\"1280\" \/>\n\t<meta property=\"og:image:height\" content=\"853\" \/>\n\t<meta property=\"og:image:type\" content=\"image\/jpeg\" \/>\n<meta name=\"author\" content=\"Redactia Green24\" \/>\n<meta name=\"twitter:card\" content=\"summary_large_image\" \/>\n<meta name=\"twitter:label1\" content=\"Written by\" \/>\n\t<meta name=\"twitter:data1\" content=\"Redactia Green24\" \/>\n\t<meta name=\"twitter:label2\" content=\"Est. reading time\" \/>\n\t<meta name=\"twitter:data2\" content=\"3 minutes\" \/>\n<script type=\"application\/ld+json\" class=\"yoast-schema-graph\">{\"@context\":\"https:\/\/schema.org\",\"@graph\":[{\"@type\":\"Article\",\"@id\":\"https:\/\/www.green24.ro\/index.php\/2023\/06\/15\/in-continuare-romania-este-la-coada-clasamentului-in-ceea-ce-priveste-reciclarea-deseurilor\/#article\",\"isPartOf\":{\"@id\":\"https:\/\/www.green24.ro\/index.php\/2023\/06\/15\/in-continuare-romania-este-la-coada-clasamentului-in-ceea-ce-priveste-reciclarea-deseurilor\/\"},\"author\":{\"name\":\"Redactia Green24\",\"@id\":\"https:\/\/www.green24.ro\/#\/schema\/person\/607a8c12d4548837cb79d52bb2437572\"},\"headline\":\"\u00cen continuare, Rom\u00e2nia, este la coada clasamentului \u00een ceea ce prive\u015fte reciclarea de\u015feurilor\",\"datePublished\":\"2023-06-15T20:43:00+00:00\",\"mainEntityOfPage\":{\"@id\":\"https:\/\/www.green24.ro\/index.php\/2023\/06\/15\/in-continuare-romania-este-la-coada-clasamentului-in-ceea-ce-priveste-reciclarea-deseurilor\/\"},\"wordCount\":669,\"commentCount\":0,\"publisher\":{\"@id\":\"https:\/\/www.green24.ro\/#organization\"},\"image\":{\"@id\":\"https:\/\/www.green24.ro\/index.php\/2023\/06\/15\/in-continuare-romania-este-la-coada-clasamentului-in-ceea-ce-priveste-reciclarea-deseurilor\/#primaryimage\"},\"thumbnailUrl\":\"https:\/\/www.green24.ro\/wp-content\/uploads\/2023\/06\/pexels-cottonbro-studio-6591427.jpg\",\"articleSection\":[\"Blog\",\"Company\",\"General\",\"Prime\",\"Slide\"],\"inLanguage\":\"en-US\",\"potentialAction\":[{\"@type\":\"CommentAction\",\"name\":\"Comment\",\"target\":[\"https:\/\/www.green24.ro\/index.php\/2023\/06\/15\/in-continuare-romania-este-la-coada-clasamentului-in-ceea-ce-priveste-reciclarea-deseurilor\/#respond\"]}]},{\"@type\":\"WebPage\",\"@id\":\"https:\/\/www.green24.ro\/index.php\/2023\/06\/15\/in-continuare-romania-este-la-coada-clasamentului-in-ceea-ce-priveste-reciclarea-deseurilor\/\",\"url\":\"https:\/\/www.green24.ro\/index.php\/2023\/06\/15\/in-continuare-romania-este-la-coada-clasamentului-in-ceea-ce-priveste-reciclarea-deseurilor\/\",\"name\":\"\u00cen continuare, Rom\u00e2nia, este la coada clasamentului \u00een ceea ce prive\u015fte reciclarea de\u015feurilor - Green24.ro\",\"isPartOf\":{\"@id\":\"https:\/\/www.green24.ro\/#website\"},\"primaryImageOfPage\":{\"@id\":\"https:\/\/www.green24.ro\/index.php\/2023\/06\/15\/in-continuare-romania-este-la-coada-clasamentului-in-ceea-ce-priveste-reciclarea-deseurilor\/#primaryimage\"},\"image\":{\"@id\":\"https:\/\/www.green24.ro\/index.php\/2023\/06\/15\/in-continuare-romania-este-la-coada-clasamentului-in-ceea-ce-priveste-reciclarea-deseurilor\/#primaryimage\"},\"thumbnailUrl\":\"https:\/\/www.green24.ro\/wp-content\/uploads\/2023\/06\/pexels-cottonbro-studio-6591427.jpg\",\"datePublished\":\"2023-06-15T20:43:00+00:00\",\"description\":\"Ne angaj\u0103m la ni\u015fte termene foarte scurte \u00een fa\u0163a Comisiei Europene dar nu ne facem foarte bine lec\u0163iile.\",\"breadcrumb\":{\"@id\":\"https:\/\/www.green24.ro\/index.php\/2023\/06\/15\/in-continuare-romania-este-la-coada-clasamentului-in-ceea-ce-priveste-reciclarea-deseurilor\/#breadcrumb\"},\"inLanguage\":\"en-US\",\"potentialAction\":[{\"@type\":\"ReadAction\",\"target\":[\"https:\/\/www.green24.ro\/index.php\/2023\/06\/15\/in-continuare-romania-este-la-coada-clasamentului-in-ceea-ce-priveste-reciclarea-deseurilor\/\"]}]},{\"@type\":\"ImageObject\",\"inLanguage\":\"en-US\",\"@id\":\"https:\/\/www.green24.ro\/index.php\/2023\/06\/15\/in-continuare-romania-este-la-coada-clasamentului-in-ceea-ce-priveste-reciclarea-deseurilor\/#primaryimage\",\"url\":\"https:\/\/www.green24.ro\/wp-content\/uploads\/2023\/06\/pexels-cottonbro-studio-6591427.jpg\",\"contentUrl\":\"https:\/\/www.green24.ro\/wp-content\/uploads\/2023\/06\/pexels-cottonbro-studio-6591427.jpg\",\"width\":1280,\"height\":853,\"caption\":\"\u00cen continuare, Rom\u00e2nia, este la coada clasamentului \u00een ceea ce prive\u015fte reciclarea de\u015feurilor\"},{\"@type\":\"BreadcrumbList\",\"@id\":\"https:\/\/www.green24.ro\/index.php\/2023\/06\/15\/in-continuare-romania-este-la-coada-clasamentului-in-ceea-ce-priveste-reciclarea-deseurilor\/#breadcrumb\",\"itemListElement\":[{\"@type\":\"ListItem\",\"position\":1,\"name\":\"Home\",\"item\":\"https:\/\/www.green24.ro\/\"},{\"@type\":\"ListItem\",\"position\":2,\"name\":\"\u00cen continuare, Rom\u00e2nia, este la coada clasamentului \u00een ceea ce prive\u015fte reciclarea de\u015feurilor\"}]},{\"@type\":\"WebSite\",\"@id\":\"https:\/\/www.green24.ro\/#website\",\"url\":\"https:\/\/www.green24.ro\/\",\"name\":\"Green24.ro\",\"description\":\"Antreprenoriat verde si responsabilitatea social\u0103\",\"publisher\":{\"@id\":\"https:\/\/www.green24.ro\/#organization\"},\"potentialAction\":[{\"@type\":\"SearchAction\",\"target\":{\"@type\":\"EntryPoint\",\"urlTemplate\":\"https:\/\/www.green24.ro\/?s={search_term_string}\"},\"query-input\":{\"@type\":\"PropertyValueSpecification\",\"valueRequired\":true,\"valueName\":\"search_term_string\"}}],\"inLanguage\":\"en-US\"},{\"@type\":\"Organization\",\"@id\":\"https:\/\/www.green24.ro\/#organization\",\"name\":\"Green24\",\"url\":\"https:\/\/www.green24.ro\/\",\"logo\":{\"@type\":\"ImageObject\",\"inLanguage\":\"en-US\",\"@id\":\"https:\/\/www.green24.ro\/#\/schema\/logo\/image\/\",\"url\":\"https:\/\/www.green24.ro\/wp-content\/uploads\/2022\/02\/green24-17-e1643806452346.png\",\"contentUrl\":\"https:\/\/www.green24.ro\/wp-content\/uploads\/2022\/02\/green24-17-e1643806452346.png\",\"width\":174,\"height\":174,\"caption\":\"Green24\"},\"image\":{\"@id\":\"https:\/\/www.green24.ro\/#\/schema\/logo\/image\/\"},\"sameAs\":[\"https:\/\/www.facebook.com\/green24ro\/\"]},{\"@type\":\"Person\",\"@id\":\"https:\/\/www.green24.ro\/#\/schema\/person\/607a8c12d4548837cb79d52bb2437572\",\"name\":\"Redactia Green24\",\"image\":{\"@type\":\"ImageObject\",\"inLanguage\":\"en-US\",\"@id\":\"https:\/\/www.green24.ro\/#\/schema\/person\/image\/\",\"url\":\"https:\/\/secure.gravatar.com\/avatar\/c9f4d5614769dc0a9dfdfed961c82ea6?s=96&d=mm&r=g\",\"contentUrl\":\"https:\/\/secure.gravatar.com\/avatar\/c9f4d5614769dc0a9dfdfed961c82ea6?s=96&d=mm&r=g\",\"caption\":\"Redactia Green24\"},\"sameAs\":[\"http:\/\/www.green24.ro\"],\"url\":\"https:\/\/www.green24.ro\/index.php\/author\/green24\/\"}]}<\/script>\n<!-- \/ Yoast SEO plugin. -->","yoast_head_json":{"title":"\u00cen continuare, Rom\u00e2nia, este la coada clasamentului \u00een ceea ce prive\u015fte reciclarea de\u015feurilor - Green24.ro","description":"Ne angaj\u0103m la ni\u015fte termene foarte scurte \u00een fa\u0163a Comisiei Europene dar nu ne facem foarte bine lec\u0163iile.","robots":{"index":"index","follow":"follow","max-snippet":"max-snippet:-1","max-image-preview":"max-image-preview:large","max-video-preview":"max-video-preview:-1"},"canonical":"https:\/\/www.green24.ro\/index.php\/2023\/06\/15\/in-continuare-romania-este-la-coada-clasamentului-in-ceea-ce-priveste-reciclarea-deseurilor\/","og_locale":"en_US","og_type":"article","og_title":"\u00cen continuare, Rom\u00e2nia, este la coada clasamentului \u00een ceea ce prive\u015fte reciclarea de\u015feurilor - Green24.ro","og_description":"Ne angaj\u0103m la ni\u015fte termene foarte scurte \u00een fa\u0163a Comisiei Europene dar nu ne facem foarte bine lec\u0163iile.","og_url":"https:\/\/www.green24.ro\/index.php\/2023\/06\/15\/in-continuare-romania-este-la-coada-clasamentului-in-ceea-ce-priveste-reciclarea-deseurilor\/","og_site_name":"Green24.ro","article_publisher":"https:\/\/www.facebook.com\/green24ro\/","article_published_time":"2023-06-15T20:43:00+00:00","og_image":[{"width":1280,"height":853,"url":"https:\/\/www.green24.ro\/wp-content\/uploads\/2023\/06\/pexels-cottonbro-studio-6591427.jpg","type":"image\/jpeg"}],"author":"Redactia Green24","twitter_card":"summary_large_image","twitter_misc":{"Written by":"Redactia Green24","Est. reading time":"3 minutes"},"schema":{"@context":"https:\/\/schema.org","@graph":[{"@type":"Article","@id":"https:\/\/www.green24.ro\/index.php\/2023\/06\/15\/in-continuare-romania-este-la-coada-clasamentului-in-ceea-ce-priveste-reciclarea-deseurilor\/#article","isPartOf":{"@id":"https:\/\/www.green24.ro\/index.php\/2023\/06\/15\/in-continuare-romania-este-la-coada-clasamentului-in-ceea-ce-priveste-reciclarea-deseurilor\/"},"author":{"name":"Redactia Green24","@id":"https:\/\/www.green24.ro\/#\/schema\/person\/607a8c12d4548837cb79d52bb2437572"},"headline":"\u00cen continuare, Rom\u00e2nia, este la coada clasamentului \u00een ceea ce prive\u015fte reciclarea de\u015feurilor","datePublished":"2023-06-15T20:43:00+00:00","mainEntityOfPage":{"@id":"https:\/\/www.green24.ro\/index.php\/2023\/06\/15\/in-continuare-romania-este-la-coada-clasamentului-in-ceea-ce-priveste-reciclarea-deseurilor\/"},"wordCount":669,"commentCount":0,"publisher":{"@id":"https:\/\/www.green24.ro\/#organization"},"image":{"@id":"https:\/\/www.green24.ro\/index.php\/2023\/06\/15\/in-continuare-romania-este-la-coada-clasamentului-in-ceea-ce-priveste-reciclarea-deseurilor\/#primaryimage"},"thumbnailUrl":"https:\/\/www.green24.ro\/wp-content\/uploads\/2023\/06\/pexels-cottonbro-studio-6591427.jpg","articleSection":["Blog","Company","General","Prime","Slide"],"inLanguage":"en-US","potentialAction":[{"@type":"CommentAction","name":"Comment","target":["https:\/\/www.green24.ro\/index.php\/2023\/06\/15\/in-continuare-romania-este-la-coada-clasamentului-in-ceea-ce-priveste-reciclarea-deseurilor\/#respond"]}]},{"@type":"WebPage","@id":"https:\/\/www.green24.ro\/index.php\/2023\/06\/15\/in-continuare-romania-este-la-coada-clasamentului-in-ceea-ce-priveste-reciclarea-deseurilor\/","url":"https:\/\/www.green24.ro\/index.php\/2023\/06\/15\/in-continuare-romania-este-la-coada-clasamentului-in-ceea-ce-priveste-reciclarea-deseurilor\/","name":"\u00cen continuare, Rom\u00e2nia, este la coada clasamentului \u00een ceea ce prive\u015fte reciclarea de\u015feurilor - Green24.ro","isPartOf":{"@id":"https:\/\/www.green24.ro\/#website"},"primaryImageOfPage":{"@id":"https:\/\/www.green24.ro\/index.php\/2023\/06\/15\/in-continuare-romania-este-la-coada-clasamentului-in-ceea-ce-priveste-reciclarea-deseurilor\/#primaryimage"},"image":{"@id":"https:\/\/www.green24.ro\/index.php\/2023\/06\/15\/in-continuare-romania-este-la-coada-clasamentului-in-ceea-ce-priveste-reciclarea-deseurilor\/#primaryimage"},"thumbnailUrl":"https:\/\/www.green24.ro\/wp-content\/uploads\/2023\/06\/pexels-cottonbro-studio-6591427.jpg","datePublished":"2023-06-15T20:43:00+00:00","description":"Ne angaj\u0103m la ni\u015fte termene foarte scurte \u00een fa\u0163a Comisiei Europene dar nu ne facem foarte bine lec\u0163iile.","breadcrumb":{"@id":"https:\/\/www.green24.ro\/index.php\/2023\/06\/15\/in-continuare-romania-este-la-coada-clasamentului-in-ceea-ce-priveste-reciclarea-deseurilor\/#breadcrumb"},"inLanguage":"en-US","potentialAction":[{"@type":"ReadAction","target":["https:\/\/www.green24.ro\/index.php\/2023\/06\/15\/in-continuare-romania-este-la-coada-clasamentului-in-ceea-ce-priveste-reciclarea-deseurilor\/"]}]},{"@type":"ImageObject","inLanguage":"en-US","@id":"https:\/\/www.green24.ro\/index.php\/2023\/06\/15\/in-continuare-romania-este-la-coada-clasamentului-in-ceea-ce-priveste-reciclarea-deseurilor\/#primaryimage","url":"https:\/\/www.green24.ro\/wp-content\/uploads\/2023\/06\/pexels-cottonbro-studio-6591427.jpg","contentUrl":"https:\/\/www.green24.ro\/wp-content\/uploads\/2023\/06\/pexels-cottonbro-studio-6591427.jpg","width":1280,"height":853,"caption":"\u00cen continuare, Rom\u00e2nia, este la coada clasamentului \u00een ceea ce prive\u015fte reciclarea de\u015feurilor"},{"@type":"BreadcrumbList","@id":"https:\/\/www.green24.ro\/index.php\/2023\/06\/15\/in-continuare-romania-este-la-coada-clasamentului-in-ceea-ce-priveste-reciclarea-deseurilor\/#breadcrumb","itemListElement":[{"@type":"ListItem","position":1,"name":"Home","item":"https:\/\/www.green24.ro\/"},{"@type":"ListItem","position":2,"name":"\u00cen continuare, Rom\u00e2nia, este la coada clasamentului \u00een ceea ce prive\u015fte reciclarea de\u015feurilor"}]},{"@type":"WebSite","@id":"https:\/\/www.green24.ro\/#website","url":"https:\/\/www.green24.ro\/","name":"Green24.ro","description":"Antreprenoriat verde si responsabilitatea social\u0103","publisher":{"@id":"https:\/\/www.green24.ro\/#organization"},"potentialAction":[{"@type":"SearchAction","target":{"@type":"EntryPoint","urlTemplate":"https:\/\/www.green24.ro\/?s={search_term_string}"},"query-input":{"@type":"PropertyValueSpecification","valueRequired":true,"valueName":"search_term_string"}}],"inLanguage":"en-US"},{"@type":"Organization","@id":"https:\/\/www.green24.ro\/#organization","name":"Green24","url":"https:\/\/www.green24.ro\/","logo":{"@type":"ImageObject","inLanguage":"en-US","@id":"https:\/\/www.green24.ro\/#\/schema\/logo\/image\/","url":"https:\/\/www.green24.ro\/wp-content\/uploads\/2022\/02\/green24-17-e1643806452346.png","contentUrl":"https:\/\/www.green24.ro\/wp-content\/uploads\/2022\/02\/green24-17-e1643806452346.png","width":174,"height":174,"caption":"Green24"},"image":{"@id":"https:\/\/www.green24.ro\/#\/schema\/logo\/image\/"},"sameAs":["https:\/\/www.facebook.com\/green24ro\/"]},{"@type":"Person","@id":"https:\/\/www.green24.ro\/#\/schema\/person\/607a8c12d4548837cb79d52bb2437572","name":"Redactia Green24","image":{"@type":"ImageObject","inLanguage":"en-US","@id":"https:\/\/www.green24.ro\/#\/schema\/person\/image\/","url":"https:\/\/secure.gravatar.com\/avatar\/c9f4d5614769dc0a9dfdfed961c82ea6?s=96&d=mm&r=g","contentUrl":"https:\/\/secure.gravatar.com\/avatar\/c9f4d5614769dc0a9dfdfed961c82ea6?s=96&d=mm&r=g","caption":"Redactia Green24"},"sameAs":["http:\/\/www.green24.ro"],"url":"https:\/\/www.green24.ro\/index.php\/author\/green24\/"}]}},"jetpack_publicize_connections":[],"jetpack_featured_media_url":"https:\/\/www.green24.ro\/wp-content\/uploads\/2023\/06\/pexels-cottonbro-studio-6591427.jpg","jetpack_sharing_enabled":true,"_links":{"self":[{"href":"https:\/\/www.green24.ro\/index.php\/wp-json\/wp\/v2\/posts\/1739","targetHints":{"allow":["GET"]}}],"collection":[{"href":"https:\/\/www.green24.ro\/index.php\/wp-json\/wp\/v2\/posts"}],"about":[{"href":"https:\/\/www.green24.ro\/index.php\/wp-json\/wp\/v2\/types\/post"}],"author":[{"embeddable":true,"href":"https:\/\/www.green24.ro\/index.php\/wp-json\/wp\/v2\/users\/3"}],"replies":[{"embeddable":true,"href":"https:\/\/www.green24.ro\/index.php\/wp-json\/wp\/v2\/comments?post=1739"}],"version-history":[{"count":1,"href":"https:\/\/www.green24.ro\/index.php\/wp-json\/wp\/v2\/posts\/1739\/revisions"}],"predecessor-version":[{"id":1741,"href":"https:\/\/www.green24.ro\/index.php\/wp-json\/wp\/v2\/posts\/1739\/revisions\/1741"}],"wp:featuredmedia":[{"embeddable":true,"href":"https:\/\/www.green24.ro\/index.php\/wp-json\/wp\/v2\/media\/1740"}],"wp:attachment":[{"href":"https:\/\/www.green24.ro\/index.php\/wp-json\/wp\/v2\/media?parent=1739"}],"wp:term":[{"taxonomy":"category","embeddable":true,"href":"https:\/\/www.green24.ro\/index.php\/wp-json\/wp\/v2\/categories?post=1739"},{"taxonomy":"post_tag","embeddable":true,"href":"https:\/\/www.green24.ro\/index.php\/wp-json\/wp\/v2\/tags?post=1739"}],"curies":[{"name":"wp","href":"https:\/\/api.w.org\/{rel}","templated":true}]}}