{"id":1735,"date":"2023-06-14T12:27:42","date_gmt":"2023-06-14T10:27:42","guid":{"rendered":"https:\/\/www.green24.ro\/?p=1735"},"modified":"2023-06-14T12:27:44","modified_gmt":"2023-06-14T10:27:44","slug":"romania-si-a-redus-emisiile-de-co2-yoy-cu-6","status":"publish","type":"post","link":"https:\/\/www.green24.ro\/index.php\/2023\/06\/14\/romania-si-a-redus-emisiile-de-co2-yoy-cu-6\/","title":{"rendered":"Emisiile de CO2 au sc\u0103zut \u00een UE cu 2,8%. Ce s-a \u00eent\u00e2mplat \u00een Rom\u00e2nia?"},"content":{"rendered":"<p style=\"text-align: justify;\"><strong>Conform estim\u0103rilor Eurostat, \u00een 2022, emisiile UE de dioxid de carbon (CO2) din arderea combustibililor fosili (petrol \u0219i produse petroliere, gaze naturale, c\u0103rbune \u0219i turb\u0103) pentru utilizarea energiei pe teritoriul UE au atins aproape 2,4 gigatone (Gt), ceea ce indic\u0103 o sc\u0103dere cu 2,8%, comparativ cu anul precedent. Rom\u00e2nia \u0219i-a redus emisiile, \u00een aceea\u0219i perioad\u0103, cu 6%.<\/strong><\/p>\n<p style=\"text-align: justify;\">Emisiile de CO2 generate de utilizarea energiei contribuie major la \u00eenc\u0103lzirea global\u0103 \u0219i reprezint\u0103 aproximativ 75% din toate emisiile de gaze cu efect de ser\u0103 produse de om \u00een UE. Mixul de combustibili, standardele locuin\u021belor, cre\u0219terea economic\u0103, dimensiunea popula\u021biei \u0219i activit\u0103\u021bile de transport \u0219i industriale sunt c\u00e2\u021biva factori care influen\u021beaz\u0103 emisiile de CO2 din utilizarea energiei, potrivit\u00a0<a href=\"https:\/\/ec.europa.eu\/eurostat\/web\/products-eurostat-news\/w\/DDN-20230609-2\">Eurostat<\/a>.<\/p>\n<p style=\"text-align: justify;\">Emisiile de CO2 sunt emise atunci c\u00e2nd sunt ar\u0219i combustibili fosili. De exemplu, utilizarea gazelor naturale importate pentru generarea de energie electric\u0103 duce la o cre\u0219tere a emisiilor \u00een \u021bara care a importat gazul. \u00cen schimb, importurile de energie electric\u0103 nu afecteaz\u0103 emisiile \u021b\u0103rii, acestea fiind raportate \u00een \u021bara \u00een care a fost produs\u0103 electricitatea. O analiz\u0103 mai aprofundat\u0103 trebuie s\u0103 ia \u00een considerare toate importurile \u0219i exporturile de diferite produse energetice primare \u0219i derivate, m\u0103rfuri cu emisii \u00eencorporate (cum ar fi fierul \u0219i o\u021belul), precum \u0219i, \u00een cazul transporturilor, turismul cu combustibili (adic\u0103, alimentarea unui vehicul \u00eentr-o \u021bar\u0103, dar consum\u00e2nd acel combustibil \u00eentr-o alt\u0103 \u021bar\u0103).<\/p>\n<p><img loading=\"lazy\" decoding=\"async\" class=\"aligncenter size-full wp-image-1736\" src=\"https:\/\/www.green24.ro\/wp-content\/uploads\/2023\/06\/co2-emissions-energy-use-2022.jpg\" alt=\"Emisiile de CO2\" width=\"800\" height=\"450\" srcset=\"https:\/\/www.green24.ro\/wp-content\/uploads\/2023\/06\/co2-emissions-energy-use-2022.jpg 800w, https:\/\/www.green24.ro\/wp-content\/uploads\/2023\/06\/co2-emissions-energy-use-2022-300x169.jpg 300w, https:\/\/www.green24.ro\/wp-content\/uploads\/2023\/06\/co2-emissions-energy-use-2022-768x432.jpg 768w\" sizes=\"auto, (max-width: 800px) 100vw, 800px\" \/><\/p>\n<p style=\"text-align: justify;\">Cele mai mari sc\u0103deri ale emisiilor de CO2 din utilizarea energiei teritoriale \u00een \u021a\u0103rile de Jos, Luxemburg, Belgia \u0219i Ungaria. \u00cen 2022, emisiile de CO2 din utilizarea energiei teritoriale au sc\u0103zut \u00een 17 \u021b\u0103ri UE. Cea mai mare sc\u0103dere a fost \u00eenregistrat\u0103 \u00een Olanda (-12,8%), urmat\u0103 de Luxemburg (-12%), Belgia (-9,7%) \u0219i Ungaria (-8,6%).<\/p>\n<p style=\"text-align: justify;\">Pe de alt\u0103 parte, Bulgaria a \u00eenregistrat cea mai mare cre\u0219tere a emisiilor de CO2 (+12%), urmat\u0103 de Portugalia (+9,9%) \u0219i Malta (+4,1%).<\/p>\n<p style=\"text-align: justify;\">Datele arat\u0103 c\u0103 numai Germania reprezint\u0103 un sfert din totalul emisiilor de CO2 ale UE din arderea combustibililor fosili pentru utilizarea energiei. Italia \u0219i Polonia (fiecare 12,4%) \u0219i Fran\u021ba (10,7%) au fost urm\u0103toarele pe lista UE a celor mai mari emi\u021b\u0103tori de CO2 \u00een 2022.<\/p>\n<p style=\"text-align: justify;\">\u00cen 2022, datele agregate arat\u0103 c\u0103 emisiile de CO2 provenite de la combustibilii fosili solizi (c\u0103rbune \u0219i \u0219isturi bituminoase, excluz\u00e2nd turba) au crescut u\u0219or la nivelul UE (+3 puncte procentuale; pp.), \u00een timp ce emisiile de petrol \u0219i produse petroliere au r\u0103mas aproximativ acelea\u0219i nivel ca \u00een 2021 (+1 pp). Pe de alt\u0103 parte, emisiile de CO2 din gaze naturale au sc\u0103zut semnificativ (-13 pp), reflect\u00e2nd, printre altele, eforturile investite de \u021b\u0103rile UE pentru atingerea obiectivului de reducere voluntar\u0103 a cererii de gaze introdus \u00een august 2022.<\/p>\n<pre>Sursa: <a href=\"https:\/\/green-report.ro\/emisiile-de-co2-au-scazut-in-ue-cu-28-ce-s-a-intamplat-in-romania\/\">GreenRepor<\/a>, <a href=\"https:\/\/www.pexels.com\/photo\/an-industrial-chimney-over-a-thick-fog-emitting-smoke-8884963\/\">foto<\/a><\/pre>\n","protected":false},"excerpt":{"rendered":"<p>Conform estim\u0103rilor Eurostat, \u00een 2022, emisiile UE de dioxid de carbon (CO2) din arderea combustibililor fosili (petrol \u0219i produse petroliere, gaze naturale, c\u0103rbune \u0219i turb\u0103) pentru utilizarea energiei pe teritoriul UE au atins aproape 2,4 gigatone (Gt), ceea ce indic\u0103 o sc\u0103dere cu 2,8%, comparativ cu anul precedent. Rom\u00e2nia \u0219i-a [&hellip;]<\/p>\n","protected":false},"author":1,"featured_media":1737,"comment_status":"open","ping_status":"open","sticky":false,"template":"","format":"standard","meta":{"content-type":"","footnotes":"","jetpack_publicize_message":"","jetpack_publicize_feature_enabled":true,"jetpack_social_post_already_shared":true,"jetpack_social_options":{"image_generator_settings":{"template":"highway","default_image_id":0,"font":"","enabled":false},"version":2}},"categories":[5,9,1,6,10],"tags":[],"class_list":["post-1735","post","type-post","status-publish","format-standard","has-post-thumbnail","hentry","category-blog","category-company","category-general","category-prime","category-slide"],"yoast_head":"<!-- This site is optimized with the Yoast SEO plugin v24.9 - https:\/\/yoast.com\/wordpress\/plugins\/seo\/ -->\n<title>Emisiile de CO2 au sc\u0103zut \u00een UE cu 2,8%. Ce s-a \u00eent\u00e2mplat \u00een Rom\u00e2nia? - Green24.ro<\/title>\n<meta name=\"description\" content=\"Conform estim\u0103rilor Eurostat, \u00een 2022, emisiile UE de dioxid de carbon (CO2) de pe teritoriul UE au atins aproape 2,4 gigatone (Gt).\" \/>\n<meta name=\"robots\" content=\"index, follow, max-snippet:-1, max-image-preview:large, max-video-preview:-1\" \/>\n<link rel=\"canonical\" href=\"https:\/\/www.green24.ro\/index.php\/2023\/06\/14\/romania-si-a-redus-emisiile-de-co2-yoy-cu-6\/\" \/>\n<meta property=\"og:locale\" content=\"en_US\" \/>\n<meta property=\"og:type\" content=\"article\" \/>\n<meta property=\"og:title\" content=\"Emisiile de CO2 au sc\u0103zut \u00een UE cu 2,8%. Ce s-a \u00eent\u00e2mplat \u00een Rom\u00e2nia? - Green24.ro\" \/>\n<meta property=\"og:description\" content=\"Conform estim\u0103rilor Eurostat, \u00een 2022, emisiile UE de dioxid de carbon (CO2) de pe teritoriul UE au atins aproape 2,4 gigatone (Gt).\" \/>\n<meta property=\"og:url\" content=\"https:\/\/www.green24.ro\/index.php\/2023\/06\/14\/romania-si-a-redus-emisiile-de-co2-yoy-cu-6\/\" \/>\n<meta property=\"og:site_name\" content=\"Green24.ro\" \/>\n<meta property=\"article:publisher\" content=\"https:\/\/www.facebook.com\/green24ro\/\" \/>\n<meta property=\"article:author\" content=\"https:\/\/www.facebook.com\/green24ro\/\" \/>\n<meta property=\"article:published_time\" content=\"2023-06-14T10:27:42+00:00\" \/>\n<meta property=\"article:modified_time\" content=\"2023-06-14T10:27:44+00:00\" \/>\n<meta property=\"og:image\" content=\"https:\/\/www.green24.ro\/wp-content\/uploads\/2023\/06\/pexels-\u0441\u0435\u0440\u0433\u0435\u0439-\u043d\u0435\u0441\u0442\u0435\u0440\u043e\u0432-8884963.jpg\" \/>\n\t<meta property=\"og:image:width\" content=\"1279\" \/>\n\t<meta property=\"og:image:height\" content=\"854\" \/>\n\t<meta property=\"og:image:type\" content=\"image\/jpeg\" \/>\n<meta name=\"author\" content=\"Redactia Green24\" \/>\n<meta name=\"twitter:card\" content=\"summary_large_image\" \/>\n<meta name=\"twitter:label1\" content=\"Written by\" \/>\n\t<meta name=\"twitter:data1\" content=\"Redactia Green24\" \/>\n\t<meta name=\"twitter:label2\" content=\"Est. reading time\" \/>\n\t<meta name=\"twitter:data2\" content=\"2 minutes\" \/>\n<script type=\"application\/ld+json\" class=\"yoast-schema-graph\">{\"@context\":\"https:\/\/schema.org\",\"@graph\":[{\"@type\":\"Article\",\"@id\":\"https:\/\/www.green24.ro\/index.php\/2023\/06\/14\/romania-si-a-redus-emisiile-de-co2-yoy-cu-6\/#article\",\"isPartOf\":{\"@id\":\"https:\/\/www.green24.ro\/index.php\/2023\/06\/14\/romania-si-a-redus-emisiile-de-co2-yoy-cu-6\/\"},\"author\":{\"name\":\"Redactia Green24\",\"@id\":\"https:\/\/www.green24.ro\/#\/schema\/person\/275c7d10a2dd4fb528a2c0ad5d633496\"},\"headline\":\"Emisiile de CO2 au sc\u0103zut \u00een UE cu 2,8%. Ce s-a \u00eent\u00e2mplat \u00een Rom\u00e2nia?\",\"datePublished\":\"2023-06-14T10:27:42+00:00\",\"dateModified\":\"2023-06-14T10:27:44+00:00\",\"mainEntityOfPage\":{\"@id\":\"https:\/\/www.green24.ro\/index.php\/2023\/06\/14\/romania-si-a-redus-emisiile-de-co2-yoy-cu-6\/\"},\"wordCount\":460,\"commentCount\":0,\"publisher\":{\"@id\":\"https:\/\/www.green24.ro\/#organization\"},\"image\":{\"@id\":\"https:\/\/www.green24.ro\/index.php\/2023\/06\/14\/romania-si-a-redus-emisiile-de-co2-yoy-cu-6\/#primaryimage\"},\"thumbnailUrl\":\"https:\/\/www.green24.ro\/wp-content\/uploads\/2023\/06\/pexels-\u0441\u0435\u0440\u0433\u0435\u0439-\u043d\u0435\u0441\u0442\u0435\u0440\u043e\u0432-8884963.jpg\",\"articleSection\":[\"Blog\",\"Company\",\"General\",\"Prime\",\"Slide\"],\"inLanguage\":\"en-US\",\"potentialAction\":[{\"@type\":\"CommentAction\",\"name\":\"Comment\",\"target\":[\"https:\/\/www.green24.ro\/index.php\/2023\/06\/14\/romania-si-a-redus-emisiile-de-co2-yoy-cu-6\/#respond\"]}]},{\"@type\":\"WebPage\",\"@id\":\"https:\/\/www.green24.ro\/index.php\/2023\/06\/14\/romania-si-a-redus-emisiile-de-co2-yoy-cu-6\/\",\"url\":\"https:\/\/www.green24.ro\/index.php\/2023\/06\/14\/romania-si-a-redus-emisiile-de-co2-yoy-cu-6\/\",\"name\":\"Emisiile de CO2 au sc\u0103zut \u00een UE cu 2,8%. Ce s-a \u00eent\u00e2mplat \u00een Rom\u00e2nia? - Green24.ro\",\"isPartOf\":{\"@id\":\"https:\/\/www.green24.ro\/#website\"},\"primaryImageOfPage\":{\"@id\":\"https:\/\/www.green24.ro\/index.php\/2023\/06\/14\/romania-si-a-redus-emisiile-de-co2-yoy-cu-6\/#primaryimage\"},\"image\":{\"@id\":\"https:\/\/www.green24.ro\/index.php\/2023\/06\/14\/romania-si-a-redus-emisiile-de-co2-yoy-cu-6\/#primaryimage\"},\"thumbnailUrl\":\"https:\/\/www.green24.ro\/wp-content\/uploads\/2023\/06\/pexels-\u0441\u0435\u0440\u0433\u0435\u0439-\u043d\u0435\u0441\u0442\u0435\u0440\u043e\u0432-8884963.jpg\",\"datePublished\":\"2023-06-14T10:27:42+00:00\",\"dateModified\":\"2023-06-14T10:27:44+00:00\",\"description\":\"Conform estim\u0103rilor Eurostat, \u00een 2022, emisiile UE de dioxid de carbon (CO2) de pe teritoriul UE au atins aproape 2,4 gigatone (Gt).\",\"breadcrumb\":{\"@id\":\"https:\/\/www.green24.ro\/index.php\/2023\/06\/14\/romania-si-a-redus-emisiile-de-co2-yoy-cu-6\/#breadcrumb\"},\"inLanguage\":\"en-US\",\"potentialAction\":[{\"@type\":\"ReadAction\",\"target\":[\"https:\/\/www.green24.ro\/index.php\/2023\/06\/14\/romania-si-a-redus-emisiile-de-co2-yoy-cu-6\/\"]}]},{\"@type\":\"ImageObject\",\"inLanguage\":\"en-US\",\"@id\":\"https:\/\/www.green24.ro\/index.php\/2023\/06\/14\/romania-si-a-redus-emisiile-de-co2-yoy-cu-6\/#primaryimage\",\"url\":\"https:\/\/www.green24.ro\/wp-content\/uploads\/2023\/06\/pexels-\u0441\u0435\u0440\u0433\u0435\u0439-\u043d\u0435\u0441\u0442\u0435\u0440\u043e\u0432-8884963.jpg\",\"contentUrl\":\"https:\/\/www.green24.ro\/wp-content\/uploads\/2023\/06\/pexels-\u0441\u0435\u0440\u0433\u0435\u0439-\u043d\u0435\u0441\u0442\u0435\u0440\u043e\u0432-8884963.jpg\",\"width\":1279,\"height\":854,\"caption\":\"Emisiile de CO2 au sc\u0103zut \u00een UE cu 2,8%\"},{\"@type\":\"BreadcrumbList\",\"@id\":\"https:\/\/www.green24.ro\/index.php\/2023\/06\/14\/romania-si-a-redus-emisiile-de-co2-yoy-cu-6\/#breadcrumb\",\"itemListElement\":[{\"@type\":\"ListItem\",\"position\":1,\"name\":\"Home\",\"item\":\"https:\/\/www.green24.ro\/\"},{\"@type\":\"ListItem\",\"position\":2,\"name\":\"Emisiile de CO2 au sc\u0103zut \u00een UE cu 2,8%. Ce s-a \u00eent\u00e2mplat \u00een Rom\u00e2nia?\"}]},{\"@type\":\"WebSite\",\"@id\":\"https:\/\/www.green24.ro\/#website\",\"url\":\"https:\/\/www.green24.ro\/\",\"name\":\"Green24.ro\",\"description\":\"Antreprenoriat verde si responsabilitatea social\u0103\",\"publisher\":{\"@id\":\"https:\/\/www.green24.ro\/#organization\"},\"potentialAction\":[{\"@type\":\"SearchAction\",\"target\":{\"@type\":\"EntryPoint\",\"urlTemplate\":\"https:\/\/www.green24.ro\/?s={search_term_string}\"},\"query-input\":{\"@type\":\"PropertyValueSpecification\",\"valueRequired\":true,\"valueName\":\"search_term_string\"}}],\"inLanguage\":\"en-US\"},{\"@type\":\"Organization\",\"@id\":\"https:\/\/www.green24.ro\/#organization\",\"name\":\"Green24\",\"url\":\"https:\/\/www.green24.ro\/\",\"logo\":{\"@type\":\"ImageObject\",\"inLanguage\":\"en-US\",\"@id\":\"https:\/\/www.green24.ro\/#\/schema\/logo\/image\/\",\"url\":\"https:\/\/www.green24.ro\/wp-content\/uploads\/2022\/02\/green24-17-e1643806452346.png\",\"contentUrl\":\"https:\/\/www.green24.ro\/wp-content\/uploads\/2022\/02\/green24-17-e1643806452346.png\",\"width\":174,\"height\":174,\"caption\":\"Green24\"},\"image\":{\"@id\":\"https:\/\/www.green24.ro\/#\/schema\/logo\/image\/\"},\"sameAs\":[\"https:\/\/www.facebook.com\/green24ro\/\"]},{\"@type\":\"Person\",\"@id\":\"https:\/\/www.green24.ro\/#\/schema\/person\/275c7d10a2dd4fb528a2c0ad5d633496\",\"name\":\"Redactia Green24\",\"image\":{\"@type\":\"ImageObject\",\"inLanguage\":\"en-US\",\"@id\":\"https:\/\/www.green24.ro\/#\/schema\/person\/image\/\",\"url\":\"https:\/\/secure.gravatar.com\/avatar\/ff0d3a759f98829f7ca35637ba02cb3c?s=96&d=mm&r=g\",\"contentUrl\":\"https:\/\/secure.gravatar.com\/avatar\/ff0d3a759f98829f7ca35637ba02cb3c?s=96&d=mm&r=g\",\"caption\":\"Redactia Green24\"},\"description\":\"Green24.ro este sursa zilnic\u0103 de \u0219tiri, online, pentru cei interesa\u021bi de mediul \u00eenconjur\u0103tor.\",\"sameAs\":[\"https:\/\/green24.ro\",\"https:\/\/www.facebook.com\/green24ro\/\"],\"url\":\"https:\/\/www.green24.ro\/index.php\/author\/admin\/\"}]}<\/script>\n<!-- \/ Yoast SEO plugin. -->","yoast_head_json":{"title":"Emisiile de CO2 au sc\u0103zut \u00een UE cu 2,8%. Ce s-a \u00eent\u00e2mplat \u00een Rom\u00e2nia? - Green24.ro","description":"Conform estim\u0103rilor Eurostat, \u00een 2022, emisiile UE de dioxid de carbon (CO2) de pe teritoriul UE au atins aproape 2,4 gigatone (Gt).","robots":{"index":"index","follow":"follow","max-snippet":"max-snippet:-1","max-image-preview":"max-image-preview:large","max-video-preview":"max-video-preview:-1"},"canonical":"https:\/\/www.green24.ro\/index.php\/2023\/06\/14\/romania-si-a-redus-emisiile-de-co2-yoy-cu-6\/","og_locale":"en_US","og_type":"article","og_title":"Emisiile de CO2 au sc\u0103zut \u00een UE cu 2,8%. Ce s-a \u00eent\u00e2mplat \u00een Rom\u00e2nia? - Green24.ro","og_description":"Conform estim\u0103rilor Eurostat, \u00een 2022, emisiile UE de dioxid de carbon (CO2) de pe teritoriul UE au atins aproape 2,4 gigatone (Gt).","og_url":"https:\/\/www.green24.ro\/index.php\/2023\/06\/14\/romania-si-a-redus-emisiile-de-co2-yoy-cu-6\/","og_site_name":"Green24.ro","article_publisher":"https:\/\/www.facebook.com\/green24ro\/","article_author":"https:\/\/www.facebook.com\/green24ro\/","article_published_time":"2023-06-14T10:27:42+00:00","article_modified_time":"2023-06-14T10:27:44+00:00","og_image":[{"width":1279,"height":854,"url":"https:\/\/www.green24.ro\/wp-content\/uploads\/2023\/06\/pexels-\u0441\u0435\u0440\u0433\u0435\u0439-\u043d\u0435\u0441\u0442\u0435\u0440\u043e\u0432-8884963.jpg","type":"image\/jpeg"}],"author":"Redactia Green24","twitter_card":"summary_large_image","twitter_misc":{"Written by":"Redactia Green24","Est. reading time":"2 minutes"},"schema":{"@context":"https:\/\/schema.org","@graph":[{"@type":"Article","@id":"https:\/\/www.green24.ro\/index.php\/2023\/06\/14\/romania-si-a-redus-emisiile-de-co2-yoy-cu-6\/#article","isPartOf":{"@id":"https:\/\/www.green24.ro\/index.php\/2023\/06\/14\/romania-si-a-redus-emisiile-de-co2-yoy-cu-6\/"},"author":{"name":"Redactia Green24","@id":"https:\/\/www.green24.ro\/#\/schema\/person\/275c7d10a2dd4fb528a2c0ad5d633496"},"headline":"Emisiile de CO2 au sc\u0103zut \u00een UE cu 2,8%. Ce s-a \u00eent\u00e2mplat \u00een Rom\u00e2nia?","datePublished":"2023-06-14T10:27:42+00:00","dateModified":"2023-06-14T10:27:44+00:00","mainEntityOfPage":{"@id":"https:\/\/www.green24.ro\/index.php\/2023\/06\/14\/romania-si-a-redus-emisiile-de-co2-yoy-cu-6\/"},"wordCount":460,"commentCount":0,"publisher":{"@id":"https:\/\/www.green24.ro\/#organization"},"image":{"@id":"https:\/\/www.green24.ro\/index.php\/2023\/06\/14\/romania-si-a-redus-emisiile-de-co2-yoy-cu-6\/#primaryimage"},"thumbnailUrl":"https:\/\/www.green24.ro\/wp-content\/uploads\/2023\/06\/pexels-\u0441\u0435\u0440\u0433\u0435\u0439-\u043d\u0435\u0441\u0442\u0435\u0440\u043e\u0432-8884963.jpg","articleSection":["Blog","Company","General","Prime","Slide"],"inLanguage":"en-US","potentialAction":[{"@type":"CommentAction","name":"Comment","target":["https:\/\/www.green24.ro\/index.php\/2023\/06\/14\/romania-si-a-redus-emisiile-de-co2-yoy-cu-6\/#respond"]}]},{"@type":"WebPage","@id":"https:\/\/www.green24.ro\/index.php\/2023\/06\/14\/romania-si-a-redus-emisiile-de-co2-yoy-cu-6\/","url":"https:\/\/www.green24.ro\/index.php\/2023\/06\/14\/romania-si-a-redus-emisiile-de-co2-yoy-cu-6\/","name":"Emisiile de CO2 au sc\u0103zut \u00een UE cu 2,8%. Ce s-a \u00eent\u00e2mplat \u00een Rom\u00e2nia? - Green24.ro","isPartOf":{"@id":"https:\/\/www.green24.ro\/#website"},"primaryImageOfPage":{"@id":"https:\/\/www.green24.ro\/index.php\/2023\/06\/14\/romania-si-a-redus-emisiile-de-co2-yoy-cu-6\/#primaryimage"},"image":{"@id":"https:\/\/www.green24.ro\/index.php\/2023\/06\/14\/romania-si-a-redus-emisiile-de-co2-yoy-cu-6\/#primaryimage"},"thumbnailUrl":"https:\/\/www.green24.ro\/wp-content\/uploads\/2023\/06\/pexels-\u0441\u0435\u0440\u0433\u0435\u0439-\u043d\u0435\u0441\u0442\u0435\u0440\u043e\u0432-8884963.jpg","datePublished":"2023-06-14T10:27:42+00:00","dateModified":"2023-06-14T10:27:44+00:00","description":"Conform estim\u0103rilor Eurostat, \u00een 2022, emisiile UE de dioxid de carbon (CO2) de pe teritoriul UE au atins aproape 2,4 gigatone (Gt).","breadcrumb":{"@id":"https:\/\/www.green24.ro\/index.php\/2023\/06\/14\/romania-si-a-redus-emisiile-de-co2-yoy-cu-6\/#breadcrumb"},"inLanguage":"en-US","potentialAction":[{"@type":"ReadAction","target":["https:\/\/www.green24.ro\/index.php\/2023\/06\/14\/romania-si-a-redus-emisiile-de-co2-yoy-cu-6\/"]}]},{"@type":"ImageObject","inLanguage":"en-US","@id":"https:\/\/www.green24.ro\/index.php\/2023\/06\/14\/romania-si-a-redus-emisiile-de-co2-yoy-cu-6\/#primaryimage","url":"https:\/\/www.green24.ro\/wp-content\/uploads\/2023\/06\/pexels-\u0441\u0435\u0440\u0433\u0435\u0439-\u043d\u0435\u0441\u0442\u0435\u0440\u043e\u0432-8884963.jpg","contentUrl":"https:\/\/www.green24.ro\/wp-content\/uploads\/2023\/06\/pexels-\u0441\u0435\u0440\u0433\u0435\u0439-\u043d\u0435\u0441\u0442\u0435\u0440\u043e\u0432-8884963.jpg","width":1279,"height":854,"caption":"Emisiile de CO2 au sc\u0103zut \u00een UE cu 2,8%"},{"@type":"BreadcrumbList","@id":"https:\/\/www.green24.ro\/index.php\/2023\/06\/14\/romania-si-a-redus-emisiile-de-co2-yoy-cu-6\/#breadcrumb","itemListElement":[{"@type":"ListItem","position":1,"name":"Home","item":"https:\/\/www.green24.ro\/"},{"@type":"ListItem","position":2,"name":"Emisiile de CO2 au sc\u0103zut \u00een UE cu 2,8%. Ce s-a \u00eent\u00e2mplat \u00een Rom\u00e2nia?"}]},{"@type":"WebSite","@id":"https:\/\/www.green24.ro\/#website","url":"https:\/\/www.green24.ro\/","name":"Green24.ro","description":"Antreprenoriat verde si responsabilitatea social\u0103","publisher":{"@id":"https:\/\/www.green24.ro\/#organization"},"potentialAction":[{"@type":"SearchAction","target":{"@type":"EntryPoint","urlTemplate":"https:\/\/www.green24.ro\/?s={search_term_string}"},"query-input":{"@type":"PropertyValueSpecification","valueRequired":true,"valueName":"search_term_string"}}],"inLanguage":"en-US"},{"@type":"Organization","@id":"https:\/\/www.green24.ro\/#organization","name":"Green24","url":"https:\/\/www.green24.ro\/","logo":{"@type":"ImageObject","inLanguage":"en-US","@id":"https:\/\/www.green24.ro\/#\/schema\/logo\/image\/","url":"https:\/\/www.green24.ro\/wp-content\/uploads\/2022\/02\/green24-17-e1643806452346.png","contentUrl":"https:\/\/www.green24.ro\/wp-content\/uploads\/2022\/02\/green24-17-e1643806452346.png","width":174,"height":174,"caption":"Green24"},"image":{"@id":"https:\/\/www.green24.ro\/#\/schema\/logo\/image\/"},"sameAs":["https:\/\/www.facebook.com\/green24ro\/"]},{"@type":"Person","@id":"https:\/\/www.green24.ro\/#\/schema\/person\/275c7d10a2dd4fb528a2c0ad5d633496","name":"Redactia Green24","image":{"@type":"ImageObject","inLanguage":"en-US","@id":"https:\/\/www.green24.ro\/#\/schema\/person\/image\/","url":"https:\/\/secure.gravatar.com\/avatar\/ff0d3a759f98829f7ca35637ba02cb3c?s=96&d=mm&r=g","contentUrl":"https:\/\/secure.gravatar.com\/avatar\/ff0d3a759f98829f7ca35637ba02cb3c?s=96&d=mm&r=g","caption":"Redactia Green24"},"description":"Green24.ro este sursa zilnic\u0103 de \u0219tiri, online, pentru cei interesa\u021bi de mediul \u00eenconjur\u0103tor.","sameAs":["https:\/\/green24.ro","https:\/\/www.facebook.com\/green24ro\/"],"url":"https:\/\/www.green24.ro\/index.php\/author\/admin\/"}]}},"jetpack_publicize_connections":[],"jetpack_featured_media_url":"https:\/\/www.green24.ro\/wp-content\/uploads\/2023\/06\/pexels-\u0441\u0435\u0440\u0433\u0435\u0439-\u043d\u0435\u0441\u0442\u0435\u0440\u043e\u0432-8884963.jpg","jetpack_sharing_enabled":true,"_links":{"self":[{"href":"https:\/\/www.green24.ro\/index.php\/wp-json\/wp\/v2\/posts\/1735","targetHints":{"allow":["GET"]}}],"collection":[{"href":"https:\/\/www.green24.ro\/index.php\/wp-json\/wp\/v2\/posts"}],"about":[{"href":"https:\/\/www.green24.ro\/index.php\/wp-json\/wp\/v2\/types\/post"}],"author":[{"embeddable":true,"href":"https:\/\/www.green24.ro\/index.php\/wp-json\/wp\/v2\/users\/1"}],"replies":[{"embeddable":true,"href":"https:\/\/www.green24.ro\/index.php\/wp-json\/wp\/v2\/comments?post=1735"}],"version-history":[{"count":1,"href":"https:\/\/www.green24.ro\/index.php\/wp-json\/wp\/v2\/posts\/1735\/revisions"}],"predecessor-version":[{"id":1738,"href":"https:\/\/www.green24.ro\/index.php\/wp-json\/wp\/v2\/posts\/1735\/revisions\/1738"}],"wp:featuredmedia":[{"embeddable":true,"href":"https:\/\/www.green24.ro\/index.php\/wp-json\/wp\/v2\/media\/1737"}],"wp:attachment":[{"href":"https:\/\/www.green24.ro\/index.php\/wp-json\/wp\/v2\/media?parent=1735"}],"wp:term":[{"taxonomy":"category","embeddable":true,"href":"https:\/\/www.green24.ro\/index.php\/wp-json\/wp\/v2\/categories?post=1735"},{"taxonomy":"post_tag","embeddable":true,"href":"https:\/\/www.green24.ro\/index.php\/wp-json\/wp\/v2\/tags?post=1735"}],"curies":[{"name":"wp","href":"https:\/\/api.w.org\/{rel}","templated":true}]}}