{"id":1719,"date":"2023-06-04T11:34:32","date_gmt":"2023-06-04T09:34:32","guid":{"rendered":"https:\/\/www.green24.ro\/?p=1719"},"modified":"2023-06-04T11:34:36","modified_gmt":"2023-06-04T09:34:36","slug":"ziua-mondiala-a-bicicletei-celebrand-un-mijloc-de-transport-durabil-si-accesibil","status":"publish","type":"post","link":"https:\/\/www.green24.ro\/index.php\/2023\/06\/04\/ziua-mondiala-a-bicicletei-celebrand-un-mijloc-de-transport-durabil-si-accesibil\/","title":{"rendered":"Ziua Mondial\u0103 a Bicicletei: Celebr\u00e2nd un mijloc de transport durabil \u0219i accesibil"},"content":{"rendered":"<p>Ziua Mondial\u0103 a Bicicletei este s\u0103rb\u0103torit\u0103 \u00een fiecare an, pe 3 iunie, pentru a promova transportul durabil care contribuie at\u00e2t la dezvoltarea durabil\u0103 a societ\u0103\u021bii, c\u00e2t \u0219i la s\u0103n\u0103tatea \u0219i bun\u0103starea oamenilor.<\/p>\n<p>Lumea a s\u0103rb\u0103torit pentru prima dat\u0103 acest mijloc de transport accesibil, fiabil \u0219i durabil \u00een 2018, c\u00e2nd Adunarea General\u0103 a Na\u021biunilor Unite a declarat 3 iunie Ziua Mondial\u0103 a Bicicletei. Ziua este rezultatul campaniei lui Leszek Sibilski, profesor polonez-american \u0219i activist pentru promovarea ciclismului, \u0219i a sprijinului a 57 de \u021b\u0103ri pentru a recunoa\u0219te Ziua Mondial\u0103 a Bicicletei. Adunarea a luat \u00een considerare \u0219i versatilitatea \u0219i longevitatea bicicletei, care a servit ca mijloc durabil de transport de dou\u0103 secole.<\/p>\n<p>Ziua Mondial\u0103 a Bicicletei a devenit \u0219i mai semnificativ\u0103 \u00een timpurile actuale, c\u00e2nd lumea este \u00eenconjurat\u0103 de probleme de s\u0103n\u0103tate \u0219i exist\u0103 o lips\u0103 de activit\u0103\u021bi fizice printre oameni. Ziua este acum asociat\u0103 cu promovarea unui stil de via\u021b\u0103 s\u0103n\u0103tos. Bicicleta este un simbol al transportului durabil \u0219i transmite un mesaj pozitiv pentru a promova consumul \u0219i produc\u021bia durabil\u0103.<\/p>\n<p>Ce \u00eenseamn\u0103 bicicleta pentru ora\u0219ele noastre?<\/p>\n<p>Ca \u00eentotdeauna, ora\u0219ele sunt un exemplu deoarece aici\u00a0poten\u021bialul ciclismului\u00a0iese cu adev\u0103rat \u00een eviden\u021b\u0103. Doar simplul fapt ca mai mul\u021bi oameni s\u0103 foloseasc\u0103 bicicleta \u0219i nu automobilul \u00een deplas\u0103rile zilnice duce la o cre\u0219tere a calit\u0103\u021bii aerului.<\/p>\n<p>Comisia Lancet pentru poluare \u0219i s\u0103n\u0103tate\u00a0tocmai\u00a0\u0219i-a actualizat concluziile\u00a0pentru a ar\u0103ta c\u0103 poluarea este responsabil\u0103 pentru aproximativ nou\u0103 milioane de decese pe an, adic\u0103 unul din \u0219ase decese la nivel mondial.<\/p>\n<p>Poluarea transporturilor contribuie semnificativ la aceste decese, iar emisiile din conductele de evacuare reprezint\u0103 p\u00e2n\u0103 la 30% din particulele fine din zonele urbane. Transportul motorizat este cea mai mare surs\u0103 de emisii de dioxid de azot \u0219i benzen \u00een ora\u0219e. Mai simplu spus, avem nevoie de mai mult ciclism pentru a avea aer mai curat \u00een ora\u0219ele noastre.<\/p>\n<p>Mai mult ciclism scade, de asemenea,\u00a0poluarea fonic\u0103, despre care studiile arat\u0103 c\u0103 este la fel de d\u0103un\u0103toare ca poluarea aerului, deoarece nivelurile de zgomot produse de traficul rutier dep\u0103\u0219esc adesea nivelurile acceptabile \u0219i au un impact negativ asupra s\u0103n\u0103t\u0103\u021bii umane.<\/p>\n<p>Parisul arat\u0103 modul \u00een care ora\u0219ele pot inova pentru a combate poluarea fonic\u0103 combin\u00e2nd ciclismul cu instalarea de monitoare \u00een tot ora\u0219ul, identific\u00e2nd \u0219oferii care \u00eencalc\u0103 reglement\u0103rile privind zgomotul urban.<\/p>\n<p>Un alt efect major al mai multor biciclete \u00een ora\u0219e este \u00eembun\u0103t\u0103\u021birea gradului de locuit \u0219i siguran\u021ba rutier\u0103. Implementarea limitelor de vitez\u0103 de 30 km\/h \u00een diferite ora\u0219e din Europa \u00eencetine\u0219te traficul auto \u0219i duce la reduceri semnificative ale deceselor rutiere, cum ar fi la Bruxelles, unde s-a \u00eenregistrat o reducere cu 50% a deceselor rutiere de la implementarea limitelor de vitez\u0103 de 30 km\/h.<\/p>\n<p>Aceste practici ofer\u0103 oamenilor oportunit\u0103\u021bi de a merge cu bicicleta, deoarece una dintre principalele bariere pentru ca oamenii s\u0103 mearg\u0103 cu bicicleta este amenin\u021barea perceput\u0103 de pericol pe drumuri.<\/p>\n<p><a href=\"https:\/\/green-report.ro\/ziua-mondiala-a-bicicletei-celebrand-un-mijloc-de-transport-durabil-si-accesibil\/\">Sursa: GreenReport<\/a><\/p>\n<p><a href=\"https:\/\/www.hitfm.ro\/stiri-alba\/3-iunie-ziua-mondiala-a-bicicletei\/\">Photo<\/a><\/p>\n","protected":false},"excerpt":{"rendered":"<p>Ziua Mondial\u0103 a Bicicletei este s\u0103rb\u0103torit\u0103 \u00een fiecare an, pe 3 iunie, pentru a promova transportul durabil care contribuie at\u00e2t la dezvoltarea durabil\u0103 a societ\u0103\u021bii, c\u00e2t \u0219i la s\u0103n\u0103tatea \u0219i bun\u0103starea oamenilor. Lumea a s\u0103rb\u0103torit pentru prima dat\u0103 acest mijloc de transport accesibil, fiabil \u0219i durabil \u00een 2018, c\u00e2nd Adunarea [&hellip;]<\/p>\n","protected":false},"author":4,"featured_media":1720,"comment_status":"open","ping_status":"open","sticky":false,"template":"","format":"standard","meta":{"content-type":"","footnotes":"","jetpack_publicize_message":"","jetpack_publicize_feature_enabled":true,"jetpack_social_post_already_shared":true,"jetpack_social_options":{"image_generator_settings":{"template":"highway","default_image_id":0,"font":"","enabled":false},"version":2}},"categories":[5,6,10],"tags":[],"class_list":["post-1719","post","type-post","status-publish","format-standard","has-post-thumbnail","hentry","category-blog","category-prime","category-slide"],"yoast_head":"<!-- This site is optimized with the Yoast SEO plugin v24.9 - https:\/\/yoast.com\/wordpress\/plugins\/seo\/ -->\n<title>Ziua Mondial\u0103 a Bicicletei: Celebr\u00e2nd un mijloc de transport durabil \u0219i accesibil - Green24.ro<\/title>\n<meta name=\"robots\" content=\"index, follow, max-snippet:-1, max-image-preview:large, max-video-preview:-1\" \/>\n<link rel=\"canonical\" href=\"https:\/\/www.green24.ro\/index.php\/2023\/06\/04\/ziua-mondiala-a-bicicletei-celebrand-un-mijloc-de-transport-durabil-si-accesibil\/\" \/>\n<meta property=\"og:locale\" content=\"en_US\" \/>\n<meta property=\"og:type\" content=\"article\" \/>\n<meta property=\"og:title\" content=\"Ziua Mondial\u0103 a Bicicletei: Celebr\u00e2nd un mijloc de transport durabil \u0219i accesibil - Green24.ro\" \/>\n<meta property=\"og:description\" content=\"Ziua Mondial\u0103 a Bicicletei este s\u0103rb\u0103torit\u0103 \u00een fiecare an, pe 3 iunie, pentru a promova transportul durabil care contribuie at\u00e2t la dezvoltarea durabil\u0103 a societ\u0103\u021bii, c\u00e2t \u0219i la s\u0103n\u0103tatea \u0219i bun\u0103starea oamenilor. Lumea a s\u0103rb\u0103torit pentru prima dat\u0103 acest mijloc de transport accesibil, fiabil \u0219i durabil \u00een 2018, c\u00e2nd Adunarea [&hellip;]\" \/>\n<meta property=\"og:url\" content=\"https:\/\/www.green24.ro\/index.php\/2023\/06\/04\/ziua-mondiala-a-bicicletei-celebrand-un-mijloc-de-transport-durabil-si-accesibil\/\" \/>\n<meta property=\"og:site_name\" content=\"Green24.ro\" \/>\n<meta property=\"article:publisher\" content=\"https:\/\/www.facebook.com\/green24ro\/\" \/>\n<meta property=\"article:published_time\" content=\"2023-06-04T09:34:32+00:00\" \/>\n<meta property=\"article:modified_time\" content=\"2023-06-04T09:34:36+00:00\" \/>\n<meta property=\"og:image\" content=\"https:\/\/www.green24.ro\/wp-content\/uploads\/2023\/06\/ziua.jpg\" \/>\n\t<meta property=\"og:image:width\" content=\"483\" \/>\n\t<meta property=\"og:image:height\" content=\"365\" \/>\n\t<meta property=\"og:image:type\" content=\"image\/jpeg\" \/>\n<meta name=\"author\" content=\"Simona Popescu\" \/>\n<meta name=\"twitter:card\" content=\"summary_large_image\" \/>\n<meta name=\"twitter:label1\" content=\"Written by\" \/>\n\t<meta name=\"twitter:data1\" content=\"Simona Popescu\" \/>\n\t<meta name=\"twitter:label2\" content=\"Est. reading time\" \/>\n\t<meta name=\"twitter:data2\" content=\"3 minutes\" \/>\n<script type=\"application\/ld+json\" class=\"yoast-schema-graph\">{\"@context\":\"https:\/\/schema.org\",\"@graph\":[{\"@type\":\"Article\",\"@id\":\"https:\/\/www.green24.ro\/index.php\/2023\/06\/04\/ziua-mondiala-a-bicicletei-celebrand-un-mijloc-de-transport-durabil-si-accesibil\/#article\",\"isPartOf\":{\"@id\":\"https:\/\/www.green24.ro\/index.php\/2023\/06\/04\/ziua-mondiala-a-bicicletei-celebrand-un-mijloc-de-transport-durabil-si-accesibil\/\"},\"author\":{\"name\":\"Simona Popescu\",\"@id\":\"https:\/\/www.green24.ro\/#\/schema\/person\/127c272d98a106bf1987c4ae6735cc91\"},\"headline\":\"Ziua Mondial\u0103 a Bicicletei: Celebr\u00e2nd un mijloc de transport durabil \u0219i accesibil\",\"datePublished\":\"2023-06-04T09:34:32+00:00\",\"dateModified\":\"2023-06-04T09:34:36+00:00\",\"mainEntityOfPage\":{\"@id\":\"https:\/\/www.green24.ro\/index.php\/2023\/06\/04\/ziua-mondiala-a-bicicletei-celebrand-un-mijloc-de-transport-durabil-si-accesibil\/\"},\"wordCount\":533,\"commentCount\":0,\"publisher\":{\"@id\":\"https:\/\/www.green24.ro\/#organization\"},\"image\":{\"@id\":\"https:\/\/www.green24.ro\/index.php\/2023\/06\/04\/ziua-mondiala-a-bicicletei-celebrand-un-mijloc-de-transport-durabil-si-accesibil\/#primaryimage\"},\"thumbnailUrl\":\"https:\/\/www.green24.ro\/wp-content\/uploads\/2023\/06\/ziua.jpg\",\"articleSection\":[\"Blog\",\"Prime\",\"Slide\"],\"inLanguage\":\"en-US\",\"potentialAction\":[{\"@type\":\"CommentAction\",\"name\":\"Comment\",\"target\":[\"https:\/\/www.green24.ro\/index.php\/2023\/06\/04\/ziua-mondiala-a-bicicletei-celebrand-un-mijloc-de-transport-durabil-si-accesibil\/#respond\"]}]},{\"@type\":\"WebPage\",\"@id\":\"https:\/\/www.green24.ro\/index.php\/2023\/06\/04\/ziua-mondiala-a-bicicletei-celebrand-un-mijloc-de-transport-durabil-si-accesibil\/\",\"url\":\"https:\/\/www.green24.ro\/index.php\/2023\/06\/04\/ziua-mondiala-a-bicicletei-celebrand-un-mijloc-de-transport-durabil-si-accesibil\/\",\"name\":\"Ziua Mondial\u0103 a Bicicletei: Celebr\u00e2nd un mijloc de transport durabil \u0219i accesibil - Green24.ro\",\"isPartOf\":{\"@id\":\"https:\/\/www.green24.ro\/#website\"},\"primaryImageOfPage\":{\"@id\":\"https:\/\/www.green24.ro\/index.php\/2023\/06\/04\/ziua-mondiala-a-bicicletei-celebrand-un-mijloc-de-transport-durabil-si-accesibil\/#primaryimage\"},\"image\":{\"@id\":\"https:\/\/www.green24.ro\/index.php\/2023\/06\/04\/ziua-mondiala-a-bicicletei-celebrand-un-mijloc-de-transport-durabil-si-accesibil\/#primaryimage\"},\"thumbnailUrl\":\"https:\/\/www.green24.ro\/wp-content\/uploads\/2023\/06\/ziua.jpg\",\"datePublished\":\"2023-06-04T09:34:32+00:00\",\"dateModified\":\"2023-06-04T09:34:36+00:00\",\"breadcrumb\":{\"@id\":\"https:\/\/www.green24.ro\/index.php\/2023\/06\/04\/ziua-mondiala-a-bicicletei-celebrand-un-mijloc-de-transport-durabil-si-accesibil\/#breadcrumb\"},\"inLanguage\":\"en-US\",\"potentialAction\":[{\"@type\":\"ReadAction\",\"target\":[\"https:\/\/www.green24.ro\/index.php\/2023\/06\/04\/ziua-mondiala-a-bicicletei-celebrand-un-mijloc-de-transport-durabil-si-accesibil\/\"]}]},{\"@type\":\"ImageObject\",\"inLanguage\":\"en-US\",\"@id\":\"https:\/\/www.green24.ro\/index.php\/2023\/06\/04\/ziua-mondiala-a-bicicletei-celebrand-un-mijloc-de-transport-durabil-si-accesibil\/#primaryimage\",\"url\":\"https:\/\/www.green24.ro\/wp-content\/uploads\/2023\/06\/ziua.jpg\",\"contentUrl\":\"https:\/\/www.green24.ro\/wp-content\/uploads\/2023\/06\/ziua.jpg\",\"width\":483,\"height\":365,\"caption\":\"Ziua Mondial\u0103 a Bicicletei: Celebr\u00e2nd un mijloc de transport durabil \u0219i accesibil\"},{\"@type\":\"BreadcrumbList\",\"@id\":\"https:\/\/www.green24.ro\/index.php\/2023\/06\/04\/ziua-mondiala-a-bicicletei-celebrand-un-mijloc-de-transport-durabil-si-accesibil\/#breadcrumb\",\"itemListElement\":[{\"@type\":\"ListItem\",\"position\":1,\"name\":\"Home\",\"item\":\"https:\/\/www.green24.ro\/\"},{\"@type\":\"ListItem\",\"position\":2,\"name\":\"Ziua Mondial\u0103 a Bicicletei: Celebr\u00e2nd un mijloc de transport durabil \u0219i accesibil\"}]},{\"@type\":\"WebSite\",\"@id\":\"https:\/\/www.green24.ro\/#website\",\"url\":\"https:\/\/www.green24.ro\/\",\"name\":\"Green24.ro\",\"description\":\"Antreprenoriat verde si responsabilitatea social\u0103\",\"publisher\":{\"@id\":\"https:\/\/www.green24.ro\/#organization\"},\"potentialAction\":[{\"@type\":\"SearchAction\",\"target\":{\"@type\":\"EntryPoint\",\"urlTemplate\":\"https:\/\/www.green24.ro\/?s={search_term_string}\"},\"query-input\":{\"@type\":\"PropertyValueSpecification\",\"valueRequired\":true,\"valueName\":\"search_term_string\"}}],\"inLanguage\":\"en-US\"},{\"@type\":\"Organization\",\"@id\":\"https:\/\/www.green24.ro\/#organization\",\"name\":\"Green24\",\"url\":\"https:\/\/www.green24.ro\/\",\"logo\":{\"@type\":\"ImageObject\",\"inLanguage\":\"en-US\",\"@id\":\"https:\/\/www.green24.ro\/#\/schema\/logo\/image\/\",\"url\":\"https:\/\/www.green24.ro\/wp-content\/uploads\/2022\/02\/green24-17-e1643806452346.png\",\"contentUrl\":\"https:\/\/www.green24.ro\/wp-content\/uploads\/2022\/02\/green24-17-e1643806452346.png\",\"width\":174,\"height\":174,\"caption\":\"Green24\"},\"image\":{\"@id\":\"https:\/\/www.green24.ro\/#\/schema\/logo\/image\/\"},\"sameAs\":[\"https:\/\/www.facebook.com\/green24ro\/\"]},{\"@type\":\"Person\",\"@id\":\"https:\/\/www.green24.ro\/#\/schema\/person\/127c272d98a106bf1987c4ae6735cc91\",\"name\":\"Simona Popescu\",\"image\":{\"@type\":\"ImageObject\",\"inLanguage\":\"en-US\",\"@id\":\"https:\/\/www.green24.ro\/#\/schema\/person\/image\/\",\"url\":\"https:\/\/secure.gravatar.com\/avatar\/80dd8d46f762d60f349fe91c31182265?s=96&d=mm&r=g\",\"contentUrl\":\"https:\/\/secure.gravatar.com\/avatar\/80dd8d46f762d60f349fe91c31182265?s=96&d=mm&r=g\",\"caption\":\"Simona Popescu\"},\"url\":\"https:\/\/www.green24.ro\/index.php\/author\/simona-popescu\/\"}]}<\/script>\n<!-- \/ Yoast SEO plugin. -->","yoast_head_json":{"title":"Ziua Mondial\u0103 a Bicicletei: Celebr\u00e2nd un mijloc de transport durabil \u0219i accesibil - Green24.ro","robots":{"index":"index","follow":"follow","max-snippet":"max-snippet:-1","max-image-preview":"max-image-preview:large","max-video-preview":"max-video-preview:-1"},"canonical":"https:\/\/www.green24.ro\/index.php\/2023\/06\/04\/ziua-mondiala-a-bicicletei-celebrand-un-mijloc-de-transport-durabil-si-accesibil\/","og_locale":"en_US","og_type":"article","og_title":"Ziua Mondial\u0103 a Bicicletei: Celebr\u00e2nd un mijloc de transport durabil \u0219i accesibil - Green24.ro","og_description":"Ziua Mondial\u0103 a Bicicletei este s\u0103rb\u0103torit\u0103 \u00een fiecare an, pe 3 iunie, pentru a promova transportul durabil care contribuie at\u00e2t la dezvoltarea durabil\u0103 a societ\u0103\u021bii, c\u00e2t \u0219i la s\u0103n\u0103tatea \u0219i bun\u0103starea oamenilor. Lumea a s\u0103rb\u0103torit pentru prima dat\u0103 acest mijloc de transport accesibil, fiabil \u0219i durabil \u00een 2018, c\u00e2nd Adunarea [&hellip;]","og_url":"https:\/\/www.green24.ro\/index.php\/2023\/06\/04\/ziua-mondiala-a-bicicletei-celebrand-un-mijloc-de-transport-durabil-si-accesibil\/","og_site_name":"Green24.ro","article_publisher":"https:\/\/www.facebook.com\/green24ro\/","article_published_time":"2023-06-04T09:34:32+00:00","article_modified_time":"2023-06-04T09:34:36+00:00","og_image":[{"width":483,"height":365,"url":"https:\/\/www.green24.ro\/wp-content\/uploads\/2023\/06\/ziua.jpg","type":"image\/jpeg"}],"author":"Simona Popescu","twitter_card":"summary_large_image","twitter_misc":{"Written by":"Simona Popescu","Est. reading time":"3 minutes"},"schema":{"@context":"https:\/\/schema.org","@graph":[{"@type":"Article","@id":"https:\/\/www.green24.ro\/index.php\/2023\/06\/04\/ziua-mondiala-a-bicicletei-celebrand-un-mijloc-de-transport-durabil-si-accesibil\/#article","isPartOf":{"@id":"https:\/\/www.green24.ro\/index.php\/2023\/06\/04\/ziua-mondiala-a-bicicletei-celebrand-un-mijloc-de-transport-durabil-si-accesibil\/"},"author":{"name":"Simona Popescu","@id":"https:\/\/www.green24.ro\/#\/schema\/person\/127c272d98a106bf1987c4ae6735cc91"},"headline":"Ziua Mondial\u0103 a Bicicletei: Celebr\u00e2nd un mijloc de transport durabil \u0219i accesibil","datePublished":"2023-06-04T09:34:32+00:00","dateModified":"2023-06-04T09:34:36+00:00","mainEntityOfPage":{"@id":"https:\/\/www.green24.ro\/index.php\/2023\/06\/04\/ziua-mondiala-a-bicicletei-celebrand-un-mijloc-de-transport-durabil-si-accesibil\/"},"wordCount":533,"commentCount":0,"publisher":{"@id":"https:\/\/www.green24.ro\/#organization"},"image":{"@id":"https:\/\/www.green24.ro\/index.php\/2023\/06\/04\/ziua-mondiala-a-bicicletei-celebrand-un-mijloc-de-transport-durabil-si-accesibil\/#primaryimage"},"thumbnailUrl":"https:\/\/www.green24.ro\/wp-content\/uploads\/2023\/06\/ziua.jpg","articleSection":["Blog","Prime","Slide"],"inLanguage":"en-US","potentialAction":[{"@type":"CommentAction","name":"Comment","target":["https:\/\/www.green24.ro\/index.php\/2023\/06\/04\/ziua-mondiala-a-bicicletei-celebrand-un-mijloc-de-transport-durabil-si-accesibil\/#respond"]}]},{"@type":"WebPage","@id":"https:\/\/www.green24.ro\/index.php\/2023\/06\/04\/ziua-mondiala-a-bicicletei-celebrand-un-mijloc-de-transport-durabil-si-accesibil\/","url":"https:\/\/www.green24.ro\/index.php\/2023\/06\/04\/ziua-mondiala-a-bicicletei-celebrand-un-mijloc-de-transport-durabil-si-accesibil\/","name":"Ziua Mondial\u0103 a Bicicletei: Celebr\u00e2nd un mijloc de transport durabil \u0219i accesibil - Green24.ro","isPartOf":{"@id":"https:\/\/www.green24.ro\/#website"},"primaryImageOfPage":{"@id":"https:\/\/www.green24.ro\/index.php\/2023\/06\/04\/ziua-mondiala-a-bicicletei-celebrand-un-mijloc-de-transport-durabil-si-accesibil\/#primaryimage"},"image":{"@id":"https:\/\/www.green24.ro\/index.php\/2023\/06\/04\/ziua-mondiala-a-bicicletei-celebrand-un-mijloc-de-transport-durabil-si-accesibil\/#primaryimage"},"thumbnailUrl":"https:\/\/www.green24.ro\/wp-content\/uploads\/2023\/06\/ziua.jpg","datePublished":"2023-06-04T09:34:32+00:00","dateModified":"2023-06-04T09:34:36+00:00","breadcrumb":{"@id":"https:\/\/www.green24.ro\/index.php\/2023\/06\/04\/ziua-mondiala-a-bicicletei-celebrand-un-mijloc-de-transport-durabil-si-accesibil\/#breadcrumb"},"inLanguage":"en-US","potentialAction":[{"@type":"ReadAction","target":["https:\/\/www.green24.ro\/index.php\/2023\/06\/04\/ziua-mondiala-a-bicicletei-celebrand-un-mijloc-de-transport-durabil-si-accesibil\/"]}]},{"@type":"ImageObject","inLanguage":"en-US","@id":"https:\/\/www.green24.ro\/index.php\/2023\/06\/04\/ziua-mondiala-a-bicicletei-celebrand-un-mijloc-de-transport-durabil-si-accesibil\/#primaryimage","url":"https:\/\/www.green24.ro\/wp-content\/uploads\/2023\/06\/ziua.jpg","contentUrl":"https:\/\/www.green24.ro\/wp-content\/uploads\/2023\/06\/ziua.jpg","width":483,"height":365,"caption":"Ziua Mondial\u0103 a Bicicletei: Celebr\u00e2nd un mijloc de transport durabil \u0219i accesibil"},{"@type":"BreadcrumbList","@id":"https:\/\/www.green24.ro\/index.php\/2023\/06\/04\/ziua-mondiala-a-bicicletei-celebrand-un-mijloc-de-transport-durabil-si-accesibil\/#breadcrumb","itemListElement":[{"@type":"ListItem","position":1,"name":"Home","item":"https:\/\/www.green24.ro\/"},{"@type":"ListItem","position":2,"name":"Ziua Mondial\u0103 a Bicicletei: Celebr\u00e2nd un mijloc de transport durabil \u0219i accesibil"}]},{"@type":"WebSite","@id":"https:\/\/www.green24.ro\/#website","url":"https:\/\/www.green24.ro\/","name":"Green24.ro","description":"Antreprenoriat verde si responsabilitatea social\u0103","publisher":{"@id":"https:\/\/www.green24.ro\/#organization"},"potentialAction":[{"@type":"SearchAction","target":{"@type":"EntryPoint","urlTemplate":"https:\/\/www.green24.ro\/?s={search_term_string}"},"query-input":{"@type":"PropertyValueSpecification","valueRequired":true,"valueName":"search_term_string"}}],"inLanguage":"en-US"},{"@type":"Organization","@id":"https:\/\/www.green24.ro\/#organization","name":"Green24","url":"https:\/\/www.green24.ro\/","logo":{"@type":"ImageObject","inLanguage":"en-US","@id":"https:\/\/www.green24.ro\/#\/schema\/logo\/image\/","url":"https:\/\/www.green24.ro\/wp-content\/uploads\/2022\/02\/green24-17-e1643806452346.png","contentUrl":"https:\/\/www.green24.ro\/wp-content\/uploads\/2022\/02\/green24-17-e1643806452346.png","width":174,"height":174,"caption":"Green24"},"image":{"@id":"https:\/\/www.green24.ro\/#\/schema\/logo\/image\/"},"sameAs":["https:\/\/www.facebook.com\/green24ro\/"]},{"@type":"Person","@id":"https:\/\/www.green24.ro\/#\/schema\/person\/127c272d98a106bf1987c4ae6735cc91","name":"Simona Popescu","image":{"@type":"ImageObject","inLanguage":"en-US","@id":"https:\/\/www.green24.ro\/#\/schema\/person\/image\/","url":"https:\/\/secure.gravatar.com\/avatar\/80dd8d46f762d60f349fe91c31182265?s=96&d=mm&r=g","contentUrl":"https:\/\/secure.gravatar.com\/avatar\/80dd8d46f762d60f349fe91c31182265?s=96&d=mm&r=g","caption":"Simona Popescu"},"url":"https:\/\/www.green24.ro\/index.php\/author\/simona-popescu\/"}]}},"jetpack_publicize_connections":[],"jetpack_featured_media_url":"https:\/\/www.green24.ro\/wp-content\/uploads\/2023\/06\/ziua.jpg","jetpack_sharing_enabled":true,"_links":{"self":[{"href":"https:\/\/www.green24.ro\/index.php\/wp-json\/wp\/v2\/posts\/1719","targetHints":{"allow":["GET"]}}],"collection":[{"href":"https:\/\/www.green24.ro\/index.php\/wp-json\/wp\/v2\/posts"}],"about":[{"href":"https:\/\/www.green24.ro\/index.php\/wp-json\/wp\/v2\/types\/post"}],"author":[{"embeddable":true,"href":"https:\/\/www.green24.ro\/index.php\/wp-json\/wp\/v2\/users\/4"}],"replies":[{"embeddable":true,"href":"https:\/\/www.green24.ro\/index.php\/wp-json\/wp\/v2\/comments?post=1719"}],"version-history":[{"count":1,"href":"https:\/\/www.green24.ro\/index.php\/wp-json\/wp\/v2\/posts\/1719\/revisions"}],"predecessor-version":[{"id":1721,"href":"https:\/\/www.green24.ro\/index.php\/wp-json\/wp\/v2\/posts\/1719\/revisions\/1721"}],"wp:featuredmedia":[{"embeddable":true,"href":"https:\/\/www.green24.ro\/index.php\/wp-json\/wp\/v2\/media\/1720"}],"wp:attachment":[{"href":"https:\/\/www.green24.ro\/index.php\/wp-json\/wp\/v2\/media?parent=1719"}],"wp:term":[{"taxonomy":"category","embeddable":true,"href":"https:\/\/www.green24.ro\/index.php\/wp-json\/wp\/v2\/categories?post=1719"},{"taxonomy":"post_tag","embeddable":true,"href":"https:\/\/www.green24.ro\/index.php\/wp-json\/wp\/v2\/tags?post=1719"}],"curies":[{"name":"wp","href":"https:\/\/api.w.org\/{rel}","templated":true}]}}