{"id":1583,"date":"2023-01-12T13:52:00","date_gmt":"2023-01-12T11:52:00","guid":{"rendered":"https:\/\/www.green24.ro\/?p=1583"},"modified":"2023-01-12T09:00:14","modified_gmt":"2023-01-12T07:00:14","slug":"cei-mai-caldurosi-ani-din-istoria-pamantului","status":"publish","type":"post","link":"https:\/\/www.green24.ro\/index.php\/2023\/01\/12\/cei-mai-caldurosi-ani-din-istoria-pamantului\/","title":{"rendered":"Cei mai c\u0103lduro\u0219i ani din istoria P\u0103m\u00e2ntului"},"content":{"rendered":"<p style=\"text-align: justify;\">Ultimii opt ani au fost cei mai c\u0103lduro\u015fi \u00eenregistra\u0163i vreodat\u0103 la nivel global, dep\u0103\u015find cu peste un grad temperaturile din era preindustrial\u0103, conform raportului anual al programului european asupra schimb\u0103rilor climatice Copernicus (C3S), transmite AFP.<\/p>\n<p style=\"text-align: justify;\">La nivel mondial, anul care a trecut ocup\u0103 locul al cincilea \u00een clasamentul celor mai c\u0103lduro\u015fi ani \u00eenregistra\u0163i, fiind dep\u0103\u015fit doar de anii recen\u0163i, \u015fi a fost marcat la r\u00e2ndul s\u0103u de o serie de fenomene extreme care ilustreaz\u0103 consecin\u0163ele \u00eenc\u0103lzirii globale.<\/p>\n<p style=\"text-align: justify;\">\u00cen pofida efectului de r\u0103cire al fenomenului climatic La Nina, anul 2022 a fost \u201ecu aproximativ 1,2 grade Celsius\u201d mai c\u0103lduros comparativ cu perioada 1850-1900, \u00eenainte ca revolu\u0163ia industrial\u0103 s\u0103 \u00ee\u015fi fac\u0103 sim\u0163ite efectele asupra climei, potrivit C3S.<\/p>\n<p style=\"text-align: justify;\">\u00cen Europa, continentul cu cea mai rapid\u0103 \u00eenc\u0103lzire observat\u0103, 2022 este \u201eal doilea cel mai c\u0103lduros an\u201e, \u00eens\u0103 lunile de var\u0103 au constituit un nou record pentru \u00eentreg continentul, stabilit \u00een mare parte \u00een Marea Britanie \u015fi agravat de un deficit excep\u0163ional de precipita\u0163ii \u00een Spania, Fran\u0163a sau Portugalia.<\/p>\n<p style=\"text-align: justify;\">\u00cen aceste \u0163\u0103ri, precum \u015fi \u00een Elve\u0163ia, Croa\u0163ia sau Bosnia-Her\u0163egovina, anul 2022 \u00een ansamblul s\u0103u constituie chiar un nou record absolut de c\u0103ldur\u0103 de la \u00eenceputul m\u0103sur\u0103torilor meteorologice.<\/p>\n<p style=\"text-align: justify;\">\u201eZone extinse din Orientul Mijlociu, Asia Central\u0103 \u015fi China, Noua Zeeland\u0103, Africa de Nord \u015fi Cornul Africii\u201d au stabilit, de asemenea, un nou record anual, conform C3S.<\/p>\n<p>\u201eConsecin\u0163e devastatoare\u201d<\/p>\n<p>Pe l\u00e2ng\u0103 temperaturi, planeta a suferit o avalan\u015f\u0103 de evenimente extreme, aminte\u015fte raportul:<\/p>\n<p style=\"text-align: justify;\">inunda\u0163ii istorice \u00een Pakistan dup\u0103 un val de c\u0103ldur\u0103 excep\u0163ional de prim\u0103var\u0103,<br \/>\nvaluri de c\u0103ldur\u0103 \u015fi mega-incendii de p\u0103dure \u00een Europa de Vest,<br \/>\ncanicule estivale inclusiv \u00een centrul \u015fi estul Chinei,<br \/>\ninunda\u0163ii devastatoare \u00een Nigeria,<br \/>\nsecet\u0103 \u00een Cornul Africii \u015fi altele.<br \/>\nPe de alt\u0103 parte, din cauza La Nina, estul Australiei a cunoscut temperaturi relativ mai reduse comparativ cu valorile medii \u015fi ploi foarte abundente.<\/p>\n<p style=\"text-align: justify;\">\u00cen regiunea polar\u0103 sudic\u0103, \u201e\u00eentinderea de ghea\u0163\u0103 a m\u0103rii Antarcticii a atins un nivel record sau cvasirecord\u201e, dup\u0103 ce a atins \u00een februarie 2022 \u201ecel mai sc\u0103zut minim \u00eenregistrat vreodat\u0103 \u00een 44 de ani de observa\u0163ii satelitare\u201e.<\/p>\n<p style=\"text-align: justify;\">\u201e2022 a fost un alt an cu evenimente meteorologice extreme\u201d, ceea ce \u201earat\u0103 c\u0103 deja tr\u0103im consecin\u0163ele devastatoare ale \u00eenc\u0103lzirii globale\u201e, a comentat Samantha Burgess, \u015fef adjunct al C3S.<\/p>\n<p style=\"text-align: justify;\">Aceste concluzii \u201edemonstreaz\u0103 \u00een mod clar faptul c\u0103, pentru a evita cele mai grave consecin\u0163e, societatea va trebui s\u0103 reduc\u0103 urgent emisiile de carbon, dar \u015fi s\u0103 se adapteze rapid la evolu\u0163ia climei\u201e, a ad\u0103ugat ea.<\/p>\n<p>\u201eHaos climatic\u201d<\/p>\n<p style=\"text-align: justify;\">Raportul confirm\u0103 previziunile Organiza\u0163iei Meteorologice Mondiale (OMM), publicate \u00een noiembrie \u015fi descrise atunci drept \u201ecronica haosului climatic\u201d de c\u0103tre secretarul general al ONU, Antonio Guterres.<\/p>\n<p style=\"text-align: justify;\">Temperatura medie la nivel global \u00een deceniul 2013-2022 este estimat\u0103 cu 1,14 grade Celsius peste cea din era preindustrial\u0103.<\/p>\n<p style=\"text-align: justify;\">Acordul de la Paris, \u00eencheiat \u00een 2015 sub egida ONU, vizeaz\u0103 limitarea \u00eenc\u0103lzirii globale la mult sub 2 grade Celsius, dac\u0103 este posibil la 1,5 grade Celsius. \u00cen timp ce \u015ftiin\u0163a a dovedit c\u0103 fiecare zecime de grad multiplic\u0103 fenomenele meteorologice extreme, \u0163inta mai ambi\u0163ioas\u0103 de +1,5 grade Celsius a devenit obiectivul de \u201emen\u0163inut \u00een via\u0163\u0103\u201e.<\/p>\n<p style=\"text-align: justify;\">Pentru a realiza acest lucru, \u0163\u0103rile din \u00eentreaga lume trebuie s\u0103 \u00ee\u015fi ating\u0103 obiectivele de reducere a gazelor cu efect de ser\u0103.<\/p>\n<p style=\"text-align: justify;\">Cu toate acestea, \u00een 2022, concentra\u0163iile de dioxid de carbon (CO2) \u00eenregistrate \u00een atmosfer\u0103 au atins un nou record de \u201e417 p\u0103r\u0163i per milion (ppm)\u201d cu o cre\u015ftere anual\u0103 \u201ede aproximativ 2,1 ppm, o rat\u0103 similar\u0103 cu cea din ultimii ani\u201e, a notat programul european.<\/p>\n<p style=\"text-align: justify;\">Concentra\u0163iile de metan, cu o capacitate de \u00eenc\u0103lzire mai intens\u0103, dar mai scurt\u0103, sunt \u00een prezent la 1894 p\u0103r\u0163i per miliard (ppb). Acestea au crescut \u201ecu aproape 12 ppb, ceea ce \u00eenseamn\u0103 c\u0103 sunt superioare mediei, \u00eens\u0103 inferioare recordurilor din ultimii doi ani\u201e, a precizat C3S.<\/p>\n<pre>sursa: <a href=\"https:\/\/green-report.ro\/cei-mai-caldurosi-ani-din-istoria-pamantului\/\">gr<\/a><\/pre>\n","protected":false},"excerpt":{"rendered":"<p>Ultimii opt ani au fost cei mai c\u0103lduro\u015fi \u00eenregistra\u0163i vreodat\u0103 la nivel global, dep\u0103\u015find cu peste un grad temperaturile din era preindustrial\u0103, conform raportului anual al programului european asupra schimb\u0103rilor climatice Copernicus (C3S), transmite AFP. La nivel mondial, anul care a trecut ocup\u0103 locul al cincilea \u00een clasamentul celor mai [&hellip;]<\/p>\n","protected":false},"author":3,"featured_media":1584,"comment_status":"open","ping_status":"open","sticky":false,"template":"","format":"standard","meta":{"content-type":"","footnotes":"","jetpack_publicize_message":"","jetpack_publicize_feature_enabled":true,"jetpack_social_post_already_shared":true,"jetpack_social_options":{"image_generator_settings":{"template":"highway","default_image_id":0,"font":"","enabled":false},"version":2}},"categories":[5,9,1,3,6,10],"tags":[],"class_list":["post-1583","post","type-post","status-publish","format-standard","has-post-thumbnail","hentry","category-blog","category-company","category-general","category-legislatie","category-prime","category-slide"],"yoast_head":"<!-- This site is optimized with the Yoast SEO plugin v24.9 - https:\/\/yoast.com\/wordpress\/plugins\/seo\/ -->\n<title>Cei mai c\u0103lduro\u0219i ani din istoria P\u0103m\u00e2ntului - Green24.ro<\/title>\n<meta name=\"description\" content=\"Ultimii opt ani au fost cei mai c\u0103lduro\u015fi \u00eenregistra\u0163i vreodat\u0103 la nivel global, dep\u0103\u015find cu peste un grad temperaturile din era preindustrial\u0103, conform raportului anual al programului european asupra schimb\u0103rilor climatice Copernicus (C3S), transmite AFP.\" \/>\n<meta name=\"robots\" content=\"index, follow, max-snippet:-1, max-image-preview:large, max-video-preview:-1\" \/>\n<link rel=\"canonical\" href=\"https:\/\/www.green24.ro\/index.php\/2023\/01\/12\/cei-mai-caldurosi-ani-din-istoria-pamantului\/\" \/>\n<meta property=\"og:locale\" content=\"en_US\" \/>\n<meta property=\"og:type\" content=\"article\" \/>\n<meta property=\"og:title\" content=\"Cei mai c\u0103lduro\u0219i ani din istoria P\u0103m\u00e2ntului - Green24.ro\" \/>\n<meta property=\"og:description\" content=\"Ultimii opt ani au fost cei mai c\u0103lduro\u015fi \u00eenregistra\u0163i vreodat\u0103 la nivel global, dep\u0103\u015find cu peste un grad temperaturile din era preindustrial\u0103, conform raportului anual al programului european asupra schimb\u0103rilor climatice Copernicus (C3S), transmite AFP.\" \/>\n<meta property=\"og:url\" content=\"https:\/\/www.green24.ro\/index.php\/2023\/01\/12\/cei-mai-caldurosi-ani-din-istoria-pamantului\/\" \/>\n<meta property=\"og:site_name\" content=\"Green24.ro\" \/>\n<meta property=\"article:publisher\" content=\"https:\/\/www.facebook.com\/green24ro\/\" \/>\n<meta property=\"article:published_time\" content=\"2023-01-12T11:52:00+00:00\" \/>\n<meta property=\"og:image\" content=\"https:\/\/www.green24.ro\/wp-content\/uploads\/2023\/01\/pexels-creative-vix-9754.jpg\" \/>\n\t<meta property=\"og:image:width\" content=\"1280\" \/>\n\t<meta property=\"og:image:height\" content=\"800\" \/>\n\t<meta property=\"og:image:type\" content=\"image\/jpeg\" \/>\n<meta name=\"author\" content=\"Redactia Green24\" \/>\n<meta name=\"twitter:card\" content=\"summary_large_image\" \/>\n<meta name=\"twitter:label1\" content=\"Written by\" \/>\n\t<meta name=\"twitter:data1\" content=\"Redactia Green24\" \/>\n\t<meta name=\"twitter:label2\" content=\"Est. reading time\" \/>\n\t<meta name=\"twitter:data2\" content=\"3 minutes\" \/>\n<script type=\"application\/ld+json\" class=\"yoast-schema-graph\">{\"@context\":\"https:\/\/schema.org\",\"@graph\":[{\"@type\":\"Article\",\"@id\":\"https:\/\/www.green24.ro\/index.php\/2023\/01\/12\/cei-mai-caldurosi-ani-din-istoria-pamantului\/#article\",\"isPartOf\":{\"@id\":\"https:\/\/www.green24.ro\/index.php\/2023\/01\/12\/cei-mai-caldurosi-ani-din-istoria-pamantului\/\"},\"author\":{\"name\":\"Redactia Green24\",\"@id\":\"https:\/\/www.green24.ro\/#\/schema\/person\/607a8c12d4548837cb79d52bb2437572\"},\"headline\":\"Cei mai c\u0103lduro\u0219i ani din istoria P\u0103m\u00e2ntului\",\"datePublished\":\"2023-01-12T11:52:00+00:00\",\"mainEntityOfPage\":{\"@id\":\"https:\/\/www.green24.ro\/index.php\/2023\/01\/12\/cei-mai-caldurosi-ani-din-istoria-pamantului\/\"},\"wordCount\":678,\"commentCount\":0,\"publisher\":{\"@id\":\"https:\/\/www.green24.ro\/#organization\"},\"image\":{\"@id\":\"https:\/\/www.green24.ro\/index.php\/2023\/01\/12\/cei-mai-caldurosi-ani-din-istoria-pamantului\/#primaryimage\"},\"thumbnailUrl\":\"https:\/\/www.green24.ro\/wp-content\/uploads\/2023\/01\/pexels-creative-vix-9754.jpg\",\"articleSection\":[\"Blog\",\"Company\",\"General\",\"Legislatie\",\"Prime\",\"Slide\"],\"inLanguage\":\"en-US\",\"potentialAction\":[{\"@type\":\"CommentAction\",\"name\":\"Comment\",\"target\":[\"https:\/\/www.green24.ro\/index.php\/2023\/01\/12\/cei-mai-caldurosi-ani-din-istoria-pamantului\/#respond\"]}]},{\"@type\":\"WebPage\",\"@id\":\"https:\/\/www.green24.ro\/index.php\/2023\/01\/12\/cei-mai-caldurosi-ani-din-istoria-pamantului\/\",\"url\":\"https:\/\/www.green24.ro\/index.php\/2023\/01\/12\/cei-mai-caldurosi-ani-din-istoria-pamantului\/\",\"name\":\"Cei mai c\u0103lduro\u0219i ani din istoria P\u0103m\u00e2ntului - Green24.ro\",\"isPartOf\":{\"@id\":\"https:\/\/www.green24.ro\/#website\"},\"primaryImageOfPage\":{\"@id\":\"https:\/\/www.green24.ro\/index.php\/2023\/01\/12\/cei-mai-caldurosi-ani-din-istoria-pamantului\/#primaryimage\"},\"image\":{\"@id\":\"https:\/\/www.green24.ro\/index.php\/2023\/01\/12\/cei-mai-caldurosi-ani-din-istoria-pamantului\/#primaryimage\"},\"thumbnailUrl\":\"https:\/\/www.green24.ro\/wp-content\/uploads\/2023\/01\/pexels-creative-vix-9754.jpg\",\"datePublished\":\"2023-01-12T11:52:00+00:00\",\"description\":\"Ultimii opt ani au fost cei mai c\u0103lduro\u015fi \u00eenregistra\u0163i vreodat\u0103 la nivel global, dep\u0103\u015find cu peste un grad temperaturile din era preindustrial\u0103, conform raportului anual al programului european asupra schimb\u0103rilor climatice Copernicus (C3S), transmite AFP.\",\"breadcrumb\":{\"@id\":\"https:\/\/www.green24.ro\/index.php\/2023\/01\/12\/cei-mai-caldurosi-ani-din-istoria-pamantului\/#breadcrumb\"},\"inLanguage\":\"en-US\",\"potentialAction\":[{\"@type\":\"ReadAction\",\"target\":[\"https:\/\/www.green24.ro\/index.php\/2023\/01\/12\/cei-mai-caldurosi-ani-din-istoria-pamantului\/\"]}]},{\"@type\":\"ImageObject\",\"inLanguage\":\"en-US\",\"@id\":\"https:\/\/www.green24.ro\/index.php\/2023\/01\/12\/cei-mai-caldurosi-ani-din-istoria-pamantului\/#primaryimage\",\"url\":\"https:\/\/www.green24.ro\/wp-content\/uploads\/2023\/01\/pexels-creative-vix-9754.jpg\",\"contentUrl\":\"https:\/\/www.green24.ro\/wp-content\/uploads\/2023\/01\/pexels-creative-vix-9754.jpg\",\"width\":1280,\"height\":800,\"caption\":\"Cei mai c\u0103lduro\u0219i ani din istoria P\u0103m\u00e2ntului\"},{\"@type\":\"BreadcrumbList\",\"@id\":\"https:\/\/www.green24.ro\/index.php\/2023\/01\/12\/cei-mai-caldurosi-ani-din-istoria-pamantului\/#breadcrumb\",\"itemListElement\":[{\"@type\":\"ListItem\",\"position\":1,\"name\":\"Home\",\"item\":\"https:\/\/www.green24.ro\/\"},{\"@type\":\"ListItem\",\"position\":2,\"name\":\"Cei mai c\u0103lduro\u0219i ani din istoria P\u0103m\u00e2ntului\"}]},{\"@type\":\"WebSite\",\"@id\":\"https:\/\/www.green24.ro\/#website\",\"url\":\"https:\/\/www.green24.ro\/\",\"name\":\"Green24.ro\",\"description\":\"Antreprenoriat verde si responsabilitatea social\u0103\",\"publisher\":{\"@id\":\"https:\/\/www.green24.ro\/#organization\"},\"potentialAction\":[{\"@type\":\"SearchAction\",\"target\":{\"@type\":\"EntryPoint\",\"urlTemplate\":\"https:\/\/www.green24.ro\/?s={search_term_string}\"},\"query-input\":{\"@type\":\"PropertyValueSpecification\",\"valueRequired\":true,\"valueName\":\"search_term_string\"}}],\"inLanguage\":\"en-US\"},{\"@type\":\"Organization\",\"@id\":\"https:\/\/www.green24.ro\/#organization\",\"name\":\"Green24\",\"url\":\"https:\/\/www.green24.ro\/\",\"logo\":{\"@type\":\"ImageObject\",\"inLanguage\":\"en-US\",\"@id\":\"https:\/\/www.green24.ro\/#\/schema\/logo\/image\/\",\"url\":\"https:\/\/www.green24.ro\/wp-content\/uploads\/2022\/02\/green24-17-e1643806452346.png\",\"contentUrl\":\"https:\/\/www.green24.ro\/wp-content\/uploads\/2022\/02\/green24-17-e1643806452346.png\",\"width\":174,\"height\":174,\"caption\":\"Green24\"},\"image\":{\"@id\":\"https:\/\/www.green24.ro\/#\/schema\/logo\/image\/\"},\"sameAs\":[\"https:\/\/www.facebook.com\/green24ro\/\"]},{\"@type\":\"Person\",\"@id\":\"https:\/\/www.green24.ro\/#\/schema\/person\/607a8c12d4548837cb79d52bb2437572\",\"name\":\"Redactia Green24\",\"image\":{\"@type\":\"ImageObject\",\"inLanguage\":\"en-US\",\"@id\":\"https:\/\/www.green24.ro\/#\/schema\/person\/image\/\",\"url\":\"https:\/\/secure.gravatar.com\/avatar\/c9f4d5614769dc0a9dfdfed961c82ea6?s=96&d=mm&r=g\",\"contentUrl\":\"https:\/\/secure.gravatar.com\/avatar\/c9f4d5614769dc0a9dfdfed961c82ea6?s=96&d=mm&r=g\",\"caption\":\"Redactia Green24\"},\"sameAs\":[\"http:\/\/www.green24.ro\"],\"url\":\"https:\/\/www.green24.ro\/index.php\/author\/green24\/\"}]}<\/script>\n<!-- \/ Yoast SEO plugin. -->","yoast_head_json":{"title":"Cei mai c\u0103lduro\u0219i ani din istoria P\u0103m\u00e2ntului - Green24.ro","description":"Ultimii opt ani au fost cei mai c\u0103lduro\u015fi \u00eenregistra\u0163i vreodat\u0103 la nivel global, dep\u0103\u015find cu peste un grad temperaturile din era preindustrial\u0103, conform raportului anual al programului european asupra schimb\u0103rilor climatice Copernicus (C3S), transmite AFP.","robots":{"index":"index","follow":"follow","max-snippet":"max-snippet:-1","max-image-preview":"max-image-preview:large","max-video-preview":"max-video-preview:-1"},"canonical":"https:\/\/www.green24.ro\/index.php\/2023\/01\/12\/cei-mai-caldurosi-ani-din-istoria-pamantului\/","og_locale":"en_US","og_type":"article","og_title":"Cei mai c\u0103lduro\u0219i ani din istoria P\u0103m\u00e2ntului - Green24.ro","og_description":"Ultimii opt ani au fost cei mai c\u0103lduro\u015fi \u00eenregistra\u0163i vreodat\u0103 la nivel global, dep\u0103\u015find cu peste un grad temperaturile din era preindustrial\u0103, conform raportului anual al programului european asupra schimb\u0103rilor climatice Copernicus (C3S), transmite AFP.","og_url":"https:\/\/www.green24.ro\/index.php\/2023\/01\/12\/cei-mai-caldurosi-ani-din-istoria-pamantului\/","og_site_name":"Green24.ro","article_publisher":"https:\/\/www.facebook.com\/green24ro\/","article_published_time":"2023-01-12T11:52:00+00:00","og_image":[{"width":1280,"height":800,"url":"https:\/\/www.green24.ro\/wp-content\/uploads\/2023\/01\/pexels-creative-vix-9754.jpg","type":"image\/jpeg"}],"author":"Redactia Green24","twitter_card":"summary_large_image","twitter_misc":{"Written by":"Redactia Green24","Est. reading time":"3 minutes"},"schema":{"@context":"https:\/\/schema.org","@graph":[{"@type":"Article","@id":"https:\/\/www.green24.ro\/index.php\/2023\/01\/12\/cei-mai-caldurosi-ani-din-istoria-pamantului\/#article","isPartOf":{"@id":"https:\/\/www.green24.ro\/index.php\/2023\/01\/12\/cei-mai-caldurosi-ani-din-istoria-pamantului\/"},"author":{"name":"Redactia Green24","@id":"https:\/\/www.green24.ro\/#\/schema\/person\/607a8c12d4548837cb79d52bb2437572"},"headline":"Cei mai c\u0103lduro\u0219i ani din istoria P\u0103m\u00e2ntului","datePublished":"2023-01-12T11:52:00+00:00","mainEntityOfPage":{"@id":"https:\/\/www.green24.ro\/index.php\/2023\/01\/12\/cei-mai-caldurosi-ani-din-istoria-pamantului\/"},"wordCount":678,"commentCount":0,"publisher":{"@id":"https:\/\/www.green24.ro\/#organization"},"image":{"@id":"https:\/\/www.green24.ro\/index.php\/2023\/01\/12\/cei-mai-caldurosi-ani-din-istoria-pamantului\/#primaryimage"},"thumbnailUrl":"https:\/\/www.green24.ro\/wp-content\/uploads\/2023\/01\/pexels-creative-vix-9754.jpg","articleSection":["Blog","Company","General","Legislatie","Prime","Slide"],"inLanguage":"en-US","potentialAction":[{"@type":"CommentAction","name":"Comment","target":["https:\/\/www.green24.ro\/index.php\/2023\/01\/12\/cei-mai-caldurosi-ani-din-istoria-pamantului\/#respond"]}]},{"@type":"WebPage","@id":"https:\/\/www.green24.ro\/index.php\/2023\/01\/12\/cei-mai-caldurosi-ani-din-istoria-pamantului\/","url":"https:\/\/www.green24.ro\/index.php\/2023\/01\/12\/cei-mai-caldurosi-ani-din-istoria-pamantului\/","name":"Cei mai c\u0103lduro\u0219i ani din istoria P\u0103m\u00e2ntului - Green24.ro","isPartOf":{"@id":"https:\/\/www.green24.ro\/#website"},"primaryImageOfPage":{"@id":"https:\/\/www.green24.ro\/index.php\/2023\/01\/12\/cei-mai-caldurosi-ani-din-istoria-pamantului\/#primaryimage"},"image":{"@id":"https:\/\/www.green24.ro\/index.php\/2023\/01\/12\/cei-mai-caldurosi-ani-din-istoria-pamantului\/#primaryimage"},"thumbnailUrl":"https:\/\/www.green24.ro\/wp-content\/uploads\/2023\/01\/pexels-creative-vix-9754.jpg","datePublished":"2023-01-12T11:52:00+00:00","description":"Ultimii opt ani au fost cei mai c\u0103lduro\u015fi \u00eenregistra\u0163i vreodat\u0103 la nivel global, dep\u0103\u015find cu peste un grad temperaturile din era preindustrial\u0103, conform raportului anual al programului european asupra schimb\u0103rilor climatice Copernicus (C3S), transmite AFP.","breadcrumb":{"@id":"https:\/\/www.green24.ro\/index.php\/2023\/01\/12\/cei-mai-caldurosi-ani-din-istoria-pamantului\/#breadcrumb"},"inLanguage":"en-US","potentialAction":[{"@type":"ReadAction","target":["https:\/\/www.green24.ro\/index.php\/2023\/01\/12\/cei-mai-caldurosi-ani-din-istoria-pamantului\/"]}]},{"@type":"ImageObject","inLanguage":"en-US","@id":"https:\/\/www.green24.ro\/index.php\/2023\/01\/12\/cei-mai-caldurosi-ani-din-istoria-pamantului\/#primaryimage","url":"https:\/\/www.green24.ro\/wp-content\/uploads\/2023\/01\/pexels-creative-vix-9754.jpg","contentUrl":"https:\/\/www.green24.ro\/wp-content\/uploads\/2023\/01\/pexels-creative-vix-9754.jpg","width":1280,"height":800,"caption":"Cei mai c\u0103lduro\u0219i ani din istoria P\u0103m\u00e2ntului"},{"@type":"BreadcrumbList","@id":"https:\/\/www.green24.ro\/index.php\/2023\/01\/12\/cei-mai-caldurosi-ani-din-istoria-pamantului\/#breadcrumb","itemListElement":[{"@type":"ListItem","position":1,"name":"Home","item":"https:\/\/www.green24.ro\/"},{"@type":"ListItem","position":2,"name":"Cei mai c\u0103lduro\u0219i ani din istoria P\u0103m\u00e2ntului"}]},{"@type":"WebSite","@id":"https:\/\/www.green24.ro\/#website","url":"https:\/\/www.green24.ro\/","name":"Green24.ro","description":"Antreprenoriat verde si responsabilitatea social\u0103","publisher":{"@id":"https:\/\/www.green24.ro\/#organization"},"potentialAction":[{"@type":"SearchAction","target":{"@type":"EntryPoint","urlTemplate":"https:\/\/www.green24.ro\/?s={search_term_string}"},"query-input":{"@type":"PropertyValueSpecification","valueRequired":true,"valueName":"search_term_string"}}],"inLanguage":"en-US"},{"@type":"Organization","@id":"https:\/\/www.green24.ro\/#organization","name":"Green24","url":"https:\/\/www.green24.ro\/","logo":{"@type":"ImageObject","inLanguage":"en-US","@id":"https:\/\/www.green24.ro\/#\/schema\/logo\/image\/","url":"https:\/\/www.green24.ro\/wp-content\/uploads\/2022\/02\/green24-17-e1643806452346.png","contentUrl":"https:\/\/www.green24.ro\/wp-content\/uploads\/2022\/02\/green24-17-e1643806452346.png","width":174,"height":174,"caption":"Green24"},"image":{"@id":"https:\/\/www.green24.ro\/#\/schema\/logo\/image\/"},"sameAs":["https:\/\/www.facebook.com\/green24ro\/"]},{"@type":"Person","@id":"https:\/\/www.green24.ro\/#\/schema\/person\/607a8c12d4548837cb79d52bb2437572","name":"Redactia Green24","image":{"@type":"ImageObject","inLanguage":"en-US","@id":"https:\/\/www.green24.ro\/#\/schema\/person\/image\/","url":"https:\/\/secure.gravatar.com\/avatar\/c9f4d5614769dc0a9dfdfed961c82ea6?s=96&d=mm&r=g","contentUrl":"https:\/\/secure.gravatar.com\/avatar\/c9f4d5614769dc0a9dfdfed961c82ea6?s=96&d=mm&r=g","caption":"Redactia Green24"},"sameAs":["http:\/\/www.green24.ro"],"url":"https:\/\/www.green24.ro\/index.php\/author\/green24\/"}]}},"jetpack_publicize_connections":[],"jetpack_featured_media_url":"https:\/\/www.green24.ro\/wp-content\/uploads\/2023\/01\/pexels-creative-vix-9754.jpg","jetpack_sharing_enabled":true,"_links":{"self":[{"href":"https:\/\/www.green24.ro\/index.php\/wp-json\/wp\/v2\/posts\/1583","targetHints":{"allow":["GET"]}}],"collection":[{"href":"https:\/\/www.green24.ro\/index.php\/wp-json\/wp\/v2\/posts"}],"about":[{"href":"https:\/\/www.green24.ro\/index.php\/wp-json\/wp\/v2\/types\/post"}],"author":[{"embeddable":true,"href":"https:\/\/www.green24.ro\/index.php\/wp-json\/wp\/v2\/users\/3"}],"replies":[{"embeddable":true,"href":"https:\/\/www.green24.ro\/index.php\/wp-json\/wp\/v2\/comments?post=1583"}],"version-history":[{"count":1,"href":"https:\/\/www.green24.ro\/index.php\/wp-json\/wp\/v2\/posts\/1583\/revisions"}],"predecessor-version":[{"id":1585,"href":"https:\/\/www.green24.ro\/index.php\/wp-json\/wp\/v2\/posts\/1583\/revisions\/1585"}],"wp:featuredmedia":[{"embeddable":true,"href":"https:\/\/www.green24.ro\/index.php\/wp-json\/wp\/v2\/media\/1584"}],"wp:attachment":[{"href":"https:\/\/www.green24.ro\/index.php\/wp-json\/wp\/v2\/media?parent=1583"}],"wp:term":[{"taxonomy":"category","embeddable":true,"href":"https:\/\/www.green24.ro\/index.php\/wp-json\/wp\/v2\/categories?post=1583"},{"taxonomy":"post_tag","embeddable":true,"href":"https:\/\/www.green24.ro\/index.php\/wp-json\/wp\/v2\/tags?post=1583"}],"curies":[{"name":"wp","href":"https:\/\/api.w.org\/{rel}","templated":true}]}}