{"id":1564,"date":"2022-12-13T12:39:05","date_gmt":"2022-12-13T10:39:05","guid":{"rendered":"https:\/\/www.green24.ro\/?p=1564"},"modified":"2022-12-20T10:12:39","modified_gmt":"2022-12-20T08:12:39","slug":"membrii-comisiilor-reunite-de-buget-finante-din-parlament-au-aprobat-luni-proiectul-de-buget-al-ministerului-mediului-apelor-si-padurilor-mmap-pentru-anul-2023","status":"publish","type":"post","link":"https:\/\/www.green24.ro\/index.php\/2022\/12\/13\/membrii-comisiilor-reunite-de-buget-finante-din-parlament-au-aprobat-luni-proiectul-de-buget-al-ministerului-mediului-apelor-si-padurilor-mmap-pentru-anul-2023\/","title":{"rendered":"Membrii comisiilor reunite de buget-finan\u0163e din Parlament au aprobat, luni, proiectul de buget al Ministerului Mediului, Apelor \u015fi P\u0103durilor (MMAP) pentru anul 2023"},"content":{"rendered":"<p style=\"text-align: justify;\">Pe marginea proiectului de buget destinat Ministerul Mediului au fost depuse 29 de amendamente, toate fiind admise.<\/p>\n<p style=\"text-align: justify;\">&#8220;Compensa\u0163iile Natura 2000 se bazeaz\u0103 pe un studiu f\u0103cut de speciali\u015fti \u00een ceea ce prive\u015fte perioadele de restric\u0163ie, tipul de restric\u0163ie de p\u0103dure \u015fi variaz\u0103 \u00eentre 10 euro pe hectar p\u00e2n\u0103 la 100 &#8211; 150 de euro pe hectar, \u00een func\u0163ie de tipul de restric\u0163ie \u015fi perioada restric\u0163ionat\u0103. Trebuie \u015ftiut faptul c\u0103 Natura 2000 \u00eenseamn\u0103 o interdic\u0163ie total\u0103. Interdic\u0163ia total\u0103 este de exploatare a masei lemnoase. Suma total\u0103 disponibil\u0103 \u00een momentul de fa\u0163\u0103 sub form\u0103 de credite de angajament este de 200 de milioane de lei pentru anul 2023. Inten\u0163ion\u0103m s\u0103 transform\u0103m aceast\u0103 sum\u0103 \u00een credite bugetare \u00een a doua parte a anului. Cu privire la inunda\u0163ii, am crescut de la 112 milioane de lei, anul trecut, la 134 de milioane anul acesta&#8221;, a declarat ministrul Mediului, Barna Tanczos, la dezbaterile pe buget din comisiile reunite de buget-finan\u0163e din Parlament<\/p>\n<p style=\"text-align: justify;\">Acesta a men\u0163ionat, totodat\u0103, c\u0103 au fost inventariate programele derulate prin Administra\u0163ia Fondului pentru Mediu (AFM), iar \u00een 2023 vor fi majorate sumele alocate acestora.<\/p>\n<p style=\"text-align: justify;\">&#8220;Din bugetul rectificat al AFM avem deschis descris programele &#8220;Rabla Clasic&#8221; \u015fi &#8220;Rabla Plus&#8221;, p\u00e2n\u0103 la 31 ianuarie (2023, n.r.). Chiar ast\u0103zi am avut o discu\u0163ie lung\u0103 cu conducerea AFM, am inventariat programele care sunt \u00een derulare \u015fi ne preg\u0103tim pentru programele de anul viitor. Anul viitor vom cre\u015fte sumele alocate pentru ma\u015finile electrice, vom deschide o sesiune pentru flote comerciale, vom deschide \u00eenc\u0103 o sesiune de proiecte pentru fotovoltaice, case. Acolo mergem pe o descentralizare \u015fi un buget de 3-4 miliarde de lei, astfel \u00eenc\u00e2t s\u0103 trecem de la 45.000 de dosare la peste 100.000 de dosare \u015fi s\u0103 sprijinim cet\u0103\u0163enii. C\u0103ut\u0103m surse de finan\u0163are suplimentare din fondurile europene, astfel \u00eenc\u00e2t s\u0103 putem suplimenta bugetul gestionat de AFM \u015fi venim \u015fi cu celelalte programe, care sunt deja clasice \u015fi le p\u0103str\u0103m, cel pu\u0163in \u00een cazul AFM&#8221;, a subliniat ministrul de resort.<\/p>\n<p style=\"text-align: justify;\">Ministerul Mediului are prev\u0103zute, \u00een 2023, credite bugetare de 3,856 miliarde lei, \u00een cre\u015ftere cu 72,48%, fa\u0163\u0103 de anul anterior, respectiv credite de angajament \u00een valoare de 22,957 de miliarde lei, mai mult cu 30,71%, raportat la perioada de referin\u0163\u0103.<\/p>\n<p style=\"text-align: justify;\">\u00cen categoria cheltuielilor de personal exist\u0103 credite bugetare de 414,474 milioane de lei, \u00een plus cu 7% fa\u0163\u0103 de execu\u0163ia preliminat\u0103 din anul anterior, iar la &#8220;Bunuri \u015fi servicii&#8221; valoarea bugetat\u0103 este de 207,027 milioane de lei (+12,46%).<\/p>\n<p style=\"text-align: justify;\">Guvernul a aprobat, joia trecut\u0103, proiectele de lege privind bugetul de stat \u015fi bugetul asigur\u0103rilor sociale de stat pe anul 2023.<\/p>\n<p style=\"text-align: justify;\">Bugetul pentru anul viitor este construit pe o prognoz\u0103 de PIB nominal de 1.552,1 miliarde de lei, cu o cre\u015ftere real\u0103 de 2,8%, dar \u015fi pe o descre\u015ftere a deficitelor, respectiv deficitul de cont curent scade la 8,5% de la 8,8%, iar deficitul public &#8211; la 4,4% din PIB de la 5,7%.<\/p>\n<pre style=\"text-align: justify;\">AGERPRES\/(AS - autor: Daniel Badea, editor: Mariana Nica, editor online: Andreea Preda)<\/pre>\n","protected":false},"excerpt":{"rendered":"<p>Pe marginea proiectului de buget destinat Ministerul Mediului au fost depuse 29 de amendamente, toate fiind admise. &#8220;Compensa\u0163iile Natura 2000 se bazeaz\u0103 pe un studiu f\u0103cut de speciali\u015fti \u00een ceea ce prive\u015fte perioadele de restric\u0163ie, tipul de restric\u0163ie de p\u0103dure \u015fi variaz\u0103 \u00eentre 10 euro pe hectar p\u00e2n\u0103 la 100 [&hellip;]<\/p>\n","protected":false},"author":3,"featured_media":1565,"comment_status":"open","ping_status":"open","sticky":false,"template":"","format":"standard","meta":{"content-type":"","footnotes":"","jetpack_publicize_message":"","jetpack_publicize_feature_enabled":true,"jetpack_social_post_already_shared":true,"jetpack_social_options":{"image_generator_settings":{"template":"highway","default_image_id":0,"font":"","enabled":false},"version":2}},"categories":[5,9,1,3,6,10],"tags":[],"class_list":["post-1564","post","type-post","status-publish","format-standard","has-post-thumbnail","hentry","category-blog","category-company","category-general","category-legislatie","category-prime","category-slide"],"yoast_head":"<!-- This site is optimized with the Yoast SEO plugin v24.9 - https:\/\/yoast.com\/wordpress\/plugins\/seo\/ -->\n<title>Membrii comisiilor reunite de buget-finan\u0163e din Parlament au aprobat, luni, proiectul de buget al Ministerului Mediului, Apelor \u015fi P\u0103durilor (MMAP) pentru anul 2023 - Green24.ro<\/title>\n<meta name=\"robots\" content=\"index, follow, max-snippet:-1, max-image-preview:large, max-video-preview:-1\" \/>\n<link rel=\"canonical\" href=\"https:\/\/www.green24.ro\/index.php\/2022\/12\/13\/membrii-comisiilor-reunite-de-buget-finante-din-parlament-au-aprobat-luni-proiectul-de-buget-al-ministerului-mediului-apelor-si-padurilor-mmap-pentru-anul-2023\/\" \/>\n<meta property=\"og:locale\" content=\"en_US\" \/>\n<meta property=\"og:type\" content=\"article\" \/>\n<meta property=\"og:title\" content=\"Membrii comisiilor reunite de buget-finan\u0163e din Parlament au aprobat, luni, proiectul de buget al Ministerului Mediului, Apelor \u015fi P\u0103durilor (MMAP) pentru anul 2023 - Green24.ro\" \/>\n<meta property=\"og:description\" content=\"Pe marginea proiectului de buget destinat Ministerul Mediului au fost depuse 29 de amendamente, toate fiind admise. &#8220;Compensa\u0163iile Natura 2000 se bazeaz\u0103 pe un studiu f\u0103cut de speciali\u015fti \u00een ceea ce prive\u015fte perioadele de restric\u0163ie, tipul de restric\u0163ie de p\u0103dure \u015fi variaz\u0103 \u00eentre 10 euro pe hectar p\u00e2n\u0103 la 100 [&hellip;]\" \/>\n<meta property=\"og:url\" content=\"https:\/\/www.green24.ro\/index.php\/2022\/12\/13\/membrii-comisiilor-reunite-de-buget-finante-din-parlament-au-aprobat-luni-proiectul-de-buget-al-ministerului-mediului-apelor-si-padurilor-mmap-pentru-anul-2023\/\" \/>\n<meta property=\"og:site_name\" content=\"Green24.ro\" \/>\n<meta property=\"article:publisher\" content=\"https:\/\/www.facebook.com\/green24ro\/\" \/>\n<meta property=\"article:published_time\" content=\"2022-12-13T10:39:05+00:00\" \/>\n<meta property=\"article:modified_time\" content=\"2022-12-20T08:12:39+00:00\" \/>\n<meta property=\"og:image\" content=\"https:\/\/www.green24.ro\/wp-content\/uploads\/2022\/12\/NzgwJmg9NDQwJmhhc2g9Nzk0ZWQ5MDc0ZmYzZGQ0ZTY1ODlhYzU5ZDBhNzRiMDM.thumb_.jpg\" \/>\n\t<meta property=\"og:image:width\" content=\"780\" \/>\n\t<meta property=\"og:image:height\" content=\"440\" \/>\n\t<meta property=\"og:image:type\" content=\"image\/jpeg\" \/>\n<meta name=\"author\" content=\"Redactia Green24\" \/>\n<meta name=\"twitter:card\" content=\"summary_large_image\" \/>\n<meta name=\"twitter:label1\" content=\"Written by\" \/>\n\t<meta name=\"twitter:data1\" content=\"Redactia Green24\" \/>\n\t<meta name=\"twitter:label2\" content=\"Est. reading time\" \/>\n\t<meta name=\"twitter:data2\" content=\"2 minutes\" \/>\n<script type=\"application\/ld+json\" class=\"yoast-schema-graph\">{\"@context\":\"https:\/\/schema.org\",\"@graph\":[{\"@type\":\"Article\",\"@id\":\"https:\/\/www.green24.ro\/index.php\/2022\/12\/13\/membrii-comisiilor-reunite-de-buget-finante-din-parlament-au-aprobat-luni-proiectul-de-buget-al-ministerului-mediului-apelor-si-padurilor-mmap-pentru-anul-2023\/#article\",\"isPartOf\":{\"@id\":\"https:\/\/www.green24.ro\/index.php\/2022\/12\/13\/membrii-comisiilor-reunite-de-buget-finante-din-parlament-au-aprobat-luni-proiectul-de-buget-al-ministerului-mediului-apelor-si-padurilor-mmap-pentru-anul-2023\/\"},\"author\":{\"name\":\"Redactia Green24\",\"@id\":\"https:\/\/www.green24.ro\/#\/schema\/person\/607a8c12d4548837cb79d52bb2437572\"},\"headline\":\"Membrii comisiilor reunite de buget-finan\u0163e din Parlament au aprobat, luni, proiectul de buget al Ministerului Mediului, Apelor \u015fi P\u0103durilor (MMAP) pentru anul 2023\",\"datePublished\":\"2022-12-13T10:39:05+00:00\",\"dateModified\":\"2022-12-20T08:12:39+00:00\",\"mainEntityOfPage\":{\"@id\":\"https:\/\/www.green24.ro\/index.php\/2022\/12\/13\/membrii-comisiilor-reunite-de-buget-finante-din-parlament-au-aprobat-luni-proiectul-de-buget-al-ministerului-mediului-apelor-si-padurilor-mmap-pentru-anul-2023\/\"},\"wordCount\":510,\"commentCount\":0,\"publisher\":{\"@id\":\"https:\/\/www.green24.ro\/#organization\"},\"image\":{\"@id\":\"https:\/\/www.green24.ro\/index.php\/2022\/12\/13\/membrii-comisiilor-reunite-de-buget-finante-din-parlament-au-aprobat-luni-proiectul-de-buget-al-ministerului-mediului-apelor-si-padurilor-mmap-pentru-anul-2023\/#primaryimage\"},\"thumbnailUrl\":\"https:\/\/www.green24.ro\/wp-content\/uploads\/2022\/12\/NzgwJmg9NDQwJmhhc2g9Nzk0ZWQ5MDc0ZmYzZGQ0ZTY1ODlhYzU5ZDBhNzRiMDM.thumb_.jpg\",\"articleSection\":[\"Blog\",\"Company\",\"General\",\"Legislatie\",\"Prime\",\"Slide\"],\"inLanguage\":\"en-US\",\"potentialAction\":[{\"@type\":\"CommentAction\",\"name\":\"Comment\",\"target\":[\"https:\/\/www.green24.ro\/index.php\/2022\/12\/13\/membrii-comisiilor-reunite-de-buget-finante-din-parlament-au-aprobat-luni-proiectul-de-buget-al-ministerului-mediului-apelor-si-padurilor-mmap-pentru-anul-2023\/#respond\"]}]},{\"@type\":\"WebPage\",\"@id\":\"https:\/\/www.green24.ro\/index.php\/2022\/12\/13\/membrii-comisiilor-reunite-de-buget-finante-din-parlament-au-aprobat-luni-proiectul-de-buget-al-ministerului-mediului-apelor-si-padurilor-mmap-pentru-anul-2023\/\",\"url\":\"https:\/\/www.green24.ro\/index.php\/2022\/12\/13\/membrii-comisiilor-reunite-de-buget-finante-din-parlament-au-aprobat-luni-proiectul-de-buget-al-ministerului-mediului-apelor-si-padurilor-mmap-pentru-anul-2023\/\",\"name\":\"Membrii comisiilor reunite de buget-finan\u0163e din Parlament au aprobat, luni, proiectul de buget al Ministerului Mediului, Apelor \u015fi P\u0103durilor (MMAP) pentru anul 2023 - Green24.ro\",\"isPartOf\":{\"@id\":\"https:\/\/www.green24.ro\/#website\"},\"primaryImageOfPage\":{\"@id\":\"https:\/\/www.green24.ro\/index.php\/2022\/12\/13\/membrii-comisiilor-reunite-de-buget-finante-din-parlament-au-aprobat-luni-proiectul-de-buget-al-ministerului-mediului-apelor-si-padurilor-mmap-pentru-anul-2023\/#primaryimage\"},\"image\":{\"@id\":\"https:\/\/www.green24.ro\/index.php\/2022\/12\/13\/membrii-comisiilor-reunite-de-buget-finante-din-parlament-au-aprobat-luni-proiectul-de-buget-al-ministerului-mediului-apelor-si-padurilor-mmap-pentru-anul-2023\/#primaryimage\"},\"thumbnailUrl\":\"https:\/\/www.green24.ro\/wp-content\/uploads\/2022\/12\/NzgwJmg9NDQwJmhhc2g9Nzk0ZWQ5MDc0ZmYzZGQ0ZTY1ODlhYzU5ZDBhNzRiMDM.thumb_.jpg\",\"datePublished\":\"2022-12-13T10:39:05+00:00\",\"dateModified\":\"2022-12-20T08:12:39+00:00\",\"breadcrumb\":{\"@id\":\"https:\/\/www.green24.ro\/index.php\/2022\/12\/13\/membrii-comisiilor-reunite-de-buget-finante-din-parlament-au-aprobat-luni-proiectul-de-buget-al-ministerului-mediului-apelor-si-padurilor-mmap-pentru-anul-2023\/#breadcrumb\"},\"inLanguage\":\"en-US\",\"potentialAction\":[{\"@type\":\"ReadAction\",\"target\":[\"https:\/\/www.green24.ro\/index.php\/2022\/12\/13\/membrii-comisiilor-reunite-de-buget-finante-din-parlament-au-aprobat-luni-proiectul-de-buget-al-ministerului-mediului-apelor-si-padurilor-mmap-pentru-anul-2023\/\"]}]},{\"@type\":\"ImageObject\",\"inLanguage\":\"en-US\",\"@id\":\"https:\/\/www.green24.ro\/index.php\/2022\/12\/13\/membrii-comisiilor-reunite-de-buget-finante-din-parlament-au-aprobat-luni-proiectul-de-buget-al-ministerului-mediului-apelor-si-padurilor-mmap-pentru-anul-2023\/#primaryimage\",\"url\":\"https:\/\/www.green24.ro\/wp-content\/uploads\/2022\/12\/NzgwJmg9NDQwJmhhc2g9Nzk0ZWQ5MDc0ZmYzZGQ0ZTY1ODlhYzU5ZDBhNzRiMDM.thumb_.jpg\",\"contentUrl\":\"https:\/\/www.green24.ro\/wp-content\/uploads\/2022\/12\/NzgwJmg9NDQwJmhhc2g9Nzk0ZWQ5MDc0ZmYzZGQ0ZTY1ODlhYzU5ZDBhNzRiMDM.thumb_.jpg\",\"width\":780,\"height\":440,\"caption\":\"Membrii comisiilor reunite de buget-finan\u0163e din Parlament au aprobat\"},{\"@type\":\"BreadcrumbList\",\"@id\":\"https:\/\/www.green24.ro\/index.php\/2022\/12\/13\/membrii-comisiilor-reunite-de-buget-finante-din-parlament-au-aprobat-luni-proiectul-de-buget-al-ministerului-mediului-apelor-si-padurilor-mmap-pentru-anul-2023\/#breadcrumb\",\"itemListElement\":[{\"@type\":\"ListItem\",\"position\":1,\"name\":\"Home\",\"item\":\"https:\/\/www.green24.ro\/\"},{\"@type\":\"ListItem\",\"position\":2,\"name\":\"Membrii comisiilor reunite de buget-finan\u0163e din Parlament au aprobat, luni, proiectul de buget al Ministerului Mediului, Apelor \u015fi P\u0103durilor (MMAP) pentru anul 2023\"}]},{\"@type\":\"WebSite\",\"@id\":\"https:\/\/www.green24.ro\/#website\",\"url\":\"https:\/\/www.green24.ro\/\",\"name\":\"Green24.ro\",\"description\":\"Antreprenoriat verde si responsabilitatea social\u0103\",\"publisher\":{\"@id\":\"https:\/\/www.green24.ro\/#organization\"},\"potentialAction\":[{\"@type\":\"SearchAction\",\"target\":{\"@type\":\"EntryPoint\",\"urlTemplate\":\"https:\/\/www.green24.ro\/?s={search_term_string}\"},\"query-input\":{\"@type\":\"PropertyValueSpecification\",\"valueRequired\":true,\"valueName\":\"search_term_string\"}}],\"inLanguage\":\"en-US\"},{\"@type\":\"Organization\",\"@id\":\"https:\/\/www.green24.ro\/#organization\",\"name\":\"Green24\",\"url\":\"https:\/\/www.green24.ro\/\",\"logo\":{\"@type\":\"ImageObject\",\"inLanguage\":\"en-US\",\"@id\":\"https:\/\/www.green24.ro\/#\/schema\/logo\/image\/\",\"url\":\"https:\/\/www.green24.ro\/wp-content\/uploads\/2022\/02\/green24-17-e1643806452346.png\",\"contentUrl\":\"https:\/\/www.green24.ro\/wp-content\/uploads\/2022\/02\/green24-17-e1643806452346.png\",\"width\":174,\"height\":174,\"caption\":\"Green24\"},\"image\":{\"@id\":\"https:\/\/www.green24.ro\/#\/schema\/logo\/image\/\"},\"sameAs\":[\"https:\/\/www.facebook.com\/green24ro\/\"]},{\"@type\":\"Person\",\"@id\":\"https:\/\/www.green24.ro\/#\/schema\/person\/607a8c12d4548837cb79d52bb2437572\",\"name\":\"Redactia Green24\",\"image\":{\"@type\":\"ImageObject\",\"inLanguage\":\"en-US\",\"@id\":\"https:\/\/www.green24.ro\/#\/schema\/person\/image\/\",\"url\":\"https:\/\/secure.gravatar.com\/avatar\/c9f4d5614769dc0a9dfdfed961c82ea6?s=96&d=mm&r=g\",\"contentUrl\":\"https:\/\/secure.gravatar.com\/avatar\/c9f4d5614769dc0a9dfdfed961c82ea6?s=96&d=mm&r=g\",\"caption\":\"Redactia Green24\"},\"sameAs\":[\"http:\/\/www.green24.ro\"],\"url\":\"https:\/\/www.green24.ro\/index.php\/author\/green24\/\"}]}<\/script>\n<!-- \/ Yoast SEO plugin. -->","yoast_head_json":{"title":"Membrii comisiilor reunite de buget-finan\u0163e din Parlament au aprobat, luni, proiectul de buget al Ministerului Mediului, Apelor \u015fi P\u0103durilor (MMAP) pentru anul 2023 - Green24.ro","robots":{"index":"index","follow":"follow","max-snippet":"max-snippet:-1","max-image-preview":"max-image-preview:large","max-video-preview":"max-video-preview:-1"},"canonical":"https:\/\/www.green24.ro\/index.php\/2022\/12\/13\/membrii-comisiilor-reunite-de-buget-finante-din-parlament-au-aprobat-luni-proiectul-de-buget-al-ministerului-mediului-apelor-si-padurilor-mmap-pentru-anul-2023\/","og_locale":"en_US","og_type":"article","og_title":"Membrii comisiilor reunite de buget-finan\u0163e din Parlament au aprobat, luni, proiectul de buget al Ministerului Mediului, Apelor \u015fi P\u0103durilor (MMAP) pentru anul 2023 - Green24.ro","og_description":"Pe marginea proiectului de buget destinat Ministerul Mediului au fost depuse 29 de amendamente, toate fiind admise. &#8220;Compensa\u0163iile Natura 2000 se bazeaz\u0103 pe un studiu f\u0103cut de speciali\u015fti \u00een ceea ce prive\u015fte perioadele de restric\u0163ie, tipul de restric\u0163ie de p\u0103dure \u015fi variaz\u0103 \u00eentre 10 euro pe hectar p\u00e2n\u0103 la 100 [&hellip;]","og_url":"https:\/\/www.green24.ro\/index.php\/2022\/12\/13\/membrii-comisiilor-reunite-de-buget-finante-din-parlament-au-aprobat-luni-proiectul-de-buget-al-ministerului-mediului-apelor-si-padurilor-mmap-pentru-anul-2023\/","og_site_name":"Green24.ro","article_publisher":"https:\/\/www.facebook.com\/green24ro\/","article_published_time":"2022-12-13T10:39:05+00:00","article_modified_time":"2022-12-20T08:12:39+00:00","og_image":[{"width":780,"height":440,"url":"https:\/\/www.green24.ro\/wp-content\/uploads\/2022\/12\/NzgwJmg9NDQwJmhhc2g9Nzk0ZWQ5MDc0ZmYzZGQ0ZTY1ODlhYzU5ZDBhNzRiMDM.thumb_.jpg","type":"image\/jpeg"}],"author":"Redactia Green24","twitter_card":"summary_large_image","twitter_misc":{"Written by":"Redactia Green24","Est. reading time":"2 minutes"},"schema":{"@context":"https:\/\/schema.org","@graph":[{"@type":"Article","@id":"https:\/\/www.green24.ro\/index.php\/2022\/12\/13\/membrii-comisiilor-reunite-de-buget-finante-din-parlament-au-aprobat-luni-proiectul-de-buget-al-ministerului-mediului-apelor-si-padurilor-mmap-pentru-anul-2023\/#article","isPartOf":{"@id":"https:\/\/www.green24.ro\/index.php\/2022\/12\/13\/membrii-comisiilor-reunite-de-buget-finante-din-parlament-au-aprobat-luni-proiectul-de-buget-al-ministerului-mediului-apelor-si-padurilor-mmap-pentru-anul-2023\/"},"author":{"name":"Redactia Green24","@id":"https:\/\/www.green24.ro\/#\/schema\/person\/607a8c12d4548837cb79d52bb2437572"},"headline":"Membrii comisiilor reunite de buget-finan\u0163e din Parlament au aprobat, luni, proiectul de buget al Ministerului Mediului, Apelor \u015fi P\u0103durilor (MMAP) pentru anul 2023","datePublished":"2022-12-13T10:39:05+00:00","dateModified":"2022-12-20T08:12:39+00:00","mainEntityOfPage":{"@id":"https:\/\/www.green24.ro\/index.php\/2022\/12\/13\/membrii-comisiilor-reunite-de-buget-finante-din-parlament-au-aprobat-luni-proiectul-de-buget-al-ministerului-mediului-apelor-si-padurilor-mmap-pentru-anul-2023\/"},"wordCount":510,"commentCount":0,"publisher":{"@id":"https:\/\/www.green24.ro\/#organization"},"image":{"@id":"https:\/\/www.green24.ro\/index.php\/2022\/12\/13\/membrii-comisiilor-reunite-de-buget-finante-din-parlament-au-aprobat-luni-proiectul-de-buget-al-ministerului-mediului-apelor-si-padurilor-mmap-pentru-anul-2023\/#primaryimage"},"thumbnailUrl":"https:\/\/www.green24.ro\/wp-content\/uploads\/2022\/12\/NzgwJmg9NDQwJmhhc2g9Nzk0ZWQ5MDc0ZmYzZGQ0ZTY1ODlhYzU5ZDBhNzRiMDM.thumb_.jpg","articleSection":["Blog","Company","General","Legislatie","Prime","Slide"],"inLanguage":"en-US","potentialAction":[{"@type":"CommentAction","name":"Comment","target":["https:\/\/www.green24.ro\/index.php\/2022\/12\/13\/membrii-comisiilor-reunite-de-buget-finante-din-parlament-au-aprobat-luni-proiectul-de-buget-al-ministerului-mediului-apelor-si-padurilor-mmap-pentru-anul-2023\/#respond"]}]},{"@type":"WebPage","@id":"https:\/\/www.green24.ro\/index.php\/2022\/12\/13\/membrii-comisiilor-reunite-de-buget-finante-din-parlament-au-aprobat-luni-proiectul-de-buget-al-ministerului-mediului-apelor-si-padurilor-mmap-pentru-anul-2023\/","url":"https:\/\/www.green24.ro\/index.php\/2022\/12\/13\/membrii-comisiilor-reunite-de-buget-finante-din-parlament-au-aprobat-luni-proiectul-de-buget-al-ministerului-mediului-apelor-si-padurilor-mmap-pentru-anul-2023\/","name":"Membrii comisiilor reunite de buget-finan\u0163e din Parlament au aprobat, luni, proiectul de buget al Ministerului Mediului, Apelor \u015fi P\u0103durilor (MMAP) pentru anul 2023 - Green24.ro","isPartOf":{"@id":"https:\/\/www.green24.ro\/#website"},"primaryImageOfPage":{"@id":"https:\/\/www.green24.ro\/index.php\/2022\/12\/13\/membrii-comisiilor-reunite-de-buget-finante-din-parlament-au-aprobat-luni-proiectul-de-buget-al-ministerului-mediului-apelor-si-padurilor-mmap-pentru-anul-2023\/#primaryimage"},"image":{"@id":"https:\/\/www.green24.ro\/index.php\/2022\/12\/13\/membrii-comisiilor-reunite-de-buget-finante-din-parlament-au-aprobat-luni-proiectul-de-buget-al-ministerului-mediului-apelor-si-padurilor-mmap-pentru-anul-2023\/#primaryimage"},"thumbnailUrl":"https:\/\/www.green24.ro\/wp-content\/uploads\/2022\/12\/NzgwJmg9NDQwJmhhc2g9Nzk0ZWQ5MDc0ZmYzZGQ0ZTY1ODlhYzU5ZDBhNzRiMDM.thumb_.jpg","datePublished":"2022-12-13T10:39:05+00:00","dateModified":"2022-12-20T08:12:39+00:00","breadcrumb":{"@id":"https:\/\/www.green24.ro\/index.php\/2022\/12\/13\/membrii-comisiilor-reunite-de-buget-finante-din-parlament-au-aprobat-luni-proiectul-de-buget-al-ministerului-mediului-apelor-si-padurilor-mmap-pentru-anul-2023\/#breadcrumb"},"inLanguage":"en-US","potentialAction":[{"@type":"ReadAction","target":["https:\/\/www.green24.ro\/index.php\/2022\/12\/13\/membrii-comisiilor-reunite-de-buget-finante-din-parlament-au-aprobat-luni-proiectul-de-buget-al-ministerului-mediului-apelor-si-padurilor-mmap-pentru-anul-2023\/"]}]},{"@type":"ImageObject","inLanguage":"en-US","@id":"https:\/\/www.green24.ro\/index.php\/2022\/12\/13\/membrii-comisiilor-reunite-de-buget-finante-din-parlament-au-aprobat-luni-proiectul-de-buget-al-ministerului-mediului-apelor-si-padurilor-mmap-pentru-anul-2023\/#primaryimage","url":"https:\/\/www.green24.ro\/wp-content\/uploads\/2022\/12\/NzgwJmg9NDQwJmhhc2g9Nzk0ZWQ5MDc0ZmYzZGQ0ZTY1ODlhYzU5ZDBhNzRiMDM.thumb_.jpg","contentUrl":"https:\/\/www.green24.ro\/wp-content\/uploads\/2022\/12\/NzgwJmg9NDQwJmhhc2g9Nzk0ZWQ5MDc0ZmYzZGQ0ZTY1ODlhYzU5ZDBhNzRiMDM.thumb_.jpg","width":780,"height":440,"caption":"Membrii comisiilor reunite de buget-finan\u0163e din Parlament au aprobat"},{"@type":"BreadcrumbList","@id":"https:\/\/www.green24.ro\/index.php\/2022\/12\/13\/membrii-comisiilor-reunite-de-buget-finante-din-parlament-au-aprobat-luni-proiectul-de-buget-al-ministerului-mediului-apelor-si-padurilor-mmap-pentru-anul-2023\/#breadcrumb","itemListElement":[{"@type":"ListItem","position":1,"name":"Home","item":"https:\/\/www.green24.ro\/"},{"@type":"ListItem","position":2,"name":"Membrii comisiilor reunite de buget-finan\u0163e din Parlament au aprobat, luni, proiectul de buget al Ministerului Mediului, Apelor \u015fi P\u0103durilor (MMAP) pentru anul 2023"}]},{"@type":"WebSite","@id":"https:\/\/www.green24.ro\/#website","url":"https:\/\/www.green24.ro\/","name":"Green24.ro","description":"Antreprenoriat verde si responsabilitatea social\u0103","publisher":{"@id":"https:\/\/www.green24.ro\/#organization"},"potentialAction":[{"@type":"SearchAction","target":{"@type":"EntryPoint","urlTemplate":"https:\/\/www.green24.ro\/?s={search_term_string}"},"query-input":{"@type":"PropertyValueSpecification","valueRequired":true,"valueName":"search_term_string"}}],"inLanguage":"en-US"},{"@type":"Organization","@id":"https:\/\/www.green24.ro\/#organization","name":"Green24","url":"https:\/\/www.green24.ro\/","logo":{"@type":"ImageObject","inLanguage":"en-US","@id":"https:\/\/www.green24.ro\/#\/schema\/logo\/image\/","url":"https:\/\/www.green24.ro\/wp-content\/uploads\/2022\/02\/green24-17-e1643806452346.png","contentUrl":"https:\/\/www.green24.ro\/wp-content\/uploads\/2022\/02\/green24-17-e1643806452346.png","width":174,"height":174,"caption":"Green24"},"image":{"@id":"https:\/\/www.green24.ro\/#\/schema\/logo\/image\/"},"sameAs":["https:\/\/www.facebook.com\/green24ro\/"]},{"@type":"Person","@id":"https:\/\/www.green24.ro\/#\/schema\/person\/607a8c12d4548837cb79d52bb2437572","name":"Redactia Green24","image":{"@type":"ImageObject","inLanguage":"en-US","@id":"https:\/\/www.green24.ro\/#\/schema\/person\/image\/","url":"https:\/\/secure.gravatar.com\/avatar\/c9f4d5614769dc0a9dfdfed961c82ea6?s=96&d=mm&r=g","contentUrl":"https:\/\/secure.gravatar.com\/avatar\/c9f4d5614769dc0a9dfdfed961c82ea6?s=96&d=mm&r=g","caption":"Redactia Green24"},"sameAs":["http:\/\/www.green24.ro"],"url":"https:\/\/www.green24.ro\/index.php\/author\/green24\/"}]}},"jetpack_publicize_connections":[],"jetpack_featured_media_url":"https:\/\/www.green24.ro\/wp-content\/uploads\/2022\/12\/NzgwJmg9NDQwJmhhc2g9Nzk0ZWQ5MDc0ZmYzZGQ0ZTY1ODlhYzU5ZDBhNzRiMDM.thumb_.jpg","jetpack_sharing_enabled":true,"_links":{"self":[{"href":"https:\/\/www.green24.ro\/index.php\/wp-json\/wp\/v2\/posts\/1564","targetHints":{"allow":["GET"]}}],"collection":[{"href":"https:\/\/www.green24.ro\/index.php\/wp-json\/wp\/v2\/posts"}],"about":[{"href":"https:\/\/www.green24.ro\/index.php\/wp-json\/wp\/v2\/types\/post"}],"author":[{"embeddable":true,"href":"https:\/\/www.green24.ro\/index.php\/wp-json\/wp\/v2\/users\/3"}],"replies":[{"embeddable":true,"href":"https:\/\/www.green24.ro\/index.php\/wp-json\/wp\/v2\/comments?post=1564"}],"version-history":[{"count":2,"href":"https:\/\/www.green24.ro\/index.php\/wp-json\/wp\/v2\/posts\/1564\/revisions"}],"predecessor-version":[{"id":1567,"href":"https:\/\/www.green24.ro\/index.php\/wp-json\/wp\/v2\/posts\/1564\/revisions\/1567"}],"wp:featuredmedia":[{"embeddable":true,"href":"https:\/\/www.green24.ro\/index.php\/wp-json\/wp\/v2\/media\/1565"}],"wp:attachment":[{"href":"https:\/\/www.green24.ro\/index.php\/wp-json\/wp\/v2\/media?parent=1564"}],"wp:term":[{"taxonomy":"category","embeddable":true,"href":"https:\/\/www.green24.ro\/index.php\/wp-json\/wp\/v2\/categories?post=1564"},{"taxonomy":"post_tag","embeddable":true,"href":"https:\/\/www.green24.ro\/index.php\/wp-json\/wp\/v2\/tags?post=1564"}],"curies":[{"name":"wp","href":"https:\/\/api.w.org\/{rel}","templated":true}]}}