{"id":1535,"date":"2022-11-14T09:47:06","date_gmt":"2022-11-14T07:47:06","guid":{"rendered":"https:\/\/www.green24.ro\/?p=1535"},"modified":"2022-11-29T09:03:37","modified_gmt":"2022-11-29T07:03:37","slug":"hotii-de-lemne-isi-incendiaza-urmele-din-padure-mii-de-metri-patrati-parjoliti-in-dambovita","status":"publish","type":"post","link":"https:\/\/www.green24.ro\/index.php\/2022\/11\/14\/hotii-de-lemne-isi-incendiaza-urmele-din-padure-mii-de-metri-patrati-parjoliti-in-dambovita\/","title":{"rendered":"Ho\u021bii de lemne \u00ee\u0219i incendiaz\u0103 urmele din p\u0103dure. Mii de metri p\u0103tra\u021bi p\u00e2rjoli\u021bi \u00een D\u00e2mbovi\u021ba"},"content":{"rendered":"<p style=\"text-align: justify;\">Pompierii s-au luptat ore \u00eentregi cu fl\u0103c\u0103rile, \u00een satele Milo\u0219ari (Lude\u0219ti) \u0219i \u00een Scheiu de Jos (Hulube\u0219ti) din D\u00e2mbovi\u021ba. Au ars aproximativ 15.000 de metri p\u0103tra\u021bi de litier\u0103, l\u0103st\u0103ri\u0219 \u0219i m\u0103r\u0103cini.<\/p>\n<p style=\"text-align: justify;\">Autorit\u0103\u021bile au o ipotez\u0103 \u0219ocant\u0103 \u00een leg\u0103tur\u0103 cu aceste incendii \u0219i sunt de p\u0103rere c\u0103 ho\u021bii de lemne \u00eencearc\u0103 s\u0103-\u0219i acopere urmele, incendiind p\u0103durea.<\/p>\n<p style=\"text-align: justify;\">Primul incendiu a fost anun\u021bat la Scheiu de Jos. Focul a cuprins rapid 3.000 mp de vegeta\u021bie \u0219i 2.000 mp de litier\u0103. Dou\u0103 ore mai t\u00e2rziu s-a dat alarma la Milo\u0219ari, unde fl\u0103c\u0103rile au cuprins p\u0103durea t\u00e2n\u0103r\u0103. Nu mai pu\u021bin de 5.000 mp de l\u0103st\u0103ri\u0219, m\u0103r\u0103cini\u0219 \u0219i litier\u0103 au fost mistuite. C\u00e2nd p\u0103rea c\u0103 situa\u021bia a intrat sub control, un alt incendiu a fost anun\u021bat, la ora 20.38, tot la Milo\u0219ari. Au ars al\u021bi 5.000 mp de p\u0103dure t\u00e2n\u0103r\u0103.<\/p>\n<p style=\"text-align: justify;\">Localnicii spune c\u0103 ace\u0219ti indivizi sunt extrem de periculo\u0219i, mai ales atunci c\u00e2nd sunt prin\u0219i asupra faptului \u00eemplinit, potrivit\u00a0cronica-gaestiului.ro.<\/p>\n<p style=\"text-align: justify;\">Ac\u021biune de informare preventiv\u0103 a cet\u0103\u021benilor \u00een comuna Hulube\u0219ti<\/p>\n<p style=\"text-align: justify;\">\u00cen urma acestor evenimente, pompierii de la ISU D\u00e2mbovi\u021ba, al\u0103turi de poli\u021bi\u0219ti, jandarmi \u0219i ofi\u021beri anticorup\u021bie din cadrul structurilor de prevenire \u0219i informare public\u0103 din cadrul MAI, au desf\u0103\u0219urat o ac\u021biune de informare a cet\u0103\u021benilor \u00een localitatea Hulube\u0219ti.<\/p>\n<p style=\"text-align: justify;\">\u201eActivitatea a debutat la sediul prim\u0103riei din localitate unde au fost supuse aten\u021biei participan\u021bilor, aspecte legate de prevenirea incendiilor la locuin\u021be \u0219i \u00een gospod\u0103riile din mediul rural, prevenirea faptelor antisociale, a infrac\u021biunilor contra persoanei \u0219i a patrimoniului, a celor de corup\u021bie \u00een r\u00e2ndul func\u021bionarilor publici, precum \u0219i referitoare la consecin\u021bele negative ale consumului de substan\u021be interzise\u201d, se arat\u0103 \u00eentr-un comunicat al ISU D\u00e2mbovi\u021ba.<\/p>\n<p style=\"text-align: justify;\">\u00cen aceast\u0103 perioad\u0103, spun salvatorii, cre\u0219te num\u0103rul incendiilor la locuin\u021bele \u0219i gospod\u0103riile popula\u021biei. Majoritatea sunt produse din cauza utiliz\u0103rii necorespunz\u0103toare a co\u0219urilor de fum, a sistemelor de \u00eenc\u0103lzire local\u0103 \u0219i a instala\u021biilor electrice, fapt care a impus reiterarea m\u0103surilor de protec\u021bie care trebuie adoptate \u00een cazul declan\u0219\u0103rii unor incendii.<\/p>\n<p style=\"text-align: justify;\">\u00cen cazul producerii unui incendiu, pompierii \u00eei \u00eendeamn\u0103 pe s\u0103teni s\u0103 anun\u021be evenimentul \u00een cel mai scurt timp posibil, la num\u0103rul de urgen\u021be 112.<\/p>\n<pre>sursa: <a href=\"https:\/\/adevarul.ro\/stiri-locale\/targoviste\/hotii-de-lemne-isi-incendiaza-urmele-din-padure-2219199.html\">adevarul<\/a><\/pre>\n","protected":false},"excerpt":{"rendered":"<p>Pompierii s-au luptat ore \u00eentregi cu fl\u0103c\u0103rile, \u00een satele Milo\u0219ari (Lude\u0219ti) \u0219i \u00een Scheiu de Jos (Hulube\u0219ti) din D\u00e2mbovi\u021ba. Au ars aproximativ 15.000 de metri p\u0103tra\u021bi de litier\u0103, l\u0103st\u0103ri\u0219 \u0219i m\u0103r\u0103cini. Autorit\u0103\u021bile au o ipotez\u0103 \u0219ocant\u0103 \u00een leg\u0103tur\u0103 cu aceste incendii \u0219i sunt de p\u0103rere c\u0103 ho\u021bii de lemne \u00eencearc\u0103 [&hellip;]<\/p>\n","protected":false},"author":3,"featured_media":1536,"comment_status":"open","ping_status":"open","sticky":false,"template":"","format":"standard","meta":{"content-type":"","footnotes":"","jetpack_publicize_message":"","jetpack_publicize_feature_enabled":true,"jetpack_social_post_already_shared":true,"jetpack_social_options":{"image_generator_settings":{"template":"highway","default_image_id":0,"font":"","enabled":false},"version":2}},"categories":[5,9,1,3,6],"tags":[],"class_list":["post-1535","post","type-post","status-publish","format-standard","has-post-thumbnail","hentry","category-blog","category-company","category-general","category-legislatie","category-prime"],"yoast_head":"<!-- This site is optimized with the Yoast SEO plugin v24.9 - https:\/\/yoast.com\/wordpress\/plugins\/seo\/ -->\n<title>Ho\u021bii de lemne \u00ee\u0219i incendiaz\u0103 urmele din p\u0103dure. Mii de metri p\u0103tra\u021bi p\u00e2rjoli\u021bi \u00een D\u00e2mbovi\u021ba - Green24.ro<\/title>\n<meta name=\"description\" content=\"Pompierii s-au luptat ore \u00eentregi cu fl\u0103c\u0103rile, \u00een satele Milo\u0219ari (Lude\u0219ti) \u0219i \u00een Scheiu de Jos (Hulube\u0219ti) din D\u00e2mbovi\u021ba. Au ars aproximativ 15.000 de metri p\u0103tra\u021bi de litier\u0103, l\u0103st\u0103ri\u0219 \u0219i m\u0103r\u0103cini.\" \/>\n<meta name=\"robots\" content=\"index, follow, max-snippet:-1, max-image-preview:large, max-video-preview:-1\" \/>\n<link rel=\"canonical\" href=\"https:\/\/www.green24.ro\/index.php\/2022\/11\/14\/hotii-de-lemne-isi-incendiaza-urmele-din-padure-mii-de-metri-patrati-parjoliti-in-dambovita\/\" \/>\n<meta property=\"og:locale\" content=\"en_US\" \/>\n<meta property=\"og:type\" content=\"article\" \/>\n<meta property=\"og:title\" content=\"Ho\u021bii de lemne \u00ee\u0219i incendiaz\u0103 urmele din p\u0103dure. Mii de metri p\u0103tra\u021bi p\u00e2rjoli\u021bi \u00een D\u00e2mbovi\u021ba - Green24.ro\" \/>\n<meta property=\"og:description\" content=\"Pompierii s-au luptat ore \u00eentregi cu fl\u0103c\u0103rile, \u00een satele Milo\u0219ari (Lude\u0219ti) \u0219i \u00een Scheiu de Jos (Hulube\u0219ti) din D\u00e2mbovi\u021ba. Au ars aproximativ 15.000 de metri p\u0103tra\u021bi de litier\u0103, l\u0103st\u0103ri\u0219 \u0219i m\u0103r\u0103cini.\" \/>\n<meta property=\"og:url\" content=\"https:\/\/www.green24.ro\/index.php\/2022\/11\/14\/hotii-de-lemne-isi-incendiaza-urmele-din-padure-mii-de-metri-patrati-parjoliti-in-dambovita\/\" \/>\n<meta property=\"og:site_name\" content=\"Green24.ro\" \/>\n<meta property=\"article:publisher\" content=\"https:\/\/www.facebook.com\/green24ro\/\" \/>\n<meta property=\"article:published_time\" content=\"2022-11-14T07:47:06+00:00\" \/>\n<meta property=\"article:modified_time\" content=\"2022-11-29T07:03:37+00:00\" \/>\n<meta property=\"og:image\" content=\"https:\/\/www.green24.ro\/wp-content\/uploads\/2022\/11\/index.webp\" \/>\n\t<meta property=\"og:image:width\" content=\"1000\" \/>\n\t<meta property=\"og:image:height\" content=\"612\" \/>\n\t<meta property=\"og:image:type\" content=\"image\/webp\" \/>\n<meta name=\"author\" content=\"Redactia Green24\" \/>\n<meta name=\"twitter:card\" content=\"summary_large_image\" \/>\n<meta name=\"twitter:label1\" content=\"Written by\" \/>\n\t<meta name=\"twitter:data1\" content=\"Redactia Green24\" \/>\n\t<meta name=\"twitter:label2\" content=\"Est. reading time\" \/>\n\t<meta name=\"twitter:data2\" content=\"2 minutes\" \/>\n<script type=\"application\/ld+json\" class=\"yoast-schema-graph\">{\"@context\":\"https:\/\/schema.org\",\"@graph\":[{\"@type\":\"Article\",\"@id\":\"https:\/\/www.green24.ro\/index.php\/2022\/11\/14\/hotii-de-lemne-isi-incendiaza-urmele-din-padure-mii-de-metri-patrati-parjoliti-in-dambovita\/#article\",\"isPartOf\":{\"@id\":\"https:\/\/www.green24.ro\/index.php\/2022\/11\/14\/hotii-de-lemne-isi-incendiaza-urmele-din-padure-mii-de-metri-patrati-parjoliti-in-dambovita\/\"},\"author\":{\"name\":\"Redactia Green24\",\"@id\":\"https:\/\/www.green24.ro\/#\/schema\/person\/607a8c12d4548837cb79d52bb2437572\"},\"headline\":\"Ho\u021bii de lemne \u00ee\u0219i incendiaz\u0103 urmele din p\u0103dure. Mii de metri p\u0103tra\u021bi p\u00e2rjoli\u021bi \u00een D\u00e2mbovi\u021ba\",\"datePublished\":\"2022-11-14T07:47:06+00:00\",\"dateModified\":\"2022-11-29T07:03:37+00:00\",\"mainEntityOfPage\":{\"@id\":\"https:\/\/www.green24.ro\/index.php\/2022\/11\/14\/hotii-de-lemne-isi-incendiaza-urmele-din-padure-mii-de-metri-patrati-parjoliti-in-dambovita\/\"},\"wordCount\":445,\"commentCount\":0,\"publisher\":{\"@id\":\"https:\/\/www.green24.ro\/#organization\"},\"image\":{\"@id\":\"https:\/\/www.green24.ro\/index.php\/2022\/11\/14\/hotii-de-lemne-isi-incendiaza-urmele-din-padure-mii-de-metri-patrati-parjoliti-in-dambovita\/#primaryimage\"},\"thumbnailUrl\":\"https:\/\/www.green24.ro\/wp-content\/uploads\/2022\/11\/index.webp\",\"articleSection\":[\"Blog\",\"Company\",\"General\",\"Legislatie\",\"Prime\"],\"inLanguage\":\"en-US\",\"potentialAction\":[{\"@type\":\"CommentAction\",\"name\":\"Comment\",\"target\":[\"https:\/\/www.green24.ro\/index.php\/2022\/11\/14\/hotii-de-lemne-isi-incendiaza-urmele-din-padure-mii-de-metri-patrati-parjoliti-in-dambovita\/#respond\"]}]},{\"@type\":\"WebPage\",\"@id\":\"https:\/\/www.green24.ro\/index.php\/2022\/11\/14\/hotii-de-lemne-isi-incendiaza-urmele-din-padure-mii-de-metri-patrati-parjoliti-in-dambovita\/\",\"url\":\"https:\/\/www.green24.ro\/index.php\/2022\/11\/14\/hotii-de-lemne-isi-incendiaza-urmele-din-padure-mii-de-metri-patrati-parjoliti-in-dambovita\/\",\"name\":\"Ho\u021bii de lemne \u00ee\u0219i incendiaz\u0103 urmele din p\u0103dure. Mii de metri p\u0103tra\u021bi p\u00e2rjoli\u021bi \u00een D\u00e2mbovi\u021ba - Green24.ro\",\"isPartOf\":{\"@id\":\"https:\/\/www.green24.ro\/#website\"},\"primaryImageOfPage\":{\"@id\":\"https:\/\/www.green24.ro\/index.php\/2022\/11\/14\/hotii-de-lemne-isi-incendiaza-urmele-din-padure-mii-de-metri-patrati-parjoliti-in-dambovita\/#primaryimage\"},\"image\":{\"@id\":\"https:\/\/www.green24.ro\/index.php\/2022\/11\/14\/hotii-de-lemne-isi-incendiaza-urmele-din-padure-mii-de-metri-patrati-parjoliti-in-dambovita\/#primaryimage\"},\"thumbnailUrl\":\"https:\/\/www.green24.ro\/wp-content\/uploads\/2022\/11\/index.webp\",\"datePublished\":\"2022-11-14T07:47:06+00:00\",\"dateModified\":\"2022-11-29T07:03:37+00:00\",\"description\":\"Pompierii s-au luptat ore \u00eentregi cu fl\u0103c\u0103rile, \u00een satele Milo\u0219ari (Lude\u0219ti) \u0219i \u00een Scheiu de Jos (Hulube\u0219ti) din D\u00e2mbovi\u021ba. Au ars aproximativ 15.000 de metri p\u0103tra\u021bi de litier\u0103, l\u0103st\u0103ri\u0219 \u0219i m\u0103r\u0103cini.\",\"breadcrumb\":{\"@id\":\"https:\/\/www.green24.ro\/index.php\/2022\/11\/14\/hotii-de-lemne-isi-incendiaza-urmele-din-padure-mii-de-metri-patrati-parjoliti-in-dambovita\/#breadcrumb\"},\"inLanguage\":\"en-US\",\"potentialAction\":[{\"@type\":\"ReadAction\",\"target\":[\"https:\/\/www.green24.ro\/index.php\/2022\/11\/14\/hotii-de-lemne-isi-incendiaza-urmele-din-padure-mii-de-metri-patrati-parjoliti-in-dambovita\/\"]}]},{\"@type\":\"ImageObject\",\"inLanguage\":\"en-US\",\"@id\":\"https:\/\/www.green24.ro\/index.php\/2022\/11\/14\/hotii-de-lemne-isi-incendiaza-urmele-din-padure-mii-de-metri-patrati-parjoliti-in-dambovita\/#primaryimage\",\"url\":\"https:\/\/www.green24.ro\/wp-content\/uploads\/2022\/11\/index.webp\",\"contentUrl\":\"https:\/\/www.green24.ro\/wp-content\/uploads\/2022\/11\/index.webp\",\"width\":1000,\"height\":612,\"caption\":\"Ho\u021bii de lemne \u00ee\u0219i incendiaz\u0103 urmele din p\u0103dure.\"},{\"@type\":\"BreadcrumbList\",\"@id\":\"https:\/\/www.green24.ro\/index.php\/2022\/11\/14\/hotii-de-lemne-isi-incendiaza-urmele-din-padure-mii-de-metri-patrati-parjoliti-in-dambovita\/#breadcrumb\",\"itemListElement\":[{\"@type\":\"ListItem\",\"position\":1,\"name\":\"Home\",\"item\":\"https:\/\/www.green24.ro\/\"},{\"@type\":\"ListItem\",\"position\":2,\"name\":\"Ho\u021bii de lemne \u00ee\u0219i incendiaz\u0103 urmele din p\u0103dure. Mii de metri p\u0103tra\u021bi p\u00e2rjoli\u021bi \u00een D\u00e2mbovi\u021ba\"}]},{\"@type\":\"WebSite\",\"@id\":\"https:\/\/www.green24.ro\/#website\",\"url\":\"https:\/\/www.green24.ro\/\",\"name\":\"Green24.ro\",\"description\":\"Antreprenoriat verde si responsabilitatea social\u0103\",\"publisher\":{\"@id\":\"https:\/\/www.green24.ro\/#organization\"},\"potentialAction\":[{\"@type\":\"SearchAction\",\"target\":{\"@type\":\"EntryPoint\",\"urlTemplate\":\"https:\/\/www.green24.ro\/?s={search_term_string}\"},\"query-input\":{\"@type\":\"PropertyValueSpecification\",\"valueRequired\":true,\"valueName\":\"search_term_string\"}}],\"inLanguage\":\"en-US\"},{\"@type\":\"Organization\",\"@id\":\"https:\/\/www.green24.ro\/#organization\",\"name\":\"Green24\",\"url\":\"https:\/\/www.green24.ro\/\",\"logo\":{\"@type\":\"ImageObject\",\"inLanguage\":\"en-US\",\"@id\":\"https:\/\/www.green24.ro\/#\/schema\/logo\/image\/\",\"url\":\"https:\/\/www.green24.ro\/wp-content\/uploads\/2022\/02\/green24-17-e1643806452346.png\",\"contentUrl\":\"https:\/\/www.green24.ro\/wp-content\/uploads\/2022\/02\/green24-17-e1643806452346.png\",\"width\":174,\"height\":174,\"caption\":\"Green24\"},\"image\":{\"@id\":\"https:\/\/www.green24.ro\/#\/schema\/logo\/image\/\"},\"sameAs\":[\"https:\/\/www.facebook.com\/green24ro\/\"]},{\"@type\":\"Person\",\"@id\":\"https:\/\/www.green24.ro\/#\/schema\/person\/607a8c12d4548837cb79d52bb2437572\",\"name\":\"Redactia Green24\",\"image\":{\"@type\":\"ImageObject\",\"inLanguage\":\"en-US\",\"@id\":\"https:\/\/www.green24.ro\/#\/schema\/person\/image\/\",\"url\":\"https:\/\/secure.gravatar.com\/avatar\/c9f4d5614769dc0a9dfdfed961c82ea6?s=96&d=mm&r=g\",\"contentUrl\":\"https:\/\/secure.gravatar.com\/avatar\/c9f4d5614769dc0a9dfdfed961c82ea6?s=96&d=mm&r=g\",\"caption\":\"Redactia Green24\"},\"sameAs\":[\"http:\/\/www.green24.ro\"],\"url\":\"https:\/\/www.green24.ro\/index.php\/author\/green24\/\"}]}<\/script>\n<!-- \/ Yoast SEO plugin. -->","yoast_head_json":{"title":"Ho\u021bii de lemne \u00ee\u0219i incendiaz\u0103 urmele din p\u0103dure. Mii de metri p\u0103tra\u021bi p\u00e2rjoli\u021bi \u00een D\u00e2mbovi\u021ba - Green24.ro","description":"Pompierii s-au luptat ore \u00eentregi cu fl\u0103c\u0103rile, \u00een satele Milo\u0219ari (Lude\u0219ti) \u0219i \u00een Scheiu de Jos (Hulube\u0219ti) din D\u00e2mbovi\u021ba. Au ars aproximativ 15.000 de metri p\u0103tra\u021bi de litier\u0103, l\u0103st\u0103ri\u0219 \u0219i m\u0103r\u0103cini.","robots":{"index":"index","follow":"follow","max-snippet":"max-snippet:-1","max-image-preview":"max-image-preview:large","max-video-preview":"max-video-preview:-1"},"canonical":"https:\/\/www.green24.ro\/index.php\/2022\/11\/14\/hotii-de-lemne-isi-incendiaza-urmele-din-padure-mii-de-metri-patrati-parjoliti-in-dambovita\/","og_locale":"en_US","og_type":"article","og_title":"Ho\u021bii de lemne \u00ee\u0219i incendiaz\u0103 urmele din p\u0103dure. Mii de metri p\u0103tra\u021bi p\u00e2rjoli\u021bi \u00een D\u00e2mbovi\u021ba - Green24.ro","og_description":"Pompierii s-au luptat ore \u00eentregi cu fl\u0103c\u0103rile, \u00een satele Milo\u0219ari (Lude\u0219ti) \u0219i \u00een Scheiu de Jos (Hulube\u0219ti) din D\u00e2mbovi\u021ba. Au ars aproximativ 15.000 de metri p\u0103tra\u021bi de litier\u0103, l\u0103st\u0103ri\u0219 \u0219i m\u0103r\u0103cini.","og_url":"https:\/\/www.green24.ro\/index.php\/2022\/11\/14\/hotii-de-lemne-isi-incendiaza-urmele-din-padure-mii-de-metri-patrati-parjoliti-in-dambovita\/","og_site_name":"Green24.ro","article_publisher":"https:\/\/www.facebook.com\/green24ro\/","article_published_time":"2022-11-14T07:47:06+00:00","article_modified_time":"2022-11-29T07:03:37+00:00","og_image":[{"width":1000,"height":612,"url":"https:\/\/www.green24.ro\/wp-content\/uploads\/2022\/11\/index.webp","type":"image\/webp"}],"author":"Redactia Green24","twitter_card":"summary_large_image","twitter_misc":{"Written by":"Redactia Green24","Est. reading time":"2 minutes"},"schema":{"@context":"https:\/\/schema.org","@graph":[{"@type":"Article","@id":"https:\/\/www.green24.ro\/index.php\/2022\/11\/14\/hotii-de-lemne-isi-incendiaza-urmele-din-padure-mii-de-metri-patrati-parjoliti-in-dambovita\/#article","isPartOf":{"@id":"https:\/\/www.green24.ro\/index.php\/2022\/11\/14\/hotii-de-lemne-isi-incendiaza-urmele-din-padure-mii-de-metri-patrati-parjoliti-in-dambovita\/"},"author":{"name":"Redactia Green24","@id":"https:\/\/www.green24.ro\/#\/schema\/person\/607a8c12d4548837cb79d52bb2437572"},"headline":"Ho\u021bii de lemne \u00ee\u0219i incendiaz\u0103 urmele din p\u0103dure. Mii de metri p\u0103tra\u021bi p\u00e2rjoli\u021bi \u00een D\u00e2mbovi\u021ba","datePublished":"2022-11-14T07:47:06+00:00","dateModified":"2022-11-29T07:03:37+00:00","mainEntityOfPage":{"@id":"https:\/\/www.green24.ro\/index.php\/2022\/11\/14\/hotii-de-lemne-isi-incendiaza-urmele-din-padure-mii-de-metri-patrati-parjoliti-in-dambovita\/"},"wordCount":445,"commentCount":0,"publisher":{"@id":"https:\/\/www.green24.ro\/#organization"},"image":{"@id":"https:\/\/www.green24.ro\/index.php\/2022\/11\/14\/hotii-de-lemne-isi-incendiaza-urmele-din-padure-mii-de-metri-patrati-parjoliti-in-dambovita\/#primaryimage"},"thumbnailUrl":"https:\/\/www.green24.ro\/wp-content\/uploads\/2022\/11\/index.webp","articleSection":["Blog","Company","General","Legislatie","Prime"],"inLanguage":"en-US","potentialAction":[{"@type":"CommentAction","name":"Comment","target":["https:\/\/www.green24.ro\/index.php\/2022\/11\/14\/hotii-de-lemne-isi-incendiaza-urmele-din-padure-mii-de-metri-patrati-parjoliti-in-dambovita\/#respond"]}]},{"@type":"WebPage","@id":"https:\/\/www.green24.ro\/index.php\/2022\/11\/14\/hotii-de-lemne-isi-incendiaza-urmele-din-padure-mii-de-metri-patrati-parjoliti-in-dambovita\/","url":"https:\/\/www.green24.ro\/index.php\/2022\/11\/14\/hotii-de-lemne-isi-incendiaza-urmele-din-padure-mii-de-metri-patrati-parjoliti-in-dambovita\/","name":"Ho\u021bii de lemne \u00ee\u0219i incendiaz\u0103 urmele din p\u0103dure. Mii de metri p\u0103tra\u021bi p\u00e2rjoli\u021bi \u00een D\u00e2mbovi\u021ba - Green24.ro","isPartOf":{"@id":"https:\/\/www.green24.ro\/#website"},"primaryImageOfPage":{"@id":"https:\/\/www.green24.ro\/index.php\/2022\/11\/14\/hotii-de-lemne-isi-incendiaza-urmele-din-padure-mii-de-metri-patrati-parjoliti-in-dambovita\/#primaryimage"},"image":{"@id":"https:\/\/www.green24.ro\/index.php\/2022\/11\/14\/hotii-de-lemne-isi-incendiaza-urmele-din-padure-mii-de-metri-patrati-parjoliti-in-dambovita\/#primaryimage"},"thumbnailUrl":"https:\/\/www.green24.ro\/wp-content\/uploads\/2022\/11\/index.webp","datePublished":"2022-11-14T07:47:06+00:00","dateModified":"2022-11-29T07:03:37+00:00","description":"Pompierii s-au luptat ore \u00eentregi cu fl\u0103c\u0103rile, \u00een satele Milo\u0219ari (Lude\u0219ti) \u0219i \u00een Scheiu de Jos (Hulube\u0219ti) din D\u00e2mbovi\u021ba. Au ars aproximativ 15.000 de metri p\u0103tra\u021bi de litier\u0103, l\u0103st\u0103ri\u0219 \u0219i m\u0103r\u0103cini.","breadcrumb":{"@id":"https:\/\/www.green24.ro\/index.php\/2022\/11\/14\/hotii-de-lemne-isi-incendiaza-urmele-din-padure-mii-de-metri-patrati-parjoliti-in-dambovita\/#breadcrumb"},"inLanguage":"en-US","potentialAction":[{"@type":"ReadAction","target":["https:\/\/www.green24.ro\/index.php\/2022\/11\/14\/hotii-de-lemne-isi-incendiaza-urmele-din-padure-mii-de-metri-patrati-parjoliti-in-dambovita\/"]}]},{"@type":"ImageObject","inLanguage":"en-US","@id":"https:\/\/www.green24.ro\/index.php\/2022\/11\/14\/hotii-de-lemne-isi-incendiaza-urmele-din-padure-mii-de-metri-patrati-parjoliti-in-dambovita\/#primaryimage","url":"https:\/\/www.green24.ro\/wp-content\/uploads\/2022\/11\/index.webp","contentUrl":"https:\/\/www.green24.ro\/wp-content\/uploads\/2022\/11\/index.webp","width":1000,"height":612,"caption":"Ho\u021bii de lemne \u00ee\u0219i incendiaz\u0103 urmele din p\u0103dure."},{"@type":"BreadcrumbList","@id":"https:\/\/www.green24.ro\/index.php\/2022\/11\/14\/hotii-de-lemne-isi-incendiaza-urmele-din-padure-mii-de-metri-patrati-parjoliti-in-dambovita\/#breadcrumb","itemListElement":[{"@type":"ListItem","position":1,"name":"Home","item":"https:\/\/www.green24.ro\/"},{"@type":"ListItem","position":2,"name":"Ho\u021bii de lemne \u00ee\u0219i incendiaz\u0103 urmele din p\u0103dure. Mii de metri p\u0103tra\u021bi p\u00e2rjoli\u021bi \u00een D\u00e2mbovi\u021ba"}]},{"@type":"WebSite","@id":"https:\/\/www.green24.ro\/#website","url":"https:\/\/www.green24.ro\/","name":"Green24.ro","description":"Antreprenoriat verde si responsabilitatea social\u0103","publisher":{"@id":"https:\/\/www.green24.ro\/#organization"},"potentialAction":[{"@type":"SearchAction","target":{"@type":"EntryPoint","urlTemplate":"https:\/\/www.green24.ro\/?s={search_term_string}"},"query-input":{"@type":"PropertyValueSpecification","valueRequired":true,"valueName":"search_term_string"}}],"inLanguage":"en-US"},{"@type":"Organization","@id":"https:\/\/www.green24.ro\/#organization","name":"Green24","url":"https:\/\/www.green24.ro\/","logo":{"@type":"ImageObject","inLanguage":"en-US","@id":"https:\/\/www.green24.ro\/#\/schema\/logo\/image\/","url":"https:\/\/www.green24.ro\/wp-content\/uploads\/2022\/02\/green24-17-e1643806452346.png","contentUrl":"https:\/\/www.green24.ro\/wp-content\/uploads\/2022\/02\/green24-17-e1643806452346.png","width":174,"height":174,"caption":"Green24"},"image":{"@id":"https:\/\/www.green24.ro\/#\/schema\/logo\/image\/"},"sameAs":["https:\/\/www.facebook.com\/green24ro\/"]},{"@type":"Person","@id":"https:\/\/www.green24.ro\/#\/schema\/person\/607a8c12d4548837cb79d52bb2437572","name":"Redactia Green24","image":{"@type":"ImageObject","inLanguage":"en-US","@id":"https:\/\/www.green24.ro\/#\/schema\/person\/image\/","url":"https:\/\/secure.gravatar.com\/avatar\/c9f4d5614769dc0a9dfdfed961c82ea6?s=96&d=mm&r=g","contentUrl":"https:\/\/secure.gravatar.com\/avatar\/c9f4d5614769dc0a9dfdfed961c82ea6?s=96&d=mm&r=g","caption":"Redactia Green24"},"sameAs":["http:\/\/www.green24.ro"],"url":"https:\/\/www.green24.ro\/index.php\/author\/green24\/"}]}},"jetpack_publicize_connections":[],"jetpack_featured_media_url":"https:\/\/www.green24.ro\/wp-content\/uploads\/2022\/11\/index.webp","jetpack_sharing_enabled":true,"_links":{"self":[{"href":"https:\/\/www.green24.ro\/index.php\/wp-json\/wp\/v2\/posts\/1535","targetHints":{"allow":["GET"]}}],"collection":[{"href":"https:\/\/www.green24.ro\/index.php\/wp-json\/wp\/v2\/posts"}],"about":[{"href":"https:\/\/www.green24.ro\/index.php\/wp-json\/wp\/v2\/types\/post"}],"author":[{"embeddable":true,"href":"https:\/\/www.green24.ro\/index.php\/wp-json\/wp\/v2\/users\/3"}],"replies":[{"embeddable":true,"href":"https:\/\/www.green24.ro\/index.php\/wp-json\/wp\/v2\/comments?post=1535"}],"version-history":[{"count":1,"href":"https:\/\/www.green24.ro\/index.php\/wp-json\/wp\/v2\/posts\/1535\/revisions"}],"predecessor-version":[{"id":1537,"href":"https:\/\/www.green24.ro\/index.php\/wp-json\/wp\/v2\/posts\/1535\/revisions\/1537"}],"wp:featuredmedia":[{"embeddable":true,"href":"https:\/\/www.green24.ro\/index.php\/wp-json\/wp\/v2\/media\/1536"}],"wp:attachment":[{"href":"https:\/\/www.green24.ro\/index.php\/wp-json\/wp\/v2\/media?parent=1535"}],"wp:term":[{"taxonomy":"category","embeddable":true,"href":"https:\/\/www.green24.ro\/index.php\/wp-json\/wp\/v2\/categories?post=1535"},{"taxonomy":"post_tag","embeddable":true,"href":"https:\/\/www.green24.ro\/index.php\/wp-json\/wp\/v2\/tags?post=1535"}],"curies":[{"name":"wp","href":"https:\/\/api.w.org\/{rel}","templated":true}]}}