{"id":1529,"date":"2022-11-09T12:32:00","date_gmt":"2022-11-09T10:32:00","guid":{"rendered":"https:\/\/www.green24.ro\/?p=1529"},"modified":"2022-11-09T12:32:03","modified_gmt":"2022-11-09T10:32:03","slug":"mizele-cop27-si-avertismentele-privind-haosul-climatic-in-care-ne-aflam","status":"publish","type":"post","link":"https:\/\/www.green24.ro\/index.php\/2022\/11\/09\/mizele-cop27-si-avertismentele-privind-haosul-climatic-in-care-ne-aflam\/","title":{"rendered":"Mizele COP27 \u0219i avertismentele privind \u201ehaosul climatic\u201d \u00een care ne afl\u0103m"},"content":{"rendered":"<p style=\"text-align: justify; padding-left: 40px;\"><em>Cea de a 27-a Conferin\u0163\u0103 a P\u0103r\u0163ilor Conven\u0163iei Cadru a Na\u0163iunilor Unite privind Schimb\u0103rile Climatice (COP27) are loc \u00een perioada 6 \u2013 18 noiembrie, \u00een Egipt, la Sharm El-Sheikh. Mizele COP27 \u0219i principalele teme vor fi legate de decarbonizare, tranzi\u021bia energetic\u0103, solu\u021bii inovatoare, finan\u021bare pro-clim\u0103, natur\u0103 \u0219i biodiversitate \u0219i multe altele. Rom\u00e2nia este reprezentat\u0103 de pre\u0219edintele Klaus Iohannis \u0219i membri ai Guvernului.\u00a0<\/em><\/p>\n<blockquote><p><strong>Cronica haosului climatic<\/strong><\/p><\/blockquote>\n<p style=\"text-align: justify;\">Dac\u0103 proiec\u0163iile pentru acest an se vor confirma, cei opt ani din perioada 2015-2022 vor fi cei mai calzi ani \u00eenregistra\u0163i vreodat\u0103, a avertizat duminic\u0103 Organiza\u0163ia Meteorologic\u0103 Mondial\u0103 (OMM), \u00eentr-un raport considerat a fi o \u201ecronic\u0103 a haosului climatic\u201d, relateaz\u0103 AFP.<\/p>\n<p style=\"text-align: justify;\">\u201e\u00cen timp ce summitul COP27 \u00eencepe, planeta noastr\u0103 trimite un semnal de primejdie\u201d, a declarat secretarul general al ONU, Antonio Guterres, \u00eentr-un mesaj video difuzat la conferin\u0163a ONU privind schimb\u0103rile climatice COP27, de la Sharm el-Sheikh.<\/p>\n<p style=\"text-align: justify;\">Aceast\u0103 \u201ecronic\u0103 a haosului climatic\u201d arat\u0103 \u201eat\u00e2t de clar c\u0103 schimbarea are loc cu o vitez\u0103 catastrofal\u0103, devast\u00e2nd vie\u0163i pe fiecare continent\u201d, a ad\u0103ugat el, cer\u00e2nd ca \u201eac\u0163iuni ambi\u0163ioase \u015fi credibile\u201d s\u0103 fie abordate \u00een cele dou\u0103 s\u0103pt\u0103m\u00e2ni ale acestei conferin\u0163e climatice desf\u0103\u015furate \u00een Egipt.<\/p>\n<p style=\"text-align: justify;\">Cu o temperatur\u0103 medie estimat\u0103 cu 1,15 grade Celsius mai mare dec\u00e2t \u00een perioada preindustrial\u0103, se a\u015fteapt\u0103 ca anul 2022 s\u0103 se situeze \u201edoar\u201d pe locul al cincilea sau al \u015faselea al acestor cei mai calzi ani \u00eenregistra\u0163i vreodat\u0103, datorit\u0103 influen\u0163ei neobi\u015fnuite, pentru al treilea an consecutiv, al fenomenului la La Ninia care antreneaz\u0103 o sc\u0103dere a temperaturii.<\/p>\n<p style=\"text-align: justify;\">Temperatura medie \u00een deceniul 2013-2022 este estimat\u0103 la 1,14 grade Celsius peste cea din perioada preindustrial\u0103, fa\u0163\u0103 de 1,09 grade Celsius \u00een perioada 2011-2020.<\/p>\n<p style=\"text-align: justify;\">Acordul de la Paris urm\u0103re\u015fte s\u0103 limiteze \u00eenc\u0103lzirea global\u0103 cu mult sub dou\u0103 grade Celsius, chiar cu 1,5 grade Celsius.<\/p>\n<p style=\"text-align: justify;\">\u201eConcentra\u0163iile de CO2 din atmosfer\u0103 sunt at\u00e2t de mari \u00eenc\u00e2t obiectivul de 1,5 grade Celsius (\u2026) este abia de domeniul posibilului\u201d, a declarat duminic\u0103 directorul OMM, Petteri Taalas.<\/p>\n<p style=\"text-align: justify;\">\u201eEste deja prea t\u00e2rziu pentru mul\u0163i ghe\u0163ari \u015fi topirea va continua timp de sute sau chiar mii de ani, cu consecin\u0163e majore pentru aprovizionarea cu ap\u0103\u201d, a ad\u0103ugat el.<\/p>\n<p style=\"text-align: justify;\">Planeta a fost, de asemenea, lovit\u0103 \u00een acest an de o avalan\u015f\u0103 de evenimente extreme, de la inunda\u0163ii istorice \u00een Pakistan p\u00e2n\u0103 la valuri de c\u0103ldur\u0103 repetate \u00een Europa \u015fi seceta prelungit\u0103 \u00een Cornul Africii.<\/p>\n<p style=\"text-align: justify;\">\u201e\u015etim c\u0103 unele dintre aceste dezastre, inunda\u0163iile \u015fi canicula din Pakistan, inunda\u0163iile \u015fi cicloanele din sudul Africii, uraganul Ian, valurile de c\u0103ldur\u0103 extreme \u015fi seceta din Europa nu ar fi fost at\u00e2t de grave f\u0103r\u0103 schimb\u0103rile climatice\u201d, a declarat Friederike Otto, climatolog la Imperial College din Londra.<\/p>\n<blockquote><p><strong>Klaus Iohannis, la COP27<\/strong><\/p><\/blockquote>\n<p style=\"text-align: justify;\">Luni \u015fi mar\u0163i are loc Summitul implement\u0103rii climatice, la care particip\u0103 \u015fi pre\u015fedintele Klaus Iohannis. Peste 100 de \u015fefi de stat \u015fi de guvern au confirmat c\u0103 vor ajunge \u00een Egipt, unde se vor al\u0103tura numero\u015filor reprezentan\u0163i ai guvernelor, institu\u0163iilor \u015fi organiza\u0163iilor interna\u0163ionale, ai companiilor \u015fi ai societ\u0103\u0163ii civile.<\/p>\n<p style=\"text-align: justify;\">Angajamentul UE \u015fi al statelor sale membre vizeaz\u0103 atingerea neutralit\u0103\u0163ii climatice \u00een Uniune p\u00e2n\u0103 \u00een 2050, \u00een vederea \u00eendeplinirii Acordului de la Paris. \u00cen plus, angajamentul prevede \u015fi obiectivul de reducere a emisiilor nete de gaze cu efect de ser\u0103 cu cel pu\u0163in 55% comparativ cu 1990 p\u00e2n\u0103 \u00een anul 2030.<\/p>\n<p style=\"text-align: justify;\">Klaus Iohannis conduce delega\u0163ia Rom\u00e2niei la COP27 \u015fi va sus\u0163ine Declara\u0163ia na\u0163ional\u0103 care va deschide negocierile tehnice ce vor avea loc pe parcursul celor dou\u0103 s\u0103pt\u0103m\u00e2ni de reuniune. Pre\u015fedintele Iohannis va participa \u015fi la \u00eent\u00e2lniri multilaterale \u015fi bilaterale. Pe parcursul celor dou\u0103 s\u0103pt\u0103m\u00e2ni de negocieri, Rom\u00e2nia va fi reprezentat\u0103 \u015fi de Guvern la nivel de mini\u015ftri \u015fi echip\u0103 tehnic\u0103.<\/p>\n<p style=\"text-align: justify;\">La ini\u0163iativa pre\u015fedintelui Iohannis, Rom\u00e2nia va g\u0103zdui, al\u0103turi de Cehia \u2013 \u0163ar\u0103 care de\u0163ine Pre\u015fedin\u0163ia Consiliului Uniunii Europene -, un eveniment la nivel \u00eenalt pe tema promov\u0103rii educa\u0163iei privind schimb\u0103rile climatice.<\/p>\n<p style=\"text-align: justify;\">Potrivit unor surse oficiale, \u00een cadrul reuniunilor de coordonare ale Uniunii Europene, Rom\u00e2nia va sus\u0163ine ideea de a se promova c\u00e2t mai eficient nivelul de ambi\u0163ie declarat prin actualul angajament al Uniunii, pus \u00een aplicare prin pachetul legislativ \u201dFit for 55\u201d. Rom\u00e2nia consider\u0103 c\u0103 un succes al COP27 l-ar reprezenta ob\u0163inerea unei decizii pe tema atenu\u0103rii schimb\u0103rilor climatice. Mitigation Work Programme (MWP) ar trebui s\u0103 \u00eenceap\u0103 \u00een anul 2023 \u015fi s\u0103 dureze p\u00e2n\u0103 \u00een 2030 sau cel pu\u0163in p\u00e2n\u0103 c\u00e2nd decalajul de atenuare este suficient \u00eenchis.<\/p>\n<p style=\"text-align: justify;\">Pentru Rom\u00e2nia este foarte important s\u0103 participe la discu\u0163iile din cadrul COP27 referitoare la Programul de lucru Glasgow \u2013 Sharm-el-Sheikh (Glasgow-Sharm el-Sheikh Work Programme), at\u00e2t prin prisma faptului c\u0103 \u0163ara noastr\u0103 sus\u0163ine diverse proiecte \u015fi ini\u0163iative privind adaptarea \u015fi atenuarea \u00een \u0163\u0103rile \u00een curs de dezvoltare, c\u00e2t \u015fi ca urmare a faptului c\u0103 Rom\u00e2nia este angajat\u0103 \u00een consolidarea rezilien\u0163ei \u015fi reducerea vulnerabilit\u0103\u0163ii fa\u0163\u0103 de schimb\u0103rile climatice, arat\u0103 sursele citate.<\/p>\n<p style=\"text-align: justify;\">Rom\u00e2nia lucreaz\u0103 \u00een prezent la revizuirea Strategiei Na\u0163ionale privind Adaptarea la Schimb\u0103rile Climatice (SNACS) pentru perioada 2022 \u2013 2030 cu perspectiva anului 2050 \u015fi elaborarea unui nou Plan Na\u0163ional de Ac\u0163iune (PNASC) pentru implementarea acesteia, \u00een cadrul proiectului RO-ADAPT.<\/p>\n<p style=\"text-align: justify;\">Totodat\u0103, Rom\u00e2nia este parte a ini\u0163iativei Misiunea de inovare \u00een agricultur\u0103 pentru clim\u0103 (AIM for Climate), care a fost lansat\u0103 oficial \u00een 2021, la Conferin\u0163a COP26 de la Glasgow, de c\u0103tre Statele Unite ale Americii \u015fi Emiratele Arabe Unite.<\/p>\n<p style=\"text-align: justify;\">La COP27 se va discuta \u015fi despre necesitatea utiliz\u0103rii celor mai bune practici \u015fi a celor mai avansate tehnologii \u015fi metodologii bazate pe \u015ftiin\u0163\u0103 \u00een vederea raport\u0103rii informa\u0163iilor referitoare la gazele cu efect de ser\u0103. Asimilarea \u015fi \u00een\u0163elegerea elementelor discutate cu privire la cadrul de transparen\u0163\u0103 sub prevederile Acordului de la Paris vor avea ca efect benefic \u00eembun\u0103t\u0103\u0163irea capacit\u0103\u0163ii \u015fi acurate\u0163ei raport\u0103rilor la nivel na\u0163ional, sus\u0163in sursele citate.<\/p>\n<p style=\"text-align: justify;\">Cu toate acestea, Rom\u00e2nia nu a semnat anul trecut, \u00een urma COP26, angajamentului global pentru reducerea emisiilor de metan care propune un obiectiv ambi\u021bios de a reduce emisiile de metan cu \u201ecel pu\u021bin 30% fa\u021b\u0103 de nivelurile din 2020 p\u00e2n\u0103 \u00een 2030\u201d. Rom\u00e2nia a fost reprezentat\u0103 \u0219i atunci de pre\u0219edintele Klaus Iohannis care a f\u0103cut un apel la ac\u021biune imediat\u0103. Detalii aici:\u00a0Rom\u00e2nia ignor\u0103 emisiile periculoase de metan.<\/p>\n<blockquote><p><strong>Macron: Poluatorii trebuie s\u0103 pl\u0103teasc\u0103<\/strong><\/p><\/blockquote>\n<p style=\"text-align: justify;\">Pre\u015fedintele francez Emmanuel Macron a declarat luni, la COP27, c\u0103 este necesar \u201es\u0103 se pun\u0103 presiune\u201d pe \u201e\u0163\u0103rile bogate non-europene\u201d, \u00een special pe SUA \u015fi China, pentru ca acestea s\u0103-\u015fi pl\u0103teasc\u0103 \u201epartea\u201d pentru a ajuta \u0163\u0103rile s\u0103race s\u0103 fac\u0103 fa\u0163\u0103 schimb\u0103rilor climatice, informeaz\u0103 AFP.<\/p>\n<p style=\"text-align: justify;\">\u201eTrebuie ca SUA \u015fi China s\u0103 fie cu adev\u0103rat prezente\u201d, pentru c\u0103 europenii sunt \u201esingurii care pl\u0103tesc\u201d, a spus Macron \u00een timpul unei discu\u0163ii la Sharm el-Sheih cu tineri africani \u015fi francezi angaja\u0163i \u00een protejarea mediului.<\/p>\n<p style=\"text-align: justify;\">Fran\u0163a \u015fi Europa sunt, potrivit lui Macron, pe o traiectorie bun\u0103 \u00een ceea ce prive\u015fte reducerea emisiilor de dioxid de carbon. \u00cens\u0103 este necesar ca marile \u0163\u0103ri emergente \u201es\u0103 renun\u0163e foarte repede la (consumul de) c\u0103rbune\u201d, a pledat el.<\/p>\n<p style=\"text-align: justify;\">Mai mult, pe m\u0103sur\u0103 ce dezbaterea privind sprijinul financiar pentru \u0163\u0103rile cele mai vulnerabile ia amploare la COP27, \u201eeuropenii pl\u0103tesc\u201d, dar \u201enoi suntem singurii care pl\u0103tim\u201d. Prin urmare, \u201etrebuie pus\u0103 presiune pe \u0163\u0103rile bogate non-europene, s\u0103 li se spun\u0103 \u201etrebuie s\u0103 v\u0103 pl\u0103ti\u0163i partea&#8217;\u201d, a ad\u0103ugat \u015feful statului francez.<\/p>\n<pre>sursa: <a href=\"https:\/\/green-report.ro\/mizele-cop27-si-avertismentele-privind-haosul-climatic-in-care-ne-aflam\/\">green-report<\/a><\/pre>\n","protected":false},"excerpt":{"rendered":"<p>Cea de a 27-a Conferin\u0163\u0103 a P\u0103r\u0163ilor Conven\u0163iei Cadru a Na\u0163iunilor Unite privind Schimb\u0103rile Climatice (COP27) are loc \u00een perioada 6 \u2013 18 noiembrie, \u00een Egipt, la Sharm El-Sheikh. Mizele COP27 \u0219i principalele teme vor fi legate de decarbonizare, tranzi\u021bia energetic\u0103, solu\u021bii inovatoare, finan\u021bare pro-clim\u0103, natur\u0103 \u0219i biodiversitate \u0219i multe [&hellip;]<\/p>\n","protected":false},"author":3,"featured_media":1530,"comment_status":"open","ping_status":"open","sticky":false,"template":"","format":"standard","meta":{"content-type":"","footnotes":"","jetpack_publicize_message":"","jetpack_publicize_feature_enabled":true,"jetpack_social_post_already_shared":true,"jetpack_social_options":{"image_generator_settings":{"template":"highway","default_image_id":0,"font":"","enabled":false},"version":2}},"categories":[5,9,1,3,6,10],"tags":[],"class_list":["post-1529","post","type-post","status-publish","format-standard","has-post-thumbnail","hentry","category-blog","category-company","category-general","category-legislatie","category-prime","category-slide"],"yoast_head":"<!-- This site is optimized with the Yoast SEO plugin v24.9 - https:\/\/yoast.com\/wordpress\/plugins\/seo\/ -->\n<title>Mizele COP27 \u0219i avertismentele privind \u201ehaosul climatic\u201d \u00een care ne afl\u0103m - Green24.ro<\/title>\n<meta name=\"description\" content=\"Cea de a 27-a Conferin\u0163\u0103 a P\u0103r\u0163ilor Conven\u0163iei Cadru a Na\u0163iunilor Unite privind Schimb\u0103rile Climatice (COP27) are loc \u00een perioada 6 \u2013 18 noiembrie, \u00een Egipt, la Sharm El-Sheikh. Mizele COP27 \u0219i principalele teme vor fi legate de decarbonizare, tranzi\u021bia energetic\u0103, solu\u021bii inovatoare, finan\u021bare pro-clim\u0103, natur\u0103 \u0219i biodiversitate \u0219i multe altele.\" \/>\n<meta name=\"robots\" content=\"index, follow, max-snippet:-1, max-image-preview:large, max-video-preview:-1\" \/>\n<link rel=\"canonical\" href=\"https:\/\/www.green24.ro\/index.php\/2022\/11\/09\/mizele-cop27-si-avertismentele-privind-haosul-climatic-in-care-ne-aflam\/\" \/>\n<meta property=\"og:locale\" content=\"en_US\" \/>\n<meta property=\"og:type\" content=\"article\" \/>\n<meta property=\"og:title\" content=\"Mizele COP27 \u0219i avertismentele privind \u201ehaosul climatic\u201d \u00een care ne afl\u0103m - Green24.ro\" \/>\n<meta property=\"og:description\" content=\"Cea de a 27-a Conferin\u0163\u0103 a P\u0103r\u0163ilor Conven\u0163iei Cadru a Na\u0163iunilor Unite privind Schimb\u0103rile Climatice (COP27) are loc \u00een perioada 6 \u2013 18 noiembrie, \u00een Egipt, la Sharm El-Sheikh. Mizele COP27 \u0219i principalele teme vor fi legate de decarbonizare, tranzi\u021bia energetic\u0103, solu\u021bii inovatoare, finan\u021bare pro-clim\u0103, natur\u0103 \u0219i biodiversitate \u0219i multe altele.\" \/>\n<meta property=\"og:url\" content=\"https:\/\/www.green24.ro\/index.php\/2022\/11\/09\/mizele-cop27-si-avertismentele-privind-haosul-climatic-in-care-ne-aflam\/\" \/>\n<meta property=\"og:site_name\" content=\"Green24.ro\" \/>\n<meta property=\"article:publisher\" content=\"https:\/\/www.facebook.com\/green24ro\/\" \/>\n<meta property=\"article:published_time\" content=\"2022-11-09T10:32:00+00:00\" \/>\n<meta property=\"article:modified_time\" content=\"2022-11-09T10:32:03+00:00\" \/>\n<meta property=\"og:image\" content=\"https:\/\/www.green24.ro\/wp-content\/uploads\/2022\/11\/2022-08-24-COP27.jpeg\" \/>\n\t<meta property=\"og:image:width\" content=\"1600\" \/>\n\t<meta property=\"og:image:height\" content=\"800\" \/>\n\t<meta property=\"og:image:type\" content=\"image\/jpeg\" \/>\n<meta name=\"author\" content=\"Redactia Green24\" \/>\n<meta name=\"twitter:card\" content=\"summary_large_image\" \/>\n<meta name=\"twitter:label1\" content=\"Written by\" \/>\n\t<meta name=\"twitter:data1\" content=\"Redactia Green24\" \/>\n\t<meta name=\"twitter:label2\" content=\"Est. reading time\" \/>\n\t<meta name=\"twitter:data2\" content=\"7 minutes\" \/>\n<script type=\"application\/ld+json\" class=\"yoast-schema-graph\">{\"@context\":\"https:\/\/schema.org\",\"@graph\":[{\"@type\":\"Article\",\"@id\":\"https:\/\/www.green24.ro\/index.php\/2022\/11\/09\/mizele-cop27-si-avertismentele-privind-haosul-climatic-in-care-ne-aflam\/#article\",\"isPartOf\":{\"@id\":\"https:\/\/www.green24.ro\/index.php\/2022\/11\/09\/mizele-cop27-si-avertismentele-privind-haosul-climatic-in-care-ne-aflam\/\"},\"author\":{\"name\":\"Redactia Green24\",\"@id\":\"https:\/\/www.green24.ro\/#\/schema\/person\/607a8c12d4548837cb79d52bb2437572\"},\"headline\":\"Mizele COP27 \u0219i avertismentele privind \u201ehaosul climatic\u201d \u00een care ne afl\u0103m\",\"datePublished\":\"2022-11-09T10:32:00+00:00\",\"dateModified\":\"2022-11-09T10:32:03+00:00\",\"mainEntityOfPage\":{\"@id\":\"https:\/\/www.green24.ro\/index.php\/2022\/11\/09\/mizele-cop27-si-avertismentele-privind-haosul-climatic-in-care-ne-aflam\/\"},\"wordCount\":1313,\"commentCount\":0,\"publisher\":{\"@id\":\"https:\/\/www.green24.ro\/#organization\"},\"image\":{\"@id\":\"https:\/\/www.green24.ro\/index.php\/2022\/11\/09\/mizele-cop27-si-avertismentele-privind-haosul-climatic-in-care-ne-aflam\/#primaryimage\"},\"thumbnailUrl\":\"https:\/\/www.green24.ro\/wp-content\/uploads\/2022\/11\/2022-08-24-COP27.jpeg\",\"articleSection\":[\"Blog\",\"Company\",\"General\",\"Legislatie\",\"Prime\",\"Slide\"],\"inLanguage\":\"en-US\",\"potentialAction\":[{\"@type\":\"CommentAction\",\"name\":\"Comment\",\"target\":[\"https:\/\/www.green24.ro\/index.php\/2022\/11\/09\/mizele-cop27-si-avertismentele-privind-haosul-climatic-in-care-ne-aflam\/#respond\"]}]},{\"@type\":\"WebPage\",\"@id\":\"https:\/\/www.green24.ro\/index.php\/2022\/11\/09\/mizele-cop27-si-avertismentele-privind-haosul-climatic-in-care-ne-aflam\/\",\"url\":\"https:\/\/www.green24.ro\/index.php\/2022\/11\/09\/mizele-cop27-si-avertismentele-privind-haosul-climatic-in-care-ne-aflam\/\",\"name\":\"Mizele COP27 \u0219i avertismentele privind \u201ehaosul climatic\u201d \u00een care ne afl\u0103m - Green24.ro\",\"isPartOf\":{\"@id\":\"https:\/\/www.green24.ro\/#website\"},\"primaryImageOfPage\":{\"@id\":\"https:\/\/www.green24.ro\/index.php\/2022\/11\/09\/mizele-cop27-si-avertismentele-privind-haosul-climatic-in-care-ne-aflam\/#primaryimage\"},\"image\":{\"@id\":\"https:\/\/www.green24.ro\/index.php\/2022\/11\/09\/mizele-cop27-si-avertismentele-privind-haosul-climatic-in-care-ne-aflam\/#primaryimage\"},\"thumbnailUrl\":\"https:\/\/www.green24.ro\/wp-content\/uploads\/2022\/11\/2022-08-24-COP27.jpeg\",\"datePublished\":\"2022-11-09T10:32:00+00:00\",\"dateModified\":\"2022-11-09T10:32:03+00:00\",\"description\":\"Cea de a 27-a Conferin\u0163\u0103 a P\u0103r\u0163ilor Conven\u0163iei Cadru a Na\u0163iunilor Unite privind Schimb\u0103rile Climatice (COP27) are loc \u00een perioada 6 \u2013 18 noiembrie, \u00een Egipt, la Sharm El-Sheikh. Mizele COP27 \u0219i principalele teme vor fi legate de decarbonizare, tranzi\u021bia energetic\u0103, solu\u021bii inovatoare, finan\u021bare pro-clim\u0103, natur\u0103 \u0219i biodiversitate \u0219i multe altele.\",\"breadcrumb\":{\"@id\":\"https:\/\/www.green24.ro\/index.php\/2022\/11\/09\/mizele-cop27-si-avertismentele-privind-haosul-climatic-in-care-ne-aflam\/#breadcrumb\"},\"inLanguage\":\"en-US\",\"potentialAction\":[{\"@type\":\"ReadAction\",\"target\":[\"https:\/\/www.green24.ro\/index.php\/2022\/11\/09\/mizele-cop27-si-avertismentele-privind-haosul-climatic-in-care-ne-aflam\/\"]}]},{\"@type\":\"ImageObject\",\"inLanguage\":\"en-US\",\"@id\":\"https:\/\/www.green24.ro\/index.php\/2022\/11\/09\/mizele-cop27-si-avertismentele-privind-haosul-climatic-in-care-ne-aflam\/#primaryimage\",\"url\":\"https:\/\/www.green24.ro\/wp-content\/uploads\/2022\/11\/2022-08-24-COP27.jpeg\",\"contentUrl\":\"https:\/\/www.green24.ro\/wp-content\/uploads\/2022\/11\/2022-08-24-COP27.jpeg\",\"width\":1600,\"height\":800,\"caption\":\"Mizele COP27 \u0219i avertismentele privind \u201ehaosul climatic\u201d \u00een care ne afl\u0103m\"},{\"@type\":\"BreadcrumbList\",\"@id\":\"https:\/\/www.green24.ro\/index.php\/2022\/11\/09\/mizele-cop27-si-avertismentele-privind-haosul-climatic-in-care-ne-aflam\/#breadcrumb\",\"itemListElement\":[{\"@type\":\"ListItem\",\"position\":1,\"name\":\"Home\",\"item\":\"https:\/\/www.green24.ro\/\"},{\"@type\":\"ListItem\",\"position\":2,\"name\":\"Mizele COP27 \u0219i avertismentele privind \u201ehaosul climatic\u201d \u00een care ne afl\u0103m\"}]},{\"@type\":\"WebSite\",\"@id\":\"https:\/\/www.green24.ro\/#website\",\"url\":\"https:\/\/www.green24.ro\/\",\"name\":\"Green24.ro\",\"description\":\"Antreprenoriat verde si responsabilitatea social\u0103\",\"publisher\":{\"@id\":\"https:\/\/www.green24.ro\/#organization\"},\"potentialAction\":[{\"@type\":\"SearchAction\",\"target\":{\"@type\":\"EntryPoint\",\"urlTemplate\":\"https:\/\/www.green24.ro\/?s={search_term_string}\"},\"query-input\":{\"@type\":\"PropertyValueSpecification\",\"valueRequired\":true,\"valueName\":\"search_term_string\"}}],\"inLanguage\":\"en-US\"},{\"@type\":\"Organization\",\"@id\":\"https:\/\/www.green24.ro\/#organization\",\"name\":\"Green24\",\"url\":\"https:\/\/www.green24.ro\/\",\"logo\":{\"@type\":\"ImageObject\",\"inLanguage\":\"en-US\",\"@id\":\"https:\/\/www.green24.ro\/#\/schema\/logo\/image\/\",\"url\":\"https:\/\/www.green24.ro\/wp-content\/uploads\/2022\/02\/green24-17-e1643806452346.png\",\"contentUrl\":\"https:\/\/www.green24.ro\/wp-content\/uploads\/2022\/02\/green24-17-e1643806452346.png\",\"width\":174,\"height\":174,\"caption\":\"Green24\"},\"image\":{\"@id\":\"https:\/\/www.green24.ro\/#\/schema\/logo\/image\/\"},\"sameAs\":[\"https:\/\/www.facebook.com\/green24ro\/\"]},{\"@type\":\"Person\",\"@id\":\"https:\/\/www.green24.ro\/#\/schema\/person\/607a8c12d4548837cb79d52bb2437572\",\"name\":\"Redactia Green24\",\"image\":{\"@type\":\"ImageObject\",\"inLanguage\":\"en-US\",\"@id\":\"https:\/\/www.green24.ro\/#\/schema\/person\/image\/\",\"url\":\"https:\/\/secure.gravatar.com\/avatar\/c9f4d5614769dc0a9dfdfed961c82ea6?s=96&d=mm&r=g\",\"contentUrl\":\"https:\/\/secure.gravatar.com\/avatar\/c9f4d5614769dc0a9dfdfed961c82ea6?s=96&d=mm&r=g\",\"caption\":\"Redactia Green24\"},\"sameAs\":[\"http:\/\/www.green24.ro\"],\"url\":\"https:\/\/www.green24.ro\/index.php\/author\/green24\/\"}]}<\/script>\n<!-- \/ Yoast SEO plugin. -->","yoast_head_json":{"title":"Mizele COP27 \u0219i avertismentele privind \u201ehaosul climatic\u201d \u00een care ne afl\u0103m - Green24.ro","description":"Cea de a 27-a Conferin\u0163\u0103 a P\u0103r\u0163ilor Conven\u0163iei Cadru a Na\u0163iunilor Unite privind Schimb\u0103rile Climatice (COP27) are loc \u00een perioada 6 \u2013 18 noiembrie, \u00een Egipt, la Sharm El-Sheikh. Mizele COP27 \u0219i principalele teme vor fi legate de decarbonizare, tranzi\u021bia energetic\u0103, solu\u021bii inovatoare, finan\u021bare pro-clim\u0103, natur\u0103 \u0219i biodiversitate \u0219i multe altele.","robots":{"index":"index","follow":"follow","max-snippet":"max-snippet:-1","max-image-preview":"max-image-preview:large","max-video-preview":"max-video-preview:-1"},"canonical":"https:\/\/www.green24.ro\/index.php\/2022\/11\/09\/mizele-cop27-si-avertismentele-privind-haosul-climatic-in-care-ne-aflam\/","og_locale":"en_US","og_type":"article","og_title":"Mizele COP27 \u0219i avertismentele privind \u201ehaosul climatic\u201d \u00een care ne afl\u0103m - Green24.ro","og_description":"Cea de a 27-a Conferin\u0163\u0103 a P\u0103r\u0163ilor Conven\u0163iei Cadru a Na\u0163iunilor Unite privind Schimb\u0103rile Climatice (COP27) are loc \u00een perioada 6 \u2013 18 noiembrie, \u00een Egipt, la Sharm El-Sheikh. Mizele COP27 \u0219i principalele teme vor fi legate de decarbonizare, tranzi\u021bia energetic\u0103, solu\u021bii inovatoare, finan\u021bare pro-clim\u0103, natur\u0103 \u0219i biodiversitate \u0219i multe altele.","og_url":"https:\/\/www.green24.ro\/index.php\/2022\/11\/09\/mizele-cop27-si-avertismentele-privind-haosul-climatic-in-care-ne-aflam\/","og_site_name":"Green24.ro","article_publisher":"https:\/\/www.facebook.com\/green24ro\/","article_published_time":"2022-11-09T10:32:00+00:00","article_modified_time":"2022-11-09T10:32:03+00:00","og_image":[{"width":1600,"height":800,"url":"https:\/\/www.green24.ro\/wp-content\/uploads\/2022\/11\/2022-08-24-COP27.jpeg","type":"image\/jpeg"}],"author":"Redactia Green24","twitter_card":"summary_large_image","twitter_misc":{"Written by":"Redactia Green24","Est. reading time":"7 minutes"},"schema":{"@context":"https:\/\/schema.org","@graph":[{"@type":"Article","@id":"https:\/\/www.green24.ro\/index.php\/2022\/11\/09\/mizele-cop27-si-avertismentele-privind-haosul-climatic-in-care-ne-aflam\/#article","isPartOf":{"@id":"https:\/\/www.green24.ro\/index.php\/2022\/11\/09\/mizele-cop27-si-avertismentele-privind-haosul-climatic-in-care-ne-aflam\/"},"author":{"name":"Redactia Green24","@id":"https:\/\/www.green24.ro\/#\/schema\/person\/607a8c12d4548837cb79d52bb2437572"},"headline":"Mizele COP27 \u0219i avertismentele privind \u201ehaosul climatic\u201d \u00een care ne afl\u0103m","datePublished":"2022-11-09T10:32:00+00:00","dateModified":"2022-11-09T10:32:03+00:00","mainEntityOfPage":{"@id":"https:\/\/www.green24.ro\/index.php\/2022\/11\/09\/mizele-cop27-si-avertismentele-privind-haosul-climatic-in-care-ne-aflam\/"},"wordCount":1313,"commentCount":0,"publisher":{"@id":"https:\/\/www.green24.ro\/#organization"},"image":{"@id":"https:\/\/www.green24.ro\/index.php\/2022\/11\/09\/mizele-cop27-si-avertismentele-privind-haosul-climatic-in-care-ne-aflam\/#primaryimage"},"thumbnailUrl":"https:\/\/www.green24.ro\/wp-content\/uploads\/2022\/11\/2022-08-24-COP27.jpeg","articleSection":["Blog","Company","General","Legislatie","Prime","Slide"],"inLanguage":"en-US","potentialAction":[{"@type":"CommentAction","name":"Comment","target":["https:\/\/www.green24.ro\/index.php\/2022\/11\/09\/mizele-cop27-si-avertismentele-privind-haosul-climatic-in-care-ne-aflam\/#respond"]}]},{"@type":"WebPage","@id":"https:\/\/www.green24.ro\/index.php\/2022\/11\/09\/mizele-cop27-si-avertismentele-privind-haosul-climatic-in-care-ne-aflam\/","url":"https:\/\/www.green24.ro\/index.php\/2022\/11\/09\/mizele-cop27-si-avertismentele-privind-haosul-climatic-in-care-ne-aflam\/","name":"Mizele COP27 \u0219i avertismentele privind \u201ehaosul climatic\u201d \u00een care ne afl\u0103m - Green24.ro","isPartOf":{"@id":"https:\/\/www.green24.ro\/#website"},"primaryImageOfPage":{"@id":"https:\/\/www.green24.ro\/index.php\/2022\/11\/09\/mizele-cop27-si-avertismentele-privind-haosul-climatic-in-care-ne-aflam\/#primaryimage"},"image":{"@id":"https:\/\/www.green24.ro\/index.php\/2022\/11\/09\/mizele-cop27-si-avertismentele-privind-haosul-climatic-in-care-ne-aflam\/#primaryimage"},"thumbnailUrl":"https:\/\/www.green24.ro\/wp-content\/uploads\/2022\/11\/2022-08-24-COP27.jpeg","datePublished":"2022-11-09T10:32:00+00:00","dateModified":"2022-11-09T10:32:03+00:00","description":"Cea de a 27-a Conferin\u0163\u0103 a P\u0103r\u0163ilor Conven\u0163iei Cadru a Na\u0163iunilor Unite privind Schimb\u0103rile Climatice (COP27) are loc \u00een perioada 6 \u2013 18 noiembrie, \u00een Egipt, la Sharm El-Sheikh. Mizele COP27 \u0219i principalele teme vor fi legate de decarbonizare, tranzi\u021bia energetic\u0103, solu\u021bii inovatoare, finan\u021bare pro-clim\u0103, natur\u0103 \u0219i biodiversitate \u0219i multe altele.","breadcrumb":{"@id":"https:\/\/www.green24.ro\/index.php\/2022\/11\/09\/mizele-cop27-si-avertismentele-privind-haosul-climatic-in-care-ne-aflam\/#breadcrumb"},"inLanguage":"en-US","potentialAction":[{"@type":"ReadAction","target":["https:\/\/www.green24.ro\/index.php\/2022\/11\/09\/mizele-cop27-si-avertismentele-privind-haosul-climatic-in-care-ne-aflam\/"]}]},{"@type":"ImageObject","inLanguage":"en-US","@id":"https:\/\/www.green24.ro\/index.php\/2022\/11\/09\/mizele-cop27-si-avertismentele-privind-haosul-climatic-in-care-ne-aflam\/#primaryimage","url":"https:\/\/www.green24.ro\/wp-content\/uploads\/2022\/11\/2022-08-24-COP27.jpeg","contentUrl":"https:\/\/www.green24.ro\/wp-content\/uploads\/2022\/11\/2022-08-24-COP27.jpeg","width":1600,"height":800,"caption":"Mizele COP27 \u0219i avertismentele privind \u201ehaosul climatic\u201d \u00een care ne afl\u0103m"},{"@type":"BreadcrumbList","@id":"https:\/\/www.green24.ro\/index.php\/2022\/11\/09\/mizele-cop27-si-avertismentele-privind-haosul-climatic-in-care-ne-aflam\/#breadcrumb","itemListElement":[{"@type":"ListItem","position":1,"name":"Home","item":"https:\/\/www.green24.ro\/"},{"@type":"ListItem","position":2,"name":"Mizele COP27 \u0219i avertismentele privind \u201ehaosul climatic\u201d \u00een care ne afl\u0103m"}]},{"@type":"WebSite","@id":"https:\/\/www.green24.ro\/#website","url":"https:\/\/www.green24.ro\/","name":"Green24.ro","description":"Antreprenoriat verde si responsabilitatea social\u0103","publisher":{"@id":"https:\/\/www.green24.ro\/#organization"},"potentialAction":[{"@type":"SearchAction","target":{"@type":"EntryPoint","urlTemplate":"https:\/\/www.green24.ro\/?s={search_term_string}"},"query-input":{"@type":"PropertyValueSpecification","valueRequired":true,"valueName":"search_term_string"}}],"inLanguage":"en-US"},{"@type":"Organization","@id":"https:\/\/www.green24.ro\/#organization","name":"Green24","url":"https:\/\/www.green24.ro\/","logo":{"@type":"ImageObject","inLanguage":"en-US","@id":"https:\/\/www.green24.ro\/#\/schema\/logo\/image\/","url":"https:\/\/www.green24.ro\/wp-content\/uploads\/2022\/02\/green24-17-e1643806452346.png","contentUrl":"https:\/\/www.green24.ro\/wp-content\/uploads\/2022\/02\/green24-17-e1643806452346.png","width":174,"height":174,"caption":"Green24"},"image":{"@id":"https:\/\/www.green24.ro\/#\/schema\/logo\/image\/"},"sameAs":["https:\/\/www.facebook.com\/green24ro\/"]},{"@type":"Person","@id":"https:\/\/www.green24.ro\/#\/schema\/person\/607a8c12d4548837cb79d52bb2437572","name":"Redactia Green24","image":{"@type":"ImageObject","inLanguage":"en-US","@id":"https:\/\/www.green24.ro\/#\/schema\/person\/image\/","url":"https:\/\/secure.gravatar.com\/avatar\/c9f4d5614769dc0a9dfdfed961c82ea6?s=96&d=mm&r=g","contentUrl":"https:\/\/secure.gravatar.com\/avatar\/c9f4d5614769dc0a9dfdfed961c82ea6?s=96&d=mm&r=g","caption":"Redactia Green24"},"sameAs":["http:\/\/www.green24.ro"],"url":"https:\/\/www.green24.ro\/index.php\/author\/green24\/"}]}},"jetpack_publicize_connections":[],"jetpack_featured_media_url":"https:\/\/www.green24.ro\/wp-content\/uploads\/2022\/11\/2022-08-24-COP27.jpeg","jetpack_sharing_enabled":true,"_links":{"self":[{"href":"https:\/\/www.green24.ro\/index.php\/wp-json\/wp\/v2\/posts\/1529","targetHints":{"allow":["GET"]}}],"collection":[{"href":"https:\/\/www.green24.ro\/index.php\/wp-json\/wp\/v2\/posts"}],"about":[{"href":"https:\/\/www.green24.ro\/index.php\/wp-json\/wp\/v2\/types\/post"}],"author":[{"embeddable":true,"href":"https:\/\/www.green24.ro\/index.php\/wp-json\/wp\/v2\/users\/3"}],"replies":[{"embeddable":true,"href":"https:\/\/www.green24.ro\/index.php\/wp-json\/wp\/v2\/comments?post=1529"}],"version-history":[{"count":1,"href":"https:\/\/www.green24.ro\/index.php\/wp-json\/wp\/v2\/posts\/1529\/revisions"}],"predecessor-version":[{"id":1531,"href":"https:\/\/www.green24.ro\/index.php\/wp-json\/wp\/v2\/posts\/1529\/revisions\/1531"}],"wp:featuredmedia":[{"embeddable":true,"href":"https:\/\/www.green24.ro\/index.php\/wp-json\/wp\/v2\/media\/1530"}],"wp:attachment":[{"href":"https:\/\/www.green24.ro\/index.php\/wp-json\/wp\/v2\/media?parent=1529"}],"wp:term":[{"taxonomy":"category","embeddable":true,"href":"https:\/\/www.green24.ro\/index.php\/wp-json\/wp\/v2\/categories?post=1529"},{"taxonomy":"post_tag","embeddable":true,"href":"https:\/\/www.green24.ro\/index.php\/wp-json\/wp\/v2\/tags?post=1529"}],"curies":[{"name":"wp","href":"https:\/\/api.w.org\/{rel}","templated":true}]}}