{"id":1526,"date":"2022-11-08T10:35:45","date_gmt":"2022-11-08T08:35:45","guid":{"rendered":"https:\/\/www.green24.ro\/?p=1526"},"modified":"2022-11-29T09:03:49","modified_gmt":"2022-11-29T07:03:49","slug":"tone-de-deseuri-au-ars-la-un-centru-de-colectare-din-chitila-cu-degajari-mari-de-fum","status":"publish","type":"post","link":"https:\/\/www.green24.ro\/index.php\/2022\/11\/08\/tone-de-deseuri-au-ars-la-un-centru-de-colectare-din-chitila-cu-degajari-mari-de-fum\/","title":{"rendered":"Tone de de\u0219euri au ars la un centru de colectare din Chitila, cu degaj\u0103ri mari de fum"},"content":{"rendered":"\n\n\n\n<p style=\"text-align: justify;\">Un incendiu cu degaj\u0103ri mari de fum a izbucnit, \u00een aceast\u0103 dup\u0103-amiaz\u0103, la un centru de colectare a de\u0219eurilor (Remat Chitila), \u00een proximitatea municipiului Bucure\u0219ti, a anun\u021bat Ministerul Mediului.<\/p>\n<p style=\"text-align: justify;\">Comisarii de la Garda Na\u0163ional\u0103 de Mediu au mers la fa\u021ba locului, pentru a evalua situa\u021bia din punct de vedere al protec\u021biei mediului. Din primele informa\u021bii, au ars 35-40 tone de de\u0219euri de echipamente electrice \u0219i electronice (\u00een special aparate frigorifice) decontaminate, care urmau s\u0103 intre \u00een procesul de reciclare. Situa\u021bia este monitorizata \u00een continuare, iar dup\u0103 stingerea incendiului comisarii GNM vor evalua pagubele de mediu produse.<\/p>\n<p style=\"text-align: justify;\">Conform informa\u021biilor furnizate de Administratia Nationala de Meteorologie RA, \u00een zona respectiv\u0103 v\u00e2ntul va sufla \u00een general slab, viteze de cel mult 15 km\/h, din sector predominant estic, nord-estic, astfel \u00eenc\u00e2t evolu\u021bia norului de fum va fi de dispersie \u0219i de deplasare lent\u0103 c\u0103tre vest, sud-vest.<\/p>\n<p style=\"text-align: justify;\">Agen\u021bia pentru Protec\u021bia Mediului Bucure\u0219ti monitorizeaz\u0103 evolu\u021bia calit\u0103\u021bii aerului din zon\u0103 prin intermediul celor dou\u0103 sta\u021bii de monitorizare amplasate \u00een proximitate: B9 \u2013 Bucure\u0219tii Noi \u0219i B10 \u2013 Chiajna.<\/p>\n<p style=\"text-align: justify;\">Centrul de colectare \u015fi reciclare de\u015feuri din Chitila are o suprafa\u0163\u0103 de 1.000 de metri p\u0103tra\u0163i.<\/p>\n<p style=\"text-align: justify;\">Biroul de pres\u0103 al Inspectoratului pentru Situa\u0163ii de Urgen\u0163\u0103 Bucure\u015fti-Ilfov (ISUBIF) a anun\u021bat c\u0103 pompierii intervin cu nou\u0103 autospeciale de stingere \u015fi patru cisterne de mare capacitate. La fa\u0163a locului sunt prezente \u015fi echipaje SMURD, pentru descarcerare \u015fi o autoscar\u0103.<\/p>\n<p style=\"text-align: justify;\">\u201eStivele cu de\u015feuri au 10 metri \u00een\u0103l\u0163ime. Se ac\u0163ioneaz\u0103 pentru stingere \u015fi pentru limitarea propag\u0103rii\u201e, conform ISUBIF.<\/p>\n<p style=\"text-align: justify;\">Un mesaj prin sistemul RO-ALERT a fost emis pentru a avertiza oamenii s\u0103 evite zona REMAT Holding Chitila \u015fi s\u0103 lase libere c\u0103ile de acces pentru interven\u0163ia pompierilor.<br \/>\u00a0<\/p>\n<pre>sursa: <a href=\"https:\/\/green-report.ro\/tone-de-deseuri-au-ars-la-un-centru-de-colectare-din-chitila-cu-degajari-mari-de-fum-video\/\">green-report<\/a><\/pre>","protected":false},"excerpt":{"rendered":"<p>Un incendiu cu degaj\u0103ri mari de fum a izbucnit, \u00een aceast\u0103 dup\u0103-amiaz\u0103, la un centru de colectare a de\u0219eurilor (Remat Chitila), \u00een proximitatea municipiului Bucure\u0219ti, a anun\u021bat Ministerul Mediului. Comisarii de la Garda Na\u0163ional\u0103 de Mediu au mers la fa\u021ba locului, pentru a evalua situa\u021bia din punct de vedere al [&hellip;]<\/p>\n","protected":false},"author":3,"featured_media":1527,"comment_status":"open","ping_status":"open","sticky":false,"template":"","format":"standard","meta":{"content-type":"","footnotes":"","jetpack_publicize_message":"","jetpack_publicize_feature_enabled":true,"jetpack_social_post_already_shared":true,"jetpack_social_options":{"image_generator_settings":{"template":"highway","default_image_id":0,"font":"","enabled":false},"version":2}},"categories":[5,9,1,3,6,10],"tags":[],"class_list":["post-1526","post","type-post","status-publish","format-standard","has-post-thumbnail","hentry","category-blog","category-company","category-general","category-legislatie","category-prime","category-slide"],"yoast_head":"<!-- This site is optimized with the Yoast SEO plugin v24.9 - https:\/\/yoast.com\/wordpress\/plugins\/seo\/ -->\n<title>Tone de de\u0219euri au ars la un centru de colectare din Chitila, cu degaj\u0103ri mari de fum - Green24.ro<\/title>\n<meta name=\"description\" content=\"Un incendiu cu degaj\u0103ri mari de fum a izbucnit, \u00een aceast\u0103 dup\u0103-amiaz\u0103, la un centru de colectare a de\u0219eurilor (Remat Chitila), \u00een proximitatea municipiului Bucure\u0219ti, a anun\u021bat Ministerul Mediului.\" \/>\n<meta name=\"robots\" content=\"index, follow, max-snippet:-1, max-image-preview:large, max-video-preview:-1\" \/>\n<link rel=\"canonical\" href=\"https:\/\/www.green24.ro\/index.php\/2022\/11\/08\/tone-de-deseuri-au-ars-la-un-centru-de-colectare-din-chitila-cu-degajari-mari-de-fum\/\" \/>\n<meta property=\"og:locale\" content=\"en_US\" \/>\n<meta property=\"og:type\" content=\"article\" \/>\n<meta property=\"og:title\" content=\"Tone de de\u0219euri au ars la un centru de colectare din Chitila, cu degaj\u0103ri mari de fum - Green24.ro\" \/>\n<meta property=\"og:description\" content=\"Un incendiu cu degaj\u0103ri mari de fum a izbucnit, \u00een aceast\u0103 dup\u0103-amiaz\u0103, la un centru de colectare a de\u0219eurilor (Remat Chitila), \u00een proximitatea municipiului Bucure\u0219ti, a anun\u021bat Ministerul Mediului.\" \/>\n<meta property=\"og:url\" content=\"https:\/\/www.green24.ro\/index.php\/2022\/11\/08\/tone-de-deseuri-au-ars-la-un-centru-de-colectare-din-chitila-cu-degajari-mari-de-fum\/\" \/>\n<meta property=\"og:site_name\" content=\"Green24.ro\" \/>\n<meta property=\"article:publisher\" content=\"https:\/\/www.facebook.com\/green24ro\/\" \/>\n<meta property=\"article:published_time\" content=\"2022-11-08T08:35:45+00:00\" \/>\n<meta property=\"article:modified_time\" content=\"2022-11-29T07:03:49+00:00\" \/>\n<meta property=\"og:image\" content=\"https:\/\/www.green24.ro\/wp-content\/uploads\/2022\/11\/Screenshot-2022-11-08-at-10.32.46-1024x640.png\" \/>\n\t<meta property=\"og:image:width\" content=\"1024\" \/>\n\t<meta property=\"og:image:height\" content=\"640\" \/>\n\t<meta property=\"og:image:type\" content=\"image\/png\" \/>\n<meta name=\"author\" content=\"Redactia Green24\" \/>\n<meta name=\"twitter:card\" content=\"summary_large_image\" \/>\n<meta name=\"twitter:label1\" content=\"Written by\" \/>\n\t<meta name=\"twitter:data1\" content=\"Redactia Green24\" \/>\n\t<meta name=\"twitter:label2\" content=\"Est. reading time\" \/>\n\t<meta name=\"twitter:data2\" content=\"2 minutes\" \/>\n<script type=\"application\/ld+json\" class=\"yoast-schema-graph\">{\"@context\":\"https:\/\/schema.org\",\"@graph\":[{\"@type\":\"Article\",\"@id\":\"https:\/\/www.green24.ro\/index.php\/2022\/11\/08\/tone-de-deseuri-au-ars-la-un-centru-de-colectare-din-chitila-cu-degajari-mari-de-fum\/#article\",\"isPartOf\":{\"@id\":\"https:\/\/www.green24.ro\/index.php\/2022\/11\/08\/tone-de-deseuri-au-ars-la-un-centru-de-colectare-din-chitila-cu-degajari-mari-de-fum\/\"},\"author\":{\"name\":\"Redactia Green24\",\"@id\":\"https:\/\/www.green24.ro\/#\/schema\/person\/607a8c12d4548837cb79d52bb2437572\"},\"headline\":\"Tone de de\u0219euri au ars la un centru de colectare din Chitila, cu degaj\u0103ri mari de fum\",\"datePublished\":\"2022-11-08T08:35:45+00:00\",\"dateModified\":\"2022-11-29T07:03:49+00:00\",\"mainEntityOfPage\":{\"@id\":\"https:\/\/www.green24.ro\/index.php\/2022\/11\/08\/tone-de-deseuri-au-ars-la-un-centru-de-colectare-din-chitila-cu-degajari-mari-de-fum\/\"},\"wordCount\":325,\"commentCount\":0,\"publisher\":{\"@id\":\"https:\/\/www.green24.ro\/#organization\"},\"image\":{\"@id\":\"https:\/\/www.green24.ro\/index.php\/2022\/11\/08\/tone-de-deseuri-au-ars-la-un-centru-de-colectare-din-chitila-cu-degajari-mari-de-fum\/#primaryimage\"},\"thumbnailUrl\":\"https:\/\/www.green24.ro\/wp-content\/uploads\/2022\/11\/Screenshot-2022-11-08-at-10.32.46.png\",\"articleSection\":[\"Blog\",\"Company\",\"General\",\"Legislatie\",\"Prime\",\"Slide\"],\"inLanguage\":\"en-US\",\"potentialAction\":[{\"@type\":\"CommentAction\",\"name\":\"Comment\",\"target\":[\"https:\/\/www.green24.ro\/index.php\/2022\/11\/08\/tone-de-deseuri-au-ars-la-un-centru-de-colectare-din-chitila-cu-degajari-mari-de-fum\/#respond\"]}]},{\"@type\":\"WebPage\",\"@id\":\"https:\/\/www.green24.ro\/index.php\/2022\/11\/08\/tone-de-deseuri-au-ars-la-un-centru-de-colectare-din-chitila-cu-degajari-mari-de-fum\/\",\"url\":\"https:\/\/www.green24.ro\/index.php\/2022\/11\/08\/tone-de-deseuri-au-ars-la-un-centru-de-colectare-din-chitila-cu-degajari-mari-de-fum\/\",\"name\":\"Tone de de\u0219euri au ars la un centru de colectare din Chitila, cu degaj\u0103ri mari de fum - Green24.ro\",\"isPartOf\":{\"@id\":\"https:\/\/www.green24.ro\/#website\"},\"primaryImageOfPage\":{\"@id\":\"https:\/\/www.green24.ro\/index.php\/2022\/11\/08\/tone-de-deseuri-au-ars-la-un-centru-de-colectare-din-chitila-cu-degajari-mari-de-fum\/#primaryimage\"},\"image\":{\"@id\":\"https:\/\/www.green24.ro\/index.php\/2022\/11\/08\/tone-de-deseuri-au-ars-la-un-centru-de-colectare-din-chitila-cu-degajari-mari-de-fum\/#primaryimage\"},\"thumbnailUrl\":\"https:\/\/www.green24.ro\/wp-content\/uploads\/2022\/11\/Screenshot-2022-11-08-at-10.32.46.png\",\"datePublished\":\"2022-11-08T08:35:45+00:00\",\"dateModified\":\"2022-11-29T07:03:49+00:00\",\"description\":\"Un incendiu cu degaj\u0103ri mari de fum a izbucnit, \u00een aceast\u0103 dup\u0103-amiaz\u0103, la un centru de colectare a de\u0219eurilor (Remat Chitila), \u00een proximitatea municipiului Bucure\u0219ti, a anun\u021bat Ministerul Mediului.\",\"breadcrumb\":{\"@id\":\"https:\/\/www.green24.ro\/index.php\/2022\/11\/08\/tone-de-deseuri-au-ars-la-un-centru-de-colectare-din-chitila-cu-degajari-mari-de-fum\/#breadcrumb\"},\"inLanguage\":\"en-US\",\"potentialAction\":[{\"@type\":\"ReadAction\",\"target\":[\"https:\/\/www.green24.ro\/index.php\/2022\/11\/08\/tone-de-deseuri-au-ars-la-un-centru-de-colectare-din-chitila-cu-degajari-mari-de-fum\/\"]}]},{\"@type\":\"ImageObject\",\"inLanguage\":\"en-US\",\"@id\":\"https:\/\/www.green24.ro\/index.php\/2022\/11\/08\/tone-de-deseuri-au-ars-la-un-centru-de-colectare-din-chitila-cu-degajari-mari-de-fum\/#primaryimage\",\"url\":\"https:\/\/www.green24.ro\/wp-content\/uploads\/2022\/11\/Screenshot-2022-11-08-at-10.32.46.png\",\"contentUrl\":\"https:\/\/www.green24.ro\/wp-content\/uploads\/2022\/11\/Screenshot-2022-11-08-at-10.32.46.png\",\"width\":2880,\"height\":1800,\"caption\":\"Tone de de\u0219euri au ars la un centru de colectare din Chitila\"},{\"@type\":\"BreadcrumbList\",\"@id\":\"https:\/\/www.green24.ro\/index.php\/2022\/11\/08\/tone-de-deseuri-au-ars-la-un-centru-de-colectare-din-chitila-cu-degajari-mari-de-fum\/#breadcrumb\",\"itemListElement\":[{\"@type\":\"ListItem\",\"position\":1,\"name\":\"Home\",\"item\":\"https:\/\/www.green24.ro\/\"},{\"@type\":\"ListItem\",\"position\":2,\"name\":\"Tone de de\u0219euri au ars la un centru de colectare din Chitila, cu degaj\u0103ri mari de fum\"}]},{\"@type\":\"WebSite\",\"@id\":\"https:\/\/www.green24.ro\/#website\",\"url\":\"https:\/\/www.green24.ro\/\",\"name\":\"Green24.ro\",\"description\":\"Antreprenoriat verde si responsabilitatea social\u0103\",\"publisher\":{\"@id\":\"https:\/\/www.green24.ro\/#organization\"},\"potentialAction\":[{\"@type\":\"SearchAction\",\"target\":{\"@type\":\"EntryPoint\",\"urlTemplate\":\"https:\/\/www.green24.ro\/?s={search_term_string}\"},\"query-input\":{\"@type\":\"PropertyValueSpecification\",\"valueRequired\":true,\"valueName\":\"search_term_string\"}}],\"inLanguage\":\"en-US\"},{\"@type\":\"Organization\",\"@id\":\"https:\/\/www.green24.ro\/#organization\",\"name\":\"Green24\",\"url\":\"https:\/\/www.green24.ro\/\",\"logo\":{\"@type\":\"ImageObject\",\"inLanguage\":\"en-US\",\"@id\":\"https:\/\/www.green24.ro\/#\/schema\/logo\/image\/\",\"url\":\"https:\/\/www.green24.ro\/wp-content\/uploads\/2022\/02\/green24-17-e1643806452346.png\",\"contentUrl\":\"https:\/\/www.green24.ro\/wp-content\/uploads\/2022\/02\/green24-17-e1643806452346.png\",\"width\":174,\"height\":174,\"caption\":\"Green24\"},\"image\":{\"@id\":\"https:\/\/www.green24.ro\/#\/schema\/logo\/image\/\"},\"sameAs\":[\"https:\/\/www.facebook.com\/green24ro\/\"]},{\"@type\":\"Person\",\"@id\":\"https:\/\/www.green24.ro\/#\/schema\/person\/607a8c12d4548837cb79d52bb2437572\",\"name\":\"Redactia Green24\",\"image\":{\"@type\":\"ImageObject\",\"inLanguage\":\"en-US\",\"@id\":\"https:\/\/www.green24.ro\/#\/schema\/person\/image\/\",\"url\":\"https:\/\/secure.gravatar.com\/avatar\/c9f4d5614769dc0a9dfdfed961c82ea6?s=96&d=mm&r=g\",\"contentUrl\":\"https:\/\/secure.gravatar.com\/avatar\/c9f4d5614769dc0a9dfdfed961c82ea6?s=96&d=mm&r=g\",\"caption\":\"Redactia Green24\"},\"sameAs\":[\"http:\/\/www.green24.ro\"],\"url\":\"https:\/\/www.green24.ro\/index.php\/author\/green24\/\"}]}<\/script>\n<!-- \/ Yoast SEO plugin. -->","yoast_head_json":{"title":"Tone de de\u0219euri au ars la un centru de colectare din Chitila, cu degaj\u0103ri mari de fum - Green24.ro","description":"Un incendiu cu degaj\u0103ri mari de fum a izbucnit, \u00een aceast\u0103 dup\u0103-amiaz\u0103, la un centru de colectare a de\u0219eurilor (Remat Chitila), \u00een proximitatea municipiului Bucure\u0219ti, a anun\u021bat Ministerul Mediului.","robots":{"index":"index","follow":"follow","max-snippet":"max-snippet:-1","max-image-preview":"max-image-preview:large","max-video-preview":"max-video-preview:-1"},"canonical":"https:\/\/www.green24.ro\/index.php\/2022\/11\/08\/tone-de-deseuri-au-ars-la-un-centru-de-colectare-din-chitila-cu-degajari-mari-de-fum\/","og_locale":"en_US","og_type":"article","og_title":"Tone de de\u0219euri au ars la un centru de colectare din Chitila, cu degaj\u0103ri mari de fum - Green24.ro","og_description":"Un incendiu cu degaj\u0103ri mari de fum a izbucnit, \u00een aceast\u0103 dup\u0103-amiaz\u0103, la un centru de colectare a de\u0219eurilor (Remat Chitila), \u00een proximitatea municipiului Bucure\u0219ti, a anun\u021bat Ministerul Mediului.","og_url":"https:\/\/www.green24.ro\/index.php\/2022\/11\/08\/tone-de-deseuri-au-ars-la-un-centru-de-colectare-din-chitila-cu-degajari-mari-de-fum\/","og_site_name":"Green24.ro","article_publisher":"https:\/\/www.facebook.com\/green24ro\/","article_published_time":"2022-11-08T08:35:45+00:00","article_modified_time":"2022-11-29T07:03:49+00:00","og_image":[{"width":1024,"height":640,"url":"https:\/\/www.green24.ro\/wp-content\/uploads\/2022\/11\/Screenshot-2022-11-08-at-10.32.46-1024x640.png","type":"image\/png"}],"author":"Redactia Green24","twitter_card":"summary_large_image","twitter_misc":{"Written by":"Redactia Green24","Est. reading time":"2 minutes"},"schema":{"@context":"https:\/\/schema.org","@graph":[{"@type":"Article","@id":"https:\/\/www.green24.ro\/index.php\/2022\/11\/08\/tone-de-deseuri-au-ars-la-un-centru-de-colectare-din-chitila-cu-degajari-mari-de-fum\/#article","isPartOf":{"@id":"https:\/\/www.green24.ro\/index.php\/2022\/11\/08\/tone-de-deseuri-au-ars-la-un-centru-de-colectare-din-chitila-cu-degajari-mari-de-fum\/"},"author":{"name":"Redactia Green24","@id":"https:\/\/www.green24.ro\/#\/schema\/person\/607a8c12d4548837cb79d52bb2437572"},"headline":"Tone de de\u0219euri au ars la un centru de colectare din Chitila, cu degaj\u0103ri mari de fum","datePublished":"2022-11-08T08:35:45+00:00","dateModified":"2022-11-29T07:03:49+00:00","mainEntityOfPage":{"@id":"https:\/\/www.green24.ro\/index.php\/2022\/11\/08\/tone-de-deseuri-au-ars-la-un-centru-de-colectare-din-chitila-cu-degajari-mari-de-fum\/"},"wordCount":325,"commentCount":0,"publisher":{"@id":"https:\/\/www.green24.ro\/#organization"},"image":{"@id":"https:\/\/www.green24.ro\/index.php\/2022\/11\/08\/tone-de-deseuri-au-ars-la-un-centru-de-colectare-din-chitila-cu-degajari-mari-de-fum\/#primaryimage"},"thumbnailUrl":"https:\/\/www.green24.ro\/wp-content\/uploads\/2022\/11\/Screenshot-2022-11-08-at-10.32.46.png","articleSection":["Blog","Company","General","Legislatie","Prime","Slide"],"inLanguage":"en-US","potentialAction":[{"@type":"CommentAction","name":"Comment","target":["https:\/\/www.green24.ro\/index.php\/2022\/11\/08\/tone-de-deseuri-au-ars-la-un-centru-de-colectare-din-chitila-cu-degajari-mari-de-fum\/#respond"]}]},{"@type":"WebPage","@id":"https:\/\/www.green24.ro\/index.php\/2022\/11\/08\/tone-de-deseuri-au-ars-la-un-centru-de-colectare-din-chitila-cu-degajari-mari-de-fum\/","url":"https:\/\/www.green24.ro\/index.php\/2022\/11\/08\/tone-de-deseuri-au-ars-la-un-centru-de-colectare-din-chitila-cu-degajari-mari-de-fum\/","name":"Tone de de\u0219euri au ars la un centru de colectare din Chitila, cu degaj\u0103ri mari de fum - Green24.ro","isPartOf":{"@id":"https:\/\/www.green24.ro\/#website"},"primaryImageOfPage":{"@id":"https:\/\/www.green24.ro\/index.php\/2022\/11\/08\/tone-de-deseuri-au-ars-la-un-centru-de-colectare-din-chitila-cu-degajari-mari-de-fum\/#primaryimage"},"image":{"@id":"https:\/\/www.green24.ro\/index.php\/2022\/11\/08\/tone-de-deseuri-au-ars-la-un-centru-de-colectare-din-chitila-cu-degajari-mari-de-fum\/#primaryimage"},"thumbnailUrl":"https:\/\/www.green24.ro\/wp-content\/uploads\/2022\/11\/Screenshot-2022-11-08-at-10.32.46.png","datePublished":"2022-11-08T08:35:45+00:00","dateModified":"2022-11-29T07:03:49+00:00","description":"Un incendiu cu degaj\u0103ri mari de fum a izbucnit, \u00een aceast\u0103 dup\u0103-amiaz\u0103, la un centru de colectare a de\u0219eurilor (Remat Chitila), \u00een proximitatea municipiului Bucure\u0219ti, a anun\u021bat Ministerul Mediului.","breadcrumb":{"@id":"https:\/\/www.green24.ro\/index.php\/2022\/11\/08\/tone-de-deseuri-au-ars-la-un-centru-de-colectare-din-chitila-cu-degajari-mari-de-fum\/#breadcrumb"},"inLanguage":"en-US","potentialAction":[{"@type":"ReadAction","target":["https:\/\/www.green24.ro\/index.php\/2022\/11\/08\/tone-de-deseuri-au-ars-la-un-centru-de-colectare-din-chitila-cu-degajari-mari-de-fum\/"]}]},{"@type":"ImageObject","inLanguage":"en-US","@id":"https:\/\/www.green24.ro\/index.php\/2022\/11\/08\/tone-de-deseuri-au-ars-la-un-centru-de-colectare-din-chitila-cu-degajari-mari-de-fum\/#primaryimage","url":"https:\/\/www.green24.ro\/wp-content\/uploads\/2022\/11\/Screenshot-2022-11-08-at-10.32.46.png","contentUrl":"https:\/\/www.green24.ro\/wp-content\/uploads\/2022\/11\/Screenshot-2022-11-08-at-10.32.46.png","width":2880,"height":1800,"caption":"Tone de de\u0219euri au ars la un centru de colectare din Chitila"},{"@type":"BreadcrumbList","@id":"https:\/\/www.green24.ro\/index.php\/2022\/11\/08\/tone-de-deseuri-au-ars-la-un-centru-de-colectare-din-chitila-cu-degajari-mari-de-fum\/#breadcrumb","itemListElement":[{"@type":"ListItem","position":1,"name":"Home","item":"https:\/\/www.green24.ro\/"},{"@type":"ListItem","position":2,"name":"Tone de de\u0219euri au ars la un centru de colectare din Chitila, cu degaj\u0103ri mari de fum"}]},{"@type":"WebSite","@id":"https:\/\/www.green24.ro\/#website","url":"https:\/\/www.green24.ro\/","name":"Green24.ro","description":"Antreprenoriat verde si responsabilitatea social\u0103","publisher":{"@id":"https:\/\/www.green24.ro\/#organization"},"potentialAction":[{"@type":"SearchAction","target":{"@type":"EntryPoint","urlTemplate":"https:\/\/www.green24.ro\/?s={search_term_string}"},"query-input":{"@type":"PropertyValueSpecification","valueRequired":true,"valueName":"search_term_string"}}],"inLanguage":"en-US"},{"@type":"Organization","@id":"https:\/\/www.green24.ro\/#organization","name":"Green24","url":"https:\/\/www.green24.ro\/","logo":{"@type":"ImageObject","inLanguage":"en-US","@id":"https:\/\/www.green24.ro\/#\/schema\/logo\/image\/","url":"https:\/\/www.green24.ro\/wp-content\/uploads\/2022\/02\/green24-17-e1643806452346.png","contentUrl":"https:\/\/www.green24.ro\/wp-content\/uploads\/2022\/02\/green24-17-e1643806452346.png","width":174,"height":174,"caption":"Green24"},"image":{"@id":"https:\/\/www.green24.ro\/#\/schema\/logo\/image\/"},"sameAs":["https:\/\/www.facebook.com\/green24ro\/"]},{"@type":"Person","@id":"https:\/\/www.green24.ro\/#\/schema\/person\/607a8c12d4548837cb79d52bb2437572","name":"Redactia Green24","image":{"@type":"ImageObject","inLanguage":"en-US","@id":"https:\/\/www.green24.ro\/#\/schema\/person\/image\/","url":"https:\/\/secure.gravatar.com\/avatar\/c9f4d5614769dc0a9dfdfed961c82ea6?s=96&d=mm&r=g","contentUrl":"https:\/\/secure.gravatar.com\/avatar\/c9f4d5614769dc0a9dfdfed961c82ea6?s=96&d=mm&r=g","caption":"Redactia Green24"},"sameAs":["http:\/\/www.green24.ro"],"url":"https:\/\/www.green24.ro\/index.php\/author\/green24\/"}]}},"jetpack_publicize_connections":[],"jetpack_featured_media_url":"https:\/\/www.green24.ro\/wp-content\/uploads\/2022\/11\/Screenshot-2022-11-08-at-10.32.46.png","jetpack_sharing_enabled":true,"_links":{"self":[{"href":"https:\/\/www.green24.ro\/index.php\/wp-json\/wp\/v2\/posts\/1526","targetHints":{"allow":["GET"]}}],"collection":[{"href":"https:\/\/www.green24.ro\/index.php\/wp-json\/wp\/v2\/posts"}],"about":[{"href":"https:\/\/www.green24.ro\/index.php\/wp-json\/wp\/v2\/types\/post"}],"author":[{"embeddable":true,"href":"https:\/\/www.green24.ro\/index.php\/wp-json\/wp\/v2\/users\/3"}],"replies":[{"embeddable":true,"href":"https:\/\/www.green24.ro\/index.php\/wp-json\/wp\/v2\/comments?post=1526"}],"version-history":[{"count":1,"href":"https:\/\/www.green24.ro\/index.php\/wp-json\/wp\/v2\/posts\/1526\/revisions"}],"predecessor-version":[{"id":1528,"href":"https:\/\/www.green24.ro\/index.php\/wp-json\/wp\/v2\/posts\/1526\/revisions\/1528"}],"wp:featuredmedia":[{"embeddable":true,"href":"https:\/\/www.green24.ro\/index.php\/wp-json\/wp\/v2\/media\/1527"}],"wp:attachment":[{"href":"https:\/\/www.green24.ro\/index.php\/wp-json\/wp\/v2\/media?parent=1526"}],"wp:term":[{"taxonomy":"category","embeddable":true,"href":"https:\/\/www.green24.ro\/index.php\/wp-json\/wp\/v2\/categories?post=1526"},{"taxonomy":"post_tag","embeddable":true,"href":"https:\/\/www.green24.ro\/index.php\/wp-json\/wp\/v2\/tags?post=1526"}],"curies":[{"name":"wp","href":"https:\/\/api.w.org\/{rel}","templated":true}]}}