{"id":1493,"date":"2022-10-24T13:31:00","date_gmt":"2022-10-24T11:31:00","guid":{"rendered":"https:\/\/www.green24.ro\/?p=1493"},"modified":"2022-10-24T07:38:13","modified_gmt":"2022-10-24T05:38:13","slug":"asfor-expertii-estoniei-sustin-ca-padurile-negestionate-emit-astazi-mai-mult-co2-decat-absorb","status":"publish","type":"post","link":"https:\/\/www.green24.ro\/index.php\/2022\/10\/24\/asfor-expertii-estoniei-sustin-ca-padurile-negestionate-emit-astazi-mai-mult-co2-decat-absorb\/","title":{"rendered":"ASFOR: Expertii estoniei sustin c\u0103 p\u0103durile negestionate emit, ast\u0103zi, mai mult CO2 dec\u00e2t absorb"},"content":{"rendered":"<p style=\"text-align: justify;\">Reducerea managementului p\u0103durilor \u00een favoarea cre\u015fterii gradului de conservare face ca p\u0103durile negestionate s\u0103 emit\u0103, \u00een prezent, mai mult CO2 dec\u00e2t absorb, arat\u0103 concluziile unui grup de cercet\u0103tori \u015fi profesori universitari de la Universitatea de \u015etiin\u0163e ale Vie\u0163ii din Tartu, Estonia, citate de Asocia\u0163ia Forestierilor din Rom\u00e2nia (ASFOR).<\/p>\n<p style=\"text-align: justify;\">Potrivit unui comunicat de pres\u0103 al ASFOR, transmis joi AGERPRES, speciali\u015ftii estonieni au avertizat asupra faptului c\u0103 obiectivul stabilit de Comisia European\u0103, prin care sectorul forestier ar trebui s\u0103 capteze aceea\u015fi cantitate de CO2 pe care o emite, este greu de \u00eendeplinit.<\/p>\n<p style=\"text-align: justify;\">Regulamentul privind utilizarea terenurilor, schimbarea utiliz\u0103rii terenurilor \u015fi silvicultur\u0103 (LULUCF) se aplic\u0103 tuturor utiliz\u0103rilor terenurilor, inclusiv terenurilor forestiere, terenurilor agricole, p\u0103\u015funilor, zonelor umede (inclusiv turb\u0103riilor), a\u015fez\u0103rilor \u015fi altor tipuri de teren.<\/p>\n<p style=\"text-align: justify;\">&#8220;Prin urmare, cu c\u00e2t suprafa\u0163a de teren agricol\u0103 sau forestier\u0103 \u00eendep\u0103rtat\u0103 pentru extinderea urban\u0103 sau dezvoltarea drumurilor \u015fi a c\u0103ilor ferate este mai mare, cu at\u00e2t este mai mare sarcina p\u0103durilor s\u0103 capteze carbon. Singura solu\u0163ie corect\u0103 este plantarea de noi p\u0103duri. Rezerva\u0163iile naturale (30,3 la sut\u0103 din suprafa\u0163a total\u0103 a p\u0103durii, din care 17,5 la sut\u0103 sunt strict protejate \u015fi 12,8 la sut\u0103 sunt supuse constr\u00e2ngerilor economice) nu pot \u00eendeplini obiectivele noastre climatice \u015fi pentru a sechestra carbonul pentru o perioad\u0103 lung\u0103 de timp. Aceste ecosisteme sus\u0163in biodiversitatea &#8211; ele nu capteaz\u0103 eficient carbonul. P\u0103durile tinere \u015fi de v\u00e2rst\u0103 mijlocie, \u00een medie, capteaz\u0103 mai mult carbon din atmosfer\u0103 dec\u00e2t p\u0103durile b\u0103tr\u00e2ne. Eliminarea managementului terenurilor forestiere, total sau par\u0163ial, din orice motiv, reduce capacitatea p\u0103durilor de a capta dioxidul de carbon, deoarece pe m\u0103sur\u0103 ce p\u0103durile \u00eemb\u0103tr\u00e2nesc, factorul lor de cre\u015ftere scade, \u015fi, o dat\u0103 cu aceasta, scade eficien\u0163a lor de captare a carbonului&#8221;, sus\u0163in speciali\u015ftii.<\/p>\n<p style=\"text-align: justify;\">\u00cen viziunea cercet\u0103torilor din Estonia, cre\u015fterea procentului de p\u0103duri b\u0103tr\u00e2ne \u015fi supraaglomerate \u00een raport cu suprafa\u0163a total\u0103 a p\u0103durii nu este o strategie viabil\u0103 pentru \u00eendeplinirea obiectivelor climatice pe termen lung.<\/p>\n<p style=\"text-align: justify;\">&#8220;P\u0103durile vor continua s\u0103 lupte \u00eempotriva schimb\u0103rilor climatice at\u00e2t timp c\u00e2t volumul biomasei lor cre\u015fte. Pe m\u0103sur\u0103 ce p\u0103durile \u00eemb\u0103tr\u00e2nesc, vitalitatea \u015fi rezisten\u0163a la boli scad \u015fi, de asemenea, devin mai vulnerabile la o varietate de factori de stres, cum ar fi incendiile, furtunile, seceta, inunda\u0163iile, bolile fungice sau atacurile de insecte. O consecin\u0163\u0103 direct\u0103 a acestor politici de conservare este sc\u0103derea cantit\u0103\u0163ii de carbon absorbite de industria lemnului. Acest lucru are \u015fi efecte economice negative (de exemplu, pierderea valorii ad\u0103ugate, pierderea ponderii soiurilor cu valoare mai mare, pierderea ocupa\u0163iei proprietarilor de p\u0103dure \u015fi afecteaz\u0103 investi\u0163iile \u00een silvicultur\u0103). \u00cen concluzie, pentru a \u00eendeplini obiectivele climatice, ar trebui s\u0103 evit\u0103m scoaterea din utilizare a terenurilor forestiere \u015fi s\u0103 continu\u0103m s\u0103 le gestion\u0103m astfel \u00eenc\u00e2t p\u0103durea, ca tampon natural, s\u0103-\u015fi p\u0103streze capacitatea de a absorbi mai mult carbon dec\u00e2t emite&#8221;, noteaz\u0103 sursa citat\u0103.<\/p>\n<p style=\"text-align: justify;\">Prin documentul strategic &#8220;Rom\u00e2nia Verde \u00een zece pa\u015fi&#8221;, ASFOR a sus\u0163inut \u015fi sus\u0163ine cre\u015fterea capacit\u0103\u0163ii de administrare a p\u0103durilor rom\u00e2ne\u015fti &#8211; de la investi\u0163ii \u00een tehnologie, la programe de modernizare a infrastructurii de transport a lemnului \u015fi accesibilizarea fondului forestier.<\/p>\n<p style=\"text-align: justify;\">Forestierii din Rom\u00e2nia consider\u0103 important\u0103 constituirea &#8220;Fondului na\u0163ional pentru investi\u0163ii \u00een p\u0103dure&#8221;, prin atragerea sumelor care alimenteaz\u0103 Fondul de Mediu, a sumelor re\u0163inute prin impozitul pe resursele naturale \u015fi a sumelor provenite din valorificarea certificatelor de carbon.<\/p>\n<p style=\"text-align: justify;\">Asocia\u0163ia Forestierilor din Rom\u00e2nia este organiza\u0163ia patronal\u0103 \u015fi profesional\u0103 a operatorilor economici din exploat\u0103ri forestiere \u015fi industrializarea lemnului, ce reprezint\u0103, promoveaz\u0103, sus\u0163ine \u015fi ap\u0103r\u0103 interesele economice, juridice \u015fi sociale ale membrilor s\u0103i \u00een plan na\u0163ional \u015fi interna\u0163ional.<\/p>\n<pre style=\"text-align: justify;\">AGERPRES\/(AS - autor: Daniel Badea, editor: Andreea Marinescu, editor online: Andreea L\u0103z\u0103roiu)<\/pre>\n","protected":false},"excerpt":{"rendered":"<p>Reducerea managementului p\u0103durilor \u00een favoarea cre\u015fterii gradului de conservare face ca p\u0103durile negestionate s\u0103 emit\u0103, \u00een prezent, mai mult CO2 dec\u00e2t absorb, arat\u0103 concluziile unui grup de cercet\u0103tori \u015fi profesori universitari de la Universitatea de \u015etiin\u0163e ale Vie\u0163ii din Tartu, Estonia, citate de Asocia\u0163ia Forestierilor din Rom\u00e2nia (ASFOR). Potrivit unui [&hellip;]<\/p>\n","protected":false},"author":3,"featured_media":1494,"comment_status":"open","ping_status":"open","sticky":false,"template":"","format":"standard","meta":{"content-type":"","footnotes":"","jetpack_publicize_message":"","jetpack_publicize_feature_enabled":true,"jetpack_social_post_already_shared":true,"jetpack_social_options":{"image_generator_settings":{"template":"highway","default_image_id":0,"font":"","enabled":false},"version":2}},"categories":[5,9,1,3,6,10],"tags":[],"class_list":["post-1493","post","type-post","status-publish","format-standard","has-post-thumbnail","hentry","category-blog","category-company","category-general","category-legislatie","category-prime","category-slide"],"yoast_head":"<!-- This site is optimized with the Yoast SEO plugin v24.9 - https:\/\/yoast.com\/wordpress\/plugins\/seo\/ -->\n<title>ASFOR: Expertii estoniei sustin c\u0103 p\u0103durile negestionate emit, ast\u0103zi, mai mult CO2 dec\u00e2t absorb - Green24.ro<\/title>\n<meta name=\"description\" content=\"Reducerea managementului p\u0103durilor \u00een favoarea cre\u015fterii gradului de conservare face ca p\u0103durile negestionate s\u0103 emit\u0103, \u00een prezent, mai mult CO2 dec\u00e2t absorb, arat\u0103 concluziile unui grup de cercet\u0103tori \u015fi profesori universitari de la Universitatea de \u015etiin\u0163e ale Vie\u0163ii din Tartu, Estonia, citate de Asocia\u0163ia Forestierilor din Rom\u00e2nia (ASFOR).\" \/>\n<meta name=\"robots\" content=\"index, follow, max-snippet:-1, max-image-preview:large, max-video-preview:-1\" \/>\n<link rel=\"canonical\" href=\"https:\/\/www.green24.ro\/index.php\/2022\/10\/24\/asfor-expertii-estoniei-sustin-ca-padurile-negestionate-emit-astazi-mai-mult-co2-decat-absorb\/\" \/>\n<meta property=\"og:locale\" content=\"en_US\" \/>\n<meta property=\"og:type\" content=\"article\" \/>\n<meta property=\"og:title\" content=\"ASFOR: Expertii estoniei sustin c\u0103 p\u0103durile negestionate emit, ast\u0103zi, mai mult CO2 dec\u00e2t absorb - Green24.ro\" \/>\n<meta property=\"og:description\" content=\"Reducerea managementului p\u0103durilor \u00een favoarea cre\u015fterii gradului de conservare face ca p\u0103durile negestionate s\u0103 emit\u0103, \u00een prezent, mai mult CO2 dec\u00e2t absorb, arat\u0103 concluziile unui grup de cercet\u0103tori \u015fi profesori universitari de la Universitatea de \u015etiin\u0163e ale Vie\u0163ii din Tartu, Estonia, citate de Asocia\u0163ia Forestierilor din Rom\u00e2nia (ASFOR).\" \/>\n<meta property=\"og:url\" content=\"https:\/\/www.green24.ro\/index.php\/2022\/10\/24\/asfor-expertii-estoniei-sustin-ca-padurile-negestionate-emit-astazi-mai-mult-co2-decat-absorb\/\" \/>\n<meta property=\"og:site_name\" content=\"Green24.ro\" \/>\n<meta property=\"article:publisher\" content=\"https:\/\/www.facebook.com\/green24ro\/\" \/>\n<meta property=\"article:published_time\" content=\"2022-10-24T11:31:00+00:00\" \/>\n<meta property=\"og:image\" content=\"https:\/\/www.green24.ro\/wp-content\/uploads\/2022\/10\/pexels-julia-volk-5273293.jpeg\" \/>\n\t<meta property=\"og:image:width\" content=\"1280\" \/>\n\t<meta property=\"og:image:height\" content=\"853\" \/>\n\t<meta property=\"og:image:type\" content=\"image\/jpeg\" \/>\n<meta name=\"author\" content=\"Redactia Green24\" \/>\n<meta name=\"twitter:card\" content=\"summary_large_image\" \/>\n<meta name=\"twitter:label1\" content=\"Written by\" \/>\n\t<meta name=\"twitter:data1\" content=\"Redactia Green24\" \/>\n\t<meta name=\"twitter:label2\" content=\"Est. reading time\" \/>\n\t<meta name=\"twitter:data2\" content=\"3 minutes\" \/>\n<script type=\"application\/ld+json\" class=\"yoast-schema-graph\">{\"@context\":\"https:\/\/schema.org\",\"@graph\":[{\"@type\":\"Article\",\"@id\":\"https:\/\/www.green24.ro\/index.php\/2022\/10\/24\/asfor-expertii-estoniei-sustin-ca-padurile-negestionate-emit-astazi-mai-mult-co2-decat-absorb\/#article\",\"isPartOf\":{\"@id\":\"https:\/\/www.green24.ro\/index.php\/2022\/10\/24\/asfor-expertii-estoniei-sustin-ca-padurile-negestionate-emit-astazi-mai-mult-co2-decat-absorb\/\"},\"author\":{\"name\":\"Redactia Green24\",\"@id\":\"https:\/\/www.green24.ro\/#\/schema\/person\/607a8c12d4548837cb79d52bb2437572\"},\"headline\":\"ASFOR: Expertii estoniei sustin c\u0103 p\u0103durile negestionate emit, ast\u0103zi, mai mult CO2 dec\u00e2t absorb\",\"datePublished\":\"2022-10-24T11:31:00+00:00\",\"mainEntityOfPage\":{\"@id\":\"https:\/\/www.green24.ro\/index.php\/2022\/10\/24\/asfor-expertii-estoniei-sustin-ca-padurile-negestionate-emit-astazi-mai-mult-co2-decat-absorb\/\"},\"wordCount\":680,\"commentCount\":0,\"publisher\":{\"@id\":\"https:\/\/www.green24.ro\/#organization\"},\"image\":{\"@id\":\"https:\/\/www.green24.ro\/index.php\/2022\/10\/24\/asfor-expertii-estoniei-sustin-ca-padurile-negestionate-emit-astazi-mai-mult-co2-decat-absorb\/#primaryimage\"},\"thumbnailUrl\":\"https:\/\/www.green24.ro\/wp-content\/uploads\/2022\/10\/pexels-julia-volk-5273293.jpeg\",\"articleSection\":[\"Blog\",\"Company\",\"General\",\"Legislatie\",\"Prime\",\"Slide\"],\"inLanguage\":\"en-US\",\"potentialAction\":[{\"@type\":\"CommentAction\",\"name\":\"Comment\",\"target\":[\"https:\/\/www.green24.ro\/index.php\/2022\/10\/24\/asfor-expertii-estoniei-sustin-ca-padurile-negestionate-emit-astazi-mai-mult-co2-decat-absorb\/#respond\"]}]},{\"@type\":\"WebPage\",\"@id\":\"https:\/\/www.green24.ro\/index.php\/2022\/10\/24\/asfor-expertii-estoniei-sustin-ca-padurile-negestionate-emit-astazi-mai-mult-co2-decat-absorb\/\",\"url\":\"https:\/\/www.green24.ro\/index.php\/2022\/10\/24\/asfor-expertii-estoniei-sustin-ca-padurile-negestionate-emit-astazi-mai-mult-co2-decat-absorb\/\",\"name\":\"ASFOR: Expertii estoniei sustin c\u0103 p\u0103durile negestionate emit, ast\u0103zi, mai mult CO2 dec\u00e2t absorb - Green24.ro\",\"isPartOf\":{\"@id\":\"https:\/\/www.green24.ro\/#website\"},\"primaryImageOfPage\":{\"@id\":\"https:\/\/www.green24.ro\/index.php\/2022\/10\/24\/asfor-expertii-estoniei-sustin-ca-padurile-negestionate-emit-astazi-mai-mult-co2-decat-absorb\/#primaryimage\"},\"image\":{\"@id\":\"https:\/\/www.green24.ro\/index.php\/2022\/10\/24\/asfor-expertii-estoniei-sustin-ca-padurile-negestionate-emit-astazi-mai-mult-co2-decat-absorb\/#primaryimage\"},\"thumbnailUrl\":\"https:\/\/www.green24.ro\/wp-content\/uploads\/2022\/10\/pexels-julia-volk-5273293.jpeg\",\"datePublished\":\"2022-10-24T11:31:00+00:00\",\"description\":\"Reducerea managementului p\u0103durilor \u00een favoarea cre\u015fterii gradului de conservare face ca p\u0103durile negestionate s\u0103 emit\u0103, \u00een prezent, mai mult CO2 dec\u00e2t absorb, arat\u0103 concluziile unui grup de cercet\u0103tori \u015fi profesori universitari de la Universitatea de \u015etiin\u0163e ale Vie\u0163ii din Tartu, Estonia, citate de Asocia\u0163ia Forestierilor din Rom\u00e2nia (ASFOR).\",\"breadcrumb\":{\"@id\":\"https:\/\/www.green24.ro\/index.php\/2022\/10\/24\/asfor-expertii-estoniei-sustin-ca-padurile-negestionate-emit-astazi-mai-mult-co2-decat-absorb\/#breadcrumb\"},\"inLanguage\":\"en-US\",\"potentialAction\":[{\"@type\":\"ReadAction\",\"target\":[\"https:\/\/www.green24.ro\/index.php\/2022\/10\/24\/asfor-expertii-estoniei-sustin-ca-padurile-negestionate-emit-astazi-mai-mult-co2-decat-absorb\/\"]}]},{\"@type\":\"ImageObject\",\"inLanguage\":\"en-US\",\"@id\":\"https:\/\/www.green24.ro\/index.php\/2022\/10\/24\/asfor-expertii-estoniei-sustin-ca-padurile-negestionate-emit-astazi-mai-mult-co2-decat-absorb\/#primaryimage\",\"url\":\"https:\/\/www.green24.ro\/wp-content\/uploads\/2022\/10\/pexels-julia-volk-5273293.jpeg\",\"contentUrl\":\"https:\/\/www.green24.ro\/wp-content\/uploads\/2022\/10\/pexels-julia-volk-5273293.jpeg\",\"width\":1280,\"height\":853,\"caption\":\"ASFOR: Expertii estoniei sustin c\u0103 p\u0103durile negestionate emit, ast\u0103zi, mai mult CO2 dec\u00e2t absorb\"},{\"@type\":\"BreadcrumbList\",\"@id\":\"https:\/\/www.green24.ro\/index.php\/2022\/10\/24\/asfor-expertii-estoniei-sustin-ca-padurile-negestionate-emit-astazi-mai-mult-co2-decat-absorb\/#breadcrumb\",\"itemListElement\":[{\"@type\":\"ListItem\",\"position\":1,\"name\":\"Home\",\"item\":\"https:\/\/www.green24.ro\/\"},{\"@type\":\"ListItem\",\"position\":2,\"name\":\"ASFOR: Expertii estoniei sustin c\u0103 p\u0103durile negestionate emit, ast\u0103zi, mai mult CO2 dec\u00e2t absorb\"}]},{\"@type\":\"WebSite\",\"@id\":\"https:\/\/www.green24.ro\/#website\",\"url\":\"https:\/\/www.green24.ro\/\",\"name\":\"Green24.ro\",\"description\":\"Antreprenoriat verde si responsabilitatea social\u0103\",\"publisher\":{\"@id\":\"https:\/\/www.green24.ro\/#organization\"},\"potentialAction\":[{\"@type\":\"SearchAction\",\"target\":{\"@type\":\"EntryPoint\",\"urlTemplate\":\"https:\/\/www.green24.ro\/?s={search_term_string}\"},\"query-input\":{\"@type\":\"PropertyValueSpecification\",\"valueRequired\":true,\"valueName\":\"search_term_string\"}}],\"inLanguage\":\"en-US\"},{\"@type\":\"Organization\",\"@id\":\"https:\/\/www.green24.ro\/#organization\",\"name\":\"Green24\",\"url\":\"https:\/\/www.green24.ro\/\",\"logo\":{\"@type\":\"ImageObject\",\"inLanguage\":\"en-US\",\"@id\":\"https:\/\/www.green24.ro\/#\/schema\/logo\/image\/\",\"url\":\"https:\/\/www.green24.ro\/wp-content\/uploads\/2022\/02\/green24-17-e1643806452346.png\",\"contentUrl\":\"https:\/\/www.green24.ro\/wp-content\/uploads\/2022\/02\/green24-17-e1643806452346.png\",\"width\":174,\"height\":174,\"caption\":\"Green24\"},\"image\":{\"@id\":\"https:\/\/www.green24.ro\/#\/schema\/logo\/image\/\"},\"sameAs\":[\"https:\/\/www.facebook.com\/green24ro\/\"]},{\"@type\":\"Person\",\"@id\":\"https:\/\/www.green24.ro\/#\/schema\/person\/607a8c12d4548837cb79d52bb2437572\",\"name\":\"Redactia Green24\",\"image\":{\"@type\":\"ImageObject\",\"inLanguage\":\"en-US\",\"@id\":\"https:\/\/www.green24.ro\/#\/schema\/person\/image\/\",\"url\":\"https:\/\/secure.gravatar.com\/avatar\/c9f4d5614769dc0a9dfdfed961c82ea6?s=96&d=mm&r=g\",\"contentUrl\":\"https:\/\/secure.gravatar.com\/avatar\/c9f4d5614769dc0a9dfdfed961c82ea6?s=96&d=mm&r=g\",\"caption\":\"Redactia Green24\"},\"sameAs\":[\"http:\/\/www.green24.ro\"],\"url\":\"https:\/\/www.green24.ro\/index.php\/author\/green24\/\"}]}<\/script>\n<!-- \/ Yoast SEO plugin. -->","yoast_head_json":{"title":"ASFOR: Expertii estoniei sustin c\u0103 p\u0103durile negestionate emit, ast\u0103zi, mai mult CO2 dec\u00e2t absorb - Green24.ro","description":"Reducerea managementului p\u0103durilor \u00een favoarea cre\u015fterii gradului de conservare face ca p\u0103durile negestionate s\u0103 emit\u0103, \u00een prezent, mai mult CO2 dec\u00e2t absorb, arat\u0103 concluziile unui grup de cercet\u0103tori \u015fi profesori universitari de la Universitatea de \u015etiin\u0163e ale Vie\u0163ii din Tartu, Estonia, citate de Asocia\u0163ia Forestierilor din Rom\u00e2nia (ASFOR).","robots":{"index":"index","follow":"follow","max-snippet":"max-snippet:-1","max-image-preview":"max-image-preview:large","max-video-preview":"max-video-preview:-1"},"canonical":"https:\/\/www.green24.ro\/index.php\/2022\/10\/24\/asfor-expertii-estoniei-sustin-ca-padurile-negestionate-emit-astazi-mai-mult-co2-decat-absorb\/","og_locale":"en_US","og_type":"article","og_title":"ASFOR: Expertii estoniei sustin c\u0103 p\u0103durile negestionate emit, ast\u0103zi, mai mult CO2 dec\u00e2t absorb - Green24.ro","og_description":"Reducerea managementului p\u0103durilor \u00een favoarea cre\u015fterii gradului de conservare face ca p\u0103durile negestionate s\u0103 emit\u0103, \u00een prezent, mai mult CO2 dec\u00e2t absorb, arat\u0103 concluziile unui grup de cercet\u0103tori \u015fi profesori universitari de la Universitatea de \u015etiin\u0163e ale Vie\u0163ii din Tartu, Estonia, citate de Asocia\u0163ia Forestierilor din Rom\u00e2nia (ASFOR).","og_url":"https:\/\/www.green24.ro\/index.php\/2022\/10\/24\/asfor-expertii-estoniei-sustin-ca-padurile-negestionate-emit-astazi-mai-mult-co2-decat-absorb\/","og_site_name":"Green24.ro","article_publisher":"https:\/\/www.facebook.com\/green24ro\/","article_published_time":"2022-10-24T11:31:00+00:00","og_image":[{"width":1280,"height":853,"url":"https:\/\/www.green24.ro\/wp-content\/uploads\/2022\/10\/pexels-julia-volk-5273293.jpeg","type":"image\/jpeg"}],"author":"Redactia Green24","twitter_card":"summary_large_image","twitter_misc":{"Written by":"Redactia Green24","Est. reading time":"3 minutes"},"schema":{"@context":"https:\/\/schema.org","@graph":[{"@type":"Article","@id":"https:\/\/www.green24.ro\/index.php\/2022\/10\/24\/asfor-expertii-estoniei-sustin-ca-padurile-negestionate-emit-astazi-mai-mult-co2-decat-absorb\/#article","isPartOf":{"@id":"https:\/\/www.green24.ro\/index.php\/2022\/10\/24\/asfor-expertii-estoniei-sustin-ca-padurile-negestionate-emit-astazi-mai-mult-co2-decat-absorb\/"},"author":{"name":"Redactia Green24","@id":"https:\/\/www.green24.ro\/#\/schema\/person\/607a8c12d4548837cb79d52bb2437572"},"headline":"ASFOR: Expertii estoniei sustin c\u0103 p\u0103durile negestionate emit, ast\u0103zi, mai mult CO2 dec\u00e2t absorb","datePublished":"2022-10-24T11:31:00+00:00","mainEntityOfPage":{"@id":"https:\/\/www.green24.ro\/index.php\/2022\/10\/24\/asfor-expertii-estoniei-sustin-ca-padurile-negestionate-emit-astazi-mai-mult-co2-decat-absorb\/"},"wordCount":680,"commentCount":0,"publisher":{"@id":"https:\/\/www.green24.ro\/#organization"},"image":{"@id":"https:\/\/www.green24.ro\/index.php\/2022\/10\/24\/asfor-expertii-estoniei-sustin-ca-padurile-negestionate-emit-astazi-mai-mult-co2-decat-absorb\/#primaryimage"},"thumbnailUrl":"https:\/\/www.green24.ro\/wp-content\/uploads\/2022\/10\/pexels-julia-volk-5273293.jpeg","articleSection":["Blog","Company","General","Legislatie","Prime","Slide"],"inLanguage":"en-US","potentialAction":[{"@type":"CommentAction","name":"Comment","target":["https:\/\/www.green24.ro\/index.php\/2022\/10\/24\/asfor-expertii-estoniei-sustin-ca-padurile-negestionate-emit-astazi-mai-mult-co2-decat-absorb\/#respond"]}]},{"@type":"WebPage","@id":"https:\/\/www.green24.ro\/index.php\/2022\/10\/24\/asfor-expertii-estoniei-sustin-ca-padurile-negestionate-emit-astazi-mai-mult-co2-decat-absorb\/","url":"https:\/\/www.green24.ro\/index.php\/2022\/10\/24\/asfor-expertii-estoniei-sustin-ca-padurile-negestionate-emit-astazi-mai-mult-co2-decat-absorb\/","name":"ASFOR: Expertii estoniei sustin c\u0103 p\u0103durile negestionate emit, ast\u0103zi, mai mult CO2 dec\u00e2t absorb - Green24.ro","isPartOf":{"@id":"https:\/\/www.green24.ro\/#website"},"primaryImageOfPage":{"@id":"https:\/\/www.green24.ro\/index.php\/2022\/10\/24\/asfor-expertii-estoniei-sustin-ca-padurile-negestionate-emit-astazi-mai-mult-co2-decat-absorb\/#primaryimage"},"image":{"@id":"https:\/\/www.green24.ro\/index.php\/2022\/10\/24\/asfor-expertii-estoniei-sustin-ca-padurile-negestionate-emit-astazi-mai-mult-co2-decat-absorb\/#primaryimage"},"thumbnailUrl":"https:\/\/www.green24.ro\/wp-content\/uploads\/2022\/10\/pexels-julia-volk-5273293.jpeg","datePublished":"2022-10-24T11:31:00+00:00","description":"Reducerea managementului p\u0103durilor \u00een favoarea cre\u015fterii gradului de conservare face ca p\u0103durile negestionate s\u0103 emit\u0103, \u00een prezent, mai mult CO2 dec\u00e2t absorb, arat\u0103 concluziile unui grup de cercet\u0103tori \u015fi profesori universitari de la Universitatea de \u015etiin\u0163e ale Vie\u0163ii din Tartu, Estonia, citate de Asocia\u0163ia Forestierilor din Rom\u00e2nia (ASFOR).","breadcrumb":{"@id":"https:\/\/www.green24.ro\/index.php\/2022\/10\/24\/asfor-expertii-estoniei-sustin-ca-padurile-negestionate-emit-astazi-mai-mult-co2-decat-absorb\/#breadcrumb"},"inLanguage":"en-US","potentialAction":[{"@type":"ReadAction","target":["https:\/\/www.green24.ro\/index.php\/2022\/10\/24\/asfor-expertii-estoniei-sustin-ca-padurile-negestionate-emit-astazi-mai-mult-co2-decat-absorb\/"]}]},{"@type":"ImageObject","inLanguage":"en-US","@id":"https:\/\/www.green24.ro\/index.php\/2022\/10\/24\/asfor-expertii-estoniei-sustin-ca-padurile-negestionate-emit-astazi-mai-mult-co2-decat-absorb\/#primaryimage","url":"https:\/\/www.green24.ro\/wp-content\/uploads\/2022\/10\/pexels-julia-volk-5273293.jpeg","contentUrl":"https:\/\/www.green24.ro\/wp-content\/uploads\/2022\/10\/pexels-julia-volk-5273293.jpeg","width":1280,"height":853,"caption":"ASFOR: Expertii estoniei sustin c\u0103 p\u0103durile negestionate emit, ast\u0103zi, mai mult CO2 dec\u00e2t absorb"},{"@type":"BreadcrumbList","@id":"https:\/\/www.green24.ro\/index.php\/2022\/10\/24\/asfor-expertii-estoniei-sustin-ca-padurile-negestionate-emit-astazi-mai-mult-co2-decat-absorb\/#breadcrumb","itemListElement":[{"@type":"ListItem","position":1,"name":"Home","item":"https:\/\/www.green24.ro\/"},{"@type":"ListItem","position":2,"name":"ASFOR: Expertii estoniei sustin c\u0103 p\u0103durile negestionate emit, ast\u0103zi, mai mult CO2 dec\u00e2t absorb"}]},{"@type":"WebSite","@id":"https:\/\/www.green24.ro\/#website","url":"https:\/\/www.green24.ro\/","name":"Green24.ro","description":"Antreprenoriat verde si responsabilitatea social\u0103","publisher":{"@id":"https:\/\/www.green24.ro\/#organization"},"potentialAction":[{"@type":"SearchAction","target":{"@type":"EntryPoint","urlTemplate":"https:\/\/www.green24.ro\/?s={search_term_string}"},"query-input":{"@type":"PropertyValueSpecification","valueRequired":true,"valueName":"search_term_string"}}],"inLanguage":"en-US"},{"@type":"Organization","@id":"https:\/\/www.green24.ro\/#organization","name":"Green24","url":"https:\/\/www.green24.ro\/","logo":{"@type":"ImageObject","inLanguage":"en-US","@id":"https:\/\/www.green24.ro\/#\/schema\/logo\/image\/","url":"https:\/\/www.green24.ro\/wp-content\/uploads\/2022\/02\/green24-17-e1643806452346.png","contentUrl":"https:\/\/www.green24.ro\/wp-content\/uploads\/2022\/02\/green24-17-e1643806452346.png","width":174,"height":174,"caption":"Green24"},"image":{"@id":"https:\/\/www.green24.ro\/#\/schema\/logo\/image\/"},"sameAs":["https:\/\/www.facebook.com\/green24ro\/"]},{"@type":"Person","@id":"https:\/\/www.green24.ro\/#\/schema\/person\/607a8c12d4548837cb79d52bb2437572","name":"Redactia Green24","image":{"@type":"ImageObject","inLanguage":"en-US","@id":"https:\/\/www.green24.ro\/#\/schema\/person\/image\/","url":"https:\/\/secure.gravatar.com\/avatar\/c9f4d5614769dc0a9dfdfed961c82ea6?s=96&d=mm&r=g","contentUrl":"https:\/\/secure.gravatar.com\/avatar\/c9f4d5614769dc0a9dfdfed961c82ea6?s=96&d=mm&r=g","caption":"Redactia Green24"},"sameAs":["http:\/\/www.green24.ro"],"url":"https:\/\/www.green24.ro\/index.php\/author\/green24\/"}]}},"jetpack_publicize_connections":[],"jetpack_featured_media_url":"https:\/\/www.green24.ro\/wp-content\/uploads\/2022\/10\/pexels-julia-volk-5273293.jpeg","jetpack_sharing_enabled":true,"_links":{"self":[{"href":"https:\/\/www.green24.ro\/index.php\/wp-json\/wp\/v2\/posts\/1493","targetHints":{"allow":["GET"]}}],"collection":[{"href":"https:\/\/www.green24.ro\/index.php\/wp-json\/wp\/v2\/posts"}],"about":[{"href":"https:\/\/www.green24.ro\/index.php\/wp-json\/wp\/v2\/types\/post"}],"author":[{"embeddable":true,"href":"https:\/\/www.green24.ro\/index.php\/wp-json\/wp\/v2\/users\/3"}],"replies":[{"embeddable":true,"href":"https:\/\/www.green24.ro\/index.php\/wp-json\/wp\/v2\/comments?post=1493"}],"version-history":[{"count":1,"href":"https:\/\/www.green24.ro\/index.php\/wp-json\/wp\/v2\/posts\/1493\/revisions"}],"predecessor-version":[{"id":1495,"href":"https:\/\/www.green24.ro\/index.php\/wp-json\/wp\/v2\/posts\/1493\/revisions\/1495"}],"wp:featuredmedia":[{"embeddable":true,"href":"https:\/\/www.green24.ro\/index.php\/wp-json\/wp\/v2\/media\/1494"}],"wp:attachment":[{"href":"https:\/\/www.green24.ro\/index.php\/wp-json\/wp\/v2\/media?parent=1493"}],"wp:term":[{"taxonomy":"category","embeddable":true,"href":"https:\/\/www.green24.ro\/index.php\/wp-json\/wp\/v2\/categories?post=1493"},{"taxonomy":"post_tag","embeddable":true,"href":"https:\/\/www.green24.ro\/index.php\/wp-json\/wp\/v2\/tags?post=1493"}],"curies":[{"name":"wp","href":"https:\/\/api.w.org\/{rel}","templated":true}]}}