{"id":1489,"date":"2022-10-24T07:01:37","date_gmt":"2022-10-24T05:01:37","guid":{"rendered":"https:\/\/www.green24.ro\/?p=1489"},"modified":"2022-10-24T07:01:40","modified_gmt":"2022-10-24T05:01:40","slug":"romania-sta-mai-bine-decat-franta-la-reciclarea-deseurilor-de-ambalaje-din-plastic","status":"publish","type":"post","link":"https:\/\/www.green24.ro\/index.php\/2022\/10\/24\/romania-sta-mai-bine-decat-franta-la-reciclarea-deseurilor-de-ambalaje-din-plastic\/","title":{"rendered":"Rom\u00e2nia st\u0103 mai bine dec\u00e2t Fran\u021ba la reciclarea de\u0219eurilor de ambalaje din plastic"},"content":{"rendered":"<p style=\"text-align: justify;\">Fiecare persoan\u0103 din Uniunea European\u0103 a generat, \u00een medie, 34,6 kilograme de de\u015feuri de ambalaje din plastic \u00een 2020 iar din aceast\u0103 cantitate doar 13 kilograme (sau 38%) au fost reciclate, arat\u0103\u00a0datele\u00a0publicate joi de Eurostat.<\/p>\n<p style=\"text-align: justify;\">\u00cen r\u00e2ndul statelor membre, cele mai bune performan\u0163e se \u00eenregistreaz\u0103 \u00een \u0162\u0103rile de Jos, Lituania, Slovacia, Spania, Bulgaria \u015fi Cipru, unde mai mult de jum\u0103tate din de\u015feurile de ambalaje din plastic sunt reciclate. La polul opus, mai pu\u0163in de o treime din de\u015feurile de ambalaje din plastic sunt reciclate \u00een Malta, Fran\u0163a, Danemarca, Ungaria, Irlanda, Rom\u00e2nia, Polonia \u015fi Austria.<\/p>\n<p style=\"text-align: justify;\">Potrivit datelor Eurostat, \u00een anul 2019, \u00een Rom\u00e2nia 31,1% din de\u015feurile de ambalaje din plastic au fost reciclate, fa\u0163\u0103 de 26,9% \u00een Fran\u0163a.\u00a0Eurostat precizeaz\u0103 c\u0103 \u00een cazul Rom\u00e2niei \u015fi Poloniei nu sunt disponibile date pentru anul 2020.<\/p>\n<p style=\"text-align: justify;\">\u00centre 2010 \u015fi 2020, volumul de\u015feurilor de ambalaje din plastic generate per locuitor a crescut cu 23% (sau 6,5 kilograme). \u00cen aceea\u015fi perioad\u0103 a crescut \u015fi volumul de\u015feurilor de ambalaje din plastic reciclate cu 32% (sau 3,2 kilograme). \u00cen pofida acestui progres, cantitatea de de\u015feuri de ambalaje din plastic care nu a fost reciclat\u0103 a crescut cu 3,4 kilograme pe cap de locuitor comparativ cu 2010 ca urmare a unei cre\u015fteri mai mari a cantit\u0103\u0163ii de de\u015feuri de ambalaje din plastic generate.<\/p>\n<pre style=\"text-align: justify;\">AGERPRES\/(AS-autor: Constantin Balaban, editor: Andreea Marinescu, editor online: Andreea L\u0103z\u0103roiu)<\/pre>\n","protected":false},"excerpt":{"rendered":"<p>Fiecare persoan\u0103 din Uniunea European\u0103 a generat, \u00een medie, 34,6 kilograme de de\u015feuri de ambalaje din plastic \u00een 2020 iar din aceast\u0103 cantitate doar 13 kilograme (sau 38%) au fost reciclate, arat\u0103\u00a0datele\u00a0publicate joi de Eurostat. \u00cen r\u00e2ndul statelor membre, cele mai bune performan\u0163e se \u00eenregistreaz\u0103 \u00een \u0162\u0103rile de Jos, Lituania, [&hellip;]<\/p>\n","protected":false},"author":3,"featured_media":1490,"comment_status":"open","ping_status":"open","sticky":false,"template":"","format":"standard","meta":{"content-type":"","footnotes":"","jetpack_publicize_message":"","jetpack_publicize_feature_enabled":true,"jetpack_social_post_already_shared":true,"jetpack_social_options":{"image_generator_settings":{"template":"highway","default_image_id":0,"font":"","enabled":false},"version":2}},"categories":[5,9,1,3,6,10],"tags":[],"class_list":["post-1489","post","type-post","status-publish","format-standard","has-post-thumbnail","hentry","category-blog","category-company","category-general","category-legislatie","category-prime","category-slide"],"yoast_head":"<!-- This site is optimized with the Yoast SEO plugin v24.9 - https:\/\/yoast.com\/wordpress\/plugins\/seo\/ -->\n<title>Rom\u00e2nia st\u0103 mai bine dec\u00e2t Fran\u021ba la reciclarea de\u0219eurilor de ambalaje din plastic - Green24.ro<\/title>\n<meta name=\"description\" content=\"Potrivit datelor Eurostat, \u00een anul 2019, \u00een Rom\u00e2nia 31,1% din de\u015feurile de ambalaje din plastic au fost reciclate, fa\u0163\u0103 de 26,9% \u00een Fran\u0163a.\u00a0Eurostat precizeaz\u0103 c\u0103 \u00een cazul Rom\u00e2niei \u015fi Poloniei nu sunt disponibile date pentru anul 2020.\" \/>\n<meta name=\"robots\" content=\"index, follow, max-snippet:-1, max-image-preview:large, max-video-preview:-1\" \/>\n<link rel=\"canonical\" href=\"https:\/\/www.green24.ro\/index.php\/2022\/10\/24\/romania-sta-mai-bine-decat-franta-la-reciclarea-deseurilor-de-ambalaje-din-plastic\/\" \/>\n<meta property=\"og:locale\" content=\"en_US\" \/>\n<meta property=\"og:type\" content=\"article\" \/>\n<meta property=\"og:title\" content=\"Rom\u00e2nia st\u0103 mai bine dec\u00e2t Fran\u021ba la reciclarea de\u0219eurilor de ambalaje din plastic - Green24.ro\" \/>\n<meta property=\"og:description\" content=\"Potrivit datelor Eurostat, \u00een anul 2019, \u00een Rom\u00e2nia 31,1% din de\u015feurile de ambalaje din plastic au fost reciclate, fa\u0163\u0103 de 26,9% \u00een Fran\u0163a.\u00a0Eurostat precizeaz\u0103 c\u0103 \u00een cazul Rom\u00e2niei \u015fi Poloniei nu sunt disponibile date pentru anul 2020.\" \/>\n<meta property=\"og:url\" content=\"https:\/\/www.green24.ro\/index.php\/2022\/10\/24\/romania-sta-mai-bine-decat-franta-la-reciclarea-deseurilor-de-ambalaje-din-plastic\/\" \/>\n<meta property=\"og:site_name\" content=\"Green24.ro\" \/>\n<meta property=\"article:publisher\" content=\"https:\/\/www.facebook.com\/green24ro\/\" \/>\n<meta property=\"article:published_time\" content=\"2022-10-24T05:01:37+00:00\" \/>\n<meta property=\"article:modified_time\" content=\"2022-10-24T05:01:40+00:00\" \/>\n<meta property=\"og:image\" content=\"https:\/\/www.green24.ro\/wp-content\/uploads\/2022\/10\/pexels-lisa-fotios-1933386.jpeg\" \/>\n\t<meta property=\"og:image:width\" content=\"1280\" \/>\n\t<meta property=\"og:image:height\" content=\"1918\" \/>\n\t<meta property=\"og:image:type\" content=\"image\/jpeg\" \/>\n<meta name=\"author\" content=\"Redactia Green24\" \/>\n<meta name=\"twitter:card\" content=\"summary_large_image\" \/>\n<meta name=\"twitter:label1\" content=\"Written by\" \/>\n\t<meta name=\"twitter:data1\" content=\"Redactia Green24\" \/>\n\t<meta name=\"twitter:label2\" content=\"Est. reading time\" \/>\n\t<meta name=\"twitter:data2\" content=\"1 minute\" \/>\n<script type=\"application\/ld+json\" class=\"yoast-schema-graph\">{\"@context\":\"https:\/\/schema.org\",\"@graph\":[{\"@type\":\"Article\",\"@id\":\"https:\/\/www.green24.ro\/index.php\/2022\/10\/24\/romania-sta-mai-bine-decat-franta-la-reciclarea-deseurilor-de-ambalaje-din-plastic\/#article\",\"isPartOf\":{\"@id\":\"https:\/\/www.green24.ro\/index.php\/2022\/10\/24\/romania-sta-mai-bine-decat-franta-la-reciclarea-deseurilor-de-ambalaje-din-plastic\/\"},\"author\":{\"name\":\"Redactia Green24\",\"@id\":\"https:\/\/www.green24.ro\/#\/schema\/person\/607a8c12d4548837cb79d52bb2437572\"},\"headline\":\"Rom\u00e2nia st\u0103 mai bine dec\u00e2t Fran\u021ba la reciclarea de\u0219eurilor de ambalaje din plastic\",\"datePublished\":\"2022-10-24T05:01:37+00:00\",\"dateModified\":\"2022-10-24T05:01:40+00:00\",\"mainEntityOfPage\":{\"@id\":\"https:\/\/www.green24.ro\/index.php\/2022\/10\/24\/romania-sta-mai-bine-decat-franta-la-reciclarea-deseurilor-de-ambalaje-din-plastic\/\"},\"wordCount\":237,\"commentCount\":0,\"publisher\":{\"@id\":\"https:\/\/www.green24.ro\/#organization\"},\"image\":{\"@id\":\"https:\/\/www.green24.ro\/index.php\/2022\/10\/24\/romania-sta-mai-bine-decat-franta-la-reciclarea-deseurilor-de-ambalaje-din-plastic\/#primaryimage\"},\"thumbnailUrl\":\"https:\/\/www.green24.ro\/wp-content\/uploads\/2022\/10\/pexels-lisa-fotios-1933386.jpeg\",\"articleSection\":[\"Blog\",\"Company\",\"General\",\"Legislatie\",\"Prime\",\"Slide\"],\"inLanguage\":\"en-US\",\"potentialAction\":[{\"@type\":\"CommentAction\",\"name\":\"Comment\",\"target\":[\"https:\/\/www.green24.ro\/index.php\/2022\/10\/24\/romania-sta-mai-bine-decat-franta-la-reciclarea-deseurilor-de-ambalaje-din-plastic\/#respond\"]}]},{\"@type\":\"WebPage\",\"@id\":\"https:\/\/www.green24.ro\/index.php\/2022\/10\/24\/romania-sta-mai-bine-decat-franta-la-reciclarea-deseurilor-de-ambalaje-din-plastic\/\",\"url\":\"https:\/\/www.green24.ro\/index.php\/2022\/10\/24\/romania-sta-mai-bine-decat-franta-la-reciclarea-deseurilor-de-ambalaje-din-plastic\/\",\"name\":\"Rom\u00e2nia st\u0103 mai bine dec\u00e2t Fran\u021ba la reciclarea de\u0219eurilor de ambalaje din plastic - Green24.ro\",\"isPartOf\":{\"@id\":\"https:\/\/www.green24.ro\/#website\"},\"primaryImageOfPage\":{\"@id\":\"https:\/\/www.green24.ro\/index.php\/2022\/10\/24\/romania-sta-mai-bine-decat-franta-la-reciclarea-deseurilor-de-ambalaje-din-plastic\/#primaryimage\"},\"image\":{\"@id\":\"https:\/\/www.green24.ro\/index.php\/2022\/10\/24\/romania-sta-mai-bine-decat-franta-la-reciclarea-deseurilor-de-ambalaje-din-plastic\/#primaryimage\"},\"thumbnailUrl\":\"https:\/\/www.green24.ro\/wp-content\/uploads\/2022\/10\/pexels-lisa-fotios-1933386.jpeg\",\"datePublished\":\"2022-10-24T05:01:37+00:00\",\"dateModified\":\"2022-10-24T05:01:40+00:00\",\"description\":\"Potrivit datelor Eurostat, \u00een anul 2019, \u00een Rom\u00e2nia 31,1% din de\u015feurile de ambalaje din plastic au fost reciclate, fa\u0163\u0103 de 26,9% \u00een Fran\u0163a.\u00a0Eurostat precizeaz\u0103 c\u0103 \u00een cazul Rom\u00e2niei \u015fi Poloniei nu sunt disponibile date pentru anul 2020.\",\"breadcrumb\":{\"@id\":\"https:\/\/www.green24.ro\/index.php\/2022\/10\/24\/romania-sta-mai-bine-decat-franta-la-reciclarea-deseurilor-de-ambalaje-din-plastic\/#breadcrumb\"},\"inLanguage\":\"en-US\",\"potentialAction\":[{\"@type\":\"ReadAction\",\"target\":[\"https:\/\/www.green24.ro\/index.php\/2022\/10\/24\/romania-sta-mai-bine-decat-franta-la-reciclarea-deseurilor-de-ambalaje-din-plastic\/\"]}]},{\"@type\":\"ImageObject\",\"inLanguage\":\"en-US\",\"@id\":\"https:\/\/www.green24.ro\/index.php\/2022\/10\/24\/romania-sta-mai-bine-decat-franta-la-reciclarea-deseurilor-de-ambalaje-din-plastic\/#primaryimage\",\"url\":\"https:\/\/www.green24.ro\/wp-content\/uploads\/2022\/10\/pexels-lisa-fotios-1933386.jpeg\",\"contentUrl\":\"https:\/\/www.green24.ro\/wp-content\/uploads\/2022\/10\/pexels-lisa-fotios-1933386.jpeg\",\"width\":1280,\"height\":1918,\"caption\":\"Rom\u00e2nia st\u0103 mai bine dec\u00e2t Fran\u021ba la reciclarea de\u0219eurilor\"},{\"@type\":\"BreadcrumbList\",\"@id\":\"https:\/\/www.green24.ro\/index.php\/2022\/10\/24\/romania-sta-mai-bine-decat-franta-la-reciclarea-deseurilor-de-ambalaje-din-plastic\/#breadcrumb\",\"itemListElement\":[{\"@type\":\"ListItem\",\"position\":1,\"name\":\"Home\",\"item\":\"https:\/\/www.green24.ro\/\"},{\"@type\":\"ListItem\",\"position\":2,\"name\":\"Rom\u00e2nia st\u0103 mai bine dec\u00e2t Fran\u021ba la reciclarea de\u0219eurilor de ambalaje din plastic\"}]},{\"@type\":\"WebSite\",\"@id\":\"https:\/\/www.green24.ro\/#website\",\"url\":\"https:\/\/www.green24.ro\/\",\"name\":\"Green24.ro\",\"description\":\"Antreprenoriat verde si responsabilitatea social\u0103\",\"publisher\":{\"@id\":\"https:\/\/www.green24.ro\/#organization\"},\"potentialAction\":[{\"@type\":\"SearchAction\",\"target\":{\"@type\":\"EntryPoint\",\"urlTemplate\":\"https:\/\/www.green24.ro\/?s={search_term_string}\"},\"query-input\":{\"@type\":\"PropertyValueSpecification\",\"valueRequired\":true,\"valueName\":\"search_term_string\"}}],\"inLanguage\":\"en-US\"},{\"@type\":\"Organization\",\"@id\":\"https:\/\/www.green24.ro\/#organization\",\"name\":\"Green24\",\"url\":\"https:\/\/www.green24.ro\/\",\"logo\":{\"@type\":\"ImageObject\",\"inLanguage\":\"en-US\",\"@id\":\"https:\/\/www.green24.ro\/#\/schema\/logo\/image\/\",\"url\":\"https:\/\/www.green24.ro\/wp-content\/uploads\/2022\/02\/green24-17-e1643806452346.png\",\"contentUrl\":\"https:\/\/www.green24.ro\/wp-content\/uploads\/2022\/02\/green24-17-e1643806452346.png\",\"width\":174,\"height\":174,\"caption\":\"Green24\"},\"image\":{\"@id\":\"https:\/\/www.green24.ro\/#\/schema\/logo\/image\/\"},\"sameAs\":[\"https:\/\/www.facebook.com\/green24ro\/\"]},{\"@type\":\"Person\",\"@id\":\"https:\/\/www.green24.ro\/#\/schema\/person\/607a8c12d4548837cb79d52bb2437572\",\"name\":\"Redactia Green24\",\"image\":{\"@type\":\"ImageObject\",\"inLanguage\":\"en-US\",\"@id\":\"https:\/\/www.green24.ro\/#\/schema\/person\/image\/\",\"url\":\"https:\/\/secure.gravatar.com\/avatar\/c9f4d5614769dc0a9dfdfed961c82ea6?s=96&d=mm&r=g\",\"contentUrl\":\"https:\/\/secure.gravatar.com\/avatar\/c9f4d5614769dc0a9dfdfed961c82ea6?s=96&d=mm&r=g\",\"caption\":\"Redactia Green24\"},\"sameAs\":[\"http:\/\/www.green24.ro\"],\"url\":\"https:\/\/www.green24.ro\/index.php\/author\/green24\/\"}]}<\/script>\n<!-- \/ Yoast SEO plugin. -->","yoast_head_json":{"title":"Rom\u00e2nia st\u0103 mai bine dec\u00e2t Fran\u021ba la reciclarea de\u0219eurilor de ambalaje din plastic - Green24.ro","description":"Potrivit datelor Eurostat, \u00een anul 2019, \u00een Rom\u00e2nia 31,1% din de\u015feurile de ambalaje din plastic au fost reciclate, fa\u0163\u0103 de 26,9% \u00een Fran\u0163a.\u00a0Eurostat precizeaz\u0103 c\u0103 \u00een cazul Rom\u00e2niei \u015fi Poloniei nu sunt disponibile date pentru anul 2020.","robots":{"index":"index","follow":"follow","max-snippet":"max-snippet:-1","max-image-preview":"max-image-preview:large","max-video-preview":"max-video-preview:-1"},"canonical":"https:\/\/www.green24.ro\/index.php\/2022\/10\/24\/romania-sta-mai-bine-decat-franta-la-reciclarea-deseurilor-de-ambalaje-din-plastic\/","og_locale":"en_US","og_type":"article","og_title":"Rom\u00e2nia st\u0103 mai bine dec\u00e2t Fran\u021ba la reciclarea de\u0219eurilor de ambalaje din plastic - Green24.ro","og_description":"Potrivit datelor Eurostat, \u00een anul 2019, \u00een Rom\u00e2nia 31,1% din de\u015feurile de ambalaje din plastic au fost reciclate, fa\u0163\u0103 de 26,9% \u00een Fran\u0163a.\u00a0Eurostat precizeaz\u0103 c\u0103 \u00een cazul Rom\u00e2niei \u015fi Poloniei nu sunt disponibile date pentru anul 2020.","og_url":"https:\/\/www.green24.ro\/index.php\/2022\/10\/24\/romania-sta-mai-bine-decat-franta-la-reciclarea-deseurilor-de-ambalaje-din-plastic\/","og_site_name":"Green24.ro","article_publisher":"https:\/\/www.facebook.com\/green24ro\/","article_published_time":"2022-10-24T05:01:37+00:00","article_modified_time":"2022-10-24T05:01:40+00:00","og_image":[{"width":1280,"height":1918,"url":"https:\/\/www.green24.ro\/wp-content\/uploads\/2022\/10\/pexels-lisa-fotios-1933386.jpeg","type":"image\/jpeg"}],"author":"Redactia Green24","twitter_card":"summary_large_image","twitter_misc":{"Written by":"Redactia Green24","Est. reading time":"1 minute"},"schema":{"@context":"https:\/\/schema.org","@graph":[{"@type":"Article","@id":"https:\/\/www.green24.ro\/index.php\/2022\/10\/24\/romania-sta-mai-bine-decat-franta-la-reciclarea-deseurilor-de-ambalaje-din-plastic\/#article","isPartOf":{"@id":"https:\/\/www.green24.ro\/index.php\/2022\/10\/24\/romania-sta-mai-bine-decat-franta-la-reciclarea-deseurilor-de-ambalaje-din-plastic\/"},"author":{"name":"Redactia Green24","@id":"https:\/\/www.green24.ro\/#\/schema\/person\/607a8c12d4548837cb79d52bb2437572"},"headline":"Rom\u00e2nia st\u0103 mai bine dec\u00e2t Fran\u021ba la reciclarea de\u0219eurilor de ambalaje din plastic","datePublished":"2022-10-24T05:01:37+00:00","dateModified":"2022-10-24T05:01:40+00:00","mainEntityOfPage":{"@id":"https:\/\/www.green24.ro\/index.php\/2022\/10\/24\/romania-sta-mai-bine-decat-franta-la-reciclarea-deseurilor-de-ambalaje-din-plastic\/"},"wordCount":237,"commentCount":0,"publisher":{"@id":"https:\/\/www.green24.ro\/#organization"},"image":{"@id":"https:\/\/www.green24.ro\/index.php\/2022\/10\/24\/romania-sta-mai-bine-decat-franta-la-reciclarea-deseurilor-de-ambalaje-din-plastic\/#primaryimage"},"thumbnailUrl":"https:\/\/www.green24.ro\/wp-content\/uploads\/2022\/10\/pexels-lisa-fotios-1933386.jpeg","articleSection":["Blog","Company","General","Legislatie","Prime","Slide"],"inLanguage":"en-US","potentialAction":[{"@type":"CommentAction","name":"Comment","target":["https:\/\/www.green24.ro\/index.php\/2022\/10\/24\/romania-sta-mai-bine-decat-franta-la-reciclarea-deseurilor-de-ambalaje-din-plastic\/#respond"]}]},{"@type":"WebPage","@id":"https:\/\/www.green24.ro\/index.php\/2022\/10\/24\/romania-sta-mai-bine-decat-franta-la-reciclarea-deseurilor-de-ambalaje-din-plastic\/","url":"https:\/\/www.green24.ro\/index.php\/2022\/10\/24\/romania-sta-mai-bine-decat-franta-la-reciclarea-deseurilor-de-ambalaje-din-plastic\/","name":"Rom\u00e2nia st\u0103 mai bine dec\u00e2t Fran\u021ba la reciclarea de\u0219eurilor de ambalaje din plastic - Green24.ro","isPartOf":{"@id":"https:\/\/www.green24.ro\/#website"},"primaryImageOfPage":{"@id":"https:\/\/www.green24.ro\/index.php\/2022\/10\/24\/romania-sta-mai-bine-decat-franta-la-reciclarea-deseurilor-de-ambalaje-din-plastic\/#primaryimage"},"image":{"@id":"https:\/\/www.green24.ro\/index.php\/2022\/10\/24\/romania-sta-mai-bine-decat-franta-la-reciclarea-deseurilor-de-ambalaje-din-plastic\/#primaryimage"},"thumbnailUrl":"https:\/\/www.green24.ro\/wp-content\/uploads\/2022\/10\/pexels-lisa-fotios-1933386.jpeg","datePublished":"2022-10-24T05:01:37+00:00","dateModified":"2022-10-24T05:01:40+00:00","description":"Potrivit datelor Eurostat, \u00een anul 2019, \u00een Rom\u00e2nia 31,1% din de\u015feurile de ambalaje din plastic au fost reciclate, fa\u0163\u0103 de 26,9% \u00een Fran\u0163a.\u00a0Eurostat precizeaz\u0103 c\u0103 \u00een cazul Rom\u00e2niei \u015fi Poloniei nu sunt disponibile date pentru anul 2020.","breadcrumb":{"@id":"https:\/\/www.green24.ro\/index.php\/2022\/10\/24\/romania-sta-mai-bine-decat-franta-la-reciclarea-deseurilor-de-ambalaje-din-plastic\/#breadcrumb"},"inLanguage":"en-US","potentialAction":[{"@type":"ReadAction","target":["https:\/\/www.green24.ro\/index.php\/2022\/10\/24\/romania-sta-mai-bine-decat-franta-la-reciclarea-deseurilor-de-ambalaje-din-plastic\/"]}]},{"@type":"ImageObject","inLanguage":"en-US","@id":"https:\/\/www.green24.ro\/index.php\/2022\/10\/24\/romania-sta-mai-bine-decat-franta-la-reciclarea-deseurilor-de-ambalaje-din-plastic\/#primaryimage","url":"https:\/\/www.green24.ro\/wp-content\/uploads\/2022\/10\/pexels-lisa-fotios-1933386.jpeg","contentUrl":"https:\/\/www.green24.ro\/wp-content\/uploads\/2022\/10\/pexels-lisa-fotios-1933386.jpeg","width":1280,"height":1918,"caption":"Rom\u00e2nia st\u0103 mai bine dec\u00e2t Fran\u021ba la reciclarea de\u0219eurilor"},{"@type":"BreadcrumbList","@id":"https:\/\/www.green24.ro\/index.php\/2022\/10\/24\/romania-sta-mai-bine-decat-franta-la-reciclarea-deseurilor-de-ambalaje-din-plastic\/#breadcrumb","itemListElement":[{"@type":"ListItem","position":1,"name":"Home","item":"https:\/\/www.green24.ro\/"},{"@type":"ListItem","position":2,"name":"Rom\u00e2nia st\u0103 mai bine dec\u00e2t Fran\u021ba la reciclarea de\u0219eurilor de ambalaje din plastic"}]},{"@type":"WebSite","@id":"https:\/\/www.green24.ro\/#website","url":"https:\/\/www.green24.ro\/","name":"Green24.ro","description":"Antreprenoriat verde si responsabilitatea social\u0103","publisher":{"@id":"https:\/\/www.green24.ro\/#organization"},"potentialAction":[{"@type":"SearchAction","target":{"@type":"EntryPoint","urlTemplate":"https:\/\/www.green24.ro\/?s={search_term_string}"},"query-input":{"@type":"PropertyValueSpecification","valueRequired":true,"valueName":"search_term_string"}}],"inLanguage":"en-US"},{"@type":"Organization","@id":"https:\/\/www.green24.ro\/#organization","name":"Green24","url":"https:\/\/www.green24.ro\/","logo":{"@type":"ImageObject","inLanguage":"en-US","@id":"https:\/\/www.green24.ro\/#\/schema\/logo\/image\/","url":"https:\/\/www.green24.ro\/wp-content\/uploads\/2022\/02\/green24-17-e1643806452346.png","contentUrl":"https:\/\/www.green24.ro\/wp-content\/uploads\/2022\/02\/green24-17-e1643806452346.png","width":174,"height":174,"caption":"Green24"},"image":{"@id":"https:\/\/www.green24.ro\/#\/schema\/logo\/image\/"},"sameAs":["https:\/\/www.facebook.com\/green24ro\/"]},{"@type":"Person","@id":"https:\/\/www.green24.ro\/#\/schema\/person\/607a8c12d4548837cb79d52bb2437572","name":"Redactia Green24","image":{"@type":"ImageObject","inLanguage":"en-US","@id":"https:\/\/www.green24.ro\/#\/schema\/person\/image\/","url":"https:\/\/secure.gravatar.com\/avatar\/c9f4d5614769dc0a9dfdfed961c82ea6?s=96&d=mm&r=g","contentUrl":"https:\/\/secure.gravatar.com\/avatar\/c9f4d5614769dc0a9dfdfed961c82ea6?s=96&d=mm&r=g","caption":"Redactia Green24"},"sameAs":["http:\/\/www.green24.ro"],"url":"https:\/\/www.green24.ro\/index.php\/author\/green24\/"}]}},"jetpack_publicize_connections":[],"jetpack_featured_media_url":"https:\/\/www.green24.ro\/wp-content\/uploads\/2022\/10\/pexels-lisa-fotios-1933386.jpeg","jetpack_sharing_enabled":true,"_links":{"self":[{"href":"https:\/\/www.green24.ro\/index.php\/wp-json\/wp\/v2\/posts\/1489","targetHints":{"allow":["GET"]}}],"collection":[{"href":"https:\/\/www.green24.ro\/index.php\/wp-json\/wp\/v2\/posts"}],"about":[{"href":"https:\/\/www.green24.ro\/index.php\/wp-json\/wp\/v2\/types\/post"}],"author":[{"embeddable":true,"href":"https:\/\/www.green24.ro\/index.php\/wp-json\/wp\/v2\/users\/3"}],"replies":[{"embeddable":true,"href":"https:\/\/www.green24.ro\/index.php\/wp-json\/wp\/v2\/comments?post=1489"}],"version-history":[{"count":1,"href":"https:\/\/www.green24.ro\/index.php\/wp-json\/wp\/v2\/posts\/1489\/revisions"}],"predecessor-version":[{"id":1491,"href":"https:\/\/www.green24.ro\/index.php\/wp-json\/wp\/v2\/posts\/1489\/revisions\/1491"}],"wp:featuredmedia":[{"embeddable":true,"href":"https:\/\/www.green24.ro\/index.php\/wp-json\/wp\/v2\/media\/1490"}],"wp:attachment":[{"href":"https:\/\/www.green24.ro\/index.php\/wp-json\/wp\/v2\/media?parent=1489"}],"wp:term":[{"taxonomy":"category","embeddable":true,"href":"https:\/\/www.green24.ro\/index.php\/wp-json\/wp\/v2\/categories?post=1489"},{"taxonomy":"post_tag","embeddable":true,"href":"https:\/\/www.green24.ro\/index.php\/wp-json\/wp\/v2\/tags?post=1489"}],"curies":[{"name":"wp","href":"https:\/\/api.w.org\/{rel}","templated":true}]}}