{"id":1482,"date":"2022-10-13T11:57:29","date_gmt":"2022-10-13T09:57:29","guid":{"rendered":"https:\/\/www.green24.ro\/?p=1482"},"modified":"2022-10-13T11:57:32","modified_gmt":"2022-10-13T09:57:32","slug":"cum-si-cand-se-va-calcula-reducerea-emisiilor-de-co2-in-urma-aplicarii-programelor-rabla","status":"publish","type":"post","link":"https:\/\/www.green24.ro\/index.php\/2022\/10\/13\/cum-si-cand-se-va-calcula-reducerea-emisiilor-de-co2-in-urma-aplicarii-programelor-rabla\/","title":{"rendered":"Cum \u0219i c\u00e2nd se va calcula reducerea emisiilor de CO2 \u00een urma aplic\u0103rii programelor Rabla"},"content":{"rendered":"<p style=\"text-align: justify;\"><strong>Administra\u021bia Fondului pentru Mediu (AFM) \u0219i-a propus s\u0103 scoat\u0103 din circula\u021bie 250.000 de rable p\u00e2n\u0103 \u00een 2026, \u00eens\u0103 nu poate evalua momentan care va fi impactul elimin\u0103rii acestora \u00een ceea ce prive\u0219te reducerea emisiilor de CO2 \u2013 dioxid de carbon.\u00a0<\/strong><\/p>\n<p style=\"text-align: justify;\">Evaluarea va putea fi totu\u0219i f\u0103cut\u0103, a spus Radu Dragomir, CEO al companiei Urban Scope Romania, \u00een cadrul Conferin\u021bei \u201eDecarbonificarea transporturilor \u0219i reducerea polu\u0103rii \u00een ora\u0219ele Rom\u00e2niei\u201d.<\/p>\n<p style=\"text-align: justify;\">\u201e<em>Calculul gazelor cu efect de ser\u0103 (GES) se poate face astfel: vedem c\u00e2te ma\u0219ini am scos din circulatie, vedem ce tipuri ma\u0219ini au fost cump\u0103rate \u0219i apoi se face un calcul rapid<\/em>\u201d, a explicat Radu Dragomir.<\/p>\n<p style=\"text-align: justify;\">Vicepre\u0219edintele AFM, Andrei Antipa, a subliniat \u00eens\u0103 c\u0103 autorit\u0103\u021bile nu pot face anticipat acest calcul \u00eentruc\u00e2t nu pot \u0219ti ce fel de ma\u0219ini urmeaz\u0103 a fi achizi\u021bionate cu voucherele primite \u00een cadrul programului. \u00cen plus, el a remarcat c\u0103 unii dintre participan\u021bii la program nici nu apuc\u0103 s\u0103 \u00ee\u0219i foloseasc\u0103 voucherele primite, iar acestea expir\u0103 dup\u0103 300 de zile.<\/p>\n<p style=\"text-align: justify;\"><strong>\u201e<\/strong><em>Este foarte dificil de stabilit o cantitate anume sau o valoare anume pentru c\u0103 programul e destinat \u00een primul r\u00e2nd celor care cump\u0103r\u0103 ma\u0219ini electrice sau hibrid. Nu avem cum s\u0103 \u0219tim dac\u0103 vor fi to\u021bi cu ma\u0219ini electrice sau hibrid<\/em>\u201d, a declarat Antipa, \u00een cadrul conferin\u021bei. Principalul indicator de performan\u021b\u0103 pe care AFM l-a folosit a fost cel legat de ma\u0219inile cump\u0103rate.<\/p>\n<p style=\"text-align: justify;\">\u00cen ceea ce prive\u0219te programul Rabla Local, care a fost am\u00e2nat din nou, de data aceasta pentru 11 noiembrie, Antipa a spus c\u0103 cet\u0103\u021benii vor putea preda autoturisme vechi, f\u0103r\u0103 a fi nevoi\u021bi s\u0103 achizi\u021bioneze unele nou.<\/p>\n<p style=\"text-align: justify;\">\u201e<em>Avem experien\u021b\u0103 de c\u00e2\u021biva ani pe programele Rabla. Chiar dac\u0103 le \u00eenlocuim cu ma\u0219ini noi, \u00een ora\u0219e poluarea se reduce. Noi dorim ca p\u00e2n\u0103 \u00een 2026, conform discu\u021biilor cu UE s\u0103 scoatem din circula\u021bie 250.000 de rable. De aceea \u0219i aceast\u0103 idee cu Rabla Local pentru c\u0103 sunt mul\u021bi care nu doresc s\u0103 schimbe ma\u0219ini sau nu-\u0219i permit s\u0103 le schimbe \u2013 pentru c\u0103 ma\u0219inile electrice sau chiar hibrid sunt destul de costisitoare \u2013 \u0219i atunci vor avea posibilitatea s\u0103 le predea contra unei sume de 3.000 de lei<\/em>\u201d, a spus vicepre\u0219edintele AFM.<\/p>\n<p style=\"text-align: justify;\">Prezent la conferin\u021b\u0103, primarul Timi\u0219oarei, Dominic Fritz, a spus c\u0103 programul Rabla Local este momentan o povar\u0103 pentru bugete pentru c\u0103 UAT-urile nu au prev\u0103zut bani, chiar dac\u0103 participa\u021bia acestora a sc\u0103zut la 20%, adic\u0103 600 lei\/ rabl\u0103. Ini\u021bial, prim\u0103riile ar fi trebuit s\u0103 pl\u0103teasc\u0103 jum\u0103tate, adic\u0103 1.500 lei \/ rabl\u0103, \u00eens\u0103 edilii s-au opus m\u0103surii.<\/p>\n<p style=\"text-align: justify;\">Fritz a men\u021bionat c\u0103 Prim\u0103ria Timi\u0219oara vrea s\u0103 participe la program, chiar dac\u0103 nu are \u00eenc\u0103 banii necesari, \u0219i c\u0103 partiparea se va face \u00een etape.<\/p>\n<p style=\"text-align: justify;\">\u201e<em>Avem interes s\u0103 scoatem rablele din trafic sau de pe marginea drumului. (\u2026) E greu de spus c\u00e2te ma\u0219ini sunt abandonate. Noi ridic\u0103m \u00een jur de o mie de ma\u0219ini anual de pe marginea drumului \u0219i le cas\u0103m<\/em>\u201d, a spus edilul timi\u0219orean.<\/p>\n<p style=\"text-align: justify;\">Fostul City manager al Capitalei, Sorin Chiri\u021b\u0103, pre\u0219edintele Asocia\u021biei pentru Dezvoltare Regional\u0103 \u0219i Politici Europene, a subliniat necesitatea extinderea transportului public inclusiv c\u0103tre zonele metropolitane pentru reducerea polu\u0103rii \u00een ora\u0219e. \u00cen acest fel ar fi redus at\u00e2t traficul produs de cei care vin din zona cartierelor-dormitor, dar \u0219i din localit\u0103\u021bile \u00eenvecinate marilor ora\u0219e precum Bucure\u0219ti, Cluj-Napoca sau Timi\u0219oara.<\/p>\n<p style=\"text-align: justify;\">\u201e<em>C\u0103 vrem, c\u0103 nu vrem \u00een jurul marilor ora\u0219e \u2013 Bucure\u0219ti, Timi\u0219oara, Cluj, oamenii vin \u00een fiecare zi la munc\u0103 \u00een interiorul municipiului \u0219i practic extinderea transportului, nu e suficient s\u0103 creezi culoare \u00een interior, ci extinderea \u00een exterior. \u00cen 2017, c\u00e2nd la nivelul Municipiului Bucure\u0219ti am extins transportul pe toat\u0103 zona metropolitan\u0103, am avut mul\u021bi oponen\u021bi. (\u2026) S-a dovedit c\u0103 o astfel de abordare metropolitan\u0103 a mai temperat dorin\u021ba de a merge cu ma\u0219ina<\/em>\u201d, a afirmat Chiri\u021b\u0103, \u00een cadrul Conferin\u021bei.<\/p>\n<p style=\"text-align: justify;\">Pe de alt\u0103 parte, el a atras aten\u021bia c\u0103 transportul public trebuie g\u00e2ndit complementar celui individual, iar \u00een acest sens trebuie ca oamenii s\u0103 aib\u0103 acces la autobuze, tramvaie etc. inclusiv prin trasee pietonale sau de biciclete. Totu\u0219i, Chiri\u021b\u0103 a ad\u0103ugat c\u0103 sus\u021bine \u00een continuare ideea unei taxe de poluare \u00een centrul Capitalei. \u201e<em>S\u0103 g\u00e2ndim transportul public complementar celui individual\/ personal. Nu trebuie s\u0103 \u00eel excludem pe cel personal. Dac\u0103 punem limite de acces \u00een centru \u2013 da, e un fel de tax\u0103 de poluare \u2013 toate ma\u0219inile sub Euro 3 s\u0103 pl\u0103teasc\u0103. Dac\u0103 vrei intri \u00een centrul Capitalei, \u00eenseamn\u0103 c\u0103 \u00ee\u021bi permi\u021bi<\/em>\u201d, a completat el.<\/p>\n<pre>sursa: <a href=\"https:\/\/green-report.ro\/cum-si-cand-se-va-calcula-reducerea-emisiilor-de-co2-in-urma-aplicarii-programelor-rabla\/\">green-report<\/a><\/pre>\n","protected":false},"excerpt":{"rendered":"<p>Administra\u021bia Fondului pentru Mediu (AFM) \u0219i-a propus s\u0103 scoat\u0103 din circula\u021bie 250.000 de rable p\u00e2n\u0103 \u00een 2026, \u00eens\u0103 nu poate evalua momentan care va fi impactul elimin\u0103rii acestora \u00een ceea ce prive\u0219te reducerea emisiilor de CO2 \u2013 dioxid de carbon.\u00a0 Evaluarea va putea fi totu\u0219i f\u0103cut\u0103, a spus Radu Dragomir, [&hellip;]<\/p>\n","protected":false},"author":3,"featured_media":1483,"comment_status":"open","ping_status":"open","sticky":false,"template":"","format":"standard","meta":{"content-type":"","footnotes":"","jetpack_publicize_message":"","jetpack_publicize_feature_enabled":true,"jetpack_social_post_already_shared":true,"jetpack_social_options":{"image_generator_settings":{"template":"highway","default_image_id":0,"font":"","enabled":false},"version":2}},"categories":[5,9,1,3,6,10],"tags":[],"class_list":["post-1482","post","type-post","status-publish","format-standard","has-post-thumbnail","hentry","category-blog","category-company","category-general","category-legislatie","category-prime","category-slide"],"yoast_head":"<!-- This site is optimized with the Yoast SEO plugin v24.9 - https:\/\/yoast.com\/wordpress\/plugins\/seo\/ -->\n<title>Cum \u0219i c\u00e2nd se va calcula reducerea emisiilor de CO2 \u00een urma aplic\u0103rii programelor Rabla - Green24.ro<\/title>\n<meta name=\"description\" content=\"Administra\u021bia Fondului pentru Mediu (AFM) \u0219i-a propus s\u0103 scoat\u0103 din circula\u021bie 250.000 de rable p\u00e2n\u0103 \u00een 2026, \u00eens\u0103 nu poate evalua momentan care va fi impactul elimin\u0103rii acestora \u00een ceea ce prive\u0219te reducerea emisiilor de CO2 \u2013 dioxid de carbon.\" \/>\n<meta name=\"robots\" content=\"index, follow, max-snippet:-1, max-image-preview:large, max-video-preview:-1\" \/>\n<link rel=\"canonical\" href=\"https:\/\/www.green24.ro\/index.php\/2022\/10\/13\/cum-si-cand-se-va-calcula-reducerea-emisiilor-de-co2-in-urma-aplicarii-programelor-rabla\/\" \/>\n<meta property=\"og:locale\" content=\"en_US\" \/>\n<meta property=\"og:type\" content=\"article\" \/>\n<meta property=\"og:title\" content=\"Cum \u0219i c\u00e2nd se va calcula reducerea emisiilor de CO2 \u00een urma aplic\u0103rii programelor Rabla - Green24.ro\" \/>\n<meta property=\"og:description\" content=\"Administra\u021bia Fondului pentru Mediu (AFM) \u0219i-a propus s\u0103 scoat\u0103 din circula\u021bie 250.000 de rable p\u00e2n\u0103 \u00een 2026, \u00eens\u0103 nu poate evalua momentan care va fi impactul elimin\u0103rii acestora \u00een ceea ce prive\u0219te reducerea emisiilor de CO2 \u2013 dioxid de carbon.\" \/>\n<meta property=\"og:url\" content=\"https:\/\/www.green24.ro\/index.php\/2022\/10\/13\/cum-si-cand-se-va-calcula-reducerea-emisiilor-de-co2-in-urma-aplicarii-programelor-rabla\/\" \/>\n<meta property=\"og:site_name\" content=\"Green24.ro\" \/>\n<meta property=\"article:publisher\" content=\"https:\/\/www.facebook.com\/green24ro\/\" \/>\n<meta property=\"article:published_time\" content=\"2022-10-13T09:57:29+00:00\" \/>\n<meta property=\"article:modified_time\" content=\"2022-10-13T09:57:32+00:00\" \/>\n<meta property=\"og:image\" content=\"https:\/\/www.green24.ro\/wp-content\/uploads\/2022\/10\/Cum-se-calculeaza-limitele-CO2-floteauto.ro-3.jpg\" \/>\n\t<meta property=\"og:image:width\" content=\"1139\" \/>\n\t<meta property=\"og:image:height\" content=\"523\" \/>\n\t<meta property=\"og:image:type\" content=\"image\/jpeg\" \/>\n<meta name=\"author\" content=\"Redactia Green24\" \/>\n<meta name=\"twitter:card\" content=\"summary_large_image\" \/>\n<meta name=\"twitter:label1\" content=\"Written by\" \/>\n\t<meta name=\"twitter:data1\" content=\"Redactia Green24\" \/>\n\t<meta name=\"twitter:label2\" content=\"Est. reading time\" \/>\n\t<meta name=\"twitter:data2\" content=\"4 minutes\" \/>\n<script type=\"application\/ld+json\" class=\"yoast-schema-graph\">{\"@context\":\"https:\/\/schema.org\",\"@graph\":[{\"@type\":\"Article\",\"@id\":\"https:\/\/www.green24.ro\/index.php\/2022\/10\/13\/cum-si-cand-se-va-calcula-reducerea-emisiilor-de-co2-in-urma-aplicarii-programelor-rabla\/#article\",\"isPartOf\":{\"@id\":\"https:\/\/www.green24.ro\/index.php\/2022\/10\/13\/cum-si-cand-se-va-calcula-reducerea-emisiilor-de-co2-in-urma-aplicarii-programelor-rabla\/\"},\"author\":{\"name\":\"Redactia Green24\",\"@id\":\"https:\/\/www.green24.ro\/#\/schema\/person\/607a8c12d4548837cb79d52bb2437572\"},\"headline\":\"Cum \u0219i c\u00e2nd se va calcula reducerea emisiilor de CO2 \u00een urma aplic\u0103rii programelor Rabla\",\"datePublished\":\"2022-10-13T09:57:29+00:00\",\"dateModified\":\"2022-10-13T09:57:32+00:00\",\"mainEntityOfPage\":{\"@id\":\"https:\/\/www.green24.ro\/index.php\/2022\/10\/13\/cum-si-cand-se-va-calcula-reducerea-emisiilor-de-co2-in-urma-aplicarii-programelor-rabla\/\"},\"wordCount\":813,\"commentCount\":0,\"publisher\":{\"@id\":\"https:\/\/www.green24.ro\/#organization\"},\"image\":{\"@id\":\"https:\/\/www.green24.ro\/index.php\/2022\/10\/13\/cum-si-cand-se-va-calcula-reducerea-emisiilor-de-co2-in-urma-aplicarii-programelor-rabla\/#primaryimage\"},\"thumbnailUrl\":\"https:\/\/www.green24.ro\/wp-content\/uploads\/2022\/10\/Cum-se-calculeaza-limitele-CO2-floteauto.ro-3.jpg\",\"articleSection\":[\"Blog\",\"Company\",\"General\",\"Legislatie\",\"Prime\",\"Slide\"],\"inLanguage\":\"en-US\",\"potentialAction\":[{\"@type\":\"CommentAction\",\"name\":\"Comment\",\"target\":[\"https:\/\/www.green24.ro\/index.php\/2022\/10\/13\/cum-si-cand-se-va-calcula-reducerea-emisiilor-de-co2-in-urma-aplicarii-programelor-rabla\/#respond\"]}]},{\"@type\":\"WebPage\",\"@id\":\"https:\/\/www.green24.ro\/index.php\/2022\/10\/13\/cum-si-cand-se-va-calcula-reducerea-emisiilor-de-co2-in-urma-aplicarii-programelor-rabla\/\",\"url\":\"https:\/\/www.green24.ro\/index.php\/2022\/10\/13\/cum-si-cand-se-va-calcula-reducerea-emisiilor-de-co2-in-urma-aplicarii-programelor-rabla\/\",\"name\":\"Cum \u0219i c\u00e2nd se va calcula reducerea emisiilor de CO2 \u00een urma aplic\u0103rii programelor Rabla - Green24.ro\",\"isPartOf\":{\"@id\":\"https:\/\/www.green24.ro\/#website\"},\"primaryImageOfPage\":{\"@id\":\"https:\/\/www.green24.ro\/index.php\/2022\/10\/13\/cum-si-cand-se-va-calcula-reducerea-emisiilor-de-co2-in-urma-aplicarii-programelor-rabla\/#primaryimage\"},\"image\":{\"@id\":\"https:\/\/www.green24.ro\/index.php\/2022\/10\/13\/cum-si-cand-se-va-calcula-reducerea-emisiilor-de-co2-in-urma-aplicarii-programelor-rabla\/#primaryimage\"},\"thumbnailUrl\":\"https:\/\/www.green24.ro\/wp-content\/uploads\/2022\/10\/Cum-se-calculeaza-limitele-CO2-floteauto.ro-3.jpg\",\"datePublished\":\"2022-10-13T09:57:29+00:00\",\"dateModified\":\"2022-10-13T09:57:32+00:00\",\"description\":\"Administra\u021bia Fondului pentru Mediu (AFM) \u0219i-a propus s\u0103 scoat\u0103 din circula\u021bie 250.000 de rable p\u00e2n\u0103 \u00een 2026, \u00eens\u0103 nu poate evalua momentan care va fi impactul elimin\u0103rii acestora \u00een ceea ce prive\u0219te reducerea emisiilor de CO2 \u2013 dioxid de carbon.\",\"breadcrumb\":{\"@id\":\"https:\/\/www.green24.ro\/index.php\/2022\/10\/13\/cum-si-cand-se-va-calcula-reducerea-emisiilor-de-co2-in-urma-aplicarii-programelor-rabla\/#breadcrumb\"},\"inLanguage\":\"en-US\",\"potentialAction\":[{\"@type\":\"ReadAction\",\"target\":[\"https:\/\/www.green24.ro\/index.php\/2022\/10\/13\/cum-si-cand-se-va-calcula-reducerea-emisiilor-de-co2-in-urma-aplicarii-programelor-rabla\/\"]}]},{\"@type\":\"ImageObject\",\"inLanguage\":\"en-US\",\"@id\":\"https:\/\/www.green24.ro\/index.php\/2022\/10\/13\/cum-si-cand-se-va-calcula-reducerea-emisiilor-de-co2-in-urma-aplicarii-programelor-rabla\/#primaryimage\",\"url\":\"https:\/\/www.green24.ro\/wp-content\/uploads\/2022\/10\/Cum-se-calculeaza-limitele-CO2-floteauto.ro-3.jpg\",\"contentUrl\":\"https:\/\/www.green24.ro\/wp-content\/uploads\/2022\/10\/Cum-se-calculeaza-limitele-CO2-floteauto.ro-3.jpg\",\"width\":1139,\"height\":523,\"caption\":\"Cum \u0219i c\u00e2nd se va calcula reducerea emisiilor de CO2\"},{\"@type\":\"BreadcrumbList\",\"@id\":\"https:\/\/www.green24.ro\/index.php\/2022\/10\/13\/cum-si-cand-se-va-calcula-reducerea-emisiilor-de-co2-in-urma-aplicarii-programelor-rabla\/#breadcrumb\",\"itemListElement\":[{\"@type\":\"ListItem\",\"position\":1,\"name\":\"Home\",\"item\":\"https:\/\/www.green24.ro\/\"},{\"@type\":\"ListItem\",\"position\":2,\"name\":\"Cum \u0219i c\u00e2nd se va calcula reducerea emisiilor de CO2 \u00een urma aplic\u0103rii programelor Rabla\"}]},{\"@type\":\"WebSite\",\"@id\":\"https:\/\/www.green24.ro\/#website\",\"url\":\"https:\/\/www.green24.ro\/\",\"name\":\"Green24.ro\",\"description\":\"Antreprenoriat verde si responsabilitatea social\u0103\",\"publisher\":{\"@id\":\"https:\/\/www.green24.ro\/#organization\"},\"potentialAction\":[{\"@type\":\"SearchAction\",\"target\":{\"@type\":\"EntryPoint\",\"urlTemplate\":\"https:\/\/www.green24.ro\/?s={search_term_string}\"},\"query-input\":{\"@type\":\"PropertyValueSpecification\",\"valueRequired\":true,\"valueName\":\"search_term_string\"}}],\"inLanguage\":\"en-US\"},{\"@type\":\"Organization\",\"@id\":\"https:\/\/www.green24.ro\/#organization\",\"name\":\"Green24\",\"url\":\"https:\/\/www.green24.ro\/\",\"logo\":{\"@type\":\"ImageObject\",\"inLanguage\":\"en-US\",\"@id\":\"https:\/\/www.green24.ro\/#\/schema\/logo\/image\/\",\"url\":\"https:\/\/www.green24.ro\/wp-content\/uploads\/2022\/02\/green24-17-e1643806452346.png\",\"contentUrl\":\"https:\/\/www.green24.ro\/wp-content\/uploads\/2022\/02\/green24-17-e1643806452346.png\",\"width\":174,\"height\":174,\"caption\":\"Green24\"},\"image\":{\"@id\":\"https:\/\/www.green24.ro\/#\/schema\/logo\/image\/\"},\"sameAs\":[\"https:\/\/www.facebook.com\/green24ro\/\"]},{\"@type\":\"Person\",\"@id\":\"https:\/\/www.green24.ro\/#\/schema\/person\/607a8c12d4548837cb79d52bb2437572\",\"name\":\"Redactia Green24\",\"image\":{\"@type\":\"ImageObject\",\"inLanguage\":\"en-US\",\"@id\":\"https:\/\/www.green24.ro\/#\/schema\/person\/image\/\",\"url\":\"https:\/\/secure.gravatar.com\/avatar\/c9f4d5614769dc0a9dfdfed961c82ea6?s=96&d=mm&r=g\",\"contentUrl\":\"https:\/\/secure.gravatar.com\/avatar\/c9f4d5614769dc0a9dfdfed961c82ea6?s=96&d=mm&r=g\",\"caption\":\"Redactia Green24\"},\"sameAs\":[\"http:\/\/www.green24.ro\"],\"url\":\"https:\/\/www.green24.ro\/index.php\/author\/green24\/\"}]}<\/script>\n<!-- \/ Yoast SEO plugin. -->","yoast_head_json":{"title":"Cum \u0219i c\u00e2nd se va calcula reducerea emisiilor de CO2 \u00een urma aplic\u0103rii programelor Rabla - Green24.ro","description":"Administra\u021bia Fondului pentru Mediu (AFM) \u0219i-a propus s\u0103 scoat\u0103 din circula\u021bie 250.000 de rable p\u00e2n\u0103 \u00een 2026, \u00eens\u0103 nu poate evalua momentan care va fi impactul elimin\u0103rii acestora \u00een ceea ce prive\u0219te reducerea emisiilor de CO2 \u2013 dioxid de carbon.","robots":{"index":"index","follow":"follow","max-snippet":"max-snippet:-1","max-image-preview":"max-image-preview:large","max-video-preview":"max-video-preview:-1"},"canonical":"https:\/\/www.green24.ro\/index.php\/2022\/10\/13\/cum-si-cand-se-va-calcula-reducerea-emisiilor-de-co2-in-urma-aplicarii-programelor-rabla\/","og_locale":"en_US","og_type":"article","og_title":"Cum \u0219i c\u00e2nd se va calcula reducerea emisiilor de CO2 \u00een urma aplic\u0103rii programelor Rabla - Green24.ro","og_description":"Administra\u021bia Fondului pentru Mediu (AFM) \u0219i-a propus s\u0103 scoat\u0103 din circula\u021bie 250.000 de rable p\u00e2n\u0103 \u00een 2026, \u00eens\u0103 nu poate evalua momentan care va fi impactul elimin\u0103rii acestora \u00een ceea ce prive\u0219te reducerea emisiilor de CO2 \u2013 dioxid de carbon.","og_url":"https:\/\/www.green24.ro\/index.php\/2022\/10\/13\/cum-si-cand-se-va-calcula-reducerea-emisiilor-de-co2-in-urma-aplicarii-programelor-rabla\/","og_site_name":"Green24.ro","article_publisher":"https:\/\/www.facebook.com\/green24ro\/","article_published_time":"2022-10-13T09:57:29+00:00","article_modified_time":"2022-10-13T09:57:32+00:00","og_image":[{"width":1139,"height":523,"url":"https:\/\/www.green24.ro\/wp-content\/uploads\/2022\/10\/Cum-se-calculeaza-limitele-CO2-floteauto.ro-3.jpg","type":"image\/jpeg"}],"author":"Redactia Green24","twitter_card":"summary_large_image","twitter_misc":{"Written by":"Redactia Green24","Est. reading time":"4 minutes"},"schema":{"@context":"https:\/\/schema.org","@graph":[{"@type":"Article","@id":"https:\/\/www.green24.ro\/index.php\/2022\/10\/13\/cum-si-cand-se-va-calcula-reducerea-emisiilor-de-co2-in-urma-aplicarii-programelor-rabla\/#article","isPartOf":{"@id":"https:\/\/www.green24.ro\/index.php\/2022\/10\/13\/cum-si-cand-se-va-calcula-reducerea-emisiilor-de-co2-in-urma-aplicarii-programelor-rabla\/"},"author":{"name":"Redactia Green24","@id":"https:\/\/www.green24.ro\/#\/schema\/person\/607a8c12d4548837cb79d52bb2437572"},"headline":"Cum \u0219i c\u00e2nd se va calcula reducerea emisiilor de CO2 \u00een urma aplic\u0103rii programelor Rabla","datePublished":"2022-10-13T09:57:29+00:00","dateModified":"2022-10-13T09:57:32+00:00","mainEntityOfPage":{"@id":"https:\/\/www.green24.ro\/index.php\/2022\/10\/13\/cum-si-cand-se-va-calcula-reducerea-emisiilor-de-co2-in-urma-aplicarii-programelor-rabla\/"},"wordCount":813,"commentCount":0,"publisher":{"@id":"https:\/\/www.green24.ro\/#organization"},"image":{"@id":"https:\/\/www.green24.ro\/index.php\/2022\/10\/13\/cum-si-cand-se-va-calcula-reducerea-emisiilor-de-co2-in-urma-aplicarii-programelor-rabla\/#primaryimage"},"thumbnailUrl":"https:\/\/www.green24.ro\/wp-content\/uploads\/2022\/10\/Cum-se-calculeaza-limitele-CO2-floteauto.ro-3.jpg","articleSection":["Blog","Company","General","Legislatie","Prime","Slide"],"inLanguage":"en-US","potentialAction":[{"@type":"CommentAction","name":"Comment","target":["https:\/\/www.green24.ro\/index.php\/2022\/10\/13\/cum-si-cand-se-va-calcula-reducerea-emisiilor-de-co2-in-urma-aplicarii-programelor-rabla\/#respond"]}]},{"@type":"WebPage","@id":"https:\/\/www.green24.ro\/index.php\/2022\/10\/13\/cum-si-cand-se-va-calcula-reducerea-emisiilor-de-co2-in-urma-aplicarii-programelor-rabla\/","url":"https:\/\/www.green24.ro\/index.php\/2022\/10\/13\/cum-si-cand-se-va-calcula-reducerea-emisiilor-de-co2-in-urma-aplicarii-programelor-rabla\/","name":"Cum \u0219i c\u00e2nd se va calcula reducerea emisiilor de CO2 \u00een urma aplic\u0103rii programelor Rabla - Green24.ro","isPartOf":{"@id":"https:\/\/www.green24.ro\/#website"},"primaryImageOfPage":{"@id":"https:\/\/www.green24.ro\/index.php\/2022\/10\/13\/cum-si-cand-se-va-calcula-reducerea-emisiilor-de-co2-in-urma-aplicarii-programelor-rabla\/#primaryimage"},"image":{"@id":"https:\/\/www.green24.ro\/index.php\/2022\/10\/13\/cum-si-cand-se-va-calcula-reducerea-emisiilor-de-co2-in-urma-aplicarii-programelor-rabla\/#primaryimage"},"thumbnailUrl":"https:\/\/www.green24.ro\/wp-content\/uploads\/2022\/10\/Cum-se-calculeaza-limitele-CO2-floteauto.ro-3.jpg","datePublished":"2022-10-13T09:57:29+00:00","dateModified":"2022-10-13T09:57:32+00:00","description":"Administra\u021bia Fondului pentru Mediu (AFM) \u0219i-a propus s\u0103 scoat\u0103 din circula\u021bie 250.000 de rable p\u00e2n\u0103 \u00een 2026, \u00eens\u0103 nu poate evalua momentan care va fi impactul elimin\u0103rii acestora \u00een ceea ce prive\u0219te reducerea emisiilor de CO2 \u2013 dioxid de carbon.","breadcrumb":{"@id":"https:\/\/www.green24.ro\/index.php\/2022\/10\/13\/cum-si-cand-se-va-calcula-reducerea-emisiilor-de-co2-in-urma-aplicarii-programelor-rabla\/#breadcrumb"},"inLanguage":"en-US","potentialAction":[{"@type":"ReadAction","target":["https:\/\/www.green24.ro\/index.php\/2022\/10\/13\/cum-si-cand-se-va-calcula-reducerea-emisiilor-de-co2-in-urma-aplicarii-programelor-rabla\/"]}]},{"@type":"ImageObject","inLanguage":"en-US","@id":"https:\/\/www.green24.ro\/index.php\/2022\/10\/13\/cum-si-cand-se-va-calcula-reducerea-emisiilor-de-co2-in-urma-aplicarii-programelor-rabla\/#primaryimage","url":"https:\/\/www.green24.ro\/wp-content\/uploads\/2022\/10\/Cum-se-calculeaza-limitele-CO2-floteauto.ro-3.jpg","contentUrl":"https:\/\/www.green24.ro\/wp-content\/uploads\/2022\/10\/Cum-se-calculeaza-limitele-CO2-floteauto.ro-3.jpg","width":1139,"height":523,"caption":"Cum \u0219i c\u00e2nd se va calcula reducerea emisiilor de CO2"},{"@type":"BreadcrumbList","@id":"https:\/\/www.green24.ro\/index.php\/2022\/10\/13\/cum-si-cand-se-va-calcula-reducerea-emisiilor-de-co2-in-urma-aplicarii-programelor-rabla\/#breadcrumb","itemListElement":[{"@type":"ListItem","position":1,"name":"Home","item":"https:\/\/www.green24.ro\/"},{"@type":"ListItem","position":2,"name":"Cum \u0219i c\u00e2nd se va calcula reducerea emisiilor de CO2 \u00een urma aplic\u0103rii programelor Rabla"}]},{"@type":"WebSite","@id":"https:\/\/www.green24.ro\/#website","url":"https:\/\/www.green24.ro\/","name":"Green24.ro","description":"Antreprenoriat verde si responsabilitatea social\u0103","publisher":{"@id":"https:\/\/www.green24.ro\/#organization"},"potentialAction":[{"@type":"SearchAction","target":{"@type":"EntryPoint","urlTemplate":"https:\/\/www.green24.ro\/?s={search_term_string}"},"query-input":{"@type":"PropertyValueSpecification","valueRequired":true,"valueName":"search_term_string"}}],"inLanguage":"en-US"},{"@type":"Organization","@id":"https:\/\/www.green24.ro\/#organization","name":"Green24","url":"https:\/\/www.green24.ro\/","logo":{"@type":"ImageObject","inLanguage":"en-US","@id":"https:\/\/www.green24.ro\/#\/schema\/logo\/image\/","url":"https:\/\/www.green24.ro\/wp-content\/uploads\/2022\/02\/green24-17-e1643806452346.png","contentUrl":"https:\/\/www.green24.ro\/wp-content\/uploads\/2022\/02\/green24-17-e1643806452346.png","width":174,"height":174,"caption":"Green24"},"image":{"@id":"https:\/\/www.green24.ro\/#\/schema\/logo\/image\/"},"sameAs":["https:\/\/www.facebook.com\/green24ro\/"]},{"@type":"Person","@id":"https:\/\/www.green24.ro\/#\/schema\/person\/607a8c12d4548837cb79d52bb2437572","name":"Redactia Green24","image":{"@type":"ImageObject","inLanguage":"en-US","@id":"https:\/\/www.green24.ro\/#\/schema\/person\/image\/","url":"https:\/\/secure.gravatar.com\/avatar\/c9f4d5614769dc0a9dfdfed961c82ea6?s=96&d=mm&r=g","contentUrl":"https:\/\/secure.gravatar.com\/avatar\/c9f4d5614769dc0a9dfdfed961c82ea6?s=96&d=mm&r=g","caption":"Redactia Green24"},"sameAs":["http:\/\/www.green24.ro"],"url":"https:\/\/www.green24.ro\/index.php\/author\/green24\/"}]}},"jetpack_publicize_connections":[],"jetpack_featured_media_url":"https:\/\/www.green24.ro\/wp-content\/uploads\/2022\/10\/Cum-se-calculeaza-limitele-CO2-floteauto.ro-3.jpg","jetpack_sharing_enabled":true,"_links":{"self":[{"href":"https:\/\/www.green24.ro\/index.php\/wp-json\/wp\/v2\/posts\/1482","targetHints":{"allow":["GET"]}}],"collection":[{"href":"https:\/\/www.green24.ro\/index.php\/wp-json\/wp\/v2\/posts"}],"about":[{"href":"https:\/\/www.green24.ro\/index.php\/wp-json\/wp\/v2\/types\/post"}],"author":[{"embeddable":true,"href":"https:\/\/www.green24.ro\/index.php\/wp-json\/wp\/v2\/users\/3"}],"replies":[{"embeddable":true,"href":"https:\/\/www.green24.ro\/index.php\/wp-json\/wp\/v2\/comments?post=1482"}],"version-history":[{"count":1,"href":"https:\/\/www.green24.ro\/index.php\/wp-json\/wp\/v2\/posts\/1482\/revisions"}],"predecessor-version":[{"id":1484,"href":"https:\/\/www.green24.ro\/index.php\/wp-json\/wp\/v2\/posts\/1482\/revisions\/1484"}],"wp:featuredmedia":[{"embeddable":true,"href":"https:\/\/www.green24.ro\/index.php\/wp-json\/wp\/v2\/media\/1483"}],"wp:attachment":[{"href":"https:\/\/www.green24.ro\/index.php\/wp-json\/wp\/v2\/media?parent=1482"}],"wp:term":[{"taxonomy":"category","embeddable":true,"href":"https:\/\/www.green24.ro\/index.php\/wp-json\/wp\/v2\/categories?post=1482"},{"taxonomy":"post_tag","embeddable":true,"href":"https:\/\/www.green24.ro\/index.php\/wp-json\/wp\/v2\/tags?post=1482"}],"curies":[{"name":"wp","href":"https:\/\/api.w.org\/{rel}","templated":true}]}}