{"id":1436,"date":"2022-09-22T12:31:13","date_gmt":"2022-09-22T10:31:13","guid":{"rendered":"https:\/\/www.green24.ro\/?p=1436"},"modified":"2022-09-22T12:31:16","modified_gmt":"2022-09-22T10:31:16","slug":"scenarii-climatice-pentru-romania-2030","status":"publish","type":"post","link":"https:\/\/www.green24.ro\/index.php\/2022\/09\/22\/scenarii-climatice-pentru-romania-2030\/","title":{"rendered":"Scenarii climatice pentru Romania 2030"},"content":{"rendered":"<p style=\"text-align: justify;\">Peste 120 de reprezenta\u0163i-cheie ai sistemului public, privat, civic \u015fi academic dezbat, pe 21 \u015fi 22 septembrie, \u00een cadrul a opt grupuri de lucru tehnice scenariile climatice pentru Rom\u00e2nia anului 2030, iar concluziile vor fi incluse \u00eentr-un raport ce va fi lansat \u00een luna decembrie a acestui an.<\/p>\n<p style=\"text-align: justify;\">&#8220;Speran\u0163a noastr\u0103 este ca aceste grupuri de lucru s\u0103 genereze scenarii plauzibile \u015fi solu\u0163ii reale la provoc\u0103rile specifice fiec\u0103rui domeniu vizat, astfel \u00eenc\u00e2t Rom\u00e2nia anului 2030 s\u0103 fie una mai prietenoas\u0103 cu mediul \u015fi cu mai mult\u0103 grij\u0103 pentru viitor. Colaborarea este singurul mijloc prin care putem atinge acest obiectiv. De aceea, ne dorim ca aceste sesiuni s\u0103 aduc\u0103 \u00eempreun\u0103 oameni cu scopuri comune, dar din medii relativ neconectate \u015fi s\u0103 faciliteze noi parteneriate \u00eentre ace\u015ftia&#8221;, a declarat Ciprian St\u0103nescu, pre\u015fedintele Social Innovation Solutions (SIS), organiza\u0163ie activ\u0103 \u00een sustenabilitate, impact social \u015fi inova\u0163ie.<\/p>\n<p style=\"text-align: justify;\">Sesiunile de lucru vor avea loc la Palatul Victoria, iar printre cei care vor lua parte la discu\u0163ii se afl\u0103: Ana Gheorghiu (Bayer), Florian Ciolacu (Clubul Fermierilor Rom\u00e2ni), Ionu\u0163 Georgescu (Fepra), Silvia Dinic\u0103 (Senator), \u015eerban Stoica (Green Group), Bogdan Giubega (Transelectrica), Mihai Macarie (Centrul Rom\u00e2n al Energiei), Anca Dragu (Senator), C\u0103t\u0103lin Gugiu (London Stock Exchange Group), Johan Gabriels (BEROCC), Remus D\u0103nil\u0103 (Bursa de Valori Bucure\u015fti), Iuliana Tiba (BRD Groupe Socie\u011a\u0081te\u011a\u0081 Ge\u011a\u0081ne\u011a\u0081rale), Orieta Hulea (WWF), Ana-Maria Stancu (Bucharest Promo Robots), Drago\u015f Fundulea (Roland Berger), Radu Puchiu (H.appyCities), Teodora Vas\u00e2lca-Cimpoi (NewsEnergy); Alexandra Toderi\u0163\u0103 (CRPE), Alexandru Ciuncan (UNSAR), Teia Ciulacu (Viitor Plus) \u015fi Teodora Ghenciu (eEco).<\/p>\n<p style=\"text-align: justify;\">Proiectul &#8220;Scenarii Climatice pentru Rom\u00e2nia 2030&#8221; are opt grupuri de lucru pe teme importante &#8211; Energie verde, Agricultur\u0103 sustenabil\u0103, Rezilien\u0163a climatic\u0103 a ora\u015felor, Biodiversitate, Finan\u0163\u0103ri, investi\u0163ii \u015fi PNRR, Economie circular\u0103, Solu\u0163ii de tehnologie pentru clim\u0103 \u015fi Legisla\u0163ie climatic\u0103.<\/p>\n<p style=\"text-align: justify;\">Fiecare sesiune va avea structura unui grup de lucru moderat, \u00een care participan\u0163ii colaboreaz\u0103 pentru a dezvolta scenarii \u015fi a identifica provoc\u0103ri, oportunit\u0103\u0163i \u015fi solu\u0163ii. Grupurile de lucru reunesc reprezentan\u0163i ai corpora\u0163iilor, \u00eentreprinderilor mici \u015fi mijlocii, ONG-urilor, administra\u0163iilor locale, Guvernului, Parlamentului \u015fi institu\u0163iilor europene, precum \u015fi antreprenori \u015fi tineri lideri.<\/p>\n<p style=\"text-align: justify;\">&#8220;BRD Groupe Societe Generale faciliteaz\u0103 acest demers colaborativ cu scopul de a identifica solu\u0163ii coerente, aplicabile \u015fi necesare la nivel na\u0163ional \u00een materie de economie verde, energie \u015fi agricultur\u0103 sustenabil\u0103 sau investi\u0163ii \u015fi finan\u0163\u0103ri sustenabile. Avem \u00eencredere c\u0103 aduc\u00e2nd laolalt\u0103 speciali\u015fti din diverse domenii, deciden\u0163i, oameni din mediul de bussines, vom reu\u015fi \u00eempreun\u0103 s\u0103 identific\u0103m aceste solu\u0163ii de care cu to\u0163ii avem nevoie&#8221;, a afirmat Flavia Popa, secretar general BRD Groupe Societe Generale.<\/p>\n<p style=\"text-align: justify;\">Concluziile sesiunilor vor fi incluse \u00een &#8220;Scenarii Climatice pentru Rom\u00e2nia 2030&#8221;, un raport ce va fi lansat \u00een decembrie 2022 \u015fi care va servi drept mijloc de con\u015ftientizare a scenariilor cele mai probabile \u015fi a solu\u0163iilor la acestea pentru factorii de decizie, mediul de business \u015fi cel asociativ, precum \u015fi de a promova exemplele scalabile de bun\u0103 practic\u0103.<\/p>\n<p style=\"text-align: justify;\"><strong>Seria &#8220;Scenarii Climatice pentru Rom\u00e2nia 2030&#8221; are avea loc \u00een cadrul Climate Change Summit &#8211; o ini\u0163iativ\u0103 a BRD Groupe Societe Generale ce va avea loc pe 4 \u015fi 5 octombrie, cu ajutorul Social Innovation Solutions, organiza\u0163ie activ\u0103 \u00een sustenabilitate, impact social \u015fi inova\u0163ie.<\/strong><\/p>\n<p style=\"text-align: justify;\">Misiunea Social Innovation Solutions (SIS) este de a sus\u0163ine indivizi \u015fi organiza\u0163ii s\u0103 \u00een\u0163eleag\u0103 transform\u0103rile viitorului \u015fi s\u0103 dezvolte solu\u0163ii sustenabile de tehnologie, politici publice \u015fi antreprenoriale. SIS organizeaz\u0103 mai multe incubatoare \u015fi acceleratoare \u00een Rom\u00e2nia \u015fi Europa Central\u0103 \u015fi de Est, lucr\u00e2nd cu peste o sut\u0103 de start-up-uri \u00een fiecare an.<\/p>\n<p style=\"text-align: justify;\">De asemenea, organiza\u0163ia dezvolt\u0103 mai multe platforme de conversa\u0163ii despre sustenabilite, trenduri de viitor \u015fi economie circular\u0103 ca Future Summit, Sustainable Futures sau Climate Change Summit \u015fi ofer\u0103 consultan\u0163\u0103 \u015fi programe de executive education \u00een foresight, inova\u0163ie \u015fi sustenabilitate.<\/p>\n<p style=\"text-align: justify;\">BRD &#8211; Groupe Societe Generale este unul dintre liderii pie\u0163ei bancare din Rom\u00e2nia. Banca opereaz\u0103 o re\u0163ea de 499 de unit\u0103\u0163i \u015fi are active totale \u00een valoare de 71 miliarde de lei (la 31 martie 2022).<\/p>\n<p style=\"text-align: justify;\">Climate Change Summit face parte din filosofia BRD Lumea9, platforma de sustenabilitate care reune\u015fte teme din domeniile sus-men\u0163ionate, pe care banca le consider\u0103 importante pentru construirea unui viitor mai bun.<\/p>\n<pre>AGERPRES\/(AS - autor: Daniel Badea, editor: Mariana Nica, editor online: Anda Badea)<\/pre>\n","protected":false},"excerpt":{"rendered":"<p>Peste 120 de reprezenta\u0163i-cheie ai sistemului public, privat, civic \u015fi academic dezbat, pe 21 \u015fi 22 septembrie, \u00een cadrul a opt grupuri de lucru tehnice scenariile climatice pentru Rom\u00e2nia anului 2030, iar concluziile vor fi incluse \u00eentr-un raport ce va fi lansat \u00een luna decembrie a acestui an. &#8220;Speran\u0163a noastr\u0103 [&hellip;]<\/p>\n","protected":false},"author":3,"featured_media":1437,"comment_status":"open","ping_status":"open","sticky":false,"template":"","format":"standard","meta":{"content-type":"","footnotes":"","jetpack_publicize_message":"","jetpack_publicize_feature_enabled":true,"jetpack_social_post_already_shared":true,"jetpack_social_options":{"image_generator_settings":{"template":"highway","default_image_id":0,"font":"","enabled":false},"version":2}},"categories":[5,9,1,3,6,10],"tags":[],"class_list":["post-1436","post","type-post","status-publish","format-standard","has-post-thumbnail","hentry","category-blog","category-company","category-general","category-legislatie","category-prime","category-slide"],"yoast_head":"<!-- This site is optimized with the Yoast SEO plugin v24.9 - https:\/\/yoast.com\/wordpress\/plugins\/seo\/ -->\n<title>Scenarii climatice pentru Romania 2030 - Green24.ro<\/title>\n<meta name=\"description\" content=\"Peste 120 de reprezenta\u0163i-cheie ai sistemului public, privat, civic \u015fi academic dezbat, pe 21 \u015fi 22 septembrie, \u00een cadrul a opt grupuri de lucru tehnice scenariile climatice pentru Rom\u00e2nia anului 2030, iar concluziile vor fi incluse \u00eentr-un raport ce va fi lansat \u00een luna decembrie a acestui an.\" \/>\n<meta name=\"robots\" content=\"index, follow, max-snippet:-1, max-image-preview:large, max-video-preview:-1\" \/>\n<link rel=\"canonical\" href=\"https:\/\/www.green24.ro\/index.php\/2022\/09\/22\/scenarii-climatice-pentru-romania-2030\/\" \/>\n<meta property=\"og:locale\" content=\"en_US\" \/>\n<meta property=\"og:type\" content=\"article\" \/>\n<meta property=\"og:title\" content=\"Scenarii climatice pentru Romania 2030 - Green24.ro\" \/>\n<meta property=\"og:description\" content=\"Peste 120 de reprezenta\u0163i-cheie ai sistemului public, privat, civic \u015fi academic dezbat, pe 21 \u015fi 22 septembrie, \u00een cadrul a opt grupuri de lucru tehnice scenariile climatice pentru Rom\u00e2nia anului 2030, iar concluziile vor fi incluse \u00eentr-un raport ce va fi lansat \u00een luna decembrie a acestui an.\" \/>\n<meta property=\"og:url\" content=\"https:\/\/www.green24.ro\/index.php\/2022\/09\/22\/scenarii-climatice-pentru-romania-2030\/\" \/>\n<meta property=\"og:site_name\" content=\"Green24.ro\" \/>\n<meta property=\"article:publisher\" content=\"https:\/\/www.facebook.com\/green24ro\/\" \/>\n<meta property=\"article:published_time\" content=\"2022-09-22T10:31:13+00:00\" \/>\n<meta property=\"article:modified_time\" content=\"2022-09-22T10:31:16+00:00\" \/>\n<meta property=\"og:image\" content=\"https:\/\/www.green24.ro\/wp-content\/uploads\/2022\/09\/pexels-markus-winkler-4072689.jpeg\" \/>\n\t<meta property=\"og:image:width\" content=\"1280\" \/>\n\t<meta property=\"og:image:height\" content=\"853\" \/>\n\t<meta property=\"og:image:type\" content=\"image\/jpeg\" \/>\n<meta name=\"author\" content=\"Redactia Green24\" \/>\n<meta name=\"twitter:card\" content=\"summary_large_image\" \/>\n<meta name=\"twitter:label1\" content=\"Written by\" \/>\n\t<meta name=\"twitter:data1\" content=\"Redactia Green24\" \/>\n\t<meta name=\"twitter:label2\" content=\"Est. reading time\" \/>\n\t<meta name=\"twitter:data2\" content=\"4 minutes\" \/>\n<script type=\"application\/ld+json\" class=\"yoast-schema-graph\">{\"@context\":\"https:\/\/schema.org\",\"@graph\":[{\"@type\":\"Article\",\"@id\":\"https:\/\/www.green24.ro\/index.php\/2022\/09\/22\/scenarii-climatice-pentru-romania-2030\/#article\",\"isPartOf\":{\"@id\":\"https:\/\/www.green24.ro\/index.php\/2022\/09\/22\/scenarii-climatice-pentru-romania-2030\/\"},\"author\":{\"name\":\"Redactia Green24\",\"@id\":\"https:\/\/www.green24.ro\/#\/schema\/person\/607a8c12d4548837cb79d52bb2437572\"},\"headline\":\"Scenarii climatice pentru Romania 2030\",\"datePublished\":\"2022-09-22T10:31:13+00:00\",\"dateModified\":\"2022-09-22T10:31:16+00:00\",\"mainEntityOfPage\":{\"@id\":\"https:\/\/www.green24.ro\/index.php\/2022\/09\/22\/scenarii-climatice-pentru-romania-2030\/\"},\"wordCount\":727,\"commentCount\":0,\"publisher\":{\"@id\":\"https:\/\/www.green24.ro\/#organization\"},\"image\":{\"@id\":\"https:\/\/www.green24.ro\/index.php\/2022\/09\/22\/scenarii-climatice-pentru-romania-2030\/#primaryimage\"},\"thumbnailUrl\":\"https:\/\/www.green24.ro\/wp-content\/uploads\/2022\/09\/pexels-markus-winkler-4072689.jpeg\",\"articleSection\":[\"Blog\",\"Company\",\"General\",\"Legislatie\",\"Prime\",\"Slide\"],\"inLanguage\":\"en-US\",\"potentialAction\":[{\"@type\":\"CommentAction\",\"name\":\"Comment\",\"target\":[\"https:\/\/www.green24.ro\/index.php\/2022\/09\/22\/scenarii-climatice-pentru-romania-2030\/#respond\"]}]},{\"@type\":\"WebPage\",\"@id\":\"https:\/\/www.green24.ro\/index.php\/2022\/09\/22\/scenarii-climatice-pentru-romania-2030\/\",\"url\":\"https:\/\/www.green24.ro\/index.php\/2022\/09\/22\/scenarii-climatice-pentru-romania-2030\/\",\"name\":\"Scenarii climatice pentru Romania 2030 - Green24.ro\",\"isPartOf\":{\"@id\":\"https:\/\/www.green24.ro\/#website\"},\"primaryImageOfPage\":{\"@id\":\"https:\/\/www.green24.ro\/index.php\/2022\/09\/22\/scenarii-climatice-pentru-romania-2030\/#primaryimage\"},\"image\":{\"@id\":\"https:\/\/www.green24.ro\/index.php\/2022\/09\/22\/scenarii-climatice-pentru-romania-2030\/#primaryimage\"},\"thumbnailUrl\":\"https:\/\/www.green24.ro\/wp-content\/uploads\/2022\/09\/pexels-markus-winkler-4072689.jpeg\",\"datePublished\":\"2022-09-22T10:31:13+00:00\",\"dateModified\":\"2022-09-22T10:31:16+00:00\",\"description\":\"Peste 120 de reprezenta\u0163i-cheie ai sistemului public, privat, civic \u015fi academic dezbat, pe 21 \u015fi 22 septembrie, \u00een cadrul a opt grupuri de lucru tehnice scenariile climatice pentru Rom\u00e2nia anului 2030, iar concluziile vor fi incluse \u00eentr-un raport ce va fi lansat \u00een luna decembrie a acestui an.\",\"breadcrumb\":{\"@id\":\"https:\/\/www.green24.ro\/index.php\/2022\/09\/22\/scenarii-climatice-pentru-romania-2030\/#breadcrumb\"},\"inLanguage\":\"en-US\",\"potentialAction\":[{\"@type\":\"ReadAction\",\"target\":[\"https:\/\/www.green24.ro\/index.php\/2022\/09\/22\/scenarii-climatice-pentru-romania-2030\/\"]}]},{\"@type\":\"ImageObject\",\"inLanguage\":\"en-US\",\"@id\":\"https:\/\/www.green24.ro\/index.php\/2022\/09\/22\/scenarii-climatice-pentru-romania-2030\/#primaryimage\",\"url\":\"https:\/\/www.green24.ro\/wp-content\/uploads\/2022\/09\/pexels-markus-winkler-4072689.jpeg\",\"contentUrl\":\"https:\/\/www.green24.ro\/wp-content\/uploads\/2022\/09\/pexels-markus-winkler-4072689.jpeg\",\"width\":1280,\"height\":853,\"caption\":\"Scenarii climatice pentru Romania 2030\"},{\"@type\":\"BreadcrumbList\",\"@id\":\"https:\/\/www.green24.ro\/index.php\/2022\/09\/22\/scenarii-climatice-pentru-romania-2030\/#breadcrumb\",\"itemListElement\":[{\"@type\":\"ListItem\",\"position\":1,\"name\":\"Home\",\"item\":\"https:\/\/www.green24.ro\/\"},{\"@type\":\"ListItem\",\"position\":2,\"name\":\"Scenarii climatice pentru Romania 2030\"}]},{\"@type\":\"WebSite\",\"@id\":\"https:\/\/www.green24.ro\/#website\",\"url\":\"https:\/\/www.green24.ro\/\",\"name\":\"Green24.ro\",\"description\":\"Antreprenoriat verde si responsabilitatea social\u0103\",\"publisher\":{\"@id\":\"https:\/\/www.green24.ro\/#organization\"},\"potentialAction\":[{\"@type\":\"SearchAction\",\"target\":{\"@type\":\"EntryPoint\",\"urlTemplate\":\"https:\/\/www.green24.ro\/?s={search_term_string}\"},\"query-input\":{\"@type\":\"PropertyValueSpecification\",\"valueRequired\":true,\"valueName\":\"search_term_string\"}}],\"inLanguage\":\"en-US\"},{\"@type\":\"Organization\",\"@id\":\"https:\/\/www.green24.ro\/#organization\",\"name\":\"Green24\",\"url\":\"https:\/\/www.green24.ro\/\",\"logo\":{\"@type\":\"ImageObject\",\"inLanguage\":\"en-US\",\"@id\":\"https:\/\/www.green24.ro\/#\/schema\/logo\/image\/\",\"url\":\"https:\/\/www.green24.ro\/wp-content\/uploads\/2022\/02\/green24-17-e1643806452346.png\",\"contentUrl\":\"https:\/\/www.green24.ro\/wp-content\/uploads\/2022\/02\/green24-17-e1643806452346.png\",\"width\":174,\"height\":174,\"caption\":\"Green24\"},\"image\":{\"@id\":\"https:\/\/www.green24.ro\/#\/schema\/logo\/image\/\"},\"sameAs\":[\"https:\/\/www.facebook.com\/green24ro\/\"]},{\"@type\":\"Person\",\"@id\":\"https:\/\/www.green24.ro\/#\/schema\/person\/607a8c12d4548837cb79d52bb2437572\",\"name\":\"Redactia Green24\",\"image\":{\"@type\":\"ImageObject\",\"inLanguage\":\"en-US\",\"@id\":\"https:\/\/www.green24.ro\/#\/schema\/person\/image\/\",\"url\":\"https:\/\/secure.gravatar.com\/avatar\/c9f4d5614769dc0a9dfdfed961c82ea6?s=96&d=mm&r=g\",\"contentUrl\":\"https:\/\/secure.gravatar.com\/avatar\/c9f4d5614769dc0a9dfdfed961c82ea6?s=96&d=mm&r=g\",\"caption\":\"Redactia Green24\"},\"sameAs\":[\"http:\/\/www.green24.ro\"],\"url\":\"https:\/\/www.green24.ro\/index.php\/author\/green24\/\"}]}<\/script>\n<!-- \/ Yoast SEO plugin. -->","yoast_head_json":{"title":"Scenarii climatice pentru Romania 2030 - Green24.ro","description":"Peste 120 de reprezenta\u0163i-cheie ai sistemului public, privat, civic \u015fi academic dezbat, pe 21 \u015fi 22 septembrie, \u00een cadrul a opt grupuri de lucru tehnice scenariile climatice pentru Rom\u00e2nia anului 2030, iar concluziile vor fi incluse \u00eentr-un raport ce va fi lansat \u00een luna decembrie a acestui an.","robots":{"index":"index","follow":"follow","max-snippet":"max-snippet:-1","max-image-preview":"max-image-preview:large","max-video-preview":"max-video-preview:-1"},"canonical":"https:\/\/www.green24.ro\/index.php\/2022\/09\/22\/scenarii-climatice-pentru-romania-2030\/","og_locale":"en_US","og_type":"article","og_title":"Scenarii climatice pentru Romania 2030 - Green24.ro","og_description":"Peste 120 de reprezenta\u0163i-cheie ai sistemului public, privat, civic \u015fi academic dezbat, pe 21 \u015fi 22 septembrie, \u00een cadrul a opt grupuri de lucru tehnice scenariile climatice pentru Rom\u00e2nia anului 2030, iar concluziile vor fi incluse \u00eentr-un raport ce va fi lansat \u00een luna decembrie a acestui an.","og_url":"https:\/\/www.green24.ro\/index.php\/2022\/09\/22\/scenarii-climatice-pentru-romania-2030\/","og_site_name":"Green24.ro","article_publisher":"https:\/\/www.facebook.com\/green24ro\/","article_published_time":"2022-09-22T10:31:13+00:00","article_modified_time":"2022-09-22T10:31:16+00:00","og_image":[{"width":1280,"height":853,"url":"https:\/\/www.green24.ro\/wp-content\/uploads\/2022\/09\/pexels-markus-winkler-4072689.jpeg","type":"image\/jpeg"}],"author":"Redactia Green24","twitter_card":"summary_large_image","twitter_misc":{"Written by":"Redactia Green24","Est. reading time":"4 minutes"},"schema":{"@context":"https:\/\/schema.org","@graph":[{"@type":"Article","@id":"https:\/\/www.green24.ro\/index.php\/2022\/09\/22\/scenarii-climatice-pentru-romania-2030\/#article","isPartOf":{"@id":"https:\/\/www.green24.ro\/index.php\/2022\/09\/22\/scenarii-climatice-pentru-romania-2030\/"},"author":{"name":"Redactia Green24","@id":"https:\/\/www.green24.ro\/#\/schema\/person\/607a8c12d4548837cb79d52bb2437572"},"headline":"Scenarii climatice pentru Romania 2030","datePublished":"2022-09-22T10:31:13+00:00","dateModified":"2022-09-22T10:31:16+00:00","mainEntityOfPage":{"@id":"https:\/\/www.green24.ro\/index.php\/2022\/09\/22\/scenarii-climatice-pentru-romania-2030\/"},"wordCount":727,"commentCount":0,"publisher":{"@id":"https:\/\/www.green24.ro\/#organization"},"image":{"@id":"https:\/\/www.green24.ro\/index.php\/2022\/09\/22\/scenarii-climatice-pentru-romania-2030\/#primaryimage"},"thumbnailUrl":"https:\/\/www.green24.ro\/wp-content\/uploads\/2022\/09\/pexels-markus-winkler-4072689.jpeg","articleSection":["Blog","Company","General","Legislatie","Prime","Slide"],"inLanguage":"en-US","potentialAction":[{"@type":"CommentAction","name":"Comment","target":["https:\/\/www.green24.ro\/index.php\/2022\/09\/22\/scenarii-climatice-pentru-romania-2030\/#respond"]}]},{"@type":"WebPage","@id":"https:\/\/www.green24.ro\/index.php\/2022\/09\/22\/scenarii-climatice-pentru-romania-2030\/","url":"https:\/\/www.green24.ro\/index.php\/2022\/09\/22\/scenarii-climatice-pentru-romania-2030\/","name":"Scenarii climatice pentru Romania 2030 - Green24.ro","isPartOf":{"@id":"https:\/\/www.green24.ro\/#website"},"primaryImageOfPage":{"@id":"https:\/\/www.green24.ro\/index.php\/2022\/09\/22\/scenarii-climatice-pentru-romania-2030\/#primaryimage"},"image":{"@id":"https:\/\/www.green24.ro\/index.php\/2022\/09\/22\/scenarii-climatice-pentru-romania-2030\/#primaryimage"},"thumbnailUrl":"https:\/\/www.green24.ro\/wp-content\/uploads\/2022\/09\/pexels-markus-winkler-4072689.jpeg","datePublished":"2022-09-22T10:31:13+00:00","dateModified":"2022-09-22T10:31:16+00:00","description":"Peste 120 de reprezenta\u0163i-cheie ai sistemului public, privat, civic \u015fi academic dezbat, pe 21 \u015fi 22 septembrie, \u00een cadrul a opt grupuri de lucru tehnice scenariile climatice pentru Rom\u00e2nia anului 2030, iar concluziile vor fi incluse \u00eentr-un raport ce va fi lansat \u00een luna decembrie a acestui an.","breadcrumb":{"@id":"https:\/\/www.green24.ro\/index.php\/2022\/09\/22\/scenarii-climatice-pentru-romania-2030\/#breadcrumb"},"inLanguage":"en-US","potentialAction":[{"@type":"ReadAction","target":["https:\/\/www.green24.ro\/index.php\/2022\/09\/22\/scenarii-climatice-pentru-romania-2030\/"]}]},{"@type":"ImageObject","inLanguage":"en-US","@id":"https:\/\/www.green24.ro\/index.php\/2022\/09\/22\/scenarii-climatice-pentru-romania-2030\/#primaryimage","url":"https:\/\/www.green24.ro\/wp-content\/uploads\/2022\/09\/pexels-markus-winkler-4072689.jpeg","contentUrl":"https:\/\/www.green24.ro\/wp-content\/uploads\/2022\/09\/pexels-markus-winkler-4072689.jpeg","width":1280,"height":853,"caption":"Scenarii climatice pentru Romania 2030"},{"@type":"BreadcrumbList","@id":"https:\/\/www.green24.ro\/index.php\/2022\/09\/22\/scenarii-climatice-pentru-romania-2030\/#breadcrumb","itemListElement":[{"@type":"ListItem","position":1,"name":"Home","item":"https:\/\/www.green24.ro\/"},{"@type":"ListItem","position":2,"name":"Scenarii climatice pentru Romania 2030"}]},{"@type":"WebSite","@id":"https:\/\/www.green24.ro\/#website","url":"https:\/\/www.green24.ro\/","name":"Green24.ro","description":"Antreprenoriat verde si responsabilitatea social\u0103","publisher":{"@id":"https:\/\/www.green24.ro\/#organization"},"potentialAction":[{"@type":"SearchAction","target":{"@type":"EntryPoint","urlTemplate":"https:\/\/www.green24.ro\/?s={search_term_string}"},"query-input":{"@type":"PropertyValueSpecification","valueRequired":true,"valueName":"search_term_string"}}],"inLanguage":"en-US"},{"@type":"Organization","@id":"https:\/\/www.green24.ro\/#organization","name":"Green24","url":"https:\/\/www.green24.ro\/","logo":{"@type":"ImageObject","inLanguage":"en-US","@id":"https:\/\/www.green24.ro\/#\/schema\/logo\/image\/","url":"https:\/\/www.green24.ro\/wp-content\/uploads\/2022\/02\/green24-17-e1643806452346.png","contentUrl":"https:\/\/www.green24.ro\/wp-content\/uploads\/2022\/02\/green24-17-e1643806452346.png","width":174,"height":174,"caption":"Green24"},"image":{"@id":"https:\/\/www.green24.ro\/#\/schema\/logo\/image\/"},"sameAs":["https:\/\/www.facebook.com\/green24ro\/"]},{"@type":"Person","@id":"https:\/\/www.green24.ro\/#\/schema\/person\/607a8c12d4548837cb79d52bb2437572","name":"Redactia Green24","image":{"@type":"ImageObject","inLanguage":"en-US","@id":"https:\/\/www.green24.ro\/#\/schema\/person\/image\/","url":"https:\/\/secure.gravatar.com\/avatar\/c9f4d5614769dc0a9dfdfed961c82ea6?s=96&d=mm&r=g","contentUrl":"https:\/\/secure.gravatar.com\/avatar\/c9f4d5614769dc0a9dfdfed961c82ea6?s=96&d=mm&r=g","caption":"Redactia Green24"},"sameAs":["http:\/\/www.green24.ro"],"url":"https:\/\/www.green24.ro\/index.php\/author\/green24\/"}]}},"jetpack_publicize_connections":[],"jetpack_featured_media_url":"https:\/\/www.green24.ro\/wp-content\/uploads\/2022\/09\/pexels-markus-winkler-4072689.jpeg","jetpack_sharing_enabled":true,"_links":{"self":[{"href":"https:\/\/www.green24.ro\/index.php\/wp-json\/wp\/v2\/posts\/1436","targetHints":{"allow":["GET"]}}],"collection":[{"href":"https:\/\/www.green24.ro\/index.php\/wp-json\/wp\/v2\/posts"}],"about":[{"href":"https:\/\/www.green24.ro\/index.php\/wp-json\/wp\/v2\/types\/post"}],"author":[{"embeddable":true,"href":"https:\/\/www.green24.ro\/index.php\/wp-json\/wp\/v2\/users\/3"}],"replies":[{"embeddable":true,"href":"https:\/\/www.green24.ro\/index.php\/wp-json\/wp\/v2\/comments?post=1436"}],"version-history":[{"count":1,"href":"https:\/\/www.green24.ro\/index.php\/wp-json\/wp\/v2\/posts\/1436\/revisions"}],"predecessor-version":[{"id":1438,"href":"https:\/\/www.green24.ro\/index.php\/wp-json\/wp\/v2\/posts\/1436\/revisions\/1438"}],"wp:featuredmedia":[{"embeddable":true,"href":"https:\/\/www.green24.ro\/index.php\/wp-json\/wp\/v2\/media\/1437"}],"wp:attachment":[{"href":"https:\/\/www.green24.ro\/index.php\/wp-json\/wp\/v2\/media?parent=1436"}],"wp:term":[{"taxonomy":"category","embeddable":true,"href":"https:\/\/www.green24.ro\/index.php\/wp-json\/wp\/v2\/categories?post=1436"},{"taxonomy":"post_tag","embeddable":true,"href":"https:\/\/www.green24.ro\/index.php\/wp-json\/wp\/v2\/tags?post=1436"}],"curies":[{"name":"wp","href":"https:\/\/api.w.org\/{rel}","templated":true}]}}