{"id":1429,"date":"2022-09-16T13:43:11","date_gmt":"2022-09-16T11:43:11","guid":{"rendered":"https:\/\/www.green24.ro\/?p=1429"},"modified":"2022-09-16T13:43:16","modified_gmt":"2022-09-16T11:43:16","slug":"ministerul-mediului-analizeaza-demararea-unui-program-de-inlocuire-a-becurilor-cu-filament-cu-cele-pe-leduri","status":"publish","type":"post","link":"https:\/\/www.green24.ro\/index.php\/2022\/09\/16\/ministerul-mediului-analizeaza-demararea-unui-program-de-inlocuire-a-becurilor-cu-filament-cu-cele-pe-leduri\/","title":{"rendered":"Ministerul Mediului analizeaz\u0103 demararea unui program de \u00eenlocuire a becurilor cu filament cu cele pe leduri"},"content":{"rendered":"<p style=\"text-align: justify;\"><strong>Premierul Nicolae Ciuc\u0103 a anun\u0163at, vineri, c\u0103 \u00een coali\u0163ie s-a luat decizia ca Ministerul Mediului s\u0103 analizeze demararea unui program de \u00eenlocuire a becurilor cu filament cu cele pe leduri, pentru diminuarea risipei energetice.<\/strong><\/p>\n<div class=\"description_articol\">\n<p style=\"text-align: justify;\">&#8220;Am luat decizia \u00een coali\u0163ie ca la nivelul Ministerului Mediului s\u0103 se analizeze demararea unui program de \u00eenlocuire a becurilor cu filament cu cele pe leduri. Sunt becuri cu un consum energetic redus&#8221;, a afirmat Ciuc\u0103, \u00eentrebat \u00een privin\u0163a m\u0103surilor pentru diminuarea risipei energetice.<\/p>\n<p>El a mai spus c\u0103 \u015fi la nivelul institu\u0163iilor Guvernului se vor lua m\u0103suri pentru reducerea risipei de energie.<\/p>\n<p>&#8220;Exist\u0103 metode prin care putem s\u0103 stabilim un anumit program de func\u0163ionare. Una dintre decizii, la nivelul Guvernului, a fost ca iluminatul mural s\u0103 fie oprit la ora 12 noaptea. M\u0103suri de acest gen care, p\u00e2n\u0103 la urm\u0103, sunt m\u0103suri pe care fiecare dintre noi le lu\u0103m \u015fi acas\u0103&#8221;, a ad\u0103ugat Nicolae Ciuc\u0103.<\/p>\n<p>Prim-ministrul Nicolae Ciuc\u0103 a participat, vineri diminea\u0163a, la cea de-a \u015fasea edi\u0163ie a Bucharest Security Conference, cu tema &#8220;Strenghtening resilience in volatile times. New dimensions, new players, new perspectives&#8221;.<\/p>\n<pre style=\"text-align: justify;\">AGERPRES\/(AS - autor: Alina Nov\u0103ceanu, editor: C\u0103t\u0103lin Alexandru, editor online: Gabriela Badea)<\/pre>\n<\/div>\n<div class=\"conditiiArticol\"><\/div>\n","protected":false},"excerpt":{"rendered":"<p>Premierul Nicolae Ciuc\u0103 a anun\u0163at, vineri, c\u0103 \u00een coali\u0163ie s-a luat decizia ca Ministerul Mediului s\u0103 analizeze demararea unui program de \u00eenlocuire a becurilor cu filament cu cele pe leduri, pentru diminuarea risipei energetice. &#8220;Am luat decizia \u00een coali\u0163ie ca la nivelul Ministerului Mediului s\u0103 se analizeze demararea unui program [&hellip;]<\/p>\n","protected":false},"author":1,"featured_media":1430,"comment_status":"open","ping_status":"open","sticky":false,"template":"","format":"standard","meta":{"content-type":"","footnotes":"","jetpack_publicize_message":"","jetpack_publicize_feature_enabled":true,"jetpack_social_post_already_shared":true,"jetpack_social_options":{"image_generator_settings":{"template":"highway","default_image_id":0,"font":"","enabled":false},"version":2}},"categories":[5,9,1,3,6,10],"tags":[],"class_list":["post-1429","post","type-post","status-publish","format-standard","has-post-thumbnail","hentry","category-blog","category-company","category-general","category-legislatie","category-prime","category-slide"],"yoast_head":"<!-- This site is optimized with the Yoast SEO plugin v24.9 - https:\/\/yoast.com\/wordpress\/plugins\/seo\/ -->\n<title>Ministerul Mediului analizeaz\u0103 demararea unui program de \u00eenlocuire a becurilor cu filament cu cele pe leduri - Green24.ro<\/title>\n<meta name=\"description\" content=\"Premierul Nicolae Ciuc\u0103 a anun\u0163at, vineri, c\u0103 \u00een coali\u0163ie s-a luat decizia ca Ministerul Mediului s\u0103 analizeze demararea unui program de \u00eenlocuire a becurilor cu filament cu cele pe leduri, pentru diminuarea risipei energetice.\" \/>\n<meta name=\"robots\" content=\"index, follow, max-snippet:-1, max-image-preview:large, max-video-preview:-1\" \/>\n<link rel=\"canonical\" href=\"https:\/\/www.green24.ro\/index.php\/2022\/09\/16\/ministerul-mediului-analizeaza-demararea-unui-program-de-inlocuire-a-becurilor-cu-filament-cu-cele-pe-leduri\/\" \/>\n<meta property=\"og:locale\" content=\"en_US\" \/>\n<meta property=\"og:type\" content=\"article\" \/>\n<meta property=\"og:title\" content=\"Ministerul Mediului analizeaz\u0103 demararea unui program de \u00eenlocuire a becurilor cu filament cu cele pe leduri - Green24.ro\" \/>\n<meta property=\"og:description\" content=\"Premierul Nicolae Ciuc\u0103 a anun\u0163at, vineri, c\u0103 \u00een coali\u0163ie s-a luat decizia ca Ministerul Mediului s\u0103 analizeze demararea unui program de \u00eenlocuire a becurilor cu filament cu cele pe leduri, pentru diminuarea risipei energetice.\" \/>\n<meta property=\"og:url\" content=\"https:\/\/www.green24.ro\/index.php\/2022\/09\/16\/ministerul-mediului-analizeaza-demararea-unui-program-de-inlocuire-a-becurilor-cu-filament-cu-cele-pe-leduri\/\" \/>\n<meta property=\"og:site_name\" content=\"Green24.ro\" \/>\n<meta property=\"article:publisher\" content=\"https:\/\/www.facebook.com\/green24ro\/\" \/>\n<meta property=\"article:author\" content=\"https:\/\/www.facebook.com\/green24ro\/\" \/>\n<meta property=\"article:published_time\" content=\"2022-09-16T11:43:11+00:00\" \/>\n<meta property=\"article:modified_time\" content=\"2022-09-16T11:43:16+00:00\" \/>\n<meta property=\"og:image\" content=\"https:\/\/www.green24.ro\/wp-content\/uploads\/2022\/09\/energy-saving-led-light-bulbs-yellow-background-economical-environmentally-frienfle-light-bulb-concept-flat-lay-top-view-copy-space-photo_526934-3001.webp\" \/>\n\t<meta property=\"og:image:width\" content=\"2000\" \/>\n\t<meta property=\"og:image:height\" content=\"1333\" \/>\n\t<meta property=\"og:image:type\" content=\"image\/webp\" \/>\n<meta name=\"author\" content=\"Redactia Green24\" \/>\n<meta name=\"twitter:card\" content=\"summary_large_image\" \/>\n<meta name=\"twitter:label1\" content=\"Written by\" \/>\n\t<meta name=\"twitter:data1\" content=\"Redactia Green24\" \/>\n\t<meta name=\"twitter:label2\" content=\"Est. reading time\" \/>\n\t<meta name=\"twitter:data2\" content=\"1 minute\" \/>\n<script type=\"application\/ld+json\" class=\"yoast-schema-graph\">{\"@context\":\"https:\/\/schema.org\",\"@graph\":[{\"@type\":\"Article\",\"@id\":\"https:\/\/www.green24.ro\/index.php\/2022\/09\/16\/ministerul-mediului-analizeaza-demararea-unui-program-de-inlocuire-a-becurilor-cu-filament-cu-cele-pe-leduri\/#article\",\"isPartOf\":{\"@id\":\"https:\/\/www.green24.ro\/index.php\/2022\/09\/16\/ministerul-mediului-analizeaza-demararea-unui-program-de-inlocuire-a-becurilor-cu-filament-cu-cele-pe-leduri\/\"},\"author\":{\"name\":\"Redactia Green24\",\"@id\":\"https:\/\/www.green24.ro\/#\/schema\/person\/275c7d10a2dd4fb528a2c0ad5d633496\"},\"headline\":\"Ministerul Mediului analizeaz\u0103 demararea unui program de \u00eenlocuire a becurilor cu filament cu cele pe leduri\",\"datePublished\":\"2022-09-16T11:43:11+00:00\",\"dateModified\":\"2022-09-16T11:43:16+00:00\",\"mainEntityOfPage\":{\"@id\":\"https:\/\/www.green24.ro\/index.php\/2022\/09\/16\/ministerul-mediului-analizeaza-demararea-unui-program-de-inlocuire-a-becurilor-cu-filament-cu-cele-pe-leduri\/\"},\"wordCount\":209,\"commentCount\":0,\"publisher\":{\"@id\":\"https:\/\/www.green24.ro\/#organization\"},\"image\":{\"@id\":\"https:\/\/www.green24.ro\/index.php\/2022\/09\/16\/ministerul-mediului-analizeaza-demararea-unui-program-de-inlocuire-a-becurilor-cu-filament-cu-cele-pe-leduri\/#primaryimage\"},\"thumbnailUrl\":\"https:\/\/www.green24.ro\/wp-content\/uploads\/2022\/09\/energy-saving-led-light-bulbs-yellow-background-economical-environmentally-frienfle-light-bulb-concept-flat-lay-top-view-copy-space-photo_526934-3001.webp\",\"articleSection\":[\"Blog\",\"Company\",\"General\",\"Legislatie\",\"Prime\",\"Slide\"],\"inLanguage\":\"en-US\",\"potentialAction\":[{\"@type\":\"CommentAction\",\"name\":\"Comment\",\"target\":[\"https:\/\/www.green24.ro\/index.php\/2022\/09\/16\/ministerul-mediului-analizeaza-demararea-unui-program-de-inlocuire-a-becurilor-cu-filament-cu-cele-pe-leduri\/#respond\"]}]},{\"@type\":\"WebPage\",\"@id\":\"https:\/\/www.green24.ro\/index.php\/2022\/09\/16\/ministerul-mediului-analizeaza-demararea-unui-program-de-inlocuire-a-becurilor-cu-filament-cu-cele-pe-leduri\/\",\"url\":\"https:\/\/www.green24.ro\/index.php\/2022\/09\/16\/ministerul-mediului-analizeaza-demararea-unui-program-de-inlocuire-a-becurilor-cu-filament-cu-cele-pe-leduri\/\",\"name\":\"Ministerul Mediului analizeaz\u0103 demararea unui program de \u00eenlocuire a becurilor cu filament cu cele pe leduri - Green24.ro\",\"isPartOf\":{\"@id\":\"https:\/\/www.green24.ro\/#website\"},\"primaryImageOfPage\":{\"@id\":\"https:\/\/www.green24.ro\/index.php\/2022\/09\/16\/ministerul-mediului-analizeaza-demararea-unui-program-de-inlocuire-a-becurilor-cu-filament-cu-cele-pe-leduri\/#primaryimage\"},\"image\":{\"@id\":\"https:\/\/www.green24.ro\/index.php\/2022\/09\/16\/ministerul-mediului-analizeaza-demararea-unui-program-de-inlocuire-a-becurilor-cu-filament-cu-cele-pe-leduri\/#primaryimage\"},\"thumbnailUrl\":\"https:\/\/www.green24.ro\/wp-content\/uploads\/2022\/09\/energy-saving-led-light-bulbs-yellow-background-economical-environmentally-frienfle-light-bulb-concept-flat-lay-top-view-copy-space-photo_526934-3001.webp\",\"datePublished\":\"2022-09-16T11:43:11+00:00\",\"dateModified\":\"2022-09-16T11:43:16+00:00\",\"description\":\"Premierul Nicolae Ciuc\u0103 a anun\u0163at, vineri, c\u0103 \u00een coali\u0163ie s-a luat decizia ca Ministerul Mediului s\u0103 analizeze demararea unui program de \u00eenlocuire a becurilor cu filament cu cele pe leduri, pentru diminuarea risipei energetice.\",\"breadcrumb\":{\"@id\":\"https:\/\/www.green24.ro\/index.php\/2022\/09\/16\/ministerul-mediului-analizeaza-demararea-unui-program-de-inlocuire-a-becurilor-cu-filament-cu-cele-pe-leduri\/#breadcrumb\"},\"inLanguage\":\"en-US\",\"potentialAction\":[{\"@type\":\"ReadAction\",\"target\":[\"https:\/\/www.green24.ro\/index.php\/2022\/09\/16\/ministerul-mediului-analizeaza-demararea-unui-program-de-inlocuire-a-becurilor-cu-filament-cu-cele-pe-leduri\/\"]}]},{\"@type\":\"ImageObject\",\"inLanguage\":\"en-US\",\"@id\":\"https:\/\/www.green24.ro\/index.php\/2022\/09\/16\/ministerul-mediului-analizeaza-demararea-unui-program-de-inlocuire-a-becurilor-cu-filament-cu-cele-pe-leduri\/#primaryimage\",\"url\":\"https:\/\/www.green24.ro\/wp-content\/uploads\/2022\/09\/energy-saving-led-light-bulbs-yellow-background-economical-environmentally-frienfle-light-bulb-concept-flat-lay-top-view-copy-space-photo_526934-3001.webp\",\"contentUrl\":\"https:\/\/www.green24.ro\/wp-content\/uploads\/2022\/09\/energy-saving-led-light-bulbs-yellow-background-economical-environmentally-frienfle-light-bulb-concept-flat-lay-top-view-copy-space-photo_526934-3001.webp\",\"width\":2000,\"height\":1333,\"caption\":\"Ministerul Mediului analizeaz\u0103 demararea unui program de \u00eenlocuire a becurilor cu filament cu cele pe leduri\"},{\"@type\":\"BreadcrumbList\",\"@id\":\"https:\/\/www.green24.ro\/index.php\/2022\/09\/16\/ministerul-mediului-analizeaza-demararea-unui-program-de-inlocuire-a-becurilor-cu-filament-cu-cele-pe-leduri\/#breadcrumb\",\"itemListElement\":[{\"@type\":\"ListItem\",\"position\":1,\"name\":\"Home\",\"item\":\"https:\/\/www.green24.ro\/\"},{\"@type\":\"ListItem\",\"position\":2,\"name\":\"Ministerul Mediului analizeaz\u0103 demararea unui program de \u00eenlocuire a becurilor cu filament cu cele pe leduri\"}]},{\"@type\":\"WebSite\",\"@id\":\"https:\/\/www.green24.ro\/#website\",\"url\":\"https:\/\/www.green24.ro\/\",\"name\":\"Green24.ro\",\"description\":\"Antreprenoriat verde si responsabilitatea social\u0103\",\"publisher\":{\"@id\":\"https:\/\/www.green24.ro\/#organization\"},\"potentialAction\":[{\"@type\":\"SearchAction\",\"target\":{\"@type\":\"EntryPoint\",\"urlTemplate\":\"https:\/\/www.green24.ro\/?s={search_term_string}\"},\"query-input\":{\"@type\":\"PropertyValueSpecification\",\"valueRequired\":true,\"valueName\":\"search_term_string\"}}],\"inLanguage\":\"en-US\"},{\"@type\":\"Organization\",\"@id\":\"https:\/\/www.green24.ro\/#organization\",\"name\":\"Green24\",\"url\":\"https:\/\/www.green24.ro\/\",\"logo\":{\"@type\":\"ImageObject\",\"inLanguage\":\"en-US\",\"@id\":\"https:\/\/www.green24.ro\/#\/schema\/logo\/image\/\",\"url\":\"https:\/\/www.green24.ro\/wp-content\/uploads\/2022\/02\/green24-17-e1643806452346.png\",\"contentUrl\":\"https:\/\/www.green24.ro\/wp-content\/uploads\/2022\/02\/green24-17-e1643806452346.png\",\"width\":174,\"height\":174,\"caption\":\"Green24\"},\"image\":{\"@id\":\"https:\/\/www.green24.ro\/#\/schema\/logo\/image\/\"},\"sameAs\":[\"https:\/\/www.facebook.com\/green24ro\/\"]},{\"@type\":\"Person\",\"@id\":\"https:\/\/www.green24.ro\/#\/schema\/person\/275c7d10a2dd4fb528a2c0ad5d633496\",\"name\":\"Redactia Green24\",\"image\":{\"@type\":\"ImageObject\",\"inLanguage\":\"en-US\",\"@id\":\"https:\/\/www.green24.ro\/#\/schema\/person\/image\/\",\"url\":\"https:\/\/secure.gravatar.com\/avatar\/ff0d3a759f98829f7ca35637ba02cb3c?s=96&d=mm&r=g\",\"contentUrl\":\"https:\/\/secure.gravatar.com\/avatar\/ff0d3a759f98829f7ca35637ba02cb3c?s=96&d=mm&r=g\",\"caption\":\"Redactia Green24\"},\"description\":\"Green24.ro este sursa zilnic\u0103 de \u0219tiri, online, pentru cei interesa\u021bi de mediul \u00eenconjur\u0103tor.\",\"sameAs\":[\"https:\/\/green24.ro\",\"https:\/\/www.facebook.com\/green24ro\/\"],\"url\":\"https:\/\/www.green24.ro\/index.php\/author\/admin\/\"}]}<\/script>\n<!-- \/ Yoast SEO plugin. -->","yoast_head_json":{"title":"Ministerul Mediului analizeaz\u0103 demararea unui program de \u00eenlocuire a becurilor cu filament cu cele pe leduri - Green24.ro","description":"Premierul Nicolae Ciuc\u0103 a anun\u0163at, vineri, c\u0103 \u00een coali\u0163ie s-a luat decizia ca Ministerul Mediului s\u0103 analizeze demararea unui program de \u00eenlocuire a becurilor cu filament cu cele pe leduri, pentru diminuarea risipei energetice.","robots":{"index":"index","follow":"follow","max-snippet":"max-snippet:-1","max-image-preview":"max-image-preview:large","max-video-preview":"max-video-preview:-1"},"canonical":"https:\/\/www.green24.ro\/index.php\/2022\/09\/16\/ministerul-mediului-analizeaza-demararea-unui-program-de-inlocuire-a-becurilor-cu-filament-cu-cele-pe-leduri\/","og_locale":"en_US","og_type":"article","og_title":"Ministerul Mediului analizeaz\u0103 demararea unui program de \u00eenlocuire a becurilor cu filament cu cele pe leduri - Green24.ro","og_description":"Premierul Nicolae Ciuc\u0103 a anun\u0163at, vineri, c\u0103 \u00een coali\u0163ie s-a luat decizia ca Ministerul Mediului s\u0103 analizeze demararea unui program de \u00eenlocuire a becurilor cu filament cu cele pe leduri, pentru diminuarea risipei energetice.","og_url":"https:\/\/www.green24.ro\/index.php\/2022\/09\/16\/ministerul-mediului-analizeaza-demararea-unui-program-de-inlocuire-a-becurilor-cu-filament-cu-cele-pe-leduri\/","og_site_name":"Green24.ro","article_publisher":"https:\/\/www.facebook.com\/green24ro\/","article_author":"https:\/\/www.facebook.com\/green24ro\/","article_published_time":"2022-09-16T11:43:11+00:00","article_modified_time":"2022-09-16T11:43:16+00:00","og_image":[{"width":2000,"height":1333,"url":"https:\/\/www.green24.ro\/wp-content\/uploads\/2022\/09\/energy-saving-led-light-bulbs-yellow-background-economical-environmentally-frienfle-light-bulb-concept-flat-lay-top-view-copy-space-photo_526934-3001.webp","type":"image\/webp"}],"author":"Redactia Green24","twitter_card":"summary_large_image","twitter_misc":{"Written by":"Redactia Green24","Est. reading time":"1 minute"},"schema":{"@context":"https:\/\/schema.org","@graph":[{"@type":"Article","@id":"https:\/\/www.green24.ro\/index.php\/2022\/09\/16\/ministerul-mediului-analizeaza-demararea-unui-program-de-inlocuire-a-becurilor-cu-filament-cu-cele-pe-leduri\/#article","isPartOf":{"@id":"https:\/\/www.green24.ro\/index.php\/2022\/09\/16\/ministerul-mediului-analizeaza-demararea-unui-program-de-inlocuire-a-becurilor-cu-filament-cu-cele-pe-leduri\/"},"author":{"name":"Redactia Green24","@id":"https:\/\/www.green24.ro\/#\/schema\/person\/275c7d10a2dd4fb528a2c0ad5d633496"},"headline":"Ministerul Mediului analizeaz\u0103 demararea unui program de \u00eenlocuire a becurilor cu filament cu cele pe leduri","datePublished":"2022-09-16T11:43:11+00:00","dateModified":"2022-09-16T11:43:16+00:00","mainEntityOfPage":{"@id":"https:\/\/www.green24.ro\/index.php\/2022\/09\/16\/ministerul-mediului-analizeaza-demararea-unui-program-de-inlocuire-a-becurilor-cu-filament-cu-cele-pe-leduri\/"},"wordCount":209,"commentCount":0,"publisher":{"@id":"https:\/\/www.green24.ro\/#organization"},"image":{"@id":"https:\/\/www.green24.ro\/index.php\/2022\/09\/16\/ministerul-mediului-analizeaza-demararea-unui-program-de-inlocuire-a-becurilor-cu-filament-cu-cele-pe-leduri\/#primaryimage"},"thumbnailUrl":"https:\/\/www.green24.ro\/wp-content\/uploads\/2022\/09\/energy-saving-led-light-bulbs-yellow-background-economical-environmentally-frienfle-light-bulb-concept-flat-lay-top-view-copy-space-photo_526934-3001.webp","articleSection":["Blog","Company","General","Legislatie","Prime","Slide"],"inLanguage":"en-US","potentialAction":[{"@type":"CommentAction","name":"Comment","target":["https:\/\/www.green24.ro\/index.php\/2022\/09\/16\/ministerul-mediului-analizeaza-demararea-unui-program-de-inlocuire-a-becurilor-cu-filament-cu-cele-pe-leduri\/#respond"]}]},{"@type":"WebPage","@id":"https:\/\/www.green24.ro\/index.php\/2022\/09\/16\/ministerul-mediului-analizeaza-demararea-unui-program-de-inlocuire-a-becurilor-cu-filament-cu-cele-pe-leduri\/","url":"https:\/\/www.green24.ro\/index.php\/2022\/09\/16\/ministerul-mediului-analizeaza-demararea-unui-program-de-inlocuire-a-becurilor-cu-filament-cu-cele-pe-leduri\/","name":"Ministerul Mediului analizeaz\u0103 demararea unui program de \u00eenlocuire a becurilor cu filament cu cele pe leduri - Green24.ro","isPartOf":{"@id":"https:\/\/www.green24.ro\/#website"},"primaryImageOfPage":{"@id":"https:\/\/www.green24.ro\/index.php\/2022\/09\/16\/ministerul-mediului-analizeaza-demararea-unui-program-de-inlocuire-a-becurilor-cu-filament-cu-cele-pe-leduri\/#primaryimage"},"image":{"@id":"https:\/\/www.green24.ro\/index.php\/2022\/09\/16\/ministerul-mediului-analizeaza-demararea-unui-program-de-inlocuire-a-becurilor-cu-filament-cu-cele-pe-leduri\/#primaryimage"},"thumbnailUrl":"https:\/\/www.green24.ro\/wp-content\/uploads\/2022\/09\/energy-saving-led-light-bulbs-yellow-background-economical-environmentally-frienfle-light-bulb-concept-flat-lay-top-view-copy-space-photo_526934-3001.webp","datePublished":"2022-09-16T11:43:11+00:00","dateModified":"2022-09-16T11:43:16+00:00","description":"Premierul Nicolae Ciuc\u0103 a anun\u0163at, vineri, c\u0103 \u00een coali\u0163ie s-a luat decizia ca Ministerul Mediului s\u0103 analizeze demararea unui program de \u00eenlocuire a becurilor cu filament cu cele pe leduri, pentru diminuarea risipei energetice.","breadcrumb":{"@id":"https:\/\/www.green24.ro\/index.php\/2022\/09\/16\/ministerul-mediului-analizeaza-demararea-unui-program-de-inlocuire-a-becurilor-cu-filament-cu-cele-pe-leduri\/#breadcrumb"},"inLanguage":"en-US","potentialAction":[{"@type":"ReadAction","target":["https:\/\/www.green24.ro\/index.php\/2022\/09\/16\/ministerul-mediului-analizeaza-demararea-unui-program-de-inlocuire-a-becurilor-cu-filament-cu-cele-pe-leduri\/"]}]},{"@type":"ImageObject","inLanguage":"en-US","@id":"https:\/\/www.green24.ro\/index.php\/2022\/09\/16\/ministerul-mediului-analizeaza-demararea-unui-program-de-inlocuire-a-becurilor-cu-filament-cu-cele-pe-leduri\/#primaryimage","url":"https:\/\/www.green24.ro\/wp-content\/uploads\/2022\/09\/energy-saving-led-light-bulbs-yellow-background-economical-environmentally-frienfle-light-bulb-concept-flat-lay-top-view-copy-space-photo_526934-3001.webp","contentUrl":"https:\/\/www.green24.ro\/wp-content\/uploads\/2022\/09\/energy-saving-led-light-bulbs-yellow-background-economical-environmentally-frienfle-light-bulb-concept-flat-lay-top-view-copy-space-photo_526934-3001.webp","width":2000,"height":1333,"caption":"Ministerul Mediului analizeaz\u0103 demararea unui program de \u00eenlocuire a becurilor cu filament cu cele pe leduri"},{"@type":"BreadcrumbList","@id":"https:\/\/www.green24.ro\/index.php\/2022\/09\/16\/ministerul-mediului-analizeaza-demararea-unui-program-de-inlocuire-a-becurilor-cu-filament-cu-cele-pe-leduri\/#breadcrumb","itemListElement":[{"@type":"ListItem","position":1,"name":"Home","item":"https:\/\/www.green24.ro\/"},{"@type":"ListItem","position":2,"name":"Ministerul Mediului analizeaz\u0103 demararea unui program de \u00eenlocuire a becurilor cu filament cu cele pe leduri"}]},{"@type":"WebSite","@id":"https:\/\/www.green24.ro\/#website","url":"https:\/\/www.green24.ro\/","name":"Green24.ro","description":"Antreprenoriat verde si responsabilitatea social\u0103","publisher":{"@id":"https:\/\/www.green24.ro\/#organization"},"potentialAction":[{"@type":"SearchAction","target":{"@type":"EntryPoint","urlTemplate":"https:\/\/www.green24.ro\/?s={search_term_string}"},"query-input":{"@type":"PropertyValueSpecification","valueRequired":true,"valueName":"search_term_string"}}],"inLanguage":"en-US"},{"@type":"Organization","@id":"https:\/\/www.green24.ro\/#organization","name":"Green24","url":"https:\/\/www.green24.ro\/","logo":{"@type":"ImageObject","inLanguage":"en-US","@id":"https:\/\/www.green24.ro\/#\/schema\/logo\/image\/","url":"https:\/\/www.green24.ro\/wp-content\/uploads\/2022\/02\/green24-17-e1643806452346.png","contentUrl":"https:\/\/www.green24.ro\/wp-content\/uploads\/2022\/02\/green24-17-e1643806452346.png","width":174,"height":174,"caption":"Green24"},"image":{"@id":"https:\/\/www.green24.ro\/#\/schema\/logo\/image\/"},"sameAs":["https:\/\/www.facebook.com\/green24ro\/"]},{"@type":"Person","@id":"https:\/\/www.green24.ro\/#\/schema\/person\/275c7d10a2dd4fb528a2c0ad5d633496","name":"Redactia Green24","image":{"@type":"ImageObject","inLanguage":"en-US","@id":"https:\/\/www.green24.ro\/#\/schema\/person\/image\/","url":"https:\/\/secure.gravatar.com\/avatar\/ff0d3a759f98829f7ca35637ba02cb3c?s=96&d=mm&r=g","contentUrl":"https:\/\/secure.gravatar.com\/avatar\/ff0d3a759f98829f7ca35637ba02cb3c?s=96&d=mm&r=g","caption":"Redactia Green24"},"description":"Green24.ro este sursa zilnic\u0103 de \u0219tiri, online, pentru cei interesa\u021bi de mediul \u00eenconjur\u0103tor.","sameAs":["https:\/\/green24.ro","https:\/\/www.facebook.com\/green24ro\/"],"url":"https:\/\/www.green24.ro\/index.php\/author\/admin\/"}]}},"jetpack_publicize_connections":[],"jetpack_featured_media_url":"https:\/\/www.green24.ro\/wp-content\/uploads\/2022\/09\/energy-saving-led-light-bulbs-yellow-background-economical-environmentally-frienfle-light-bulb-concept-flat-lay-top-view-copy-space-photo_526934-3001.webp","jetpack_sharing_enabled":true,"_links":{"self":[{"href":"https:\/\/www.green24.ro\/index.php\/wp-json\/wp\/v2\/posts\/1429","targetHints":{"allow":["GET"]}}],"collection":[{"href":"https:\/\/www.green24.ro\/index.php\/wp-json\/wp\/v2\/posts"}],"about":[{"href":"https:\/\/www.green24.ro\/index.php\/wp-json\/wp\/v2\/types\/post"}],"author":[{"embeddable":true,"href":"https:\/\/www.green24.ro\/index.php\/wp-json\/wp\/v2\/users\/1"}],"replies":[{"embeddable":true,"href":"https:\/\/www.green24.ro\/index.php\/wp-json\/wp\/v2\/comments?post=1429"}],"version-history":[{"count":1,"href":"https:\/\/www.green24.ro\/index.php\/wp-json\/wp\/v2\/posts\/1429\/revisions"}],"predecessor-version":[{"id":1431,"href":"https:\/\/www.green24.ro\/index.php\/wp-json\/wp\/v2\/posts\/1429\/revisions\/1431"}],"wp:featuredmedia":[{"embeddable":true,"href":"https:\/\/www.green24.ro\/index.php\/wp-json\/wp\/v2\/media\/1430"}],"wp:attachment":[{"href":"https:\/\/www.green24.ro\/index.php\/wp-json\/wp\/v2\/media?parent=1429"}],"wp:term":[{"taxonomy":"category","embeddable":true,"href":"https:\/\/www.green24.ro\/index.php\/wp-json\/wp\/v2\/categories?post=1429"},{"taxonomy":"post_tag","embeddable":true,"href":"https:\/\/www.green24.ro\/index.php\/wp-json\/wp\/v2\/tags?post=1429"}],"curies":[{"name":"wp","href":"https:\/\/api.w.org\/{rel}","templated":true}]}}