{"id":1412,"date":"2022-09-09T14:15:41","date_gmt":"2022-09-09T12:15:41","guid":{"rendered":"https:\/\/www.green24.ro\/?p=1412"},"modified":"2022-09-09T14:15:44","modified_gmt":"2022-09-09T12:15:44","slug":"padurea-verde-din-timisoara-devine-cel-mai-mare-parc-din-romania","status":"publish","type":"post","link":"https:\/\/www.green24.ro\/index.php\/2022\/09\/09\/padurea-verde-din-timisoara-devine-cel-mai-mare-parc-din-romania\/","title":{"rendered":"P\u0103durea Verde din Timi\u0219oara devine cel mai mare parc din Rom\u00e2nia"},"content":{"rendered":"<p style=\"text-align: justify;\"><strong>Primarul municipiului Timi\u015foara, Dominic Fritz, a anun\u0163at, joi, c\u0103 transformarea P\u0103durii Verzi din nordul ora\u015fului \u00een p\u0103dure \u2013 parc a primit aviz favorabil din partea Ministerului Mediului.<\/strong><\/p>\n<p style=\"text-align: justify;\">Primarul Dominic Fritz a detaliat, joi, c\u0103 vor fi \u201einterven\u0163ii minimale\u201d pentru a nu fi afectat fondul forestier.<\/p>\n<p style=\"text-align: justify;\">\u201e<em>Traseele vor avea la baz\u0103 aleile forestiere existente \u015fi vor fi marcate corespunz\u0103tor pentru ca bicicli\u015ftii \u015fi pietonii s\u0103 le poat\u0103 utiliza. Avem \u00een plan amenaj\u0103ri pentru educare \u015fi recreere. Structurile \u015fi platformele vor fi din lemn sau metal, realizate din prefabricate \u015fi montate la fa\u0163a locului, pentru un impact c\u00e2t mai mic asupra mediului. E un proiect verde, de care timi\u015forenii au mare nevoie. Transformarea P\u0103durii Verzi \u00eentr-o zon\u0103 de recreere este un proiect despre care se vorbe\u015fte de decenii (\u2026)<\/em>\u201e, spune Dominic Fritz.<\/p>\n<p style=\"text-align: justify;\">Conform unui protocol semnat cu Direc\u0163ia Silvic\u0103, municipalitatea are obliga\u0163ia de a amenaja, \u00een termen de cinci ani, P\u0103durea Verde ca p\u0103dure-parc. Traseele care vor fi amenajate pentru public se \u00eentind pe aproximativ 10,5 kilometri.<\/p>\n<p style=\"text-align: justify;\">Prim\u0103ria Timi\u015foara avea p\u00e2n\u0103 \u00een urm\u0103 cu doi ani \u00een administrare 50,5 hectare din P\u0103durea Verde, plus alte 6,5 hectare pe care este amenajat\u0103 Gr\u0103dina Zoologic\u0103. Printr-un proiect ini\u0163iat de administra\u0163ia Nicolae Robu, Guvernul a aprobat \u00een 2020 transferul a 520 de hectare ale P\u0103durii Verzi din Timi\u015foara de la Romsilva la municipalitate, pentru amenajarea unui parc natural.<\/p>\n<p style=\"text-align: justify;\">\u201e<em>Dup\u0103 foarte multele mele insisten\u0163e, P\u0103durea Verde este a noastr\u0103 \u015fi ne putem bucura de ea. O putem folosi de acum, vom face acolo p\u0103dure-parc. Nu se vor t\u0103ia copaci, vor fi o mul\u0163ime de piste de biciclete, b\u0103nci, foi\u015foare, tiroliene, sc\u0103ri, locuri de joac\u0103 ce se preteaz\u0103 s\u0103 aib\u0103 loc \u00eentr-o p\u0103dure, vor fi zone de picnic \u015fi de spectacol. Nu va fi permis\u0103 \u00een amenaj\u0103ri folosirea metalului sau a materialelor plastice\u201d<\/em>, declara Nicolae Robu, \u00een urm\u0103 cu doi ani.<\/p>\n<p>sursa: <a href=\"https:\/\/green-report.ro\/padurea-verde-din-timisoara-devine-cel-mai-mare-parc-din-romania\/\">green-report<\/a><\/p>\n","protected":false},"excerpt":{"rendered":"<p>Primarul municipiului Timi\u015foara, Dominic Fritz, a anun\u0163at, joi, c\u0103 transformarea P\u0103durii Verzi din nordul ora\u015fului \u00een p\u0103dure \u2013 parc a primit aviz favorabil din partea Ministerului Mediului. Primarul Dominic Fritz a detaliat, joi, c\u0103 vor fi \u201einterven\u0163ii minimale\u201d pentru a nu fi afectat fondul forestier. \u201eTraseele vor avea la baz\u0103 [&hellip;]<\/p>\n","protected":false},"author":1,"featured_media":1413,"comment_status":"open","ping_status":"open","sticky":false,"template":"","format":"standard","meta":{"content-type":"","footnotes":"","jetpack_publicize_message":"","jetpack_publicize_feature_enabled":true,"jetpack_social_post_already_shared":true,"jetpack_social_options":{"image_generator_settings":{"template":"highway","default_image_id":0,"font":"","enabled":false},"version":2}},"categories":[5,9,1,3,6,10],"tags":[],"class_list":["post-1412","post","type-post","status-publish","format-standard","has-post-thumbnail","hentry","category-blog","category-company","category-general","category-legislatie","category-prime","category-slide"],"yoast_head":"<!-- This site is optimized with the Yoast SEO plugin v24.9 - https:\/\/yoast.com\/wordpress\/plugins\/seo\/ -->\n<title>P\u0103durea Verde din Timi\u0219oara devine cel mai mare parc din Rom\u00e2nia - Green24.ro<\/title>\n<meta name=\"description\" content=\"Primarul municipiului Timi\u015foara, Dominic Fritz, a anun\u0163at, joi, c\u0103 transformarea P\u0103durii Verzi din nordul ora\u015fului \u00een p\u0103dure \u2013 parc a primit aviz favorabil din partea Ministerului Mediului.\" \/>\n<meta name=\"robots\" content=\"index, follow, max-snippet:-1, max-image-preview:large, max-video-preview:-1\" \/>\n<link rel=\"canonical\" href=\"https:\/\/www.green24.ro\/index.php\/2022\/09\/09\/padurea-verde-din-timisoara-devine-cel-mai-mare-parc-din-romania\/\" \/>\n<meta property=\"og:locale\" content=\"en_US\" \/>\n<meta property=\"og:type\" content=\"article\" \/>\n<meta property=\"og:title\" content=\"P\u0103durea Verde din Timi\u0219oara devine cel mai mare parc din Rom\u00e2nia - Green24.ro\" \/>\n<meta property=\"og:description\" content=\"Primarul municipiului Timi\u015foara, Dominic Fritz, a anun\u0163at, joi, c\u0103 transformarea P\u0103durii Verzi din nordul ora\u015fului \u00een p\u0103dure \u2013 parc a primit aviz favorabil din partea Ministerului Mediului.\" \/>\n<meta property=\"og:url\" content=\"https:\/\/www.green24.ro\/index.php\/2022\/09\/09\/padurea-verde-din-timisoara-devine-cel-mai-mare-parc-din-romania\/\" \/>\n<meta property=\"og:site_name\" content=\"Green24.ro\" \/>\n<meta property=\"article:publisher\" content=\"https:\/\/www.facebook.com\/green24ro\/\" \/>\n<meta property=\"article:author\" content=\"https:\/\/www.facebook.com\/green24ro\/\" \/>\n<meta property=\"article:published_time\" content=\"2022-09-09T12:15:41+00:00\" \/>\n<meta property=\"article:modified_time\" content=\"2022-09-09T12:15:44+00:00\" \/>\n<meta property=\"og:image\" content=\"https:\/\/www.green24.ro\/wp-content\/uploads\/2022\/09\/padurea-verde-de-sus-700x336-1.jpeg\" \/>\n\t<meta property=\"og:image:width\" content=\"700\" \/>\n\t<meta property=\"og:image:height\" content=\"336\" \/>\n\t<meta property=\"og:image:type\" content=\"image\/jpeg\" \/>\n<meta name=\"author\" content=\"Redactia Green24\" \/>\n<meta name=\"twitter:card\" content=\"summary_large_image\" \/>\n<meta name=\"twitter:label1\" content=\"Written by\" \/>\n\t<meta name=\"twitter:data1\" content=\"Redactia Green24\" \/>\n\t<meta name=\"twitter:label2\" content=\"Est. reading time\" \/>\n\t<meta name=\"twitter:data2\" content=\"2 minutes\" \/>\n<script type=\"application\/ld+json\" class=\"yoast-schema-graph\">{\"@context\":\"https:\/\/schema.org\",\"@graph\":[{\"@type\":\"Article\",\"@id\":\"https:\/\/www.green24.ro\/index.php\/2022\/09\/09\/padurea-verde-din-timisoara-devine-cel-mai-mare-parc-din-romania\/#article\",\"isPartOf\":{\"@id\":\"https:\/\/www.green24.ro\/index.php\/2022\/09\/09\/padurea-verde-din-timisoara-devine-cel-mai-mare-parc-din-romania\/\"},\"author\":{\"name\":\"Redactia Green24\",\"@id\":\"https:\/\/www.green24.ro\/#\/schema\/person\/275c7d10a2dd4fb528a2c0ad5d633496\"},\"headline\":\"P\u0103durea Verde din Timi\u0219oara devine cel mai mare parc din Rom\u00e2nia\",\"datePublished\":\"2022-09-09T12:15:41+00:00\",\"dateModified\":\"2022-09-09T12:15:44+00:00\",\"mainEntityOfPage\":{\"@id\":\"https:\/\/www.green24.ro\/index.php\/2022\/09\/09\/padurea-verde-din-timisoara-devine-cel-mai-mare-parc-din-romania\/\"},\"wordCount\":350,\"commentCount\":0,\"publisher\":{\"@id\":\"https:\/\/www.green24.ro\/#organization\"},\"image\":{\"@id\":\"https:\/\/www.green24.ro\/index.php\/2022\/09\/09\/padurea-verde-din-timisoara-devine-cel-mai-mare-parc-din-romania\/#primaryimage\"},\"thumbnailUrl\":\"https:\/\/www.green24.ro\/wp-content\/uploads\/2022\/09\/padurea-verde-de-sus-700x336-1.jpeg\",\"articleSection\":[\"Blog\",\"Company\",\"General\",\"Legislatie\",\"Prime\",\"Slide\"],\"inLanguage\":\"en-US\",\"potentialAction\":[{\"@type\":\"CommentAction\",\"name\":\"Comment\",\"target\":[\"https:\/\/www.green24.ro\/index.php\/2022\/09\/09\/padurea-verde-din-timisoara-devine-cel-mai-mare-parc-din-romania\/#respond\"]}]},{\"@type\":\"WebPage\",\"@id\":\"https:\/\/www.green24.ro\/index.php\/2022\/09\/09\/padurea-verde-din-timisoara-devine-cel-mai-mare-parc-din-romania\/\",\"url\":\"https:\/\/www.green24.ro\/index.php\/2022\/09\/09\/padurea-verde-din-timisoara-devine-cel-mai-mare-parc-din-romania\/\",\"name\":\"P\u0103durea Verde din Timi\u0219oara devine cel mai mare parc din Rom\u00e2nia - Green24.ro\",\"isPartOf\":{\"@id\":\"https:\/\/www.green24.ro\/#website\"},\"primaryImageOfPage\":{\"@id\":\"https:\/\/www.green24.ro\/index.php\/2022\/09\/09\/padurea-verde-din-timisoara-devine-cel-mai-mare-parc-din-romania\/#primaryimage\"},\"image\":{\"@id\":\"https:\/\/www.green24.ro\/index.php\/2022\/09\/09\/padurea-verde-din-timisoara-devine-cel-mai-mare-parc-din-romania\/#primaryimage\"},\"thumbnailUrl\":\"https:\/\/www.green24.ro\/wp-content\/uploads\/2022\/09\/padurea-verde-de-sus-700x336-1.jpeg\",\"datePublished\":\"2022-09-09T12:15:41+00:00\",\"dateModified\":\"2022-09-09T12:15:44+00:00\",\"description\":\"Primarul municipiului Timi\u015foara, Dominic Fritz, a anun\u0163at, joi, c\u0103 transformarea P\u0103durii Verzi din nordul ora\u015fului \u00een p\u0103dure \u2013 parc a primit aviz favorabil din partea Ministerului Mediului.\",\"breadcrumb\":{\"@id\":\"https:\/\/www.green24.ro\/index.php\/2022\/09\/09\/padurea-verde-din-timisoara-devine-cel-mai-mare-parc-din-romania\/#breadcrumb\"},\"inLanguage\":\"en-US\",\"potentialAction\":[{\"@type\":\"ReadAction\",\"target\":[\"https:\/\/www.green24.ro\/index.php\/2022\/09\/09\/padurea-verde-din-timisoara-devine-cel-mai-mare-parc-din-romania\/\"]}]},{\"@type\":\"ImageObject\",\"inLanguage\":\"en-US\",\"@id\":\"https:\/\/www.green24.ro\/index.php\/2022\/09\/09\/padurea-verde-din-timisoara-devine-cel-mai-mare-parc-din-romania\/#primaryimage\",\"url\":\"https:\/\/www.green24.ro\/wp-content\/uploads\/2022\/09\/padurea-verde-de-sus-700x336-1.jpeg\",\"contentUrl\":\"https:\/\/www.green24.ro\/wp-content\/uploads\/2022\/09\/padurea-verde-de-sus-700x336-1.jpeg\",\"width\":700,\"height\":336,\"caption\":\"P\u0103durea Verde din Timi\u0219oara devine cel mai mare parc din Rom\u00e2nia\"},{\"@type\":\"BreadcrumbList\",\"@id\":\"https:\/\/www.green24.ro\/index.php\/2022\/09\/09\/padurea-verde-din-timisoara-devine-cel-mai-mare-parc-din-romania\/#breadcrumb\",\"itemListElement\":[{\"@type\":\"ListItem\",\"position\":1,\"name\":\"Home\",\"item\":\"https:\/\/www.green24.ro\/\"},{\"@type\":\"ListItem\",\"position\":2,\"name\":\"P\u0103durea Verde din Timi\u0219oara devine cel mai mare parc din Rom\u00e2nia\"}]},{\"@type\":\"WebSite\",\"@id\":\"https:\/\/www.green24.ro\/#website\",\"url\":\"https:\/\/www.green24.ro\/\",\"name\":\"Green24.ro\",\"description\":\"Antreprenoriat verde si responsabilitatea social\u0103\",\"publisher\":{\"@id\":\"https:\/\/www.green24.ro\/#organization\"},\"potentialAction\":[{\"@type\":\"SearchAction\",\"target\":{\"@type\":\"EntryPoint\",\"urlTemplate\":\"https:\/\/www.green24.ro\/?s={search_term_string}\"},\"query-input\":{\"@type\":\"PropertyValueSpecification\",\"valueRequired\":true,\"valueName\":\"search_term_string\"}}],\"inLanguage\":\"en-US\"},{\"@type\":\"Organization\",\"@id\":\"https:\/\/www.green24.ro\/#organization\",\"name\":\"Green24\",\"url\":\"https:\/\/www.green24.ro\/\",\"logo\":{\"@type\":\"ImageObject\",\"inLanguage\":\"en-US\",\"@id\":\"https:\/\/www.green24.ro\/#\/schema\/logo\/image\/\",\"url\":\"https:\/\/www.green24.ro\/wp-content\/uploads\/2022\/02\/green24-17-e1643806452346.png\",\"contentUrl\":\"https:\/\/www.green24.ro\/wp-content\/uploads\/2022\/02\/green24-17-e1643806452346.png\",\"width\":174,\"height\":174,\"caption\":\"Green24\"},\"image\":{\"@id\":\"https:\/\/www.green24.ro\/#\/schema\/logo\/image\/\"},\"sameAs\":[\"https:\/\/www.facebook.com\/green24ro\/\"]},{\"@type\":\"Person\",\"@id\":\"https:\/\/www.green24.ro\/#\/schema\/person\/275c7d10a2dd4fb528a2c0ad5d633496\",\"name\":\"Redactia Green24\",\"image\":{\"@type\":\"ImageObject\",\"inLanguage\":\"en-US\",\"@id\":\"https:\/\/www.green24.ro\/#\/schema\/person\/image\/\",\"url\":\"https:\/\/secure.gravatar.com\/avatar\/ff0d3a759f98829f7ca35637ba02cb3c?s=96&d=mm&r=g\",\"contentUrl\":\"https:\/\/secure.gravatar.com\/avatar\/ff0d3a759f98829f7ca35637ba02cb3c?s=96&d=mm&r=g\",\"caption\":\"Redactia Green24\"},\"description\":\"Green24.ro este sursa zilnic\u0103 de \u0219tiri, online, pentru cei interesa\u021bi de mediul \u00eenconjur\u0103tor.\",\"sameAs\":[\"https:\/\/green24.ro\",\"https:\/\/www.facebook.com\/green24ro\/\"],\"url\":\"https:\/\/www.green24.ro\/index.php\/author\/admin\/\"}]}<\/script>\n<!-- \/ Yoast SEO plugin. -->","yoast_head_json":{"title":"P\u0103durea Verde din Timi\u0219oara devine cel mai mare parc din Rom\u00e2nia - Green24.ro","description":"Primarul municipiului Timi\u015foara, Dominic Fritz, a anun\u0163at, joi, c\u0103 transformarea P\u0103durii Verzi din nordul ora\u015fului \u00een p\u0103dure \u2013 parc a primit aviz favorabil din partea Ministerului Mediului.","robots":{"index":"index","follow":"follow","max-snippet":"max-snippet:-1","max-image-preview":"max-image-preview:large","max-video-preview":"max-video-preview:-1"},"canonical":"https:\/\/www.green24.ro\/index.php\/2022\/09\/09\/padurea-verde-din-timisoara-devine-cel-mai-mare-parc-din-romania\/","og_locale":"en_US","og_type":"article","og_title":"P\u0103durea Verde din Timi\u0219oara devine cel mai mare parc din Rom\u00e2nia - Green24.ro","og_description":"Primarul municipiului Timi\u015foara, Dominic Fritz, a anun\u0163at, joi, c\u0103 transformarea P\u0103durii Verzi din nordul ora\u015fului \u00een p\u0103dure \u2013 parc a primit aviz favorabil din partea Ministerului Mediului.","og_url":"https:\/\/www.green24.ro\/index.php\/2022\/09\/09\/padurea-verde-din-timisoara-devine-cel-mai-mare-parc-din-romania\/","og_site_name":"Green24.ro","article_publisher":"https:\/\/www.facebook.com\/green24ro\/","article_author":"https:\/\/www.facebook.com\/green24ro\/","article_published_time":"2022-09-09T12:15:41+00:00","article_modified_time":"2022-09-09T12:15:44+00:00","og_image":[{"width":700,"height":336,"url":"https:\/\/www.green24.ro\/wp-content\/uploads\/2022\/09\/padurea-verde-de-sus-700x336-1.jpeg","type":"image\/jpeg"}],"author":"Redactia Green24","twitter_card":"summary_large_image","twitter_misc":{"Written by":"Redactia Green24","Est. reading time":"2 minutes"},"schema":{"@context":"https:\/\/schema.org","@graph":[{"@type":"Article","@id":"https:\/\/www.green24.ro\/index.php\/2022\/09\/09\/padurea-verde-din-timisoara-devine-cel-mai-mare-parc-din-romania\/#article","isPartOf":{"@id":"https:\/\/www.green24.ro\/index.php\/2022\/09\/09\/padurea-verde-din-timisoara-devine-cel-mai-mare-parc-din-romania\/"},"author":{"name":"Redactia Green24","@id":"https:\/\/www.green24.ro\/#\/schema\/person\/275c7d10a2dd4fb528a2c0ad5d633496"},"headline":"P\u0103durea Verde din Timi\u0219oara devine cel mai mare parc din Rom\u00e2nia","datePublished":"2022-09-09T12:15:41+00:00","dateModified":"2022-09-09T12:15:44+00:00","mainEntityOfPage":{"@id":"https:\/\/www.green24.ro\/index.php\/2022\/09\/09\/padurea-verde-din-timisoara-devine-cel-mai-mare-parc-din-romania\/"},"wordCount":350,"commentCount":0,"publisher":{"@id":"https:\/\/www.green24.ro\/#organization"},"image":{"@id":"https:\/\/www.green24.ro\/index.php\/2022\/09\/09\/padurea-verde-din-timisoara-devine-cel-mai-mare-parc-din-romania\/#primaryimage"},"thumbnailUrl":"https:\/\/www.green24.ro\/wp-content\/uploads\/2022\/09\/padurea-verde-de-sus-700x336-1.jpeg","articleSection":["Blog","Company","General","Legislatie","Prime","Slide"],"inLanguage":"en-US","potentialAction":[{"@type":"CommentAction","name":"Comment","target":["https:\/\/www.green24.ro\/index.php\/2022\/09\/09\/padurea-verde-din-timisoara-devine-cel-mai-mare-parc-din-romania\/#respond"]}]},{"@type":"WebPage","@id":"https:\/\/www.green24.ro\/index.php\/2022\/09\/09\/padurea-verde-din-timisoara-devine-cel-mai-mare-parc-din-romania\/","url":"https:\/\/www.green24.ro\/index.php\/2022\/09\/09\/padurea-verde-din-timisoara-devine-cel-mai-mare-parc-din-romania\/","name":"P\u0103durea Verde din Timi\u0219oara devine cel mai mare parc din Rom\u00e2nia - Green24.ro","isPartOf":{"@id":"https:\/\/www.green24.ro\/#website"},"primaryImageOfPage":{"@id":"https:\/\/www.green24.ro\/index.php\/2022\/09\/09\/padurea-verde-din-timisoara-devine-cel-mai-mare-parc-din-romania\/#primaryimage"},"image":{"@id":"https:\/\/www.green24.ro\/index.php\/2022\/09\/09\/padurea-verde-din-timisoara-devine-cel-mai-mare-parc-din-romania\/#primaryimage"},"thumbnailUrl":"https:\/\/www.green24.ro\/wp-content\/uploads\/2022\/09\/padurea-verde-de-sus-700x336-1.jpeg","datePublished":"2022-09-09T12:15:41+00:00","dateModified":"2022-09-09T12:15:44+00:00","description":"Primarul municipiului Timi\u015foara, Dominic Fritz, a anun\u0163at, joi, c\u0103 transformarea P\u0103durii Verzi din nordul ora\u015fului \u00een p\u0103dure \u2013 parc a primit aviz favorabil din partea Ministerului Mediului.","breadcrumb":{"@id":"https:\/\/www.green24.ro\/index.php\/2022\/09\/09\/padurea-verde-din-timisoara-devine-cel-mai-mare-parc-din-romania\/#breadcrumb"},"inLanguage":"en-US","potentialAction":[{"@type":"ReadAction","target":["https:\/\/www.green24.ro\/index.php\/2022\/09\/09\/padurea-verde-din-timisoara-devine-cel-mai-mare-parc-din-romania\/"]}]},{"@type":"ImageObject","inLanguage":"en-US","@id":"https:\/\/www.green24.ro\/index.php\/2022\/09\/09\/padurea-verde-din-timisoara-devine-cel-mai-mare-parc-din-romania\/#primaryimage","url":"https:\/\/www.green24.ro\/wp-content\/uploads\/2022\/09\/padurea-verde-de-sus-700x336-1.jpeg","contentUrl":"https:\/\/www.green24.ro\/wp-content\/uploads\/2022\/09\/padurea-verde-de-sus-700x336-1.jpeg","width":700,"height":336,"caption":"P\u0103durea Verde din Timi\u0219oara devine cel mai mare parc din Rom\u00e2nia"},{"@type":"BreadcrumbList","@id":"https:\/\/www.green24.ro\/index.php\/2022\/09\/09\/padurea-verde-din-timisoara-devine-cel-mai-mare-parc-din-romania\/#breadcrumb","itemListElement":[{"@type":"ListItem","position":1,"name":"Home","item":"https:\/\/www.green24.ro\/"},{"@type":"ListItem","position":2,"name":"P\u0103durea Verde din Timi\u0219oara devine cel mai mare parc din Rom\u00e2nia"}]},{"@type":"WebSite","@id":"https:\/\/www.green24.ro\/#website","url":"https:\/\/www.green24.ro\/","name":"Green24.ro","description":"Antreprenoriat verde si responsabilitatea social\u0103","publisher":{"@id":"https:\/\/www.green24.ro\/#organization"},"potentialAction":[{"@type":"SearchAction","target":{"@type":"EntryPoint","urlTemplate":"https:\/\/www.green24.ro\/?s={search_term_string}"},"query-input":{"@type":"PropertyValueSpecification","valueRequired":true,"valueName":"search_term_string"}}],"inLanguage":"en-US"},{"@type":"Organization","@id":"https:\/\/www.green24.ro\/#organization","name":"Green24","url":"https:\/\/www.green24.ro\/","logo":{"@type":"ImageObject","inLanguage":"en-US","@id":"https:\/\/www.green24.ro\/#\/schema\/logo\/image\/","url":"https:\/\/www.green24.ro\/wp-content\/uploads\/2022\/02\/green24-17-e1643806452346.png","contentUrl":"https:\/\/www.green24.ro\/wp-content\/uploads\/2022\/02\/green24-17-e1643806452346.png","width":174,"height":174,"caption":"Green24"},"image":{"@id":"https:\/\/www.green24.ro\/#\/schema\/logo\/image\/"},"sameAs":["https:\/\/www.facebook.com\/green24ro\/"]},{"@type":"Person","@id":"https:\/\/www.green24.ro\/#\/schema\/person\/275c7d10a2dd4fb528a2c0ad5d633496","name":"Redactia Green24","image":{"@type":"ImageObject","inLanguage":"en-US","@id":"https:\/\/www.green24.ro\/#\/schema\/person\/image\/","url":"https:\/\/secure.gravatar.com\/avatar\/ff0d3a759f98829f7ca35637ba02cb3c?s=96&d=mm&r=g","contentUrl":"https:\/\/secure.gravatar.com\/avatar\/ff0d3a759f98829f7ca35637ba02cb3c?s=96&d=mm&r=g","caption":"Redactia Green24"},"description":"Green24.ro este sursa zilnic\u0103 de \u0219tiri, online, pentru cei interesa\u021bi de mediul \u00eenconjur\u0103tor.","sameAs":["https:\/\/green24.ro","https:\/\/www.facebook.com\/green24ro\/"],"url":"https:\/\/www.green24.ro\/index.php\/author\/admin\/"}]}},"jetpack_publicize_connections":[],"jetpack_featured_media_url":"https:\/\/www.green24.ro\/wp-content\/uploads\/2022\/09\/padurea-verde-de-sus-700x336-1.jpeg","jetpack_sharing_enabled":true,"_links":{"self":[{"href":"https:\/\/www.green24.ro\/index.php\/wp-json\/wp\/v2\/posts\/1412","targetHints":{"allow":["GET"]}}],"collection":[{"href":"https:\/\/www.green24.ro\/index.php\/wp-json\/wp\/v2\/posts"}],"about":[{"href":"https:\/\/www.green24.ro\/index.php\/wp-json\/wp\/v2\/types\/post"}],"author":[{"embeddable":true,"href":"https:\/\/www.green24.ro\/index.php\/wp-json\/wp\/v2\/users\/1"}],"replies":[{"embeddable":true,"href":"https:\/\/www.green24.ro\/index.php\/wp-json\/wp\/v2\/comments?post=1412"}],"version-history":[{"count":1,"href":"https:\/\/www.green24.ro\/index.php\/wp-json\/wp\/v2\/posts\/1412\/revisions"}],"predecessor-version":[{"id":1414,"href":"https:\/\/www.green24.ro\/index.php\/wp-json\/wp\/v2\/posts\/1412\/revisions\/1414"}],"wp:featuredmedia":[{"embeddable":true,"href":"https:\/\/www.green24.ro\/index.php\/wp-json\/wp\/v2\/media\/1413"}],"wp:attachment":[{"href":"https:\/\/www.green24.ro\/index.php\/wp-json\/wp\/v2\/media?parent=1412"}],"wp:term":[{"taxonomy":"category","embeddable":true,"href":"https:\/\/www.green24.ro\/index.php\/wp-json\/wp\/v2\/categories?post=1412"},{"taxonomy":"post_tag","embeddable":true,"href":"https:\/\/www.green24.ro\/index.php\/wp-json\/wp\/v2\/tags?post=1412"}],"curies":[{"name":"wp","href":"https:\/\/api.w.org\/{rel}","templated":true}]}}