{"id":1399,"date":"2022-09-06T11:10:19","date_gmt":"2022-09-06T09:10:19","guid":{"rendered":"https:\/\/www.green24.ro\/?p=1399"},"modified":"2022-09-06T11:10:22","modified_gmt":"2022-09-06T09:10:22","slug":"independenta-energetica-provocarea-momentului-si-tema-principala-a-forumului-oraselor-verzi-2022","status":"publish","type":"post","link":"https:\/\/www.green24.ro\/index.php\/2022\/09\/06\/independenta-energetica-provocarea-momentului-si-tema-principala-a-forumului-oraselor-verzi-2022\/","title":{"rendered":"Independen\u021ba energetic\u0103, provocarea momentului \u0219i tema principal\u0103 a Forumului Ora\u0219elor Verzi 2022"},"content":{"rendered":"<p style=\"text-align: justify;\"><strong>Dup\u0103 doi ani de pandemie Covid-19 \u0219i un an 2022 \u00eenceput sub auspiciile unui r\u0103zboi \u00een centrul Europei, cea mai mare provocare a statelor UE a devenit g\u0103sirea de solu\u021bii pentru atingerea independen\u021bei energetice. Acum mai mult dec\u00e2t oric\u00e2nd, autorit\u0103\u021bile locale se confrunt\u0103 cu urgen\u021ba tranzi\u021biei c\u0103tre energia regenerabil\u0103 \u0219i cu accelerarea schimb\u0103rii de perspectiv\u0103 \u00een toate domeniile care influen\u021beaz\u0103 poluarea ora\u0219elor: mobilitatea, \u00eenc\u0103lzirea locuin\u021belor, protec\u021bia spa\u021biilor verzi, digitalizarea, managementul de\u0219eurilor, calitatea aerului.<\/strong><\/p>\n<p style=\"text-align: justify;\">\u00cen perioada 5-11 septembrie, Bra\u0219ovul g\u0103zduie\u0219te cea de-a doua edi\u021bie a Forumului Ora\u0219elor Verzi, care \u00ee\u0219i propune s\u0103 transforme Bra\u0219ovul \u00een capitala verde a Rom\u00e2niei \u0219i centrul european al dezbaterilor de mediu, dup\u0103 ce, de la prima edi\u021bie, FOV a devenit cel mai important eveniment dedicat politicilor publice de mediu din Rom\u00e2nia.<\/p>\n<p style=\"text-align: justify;\">\u201eAceast\u0103 a doua edi\u021bie, din luna septembrie, ne propunem s\u0103 fie o edi\u021bie mai mare \u0219i mai de succes, dup\u0103 ce, de la prima organizare, de anul trecut, Forumul Ora\u0219ele Verzi s-a pozi\u021bionat drept cel mai important eveniment de mediu din Rom\u00e2nia pentru autorit\u0103\u021bi locale. Anul acesta ne a\u0219tept\u0103m s\u0103 avem peste 300 de reprezentan\u021bi ai administra\u021biilor locale \u2013 fie c\u0103 vorbim de primari, viceprimari, consilieri locali, administratori publici sau func\u021bionari \u2013\u00a0 vom avea o prezen\u021b\u0103 interna\u021bional\u0103 consistent\u0103, parteneriate la cel mai \u00eenalt nivel \u2013 Ministerul Mediului, Apelor \u0219i P\u0103durilor a confirmat prezen\u021ba \u0219i este partener \u00een acest eveniment,\u00a0 de asemenea Asocia\u021bia Municipiilor din Rom\u00e2nia, Reprezentan\u021ba \u00een Rom\u00e2nia a Parlamentului European \u2013\u00a0 toate aceste lucruri dau credibilitate \u0219i vizibilitate \u0219i putere acestui eveniment de care suntem m\u00e2ndri c\u0103 \u00eel organiz\u0103m la Bra\u0219ov\u201c, a declarat primarul Allen Coliban, la conferin\u021ba de pres\u0103 organizat\u0103 ast\u0103zi, pentru anun\u021barea evenimentului.<\/p>\n<p style=\"text-align: justify;\">Ca \u0219i anul trecut, structura Forumului va cuprinde conferin\u021ba pe probleme de mediu, una adresat\u0103 oamenilor de afaceri, precum \u0219i o serie de activit\u0103\u021bi adresate publicului larg, fie finan\u021bate de municipalitate, prin ghidul de mediu, fie desf\u0103\u0219urate de organiza\u021bii partenere.<\/p>\n<p style=\"text-align: justify;\">Pornind de la problemele actuale, conferin\u021ba pe probleme de mediu se va intitula\u00a0\u201eProvocarea Energiei: G\u0103se\u0219te-\u021bi Puterea\u201c\u00a0\u0219i va avea loc, de aceast\u0103 dat\u0103, la Teatrul Sic\u0103 Alexandrescu, \u00een perioada 5-7 Septembrie 2022.<\/p>\n<p style=\"text-align: justify;\">Partenerii acestei edi\u021bii, al\u0103turi de Prim\u0103ria Municipiului Bra\u0219ov, sunt Ministerul Mediului, Apelor \u0219i P\u0103durilor, Parlamentul European \u2013 Biroul de Informare \u00een Rom\u00e2nia, Asocia\u021bia Municipiilor din Rom\u00e2nia, Asocia\u021bia Administratorilor Publici din Rom\u00e2nia,\u00a0 Consiliul Jude\u021bean Bra\u0219ov, Agen\u021bia Metropolitan\u0103 Bra\u0219ov \u0219i\u00a0 ABMEE.<\/p>\n<p style=\"text-align: justify;\">Bra\u0219ovul\u00a0va g\u0103zdui cu ocazia acestui eveniment aproximativ 300 de reprezentan\u021bi ai autorit\u0103\u021bilor locale \u0219i na\u021bionale din Europa, reprezentan\u021bi ai ONG-urilor de mediu, reprezentan\u021bi ai mediului de afaceri, pentru a analiza cele mai bune practici din domeniul politicilor publice de mediu.<\/p>\n<p style=\"text-align: justify;\">Printre invita\u021bii care \u0219i-au confirmat deja participarea, \u00een persoan\u0103 sau on-line, se afl\u0103 Tanczos Barna, Ministrul Mediului, Apelor \u0219i P\u0103durilor, H.E. D-na Marjut Akola, Ambasadorul Finlandei \u00een Rom\u00e2nia, primari, viceprimari sau reprezentan\u021bi ai municipalit\u0103\u021bilor din Deinze \u0219i Mouscron (Belgia), Ni\u0161 (Serbia),\u00a0 Val\u00e8ncia (Spania), Bijeljina (Bosnia \u0219i Her\u021begovina), Nurnberg (Germania), Florea Marin, Pre\u0219edinte al Asocia\u021biei Administratorilor Publici din Rom\u00e2nia, arhitec\u021bi \u0219i speciali\u0219ti \u00een mediu \u0219i mobilitate urban\u0103 din Germania, Marea Britanie, Elve\u021bia, Italia, Olanda, Cehia, Chile, Republica Moldova \u0219i Rom\u00e2nia, precum \u0219i exper\u021bi ai Ministerul Energiei, Ministerul Mediului, Apelor \u0219i P\u0103durilor \u0219i\u00a0 B\u0103ncii Europene de Investi\u021bii. De asemenea, va participa la conferin\u021b\u0103 Henk Swarttuow, Pre\u0219edintele Federa\u021biei Europene de Ciclism.<\/p>\n<p style=\"text-align: justify;\">Temele alese pentru cele trei zile de conferin\u021b\u0103 sunt Puterea transportului alternativ, Puterea resurselor regenerabile \u0219i Puterea comunit\u0103\u021bii. Exper\u021bii \u0219i speakerii prezen\u021bi vor vorbi despre solu\u021bii \u201everzi\u201c, politici publice, trenduri, vor prezenta studii de caz despre ora\u0219ele care au rezultate remarcabile \u00een implementarea politicilor de sustenabilitate de mediu sau vor prezenta oportunit\u0103\u021bi de finan\u021bare prin\u00a0 programe de finan\u021bare guvernamentale, europene, granturi, solu\u021bii de parteneriat public-privat aplicabile autorit\u0103\u021bilor publice locale.<\/p>\n<p style=\"text-align: justify;\">O noutate fa\u021b\u0103 de edi\u021bia de anul trecut \u00een structura conferin\u021bei vor fi atelierele practice destinate func\u021bionarilor publici, \u00een care ace\u0219tia vor putea \u00eenv\u0103\u021ba despre construirea unui plan de mobilitate, conceperea unei strategii pentru eficientizarea energetic\u0103 a cl\u0103dirilor sau despre \u00eentocmirea planului de digitalizare al unei prim\u0103rii.<\/p>\n<p><strong>O mul\u021bime de activit\u0103\u021bi pentru publicul larg<\/strong><\/p>\n<p style=\"text-align: justify;\">Pentru publicul larg, o serie de activit\u0103\u021bi au loc prin Ghidul pentru Mediu, pentru care municipalitatea a alocat \u00een acest an 500.000 de lei \u0219i care a inclus obligativitatea ca minimum una dintre ac\u021biunile finan\u021bate prin proiect s\u0103 aib\u0103 loc \u00een perioada FOV.<\/p>\n<p style=\"text-align: justify;\">\u201eMobilitate lent\u0103 \u2013 drume\u0163ie \u00abpremium\u00bb la Bra\u0219ov\u201c, proiect al\u00a0 Asocia\u021biei Carpatine Ardelene a Turi\u0219tilor SKV; a doua edi\u021bie\u00a0\u201eStreet Delivery Bra\u0219ov Shared Spaces\u201c, organizat de Funda\u021bia C\u0103rture\u0219ti;\u00a0\u201e\u201eFrankencycle \u2013 proiect social de mediu \u0219i mobilitate\u201c, al Asocia\u021biei \u201cNoua Uzin\u0103\u201d, care vizeaz\u0103 reutilizarea bicicletelor vechi;\u00a0\u201eSunete reciclate\u201c, proiectul prin care Asocia\u021bia Cultural\u0103 Fanzin dore\u0219te crearea a 7 instala\u021bii muzicale pentru copii, fabricate din materiale reciclate;\u00a0\u201eBra\u0219ov, un exemplu pentru spa\u021bii verzi urbane\u201c\u00a0proiectul prin care Asocia\u021bia Propark \u2013 Funda\u021bia pentru Arii Protejate vrea s\u0103 aduc\u0103 o cre\u0219tere a calit\u0103\u021bii pentru cinci zone verzi din jurul blocurilor \u0219i\u00a0\u201eCo2Lectam separat \u00eempreun\u0103!\u201c, campania de educare asupra necesit\u0103\u021bii colect\u0103rii selective ini\u021biat\u0103 de Funda\u021bia The Institute sunt cele \u0219ase proiecte care au ob\u021binut finan\u021bare.<\/p>\n<p style=\"text-align: justify;\">Al\u0103turi de acestea, partenerii implica\u021bi \u00een festival vor aduce \u0219i ei evenimente \u00een ora\u0219, pentru toate v\u00e2rstele.\u00a0\u201eJocurile Recicl\u0103rii\u201c, ini\u021biate de Comprest,\u00a0\u201eGreen Family Event\u201c,\u00a0Blumenfest, activit\u0103\u021bi \u00een mall-urile AFI \u0219i Coresi ori \u00een cartierul Avantgarden, dar \u0219i un t\u00e2rg al produc\u0103torilor locali, parada bicicli\u0219tilor sau Alpin Film Festival sunt doar c\u00e2teva dintre exemple. Desigur, Asocia\u021bia Pro Afaceri a venit al\u0103turi de FOV \u0219i \u00een acest an, cu a doua edi\u021bie a Conferin\u021bei ProAfaceri Verzi.<\/p>\n<p style=\"text-align: justify;\">\u201eForumul Ora\u0219elor Verzi este ocazia pe care am creat-o ca timp de o s\u0103pt\u0103m\u00e2n\u0103, cu to\u021bii s\u0103 vorbim despre m\u0103surile pe care trebuie s\u0103 le lu\u0103m pentru a combate efectele schimb\u0103rii climatice. A\u0219adar, primele trei zile ale evenimentului sunt dedicate autorit\u0103\u021bilor publice locale din Bra\u0219ov \u0219i din toat\u0103 \u021bara, cea de-a patra zi este dedicat\u0103 mediului de afaceri, cu o conferin\u021b\u0103 despre afaceri verzi, iar ultimele trei zile vor fi pline de evenimente pentru publicul larg. Aici vorbim de proiec\u021bii de film documentar sau film montan, vorbim de drume\u021bii prin viitorul Parc Na\u021bional Brassovia, de o parad\u0103 a bicicletelor, de multiple ateliere de reciclare creativ\u0103 \u0219i jocuri ale recicl\u0103rii, \u00een special pentru copii \u0219i familii,\u00a0 vorbim despre \u00abStreet Delivery\u00bb edi\u021bia a doua Bra\u0219ov, despre un atelier de reparat biciclete \u0219i a\u0219a mai departe\u201c, a spus Nicoleta C\u00eerjan, coordonatorul festivalului.<\/p>\n<pre>surse: <a href=\"https:\/\/green-report.ro\/independenta-energetica-provocarea-momentului-si-tema-principala-a-forumului-oraselor-verzi-2022\/\">green-report<\/a>, <a href=\"https:\/\/s.inyourpocket.com\/gallery\/brasov\/2019\/11\/adrian-dascal-XAUoCeCQHGY-unsplash.jpg\">foto<\/a><\/pre>\n","protected":false},"excerpt":{"rendered":"<p>Dup\u0103 doi ani de pandemie Covid-19 \u0219i un an 2022 \u00eenceput sub auspiciile unui r\u0103zboi \u00een centrul Europei, cea mai mare provocare a statelor UE a devenit g\u0103sirea de solu\u021bii pentru atingerea independen\u021bei energetice. Acum mai mult dec\u00e2t oric\u00e2nd, autorit\u0103\u021bile locale se confrunt\u0103 cu urgen\u021ba tranzi\u021biei c\u0103tre energia regenerabil\u0103 \u0219i [&hellip;]<\/p>\n","protected":false},"author":3,"featured_media":1400,"comment_status":"open","ping_status":"open","sticky":false,"template":"","format":"standard","meta":{"content-type":"","footnotes":"","jetpack_publicize_message":"","jetpack_publicize_feature_enabled":true,"jetpack_social_post_already_shared":true,"jetpack_social_options":{"image_generator_settings":{"template":"highway","default_image_id":0,"font":"","enabled":false},"version":2}},"categories":[5,9,1,3,6,10],"tags":[],"class_list":["post-1399","post","type-post","status-publish","format-standard","has-post-thumbnail","hentry","category-blog","category-company","category-general","category-legislatie","category-prime","category-slide"],"yoast_head":"<!-- This site is optimized with the Yoast SEO plugin v24.9 - https:\/\/yoast.com\/wordpress\/plugins\/seo\/ -->\n<title>Independen\u021ba energetic\u0103, provocarea momentului \u0219i tema principal\u0103 a Forumului Ora\u0219elor Verzi 2022 - Green24.ro<\/title>\n<meta name=\"description\" content=\"Dup\u0103 doi ani de pandemie Covid-19 \u0219i un an 2022 \u00eenceput sub auspiciile unui r\u0103zboi \u00een centrul Europei, cea mai mare provocare a statelor UE a devenit g\u0103sirea de solu\u021bii pentru atingerea independen\u021bei energetice. Acum mai mult dec\u00e2t oric\u00e2nd, autorit\u0103\u021bile locale se confrunt\u0103 cu urgen\u021ba tranzi\u021biei c\u0103tre energia regenerabil\u0103 \u0219i cu accelerarea schimb\u0103rii de perspectiv\u0103 \u00een toate domeniile care influen\u021beaz\u0103 poluarea ora\u0219elor: mobilitatea, \u00eenc\u0103lzirea locuin\u021belor, protec\u021bia spa\u021biilor verzi, digitalizarea, managementul de\u0219eurilor, calitatea aerului.\" \/>\n<meta name=\"robots\" content=\"index, follow, max-snippet:-1, max-image-preview:large, max-video-preview:-1\" \/>\n<link rel=\"canonical\" href=\"https:\/\/www.green24.ro\/index.php\/2022\/09\/06\/independenta-energetica-provocarea-momentului-si-tema-principala-a-forumului-oraselor-verzi-2022\/\" \/>\n<meta property=\"og:locale\" content=\"en_US\" \/>\n<meta property=\"og:type\" content=\"article\" \/>\n<meta property=\"og:title\" content=\"Independen\u021ba energetic\u0103, provocarea momentului \u0219i tema principal\u0103 a Forumului Ora\u0219elor Verzi 2022 - Green24.ro\" \/>\n<meta property=\"og:description\" content=\"Dup\u0103 doi ani de pandemie Covid-19 \u0219i un an 2022 \u00eenceput sub auspiciile unui r\u0103zboi \u00een centrul Europei, cea mai mare provocare a statelor UE a devenit g\u0103sirea de solu\u021bii pentru atingerea independen\u021bei energetice. Acum mai mult dec\u00e2t oric\u00e2nd, autorit\u0103\u021bile locale se confrunt\u0103 cu urgen\u021ba tranzi\u021biei c\u0103tre energia regenerabil\u0103 \u0219i cu accelerarea schimb\u0103rii de perspectiv\u0103 \u00een toate domeniile care influen\u021beaz\u0103 poluarea ora\u0219elor: mobilitatea, \u00eenc\u0103lzirea locuin\u021belor, protec\u021bia spa\u021biilor verzi, digitalizarea, managementul de\u0219eurilor, calitatea aerului.\" \/>\n<meta property=\"og:url\" content=\"https:\/\/www.green24.ro\/index.php\/2022\/09\/06\/independenta-energetica-provocarea-momentului-si-tema-principala-a-forumului-oraselor-verzi-2022\/\" \/>\n<meta property=\"og:site_name\" content=\"Green24.ro\" \/>\n<meta property=\"article:publisher\" content=\"https:\/\/www.facebook.com\/green24ro\/\" \/>\n<meta property=\"article:published_time\" content=\"2022-09-06T09:10:19+00:00\" \/>\n<meta property=\"article:modified_time\" content=\"2022-09-06T09:10:22+00:00\" \/>\n<meta property=\"og:image\" content=\"https:\/\/www.green24.ro\/wp-content\/uploads\/2022\/09\/adrian-dascal-XAUoCeCQHGY-unsplash.jpeg\" \/>\n\t<meta property=\"og:image:width\" content=\"1600\" \/>\n\t<meta property=\"og:image:height\" content=\"2000\" \/>\n\t<meta property=\"og:image:type\" content=\"image\/jpeg\" \/>\n<meta name=\"author\" content=\"Redactia Green24\" \/>\n<meta name=\"twitter:card\" content=\"summary_large_image\" \/>\n<meta name=\"twitter:label1\" content=\"Written by\" \/>\n\t<meta name=\"twitter:data1\" content=\"Redactia Green24\" \/>\n\t<meta name=\"twitter:label2\" content=\"Est. reading time\" \/>\n\t<meta name=\"twitter:data2\" content=\"6 minutes\" \/>\n<script type=\"application\/ld+json\" class=\"yoast-schema-graph\">{\"@context\":\"https:\/\/schema.org\",\"@graph\":[{\"@type\":\"Article\",\"@id\":\"https:\/\/www.green24.ro\/index.php\/2022\/09\/06\/independenta-energetica-provocarea-momentului-si-tema-principala-a-forumului-oraselor-verzi-2022\/#article\",\"isPartOf\":{\"@id\":\"https:\/\/www.green24.ro\/index.php\/2022\/09\/06\/independenta-energetica-provocarea-momentului-si-tema-principala-a-forumului-oraselor-verzi-2022\/\"},\"author\":{\"name\":\"Redactia Green24\",\"@id\":\"https:\/\/www.green24.ro\/#\/schema\/person\/607a8c12d4548837cb79d52bb2437572\"},\"headline\":\"Independen\u021ba energetic\u0103, provocarea momentului \u0219i tema principal\u0103 a Forumului Ora\u0219elor Verzi 2022\",\"datePublished\":\"2022-09-06T09:10:19+00:00\",\"dateModified\":\"2022-09-06T09:10:22+00:00\",\"mainEntityOfPage\":{\"@id\":\"https:\/\/www.green24.ro\/index.php\/2022\/09\/06\/independenta-energetica-provocarea-momentului-si-tema-principala-a-forumului-oraselor-verzi-2022\/\"},\"wordCount\":1213,\"commentCount\":0,\"publisher\":{\"@id\":\"https:\/\/www.green24.ro\/#organization\"},\"image\":{\"@id\":\"https:\/\/www.green24.ro\/index.php\/2022\/09\/06\/independenta-energetica-provocarea-momentului-si-tema-principala-a-forumului-oraselor-verzi-2022\/#primaryimage\"},\"thumbnailUrl\":\"https:\/\/www.green24.ro\/wp-content\/uploads\/2022\/09\/adrian-dascal-XAUoCeCQHGY-unsplash.jpeg\",\"articleSection\":[\"Blog\",\"Company\",\"General\",\"Legislatie\",\"Prime\",\"Slide\"],\"inLanguage\":\"en-US\",\"potentialAction\":[{\"@type\":\"CommentAction\",\"name\":\"Comment\",\"target\":[\"https:\/\/www.green24.ro\/index.php\/2022\/09\/06\/independenta-energetica-provocarea-momentului-si-tema-principala-a-forumului-oraselor-verzi-2022\/#respond\"]}]},{\"@type\":\"WebPage\",\"@id\":\"https:\/\/www.green24.ro\/index.php\/2022\/09\/06\/independenta-energetica-provocarea-momentului-si-tema-principala-a-forumului-oraselor-verzi-2022\/\",\"url\":\"https:\/\/www.green24.ro\/index.php\/2022\/09\/06\/independenta-energetica-provocarea-momentului-si-tema-principala-a-forumului-oraselor-verzi-2022\/\",\"name\":\"Independen\u021ba energetic\u0103, provocarea momentului \u0219i tema principal\u0103 a Forumului Ora\u0219elor Verzi 2022 - Green24.ro\",\"isPartOf\":{\"@id\":\"https:\/\/www.green24.ro\/#website\"},\"primaryImageOfPage\":{\"@id\":\"https:\/\/www.green24.ro\/index.php\/2022\/09\/06\/independenta-energetica-provocarea-momentului-si-tema-principala-a-forumului-oraselor-verzi-2022\/#primaryimage\"},\"image\":{\"@id\":\"https:\/\/www.green24.ro\/index.php\/2022\/09\/06\/independenta-energetica-provocarea-momentului-si-tema-principala-a-forumului-oraselor-verzi-2022\/#primaryimage\"},\"thumbnailUrl\":\"https:\/\/www.green24.ro\/wp-content\/uploads\/2022\/09\/adrian-dascal-XAUoCeCQHGY-unsplash.jpeg\",\"datePublished\":\"2022-09-06T09:10:19+00:00\",\"dateModified\":\"2022-09-06T09:10:22+00:00\",\"description\":\"Dup\u0103 doi ani de pandemie Covid-19 \u0219i un an 2022 \u00eenceput sub auspiciile unui r\u0103zboi \u00een centrul Europei, cea mai mare provocare a statelor UE a devenit g\u0103sirea de solu\u021bii pentru atingerea independen\u021bei energetice. Acum mai mult dec\u00e2t oric\u00e2nd, autorit\u0103\u021bile locale se confrunt\u0103 cu urgen\u021ba tranzi\u021biei c\u0103tre energia regenerabil\u0103 \u0219i cu accelerarea schimb\u0103rii de perspectiv\u0103 \u00een toate domeniile care influen\u021beaz\u0103 poluarea ora\u0219elor: mobilitatea, \u00eenc\u0103lzirea locuin\u021belor, protec\u021bia spa\u021biilor verzi, digitalizarea, managementul de\u0219eurilor, calitatea aerului.\",\"breadcrumb\":{\"@id\":\"https:\/\/www.green24.ro\/index.php\/2022\/09\/06\/independenta-energetica-provocarea-momentului-si-tema-principala-a-forumului-oraselor-verzi-2022\/#breadcrumb\"},\"inLanguage\":\"en-US\",\"potentialAction\":[{\"@type\":\"ReadAction\",\"target\":[\"https:\/\/www.green24.ro\/index.php\/2022\/09\/06\/independenta-energetica-provocarea-momentului-si-tema-principala-a-forumului-oraselor-verzi-2022\/\"]}]},{\"@type\":\"ImageObject\",\"inLanguage\":\"en-US\",\"@id\":\"https:\/\/www.green24.ro\/index.php\/2022\/09\/06\/independenta-energetica-provocarea-momentului-si-tema-principala-a-forumului-oraselor-verzi-2022\/#primaryimage\",\"url\":\"https:\/\/www.green24.ro\/wp-content\/uploads\/2022\/09\/adrian-dascal-XAUoCeCQHGY-unsplash.jpeg\",\"contentUrl\":\"https:\/\/www.green24.ro\/wp-content\/uploads\/2022\/09\/adrian-dascal-XAUoCeCQHGY-unsplash.jpeg\",\"width\":1600,\"height\":2000,\"caption\":\"Independen\u021ba energetic\u0103, provocarea momentului \u0219i tema principal\u0103 a Forumului Ora\u0219elor Verzi 2022\"},{\"@type\":\"BreadcrumbList\",\"@id\":\"https:\/\/www.green24.ro\/index.php\/2022\/09\/06\/independenta-energetica-provocarea-momentului-si-tema-principala-a-forumului-oraselor-verzi-2022\/#breadcrumb\",\"itemListElement\":[{\"@type\":\"ListItem\",\"position\":1,\"name\":\"Home\",\"item\":\"https:\/\/www.green24.ro\/\"},{\"@type\":\"ListItem\",\"position\":2,\"name\":\"Independen\u021ba energetic\u0103, provocarea momentului \u0219i tema principal\u0103 a Forumului Ora\u0219elor Verzi 2022\"}]},{\"@type\":\"WebSite\",\"@id\":\"https:\/\/www.green24.ro\/#website\",\"url\":\"https:\/\/www.green24.ro\/\",\"name\":\"Green24.ro\",\"description\":\"Antreprenoriat verde si responsabilitatea social\u0103\",\"publisher\":{\"@id\":\"https:\/\/www.green24.ro\/#organization\"},\"potentialAction\":[{\"@type\":\"SearchAction\",\"target\":{\"@type\":\"EntryPoint\",\"urlTemplate\":\"https:\/\/www.green24.ro\/?s={search_term_string}\"},\"query-input\":{\"@type\":\"PropertyValueSpecification\",\"valueRequired\":true,\"valueName\":\"search_term_string\"}}],\"inLanguage\":\"en-US\"},{\"@type\":\"Organization\",\"@id\":\"https:\/\/www.green24.ro\/#organization\",\"name\":\"Green24\",\"url\":\"https:\/\/www.green24.ro\/\",\"logo\":{\"@type\":\"ImageObject\",\"inLanguage\":\"en-US\",\"@id\":\"https:\/\/www.green24.ro\/#\/schema\/logo\/image\/\",\"url\":\"https:\/\/www.green24.ro\/wp-content\/uploads\/2022\/02\/green24-17-e1643806452346.png\",\"contentUrl\":\"https:\/\/www.green24.ro\/wp-content\/uploads\/2022\/02\/green24-17-e1643806452346.png\",\"width\":174,\"height\":174,\"caption\":\"Green24\"},\"image\":{\"@id\":\"https:\/\/www.green24.ro\/#\/schema\/logo\/image\/\"},\"sameAs\":[\"https:\/\/www.facebook.com\/green24ro\/\"]},{\"@type\":\"Person\",\"@id\":\"https:\/\/www.green24.ro\/#\/schema\/person\/607a8c12d4548837cb79d52bb2437572\",\"name\":\"Redactia Green24\",\"image\":{\"@type\":\"ImageObject\",\"inLanguage\":\"en-US\",\"@id\":\"https:\/\/www.green24.ro\/#\/schema\/person\/image\/\",\"url\":\"https:\/\/secure.gravatar.com\/avatar\/c9f4d5614769dc0a9dfdfed961c82ea6?s=96&d=mm&r=g\",\"contentUrl\":\"https:\/\/secure.gravatar.com\/avatar\/c9f4d5614769dc0a9dfdfed961c82ea6?s=96&d=mm&r=g\",\"caption\":\"Redactia Green24\"},\"sameAs\":[\"http:\/\/www.green24.ro\"],\"url\":\"https:\/\/www.green24.ro\/index.php\/author\/green24\/\"}]}<\/script>\n<!-- \/ Yoast SEO plugin. -->","yoast_head_json":{"title":"Independen\u021ba energetic\u0103, provocarea momentului \u0219i tema principal\u0103 a Forumului Ora\u0219elor Verzi 2022 - Green24.ro","description":"Dup\u0103 doi ani de pandemie Covid-19 \u0219i un an 2022 \u00eenceput sub auspiciile unui r\u0103zboi \u00een centrul Europei, cea mai mare provocare a statelor UE a devenit g\u0103sirea de solu\u021bii pentru atingerea independen\u021bei energetice. Acum mai mult dec\u00e2t oric\u00e2nd, autorit\u0103\u021bile locale se confrunt\u0103 cu urgen\u021ba tranzi\u021biei c\u0103tre energia regenerabil\u0103 \u0219i cu accelerarea schimb\u0103rii de perspectiv\u0103 \u00een toate domeniile care influen\u021beaz\u0103 poluarea ora\u0219elor: mobilitatea, \u00eenc\u0103lzirea locuin\u021belor, protec\u021bia spa\u021biilor verzi, digitalizarea, managementul de\u0219eurilor, calitatea aerului.","robots":{"index":"index","follow":"follow","max-snippet":"max-snippet:-1","max-image-preview":"max-image-preview:large","max-video-preview":"max-video-preview:-1"},"canonical":"https:\/\/www.green24.ro\/index.php\/2022\/09\/06\/independenta-energetica-provocarea-momentului-si-tema-principala-a-forumului-oraselor-verzi-2022\/","og_locale":"en_US","og_type":"article","og_title":"Independen\u021ba energetic\u0103, provocarea momentului \u0219i tema principal\u0103 a Forumului Ora\u0219elor Verzi 2022 - Green24.ro","og_description":"Dup\u0103 doi ani de pandemie Covid-19 \u0219i un an 2022 \u00eenceput sub auspiciile unui r\u0103zboi \u00een centrul Europei, cea mai mare provocare a statelor UE a devenit g\u0103sirea de solu\u021bii pentru atingerea independen\u021bei energetice. Acum mai mult dec\u00e2t oric\u00e2nd, autorit\u0103\u021bile locale se confrunt\u0103 cu urgen\u021ba tranzi\u021biei c\u0103tre energia regenerabil\u0103 \u0219i cu accelerarea schimb\u0103rii de perspectiv\u0103 \u00een toate domeniile care influen\u021beaz\u0103 poluarea ora\u0219elor: mobilitatea, \u00eenc\u0103lzirea locuin\u021belor, protec\u021bia spa\u021biilor verzi, digitalizarea, managementul de\u0219eurilor, calitatea aerului.","og_url":"https:\/\/www.green24.ro\/index.php\/2022\/09\/06\/independenta-energetica-provocarea-momentului-si-tema-principala-a-forumului-oraselor-verzi-2022\/","og_site_name":"Green24.ro","article_publisher":"https:\/\/www.facebook.com\/green24ro\/","article_published_time":"2022-09-06T09:10:19+00:00","article_modified_time":"2022-09-06T09:10:22+00:00","og_image":[{"width":1600,"height":2000,"url":"https:\/\/www.green24.ro\/wp-content\/uploads\/2022\/09\/adrian-dascal-XAUoCeCQHGY-unsplash.jpeg","type":"image\/jpeg"}],"author":"Redactia Green24","twitter_card":"summary_large_image","twitter_misc":{"Written by":"Redactia Green24","Est. reading time":"6 minutes"},"schema":{"@context":"https:\/\/schema.org","@graph":[{"@type":"Article","@id":"https:\/\/www.green24.ro\/index.php\/2022\/09\/06\/independenta-energetica-provocarea-momentului-si-tema-principala-a-forumului-oraselor-verzi-2022\/#article","isPartOf":{"@id":"https:\/\/www.green24.ro\/index.php\/2022\/09\/06\/independenta-energetica-provocarea-momentului-si-tema-principala-a-forumului-oraselor-verzi-2022\/"},"author":{"name":"Redactia Green24","@id":"https:\/\/www.green24.ro\/#\/schema\/person\/607a8c12d4548837cb79d52bb2437572"},"headline":"Independen\u021ba energetic\u0103, provocarea momentului \u0219i tema principal\u0103 a Forumului Ora\u0219elor Verzi 2022","datePublished":"2022-09-06T09:10:19+00:00","dateModified":"2022-09-06T09:10:22+00:00","mainEntityOfPage":{"@id":"https:\/\/www.green24.ro\/index.php\/2022\/09\/06\/independenta-energetica-provocarea-momentului-si-tema-principala-a-forumului-oraselor-verzi-2022\/"},"wordCount":1213,"commentCount":0,"publisher":{"@id":"https:\/\/www.green24.ro\/#organization"},"image":{"@id":"https:\/\/www.green24.ro\/index.php\/2022\/09\/06\/independenta-energetica-provocarea-momentului-si-tema-principala-a-forumului-oraselor-verzi-2022\/#primaryimage"},"thumbnailUrl":"https:\/\/www.green24.ro\/wp-content\/uploads\/2022\/09\/adrian-dascal-XAUoCeCQHGY-unsplash.jpeg","articleSection":["Blog","Company","General","Legislatie","Prime","Slide"],"inLanguage":"en-US","potentialAction":[{"@type":"CommentAction","name":"Comment","target":["https:\/\/www.green24.ro\/index.php\/2022\/09\/06\/independenta-energetica-provocarea-momentului-si-tema-principala-a-forumului-oraselor-verzi-2022\/#respond"]}]},{"@type":"WebPage","@id":"https:\/\/www.green24.ro\/index.php\/2022\/09\/06\/independenta-energetica-provocarea-momentului-si-tema-principala-a-forumului-oraselor-verzi-2022\/","url":"https:\/\/www.green24.ro\/index.php\/2022\/09\/06\/independenta-energetica-provocarea-momentului-si-tema-principala-a-forumului-oraselor-verzi-2022\/","name":"Independen\u021ba energetic\u0103, provocarea momentului \u0219i tema principal\u0103 a Forumului Ora\u0219elor Verzi 2022 - Green24.ro","isPartOf":{"@id":"https:\/\/www.green24.ro\/#website"},"primaryImageOfPage":{"@id":"https:\/\/www.green24.ro\/index.php\/2022\/09\/06\/independenta-energetica-provocarea-momentului-si-tema-principala-a-forumului-oraselor-verzi-2022\/#primaryimage"},"image":{"@id":"https:\/\/www.green24.ro\/index.php\/2022\/09\/06\/independenta-energetica-provocarea-momentului-si-tema-principala-a-forumului-oraselor-verzi-2022\/#primaryimage"},"thumbnailUrl":"https:\/\/www.green24.ro\/wp-content\/uploads\/2022\/09\/adrian-dascal-XAUoCeCQHGY-unsplash.jpeg","datePublished":"2022-09-06T09:10:19+00:00","dateModified":"2022-09-06T09:10:22+00:00","description":"Dup\u0103 doi ani de pandemie Covid-19 \u0219i un an 2022 \u00eenceput sub auspiciile unui r\u0103zboi \u00een centrul Europei, cea mai mare provocare a statelor UE a devenit g\u0103sirea de solu\u021bii pentru atingerea independen\u021bei energetice. Acum mai mult dec\u00e2t oric\u00e2nd, autorit\u0103\u021bile locale se confrunt\u0103 cu urgen\u021ba tranzi\u021biei c\u0103tre energia regenerabil\u0103 \u0219i cu accelerarea schimb\u0103rii de perspectiv\u0103 \u00een toate domeniile care influen\u021beaz\u0103 poluarea ora\u0219elor: mobilitatea, \u00eenc\u0103lzirea locuin\u021belor, protec\u021bia spa\u021biilor verzi, digitalizarea, managementul de\u0219eurilor, calitatea aerului.","breadcrumb":{"@id":"https:\/\/www.green24.ro\/index.php\/2022\/09\/06\/independenta-energetica-provocarea-momentului-si-tema-principala-a-forumului-oraselor-verzi-2022\/#breadcrumb"},"inLanguage":"en-US","potentialAction":[{"@type":"ReadAction","target":["https:\/\/www.green24.ro\/index.php\/2022\/09\/06\/independenta-energetica-provocarea-momentului-si-tema-principala-a-forumului-oraselor-verzi-2022\/"]}]},{"@type":"ImageObject","inLanguage":"en-US","@id":"https:\/\/www.green24.ro\/index.php\/2022\/09\/06\/independenta-energetica-provocarea-momentului-si-tema-principala-a-forumului-oraselor-verzi-2022\/#primaryimage","url":"https:\/\/www.green24.ro\/wp-content\/uploads\/2022\/09\/adrian-dascal-XAUoCeCQHGY-unsplash.jpeg","contentUrl":"https:\/\/www.green24.ro\/wp-content\/uploads\/2022\/09\/adrian-dascal-XAUoCeCQHGY-unsplash.jpeg","width":1600,"height":2000,"caption":"Independen\u021ba energetic\u0103, provocarea momentului \u0219i tema principal\u0103 a Forumului Ora\u0219elor Verzi 2022"},{"@type":"BreadcrumbList","@id":"https:\/\/www.green24.ro\/index.php\/2022\/09\/06\/independenta-energetica-provocarea-momentului-si-tema-principala-a-forumului-oraselor-verzi-2022\/#breadcrumb","itemListElement":[{"@type":"ListItem","position":1,"name":"Home","item":"https:\/\/www.green24.ro\/"},{"@type":"ListItem","position":2,"name":"Independen\u021ba energetic\u0103, provocarea momentului \u0219i tema principal\u0103 a Forumului Ora\u0219elor Verzi 2022"}]},{"@type":"WebSite","@id":"https:\/\/www.green24.ro\/#website","url":"https:\/\/www.green24.ro\/","name":"Green24.ro","description":"Antreprenoriat verde si responsabilitatea social\u0103","publisher":{"@id":"https:\/\/www.green24.ro\/#organization"},"potentialAction":[{"@type":"SearchAction","target":{"@type":"EntryPoint","urlTemplate":"https:\/\/www.green24.ro\/?s={search_term_string}"},"query-input":{"@type":"PropertyValueSpecification","valueRequired":true,"valueName":"search_term_string"}}],"inLanguage":"en-US"},{"@type":"Organization","@id":"https:\/\/www.green24.ro\/#organization","name":"Green24","url":"https:\/\/www.green24.ro\/","logo":{"@type":"ImageObject","inLanguage":"en-US","@id":"https:\/\/www.green24.ro\/#\/schema\/logo\/image\/","url":"https:\/\/www.green24.ro\/wp-content\/uploads\/2022\/02\/green24-17-e1643806452346.png","contentUrl":"https:\/\/www.green24.ro\/wp-content\/uploads\/2022\/02\/green24-17-e1643806452346.png","width":174,"height":174,"caption":"Green24"},"image":{"@id":"https:\/\/www.green24.ro\/#\/schema\/logo\/image\/"},"sameAs":["https:\/\/www.facebook.com\/green24ro\/"]},{"@type":"Person","@id":"https:\/\/www.green24.ro\/#\/schema\/person\/607a8c12d4548837cb79d52bb2437572","name":"Redactia Green24","image":{"@type":"ImageObject","inLanguage":"en-US","@id":"https:\/\/www.green24.ro\/#\/schema\/person\/image\/","url":"https:\/\/secure.gravatar.com\/avatar\/c9f4d5614769dc0a9dfdfed961c82ea6?s=96&d=mm&r=g","contentUrl":"https:\/\/secure.gravatar.com\/avatar\/c9f4d5614769dc0a9dfdfed961c82ea6?s=96&d=mm&r=g","caption":"Redactia Green24"},"sameAs":["http:\/\/www.green24.ro"],"url":"https:\/\/www.green24.ro\/index.php\/author\/green24\/"}]}},"jetpack_publicize_connections":[],"jetpack_featured_media_url":"https:\/\/www.green24.ro\/wp-content\/uploads\/2022\/09\/adrian-dascal-XAUoCeCQHGY-unsplash.jpeg","jetpack_sharing_enabled":true,"_links":{"self":[{"href":"https:\/\/www.green24.ro\/index.php\/wp-json\/wp\/v2\/posts\/1399","targetHints":{"allow":["GET"]}}],"collection":[{"href":"https:\/\/www.green24.ro\/index.php\/wp-json\/wp\/v2\/posts"}],"about":[{"href":"https:\/\/www.green24.ro\/index.php\/wp-json\/wp\/v2\/types\/post"}],"author":[{"embeddable":true,"href":"https:\/\/www.green24.ro\/index.php\/wp-json\/wp\/v2\/users\/3"}],"replies":[{"embeddable":true,"href":"https:\/\/www.green24.ro\/index.php\/wp-json\/wp\/v2\/comments?post=1399"}],"version-history":[{"count":1,"href":"https:\/\/www.green24.ro\/index.php\/wp-json\/wp\/v2\/posts\/1399\/revisions"}],"predecessor-version":[{"id":1401,"href":"https:\/\/www.green24.ro\/index.php\/wp-json\/wp\/v2\/posts\/1399\/revisions\/1401"}],"wp:featuredmedia":[{"embeddable":true,"href":"https:\/\/www.green24.ro\/index.php\/wp-json\/wp\/v2\/media\/1400"}],"wp:attachment":[{"href":"https:\/\/www.green24.ro\/index.php\/wp-json\/wp\/v2\/media?parent=1399"}],"wp:term":[{"taxonomy":"category","embeddable":true,"href":"https:\/\/www.green24.ro\/index.php\/wp-json\/wp\/v2\/categories?post=1399"},{"taxonomy":"post_tag","embeddable":true,"href":"https:\/\/www.green24.ro\/index.php\/wp-json\/wp\/v2\/tags?post=1399"}],"curies":[{"name":"wp","href":"https:\/\/api.w.org\/{rel}","templated":true}]}}