{"id":1395,"date":"2022-09-05T08:12:36","date_gmt":"2022-09-05T06:12:36","guid":{"rendered":"https:\/\/www.green24.ro\/?p=1395"},"modified":"2022-09-05T08:12:38","modified_gmt":"2022-09-05T06:12:38","slug":"concentratiile-atmosferice-de-gaze-cu-efect-de-sera-au-atins-niveluri-record-in-2021","status":"publish","type":"post","link":"https:\/\/www.green24.ro\/index.php\/2022\/09\/05\/concentratiile-atmosferice-de-gaze-cu-efect-de-sera-au-atins-niveluri-record-in-2021\/","title":{"rendered":"Concentra\u021biile atmosferice de gaze cu efect de ser\u0103 au atins niveluri record \u00een 2021"},"content":{"rendered":"<p style=\"text-align: justify;\"><strong>Concentra\u0163iile atmosferice de gaze cu efect de ser\u0103, responsabile pentru \u00eenc\u0103lzirea planetei noastre, au atins niveluri record \u00een 2021, la fel \u015fi nivelul oceanelor, a anun\u0163at miercuri Administra\u0163ia Na\u0163ional\u0103 Oceanic\u0103 \u015fi Atmosferic\u0103 din Statele Unite (NOAA), informeaz\u0103 AFP.<\/strong><\/p>\n<p style=\"text-align: justify;\">\u00cen contextul \u00een care emisiile de gaze cu efect de ser\u0103 au re\u00eenceput s\u0103 creasc\u0103 dup\u0103 criza sanitar\u0103 provocat\u0103 de pandemia de COVID-19, concentra\u0163ia de CO2 din atmosfera P\u0103m\u00e2ntului a atins anul trecut valoarea medie de 414,7 p\u0103r\u0163i per milion (ppm), potrivit raportului anual american \u00een privin\u0163a climei, realizat de cercet\u0103torii de la NOAA. Aceast\u0103 valoare este cu 2,3 ppm mai mare dec\u00e2t cea din 2020 \u015fi reprezint\u0103 un record de la \u00eenceputul m\u0103sur\u0103torilor de acest tip. Totodat\u0103, este cea mai mare valoare de CO2 acumulat \u00een atmosfera Terrei \u00een ultimul milion de ani.<\/p>\n<p style=\"text-align: justify;\">Concentra\u0163iile de metan, un gaz care nu rezist\u0103 dec\u00e2t 10 ani \u00een atmosfer\u0103, dar care are o putere de \u00eenc\u0103lzire de 80 de ori mai mare dec\u00e2t CO2 \u00eentr-o perioad\u0103 de 20 de ani, au atins la r\u00e2ndul lor un nivel record, potrivit comunicatului publicat miercuri de NOAA, care noteaz\u0103 o accelerare important\u0103 a cre\u015fterii anuale a nivelurilor de metan \u00een ultimii ani.<\/p>\n<p style=\"text-align: justify;\">\u00cen ceea ce prive\u015fte consecin\u0163ele generate de \u00eenc\u0103lzirea climei de pe Terra, nivelul mediu al oceanelor a crescut pentru al doilea an consecutiv \u015fi a atins la r\u00e2ndul lui o valoare record, fiind cu 0,97 centimetri peste nivelul din 1993, anul \u00een care au \u00eenceput s\u0103 fie realizate m\u0103sur\u0103tori din satelit.<\/p>\n<p style=\"text-align: justify;\">Temperatura medie de pe Terra a crescut cu aproape 1,2 grade Celsius \u00een raport cu era preindustrial\u0103, provoc\u00e2nd deja o \u00eenmul\u0163ire a evenimentelor meteorologice extreme, precum canicule, furtuni, secete \u015fi inunda\u0163ii.<\/p>\n<p style=\"text-align: justify;\">Iar acesta este doar \u00eenceputul. \u00cen condi\u0163iile \u00een care orice zecime de grad Celsius conteaz\u0103, planeta noastr\u0103 se \u00eendreapt\u0103 spre o \u00eenc\u0103lzire cu +2,8 grade Celsius p\u00e2n\u0103 \u00een anul 2100 chiar dac\u0103 angajamentele luate de statele lumii \u00een cadrul Acordului pentru clim\u0103 de la Paris vor fi respectate, potrivit Grupului interguvernamental de exper\u0163i \u00een evolu\u0163ia climei (GIEC).<\/p>\n<p style=\"text-align: justify;\">\u201e<em>Datele prezentate \u00een acest raport sunt clare: vom continua s\u0103 vedem tot mai multe dovezi \u015ftiin\u0163ifice despre impacturile globale ale \u00eenc\u0103lzirii climei, care nu prezint\u0103 niciun semn de \u00eencetinire<\/em>\u201e, a declarat Rick Spinrad, administratorul general al NOAA.<\/p>\n<p style=\"text-align: justify;\">\u201e<em>Cu numeroase comunit\u0103\u0163i lovite de inunda\u0163ii care se produc o dat\u0103 la un mileniu, secete excep\u0163ionale \u015fi o c\u0103ldur\u0103 istoric\u0103 \u00een acest an, toate aceste lucruri ne arat\u0103 c\u0103 criza climatic\u0103 nu este o amenin\u0163are care va veni \u00een viitor, ci este ceva cu care trebuie s\u0103 ne confrunt\u0103m ast\u0103zi\u201d<\/em>, a ad\u0103ugat oficialul american.<\/p>\n<pre>sursa: <a href=\"https:\/\/green-report.ro\/concentratiile-atmosferice-de-gaze-cu-efect-de-sera-au-atins-niveluri-record-in-2021\/\">green-report,<\/a> AFP, <a href=\"https:\/\/oil-gas.com.ua\/uploads\/2021\/dreamstime_xxl_67650817.jpg\">image<\/a><\/pre>\n","protected":false},"excerpt":{"rendered":"<p>Concentra\u0163iile atmosferice de gaze cu efect de ser\u0103, responsabile pentru \u00eenc\u0103lzirea planetei noastre, au atins niveluri record \u00een 2021, la fel \u015fi nivelul oceanelor, a anun\u0163at miercuri Administra\u0163ia Na\u0163ional\u0103 Oceanic\u0103 \u015fi Atmosferic\u0103 din Statele Unite (NOAA), informeaz\u0103 AFP. \u00cen contextul \u00een care emisiile de gaze cu efect de ser\u0103 au [&hellip;]<\/p>\n","protected":false},"author":3,"featured_media":1396,"comment_status":"open","ping_status":"open","sticky":false,"template":"","format":"standard","meta":{"content-type":"","footnotes":"","jetpack_publicize_message":"","jetpack_publicize_feature_enabled":true,"jetpack_social_post_already_shared":true,"jetpack_social_options":{"image_generator_settings":{"template":"highway","default_image_id":0,"font":"","enabled":false},"version":2}},"categories":[5,9,1,3,6,10],"tags":[],"class_list":["post-1395","post","type-post","status-publish","format-standard","has-post-thumbnail","hentry","category-blog","category-company","category-general","category-legislatie","category-prime","category-slide"],"yoast_head":"<!-- This site is optimized with the Yoast SEO plugin v24.9 - https:\/\/yoast.com\/wordpress\/plugins\/seo\/ -->\n<title>Concentra\u021biile atmosferice de gaze cu efect de ser\u0103 au atins niveluri record \u00een 2021 - Green24.ro<\/title>\n<meta name=\"description\" content=\"Concentra\u0163iile atmosferice de gaze cu efect de ser\u0103, responsabile pentru \u00eenc\u0103lzirea planetei noastre, au atins niveluri record \u00een 2021, la fel \u015fi nivelul oceanelor, a anun\u0163at miercuri Administra\u0163ia Na\u0163ional\u0103 Oceanic\u0103 \u015fi Atmosferic\u0103 din Statele Unite (NOAA), informeaz\u0103 AFP.\" \/>\n<meta name=\"robots\" content=\"index, follow, max-snippet:-1, max-image-preview:large, max-video-preview:-1\" \/>\n<link rel=\"canonical\" href=\"https:\/\/www.green24.ro\/index.php\/2022\/09\/05\/concentratiile-atmosferice-de-gaze-cu-efect-de-sera-au-atins-niveluri-record-in-2021\/\" \/>\n<meta property=\"og:locale\" content=\"en_US\" \/>\n<meta property=\"og:type\" content=\"article\" \/>\n<meta property=\"og:title\" content=\"Concentra\u021biile atmosferice de gaze cu efect de ser\u0103 au atins niveluri record \u00een 2021 - Green24.ro\" \/>\n<meta property=\"og:description\" content=\"Concentra\u0163iile atmosferice de gaze cu efect de ser\u0103, responsabile pentru \u00eenc\u0103lzirea planetei noastre, au atins niveluri record \u00een 2021, la fel \u015fi nivelul oceanelor, a anun\u0163at miercuri Administra\u0163ia Na\u0163ional\u0103 Oceanic\u0103 \u015fi Atmosferic\u0103 din Statele Unite (NOAA), informeaz\u0103 AFP.\" \/>\n<meta property=\"og:url\" content=\"https:\/\/www.green24.ro\/index.php\/2022\/09\/05\/concentratiile-atmosferice-de-gaze-cu-efect-de-sera-au-atins-niveluri-record-in-2021\/\" \/>\n<meta property=\"og:site_name\" content=\"Green24.ro\" \/>\n<meta property=\"article:publisher\" content=\"https:\/\/www.facebook.com\/green24ro\/\" \/>\n<meta property=\"article:published_time\" content=\"2022-09-05T06:12:36+00:00\" \/>\n<meta property=\"article:modified_time\" content=\"2022-09-05T06:12:38+00:00\" \/>\n<meta property=\"og:image\" content=\"https:\/\/www.green24.ro\/wp-content\/uploads\/2022\/09\/dreamstime_xxl_67650817.jpeg\" \/>\n\t<meta property=\"og:image:width\" content=\"2000\" \/>\n\t<meta property=\"og:image:height\" content=\"1335\" \/>\n\t<meta property=\"og:image:type\" content=\"image\/jpeg\" \/>\n<meta name=\"author\" content=\"Redactia Green24\" \/>\n<meta name=\"twitter:card\" content=\"summary_large_image\" \/>\n<meta name=\"twitter:label1\" content=\"Written by\" \/>\n\t<meta name=\"twitter:data1\" content=\"Redactia Green24\" \/>\n\t<meta name=\"twitter:label2\" content=\"Est. reading time\" \/>\n\t<meta name=\"twitter:data2\" content=\"2 minutes\" \/>\n<script type=\"application\/ld+json\" class=\"yoast-schema-graph\">{\"@context\":\"https:\/\/schema.org\",\"@graph\":[{\"@type\":\"Article\",\"@id\":\"https:\/\/www.green24.ro\/index.php\/2022\/09\/05\/concentratiile-atmosferice-de-gaze-cu-efect-de-sera-au-atins-niveluri-record-in-2021\/#article\",\"isPartOf\":{\"@id\":\"https:\/\/www.green24.ro\/index.php\/2022\/09\/05\/concentratiile-atmosferice-de-gaze-cu-efect-de-sera-au-atins-niveluri-record-in-2021\/\"},\"author\":{\"name\":\"Redactia Green24\",\"@id\":\"https:\/\/www.green24.ro\/#\/schema\/person\/607a8c12d4548837cb79d52bb2437572\"},\"headline\":\"Concentra\u021biile atmosferice de gaze cu efect de ser\u0103 au atins niveluri record \u00een 2021\",\"datePublished\":\"2022-09-05T06:12:36+00:00\",\"dateModified\":\"2022-09-05T06:12:38+00:00\",\"mainEntityOfPage\":{\"@id\":\"https:\/\/www.green24.ro\/index.php\/2022\/09\/05\/concentratiile-atmosferice-de-gaze-cu-efect-de-sera-au-atins-niveluri-record-in-2021\/\"},\"wordCount\":473,\"commentCount\":0,\"publisher\":{\"@id\":\"https:\/\/www.green24.ro\/#organization\"},\"image\":{\"@id\":\"https:\/\/www.green24.ro\/index.php\/2022\/09\/05\/concentratiile-atmosferice-de-gaze-cu-efect-de-sera-au-atins-niveluri-record-in-2021\/#primaryimage\"},\"thumbnailUrl\":\"https:\/\/www.green24.ro\/wp-content\/uploads\/2022\/09\/dreamstime_xxl_67650817.jpeg\",\"articleSection\":[\"Blog\",\"Company\",\"General\",\"Legislatie\",\"Prime\",\"Slide\"],\"inLanguage\":\"en-US\",\"potentialAction\":[{\"@type\":\"CommentAction\",\"name\":\"Comment\",\"target\":[\"https:\/\/www.green24.ro\/index.php\/2022\/09\/05\/concentratiile-atmosferice-de-gaze-cu-efect-de-sera-au-atins-niveluri-record-in-2021\/#respond\"]}]},{\"@type\":\"WebPage\",\"@id\":\"https:\/\/www.green24.ro\/index.php\/2022\/09\/05\/concentratiile-atmosferice-de-gaze-cu-efect-de-sera-au-atins-niveluri-record-in-2021\/\",\"url\":\"https:\/\/www.green24.ro\/index.php\/2022\/09\/05\/concentratiile-atmosferice-de-gaze-cu-efect-de-sera-au-atins-niveluri-record-in-2021\/\",\"name\":\"Concentra\u021biile atmosferice de gaze cu efect de ser\u0103 au atins niveluri record \u00een 2021 - Green24.ro\",\"isPartOf\":{\"@id\":\"https:\/\/www.green24.ro\/#website\"},\"primaryImageOfPage\":{\"@id\":\"https:\/\/www.green24.ro\/index.php\/2022\/09\/05\/concentratiile-atmosferice-de-gaze-cu-efect-de-sera-au-atins-niveluri-record-in-2021\/#primaryimage\"},\"image\":{\"@id\":\"https:\/\/www.green24.ro\/index.php\/2022\/09\/05\/concentratiile-atmosferice-de-gaze-cu-efect-de-sera-au-atins-niveluri-record-in-2021\/#primaryimage\"},\"thumbnailUrl\":\"https:\/\/www.green24.ro\/wp-content\/uploads\/2022\/09\/dreamstime_xxl_67650817.jpeg\",\"datePublished\":\"2022-09-05T06:12:36+00:00\",\"dateModified\":\"2022-09-05T06:12:38+00:00\",\"description\":\"Concentra\u0163iile atmosferice de gaze cu efect de ser\u0103, responsabile pentru \u00eenc\u0103lzirea planetei noastre, au atins niveluri record \u00een 2021, la fel \u015fi nivelul oceanelor, a anun\u0163at miercuri Administra\u0163ia Na\u0163ional\u0103 Oceanic\u0103 \u015fi Atmosferic\u0103 din Statele Unite (NOAA), informeaz\u0103 AFP.\",\"breadcrumb\":{\"@id\":\"https:\/\/www.green24.ro\/index.php\/2022\/09\/05\/concentratiile-atmosferice-de-gaze-cu-efect-de-sera-au-atins-niveluri-record-in-2021\/#breadcrumb\"},\"inLanguage\":\"en-US\",\"potentialAction\":[{\"@type\":\"ReadAction\",\"target\":[\"https:\/\/www.green24.ro\/index.php\/2022\/09\/05\/concentratiile-atmosferice-de-gaze-cu-efect-de-sera-au-atins-niveluri-record-in-2021\/\"]}]},{\"@type\":\"ImageObject\",\"inLanguage\":\"en-US\",\"@id\":\"https:\/\/www.green24.ro\/index.php\/2022\/09\/05\/concentratiile-atmosferice-de-gaze-cu-efect-de-sera-au-atins-niveluri-record-in-2021\/#primaryimage\",\"url\":\"https:\/\/www.green24.ro\/wp-content\/uploads\/2022\/09\/dreamstime_xxl_67650817.jpeg\",\"contentUrl\":\"https:\/\/www.green24.ro\/wp-content\/uploads\/2022\/09\/dreamstime_xxl_67650817.jpeg\",\"width\":2000,\"height\":1335,\"caption\":\"Concentra\u021biile atmosferice de gaze cu efect de ser\u0103 au atins niveluri record \u00een 2021\"},{\"@type\":\"BreadcrumbList\",\"@id\":\"https:\/\/www.green24.ro\/index.php\/2022\/09\/05\/concentratiile-atmosferice-de-gaze-cu-efect-de-sera-au-atins-niveluri-record-in-2021\/#breadcrumb\",\"itemListElement\":[{\"@type\":\"ListItem\",\"position\":1,\"name\":\"Home\",\"item\":\"https:\/\/www.green24.ro\/\"},{\"@type\":\"ListItem\",\"position\":2,\"name\":\"Concentra\u021biile atmosferice de gaze cu efect de ser\u0103 au atins niveluri record \u00een 2021\"}]},{\"@type\":\"WebSite\",\"@id\":\"https:\/\/www.green24.ro\/#website\",\"url\":\"https:\/\/www.green24.ro\/\",\"name\":\"Green24.ro\",\"description\":\"Antreprenoriat verde si responsabilitatea social\u0103\",\"publisher\":{\"@id\":\"https:\/\/www.green24.ro\/#organization\"},\"potentialAction\":[{\"@type\":\"SearchAction\",\"target\":{\"@type\":\"EntryPoint\",\"urlTemplate\":\"https:\/\/www.green24.ro\/?s={search_term_string}\"},\"query-input\":{\"@type\":\"PropertyValueSpecification\",\"valueRequired\":true,\"valueName\":\"search_term_string\"}}],\"inLanguage\":\"en-US\"},{\"@type\":\"Organization\",\"@id\":\"https:\/\/www.green24.ro\/#organization\",\"name\":\"Green24\",\"url\":\"https:\/\/www.green24.ro\/\",\"logo\":{\"@type\":\"ImageObject\",\"inLanguage\":\"en-US\",\"@id\":\"https:\/\/www.green24.ro\/#\/schema\/logo\/image\/\",\"url\":\"https:\/\/www.green24.ro\/wp-content\/uploads\/2022\/02\/green24-17-e1643806452346.png\",\"contentUrl\":\"https:\/\/www.green24.ro\/wp-content\/uploads\/2022\/02\/green24-17-e1643806452346.png\",\"width\":174,\"height\":174,\"caption\":\"Green24\"},\"image\":{\"@id\":\"https:\/\/www.green24.ro\/#\/schema\/logo\/image\/\"},\"sameAs\":[\"https:\/\/www.facebook.com\/green24ro\/\"]},{\"@type\":\"Person\",\"@id\":\"https:\/\/www.green24.ro\/#\/schema\/person\/607a8c12d4548837cb79d52bb2437572\",\"name\":\"Redactia Green24\",\"image\":{\"@type\":\"ImageObject\",\"inLanguage\":\"en-US\",\"@id\":\"https:\/\/www.green24.ro\/#\/schema\/person\/image\/\",\"url\":\"https:\/\/secure.gravatar.com\/avatar\/c9f4d5614769dc0a9dfdfed961c82ea6?s=96&d=mm&r=g\",\"contentUrl\":\"https:\/\/secure.gravatar.com\/avatar\/c9f4d5614769dc0a9dfdfed961c82ea6?s=96&d=mm&r=g\",\"caption\":\"Redactia Green24\"},\"sameAs\":[\"http:\/\/www.green24.ro\"],\"url\":\"https:\/\/www.green24.ro\/index.php\/author\/green24\/\"}]}<\/script>\n<!-- \/ Yoast SEO plugin. -->","yoast_head_json":{"title":"Concentra\u021biile atmosferice de gaze cu efect de ser\u0103 au atins niveluri record \u00een 2021 - Green24.ro","description":"Concentra\u0163iile atmosferice de gaze cu efect de ser\u0103, responsabile pentru \u00eenc\u0103lzirea planetei noastre, au atins niveluri record \u00een 2021, la fel \u015fi nivelul oceanelor, a anun\u0163at miercuri Administra\u0163ia Na\u0163ional\u0103 Oceanic\u0103 \u015fi Atmosferic\u0103 din Statele Unite (NOAA), informeaz\u0103 AFP.","robots":{"index":"index","follow":"follow","max-snippet":"max-snippet:-1","max-image-preview":"max-image-preview:large","max-video-preview":"max-video-preview:-1"},"canonical":"https:\/\/www.green24.ro\/index.php\/2022\/09\/05\/concentratiile-atmosferice-de-gaze-cu-efect-de-sera-au-atins-niveluri-record-in-2021\/","og_locale":"en_US","og_type":"article","og_title":"Concentra\u021biile atmosferice de gaze cu efect de ser\u0103 au atins niveluri record \u00een 2021 - Green24.ro","og_description":"Concentra\u0163iile atmosferice de gaze cu efect de ser\u0103, responsabile pentru \u00eenc\u0103lzirea planetei noastre, au atins niveluri record \u00een 2021, la fel \u015fi nivelul oceanelor, a anun\u0163at miercuri Administra\u0163ia Na\u0163ional\u0103 Oceanic\u0103 \u015fi Atmosferic\u0103 din Statele Unite (NOAA), informeaz\u0103 AFP.","og_url":"https:\/\/www.green24.ro\/index.php\/2022\/09\/05\/concentratiile-atmosferice-de-gaze-cu-efect-de-sera-au-atins-niveluri-record-in-2021\/","og_site_name":"Green24.ro","article_publisher":"https:\/\/www.facebook.com\/green24ro\/","article_published_time":"2022-09-05T06:12:36+00:00","article_modified_time":"2022-09-05T06:12:38+00:00","og_image":[{"width":2000,"height":1335,"url":"https:\/\/www.green24.ro\/wp-content\/uploads\/2022\/09\/dreamstime_xxl_67650817.jpeg","type":"image\/jpeg"}],"author":"Redactia Green24","twitter_card":"summary_large_image","twitter_misc":{"Written by":"Redactia Green24","Est. reading time":"2 minutes"},"schema":{"@context":"https:\/\/schema.org","@graph":[{"@type":"Article","@id":"https:\/\/www.green24.ro\/index.php\/2022\/09\/05\/concentratiile-atmosferice-de-gaze-cu-efect-de-sera-au-atins-niveluri-record-in-2021\/#article","isPartOf":{"@id":"https:\/\/www.green24.ro\/index.php\/2022\/09\/05\/concentratiile-atmosferice-de-gaze-cu-efect-de-sera-au-atins-niveluri-record-in-2021\/"},"author":{"name":"Redactia Green24","@id":"https:\/\/www.green24.ro\/#\/schema\/person\/607a8c12d4548837cb79d52bb2437572"},"headline":"Concentra\u021biile atmosferice de gaze cu efect de ser\u0103 au atins niveluri record \u00een 2021","datePublished":"2022-09-05T06:12:36+00:00","dateModified":"2022-09-05T06:12:38+00:00","mainEntityOfPage":{"@id":"https:\/\/www.green24.ro\/index.php\/2022\/09\/05\/concentratiile-atmosferice-de-gaze-cu-efect-de-sera-au-atins-niveluri-record-in-2021\/"},"wordCount":473,"commentCount":0,"publisher":{"@id":"https:\/\/www.green24.ro\/#organization"},"image":{"@id":"https:\/\/www.green24.ro\/index.php\/2022\/09\/05\/concentratiile-atmosferice-de-gaze-cu-efect-de-sera-au-atins-niveluri-record-in-2021\/#primaryimage"},"thumbnailUrl":"https:\/\/www.green24.ro\/wp-content\/uploads\/2022\/09\/dreamstime_xxl_67650817.jpeg","articleSection":["Blog","Company","General","Legislatie","Prime","Slide"],"inLanguage":"en-US","potentialAction":[{"@type":"CommentAction","name":"Comment","target":["https:\/\/www.green24.ro\/index.php\/2022\/09\/05\/concentratiile-atmosferice-de-gaze-cu-efect-de-sera-au-atins-niveluri-record-in-2021\/#respond"]}]},{"@type":"WebPage","@id":"https:\/\/www.green24.ro\/index.php\/2022\/09\/05\/concentratiile-atmosferice-de-gaze-cu-efect-de-sera-au-atins-niveluri-record-in-2021\/","url":"https:\/\/www.green24.ro\/index.php\/2022\/09\/05\/concentratiile-atmosferice-de-gaze-cu-efect-de-sera-au-atins-niveluri-record-in-2021\/","name":"Concentra\u021biile atmosferice de gaze cu efect de ser\u0103 au atins niveluri record \u00een 2021 - Green24.ro","isPartOf":{"@id":"https:\/\/www.green24.ro\/#website"},"primaryImageOfPage":{"@id":"https:\/\/www.green24.ro\/index.php\/2022\/09\/05\/concentratiile-atmosferice-de-gaze-cu-efect-de-sera-au-atins-niveluri-record-in-2021\/#primaryimage"},"image":{"@id":"https:\/\/www.green24.ro\/index.php\/2022\/09\/05\/concentratiile-atmosferice-de-gaze-cu-efect-de-sera-au-atins-niveluri-record-in-2021\/#primaryimage"},"thumbnailUrl":"https:\/\/www.green24.ro\/wp-content\/uploads\/2022\/09\/dreamstime_xxl_67650817.jpeg","datePublished":"2022-09-05T06:12:36+00:00","dateModified":"2022-09-05T06:12:38+00:00","description":"Concentra\u0163iile atmosferice de gaze cu efect de ser\u0103, responsabile pentru \u00eenc\u0103lzirea planetei noastre, au atins niveluri record \u00een 2021, la fel \u015fi nivelul oceanelor, a anun\u0163at miercuri Administra\u0163ia Na\u0163ional\u0103 Oceanic\u0103 \u015fi Atmosferic\u0103 din Statele Unite (NOAA), informeaz\u0103 AFP.","breadcrumb":{"@id":"https:\/\/www.green24.ro\/index.php\/2022\/09\/05\/concentratiile-atmosferice-de-gaze-cu-efect-de-sera-au-atins-niveluri-record-in-2021\/#breadcrumb"},"inLanguage":"en-US","potentialAction":[{"@type":"ReadAction","target":["https:\/\/www.green24.ro\/index.php\/2022\/09\/05\/concentratiile-atmosferice-de-gaze-cu-efect-de-sera-au-atins-niveluri-record-in-2021\/"]}]},{"@type":"ImageObject","inLanguage":"en-US","@id":"https:\/\/www.green24.ro\/index.php\/2022\/09\/05\/concentratiile-atmosferice-de-gaze-cu-efect-de-sera-au-atins-niveluri-record-in-2021\/#primaryimage","url":"https:\/\/www.green24.ro\/wp-content\/uploads\/2022\/09\/dreamstime_xxl_67650817.jpeg","contentUrl":"https:\/\/www.green24.ro\/wp-content\/uploads\/2022\/09\/dreamstime_xxl_67650817.jpeg","width":2000,"height":1335,"caption":"Concentra\u021biile atmosferice de gaze cu efect de ser\u0103 au atins niveluri record \u00een 2021"},{"@type":"BreadcrumbList","@id":"https:\/\/www.green24.ro\/index.php\/2022\/09\/05\/concentratiile-atmosferice-de-gaze-cu-efect-de-sera-au-atins-niveluri-record-in-2021\/#breadcrumb","itemListElement":[{"@type":"ListItem","position":1,"name":"Home","item":"https:\/\/www.green24.ro\/"},{"@type":"ListItem","position":2,"name":"Concentra\u021biile atmosferice de gaze cu efect de ser\u0103 au atins niveluri record \u00een 2021"}]},{"@type":"WebSite","@id":"https:\/\/www.green24.ro\/#website","url":"https:\/\/www.green24.ro\/","name":"Green24.ro","description":"Antreprenoriat verde si responsabilitatea social\u0103","publisher":{"@id":"https:\/\/www.green24.ro\/#organization"},"potentialAction":[{"@type":"SearchAction","target":{"@type":"EntryPoint","urlTemplate":"https:\/\/www.green24.ro\/?s={search_term_string}"},"query-input":{"@type":"PropertyValueSpecification","valueRequired":true,"valueName":"search_term_string"}}],"inLanguage":"en-US"},{"@type":"Organization","@id":"https:\/\/www.green24.ro\/#organization","name":"Green24","url":"https:\/\/www.green24.ro\/","logo":{"@type":"ImageObject","inLanguage":"en-US","@id":"https:\/\/www.green24.ro\/#\/schema\/logo\/image\/","url":"https:\/\/www.green24.ro\/wp-content\/uploads\/2022\/02\/green24-17-e1643806452346.png","contentUrl":"https:\/\/www.green24.ro\/wp-content\/uploads\/2022\/02\/green24-17-e1643806452346.png","width":174,"height":174,"caption":"Green24"},"image":{"@id":"https:\/\/www.green24.ro\/#\/schema\/logo\/image\/"},"sameAs":["https:\/\/www.facebook.com\/green24ro\/"]},{"@type":"Person","@id":"https:\/\/www.green24.ro\/#\/schema\/person\/607a8c12d4548837cb79d52bb2437572","name":"Redactia Green24","image":{"@type":"ImageObject","inLanguage":"en-US","@id":"https:\/\/www.green24.ro\/#\/schema\/person\/image\/","url":"https:\/\/secure.gravatar.com\/avatar\/c9f4d5614769dc0a9dfdfed961c82ea6?s=96&d=mm&r=g","contentUrl":"https:\/\/secure.gravatar.com\/avatar\/c9f4d5614769dc0a9dfdfed961c82ea6?s=96&d=mm&r=g","caption":"Redactia Green24"},"sameAs":["http:\/\/www.green24.ro"],"url":"https:\/\/www.green24.ro\/index.php\/author\/green24\/"}]}},"jetpack_publicize_connections":[],"jetpack_featured_media_url":"https:\/\/www.green24.ro\/wp-content\/uploads\/2022\/09\/dreamstime_xxl_67650817.jpeg","jetpack_sharing_enabled":true,"_links":{"self":[{"href":"https:\/\/www.green24.ro\/index.php\/wp-json\/wp\/v2\/posts\/1395","targetHints":{"allow":["GET"]}}],"collection":[{"href":"https:\/\/www.green24.ro\/index.php\/wp-json\/wp\/v2\/posts"}],"about":[{"href":"https:\/\/www.green24.ro\/index.php\/wp-json\/wp\/v2\/types\/post"}],"author":[{"embeddable":true,"href":"https:\/\/www.green24.ro\/index.php\/wp-json\/wp\/v2\/users\/3"}],"replies":[{"embeddable":true,"href":"https:\/\/www.green24.ro\/index.php\/wp-json\/wp\/v2\/comments?post=1395"}],"version-history":[{"count":1,"href":"https:\/\/www.green24.ro\/index.php\/wp-json\/wp\/v2\/posts\/1395\/revisions"}],"predecessor-version":[{"id":1397,"href":"https:\/\/www.green24.ro\/index.php\/wp-json\/wp\/v2\/posts\/1395\/revisions\/1397"}],"wp:featuredmedia":[{"embeddable":true,"href":"https:\/\/www.green24.ro\/index.php\/wp-json\/wp\/v2\/media\/1396"}],"wp:attachment":[{"href":"https:\/\/www.green24.ro\/index.php\/wp-json\/wp\/v2\/media?parent=1395"}],"wp:term":[{"taxonomy":"category","embeddable":true,"href":"https:\/\/www.green24.ro\/index.php\/wp-json\/wp\/v2\/categories?post=1395"},{"taxonomy":"post_tag","embeddable":true,"href":"https:\/\/www.green24.ro\/index.php\/wp-json\/wp\/v2\/tags?post=1395"}],"curies":[{"name":"wp","href":"https:\/\/api.w.org\/{rel}","templated":true}]}}