{"id":1383,"date":"2022-09-01T08:06:25","date_gmt":"2022-09-01T06:06:25","guid":{"rendered":"https:\/\/www.green24.ro\/?p=1383"},"modified":"2022-09-01T08:06:29","modified_gmt":"2022-09-01T06:06:29","slug":"exportul-de-substante-chimice-si-deseuri-periculoase-de-catre-state-care-nu-le-pot-gestiona-trebuie-restrictionat","status":"publish","type":"post","link":"https:\/\/www.green24.ro\/index.php\/2022\/09\/01\/exportul-de-substante-chimice-si-deseuri-periculoase-de-catre-state-care-nu-le-pot-gestiona-trebuie-restrictionat\/","title":{"rendered":"Exportul de substan\u021be chimice \u0219i de\u0219euri periculoase de c\u0103tre state care nu le pot gestiona trebuie restric\u021bionat"},"content":{"rendered":"<p><em>\u201dExportul de substan\u021be chimice \u0219i de\u0219euri periculoase de c\u0103tre state care nu le pot gestiona trebuie restric\u021bionat\u201d &#8211; afirma ministrul Mediului, Apelor \u015fi P\u0103durilor, Barna Tanczos<\/em><\/p>\n<p style=\"text-align: justify;\">Trebuie identificate solu\u0163ii pentru a restric\u0163iona exportul de substan\u0163e chimice \u015fi de\u015feuri periculoase de c\u0103tre state care nu le pot gestiona \u015fi nu au capacitatea de a face acest lucru, a declarat, luni, ministrul Mediului, Apelor \u015fi P\u0103durilor, Barna Tanczos, la sesiunea plenar\u0103 a celei de-a IV-a \u00eent\u00e2lniri a procesului intersesional al Abord\u0103rii Strategice \u015fi Managementul consolidat al substan\u0163elor chimice \u015fi de\u015feurilor.<\/p>\n<p style=\"text-align: justify;\">&#8220;Av\u00e2nd \u00een vedere c\u0103 substan\u0163ele chimice \u015fi de\u015feurile afecteaz\u0103 toate aspectele dezvolt\u0103rii, gestionarea corect\u0103 a acestora este relevant\u0103 \u015fi sprijin\u0103 punerea \u00een aplicare a mai multor alte obiective de dezvoltare durabil\u0103, dac\u0103 nu a tuturor. \u00cen ciuda acestor obiective ambi\u0163ioase, procesul \u015fi gestionarea de\u015feurilor \u015fi a substan\u0163elor chimice este destul de lent. Consider\u0103m c\u0103 este nevoie de o mai mare mobilizare \u015fi aloc\u0103ri de resurse pentru a accelera acest proces. Suntem convin\u015fi c\u0103 abordarea multisectorial\u0103 este cheia succesului \u00een noul cadru. Ministerul Mediului, Apelor \u015fi P\u0103durilor, \u00een calitate de autoritate central\u0103 pentru mediu, consider\u0103 c\u0103 un angajament comun de a proteja s\u0103n\u0103tatea uman\u0103 \u015fi mediul prin dezvoltarea, \u00een continuare, a recomand\u0103rilor pentru cadrul global de management consolidat al substan\u0163elor chimice \u015fi de\u015feurilor dup\u0103 2020 este cea mai bun\u0103 cale de urmat. Trebuie identificate solu\u0163ii pentru a restric\u0163iona exportul de substan\u0163e chimice \u015fi de\u015feuri periculoase de c\u0103tre state care nu le pot gestiona, care nu au capacitatea de a o face. O preocupare \u015fi o aten\u0163ie major\u0103 este reducerea impactului negativ al activit\u0103\u0163ilor urbane \u015fi a substan\u0163elor chimice periculoase pentru s\u0103n\u0103tatea uman\u0103, inclusiv prin gestionarea ecologic\u0103 \u015fi utilizarea \u00een siguran\u0163\u0103 a substan\u0163elor chimice, reducerea \u015fi reciclarea de\u015feurilor, utilizare mai eficient\u0103 a resurselor de ap\u0103 \u015fi energie&#8221;, a spus Tanczos.<\/p>\n<p style=\"text-align: justify;\">Oficialul rom\u00e2n a abordat \u015fi subiectul conflictului armat de la grani\u0163a estic\u0103 a Europei \u015fi a atras aten\u0163ia asupra faptului c\u0103 Rusia trebuie s\u0103 \u00eenceteze atacurile asupra Ucrainei.<\/p>\n<p style=\"text-align: justify;\">&#8220;Din p\u0103cate, nu putem ignora situa\u0163ia complicat\u0103 de la grani\u0163a de est a Europei. Doresc s\u0103-mi exprim solidaritatea rom\u00e2neasc\u0103 cu Ucraina \u015fi cu poporul ucrainean. Rom\u00e2nia condamn\u0103, de la bun \u00eenceput, \u00een cei mai fermi termeni posibili, actul de agresiune neprovocat \u015fi nejustificat al Rusiei \u00eempotriva Ucrainei. Rom\u00e2nia cere ca Rusia s\u0103 \u00eenceteze imediat ac\u0163iunile sale militare, s\u0103-\u015fi retrag\u0103 toate trupele de pe \u00eentreg teritoriul Ucrainei \u015fi s\u0103 respecte pe deplin integritatea teritorial\u0103, suveranitatea \u015fi independen\u0163a Ucrainei \u00een cadrul grani\u0163elor sale recunoscute interna\u0163ional \u015fi s\u0103 respecte Adunarea General\u0103 a ONU. Rom\u00e2nia sprijin\u0103 cu hot\u0103r\u00e2re dreptul inerent al Ucrainei de autoap\u0103rare \u015fi eforturile for\u0163elor armate ucrainene de ap\u0103ra integritatea teritorial\u0103 \u015fi popula\u0163ia Ucrainei, prin articolul 51 din Carta ONU. \u00cen orice moment, Rusia trebuie s\u0103-\u015fi respecte obliga\u0163iile \u00een temeiul dreptului interna\u0163ional, inclusiv al dreptului interna\u0163ional umanitar \u015fi al drepturilor omului \u00een ceea ce prive\u015fte protec\u0163ia civililor, femeilor \u015fi copiilor. De asemenea, Rusia trebuie s\u0103-\u015fi opreasc\u0103 campania de dezinformare \u015fi atacurile cibernetice&#8221;, a afirmat ministrul Mediului.<\/p>\n<p style=\"text-align: justify;\">Plenara celei de-a patra \u00eent\u00e2lniri a procesului intersesional al Abord\u0103rii Strategice \u015fi Managementul consolidat al substan\u0163elor chimice \u015fi de\u015feurilor dincolo de anul 2020 (IP4) are loc \u00een aceste zile la Centrul Expozi\u0163ional Romexpo din Bucure\u015fti.<\/p>\n<p style=\"text-align: justify;\">Consiliul European a aprobat, pe data de 15 martie 2021, o nou\u0103 strategie privind substan\u0163ele chimice, care stabile\u015fte o viziune pe termen lung pentru politica Uniunii Europene \u00een domeniul substan\u0163elor chimice.<\/p>\n<pre style=\"text-align: justify;\">Strategia stabile\u015fte drept obiectiv un mediu f\u0103r\u0103 substan\u0163e toxice, cu un nivel mai ridicat de protec\u0163ie a s\u0103n\u0103t\u0103\u0163ii umane \u015fi a mediului, consolid\u00e2nd totodat\u0103 competitivitatea industriei chimice a UE. AGERPRES\/(AS - autor: Daniel Badea, editor: Oana Tilic\u0103, editor online: Simona Aru\u015ftei)<\/pre>\n","protected":false},"excerpt":{"rendered":"<p>\u201dExportul de substan\u021be chimice \u0219i de\u0219euri periculoase de c\u0103tre state care nu le pot gestiona trebuie restric\u021bionat\u201d &#8211; afirma ministrul Mediului, Apelor \u015fi P\u0103durilor, Barna Tanczos Trebuie identificate solu\u0163ii pentru a restric\u0163iona exportul de substan\u0163e chimice \u015fi de\u015feuri periculoase de c\u0103tre state care nu le pot gestiona \u015fi nu au [&hellip;]<\/p>\n","protected":false},"author":3,"featured_media":1384,"comment_status":"open","ping_status":"open","sticky":false,"template":"","format":"standard","meta":{"content-type":"","footnotes":"","jetpack_publicize_message":"","jetpack_publicize_feature_enabled":true,"jetpack_social_post_already_shared":true,"jetpack_social_options":{"image_generator_settings":{"template":"highway","default_image_id":0,"font":"","enabled":false},"version":2}},"categories":[5,9,1,3,6,10],"tags":[],"class_list":["post-1383","post","type-post","status-publish","format-standard","has-post-thumbnail","hentry","category-blog","category-company","category-general","category-legislatie","category-prime","category-slide"],"yoast_head":"<!-- This site is optimized with the Yoast SEO plugin v24.9 - https:\/\/yoast.com\/wordpress\/plugins\/seo\/ -->\n<title>Exportul de substan\u021be chimice \u0219i de\u0219euri periculoase de c\u0103tre state care nu le pot gestiona trebuie restric\u021bionat - Green24.ro<\/title>\n<meta name=\"description\" content=\"Trebuie identificate solu\u0163ii pentru a restric\u0163iona exportul de substan\u0163e chimice \u015fi de\u015feuri periculoase de c\u0103tre state care nu le pot gestiona \u015fi nu au capacitatea de a face acest lucru, a declarat, luni, ministrul Mediului, Apelor \u015fi P\u0103durilor, Barna Tanczos, la sesiunea plenar\u0103 a celei de-a IV-a \u00eent\u00e2lniri a procesului intersesional al Abord\u0103rii Strategice \u015fi Managementul consolidat al substan\u0163elor chimice \u015fi de\u015feurilor.\" \/>\n<meta name=\"robots\" content=\"index, follow, max-snippet:-1, max-image-preview:large, max-video-preview:-1\" \/>\n<link rel=\"canonical\" href=\"https:\/\/www.green24.ro\/index.php\/2022\/09\/01\/exportul-de-substante-chimice-si-deseuri-periculoase-de-catre-state-care-nu-le-pot-gestiona-trebuie-restrictionat\/\" \/>\n<meta property=\"og:locale\" content=\"en_US\" \/>\n<meta property=\"og:type\" content=\"article\" \/>\n<meta property=\"og:title\" content=\"Exportul de substan\u021be chimice \u0219i de\u0219euri periculoase de c\u0103tre state care nu le pot gestiona trebuie restric\u021bionat - Green24.ro\" \/>\n<meta property=\"og:description\" content=\"Trebuie identificate solu\u0163ii pentru a restric\u0163iona exportul de substan\u0163e chimice \u015fi de\u015feuri periculoase de c\u0103tre state care nu le pot gestiona \u015fi nu au capacitatea de a face acest lucru, a declarat, luni, ministrul Mediului, Apelor \u015fi P\u0103durilor, Barna Tanczos, la sesiunea plenar\u0103 a celei de-a IV-a \u00eent\u00e2lniri a procesului intersesional al Abord\u0103rii Strategice \u015fi Managementul consolidat al substan\u0163elor chimice \u015fi de\u015feurilor.\" \/>\n<meta property=\"og:url\" content=\"https:\/\/www.green24.ro\/index.php\/2022\/09\/01\/exportul-de-substante-chimice-si-deseuri-periculoase-de-catre-state-care-nu-le-pot-gestiona-trebuie-restrictionat\/\" \/>\n<meta property=\"og:site_name\" content=\"Green24.ro\" \/>\n<meta property=\"article:publisher\" content=\"https:\/\/www.facebook.com\/green24ro\/\" \/>\n<meta property=\"article:published_time\" content=\"2022-09-01T06:06:25+00:00\" \/>\n<meta property=\"article:modified_time\" content=\"2022-09-01T06:06:29+00:00\" \/>\n<meta property=\"og:image\" content=\"https:\/\/www.green24.ro\/wp-content\/uploads\/2022\/09\/NzgwJmg9NDQwJmhhc2g9Nzk0ZWQ5MDc0ZmYzZGQ0ZTY1ODlhYzU5ZDBhNzRiMDM.thumb_.jpg\" \/>\n\t<meta property=\"og:image:width\" content=\"780\" \/>\n\t<meta property=\"og:image:height\" content=\"440\" \/>\n\t<meta property=\"og:image:type\" content=\"image\/jpeg\" \/>\n<meta name=\"author\" content=\"Redactia Green24\" \/>\n<meta name=\"twitter:card\" content=\"summary_large_image\" \/>\n<meta name=\"twitter:label1\" content=\"Written by\" \/>\n\t<meta name=\"twitter:data1\" content=\"Redactia Green24\" \/>\n\t<meta name=\"twitter:label2\" content=\"Est. reading time\" \/>\n\t<meta name=\"twitter:data2\" content=\"3 minutes\" \/>\n<script type=\"application\/ld+json\" class=\"yoast-schema-graph\">{\"@context\":\"https:\/\/schema.org\",\"@graph\":[{\"@type\":\"Article\",\"@id\":\"https:\/\/www.green24.ro\/index.php\/2022\/09\/01\/exportul-de-substante-chimice-si-deseuri-periculoase-de-catre-state-care-nu-le-pot-gestiona-trebuie-restrictionat\/#article\",\"isPartOf\":{\"@id\":\"https:\/\/www.green24.ro\/index.php\/2022\/09\/01\/exportul-de-substante-chimice-si-deseuri-periculoase-de-catre-state-care-nu-le-pot-gestiona-trebuie-restrictionat\/\"},\"author\":{\"name\":\"Redactia Green24\",\"@id\":\"https:\/\/www.green24.ro\/#\/schema\/person\/607a8c12d4548837cb79d52bb2437572\"},\"headline\":\"Exportul de substan\u021be chimice \u0219i de\u0219euri periculoase de c\u0103tre state care nu le pot gestiona trebuie restric\u021bionat\",\"datePublished\":\"2022-09-01T06:06:25+00:00\",\"dateModified\":\"2022-09-01T06:06:29+00:00\",\"mainEntityOfPage\":{\"@id\":\"https:\/\/www.green24.ro\/index.php\/2022\/09\/01\/exportul-de-substante-chimice-si-deseuri-periculoase-de-catre-state-care-nu-le-pot-gestiona-trebuie-restrictionat\/\"},\"wordCount\":654,\"commentCount\":0,\"publisher\":{\"@id\":\"https:\/\/www.green24.ro\/#organization\"},\"image\":{\"@id\":\"https:\/\/www.green24.ro\/index.php\/2022\/09\/01\/exportul-de-substante-chimice-si-deseuri-periculoase-de-catre-state-care-nu-le-pot-gestiona-trebuie-restrictionat\/#primaryimage\"},\"thumbnailUrl\":\"https:\/\/www.green24.ro\/wp-content\/uploads\/2022\/09\/NzgwJmg9NDQwJmhhc2g9Nzk0ZWQ5MDc0ZmYzZGQ0ZTY1ODlhYzU5ZDBhNzRiMDM.thumb_.jpg\",\"articleSection\":[\"Blog\",\"Company\",\"General\",\"Legislatie\",\"Prime\",\"Slide\"],\"inLanguage\":\"en-US\",\"potentialAction\":[{\"@type\":\"CommentAction\",\"name\":\"Comment\",\"target\":[\"https:\/\/www.green24.ro\/index.php\/2022\/09\/01\/exportul-de-substante-chimice-si-deseuri-periculoase-de-catre-state-care-nu-le-pot-gestiona-trebuie-restrictionat\/#respond\"]}]},{\"@type\":\"WebPage\",\"@id\":\"https:\/\/www.green24.ro\/index.php\/2022\/09\/01\/exportul-de-substante-chimice-si-deseuri-periculoase-de-catre-state-care-nu-le-pot-gestiona-trebuie-restrictionat\/\",\"url\":\"https:\/\/www.green24.ro\/index.php\/2022\/09\/01\/exportul-de-substante-chimice-si-deseuri-periculoase-de-catre-state-care-nu-le-pot-gestiona-trebuie-restrictionat\/\",\"name\":\"Exportul de substan\u021be chimice \u0219i de\u0219euri periculoase de c\u0103tre state care nu le pot gestiona trebuie restric\u021bionat - Green24.ro\",\"isPartOf\":{\"@id\":\"https:\/\/www.green24.ro\/#website\"},\"primaryImageOfPage\":{\"@id\":\"https:\/\/www.green24.ro\/index.php\/2022\/09\/01\/exportul-de-substante-chimice-si-deseuri-periculoase-de-catre-state-care-nu-le-pot-gestiona-trebuie-restrictionat\/#primaryimage\"},\"image\":{\"@id\":\"https:\/\/www.green24.ro\/index.php\/2022\/09\/01\/exportul-de-substante-chimice-si-deseuri-periculoase-de-catre-state-care-nu-le-pot-gestiona-trebuie-restrictionat\/#primaryimage\"},\"thumbnailUrl\":\"https:\/\/www.green24.ro\/wp-content\/uploads\/2022\/09\/NzgwJmg9NDQwJmhhc2g9Nzk0ZWQ5MDc0ZmYzZGQ0ZTY1ODlhYzU5ZDBhNzRiMDM.thumb_.jpg\",\"datePublished\":\"2022-09-01T06:06:25+00:00\",\"dateModified\":\"2022-09-01T06:06:29+00:00\",\"description\":\"Trebuie identificate solu\u0163ii pentru a restric\u0163iona exportul de substan\u0163e chimice \u015fi de\u015feuri periculoase de c\u0103tre state care nu le pot gestiona \u015fi nu au capacitatea de a face acest lucru, a declarat, luni, ministrul Mediului, Apelor \u015fi P\u0103durilor, Barna Tanczos, la sesiunea plenar\u0103 a celei de-a IV-a \u00eent\u00e2lniri a procesului intersesional al Abord\u0103rii Strategice \u015fi Managementul consolidat al substan\u0163elor chimice \u015fi de\u015feurilor.\",\"breadcrumb\":{\"@id\":\"https:\/\/www.green24.ro\/index.php\/2022\/09\/01\/exportul-de-substante-chimice-si-deseuri-periculoase-de-catre-state-care-nu-le-pot-gestiona-trebuie-restrictionat\/#breadcrumb\"},\"inLanguage\":\"en-US\",\"potentialAction\":[{\"@type\":\"ReadAction\",\"target\":[\"https:\/\/www.green24.ro\/index.php\/2022\/09\/01\/exportul-de-substante-chimice-si-deseuri-periculoase-de-catre-state-care-nu-le-pot-gestiona-trebuie-restrictionat\/\"]}]},{\"@type\":\"ImageObject\",\"inLanguage\":\"en-US\",\"@id\":\"https:\/\/www.green24.ro\/index.php\/2022\/09\/01\/exportul-de-substante-chimice-si-deseuri-periculoase-de-catre-state-care-nu-le-pot-gestiona-trebuie-restrictionat\/#primaryimage\",\"url\":\"https:\/\/www.green24.ro\/wp-content\/uploads\/2022\/09\/NzgwJmg9NDQwJmhhc2g9Nzk0ZWQ5MDc0ZmYzZGQ0ZTY1ODlhYzU5ZDBhNzRiMDM.thumb_.jpg\",\"contentUrl\":\"https:\/\/www.green24.ro\/wp-content\/uploads\/2022\/09\/NzgwJmg9NDQwJmhhc2g9Nzk0ZWQ5MDc0ZmYzZGQ0ZTY1ODlhYzU5ZDBhNzRiMDM.thumb_.jpg\",\"width\":780,\"height\":440,\"caption\":\"Tranczos - \u201dLa fel ca celelalte state din regiune, avem o problema reala cu traficul de deseuri\u201d\"},{\"@type\":\"BreadcrumbList\",\"@id\":\"https:\/\/www.green24.ro\/index.php\/2022\/09\/01\/exportul-de-substante-chimice-si-deseuri-periculoase-de-catre-state-care-nu-le-pot-gestiona-trebuie-restrictionat\/#breadcrumb\",\"itemListElement\":[{\"@type\":\"ListItem\",\"position\":1,\"name\":\"Home\",\"item\":\"https:\/\/www.green24.ro\/\"},{\"@type\":\"ListItem\",\"position\":2,\"name\":\"Exportul de substan\u021be chimice \u0219i de\u0219euri periculoase de c\u0103tre state care nu le pot gestiona trebuie restric\u021bionat\"}]},{\"@type\":\"WebSite\",\"@id\":\"https:\/\/www.green24.ro\/#website\",\"url\":\"https:\/\/www.green24.ro\/\",\"name\":\"Green24.ro\",\"description\":\"Antreprenoriat verde si responsabilitatea social\u0103\",\"publisher\":{\"@id\":\"https:\/\/www.green24.ro\/#organization\"},\"potentialAction\":[{\"@type\":\"SearchAction\",\"target\":{\"@type\":\"EntryPoint\",\"urlTemplate\":\"https:\/\/www.green24.ro\/?s={search_term_string}\"},\"query-input\":{\"@type\":\"PropertyValueSpecification\",\"valueRequired\":true,\"valueName\":\"search_term_string\"}}],\"inLanguage\":\"en-US\"},{\"@type\":\"Organization\",\"@id\":\"https:\/\/www.green24.ro\/#organization\",\"name\":\"Green24\",\"url\":\"https:\/\/www.green24.ro\/\",\"logo\":{\"@type\":\"ImageObject\",\"inLanguage\":\"en-US\",\"@id\":\"https:\/\/www.green24.ro\/#\/schema\/logo\/image\/\",\"url\":\"https:\/\/www.green24.ro\/wp-content\/uploads\/2022\/02\/green24-17-e1643806452346.png\",\"contentUrl\":\"https:\/\/www.green24.ro\/wp-content\/uploads\/2022\/02\/green24-17-e1643806452346.png\",\"width\":174,\"height\":174,\"caption\":\"Green24\"},\"image\":{\"@id\":\"https:\/\/www.green24.ro\/#\/schema\/logo\/image\/\"},\"sameAs\":[\"https:\/\/www.facebook.com\/green24ro\/\"]},{\"@type\":\"Person\",\"@id\":\"https:\/\/www.green24.ro\/#\/schema\/person\/607a8c12d4548837cb79d52bb2437572\",\"name\":\"Redactia Green24\",\"image\":{\"@type\":\"ImageObject\",\"inLanguage\":\"en-US\",\"@id\":\"https:\/\/www.green24.ro\/#\/schema\/person\/image\/\",\"url\":\"https:\/\/secure.gravatar.com\/avatar\/c9f4d5614769dc0a9dfdfed961c82ea6?s=96&d=mm&r=g\",\"contentUrl\":\"https:\/\/secure.gravatar.com\/avatar\/c9f4d5614769dc0a9dfdfed961c82ea6?s=96&d=mm&r=g\",\"caption\":\"Redactia Green24\"},\"sameAs\":[\"http:\/\/www.green24.ro\"],\"url\":\"https:\/\/www.green24.ro\/index.php\/author\/green24\/\"}]}<\/script>\n<!-- \/ Yoast SEO plugin. -->","yoast_head_json":{"title":"Exportul de substan\u021be chimice \u0219i de\u0219euri periculoase de c\u0103tre state care nu le pot gestiona trebuie restric\u021bionat - Green24.ro","description":"Trebuie identificate solu\u0163ii pentru a restric\u0163iona exportul de substan\u0163e chimice \u015fi de\u015feuri periculoase de c\u0103tre state care nu le pot gestiona \u015fi nu au capacitatea de a face acest lucru, a declarat, luni, ministrul Mediului, Apelor \u015fi P\u0103durilor, Barna Tanczos, la sesiunea plenar\u0103 a celei de-a IV-a \u00eent\u00e2lniri a procesului intersesional al Abord\u0103rii Strategice \u015fi Managementul consolidat al substan\u0163elor chimice \u015fi de\u015feurilor.","robots":{"index":"index","follow":"follow","max-snippet":"max-snippet:-1","max-image-preview":"max-image-preview:large","max-video-preview":"max-video-preview:-1"},"canonical":"https:\/\/www.green24.ro\/index.php\/2022\/09\/01\/exportul-de-substante-chimice-si-deseuri-periculoase-de-catre-state-care-nu-le-pot-gestiona-trebuie-restrictionat\/","og_locale":"en_US","og_type":"article","og_title":"Exportul de substan\u021be chimice \u0219i de\u0219euri periculoase de c\u0103tre state care nu le pot gestiona trebuie restric\u021bionat - Green24.ro","og_description":"Trebuie identificate solu\u0163ii pentru a restric\u0163iona exportul de substan\u0163e chimice \u015fi de\u015feuri periculoase de c\u0103tre state care nu le pot gestiona \u015fi nu au capacitatea de a face acest lucru, a declarat, luni, ministrul Mediului, Apelor \u015fi P\u0103durilor, Barna Tanczos, la sesiunea plenar\u0103 a celei de-a IV-a \u00eent\u00e2lniri a procesului intersesional al Abord\u0103rii Strategice \u015fi Managementul consolidat al substan\u0163elor chimice \u015fi de\u015feurilor.","og_url":"https:\/\/www.green24.ro\/index.php\/2022\/09\/01\/exportul-de-substante-chimice-si-deseuri-periculoase-de-catre-state-care-nu-le-pot-gestiona-trebuie-restrictionat\/","og_site_name":"Green24.ro","article_publisher":"https:\/\/www.facebook.com\/green24ro\/","article_published_time":"2022-09-01T06:06:25+00:00","article_modified_time":"2022-09-01T06:06:29+00:00","og_image":[{"width":780,"height":440,"url":"https:\/\/www.green24.ro\/wp-content\/uploads\/2022\/09\/NzgwJmg9NDQwJmhhc2g9Nzk0ZWQ5MDc0ZmYzZGQ0ZTY1ODlhYzU5ZDBhNzRiMDM.thumb_.jpg","type":"image\/jpeg"}],"author":"Redactia Green24","twitter_card":"summary_large_image","twitter_misc":{"Written by":"Redactia Green24","Est. reading time":"3 minutes"},"schema":{"@context":"https:\/\/schema.org","@graph":[{"@type":"Article","@id":"https:\/\/www.green24.ro\/index.php\/2022\/09\/01\/exportul-de-substante-chimice-si-deseuri-periculoase-de-catre-state-care-nu-le-pot-gestiona-trebuie-restrictionat\/#article","isPartOf":{"@id":"https:\/\/www.green24.ro\/index.php\/2022\/09\/01\/exportul-de-substante-chimice-si-deseuri-periculoase-de-catre-state-care-nu-le-pot-gestiona-trebuie-restrictionat\/"},"author":{"name":"Redactia Green24","@id":"https:\/\/www.green24.ro\/#\/schema\/person\/607a8c12d4548837cb79d52bb2437572"},"headline":"Exportul de substan\u021be chimice \u0219i de\u0219euri periculoase de c\u0103tre state care nu le pot gestiona trebuie restric\u021bionat","datePublished":"2022-09-01T06:06:25+00:00","dateModified":"2022-09-01T06:06:29+00:00","mainEntityOfPage":{"@id":"https:\/\/www.green24.ro\/index.php\/2022\/09\/01\/exportul-de-substante-chimice-si-deseuri-periculoase-de-catre-state-care-nu-le-pot-gestiona-trebuie-restrictionat\/"},"wordCount":654,"commentCount":0,"publisher":{"@id":"https:\/\/www.green24.ro\/#organization"},"image":{"@id":"https:\/\/www.green24.ro\/index.php\/2022\/09\/01\/exportul-de-substante-chimice-si-deseuri-periculoase-de-catre-state-care-nu-le-pot-gestiona-trebuie-restrictionat\/#primaryimage"},"thumbnailUrl":"https:\/\/www.green24.ro\/wp-content\/uploads\/2022\/09\/NzgwJmg9NDQwJmhhc2g9Nzk0ZWQ5MDc0ZmYzZGQ0ZTY1ODlhYzU5ZDBhNzRiMDM.thumb_.jpg","articleSection":["Blog","Company","General","Legislatie","Prime","Slide"],"inLanguage":"en-US","potentialAction":[{"@type":"CommentAction","name":"Comment","target":["https:\/\/www.green24.ro\/index.php\/2022\/09\/01\/exportul-de-substante-chimice-si-deseuri-periculoase-de-catre-state-care-nu-le-pot-gestiona-trebuie-restrictionat\/#respond"]}]},{"@type":"WebPage","@id":"https:\/\/www.green24.ro\/index.php\/2022\/09\/01\/exportul-de-substante-chimice-si-deseuri-periculoase-de-catre-state-care-nu-le-pot-gestiona-trebuie-restrictionat\/","url":"https:\/\/www.green24.ro\/index.php\/2022\/09\/01\/exportul-de-substante-chimice-si-deseuri-periculoase-de-catre-state-care-nu-le-pot-gestiona-trebuie-restrictionat\/","name":"Exportul de substan\u021be chimice \u0219i de\u0219euri periculoase de c\u0103tre state care nu le pot gestiona trebuie restric\u021bionat - Green24.ro","isPartOf":{"@id":"https:\/\/www.green24.ro\/#website"},"primaryImageOfPage":{"@id":"https:\/\/www.green24.ro\/index.php\/2022\/09\/01\/exportul-de-substante-chimice-si-deseuri-periculoase-de-catre-state-care-nu-le-pot-gestiona-trebuie-restrictionat\/#primaryimage"},"image":{"@id":"https:\/\/www.green24.ro\/index.php\/2022\/09\/01\/exportul-de-substante-chimice-si-deseuri-periculoase-de-catre-state-care-nu-le-pot-gestiona-trebuie-restrictionat\/#primaryimage"},"thumbnailUrl":"https:\/\/www.green24.ro\/wp-content\/uploads\/2022\/09\/NzgwJmg9NDQwJmhhc2g9Nzk0ZWQ5MDc0ZmYzZGQ0ZTY1ODlhYzU5ZDBhNzRiMDM.thumb_.jpg","datePublished":"2022-09-01T06:06:25+00:00","dateModified":"2022-09-01T06:06:29+00:00","description":"Trebuie identificate solu\u0163ii pentru a restric\u0163iona exportul de substan\u0163e chimice \u015fi de\u015feuri periculoase de c\u0103tre state care nu le pot gestiona \u015fi nu au capacitatea de a face acest lucru, a declarat, luni, ministrul Mediului, Apelor \u015fi P\u0103durilor, Barna Tanczos, la sesiunea plenar\u0103 a celei de-a IV-a \u00eent\u00e2lniri a procesului intersesional al Abord\u0103rii Strategice \u015fi Managementul consolidat al substan\u0163elor chimice \u015fi de\u015feurilor.","breadcrumb":{"@id":"https:\/\/www.green24.ro\/index.php\/2022\/09\/01\/exportul-de-substante-chimice-si-deseuri-periculoase-de-catre-state-care-nu-le-pot-gestiona-trebuie-restrictionat\/#breadcrumb"},"inLanguage":"en-US","potentialAction":[{"@type":"ReadAction","target":["https:\/\/www.green24.ro\/index.php\/2022\/09\/01\/exportul-de-substante-chimice-si-deseuri-periculoase-de-catre-state-care-nu-le-pot-gestiona-trebuie-restrictionat\/"]}]},{"@type":"ImageObject","inLanguage":"en-US","@id":"https:\/\/www.green24.ro\/index.php\/2022\/09\/01\/exportul-de-substante-chimice-si-deseuri-periculoase-de-catre-state-care-nu-le-pot-gestiona-trebuie-restrictionat\/#primaryimage","url":"https:\/\/www.green24.ro\/wp-content\/uploads\/2022\/09\/NzgwJmg9NDQwJmhhc2g9Nzk0ZWQ5MDc0ZmYzZGQ0ZTY1ODlhYzU5ZDBhNzRiMDM.thumb_.jpg","contentUrl":"https:\/\/www.green24.ro\/wp-content\/uploads\/2022\/09\/NzgwJmg9NDQwJmhhc2g9Nzk0ZWQ5MDc0ZmYzZGQ0ZTY1ODlhYzU5ZDBhNzRiMDM.thumb_.jpg","width":780,"height":440,"caption":"Tranczos - \u201dLa fel ca celelalte state din regiune, avem o problema reala cu traficul de deseuri\u201d"},{"@type":"BreadcrumbList","@id":"https:\/\/www.green24.ro\/index.php\/2022\/09\/01\/exportul-de-substante-chimice-si-deseuri-periculoase-de-catre-state-care-nu-le-pot-gestiona-trebuie-restrictionat\/#breadcrumb","itemListElement":[{"@type":"ListItem","position":1,"name":"Home","item":"https:\/\/www.green24.ro\/"},{"@type":"ListItem","position":2,"name":"Exportul de substan\u021be chimice \u0219i de\u0219euri periculoase de c\u0103tre state care nu le pot gestiona trebuie restric\u021bionat"}]},{"@type":"WebSite","@id":"https:\/\/www.green24.ro\/#website","url":"https:\/\/www.green24.ro\/","name":"Green24.ro","description":"Antreprenoriat verde si responsabilitatea social\u0103","publisher":{"@id":"https:\/\/www.green24.ro\/#organization"},"potentialAction":[{"@type":"SearchAction","target":{"@type":"EntryPoint","urlTemplate":"https:\/\/www.green24.ro\/?s={search_term_string}"},"query-input":{"@type":"PropertyValueSpecification","valueRequired":true,"valueName":"search_term_string"}}],"inLanguage":"en-US"},{"@type":"Organization","@id":"https:\/\/www.green24.ro\/#organization","name":"Green24","url":"https:\/\/www.green24.ro\/","logo":{"@type":"ImageObject","inLanguage":"en-US","@id":"https:\/\/www.green24.ro\/#\/schema\/logo\/image\/","url":"https:\/\/www.green24.ro\/wp-content\/uploads\/2022\/02\/green24-17-e1643806452346.png","contentUrl":"https:\/\/www.green24.ro\/wp-content\/uploads\/2022\/02\/green24-17-e1643806452346.png","width":174,"height":174,"caption":"Green24"},"image":{"@id":"https:\/\/www.green24.ro\/#\/schema\/logo\/image\/"},"sameAs":["https:\/\/www.facebook.com\/green24ro\/"]},{"@type":"Person","@id":"https:\/\/www.green24.ro\/#\/schema\/person\/607a8c12d4548837cb79d52bb2437572","name":"Redactia Green24","image":{"@type":"ImageObject","inLanguage":"en-US","@id":"https:\/\/www.green24.ro\/#\/schema\/person\/image\/","url":"https:\/\/secure.gravatar.com\/avatar\/c9f4d5614769dc0a9dfdfed961c82ea6?s=96&d=mm&r=g","contentUrl":"https:\/\/secure.gravatar.com\/avatar\/c9f4d5614769dc0a9dfdfed961c82ea6?s=96&d=mm&r=g","caption":"Redactia Green24"},"sameAs":["http:\/\/www.green24.ro"],"url":"https:\/\/www.green24.ro\/index.php\/author\/green24\/"}]}},"jetpack_publicize_connections":[],"jetpack_featured_media_url":"https:\/\/www.green24.ro\/wp-content\/uploads\/2022\/09\/NzgwJmg9NDQwJmhhc2g9Nzk0ZWQ5MDc0ZmYzZGQ0ZTY1ODlhYzU5ZDBhNzRiMDM.thumb_.jpg","jetpack_sharing_enabled":true,"_links":{"self":[{"href":"https:\/\/www.green24.ro\/index.php\/wp-json\/wp\/v2\/posts\/1383","targetHints":{"allow":["GET"]}}],"collection":[{"href":"https:\/\/www.green24.ro\/index.php\/wp-json\/wp\/v2\/posts"}],"about":[{"href":"https:\/\/www.green24.ro\/index.php\/wp-json\/wp\/v2\/types\/post"}],"author":[{"embeddable":true,"href":"https:\/\/www.green24.ro\/index.php\/wp-json\/wp\/v2\/users\/3"}],"replies":[{"embeddable":true,"href":"https:\/\/www.green24.ro\/index.php\/wp-json\/wp\/v2\/comments?post=1383"}],"version-history":[{"count":1,"href":"https:\/\/www.green24.ro\/index.php\/wp-json\/wp\/v2\/posts\/1383\/revisions"}],"predecessor-version":[{"id":1385,"href":"https:\/\/www.green24.ro\/index.php\/wp-json\/wp\/v2\/posts\/1383\/revisions\/1385"}],"wp:featuredmedia":[{"embeddable":true,"href":"https:\/\/www.green24.ro\/index.php\/wp-json\/wp\/v2\/media\/1384"}],"wp:attachment":[{"href":"https:\/\/www.green24.ro\/index.php\/wp-json\/wp\/v2\/media?parent=1383"}],"wp:term":[{"taxonomy":"category","embeddable":true,"href":"https:\/\/www.green24.ro\/index.php\/wp-json\/wp\/v2\/categories?post=1383"},{"taxonomy":"post_tag","embeddable":true,"href":"https:\/\/www.green24.ro\/index.php\/wp-json\/wp\/v2\/tags?post=1383"}],"curies":[{"name":"wp","href":"https:\/\/api.w.org\/{rel}","templated":true}]}}