{"id":1359,"date":"2022-08-25T10:26:39","date_gmt":"2022-08-25T08:26:39","guid":{"rendered":"https:\/\/www.green24.ro\/?p=1359"},"modified":"2022-08-25T10:26:43","modified_gmt":"2022-08-25T08:26:43","slug":"un-impresionant-complex-de-cabane-construit-va-fi-demolat-pentru-ca-a-fost-ridicat-ilegal-intr-o-arie-protejata","status":"publish","type":"post","link":"https:\/\/www.green24.ro\/index.php\/2022\/08\/25\/un-impresionant-complex-de-cabane-construit-va-fi-demolat-pentru-ca-a-fost-ridicat-ilegal-intr-o-arie-protejata\/","title":{"rendered":"Un impresionant complex de cabane construit va fi demolat pentru c\u0103 a fost ridicat ilegal \u00eentr-o arie protejat\u0103"},"content":{"rendered":"\n\n\n\n<p style=\"text-align: justify;\"><strong>Un impresionant complex de cabane construit de un gaterist controversat \u00eentr-un peisaj idilic din comuna Frumosu va fi demolat pentru c\u0103 a fost ridicat ilegal \u00eentr-o arie protejat\u0103<\/strong><\/p>\n<p style=\"text-align: justify;\">\u00centr-un peisaj idilic din satul Deia al comunei sucevene Frumosu, \u00een zona denumit\u0103 \u201eDrumul Dealului\u201d, exist\u0103 un complex de cabane ce rar mai poate fi \u00eent\u00e2lnit prin preajm\u0103. Impresionantul complex este de\u021binut de un afacerist local, pe numele s\u0103u Ilie Negur\u0103. Acesta este patronul gaterului SC Sifon Trans COM SRL Deia fiind acuzat de c\u0103tre localnici c\u0103 ar fi implicat \u00een t\u0103ierile ilegale de p\u0103dure din zon\u0103.<\/p>\n<p style=\"text-align: justify;\">Ilie Negur\u0103 nu s-a chinuit s\u0103 ob\u021bin\u0103 vreo autoriza\u021bie de construc\u021bie pentru complexul de cabane pe care \u00eel de\u021bine, motiv pentru care a fost amendat de c\u0103tre Prim\u0103ria comunei Frumosu. Autorit\u0103\u021bile locale chiar l-au chemat \u00een judecat\u0103 \u0219i au c\u00e2\u0219tigat procesul, magistra\u021bii dispun\u00e2nd demolarea construc\u021biilor. P\u00e2n\u0103 \u00een ziua de ast\u0103zi, decizia judec\u0103torilor nu a fost pus\u0103 \u00een aplicare.<\/p>\n<p style=\"text-align: justify;\">Complexul de cabane de la Deia, denumit Satul de Vacan\u021b\u0103 \u201eM\u0103gura Bucovinei\u201d, a fost \u00eenceput \u00een cursul anului 2015, c\u00e2nd \u00een fruntea Prim\u0103riei comunei Frumosu se afla Maftei Tiron, un apropiat de-al lui Ilie Negur\u0103. \u00cen perioada \u00een care Tiron a ocupat func\u021bia de primar, SC Sifon Trans COM SRL Deia a devenit firma de cas\u0103 a Prim\u0103riei din Frumosu.<\/p>\n<p style=\"text-align: justify;\">La alegerile din vara anului 2016, Maftei Tiron a fost \u00eenvins de c\u0103tre Constantin Buga, care a devenit noul primar al comunei. La scurt timp dup\u0103 instalare, edilul din Frumosu i-a cerut lui Ilie Negur\u0103 s\u0103 ob\u021bin\u0103 toat\u0103 documenta\u021bia necesar\u0103 pentru a intra \u00een legalitate cu complexul de cabane de la Deia.<\/p>\n<p style=\"text-align: justify;\">\u00cen 2016, lucr\u0103rile au luat o scurt\u0103 pauz\u0103, \u00eens\u0103 \u00een urm\u0103torii doi ani au fost reluate \u00een for\u021b\u0103, impresionantul complex fiind terminat. Interesant este faptul c\u0103 primarul Buga este v\u0103r cu so\u021bia afaceristului Negur\u0103, \u00eens\u0103 acesta nu s-a l\u0103sat \u00eenduplecat \u0219i \u0219i-a f\u0103cut treaba, atr\u0103g\u00e2ndu-i aten\u021bia din nou gateristului c\u0103 ceea ce face nu este \u00een conformitate cu prevederile legale.<\/p>\n<p style=\"text-align: justify;\">\u00cen complexul de cabane de la Deia exist\u0103 13 imobile. Localnicii sus\u021bin c\u0103, \u00een weekend-uri, acolo se adun\u0103 \u201eoameni cu bani \u0219i cu func\u021bii\u201d, chefuind de diminea\u021ba \u0219i p\u00e2n\u0103 seara.<\/p>\n<p>\u00a0<\/p>\n<p><div class=\"jetpack-video-wrapper\"><iframe loading=\"lazy\" title=\"Complex cabane Frumosu\" width=\"640\" height=\"360\" src=\"https:\/\/www.youtube.com\/embed\/krLyVv89UR4?feature=oembed\" frameborder=\"0\" allow=\"accelerometer; autoplay; clipboard-write; encrypted-media; gyroscope; picture-in-picture; web-share\" referrerpolicy=\"strict-origin-when-cross-origin\" allowfullscreen><\/iframe><\/div><\/p>\n<p>\u00a0<\/p>\n<p>\u00a0<\/p>\n<p style=\"text-align: justify;\">Cu privire la aceast\u0103 situa\u021bie a fost notificat\u0103 \u0219i Prefectura Jude\u021bului Suceava, care a ar\u0103tat c\u0103 impresionantul complex de cabane de la Deia \u2013 Frumosu trebuie s\u0103 fie demolat din cauz\u0103 c\u0103 a fost construit ilegal \u00een situl Natura 2000.<\/p>\n<p style=\"text-align: justify;\">\u201e<em>Captarea de ap\u0103 din situl Natura 2000 ROSPA0089 Obcina Feredeului, aduc\u021biune care deserve\u0219te Satul de Vacan\u021b\u0103 \u00abM\u0103gura Bucovinei\u00bb este executat\u0103 f\u0103r\u0103 acte de reglementare din punct de vedere al legisla\u021biei de mediu aflat\u0103 \u00een vigoare. Av\u00e2nd \u00een vedere \u00eenc\u0103lcarea prevederilor O.U.G. nr.57\/2007 privind regimul ariilor naturale protejate, conservarea habitatelor naturale, a florei \u0219i faunei s\u0103lbatice cu modific\u0103rile \u0219i complet\u0103rile ulterioare, art.28, G.N.M. \u2013 C.G. a formulat sesizare penal\u0103 c\u0103tre Parchetul de pe l\u00e2ng\u0103 Judec\u0103toria C\u00e2mpulung Moldovenesc. Totodat\u0103, av\u00e2nd \u00een vedere faptul c\u0103 din efectuarea vizitei amplasamentului \u0219i a documentelor puse la dispozi\u021bie a rezultat faptul c\u0103 exist\u0103 o serie de construc\u021bii f\u0103r\u0103 act de reglementare din punct de vedere al legisla\u021biei de mediu aflat\u0103 \u00een vigoare, G.N.M. \u2013 C.G. a aplicat avertisment pentru \u00eenc\u0103lcarea Legii Nr. 107\/1996 cu modific\u0103rile \u0219i complet\u0103rile ulterioare, amend\u0103 contraven\u021bional\u0103 pentru \u00eenc\u0103lcarea prevederilor Legii Nr. 292\/2018 privind evaluarea impactului anumitor proiecte publice \u0219i private asupra mediului \u0219i sanc\u021biune complementar\u0103 prev\u0103zut\u0103 de Legea nr.292\/2018, art.26, al.4, respectiv desfiin\u021barea lucr\u0103rilor executate f\u0103r\u0103 act de reglementare din punct de vedere al protec\u021biei mediului \u0219i aducerea terenului la starea ini\u021bial\u0103\u201d<\/em>, a transmis Institu\u021bia Prefectului \u2013 Jude\u021bul Suceava.<\/p>\n<p><strong>Cine este controversatul Ilie Negur\u0103?<\/strong><\/p>\n<p><img loading=\"lazy\" decoding=\"async\" class=\"aligncenter size-full wp-image-1361\" src=\"https:\/\/www.green24.ro\/wp-content\/uploads\/2022\/08\/ilie_negura_0-1.jpeg\" alt=\"\" width=\"900\" height=\"509\" srcset=\"https:\/\/www.green24.ro\/wp-content\/uploads\/2022\/08\/ilie_negura_0-1.jpeg 900w, https:\/\/www.green24.ro\/wp-content\/uploads\/2022\/08\/ilie_negura_0-1-300x170.jpeg 300w, https:\/\/www.green24.ro\/wp-content\/uploads\/2022\/08\/ilie_negura_0-1-768x434.jpeg 768w\" sizes=\"auto, (max-width: 900px) 100vw, 900px\" \/><\/p>\n<p style=\"text-align: justify;\">Afaceristul Ilie Negur\u0103 este o persoan\u0103 controversat\u0103 fiind acuzat de localnicii din Frumosu c\u0103 este implicat \u00een t\u0103ierile ilegale din p\u0103durile din zon\u0103.<\/p>\n<p style=\"text-align: justify;\">\u00cen prim\u0103vara anului 2019, Ilie Negur\u0103 ar fi fost implicat \u00een agresarea a doi activi\u0219ti de mediu care lupt\u0103 \u00eempotriva defri\u0219\u0103rilor forestiere din p\u0103durile din zona de munte a jude\u021bului.<\/p>\n<p style=\"text-align: justify;\">Fra\u021bii Ilie \u0219i Dumitru Buc\u0219\u0103 se deplasau spre cas\u0103 pe un drum forestier din satul Deia, comuna Frumosu, iar la un moment dat au fost opri\u021bi de Ilie Negur\u0103, cu care sunt \u00een stare conflictual\u0103 de ceva timp, din cauza defri\u0219\u0103rilor. Administratorul gaterului, al\u0103turi de alte persoane, ar fi s\u0103rit la scandal \u0219i chiar i-ar fi b\u0103tut pe respectivii fra\u021bi, care s-au ales cu mai multe leziuni.<\/p>\n<p style=\"text-align: justify;\">Ilie Negur\u0103 apare \u0219i \u00een investiga\u021bia jurnali\u0219tilor Recorder \u2013 \u201ePe urmele ho\u021bilor de lemn\u201d. Afaceristul din Frumosu a avut o atitudine destul de agresiv\u0103 fa\u021b\u0103 de jurnali\u0219tii veni\u021bi de la Bucure\u0219ti, \u00eencerc\u00e2nd s\u0103-i intidimeze pentru a nu-l filma.<\/p>\n<p>\u00a0<\/p>\n<p><div class=\"jetpack-video-wrapper\"><iframe loading=\"lazy\" title=\"INVESTIGA\u021aIE RECORDER. Pe urmele ho\u021bilor de lemn\" width=\"640\" height=\"360\" src=\"https:\/\/www.youtube.com\/embed\/sb4FCyRiuro?feature=oembed\" frameborder=\"0\" allow=\"accelerometer; autoplay; clipboard-write; encrypted-media; gyroscope; picture-in-picture; web-share\" referrerpolicy=\"strict-origin-when-cross-origin\" allowfullscreen><\/iframe><\/div><\/p>\n<p>\u00a0<\/p>\n<pre>sursa: <a href=\"https:\/\/glasulsucevei.ro\/video-un-impresionant-complex-de-cabane-construit-de-un-gaterist-controversat-intr-un-peisaj-idilic-din-comuna-frumosu-va-fi-demolat-pentru-ca-a-fost-ridicat-ilegal-intr-o-arie-protejata\/\">glasulsucevei<\/a><\/pre>","protected":false},"excerpt":{"rendered":"<p>Un impresionant complex de cabane construit de un gaterist controversat \u00eentr-un peisaj idilic din comuna Frumosu va fi demolat pentru c\u0103 a fost ridicat ilegal \u00eentr-o arie protejat\u0103 \u00centr-un peisaj idilic din satul Deia al comunei sucevene Frumosu, \u00een zona denumit\u0103 \u201eDrumul Dealului\u201d, exist\u0103 un complex de cabane ce rar [&hellip;]<\/p>\n","protected":false},"author":1,"featured_media":1360,"comment_status":"open","ping_status":"open","sticky":false,"template":"","format":"standard","meta":{"content-type":"","footnotes":"","jetpack_publicize_message":"","jetpack_publicize_feature_enabled":true,"jetpack_social_post_already_shared":true,"jetpack_social_options":{"image_generator_settings":{"template":"highway","default_image_id":0,"font":"","enabled":false},"version":2}},"categories":[5,9,1,3,6,10],"tags":[],"class_list":["post-1359","post","type-post","status-publish","format-standard","has-post-thumbnail","hentry","category-blog","category-company","category-general","category-legislatie","category-prime","category-slide"],"yoast_head":"<!-- This site is optimized with the Yoast SEO plugin v24.9 - https:\/\/yoast.com\/wordpress\/plugins\/seo\/ -->\n<title>Un impresionant complex de cabane construit va fi demolat pentru c\u0103 a fost ridicat ilegal \u00eentr-o arie protejat\u0103 - Green24.ro<\/title>\n<meta name=\"description\" content=\"Un impresionant complex de cabane construit de un gaterist controversat \u00eentr-un peisaj idilic din comuna Frumosu va fi demolat pentru c\u0103 a fost ridicat ilegal \u00eentr-o arie protejat\u0103\" \/>\n<meta name=\"robots\" content=\"index, follow, max-snippet:-1, max-image-preview:large, max-video-preview:-1\" \/>\n<link rel=\"canonical\" href=\"https:\/\/www.green24.ro\/index.php\/2022\/08\/25\/un-impresionant-complex-de-cabane-construit-va-fi-demolat-pentru-ca-a-fost-ridicat-ilegal-intr-o-arie-protejata\/\" \/>\n<meta property=\"og:locale\" content=\"en_US\" \/>\n<meta property=\"og:type\" content=\"article\" \/>\n<meta property=\"og:title\" content=\"Un impresionant complex de cabane construit va fi demolat pentru c\u0103 a fost ridicat ilegal \u00eentr-o arie protejat\u0103 - Green24.ro\" \/>\n<meta property=\"og:description\" content=\"Un impresionant complex de cabane construit de un gaterist controversat \u00eentr-un peisaj idilic din comuna Frumosu va fi demolat pentru c\u0103 a fost ridicat ilegal \u00eentr-o arie protejat\u0103\" \/>\n<meta property=\"og:url\" content=\"https:\/\/www.green24.ro\/index.php\/2022\/08\/25\/un-impresionant-complex-de-cabane-construit-va-fi-demolat-pentru-ca-a-fost-ridicat-ilegal-intr-o-arie-protejata\/\" \/>\n<meta property=\"og:site_name\" content=\"Green24.ro\" \/>\n<meta property=\"article:publisher\" content=\"https:\/\/www.facebook.com\/green24ro\/\" \/>\n<meta property=\"article:author\" content=\"https:\/\/www.facebook.com\/green24ro\/\" \/>\n<meta property=\"article:published_time\" content=\"2022-08-25T08:26:39+00:00\" \/>\n<meta property=\"article:modified_time\" content=\"2022-08-25T08:26:43+00:00\" \/>\n<meta property=\"og:image\" content=\"https:\/\/www.green24.ro\/wp-content\/uploads\/2022\/08\/cabanute-frumosu-1.jpeg\" \/>\n\t<meta property=\"og:image:width\" content=\"682\" \/>\n\t<meta property=\"og:image:height\" content=\"387\" \/>\n\t<meta property=\"og:image:type\" content=\"image\/jpeg\" \/>\n<meta name=\"author\" content=\"Redactia Green24\" \/>\n<meta name=\"twitter:card\" content=\"summary_large_image\" \/>\n<meta name=\"twitter:label1\" content=\"Written by\" \/>\n\t<meta name=\"twitter:data1\" content=\"Redactia Green24\" \/>\n\t<meta name=\"twitter:label2\" content=\"Est. reading time\" \/>\n\t<meta name=\"twitter:data2\" content=\"4 minutes\" \/>\n<script type=\"application\/ld+json\" class=\"yoast-schema-graph\">{\"@context\":\"https:\/\/schema.org\",\"@graph\":[{\"@type\":\"Article\",\"@id\":\"https:\/\/www.green24.ro\/index.php\/2022\/08\/25\/un-impresionant-complex-de-cabane-construit-va-fi-demolat-pentru-ca-a-fost-ridicat-ilegal-intr-o-arie-protejata\/#article\",\"isPartOf\":{\"@id\":\"https:\/\/www.green24.ro\/index.php\/2022\/08\/25\/un-impresionant-complex-de-cabane-construit-va-fi-demolat-pentru-ca-a-fost-ridicat-ilegal-intr-o-arie-protejata\/\"},\"author\":{\"name\":\"Redactia Green24\",\"@id\":\"https:\/\/www.green24.ro\/#\/schema\/person\/275c7d10a2dd4fb528a2c0ad5d633496\"},\"headline\":\"Un impresionant complex de cabane construit va fi demolat pentru c\u0103 a fost ridicat ilegal \u00eentr-o arie protejat\u0103\",\"datePublished\":\"2022-08-25T08:26:39+00:00\",\"dateModified\":\"2022-08-25T08:26:43+00:00\",\"mainEntityOfPage\":{\"@id\":\"https:\/\/www.green24.ro\/index.php\/2022\/08\/25\/un-impresionant-complex-de-cabane-construit-va-fi-demolat-pentru-ca-a-fost-ridicat-ilegal-intr-o-arie-protejata\/\"},\"wordCount\":879,\"commentCount\":0,\"publisher\":{\"@id\":\"https:\/\/www.green24.ro\/#organization\"},\"image\":{\"@id\":\"https:\/\/www.green24.ro\/index.php\/2022\/08\/25\/un-impresionant-complex-de-cabane-construit-va-fi-demolat-pentru-ca-a-fost-ridicat-ilegal-intr-o-arie-protejata\/#primaryimage\"},\"thumbnailUrl\":\"https:\/\/www.green24.ro\/wp-content\/uploads\/2022\/08\/cabanute-frumosu-1.jpeg\",\"articleSection\":[\"Blog\",\"Company\",\"General\",\"Legislatie\",\"Prime\",\"Slide\"],\"inLanguage\":\"en-US\",\"potentialAction\":[{\"@type\":\"CommentAction\",\"name\":\"Comment\",\"target\":[\"https:\/\/www.green24.ro\/index.php\/2022\/08\/25\/un-impresionant-complex-de-cabane-construit-va-fi-demolat-pentru-ca-a-fost-ridicat-ilegal-intr-o-arie-protejata\/#respond\"]}]},{\"@type\":\"WebPage\",\"@id\":\"https:\/\/www.green24.ro\/index.php\/2022\/08\/25\/un-impresionant-complex-de-cabane-construit-va-fi-demolat-pentru-ca-a-fost-ridicat-ilegal-intr-o-arie-protejata\/\",\"url\":\"https:\/\/www.green24.ro\/index.php\/2022\/08\/25\/un-impresionant-complex-de-cabane-construit-va-fi-demolat-pentru-ca-a-fost-ridicat-ilegal-intr-o-arie-protejata\/\",\"name\":\"Un impresionant complex de cabane construit va fi demolat pentru c\u0103 a fost ridicat ilegal \u00eentr-o arie protejat\u0103 - Green24.ro\",\"isPartOf\":{\"@id\":\"https:\/\/www.green24.ro\/#website\"},\"primaryImageOfPage\":{\"@id\":\"https:\/\/www.green24.ro\/index.php\/2022\/08\/25\/un-impresionant-complex-de-cabane-construit-va-fi-demolat-pentru-ca-a-fost-ridicat-ilegal-intr-o-arie-protejata\/#primaryimage\"},\"image\":{\"@id\":\"https:\/\/www.green24.ro\/index.php\/2022\/08\/25\/un-impresionant-complex-de-cabane-construit-va-fi-demolat-pentru-ca-a-fost-ridicat-ilegal-intr-o-arie-protejata\/#primaryimage\"},\"thumbnailUrl\":\"https:\/\/www.green24.ro\/wp-content\/uploads\/2022\/08\/cabanute-frumosu-1.jpeg\",\"datePublished\":\"2022-08-25T08:26:39+00:00\",\"dateModified\":\"2022-08-25T08:26:43+00:00\",\"description\":\"Un impresionant complex de cabane construit de un gaterist controversat \u00eentr-un peisaj idilic din comuna Frumosu va fi demolat pentru c\u0103 a fost ridicat ilegal \u00eentr-o arie protejat\u0103\",\"breadcrumb\":{\"@id\":\"https:\/\/www.green24.ro\/index.php\/2022\/08\/25\/un-impresionant-complex-de-cabane-construit-va-fi-demolat-pentru-ca-a-fost-ridicat-ilegal-intr-o-arie-protejata\/#breadcrumb\"},\"inLanguage\":\"en-US\",\"potentialAction\":[{\"@type\":\"ReadAction\",\"target\":[\"https:\/\/www.green24.ro\/index.php\/2022\/08\/25\/un-impresionant-complex-de-cabane-construit-va-fi-demolat-pentru-ca-a-fost-ridicat-ilegal-intr-o-arie-protejata\/\"]}]},{\"@type\":\"ImageObject\",\"inLanguage\":\"en-US\",\"@id\":\"https:\/\/www.green24.ro\/index.php\/2022\/08\/25\/un-impresionant-complex-de-cabane-construit-va-fi-demolat-pentru-ca-a-fost-ridicat-ilegal-intr-o-arie-protejata\/#primaryimage\",\"url\":\"https:\/\/www.green24.ro\/wp-content\/uploads\/2022\/08\/cabanute-frumosu-1.jpeg\",\"contentUrl\":\"https:\/\/www.green24.ro\/wp-content\/uploads\/2022\/08\/cabanute-frumosu-1.jpeg\",\"width\":682,\"height\":387,\"caption\":\"Un impresionant complex de cabane construit va fi demolat pentru c\u0103 a fost ridicat ilegal \u00eentr-o arie protejat\u0103\"},{\"@type\":\"BreadcrumbList\",\"@id\":\"https:\/\/www.green24.ro\/index.php\/2022\/08\/25\/un-impresionant-complex-de-cabane-construit-va-fi-demolat-pentru-ca-a-fost-ridicat-ilegal-intr-o-arie-protejata\/#breadcrumb\",\"itemListElement\":[{\"@type\":\"ListItem\",\"position\":1,\"name\":\"Home\",\"item\":\"https:\/\/www.green24.ro\/\"},{\"@type\":\"ListItem\",\"position\":2,\"name\":\"Un impresionant complex de cabane construit va fi demolat pentru c\u0103 a fost ridicat ilegal \u00eentr-o arie protejat\u0103\"}]},{\"@type\":\"WebSite\",\"@id\":\"https:\/\/www.green24.ro\/#website\",\"url\":\"https:\/\/www.green24.ro\/\",\"name\":\"Green24.ro\",\"description\":\"Antreprenoriat verde si responsabilitatea social\u0103\",\"publisher\":{\"@id\":\"https:\/\/www.green24.ro\/#organization\"},\"potentialAction\":[{\"@type\":\"SearchAction\",\"target\":{\"@type\":\"EntryPoint\",\"urlTemplate\":\"https:\/\/www.green24.ro\/?s={search_term_string}\"},\"query-input\":{\"@type\":\"PropertyValueSpecification\",\"valueRequired\":true,\"valueName\":\"search_term_string\"}}],\"inLanguage\":\"en-US\"},{\"@type\":\"Organization\",\"@id\":\"https:\/\/www.green24.ro\/#organization\",\"name\":\"Green24\",\"url\":\"https:\/\/www.green24.ro\/\",\"logo\":{\"@type\":\"ImageObject\",\"inLanguage\":\"en-US\",\"@id\":\"https:\/\/www.green24.ro\/#\/schema\/logo\/image\/\",\"url\":\"https:\/\/www.green24.ro\/wp-content\/uploads\/2022\/02\/green24-17-e1643806452346.png\",\"contentUrl\":\"https:\/\/www.green24.ro\/wp-content\/uploads\/2022\/02\/green24-17-e1643806452346.png\",\"width\":174,\"height\":174,\"caption\":\"Green24\"},\"image\":{\"@id\":\"https:\/\/www.green24.ro\/#\/schema\/logo\/image\/\"},\"sameAs\":[\"https:\/\/www.facebook.com\/green24ro\/\"]},{\"@type\":\"Person\",\"@id\":\"https:\/\/www.green24.ro\/#\/schema\/person\/275c7d10a2dd4fb528a2c0ad5d633496\",\"name\":\"Redactia Green24\",\"image\":{\"@type\":\"ImageObject\",\"inLanguage\":\"en-US\",\"@id\":\"https:\/\/www.green24.ro\/#\/schema\/person\/image\/\",\"url\":\"https:\/\/secure.gravatar.com\/avatar\/ff0d3a759f98829f7ca35637ba02cb3c?s=96&d=mm&r=g\",\"contentUrl\":\"https:\/\/secure.gravatar.com\/avatar\/ff0d3a759f98829f7ca35637ba02cb3c?s=96&d=mm&r=g\",\"caption\":\"Redactia Green24\"},\"description\":\"Green24.ro este sursa zilnic\u0103 de \u0219tiri, online, pentru cei interesa\u021bi de mediul \u00eenconjur\u0103tor.\",\"sameAs\":[\"https:\/\/green24.ro\",\"https:\/\/www.facebook.com\/green24ro\/\"],\"url\":\"https:\/\/www.green24.ro\/index.php\/author\/admin\/\"}]}<\/script>\n<!-- \/ Yoast SEO plugin. -->","yoast_head_json":{"title":"Un impresionant complex de cabane construit va fi demolat pentru c\u0103 a fost ridicat ilegal \u00eentr-o arie protejat\u0103 - Green24.ro","description":"Un impresionant complex de cabane construit de un gaterist controversat \u00eentr-un peisaj idilic din comuna Frumosu va fi demolat pentru c\u0103 a fost ridicat ilegal \u00eentr-o arie protejat\u0103","robots":{"index":"index","follow":"follow","max-snippet":"max-snippet:-1","max-image-preview":"max-image-preview:large","max-video-preview":"max-video-preview:-1"},"canonical":"https:\/\/www.green24.ro\/index.php\/2022\/08\/25\/un-impresionant-complex-de-cabane-construit-va-fi-demolat-pentru-ca-a-fost-ridicat-ilegal-intr-o-arie-protejata\/","og_locale":"en_US","og_type":"article","og_title":"Un impresionant complex de cabane construit va fi demolat pentru c\u0103 a fost ridicat ilegal \u00eentr-o arie protejat\u0103 - Green24.ro","og_description":"Un impresionant complex de cabane construit de un gaterist controversat \u00eentr-un peisaj idilic din comuna Frumosu va fi demolat pentru c\u0103 a fost ridicat ilegal \u00eentr-o arie protejat\u0103","og_url":"https:\/\/www.green24.ro\/index.php\/2022\/08\/25\/un-impresionant-complex-de-cabane-construit-va-fi-demolat-pentru-ca-a-fost-ridicat-ilegal-intr-o-arie-protejata\/","og_site_name":"Green24.ro","article_publisher":"https:\/\/www.facebook.com\/green24ro\/","article_author":"https:\/\/www.facebook.com\/green24ro\/","article_published_time":"2022-08-25T08:26:39+00:00","article_modified_time":"2022-08-25T08:26:43+00:00","og_image":[{"width":682,"height":387,"url":"https:\/\/www.green24.ro\/wp-content\/uploads\/2022\/08\/cabanute-frumosu-1.jpeg","type":"image\/jpeg"}],"author":"Redactia Green24","twitter_card":"summary_large_image","twitter_misc":{"Written by":"Redactia Green24","Est. reading time":"4 minutes"},"schema":{"@context":"https:\/\/schema.org","@graph":[{"@type":"Article","@id":"https:\/\/www.green24.ro\/index.php\/2022\/08\/25\/un-impresionant-complex-de-cabane-construit-va-fi-demolat-pentru-ca-a-fost-ridicat-ilegal-intr-o-arie-protejata\/#article","isPartOf":{"@id":"https:\/\/www.green24.ro\/index.php\/2022\/08\/25\/un-impresionant-complex-de-cabane-construit-va-fi-demolat-pentru-ca-a-fost-ridicat-ilegal-intr-o-arie-protejata\/"},"author":{"name":"Redactia Green24","@id":"https:\/\/www.green24.ro\/#\/schema\/person\/275c7d10a2dd4fb528a2c0ad5d633496"},"headline":"Un impresionant complex de cabane construit va fi demolat pentru c\u0103 a fost ridicat ilegal \u00eentr-o arie protejat\u0103","datePublished":"2022-08-25T08:26:39+00:00","dateModified":"2022-08-25T08:26:43+00:00","mainEntityOfPage":{"@id":"https:\/\/www.green24.ro\/index.php\/2022\/08\/25\/un-impresionant-complex-de-cabane-construit-va-fi-demolat-pentru-ca-a-fost-ridicat-ilegal-intr-o-arie-protejata\/"},"wordCount":879,"commentCount":0,"publisher":{"@id":"https:\/\/www.green24.ro\/#organization"},"image":{"@id":"https:\/\/www.green24.ro\/index.php\/2022\/08\/25\/un-impresionant-complex-de-cabane-construit-va-fi-demolat-pentru-ca-a-fost-ridicat-ilegal-intr-o-arie-protejata\/#primaryimage"},"thumbnailUrl":"https:\/\/www.green24.ro\/wp-content\/uploads\/2022\/08\/cabanute-frumosu-1.jpeg","articleSection":["Blog","Company","General","Legislatie","Prime","Slide"],"inLanguage":"en-US","potentialAction":[{"@type":"CommentAction","name":"Comment","target":["https:\/\/www.green24.ro\/index.php\/2022\/08\/25\/un-impresionant-complex-de-cabane-construit-va-fi-demolat-pentru-ca-a-fost-ridicat-ilegal-intr-o-arie-protejata\/#respond"]}]},{"@type":"WebPage","@id":"https:\/\/www.green24.ro\/index.php\/2022\/08\/25\/un-impresionant-complex-de-cabane-construit-va-fi-demolat-pentru-ca-a-fost-ridicat-ilegal-intr-o-arie-protejata\/","url":"https:\/\/www.green24.ro\/index.php\/2022\/08\/25\/un-impresionant-complex-de-cabane-construit-va-fi-demolat-pentru-ca-a-fost-ridicat-ilegal-intr-o-arie-protejata\/","name":"Un impresionant complex de cabane construit va fi demolat pentru c\u0103 a fost ridicat ilegal \u00eentr-o arie protejat\u0103 - Green24.ro","isPartOf":{"@id":"https:\/\/www.green24.ro\/#website"},"primaryImageOfPage":{"@id":"https:\/\/www.green24.ro\/index.php\/2022\/08\/25\/un-impresionant-complex-de-cabane-construit-va-fi-demolat-pentru-ca-a-fost-ridicat-ilegal-intr-o-arie-protejata\/#primaryimage"},"image":{"@id":"https:\/\/www.green24.ro\/index.php\/2022\/08\/25\/un-impresionant-complex-de-cabane-construit-va-fi-demolat-pentru-ca-a-fost-ridicat-ilegal-intr-o-arie-protejata\/#primaryimage"},"thumbnailUrl":"https:\/\/www.green24.ro\/wp-content\/uploads\/2022\/08\/cabanute-frumosu-1.jpeg","datePublished":"2022-08-25T08:26:39+00:00","dateModified":"2022-08-25T08:26:43+00:00","description":"Un impresionant complex de cabane construit de un gaterist controversat \u00eentr-un peisaj idilic din comuna Frumosu va fi demolat pentru c\u0103 a fost ridicat ilegal \u00eentr-o arie protejat\u0103","breadcrumb":{"@id":"https:\/\/www.green24.ro\/index.php\/2022\/08\/25\/un-impresionant-complex-de-cabane-construit-va-fi-demolat-pentru-ca-a-fost-ridicat-ilegal-intr-o-arie-protejata\/#breadcrumb"},"inLanguage":"en-US","potentialAction":[{"@type":"ReadAction","target":["https:\/\/www.green24.ro\/index.php\/2022\/08\/25\/un-impresionant-complex-de-cabane-construit-va-fi-demolat-pentru-ca-a-fost-ridicat-ilegal-intr-o-arie-protejata\/"]}]},{"@type":"ImageObject","inLanguage":"en-US","@id":"https:\/\/www.green24.ro\/index.php\/2022\/08\/25\/un-impresionant-complex-de-cabane-construit-va-fi-demolat-pentru-ca-a-fost-ridicat-ilegal-intr-o-arie-protejata\/#primaryimage","url":"https:\/\/www.green24.ro\/wp-content\/uploads\/2022\/08\/cabanute-frumosu-1.jpeg","contentUrl":"https:\/\/www.green24.ro\/wp-content\/uploads\/2022\/08\/cabanute-frumosu-1.jpeg","width":682,"height":387,"caption":"Un impresionant complex de cabane construit va fi demolat pentru c\u0103 a fost ridicat ilegal \u00eentr-o arie protejat\u0103"},{"@type":"BreadcrumbList","@id":"https:\/\/www.green24.ro\/index.php\/2022\/08\/25\/un-impresionant-complex-de-cabane-construit-va-fi-demolat-pentru-ca-a-fost-ridicat-ilegal-intr-o-arie-protejata\/#breadcrumb","itemListElement":[{"@type":"ListItem","position":1,"name":"Home","item":"https:\/\/www.green24.ro\/"},{"@type":"ListItem","position":2,"name":"Un impresionant complex de cabane construit va fi demolat pentru c\u0103 a fost ridicat ilegal \u00eentr-o arie protejat\u0103"}]},{"@type":"WebSite","@id":"https:\/\/www.green24.ro\/#website","url":"https:\/\/www.green24.ro\/","name":"Green24.ro","description":"Antreprenoriat verde si responsabilitatea social\u0103","publisher":{"@id":"https:\/\/www.green24.ro\/#organization"},"potentialAction":[{"@type":"SearchAction","target":{"@type":"EntryPoint","urlTemplate":"https:\/\/www.green24.ro\/?s={search_term_string}"},"query-input":{"@type":"PropertyValueSpecification","valueRequired":true,"valueName":"search_term_string"}}],"inLanguage":"en-US"},{"@type":"Organization","@id":"https:\/\/www.green24.ro\/#organization","name":"Green24","url":"https:\/\/www.green24.ro\/","logo":{"@type":"ImageObject","inLanguage":"en-US","@id":"https:\/\/www.green24.ro\/#\/schema\/logo\/image\/","url":"https:\/\/www.green24.ro\/wp-content\/uploads\/2022\/02\/green24-17-e1643806452346.png","contentUrl":"https:\/\/www.green24.ro\/wp-content\/uploads\/2022\/02\/green24-17-e1643806452346.png","width":174,"height":174,"caption":"Green24"},"image":{"@id":"https:\/\/www.green24.ro\/#\/schema\/logo\/image\/"},"sameAs":["https:\/\/www.facebook.com\/green24ro\/"]},{"@type":"Person","@id":"https:\/\/www.green24.ro\/#\/schema\/person\/275c7d10a2dd4fb528a2c0ad5d633496","name":"Redactia Green24","image":{"@type":"ImageObject","inLanguage":"en-US","@id":"https:\/\/www.green24.ro\/#\/schema\/person\/image\/","url":"https:\/\/secure.gravatar.com\/avatar\/ff0d3a759f98829f7ca35637ba02cb3c?s=96&d=mm&r=g","contentUrl":"https:\/\/secure.gravatar.com\/avatar\/ff0d3a759f98829f7ca35637ba02cb3c?s=96&d=mm&r=g","caption":"Redactia Green24"},"description":"Green24.ro este sursa zilnic\u0103 de \u0219tiri, online, pentru cei interesa\u021bi de mediul \u00eenconjur\u0103tor.","sameAs":["https:\/\/green24.ro","https:\/\/www.facebook.com\/green24ro\/"],"url":"https:\/\/www.green24.ro\/index.php\/author\/admin\/"}]}},"jetpack_publicize_connections":[],"jetpack_featured_media_url":"https:\/\/www.green24.ro\/wp-content\/uploads\/2022\/08\/cabanute-frumosu-1.jpeg","jetpack_sharing_enabled":true,"_links":{"self":[{"href":"https:\/\/www.green24.ro\/index.php\/wp-json\/wp\/v2\/posts\/1359","targetHints":{"allow":["GET"]}}],"collection":[{"href":"https:\/\/www.green24.ro\/index.php\/wp-json\/wp\/v2\/posts"}],"about":[{"href":"https:\/\/www.green24.ro\/index.php\/wp-json\/wp\/v2\/types\/post"}],"author":[{"embeddable":true,"href":"https:\/\/www.green24.ro\/index.php\/wp-json\/wp\/v2\/users\/1"}],"replies":[{"embeddable":true,"href":"https:\/\/www.green24.ro\/index.php\/wp-json\/wp\/v2\/comments?post=1359"}],"version-history":[{"count":1,"href":"https:\/\/www.green24.ro\/index.php\/wp-json\/wp\/v2\/posts\/1359\/revisions"}],"predecessor-version":[{"id":1362,"href":"https:\/\/www.green24.ro\/index.php\/wp-json\/wp\/v2\/posts\/1359\/revisions\/1362"}],"wp:featuredmedia":[{"embeddable":true,"href":"https:\/\/www.green24.ro\/index.php\/wp-json\/wp\/v2\/media\/1360"}],"wp:attachment":[{"href":"https:\/\/www.green24.ro\/index.php\/wp-json\/wp\/v2\/media?parent=1359"}],"wp:term":[{"taxonomy":"category","embeddable":true,"href":"https:\/\/www.green24.ro\/index.php\/wp-json\/wp\/v2\/categories?post=1359"},{"taxonomy":"post_tag","embeddable":true,"href":"https:\/\/www.green24.ro\/index.php\/wp-json\/wp\/v2\/tags?post=1359"}],"curies":[{"name":"wp","href":"https:\/\/api.w.org\/{rel}","templated":true}]}}