{"id":1327,"date":"2022-08-17T12:24:19","date_gmt":"2022-08-17T10:24:19","guid":{"rendered":"https:\/\/www.green24.ro\/?p=1327"},"modified":"2022-08-17T12:24:21","modified_gmt":"2022-08-17T10:24:21","slug":"primaria-iasi-planuieste-sa-asigure-incalzirea-pe-baza-de-carbune-in-iarna-urmatoare","status":"publish","type":"post","link":"https:\/\/www.green24.ro\/index.php\/2022\/08\/17\/primaria-iasi-planuieste-sa-asigure-incalzirea-pe-baza-de-carbune-in-iarna-urmatoare\/","title":{"rendered":"Prim\u0103ria Ia\u0219i pl\u0103nuie\u0219te s\u0103 asigure \u00eenc\u0103lzirea pe baz\u0103 de c\u0103rbune \u00een iarna urm\u0103toare"},"content":{"rendered":"<p style=\"text-align: justify;\"><strong>\u00cenc\u0103lzirea municipiului Ia\u015fi \u00een sezonul rece 2022- 2023 va fi f\u0103cut\u0103, cel mai probabil, pe baz\u0103 de c\u0103rbune, nu pe gaze naturale, a declarat primarul Mihai Chirica.<\/strong><\/p>\n<p style=\"text-align: justify;\">Potrivit acestuia,\u00a0prognozele municipalit\u0103\u0163ii\u00a0arat\u0103 c\u0103 producerea de energie termic\u0103 pentru popula\u0163ie \u00een iarna urm\u0103toare este mai ieftin\u0103 dac\u0103 va fi folosit combustibil pe baz\u0103 de c\u0103rbune.<\/p>\n<p style=\"text-align: justify;\">\u201e<em>Situa\u0163ia combustibililor la nivel interna\u0163ional s-a degradat \u015fi se va degrada \u00een continuu. Avem \u015fi prognozele f\u0103cute pentru iarna ce urmeaz\u0103. Un lucru este cert: func\u0163ionarea pe c\u0103rbune a CET-ului va fi mai eficient\u0103 dec\u00e2t func\u0163ionarea pe gaze, cu un efort mai mic at\u00e2t pentru Guvernul Rom\u00e2niei, c\u00e2t \u015fi pentru autoritatea public\u0103, diferen\u0163ele de abordare merg\u00e2nd de la simplu la dublu. Dac\u0103 func\u0163ionarea pe c\u0103rbune ne-ar putea duce la o pierdere de 200 de milioane de lei, func\u0163ionarea pe gaze naturale ne-ar putea aduce o pierdere de aproape 400 de milioane de lei la tarifele actuale, inclusiv pentru Guvernul Rom\u00e2niei de 150 de milioane, datorit\u0103 subven\u0163ion\u0103rii gazelor naturale\u201d<\/em>, a afirmat Chirica.<\/p>\n<p style=\"text-align: justify;\">Mihai Chirica sus\u0163ine c\u0103 solu\u0163ia utiliz\u0103rii c\u0103rbunelui a fost mai eficient\u0103, at\u00e2t energetic, c\u00e2t \u015fi financiar, \u015fi \u00een iarna anterioar\u0103, \u00een ciuda faptului c\u0103 municipalitatea ie\u015fean\u0103 a fost nevoit\u0103 s\u0103 achizi\u0163ioneze, conform normelor interna\u0163ionale, certificate energetice \u00een valoare de 21 de milioane de euro.<\/p>\n<pre>sursa: <a href=\"https:\/\/green-report.ro\/primaria-iasi-pe-baza-de-carbune\/\">greenreport<\/a><\/pre>\n","protected":false},"excerpt":{"rendered":"<p>\u00cenc\u0103lzirea municipiului Ia\u015fi \u00een sezonul rece 2022- 2023 va fi f\u0103cut\u0103, cel mai probabil, pe baz\u0103 de c\u0103rbune, nu pe gaze naturale, a declarat primarul Mihai Chirica. Potrivit acestuia,\u00a0prognozele municipalit\u0103\u0163ii\u00a0arat\u0103 c\u0103 producerea de energie termic\u0103 pentru popula\u0163ie \u00een iarna urm\u0103toare este mai ieftin\u0103 dac\u0103 va fi folosit combustibil pe baz\u0103 [&hellip;]<\/p>\n","protected":false},"author":1,"featured_media":1328,"comment_status":"open","ping_status":"open","sticky":false,"template":"","format":"standard","meta":{"content-type":"","footnotes":"","jetpack_publicize_message":"","jetpack_publicize_feature_enabled":true,"jetpack_social_post_already_shared":true,"jetpack_social_options":{"image_generator_settings":{"template":"highway","default_image_id":0,"font":"","enabled":false},"version":2}},"categories":[5,9,1,3,6],"tags":[],"class_list":["post-1327","post","type-post","status-publish","format-standard","has-post-thumbnail","hentry","category-blog","category-company","category-general","category-legislatie","category-prime"],"yoast_head":"<!-- This site is optimized with the Yoast SEO plugin v24.9 - https:\/\/yoast.com\/wordpress\/plugins\/seo\/ -->\n<title>Prim\u0103ria Ia\u0219i pl\u0103nuie\u0219te s\u0103 asigure \u00eenc\u0103lzirea pe baz\u0103 de c\u0103rbune \u00een iarna urm\u0103toare<\/title>\n<meta name=\"description\" content=\"\u00cenc\u0103lzirea municipiului Ia\u015fi \u00een sezonul rece 2022- 2023 va fi f\u0103cut\u0103, cel mai probabil, pe baz\u0103 de c\u0103rbune, nu pe gaze naturale, a declarat primarul Mihai Chirica.\" \/>\n<meta name=\"robots\" content=\"index, follow, max-snippet:-1, max-image-preview:large, max-video-preview:-1\" \/>\n<link rel=\"canonical\" href=\"https:\/\/www.green24.ro\/index.php\/2022\/08\/17\/primaria-iasi-planuieste-sa-asigure-incalzirea-pe-baza-de-carbune-in-iarna-urmatoare\/\" \/>\n<meta property=\"og:locale\" content=\"en_US\" \/>\n<meta property=\"og:type\" content=\"article\" \/>\n<meta property=\"og:title\" content=\"Prim\u0103ria Ia\u0219i pl\u0103nuie\u0219te s\u0103 asigure \u00eenc\u0103lzirea pe baz\u0103 de c\u0103rbune \u00een iarna urm\u0103toare\" \/>\n<meta property=\"og:description\" content=\"\u00cenc\u0103lzirea municipiului Ia\u015fi \u00een sezonul rece 2022- 2023 va fi f\u0103cut\u0103, cel mai probabil, pe baz\u0103 de c\u0103rbune, nu pe gaze naturale, a declarat primarul Mihai Chirica.\" \/>\n<meta property=\"og:url\" content=\"https:\/\/www.green24.ro\/index.php\/2022\/08\/17\/primaria-iasi-planuieste-sa-asigure-incalzirea-pe-baza-de-carbune-in-iarna-urmatoare\/\" \/>\n<meta property=\"og:site_name\" content=\"Green24.ro\" \/>\n<meta property=\"article:publisher\" content=\"https:\/\/www.facebook.com\/green24ro\/\" \/>\n<meta property=\"article:author\" content=\"https:\/\/www.facebook.com\/green24ro\/\" \/>\n<meta property=\"article:published_time\" content=\"2022-08-17T10:24:19+00:00\" \/>\n<meta property=\"article:modified_time\" content=\"2022-08-17T10:24:21+00:00\" \/>\n<meta property=\"og:image\" content=\"https:\/\/www.green24.ro\/wp-content\/uploads\/2022\/08\/image-2019-10-4-23406739-41-mihai-chirica.jpeg\" \/>\n\t<meta property=\"og:image:width\" content=\"800\" \/>\n\t<meta property=\"og:image:height\" content=\"450\" \/>\n\t<meta property=\"og:image:type\" content=\"image\/jpeg\" \/>\n<meta name=\"author\" content=\"Redactia Green24\" \/>\n<meta name=\"twitter:card\" content=\"summary_large_image\" \/>\n<meta name=\"twitter:label1\" content=\"Written by\" \/>\n\t<meta name=\"twitter:data1\" content=\"Redactia Green24\" \/>\n\t<meta name=\"twitter:label2\" content=\"Est. reading time\" \/>\n\t<meta name=\"twitter:data2\" content=\"1 minute\" \/>\n<script type=\"application\/ld+json\" class=\"yoast-schema-graph\">{\"@context\":\"https:\/\/schema.org\",\"@graph\":[{\"@type\":\"Article\",\"@id\":\"https:\/\/www.green24.ro\/index.php\/2022\/08\/17\/primaria-iasi-planuieste-sa-asigure-incalzirea-pe-baza-de-carbune-in-iarna-urmatoare\/#article\",\"isPartOf\":{\"@id\":\"https:\/\/www.green24.ro\/index.php\/2022\/08\/17\/primaria-iasi-planuieste-sa-asigure-incalzirea-pe-baza-de-carbune-in-iarna-urmatoare\/\"},\"author\":{\"name\":\"Redactia Green24\",\"@id\":\"https:\/\/www.green24.ro\/#\/schema\/person\/275c7d10a2dd4fb528a2c0ad5d633496\"},\"headline\":\"Prim\u0103ria Ia\u0219i pl\u0103nuie\u0219te s\u0103 asigure \u00eenc\u0103lzirea pe baz\u0103 de c\u0103rbune \u00een iarna urm\u0103toare\",\"datePublished\":\"2022-08-17T10:24:19+00:00\",\"dateModified\":\"2022-08-17T10:24:21+00:00\",\"mainEntityOfPage\":{\"@id\":\"https:\/\/www.green24.ro\/index.php\/2022\/08\/17\/primaria-iasi-planuieste-sa-asigure-incalzirea-pe-baza-de-carbune-in-iarna-urmatoare\/\"},\"wordCount\":259,\"commentCount\":0,\"publisher\":{\"@id\":\"https:\/\/www.green24.ro\/#organization\"},\"image\":{\"@id\":\"https:\/\/www.green24.ro\/index.php\/2022\/08\/17\/primaria-iasi-planuieste-sa-asigure-incalzirea-pe-baza-de-carbune-in-iarna-urmatoare\/#primaryimage\"},\"thumbnailUrl\":\"https:\/\/www.green24.ro\/wp-content\/uploads\/2022\/08\/image-2019-10-4-23406739-41-mihai-chirica.jpeg\",\"articleSection\":[\"Blog\",\"Company\",\"General\",\"Legislatie\",\"Prime\"],\"inLanguage\":\"en-US\",\"potentialAction\":[{\"@type\":\"CommentAction\",\"name\":\"Comment\",\"target\":[\"https:\/\/www.green24.ro\/index.php\/2022\/08\/17\/primaria-iasi-planuieste-sa-asigure-incalzirea-pe-baza-de-carbune-in-iarna-urmatoare\/#respond\"]}]},{\"@type\":\"WebPage\",\"@id\":\"https:\/\/www.green24.ro\/index.php\/2022\/08\/17\/primaria-iasi-planuieste-sa-asigure-incalzirea-pe-baza-de-carbune-in-iarna-urmatoare\/\",\"url\":\"https:\/\/www.green24.ro\/index.php\/2022\/08\/17\/primaria-iasi-planuieste-sa-asigure-incalzirea-pe-baza-de-carbune-in-iarna-urmatoare\/\",\"name\":\"Prim\u0103ria Ia\u0219i pl\u0103nuie\u0219te s\u0103 asigure \u00eenc\u0103lzirea pe baz\u0103 de c\u0103rbune \u00een iarna urm\u0103toare\",\"isPartOf\":{\"@id\":\"https:\/\/www.green24.ro\/#website\"},\"primaryImageOfPage\":{\"@id\":\"https:\/\/www.green24.ro\/index.php\/2022\/08\/17\/primaria-iasi-planuieste-sa-asigure-incalzirea-pe-baza-de-carbune-in-iarna-urmatoare\/#primaryimage\"},\"image\":{\"@id\":\"https:\/\/www.green24.ro\/index.php\/2022\/08\/17\/primaria-iasi-planuieste-sa-asigure-incalzirea-pe-baza-de-carbune-in-iarna-urmatoare\/#primaryimage\"},\"thumbnailUrl\":\"https:\/\/www.green24.ro\/wp-content\/uploads\/2022\/08\/image-2019-10-4-23406739-41-mihai-chirica.jpeg\",\"datePublished\":\"2022-08-17T10:24:19+00:00\",\"dateModified\":\"2022-08-17T10:24:21+00:00\",\"description\":\"\u00cenc\u0103lzirea municipiului Ia\u015fi \u00een sezonul rece 2022- 2023 va fi f\u0103cut\u0103, cel mai probabil, pe baz\u0103 de c\u0103rbune, nu pe gaze naturale, a declarat primarul Mihai Chirica.\",\"breadcrumb\":{\"@id\":\"https:\/\/www.green24.ro\/index.php\/2022\/08\/17\/primaria-iasi-planuieste-sa-asigure-incalzirea-pe-baza-de-carbune-in-iarna-urmatoare\/#breadcrumb\"},\"inLanguage\":\"en-US\",\"potentialAction\":[{\"@type\":\"ReadAction\",\"target\":[\"https:\/\/www.green24.ro\/index.php\/2022\/08\/17\/primaria-iasi-planuieste-sa-asigure-incalzirea-pe-baza-de-carbune-in-iarna-urmatoare\/\"]}]},{\"@type\":\"ImageObject\",\"inLanguage\":\"en-US\",\"@id\":\"https:\/\/www.green24.ro\/index.php\/2022\/08\/17\/primaria-iasi-planuieste-sa-asigure-incalzirea-pe-baza-de-carbune-in-iarna-urmatoare\/#primaryimage\",\"url\":\"https:\/\/www.green24.ro\/wp-content\/uploads\/2022\/08\/image-2019-10-4-23406739-41-mihai-chirica.jpeg\",\"contentUrl\":\"https:\/\/www.green24.ro\/wp-content\/uploads\/2022\/08\/image-2019-10-4-23406739-41-mihai-chirica.jpeg\",\"width\":800,\"height\":450,\"caption\":\"Prim\u0103ria Ia\u0219i pl\u0103nuie\u0219te s\u0103 asigure \u00eenc\u0103lzirea pe baz\u0103 de c\u0103rbune \u00een iarna urm\u0103toare\"},{\"@type\":\"BreadcrumbList\",\"@id\":\"https:\/\/www.green24.ro\/index.php\/2022\/08\/17\/primaria-iasi-planuieste-sa-asigure-incalzirea-pe-baza-de-carbune-in-iarna-urmatoare\/#breadcrumb\",\"itemListElement\":[{\"@type\":\"ListItem\",\"position\":1,\"name\":\"Home\",\"item\":\"https:\/\/www.green24.ro\/\"},{\"@type\":\"ListItem\",\"position\":2,\"name\":\"Prim\u0103ria Ia\u0219i pl\u0103nuie\u0219te s\u0103 asigure \u00eenc\u0103lzirea pe baz\u0103 de c\u0103rbune \u00een iarna urm\u0103toare\"}]},{\"@type\":\"WebSite\",\"@id\":\"https:\/\/www.green24.ro\/#website\",\"url\":\"https:\/\/www.green24.ro\/\",\"name\":\"Green24.ro\",\"description\":\"Antreprenoriat verde si responsabilitatea social\u0103\",\"publisher\":{\"@id\":\"https:\/\/www.green24.ro\/#organization\"},\"potentialAction\":[{\"@type\":\"SearchAction\",\"target\":{\"@type\":\"EntryPoint\",\"urlTemplate\":\"https:\/\/www.green24.ro\/?s={search_term_string}\"},\"query-input\":{\"@type\":\"PropertyValueSpecification\",\"valueRequired\":true,\"valueName\":\"search_term_string\"}}],\"inLanguage\":\"en-US\"},{\"@type\":\"Organization\",\"@id\":\"https:\/\/www.green24.ro\/#organization\",\"name\":\"Green24\",\"url\":\"https:\/\/www.green24.ro\/\",\"logo\":{\"@type\":\"ImageObject\",\"inLanguage\":\"en-US\",\"@id\":\"https:\/\/www.green24.ro\/#\/schema\/logo\/image\/\",\"url\":\"https:\/\/www.green24.ro\/wp-content\/uploads\/2022\/02\/green24-17-e1643806452346.png\",\"contentUrl\":\"https:\/\/www.green24.ro\/wp-content\/uploads\/2022\/02\/green24-17-e1643806452346.png\",\"width\":174,\"height\":174,\"caption\":\"Green24\"},\"image\":{\"@id\":\"https:\/\/www.green24.ro\/#\/schema\/logo\/image\/\"},\"sameAs\":[\"https:\/\/www.facebook.com\/green24ro\/\"]},{\"@type\":\"Person\",\"@id\":\"https:\/\/www.green24.ro\/#\/schema\/person\/275c7d10a2dd4fb528a2c0ad5d633496\",\"name\":\"Redactia Green24\",\"image\":{\"@type\":\"ImageObject\",\"inLanguage\":\"en-US\",\"@id\":\"https:\/\/www.green24.ro\/#\/schema\/person\/image\/\",\"url\":\"https:\/\/secure.gravatar.com\/avatar\/ff0d3a759f98829f7ca35637ba02cb3c?s=96&d=mm&r=g\",\"contentUrl\":\"https:\/\/secure.gravatar.com\/avatar\/ff0d3a759f98829f7ca35637ba02cb3c?s=96&d=mm&r=g\",\"caption\":\"Redactia Green24\"},\"description\":\"Green24.ro este sursa zilnic\u0103 de \u0219tiri, online, pentru cei interesa\u021bi de mediul \u00eenconjur\u0103tor.\",\"sameAs\":[\"https:\/\/green24.ro\",\"https:\/\/www.facebook.com\/green24ro\/\"],\"url\":\"https:\/\/www.green24.ro\/index.php\/author\/admin\/\"}]}<\/script>\n<!-- \/ Yoast SEO plugin. -->","yoast_head_json":{"title":"Prim\u0103ria Ia\u0219i pl\u0103nuie\u0219te s\u0103 asigure \u00eenc\u0103lzirea pe baz\u0103 de c\u0103rbune \u00een iarna urm\u0103toare","description":"\u00cenc\u0103lzirea municipiului Ia\u015fi \u00een sezonul rece 2022- 2023 va fi f\u0103cut\u0103, cel mai probabil, pe baz\u0103 de c\u0103rbune, nu pe gaze naturale, a declarat primarul Mihai Chirica.","robots":{"index":"index","follow":"follow","max-snippet":"max-snippet:-1","max-image-preview":"max-image-preview:large","max-video-preview":"max-video-preview:-1"},"canonical":"https:\/\/www.green24.ro\/index.php\/2022\/08\/17\/primaria-iasi-planuieste-sa-asigure-incalzirea-pe-baza-de-carbune-in-iarna-urmatoare\/","og_locale":"en_US","og_type":"article","og_title":"Prim\u0103ria Ia\u0219i pl\u0103nuie\u0219te s\u0103 asigure \u00eenc\u0103lzirea pe baz\u0103 de c\u0103rbune \u00een iarna urm\u0103toare","og_description":"\u00cenc\u0103lzirea municipiului Ia\u015fi \u00een sezonul rece 2022- 2023 va fi f\u0103cut\u0103, cel mai probabil, pe baz\u0103 de c\u0103rbune, nu pe gaze naturale, a declarat primarul Mihai Chirica.","og_url":"https:\/\/www.green24.ro\/index.php\/2022\/08\/17\/primaria-iasi-planuieste-sa-asigure-incalzirea-pe-baza-de-carbune-in-iarna-urmatoare\/","og_site_name":"Green24.ro","article_publisher":"https:\/\/www.facebook.com\/green24ro\/","article_author":"https:\/\/www.facebook.com\/green24ro\/","article_published_time":"2022-08-17T10:24:19+00:00","article_modified_time":"2022-08-17T10:24:21+00:00","og_image":[{"width":800,"height":450,"url":"https:\/\/www.green24.ro\/wp-content\/uploads\/2022\/08\/image-2019-10-4-23406739-41-mihai-chirica.jpeg","type":"image\/jpeg"}],"author":"Redactia Green24","twitter_card":"summary_large_image","twitter_misc":{"Written by":"Redactia Green24","Est. reading time":"1 minute"},"schema":{"@context":"https:\/\/schema.org","@graph":[{"@type":"Article","@id":"https:\/\/www.green24.ro\/index.php\/2022\/08\/17\/primaria-iasi-planuieste-sa-asigure-incalzirea-pe-baza-de-carbune-in-iarna-urmatoare\/#article","isPartOf":{"@id":"https:\/\/www.green24.ro\/index.php\/2022\/08\/17\/primaria-iasi-planuieste-sa-asigure-incalzirea-pe-baza-de-carbune-in-iarna-urmatoare\/"},"author":{"name":"Redactia Green24","@id":"https:\/\/www.green24.ro\/#\/schema\/person\/275c7d10a2dd4fb528a2c0ad5d633496"},"headline":"Prim\u0103ria Ia\u0219i pl\u0103nuie\u0219te s\u0103 asigure \u00eenc\u0103lzirea pe baz\u0103 de c\u0103rbune \u00een iarna urm\u0103toare","datePublished":"2022-08-17T10:24:19+00:00","dateModified":"2022-08-17T10:24:21+00:00","mainEntityOfPage":{"@id":"https:\/\/www.green24.ro\/index.php\/2022\/08\/17\/primaria-iasi-planuieste-sa-asigure-incalzirea-pe-baza-de-carbune-in-iarna-urmatoare\/"},"wordCount":259,"commentCount":0,"publisher":{"@id":"https:\/\/www.green24.ro\/#organization"},"image":{"@id":"https:\/\/www.green24.ro\/index.php\/2022\/08\/17\/primaria-iasi-planuieste-sa-asigure-incalzirea-pe-baza-de-carbune-in-iarna-urmatoare\/#primaryimage"},"thumbnailUrl":"https:\/\/www.green24.ro\/wp-content\/uploads\/2022\/08\/image-2019-10-4-23406739-41-mihai-chirica.jpeg","articleSection":["Blog","Company","General","Legislatie","Prime"],"inLanguage":"en-US","potentialAction":[{"@type":"CommentAction","name":"Comment","target":["https:\/\/www.green24.ro\/index.php\/2022\/08\/17\/primaria-iasi-planuieste-sa-asigure-incalzirea-pe-baza-de-carbune-in-iarna-urmatoare\/#respond"]}]},{"@type":"WebPage","@id":"https:\/\/www.green24.ro\/index.php\/2022\/08\/17\/primaria-iasi-planuieste-sa-asigure-incalzirea-pe-baza-de-carbune-in-iarna-urmatoare\/","url":"https:\/\/www.green24.ro\/index.php\/2022\/08\/17\/primaria-iasi-planuieste-sa-asigure-incalzirea-pe-baza-de-carbune-in-iarna-urmatoare\/","name":"Prim\u0103ria Ia\u0219i pl\u0103nuie\u0219te s\u0103 asigure \u00eenc\u0103lzirea pe baz\u0103 de c\u0103rbune \u00een iarna urm\u0103toare","isPartOf":{"@id":"https:\/\/www.green24.ro\/#website"},"primaryImageOfPage":{"@id":"https:\/\/www.green24.ro\/index.php\/2022\/08\/17\/primaria-iasi-planuieste-sa-asigure-incalzirea-pe-baza-de-carbune-in-iarna-urmatoare\/#primaryimage"},"image":{"@id":"https:\/\/www.green24.ro\/index.php\/2022\/08\/17\/primaria-iasi-planuieste-sa-asigure-incalzirea-pe-baza-de-carbune-in-iarna-urmatoare\/#primaryimage"},"thumbnailUrl":"https:\/\/www.green24.ro\/wp-content\/uploads\/2022\/08\/image-2019-10-4-23406739-41-mihai-chirica.jpeg","datePublished":"2022-08-17T10:24:19+00:00","dateModified":"2022-08-17T10:24:21+00:00","description":"\u00cenc\u0103lzirea municipiului Ia\u015fi \u00een sezonul rece 2022- 2023 va fi f\u0103cut\u0103, cel mai probabil, pe baz\u0103 de c\u0103rbune, nu pe gaze naturale, a declarat primarul Mihai Chirica.","breadcrumb":{"@id":"https:\/\/www.green24.ro\/index.php\/2022\/08\/17\/primaria-iasi-planuieste-sa-asigure-incalzirea-pe-baza-de-carbune-in-iarna-urmatoare\/#breadcrumb"},"inLanguage":"en-US","potentialAction":[{"@type":"ReadAction","target":["https:\/\/www.green24.ro\/index.php\/2022\/08\/17\/primaria-iasi-planuieste-sa-asigure-incalzirea-pe-baza-de-carbune-in-iarna-urmatoare\/"]}]},{"@type":"ImageObject","inLanguage":"en-US","@id":"https:\/\/www.green24.ro\/index.php\/2022\/08\/17\/primaria-iasi-planuieste-sa-asigure-incalzirea-pe-baza-de-carbune-in-iarna-urmatoare\/#primaryimage","url":"https:\/\/www.green24.ro\/wp-content\/uploads\/2022\/08\/image-2019-10-4-23406739-41-mihai-chirica.jpeg","contentUrl":"https:\/\/www.green24.ro\/wp-content\/uploads\/2022\/08\/image-2019-10-4-23406739-41-mihai-chirica.jpeg","width":800,"height":450,"caption":"Prim\u0103ria Ia\u0219i pl\u0103nuie\u0219te s\u0103 asigure \u00eenc\u0103lzirea pe baz\u0103 de c\u0103rbune \u00een iarna urm\u0103toare"},{"@type":"BreadcrumbList","@id":"https:\/\/www.green24.ro\/index.php\/2022\/08\/17\/primaria-iasi-planuieste-sa-asigure-incalzirea-pe-baza-de-carbune-in-iarna-urmatoare\/#breadcrumb","itemListElement":[{"@type":"ListItem","position":1,"name":"Home","item":"https:\/\/www.green24.ro\/"},{"@type":"ListItem","position":2,"name":"Prim\u0103ria Ia\u0219i pl\u0103nuie\u0219te s\u0103 asigure \u00eenc\u0103lzirea pe baz\u0103 de c\u0103rbune \u00een iarna urm\u0103toare"}]},{"@type":"WebSite","@id":"https:\/\/www.green24.ro\/#website","url":"https:\/\/www.green24.ro\/","name":"Green24.ro","description":"Antreprenoriat verde si responsabilitatea social\u0103","publisher":{"@id":"https:\/\/www.green24.ro\/#organization"},"potentialAction":[{"@type":"SearchAction","target":{"@type":"EntryPoint","urlTemplate":"https:\/\/www.green24.ro\/?s={search_term_string}"},"query-input":{"@type":"PropertyValueSpecification","valueRequired":true,"valueName":"search_term_string"}}],"inLanguage":"en-US"},{"@type":"Organization","@id":"https:\/\/www.green24.ro\/#organization","name":"Green24","url":"https:\/\/www.green24.ro\/","logo":{"@type":"ImageObject","inLanguage":"en-US","@id":"https:\/\/www.green24.ro\/#\/schema\/logo\/image\/","url":"https:\/\/www.green24.ro\/wp-content\/uploads\/2022\/02\/green24-17-e1643806452346.png","contentUrl":"https:\/\/www.green24.ro\/wp-content\/uploads\/2022\/02\/green24-17-e1643806452346.png","width":174,"height":174,"caption":"Green24"},"image":{"@id":"https:\/\/www.green24.ro\/#\/schema\/logo\/image\/"},"sameAs":["https:\/\/www.facebook.com\/green24ro\/"]},{"@type":"Person","@id":"https:\/\/www.green24.ro\/#\/schema\/person\/275c7d10a2dd4fb528a2c0ad5d633496","name":"Redactia Green24","image":{"@type":"ImageObject","inLanguage":"en-US","@id":"https:\/\/www.green24.ro\/#\/schema\/person\/image\/","url":"https:\/\/secure.gravatar.com\/avatar\/ff0d3a759f98829f7ca35637ba02cb3c?s=96&d=mm&r=g","contentUrl":"https:\/\/secure.gravatar.com\/avatar\/ff0d3a759f98829f7ca35637ba02cb3c?s=96&d=mm&r=g","caption":"Redactia Green24"},"description":"Green24.ro este sursa zilnic\u0103 de \u0219tiri, online, pentru cei interesa\u021bi de mediul \u00eenconjur\u0103tor.","sameAs":["https:\/\/green24.ro","https:\/\/www.facebook.com\/green24ro\/"],"url":"https:\/\/www.green24.ro\/index.php\/author\/admin\/"}]}},"jetpack_publicize_connections":[],"jetpack_featured_media_url":"https:\/\/www.green24.ro\/wp-content\/uploads\/2022\/08\/image-2019-10-4-23406739-41-mihai-chirica.jpeg","jetpack_sharing_enabled":true,"_links":{"self":[{"href":"https:\/\/www.green24.ro\/index.php\/wp-json\/wp\/v2\/posts\/1327","targetHints":{"allow":["GET"]}}],"collection":[{"href":"https:\/\/www.green24.ro\/index.php\/wp-json\/wp\/v2\/posts"}],"about":[{"href":"https:\/\/www.green24.ro\/index.php\/wp-json\/wp\/v2\/types\/post"}],"author":[{"embeddable":true,"href":"https:\/\/www.green24.ro\/index.php\/wp-json\/wp\/v2\/users\/1"}],"replies":[{"embeddable":true,"href":"https:\/\/www.green24.ro\/index.php\/wp-json\/wp\/v2\/comments?post=1327"}],"version-history":[{"count":1,"href":"https:\/\/www.green24.ro\/index.php\/wp-json\/wp\/v2\/posts\/1327\/revisions"}],"predecessor-version":[{"id":1329,"href":"https:\/\/www.green24.ro\/index.php\/wp-json\/wp\/v2\/posts\/1327\/revisions\/1329"}],"wp:featuredmedia":[{"embeddable":true,"href":"https:\/\/www.green24.ro\/index.php\/wp-json\/wp\/v2\/media\/1328"}],"wp:attachment":[{"href":"https:\/\/www.green24.ro\/index.php\/wp-json\/wp\/v2\/media?parent=1327"}],"wp:term":[{"taxonomy":"category","embeddable":true,"href":"https:\/\/www.green24.ro\/index.php\/wp-json\/wp\/v2\/categories?post=1327"},{"taxonomy":"post_tag","embeddable":true,"href":"https:\/\/www.green24.ro\/index.php\/wp-json\/wp\/v2\/tags?post=1327"}],"curies":[{"name":"wp","href":"https:\/\/api.w.org\/{rel}","templated":true}]}}