{"id":1323,"date":"2022-08-16T08:54:17","date_gmt":"2022-08-16T06:54:17","guid":{"rendered":"https:\/\/www.green24.ro\/?p=1323"},"modified":"2022-08-16T08:54:19","modified_gmt":"2022-08-16T06:54:19","slug":"cum-a-declarat-ministerul-mediului-razboi-taierilor-ilegale-de-lemne","status":"publish","type":"post","link":"https:\/\/www.green24.ro\/index.php\/2022\/08\/16\/cum-a-declarat-ministerul-mediului-razboi-taierilor-ilegale-de-lemne\/","title":{"rendered":"Cum a declarat Ministerul Mediului r\u0103zboi t\u0103ierilor ilegale de lemne"},"content":{"rendered":"<p style=\"text-align: justify;\">\u201e<em>T\u0103ierea ilegal\u0103 a p\u0103durilor reprezint\u0103 o problem\u0103 spinoas\u0103 \u0219i ad\u00e2nc \u00eenr\u0103d\u0103cinat\u0103 \u00een \u021bara noastr\u0103, de aceea, pentru stoparea fenomenului ce aduce cu sine urm\u0103ri grave pentru clim\u0103 \u0219i nu numai, Ministerul Mediului, Apelor \u0219i P\u0103durilor a declarat r\u0103zboi tuturor celor care vor s\u0103 ocoleasc\u0103 legea \u0219i s\u0103 se \u00eembog\u0103\u021beasc\u0103 prin exploat\u0103rile ilegale!\u201d<\/em>, afirma Bogdan Balani\u0219cu, secretar de stat.<\/p>\n<p style=\"text-align: justify;\">M\u0103surile luate la nivelul Ministerului pentru a-i descuraja pe ho\u021bii de mas\u0103 lemnoas\u0103, dat fiind c\u0103 vorbim practic de un furt din tezaurul na\u021bional natural, au fost g\u00e2ndite pentru a se afla \u00eentr-o complementaritate. Ca de exemplu, am interzis exploatarea masei lemnoase din p\u0103duri pe timpul nop\u021bii, nemaifiind emise avize de \u00eenso\u021bire a maselor lemnoase de la locul de recoltare \u00een intervalul orar 20:00- 07:00, pentru lunile octombrie-martie, \u0219i \u00een intervalul orar 20:00- 06:00, pentru lunile aprilie \u2013 septembrie.<\/p>\n<p style=\"text-align: justify;\">Totodat\u0103, au fost automatizate verific\u0103rile la nivel de 20 de metri de lemn transporta\u021bi prin persoane fizice, dat fiind c\u0103 de la aceast\u0103 cantitate de mas\u0103 lemnoas\u0103 \u00een sus se discut\u0103 despre transportatori mari \u0219i autoriza\u021bi.<\/p>\n<p><strong>Cu ochii \u00een patru pe t\u0103ietorii ilegali de lemn<\/strong><\/p>\n<p style=\"text-align: justify;\">Decizia de interzicere a exploat\u0103rii pe timpul nop\u021bii este str\u00e2ns legat\u0103 de faptul c\u0103 sistemul informatic integrat de protejare a p\u0103durilor din Rom\u00e2nia, SUMAL 2.0, nu mai permite emiterea avizelor de \u00eenso\u021bire a masei lemnoase \u00een intervalele men\u021bionate anterior, \u00een timp ce autorit\u0103\u021bile de control au acces suplimentar la datele furnizate de aplica\u021bia na\u021bional\u0103 \u00een vederea identific\u0103rii mai rapide \u0219i eficiente a activit\u0103\u021bilor ilegale care zguduie din temelii domeniul silvic.<\/p>\n<p style=\"text-align: justify;\">Drumul p\u00e2n\u0103 la c\u00e2\u0219tigarea b\u0103t\u0103liei pe care o ducem cu ho\u021bii de lemn este lung, dar \u0219tim c\u0103 prin fiecare decizie luat\u0103 la nivel central mai facem un pas important pentru salvarea p\u0103durilor din Rom\u00e2nia. Mai mult, odat\u0103 cu lansarea SUMAL \u2013 Inspectorul P\u0103durilor, tot mai mul\u021bi cet\u0103\u021beni au \u00eenceput s\u0103 verifice transporturile de mas\u0103 lemnoas\u0103 pe care le v\u0103d \u0219i s\u0103 sesizeze Poli\u021bia dac\u0103 acestea nu figureaz\u0103 \u00een sistem! Iat\u0103 c\u0103 cet\u0103\u021benii de r\u00e2nd au devenit practic partenerii no\u0219tri, con\u0219tientiz\u00e2nd c\u0103 avem un inamic comun \u0219i un scop comun \u2013 salvarea bog\u0103\u021biei verzi de care dispune Rom\u00e2nia. Spiritul civic al cet\u0103\u021benilor este foarte dezvoltat atunci c\u00e2nd vine vorba despre combaterea furtului de lemn.<\/p>\n<p style=\"text-align: justify;\">O alt\u0103 m\u0103sur\u0103 luat\u0103, spun eu extrem de important\u0103, a reprezentat instalarea camerelor de supraveghere pe drumurile forestiere \u0219i \u00een\u0103sprirea controalelor, pentru a \u00eempiedica scoaterea lemnului din p\u0103durile noastre! Reiterez faptul c\u0103 toate structurile care au ca domeniu de activitate sectorul silvic \u00ee\u0219i unesc for\u021bele cu noi, lucru care ne d\u0103 curaj \u0219i \u00eencredere \u00een faptul c\u0103, treptat, vom stopa furtul de lemn.<\/p>\n<p><strong>Ac\u021biuni ample de \u00eemp\u0103durire<\/strong><\/p>\n<p style=\"text-align: justify;\">Av\u00e2nd \u00een vedere c\u0103 p\u0103durea este o resurs\u0103 epuizabil\u0103 \u00een timp, reprezentantul Guvernului sus\u021bine c\u0103 \u00een \u021bara noastr\u0103 vor avea loc ac\u021biuni masive de \u00eemp\u0103durire. O veste bun\u0103 este dat\u0103 de faptul c\u0103, \u00een anii ce vor urma, 500 de milioane de euro vor fi redirec\u021biona\u021bi c\u0103tre \u021bara noastr\u0103 p\u00e2n\u0103 \u00een 2026, cu scopul sprijinirii regener\u0103rii suprafe\u021belor de fond forestier afectate de calamit\u0103\u021bi naturale, dar \u0219i pentru sus\u021binerea de\u021bin\u0103torilor de terenuri agricole adecvate pentru \u00eemp\u0103durire, o parte din bani urm\u00e2nd s\u0103 fie redirec\u021biona\u021bi astfel spre consolidarea \u0219i cre\u0219terea pl\u0103m\u00e2nului verde al t\u0103rii noastre \u0219i, de ce nu, al Europei.<\/p>\n<p style=\"text-align: justify;\">Conform cerin\u021belor impuse de europeni, pentru a beneficia de ajutor, de\u021bin\u0103torii de terenuri agricole trebuie s\u0103 creeze zone de p\u0103dure de cel pu\u021bin 0,5 ha, sau perdele forestiere de protec\u021bie, fiind vorba despre r\u00e2nduri de arbori \u0219i arbu\u0219ti pentru a proteja terenurile agricole \u00eempotriva eroziunii eoliene \u0219i a secetei, cu o suprafa\u021b\u0103 de cel pu\u021bin 0,1 ha.<\/p>\n<p style=\"text-align: justify;\">Mai mult, \u00eemp\u0103durirea trebuie realizat\u0103 \u00een baza unui plan de proiect aprobat de Garda Forestier\u0103, \u00een care sunt detaliate speciile de arbori \u0219i arbu\u0219ti care urmeaz\u0103 s\u0103 fie planta\u021bi, precum \u0219i densitatea planta\u021biilor, iar terenul propus spre \u00eemp\u0103durire s\u0103 se preteze la demararea unei astfel de ac\u021biuni!<\/p>\n<p style=\"text-align: justify;\">Concomitent cu aceste m\u0103suri, Ministerul Mediului, Apelor \u0219i P\u0103durilor lucreaz\u0103, al\u0103turi de mediul universitar \u0219i speciali\u0219ti \u00een domeniu, la elaborarea Strategiei Forestiere Na\u021bionale 2030, document de \u021bar\u0103 asumat \u0219i finan\u021bat prin Programul Na\u021bional de Redresare \u0219i Rezilien\u021b\u0103 (PNRR), cu suma de 1,227 milioane de lei.<\/p>\n<pre>surse: <a href=\"https:\/\/green-report.ro\/cum-a-declarat-ministerul-mediului-razboi-taierilor-ilegale-de-lemne\/\">greenreport<\/a>, foto: <a href=\"https:\/\/www.pexels.com\/photo\/yellow-excavator-1003699\/\">Evan Nitschke<\/a><\/pre>\n","protected":false},"excerpt":{"rendered":"<p>\u201eT\u0103ierea ilegal\u0103 a p\u0103durilor reprezint\u0103 o problem\u0103 spinoas\u0103 \u0219i ad\u00e2nc \u00eenr\u0103d\u0103cinat\u0103 \u00een \u021bara noastr\u0103, de aceea, pentru stoparea fenomenului ce aduce cu sine urm\u0103ri grave pentru clim\u0103 \u0219i nu numai, Ministerul Mediului, Apelor \u0219i P\u0103durilor a declarat r\u0103zboi tuturor celor care vor s\u0103 ocoleasc\u0103 legea \u0219i s\u0103 se \u00eembog\u0103\u021beasc\u0103 prin [&hellip;]<\/p>\n","protected":false},"author":1,"featured_media":1324,"comment_status":"open","ping_status":"open","sticky":false,"template":"","format":"standard","meta":{"content-type":"","footnotes":"","jetpack_publicize_message":"","jetpack_publicize_feature_enabled":true,"jetpack_social_post_already_shared":true,"jetpack_social_options":{"image_generator_settings":{"template":"highway","default_image_id":0,"font":"","enabled":false},"version":2}},"categories":[5,9,3,6,10],"tags":[],"class_list":["post-1323","post","type-post","status-publish","format-standard","has-post-thumbnail","hentry","category-blog","category-company","category-legislatie","category-prime","category-slide"],"yoast_head":"<!-- This site is optimized with the Yoast SEO plugin v24.9 - https:\/\/yoast.com\/wordpress\/plugins\/seo\/ -->\n<title>Cum a declarat Ministerul Mediului r\u0103zboi t\u0103ierilor ilegale de lemne<\/title>\n<meta name=\"description\" content=\"M\u0103surile luate la nivelul Ministerului pentru a-i descuraja pe ho\u021bii de mas\u0103 lemnoas\u0103, dat fiind c\u0103 vorbim practic de un furt din tezaurul na\u021bional natural, au fost g\u00e2ndite pentru a se afla \u00eentr-o complementaritate.\" \/>\n<meta name=\"robots\" content=\"index, follow, max-snippet:-1, max-image-preview:large, max-video-preview:-1\" \/>\n<link rel=\"canonical\" href=\"https:\/\/www.green24.ro\/index.php\/2022\/08\/16\/cum-a-declarat-ministerul-mediului-razboi-taierilor-ilegale-de-lemne\/\" \/>\n<meta property=\"og:locale\" content=\"en_US\" \/>\n<meta property=\"og:type\" content=\"article\" \/>\n<meta property=\"og:title\" content=\"Cum a declarat Ministerul Mediului r\u0103zboi t\u0103ierilor ilegale de lemne\" \/>\n<meta property=\"og:description\" content=\"M\u0103surile luate la nivelul Ministerului pentru a-i descuraja pe ho\u021bii de mas\u0103 lemnoas\u0103, dat fiind c\u0103 vorbim practic de un furt din tezaurul na\u021bional natural, au fost g\u00e2ndite pentru a se afla \u00eentr-o complementaritate.\" \/>\n<meta property=\"og:url\" content=\"https:\/\/www.green24.ro\/index.php\/2022\/08\/16\/cum-a-declarat-ministerul-mediului-razboi-taierilor-ilegale-de-lemne\/\" \/>\n<meta property=\"og:site_name\" content=\"Green24.ro\" \/>\n<meta property=\"article:publisher\" content=\"https:\/\/www.facebook.com\/green24ro\/\" \/>\n<meta property=\"article:author\" content=\"https:\/\/www.facebook.com\/green24ro\/\" \/>\n<meta property=\"article:published_time\" content=\"2022-08-16T06:54:17+00:00\" \/>\n<meta property=\"article:modified_time\" content=\"2022-08-16T06:54:19+00:00\" \/>\n<meta property=\"og:image\" content=\"https:\/\/www.green24.ro\/wp-content\/uploads\/2022\/08\/pexels-evan-nitschke-1003699.jpeg\" \/>\n\t<meta property=\"og:image:width\" content=\"1280\" \/>\n\t<meta property=\"og:image:height\" content=\"882\" \/>\n\t<meta property=\"og:image:type\" content=\"image\/jpeg\" \/>\n<meta name=\"author\" content=\"Redactia Green24\" \/>\n<meta name=\"twitter:card\" content=\"summary_large_image\" \/>\n<meta name=\"twitter:label1\" content=\"Written by\" \/>\n\t<meta name=\"twitter:data1\" content=\"Redactia Green24\" \/>\n\t<meta name=\"twitter:label2\" content=\"Est. reading time\" \/>\n\t<meta name=\"twitter:data2\" content=\"4 minutes\" \/>\n<script type=\"application\/ld+json\" class=\"yoast-schema-graph\">{\"@context\":\"https:\/\/schema.org\",\"@graph\":[{\"@type\":\"Article\",\"@id\":\"https:\/\/www.green24.ro\/index.php\/2022\/08\/16\/cum-a-declarat-ministerul-mediului-razboi-taierilor-ilegale-de-lemne\/#article\",\"isPartOf\":{\"@id\":\"https:\/\/www.green24.ro\/index.php\/2022\/08\/16\/cum-a-declarat-ministerul-mediului-razboi-taierilor-ilegale-de-lemne\/\"},\"author\":{\"name\":\"Redactia Green24\",\"@id\":\"https:\/\/www.green24.ro\/#\/schema\/person\/275c7d10a2dd4fb528a2c0ad5d633496\"},\"headline\":\"Cum a declarat Ministerul Mediului r\u0103zboi t\u0103ierilor ilegale de lemne\",\"datePublished\":\"2022-08-16T06:54:17+00:00\",\"dateModified\":\"2022-08-16T06:54:19+00:00\",\"mainEntityOfPage\":{\"@id\":\"https:\/\/www.green24.ro\/index.php\/2022\/08\/16\/cum-a-declarat-ministerul-mediului-razboi-taierilor-ilegale-de-lemne\/\"},\"wordCount\":786,\"commentCount\":0,\"publisher\":{\"@id\":\"https:\/\/www.green24.ro\/#organization\"},\"image\":{\"@id\":\"https:\/\/www.green24.ro\/index.php\/2022\/08\/16\/cum-a-declarat-ministerul-mediului-razboi-taierilor-ilegale-de-lemne\/#primaryimage\"},\"thumbnailUrl\":\"https:\/\/www.green24.ro\/wp-content\/uploads\/2022\/08\/pexels-evan-nitschke-1003699.jpeg\",\"articleSection\":[\"Blog\",\"Company\",\"Legislatie\",\"Prime\",\"Slide\"],\"inLanguage\":\"en-US\",\"potentialAction\":[{\"@type\":\"CommentAction\",\"name\":\"Comment\",\"target\":[\"https:\/\/www.green24.ro\/index.php\/2022\/08\/16\/cum-a-declarat-ministerul-mediului-razboi-taierilor-ilegale-de-lemne\/#respond\"]}]},{\"@type\":\"WebPage\",\"@id\":\"https:\/\/www.green24.ro\/index.php\/2022\/08\/16\/cum-a-declarat-ministerul-mediului-razboi-taierilor-ilegale-de-lemne\/\",\"url\":\"https:\/\/www.green24.ro\/index.php\/2022\/08\/16\/cum-a-declarat-ministerul-mediului-razboi-taierilor-ilegale-de-lemne\/\",\"name\":\"Cum a declarat Ministerul Mediului r\u0103zboi t\u0103ierilor ilegale de lemne\",\"isPartOf\":{\"@id\":\"https:\/\/www.green24.ro\/#website\"},\"primaryImageOfPage\":{\"@id\":\"https:\/\/www.green24.ro\/index.php\/2022\/08\/16\/cum-a-declarat-ministerul-mediului-razboi-taierilor-ilegale-de-lemne\/#primaryimage\"},\"image\":{\"@id\":\"https:\/\/www.green24.ro\/index.php\/2022\/08\/16\/cum-a-declarat-ministerul-mediului-razboi-taierilor-ilegale-de-lemne\/#primaryimage\"},\"thumbnailUrl\":\"https:\/\/www.green24.ro\/wp-content\/uploads\/2022\/08\/pexels-evan-nitschke-1003699.jpeg\",\"datePublished\":\"2022-08-16T06:54:17+00:00\",\"dateModified\":\"2022-08-16T06:54:19+00:00\",\"description\":\"M\u0103surile luate la nivelul Ministerului pentru a-i descuraja pe ho\u021bii de mas\u0103 lemnoas\u0103, dat fiind c\u0103 vorbim practic de un furt din tezaurul na\u021bional natural, au fost g\u00e2ndite pentru a se afla \u00eentr-o complementaritate.\",\"breadcrumb\":{\"@id\":\"https:\/\/www.green24.ro\/index.php\/2022\/08\/16\/cum-a-declarat-ministerul-mediului-razboi-taierilor-ilegale-de-lemne\/#breadcrumb\"},\"inLanguage\":\"en-US\",\"potentialAction\":[{\"@type\":\"ReadAction\",\"target\":[\"https:\/\/www.green24.ro\/index.php\/2022\/08\/16\/cum-a-declarat-ministerul-mediului-razboi-taierilor-ilegale-de-lemne\/\"]}]},{\"@type\":\"ImageObject\",\"inLanguage\":\"en-US\",\"@id\":\"https:\/\/www.green24.ro\/index.php\/2022\/08\/16\/cum-a-declarat-ministerul-mediului-razboi-taierilor-ilegale-de-lemne\/#primaryimage\",\"url\":\"https:\/\/www.green24.ro\/wp-content\/uploads\/2022\/08\/pexels-evan-nitschke-1003699.jpeg\",\"contentUrl\":\"https:\/\/www.green24.ro\/wp-content\/uploads\/2022\/08\/pexels-evan-nitschke-1003699.jpeg\",\"width\":1280,\"height\":882,\"caption\":\"Cum a declarat Ministerul Mediului r\u0103zboi t\u0103ierilor ilegale de lemne\"},{\"@type\":\"BreadcrumbList\",\"@id\":\"https:\/\/www.green24.ro\/index.php\/2022\/08\/16\/cum-a-declarat-ministerul-mediului-razboi-taierilor-ilegale-de-lemne\/#breadcrumb\",\"itemListElement\":[{\"@type\":\"ListItem\",\"position\":1,\"name\":\"Home\",\"item\":\"https:\/\/www.green24.ro\/\"},{\"@type\":\"ListItem\",\"position\":2,\"name\":\"Cum a declarat Ministerul Mediului r\u0103zboi t\u0103ierilor ilegale de lemne\"}]},{\"@type\":\"WebSite\",\"@id\":\"https:\/\/www.green24.ro\/#website\",\"url\":\"https:\/\/www.green24.ro\/\",\"name\":\"Green24.ro\",\"description\":\"Antreprenoriat verde si responsabilitatea social\u0103\",\"publisher\":{\"@id\":\"https:\/\/www.green24.ro\/#organization\"},\"potentialAction\":[{\"@type\":\"SearchAction\",\"target\":{\"@type\":\"EntryPoint\",\"urlTemplate\":\"https:\/\/www.green24.ro\/?s={search_term_string}\"},\"query-input\":{\"@type\":\"PropertyValueSpecification\",\"valueRequired\":true,\"valueName\":\"search_term_string\"}}],\"inLanguage\":\"en-US\"},{\"@type\":\"Organization\",\"@id\":\"https:\/\/www.green24.ro\/#organization\",\"name\":\"Green24\",\"url\":\"https:\/\/www.green24.ro\/\",\"logo\":{\"@type\":\"ImageObject\",\"inLanguage\":\"en-US\",\"@id\":\"https:\/\/www.green24.ro\/#\/schema\/logo\/image\/\",\"url\":\"https:\/\/www.green24.ro\/wp-content\/uploads\/2022\/02\/green24-17-e1643806452346.png\",\"contentUrl\":\"https:\/\/www.green24.ro\/wp-content\/uploads\/2022\/02\/green24-17-e1643806452346.png\",\"width\":174,\"height\":174,\"caption\":\"Green24\"},\"image\":{\"@id\":\"https:\/\/www.green24.ro\/#\/schema\/logo\/image\/\"},\"sameAs\":[\"https:\/\/www.facebook.com\/green24ro\/\"]},{\"@type\":\"Person\",\"@id\":\"https:\/\/www.green24.ro\/#\/schema\/person\/275c7d10a2dd4fb528a2c0ad5d633496\",\"name\":\"Redactia Green24\",\"image\":{\"@type\":\"ImageObject\",\"inLanguage\":\"en-US\",\"@id\":\"https:\/\/www.green24.ro\/#\/schema\/person\/image\/\",\"url\":\"https:\/\/secure.gravatar.com\/avatar\/ff0d3a759f98829f7ca35637ba02cb3c?s=96&d=mm&r=g\",\"contentUrl\":\"https:\/\/secure.gravatar.com\/avatar\/ff0d3a759f98829f7ca35637ba02cb3c?s=96&d=mm&r=g\",\"caption\":\"Redactia Green24\"},\"description\":\"Green24.ro este sursa zilnic\u0103 de \u0219tiri, online, pentru cei interesa\u021bi de mediul \u00eenconjur\u0103tor.\",\"sameAs\":[\"https:\/\/green24.ro\",\"https:\/\/www.facebook.com\/green24ro\/\"],\"url\":\"https:\/\/www.green24.ro\/index.php\/author\/admin\/\"}]}<\/script>\n<!-- \/ Yoast SEO plugin. -->","yoast_head_json":{"title":"Cum a declarat Ministerul Mediului r\u0103zboi t\u0103ierilor ilegale de lemne","description":"M\u0103surile luate la nivelul Ministerului pentru a-i descuraja pe ho\u021bii de mas\u0103 lemnoas\u0103, dat fiind c\u0103 vorbim practic de un furt din tezaurul na\u021bional natural, au fost g\u00e2ndite pentru a se afla \u00eentr-o complementaritate.","robots":{"index":"index","follow":"follow","max-snippet":"max-snippet:-1","max-image-preview":"max-image-preview:large","max-video-preview":"max-video-preview:-1"},"canonical":"https:\/\/www.green24.ro\/index.php\/2022\/08\/16\/cum-a-declarat-ministerul-mediului-razboi-taierilor-ilegale-de-lemne\/","og_locale":"en_US","og_type":"article","og_title":"Cum a declarat Ministerul Mediului r\u0103zboi t\u0103ierilor ilegale de lemne","og_description":"M\u0103surile luate la nivelul Ministerului pentru a-i descuraja pe ho\u021bii de mas\u0103 lemnoas\u0103, dat fiind c\u0103 vorbim practic de un furt din tezaurul na\u021bional natural, au fost g\u00e2ndite pentru a se afla \u00eentr-o complementaritate.","og_url":"https:\/\/www.green24.ro\/index.php\/2022\/08\/16\/cum-a-declarat-ministerul-mediului-razboi-taierilor-ilegale-de-lemne\/","og_site_name":"Green24.ro","article_publisher":"https:\/\/www.facebook.com\/green24ro\/","article_author":"https:\/\/www.facebook.com\/green24ro\/","article_published_time":"2022-08-16T06:54:17+00:00","article_modified_time":"2022-08-16T06:54:19+00:00","og_image":[{"width":1280,"height":882,"url":"https:\/\/www.green24.ro\/wp-content\/uploads\/2022\/08\/pexels-evan-nitschke-1003699.jpeg","type":"image\/jpeg"}],"author":"Redactia Green24","twitter_card":"summary_large_image","twitter_misc":{"Written by":"Redactia Green24","Est. reading time":"4 minutes"},"schema":{"@context":"https:\/\/schema.org","@graph":[{"@type":"Article","@id":"https:\/\/www.green24.ro\/index.php\/2022\/08\/16\/cum-a-declarat-ministerul-mediului-razboi-taierilor-ilegale-de-lemne\/#article","isPartOf":{"@id":"https:\/\/www.green24.ro\/index.php\/2022\/08\/16\/cum-a-declarat-ministerul-mediului-razboi-taierilor-ilegale-de-lemne\/"},"author":{"name":"Redactia Green24","@id":"https:\/\/www.green24.ro\/#\/schema\/person\/275c7d10a2dd4fb528a2c0ad5d633496"},"headline":"Cum a declarat Ministerul Mediului r\u0103zboi t\u0103ierilor ilegale de lemne","datePublished":"2022-08-16T06:54:17+00:00","dateModified":"2022-08-16T06:54:19+00:00","mainEntityOfPage":{"@id":"https:\/\/www.green24.ro\/index.php\/2022\/08\/16\/cum-a-declarat-ministerul-mediului-razboi-taierilor-ilegale-de-lemne\/"},"wordCount":786,"commentCount":0,"publisher":{"@id":"https:\/\/www.green24.ro\/#organization"},"image":{"@id":"https:\/\/www.green24.ro\/index.php\/2022\/08\/16\/cum-a-declarat-ministerul-mediului-razboi-taierilor-ilegale-de-lemne\/#primaryimage"},"thumbnailUrl":"https:\/\/www.green24.ro\/wp-content\/uploads\/2022\/08\/pexels-evan-nitschke-1003699.jpeg","articleSection":["Blog","Company","Legislatie","Prime","Slide"],"inLanguage":"en-US","potentialAction":[{"@type":"CommentAction","name":"Comment","target":["https:\/\/www.green24.ro\/index.php\/2022\/08\/16\/cum-a-declarat-ministerul-mediului-razboi-taierilor-ilegale-de-lemne\/#respond"]}]},{"@type":"WebPage","@id":"https:\/\/www.green24.ro\/index.php\/2022\/08\/16\/cum-a-declarat-ministerul-mediului-razboi-taierilor-ilegale-de-lemne\/","url":"https:\/\/www.green24.ro\/index.php\/2022\/08\/16\/cum-a-declarat-ministerul-mediului-razboi-taierilor-ilegale-de-lemne\/","name":"Cum a declarat Ministerul Mediului r\u0103zboi t\u0103ierilor ilegale de lemne","isPartOf":{"@id":"https:\/\/www.green24.ro\/#website"},"primaryImageOfPage":{"@id":"https:\/\/www.green24.ro\/index.php\/2022\/08\/16\/cum-a-declarat-ministerul-mediului-razboi-taierilor-ilegale-de-lemne\/#primaryimage"},"image":{"@id":"https:\/\/www.green24.ro\/index.php\/2022\/08\/16\/cum-a-declarat-ministerul-mediului-razboi-taierilor-ilegale-de-lemne\/#primaryimage"},"thumbnailUrl":"https:\/\/www.green24.ro\/wp-content\/uploads\/2022\/08\/pexels-evan-nitschke-1003699.jpeg","datePublished":"2022-08-16T06:54:17+00:00","dateModified":"2022-08-16T06:54:19+00:00","description":"M\u0103surile luate la nivelul Ministerului pentru a-i descuraja pe ho\u021bii de mas\u0103 lemnoas\u0103, dat fiind c\u0103 vorbim practic de un furt din tezaurul na\u021bional natural, au fost g\u00e2ndite pentru a se afla \u00eentr-o complementaritate.","breadcrumb":{"@id":"https:\/\/www.green24.ro\/index.php\/2022\/08\/16\/cum-a-declarat-ministerul-mediului-razboi-taierilor-ilegale-de-lemne\/#breadcrumb"},"inLanguage":"en-US","potentialAction":[{"@type":"ReadAction","target":["https:\/\/www.green24.ro\/index.php\/2022\/08\/16\/cum-a-declarat-ministerul-mediului-razboi-taierilor-ilegale-de-lemne\/"]}]},{"@type":"ImageObject","inLanguage":"en-US","@id":"https:\/\/www.green24.ro\/index.php\/2022\/08\/16\/cum-a-declarat-ministerul-mediului-razboi-taierilor-ilegale-de-lemne\/#primaryimage","url":"https:\/\/www.green24.ro\/wp-content\/uploads\/2022\/08\/pexels-evan-nitschke-1003699.jpeg","contentUrl":"https:\/\/www.green24.ro\/wp-content\/uploads\/2022\/08\/pexels-evan-nitschke-1003699.jpeg","width":1280,"height":882,"caption":"Cum a declarat Ministerul Mediului r\u0103zboi t\u0103ierilor ilegale de lemne"},{"@type":"BreadcrumbList","@id":"https:\/\/www.green24.ro\/index.php\/2022\/08\/16\/cum-a-declarat-ministerul-mediului-razboi-taierilor-ilegale-de-lemne\/#breadcrumb","itemListElement":[{"@type":"ListItem","position":1,"name":"Home","item":"https:\/\/www.green24.ro\/"},{"@type":"ListItem","position":2,"name":"Cum a declarat Ministerul Mediului r\u0103zboi t\u0103ierilor ilegale de lemne"}]},{"@type":"WebSite","@id":"https:\/\/www.green24.ro\/#website","url":"https:\/\/www.green24.ro\/","name":"Green24.ro","description":"Antreprenoriat verde si responsabilitatea social\u0103","publisher":{"@id":"https:\/\/www.green24.ro\/#organization"},"potentialAction":[{"@type":"SearchAction","target":{"@type":"EntryPoint","urlTemplate":"https:\/\/www.green24.ro\/?s={search_term_string}"},"query-input":{"@type":"PropertyValueSpecification","valueRequired":true,"valueName":"search_term_string"}}],"inLanguage":"en-US"},{"@type":"Organization","@id":"https:\/\/www.green24.ro\/#organization","name":"Green24","url":"https:\/\/www.green24.ro\/","logo":{"@type":"ImageObject","inLanguage":"en-US","@id":"https:\/\/www.green24.ro\/#\/schema\/logo\/image\/","url":"https:\/\/www.green24.ro\/wp-content\/uploads\/2022\/02\/green24-17-e1643806452346.png","contentUrl":"https:\/\/www.green24.ro\/wp-content\/uploads\/2022\/02\/green24-17-e1643806452346.png","width":174,"height":174,"caption":"Green24"},"image":{"@id":"https:\/\/www.green24.ro\/#\/schema\/logo\/image\/"},"sameAs":["https:\/\/www.facebook.com\/green24ro\/"]},{"@type":"Person","@id":"https:\/\/www.green24.ro\/#\/schema\/person\/275c7d10a2dd4fb528a2c0ad5d633496","name":"Redactia Green24","image":{"@type":"ImageObject","inLanguage":"en-US","@id":"https:\/\/www.green24.ro\/#\/schema\/person\/image\/","url":"https:\/\/secure.gravatar.com\/avatar\/ff0d3a759f98829f7ca35637ba02cb3c?s=96&d=mm&r=g","contentUrl":"https:\/\/secure.gravatar.com\/avatar\/ff0d3a759f98829f7ca35637ba02cb3c?s=96&d=mm&r=g","caption":"Redactia Green24"},"description":"Green24.ro este sursa zilnic\u0103 de \u0219tiri, online, pentru cei interesa\u021bi de mediul \u00eenconjur\u0103tor.","sameAs":["https:\/\/green24.ro","https:\/\/www.facebook.com\/green24ro\/"],"url":"https:\/\/www.green24.ro\/index.php\/author\/admin\/"}]}},"jetpack_publicize_connections":[],"jetpack_featured_media_url":"https:\/\/www.green24.ro\/wp-content\/uploads\/2022\/08\/pexels-evan-nitschke-1003699.jpeg","jetpack_sharing_enabled":true,"_links":{"self":[{"href":"https:\/\/www.green24.ro\/index.php\/wp-json\/wp\/v2\/posts\/1323","targetHints":{"allow":["GET"]}}],"collection":[{"href":"https:\/\/www.green24.ro\/index.php\/wp-json\/wp\/v2\/posts"}],"about":[{"href":"https:\/\/www.green24.ro\/index.php\/wp-json\/wp\/v2\/types\/post"}],"author":[{"embeddable":true,"href":"https:\/\/www.green24.ro\/index.php\/wp-json\/wp\/v2\/users\/1"}],"replies":[{"embeddable":true,"href":"https:\/\/www.green24.ro\/index.php\/wp-json\/wp\/v2\/comments?post=1323"}],"version-history":[{"count":1,"href":"https:\/\/www.green24.ro\/index.php\/wp-json\/wp\/v2\/posts\/1323\/revisions"}],"predecessor-version":[{"id":1325,"href":"https:\/\/www.green24.ro\/index.php\/wp-json\/wp\/v2\/posts\/1323\/revisions\/1325"}],"wp:featuredmedia":[{"embeddable":true,"href":"https:\/\/www.green24.ro\/index.php\/wp-json\/wp\/v2\/media\/1324"}],"wp:attachment":[{"href":"https:\/\/www.green24.ro\/index.php\/wp-json\/wp\/v2\/media?parent=1323"}],"wp:term":[{"taxonomy":"category","embeddable":true,"href":"https:\/\/www.green24.ro\/index.php\/wp-json\/wp\/v2\/categories?post=1323"},{"taxonomy":"post_tag","embeddable":true,"href":"https:\/\/www.green24.ro\/index.php\/wp-json\/wp\/v2\/tags?post=1323"}],"curies":[{"name":"wp","href":"https:\/\/api.w.org\/{rel}","templated":true}]}}