{"id":1305,"date":"2022-08-09T10:13:53","date_gmt":"2022-08-09T08:13:53","guid":{"rendered":"https:\/\/www.green24.ro\/?p=1305"},"modified":"2022-08-09T10:13:55","modified_gmt":"2022-08-09T08:13:55","slug":"de-ce-are-romania-atat-de-multe-incendii-de-vegetatie","status":"publish","type":"post","link":"https:\/\/www.green24.ro\/index.php\/2022\/08\/09\/de-ce-are-romania-atat-de-multe-incendii-de-vegetatie\/","title":{"rendered":"De ce are Rom\u00e2nia at\u00e2t de multe incendii de vegeta\u021bie?"},"content":{"rendered":"<blockquote>\n<p style=\"text-align: justify;\"><em>Rom\u00e2nia este una dintre \u021b\u0103rile europene cele mai afectate de incendii de vegeta\u021bie. Nou\u0103 din zece incendii sunt provocate de ac\u021biunea uman\u0103, \u00een special de neglijen\u021ba \u0219i focurile puse necontrolat pentru cur\u0103\u021barea terenurilor.<\/em><\/p>\n<\/blockquote>\n<p>Cercet\u0103torul Alexandru Luchiian lucreaz\u0103 \u00een IT, ca specialist \u00een sisteme inteligente. El a creat mai multe platforme de monitorizare a calit\u0103\u021bii aerului, a apei \u0219i mai nou a incendiilor de vegeta\u021bie.<\/p>\n<p style=\"text-align: justify;\">Alexandru Luchiian a publicat o analiz\u0103 pe site-ul InfoClima.ro, si afirma ca\u00a0 \u201dTotul a \u00eenceput \u00een 2019, c\u00e2nd au \u00eenceput s\u0103 fie \u00een jur de 350 de incendii pe an. Ulterior, \u00een 2020, au fost \u00een cre\u0219tere, p\u00e2n\u0103 la 400. Anul acesta, deja, la sf\u00e2r\u0219itul lunii iulie, avem 730 de incendii. Asta \u00eenseamn\u0103 c\u0103 cre\u0219terea este foarte rapid\u0103, din p\u0103cate\u201d.<\/p>\n<p style=\"text-align: justify;\">De ce nu sunt prin\u0219i autorii incendiilor de vegeta\u021bie? \u201dAm v\u0103zut astfel de incendii la marginea drumului, am sunat la pompieri, au venit ace\u0219tia, nu era nici o persoan\u0103 pe zece kilometri p\u0103tra\u021bi. Deci cineva a pus acolo, cu inten\u021bia de a cur\u0103\u021ba terenul, a v\u0103zut c\u0103 scap\u0103 de sub control \u0219i a plecat. De cele mai multe ori, se \u00eenvinuie\u0219te proprietarul terenului, dar c\u00e2nd focul \u00eencepe \u0219i arde zeci de hectare, cu o probabilitate destul de mic\u0103 se \u0219tie cam de unde a plecat, dar nu se \u0219tie exact cine a fost persoana respectiv\u0103 \u0219i dac\u0103 nu este prins\u0103 \u00een fapt, este mai greu de acuzat \u0219i de tras la r\u0103spundere\u201d, spune cercet\u0103torul.<\/p>\n<h3><\/h3>\n<h3 style=\"text-align: center;\">Incendiile de vegeta\u021bie: de la cauze la posibile solu\u021bii<\/h3>\n<p style=\"text-align: justify;\">\u00cen ultimii ani, incendiile de p\u0103dure care au coincis cu secete \u0219i valuri de c\u0103ldur\u0103 record, dup\u0103 cum putem observa \u0219i \u00een perioada aceasta, au afectat regiuni din centrul \u0219i nordul Europei care nu sunt de obicei predispuse la incendii.<\/p>\n<p style=\"text-align: justify;\">Se preconizeaz\u0103 o extindere a zonelor predispuse la incendii \u0219i sezoane de incendii mai lungi \u00een majoritatea regiunilor europene, \u00een special \u00een cazul scenariilor cu emisii ridicate, astfel \u00eenc\u00e2t avem nevoie de m\u0103suri suplimentare de adaptare.<\/p>\n<p><strong>Incediile de vegeta\u021bie \u00een Rom\u00e2nia<\/strong><\/p>\n<p style=\"text-align: justify;\">Rom\u00e2nia a fost cea mai afectat\u0103 \u021bar\u0103 din Uniunea European\u0103 de incendiile de p\u0103dure, potrivit unui raport al Comisiei Europene pentru anul 2020.<\/p>\n<p style=\"text-align: justify;\">Incendiile de p\u0103dure au afectat grav siturile europene Natura 2000: peste 136.000 ha \u2013 aproximativ 40% din suprafa\u021ba total\u0103 distrus\u0103 de foc \u00een 2020 \u2013, ceva mai pu\u021bin dec\u00e2t \u00een 2019, dar peste media ultimilor nou\u0103 ani. La fel ca \u00een 2019, Rom\u00e2nia a \u00eensumat din nou aproape jum\u0103tate din suprafa\u021ba distrus\u0103 de incendii \u00een cadrul siturilor Natura 2000, cea mai mare suprafa\u021b\u0103 fiind \u00een Rezerva\u021bia Biosferei Delta Dun\u0103rii;<\/p>\n<p style=\"text-align: justify;\">Dac\u0103 \u00een trecut incendiile de vegeta\u021bie erau prezente doar \u00een zona mediteranean\u0103, odat\u0103 cu schimb\u0103rile climatice \u0219i \u00eenc\u0103lzirea global\u0103, incendiile au \u00eenceput s\u0103 devin\u0103 o amenin\u021bare tot mai mare \u0219i pentru Europa Central\u0103 \u0219i de Nord.<\/p>\n<p style=\"text-align: justify;\">\u00cen 2021, o serie de incendii devastatoare au coincis cu valuri de c\u0103ldur\u0103 record, mai \u00eent\u00e2i \u00een iunie \u0219i apoi la sf\u00e2r\u0219itul lui iulie \u0219i p\u00e2n\u0103 la jum\u0103tatea lui august. Acestea au afectat \u021b\u0103ri din \u00eentreaga regiune mediteranean\u0103, inclusiv Turcia, Grecia, Italia, Fran\u021ba, Albania, Macedonia de Nord \u0219i Spania, Algeria \u0219i Tunisia \u00een nordul Africii, \u021b\u0103ri din Orientul Mijlociu, precum Liban \u0219i Israel.<\/p>\n<p><strong>La nivelul Europei<\/strong><\/p>\n<p style=\"text-align: justify;\">\u00cen medie, aproximativ 65 000 de incendii au loc \u00een Europa \u00een fiecare an, arz\u00e2nd aproximativ o jum\u0103tate de milion (500 000) de hectare de terenuri s\u0103lbatice \u0219i p\u0103duri; cea mai mare parte a suprafe\u021bei arse, peste 85%, se afl\u0103 \u00een regiunea mediteranean\u0103 european\u0103.<\/p>\n<p style=\"text-align: justify;\">Peste nou\u0103 din 10 incendii sunt provocate de ac\u021biuni umane. Neglijen\u021ba \u0219i focurile puse necontrolat pentru cur\u0103\u021barea terenurilor, r\u0103m\u00e2n cauzele principale ale nenorocirilor.<\/p>\n<p style=\"text-align: justify;\">Situa\u021bia a fost \u0219i mai grav\u0103 \u00een sezonul incendiilor forestiere din 2021. P\u00e2n\u0103 la momentul public\u0103rii acestui raport, au ars aproape 0,5 milioane de hectare, 61% dintre acestea fiind p\u0103duri a c\u0103ror regenerare va dura mul\u021bi ani. Aproximativ 25% dintre zonele care au ars \u00een Europa se aflau \u00een interiorul siturilor \u201eNatura 2000\u201d.<\/p>\n<p><strong>La nivelul \u00eentregii planete<\/strong><\/p>\n<p style=\"text-align: justify;\">\u00cen ultimii ani, incendii devastatoare \u0219i f\u0103r\u0103 precedent sunt raportate \u00een \u00eentreag\u0103 lume, din Statele Unite (California), p\u00e2n\u0103 \u00een Australia, Indonezia, Africa, zona amazonian\u0103 \u0219i chiar zona arctic\u0103 (Siberia).<\/p>\n<p style=\"text-align: justify;\">\u00cen perioada 2012-2021 au avut loc \u00een medie 61.000 de incendii de vegeta\u021bie anual, fiind afectate aproximativ trei milioane de hectare de p\u0103m\u00e2nt. \u00cen 2021, aproape 59.000 de incendii de vegeta\u021bie au ars 2.87 milioane de hectare. De la 1 iunie 2022, peste 27.800 de incendii de vegeta\u021bie au afectat \u00een acest an aproximativ 770.000 ha.<\/p>\n<p><strong>Inciden\u021ba incendiilor cre\u0219te sau scade?<\/strong><\/p>\n<p style=\"text-align: justify;\">De la an la an, schimb\u0103rile climatice sunt \u0219i ele tot mai prezente. O tendin\u021b\u0103 de cre\u0219tere u\u0219or de remarcat indic\u0103 niveluri mai ridicate ale pericolului de incendii, sezoane mai lungi ale incendiilor \u0219i incendii de mari propor\u021bii \u0219i violente, cu propagare rapid\u0103, \u00een fa\u021ba c\u0103rora mijloacele tradi\u021bionale de stingere a incendiilor sunt ineficiente.<\/p>\n<p style=\"text-align: justify;\">Anul acesta, aproximativ 130.000 ha arseser\u0103 deja p\u00e2n\u0103 la sf\u00e2r\u0219itul lunii iunie, o suprafa\u021b\u0103 la fel de mare cu cea arsa \u00eentre anii 1986-2005 \u00een urma a aproape 3.000 de incendii de p\u0103dure \u00een care au fost afectate aproape 13.000 ha.<\/p>\n<p style=\"text-align: justify;\">Momentul a marcat debutul tradi\u021bional al sezonului incendiilor. Incendiile au \u00eenceput s\u0103 afecteze, pe l\u00e2ng\u0103 statele sudice, \u0219i Europa Central\u0103 \u0219i de Nord. Peste nou\u0103 din 10 incendii din UE sunt provocate de ac\u021biuni umane.<\/p>\n<p>De aceea, pentru prevenirea dezastrelor, este esen\u021bial ca oamenii s\u0103 fie sensibiliza\u021bi \u00een acest sens \u0219i s\u0103 se organizeze campanii educative cu privire la riscul de incendiu.<\/p>\n<p><strong>Principalele constat\u0103ri din raportul publicat de Comisia European\u0103:\u00a0<\/strong><\/p>\n<p style=\"text-align: justify;\">Din raportul pe 2020 despre incendiile forestiere reiese c\u0103 Rom\u00e2nia a fost \u021bara cea mai afectat\u0103, urmat\u0103 de Portugalia, Spania \u0219i Italia;<br \/>\n\u00cen 2020, incendii care s-au \u00eentins pe o suprafa\u021b\u0103 de peste 30 ha au afectat 20 de state membre ale UE, distrug\u00e2nd aproape 340.000 ha, suprafa\u021b\u0103 care dep\u0103\u0219e\u0219te u\u0219or cifra \u00eenregistrat\u0103 \u00een 2019;<br \/>\nTotodat\u0103, \u00een sezonul incendiilor din 2020 \u0219i-au pierdut via\u021ba mai mul\u021bi oameni dec\u00e2t \u00een 2019: raportarea na\u021bional\u0103 din partea Spaniei a \u00eenregistrat \u0219ase victime, dintre care patru pompieri;<br \/>\n\u00cen 2020, cartografierea rapid\u0103 prin intermediul serviciului Copernicus de gestionare a situa\u021biilor de urgen\u021b\u0103 a fost activat\u0103 de 17 ori pentru cartografierea detaliat\u0103 a incendiilor forestiere, un num\u0103r mai mic, deocamdat\u0103, fa\u021b\u0103 de activ\u0103rile din 2021;<br \/>\nMecanismul de protec\u021bie civil\u0103 al UE a fost modernizat cu o flot\u0103 de avioane de stingere a incendiilor prin intermediul rescEU \u00een 2019, consolid\u00e2ndu-\u0219i capacitatea de a asista \u021b\u0103rile pe parcursul actualului sezon al incendiilor.<br \/>\nPutem vedea \u0219i \u00een cazul Rom\u00e2niei c\u0103 de la an la an inciden\u021ba cre\u0219te, astfel din 2019 incendiile de vegeta\u021bie sunt tot mai frecvente \u0219i violente, f\u0103c\u00e2nd pagube imense. \u00cen 2020 num\u0103rul incendiilor a continuat s\u0103 fie \u00een cre\u0219tere, iar pe la jum\u0103tatea lui 2021, prognoza incendiilor nu era favorabil\u0103.\n<\/p>\n<p><strong>Pentru ca p\u0103durea \u2014 locul ideal de plimbare \u0219i recreere \u2014 s\u0103 nu fie expus\u0103 la pericole precum un poten\u021bial incendiu, v\u0103 recomand urm\u0103toarele:<\/strong><\/p>\n<p style=\"text-align: justify;\">Nu face\u021bi foc dec\u00e2t \u00een locuri permise, la ad\u0103post de v\u00e2nt, cur\u0103\u021b\u00e2nd terenul din jur de orice material ce se poate aprinde !<br \/>\nNu face\u021bi foc \u00een caz de v\u00e2nt puternic \u0219i pe timp secetos !<br \/>\nNu p\u0103r\u0103si\u021bi niciodat\u0103 focul f\u0103cut \u00eenainte de a va asigura de stingerea lui complet\u0103.<br \/>\nNu fuma\u021bi \u0219i nu arunca\u021bi la \u00eent\u00e2mplare resturile de chibrituri \u0219i \u021big\u0103ri aprinse \u00een p\u0103dure.<br \/>\nNu l\u0103sa\u021bi \u00een aer liber borcanele \u0219i sticlele goale pentru c\u0103 la interac\u021biunea acestora cu razele solare se poate produce focalizarea c\u0103ldurii \u0219i se pot aprinde materialele combustibile din jurul lor.<br \/>\nDepozita\u021bi cenu\u0219a rezultat\u0103 din ardere \u00een gropi speciale, dup\u0103 ce a\u021bi stins-o cu ap\u0103.<br \/>\nAnun\u021ba\u021bi repede orice incendiu pe care \u00eel observa\u021bi \u0219i interveni\u021bi cu mijloacele avute la \u00eendem\u00e2n\u0103.<\/p>\n<pre>sursa: <a href=\"https:\/\/www.rfi.ro\/mediu-147692-de-ce-romania-incendii-vegetatie\">RFI<\/a>, <a href=\"https:\/\/www.pexels.com\/photo\/burn-fog-forest-forest-fire-266558\/\">foto<\/a>, <a href=\"https:\/\/www.infoclima.ro\/acasa\/incendiile-de-vegetaie-de-la-cauze-la-posibile-solutii\">infoclima.ro<\/a><\/pre>\n","protected":false},"excerpt":{"rendered":"<p>Rom\u00e2nia este una dintre \u021b\u0103rile europene cele mai afectate de incendii de vegeta\u021bie. Nou\u0103 din zece incendii sunt provocate de ac\u021biunea uman\u0103, \u00een special de neglijen\u021ba \u0219i focurile puse necontrolat pentru cur\u0103\u021barea terenurilor. Cercet\u0103torul Alexandru Luchiian lucreaz\u0103 \u00een IT, ca specialist \u00een sisteme inteligente. El a creat mai multe platforme [&hellip;]<\/p>\n","protected":false},"author":1,"featured_media":1306,"comment_status":"open","ping_status":"open","sticky":false,"template":"","format":"standard","meta":{"content-type":"","footnotes":"","jetpack_publicize_message":"","jetpack_publicize_feature_enabled":true,"jetpack_social_post_already_shared":true,"jetpack_social_options":{"image_generator_settings":{"template":"highway","default_image_id":0,"font":"","enabled":false},"version":2}},"categories":[5,9,1,3,6,10],"tags":[],"class_list":["post-1305","post","type-post","status-publish","format-standard","has-post-thumbnail","hentry","category-blog","category-company","category-general","category-legislatie","category-prime","category-slide"],"yoast_head":"<!-- This site is optimized with the Yoast SEO plugin v24.9 - https:\/\/yoast.com\/wordpress\/plugins\/seo\/ -->\n<title>De ce are Rom\u00e2nia at\u00e2t de multe incendii de vegeta\u021bie?<\/title>\n<meta name=\"description\" content=\"Rom\u00e2nia este una dintre \u021b\u0103rile europene cele mai afectate de incendii de vegeta\u021bie. Nou\u0103 din zece incendii sunt provocate de ac\u021biunea uman\u0103, \u00een special de neglijen\u021ba \u0219i focurile puse necontrolat pentru cur\u0103\u021barea terenurilor.\" \/>\n<meta name=\"robots\" content=\"index, follow, max-snippet:-1, max-image-preview:large, max-video-preview:-1\" \/>\n<link rel=\"canonical\" href=\"https:\/\/www.green24.ro\/index.php\/2022\/08\/09\/de-ce-are-romania-atat-de-multe-incendii-de-vegetatie\/\" \/>\n<meta property=\"og:locale\" content=\"en_US\" \/>\n<meta property=\"og:type\" content=\"article\" \/>\n<meta property=\"og:title\" content=\"De ce are Rom\u00e2nia at\u00e2t de multe incendii de vegeta\u021bie?\" \/>\n<meta property=\"og:description\" content=\"Rom\u00e2nia este una dintre \u021b\u0103rile europene cele mai afectate de incendii de vegeta\u021bie. Nou\u0103 din zece incendii sunt provocate de ac\u021biunea uman\u0103, \u00een special de neglijen\u021ba \u0219i focurile puse necontrolat pentru cur\u0103\u021barea terenurilor.\" \/>\n<meta property=\"og:url\" content=\"https:\/\/www.green24.ro\/index.php\/2022\/08\/09\/de-ce-are-romania-atat-de-multe-incendii-de-vegetatie\/\" \/>\n<meta property=\"og:site_name\" content=\"Green24.ro\" \/>\n<meta property=\"article:publisher\" content=\"https:\/\/www.facebook.com\/green24ro\/\" \/>\n<meta property=\"article:author\" content=\"https:\/\/www.facebook.com\/green24ro\/\" \/>\n<meta property=\"article:published_time\" content=\"2022-08-09T08:13:53+00:00\" \/>\n<meta property=\"article:modified_time\" content=\"2022-08-09T08:13:55+00:00\" \/>\n<meta property=\"og:image\" content=\"https:\/\/www.green24.ro\/wp-content\/uploads\/2022\/08\/pexels-pixabay-266558.jpeg\" \/>\n\t<meta property=\"og:image:width\" content=\"1280\" \/>\n\t<meta property=\"og:image:height\" content=\"720\" \/>\n\t<meta property=\"og:image:type\" content=\"image\/jpeg\" \/>\n<meta name=\"author\" content=\"Redactia Green24\" \/>\n<meta name=\"twitter:card\" content=\"summary_large_image\" \/>\n<meta name=\"twitter:label1\" content=\"Written by\" \/>\n\t<meta name=\"twitter:data1\" content=\"Redactia Green24\" \/>\n\t<meta name=\"twitter:label2\" content=\"Est. reading time\" \/>\n\t<meta name=\"twitter:data2\" content=\"7 minutes\" \/>\n<script type=\"application\/ld+json\" class=\"yoast-schema-graph\">{\"@context\":\"https:\/\/schema.org\",\"@graph\":[{\"@type\":\"Article\",\"@id\":\"https:\/\/www.green24.ro\/index.php\/2022\/08\/09\/de-ce-are-romania-atat-de-multe-incendii-de-vegetatie\/#article\",\"isPartOf\":{\"@id\":\"https:\/\/www.green24.ro\/index.php\/2022\/08\/09\/de-ce-are-romania-atat-de-multe-incendii-de-vegetatie\/\"},\"author\":{\"name\":\"Redactia Green24\",\"@id\":\"https:\/\/www.green24.ro\/#\/schema\/person\/275c7d10a2dd4fb528a2c0ad5d633496\"},\"headline\":\"De ce are Rom\u00e2nia at\u00e2t de multe incendii de vegeta\u021bie?\",\"datePublished\":\"2022-08-09T08:13:53+00:00\",\"dateModified\":\"2022-08-09T08:13:55+00:00\",\"mainEntityOfPage\":{\"@id\":\"https:\/\/www.green24.ro\/index.php\/2022\/08\/09\/de-ce-are-romania-atat-de-multe-incendii-de-vegetatie\/\"},\"wordCount\":1365,\"commentCount\":0,\"publisher\":{\"@id\":\"https:\/\/www.green24.ro\/#organization\"},\"image\":{\"@id\":\"https:\/\/www.green24.ro\/index.php\/2022\/08\/09\/de-ce-are-romania-atat-de-multe-incendii-de-vegetatie\/#primaryimage\"},\"thumbnailUrl\":\"https:\/\/www.green24.ro\/wp-content\/uploads\/2022\/08\/pexels-pixabay-266558.jpeg\",\"articleSection\":[\"Blog\",\"Company\",\"General\",\"Legislatie\",\"Prime\",\"Slide\"],\"inLanguage\":\"en-US\",\"potentialAction\":[{\"@type\":\"CommentAction\",\"name\":\"Comment\",\"target\":[\"https:\/\/www.green24.ro\/index.php\/2022\/08\/09\/de-ce-are-romania-atat-de-multe-incendii-de-vegetatie\/#respond\"]}]},{\"@type\":\"WebPage\",\"@id\":\"https:\/\/www.green24.ro\/index.php\/2022\/08\/09\/de-ce-are-romania-atat-de-multe-incendii-de-vegetatie\/\",\"url\":\"https:\/\/www.green24.ro\/index.php\/2022\/08\/09\/de-ce-are-romania-atat-de-multe-incendii-de-vegetatie\/\",\"name\":\"De ce are Rom\u00e2nia at\u00e2t de multe incendii de vegeta\u021bie?\",\"isPartOf\":{\"@id\":\"https:\/\/www.green24.ro\/#website\"},\"primaryImageOfPage\":{\"@id\":\"https:\/\/www.green24.ro\/index.php\/2022\/08\/09\/de-ce-are-romania-atat-de-multe-incendii-de-vegetatie\/#primaryimage\"},\"image\":{\"@id\":\"https:\/\/www.green24.ro\/index.php\/2022\/08\/09\/de-ce-are-romania-atat-de-multe-incendii-de-vegetatie\/#primaryimage\"},\"thumbnailUrl\":\"https:\/\/www.green24.ro\/wp-content\/uploads\/2022\/08\/pexels-pixabay-266558.jpeg\",\"datePublished\":\"2022-08-09T08:13:53+00:00\",\"dateModified\":\"2022-08-09T08:13:55+00:00\",\"description\":\"Rom\u00e2nia este una dintre \u021b\u0103rile europene cele mai afectate de incendii de vegeta\u021bie. Nou\u0103 din zece incendii sunt provocate de ac\u021biunea uman\u0103, \u00een special de neglijen\u021ba \u0219i focurile puse necontrolat pentru cur\u0103\u021barea terenurilor.\",\"breadcrumb\":{\"@id\":\"https:\/\/www.green24.ro\/index.php\/2022\/08\/09\/de-ce-are-romania-atat-de-multe-incendii-de-vegetatie\/#breadcrumb\"},\"inLanguage\":\"en-US\",\"potentialAction\":[{\"@type\":\"ReadAction\",\"target\":[\"https:\/\/www.green24.ro\/index.php\/2022\/08\/09\/de-ce-are-romania-atat-de-multe-incendii-de-vegetatie\/\"]}]},{\"@type\":\"ImageObject\",\"inLanguage\":\"en-US\",\"@id\":\"https:\/\/www.green24.ro\/index.php\/2022\/08\/09\/de-ce-are-romania-atat-de-multe-incendii-de-vegetatie\/#primaryimage\",\"url\":\"https:\/\/www.green24.ro\/wp-content\/uploads\/2022\/08\/pexels-pixabay-266558.jpeg\",\"contentUrl\":\"https:\/\/www.green24.ro\/wp-content\/uploads\/2022\/08\/pexels-pixabay-266558.jpeg\",\"width\":1280,\"height\":720,\"caption\":\"De ce are Rom\u00e2nia at\u00e2t de multe incendii de vegeta\u021bie?\"},{\"@type\":\"BreadcrumbList\",\"@id\":\"https:\/\/www.green24.ro\/index.php\/2022\/08\/09\/de-ce-are-romania-atat-de-multe-incendii-de-vegetatie\/#breadcrumb\",\"itemListElement\":[{\"@type\":\"ListItem\",\"position\":1,\"name\":\"Home\",\"item\":\"https:\/\/www.green24.ro\/\"},{\"@type\":\"ListItem\",\"position\":2,\"name\":\"De ce are Rom\u00e2nia at\u00e2t de multe incendii de vegeta\u021bie?\"}]},{\"@type\":\"WebSite\",\"@id\":\"https:\/\/www.green24.ro\/#website\",\"url\":\"https:\/\/www.green24.ro\/\",\"name\":\"Green24.ro\",\"description\":\"Antreprenoriat verde si responsabilitatea social\u0103\",\"publisher\":{\"@id\":\"https:\/\/www.green24.ro\/#organization\"},\"potentialAction\":[{\"@type\":\"SearchAction\",\"target\":{\"@type\":\"EntryPoint\",\"urlTemplate\":\"https:\/\/www.green24.ro\/?s={search_term_string}\"},\"query-input\":{\"@type\":\"PropertyValueSpecification\",\"valueRequired\":true,\"valueName\":\"search_term_string\"}}],\"inLanguage\":\"en-US\"},{\"@type\":\"Organization\",\"@id\":\"https:\/\/www.green24.ro\/#organization\",\"name\":\"Green24\",\"url\":\"https:\/\/www.green24.ro\/\",\"logo\":{\"@type\":\"ImageObject\",\"inLanguage\":\"en-US\",\"@id\":\"https:\/\/www.green24.ro\/#\/schema\/logo\/image\/\",\"url\":\"https:\/\/www.green24.ro\/wp-content\/uploads\/2022\/02\/green24-17-e1643806452346.png\",\"contentUrl\":\"https:\/\/www.green24.ro\/wp-content\/uploads\/2022\/02\/green24-17-e1643806452346.png\",\"width\":174,\"height\":174,\"caption\":\"Green24\"},\"image\":{\"@id\":\"https:\/\/www.green24.ro\/#\/schema\/logo\/image\/\"},\"sameAs\":[\"https:\/\/www.facebook.com\/green24ro\/\"]},{\"@type\":\"Person\",\"@id\":\"https:\/\/www.green24.ro\/#\/schema\/person\/275c7d10a2dd4fb528a2c0ad5d633496\",\"name\":\"Redactia Green24\",\"image\":{\"@type\":\"ImageObject\",\"inLanguage\":\"en-US\",\"@id\":\"https:\/\/www.green24.ro\/#\/schema\/person\/image\/\",\"url\":\"https:\/\/secure.gravatar.com\/avatar\/ff0d3a759f98829f7ca35637ba02cb3c?s=96&d=mm&r=g\",\"contentUrl\":\"https:\/\/secure.gravatar.com\/avatar\/ff0d3a759f98829f7ca35637ba02cb3c?s=96&d=mm&r=g\",\"caption\":\"Redactia Green24\"},\"description\":\"Green24.ro este sursa zilnic\u0103 de \u0219tiri, online, pentru cei interesa\u021bi de mediul \u00eenconjur\u0103tor.\",\"sameAs\":[\"https:\/\/green24.ro\",\"https:\/\/www.facebook.com\/green24ro\/\"],\"url\":\"https:\/\/www.green24.ro\/index.php\/author\/admin\/\"}]}<\/script>\n<!-- \/ Yoast SEO plugin. -->","yoast_head_json":{"title":"De ce are Rom\u00e2nia at\u00e2t de multe incendii de vegeta\u021bie?","description":"Rom\u00e2nia este una dintre \u021b\u0103rile europene cele mai afectate de incendii de vegeta\u021bie. Nou\u0103 din zece incendii sunt provocate de ac\u021biunea uman\u0103, \u00een special de neglijen\u021ba \u0219i focurile puse necontrolat pentru cur\u0103\u021barea terenurilor.","robots":{"index":"index","follow":"follow","max-snippet":"max-snippet:-1","max-image-preview":"max-image-preview:large","max-video-preview":"max-video-preview:-1"},"canonical":"https:\/\/www.green24.ro\/index.php\/2022\/08\/09\/de-ce-are-romania-atat-de-multe-incendii-de-vegetatie\/","og_locale":"en_US","og_type":"article","og_title":"De ce are Rom\u00e2nia at\u00e2t de multe incendii de vegeta\u021bie?","og_description":"Rom\u00e2nia este una dintre \u021b\u0103rile europene cele mai afectate de incendii de vegeta\u021bie. Nou\u0103 din zece incendii sunt provocate de ac\u021biunea uman\u0103, \u00een special de neglijen\u021ba \u0219i focurile puse necontrolat pentru cur\u0103\u021barea terenurilor.","og_url":"https:\/\/www.green24.ro\/index.php\/2022\/08\/09\/de-ce-are-romania-atat-de-multe-incendii-de-vegetatie\/","og_site_name":"Green24.ro","article_publisher":"https:\/\/www.facebook.com\/green24ro\/","article_author":"https:\/\/www.facebook.com\/green24ro\/","article_published_time":"2022-08-09T08:13:53+00:00","article_modified_time":"2022-08-09T08:13:55+00:00","og_image":[{"width":1280,"height":720,"url":"https:\/\/www.green24.ro\/wp-content\/uploads\/2022\/08\/pexels-pixabay-266558.jpeg","type":"image\/jpeg"}],"author":"Redactia Green24","twitter_card":"summary_large_image","twitter_misc":{"Written by":"Redactia Green24","Est. reading time":"7 minutes"},"schema":{"@context":"https:\/\/schema.org","@graph":[{"@type":"Article","@id":"https:\/\/www.green24.ro\/index.php\/2022\/08\/09\/de-ce-are-romania-atat-de-multe-incendii-de-vegetatie\/#article","isPartOf":{"@id":"https:\/\/www.green24.ro\/index.php\/2022\/08\/09\/de-ce-are-romania-atat-de-multe-incendii-de-vegetatie\/"},"author":{"name":"Redactia Green24","@id":"https:\/\/www.green24.ro\/#\/schema\/person\/275c7d10a2dd4fb528a2c0ad5d633496"},"headline":"De ce are Rom\u00e2nia at\u00e2t de multe incendii de vegeta\u021bie?","datePublished":"2022-08-09T08:13:53+00:00","dateModified":"2022-08-09T08:13:55+00:00","mainEntityOfPage":{"@id":"https:\/\/www.green24.ro\/index.php\/2022\/08\/09\/de-ce-are-romania-atat-de-multe-incendii-de-vegetatie\/"},"wordCount":1365,"commentCount":0,"publisher":{"@id":"https:\/\/www.green24.ro\/#organization"},"image":{"@id":"https:\/\/www.green24.ro\/index.php\/2022\/08\/09\/de-ce-are-romania-atat-de-multe-incendii-de-vegetatie\/#primaryimage"},"thumbnailUrl":"https:\/\/www.green24.ro\/wp-content\/uploads\/2022\/08\/pexels-pixabay-266558.jpeg","articleSection":["Blog","Company","General","Legislatie","Prime","Slide"],"inLanguage":"en-US","potentialAction":[{"@type":"CommentAction","name":"Comment","target":["https:\/\/www.green24.ro\/index.php\/2022\/08\/09\/de-ce-are-romania-atat-de-multe-incendii-de-vegetatie\/#respond"]}]},{"@type":"WebPage","@id":"https:\/\/www.green24.ro\/index.php\/2022\/08\/09\/de-ce-are-romania-atat-de-multe-incendii-de-vegetatie\/","url":"https:\/\/www.green24.ro\/index.php\/2022\/08\/09\/de-ce-are-romania-atat-de-multe-incendii-de-vegetatie\/","name":"De ce are Rom\u00e2nia at\u00e2t de multe incendii de vegeta\u021bie?","isPartOf":{"@id":"https:\/\/www.green24.ro\/#website"},"primaryImageOfPage":{"@id":"https:\/\/www.green24.ro\/index.php\/2022\/08\/09\/de-ce-are-romania-atat-de-multe-incendii-de-vegetatie\/#primaryimage"},"image":{"@id":"https:\/\/www.green24.ro\/index.php\/2022\/08\/09\/de-ce-are-romania-atat-de-multe-incendii-de-vegetatie\/#primaryimage"},"thumbnailUrl":"https:\/\/www.green24.ro\/wp-content\/uploads\/2022\/08\/pexels-pixabay-266558.jpeg","datePublished":"2022-08-09T08:13:53+00:00","dateModified":"2022-08-09T08:13:55+00:00","description":"Rom\u00e2nia este una dintre \u021b\u0103rile europene cele mai afectate de incendii de vegeta\u021bie. Nou\u0103 din zece incendii sunt provocate de ac\u021biunea uman\u0103, \u00een special de neglijen\u021ba \u0219i focurile puse necontrolat pentru cur\u0103\u021barea terenurilor.","breadcrumb":{"@id":"https:\/\/www.green24.ro\/index.php\/2022\/08\/09\/de-ce-are-romania-atat-de-multe-incendii-de-vegetatie\/#breadcrumb"},"inLanguage":"en-US","potentialAction":[{"@type":"ReadAction","target":["https:\/\/www.green24.ro\/index.php\/2022\/08\/09\/de-ce-are-romania-atat-de-multe-incendii-de-vegetatie\/"]}]},{"@type":"ImageObject","inLanguage":"en-US","@id":"https:\/\/www.green24.ro\/index.php\/2022\/08\/09\/de-ce-are-romania-atat-de-multe-incendii-de-vegetatie\/#primaryimage","url":"https:\/\/www.green24.ro\/wp-content\/uploads\/2022\/08\/pexels-pixabay-266558.jpeg","contentUrl":"https:\/\/www.green24.ro\/wp-content\/uploads\/2022\/08\/pexels-pixabay-266558.jpeg","width":1280,"height":720,"caption":"De ce are Rom\u00e2nia at\u00e2t de multe incendii de vegeta\u021bie?"},{"@type":"BreadcrumbList","@id":"https:\/\/www.green24.ro\/index.php\/2022\/08\/09\/de-ce-are-romania-atat-de-multe-incendii-de-vegetatie\/#breadcrumb","itemListElement":[{"@type":"ListItem","position":1,"name":"Home","item":"https:\/\/www.green24.ro\/"},{"@type":"ListItem","position":2,"name":"De ce are Rom\u00e2nia at\u00e2t de multe incendii de vegeta\u021bie?"}]},{"@type":"WebSite","@id":"https:\/\/www.green24.ro\/#website","url":"https:\/\/www.green24.ro\/","name":"Green24.ro","description":"Antreprenoriat verde si responsabilitatea social\u0103","publisher":{"@id":"https:\/\/www.green24.ro\/#organization"},"potentialAction":[{"@type":"SearchAction","target":{"@type":"EntryPoint","urlTemplate":"https:\/\/www.green24.ro\/?s={search_term_string}"},"query-input":{"@type":"PropertyValueSpecification","valueRequired":true,"valueName":"search_term_string"}}],"inLanguage":"en-US"},{"@type":"Organization","@id":"https:\/\/www.green24.ro\/#organization","name":"Green24","url":"https:\/\/www.green24.ro\/","logo":{"@type":"ImageObject","inLanguage":"en-US","@id":"https:\/\/www.green24.ro\/#\/schema\/logo\/image\/","url":"https:\/\/www.green24.ro\/wp-content\/uploads\/2022\/02\/green24-17-e1643806452346.png","contentUrl":"https:\/\/www.green24.ro\/wp-content\/uploads\/2022\/02\/green24-17-e1643806452346.png","width":174,"height":174,"caption":"Green24"},"image":{"@id":"https:\/\/www.green24.ro\/#\/schema\/logo\/image\/"},"sameAs":["https:\/\/www.facebook.com\/green24ro\/"]},{"@type":"Person","@id":"https:\/\/www.green24.ro\/#\/schema\/person\/275c7d10a2dd4fb528a2c0ad5d633496","name":"Redactia Green24","image":{"@type":"ImageObject","inLanguage":"en-US","@id":"https:\/\/www.green24.ro\/#\/schema\/person\/image\/","url":"https:\/\/secure.gravatar.com\/avatar\/ff0d3a759f98829f7ca35637ba02cb3c?s=96&d=mm&r=g","contentUrl":"https:\/\/secure.gravatar.com\/avatar\/ff0d3a759f98829f7ca35637ba02cb3c?s=96&d=mm&r=g","caption":"Redactia Green24"},"description":"Green24.ro este sursa zilnic\u0103 de \u0219tiri, online, pentru cei interesa\u021bi de mediul \u00eenconjur\u0103tor.","sameAs":["https:\/\/green24.ro","https:\/\/www.facebook.com\/green24ro\/"],"url":"https:\/\/www.green24.ro\/index.php\/author\/admin\/"}]}},"jetpack_publicize_connections":[],"jetpack_featured_media_url":"https:\/\/www.green24.ro\/wp-content\/uploads\/2022\/08\/pexels-pixabay-266558.jpeg","jetpack_sharing_enabled":true,"_links":{"self":[{"href":"https:\/\/www.green24.ro\/index.php\/wp-json\/wp\/v2\/posts\/1305","targetHints":{"allow":["GET"]}}],"collection":[{"href":"https:\/\/www.green24.ro\/index.php\/wp-json\/wp\/v2\/posts"}],"about":[{"href":"https:\/\/www.green24.ro\/index.php\/wp-json\/wp\/v2\/types\/post"}],"author":[{"embeddable":true,"href":"https:\/\/www.green24.ro\/index.php\/wp-json\/wp\/v2\/users\/1"}],"replies":[{"embeddable":true,"href":"https:\/\/www.green24.ro\/index.php\/wp-json\/wp\/v2\/comments?post=1305"}],"version-history":[{"count":1,"href":"https:\/\/www.green24.ro\/index.php\/wp-json\/wp\/v2\/posts\/1305\/revisions"}],"predecessor-version":[{"id":1307,"href":"https:\/\/www.green24.ro\/index.php\/wp-json\/wp\/v2\/posts\/1305\/revisions\/1307"}],"wp:featuredmedia":[{"embeddable":true,"href":"https:\/\/www.green24.ro\/index.php\/wp-json\/wp\/v2\/media\/1306"}],"wp:attachment":[{"href":"https:\/\/www.green24.ro\/index.php\/wp-json\/wp\/v2\/media?parent=1305"}],"wp:term":[{"taxonomy":"category","embeddable":true,"href":"https:\/\/www.green24.ro\/index.php\/wp-json\/wp\/v2\/categories?post=1305"},{"taxonomy":"post_tag","embeddable":true,"href":"https:\/\/www.green24.ro\/index.php\/wp-json\/wp\/v2\/tags?post=1305"}],"curies":[{"name":"wp","href":"https:\/\/api.w.org\/{rel}","templated":true}]}}