{"id":1299,"date":"2022-08-05T09:32:36","date_gmt":"2022-08-05T07:32:36","guid":{"rendered":"https:\/\/www.green24.ro\/?p=1299"},"modified":"2022-08-11T09:30:40","modified_gmt":"2022-08-11T07:30:40","slug":"va-fi-concesionat-parcul-izvor-spatiul-verde-a-inceput-deja-sa-fie-distrus-prin-ultimul-concert","status":"publish","type":"post","link":"https:\/\/www.green24.ro\/index.php\/2022\/08\/05\/va-fi-concesionat-parcul-izvor-spatiul-verde-a-inceput-deja-sa-fie-distrus-prin-ultimul-concert\/","title":{"rendered":"Va fi concesionat Parcul Izvor? \u201dSpa\u021biul verde a \u00eenceput deja s\u0103 fie distrus, prin ultimul concert\u201d"},"content":{"rendered":"<p style=\"text-align: justify;\">Este o idee bun\u0103 transformarea Parcului Izvor \u00eentr-un loc de distrac\u021bie, a\u0219a cum \u00ee\u0219i doresc organizatorii festivalurilor Untold \u0219i Neversea care au cerut concesionarea acestuia? \u00centr-un ora\u0219 cu nici 10 metri de spa\u021biu verde pe cap de locuitor, mult sub recomand\u0103rile interna\u021bionale, Libertatea a vorbit despre spa\u021biul verde \u0219i cum ar trebui el utilizat cu un arhitect peisagist, consilieri locali \u0219i organizatorii de evenimente.<\/p>\n<p style=\"text-align: justify;\">Sunt peste 40 de grade miercuri, 27 iulie, la orele dup\u0103-amiezii \u00een Bucure\u0219ti. Aerul este greu respirabil, iar v\u00e2ntul nici nu se simte. \u00cen Parcul Izvor, locurile de joac\u0103 sunt goale.<\/p>\n<p style=\"text-align: justify;\">Un container galben, mare, a fost uitat \u00eentre copaci, \u00een timp ce doar pu\u021bin mai \u00eencolo zace un morman de frunze uscate \u0219i peturi. O umbrel\u0103 rupt\u0103 \u0219i-a g\u0103sit \u0219i ea loc acolo. Pe latura dinspre Parlament, copacii sunt prea mici, cu coroane aproape inexistente, ca s\u0103 poat\u0103 arunca un pic de umbr\u0103. Iarba este uscat\u0103, iar p\u0103m\u00e2ntul, cr\u0103pat de ar\u0219i\u021ba soarelui.<\/p>\n<p style=\"text-align: justify;\">\u201eSe mi\u0219cau geamurile \u00een cas\u0103 de la concertele care au fost aici\u201d, spune un b\u0103rbat. St\u0103 pe o banc\u0103, la umbr\u0103. E \u00eenconjurat de porumbei. \u00cen dreapta sa e un co\u0219 de gunoi rupt, cu vopseaua scorojit\u0103. Nici nu vrea s\u0103 aud\u0103 de posibilitatea ca alte concerte s\u0103 aib\u0103 loc \u00een parcul \u00een care \u00eei place s\u0103 se plimbe. Trei zile de petrecere i-au fost de-ajuns.<\/p>\n<p style=\"text-align: justify;\">Dup\u0103 festivalul Nostalgia, de la sf\u00e2r\u0219itul lui iunie, care s-a \u00eencheiat cu mult\u0103 mizerie \u0219i o amend\u0103 de 26.000 de lei pentru zgomot \u0219i distrugerea spa\u021biului verde, Parcul Izvor din Bucure\u0219ti e din nou \u00een centrul unor discu\u021bii.<\/p>\n<p style=\"text-align: justify;\">\u201eOportunitatea privind loca\u021bia provine din faptul c\u0103 a fost identificat poten\u021bialul acestui parc care \u00een prezent este subexploatat la posibilit\u0103\u021bile pe care le-ar putea oferi\u201d, se arat\u0103 \u00een scrisoarea adresat\u0103 consilierilor de c\u0103tre cei afla\u021bi \u00een spatele unora dintre cele mai mari festivaluri de muzic\u0103 din Europa. \u201eProiectul nostru \u00ee\u0219i propune s\u0103 ofere bucure\u0219tenilor unul dintre cele mai frumoase parcuri din sud-estul Europei, care s\u0103 devin\u0103 o atrac\u021bie pentru toate categoriile de v\u00e2rst\u0103\u201d, mai spun organizatorii. Proiectul, care se afl\u0103 deocamdat\u0103 doar la nivel de propunere adresat\u0103 prim\u0103riei, va include concerte, spectacole de teatru, expozi\u021bii, t\u00e2rguri \u0219i zone de relaxare.<\/p>\n<p style=\"text-align: justify;\"><strong>ONG-urile protesteaz\u0103<\/strong><\/p>\n<p style=\"text-align: justify;\">Dup\u0103 apari\u021bia informa\u021biei c\u0103 Parcul Izvor ar putea fi concesionat, oamenii care locuiesc \u00een zon\u0103 \u0219i mai mul\u021bi reprezentan\u021bi ai societ\u0103\u021bii civile s-au revoltat. Av\u00e2nd experien\u021ba de la festivalul Nostalgia, c\u00e2nd peste jum\u0103tate din parc a fost \u00eenchis timp de mai bine de trei s\u0103pt\u0103m\u00e2ni pentru refacerea spa\u021biului verde, bucure\u0219tenii se tem c\u0103 vor trece printr-o experien\u021b\u0103 asem\u0103n\u0103toare.<\/p>\n<p style=\"text-align: justify;\">\u00centr-o scrisoare public\u0103, peste 20 de grupuri civice \u0219i ONG-uri din Bucure\u0219ti cer Prim\u0103riei Capitalei s\u0103 protejeze parcurile de distrugerile cauzate de concerte \u0219i festivaluri. Ei fac apel la municipalitate s\u0103 nu mai permit\u0103 ca evenimentele organizate \u00een parcuri s\u0103 \u00eengr\u0103deasc\u0103 accesul la spa\u021biul verde public. \u201eConsider\u0103m profund gre\u0219it\u0103 restrictionarea accesului cet\u0103\u021benilor sau condi\u021bionarea de plata unui bilet. At\u00e2t \u00een Izvor (iunie 2022), c\u00e2t \u0219i \u00een Gr\u0103dina Ci\u0219migiu (iulie-septembrie 2020), suprafe\u021be mari din parc au fost \u00eenchise pentru perioade lungi. \u00cen Parcul Regele Mihai I (Her\u0103str\u0103u), por\u021biuni din parc sunt permanent \u00eenchise sub pretextul organiz\u0103rii unor evenimente culturale la terase\u201d, se arat\u0103 \u00een scrisoare.<\/p>\n<p style=\"text-align: justify;\"><strong>\u201eParcul r\u0103m\u00e2ne public, nu va fi cu circuit \u00eenchis\u201d<\/strong><\/p>\n<p style=\"text-align: justify;\">Edy Chereji, unul dintre organizatorii Untold \u0219i Neversea, spune c\u0103 \u00een niciun caz nu se pune problema ca parcul s\u0103 fie vreodat\u0103 \u00eenchis. Singurele momente \u00een care accesul va fi, \u00eentr-adev\u0103r, limitat pe baz\u0103 de bilet pe o anumit\u0103 suprafa\u021b\u0103 din parc, vor fi pentru unele spectacole \u0219i expozi\u021bii.<\/p>\n<p style=\"text-align: justify;\">\u201eNoi nu facem acolo un festival, va fi o destina\u021bie de entertainment. Vrem s\u0103 ajut\u0103m la revitalizarea parcului. Venim cu un proiect care s\u0103 ofere bucure\u0219tenilor o destina\u021bie permanent\u0103, vrem s\u0103 red\u0103m un parc mult mai frumos dec\u00e2t este acum\u201d, spune Chereji, pentru Libertatea.<\/p>\n<blockquote>\n<p style=\"text-align: justify;\">\u00cei asigur\u0103m pe bucure\u0219teni c\u0103 nu distrugem parcul, ci \u00eel vom face mult mai frumos. Este un angajament pe care ni-l lu\u0103m. S\u0103 aib\u0103 \u00eencredere \u00een noi, pentru c\u0103 avem experien\u021b\u0103 \u00een asta cu Untold \u0219i Neversea, festivaluri care au devenit o m\u00e2ndrie. Cu aceea\u0219i preg\u0103tire \u0219i experien\u021b\u0103 ne vom adresa \u0219i Bucure\u0219tiului<br \/>\nCite\u015fte \u00eentreaga \u015ftire: Concesionarea Parcului Izvor, \u00eentre \u201efestivalizarea ora\u0219ului\u201d \u0219i \u201enu-l distrugem, \u00eel facem mai frumos\u201d<\/p>\n<p>Edy Chereji, organizator Untold si Neversea<\/p><\/blockquote>\n<p style=\"text-align: justify;\">Chereji subliniaz\u0103 c\u0103 proiectul nu este unul final, ci doar o propunere. \u201eA\u0219tept\u0103m orice fel de feedback de la prim\u0103rie \u0219i consilieri. Vrem s\u0103 colabor\u0103m cu comunitatea, ONG-urile, al\u021bi organizatori\u201d, afirm\u0103 acesta.<\/p>\n<p style=\"text-align: justify;\"><strong>Arhitect peisagist: \u201eParcurile din Bucure\u0219ti nu sunt preg\u0103tite\u201d De \u00eentre\u021binerea Parcului Izvor pe timpul concesion\u0103rii lui ar urma s\u0103 se ocupe compania Wunderpark SRL, din Cluj-Napoca, ce are ca ac\u021bionar o alt\u0103 firm\u0103 a unuia dintre fondatorii Untold \u0219i Neversea, Bogdan Buta. <\/strong><\/p>\n<p style=\"text-align: justify;\">\u00centre\u021binere \u00eenseamn\u0103 toaletarea copacilor, plantarea altora \u0219i \u00eenlocuirea permanent\u0103 a gazonului, pe m\u0103sur\u0103 ce acesta se uzeaz\u0103 sub picioarele participan\u021bilor. \u201eParcurile din Bucure\u0219ti nu sunt utilate s\u0103 g\u0103zduiasc\u0103 astfel de evenimente\u201d, spune, \u00een schimb, Diana Culescu, arhitect peisagist. Ca un parc s\u0103 fie preg\u0103tit din acest punct de vedere, ar trebui s\u0103 aib\u0103 zone speciale pe care s\u0103 poat\u0103 c\u0103lca o mul\u021bime numeroas\u0103. \u201eOric\u00e2t am \u00eenlocui iarba, solul se taseaz\u0103. Apa nu mai ajunge la sol, iar arborii vor muri\u201d, explic\u0103 specialista. \u00cen Londra, spre exemplu, parcurile regale g\u0103zduiesc de secole evenimente sportive \u0219i educa\u021bionale, concerte, festivaluri \u0219i manifest\u0103ri publice. Mai ales Hyde Park este cunoscut pentru concerte cu sute de mii de oameni. Au c\u00e2ntat acolo Pink Floyd, The Rolling Stones, Queen, Amy Winehouse, Luciano Pavarotti \u0219i Kylie Minogue.<\/p>\n<p><strong>Reguli stricte: f\u0103r\u0103 evenimente majore pe cel mult cinci zile\u00a0 Evenimentele au loc sub un regulament \u0219i ni\u0219te condi\u021bii bine stabilite de organiza\u021bia neguvernamental\u0103 care are grij\u0103 de cele opt parcuri regale din Londra care totalizeaz\u0103 peste 20 de kilometri p\u0103tra\u021bi.<\/strong><\/p>\n<p style=\"text-align: justify;\">\u00cen Hyde Park, de exemplu, vara, ONG-ul nu aprob\u0103 alte evenimente majore \u00een afar\u0103 de tradi\u021bionalul festival de muzic\u0103 ce are loc anual doar pe o anumit\u0103 por\u021biune de parc. Hyde Park atrage anual 17 milioane de vizitatori. \u00cen Gr\u0103dinile Kensington, de asemenea, sunt permise cel mult dou\u0103 evenimente mari pe an care s\u0103 ocupe, ca timp, cel mult cinci zile. Mai mult ar fi \u201enepotrivit pentru tradi\u021biile \u0219i design-ul Gr\u0103dinilor\u201d. \u00cen alte trei parcuri regale sunt organizate doar evenimente restr\u00e2nse pentru c\u0103 acolo exist\u0103 un mai mare flux de oameni, fiind folosite ca spa\u021biu de traversare. \u201eEvenimentele majore provoac\u0103 un prea mare deranj\u201d, se arat\u0103 \u00eentr-unul dintre regulamentele care vizeaz\u0103 parcurile regale.<\/p>\n<p style=\"text-align: right;\"><strong>O \u201efestivalizare\u201d a ora\u0219elor <\/strong><\/p>\n<figure id=\"attachment_1300\" aria-describedby=\"caption-attachment-1300\" style=\"width: 230px\" class=\"wp-caption alignright\"><img loading=\"lazy\" decoding=\"async\" class=\"wp-image-1300 size-medium\" src=\"https:\/\/www.green24.ro\/wp-content\/uploads\/2022\/08\/11181242101534786469273518386633521607818422corp-230x300.webp\" alt=\"Diana Culescu\" width=\"230\" height=\"300\" srcset=\"https:\/\/www.green24.ro\/wp-content\/uploads\/2022\/08\/11181242101534786469273518386633521607818422corp-230x300.webp 230w, https:\/\/www.green24.ro\/wp-content\/uploads\/2022\/08\/11181242101534786469273518386633521607818422corp-786x1024.webp 786w, https:\/\/www.green24.ro\/wp-content\/uploads\/2022\/08\/11181242101534786469273518386633521607818422corp-768x1001.webp 768w, https:\/\/www.green24.ro\/wp-content\/uploads\/2022\/08\/11181242101534786469273518386633521607818422corp.webp 870w\" sizes=\"auto, (max-width: 230px) 100vw, 230px\" \/><figcaption id=\"caption-attachment-1300\" class=\"wp-caption-text\">Diana Culescu<\/figcaption><\/figure>\n<p style=\"text-align: justify;\">Un aspect pe care-l semnaleaz\u0103 \u0219i Diana Culescu: \u201eS\u0103 ne g\u00e2ndim de exemplu la Cluj. Mereu vorbim despre avantajele pe care le aduce Untold, financiar \u0219i pentru persoanele care \u00ee\u0219i doresc s\u0103 participe la astfel de evenimente, dar nimeni nu-\u0219i pune problema c\u0103 oamenii de-acolo sunt dispera\u021bi de zgomot\u201d.<\/p>\n<p style=\"text-align: justify;\">Arhitecta e de p\u0103rere c\u0103 o privatizare a spa\u021biului public, a\u0219a cum se pune problema \u00een cazul Parcului Izvor, nu a fost niciodat\u0103 o idee bun\u0103. \u201eE nepl\u0103cut \u2013 de\u0219i ar trebui s\u0103 folosim un cuv\u00e2nt mai dur \u2013 faptul c\u0103 administra\u021bia public\u0103 ar putea lua \u00een considerare a\u0219a ceva\u201d.<\/p>\n<p style=\"text-align: justify;\">G\u0103zduirea unor evenimente mari, temporare, \u00een spa\u021biile publice animeaz\u0103 ora\u0219ele \u0219i le promoveaz\u0103. Un studiu din 2014 arat\u0103 \u00eens\u0103 c\u0103 o \u201efestivalizare\u201d ocazional\u0103 a unui ora\u0219, cu un eveniment cu acces limitat, poate ac\u021biona ca o justificare abuziv\u0103 pentru exploatarea spa\u021biilor publice.<\/p>\n<p style=\"text-align: justify;\">Studiul pleac\u0103 de la cazul Parcului Greenwich din Londra care a g\u0103zduit \u00een 2012 concursurile olimpice \u0219i paralimpice ecvestre. Cercet\u0103torii \u0219i-au pus \u00eentrebarea: care sunt cele mai adecvate moduri de a folosi un parc? Greenwich a fost \u00eenchis mai bine de un an dup\u0103 ce caii au distrus complet terenul. Parcul a fost transformat \u00eentr-o mla\u0219tin\u0103, l-a descris publica\u021bia Telegraph la acea vreme.<\/p>\n<p><strong>Prim\u0103ria se mai g\u00e2nde\u0219te<\/strong><\/p>\n<p style=\"text-align: justify;\">Prim\u0103ria Capitalei nu a luat \u00eenc\u0103 o decizie \u00een ceea ce prive\u0219te Parcul Izvor. De altfel, nici nu poate lua, responsabilitatea este \u00een m\u00e2inile consilierilor generali. Pentru ca spa\u021biul s\u0103 fie concesionat c\u0103tre organizatorii Untold, consilierii trebuie s\u0103 aprobe o hot\u0103r\u00e2re \u00een acest sens, \u00eentr-o \u0219edin\u021b\u0103.<\/p>\n<p style=\"text-align: justify;\">Primarul Nicu\u0219or Dan a transmis miercuri, \u00eentr-un comunicat de pres\u0103, c\u0103 decizia este \u201edeparte de a fi luat\u0103\u201d \u0219i c\u0103 \u201epropunerea necesit\u0103 o discu\u021bie\u201d.<\/p>\n<p style=\"text-align: justify;\">\u201ePe de o parte, vrem s\u0103 protej\u0103m spa\u021biile verzi, pe de alt\u0103 parte, \u00een momentul de fa\u021b\u0103, Parcul Izvor nu are o identitate foarte clar\u0103, nu este definit din punctul de vedere al amenaj\u0103rii peisagistice. Un proiect prost \u00eei poate face mult r\u0103u, un proiect bun \u00eel poate ridica\u201d, a spus Nicu\u0219or Dan.<\/p>\n<p style=\"text-align: justify;\"><strong>Ce spun consilierii generali<\/strong><\/p>\n<p style=\"text-align: justify;\">De\u0219i primarul ia \u00een calcul propunerea de transformare a Parcului Izvor, grupurile de partid din Consiliul General al Municipiului Bucure\u0219ti (CGMB) dau de \u00een\u021beles c\u0103 nu este nimic de dezb\u0103tut. Consilierii au primit planul de proiect de mai bine de o s\u0103pt\u0103m\u00e2n\u0103, \u00eens\u0103 nu l-au citit \u00eenc\u0103.<\/p>\n<p style=\"text-align: justify;\">\u201eNu suntem adep\u021bii concesion\u0103rii pe termen lung al bunurilor publice, iar \u00een cazul acesta, mai ales pentru c\u0103 e parc, nu vom fi de acord sub nicio form\u0103. Un astfel de proiect nu va trece niciodat\u0103 de CGMB. Nu vrem s\u0103 restric\u021bion\u0103m accesul liber al oamenilor \u00een Parcul Izvor\u201d, spune, pentru Libertatea, C\u0103t\u0103lin Deaconescu, consilier general PNL.<\/p>\n<p style=\"text-align: justify;\">Ideea de a amenaja o zon\u0103 cu muzic\u0103, spectacole \u0219i food court-uri nu este o idee rea, crede el. \u0218i este posibil\u0103, dar \u00eentr-un alt spa\u021biu, \u00een afara ora\u0219ului. Deaconescu e de p\u0103rere c\u0103 profitul financiar pe care l-ar avea prim\u0103ria de pe urma proiectului nu poate fi o justificare pentru restric\u021bionarea de orice fel a accesului \u00eentr-un parc public \u0219i nici pentru disconfortul creat de zgomot pe o perioad\u0103 at\u00e2t de lung\u0103 de timp.<\/p>\n<p style=\"text-align: justify;\"><strong>PSD acuz\u0103 un \u201egrup de interese\u201d<\/strong><\/p>\n<p style=\"text-align: justify;\">\u0218i USR PLUS, unul dintre partidele care l-au sus\u021binut pe Nicu\u0219or Dan, respinge categoric posibilitatea reamenaj\u0103rii Parcului Izvor.<\/p>\n<p style=\"text-align: justify;\">\u201eEste exclus\u0103 sus\u021binerea din partea mea sau a colegilor consilieri generali din grupul USR PLUS Bucure\u0219ti a concesion\u0103rii vreunei suprafe\u021be c\u00e2t de mici de spa\u021biu verde public\u201d, a scris pe Facebook Horia Tomescu, liderul de grup \u0219i viceprimarul Capitalei.<\/p>\n<p style=\"text-align: justify;\">La r\u00e2ndul lui, Aurelian B\u0103dulescu, consilier PSD, acuz\u0103 un \u201egrup de interese \u00een frunte cu Nicu\u0219or Dan\u201d. El spune c\u0103 primarul \u0219tie despre proiect de un an \u0219i \u201ea pus la punct beneficiile care le revin\u201d lui, USR \u0219i PNL.<\/p>\n<p style=\"text-align: justify;\">\u201ePSD r\u0103m\u00e2ne l\u00e2ng\u0103 valorile cet\u0103\u021beanului, motiv pentru care nu va vota acest proiect niciodat\u0103 dac\u0103 va ajunge pe ordinea de zi a CGMB. Destina\u021bia parcului este clar\u0103 \u0219i nu i se poate schimba. \u00cei invit\u0103m pe cei de la Untold s\u0103 achizi\u021bioneze teren \u00een afara Bucure\u0219tiului ca s\u0103 dezvolte o astfel de baz\u0103\u201d, a declarat el pentru Libertatea.<\/p>\n<p><strong>Concesionarea parcului, un \u201efaliment moral\u201d al prim\u0103riei <\/strong><\/p>\n<p style=\"text-align: justify;\">\u00centre timp, locuitorii din zona Izvor vor s\u0103-\u0219i apere parcul \u0219i s-au reunit \u00eentr-un grup de ini\u021biativ\u0103 civic\u0103. Ei cer prim\u0103riei s\u0103 refuze propunerea organizatorilor Untold \u0219i s\u0103 g\u0103seasc\u0103 alte moduri prin care s\u0103 suplimenteze veniturile Bucure\u0219tiului.<\/p>\n<p style=\"text-align: justify;\">\u201e\u0218tim c\u0103 \u00ee\u0219i dore\u0219te suplimentarea veniturilor capitalei, dar asta nu se poate face prin negocierea parcurilor publice \u0219i, deci, implicit, prin negocierea s\u0103n\u0103t\u0103\u021bii cet\u0103\u021benilor\u201d, spune Grupul, referindu-se la primarul Nicu\u0219or Dan. Despre el, localnicii afirm\u0103 c\u0103 e \u201edep\u0103\u0219it de situa\u021bie\u201d \u00een ceea ce prive\u0219te protejarea spa\u021biului verde din Bucure\u0219ti.<\/p>\n<p style=\"text-align: justify;\">Bucure\u0219tenii consider\u0103 revolt\u0103tor c\u0103 edilul, care \u201e\u0219i-a cl\u0103dit imaginea din activism pentru patrimoniu \u0219i mediu\u201d, se g\u00e2nde\u0219te la concesionarea unui parc public. \u0218i remarc\u0103 faptul c\u0103 starea dezolant\u0103 a Parcului Izvor, care este folosit\u0103 drept argument pentru solicitarea de concesionare, e tocmai vina prim\u0103riei, care-l are \u00een administrare.<\/p>\n<p style=\"text-align: justify;\">\u201eConcesionarea unui parc public ar fi, \u00een opinia noastr\u0103, falimentul moral al celei mai mari prim\u0103rii din Rom\u00e2nia\u201d, mai noteaz\u0103, \u00eentr-o postare, pe Facebook, Grupul de Ini\u021biativ\u0103 Civic\u0103 Parcul Izvor.<\/p>\n<p><strong>Mai pu\u021bin de 10 metri p\u0103tra\u021bi de spa\u021biu verde de locuitor, sub ce ne impune UE<\/strong><\/p>\n<p style=\"text-align: justify;\">Dezbaterile pe utilizarea spa\u021biilor verzi vine \u00een contextul \u00een care Capitala are mai pu\u021bin de 10 metri p\u0103tra\u021bi de spa\u021biu verde pe cap de locuitor, potrivit unui raport al Cur\u021bii de Conturi din 2015. Suprafa\u021ba de verdea\u021b\u0103 s-a \u00eenjum\u0103t\u0103\u021bit comparativ cu 1990, atunci c\u00e2nd a \u00eenceput s\u0103 se construiasc\u0103 haotic, s-au f\u0103cut blocuri \u0219i mall-uri, iar spa\u021bii din interiorul parcurilor au fost retrocedate.<\/p>\n<blockquote>\n<p style=\"text-align: justify;\"><em>Legisla\u021bia, at\u00e2t na\u021bional\u0103, c\u00e2t \u0219i european\u0103, recomand\u0103 un minimum de 26 de metri p\u0103tra\u021bi de spa\u021biu verde per locuitor. Ponderea recomandat\u0103 de Organiza\u021bia Mondial\u0103 a S\u0103n\u0103t\u0103\u021bii este chiar \u0219i mai mare, de 50 de metri p\u0103tra\u021bi.<\/em><\/p>\n<\/blockquote>\n<blockquote>\n<p style=\"text-align: justify;\"><em>Concesionarea Parcului Izvor ar putea distruge spa\u021biul verde din inima Capitalei. O spune la RFI vicepre\u0219edinta filialei Bucure\u0219ti a Asocia\u021biei Peisagi\u0219tilor din Rom\u00e2nia Diana Culescu, \u00een contextul \u00een care Prim\u0103ria General\u0103 a primit o cerere de concesionare din partea unei firme care organizeaz\u0103 concerte.<\/em><\/p>\n<\/blockquote>\n<p style=\"text-align: justify;\">Este o idee bun\u0103 transformarea Parcului Izvor \u00eentr-un loc de distrac\u021bie, a\u0219a cum \u00ee\u0219i doresc organizatorii festivalurilor Untold \u0219i Neversea care au cerut concesionarea acestuia? \u00centr-un ora\u0219 cu nici 10 metri de spa\u021biu verde pe cap de locuitor, mult sub recomand\u0103rile interna\u021bionale, Libertatea a vorbit despre spa\u021biul verde \u0219i cum ar trebui el utilizat cu un arhitect peisagist, consilieri locali \u0219i organizatorii de evenimente.<br \/>\nCite\u015fte \u00eentreaga \u015ftire:\u00a0Concesionarea Parcului Izvor, \u00eentre \u201efestivalizarea ora\u0219ului\u201d \u0219i \u201enu-l distrugem, \u00eel facem mai frumos\u201d<\/p>\n<hr \/>\n<p style=\"text-align: justify;\">Peste 20 de grupuri civice \u0219i asocia\u021bii neguvernamentale i-au cerut primarului Nicu\u0219or Dan s\u0103 nu concesioneze Parcul Izvor\u00a0 (<a href=\"https:\/\/www.stareademocratiei.ro\/2022\/07\/27\/parcul-izvor-trebuie-sa-ramana-parc-si-sa-ramana-al-cetatenilor\/\">detalii aici<\/a>)<\/p>\n<hr \/>\n<p style=\"text-align: justify;\">Diana Culescu spune c\u0103 spa\u021biul verde din Parcul Izvor a \u00eenceput deja s\u0103 se degradeze: \u201dSpa\u021biul acela verde a \u00eenceput deja s\u0103 fie distrus, prin ultimul concert care s-a realizat acolo. Ce nu se \u00een\u021belege e faptul c\u0103 aceste spa\u021bii verzi din Bucure\u0219ti nu au fost g\u00e2ndite pentru a g\u0103zdui evenimente din acestea ce se fac pe stadioane, \u00een general sau \u00een parc\u0103ri, \u00een spa\u021bii din acestea, platforme industriale \u0219i a\u0219a mai departe, \u00een alte \u021b\u0103ri. Sunt foarte pu\u021bine parcuri din Europa care au fost g\u00e2ndite de la bun \u00eenceput sau c\u0103rora li s-au ad\u0103ugat aceste zone \u00een care se pot desf\u0103\u0219ura concerte\u201d.<\/p>\n<p style=\"text-align: justify;\">Ea precizeaz\u0103 c\u0103 \u201da aduce at\u00e2\u021bia oameni la un loc, \u00eentr-un timp at\u00e2t de scurt, cu at\u00e2t de multe echipamente \u00een primul r\u00e2nd duce la tasarea solului, tasare pe care nu o va adresa absolut nimeni. Acea tasare face s\u0103 nu mai creasc\u0103 plante, putem s\u0103 le \u00eenlocuim o dat\u0103 pe s\u0103pt\u0103m\u00e2n\u0103, cum \u00ee\u0219i doresc companiile private, n-are nici o leg\u0103tur\u0103. Faptul c\u0103 acel sol nu mai permite s\u0103 se infiltreze apa \u0219i s\u0103 treac\u0103 aerul face inadecvat pentru dezvoltarea plantelor, deci f\u0103r\u0103 dezvoltarea plantelor, putem s\u0103 zicem direct c\u0103 l-am betonat, nu?\u201d.<\/p>\n<p>surse: RFI, <a href=\"https:\/\/www.libertatea.ro\/stiri\/concesionarea-parcului-izvor-intre-festivalizarea-orasului-si-nu-l-distrugem-il-facem-mai-frumos-4226034\">LIBERTATEA<\/a><\/p>\n","protected":false},"excerpt":{"rendered":"<p>Este o idee bun\u0103 transformarea Parcului Izvor \u00eentr-un loc de distrac\u021bie, a\u0219a cum \u00ee\u0219i doresc organizatorii festivalurilor Untold \u0219i Neversea care au cerut concesionarea acestuia? \u00centr-un ora\u0219 cu nici 10 metri de spa\u021biu verde pe cap de locuitor, mult sub recomand\u0103rile interna\u021bionale, Libertatea a vorbit despre spa\u021biul verde \u0219i cum [&hellip;]<\/p>\n","protected":false},"author":1,"featured_media":1303,"comment_status":"open","ping_status":"open","sticky":false,"template":"","format":"standard","meta":{"content-type":"","footnotes":"","jetpack_publicize_message":"","jetpack_publicize_feature_enabled":true,"jetpack_social_post_already_shared":true,"jetpack_social_options":{"image_generator_settings":{"template":"highway","default_image_id":0,"font":"","enabled":false},"version":2}},"categories":[5,9,1,3,6,10],"tags":[],"class_list":["post-1299","post","type-post","status-publish","format-standard","has-post-thumbnail","hentry","category-blog","category-company","category-general","category-legislatie","category-prime","category-slide"],"yoast_head":"<!-- This site is optimized with the Yoast SEO plugin v24.9 - https:\/\/yoast.com\/wordpress\/plugins\/seo\/ -->\n<title>Va fi concesionat Parcul Izvor?<\/title>\n<meta name=\"description\" content=\"Este o idee bun\u0103 transformarea Parcului Izvor \u00eentr-un loc de distrac\u021bie, a\u0219a cum \u00ee\u0219i doresc organizatorii festivalurilor Untold \u0219i Neversea care au cerut concesionarea acestuia?\" \/>\n<meta name=\"robots\" content=\"index, follow, max-snippet:-1, max-image-preview:large, max-video-preview:-1\" \/>\n<link rel=\"canonical\" href=\"https:\/\/www.green24.ro\/index.php\/2022\/08\/05\/va-fi-concesionat-parcul-izvor-spatiul-verde-a-inceput-deja-sa-fie-distrus-prin-ultimul-concert\/\" \/>\n<meta property=\"og:locale\" content=\"en_US\" \/>\n<meta property=\"og:type\" content=\"article\" \/>\n<meta property=\"og:title\" content=\"Va fi concesionat Parcul Izvor?\" \/>\n<meta property=\"og:description\" content=\"Este o idee bun\u0103 transformarea Parcului Izvor \u00eentr-un loc de distrac\u021bie, a\u0219a cum \u00ee\u0219i doresc organizatorii festivalurilor Untold \u0219i Neversea care au cerut concesionarea acestuia?\" \/>\n<meta property=\"og:url\" content=\"https:\/\/www.green24.ro\/index.php\/2022\/08\/05\/va-fi-concesionat-parcul-izvor-spatiul-verde-a-inceput-deja-sa-fie-distrus-prin-ultimul-concert\/\" \/>\n<meta property=\"og:site_name\" content=\"Green24.ro\" \/>\n<meta property=\"article:publisher\" content=\"https:\/\/www.facebook.com\/green24ro\/\" \/>\n<meta property=\"article:author\" content=\"https:\/\/www.facebook.com\/green24ro\/\" \/>\n<meta property=\"article:published_time\" content=\"2022-08-05T07:32:36+00:00\" \/>\n<meta property=\"article:modified_time\" content=\"2022-08-11T07:30:40+00:00\" \/>\n<meta property=\"og:image\" content=\"https:\/\/www.green24.ro\/wp-content\/uploads\/2022\/08\/parc-izvor.webp\" \/>\n\t<meta property=\"og:image:width\" content=\"960\" \/>\n\t<meta property=\"og:image:height\" content=\"729\" \/>\n\t<meta property=\"og:image:type\" content=\"image\/webp\" \/>\n<meta name=\"author\" content=\"Redactia Green24\" \/>\n<meta name=\"twitter:card\" content=\"summary_large_image\" \/>\n<meta name=\"twitter:label1\" content=\"Written by\" \/>\n\t<meta name=\"twitter:data1\" content=\"Redactia Green24\" \/>\n\t<meta name=\"twitter:label2\" content=\"Est. reading time\" \/>\n\t<meta name=\"twitter:data2\" content=\"13 minutes\" \/>\n<script type=\"application\/ld+json\" class=\"yoast-schema-graph\">{\"@context\":\"https:\/\/schema.org\",\"@graph\":[{\"@type\":\"Article\",\"@id\":\"https:\/\/www.green24.ro\/index.php\/2022\/08\/05\/va-fi-concesionat-parcul-izvor-spatiul-verde-a-inceput-deja-sa-fie-distrus-prin-ultimul-concert\/#article\",\"isPartOf\":{\"@id\":\"https:\/\/www.green24.ro\/index.php\/2022\/08\/05\/va-fi-concesionat-parcul-izvor-spatiul-verde-a-inceput-deja-sa-fie-distrus-prin-ultimul-concert\/\"},\"author\":{\"name\":\"Redactia Green24\",\"@id\":\"https:\/\/www.green24.ro\/#\/schema\/person\/275c7d10a2dd4fb528a2c0ad5d633496\"},\"headline\":\"Va fi concesionat Parcul Izvor? \u201dSpa\u021biul verde a \u00eenceput deja s\u0103 fie distrus, prin ultimul concert\u201d\",\"datePublished\":\"2022-08-05T07:32:36+00:00\",\"dateModified\":\"2022-08-11T07:30:40+00:00\",\"mainEntityOfPage\":{\"@id\":\"https:\/\/www.green24.ro\/index.php\/2022\/08\/05\/va-fi-concesionat-parcul-izvor-spatiul-verde-a-inceput-deja-sa-fie-distrus-prin-ultimul-concert\/\"},\"wordCount\":2669,\"commentCount\":0,\"publisher\":{\"@id\":\"https:\/\/www.green24.ro\/#organization\"},\"image\":{\"@id\":\"https:\/\/www.green24.ro\/index.php\/2022\/08\/05\/va-fi-concesionat-parcul-izvor-spatiul-verde-a-inceput-deja-sa-fie-distrus-prin-ultimul-concert\/#primaryimage\"},\"thumbnailUrl\":\"https:\/\/www.green24.ro\/wp-content\/uploads\/2022\/08\/parc-izvor.webp\",\"articleSection\":[\"Blog\",\"Company\",\"General\",\"Legislatie\",\"Prime\",\"Slide\"],\"inLanguage\":\"en-US\",\"potentialAction\":[{\"@type\":\"CommentAction\",\"name\":\"Comment\",\"target\":[\"https:\/\/www.green24.ro\/index.php\/2022\/08\/05\/va-fi-concesionat-parcul-izvor-spatiul-verde-a-inceput-deja-sa-fie-distrus-prin-ultimul-concert\/#respond\"]}]},{\"@type\":\"WebPage\",\"@id\":\"https:\/\/www.green24.ro\/index.php\/2022\/08\/05\/va-fi-concesionat-parcul-izvor-spatiul-verde-a-inceput-deja-sa-fie-distrus-prin-ultimul-concert\/\",\"url\":\"https:\/\/www.green24.ro\/index.php\/2022\/08\/05\/va-fi-concesionat-parcul-izvor-spatiul-verde-a-inceput-deja-sa-fie-distrus-prin-ultimul-concert\/\",\"name\":\"Va fi concesionat Parcul Izvor?\",\"isPartOf\":{\"@id\":\"https:\/\/www.green24.ro\/#website\"},\"primaryImageOfPage\":{\"@id\":\"https:\/\/www.green24.ro\/index.php\/2022\/08\/05\/va-fi-concesionat-parcul-izvor-spatiul-verde-a-inceput-deja-sa-fie-distrus-prin-ultimul-concert\/#primaryimage\"},\"image\":{\"@id\":\"https:\/\/www.green24.ro\/index.php\/2022\/08\/05\/va-fi-concesionat-parcul-izvor-spatiul-verde-a-inceput-deja-sa-fie-distrus-prin-ultimul-concert\/#primaryimage\"},\"thumbnailUrl\":\"https:\/\/www.green24.ro\/wp-content\/uploads\/2022\/08\/parc-izvor.webp\",\"datePublished\":\"2022-08-05T07:32:36+00:00\",\"dateModified\":\"2022-08-11T07:30:40+00:00\",\"description\":\"Este o idee bun\u0103 transformarea Parcului Izvor \u00eentr-un loc de distrac\u021bie, a\u0219a cum \u00ee\u0219i doresc organizatorii festivalurilor Untold \u0219i Neversea care au cerut concesionarea acestuia?\",\"breadcrumb\":{\"@id\":\"https:\/\/www.green24.ro\/index.php\/2022\/08\/05\/va-fi-concesionat-parcul-izvor-spatiul-verde-a-inceput-deja-sa-fie-distrus-prin-ultimul-concert\/#breadcrumb\"},\"inLanguage\":\"en-US\",\"potentialAction\":[{\"@type\":\"ReadAction\",\"target\":[\"https:\/\/www.green24.ro\/index.php\/2022\/08\/05\/va-fi-concesionat-parcul-izvor-spatiul-verde-a-inceput-deja-sa-fie-distrus-prin-ultimul-concert\/\"]}]},{\"@type\":\"ImageObject\",\"inLanguage\":\"en-US\",\"@id\":\"https:\/\/www.green24.ro\/index.php\/2022\/08\/05\/va-fi-concesionat-parcul-izvor-spatiul-verde-a-inceput-deja-sa-fie-distrus-prin-ultimul-concert\/#primaryimage\",\"url\":\"https:\/\/www.green24.ro\/wp-content\/uploads\/2022\/08\/parc-izvor.webp\",\"contentUrl\":\"https:\/\/www.green24.ro\/wp-content\/uploads\/2022\/08\/parc-izvor.webp\",\"width\":960,\"height\":729,\"caption\":\"Va fi concesionat Parcul Izvor?\"},{\"@type\":\"BreadcrumbList\",\"@id\":\"https:\/\/www.green24.ro\/index.php\/2022\/08\/05\/va-fi-concesionat-parcul-izvor-spatiul-verde-a-inceput-deja-sa-fie-distrus-prin-ultimul-concert\/#breadcrumb\",\"itemListElement\":[{\"@type\":\"ListItem\",\"position\":1,\"name\":\"Home\",\"item\":\"https:\/\/www.green24.ro\/\"},{\"@type\":\"ListItem\",\"position\":2,\"name\":\"Va fi concesionat Parcul Izvor? \u201dSpa\u021biul verde a \u00eenceput deja s\u0103 fie distrus, prin ultimul concert\u201d\"}]},{\"@type\":\"WebSite\",\"@id\":\"https:\/\/www.green24.ro\/#website\",\"url\":\"https:\/\/www.green24.ro\/\",\"name\":\"Green24.ro\",\"description\":\"Antreprenoriat verde si responsabilitatea social\u0103\",\"publisher\":{\"@id\":\"https:\/\/www.green24.ro\/#organization\"},\"potentialAction\":[{\"@type\":\"SearchAction\",\"target\":{\"@type\":\"EntryPoint\",\"urlTemplate\":\"https:\/\/www.green24.ro\/?s={search_term_string}\"},\"query-input\":{\"@type\":\"PropertyValueSpecification\",\"valueRequired\":true,\"valueName\":\"search_term_string\"}}],\"inLanguage\":\"en-US\"},{\"@type\":\"Organization\",\"@id\":\"https:\/\/www.green24.ro\/#organization\",\"name\":\"Green24\",\"url\":\"https:\/\/www.green24.ro\/\",\"logo\":{\"@type\":\"ImageObject\",\"inLanguage\":\"en-US\",\"@id\":\"https:\/\/www.green24.ro\/#\/schema\/logo\/image\/\",\"url\":\"https:\/\/www.green24.ro\/wp-content\/uploads\/2022\/02\/green24-17-e1643806452346.png\",\"contentUrl\":\"https:\/\/www.green24.ro\/wp-content\/uploads\/2022\/02\/green24-17-e1643806452346.png\",\"width\":174,\"height\":174,\"caption\":\"Green24\"},\"image\":{\"@id\":\"https:\/\/www.green24.ro\/#\/schema\/logo\/image\/\"},\"sameAs\":[\"https:\/\/www.facebook.com\/green24ro\/\"]},{\"@type\":\"Person\",\"@id\":\"https:\/\/www.green24.ro\/#\/schema\/person\/275c7d10a2dd4fb528a2c0ad5d633496\",\"name\":\"Redactia Green24\",\"image\":{\"@type\":\"ImageObject\",\"inLanguage\":\"en-US\",\"@id\":\"https:\/\/www.green24.ro\/#\/schema\/person\/image\/\",\"url\":\"https:\/\/secure.gravatar.com\/avatar\/ff0d3a759f98829f7ca35637ba02cb3c?s=96&d=mm&r=g\",\"contentUrl\":\"https:\/\/secure.gravatar.com\/avatar\/ff0d3a759f98829f7ca35637ba02cb3c?s=96&d=mm&r=g\",\"caption\":\"Redactia Green24\"},\"description\":\"Green24.ro este sursa zilnic\u0103 de \u0219tiri, online, pentru cei interesa\u021bi de mediul \u00eenconjur\u0103tor.\",\"sameAs\":[\"https:\/\/green24.ro\",\"https:\/\/www.facebook.com\/green24ro\/\"],\"url\":\"https:\/\/www.green24.ro\/index.php\/author\/admin\/\"}]}<\/script>\n<!-- \/ Yoast SEO plugin. -->","yoast_head_json":{"title":"Va fi concesionat Parcul Izvor?","description":"Este o idee bun\u0103 transformarea Parcului Izvor \u00eentr-un loc de distrac\u021bie, a\u0219a cum \u00ee\u0219i doresc organizatorii festivalurilor Untold \u0219i Neversea care au cerut concesionarea acestuia?","robots":{"index":"index","follow":"follow","max-snippet":"max-snippet:-1","max-image-preview":"max-image-preview:large","max-video-preview":"max-video-preview:-1"},"canonical":"https:\/\/www.green24.ro\/index.php\/2022\/08\/05\/va-fi-concesionat-parcul-izvor-spatiul-verde-a-inceput-deja-sa-fie-distrus-prin-ultimul-concert\/","og_locale":"en_US","og_type":"article","og_title":"Va fi concesionat Parcul Izvor?","og_description":"Este o idee bun\u0103 transformarea Parcului Izvor \u00eentr-un loc de distrac\u021bie, a\u0219a cum \u00ee\u0219i doresc organizatorii festivalurilor Untold \u0219i Neversea care au cerut concesionarea acestuia?","og_url":"https:\/\/www.green24.ro\/index.php\/2022\/08\/05\/va-fi-concesionat-parcul-izvor-spatiul-verde-a-inceput-deja-sa-fie-distrus-prin-ultimul-concert\/","og_site_name":"Green24.ro","article_publisher":"https:\/\/www.facebook.com\/green24ro\/","article_author":"https:\/\/www.facebook.com\/green24ro\/","article_published_time":"2022-08-05T07:32:36+00:00","article_modified_time":"2022-08-11T07:30:40+00:00","og_image":[{"width":960,"height":729,"url":"https:\/\/www.green24.ro\/wp-content\/uploads\/2022\/08\/parc-izvor.webp","type":"image\/webp"}],"author":"Redactia Green24","twitter_card":"summary_large_image","twitter_misc":{"Written by":"Redactia Green24","Est. reading time":"13 minutes"},"schema":{"@context":"https:\/\/schema.org","@graph":[{"@type":"Article","@id":"https:\/\/www.green24.ro\/index.php\/2022\/08\/05\/va-fi-concesionat-parcul-izvor-spatiul-verde-a-inceput-deja-sa-fie-distrus-prin-ultimul-concert\/#article","isPartOf":{"@id":"https:\/\/www.green24.ro\/index.php\/2022\/08\/05\/va-fi-concesionat-parcul-izvor-spatiul-verde-a-inceput-deja-sa-fie-distrus-prin-ultimul-concert\/"},"author":{"name":"Redactia Green24","@id":"https:\/\/www.green24.ro\/#\/schema\/person\/275c7d10a2dd4fb528a2c0ad5d633496"},"headline":"Va fi concesionat Parcul Izvor? \u201dSpa\u021biul verde a \u00eenceput deja s\u0103 fie distrus, prin ultimul concert\u201d","datePublished":"2022-08-05T07:32:36+00:00","dateModified":"2022-08-11T07:30:40+00:00","mainEntityOfPage":{"@id":"https:\/\/www.green24.ro\/index.php\/2022\/08\/05\/va-fi-concesionat-parcul-izvor-spatiul-verde-a-inceput-deja-sa-fie-distrus-prin-ultimul-concert\/"},"wordCount":2669,"commentCount":0,"publisher":{"@id":"https:\/\/www.green24.ro\/#organization"},"image":{"@id":"https:\/\/www.green24.ro\/index.php\/2022\/08\/05\/va-fi-concesionat-parcul-izvor-spatiul-verde-a-inceput-deja-sa-fie-distrus-prin-ultimul-concert\/#primaryimage"},"thumbnailUrl":"https:\/\/www.green24.ro\/wp-content\/uploads\/2022\/08\/parc-izvor.webp","articleSection":["Blog","Company","General","Legislatie","Prime","Slide"],"inLanguage":"en-US","potentialAction":[{"@type":"CommentAction","name":"Comment","target":["https:\/\/www.green24.ro\/index.php\/2022\/08\/05\/va-fi-concesionat-parcul-izvor-spatiul-verde-a-inceput-deja-sa-fie-distrus-prin-ultimul-concert\/#respond"]}]},{"@type":"WebPage","@id":"https:\/\/www.green24.ro\/index.php\/2022\/08\/05\/va-fi-concesionat-parcul-izvor-spatiul-verde-a-inceput-deja-sa-fie-distrus-prin-ultimul-concert\/","url":"https:\/\/www.green24.ro\/index.php\/2022\/08\/05\/va-fi-concesionat-parcul-izvor-spatiul-verde-a-inceput-deja-sa-fie-distrus-prin-ultimul-concert\/","name":"Va fi concesionat Parcul Izvor?","isPartOf":{"@id":"https:\/\/www.green24.ro\/#website"},"primaryImageOfPage":{"@id":"https:\/\/www.green24.ro\/index.php\/2022\/08\/05\/va-fi-concesionat-parcul-izvor-spatiul-verde-a-inceput-deja-sa-fie-distrus-prin-ultimul-concert\/#primaryimage"},"image":{"@id":"https:\/\/www.green24.ro\/index.php\/2022\/08\/05\/va-fi-concesionat-parcul-izvor-spatiul-verde-a-inceput-deja-sa-fie-distrus-prin-ultimul-concert\/#primaryimage"},"thumbnailUrl":"https:\/\/www.green24.ro\/wp-content\/uploads\/2022\/08\/parc-izvor.webp","datePublished":"2022-08-05T07:32:36+00:00","dateModified":"2022-08-11T07:30:40+00:00","description":"Este o idee bun\u0103 transformarea Parcului Izvor \u00eentr-un loc de distrac\u021bie, a\u0219a cum \u00ee\u0219i doresc organizatorii festivalurilor Untold \u0219i Neversea care au cerut concesionarea acestuia?","breadcrumb":{"@id":"https:\/\/www.green24.ro\/index.php\/2022\/08\/05\/va-fi-concesionat-parcul-izvor-spatiul-verde-a-inceput-deja-sa-fie-distrus-prin-ultimul-concert\/#breadcrumb"},"inLanguage":"en-US","potentialAction":[{"@type":"ReadAction","target":["https:\/\/www.green24.ro\/index.php\/2022\/08\/05\/va-fi-concesionat-parcul-izvor-spatiul-verde-a-inceput-deja-sa-fie-distrus-prin-ultimul-concert\/"]}]},{"@type":"ImageObject","inLanguage":"en-US","@id":"https:\/\/www.green24.ro\/index.php\/2022\/08\/05\/va-fi-concesionat-parcul-izvor-spatiul-verde-a-inceput-deja-sa-fie-distrus-prin-ultimul-concert\/#primaryimage","url":"https:\/\/www.green24.ro\/wp-content\/uploads\/2022\/08\/parc-izvor.webp","contentUrl":"https:\/\/www.green24.ro\/wp-content\/uploads\/2022\/08\/parc-izvor.webp","width":960,"height":729,"caption":"Va fi concesionat Parcul Izvor?"},{"@type":"BreadcrumbList","@id":"https:\/\/www.green24.ro\/index.php\/2022\/08\/05\/va-fi-concesionat-parcul-izvor-spatiul-verde-a-inceput-deja-sa-fie-distrus-prin-ultimul-concert\/#breadcrumb","itemListElement":[{"@type":"ListItem","position":1,"name":"Home","item":"https:\/\/www.green24.ro\/"},{"@type":"ListItem","position":2,"name":"Va fi concesionat Parcul Izvor? \u201dSpa\u021biul verde a \u00eenceput deja s\u0103 fie distrus, prin ultimul concert\u201d"}]},{"@type":"WebSite","@id":"https:\/\/www.green24.ro\/#website","url":"https:\/\/www.green24.ro\/","name":"Green24.ro","description":"Antreprenoriat verde si responsabilitatea social\u0103","publisher":{"@id":"https:\/\/www.green24.ro\/#organization"},"potentialAction":[{"@type":"SearchAction","target":{"@type":"EntryPoint","urlTemplate":"https:\/\/www.green24.ro\/?s={search_term_string}"},"query-input":{"@type":"PropertyValueSpecification","valueRequired":true,"valueName":"search_term_string"}}],"inLanguage":"en-US"},{"@type":"Organization","@id":"https:\/\/www.green24.ro\/#organization","name":"Green24","url":"https:\/\/www.green24.ro\/","logo":{"@type":"ImageObject","inLanguage":"en-US","@id":"https:\/\/www.green24.ro\/#\/schema\/logo\/image\/","url":"https:\/\/www.green24.ro\/wp-content\/uploads\/2022\/02\/green24-17-e1643806452346.png","contentUrl":"https:\/\/www.green24.ro\/wp-content\/uploads\/2022\/02\/green24-17-e1643806452346.png","width":174,"height":174,"caption":"Green24"},"image":{"@id":"https:\/\/www.green24.ro\/#\/schema\/logo\/image\/"},"sameAs":["https:\/\/www.facebook.com\/green24ro\/"]},{"@type":"Person","@id":"https:\/\/www.green24.ro\/#\/schema\/person\/275c7d10a2dd4fb528a2c0ad5d633496","name":"Redactia Green24","image":{"@type":"ImageObject","inLanguage":"en-US","@id":"https:\/\/www.green24.ro\/#\/schema\/person\/image\/","url":"https:\/\/secure.gravatar.com\/avatar\/ff0d3a759f98829f7ca35637ba02cb3c?s=96&d=mm&r=g","contentUrl":"https:\/\/secure.gravatar.com\/avatar\/ff0d3a759f98829f7ca35637ba02cb3c?s=96&d=mm&r=g","caption":"Redactia Green24"},"description":"Green24.ro este sursa zilnic\u0103 de \u0219tiri, online, pentru cei interesa\u021bi de mediul \u00eenconjur\u0103tor.","sameAs":["https:\/\/green24.ro","https:\/\/www.facebook.com\/green24ro\/"],"url":"https:\/\/www.green24.ro\/index.php\/author\/admin\/"}]}},"jetpack_publicize_connections":[],"jetpack_featured_media_url":"https:\/\/www.green24.ro\/wp-content\/uploads\/2022\/08\/parc-izvor.webp","jetpack_sharing_enabled":true,"_links":{"self":[{"href":"https:\/\/www.green24.ro\/index.php\/wp-json\/wp\/v2\/posts\/1299","targetHints":{"allow":["GET"]}}],"collection":[{"href":"https:\/\/www.green24.ro\/index.php\/wp-json\/wp\/v2\/posts"}],"about":[{"href":"https:\/\/www.green24.ro\/index.php\/wp-json\/wp\/v2\/types\/post"}],"author":[{"embeddable":true,"href":"https:\/\/www.green24.ro\/index.php\/wp-json\/wp\/v2\/users\/1"}],"replies":[{"embeddable":true,"href":"https:\/\/www.green24.ro\/index.php\/wp-json\/wp\/v2\/comments?post=1299"}],"version-history":[{"count":4,"href":"https:\/\/www.green24.ro\/index.php\/wp-json\/wp\/v2\/posts\/1299\/revisions"}],"predecessor-version":[{"id":1315,"href":"https:\/\/www.green24.ro\/index.php\/wp-json\/wp\/v2\/posts\/1299\/revisions\/1315"}],"wp:featuredmedia":[{"embeddable":true,"href":"https:\/\/www.green24.ro\/index.php\/wp-json\/wp\/v2\/media\/1303"}],"wp:attachment":[{"href":"https:\/\/www.green24.ro\/index.php\/wp-json\/wp\/v2\/media?parent=1299"}],"wp:term":[{"taxonomy":"category","embeddable":true,"href":"https:\/\/www.green24.ro\/index.php\/wp-json\/wp\/v2\/categories?post=1299"},{"taxonomy":"post_tag","embeddable":true,"href":"https:\/\/www.green24.ro\/index.php\/wp-json\/wp\/v2\/tags?post=1299"}],"curies":[{"name":"wp","href":"https:\/\/api.w.org\/{rel}","templated":true}]}}