{"id":1286,"date":"2022-07-28T12:39:45","date_gmt":"2022-07-28T10:39:45","guid":{"rendered":"https:\/\/www.green24.ro\/?p=1286"},"modified":"2022-07-28T12:39:47","modified_gmt":"2022-07-28T10:39:47","slug":"primaria-s2-licitatie-pentru-serviciul-de-salubrizare-se-vrea-aspirarea-strazilor-nu-doar-maturarea","status":"publish","type":"post","link":"https:\/\/www.green24.ro\/index.php\/2022\/07\/28\/primaria-s2-licitatie-pentru-serviciul-de-salubrizare-se-vrea-aspirarea-strazilor-nu-doar-maturarea\/","title":{"rendered":"Prim\u0103ria S2, licita\u021bie pentru serviciul de salubrizare: se vrea aspirarea str\u0103zilor, nu doar m\u0103turarea"},"content":{"rendered":"<p style=\"text-align: justify;\">Prim\u0103ria Sectorului 2 a lansat licita\u021bia deschis\u0103 interna\u021bional\u0103 pentru a concesiona serviciul de salubrizare, la care se pot \u00eenscrie operatori de pe tot teritoriul Uniunii Europene, potrivit edilului Radu Mihaiu.<\/p>\n<p style=\"text-align: justify;\">Serviciul de salubrizare \u00een Sectorul 2 al Capitalei va costa peste dou\u0103 miliarde de lei f\u0103r\u0103 TVA, \u00een urm\u0103torii 8 ani. Prim\u0103ria de sector a lansat zilele trecute\u00a0licita\u0163ia prin care se caut\u0103 un operator de salubritate. Valoarea total\u0103 estimat\u0103 a contractului este de 2.062.651.873 lei.<\/p>\n<p style=\"text-align: justify;\">\u201ePrim\u0103ria Sectorului 2 a beneficiat de servicii de consultan\u021b\u0103 specializat\u0103 din partea Ramboll South East \u2013 Europe \u00een elaborarea documenta\u021biei de atribuire, precum \u0219i de asisten\u021b\u0103 tehnic\u0103 din partea B\u0103ncii Mondiale pe parcursul acestui proces\u201d, se precizeaz\u0103 \u00eentr-un comunicat al institu\u0163iei.<\/p>\n<p style=\"text-align: justify;\">Radu Mihaiu a explicat, \u00eentr-o postare pe Facebook, c\u0103 actualul contract pentru serviciul de salubrizare este vechi de 23 de ani \u0219i asigurarea cur\u0103\u021beniei se face tot cu metodele de acum 23 de ani. Potrivit edilului, operatorul de salubritate are licen\u021ba expirat\u0103 din 2019, iar cur\u0103\u021benia stradal\u0103 se face tot manual, cu m\u0103turi, \u201ede\u0219i suntem \u00een era c\u00e2nd omul poate avea beneficii nelimitate din partea tehnologiei moderne\u201d.<\/p>\n<p style=\"text-align: justify;\">\u201eCu to\u021bii suntem de acord c\u0103 ne dorim mai mult pentru Sectorul 2. M\u0103turatul stradal nu e suficient, trebuie dublat de un sistem mecanizat (aspiratoare) c\u00e2nd vine vorba de cur\u0103\u021benie stradal\u0103 de secol 21. Un serviciu prestat de m\u00e2ntuial\u0103 trebuie \u00eenlocuit cu monitorizarea echipamentelor prin GPS, indicatori de performan\u021b\u0103 de neignorat \u0219i penaliz\u0103ri \u00een caz de nevoie\u201d, a scris Mihaiu.<\/p>\n<p style=\"text-align: justify;\">Odat\u0103 cu implementarea noului contract de salubritate, autoritatea local\u0103 va colecta de\u0219eurile pe cinci frac\u021bii, va cre\u0219te semnificativ m\u0103turatul mecanizat \u0219i sp\u0103latul str\u0103zilor pentru a preveni poluarea cu praf \u0219i va avea o flot\u0103 modern\u0103 de ma\u0219ini care vor ridica de\u0219eurile, potrivit promisiunilor f\u0103cute de primar.<\/p>\n<p style=\"text-align: justify;\">\u201eFoarte important: vom putea merge cu cur\u0103\u021benia chiar \u0219i pe cele mai mici str\u0103du\u021be dintre blocuri, fapt care acum nu este posibil. \u00cen acela\u0219i timp vom monitoriza constant respectarea obliga\u021biilor contractuale de c\u0103tre operator \u0219i de cet\u0103\u021beni pentru c\u0103 \u2013 a\u0219a cum am mai spus \u2013 e responsabilitatea noastr\u0103, a tuturor, s\u0103 avem un sector curat\u201d, a mai scris Mihaiu despre licita\u021bia privind serviciul de salubrizare.<\/p>\n<pre>sursa: greeen-report.ro, foto: Cadu Mello<\/pre>\n","protected":false},"excerpt":{"rendered":"<p>Prim\u0103ria Sectorului 2 a lansat licita\u021bia deschis\u0103 interna\u021bional\u0103 pentru a concesiona serviciul de salubrizare, la care se pot \u00eenscrie operatori de pe tot teritoriul Uniunii Europene, potrivit edilului Radu Mihaiu. Serviciul de salubrizare \u00een Sectorul 2 al Capitalei va costa peste dou\u0103 miliarde de lei f\u0103r\u0103 TVA, \u00een urm\u0103torii 8 [&hellip;]<\/p>\n","protected":false},"author":3,"featured_media":1287,"comment_status":"open","ping_status":"open","sticky":false,"template":"","format":"standard","meta":{"content-type":"","footnotes":"","jetpack_publicize_message":"","jetpack_publicize_feature_enabled":true,"jetpack_social_post_already_shared":true,"jetpack_social_options":{"image_generator_settings":{"template":"highway","default_image_id":0,"font":"","enabled":false},"version":2}},"categories":[5,9,6,10],"tags":[],"class_list":["post-1286","post","type-post","status-publish","format-standard","has-post-thumbnail","hentry","category-blog","category-company","category-prime","category-slide"],"yoast_head":"<!-- This site is optimized with the Yoast SEO plugin v24.9 - https:\/\/yoast.com\/wordpress\/plugins\/seo\/ -->\n<title>Prim\u0103ria S2, licita\u021bie pentru serviciul de salubrizare: se vrea aspirarea str\u0103zilor, nu doar m\u0103turarea - Green24.ro<\/title>\n<meta name=\"description\" content=\"Prim\u0103ria Sectorului 2 a lansat licita\u021bia deschis\u0103 interna\u021bional\u0103 pentru a concesiona serviciul de salubrizare, la care se pot \u00eenscrie operatori de pe tot teritoriul Uniunii Europene, potrivit edilului Radu Mihaiu.\" \/>\n<meta name=\"robots\" content=\"index, follow, max-snippet:-1, max-image-preview:large, max-video-preview:-1\" \/>\n<link rel=\"canonical\" href=\"https:\/\/www.green24.ro\/index.php\/2022\/07\/28\/primaria-s2-licitatie-pentru-serviciul-de-salubrizare-se-vrea-aspirarea-strazilor-nu-doar-maturarea\/\" \/>\n<meta property=\"og:locale\" content=\"en_US\" \/>\n<meta property=\"og:type\" content=\"article\" \/>\n<meta property=\"og:title\" content=\"Prim\u0103ria S2, licita\u021bie pentru serviciul de salubrizare: se vrea aspirarea str\u0103zilor, nu doar m\u0103turarea - Green24.ro\" \/>\n<meta property=\"og:description\" content=\"Prim\u0103ria Sectorului 2 a lansat licita\u021bia deschis\u0103 interna\u021bional\u0103 pentru a concesiona serviciul de salubrizare, la care se pot \u00eenscrie operatori de pe tot teritoriul Uniunii Europene, potrivit edilului Radu Mihaiu.\" \/>\n<meta property=\"og:url\" content=\"https:\/\/www.green24.ro\/index.php\/2022\/07\/28\/primaria-s2-licitatie-pentru-serviciul-de-salubrizare-se-vrea-aspirarea-strazilor-nu-doar-maturarea\/\" \/>\n<meta property=\"og:site_name\" content=\"Green24.ro\" \/>\n<meta property=\"article:publisher\" content=\"https:\/\/www.facebook.com\/green24ro\/\" \/>\n<meta property=\"article:published_time\" content=\"2022-07-28T10:39:45+00:00\" \/>\n<meta property=\"article:modified_time\" content=\"2022-07-28T10:39:47+00:00\" \/>\n<meta property=\"og:image\" content=\"https:\/\/www.green24.ro\/wp-content\/uploads\/2022\/07\/pexels-cadu-mello-8795754.jpeg\" \/>\n\t<meta property=\"og:image:width\" content=\"1280\" \/>\n\t<meta property=\"og:image:height\" content=\"848\" \/>\n\t<meta property=\"og:image:type\" content=\"image\/jpeg\" \/>\n<meta name=\"author\" content=\"Redactia Green24\" \/>\n<meta name=\"twitter:card\" content=\"summary_large_image\" \/>\n<meta name=\"twitter:label1\" content=\"Written by\" \/>\n\t<meta name=\"twitter:data1\" content=\"Redactia Green24\" \/>\n\t<meta name=\"twitter:label2\" content=\"Est. reading time\" \/>\n\t<meta name=\"twitter:data2\" content=\"2 minutes\" \/>\n<script type=\"application\/ld+json\" class=\"yoast-schema-graph\">{\"@context\":\"https:\/\/schema.org\",\"@graph\":[{\"@type\":\"Article\",\"@id\":\"https:\/\/www.green24.ro\/index.php\/2022\/07\/28\/primaria-s2-licitatie-pentru-serviciul-de-salubrizare-se-vrea-aspirarea-strazilor-nu-doar-maturarea\/#article\",\"isPartOf\":{\"@id\":\"https:\/\/www.green24.ro\/index.php\/2022\/07\/28\/primaria-s2-licitatie-pentru-serviciul-de-salubrizare-se-vrea-aspirarea-strazilor-nu-doar-maturarea\/\"},\"author\":{\"name\":\"Redactia Green24\",\"@id\":\"https:\/\/www.green24.ro\/#\/schema\/person\/607a8c12d4548837cb79d52bb2437572\"},\"headline\":\"Prim\u0103ria S2, licita\u021bie pentru serviciul de salubrizare: se vrea aspirarea str\u0103zilor, nu doar m\u0103turarea\",\"datePublished\":\"2022-07-28T10:39:45+00:00\",\"dateModified\":\"2022-07-28T10:39:47+00:00\",\"mainEntityOfPage\":{\"@id\":\"https:\/\/www.green24.ro\/index.php\/2022\/07\/28\/primaria-s2-licitatie-pentru-serviciul-de-salubrizare-se-vrea-aspirarea-strazilor-nu-doar-maturarea\/\"},\"wordCount\":402,\"commentCount\":0,\"publisher\":{\"@id\":\"https:\/\/www.green24.ro\/#organization\"},\"image\":{\"@id\":\"https:\/\/www.green24.ro\/index.php\/2022\/07\/28\/primaria-s2-licitatie-pentru-serviciul-de-salubrizare-se-vrea-aspirarea-strazilor-nu-doar-maturarea\/#primaryimage\"},\"thumbnailUrl\":\"https:\/\/www.green24.ro\/wp-content\/uploads\/2022\/07\/pexels-cadu-mello-8795754.jpeg\",\"articleSection\":[\"Blog\",\"Company\",\"Prime\",\"Slide\"],\"inLanguage\":\"en-US\",\"potentialAction\":[{\"@type\":\"CommentAction\",\"name\":\"Comment\",\"target\":[\"https:\/\/www.green24.ro\/index.php\/2022\/07\/28\/primaria-s2-licitatie-pentru-serviciul-de-salubrizare-se-vrea-aspirarea-strazilor-nu-doar-maturarea\/#respond\"]}]},{\"@type\":\"WebPage\",\"@id\":\"https:\/\/www.green24.ro\/index.php\/2022\/07\/28\/primaria-s2-licitatie-pentru-serviciul-de-salubrizare-se-vrea-aspirarea-strazilor-nu-doar-maturarea\/\",\"url\":\"https:\/\/www.green24.ro\/index.php\/2022\/07\/28\/primaria-s2-licitatie-pentru-serviciul-de-salubrizare-se-vrea-aspirarea-strazilor-nu-doar-maturarea\/\",\"name\":\"Prim\u0103ria S2, licita\u021bie pentru serviciul de salubrizare: se vrea aspirarea str\u0103zilor, nu doar m\u0103turarea - Green24.ro\",\"isPartOf\":{\"@id\":\"https:\/\/www.green24.ro\/#website\"},\"primaryImageOfPage\":{\"@id\":\"https:\/\/www.green24.ro\/index.php\/2022\/07\/28\/primaria-s2-licitatie-pentru-serviciul-de-salubrizare-se-vrea-aspirarea-strazilor-nu-doar-maturarea\/#primaryimage\"},\"image\":{\"@id\":\"https:\/\/www.green24.ro\/index.php\/2022\/07\/28\/primaria-s2-licitatie-pentru-serviciul-de-salubrizare-se-vrea-aspirarea-strazilor-nu-doar-maturarea\/#primaryimage\"},\"thumbnailUrl\":\"https:\/\/www.green24.ro\/wp-content\/uploads\/2022\/07\/pexels-cadu-mello-8795754.jpeg\",\"datePublished\":\"2022-07-28T10:39:45+00:00\",\"dateModified\":\"2022-07-28T10:39:47+00:00\",\"description\":\"Prim\u0103ria Sectorului 2 a lansat licita\u021bia deschis\u0103 interna\u021bional\u0103 pentru a concesiona serviciul de salubrizare, la care se pot \u00eenscrie operatori de pe tot teritoriul Uniunii Europene, potrivit edilului Radu Mihaiu.\",\"breadcrumb\":{\"@id\":\"https:\/\/www.green24.ro\/index.php\/2022\/07\/28\/primaria-s2-licitatie-pentru-serviciul-de-salubrizare-se-vrea-aspirarea-strazilor-nu-doar-maturarea\/#breadcrumb\"},\"inLanguage\":\"en-US\",\"potentialAction\":[{\"@type\":\"ReadAction\",\"target\":[\"https:\/\/www.green24.ro\/index.php\/2022\/07\/28\/primaria-s2-licitatie-pentru-serviciul-de-salubrizare-se-vrea-aspirarea-strazilor-nu-doar-maturarea\/\"]}]},{\"@type\":\"ImageObject\",\"inLanguage\":\"en-US\",\"@id\":\"https:\/\/www.green24.ro\/index.php\/2022\/07\/28\/primaria-s2-licitatie-pentru-serviciul-de-salubrizare-se-vrea-aspirarea-strazilor-nu-doar-maturarea\/#primaryimage\",\"url\":\"https:\/\/www.green24.ro\/wp-content\/uploads\/2022\/07\/pexels-cadu-mello-8795754.jpeg\",\"contentUrl\":\"https:\/\/www.green24.ro\/wp-content\/uploads\/2022\/07\/pexels-cadu-mello-8795754.jpeg\",\"width\":1280,\"height\":848,\"caption\":\"Prim\u0103ria S2, licita\u021bie pentru serviciul de salubrizare\"},{\"@type\":\"BreadcrumbList\",\"@id\":\"https:\/\/www.green24.ro\/index.php\/2022\/07\/28\/primaria-s2-licitatie-pentru-serviciul-de-salubrizare-se-vrea-aspirarea-strazilor-nu-doar-maturarea\/#breadcrumb\",\"itemListElement\":[{\"@type\":\"ListItem\",\"position\":1,\"name\":\"Home\",\"item\":\"https:\/\/www.green24.ro\/\"},{\"@type\":\"ListItem\",\"position\":2,\"name\":\"Prim\u0103ria S2, licita\u021bie pentru serviciul de salubrizare: se vrea aspirarea str\u0103zilor, nu doar m\u0103turarea\"}]},{\"@type\":\"WebSite\",\"@id\":\"https:\/\/www.green24.ro\/#website\",\"url\":\"https:\/\/www.green24.ro\/\",\"name\":\"Green24.ro\",\"description\":\"Antreprenoriat verde si responsabilitatea social\u0103\",\"publisher\":{\"@id\":\"https:\/\/www.green24.ro\/#organization\"},\"potentialAction\":[{\"@type\":\"SearchAction\",\"target\":{\"@type\":\"EntryPoint\",\"urlTemplate\":\"https:\/\/www.green24.ro\/?s={search_term_string}\"},\"query-input\":{\"@type\":\"PropertyValueSpecification\",\"valueRequired\":true,\"valueName\":\"search_term_string\"}}],\"inLanguage\":\"en-US\"},{\"@type\":\"Organization\",\"@id\":\"https:\/\/www.green24.ro\/#organization\",\"name\":\"Green24\",\"url\":\"https:\/\/www.green24.ro\/\",\"logo\":{\"@type\":\"ImageObject\",\"inLanguage\":\"en-US\",\"@id\":\"https:\/\/www.green24.ro\/#\/schema\/logo\/image\/\",\"url\":\"https:\/\/www.green24.ro\/wp-content\/uploads\/2022\/02\/green24-17-e1643806452346.png\",\"contentUrl\":\"https:\/\/www.green24.ro\/wp-content\/uploads\/2022\/02\/green24-17-e1643806452346.png\",\"width\":174,\"height\":174,\"caption\":\"Green24\"},\"image\":{\"@id\":\"https:\/\/www.green24.ro\/#\/schema\/logo\/image\/\"},\"sameAs\":[\"https:\/\/www.facebook.com\/green24ro\/\"]},{\"@type\":\"Person\",\"@id\":\"https:\/\/www.green24.ro\/#\/schema\/person\/607a8c12d4548837cb79d52bb2437572\",\"name\":\"Redactia Green24\",\"image\":{\"@type\":\"ImageObject\",\"inLanguage\":\"en-US\",\"@id\":\"https:\/\/www.green24.ro\/#\/schema\/person\/image\/\",\"url\":\"https:\/\/secure.gravatar.com\/avatar\/c9f4d5614769dc0a9dfdfed961c82ea6?s=96&d=mm&r=g\",\"contentUrl\":\"https:\/\/secure.gravatar.com\/avatar\/c9f4d5614769dc0a9dfdfed961c82ea6?s=96&d=mm&r=g\",\"caption\":\"Redactia Green24\"},\"sameAs\":[\"http:\/\/www.green24.ro\"],\"url\":\"https:\/\/www.green24.ro\/index.php\/author\/green24\/\"}]}<\/script>\n<!-- \/ Yoast SEO plugin. -->","yoast_head_json":{"title":"Prim\u0103ria S2, licita\u021bie pentru serviciul de salubrizare: se vrea aspirarea str\u0103zilor, nu doar m\u0103turarea - Green24.ro","description":"Prim\u0103ria Sectorului 2 a lansat licita\u021bia deschis\u0103 interna\u021bional\u0103 pentru a concesiona serviciul de salubrizare, la care se pot \u00eenscrie operatori de pe tot teritoriul Uniunii Europene, potrivit edilului Radu Mihaiu.","robots":{"index":"index","follow":"follow","max-snippet":"max-snippet:-1","max-image-preview":"max-image-preview:large","max-video-preview":"max-video-preview:-1"},"canonical":"https:\/\/www.green24.ro\/index.php\/2022\/07\/28\/primaria-s2-licitatie-pentru-serviciul-de-salubrizare-se-vrea-aspirarea-strazilor-nu-doar-maturarea\/","og_locale":"en_US","og_type":"article","og_title":"Prim\u0103ria S2, licita\u021bie pentru serviciul de salubrizare: se vrea aspirarea str\u0103zilor, nu doar m\u0103turarea - Green24.ro","og_description":"Prim\u0103ria Sectorului 2 a lansat licita\u021bia deschis\u0103 interna\u021bional\u0103 pentru a concesiona serviciul de salubrizare, la care se pot \u00eenscrie operatori de pe tot teritoriul Uniunii Europene, potrivit edilului Radu Mihaiu.","og_url":"https:\/\/www.green24.ro\/index.php\/2022\/07\/28\/primaria-s2-licitatie-pentru-serviciul-de-salubrizare-se-vrea-aspirarea-strazilor-nu-doar-maturarea\/","og_site_name":"Green24.ro","article_publisher":"https:\/\/www.facebook.com\/green24ro\/","article_published_time":"2022-07-28T10:39:45+00:00","article_modified_time":"2022-07-28T10:39:47+00:00","og_image":[{"width":1280,"height":848,"url":"https:\/\/www.green24.ro\/wp-content\/uploads\/2022\/07\/pexels-cadu-mello-8795754.jpeg","type":"image\/jpeg"}],"author":"Redactia Green24","twitter_card":"summary_large_image","twitter_misc":{"Written by":"Redactia Green24","Est. reading time":"2 minutes"},"schema":{"@context":"https:\/\/schema.org","@graph":[{"@type":"Article","@id":"https:\/\/www.green24.ro\/index.php\/2022\/07\/28\/primaria-s2-licitatie-pentru-serviciul-de-salubrizare-se-vrea-aspirarea-strazilor-nu-doar-maturarea\/#article","isPartOf":{"@id":"https:\/\/www.green24.ro\/index.php\/2022\/07\/28\/primaria-s2-licitatie-pentru-serviciul-de-salubrizare-se-vrea-aspirarea-strazilor-nu-doar-maturarea\/"},"author":{"name":"Redactia Green24","@id":"https:\/\/www.green24.ro\/#\/schema\/person\/607a8c12d4548837cb79d52bb2437572"},"headline":"Prim\u0103ria S2, licita\u021bie pentru serviciul de salubrizare: se vrea aspirarea str\u0103zilor, nu doar m\u0103turarea","datePublished":"2022-07-28T10:39:45+00:00","dateModified":"2022-07-28T10:39:47+00:00","mainEntityOfPage":{"@id":"https:\/\/www.green24.ro\/index.php\/2022\/07\/28\/primaria-s2-licitatie-pentru-serviciul-de-salubrizare-se-vrea-aspirarea-strazilor-nu-doar-maturarea\/"},"wordCount":402,"commentCount":0,"publisher":{"@id":"https:\/\/www.green24.ro\/#organization"},"image":{"@id":"https:\/\/www.green24.ro\/index.php\/2022\/07\/28\/primaria-s2-licitatie-pentru-serviciul-de-salubrizare-se-vrea-aspirarea-strazilor-nu-doar-maturarea\/#primaryimage"},"thumbnailUrl":"https:\/\/www.green24.ro\/wp-content\/uploads\/2022\/07\/pexels-cadu-mello-8795754.jpeg","articleSection":["Blog","Company","Prime","Slide"],"inLanguage":"en-US","potentialAction":[{"@type":"CommentAction","name":"Comment","target":["https:\/\/www.green24.ro\/index.php\/2022\/07\/28\/primaria-s2-licitatie-pentru-serviciul-de-salubrizare-se-vrea-aspirarea-strazilor-nu-doar-maturarea\/#respond"]}]},{"@type":"WebPage","@id":"https:\/\/www.green24.ro\/index.php\/2022\/07\/28\/primaria-s2-licitatie-pentru-serviciul-de-salubrizare-se-vrea-aspirarea-strazilor-nu-doar-maturarea\/","url":"https:\/\/www.green24.ro\/index.php\/2022\/07\/28\/primaria-s2-licitatie-pentru-serviciul-de-salubrizare-se-vrea-aspirarea-strazilor-nu-doar-maturarea\/","name":"Prim\u0103ria S2, licita\u021bie pentru serviciul de salubrizare: se vrea aspirarea str\u0103zilor, nu doar m\u0103turarea - Green24.ro","isPartOf":{"@id":"https:\/\/www.green24.ro\/#website"},"primaryImageOfPage":{"@id":"https:\/\/www.green24.ro\/index.php\/2022\/07\/28\/primaria-s2-licitatie-pentru-serviciul-de-salubrizare-se-vrea-aspirarea-strazilor-nu-doar-maturarea\/#primaryimage"},"image":{"@id":"https:\/\/www.green24.ro\/index.php\/2022\/07\/28\/primaria-s2-licitatie-pentru-serviciul-de-salubrizare-se-vrea-aspirarea-strazilor-nu-doar-maturarea\/#primaryimage"},"thumbnailUrl":"https:\/\/www.green24.ro\/wp-content\/uploads\/2022\/07\/pexels-cadu-mello-8795754.jpeg","datePublished":"2022-07-28T10:39:45+00:00","dateModified":"2022-07-28T10:39:47+00:00","description":"Prim\u0103ria Sectorului 2 a lansat licita\u021bia deschis\u0103 interna\u021bional\u0103 pentru a concesiona serviciul de salubrizare, la care se pot \u00eenscrie operatori de pe tot teritoriul Uniunii Europene, potrivit edilului Radu Mihaiu.","breadcrumb":{"@id":"https:\/\/www.green24.ro\/index.php\/2022\/07\/28\/primaria-s2-licitatie-pentru-serviciul-de-salubrizare-se-vrea-aspirarea-strazilor-nu-doar-maturarea\/#breadcrumb"},"inLanguage":"en-US","potentialAction":[{"@type":"ReadAction","target":["https:\/\/www.green24.ro\/index.php\/2022\/07\/28\/primaria-s2-licitatie-pentru-serviciul-de-salubrizare-se-vrea-aspirarea-strazilor-nu-doar-maturarea\/"]}]},{"@type":"ImageObject","inLanguage":"en-US","@id":"https:\/\/www.green24.ro\/index.php\/2022\/07\/28\/primaria-s2-licitatie-pentru-serviciul-de-salubrizare-se-vrea-aspirarea-strazilor-nu-doar-maturarea\/#primaryimage","url":"https:\/\/www.green24.ro\/wp-content\/uploads\/2022\/07\/pexels-cadu-mello-8795754.jpeg","contentUrl":"https:\/\/www.green24.ro\/wp-content\/uploads\/2022\/07\/pexels-cadu-mello-8795754.jpeg","width":1280,"height":848,"caption":"Prim\u0103ria S2, licita\u021bie pentru serviciul de salubrizare"},{"@type":"BreadcrumbList","@id":"https:\/\/www.green24.ro\/index.php\/2022\/07\/28\/primaria-s2-licitatie-pentru-serviciul-de-salubrizare-se-vrea-aspirarea-strazilor-nu-doar-maturarea\/#breadcrumb","itemListElement":[{"@type":"ListItem","position":1,"name":"Home","item":"https:\/\/www.green24.ro\/"},{"@type":"ListItem","position":2,"name":"Prim\u0103ria S2, licita\u021bie pentru serviciul de salubrizare: se vrea aspirarea str\u0103zilor, nu doar m\u0103turarea"}]},{"@type":"WebSite","@id":"https:\/\/www.green24.ro\/#website","url":"https:\/\/www.green24.ro\/","name":"Green24.ro","description":"Antreprenoriat verde si responsabilitatea social\u0103","publisher":{"@id":"https:\/\/www.green24.ro\/#organization"},"potentialAction":[{"@type":"SearchAction","target":{"@type":"EntryPoint","urlTemplate":"https:\/\/www.green24.ro\/?s={search_term_string}"},"query-input":{"@type":"PropertyValueSpecification","valueRequired":true,"valueName":"search_term_string"}}],"inLanguage":"en-US"},{"@type":"Organization","@id":"https:\/\/www.green24.ro\/#organization","name":"Green24","url":"https:\/\/www.green24.ro\/","logo":{"@type":"ImageObject","inLanguage":"en-US","@id":"https:\/\/www.green24.ro\/#\/schema\/logo\/image\/","url":"https:\/\/www.green24.ro\/wp-content\/uploads\/2022\/02\/green24-17-e1643806452346.png","contentUrl":"https:\/\/www.green24.ro\/wp-content\/uploads\/2022\/02\/green24-17-e1643806452346.png","width":174,"height":174,"caption":"Green24"},"image":{"@id":"https:\/\/www.green24.ro\/#\/schema\/logo\/image\/"},"sameAs":["https:\/\/www.facebook.com\/green24ro\/"]},{"@type":"Person","@id":"https:\/\/www.green24.ro\/#\/schema\/person\/607a8c12d4548837cb79d52bb2437572","name":"Redactia Green24","image":{"@type":"ImageObject","inLanguage":"en-US","@id":"https:\/\/www.green24.ro\/#\/schema\/person\/image\/","url":"https:\/\/secure.gravatar.com\/avatar\/c9f4d5614769dc0a9dfdfed961c82ea6?s=96&d=mm&r=g","contentUrl":"https:\/\/secure.gravatar.com\/avatar\/c9f4d5614769dc0a9dfdfed961c82ea6?s=96&d=mm&r=g","caption":"Redactia Green24"},"sameAs":["http:\/\/www.green24.ro"],"url":"https:\/\/www.green24.ro\/index.php\/author\/green24\/"}]}},"jetpack_publicize_connections":[],"jetpack_featured_media_url":"https:\/\/www.green24.ro\/wp-content\/uploads\/2022\/07\/pexels-cadu-mello-8795754.jpeg","jetpack_sharing_enabled":true,"_links":{"self":[{"href":"https:\/\/www.green24.ro\/index.php\/wp-json\/wp\/v2\/posts\/1286","targetHints":{"allow":["GET"]}}],"collection":[{"href":"https:\/\/www.green24.ro\/index.php\/wp-json\/wp\/v2\/posts"}],"about":[{"href":"https:\/\/www.green24.ro\/index.php\/wp-json\/wp\/v2\/types\/post"}],"author":[{"embeddable":true,"href":"https:\/\/www.green24.ro\/index.php\/wp-json\/wp\/v2\/users\/3"}],"replies":[{"embeddable":true,"href":"https:\/\/www.green24.ro\/index.php\/wp-json\/wp\/v2\/comments?post=1286"}],"version-history":[{"count":1,"href":"https:\/\/www.green24.ro\/index.php\/wp-json\/wp\/v2\/posts\/1286\/revisions"}],"predecessor-version":[{"id":1288,"href":"https:\/\/www.green24.ro\/index.php\/wp-json\/wp\/v2\/posts\/1286\/revisions\/1288"}],"wp:featuredmedia":[{"embeddable":true,"href":"https:\/\/www.green24.ro\/index.php\/wp-json\/wp\/v2\/media\/1287"}],"wp:attachment":[{"href":"https:\/\/www.green24.ro\/index.php\/wp-json\/wp\/v2\/media?parent=1286"}],"wp:term":[{"taxonomy":"category","embeddable":true,"href":"https:\/\/www.green24.ro\/index.php\/wp-json\/wp\/v2\/categories?post=1286"},{"taxonomy":"post_tag","embeddable":true,"href":"https:\/\/www.green24.ro\/index.php\/wp-json\/wp\/v2\/tags?post=1286"}],"curies":[{"name":"wp","href":"https:\/\/api.w.org\/{rel}","templated":true}]}}