{"id":1277,"date":"2022-07-29T12:11:00","date_gmt":"2022-07-29T10:11:00","guid":{"rendered":"https:\/\/www.green24.ro\/?p=1277"},"modified":"2022-07-28T12:17:05","modified_gmt":"2022-07-28T10:17:05","slug":"un-transport-de-cauciucuri-uzate-oprit-sa-intre-in-tara","status":"publish","type":"post","link":"https:\/\/www.green24.ro\/index.php\/2022\/07\/29\/un-transport-de-cauciucuri-uzate-oprit-sa-intre-in-tara\/","title":{"rendered":"Un transport cu peste 23 de tone de cauciucuri uzate, oprit s\u0103 intre \u00een \u021bar\u0103"},"content":{"rendered":"<p style=\"text-align: justify;\"><strong>Poli\u0163i\u015ftii de frontier\u0103 \u0219i angaja\u0163ii G\u0103rzii de Mediu Satu Mare au blocat intrarea \u00een \u0163ar\u0103 a dou\u0103 automarfare \u00eenc\u0103rcate cu de\u015feuri, const\u00e2nd \u00een 23 de tone de anvelope uzate, informeaz\u0103 Inspectoratul Teritorial al Poli\u0163iei de Frontier\u0103 (ITPF) Sighetu Marma\u0163iei.<\/strong><\/p>\n<p style=\"text-align: justify;\">Transportul de de\u0219euri a fost oprit la Punctul de Trecere a Frontierei Petea.<\/p>\n<p style=\"text-align: justify;\">\u201eS-au prezentat pentru efectuarea formalit\u0103\u0163ilor de frontier\u0103, pe sensul de intrare \u00een \u0163ar\u0103, doi cet\u0103\u0163eni rom\u00e2ni, \u00een v\u00e2rst\u0103 de 34, respectiv 52 de ani, conduc\u00e2nd dou\u0103 automarfare \u00eenmatriculate \u00een Rom\u00e2nia. Cei doi \u015foferi transportau, conform documentelor de \u00eenso\u0163ire a m\u0103rfii, cauciucuri uzate, de la o societate comercial\u0103 din Germania cu destina\u0163ia jude\u0163ul Bihor\u201d, se arat\u0103 \u00eentr-un comunicat al ITPF Sighetu Marma\u0163iei, citat de Agerpres.<\/p>\n<p style=\"text-align: justify;\">Deoarece existau suspiciuni cu privire la legalitatea acestui transfer, a fost solicitat sprijin autorizat reprezentan\u0163ilor G\u0103rzii de Mediu Satu Mare, care au stabilit c\u0103 bunurile transportate nu pot intra pe teritoriul Rom\u00e2niei, \u00eentruc\u00e2t nu exist\u0103 documente necesare importului de de\u015feuri.<\/p>\n<p style=\"text-align: justify;\">Autorit\u0103\u0163ile de control nu au permis intrarea pe teritoriul Rom\u00e2niei a bunurilor transportate, fiind \u00eenapoiate pe teritoriul maghiar.<\/p>\n<pre>sursa: AGERPRES<\/pre>\n","protected":false},"excerpt":{"rendered":"<p>Poli\u0163i\u015ftii de frontier\u0103 \u0219i angaja\u0163ii G\u0103rzii de Mediu Satu Mare au blocat intrarea \u00een \u0163ar\u0103 a dou\u0103 automarfare \u00eenc\u0103rcate cu de\u015feuri, const\u00e2nd \u00een 23 de tone de anvelope uzate, informeaz\u0103 Inspectoratul Teritorial al Poli\u0163iei de Frontier\u0103 (ITPF) Sighetu Marma\u0163iei. Transportul de de\u0219euri a fost oprit la Punctul de Trecere a [&hellip;]<\/p>\n","protected":false},"author":3,"featured_media":1278,"comment_status":"open","ping_status":"open","sticky":false,"template":"","format":"standard","meta":{"content-type":"","footnotes":"","jetpack_publicize_message":"","jetpack_publicize_feature_enabled":true,"jetpack_social_post_already_shared":true,"jetpack_social_options":{"image_generator_settings":{"template":"highway","default_image_id":0,"font":"","enabled":false},"version":2}},"categories":[5,6,10],"tags":[],"class_list":["post-1277","post","type-post","status-publish","format-standard","has-post-thumbnail","hentry","category-blog","category-prime","category-slide"],"yoast_head":"<!-- This site is optimized with the Yoast SEO plugin v24.9 - https:\/\/yoast.com\/wordpress\/plugins\/seo\/ -->\n<title>Un transport de cauciucuri uzate, oprit s\u0103 intre \u00een \u021bar\u0103.<\/title>\n<meta name=\"description\" content=\"Poli\u0163i\u015ftii de frontier\u0103 \u0219i angaja\u0163ii G\u0103rzii de Mediu Satu Mare au blocat intrarea \u00een \u0163ar\u0103 a dou\u0103 automarfare \u00eenc\u0103rcate cu de\u015feuri, const\u00e2nd \u00een 23 de tone de anvelope uzate, informeaz\u0103 Inspectoratul Teritorial al Poli\u0163iei de Frontier\u0103 (ITPF) Sighetu Marma\u0163iei.\" \/>\n<meta name=\"robots\" content=\"index, follow, max-snippet:-1, max-image-preview:large, max-video-preview:-1\" \/>\n<link rel=\"canonical\" href=\"https:\/\/www.green24.ro\/index.php\/2022\/07\/29\/un-transport-de-cauciucuri-uzate-oprit-sa-intre-in-tara\/\" \/>\n<meta property=\"og:locale\" content=\"en_US\" \/>\n<meta property=\"og:type\" content=\"article\" \/>\n<meta property=\"og:title\" content=\"Un transport de cauciucuri uzate, oprit s\u0103 intre \u00een \u021bar\u0103.\" \/>\n<meta property=\"og:description\" content=\"Poli\u0163i\u015ftii de frontier\u0103 \u0219i angaja\u0163ii G\u0103rzii de Mediu Satu Mare au blocat intrarea \u00een \u0163ar\u0103 a dou\u0103 automarfare \u00eenc\u0103rcate cu de\u015feuri, const\u00e2nd \u00een 23 de tone de anvelope uzate, informeaz\u0103 Inspectoratul Teritorial al Poli\u0163iei de Frontier\u0103 (ITPF) Sighetu Marma\u0163iei.\" \/>\n<meta property=\"og:url\" content=\"https:\/\/www.green24.ro\/index.php\/2022\/07\/29\/un-transport-de-cauciucuri-uzate-oprit-sa-intre-in-tara\/\" \/>\n<meta property=\"og:site_name\" content=\"Green24.ro\" \/>\n<meta property=\"article:publisher\" content=\"https:\/\/www.facebook.com\/green24ro\/\" \/>\n<meta property=\"article:published_time\" content=\"2022-07-29T10:11:00+00:00\" \/>\n<meta property=\"og:image\" content=\"https:\/\/www.green24.ro\/wp-content\/uploads\/2022\/07\/YTE2Y2RjNjlhNGFjODYyMTI4ZmNlMmZkYWQ0ZGI.thumb_.jpg\" \/>\n\t<meta property=\"og:image:width\" content=\"780\" \/>\n\t<meta property=\"og:image:height\" content=\"440\" \/>\n\t<meta property=\"og:image:type\" content=\"image\/jpeg\" \/>\n<meta name=\"author\" content=\"Redactia Green24\" \/>\n<meta name=\"twitter:card\" content=\"summary_large_image\" \/>\n<meta name=\"twitter:label1\" content=\"Written by\" \/>\n\t<meta name=\"twitter:data1\" content=\"Redactia Green24\" \/>\n\t<meta name=\"twitter:label2\" content=\"Est. reading time\" \/>\n\t<meta name=\"twitter:data2\" content=\"1 minute\" \/>\n<script type=\"application\/ld+json\" class=\"yoast-schema-graph\">{\"@context\":\"https:\/\/schema.org\",\"@graph\":[{\"@type\":\"Article\",\"@id\":\"https:\/\/www.green24.ro\/index.php\/2022\/07\/29\/un-transport-de-cauciucuri-uzate-oprit-sa-intre-in-tara\/#article\",\"isPartOf\":{\"@id\":\"https:\/\/www.green24.ro\/index.php\/2022\/07\/29\/un-transport-de-cauciucuri-uzate-oprit-sa-intre-in-tara\/\"},\"author\":{\"name\":\"Redactia Green24\",\"@id\":\"https:\/\/www.green24.ro\/#\/schema\/person\/607a8c12d4548837cb79d52bb2437572\"},\"headline\":\"Un transport cu peste 23 de tone de cauciucuri uzate, oprit s\u0103 intre \u00een \u021bar\u0103\",\"datePublished\":\"2022-07-29T10:11:00+00:00\",\"mainEntityOfPage\":{\"@id\":\"https:\/\/www.green24.ro\/index.php\/2022\/07\/29\/un-transport-de-cauciucuri-uzate-oprit-sa-intre-in-tara\/\"},\"wordCount\":213,\"commentCount\":0,\"publisher\":{\"@id\":\"https:\/\/www.green24.ro\/#organization\"},\"image\":{\"@id\":\"https:\/\/www.green24.ro\/index.php\/2022\/07\/29\/un-transport-de-cauciucuri-uzate-oprit-sa-intre-in-tara\/#primaryimage\"},\"thumbnailUrl\":\"https:\/\/www.green24.ro\/wp-content\/uploads\/2022\/07\/YTE2Y2RjNjlhNGFjODYyMTI4ZmNlMmZkYWQ0ZGI.thumb_.jpg\",\"articleSection\":[\"Blog\",\"Prime\",\"Slide\"],\"inLanguage\":\"en-US\",\"potentialAction\":[{\"@type\":\"CommentAction\",\"name\":\"Comment\",\"target\":[\"https:\/\/www.green24.ro\/index.php\/2022\/07\/29\/un-transport-de-cauciucuri-uzate-oprit-sa-intre-in-tara\/#respond\"]}]},{\"@type\":\"WebPage\",\"@id\":\"https:\/\/www.green24.ro\/index.php\/2022\/07\/29\/un-transport-de-cauciucuri-uzate-oprit-sa-intre-in-tara\/\",\"url\":\"https:\/\/www.green24.ro\/index.php\/2022\/07\/29\/un-transport-de-cauciucuri-uzate-oprit-sa-intre-in-tara\/\",\"name\":\"Un transport de cauciucuri uzate, oprit s\u0103 intre \u00een \u021bar\u0103.\",\"isPartOf\":{\"@id\":\"https:\/\/www.green24.ro\/#website\"},\"primaryImageOfPage\":{\"@id\":\"https:\/\/www.green24.ro\/index.php\/2022\/07\/29\/un-transport-de-cauciucuri-uzate-oprit-sa-intre-in-tara\/#primaryimage\"},\"image\":{\"@id\":\"https:\/\/www.green24.ro\/index.php\/2022\/07\/29\/un-transport-de-cauciucuri-uzate-oprit-sa-intre-in-tara\/#primaryimage\"},\"thumbnailUrl\":\"https:\/\/www.green24.ro\/wp-content\/uploads\/2022\/07\/YTE2Y2RjNjlhNGFjODYyMTI4ZmNlMmZkYWQ0ZGI.thumb_.jpg\",\"datePublished\":\"2022-07-29T10:11:00+00:00\",\"description\":\"Poli\u0163i\u015ftii de frontier\u0103 \u0219i angaja\u0163ii G\u0103rzii de Mediu Satu Mare au blocat intrarea \u00een \u0163ar\u0103 a dou\u0103 automarfare \u00eenc\u0103rcate cu de\u015feuri, const\u00e2nd \u00een 23 de tone de anvelope uzate, informeaz\u0103 Inspectoratul Teritorial al Poli\u0163iei de Frontier\u0103 (ITPF) Sighetu Marma\u0163iei.\",\"breadcrumb\":{\"@id\":\"https:\/\/www.green24.ro\/index.php\/2022\/07\/29\/un-transport-de-cauciucuri-uzate-oprit-sa-intre-in-tara\/#breadcrumb\"},\"inLanguage\":\"en-US\",\"potentialAction\":[{\"@type\":\"ReadAction\",\"target\":[\"https:\/\/www.green24.ro\/index.php\/2022\/07\/29\/un-transport-de-cauciucuri-uzate-oprit-sa-intre-in-tara\/\"]}]},{\"@type\":\"ImageObject\",\"inLanguage\":\"en-US\",\"@id\":\"https:\/\/www.green24.ro\/index.php\/2022\/07\/29\/un-transport-de-cauciucuri-uzate-oprit-sa-intre-in-tara\/#primaryimage\",\"url\":\"https:\/\/www.green24.ro\/wp-content\/uploads\/2022\/07\/YTE2Y2RjNjlhNGFjODYyMTI4ZmNlMmZkYWQ0ZGI.thumb_.jpg\",\"contentUrl\":\"https:\/\/www.green24.ro\/wp-content\/uploads\/2022\/07\/YTE2Y2RjNjlhNGFjODYyMTI4ZmNlMmZkYWQ0ZGI.thumb_.jpg\",\"width\":780,\"height\":440,\"caption\":\"Un transport cu peste 23 de tone de cauciucuri uzate, oprit s\u0103 intre \u00een \u021bar\u0103\"},{\"@type\":\"BreadcrumbList\",\"@id\":\"https:\/\/www.green24.ro\/index.php\/2022\/07\/29\/un-transport-de-cauciucuri-uzate-oprit-sa-intre-in-tara\/#breadcrumb\",\"itemListElement\":[{\"@type\":\"ListItem\",\"position\":1,\"name\":\"Home\",\"item\":\"https:\/\/www.green24.ro\/\"},{\"@type\":\"ListItem\",\"position\":2,\"name\":\"Un transport cu peste 23 de tone de cauciucuri uzate, oprit s\u0103 intre \u00een \u021bar\u0103\"}]},{\"@type\":\"WebSite\",\"@id\":\"https:\/\/www.green24.ro\/#website\",\"url\":\"https:\/\/www.green24.ro\/\",\"name\":\"Green24.ro\",\"description\":\"Antreprenoriat verde si responsabilitatea social\u0103\",\"publisher\":{\"@id\":\"https:\/\/www.green24.ro\/#organization\"},\"potentialAction\":[{\"@type\":\"SearchAction\",\"target\":{\"@type\":\"EntryPoint\",\"urlTemplate\":\"https:\/\/www.green24.ro\/?s={search_term_string}\"},\"query-input\":{\"@type\":\"PropertyValueSpecification\",\"valueRequired\":true,\"valueName\":\"search_term_string\"}}],\"inLanguage\":\"en-US\"},{\"@type\":\"Organization\",\"@id\":\"https:\/\/www.green24.ro\/#organization\",\"name\":\"Green24\",\"url\":\"https:\/\/www.green24.ro\/\",\"logo\":{\"@type\":\"ImageObject\",\"inLanguage\":\"en-US\",\"@id\":\"https:\/\/www.green24.ro\/#\/schema\/logo\/image\/\",\"url\":\"https:\/\/www.green24.ro\/wp-content\/uploads\/2022\/02\/green24-17-e1643806452346.png\",\"contentUrl\":\"https:\/\/www.green24.ro\/wp-content\/uploads\/2022\/02\/green24-17-e1643806452346.png\",\"width\":174,\"height\":174,\"caption\":\"Green24\"},\"image\":{\"@id\":\"https:\/\/www.green24.ro\/#\/schema\/logo\/image\/\"},\"sameAs\":[\"https:\/\/www.facebook.com\/green24ro\/\"]},{\"@type\":\"Person\",\"@id\":\"https:\/\/www.green24.ro\/#\/schema\/person\/607a8c12d4548837cb79d52bb2437572\",\"name\":\"Redactia Green24\",\"image\":{\"@type\":\"ImageObject\",\"inLanguage\":\"en-US\",\"@id\":\"https:\/\/www.green24.ro\/#\/schema\/person\/image\/\",\"url\":\"https:\/\/secure.gravatar.com\/avatar\/c9f4d5614769dc0a9dfdfed961c82ea6?s=96&d=mm&r=g\",\"contentUrl\":\"https:\/\/secure.gravatar.com\/avatar\/c9f4d5614769dc0a9dfdfed961c82ea6?s=96&d=mm&r=g\",\"caption\":\"Redactia Green24\"},\"sameAs\":[\"http:\/\/www.green24.ro\"],\"url\":\"https:\/\/www.green24.ro\/index.php\/author\/green24\/\"}]}<\/script>\n<!-- \/ Yoast SEO plugin. -->","yoast_head_json":{"title":"Un transport de cauciucuri uzate, oprit s\u0103 intre \u00een \u021bar\u0103.","description":"Poli\u0163i\u015ftii de frontier\u0103 \u0219i angaja\u0163ii G\u0103rzii de Mediu Satu Mare au blocat intrarea \u00een \u0163ar\u0103 a dou\u0103 automarfare \u00eenc\u0103rcate cu de\u015feuri, const\u00e2nd \u00een 23 de tone de anvelope uzate, informeaz\u0103 Inspectoratul Teritorial al Poli\u0163iei de Frontier\u0103 (ITPF) Sighetu Marma\u0163iei.","robots":{"index":"index","follow":"follow","max-snippet":"max-snippet:-1","max-image-preview":"max-image-preview:large","max-video-preview":"max-video-preview:-1"},"canonical":"https:\/\/www.green24.ro\/index.php\/2022\/07\/29\/un-transport-de-cauciucuri-uzate-oprit-sa-intre-in-tara\/","og_locale":"en_US","og_type":"article","og_title":"Un transport de cauciucuri uzate, oprit s\u0103 intre \u00een \u021bar\u0103.","og_description":"Poli\u0163i\u015ftii de frontier\u0103 \u0219i angaja\u0163ii G\u0103rzii de Mediu Satu Mare au blocat intrarea \u00een \u0163ar\u0103 a dou\u0103 automarfare \u00eenc\u0103rcate cu de\u015feuri, const\u00e2nd \u00een 23 de tone de anvelope uzate, informeaz\u0103 Inspectoratul Teritorial al Poli\u0163iei de Frontier\u0103 (ITPF) Sighetu Marma\u0163iei.","og_url":"https:\/\/www.green24.ro\/index.php\/2022\/07\/29\/un-transport-de-cauciucuri-uzate-oprit-sa-intre-in-tara\/","og_site_name":"Green24.ro","article_publisher":"https:\/\/www.facebook.com\/green24ro\/","article_published_time":"2022-07-29T10:11:00+00:00","og_image":[{"width":780,"height":440,"url":"https:\/\/www.green24.ro\/wp-content\/uploads\/2022\/07\/YTE2Y2RjNjlhNGFjODYyMTI4ZmNlMmZkYWQ0ZGI.thumb_.jpg","type":"image\/jpeg"}],"author":"Redactia Green24","twitter_card":"summary_large_image","twitter_misc":{"Written by":"Redactia Green24","Est. reading time":"1 minute"},"schema":{"@context":"https:\/\/schema.org","@graph":[{"@type":"Article","@id":"https:\/\/www.green24.ro\/index.php\/2022\/07\/29\/un-transport-de-cauciucuri-uzate-oprit-sa-intre-in-tara\/#article","isPartOf":{"@id":"https:\/\/www.green24.ro\/index.php\/2022\/07\/29\/un-transport-de-cauciucuri-uzate-oprit-sa-intre-in-tara\/"},"author":{"name":"Redactia Green24","@id":"https:\/\/www.green24.ro\/#\/schema\/person\/607a8c12d4548837cb79d52bb2437572"},"headline":"Un transport cu peste 23 de tone de cauciucuri uzate, oprit s\u0103 intre \u00een \u021bar\u0103","datePublished":"2022-07-29T10:11:00+00:00","mainEntityOfPage":{"@id":"https:\/\/www.green24.ro\/index.php\/2022\/07\/29\/un-transport-de-cauciucuri-uzate-oprit-sa-intre-in-tara\/"},"wordCount":213,"commentCount":0,"publisher":{"@id":"https:\/\/www.green24.ro\/#organization"},"image":{"@id":"https:\/\/www.green24.ro\/index.php\/2022\/07\/29\/un-transport-de-cauciucuri-uzate-oprit-sa-intre-in-tara\/#primaryimage"},"thumbnailUrl":"https:\/\/www.green24.ro\/wp-content\/uploads\/2022\/07\/YTE2Y2RjNjlhNGFjODYyMTI4ZmNlMmZkYWQ0ZGI.thumb_.jpg","articleSection":["Blog","Prime","Slide"],"inLanguage":"en-US","potentialAction":[{"@type":"CommentAction","name":"Comment","target":["https:\/\/www.green24.ro\/index.php\/2022\/07\/29\/un-transport-de-cauciucuri-uzate-oprit-sa-intre-in-tara\/#respond"]}]},{"@type":"WebPage","@id":"https:\/\/www.green24.ro\/index.php\/2022\/07\/29\/un-transport-de-cauciucuri-uzate-oprit-sa-intre-in-tara\/","url":"https:\/\/www.green24.ro\/index.php\/2022\/07\/29\/un-transport-de-cauciucuri-uzate-oprit-sa-intre-in-tara\/","name":"Un transport de cauciucuri uzate, oprit s\u0103 intre \u00een \u021bar\u0103.","isPartOf":{"@id":"https:\/\/www.green24.ro\/#website"},"primaryImageOfPage":{"@id":"https:\/\/www.green24.ro\/index.php\/2022\/07\/29\/un-transport-de-cauciucuri-uzate-oprit-sa-intre-in-tara\/#primaryimage"},"image":{"@id":"https:\/\/www.green24.ro\/index.php\/2022\/07\/29\/un-transport-de-cauciucuri-uzate-oprit-sa-intre-in-tara\/#primaryimage"},"thumbnailUrl":"https:\/\/www.green24.ro\/wp-content\/uploads\/2022\/07\/YTE2Y2RjNjlhNGFjODYyMTI4ZmNlMmZkYWQ0ZGI.thumb_.jpg","datePublished":"2022-07-29T10:11:00+00:00","description":"Poli\u0163i\u015ftii de frontier\u0103 \u0219i angaja\u0163ii G\u0103rzii de Mediu Satu Mare au blocat intrarea \u00een \u0163ar\u0103 a dou\u0103 automarfare \u00eenc\u0103rcate cu de\u015feuri, const\u00e2nd \u00een 23 de tone de anvelope uzate, informeaz\u0103 Inspectoratul Teritorial al Poli\u0163iei de Frontier\u0103 (ITPF) Sighetu Marma\u0163iei.","breadcrumb":{"@id":"https:\/\/www.green24.ro\/index.php\/2022\/07\/29\/un-transport-de-cauciucuri-uzate-oprit-sa-intre-in-tara\/#breadcrumb"},"inLanguage":"en-US","potentialAction":[{"@type":"ReadAction","target":["https:\/\/www.green24.ro\/index.php\/2022\/07\/29\/un-transport-de-cauciucuri-uzate-oprit-sa-intre-in-tara\/"]}]},{"@type":"ImageObject","inLanguage":"en-US","@id":"https:\/\/www.green24.ro\/index.php\/2022\/07\/29\/un-transport-de-cauciucuri-uzate-oprit-sa-intre-in-tara\/#primaryimage","url":"https:\/\/www.green24.ro\/wp-content\/uploads\/2022\/07\/YTE2Y2RjNjlhNGFjODYyMTI4ZmNlMmZkYWQ0ZGI.thumb_.jpg","contentUrl":"https:\/\/www.green24.ro\/wp-content\/uploads\/2022\/07\/YTE2Y2RjNjlhNGFjODYyMTI4ZmNlMmZkYWQ0ZGI.thumb_.jpg","width":780,"height":440,"caption":"Un transport cu peste 23 de tone de cauciucuri uzate, oprit s\u0103 intre \u00een \u021bar\u0103"},{"@type":"BreadcrumbList","@id":"https:\/\/www.green24.ro\/index.php\/2022\/07\/29\/un-transport-de-cauciucuri-uzate-oprit-sa-intre-in-tara\/#breadcrumb","itemListElement":[{"@type":"ListItem","position":1,"name":"Home","item":"https:\/\/www.green24.ro\/"},{"@type":"ListItem","position":2,"name":"Un transport cu peste 23 de tone de cauciucuri uzate, oprit s\u0103 intre \u00een \u021bar\u0103"}]},{"@type":"WebSite","@id":"https:\/\/www.green24.ro\/#website","url":"https:\/\/www.green24.ro\/","name":"Green24.ro","description":"Antreprenoriat verde si responsabilitatea social\u0103","publisher":{"@id":"https:\/\/www.green24.ro\/#organization"},"potentialAction":[{"@type":"SearchAction","target":{"@type":"EntryPoint","urlTemplate":"https:\/\/www.green24.ro\/?s={search_term_string}"},"query-input":{"@type":"PropertyValueSpecification","valueRequired":true,"valueName":"search_term_string"}}],"inLanguage":"en-US"},{"@type":"Organization","@id":"https:\/\/www.green24.ro\/#organization","name":"Green24","url":"https:\/\/www.green24.ro\/","logo":{"@type":"ImageObject","inLanguage":"en-US","@id":"https:\/\/www.green24.ro\/#\/schema\/logo\/image\/","url":"https:\/\/www.green24.ro\/wp-content\/uploads\/2022\/02\/green24-17-e1643806452346.png","contentUrl":"https:\/\/www.green24.ro\/wp-content\/uploads\/2022\/02\/green24-17-e1643806452346.png","width":174,"height":174,"caption":"Green24"},"image":{"@id":"https:\/\/www.green24.ro\/#\/schema\/logo\/image\/"},"sameAs":["https:\/\/www.facebook.com\/green24ro\/"]},{"@type":"Person","@id":"https:\/\/www.green24.ro\/#\/schema\/person\/607a8c12d4548837cb79d52bb2437572","name":"Redactia Green24","image":{"@type":"ImageObject","inLanguage":"en-US","@id":"https:\/\/www.green24.ro\/#\/schema\/person\/image\/","url":"https:\/\/secure.gravatar.com\/avatar\/c9f4d5614769dc0a9dfdfed961c82ea6?s=96&d=mm&r=g","contentUrl":"https:\/\/secure.gravatar.com\/avatar\/c9f4d5614769dc0a9dfdfed961c82ea6?s=96&d=mm&r=g","caption":"Redactia Green24"},"sameAs":["http:\/\/www.green24.ro"],"url":"https:\/\/www.green24.ro\/index.php\/author\/green24\/"}]}},"jetpack_publicize_connections":[],"jetpack_featured_media_url":"https:\/\/www.green24.ro\/wp-content\/uploads\/2022\/07\/YTE2Y2RjNjlhNGFjODYyMTI4ZmNlMmZkYWQ0ZGI.thumb_.jpg","jetpack_sharing_enabled":true,"_links":{"self":[{"href":"https:\/\/www.green24.ro\/index.php\/wp-json\/wp\/v2\/posts\/1277","targetHints":{"allow":["GET"]}}],"collection":[{"href":"https:\/\/www.green24.ro\/index.php\/wp-json\/wp\/v2\/posts"}],"about":[{"href":"https:\/\/www.green24.ro\/index.php\/wp-json\/wp\/v2\/types\/post"}],"author":[{"embeddable":true,"href":"https:\/\/www.green24.ro\/index.php\/wp-json\/wp\/v2\/users\/3"}],"replies":[{"embeddable":true,"href":"https:\/\/www.green24.ro\/index.php\/wp-json\/wp\/v2\/comments?post=1277"}],"version-history":[{"count":1,"href":"https:\/\/www.green24.ro\/index.php\/wp-json\/wp\/v2\/posts\/1277\/revisions"}],"predecessor-version":[{"id":1279,"href":"https:\/\/www.green24.ro\/index.php\/wp-json\/wp\/v2\/posts\/1277\/revisions\/1279"}],"wp:featuredmedia":[{"embeddable":true,"href":"https:\/\/www.green24.ro\/index.php\/wp-json\/wp\/v2\/media\/1278"}],"wp:attachment":[{"href":"https:\/\/www.green24.ro\/index.php\/wp-json\/wp\/v2\/media?parent=1277"}],"wp:term":[{"taxonomy":"category","embeddable":true,"href":"https:\/\/www.green24.ro\/index.php\/wp-json\/wp\/v2\/categories?post=1277"},{"taxonomy":"post_tag","embeddable":true,"href":"https:\/\/www.green24.ro\/index.php\/wp-json\/wp\/v2\/tags?post=1277"}],"curies":[{"name":"wp","href":"https:\/\/api.w.org\/{rel}","templated":true}]}}