{"id":1274,"date":"2022-07-28T11:03:00","date_gmt":"2022-07-28T09:03:00","guid":{"rendered":"https:\/\/www.green24.ro\/?p=1274"},"modified":"2022-07-26T11:50:11","modified_gmt":"2022-07-26T09:50:11","slug":"seceta-tanczos-barna-canicula-ministrul-mediului-incendii-vedetatie","status":"publish","type":"post","link":"https:\/\/www.green24.ro\/index.php\/2022\/07\/28\/seceta-tanczos-barna-canicula-ministrul-mediului-incendii-vedetatie\/","title":{"rendered":"Tanczos Barna avertizeaz\u0103 c\u0103 riscul incendiilor de p\u0103dure este extrem de crescut: Fac apel la sporirea num\u0103rului de patrule Romsilva"},"content":{"rendered":"<p style=\"text-align: justify;\"><strong>Riscul incendiilor de p\u0103dure este unul extrem de crescut \u00een aceast\u0103 perioad\u0103, a avertizat, joi, Tanczos Barna. &#8220;Fac apel la monitorizare atent\u0103 \u015fi la sporirea num\u0103rului de patrule formate din personalul silvic din cadrul RNP &#8211; Romsilva&#8221;, a transmis ministrul Mediului.\u00a0<\/strong><\/p>\n<p style=\"text-align: justify;\">Potrivit unui comunicat de pres\u0103, ministrul Mediului, Apelor \u015fi P\u0103durilor a convocat, joi diminea\u0163a, Comitetul Ministerial pentru Situa\u0163ii de Urgen\u0163\u0103 (CMSU), constituit la nivelul MMAP, ca urmare a avertiz\u0103rilor meteorologice transmise de Administra\u0163ia Na\u0163ional\u0103 de Meteorologie (ANM), dar \u015fi a prognozelor hidrometeorologice realizate de Institutul Na\u0163ional de Hidrologie \u015fi Gospod\u0103rire a Apelor (INHGA).<\/p>\n<p style=\"text-align: justify;\">\u00cen cadrul \u015fedin\u0163ei s-a discutat despre situa\u0163ia hidrometeorologic\u0103 actual\u0103, prognozele pentru urm\u0103toarele zile, stadiul \u015fi evolu\u0163ia rezervelor de ap\u0103 la nivelul lacurilor de acumulare, precum \u015fi despre riscul apari\u0163iei unor incendii de p\u0103dure.<\/p>\n<p style=\"text-align: justify;\">&#8220;Fac apel la monitorizare atent\u0103 \u015fi la sporirea num\u0103rului de patrule formate din personalul silvic din cadrul RNP &#8211; Romsilva. De asemenea, solicit transmiterea c\u0103tre prefecturi a unei inform\u0103ri cu privire la situa\u0163ia hidrometeorologic\u0103 \u015fi prognozele actuale, informare care s\u0103 ajung\u0103 \u015fi la prim\u0103rii \u00een vederea mobiliz\u0103rii \u015fi a monitoriz\u0103rii atente a pericolului de incendii \u00een zona fondului forestier \u015fi la limita cu suprafe\u0163ele agricole. Riscul incendiilor de p\u0103dure este unul extrem de crescut \u00een aceast\u0103 perioad\u0103, de aceea avem nevoie de o supraveghere atent\u0103 a zonelor cu risc de apari\u0163ie a unor astfel de fenomene. De asemenea, am solicitat reprezentan\u0163ilor institu\u0163iilor subordonate \u00eentocmirea unei liste cu zonele vulnerabile din \u0163ar\u0103, care pot fi afectate de valul de temperaturi crescute care este prognozat. Toate institu\u0163iile noastre sunt \u00een alert\u0103, monitoriz\u0103m permanent situa\u0163ia din teren pentru a putea interveni dac\u0103 situa\u0163ia o va impune. Recomand autorit\u0103\u0163ilor locale \u015fi popula\u0163iei s\u0103 respecte indica\u0163iile IGSU \u015fi IJSU&#8221;, a declarat Barna Tanczos, citat de Agerpres.<\/p>\n<p style=\"text-align: justify;\">La \u015fedin\u0163a CMSU au participat reprezentan\u0163i ai Administra\u0163iei Na\u0163ionale de Meteorologie (ANM), INHGA, Administra\u0163iei Na\u0163ionale Apele Rom\u00e2ne (ANAR), G\u0103rzii Na\u0163ionale de Mediu (GNM), g\u0103rzilor forestiere, RNP &#8211; Romsilva, Inspectoratului General pentru Situa\u0163ii de Urgen\u0163\u0103 (IGSU).<\/p>\n<p style=\"text-align: justify;\">Potrivit ANM, valul de c\u0103ldur\u0103 va persista \u015fi se va intensifica treptat \u00een toate regiunile<\/p>\n<p style=\"text-align: justify;\">&#8220;\u00cen \u0163ar\u0103 vremea va fi c\u0103lduroas\u0103 \u00een majoritatea zonelor \u015fi va deveni canicular\u0103 \u00een vest \u015fi \u00een sud-vest, unde disconfortul termic va fi ridicat, iar indicele temperatur\u0103-umezeal\u0103 (ITU) va atinge local pragul critic de 80 de unit\u0103\u0163i. Temperaturile maxime se vor \u00eencadra, \u00een general, \u00eentre 28 \u015fi 38 de grade, iar cele minime \u00eentre 11 \u015fi 23 de grade, mai sc\u0103zute \u00een depresiunile din estul Transilvaniei, spre 6 grade. Cerul va fi variabil spre senin, trec\u0103tor cu unele \u00eennor\u0103ri dup\u0103-amiaza \u00een sud-sud-est, dar probabilitatea de ploaie va fi redus\u0103. V\u00e2ntul va sufla slab \u015fi moderat, cu unele intensific\u0103ri pe crestele montane, precum \u015fi \u00een jum\u0103tatea de est a teritoriului \u015fi doar pe alocuri \u00een rest. Pe parcursul zilelor de vineri \u015fi s\u00e2mb\u0103t\u0103 (22 \u015fi 23 iulie), la nivel na\u0163ional, \u00een zonele aflate sub inciden\u0163a codului portocaliu, se vor \u00eenregistra valori termice de 38 &#8211; 40 de grade, iar noaptea nu vor cobor\u00ee sub 20 &#8211; 22 de grade&#8221;, a men\u0163ionat, \u00een interven\u0163ia sa, Elena Mateescu, director general al Administra\u0163iei Na\u0163ionale de Meteorologie.<\/p>\n<p style=\"text-align: justify;\">Sorin R\u00eenda\u015fu, director al Departamentului Situa\u0163ii de Urgen\u0163\u0103 din cadrul Administra\u0163iei Na\u0163ionale Apele Rom\u00e2ne, a precizat, la r\u00e2ndul s\u0103u, c\u0103 \u00een prezent gradul de umplere \u00een lacuri este 76,9%, \u00een u\u015foar\u0103 sc\u0103dere fa\u0163\u0103 de miercuri, c\u00e2nd era de 77,3%.<\/p>\n<p style=\"text-align: justify;\">&#8220;Ne men\u0163inem \u00eens\u0103 \u00een limitele programului de exploatare stabilit la \u00eenceputul lunii \u015fi nu estim\u0103m probleme pentru perioada imediat urm\u0103toare din perspectiva resurselor de ap\u0103. \u00cen afara listei extinse de acumul\u0103ri, monitoriz\u0103m dou\u0103 zone \u00een special, Vaslui, unde \u00een acumularea Sole\u015fti avem acumulate 4 milioane mc de ap\u0103 la un consum zilnic de 60 l\/s, \u015fi \u00een acumularea Ighi\u015f, unde se men\u0163ine un volum constant de 1,5 milioane metri cubi. Avem lacuri mici \u00een zona Moldovei care la aceast\u0103 or\u0103 au un grad de umplere de 20-30%, \u00eens\u0103 acestea nu au un rol semnificativ \u00een alimentarea cu ap\u0103. Pot ap\u0103rea poten\u0163iale probleme \u00een acumul\u0103rile mici piscicole unde avem un debit mic de ap\u0103, de exemplu \u00een zona Covasna. ANAR monitorizeaz\u0103 \u015fi gestioneaz\u0103 volumele de ap\u0103 din principalele lacuri de acumulare, astfel \u00eenc\u00e2t acestea asigur\u0103 la aceast\u0103 or\u0103 necesarul de ap\u0103 brut\u0103 pentru to\u0163i beneficiarii care se alimenteaz\u0103 \u00een regim centralizat din sursa de ap\u0103 de suprafa\u0163\u0103&#8221;, a spus R\u00eenda\u015fu.<\/p>\n<p style=\"text-align: justify;\">Potrivit INHGA, debitele au fost, \u00een general, sta\u0163ionare, except\u00e2nd cursurile inferioare ale Some\u015fului \u015fi Mure\u015fului, unde au fost \u00een sc\u0103dere u\u015foar\u0103. Debitele medii zilnice se situeaz\u0103 la valori sub mediile multianuale lunare, cu coeficien\u0163i mai mici de 30%, mai mari (\u00eentre 30-60%) pe r\u00e2urile din bazinele hidrografice: Vi\u015feu, Bega, B\u00e2rzava, Jiu (cu excep\u0163ia bazinului hidrografic Amaradia), Ialomi\u0163a, bazinul superior al Mure\u015fului, bazinele inferioare ale Vedei \u015fi Arge\u015fului, cursurile superioare ale Trotu\u015fului \u015fi Buz\u0103ului, cursul superior \u015fi mijlociu al Bistri\u0163ei \u015fi pe unele r\u00e2uri din Dobrogea.<\/p>\n<p style=\"text-align: justify;\">&#8220;Totodat\u0103, nivelurile pe r\u00e2uri la sta\u0163iile hidrometrice se vor situa sub cotele de aten\u0163ie. Debitele r\u00e2urilor vor fi \u00een general sta\u0163ionare \u00een urm\u0103toarele 24 de ore, conform buletinului hidrologic informativ elaborat de speciali\u015ftii no\u015ftri de la Centrul Na\u0163ional de Prognoze Hidrologice. \u00cen ceea ce prive\u015fte debitul Dun\u0103rii la intrarea \u00een \u0163ar\u0103 (sec\u0163iunea Bazia\u015f), acesta va fi \u00een sc\u0103dere, av\u00e2nd valoarea de 2200 m3\/s, sub media multianual\u0103 a lunii iulie (5350 metri cubi\/secund\u0103). \u00cen aval de Por\u0163ile de Fier debitele vor fi, de asemenea, \u00een sc\u0103dere. \u00cen acest moment, pentru Centrala Nuclear\u0103 (CNE) Cernavod\u0103 exist\u0103 o rezerv\u0103 de nivel de circa 69 (cm) suficient\u0103 pentru func\u0163ionarea CNE&#8221;, a afirmat Nicolae B\u0103rbieru, directorul INHGA.<\/p>\n<pre>sursa: <a href=\"https:\/\/www.digi24.ro\/stiri\/actualitate\/tanczos-barna-avertizeaza-ca-riscul-incendiilor-de-padure-este-extrem-de-crescut-fac-apel-la-sporirea-numarului-de-patrule-romsilva-2020599\">DIGI24,<\/a> <a href=\"https:\/\/www.pexels.com\/photo\/forest-on-fire-51951\/\">foto<\/a><\/pre>\n","protected":false},"excerpt":{"rendered":"<p>Riscul incendiilor de p\u0103dure este unul extrem de crescut \u00een aceast\u0103 perioad\u0103, a avertizat, joi, Tanczos Barna. &#8220;Fac apel la monitorizare atent\u0103 \u015fi la sporirea num\u0103rului de patrule formate din personalul silvic din cadrul RNP &#8211; Romsilva&#8221;, a transmis ministrul Mediului.\u00a0 Potrivit unui comunicat de pres\u0103, ministrul Mediului, Apelor \u015fi [&hellip;]<\/p>\n","protected":false},"author":3,"featured_media":1275,"comment_status":"open","ping_status":"open","sticky":false,"template":"","format":"standard","meta":{"content-type":"","footnotes":"","jetpack_publicize_message":"","jetpack_publicize_feature_enabled":true,"jetpack_social_post_already_shared":true,"jetpack_social_options":{"image_generator_settings":{"template":"highway","default_image_id":0,"font":"","enabled":false},"version":2}},"categories":[5,1,6,10],"tags":[],"class_list":["post-1274","post","type-post","status-publish","format-standard","has-post-thumbnail","hentry","category-blog","category-general","category-prime","category-slide"],"yoast_head":"<!-- This site is optimized with the Yoast SEO plugin v24.9 - https:\/\/yoast.com\/wordpress\/plugins\/seo\/ -->\n<title>Tanczos Barna avertizeaz\u0103 c\u0103 riscul incendiilor de p\u0103dure este extrem de crescut: Fac apel la sporirea num\u0103rului de patrule Romsilva - Green24.ro<\/title>\n<meta name=\"description\" content=\"Riscul incendiilor de p\u0103dure este unul extrem de crescut \u00een aceast\u0103 perioad\u0103, a avertizat, joi, Tanczos Barna. &quot;Fac apel la monitorizare atent\u0103 \u015fi la sporirea num\u0103rului de patrule formate din personalul silvic din cadrul RNP - Romsilva&quot;, a transmis ministrul Mediului.\u00a0\" \/>\n<meta name=\"robots\" content=\"index, follow, max-snippet:-1, max-image-preview:large, max-video-preview:-1\" \/>\n<link rel=\"canonical\" href=\"https:\/\/www.green24.ro\/index.php\/2022\/07\/28\/seceta-tanczos-barna-canicula-ministrul-mediului-incendii-vedetatie\/\" \/>\n<meta property=\"og:locale\" content=\"en_US\" \/>\n<meta property=\"og:type\" content=\"article\" \/>\n<meta property=\"og:title\" content=\"Tanczos Barna avertizeaz\u0103 c\u0103 riscul incendiilor de p\u0103dure este extrem de crescut: Fac apel la sporirea num\u0103rului de patrule Romsilva - Green24.ro\" \/>\n<meta property=\"og:description\" content=\"Riscul incendiilor de p\u0103dure este unul extrem de crescut \u00een aceast\u0103 perioad\u0103, a avertizat, joi, Tanczos Barna. &quot;Fac apel la monitorizare atent\u0103 \u015fi la sporirea num\u0103rului de patrule formate din personalul silvic din cadrul RNP - Romsilva&quot;, a transmis ministrul Mediului.\u00a0\" \/>\n<meta property=\"og:url\" content=\"https:\/\/www.green24.ro\/index.php\/2022\/07\/28\/seceta-tanczos-barna-canicula-ministrul-mediului-incendii-vedetatie\/\" \/>\n<meta property=\"og:site_name\" content=\"Green24.ro\" \/>\n<meta property=\"article:publisher\" content=\"https:\/\/www.facebook.com\/green24ro\/\" \/>\n<meta property=\"article:published_time\" content=\"2022-07-28T09:03:00+00:00\" \/>\n<meta property=\"og:image\" content=\"https:\/\/www.green24.ro\/wp-content\/uploads\/2022\/07\/pexels-pixabay-51951.jpeg\" \/>\n\t<meta property=\"og:image:width\" content=\"1280\" \/>\n\t<meta property=\"og:image:height\" content=\"836\" \/>\n\t<meta property=\"og:image:type\" content=\"image\/jpeg\" \/>\n<meta name=\"author\" content=\"Redactia Green24\" \/>\n<meta name=\"twitter:card\" content=\"summary_large_image\" \/>\n<meta name=\"twitter:label1\" content=\"Written by\" \/>\n\t<meta name=\"twitter:data1\" content=\"Redactia Green24\" \/>\n\t<meta name=\"twitter:label2\" content=\"Est. reading time\" \/>\n\t<meta name=\"twitter:data2\" content=\"5 minutes\" \/>\n<script type=\"application\/ld+json\" class=\"yoast-schema-graph\">{\"@context\":\"https:\/\/schema.org\",\"@graph\":[{\"@type\":\"Article\",\"@id\":\"https:\/\/www.green24.ro\/index.php\/2022\/07\/28\/seceta-tanczos-barna-canicula-ministrul-mediului-incendii-vedetatie\/#article\",\"isPartOf\":{\"@id\":\"https:\/\/www.green24.ro\/index.php\/2022\/07\/28\/seceta-tanczos-barna-canicula-ministrul-mediului-incendii-vedetatie\/\"},\"author\":{\"name\":\"Redactia Green24\",\"@id\":\"https:\/\/www.green24.ro\/#\/schema\/person\/607a8c12d4548837cb79d52bb2437572\"},\"headline\":\"Tanczos Barna avertizeaz\u0103 c\u0103 riscul incendiilor de p\u0103dure este extrem de crescut: Fac apel la sporirea num\u0103rului de patrule Romsilva\",\"datePublished\":\"2022-07-28T09:03:00+00:00\",\"mainEntityOfPage\":{\"@id\":\"https:\/\/www.green24.ro\/index.php\/2022\/07\/28\/seceta-tanczos-barna-canicula-ministrul-mediului-incendii-vedetatie\/\"},\"wordCount\":1034,\"commentCount\":0,\"publisher\":{\"@id\":\"https:\/\/www.green24.ro\/#organization\"},\"image\":{\"@id\":\"https:\/\/www.green24.ro\/index.php\/2022\/07\/28\/seceta-tanczos-barna-canicula-ministrul-mediului-incendii-vedetatie\/#primaryimage\"},\"thumbnailUrl\":\"https:\/\/www.green24.ro\/wp-content\/uploads\/2022\/07\/pexels-pixabay-51951.jpeg\",\"articleSection\":[\"Blog\",\"General\",\"Prime\",\"Slide\"],\"inLanguage\":\"en-US\",\"potentialAction\":[{\"@type\":\"CommentAction\",\"name\":\"Comment\",\"target\":[\"https:\/\/www.green24.ro\/index.php\/2022\/07\/28\/seceta-tanczos-barna-canicula-ministrul-mediului-incendii-vedetatie\/#respond\"]}]},{\"@type\":\"WebPage\",\"@id\":\"https:\/\/www.green24.ro\/index.php\/2022\/07\/28\/seceta-tanczos-barna-canicula-ministrul-mediului-incendii-vedetatie\/\",\"url\":\"https:\/\/www.green24.ro\/index.php\/2022\/07\/28\/seceta-tanczos-barna-canicula-ministrul-mediului-incendii-vedetatie\/\",\"name\":\"Tanczos Barna avertizeaz\u0103 c\u0103 riscul incendiilor de p\u0103dure este extrem de crescut: Fac apel la sporirea num\u0103rului de patrule Romsilva - Green24.ro\",\"isPartOf\":{\"@id\":\"https:\/\/www.green24.ro\/#website\"},\"primaryImageOfPage\":{\"@id\":\"https:\/\/www.green24.ro\/index.php\/2022\/07\/28\/seceta-tanczos-barna-canicula-ministrul-mediului-incendii-vedetatie\/#primaryimage\"},\"image\":{\"@id\":\"https:\/\/www.green24.ro\/index.php\/2022\/07\/28\/seceta-tanczos-barna-canicula-ministrul-mediului-incendii-vedetatie\/#primaryimage\"},\"thumbnailUrl\":\"https:\/\/www.green24.ro\/wp-content\/uploads\/2022\/07\/pexels-pixabay-51951.jpeg\",\"datePublished\":\"2022-07-28T09:03:00+00:00\",\"description\":\"Riscul incendiilor de p\u0103dure este unul extrem de crescut \u00een aceast\u0103 perioad\u0103, a avertizat, joi, Tanczos Barna. \\\"Fac apel la monitorizare atent\u0103 \u015fi la sporirea num\u0103rului de patrule formate din personalul silvic din cadrul RNP - Romsilva\\\", a transmis ministrul Mediului.\u00a0\",\"breadcrumb\":{\"@id\":\"https:\/\/www.green24.ro\/index.php\/2022\/07\/28\/seceta-tanczos-barna-canicula-ministrul-mediului-incendii-vedetatie\/#breadcrumb\"},\"inLanguage\":\"en-US\",\"potentialAction\":[{\"@type\":\"ReadAction\",\"target\":[\"https:\/\/www.green24.ro\/index.php\/2022\/07\/28\/seceta-tanczos-barna-canicula-ministrul-mediului-incendii-vedetatie\/\"]}]},{\"@type\":\"ImageObject\",\"inLanguage\":\"en-US\",\"@id\":\"https:\/\/www.green24.ro\/index.php\/2022\/07\/28\/seceta-tanczos-barna-canicula-ministrul-mediului-incendii-vedetatie\/#primaryimage\",\"url\":\"https:\/\/www.green24.ro\/wp-content\/uploads\/2022\/07\/pexels-pixabay-51951.jpeg\",\"contentUrl\":\"https:\/\/www.green24.ro\/wp-content\/uploads\/2022\/07\/pexels-pixabay-51951.jpeg\",\"width\":1280,\"height\":836,\"caption\":\"Tanczos Barna avertizeaz\u0103 c\u0103 riscul incendiilor de p\u0103dure este extrem de crescut\"},{\"@type\":\"BreadcrumbList\",\"@id\":\"https:\/\/www.green24.ro\/index.php\/2022\/07\/28\/seceta-tanczos-barna-canicula-ministrul-mediului-incendii-vedetatie\/#breadcrumb\",\"itemListElement\":[{\"@type\":\"ListItem\",\"position\":1,\"name\":\"Home\",\"item\":\"https:\/\/www.green24.ro\/\"},{\"@type\":\"ListItem\",\"position\":2,\"name\":\"Tanczos Barna avertizeaz\u0103 c\u0103 riscul incendiilor de p\u0103dure este extrem de crescut: Fac apel la sporirea num\u0103rului de patrule Romsilva\"}]},{\"@type\":\"WebSite\",\"@id\":\"https:\/\/www.green24.ro\/#website\",\"url\":\"https:\/\/www.green24.ro\/\",\"name\":\"Green24.ro\",\"description\":\"Antreprenoriat verde si responsabilitatea social\u0103\",\"publisher\":{\"@id\":\"https:\/\/www.green24.ro\/#organization\"},\"potentialAction\":[{\"@type\":\"SearchAction\",\"target\":{\"@type\":\"EntryPoint\",\"urlTemplate\":\"https:\/\/www.green24.ro\/?s={search_term_string}\"},\"query-input\":{\"@type\":\"PropertyValueSpecification\",\"valueRequired\":true,\"valueName\":\"search_term_string\"}}],\"inLanguage\":\"en-US\"},{\"@type\":\"Organization\",\"@id\":\"https:\/\/www.green24.ro\/#organization\",\"name\":\"Green24\",\"url\":\"https:\/\/www.green24.ro\/\",\"logo\":{\"@type\":\"ImageObject\",\"inLanguage\":\"en-US\",\"@id\":\"https:\/\/www.green24.ro\/#\/schema\/logo\/image\/\",\"url\":\"https:\/\/www.green24.ro\/wp-content\/uploads\/2022\/02\/green24-17-e1643806452346.png\",\"contentUrl\":\"https:\/\/www.green24.ro\/wp-content\/uploads\/2022\/02\/green24-17-e1643806452346.png\",\"width\":174,\"height\":174,\"caption\":\"Green24\"},\"image\":{\"@id\":\"https:\/\/www.green24.ro\/#\/schema\/logo\/image\/\"},\"sameAs\":[\"https:\/\/www.facebook.com\/green24ro\/\"]},{\"@type\":\"Person\",\"@id\":\"https:\/\/www.green24.ro\/#\/schema\/person\/607a8c12d4548837cb79d52bb2437572\",\"name\":\"Redactia Green24\",\"image\":{\"@type\":\"ImageObject\",\"inLanguage\":\"en-US\",\"@id\":\"https:\/\/www.green24.ro\/#\/schema\/person\/image\/\",\"url\":\"https:\/\/secure.gravatar.com\/avatar\/c9f4d5614769dc0a9dfdfed961c82ea6?s=96&d=mm&r=g\",\"contentUrl\":\"https:\/\/secure.gravatar.com\/avatar\/c9f4d5614769dc0a9dfdfed961c82ea6?s=96&d=mm&r=g\",\"caption\":\"Redactia Green24\"},\"sameAs\":[\"http:\/\/www.green24.ro\"],\"url\":\"https:\/\/www.green24.ro\/index.php\/author\/green24\/\"}]}<\/script>\n<!-- \/ Yoast SEO plugin. -->","yoast_head_json":{"title":"Tanczos Barna avertizeaz\u0103 c\u0103 riscul incendiilor de p\u0103dure este extrem de crescut: Fac apel la sporirea num\u0103rului de patrule Romsilva - Green24.ro","description":"Riscul incendiilor de p\u0103dure este unul extrem de crescut \u00een aceast\u0103 perioad\u0103, a avertizat, joi, Tanczos Barna. \"Fac apel la monitorizare atent\u0103 \u015fi la sporirea num\u0103rului de patrule formate din personalul silvic din cadrul RNP - Romsilva\", a transmis ministrul Mediului.\u00a0","robots":{"index":"index","follow":"follow","max-snippet":"max-snippet:-1","max-image-preview":"max-image-preview:large","max-video-preview":"max-video-preview:-1"},"canonical":"https:\/\/www.green24.ro\/index.php\/2022\/07\/28\/seceta-tanczos-barna-canicula-ministrul-mediului-incendii-vedetatie\/","og_locale":"en_US","og_type":"article","og_title":"Tanczos Barna avertizeaz\u0103 c\u0103 riscul incendiilor de p\u0103dure este extrem de crescut: Fac apel la sporirea num\u0103rului de patrule Romsilva - Green24.ro","og_description":"Riscul incendiilor de p\u0103dure este unul extrem de crescut \u00een aceast\u0103 perioad\u0103, a avertizat, joi, Tanczos Barna. \"Fac apel la monitorizare atent\u0103 \u015fi la sporirea num\u0103rului de patrule formate din personalul silvic din cadrul RNP - Romsilva\", a transmis ministrul Mediului.\u00a0","og_url":"https:\/\/www.green24.ro\/index.php\/2022\/07\/28\/seceta-tanczos-barna-canicula-ministrul-mediului-incendii-vedetatie\/","og_site_name":"Green24.ro","article_publisher":"https:\/\/www.facebook.com\/green24ro\/","article_published_time":"2022-07-28T09:03:00+00:00","og_image":[{"width":1280,"height":836,"url":"https:\/\/www.green24.ro\/wp-content\/uploads\/2022\/07\/pexels-pixabay-51951.jpeg","type":"image\/jpeg"}],"author":"Redactia Green24","twitter_card":"summary_large_image","twitter_misc":{"Written by":"Redactia Green24","Est. reading time":"5 minutes"},"schema":{"@context":"https:\/\/schema.org","@graph":[{"@type":"Article","@id":"https:\/\/www.green24.ro\/index.php\/2022\/07\/28\/seceta-tanczos-barna-canicula-ministrul-mediului-incendii-vedetatie\/#article","isPartOf":{"@id":"https:\/\/www.green24.ro\/index.php\/2022\/07\/28\/seceta-tanczos-barna-canicula-ministrul-mediului-incendii-vedetatie\/"},"author":{"name":"Redactia Green24","@id":"https:\/\/www.green24.ro\/#\/schema\/person\/607a8c12d4548837cb79d52bb2437572"},"headline":"Tanczos Barna avertizeaz\u0103 c\u0103 riscul incendiilor de p\u0103dure este extrem de crescut: Fac apel la sporirea num\u0103rului de patrule Romsilva","datePublished":"2022-07-28T09:03:00+00:00","mainEntityOfPage":{"@id":"https:\/\/www.green24.ro\/index.php\/2022\/07\/28\/seceta-tanczos-barna-canicula-ministrul-mediului-incendii-vedetatie\/"},"wordCount":1034,"commentCount":0,"publisher":{"@id":"https:\/\/www.green24.ro\/#organization"},"image":{"@id":"https:\/\/www.green24.ro\/index.php\/2022\/07\/28\/seceta-tanczos-barna-canicula-ministrul-mediului-incendii-vedetatie\/#primaryimage"},"thumbnailUrl":"https:\/\/www.green24.ro\/wp-content\/uploads\/2022\/07\/pexels-pixabay-51951.jpeg","articleSection":["Blog","General","Prime","Slide"],"inLanguage":"en-US","potentialAction":[{"@type":"CommentAction","name":"Comment","target":["https:\/\/www.green24.ro\/index.php\/2022\/07\/28\/seceta-tanczos-barna-canicula-ministrul-mediului-incendii-vedetatie\/#respond"]}]},{"@type":"WebPage","@id":"https:\/\/www.green24.ro\/index.php\/2022\/07\/28\/seceta-tanczos-barna-canicula-ministrul-mediului-incendii-vedetatie\/","url":"https:\/\/www.green24.ro\/index.php\/2022\/07\/28\/seceta-tanczos-barna-canicula-ministrul-mediului-incendii-vedetatie\/","name":"Tanczos Barna avertizeaz\u0103 c\u0103 riscul incendiilor de p\u0103dure este extrem de crescut: Fac apel la sporirea num\u0103rului de patrule Romsilva - Green24.ro","isPartOf":{"@id":"https:\/\/www.green24.ro\/#website"},"primaryImageOfPage":{"@id":"https:\/\/www.green24.ro\/index.php\/2022\/07\/28\/seceta-tanczos-barna-canicula-ministrul-mediului-incendii-vedetatie\/#primaryimage"},"image":{"@id":"https:\/\/www.green24.ro\/index.php\/2022\/07\/28\/seceta-tanczos-barna-canicula-ministrul-mediului-incendii-vedetatie\/#primaryimage"},"thumbnailUrl":"https:\/\/www.green24.ro\/wp-content\/uploads\/2022\/07\/pexels-pixabay-51951.jpeg","datePublished":"2022-07-28T09:03:00+00:00","description":"Riscul incendiilor de p\u0103dure este unul extrem de crescut \u00een aceast\u0103 perioad\u0103, a avertizat, joi, Tanczos Barna. \"Fac apel la monitorizare atent\u0103 \u015fi la sporirea num\u0103rului de patrule formate din personalul silvic din cadrul RNP - Romsilva\", a transmis ministrul Mediului.\u00a0","breadcrumb":{"@id":"https:\/\/www.green24.ro\/index.php\/2022\/07\/28\/seceta-tanczos-barna-canicula-ministrul-mediului-incendii-vedetatie\/#breadcrumb"},"inLanguage":"en-US","potentialAction":[{"@type":"ReadAction","target":["https:\/\/www.green24.ro\/index.php\/2022\/07\/28\/seceta-tanczos-barna-canicula-ministrul-mediului-incendii-vedetatie\/"]}]},{"@type":"ImageObject","inLanguage":"en-US","@id":"https:\/\/www.green24.ro\/index.php\/2022\/07\/28\/seceta-tanczos-barna-canicula-ministrul-mediului-incendii-vedetatie\/#primaryimage","url":"https:\/\/www.green24.ro\/wp-content\/uploads\/2022\/07\/pexels-pixabay-51951.jpeg","contentUrl":"https:\/\/www.green24.ro\/wp-content\/uploads\/2022\/07\/pexels-pixabay-51951.jpeg","width":1280,"height":836,"caption":"Tanczos Barna avertizeaz\u0103 c\u0103 riscul incendiilor de p\u0103dure este extrem de crescut"},{"@type":"BreadcrumbList","@id":"https:\/\/www.green24.ro\/index.php\/2022\/07\/28\/seceta-tanczos-barna-canicula-ministrul-mediului-incendii-vedetatie\/#breadcrumb","itemListElement":[{"@type":"ListItem","position":1,"name":"Home","item":"https:\/\/www.green24.ro\/"},{"@type":"ListItem","position":2,"name":"Tanczos Barna avertizeaz\u0103 c\u0103 riscul incendiilor de p\u0103dure este extrem de crescut: Fac apel la sporirea num\u0103rului de patrule Romsilva"}]},{"@type":"WebSite","@id":"https:\/\/www.green24.ro\/#website","url":"https:\/\/www.green24.ro\/","name":"Green24.ro","description":"Antreprenoriat verde si responsabilitatea social\u0103","publisher":{"@id":"https:\/\/www.green24.ro\/#organization"},"potentialAction":[{"@type":"SearchAction","target":{"@type":"EntryPoint","urlTemplate":"https:\/\/www.green24.ro\/?s={search_term_string}"},"query-input":{"@type":"PropertyValueSpecification","valueRequired":true,"valueName":"search_term_string"}}],"inLanguage":"en-US"},{"@type":"Organization","@id":"https:\/\/www.green24.ro\/#organization","name":"Green24","url":"https:\/\/www.green24.ro\/","logo":{"@type":"ImageObject","inLanguage":"en-US","@id":"https:\/\/www.green24.ro\/#\/schema\/logo\/image\/","url":"https:\/\/www.green24.ro\/wp-content\/uploads\/2022\/02\/green24-17-e1643806452346.png","contentUrl":"https:\/\/www.green24.ro\/wp-content\/uploads\/2022\/02\/green24-17-e1643806452346.png","width":174,"height":174,"caption":"Green24"},"image":{"@id":"https:\/\/www.green24.ro\/#\/schema\/logo\/image\/"},"sameAs":["https:\/\/www.facebook.com\/green24ro\/"]},{"@type":"Person","@id":"https:\/\/www.green24.ro\/#\/schema\/person\/607a8c12d4548837cb79d52bb2437572","name":"Redactia Green24","image":{"@type":"ImageObject","inLanguage":"en-US","@id":"https:\/\/www.green24.ro\/#\/schema\/person\/image\/","url":"https:\/\/secure.gravatar.com\/avatar\/c9f4d5614769dc0a9dfdfed961c82ea6?s=96&d=mm&r=g","contentUrl":"https:\/\/secure.gravatar.com\/avatar\/c9f4d5614769dc0a9dfdfed961c82ea6?s=96&d=mm&r=g","caption":"Redactia Green24"},"sameAs":["http:\/\/www.green24.ro"],"url":"https:\/\/www.green24.ro\/index.php\/author\/green24\/"}]}},"jetpack_publicize_connections":[],"jetpack_featured_media_url":"https:\/\/www.green24.ro\/wp-content\/uploads\/2022\/07\/pexels-pixabay-51951.jpeg","jetpack_sharing_enabled":true,"_links":{"self":[{"href":"https:\/\/www.green24.ro\/index.php\/wp-json\/wp\/v2\/posts\/1274","targetHints":{"allow":["GET"]}}],"collection":[{"href":"https:\/\/www.green24.ro\/index.php\/wp-json\/wp\/v2\/posts"}],"about":[{"href":"https:\/\/www.green24.ro\/index.php\/wp-json\/wp\/v2\/types\/post"}],"author":[{"embeddable":true,"href":"https:\/\/www.green24.ro\/index.php\/wp-json\/wp\/v2\/users\/3"}],"replies":[{"embeddable":true,"href":"https:\/\/www.green24.ro\/index.php\/wp-json\/wp\/v2\/comments?post=1274"}],"version-history":[{"count":1,"href":"https:\/\/www.green24.ro\/index.php\/wp-json\/wp\/v2\/posts\/1274\/revisions"}],"predecessor-version":[{"id":1276,"href":"https:\/\/www.green24.ro\/index.php\/wp-json\/wp\/v2\/posts\/1274\/revisions\/1276"}],"wp:featuredmedia":[{"embeddable":true,"href":"https:\/\/www.green24.ro\/index.php\/wp-json\/wp\/v2\/media\/1275"}],"wp:attachment":[{"href":"https:\/\/www.green24.ro\/index.php\/wp-json\/wp\/v2\/media?parent=1274"}],"wp:term":[{"taxonomy":"category","embeddable":true,"href":"https:\/\/www.green24.ro\/index.php\/wp-json\/wp\/v2\/categories?post=1274"},{"taxonomy":"post_tag","embeddable":true,"href":"https:\/\/www.green24.ro\/index.php\/wp-json\/wp\/v2\/tags?post=1274"}],"curies":[{"name":"wp","href":"https:\/\/api.w.org\/{rel}","templated":true}]}}