{"id":1259,"date":"2022-07-25T09:02:00","date_gmt":"2022-07-25T07:02:00","guid":{"rendered":"https:\/\/www.green24.ro\/?p=1259"},"modified":"2022-07-22T11:34:59","modified_gmt":"2022-07-22T09:34:59","slug":"dunarea-a-ajuns-la-39-fata-de-media-multianuala-a-lunii-iulie","status":"publish","type":"post","link":"https:\/\/www.green24.ro\/index.php\/2022\/07\/25\/dunarea-a-ajuns-la-39-fata-de-media-multianuala-a-lunii-iulie\/","title":{"rendered":"Dun\u0103rea a ajuns la 39%, fa\u021b\u0103 de media multianual\u0103 a lunii  iulie \/ Situa\u021bia hidrometeorologic\u0103 din prezent \/ M\u0103surile luate de autorit\u0103\u021bi"},"content":{"rendered":"<p style=\"text-align: justify;\">Debitul Dun\u0103rii, la intrarea \u00een \u021bar\u0103 (sec\u021biunea Bazia\u0219), a ajuns la 2.100\u00a0 m3\/s, sub\u00a0 media\u00a0 multianual\u0103 a lunii\u00a0 iulie\u00a0 (5350 m3\/s), ceea ce reprezint\u0103 39% din debitul mediu, se arat\u0103 \u00eentr-o informare realizat\u0103 de Administra\u0163ia Na\u0163ional\u0103 de Meteorologie (ANM) \u0219i Institutul Na\u021bional de Hidrologie \u0219i Gospod\u0103rire a Apelor (INHGA).<\/p>\n<p style=\"text-align: justify;\">\u00cen aval de Por\u021bile de Fier, debitele vor fi, de asemenea, \u00een sc\u0103dere. Nivelul la Cernavod\u0103 este de -98 cm, cu o diferen\u021b\u0103 de 64 cm p\u00e2n\u0103 la Treapta I de restric\u021bii (-162 cm), se precieaz\u0103 \u00een document.<\/p>\n<p style=\"text-align: justify;\">\u00cen privin\u021ba debitelor r\u00e2urilor, acestea vor fi, \u00een general, sta\u021bionare \u00een urm\u0103toarele 24 de ore, except\u00e2nd cursul inferior al Mure\u0219ului, unde vor fi \u00een u\u0219oar\u0103 sc\u0103dere, conform buletinului hidrologic informativ elaborat de speciali\u0219tii de la Centrul Na\u021bional de Prognoze Hidrologice.<\/p>\n<p style=\"text-align: justify;\">\u00cen aceast\u0103 perioad\u0103, debitele medii zilnice se situeaz\u0103 la valori sub mediile multianuale lunare, cu coeficien\u021bi moduli mai mici de 30%.<\/p>\n<p style=\"text-align: justify;\">Administra\u0163ia Na\u0163ional\u0103 de Meteorologie (ANM) actualizeaz\u0103 \u00een permanen\u021b\u0103 informa\u021biile, \u00een func\u0163ie de evolu\u0163ia \u015fi intensitatea fenomenelor meteorologice. \u00cen prezent, sunt \u00een vigoare aten\u021bion\u0103ri meteorologice ce vizeaz\u0103 val de c\u0103ldur\u0103 \u00een intensificare \u0219i disconfort termic accentuat, indicele temperatur\u0103-umezeal\u0103 (ITU) dep\u0103\u0219ind, \u00een general, pragul critic de 80 de unit\u0103\u021bi.<\/p>\n<p><strong>Pentru perioada 22 \u2013 23 iulie<\/strong><\/p>\n<p style=\"text-align: justify;\"><strong>COD GALBEN<\/strong> \u2013 \u00een 23 de jude\u021be (MM, BN, CJ, BH, AR, CS, MS, HD, AB, SB, GJ, VL, AC, DB, PH, BZ, VN, CL, BR, GR, GL, TL, CT \u0219i \u00een Bucure\u0219ti, temperaturile maxime se vor situa \u00eentre 35 \u0219i 37 de grade, cele minime fiind de 18 \u2013 20 de grade.<\/p>\n<p style=\"text-align: justify;\"><strong>COD PORTOCALIU<\/strong> \u2013 \u00cen Banat, Cri\u0219ana, sudul Olteniei, sud-vestul Munteniei, nord-vestul Transilvaniei \u0219i \u00een vestul Maramure\u0219ului (respective jude\u021bele SM, SJ, BH, AR, TM, CS, MH, DJ, OT, TR), dup\u0103-amiaza se vor \u00eenregistra valori termice de 38 \u2013 40 de grade, iar noaptea nu vor cobor\u00ee sub 20 \u2013 22 de grade.<\/p>\n<p><strong>Pentru perioada 24 \u2013 25 iulie<\/strong><\/p>\n<p style=\"text-align: justify;\"><strong>COD GALBEN<\/strong> \u2013 valul de c\u0103ldur\u0103 va persista \u00een regiunile sudice \u0219i sud-estice (CS, GJ, VL, DB, AG, PH, BZ, VN, GL, TL), cu temperaturi maxime \u00eentre 35 \u0219i 37 de grade.<\/p>\n<p style=\"text-align: justify;\">De mar\u021bi (26 iulie), valul de c\u0103ldura se va extinde din nou \u0219i va cuprinde cea mai mare parte a \u021b\u0103rii.<\/p>\n<p style=\"text-align: justify;\"><strong>COD PORTOCALIU<\/strong> \u2013 Duminic\u0103, \u00een Oltenia, Muntenia \u0219i \u00een sud-vestul Dobrogei (MH, GJ, VL, OT, AG, DB, TR, PH, BZ, BR, IL, CL, CT) \u0219i \u00een Bucure\u0219ti, dup\u0103-amiaza, se vor \u00eenregistra valori termice de 38 \u2013 40 de grade, iar noaptea nu vor cobor\u00ee sub 20 \u2013 22 de grade<\/p>\n<p style=\"text-align: justify;\">\u00cen jum\u0103tatea de nord a \u021b\u0103rii, dup\u0103 orele amiezii, local, vor fi manifest\u0103ri specifice instabilit\u0103\u021bii atmosferice.<\/p>\n<p><strong>M\u0103suri luate pentru prevenirea propag\u0103rii incendiilor \u00een p\u0103duri \u015fi planta\u021bii:<\/strong><\/p>\n<p style=\"text-align: justify;\">Intensificarea patrul\u0103rilor la lizierele p\u0103durilor de c\u0103tre personalul de teren al ocoalelor silvice din raza de activitate a fiec\u0103rei g\u0103rzi, cu prec\u0103dere \u00een zonele limitrofe miri\u0219tilor, p\u0103\u015funilor \u015fi f\u00e2ne\u0163elor, \u00een vederea prevenirii propag\u0103rii incendiilor \u00een interiorul p\u0103durii. O aten\u0163ie deosebit\u0103 va fi acordat\u0103 protec\u0163iei la foc a lizierelor p\u0103durilor tinere (planta\u0163iile \u015fi regener\u0103rile naturale din fondul forestier, planta\u0163iile din perimetrele de ameliorare), mai ales acolo unde, \u015fi \u00een anii trecu\u0163i, s-a manifestat fenomenul de incendiere a vegeta\u0163iei uscate \u0219i a miri\u0219tilor. \u00cen plus, pentru a descuraja acest fenomen de incendiere este necesar ca persoanele care dau foc vegeta\u021biei uscate s\u0103 fie identificate \u0219i s\u0103 fie comunicate autorit\u0103\u021bilor competente (Garda de Mediu, Poli\u021bie, APIA) \u00een vederea lu\u0103rii m\u0103surilor legale ce se impun.<\/p>\n<p style=\"text-align: justify;\">Executarea sau \u00eentre\u021binerea unor zone de protec\u0163ie la foc \u00een zonele vulnerabile, prin cur\u0103\u021barea de resturi vegetale a \u0219an\u021burilor de minim sanitar sau, \u00een func\u021bie de posibilit\u0103\u021bi, a unor benzi perimetrale de 6-8 metri l\u0103\u0163ime, situate \u00eentre planta\u0163ie \u015fi terenul agricol.<\/p>\n<p style=\"text-align: justify;\">Asigurarea coordon\u0103rii, comunic\u0103rii \u00eentre serviciul de permanen\u0163\u0103 de la sediul g\u0103rzii forestiere cu serviciile de permanen\u0163\u0103 instituite la sediile ocoalelor silvice \u015fi cu dispeceratul ISU. \u00cen cazul nedorit al apari\u0163iei unor incendii de p\u0103dure, se va lua leg\u0103tura cu Inspectoratele pentru Situa\u0163ii de Urgen\u0163\u0103 din teritoriu, precum \u015fi, dup\u0103 caz, cu Institu\u0163ia Prefectului \u015fi cu personalul desemnat al unit\u0103\u0163ilor administrativ-teritoriale, astfel \u00eenc\u00e2t s\u0103 se poat\u0103 interveni \u00een mod operativ \u015fi eficient la stingerea acestor incendii, inclusiv cu forma\u021biuni de pompieri voluntari \u015fi la monitorizarea \u015fi raportarea corespunz\u0103toare a acestora.<\/p>\n<p style=\"text-align: justify;\">Asigurarea, prin personalul din subordine, a monitoriz\u0103rii permanente a incendiilor declan\u015fate, p\u00e2n\u0103 la lichidarea total\u0103 a acestora \u015fi transmiterea operativ\u0103 a datelor, \u00een conformitate cu prevederile \u00een vigoare.<br \/>\nSuprafe\u021bele de p\u0103dure \u015fi, \u00een special, planta\u021biile din fondul forestier na\u0163ional \u015fi din perimetrele de ameliorare care au fost afectate de incendii, vor fi monitorizate \u015fi dup\u0103 lichidarea incendiului, astfel \u00eenc\u00e2t estimarea pierderilor s\u0103 fie corect efectuat\u0103, iar suprafe\u021bele goale rezultate \u00een urma producerii incendiilor s\u0103 fie incluse \u00een clasa de regenerare, urm\u00e2nd a fi re\u00eemp\u0103durite \u00een termenul legal.<br \/>\nDe asemenea, ministrul mediului, apelor \u0219i p\u0103durilor, Barna T\u00c1NCZOS, a transmis \u00een cursul acestei dimine\u021bi, tuturor prefecturilor din \u021bar\u0103, rug\u0103mintea de a dispune autorit\u0103\u021bilor publice locale urm\u0103toarele m\u0103suri:<\/p>\n<ul>\n<li style=\"text-align: justify;\">la nivelul comunit\u0103\u021bilor locale s\u0103 aten\u021bioneze popula\u021bia pentru a nu utiliza focul deschis pentru cur\u0103\u021barea de vegeta\u021bie ierboas\u0103 a paji\u0219tilor \u0219i a terenurilor agricole de pe care s-au recoltat cerealele, \u00eentruc\u00e2t aceasta constituie la acest moment combustibil deosebit de inflamabil, iar incendiul astfel produs ar putea sc\u0103pa u\u0219or de sub control;<\/li>\n<li style=\"text-align: justify;\">s\u0103 aten\u021bioneze popula\u021bia din comunitatea local\u0103 care \u00ee\u0219i petrece timpul liber \u00een mijlocul naturii prin folosirea gr\u0103tarelor la marginea fondului forestier, asupra riscului de declan\u0219are a incendiilor de vegeta\u021bie;<\/li>\n<li style=\"text-align: justify;\">s\u0103 aten\u021bioneze popula\u021bia local\u0103 care se ocup\u0103 cu recoltarea fructelor de p\u0103dure \u0219i a ciupercilor cu privire la riscul folosirii focului deschis \u00een fondul forestier;<\/li>\n<li style=\"text-align: justify;\">s\u0103 colaboreze cu personalul silvic \u00een cazul producerii incendiilor de vegeta\u021bie.<\/li>\n<\/ul>\n<hr \/>\n<p>Puteti citii si articolul: <a href=\"https:\/\/www.green24.ro\/index.php\/2022\/07\/19\/debitul-dunarii-la-intrarea-in-tara-de-aproape-25-ori-mai-mic-decat-media-lunii-iulie\/\"><em>Debitul Dun\u0103rii la intrarea \u00een \u0163ar\u0103, de aproape 2,5 ori mai mic dec\u00e2t media lunii iulie<\/em><\/a><\/p>\n<pre>sursa: <a href=\"https:\/\/www.g4media.ro\/dunarea-a-ajuns-la-39-fata-de-media-multianuala-a-lunii-iulie-situatia-hidrometeorologica-din-prezent-masurile-luate-de-autoritati.html\">g4media<\/a><\/pre>\n","protected":false},"excerpt":{"rendered":"<p>Debitul Dun\u0103rii, la intrarea \u00een \u021bar\u0103 (sec\u021biunea Bazia\u0219), a ajuns la 2.100\u00a0 m3\/s, sub\u00a0 media\u00a0 multianual\u0103 a lunii\u00a0 iulie\u00a0 (5350 m3\/s), ceea ce reprezint\u0103 39% din debitul mediu, se arat\u0103 \u00eentr-o informare realizat\u0103 de Administra\u0163ia Na\u0163ional\u0103 de Meteorologie (ANM) \u0219i Institutul Na\u021bional de Hidrologie \u0219i Gospod\u0103rire a Apelor (INHGA). \u00cen [&hellip;]<\/p>\n","protected":false},"author":1,"featured_media":1260,"comment_status":"open","ping_status":"open","sticky":false,"template":"","format":"standard","meta":{"content-type":"","footnotes":"","jetpack_publicize_message":"","jetpack_publicize_feature_enabled":true,"jetpack_social_post_already_shared":true,"jetpack_social_options":{"image_generator_settings":{"template":"highway","default_image_id":0,"font":"","enabled":false},"version":2}},"categories":[5,1,6,10],"tags":[],"class_list":["post-1259","post","type-post","status-publish","format-standard","has-post-thumbnail","hentry","category-blog","category-general","category-prime","category-slide"],"yoast_head":"<!-- This site is optimized with the Yoast SEO plugin v24.9 - https:\/\/yoast.com\/wordpress\/plugins\/seo\/ -->\n<title>Dun\u0103rea a ajuns la 39%, fa\u021b\u0103 de media multianual\u0103 a lunii iulie \/ Situa\u021bia hidrometeorologic\u0103 din prezent \/ M\u0103surile luate de autorit\u0103\u021bi - Green24.ro<\/title>\n<meta name=\"description\" content=\"Debitul Dun\u0103rii, la intrarea \u00een \u021bar\u0103 (sec\u021biunea Bazia\u0219), a ajuns la 2.100\u00a0 m3\/s, sub\u00a0 media\u00a0 multianual\u0103 a lunii\u00a0 iulie\u00a0 (5350 m3\/s), ceea ce reprezint\u0103 39% din debitul mediu, se arat\u0103 \u00eentr-o informare realizat\u0103 de Administra\u0163ia Na\u0163ional\u0103 de Meteorologie (ANM) \u0219i Institutul Na\u021bional de Hidrologie \u0219i Gospod\u0103rire a Apelor (INHGA).\" \/>\n<meta name=\"robots\" content=\"index, follow, max-snippet:-1, max-image-preview:large, max-video-preview:-1\" \/>\n<link rel=\"canonical\" href=\"https:\/\/www.green24.ro\/index.php\/2022\/07\/25\/dunarea-a-ajuns-la-39-fata-de-media-multianuala-a-lunii-iulie\/\" \/>\n<meta property=\"og:locale\" content=\"en_US\" \/>\n<meta property=\"og:type\" content=\"article\" \/>\n<meta property=\"og:title\" content=\"Dun\u0103rea a ajuns la 39%, fa\u021b\u0103 de media multianual\u0103 a lunii iulie \/ Situa\u021bia hidrometeorologic\u0103 din prezent \/ M\u0103surile luate de autorit\u0103\u021bi - Green24.ro\" \/>\n<meta property=\"og:description\" content=\"Debitul Dun\u0103rii, la intrarea \u00een \u021bar\u0103 (sec\u021biunea Bazia\u0219), a ajuns la 2.100\u00a0 m3\/s, sub\u00a0 media\u00a0 multianual\u0103 a lunii\u00a0 iulie\u00a0 (5350 m3\/s), ceea ce reprezint\u0103 39% din debitul mediu, se arat\u0103 \u00eentr-o informare realizat\u0103 de Administra\u0163ia Na\u0163ional\u0103 de Meteorologie (ANM) \u0219i Institutul Na\u021bional de Hidrologie \u0219i Gospod\u0103rire a Apelor (INHGA).\" \/>\n<meta property=\"og:url\" content=\"https:\/\/www.green24.ro\/index.php\/2022\/07\/25\/dunarea-a-ajuns-la-39-fata-de-media-multianuala-a-lunii-iulie\/\" \/>\n<meta property=\"og:site_name\" content=\"Green24.ro\" \/>\n<meta property=\"article:publisher\" content=\"https:\/\/www.facebook.com\/green24ro\/\" \/>\n<meta property=\"article:author\" content=\"https:\/\/www.facebook.com\/green24ro\/\" \/>\n<meta property=\"article:published_time\" content=\"2022-07-25T07:02:00+00:00\" \/>\n<meta property=\"og:image\" content=\"https:\/\/www.green24.ro\/wp-content\/uploads\/2022\/07\/dunarea-cazane.jpeg\" \/>\n\t<meta property=\"og:image:width\" content=\"2048\" \/>\n\t<meta property=\"og:image:height\" content=\"1536\" \/>\n\t<meta property=\"og:image:type\" content=\"image\/jpeg\" \/>\n<meta name=\"author\" content=\"Redactia Green24\" \/>\n<meta name=\"twitter:card\" content=\"summary_large_image\" \/>\n<meta name=\"twitter:label1\" content=\"Written by\" \/>\n\t<meta name=\"twitter:data1\" content=\"Redactia Green24\" \/>\n\t<meta name=\"twitter:label2\" content=\"Est. reading time\" \/>\n\t<meta name=\"twitter:data2\" content=\"5 minutes\" \/>\n<script type=\"application\/ld+json\" class=\"yoast-schema-graph\">{\"@context\":\"https:\/\/schema.org\",\"@graph\":[{\"@type\":\"Article\",\"@id\":\"https:\/\/www.green24.ro\/index.php\/2022\/07\/25\/dunarea-a-ajuns-la-39-fata-de-media-multianuala-a-lunii-iulie\/#article\",\"isPartOf\":{\"@id\":\"https:\/\/www.green24.ro\/index.php\/2022\/07\/25\/dunarea-a-ajuns-la-39-fata-de-media-multianuala-a-lunii-iulie\/\"},\"author\":{\"name\":\"Redactia Green24\",\"@id\":\"https:\/\/www.green24.ro\/#\/schema\/person\/275c7d10a2dd4fb528a2c0ad5d633496\"},\"headline\":\"Dun\u0103rea a ajuns la 39%, fa\u021b\u0103 de media multianual\u0103 a lunii iulie \/ Situa\u021bia hidrometeorologic\u0103 din prezent \/ M\u0103surile luate de autorit\u0103\u021bi\",\"datePublished\":\"2022-07-25T07:02:00+00:00\",\"mainEntityOfPage\":{\"@id\":\"https:\/\/www.green24.ro\/index.php\/2022\/07\/25\/dunarea-a-ajuns-la-39-fata-de-media-multianuala-a-lunii-iulie\/\"},\"wordCount\":1063,\"commentCount\":0,\"publisher\":{\"@id\":\"https:\/\/www.green24.ro\/#organization\"},\"image\":{\"@id\":\"https:\/\/www.green24.ro\/index.php\/2022\/07\/25\/dunarea-a-ajuns-la-39-fata-de-media-multianuala-a-lunii-iulie\/#primaryimage\"},\"thumbnailUrl\":\"https:\/\/www.green24.ro\/wp-content\/uploads\/2022\/07\/dunarea-cazane.jpeg\",\"articleSection\":[\"Blog\",\"General\",\"Prime\",\"Slide\"],\"inLanguage\":\"en-US\",\"potentialAction\":[{\"@type\":\"CommentAction\",\"name\":\"Comment\",\"target\":[\"https:\/\/www.green24.ro\/index.php\/2022\/07\/25\/dunarea-a-ajuns-la-39-fata-de-media-multianuala-a-lunii-iulie\/#respond\"]}]},{\"@type\":\"WebPage\",\"@id\":\"https:\/\/www.green24.ro\/index.php\/2022\/07\/25\/dunarea-a-ajuns-la-39-fata-de-media-multianuala-a-lunii-iulie\/\",\"url\":\"https:\/\/www.green24.ro\/index.php\/2022\/07\/25\/dunarea-a-ajuns-la-39-fata-de-media-multianuala-a-lunii-iulie\/\",\"name\":\"Dun\u0103rea a ajuns la 39%, fa\u021b\u0103 de media multianual\u0103 a lunii iulie \/ Situa\u021bia hidrometeorologic\u0103 din prezent \/ M\u0103surile luate de autorit\u0103\u021bi - Green24.ro\",\"isPartOf\":{\"@id\":\"https:\/\/www.green24.ro\/#website\"},\"primaryImageOfPage\":{\"@id\":\"https:\/\/www.green24.ro\/index.php\/2022\/07\/25\/dunarea-a-ajuns-la-39-fata-de-media-multianuala-a-lunii-iulie\/#primaryimage\"},\"image\":{\"@id\":\"https:\/\/www.green24.ro\/index.php\/2022\/07\/25\/dunarea-a-ajuns-la-39-fata-de-media-multianuala-a-lunii-iulie\/#primaryimage\"},\"thumbnailUrl\":\"https:\/\/www.green24.ro\/wp-content\/uploads\/2022\/07\/dunarea-cazane.jpeg\",\"datePublished\":\"2022-07-25T07:02:00+00:00\",\"description\":\"Debitul Dun\u0103rii, la intrarea \u00een \u021bar\u0103 (sec\u021biunea Bazia\u0219), a ajuns la 2.100\u00a0 m3\/s, sub\u00a0 media\u00a0 multianual\u0103 a lunii\u00a0 iulie\u00a0 (5350 m3\/s), ceea ce reprezint\u0103 39% din debitul mediu, se arat\u0103 \u00eentr-o informare realizat\u0103 de Administra\u0163ia Na\u0163ional\u0103 de Meteorologie (ANM) \u0219i Institutul Na\u021bional de Hidrologie \u0219i Gospod\u0103rire a Apelor (INHGA).\",\"breadcrumb\":{\"@id\":\"https:\/\/www.green24.ro\/index.php\/2022\/07\/25\/dunarea-a-ajuns-la-39-fata-de-media-multianuala-a-lunii-iulie\/#breadcrumb\"},\"inLanguage\":\"en-US\",\"potentialAction\":[{\"@type\":\"ReadAction\",\"target\":[\"https:\/\/www.green24.ro\/index.php\/2022\/07\/25\/dunarea-a-ajuns-la-39-fata-de-media-multianuala-a-lunii-iulie\/\"]}]},{\"@type\":\"ImageObject\",\"inLanguage\":\"en-US\",\"@id\":\"https:\/\/www.green24.ro\/index.php\/2022\/07\/25\/dunarea-a-ajuns-la-39-fata-de-media-multianuala-a-lunii-iulie\/#primaryimage\",\"url\":\"https:\/\/www.green24.ro\/wp-content\/uploads\/2022\/07\/dunarea-cazane.jpeg\",\"contentUrl\":\"https:\/\/www.green24.ro\/wp-content\/uploads\/2022\/07\/dunarea-cazane.jpeg\",\"width\":2048,\"height\":1536,\"caption\":\"Dun\u0103rea a ajuns la 39%, fa\u021b\u0103 de media multianual\u0103 a lunii iulie\"},{\"@type\":\"BreadcrumbList\",\"@id\":\"https:\/\/www.green24.ro\/index.php\/2022\/07\/25\/dunarea-a-ajuns-la-39-fata-de-media-multianuala-a-lunii-iulie\/#breadcrumb\",\"itemListElement\":[{\"@type\":\"ListItem\",\"position\":1,\"name\":\"Home\",\"item\":\"https:\/\/www.green24.ro\/\"},{\"@type\":\"ListItem\",\"position\":2,\"name\":\"Dun\u0103rea a ajuns la 39%, fa\u021b\u0103 de media multianual\u0103 a lunii iulie \/ Situa\u021bia hidrometeorologic\u0103 din prezent \/ M\u0103surile luate de autorit\u0103\u021bi\"}]},{\"@type\":\"WebSite\",\"@id\":\"https:\/\/www.green24.ro\/#website\",\"url\":\"https:\/\/www.green24.ro\/\",\"name\":\"Green24.ro\",\"description\":\"Antreprenoriat verde si responsabilitatea social\u0103\",\"publisher\":{\"@id\":\"https:\/\/www.green24.ro\/#organization\"},\"potentialAction\":[{\"@type\":\"SearchAction\",\"target\":{\"@type\":\"EntryPoint\",\"urlTemplate\":\"https:\/\/www.green24.ro\/?s={search_term_string}\"},\"query-input\":{\"@type\":\"PropertyValueSpecification\",\"valueRequired\":true,\"valueName\":\"search_term_string\"}}],\"inLanguage\":\"en-US\"},{\"@type\":\"Organization\",\"@id\":\"https:\/\/www.green24.ro\/#organization\",\"name\":\"Green24\",\"url\":\"https:\/\/www.green24.ro\/\",\"logo\":{\"@type\":\"ImageObject\",\"inLanguage\":\"en-US\",\"@id\":\"https:\/\/www.green24.ro\/#\/schema\/logo\/image\/\",\"url\":\"https:\/\/www.green24.ro\/wp-content\/uploads\/2022\/02\/green24-17-e1643806452346.png\",\"contentUrl\":\"https:\/\/www.green24.ro\/wp-content\/uploads\/2022\/02\/green24-17-e1643806452346.png\",\"width\":174,\"height\":174,\"caption\":\"Green24\"},\"image\":{\"@id\":\"https:\/\/www.green24.ro\/#\/schema\/logo\/image\/\"},\"sameAs\":[\"https:\/\/www.facebook.com\/green24ro\/\"]},{\"@type\":\"Person\",\"@id\":\"https:\/\/www.green24.ro\/#\/schema\/person\/275c7d10a2dd4fb528a2c0ad5d633496\",\"name\":\"Redactia Green24\",\"image\":{\"@type\":\"ImageObject\",\"inLanguage\":\"en-US\",\"@id\":\"https:\/\/www.green24.ro\/#\/schema\/person\/image\/\",\"url\":\"https:\/\/secure.gravatar.com\/avatar\/ff0d3a759f98829f7ca35637ba02cb3c?s=96&d=mm&r=g\",\"contentUrl\":\"https:\/\/secure.gravatar.com\/avatar\/ff0d3a759f98829f7ca35637ba02cb3c?s=96&d=mm&r=g\",\"caption\":\"Redactia Green24\"},\"description\":\"Green24.ro este sursa zilnic\u0103 de \u0219tiri, online, pentru cei interesa\u021bi de mediul \u00eenconjur\u0103tor.\",\"sameAs\":[\"https:\/\/green24.ro\",\"https:\/\/www.facebook.com\/green24ro\/\"],\"url\":\"https:\/\/www.green24.ro\/index.php\/author\/admin\/\"}]}<\/script>\n<!-- \/ Yoast SEO plugin. -->","yoast_head_json":{"title":"Dun\u0103rea a ajuns la 39%, fa\u021b\u0103 de media multianual\u0103 a lunii iulie \/ Situa\u021bia hidrometeorologic\u0103 din prezent \/ M\u0103surile luate de autorit\u0103\u021bi - Green24.ro","description":"Debitul Dun\u0103rii, la intrarea \u00een \u021bar\u0103 (sec\u021biunea Bazia\u0219), a ajuns la 2.100\u00a0 m3\/s, sub\u00a0 media\u00a0 multianual\u0103 a lunii\u00a0 iulie\u00a0 (5350 m3\/s), ceea ce reprezint\u0103 39% din debitul mediu, se arat\u0103 \u00eentr-o informare realizat\u0103 de Administra\u0163ia Na\u0163ional\u0103 de Meteorologie (ANM) \u0219i Institutul Na\u021bional de Hidrologie \u0219i Gospod\u0103rire a Apelor (INHGA).","robots":{"index":"index","follow":"follow","max-snippet":"max-snippet:-1","max-image-preview":"max-image-preview:large","max-video-preview":"max-video-preview:-1"},"canonical":"https:\/\/www.green24.ro\/index.php\/2022\/07\/25\/dunarea-a-ajuns-la-39-fata-de-media-multianuala-a-lunii-iulie\/","og_locale":"en_US","og_type":"article","og_title":"Dun\u0103rea a ajuns la 39%, fa\u021b\u0103 de media multianual\u0103 a lunii iulie \/ Situa\u021bia hidrometeorologic\u0103 din prezent \/ M\u0103surile luate de autorit\u0103\u021bi - Green24.ro","og_description":"Debitul Dun\u0103rii, la intrarea \u00een \u021bar\u0103 (sec\u021biunea Bazia\u0219), a ajuns la 2.100\u00a0 m3\/s, sub\u00a0 media\u00a0 multianual\u0103 a lunii\u00a0 iulie\u00a0 (5350 m3\/s), ceea ce reprezint\u0103 39% din debitul mediu, se arat\u0103 \u00eentr-o informare realizat\u0103 de Administra\u0163ia Na\u0163ional\u0103 de Meteorologie (ANM) \u0219i Institutul Na\u021bional de Hidrologie \u0219i Gospod\u0103rire a Apelor (INHGA).","og_url":"https:\/\/www.green24.ro\/index.php\/2022\/07\/25\/dunarea-a-ajuns-la-39-fata-de-media-multianuala-a-lunii-iulie\/","og_site_name":"Green24.ro","article_publisher":"https:\/\/www.facebook.com\/green24ro\/","article_author":"https:\/\/www.facebook.com\/green24ro\/","article_published_time":"2022-07-25T07:02:00+00:00","og_image":[{"width":2048,"height":1536,"url":"https:\/\/www.green24.ro\/wp-content\/uploads\/2022\/07\/dunarea-cazane.jpeg","type":"image\/jpeg"}],"author":"Redactia Green24","twitter_card":"summary_large_image","twitter_misc":{"Written by":"Redactia Green24","Est. reading time":"5 minutes"},"schema":{"@context":"https:\/\/schema.org","@graph":[{"@type":"Article","@id":"https:\/\/www.green24.ro\/index.php\/2022\/07\/25\/dunarea-a-ajuns-la-39-fata-de-media-multianuala-a-lunii-iulie\/#article","isPartOf":{"@id":"https:\/\/www.green24.ro\/index.php\/2022\/07\/25\/dunarea-a-ajuns-la-39-fata-de-media-multianuala-a-lunii-iulie\/"},"author":{"name":"Redactia Green24","@id":"https:\/\/www.green24.ro\/#\/schema\/person\/275c7d10a2dd4fb528a2c0ad5d633496"},"headline":"Dun\u0103rea a ajuns la 39%, fa\u021b\u0103 de media multianual\u0103 a lunii iulie \/ Situa\u021bia hidrometeorologic\u0103 din prezent \/ M\u0103surile luate de autorit\u0103\u021bi","datePublished":"2022-07-25T07:02:00+00:00","mainEntityOfPage":{"@id":"https:\/\/www.green24.ro\/index.php\/2022\/07\/25\/dunarea-a-ajuns-la-39-fata-de-media-multianuala-a-lunii-iulie\/"},"wordCount":1063,"commentCount":0,"publisher":{"@id":"https:\/\/www.green24.ro\/#organization"},"image":{"@id":"https:\/\/www.green24.ro\/index.php\/2022\/07\/25\/dunarea-a-ajuns-la-39-fata-de-media-multianuala-a-lunii-iulie\/#primaryimage"},"thumbnailUrl":"https:\/\/www.green24.ro\/wp-content\/uploads\/2022\/07\/dunarea-cazane.jpeg","articleSection":["Blog","General","Prime","Slide"],"inLanguage":"en-US","potentialAction":[{"@type":"CommentAction","name":"Comment","target":["https:\/\/www.green24.ro\/index.php\/2022\/07\/25\/dunarea-a-ajuns-la-39-fata-de-media-multianuala-a-lunii-iulie\/#respond"]}]},{"@type":"WebPage","@id":"https:\/\/www.green24.ro\/index.php\/2022\/07\/25\/dunarea-a-ajuns-la-39-fata-de-media-multianuala-a-lunii-iulie\/","url":"https:\/\/www.green24.ro\/index.php\/2022\/07\/25\/dunarea-a-ajuns-la-39-fata-de-media-multianuala-a-lunii-iulie\/","name":"Dun\u0103rea a ajuns la 39%, fa\u021b\u0103 de media multianual\u0103 a lunii iulie \/ Situa\u021bia hidrometeorologic\u0103 din prezent \/ M\u0103surile luate de autorit\u0103\u021bi - Green24.ro","isPartOf":{"@id":"https:\/\/www.green24.ro\/#website"},"primaryImageOfPage":{"@id":"https:\/\/www.green24.ro\/index.php\/2022\/07\/25\/dunarea-a-ajuns-la-39-fata-de-media-multianuala-a-lunii-iulie\/#primaryimage"},"image":{"@id":"https:\/\/www.green24.ro\/index.php\/2022\/07\/25\/dunarea-a-ajuns-la-39-fata-de-media-multianuala-a-lunii-iulie\/#primaryimage"},"thumbnailUrl":"https:\/\/www.green24.ro\/wp-content\/uploads\/2022\/07\/dunarea-cazane.jpeg","datePublished":"2022-07-25T07:02:00+00:00","description":"Debitul Dun\u0103rii, la intrarea \u00een \u021bar\u0103 (sec\u021biunea Bazia\u0219), a ajuns la 2.100\u00a0 m3\/s, sub\u00a0 media\u00a0 multianual\u0103 a lunii\u00a0 iulie\u00a0 (5350 m3\/s), ceea ce reprezint\u0103 39% din debitul mediu, se arat\u0103 \u00eentr-o informare realizat\u0103 de Administra\u0163ia Na\u0163ional\u0103 de Meteorologie (ANM) \u0219i Institutul Na\u021bional de Hidrologie \u0219i Gospod\u0103rire a Apelor (INHGA).","breadcrumb":{"@id":"https:\/\/www.green24.ro\/index.php\/2022\/07\/25\/dunarea-a-ajuns-la-39-fata-de-media-multianuala-a-lunii-iulie\/#breadcrumb"},"inLanguage":"en-US","potentialAction":[{"@type":"ReadAction","target":["https:\/\/www.green24.ro\/index.php\/2022\/07\/25\/dunarea-a-ajuns-la-39-fata-de-media-multianuala-a-lunii-iulie\/"]}]},{"@type":"ImageObject","inLanguage":"en-US","@id":"https:\/\/www.green24.ro\/index.php\/2022\/07\/25\/dunarea-a-ajuns-la-39-fata-de-media-multianuala-a-lunii-iulie\/#primaryimage","url":"https:\/\/www.green24.ro\/wp-content\/uploads\/2022\/07\/dunarea-cazane.jpeg","contentUrl":"https:\/\/www.green24.ro\/wp-content\/uploads\/2022\/07\/dunarea-cazane.jpeg","width":2048,"height":1536,"caption":"Dun\u0103rea a ajuns la 39%, fa\u021b\u0103 de media multianual\u0103 a lunii iulie"},{"@type":"BreadcrumbList","@id":"https:\/\/www.green24.ro\/index.php\/2022\/07\/25\/dunarea-a-ajuns-la-39-fata-de-media-multianuala-a-lunii-iulie\/#breadcrumb","itemListElement":[{"@type":"ListItem","position":1,"name":"Home","item":"https:\/\/www.green24.ro\/"},{"@type":"ListItem","position":2,"name":"Dun\u0103rea a ajuns la 39%, fa\u021b\u0103 de media multianual\u0103 a lunii iulie \/ Situa\u021bia hidrometeorologic\u0103 din prezent \/ M\u0103surile luate de autorit\u0103\u021bi"}]},{"@type":"WebSite","@id":"https:\/\/www.green24.ro\/#website","url":"https:\/\/www.green24.ro\/","name":"Green24.ro","description":"Antreprenoriat verde si responsabilitatea social\u0103","publisher":{"@id":"https:\/\/www.green24.ro\/#organization"},"potentialAction":[{"@type":"SearchAction","target":{"@type":"EntryPoint","urlTemplate":"https:\/\/www.green24.ro\/?s={search_term_string}"},"query-input":{"@type":"PropertyValueSpecification","valueRequired":true,"valueName":"search_term_string"}}],"inLanguage":"en-US"},{"@type":"Organization","@id":"https:\/\/www.green24.ro\/#organization","name":"Green24","url":"https:\/\/www.green24.ro\/","logo":{"@type":"ImageObject","inLanguage":"en-US","@id":"https:\/\/www.green24.ro\/#\/schema\/logo\/image\/","url":"https:\/\/www.green24.ro\/wp-content\/uploads\/2022\/02\/green24-17-e1643806452346.png","contentUrl":"https:\/\/www.green24.ro\/wp-content\/uploads\/2022\/02\/green24-17-e1643806452346.png","width":174,"height":174,"caption":"Green24"},"image":{"@id":"https:\/\/www.green24.ro\/#\/schema\/logo\/image\/"},"sameAs":["https:\/\/www.facebook.com\/green24ro\/"]},{"@type":"Person","@id":"https:\/\/www.green24.ro\/#\/schema\/person\/275c7d10a2dd4fb528a2c0ad5d633496","name":"Redactia Green24","image":{"@type":"ImageObject","inLanguage":"en-US","@id":"https:\/\/www.green24.ro\/#\/schema\/person\/image\/","url":"https:\/\/secure.gravatar.com\/avatar\/ff0d3a759f98829f7ca35637ba02cb3c?s=96&d=mm&r=g","contentUrl":"https:\/\/secure.gravatar.com\/avatar\/ff0d3a759f98829f7ca35637ba02cb3c?s=96&d=mm&r=g","caption":"Redactia Green24"},"description":"Green24.ro este sursa zilnic\u0103 de \u0219tiri, online, pentru cei interesa\u021bi de mediul \u00eenconjur\u0103tor.","sameAs":["https:\/\/green24.ro","https:\/\/www.facebook.com\/green24ro\/"],"url":"https:\/\/www.green24.ro\/index.php\/author\/admin\/"}]}},"jetpack_publicize_connections":[],"jetpack_featured_media_url":"https:\/\/www.green24.ro\/wp-content\/uploads\/2022\/07\/dunarea-cazane.jpeg","jetpack_sharing_enabled":true,"_links":{"self":[{"href":"https:\/\/www.green24.ro\/index.php\/wp-json\/wp\/v2\/posts\/1259","targetHints":{"allow":["GET"]}}],"collection":[{"href":"https:\/\/www.green24.ro\/index.php\/wp-json\/wp\/v2\/posts"}],"about":[{"href":"https:\/\/www.green24.ro\/index.php\/wp-json\/wp\/v2\/types\/post"}],"author":[{"embeddable":true,"href":"https:\/\/www.green24.ro\/index.php\/wp-json\/wp\/v2\/users\/1"}],"replies":[{"embeddable":true,"href":"https:\/\/www.green24.ro\/index.php\/wp-json\/wp\/v2\/comments?post=1259"}],"version-history":[{"count":4,"href":"https:\/\/www.green24.ro\/index.php\/wp-json\/wp\/v2\/posts\/1259\/revisions"}],"predecessor-version":[{"id":1266,"href":"https:\/\/www.green24.ro\/index.php\/wp-json\/wp\/v2\/posts\/1259\/revisions\/1266"}],"wp:featuredmedia":[{"embeddable":true,"href":"https:\/\/www.green24.ro\/index.php\/wp-json\/wp\/v2\/media\/1260"}],"wp:attachment":[{"href":"https:\/\/www.green24.ro\/index.php\/wp-json\/wp\/v2\/media?parent=1259"}],"wp:term":[{"taxonomy":"category","embeddable":true,"href":"https:\/\/www.green24.ro\/index.php\/wp-json\/wp\/v2\/categories?post=1259"},{"taxonomy":"post_tag","embeddable":true,"href":"https:\/\/www.green24.ro\/index.php\/wp-json\/wp\/v2\/tags?post=1259"}],"curies":[{"name":"wp","href":"https:\/\/api.w.org\/{rel}","templated":true}]}}