{"id":1256,"date":"2022-07-23T11:19:00","date_gmt":"2022-07-23T09:19:00","guid":{"rendered":"https:\/\/www.green24.ro\/?p=1256"},"modified":"2022-07-22T11:23:37","modified_gmt":"2022-07-22T09:23:37","slug":"primaria-medgidia-a-fost-amendata-cu-40-000-de-lei-de-garda-de-mediu-pentru-un-depozit-de-deseuri-aflat-in-apropierea-autostrazii-a2","status":"publish","type":"post","link":"https:\/\/www.green24.ro\/index.php\/2022\/07\/23\/primaria-medgidia-a-fost-amendata-cu-40-000-de-lei-de-garda-de-mediu-pentru-un-depozit-de-deseuri-aflat-in-apropierea-autostrazii-a2\/","title":{"rendered":"Prim\u0103ria Medgidia a fost amendat\u0103 cu 40.000 de lei de Garda de Mediu pentru un depozit de de\u015feuri aflat \u00een apropierea Autostr\u0103zii A2"},"content":{"rendered":"<p style=\"text-align: justify;\">Prim\u0103ria Medgidia a fost amedat\u0103 de Garda de Mediu Constan\u0163a pentru un depozit de de\u015feuri aflat \u00een zona Autostr\u0103zii A2, care se \u00eentinde pe o suprafa\u0163\u0103 de 1,7 hectare, relateaz\u0103 News.ro.<\/p>\n<p style=\"text-align: justify;\">Garda de Mediu Constan\u0163a a transmis, mar\u0163i, printr-un comunicat de pres\u0103, c\u0103 pentru rezolvarea unei peti\u0163ii, comisarii institu\u0163iei au f\u0103cut verific\u0103ri \u00een zona kilometrului 198 de pe Autostrada A2.<\/p>\n<p style=\"text-align: justify;\">\u201ePe raza localit\u0103\u0163ii Valea Dacilor a fost identificat un depozit neorganizat de de\u015feuri, pe o suprafa\u0163\u0103 de circa 1,7 hectare. Pe terenul respectiv au fost g\u0103site de\u015feuri inerte, precum \u015fi de\u015feuri vegetale, cauciucuri, de\u015feuri plastic\u201d, a anun\u0163at Garda de Mediu.<\/p>\n<p style=\"text-align: justify;\">Conform sursei citate, Prim\u0103ria Medgdia a fost amendat\u0103 cu 40.000 de lei \u015fi a fost stabilit un plan de m\u0103suri cu termene de realizare pentru \u00eendep\u0103rtarea de\u015feurilor.<\/p>\n<pre>sursa: <a href=\"https:\/\/www.g4media.ro\/primaria-medgidia-a-fost-amendata-cu-40-000-de-lei-de-garda-de-mediu-pentru-un-depozit-de-deseuri-aflat-in-apropierea-autostrazii-a2.html\">g4media<\/a> foto: InquamPhotos\/Octav Ganea<\/pre>\n","protected":false},"excerpt":{"rendered":"<p>Prim\u0103ria Medgidia a fost amedat\u0103 de Garda de Mediu Constan\u0163a pentru un depozit de de\u015feuri aflat \u00een zona Autostr\u0103zii A2, care se \u00eentinde pe o suprafa\u0163\u0103 de 1,7 hectare, relateaz\u0103 News.ro. Garda de Mediu Constan\u0163a a transmis, mar\u0163i, printr-un comunicat de pres\u0103, c\u0103 pentru rezolvarea unei peti\u0163ii, comisarii institu\u0163iei au [&hellip;]<\/p>\n","protected":false},"author":1,"featured_media":1257,"comment_status":"open","ping_status":"open","sticky":false,"template":"","format":"standard","meta":{"content-type":"","footnotes":"","jetpack_publicize_message":"","jetpack_publicize_feature_enabled":true,"jetpack_social_post_already_shared":true,"jetpack_social_options":{"image_generator_settings":{"template":"highway","default_image_id":0,"font":"","enabled":false},"version":2}},"categories":[5,1,6,10],"tags":[],"class_list":["post-1256","post","type-post","status-publish","format-standard","has-post-thumbnail","hentry","category-blog","category-general","category-prime","category-slide"],"yoast_head":"<!-- This site is optimized with the Yoast SEO plugin v24.9 - https:\/\/yoast.com\/wordpress\/plugins\/seo\/ -->\n<title>Prim\u0103ria Medgidia a fost amendat\u0103 cu 40.000 de lei de Garda de Mediu pentru un depozit de de\u015feuri aflat \u00een apropierea Autostr\u0103zii A2 - Green24.ro<\/title>\n<meta name=\"description\" content=\"Prim\u0103ria Medgidia a fost amedat\u0103 de Garda de Mediu Constan\u0163a pentru un depozit de de\u015feuri aflat \u00een zona Autostr\u0103zii A2, care se \u00eentinde pe o suprafa\u0163\u0103 de 1,7 hectare.\" \/>\n<meta name=\"robots\" content=\"index, follow, max-snippet:-1, max-image-preview:large, max-video-preview:-1\" \/>\n<link rel=\"canonical\" href=\"https:\/\/www.green24.ro\/index.php\/2022\/07\/23\/primaria-medgidia-a-fost-amendata-cu-40-000-de-lei-de-garda-de-mediu-pentru-un-depozit-de-deseuri-aflat-in-apropierea-autostrazii-a2\/\" \/>\n<meta property=\"og:locale\" content=\"en_US\" \/>\n<meta property=\"og:type\" content=\"article\" \/>\n<meta property=\"og:title\" content=\"Prim\u0103ria Medgidia a fost amendat\u0103 cu 40.000 de lei de Garda de Mediu pentru un depozit de de\u015feuri aflat \u00een apropierea Autostr\u0103zii A2 - Green24.ro\" \/>\n<meta property=\"og:description\" content=\"Prim\u0103ria Medgidia a fost amedat\u0103 de Garda de Mediu Constan\u0163a pentru un depozit de de\u015feuri aflat \u00een zona Autostr\u0103zii A2, care se \u00eentinde pe o suprafa\u0163\u0103 de 1,7 hectare.\" \/>\n<meta property=\"og:url\" content=\"https:\/\/www.green24.ro\/index.php\/2022\/07\/23\/primaria-medgidia-a-fost-amendata-cu-40-000-de-lei-de-garda-de-mediu-pentru-un-depozit-de-deseuri-aflat-in-apropierea-autostrazii-a2\/\" \/>\n<meta property=\"og:site_name\" content=\"Green24.ro\" \/>\n<meta property=\"article:publisher\" content=\"https:\/\/www.facebook.com\/green24ro\/\" \/>\n<meta property=\"article:author\" content=\"https:\/\/www.facebook.com\/green24ro\/\" \/>\n<meta property=\"article:published_time\" content=\"2022-07-23T09:19:00+00:00\" \/>\n<meta property=\"og:image\" content=\"https:\/\/www.green24.ro\/wp-content\/uploads\/2022\/07\/PWY5YzFlNmM3ZDNiN2E5YWY2NGMzODQyZjYwOTRkNDdh.thumb_.jpg\" \/>\n\t<meta property=\"og:image:width\" content=\"780\" \/>\n\t<meta property=\"og:image:height\" content=\"440\" \/>\n\t<meta property=\"og:image:type\" content=\"image\/jpeg\" \/>\n<meta name=\"author\" content=\"Redactia Green24\" \/>\n<meta name=\"twitter:card\" content=\"summary_large_image\" \/>\n<meta name=\"twitter:label1\" content=\"Written by\" \/>\n\t<meta name=\"twitter:data1\" content=\"Redactia Green24\" \/>\n\t<meta name=\"twitter:label2\" content=\"Est. reading time\" \/>\n\t<meta name=\"twitter:data2\" content=\"1 minute\" \/>\n<script type=\"application\/ld+json\" class=\"yoast-schema-graph\">{\"@context\":\"https:\/\/schema.org\",\"@graph\":[{\"@type\":\"Article\",\"@id\":\"https:\/\/www.green24.ro\/index.php\/2022\/07\/23\/primaria-medgidia-a-fost-amendata-cu-40-000-de-lei-de-garda-de-mediu-pentru-un-depozit-de-deseuri-aflat-in-apropierea-autostrazii-a2\/#article\",\"isPartOf\":{\"@id\":\"https:\/\/www.green24.ro\/index.php\/2022\/07\/23\/primaria-medgidia-a-fost-amendata-cu-40-000-de-lei-de-garda-de-mediu-pentru-un-depozit-de-deseuri-aflat-in-apropierea-autostrazii-a2\/\"},\"author\":{\"name\":\"Redactia Green24\",\"@id\":\"https:\/\/www.green24.ro\/#\/schema\/person\/275c7d10a2dd4fb528a2c0ad5d633496\"},\"headline\":\"Prim\u0103ria Medgidia a fost amendat\u0103 cu 40.000 de lei de Garda de Mediu pentru un depozit de de\u015feuri aflat \u00een apropierea Autostr\u0103zii A2\",\"datePublished\":\"2022-07-23T09:19:00+00:00\",\"mainEntityOfPage\":{\"@id\":\"https:\/\/www.green24.ro\/index.php\/2022\/07\/23\/primaria-medgidia-a-fost-amendata-cu-40-000-de-lei-de-garda-de-mediu-pentru-un-depozit-de-deseuri-aflat-in-apropierea-autostrazii-a2\/\"},\"wordCount\":170,\"commentCount\":0,\"publisher\":{\"@id\":\"https:\/\/www.green24.ro\/#organization\"},\"image\":{\"@id\":\"https:\/\/www.green24.ro\/index.php\/2022\/07\/23\/primaria-medgidia-a-fost-amendata-cu-40-000-de-lei-de-garda-de-mediu-pentru-un-depozit-de-deseuri-aflat-in-apropierea-autostrazii-a2\/#primaryimage\"},\"thumbnailUrl\":\"https:\/\/www.green24.ro\/wp-content\/uploads\/2022\/07\/PWY5YzFlNmM3ZDNiN2E5YWY2NGMzODQyZjYwOTRkNDdh.thumb_.jpg\",\"articleSection\":[\"Blog\",\"General\",\"Prime\",\"Slide\"],\"inLanguage\":\"en-US\",\"potentialAction\":[{\"@type\":\"CommentAction\",\"name\":\"Comment\",\"target\":[\"https:\/\/www.green24.ro\/index.php\/2022\/07\/23\/primaria-medgidia-a-fost-amendata-cu-40-000-de-lei-de-garda-de-mediu-pentru-un-depozit-de-deseuri-aflat-in-apropierea-autostrazii-a2\/#respond\"]}]},{\"@type\":\"WebPage\",\"@id\":\"https:\/\/www.green24.ro\/index.php\/2022\/07\/23\/primaria-medgidia-a-fost-amendata-cu-40-000-de-lei-de-garda-de-mediu-pentru-un-depozit-de-deseuri-aflat-in-apropierea-autostrazii-a2\/\",\"url\":\"https:\/\/www.green24.ro\/index.php\/2022\/07\/23\/primaria-medgidia-a-fost-amendata-cu-40-000-de-lei-de-garda-de-mediu-pentru-un-depozit-de-deseuri-aflat-in-apropierea-autostrazii-a2\/\",\"name\":\"Prim\u0103ria Medgidia a fost amendat\u0103 cu 40.000 de lei de Garda de Mediu pentru un depozit de de\u015feuri aflat \u00een apropierea Autostr\u0103zii A2 - Green24.ro\",\"isPartOf\":{\"@id\":\"https:\/\/www.green24.ro\/#website\"},\"primaryImageOfPage\":{\"@id\":\"https:\/\/www.green24.ro\/index.php\/2022\/07\/23\/primaria-medgidia-a-fost-amendata-cu-40-000-de-lei-de-garda-de-mediu-pentru-un-depozit-de-deseuri-aflat-in-apropierea-autostrazii-a2\/#primaryimage\"},\"image\":{\"@id\":\"https:\/\/www.green24.ro\/index.php\/2022\/07\/23\/primaria-medgidia-a-fost-amendata-cu-40-000-de-lei-de-garda-de-mediu-pentru-un-depozit-de-deseuri-aflat-in-apropierea-autostrazii-a2\/#primaryimage\"},\"thumbnailUrl\":\"https:\/\/www.green24.ro\/wp-content\/uploads\/2022\/07\/PWY5YzFlNmM3ZDNiN2E5YWY2NGMzODQyZjYwOTRkNDdh.thumb_.jpg\",\"datePublished\":\"2022-07-23T09:19:00+00:00\",\"description\":\"Prim\u0103ria Medgidia a fost amedat\u0103 de Garda de Mediu Constan\u0163a pentru un depozit de de\u015feuri aflat \u00een zona Autostr\u0103zii A2, care se \u00eentinde pe o suprafa\u0163\u0103 de 1,7 hectare.\",\"breadcrumb\":{\"@id\":\"https:\/\/www.green24.ro\/index.php\/2022\/07\/23\/primaria-medgidia-a-fost-amendata-cu-40-000-de-lei-de-garda-de-mediu-pentru-un-depozit-de-deseuri-aflat-in-apropierea-autostrazii-a2\/#breadcrumb\"},\"inLanguage\":\"en-US\",\"potentialAction\":[{\"@type\":\"ReadAction\",\"target\":[\"https:\/\/www.green24.ro\/index.php\/2022\/07\/23\/primaria-medgidia-a-fost-amendata-cu-40-000-de-lei-de-garda-de-mediu-pentru-un-depozit-de-deseuri-aflat-in-apropierea-autostrazii-a2\/\"]}]},{\"@type\":\"ImageObject\",\"inLanguage\":\"en-US\",\"@id\":\"https:\/\/www.green24.ro\/index.php\/2022\/07\/23\/primaria-medgidia-a-fost-amendata-cu-40-000-de-lei-de-garda-de-mediu-pentru-un-depozit-de-deseuri-aflat-in-apropierea-autostrazii-a2\/#primaryimage\",\"url\":\"https:\/\/www.green24.ro\/wp-content\/uploads\/2022\/07\/PWY5YzFlNmM3ZDNiN2E5YWY2NGMzODQyZjYwOTRkNDdh.thumb_.jpg\",\"contentUrl\":\"https:\/\/www.green24.ro\/wp-content\/uploads\/2022\/07\/PWY5YzFlNmM3ZDNiN2E5YWY2NGMzODQyZjYwOTRkNDdh.thumb_.jpg\",\"width\":780,\"height\":440,\"caption\":\"Prim\u0103ria Medgidia a fost amendat\u0103 cu 40.000 de lei de Garda de Mediu pentru un depozit de de\u015feuri aflat \u00een apropierea Autostr\u0103zii A2\"},{\"@type\":\"BreadcrumbList\",\"@id\":\"https:\/\/www.green24.ro\/index.php\/2022\/07\/23\/primaria-medgidia-a-fost-amendata-cu-40-000-de-lei-de-garda-de-mediu-pentru-un-depozit-de-deseuri-aflat-in-apropierea-autostrazii-a2\/#breadcrumb\",\"itemListElement\":[{\"@type\":\"ListItem\",\"position\":1,\"name\":\"Home\",\"item\":\"https:\/\/www.green24.ro\/\"},{\"@type\":\"ListItem\",\"position\":2,\"name\":\"Prim\u0103ria Medgidia a fost amendat\u0103 cu 40.000 de lei de Garda de Mediu pentru un depozit de de\u015feuri aflat \u00een apropierea Autostr\u0103zii A2\"}]},{\"@type\":\"WebSite\",\"@id\":\"https:\/\/www.green24.ro\/#website\",\"url\":\"https:\/\/www.green24.ro\/\",\"name\":\"Green24.ro\",\"description\":\"Antreprenoriat verde si responsabilitatea social\u0103\",\"publisher\":{\"@id\":\"https:\/\/www.green24.ro\/#organization\"},\"potentialAction\":[{\"@type\":\"SearchAction\",\"target\":{\"@type\":\"EntryPoint\",\"urlTemplate\":\"https:\/\/www.green24.ro\/?s={search_term_string}\"},\"query-input\":{\"@type\":\"PropertyValueSpecification\",\"valueRequired\":true,\"valueName\":\"search_term_string\"}}],\"inLanguage\":\"en-US\"},{\"@type\":\"Organization\",\"@id\":\"https:\/\/www.green24.ro\/#organization\",\"name\":\"Green24\",\"url\":\"https:\/\/www.green24.ro\/\",\"logo\":{\"@type\":\"ImageObject\",\"inLanguage\":\"en-US\",\"@id\":\"https:\/\/www.green24.ro\/#\/schema\/logo\/image\/\",\"url\":\"https:\/\/www.green24.ro\/wp-content\/uploads\/2022\/02\/green24-17-e1643806452346.png\",\"contentUrl\":\"https:\/\/www.green24.ro\/wp-content\/uploads\/2022\/02\/green24-17-e1643806452346.png\",\"width\":174,\"height\":174,\"caption\":\"Green24\"},\"image\":{\"@id\":\"https:\/\/www.green24.ro\/#\/schema\/logo\/image\/\"},\"sameAs\":[\"https:\/\/www.facebook.com\/green24ro\/\"]},{\"@type\":\"Person\",\"@id\":\"https:\/\/www.green24.ro\/#\/schema\/person\/275c7d10a2dd4fb528a2c0ad5d633496\",\"name\":\"Redactia Green24\",\"image\":{\"@type\":\"ImageObject\",\"inLanguage\":\"en-US\",\"@id\":\"https:\/\/www.green24.ro\/#\/schema\/person\/image\/\",\"url\":\"https:\/\/secure.gravatar.com\/avatar\/ff0d3a759f98829f7ca35637ba02cb3c?s=96&d=mm&r=g\",\"contentUrl\":\"https:\/\/secure.gravatar.com\/avatar\/ff0d3a759f98829f7ca35637ba02cb3c?s=96&d=mm&r=g\",\"caption\":\"Redactia Green24\"},\"description\":\"Green24.ro este sursa zilnic\u0103 de \u0219tiri, online, pentru cei interesa\u021bi de mediul \u00eenconjur\u0103tor.\",\"sameAs\":[\"https:\/\/green24.ro\",\"https:\/\/www.facebook.com\/green24ro\/\"],\"url\":\"https:\/\/www.green24.ro\/index.php\/author\/admin\/\"}]}<\/script>\n<!-- \/ Yoast SEO plugin. -->","yoast_head_json":{"title":"Prim\u0103ria Medgidia a fost amendat\u0103 cu 40.000 de lei de Garda de Mediu pentru un depozit de de\u015feuri aflat \u00een apropierea Autostr\u0103zii A2 - Green24.ro","description":"Prim\u0103ria Medgidia a fost amedat\u0103 de Garda de Mediu Constan\u0163a pentru un depozit de de\u015feuri aflat \u00een zona Autostr\u0103zii A2, care se \u00eentinde pe o suprafa\u0163\u0103 de 1,7 hectare.","robots":{"index":"index","follow":"follow","max-snippet":"max-snippet:-1","max-image-preview":"max-image-preview:large","max-video-preview":"max-video-preview:-1"},"canonical":"https:\/\/www.green24.ro\/index.php\/2022\/07\/23\/primaria-medgidia-a-fost-amendata-cu-40-000-de-lei-de-garda-de-mediu-pentru-un-depozit-de-deseuri-aflat-in-apropierea-autostrazii-a2\/","og_locale":"en_US","og_type":"article","og_title":"Prim\u0103ria Medgidia a fost amendat\u0103 cu 40.000 de lei de Garda de Mediu pentru un depozit de de\u015feuri aflat \u00een apropierea Autostr\u0103zii A2 - Green24.ro","og_description":"Prim\u0103ria Medgidia a fost amedat\u0103 de Garda de Mediu Constan\u0163a pentru un depozit de de\u015feuri aflat \u00een zona Autostr\u0103zii A2, care se \u00eentinde pe o suprafa\u0163\u0103 de 1,7 hectare.","og_url":"https:\/\/www.green24.ro\/index.php\/2022\/07\/23\/primaria-medgidia-a-fost-amendata-cu-40-000-de-lei-de-garda-de-mediu-pentru-un-depozit-de-deseuri-aflat-in-apropierea-autostrazii-a2\/","og_site_name":"Green24.ro","article_publisher":"https:\/\/www.facebook.com\/green24ro\/","article_author":"https:\/\/www.facebook.com\/green24ro\/","article_published_time":"2022-07-23T09:19:00+00:00","og_image":[{"width":780,"height":440,"url":"https:\/\/www.green24.ro\/wp-content\/uploads\/2022\/07\/PWY5YzFlNmM3ZDNiN2E5YWY2NGMzODQyZjYwOTRkNDdh.thumb_.jpg","type":"image\/jpeg"}],"author":"Redactia Green24","twitter_card":"summary_large_image","twitter_misc":{"Written by":"Redactia Green24","Est. reading time":"1 minute"},"schema":{"@context":"https:\/\/schema.org","@graph":[{"@type":"Article","@id":"https:\/\/www.green24.ro\/index.php\/2022\/07\/23\/primaria-medgidia-a-fost-amendata-cu-40-000-de-lei-de-garda-de-mediu-pentru-un-depozit-de-deseuri-aflat-in-apropierea-autostrazii-a2\/#article","isPartOf":{"@id":"https:\/\/www.green24.ro\/index.php\/2022\/07\/23\/primaria-medgidia-a-fost-amendata-cu-40-000-de-lei-de-garda-de-mediu-pentru-un-depozit-de-deseuri-aflat-in-apropierea-autostrazii-a2\/"},"author":{"name":"Redactia Green24","@id":"https:\/\/www.green24.ro\/#\/schema\/person\/275c7d10a2dd4fb528a2c0ad5d633496"},"headline":"Prim\u0103ria Medgidia a fost amendat\u0103 cu 40.000 de lei de Garda de Mediu pentru un depozit de de\u015feuri aflat \u00een apropierea Autostr\u0103zii A2","datePublished":"2022-07-23T09:19:00+00:00","mainEntityOfPage":{"@id":"https:\/\/www.green24.ro\/index.php\/2022\/07\/23\/primaria-medgidia-a-fost-amendata-cu-40-000-de-lei-de-garda-de-mediu-pentru-un-depozit-de-deseuri-aflat-in-apropierea-autostrazii-a2\/"},"wordCount":170,"commentCount":0,"publisher":{"@id":"https:\/\/www.green24.ro\/#organization"},"image":{"@id":"https:\/\/www.green24.ro\/index.php\/2022\/07\/23\/primaria-medgidia-a-fost-amendata-cu-40-000-de-lei-de-garda-de-mediu-pentru-un-depozit-de-deseuri-aflat-in-apropierea-autostrazii-a2\/#primaryimage"},"thumbnailUrl":"https:\/\/www.green24.ro\/wp-content\/uploads\/2022\/07\/PWY5YzFlNmM3ZDNiN2E5YWY2NGMzODQyZjYwOTRkNDdh.thumb_.jpg","articleSection":["Blog","General","Prime","Slide"],"inLanguage":"en-US","potentialAction":[{"@type":"CommentAction","name":"Comment","target":["https:\/\/www.green24.ro\/index.php\/2022\/07\/23\/primaria-medgidia-a-fost-amendata-cu-40-000-de-lei-de-garda-de-mediu-pentru-un-depozit-de-deseuri-aflat-in-apropierea-autostrazii-a2\/#respond"]}]},{"@type":"WebPage","@id":"https:\/\/www.green24.ro\/index.php\/2022\/07\/23\/primaria-medgidia-a-fost-amendata-cu-40-000-de-lei-de-garda-de-mediu-pentru-un-depozit-de-deseuri-aflat-in-apropierea-autostrazii-a2\/","url":"https:\/\/www.green24.ro\/index.php\/2022\/07\/23\/primaria-medgidia-a-fost-amendata-cu-40-000-de-lei-de-garda-de-mediu-pentru-un-depozit-de-deseuri-aflat-in-apropierea-autostrazii-a2\/","name":"Prim\u0103ria Medgidia a fost amendat\u0103 cu 40.000 de lei de Garda de Mediu pentru un depozit de de\u015feuri aflat \u00een apropierea Autostr\u0103zii A2 - Green24.ro","isPartOf":{"@id":"https:\/\/www.green24.ro\/#website"},"primaryImageOfPage":{"@id":"https:\/\/www.green24.ro\/index.php\/2022\/07\/23\/primaria-medgidia-a-fost-amendata-cu-40-000-de-lei-de-garda-de-mediu-pentru-un-depozit-de-deseuri-aflat-in-apropierea-autostrazii-a2\/#primaryimage"},"image":{"@id":"https:\/\/www.green24.ro\/index.php\/2022\/07\/23\/primaria-medgidia-a-fost-amendata-cu-40-000-de-lei-de-garda-de-mediu-pentru-un-depozit-de-deseuri-aflat-in-apropierea-autostrazii-a2\/#primaryimage"},"thumbnailUrl":"https:\/\/www.green24.ro\/wp-content\/uploads\/2022\/07\/PWY5YzFlNmM3ZDNiN2E5YWY2NGMzODQyZjYwOTRkNDdh.thumb_.jpg","datePublished":"2022-07-23T09:19:00+00:00","description":"Prim\u0103ria Medgidia a fost amedat\u0103 de Garda de Mediu Constan\u0163a pentru un depozit de de\u015feuri aflat \u00een zona Autostr\u0103zii A2, care se \u00eentinde pe o suprafa\u0163\u0103 de 1,7 hectare.","breadcrumb":{"@id":"https:\/\/www.green24.ro\/index.php\/2022\/07\/23\/primaria-medgidia-a-fost-amendata-cu-40-000-de-lei-de-garda-de-mediu-pentru-un-depozit-de-deseuri-aflat-in-apropierea-autostrazii-a2\/#breadcrumb"},"inLanguage":"en-US","potentialAction":[{"@type":"ReadAction","target":["https:\/\/www.green24.ro\/index.php\/2022\/07\/23\/primaria-medgidia-a-fost-amendata-cu-40-000-de-lei-de-garda-de-mediu-pentru-un-depozit-de-deseuri-aflat-in-apropierea-autostrazii-a2\/"]}]},{"@type":"ImageObject","inLanguage":"en-US","@id":"https:\/\/www.green24.ro\/index.php\/2022\/07\/23\/primaria-medgidia-a-fost-amendata-cu-40-000-de-lei-de-garda-de-mediu-pentru-un-depozit-de-deseuri-aflat-in-apropierea-autostrazii-a2\/#primaryimage","url":"https:\/\/www.green24.ro\/wp-content\/uploads\/2022\/07\/PWY5YzFlNmM3ZDNiN2E5YWY2NGMzODQyZjYwOTRkNDdh.thumb_.jpg","contentUrl":"https:\/\/www.green24.ro\/wp-content\/uploads\/2022\/07\/PWY5YzFlNmM3ZDNiN2E5YWY2NGMzODQyZjYwOTRkNDdh.thumb_.jpg","width":780,"height":440,"caption":"Prim\u0103ria Medgidia a fost amendat\u0103 cu 40.000 de lei de Garda de Mediu pentru un depozit de de\u015feuri aflat \u00een apropierea Autostr\u0103zii A2"},{"@type":"BreadcrumbList","@id":"https:\/\/www.green24.ro\/index.php\/2022\/07\/23\/primaria-medgidia-a-fost-amendata-cu-40-000-de-lei-de-garda-de-mediu-pentru-un-depozit-de-deseuri-aflat-in-apropierea-autostrazii-a2\/#breadcrumb","itemListElement":[{"@type":"ListItem","position":1,"name":"Home","item":"https:\/\/www.green24.ro\/"},{"@type":"ListItem","position":2,"name":"Prim\u0103ria Medgidia a fost amendat\u0103 cu 40.000 de lei de Garda de Mediu pentru un depozit de de\u015feuri aflat \u00een apropierea Autostr\u0103zii A2"}]},{"@type":"WebSite","@id":"https:\/\/www.green24.ro\/#website","url":"https:\/\/www.green24.ro\/","name":"Green24.ro","description":"Antreprenoriat verde si responsabilitatea social\u0103","publisher":{"@id":"https:\/\/www.green24.ro\/#organization"},"potentialAction":[{"@type":"SearchAction","target":{"@type":"EntryPoint","urlTemplate":"https:\/\/www.green24.ro\/?s={search_term_string}"},"query-input":{"@type":"PropertyValueSpecification","valueRequired":true,"valueName":"search_term_string"}}],"inLanguage":"en-US"},{"@type":"Organization","@id":"https:\/\/www.green24.ro\/#organization","name":"Green24","url":"https:\/\/www.green24.ro\/","logo":{"@type":"ImageObject","inLanguage":"en-US","@id":"https:\/\/www.green24.ro\/#\/schema\/logo\/image\/","url":"https:\/\/www.green24.ro\/wp-content\/uploads\/2022\/02\/green24-17-e1643806452346.png","contentUrl":"https:\/\/www.green24.ro\/wp-content\/uploads\/2022\/02\/green24-17-e1643806452346.png","width":174,"height":174,"caption":"Green24"},"image":{"@id":"https:\/\/www.green24.ro\/#\/schema\/logo\/image\/"},"sameAs":["https:\/\/www.facebook.com\/green24ro\/"]},{"@type":"Person","@id":"https:\/\/www.green24.ro\/#\/schema\/person\/275c7d10a2dd4fb528a2c0ad5d633496","name":"Redactia Green24","image":{"@type":"ImageObject","inLanguage":"en-US","@id":"https:\/\/www.green24.ro\/#\/schema\/person\/image\/","url":"https:\/\/secure.gravatar.com\/avatar\/ff0d3a759f98829f7ca35637ba02cb3c?s=96&d=mm&r=g","contentUrl":"https:\/\/secure.gravatar.com\/avatar\/ff0d3a759f98829f7ca35637ba02cb3c?s=96&d=mm&r=g","caption":"Redactia Green24"},"description":"Green24.ro este sursa zilnic\u0103 de \u0219tiri, online, pentru cei interesa\u021bi de mediul \u00eenconjur\u0103tor.","sameAs":["https:\/\/green24.ro","https:\/\/www.facebook.com\/green24ro\/"],"url":"https:\/\/www.green24.ro\/index.php\/author\/admin\/"}]}},"jetpack_publicize_connections":[],"jetpack_featured_media_url":"https:\/\/www.green24.ro\/wp-content\/uploads\/2022\/07\/PWY5YzFlNmM3ZDNiN2E5YWY2NGMzODQyZjYwOTRkNDdh.thumb_.jpg","jetpack_sharing_enabled":true,"_links":{"self":[{"href":"https:\/\/www.green24.ro\/index.php\/wp-json\/wp\/v2\/posts\/1256","targetHints":{"allow":["GET"]}}],"collection":[{"href":"https:\/\/www.green24.ro\/index.php\/wp-json\/wp\/v2\/posts"}],"about":[{"href":"https:\/\/www.green24.ro\/index.php\/wp-json\/wp\/v2\/types\/post"}],"author":[{"embeddable":true,"href":"https:\/\/www.green24.ro\/index.php\/wp-json\/wp\/v2\/users\/1"}],"replies":[{"embeddable":true,"href":"https:\/\/www.green24.ro\/index.php\/wp-json\/wp\/v2\/comments?post=1256"}],"version-history":[{"count":1,"href":"https:\/\/www.green24.ro\/index.php\/wp-json\/wp\/v2\/posts\/1256\/revisions"}],"predecessor-version":[{"id":1258,"href":"https:\/\/www.green24.ro\/index.php\/wp-json\/wp\/v2\/posts\/1256\/revisions\/1258"}],"wp:featuredmedia":[{"embeddable":true,"href":"https:\/\/www.green24.ro\/index.php\/wp-json\/wp\/v2\/media\/1257"}],"wp:attachment":[{"href":"https:\/\/www.green24.ro\/index.php\/wp-json\/wp\/v2\/media?parent=1256"}],"wp:term":[{"taxonomy":"category","embeddable":true,"href":"https:\/\/www.green24.ro\/index.php\/wp-json\/wp\/v2\/categories?post=1256"},{"taxonomy":"post_tag","embeddable":true,"href":"https:\/\/www.green24.ro\/index.php\/wp-json\/wp\/v2\/tags?post=1256"}],"curies":[{"name":"wp","href":"https:\/\/api.w.org\/{rel}","templated":true}]}}