{"id":1244,"date":"2022-07-19T13:00:49","date_gmt":"2022-07-19T11:00:49","guid":{"rendered":"https:\/\/www.green24.ro\/?p=1244"},"modified":"2022-07-19T13:00:50","modified_gmt":"2022-07-19T11:00:50","slug":"vreme-caniculara-in-romania-temperaturi-de-38-de-grade-pana-la-finalul-lunii-iulie-ploi-putine-si-doar-pe-arii-restranse","status":"publish","type":"post","link":"https:\/\/www.green24.ro\/index.php\/2022\/07\/19\/vreme-caniculara-in-romania-temperaturi-de-38-de-grade-pana-la-finalul-lunii-iulie-ploi-putine-si-doar-pe-arii-restranse\/","title":{"rendered":"Vreme canicular\u0103 \u00een Rom\u00e2nia: Temperaturi de 38 de grade, p\u00e2n\u0103 la finalul lunii iulie, ploi pu\u021bine \u0219i doar pe arii restr\u00e2nse"},"content":{"rendered":"<p style=\"text-align: justify;\"><strong>Canicula va cuprinde \u00eentreaga \u0163ar\u0103 pe parcursul urm\u0103toarelor dou\u0103 s\u0103pt\u0103m\u00e2ni, cu valori termice maxime ce vor ajunge u\u015for la 38 de grade Celsius, \u00een timp ce ploile vor fi foarte rare \u015fi se vor semnala doar pe arii restr\u00e2nse, arat\u0103 prognoza Administra\u0163iei Na\u0163ionale de Meteorologie (ANM), valabil\u0103 pentru intervalul 18 \u2013 31 iulie, conform Agerpres.<\/strong><\/p>\n<p style=\"text-align: justify;\"><strong>\u00cen Banat<\/strong>, intervalul va debuta cu valori termice apropiate de cele climatologic specifice, respectiv maxime \u00een general de 28 \u2013 30 de grade \u015fi minime de 12 \u2013 14 grade. Din 20 iulie, vremea se va \u00eenc\u0103lzi semnificativ, iar pentru perioada 21 \u2013 24 iulie este estimat\u0103 o intensificare a valului de c\u0103ldur\u0103 \u015fi accentuarea disconfortului termic, cu maxime termice ce vor tinde spre o medie de 37 \u2013 38 de grade. Pentru ultima s\u0103pt\u0103m\u00e2n\u0103 a lunii iulie sunt estimate temperaturi maxime, \u00een medie de 34 \u2013 36 de grade. Media temperaturilor minime \u00een aceast\u0103 perioad\u0103 va fi de 17 \u2013 19 grade. Regimul pluviometric va fi deficitar pe tot parcursul celor dou\u0103 s\u0103pt\u0103m\u00e2ni. Ploi de scurt\u0103 durat\u0103 pe arii restr\u00e2nse sunt posibile dup\u0103 24 iulie.<\/p>\n<p style=\"text-align: justify;\"><strong>\u00cen Cri\u015fana<\/strong>, intervalul va debuta cu valori termice diurne de 27 \u2013 29 de grade, iar nop\u0163ile vor fi relativ r\u0103coroase (10 \u2013 12 grade, \u00een medie). De miercuri, 20 iulie, vremea se va \u00eenc\u0103lzi semnificativ \u015fi pentru perioada 21 \u2013 24 iulie este estimat\u0103 o intensificare a valului de c\u0103ldur\u0103 \u015fi accentuarea disconfortului termic, cu maxime termice ce vor tinde spre o medie de 36 \u2013 37 de grade. Pentru ultima s\u0103pt\u0103m\u00e2n\u0103 a lunii iulie sunt estimate temperaturi maxime, \u00een jurul a 34 de grade. Media temperaturilor minime va fi de 16 \u2013 18 grade. Toat\u0103 perioada va fi caracterizat\u0103 de deficit pluviometric, iar ploi de scurt\u0103 durat\u0103 pe arii restr\u00e2nse sunt posibile dup\u0103 24 iulie.<\/p>\n<p style=\"text-align: justify;\"><strong>\u00cen Transilvania<\/strong>, intervalul va debuta cu valori termice diurne apropiate de cele climatologic specifice, respectiv 26 \u2013 28 de grade, iar nop\u0163ile vor fi r\u0103coroase, cu 8 \u2013 10 grade. Vremea se va \u00eenc\u0103lzi semnificativ din 20 iulie, iar p\u00e2n\u0103 la finalul lunii media regional\u0103 a temperaturilor maxime va fi de 32 \u2013 34 de grade, cele mai ridicate valori fiind estimate pentru 21 \u015fi 24 iulie, \u00een timp ce minimele vor fi \u00een general de 13 \u2013 15 grade. \u00cen prima s\u0103pt\u0103m\u00e2n\u0103 nu sunt prognozate ploi, dar pentru perioada 25 \u2013 31 iulie cre\u015fte u\u015for probabilitatea pentru ploi locale.<\/p>\n<p style=\"text-align: justify;\"><strong>\u00cen Maramure\u015f<\/strong>, \u00een primele dou\u0103 zile ale intervalului de prognoz\u0103, se vor \u00eenregistra valori termice diurne apropiate de normalul climatologic, respectiv 26 \u2013 29 de grade, \u00eens\u0103 nop\u0163ile vor fi r\u0103coroase, cu minime \u00een general sub 10 grade. Din data de 20 iulie, temperaturile vor cre\u015fte semnificativ \u015fi, cu mici oscila\u0163ii, p\u00e2n\u0103 la finalul lunii va predomina vremea c\u0103lduroas\u0103, chiar canicular\u0103 \u00een anumite zile la c\u00e2mpie. Media regional\u0103 a temperaturilor maxime va fi de 32 \u2013 34 de grade, iar a celor minime de 15 \u2013 17 grade. P\u00e2n\u0103 pe 22 iulie nu sunt prognozate ploi, dar ulterior va cre\u015fte aceast\u0103 probabilitate, \u00eendeosebi \u00een a doua s\u0103pt\u0103m\u00e2n\u0103.<\/p>\n<p style=\"text-align: justify;\"><strong>\u00cen Moldova<\/strong>, luni \u015fi mar\u0163i se vor \u00eenregistra valori termice diurne apropiate de normalul climatologic, respectiv 26 \u2013 28 de grade. Nop\u0163ile vor fi r\u0103coroase mai ales \u00een nordul regiunii, cu minime mediate regional, de numai 12 grade. \u015ei \u00een aceast\u0103 regiune vremea se va \u00eenc\u0103lzi semnificativ din 20 iulie, iar p\u00e2n\u0103 la finalul lunii, media regional\u0103 a temperaturilor maxime va fi de 32 \u2013 34 de grade. Minimele vor fi \u00een general de 15 \u2013 18 grade. Temperaturi mai ridicate sunt estimate pentru data de 24 iulie c\u00e2nd media temperaturilor maxime poate ajunge la 35 \u2013 36 de grade. Regimul pluviometric se va men\u0163ine deficitar \u015fi \u00een aceste dou\u0103 s\u0103pt\u0103m\u00e2ni. Totu\u015fi, \u00een perioada 24 \u2013 31 iulie, vor fi zile \u00een care probabilitatea pentru ploi locale va fi mai ridicat\u0103.<\/p>\n<p style=\"text-align: justify;\"><strong>\u00cen Dobrogea<\/strong>, \u00een primele zile, valorile temperaturii aerului vor caracteriza o vreme normal\u0103 pentru aceast\u0103 perioad\u0103, cu o medie a maximelor de 26 \u2013 27 de grade, respectiv minime termice ale de 16 \u2013 18 grade. Dup\u0103 20 iulie, vremea va deveni c\u0103lduroas\u0103, chiar canicular\u0103 \u00een partea continental\u0103, cu maxime \u00een medie de 32 \u2013 34 grade \u015fi minime de 19 \u2013 21 de grade. Deficitul pluviometric va caracteriza \u00eentregul interval de prognoz\u0103 \u015fi ploi de scurt\u0103 durat\u0103 pe arii restr\u00e2nse sunt posibile mai ales \u00een a doua s\u0103pt\u0103m\u00e2n\u0103<\/p>\n<p style=\"text-align: justify;\"><strong>\u00cen Muntenia<\/strong>, intervalul va debuta cu valori termice apropiate de mediile multianuale specifice lunii iulie, respectiv maxime \u00een general de 29 \u2013 32 de grade \u015fi minime de 13 \u2013 15 grade. \u00cencep\u00e2nd din 20 iulie, \u00eenc\u0103lzirea va fi semnificativ\u0103, astfel c\u0103 \u015fi aceast\u0103 regiune va fi cuprins\u0103 de un val de c\u0103ldur\u0103, care cu o probabilitate destul de ridicat\u0103 se va men\u0163ine p\u00e2n\u0103 la sf\u00e2r\u015fitul lunii. Media temperaturilor maxime \u00een aceast\u0103 perioad\u0103 va fi de 34 \u2013 37 de grade, iar a celor minime de 18 \u2013 19 grade. Intervalul de prognoz\u0103 analizat va fi caracterizat de un deficit pluviometric. Ploi de scurt\u0103 durat\u0103 \u015fi doar pe arii restr\u00e2nse sunt posibile dup\u0103 data de 25 iulie.<\/p>\n<p style=\"text-align: justify;\"><strong>\u00cen Oltenia<\/strong>, \u00een primele dou\u0103 zile, se vor \u00eenregistra valori termice apropiate de mediile multianuale specifice lunii iulie, respectiv maxime \u00een general de 29 \u2013 31 de grade, respectiv minime de 14 \u2013 16 grade. \u00cenc\u0103lzirea vremii va fi semnificativ\u0103, din 20 iulie. Astfel, aceast\u0103 regiune va fi cuprins\u0103 de un val de c\u0103ldur\u0103, care, cu o probabilitate destul de ridicat\u0103, se va men\u0163ine p\u00e2n\u0103 la sf\u00e2r\u015fitul lunii. Media temperaturilor maxime \u00een aceast\u0103 perioad\u0103 va fi de 34 \u2013 37 de grade, respectiv minime de 18 \u2013 19 grade. Regimul pluviometric va fi deficitar pe tot parcursul celor dou\u0103 s\u0103pt\u0103m\u00e2ni, iar ploi de scurt\u0103 durat\u0103 sunt posibile dup\u0103 24 iulie \u015fi doar pe arii restr\u00e2nse.<\/p>\n<pre>sursa: agerpress<\/pre>\n\n\n\n","protected":false},"excerpt":{"rendered":"<p>Canicula va cuprinde \u00eentreaga \u0163ar\u0103 pe parcursul urm\u0103toarelor dou\u0103 s\u0103pt\u0103m\u00e2ni, cu valori termice maxime ce vor ajunge u\u015for la 38 de grade Celsius, \u00een timp ce ploile vor fi foarte rare \u015fi se vor semnala doar pe arii restr\u00e2nse, arat\u0103 prognoza Administra\u0163iei Na\u0163ionale de Meteorologie (ANM), valabil\u0103 pentru intervalul 18 [&hellip;]<\/p>\n","protected":false},"author":3,"featured_media":1245,"comment_status":"open","ping_status":"open","sticky":false,"template":"","format":"standard","meta":{"content-type":"","footnotes":"","jetpack_publicize_message":"","jetpack_publicize_feature_enabled":true,"jetpack_social_post_already_shared":true,"jetpack_social_options":{"image_generator_settings":{"template":"highway","default_image_id":0,"font":"","enabled":false},"version":2}},"categories":[5,9,1,6,10],"tags":[],"class_list":["post-1244","post","type-post","status-publish","format-standard","has-post-thumbnail","hentry","category-blog","category-company","category-general","category-prime","category-slide"],"yoast_head":"<!-- This site is optimized with the Yoast SEO plugin v24.9 - https:\/\/yoast.com\/wordpress\/plugins\/seo\/ -->\n<title>Vreme canicular\u0103 \u00een Rom\u00e2nia: Temperaturi de 38 de grade, p\u00e2n\u0103 la finalul lunii iulie, ploi pu\u021bine \u0219i doar pe arii restr\u00e2nse - Green24.ro<\/title>\n<meta name=\"description\" content=\"Canicula va cuprinde \u00eentreaga \u0163ar\u0103 pe parcursul urm\u0103toarelor dou\u0103 s\u0103pt\u0103m\u00e2ni, cu valori termice maxime ce vor ajunge u\u015for la 38 de grade Celsius, \u00een timp ce ploile vor fi foarte rare \u015fi se vor semnala doar pe arii restr\u00e2nse, arat\u0103 prognoza Administra\u0163iei Na\u0163ionale de Meteorologie (ANM), valabil\u0103 pentru intervalul 18 \u2013 31 iulie, conform Agerpres.\" \/>\n<meta name=\"robots\" content=\"index, follow, max-snippet:-1, max-image-preview:large, max-video-preview:-1\" \/>\n<link rel=\"canonical\" href=\"https:\/\/www.green24.ro\/index.php\/2022\/07\/19\/vreme-caniculara-in-romania-temperaturi-de-38-de-grade-pana-la-finalul-lunii-iulie-ploi-putine-si-doar-pe-arii-restranse\/\" \/>\n<meta property=\"og:locale\" content=\"en_US\" \/>\n<meta property=\"og:type\" content=\"article\" \/>\n<meta property=\"og:title\" content=\"Vreme canicular\u0103 \u00een Rom\u00e2nia: Temperaturi de 38 de grade, p\u00e2n\u0103 la finalul lunii iulie, ploi pu\u021bine \u0219i doar pe arii restr\u00e2nse - Green24.ro\" \/>\n<meta property=\"og:description\" content=\"Canicula va cuprinde \u00eentreaga \u0163ar\u0103 pe parcursul urm\u0103toarelor dou\u0103 s\u0103pt\u0103m\u00e2ni, cu valori termice maxime ce vor ajunge u\u015for la 38 de grade Celsius, \u00een timp ce ploile vor fi foarte rare \u015fi se vor semnala doar pe arii restr\u00e2nse, arat\u0103 prognoza Administra\u0163iei Na\u0163ionale de Meteorologie (ANM), valabil\u0103 pentru intervalul 18 \u2013 31 iulie, conform Agerpres.\" \/>\n<meta property=\"og:url\" content=\"https:\/\/www.green24.ro\/index.php\/2022\/07\/19\/vreme-caniculara-in-romania-temperaturi-de-38-de-grade-pana-la-finalul-lunii-iulie-ploi-putine-si-doar-pe-arii-restranse\/\" \/>\n<meta property=\"og:site_name\" content=\"Green24.ro\" \/>\n<meta property=\"article:publisher\" content=\"https:\/\/www.facebook.com\/green24ro\/\" \/>\n<meta property=\"article:published_time\" content=\"2022-07-19T11:00:49+00:00\" \/>\n<meta property=\"article:modified_time\" content=\"2022-07-19T11:00:50+00:00\" \/>\n<meta property=\"og:image\" content=\"https:\/\/www.green24.ro\/wp-content\/uploads\/2022\/07\/pexels-andrea-piacquadio-3755828.jpeg\" \/>\n\t<meta property=\"og:image:width\" content=\"1280\" \/>\n\t<meta property=\"og:image:height\" content=\"853\" \/>\n\t<meta property=\"og:image:type\" content=\"image\/jpeg\" \/>\n<meta name=\"author\" content=\"Redactia Green24\" \/>\n<meta name=\"twitter:card\" content=\"summary_large_image\" \/>\n<meta name=\"twitter:label1\" content=\"Written by\" \/>\n\t<meta name=\"twitter:data1\" content=\"Redactia Green24\" \/>\n\t<meta name=\"twitter:label2\" content=\"Est. reading time\" \/>\n\t<meta name=\"twitter:data2\" content=\"5 minutes\" \/>\n<script type=\"application\/ld+json\" class=\"yoast-schema-graph\">{\"@context\":\"https:\/\/schema.org\",\"@graph\":[{\"@type\":\"Article\",\"@id\":\"https:\/\/www.green24.ro\/index.php\/2022\/07\/19\/vreme-caniculara-in-romania-temperaturi-de-38-de-grade-pana-la-finalul-lunii-iulie-ploi-putine-si-doar-pe-arii-restranse\/#article\",\"isPartOf\":{\"@id\":\"https:\/\/www.green24.ro\/index.php\/2022\/07\/19\/vreme-caniculara-in-romania-temperaturi-de-38-de-grade-pana-la-finalul-lunii-iulie-ploi-putine-si-doar-pe-arii-restranse\/\"},\"author\":{\"name\":\"Redactia Green24\",\"@id\":\"https:\/\/www.green24.ro\/#\/schema\/person\/607a8c12d4548837cb79d52bb2437572\"},\"headline\":\"Vreme canicular\u0103 \u00een Rom\u00e2nia: Temperaturi de 38 de grade, p\u00e2n\u0103 la finalul lunii iulie, ploi pu\u021bine \u0219i doar pe arii restr\u00e2nse\",\"datePublished\":\"2022-07-19T11:00:49+00:00\",\"dateModified\":\"2022-07-19T11:00:50+00:00\",\"mainEntityOfPage\":{\"@id\":\"https:\/\/www.green24.ro\/index.php\/2022\/07\/19\/vreme-caniculara-in-romania-temperaturi-de-38-de-grade-pana-la-finalul-lunii-iulie-ploi-putine-si-doar-pe-arii-restranse\/\"},\"wordCount\":931,\"commentCount\":0,\"publisher\":{\"@id\":\"https:\/\/www.green24.ro\/#organization\"},\"image\":{\"@id\":\"https:\/\/www.green24.ro\/index.php\/2022\/07\/19\/vreme-caniculara-in-romania-temperaturi-de-38-de-grade-pana-la-finalul-lunii-iulie-ploi-putine-si-doar-pe-arii-restranse\/#primaryimage\"},\"thumbnailUrl\":\"https:\/\/www.green24.ro\/wp-content\/uploads\/2022\/07\/pexels-andrea-piacquadio-3755828.jpeg\",\"articleSection\":[\"Blog\",\"Company\",\"General\",\"Prime\",\"Slide\"],\"inLanguage\":\"en-US\",\"potentialAction\":[{\"@type\":\"CommentAction\",\"name\":\"Comment\",\"target\":[\"https:\/\/www.green24.ro\/index.php\/2022\/07\/19\/vreme-caniculara-in-romania-temperaturi-de-38-de-grade-pana-la-finalul-lunii-iulie-ploi-putine-si-doar-pe-arii-restranse\/#respond\"]}]},{\"@type\":\"WebPage\",\"@id\":\"https:\/\/www.green24.ro\/index.php\/2022\/07\/19\/vreme-caniculara-in-romania-temperaturi-de-38-de-grade-pana-la-finalul-lunii-iulie-ploi-putine-si-doar-pe-arii-restranse\/\",\"url\":\"https:\/\/www.green24.ro\/index.php\/2022\/07\/19\/vreme-caniculara-in-romania-temperaturi-de-38-de-grade-pana-la-finalul-lunii-iulie-ploi-putine-si-doar-pe-arii-restranse\/\",\"name\":\"Vreme canicular\u0103 \u00een Rom\u00e2nia: Temperaturi de 38 de grade, p\u00e2n\u0103 la finalul lunii iulie, ploi pu\u021bine \u0219i doar pe arii restr\u00e2nse - Green24.ro\",\"isPartOf\":{\"@id\":\"https:\/\/www.green24.ro\/#website\"},\"primaryImageOfPage\":{\"@id\":\"https:\/\/www.green24.ro\/index.php\/2022\/07\/19\/vreme-caniculara-in-romania-temperaturi-de-38-de-grade-pana-la-finalul-lunii-iulie-ploi-putine-si-doar-pe-arii-restranse\/#primaryimage\"},\"image\":{\"@id\":\"https:\/\/www.green24.ro\/index.php\/2022\/07\/19\/vreme-caniculara-in-romania-temperaturi-de-38-de-grade-pana-la-finalul-lunii-iulie-ploi-putine-si-doar-pe-arii-restranse\/#primaryimage\"},\"thumbnailUrl\":\"https:\/\/www.green24.ro\/wp-content\/uploads\/2022\/07\/pexels-andrea-piacquadio-3755828.jpeg\",\"datePublished\":\"2022-07-19T11:00:49+00:00\",\"dateModified\":\"2022-07-19T11:00:50+00:00\",\"description\":\"Canicula va cuprinde \u00eentreaga \u0163ar\u0103 pe parcursul urm\u0103toarelor dou\u0103 s\u0103pt\u0103m\u00e2ni, cu valori termice maxime ce vor ajunge u\u015for la 38 de grade Celsius, \u00een timp ce ploile vor fi foarte rare \u015fi se vor semnala doar pe arii restr\u00e2nse, arat\u0103 prognoza Administra\u0163iei Na\u0163ionale de Meteorologie (ANM), valabil\u0103 pentru intervalul 18 \u2013 31 iulie, conform Agerpres.\",\"breadcrumb\":{\"@id\":\"https:\/\/www.green24.ro\/index.php\/2022\/07\/19\/vreme-caniculara-in-romania-temperaturi-de-38-de-grade-pana-la-finalul-lunii-iulie-ploi-putine-si-doar-pe-arii-restranse\/#breadcrumb\"},\"inLanguage\":\"en-US\",\"potentialAction\":[{\"@type\":\"ReadAction\",\"target\":[\"https:\/\/www.green24.ro\/index.php\/2022\/07\/19\/vreme-caniculara-in-romania-temperaturi-de-38-de-grade-pana-la-finalul-lunii-iulie-ploi-putine-si-doar-pe-arii-restranse\/\"]}]},{\"@type\":\"ImageObject\",\"inLanguage\":\"en-US\",\"@id\":\"https:\/\/www.green24.ro\/index.php\/2022\/07\/19\/vreme-caniculara-in-romania-temperaturi-de-38-de-grade-pana-la-finalul-lunii-iulie-ploi-putine-si-doar-pe-arii-restranse\/#primaryimage\",\"url\":\"https:\/\/www.green24.ro\/wp-content\/uploads\/2022\/07\/pexels-andrea-piacquadio-3755828.jpeg\",\"contentUrl\":\"https:\/\/www.green24.ro\/wp-content\/uploads\/2022\/07\/pexels-andrea-piacquadio-3755828.jpeg\",\"width\":1280,\"height\":853,\"caption\":\"Vreme canicular\u0103 \u00een Rom\u00e2nia\"},{\"@type\":\"BreadcrumbList\",\"@id\":\"https:\/\/www.green24.ro\/index.php\/2022\/07\/19\/vreme-caniculara-in-romania-temperaturi-de-38-de-grade-pana-la-finalul-lunii-iulie-ploi-putine-si-doar-pe-arii-restranse\/#breadcrumb\",\"itemListElement\":[{\"@type\":\"ListItem\",\"position\":1,\"name\":\"Home\",\"item\":\"https:\/\/www.green24.ro\/\"},{\"@type\":\"ListItem\",\"position\":2,\"name\":\"Vreme canicular\u0103 \u00een Rom\u00e2nia: Temperaturi de 38 de grade, p\u00e2n\u0103 la finalul lunii iulie, ploi pu\u021bine \u0219i doar pe arii restr\u00e2nse\"}]},{\"@type\":\"WebSite\",\"@id\":\"https:\/\/www.green24.ro\/#website\",\"url\":\"https:\/\/www.green24.ro\/\",\"name\":\"Green24.ro\",\"description\":\"Antreprenoriat verde si responsabilitatea social\u0103\",\"publisher\":{\"@id\":\"https:\/\/www.green24.ro\/#organization\"},\"potentialAction\":[{\"@type\":\"SearchAction\",\"target\":{\"@type\":\"EntryPoint\",\"urlTemplate\":\"https:\/\/www.green24.ro\/?s={search_term_string}\"},\"query-input\":{\"@type\":\"PropertyValueSpecification\",\"valueRequired\":true,\"valueName\":\"search_term_string\"}}],\"inLanguage\":\"en-US\"},{\"@type\":\"Organization\",\"@id\":\"https:\/\/www.green24.ro\/#organization\",\"name\":\"Green24\",\"url\":\"https:\/\/www.green24.ro\/\",\"logo\":{\"@type\":\"ImageObject\",\"inLanguage\":\"en-US\",\"@id\":\"https:\/\/www.green24.ro\/#\/schema\/logo\/image\/\",\"url\":\"https:\/\/www.green24.ro\/wp-content\/uploads\/2022\/02\/green24-17-e1643806452346.png\",\"contentUrl\":\"https:\/\/www.green24.ro\/wp-content\/uploads\/2022\/02\/green24-17-e1643806452346.png\",\"width\":174,\"height\":174,\"caption\":\"Green24\"},\"image\":{\"@id\":\"https:\/\/www.green24.ro\/#\/schema\/logo\/image\/\"},\"sameAs\":[\"https:\/\/www.facebook.com\/green24ro\/\"]},{\"@type\":\"Person\",\"@id\":\"https:\/\/www.green24.ro\/#\/schema\/person\/607a8c12d4548837cb79d52bb2437572\",\"name\":\"Redactia Green24\",\"image\":{\"@type\":\"ImageObject\",\"inLanguage\":\"en-US\",\"@id\":\"https:\/\/www.green24.ro\/#\/schema\/person\/image\/\",\"url\":\"https:\/\/secure.gravatar.com\/avatar\/c9f4d5614769dc0a9dfdfed961c82ea6?s=96&d=mm&r=g\",\"contentUrl\":\"https:\/\/secure.gravatar.com\/avatar\/c9f4d5614769dc0a9dfdfed961c82ea6?s=96&d=mm&r=g\",\"caption\":\"Redactia Green24\"},\"sameAs\":[\"http:\/\/www.green24.ro\"],\"url\":\"https:\/\/www.green24.ro\/index.php\/author\/green24\/\"}]}<\/script>\n<!-- \/ Yoast SEO plugin. -->","yoast_head_json":{"title":"Vreme canicular\u0103 \u00een Rom\u00e2nia: Temperaturi de 38 de grade, p\u00e2n\u0103 la finalul lunii iulie, ploi pu\u021bine \u0219i doar pe arii restr\u00e2nse - Green24.ro","description":"Canicula va cuprinde \u00eentreaga \u0163ar\u0103 pe parcursul urm\u0103toarelor dou\u0103 s\u0103pt\u0103m\u00e2ni, cu valori termice maxime ce vor ajunge u\u015for la 38 de grade Celsius, \u00een timp ce ploile vor fi foarte rare \u015fi se vor semnala doar pe arii restr\u00e2nse, arat\u0103 prognoza Administra\u0163iei Na\u0163ionale de Meteorologie (ANM), valabil\u0103 pentru intervalul 18 \u2013 31 iulie, conform Agerpres.","robots":{"index":"index","follow":"follow","max-snippet":"max-snippet:-1","max-image-preview":"max-image-preview:large","max-video-preview":"max-video-preview:-1"},"canonical":"https:\/\/www.green24.ro\/index.php\/2022\/07\/19\/vreme-caniculara-in-romania-temperaturi-de-38-de-grade-pana-la-finalul-lunii-iulie-ploi-putine-si-doar-pe-arii-restranse\/","og_locale":"en_US","og_type":"article","og_title":"Vreme canicular\u0103 \u00een Rom\u00e2nia: Temperaturi de 38 de grade, p\u00e2n\u0103 la finalul lunii iulie, ploi pu\u021bine \u0219i doar pe arii restr\u00e2nse - Green24.ro","og_description":"Canicula va cuprinde \u00eentreaga \u0163ar\u0103 pe parcursul urm\u0103toarelor dou\u0103 s\u0103pt\u0103m\u00e2ni, cu valori termice maxime ce vor ajunge u\u015for la 38 de grade Celsius, \u00een timp ce ploile vor fi foarte rare \u015fi se vor semnala doar pe arii restr\u00e2nse, arat\u0103 prognoza Administra\u0163iei Na\u0163ionale de Meteorologie (ANM), valabil\u0103 pentru intervalul 18 \u2013 31 iulie, conform Agerpres.","og_url":"https:\/\/www.green24.ro\/index.php\/2022\/07\/19\/vreme-caniculara-in-romania-temperaturi-de-38-de-grade-pana-la-finalul-lunii-iulie-ploi-putine-si-doar-pe-arii-restranse\/","og_site_name":"Green24.ro","article_publisher":"https:\/\/www.facebook.com\/green24ro\/","article_published_time":"2022-07-19T11:00:49+00:00","article_modified_time":"2022-07-19T11:00:50+00:00","og_image":[{"width":1280,"height":853,"url":"https:\/\/www.green24.ro\/wp-content\/uploads\/2022\/07\/pexels-andrea-piacquadio-3755828.jpeg","type":"image\/jpeg"}],"author":"Redactia Green24","twitter_card":"summary_large_image","twitter_misc":{"Written by":"Redactia Green24","Est. reading time":"5 minutes"},"schema":{"@context":"https:\/\/schema.org","@graph":[{"@type":"Article","@id":"https:\/\/www.green24.ro\/index.php\/2022\/07\/19\/vreme-caniculara-in-romania-temperaturi-de-38-de-grade-pana-la-finalul-lunii-iulie-ploi-putine-si-doar-pe-arii-restranse\/#article","isPartOf":{"@id":"https:\/\/www.green24.ro\/index.php\/2022\/07\/19\/vreme-caniculara-in-romania-temperaturi-de-38-de-grade-pana-la-finalul-lunii-iulie-ploi-putine-si-doar-pe-arii-restranse\/"},"author":{"name":"Redactia Green24","@id":"https:\/\/www.green24.ro\/#\/schema\/person\/607a8c12d4548837cb79d52bb2437572"},"headline":"Vreme canicular\u0103 \u00een Rom\u00e2nia: Temperaturi de 38 de grade, p\u00e2n\u0103 la finalul lunii iulie, ploi pu\u021bine \u0219i doar pe arii restr\u00e2nse","datePublished":"2022-07-19T11:00:49+00:00","dateModified":"2022-07-19T11:00:50+00:00","mainEntityOfPage":{"@id":"https:\/\/www.green24.ro\/index.php\/2022\/07\/19\/vreme-caniculara-in-romania-temperaturi-de-38-de-grade-pana-la-finalul-lunii-iulie-ploi-putine-si-doar-pe-arii-restranse\/"},"wordCount":931,"commentCount":0,"publisher":{"@id":"https:\/\/www.green24.ro\/#organization"},"image":{"@id":"https:\/\/www.green24.ro\/index.php\/2022\/07\/19\/vreme-caniculara-in-romania-temperaturi-de-38-de-grade-pana-la-finalul-lunii-iulie-ploi-putine-si-doar-pe-arii-restranse\/#primaryimage"},"thumbnailUrl":"https:\/\/www.green24.ro\/wp-content\/uploads\/2022\/07\/pexels-andrea-piacquadio-3755828.jpeg","articleSection":["Blog","Company","General","Prime","Slide"],"inLanguage":"en-US","potentialAction":[{"@type":"CommentAction","name":"Comment","target":["https:\/\/www.green24.ro\/index.php\/2022\/07\/19\/vreme-caniculara-in-romania-temperaturi-de-38-de-grade-pana-la-finalul-lunii-iulie-ploi-putine-si-doar-pe-arii-restranse\/#respond"]}]},{"@type":"WebPage","@id":"https:\/\/www.green24.ro\/index.php\/2022\/07\/19\/vreme-caniculara-in-romania-temperaturi-de-38-de-grade-pana-la-finalul-lunii-iulie-ploi-putine-si-doar-pe-arii-restranse\/","url":"https:\/\/www.green24.ro\/index.php\/2022\/07\/19\/vreme-caniculara-in-romania-temperaturi-de-38-de-grade-pana-la-finalul-lunii-iulie-ploi-putine-si-doar-pe-arii-restranse\/","name":"Vreme canicular\u0103 \u00een Rom\u00e2nia: Temperaturi de 38 de grade, p\u00e2n\u0103 la finalul lunii iulie, ploi pu\u021bine \u0219i doar pe arii restr\u00e2nse - Green24.ro","isPartOf":{"@id":"https:\/\/www.green24.ro\/#website"},"primaryImageOfPage":{"@id":"https:\/\/www.green24.ro\/index.php\/2022\/07\/19\/vreme-caniculara-in-romania-temperaturi-de-38-de-grade-pana-la-finalul-lunii-iulie-ploi-putine-si-doar-pe-arii-restranse\/#primaryimage"},"image":{"@id":"https:\/\/www.green24.ro\/index.php\/2022\/07\/19\/vreme-caniculara-in-romania-temperaturi-de-38-de-grade-pana-la-finalul-lunii-iulie-ploi-putine-si-doar-pe-arii-restranse\/#primaryimage"},"thumbnailUrl":"https:\/\/www.green24.ro\/wp-content\/uploads\/2022\/07\/pexels-andrea-piacquadio-3755828.jpeg","datePublished":"2022-07-19T11:00:49+00:00","dateModified":"2022-07-19T11:00:50+00:00","description":"Canicula va cuprinde \u00eentreaga \u0163ar\u0103 pe parcursul urm\u0103toarelor dou\u0103 s\u0103pt\u0103m\u00e2ni, cu valori termice maxime ce vor ajunge u\u015for la 38 de grade Celsius, \u00een timp ce ploile vor fi foarte rare \u015fi se vor semnala doar pe arii restr\u00e2nse, arat\u0103 prognoza Administra\u0163iei Na\u0163ionale de Meteorologie (ANM), valabil\u0103 pentru intervalul 18 \u2013 31 iulie, conform Agerpres.","breadcrumb":{"@id":"https:\/\/www.green24.ro\/index.php\/2022\/07\/19\/vreme-caniculara-in-romania-temperaturi-de-38-de-grade-pana-la-finalul-lunii-iulie-ploi-putine-si-doar-pe-arii-restranse\/#breadcrumb"},"inLanguage":"en-US","potentialAction":[{"@type":"ReadAction","target":["https:\/\/www.green24.ro\/index.php\/2022\/07\/19\/vreme-caniculara-in-romania-temperaturi-de-38-de-grade-pana-la-finalul-lunii-iulie-ploi-putine-si-doar-pe-arii-restranse\/"]}]},{"@type":"ImageObject","inLanguage":"en-US","@id":"https:\/\/www.green24.ro\/index.php\/2022\/07\/19\/vreme-caniculara-in-romania-temperaturi-de-38-de-grade-pana-la-finalul-lunii-iulie-ploi-putine-si-doar-pe-arii-restranse\/#primaryimage","url":"https:\/\/www.green24.ro\/wp-content\/uploads\/2022\/07\/pexels-andrea-piacquadio-3755828.jpeg","contentUrl":"https:\/\/www.green24.ro\/wp-content\/uploads\/2022\/07\/pexels-andrea-piacquadio-3755828.jpeg","width":1280,"height":853,"caption":"Vreme canicular\u0103 \u00een Rom\u00e2nia"},{"@type":"BreadcrumbList","@id":"https:\/\/www.green24.ro\/index.php\/2022\/07\/19\/vreme-caniculara-in-romania-temperaturi-de-38-de-grade-pana-la-finalul-lunii-iulie-ploi-putine-si-doar-pe-arii-restranse\/#breadcrumb","itemListElement":[{"@type":"ListItem","position":1,"name":"Home","item":"https:\/\/www.green24.ro\/"},{"@type":"ListItem","position":2,"name":"Vreme canicular\u0103 \u00een Rom\u00e2nia: Temperaturi de 38 de grade, p\u00e2n\u0103 la finalul lunii iulie, ploi pu\u021bine \u0219i doar pe arii restr\u00e2nse"}]},{"@type":"WebSite","@id":"https:\/\/www.green24.ro\/#website","url":"https:\/\/www.green24.ro\/","name":"Green24.ro","description":"Antreprenoriat verde si responsabilitatea social\u0103","publisher":{"@id":"https:\/\/www.green24.ro\/#organization"},"potentialAction":[{"@type":"SearchAction","target":{"@type":"EntryPoint","urlTemplate":"https:\/\/www.green24.ro\/?s={search_term_string}"},"query-input":{"@type":"PropertyValueSpecification","valueRequired":true,"valueName":"search_term_string"}}],"inLanguage":"en-US"},{"@type":"Organization","@id":"https:\/\/www.green24.ro\/#organization","name":"Green24","url":"https:\/\/www.green24.ro\/","logo":{"@type":"ImageObject","inLanguage":"en-US","@id":"https:\/\/www.green24.ro\/#\/schema\/logo\/image\/","url":"https:\/\/www.green24.ro\/wp-content\/uploads\/2022\/02\/green24-17-e1643806452346.png","contentUrl":"https:\/\/www.green24.ro\/wp-content\/uploads\/2022\/02\/green24-17-e1643806452346.png","width":174,"height":174,"caption":"Green24"},"image":{"@id":"https:\/\/www.green24.ro\/#\/schema\/logo\/image\/"},"sameAs":["https:\/\/www.facebook.com\/green24ro\/"]},{"@type":"Person","@id":"https:\/\/www.green24.ro\/#\/schema\/person\/607a8c12d4548837cb79d52bb2437572","name":"Redactia Green24","image":{"@type":"ImageObject","inLanguage":"en-US","@id":"https:\/\/www.green24.ro\/#\/schema\/person\/image\/","url":"https:\/\/secure.gravatar.com\/avatar\/c9f4d5614769dc0a9dfdfed961c82ea6?s=96&d=mm&r=g","contentUrl":"https:\/\/secure.gravatar.com\/avatar\/c9f4d5614769dc0a9dfdfed961c82ea6?s=96&d=mm&r=g","caption":"Redactia Green24"},"sameAs":["http:\/\/www.green24.ro"],"url":"https:\/\/www.green24.ro\/index.php\/author\/green24\/"}]}},"jetpack_publicize_connections":[],"jetpack_featured_media_url":"https:\/\/www.green24.ro\/wp-content\/uploads\/2022\/07\/pexels-andrea-piacquadio-3755828.jpeg","jetpack_sharing_enabled":true,"_links":{"self":[{"href":"https:\/\/www.green24.ro\/index.php\/wp-json\/wp\/v2\/posts\/1244","targetHints":{"allow":["GET"]}}],"collection":[{"href":"https:\/\/www.green24.ro\/index.php\/wp-json\/wp\/v2\/posts"}],"about":[{"href":"https:\/\/www.green24.ro\/index.php\/wp-json\/wp\/v2\/types\/post"}],"author":[{"embeddable":true,"href":"https:\/\/www.green24.ro\/index.php\/wp-json\/wp\/v2\/users\/3"}],"replies":[{"embeddable":true,"href":"https:\/\/www.green24.ro\/index.php\/wp-json\/wp\/v2\/comments?post=1244"}],"version-history":[{"count":1,"href":"https:\/\/www.green24.ro\/index.php\/wp-json\/wp\/v2\/posts\/1244\/revisions"}],"predecessor-version":[{"id":1246,"href":"https:\/\/www.green24.ro\/index.php\/wp-json\/wp\/v2\/posts\/1244\/revisions\/1246"}],"wp:featuredmedia":[{"embeddable":true,"href":"https:\/\/www.green24.ro\/index.php\/wp-json\/wp\/v2\/media\/1245"}],"wp:attachment":[{"href":"https:\/\/www.green24.ro\/index.php\/wp-json\/wp\/v2\/media?parent=1244"}],"wp:term":[{"taxonomy":"category","embeddable":true,"href":"https:\/\/www.green24.ro\/index.php\/wp-json\/wp\/v2\/categories?post=1244"},{"taxonomy":"post_tag","embeddable":true,"href":"https:\/\/www.green24.ro\/index.php\/wp-json\/wp\/v2\/tags?post=1244"}],"curies":[{"name":"wp","href":"https:\/\/api.w.org\/{rel}","templated":true}]}}