{"id":1241,"date":"2022-07-19T12:29:46","date_gmt":"2022-07-19T10:29:46","guid":{"rendered":"https:\/\/www.green24.ro\/?p=1241"},"modified":"2022-07-19T12:29:47","modified_gmt":"2022-07-19T10:29:47","slug":"debitul-dunarii-la-intrarea-in-tara-de-aproape-25-ori-mai-mic-decat-media-lunii-iulie","status":"publish","type":"post","link":"https:\/\/www.green24.ro\/index.php\/2022\/07\/19\/debitul-dunarii-la-intrarea-in-tara-de-aproape-25-ori-mai-mic-decat-media-lunii-iulie\/","title":{"rendered":"Debitul Dun\u0103rii la intrarea \u00een \u0163ar\u0103, de aproape 2,5 ori mai mic dec\u00e2t media lunii iulie"},"content":{"rendered":"<p style=\"text-align: justify;\"><strong>Debitul fluviului Dun\u0103rii la intrarea \u00een \u0163ar\u0103 (sec\u0163iunea Bazia\u015f) va fi \u00een sc\u0103dere pe parcursul s\u0103pt\u0103m\u00e2nii viitoare p\u00e2n\u0103 la valoarea de 2.150 metri cubi pe secund\u0103 (mc\/s), situ\u00e2ndu-se mult sub media multianual\u0103 a lunii iulie (5.350 mc\/s), arat\u0103 prognoza realizat\u0103 de Institutul Na\u0163ional de Hidrologie \u015fi Gospod\u0103rire a Apelor (INHGA), valabil\u0103 p\u00e2n\u0103 pe 23 iulie 2022, relateaz\u0103 Agerpres.<\/strong><\/p>\n<p style=\"text-align: justify;\">\u00cen aval de Por\u0163ile de Fier debitele vor fi \u00een general \u00een sc\u0103dere, except\u00e2nd prima zi ale intervalului de prognoz\u0103, c\u00e2nd vor fi \u00een u\u015foar\u0103 cre\u015ftere pe sectorul Zimnicea \u2013 Giurgiu.<\/p>\n<p style=\"text-align: justify;\">Pentru r\u00e2urile din \u0163ar\u0103, prognoza de specialitate arat\u0103 c\u0103, \u00een perioada 17 \u2013 23 iulie 2022, debitele medii zilnice vor fi relativ sta\u0163ionare.<\/p>\n<p style=\"text-align: justify;\">\u201e<strong>Pe toat\u0103 durata intervalului de prognoz\u0103, sunt posibile cre\u015fteri izolate de niveluri \u015fi debite, pe unele r\u00e2uri din zona de munte, ca urmare a precipita\u0163iilor slabe cantitativ, sub form\u0103 de avers\u0103, prognozate<\/strong>\u201d, avertizeaz\u0103 hidrologii.<\/p>\n<p style=\"text-align: justify;\">Potrivit prognozei lunare emise de hidrologi, \u00een luna iulie 2022, regimul hidrologic se va situa la valori cuprinse \u00eentre 30-50% din mediile multianuale lunare, mai mari (50-80%) pe cursul superior al Jiului \u015fi pe r\u00e2urile din bazinul superior \u015fi mijlociu al Ialomi\u0163ei \u015fi mai mici (sub 30%) pe r\u00e2urile din bazinele hidrografice: T\u00e2rnava Mic\u0103, T\u00e2rnava Mare, C\u0103lm\u0103\u0163ui, Buz\u0103u, Rm. S\u0103rat, Putna, B\u00e2rlad, Moldova, Jijia, pe cursul superior al Mure\u015fului, pe cursul Siretului, pe cursul mijlociu \u015fi inferior al Prutului \u015fi pe r\u00e2urile din Dobrogea.<\/p>\n<p style=\"text-align: justify;\">\u00cen aceast\u0103 lun\u0103 sunt posibile scurgeri importante pe versan\u0163i, toren\u0163i, p\u00e2raie \u015fi viituri rapide pe unele r\u00e2uri din zonele de deal \u015fi munte \u015fi cre\u015fteri mai \u00eensemnate de niveluri \u015fi debite, cu dep\u0103\u015firea Cotelor de Ap\u0103rare pe unele r\u00e2uri, \u00eendeosebi din jum\u0103tatea de nord a \u0163\u0103rii, datorit\u0103 precipita\u0163iilor sub form\u0103 de avers\u0103 \u015fi cu caracter toren\u0163ial, specifice acestei luni.<\/p>\n<pre><strong>surse: <a href=\"https:\/\/www.g4media.ro\/debitul-dunarii-la-intrarea-in-tara-de-aproape-25-ori-mai-mic-decat-media-lunii-iulie.html\">g4media<\/a>, <a href=\"https:\/\/www.pexels.com\/photo\/white-and-black-house-located-at-riverside-on-mountain-slope-at-daytime-163572\/\">foto<\/a><\/strong><\/pre>\n","protected":false},"excerpt":{"rendered":"<p>Debitul fluviului Dun\u0103rii la intrarea \u00een \u0163ar\u0103 (sec\u0163iunea Bazia\u015f) va fi \u00een sc\u0103dere pe parcursul s\u0103pt\u0103m\u00e2nii viitoare p\u00e2n\u0103 la valoarea de 2.150 metri cubi pe secund\u0103 (mc\/s), situ\u00e2ndu-se mult sub media multianual\u0103 a lunii iulie (5.350 mc\/s), arat\u0103 prognoza realizat\u0103 de Institutul Na\u0163ional de Hidrologie \u015fi Gospod\u0103rire a Apelor (INHGA), [&hellip;]<\/p>\n","protected":false},"author":1,"featured_media":1239,"comment_status":"open","ping_status":"open","sticky":false,"template":"","format":"standard","meta":{"content-type":"","footnotes":"","jetpack_publicize_message":"","jetpack_publicize_feature_enabled":true,"jetpack_social_post_already_shared":true,"jetpack_social_options":{"image_generator_settings":{"template":"highway","default_image_id":0,"font":"","enabled":false},"version":2}},"categories":[5,1,6,10],"tags":[],"class_list":["post-1241","post","type-post","status-publish","format-standard","has-post-thumbnail","hentry","category-blog","category-general","category-prime","category-slide"],"yoast_head":"<!-- This site is optimized with the Yoast SEO plugin v24.9 - https:\/\/yoast.com\/wordpress\/plugins\/seo\/ -->\n<title>Debitul Dun\u0103rii la intrarea \u00een \u0163ar\u0103, de aproape 2,5 ori mai mic dec\u00e2t media lunii iulie - Green24.ro<\/title>\n<meta name=\"description\" content=\"Debitul fluviului Dun\u0103rii la intrarea \u00een \u0163ar\u0103 (sec\u0163iunea Bazia\u015f) va fi \u00een sc\u0103dere pe parcursul s\u0103pt\u0103m\u00e2nii viitoare p\u00e2n\u0103 la valoarea de 2.150 metri cubi pe secund\u0103 (mc\/s), situ\u00e2ndu-se mult sub media multianual\u0103 a lunii iulie (5.350 mc\/s), arat\u0103 prognoza realizat\u0103 de Institutul Na\u0163ional de Hidrologie \u015fi Gospod\u0103rire a Apelor (INHGA), valabil\u0103 p\u00e2n\u0103 pe 23 iulie 2022, relateaz\u0103 Agerpres.\" \/>\n<meta name=\"robots\" content=\"index, follow, max-snippet:-1, max-image-preview:large, max-video-preview:-1\" \/>\n<link rel=\"canonical\" href=\"https:\/\/www.green24.ro\/index.php\/2022\/07\/19\/debitul-dunarii-la-intrarea-in-tara-de-aproape-25-ori-mai-mic-decat-media-lunii-iulie\/\" \/>\n<meta property=\"og:locale\" content=\"en_US\" \/>\n<meta property=\"og:type\" content=\"article\" \/>\n<meta property=\"og:title\" content=\"Debitul Dun\u0103rii la intrarea \u00een \u0163ar\u0103, de aproape 2,5 ori mai mic dec\u00e2t media lunii iulie - Green24.ro\" \/>\n<meta property=\"og:description\" content=\"Debitul fluviului Dun\u0103rii la intrarea \u00een \u0163ar\u0103 (sec\u0163iunea Bazia\u015f) va fi \u00een sc\u0103dere pe parcursul s\u0103pt\u0103m\u00e2nii viitoare p\u00e2n\u0103 la valoarea de 2.150 metri cubi pe secund\u0103 (mc\/s), situ\u00e2ndu-se mult sub media multianual\u0103 a lunii iulie (5.350 mc\/s), arat\u0103 prognoza realizat\u0103 de Institutul Na\u0163ional de Hidrologie \u015fi Gospod\u0103rire a Apelor (INHGA), valabil\u0103 p\u00e2n\u0103 pe 23 iulie 2022, relateaz\u0103 Agerpres.\" \/>\n<meta property=\"og:url\" content=\"https:\/\/www.green24.ro\/index.php\/2022\/07\/19\/debitul-dunarii-la-intrarea-in-tara-de-aproape-25-ori-mai-mic-decat-media-lunii-iulie\/\" \/>\n<meta property=\"og:site_name\" content=\"Green24.ro\" \/>\n<meta property=\"article:publisher\" content=\"https:\/\/www.facebook.com\/green24ro\/\" \/>\n<meta property=\"article:author\" content=\"https:\/\/www.facebook.com\/green24ro\/\" \/>\n<meta property=\"article:published_time\" content=\"2022-07-19T10:29:46+00:00\" \/>\n<meta property=\"article:modified_time\" content=\"2022-07-19T10:29:47+00:00\" \/>\n<meta property=\"og:image\" content=\"https:\/\/www.green24.ro\/wp-content\/uploads\/2022\/07\/pexels-pixabay-163572.jpeg\" \/>\n\t<meta property=\"og:image:width\" content=\"1280\" \/>\n\t<meta property=\"og:image:height\" content=\"890\" \/>\n\t<meta property=\"og:image:type\" content=\"image\/jpeg\" \/>\n<meta name=\"author\" content=\"Redactia Green24\" \/>\n<meta name=\"twitter:card\" content=\"summary_large_image\" \/>\n<meta name=\"twitter:label1\" content=\"Written by\" \/>\n\t<meta name=\"twitter:data1\" content=\"Redactia Green24\" \/>\n\t<meta name=\"twitter:label2\" content=\"Est. reading time\" \/>\n\t<meta name=\"twitter:data2\" content=\"2 minutes\" \/>\n<script type=\"application\/ld+json\" class=\"yoast-schema-graph\">{\"@context\":\"https:\/\/schema.org\",\"@graph\":[{\"@type\":\"Article\",\"@id\":\"https:\/\/www.green24.ro\/index.php\/2022\/07\/19\/debitul-dunarii-la-intrarea-in-tara-de-aproape-25-ori-mai-mic-decat-media-lunii-iulie\/#article\",\"isPartOf\":{\"@id\":\"https:\/\/www.green24.ro\/index.php\/2022\/07\/19\/debitul-dunarii-la-intrarea-in-tara-de-aproape-25-ori-mai-mic-decat-media-lunii-iulie\/\"},\"author\":{\"name\":\"Redactia Green24\",\"@id\":\"https:\/\/www.green24.ro\/#\/schema\/person\/275c7d10a2dd4fb528a2c0ad5d633496\"},\"headline\":\"Debitul Dun\u0103rii la intrarea \u00een \u0163ar\u0103, de aproape 2,5 ori mai mic dec\u00e2t media lunii iulie\",\"datePublished\":\"2022-07-19T10:29:46+00:00\",\"dateModified\":\"2022-07-19T10:29:47+00:00\",\"mainEntityOfPage\":{\"@id\":\"https:\/\/www.green24.ro\/index.php\/2022\/07\/19\/debitul-dunarii-la-intrarea-in-tara-de-aproape-25-ori-mai-mic-decat-media-lunii-iulie\/\"},\"wordCount\":342,\"commentCount\":0,\"publisher\":{\"@id\":\"https:\/\/www.green24.ro\/#organization\"},\"image\":{\"@id\":\"https:\/\/www.green24.ro\/index.php\/2022\/07\/19\/debitul-dunarii-la-intrarea-in-tara-de-aproape-25-ori-mai-mic-decat-media-lunii-iulie\/#primaryimage\"},\"thumbnailUrl\":\"https:\/\/www.green24.ro\/wp-content\/uploads\/2022\/07\/pexels-pixabay-163572.jpeg\",\"articleSection\":[\"Blog\",\"General\",\"Prime\",\"Slide\"],\"inLanguage\":\"en-US\",\"potentialAction\":[{\"@type\":\"CommentAction\",\"name\":\"Comment\",\"target\":[\"https:\/\/www.green24.ro\/index.php\/2022\/07\/19\/debitul-dunarii-la-intrarea-in-tara-de-aproape-25-ori-mai-mic-decat-media-lunii-iulie\/#respond\"]}]},{\"@type\":\"WebPage\",\"@id\":\"https:\/\/www.green24.ro\/index.php\/2022\/07\/19\/debitul-dunarii-la-intrarea-in-tara-de-aproape-25-ori-mai-mic-decat-media-lunii-iulie\/\",\"url\":\"https:\/\/www.green24.ro\/index.php\/2022\/07\/19\/debitul-dunarii-la-intrarea-in-tara-de-aproape-25-ori-mai-mic-decat-media-lunii-iulie\/\",\"name\":\"Debitul Dun\u0103rii la intrarea \u00een \u0163ar\u0103, de aproape 2,5 ori mai mic dec\u00e2t media lunii iulie - Green24.ro\",\"isPartOf\":{\"@id\":\"https:\/\/www.green24.ro\/#website\"},\"primaryImageOfPage\":{\"@id\":\"https:\/\/www.green24.ro\/index.php\/2022\/07\/19\/debitul-dunarii-la-intrarea-in-tara-de-aproape-25-ori-mai-mic-decat-media-lunii-iulie\/#primaryimage\"},\"image\":{\"@id\":\"https:\/\/www.green24.ro\/index.php\/2022\/07\/19\/debitul-dunarii-la-intrarea-in-tara-de-aproape-25-ori-mai-mic-decat-media-lunii-iulie\/#primaryimage\"},\"thumbnailUrl\":\"https:\/\/www.green24.ro\/wp-content\/uploads\/2022\/07\/pexels-pixabay-163572.jpeg\",\"datePublished\":\"2022-07-19T10:29:46+00:00\",\"dateModified\":\"2022-07-19T10:29:47+00:00\",\"description\":\"Debitul fluviului Dun\u0103rii la intrarea \u00een \u0163ar\u0103 (sec\u0163iunea Bazia\u015f) va fi \u00een sc\u0103dere pe parcursul s\u0103pt\u0103m\u00e2nii viitoare p\u00e2n\u0103 la valoarea de 2.150 metri cubi pe secund\u0103 (mc\/s), situ\u00e2ndu-se mult sub media multianual\u0103 a lunii iulie (5.350 mc\/s), arat\u0103 prognoza realizat\u0103 de Institutul Na\u0163ional de Hidrologie \u015fi Gospod\u0103rire a Apelor (INHGA), valabil\u0103 p\u00e2n\u0103 pe 23 iulie 2022, relateaz\u0103 Agerpres.\",\"breadcrumb\":{\"@id\":\"https:\/\/www.green24.ro\/index.php\/2022\/07\/19\/debitul-dunarii-la-intrarea-in-tara-de-aproape-25-ori-mai-mic-decat-media-lunii-iulie\/#breadcrumb\"},\"inLanguage\":\"en-US\",\"potentialAction\":[{\"@type\":\"ReadAction\",\"target\":[\"https:\/\/www.green24.ro\/index.php\/2022\/07\/19\/debitul-dunarii-la-intrarea-in-tara-de-aproape-25-ori-mai-mic-decat-media-lunii-iulie\/\"]}]},{\"@type\":\"ImageObject\",\"inLanguage\":\"en-US\",\"@id\":\"https:\/\/www.green24.ro\/index.php\/2022\/07\/19\/debitul-dunarii-la-intrarea-in-tara-de-aproape-25-ori-mai-mic-decat-media-lunii-iulie\/#primaryimage\",\"url\":\"https:\/\/www.green24.ro\/wp-content\/uploads\/2022\/07\/pexels-pixabay-163572.jpeg\",\"contentUrl\":\"https:\/\/www.green24.ro\/wp-content\/uploads\/2022\/07\/pexels-pixabay-163572.jpeg\",\"width\":1280,\"height\":890,\"caption\":\"Debitul Dun\u0103rii la intrarea \u00een \u0163ar\u0103, de aproape 2,5 ori mai mic dec\u00e2t media lunii iulie\"},{\"@type\":\"BreadcrumbList\",\"@id\":\"https:\/\/www.green24.ro\/index.php\/2022\/07\/19\/debitul-dunarii-la-intrarea-in-tara-de-aproape-25-ori-mai-mic-decat-media-lunii-iulie\/#breadcrumb\",\"itemListElement\":[{\"@type\":\"ListItem\",\"position\":1,\"name\":\"Home\",\"item\":\"https:\/\/www.green24.ro\/\"},{\"@type\":\"ListItem\",\"position\":2,\"name\":\"Debitul Dun\u0103rii la intrarea \u00een \u0163ar\u0103, de aproape 2,5 ori mai mic dec\u00e2t media lunii iulie\"}]},{\"@type\":\"WebSite\",\"@id\":\"https:\/\/www.green24.ro\/#website\",\"url\":\"https:\/\/www.green24.ro\/\",\"name\":\"Green24.ro\",\"description\":\"Antreprenoriat verde si responsabilitatea social\u0103\",\"publisher\":{\"@id\":\"https:\/\/www.green24.ro\/#organization\"},\"potentialAction\":[{\"@type\":\"SearchAction\",\"target\":{\"@type\":\"EntryPoint\",\"urlTemplate\":\"https:\/\/www.green24.ro\/?s={search_term_string}\"},\"query-input\":{\"@type\":\"PropertyValueSpecification\",\"valueRequired\":true,\"valueName\":\"search_term_string\"}}],\"inLanguage\":\"en-US\"},{\"@type\":\"Organization\",\"@id\":\"https:\/\/www.green24.ro\/#organization\",\"name\":\"Green24\",\"url\":\"https:\/\/www.green24.ro\/\",\"logo\":{\"@type\":\"ImageObject\",\"inLanguage\":\"en-US\",\"@id\":\"https:\/\/www.green24.ro\/#\/schema\/logo\/image\/\",\"url\":\"https:\/\/www.green24.ro\/wp-content\/uploads\/2022\/02\/green24-17-e1643806452346.png\",\"contentUrl\":\"https:\/\/www.green24.ro\/wp-content\/uploads\/2022\/02\/green24-17-e1643806452346.png\",\"width\":174,\"height\":174,\"caption\":\"Green24\"},\"image\":{\"@id\":\"https:\/\/www.green24.ro\/#\/schema\/logo\/image\/\"},\"sameAs\":[\"https:\/\/www.facebook.com\/green24ro\/\"]},{\"@type\":\"Person\",\"@id\":\"https:\/\/www.green24.ro\/#\/schema\/person\/275c7d10a2dd4fb528a2c0ad5d633496\",\"name\":\"Redactia Green24\",\"image\":{\"@type\":\"ImageObject\",\"inLanguage\":\"en-US\",\"@id\":\"https:\/\/www.green24.ro\/#\/schema\/person\/image\/\",\"url\":\"https:\/\/secure.gravatar.com\/avatar\/ff0d3a759f98829f7ca35637ba02cb3c?s=96&d=mm&r=g\",\"contentUrl\":\"https:\/\/secure.gravatar.com\/avatar\/ff0d3a759f98829f7ca35637ba02cb3c?s=96&d=mm&r=g\",\"caption\":\"Redactia Green24\"},\"description\":\"Green24.ro este sursa zilnic\u0103 de \u0219tiri, online, pentru cei interesa\u021bi de mediul \u00eenconjur\u0103tor.\",\"sameAs\":[\"https:\/\/green24.ro\",\"https:\/\/www.facebook.com\/green24ro\/\"],\"url\":\"https:\/\/www.green24.ro\/index.php\/author\/admin\/\"}]}<\/script>\n<!-- \/ Yoast SEO plugin. -->","yoast_head_json":{"title":"Debitul Dun\u0103rii la intrarea \u00een \u0163ar\u0103, de aproape 2,5 ori mai mic dec\u00e2t media lunii iulie - Green24.ro","description":"Debitul fluviului Dun\u0103rii la intrarea \u00een \u0163ar\u0103 (sec\u0163iunea Bazia\u015f) va fi \u00een sc\u0103dere pe parcursul s\u0103pt\u0103m\u00e2nii viitoare p\u00e2n\u0103 la valoarea de 2.150 metri cubi pe secund\u0103 (mc\/s), situ\u00e2ndu-se mult sub media multianual\u0103 a lunii iulie (5.350 mc\/s), arat\u0103 prognoza realizat\u0103 de Institutul Na\u0163ional de Hidrologie \u015fi Gospod\u0103rire a Apelor (INHGA), valabil\u0103 p\u00e2n\u0103 pe 23 iulie 2022, relateaz\u0103 Agerpres.","robots":{"index":"index","follow":"follow","max-snippet":"max-snippet:-1","max-image-preview":"max-image-preview:large","max-video-preview":"max-video-preview:-1"},"canonical":"https:\/\/www.green24.ro\/index.php\/2022\/07\/19\/debitul-dunarii-la-intrarea-in-tara-de-aproape-25-ori-mai-mic-decat-media-lunii-iulie\/","og_locale":"en_US","og_type":"article","og_title":"Debitul Dun\u0103rii la intrarea \u00een \u0163ar\u0103, de aproape 2,5 ori mai mic dec\u00e2t media lunii iulie - Green24.ro","og_description":"Debitul fluviului Dun\u0103rii la intrarea \u00een \u0163ar\u0103 (sec\u0163iunea Bazia\u015f) va fi \u00een sc\u0103dere pe parcursul s\u0103pt\u0103m\u00e2nii viitoare p\u00e2n\u0103 la valoarea de 2.150 metri cubi pe secund\u0103 (mc\/s), situ\u00e2ndu-se mult sub media multianual\u0103 a lunii iulie (5.350 mc\/s), arat\u0103 prognoza realizat\u0103 de Institutul Na\u0163ional de Hidrologie \u015fi Gospod\u0103rire a Apelor (INHGA), valabil\u0103 p\u00e2n\u0103 pe 23 iulie 2022, relateaz\u0103 Agerpres.","og_url":"https:\/\/www.green24.ro\/index.php\/2022\/07\/19\/debitul-dunarii-la-intrarea-in-tara-de-aproape-25-ori-mai-mic-decat-media-lunii-iulie\/","og_site_name":"Green24.ro","article_publisher":"https:\/\/www.facebook.com\/green24ro\/","article_author":"https:\/\/www.facebook.com\/green24ro\/","article_published_time":"2022-07-19T10:29:46+00:00","article_modified_time":"2022-07-19T10:29:47+00:00","og_image":[{"width":1280,"height":890,"url":"https:\/\/www.green24.ro\/wp-content\/uploads\/2022\/07\/pexels-pixabay-163572.jpeg","type":"image\/jpeg"}],"author":"Redactia Green24","twitter_card":"summary_large_image","twitter_misc":{"Written by":"Redactia Green24","Est. reading time":"2 minutes"},"schema":{"@context":"https:\/\/schema.org","@graph":[{"@type":"Article","@id":"https:\/\/www.green24.ro\/index.php\/2022\/07\/19\/debitul-dunarii-la-intrarea-in-tara-de-aproape-25-ori-mai-mic-decat-media-lunii-iulie\/#article","isPartOf":{"@id":"https:\/\/www.green24.ro\/index.php\/2022\/07\/19\/debitul-dunarii-la-intrarea-in-tara-de-aproape-25-ori-mai-mic-decat-media-lunii-iulie\/"},"author":{"name":"Redactia Green24","@id":"https:\/\/www.green24.ro\/#\/schema\/person\/275c7d10a2dd4fb528a2c0ad5d633496"},"headline":"Debitul Dun\u0103rii la intrarea \u00een \u0163ar\u0103, de aproape 2,5 ori mai mic dec\u00e2t media lunii iulie","datePublished":"2022-07-19T10:29:46+00:00","dateModified":"2022-07-19T10:29:47+00:00","mainEntityOfPage":{"@id":"https:\/\/www.green24.ro\/index.php\/2022\/07\/19\/debitul-dunarii-la-intrarea-in-tara-de-aproape-25-ori-mai-mic-decat-media-lunii-iulie\/"},"wordCount":342,"commentCount":0,"publisher":{"@id":"https:\/\/www.green24.ro\/#organization"},"image":{"@id":"https:\/\/www.green24.ro\/index.php\/2022\/07\/19\/debitul-dunarii-la-intrarea-in-tara-de-aproape-25-ori-mai-mic-decat-media-lunii-iulie\/#primaryimage"},"thumbnailUrl":"https:\/\/www.green24.ro\/wp-content\/uploads\/2022\/07\/pexels-pixabay-163572.jpeg","articleSection":["Blog","General","Prime","Slide"],"inLanguage":"en-US","potentialAction":[{"@type":"CommentAction","name":"Comment","target":["https:\/\/www.green24.ro\/index.php\/2022\/07\/19\/debitul-dunarii-la-intrarea-in-tara-de-aproape-25-ori-mai-mic-decat-media-lunii-iulie\/#respond"]}]},{"@type":"WebPage","@id":"https:\/\/www.green24.ro\/index.php\/2022\/07\/19\/debitul-dunarii-la-intrarea-in-tara-de-aproape-25-ori-mai-mic-decat-media-lunii-iulie\/","url":"https:\/\/www.green24.ro\/index.php\/2022\/07\/19\/debitul-dunarii-la-intrarea-in-tara-de-aproape-25-ori-mai-mic-decat-media-lunii-iulie\/","name":"Debitul Dun\u0103rii la intrarea \u00een \u0163ar\u0103, de aproape 2,5 ori mai mic dec\u00e2t media lunii iulie - Green24.ro","isPartOf":{"@id":"https:\/\/www.green24.ro\/#website"},"primaryImageOfPage":{"@id":"https:\/\/www.green24.ro\/index.php\/2022\/07\/19\/debitul-dunarii-la-intrarea-in-tara-de-aproape-25-ori-mai-mic-decat-media-lunii-iulie\/#primaryimage"},"image":{"@id":"https:\/\/www.green24.ro\/index.php\/2022\/07\/19\/debitul-dunarii-la-intrarea-in-tara-de-aproape-25-ori-mai-mic-decat-media-lunii-iulie\/#primaryimage"},"thumbnailUrl":"https:\/\/www.green24.ro\/wp-content\/uploads\/2022\/07\/pexels-pixabay-163572.jpeg","datePublished":"2022-07-19T10:29:46+00:00","dateModified":"2022-07-19T10:29:47+00:00","description":"Debitul fluviului Dun\u0103rii la intrarea \u00een \u0163ar\u0103 (sec\u0163iunea Bazia\u015f) va fi \u00een sc\u0103dere pe parcursul s\u0103pt\u0103m\u00e2nii viitoare p\u00e2n\u0103 la valoarea de 2.150 metri cubi pe secund\u0103 (mc\/s), situ\u00e2ndu-se mult sub media multianual\u0103 a lunii iulie (5.350 mc\/s), arat\u0103 prognoza realizat\u0103 de Institutul Na\u0163ional de Hidrologie \u015fi Gospod\u0103rire a Apelor (INHGA), valabil\u0103 p\u00e2n\u0103 pe 23 iulie 2022, relateaz\u0103 Agerpres.","breadcrumb":{"@id":"https:\/\/www.green24.ro\/index.php\/2022\/07\/19\/debitul-dunarii-la-intrarea-in-tara-de-aproape-25-ori-mai-mic-decat-media-lunii-iulie\/#breadcrumb"},"inLanguage":"en-US","potentialAction":[{"@type":"ReadAction","target":["https:\/\/www.green24.ro\/index.php\/2022\/07\/19\/debitul-dunarii-la-intrarea-in-tara-de-aproape-25-ori-mai-mic-decat-media-lunii-iulie\/"]}]},{"@type":"ImageObject","inLanguage":"en-US","@id":"https:\/\/www.green24.ro\/index.php\/2022\/07\/19\/debitul-dunarii-la-intrarea-in-tara-de-aproape-25-ori-mai-mic-decat-media-lunii-iulie\/#primaryimage","url":"https:\/\/www.green24.ro\/wp-content\/uploads\/2022\/07\/pexels-pixabay-163572.jpeg","contentUrl":"https:\/\/www.green24.ro\/wp-content\/uploads\/2022\/07\/pexels-pixabay-163572.jpeg","width":1280,"height":890,"caption":"Debitul Dun\u0103rii la intrarea \u00een \u0163ar\u0103, de aproape 2,5 ori mai mic dec\u00e2t media lunii iulie"},{"@type":"BreadcrumbList","@id":"https:\/\/www.green24.ro\/index.php\/2022\/07\/19\/debitul-dunarii-la-intrarea-in-tara-de-aproape-25-ori-mai-mic-decat-media-lunii-iulie\/#breadcrumb","itemListElement":[{"@type":"ListItem","position":1,"name":"Home","item":"https:\/\/www.green24.ro\/"},{"@type":"ListItem","position":2,"name":"Debitul Dun\u0103rii la intrarea \u00een \u0163ar\u0103, de aproape 2,5 ori mai mic dec\u00e2t media lunii iulie"}]},{"@type":"WebSite","@id":"https:\/\/www.green24.ro\/#website","url":"https:\/\/www.green24.ro\/","name":"Green24.ro","description":"Antreprenoriat verde si responsabilitatea social\u0103","publisher":{"@id":"https:\/\/www.green24.ro\/#organization"},"potentialAction":[{"@type":"SearchAction","target":{"@type":"EntryPoint","urlTemplate":"https:\/\/www.green24.ro\/?s={search_term_string}"},"query-input":{"@type":"PropertyValueSpecification","valueRequired":true,"valueName":"search_term_string"}}],"inLanguage":"en-US"},{"@type":"Organization","@id":"https:\/\/www.green24.ro\/#organization","name":"Green24","url":"https:\/\/www.green24.ro\/","logo":{"@type":"ImageObject","inLanguage":"en-US","@id":"https:\/\/www.green24.ro\/#\/schema\/logo\/image\/","url":"https:\/\/www.green24.ro\/wp-content\/uploads\/2022\/02\/green24-17-e1643806452346.png","contentUrl":"https:\/\/www.green24.ro\/wp-content\/uploads\/2022\/02\/green24-17-e1643806452346.png","width":174,"height":174,"caption":"Green24"},"image":{"@id":"https:\/\/www.green24.ro\/#\/schema\/logo\/image\/"},"sameAs":["https:\/\/www.facebook.com\/green24ro\/"]},{"@type":"Person","@id":"https:\/\/www.green24.ro\/#\/schema\/person\/275c7d10a2dd4fb528a2c0ad5d633496","name":"Redactia Green24","image":{"@type":"ImageObject","inLanguage":"en-US","@id":"https:\/\/www.green24.ro\/#\/schema\/person\/image\/","url":"https:\/\/secure.gravatar.com\/avatar\/ff0d3a759f98829f7ca35637ba02cb3c?s=96&d=mm&r=g","contentUrl":"https:\/\/secure.gravatar.com\/avatar\/ff0d3a759f98829f7ca35637ba02cb3c?s=96&d=mm&r=g","caption":"Redactia Green24"},"description":"Green24.ro este sursa zilnic\u0103 de \u0219tiri, online, pentru cei interesa\u021bi de mediul \u00eenconjur\u0103tor.","sameAs":["https:\/\/green24.ro","https:\/\/www.facebook.com\/green24ro\/"],"url":"https:\/\/www.green24.ro\/index.php\/author\/admin\/"}]}},"jetpack_publicize_connections":[],"jetpack_featured_media_url":"https:\/\/www.green24.ro\/wp-content\/uploads\/2022\/07\/pexels-pixabay-163572.jpeg","jetpack_sharing_enabled":true,"_links":{"self":[{"href":"https:\/\/www.green24.ro\/index.php\/wp-json\/wp\/v2\/posts\/1241","targetHints":{"allow":["GET"]}}],"collection":[{"href":"https:\/\/www.green24.ro\/index.php\/wp-json\/wp\/v2\/posts"}],"about":[{"href":"https:\/\/www.green24.ro\/index.php\/wp-json\/wp\/v2\/types\/post"}],"author":[{"embeddable":true,"href":"https:\/\/www.green24.ro\/index.php\/wp-json\/wp\/v2\/users\/1"}],"replies":[{"embeddable":true,"href":"https:\/\/www.green24.ro\/index.php\/wp-json\/wp\/v2\/comments?post=1241"}],"version-history":[{"count":2,"href":"https:\/\/www.green24.ro\/index.php\/wp-json\/wp\/v2\/posts\/1241\/revisions"}],"predecessor-version":[{"id":1243,"href":"https:\/\/www.green24.ro\/index.php\/wp-json\/wp\/v2\/posts\/1241\/revisions\/1243"}],"wp:featuredmedia":[{"embeddable":true,"href":"https:\/\/www.green24.ro\/index.php\/wp-json\/wp\/v2\/media\/1239"}],"wp:attachment":[{"href":"https:\/\/www.green24.ro\/index.php\/wp-json\/wp\/v2\/media?parent=1241"}],"wp:term":[{"taxonomy":"category","embeddable":true,"href":"https:\/\/www.green24.ro\/index.php\/wp-json\/wp\/v2\/categories?post=1241"},{"taxonomy":"post_tag","embeddable":true,"href":"https:\/\/www.green24.ro\/index.php\/wp-json\/wp\/v2\/tags?post=1241"}],"curies":[{"name":"wp","href":"https:\/\/api.w.org\/{rel}","templated":true}]}}