{"id":1207,"date":"2022-07-13T13:05:00","date_gmt":"2022-07-13T11:05:00","guid":{"rendered":"https:\/\/www.green24.ro\/?p=1207"},"modified":"2022-07-11T13:11:12","modified_gmt":"2022-07-11T11:11:12","slug":"romania-are-la-dispozitie-trei-luni-sa-rezolve-defrisarile-ilegale","status":"publish","type":"post","link":"https:\/\/www.green24.ro\/index.php\/2022\/07\/13\/romania-are-la-dispozitie-trei-luni-sa-rezolve-defrisarile-ilegale\/","title":{"rendered":"Rom\u00e2nia are la dispozi\u021bie trei luni s\u0103 rezolve defri\u0219\u0103rile ilegale. Altfel, risc\u0103 sanc\u021biuni dure"},"content":{"rendered":"<p style=\"text-align: justify;\">Rom\u00e2nia a primit avertismente din partea UE \u015fi are la dispozi\u0163ie trei luni pentru a rezolva problema defri\u015f\u0103rilor ilegale, \u00een caz contrar risc\u00e2nd s\u0103 primeasc\u0103 sanc\u0163iuni dure de la nivel european, a spus, s\u00e2mb\u0103t\u0103, la Ia\u0219i, europarlamentarul Thomas Waitz (grupul Verzilor).<\/p>\n<p style=\"text-align: justify;\">Thomas Waitz a venit la Ia\u015fi pentru a lua parte la o dezbatere privind \u201eViitorul p\u0103durilor\u201d dar \u015fi pentru a vizita Codrii Ia\u015filor.<\/p>\n<p style=\"text-align: justify;\">&#8220;Am c\u0103l\u0103torit \u00een multe \u0163\u0103ri \u015fi am venit aici s\u0103 v\u0103d care este situa\u0163ia, pentru c\u0103 sunt multe probleme privind desp\u0103duririle. Am fost \u00een mai multe zone ale Rom\u00e2niei pentru a vedea situa\u0163ia. De aceea am venit \u015fi aici, s\u0103 v\u0103d \u00een aceast\u0103 dup\u0103 amiaz\u0103 Codrii Ia\u015filor. (&#8230;)<\/p>\n<p style=\"text-align: justify;\">Din p\u0103cate, toat\u0103 aceast\u0103 cantitate de lemn furat\u0103 din p\u0103durile din Rom\u00e2nia nu se compar\u0103 cu alte \u0163\u0103ri. Este o cantitate foarte mare. Rom\u00e2nia este considerat\u0103 \u00eentr-un fel ca fiind oaia neagr\u0103 a Europei.<\/p>\n<p style=\"text-align: justify;\">Deja a primit avertismente din partea UE. Rom\u00e2nia mai are trei luni pentru a rezolva aceast\u0103 situa\u0163ie. Este un adev\u0103rat dezastru ceea ce se \u00eent\u00e2mpl\u0103 \u00een \u0163ara dumneavoastr\u0103 din cauza acestor p\u0103duri t\u0103iate, mai ales c\u0103 sunt foarte multe p\u0103duri importante \u015fi seculare.<\/p>\n<p style=\"text-align: justify;\">Este foarte important ca Rom\u00e2nia \u00een aceste trei luni s\u0103 opreasc\u0103 aceste desp\u0103duriri&#8221;, a afirmat eurodeputatul.<\/p>\n<p style=\"text-align: justify;\">El a dat asigur\u0103ri c\u0103 va face presiuni \u00een UE pentru a implementa strategii referitoare la p\u0103duri.<\/p>\n<p style=\"text-align: justify;\">\u00cen cadrul dezbaterii privind &#8220;Viitorul p\u0103durilor&#8221;, eveniment organizat de Green European Foundation \u015fi Agent Green \u00eempreun\u0103 cu grupul de ini\u0163iativ\u0103 civic\u0103 Codrii Ia\u015filor, au fost organizate mai multe ateliere pe teme de mediu, \u00een mod special, privind soarta p\u0103durilor.<\/p>\n<p style=\"text-align: justify;\">Mihai Diac, reprezentant al ini\u0163iativei civice Codrii Ia\u015filor, a prezentat situa\u0163ia P\u0103durii B\u00e2rnova-Dobrov\u0103\u0163.<\/p>\n<p style=\"text-align: justify;\">&#8220;\u00cent\u00e2lnirea de ast\u0103zi a pus \u00eentr-un context european situa\u0163ia P\u0103durii B\u00e2rnova-Dobrov\u0103\u0163, aflat\u0103 la sud de Ia\u015fi. (&#8230;) Acum dou\u0103 zile am ie\u015fit la alergat \u015fi am v\u0103zut o ben\u0103 care transporta ilegal lemne t\u0103iate din p\u0103dure. Am sunat la 112 \u015fi apoi a r\u0103mas ca poli\u0163ia s\u0103 intercepteze doi metri cubi de lemne t\u0103iate ilegal. Nu este o problem\u0103 izolat\u0103, e una generalizat\u0103. Bena aceasta trecea pe l\u00e2ng\u0103 cantonul silvic unde lucra p\u0103durarul \u00een curte. Asta nu se \u00eent\u00e2mpl\u0103 f\u0103r\u0103 ca el s\u0103 \u015ftie&#8221;, a sus\u0163inut Diac.<\/p>\n<p style=\"text-align: justify;\">Raluca Nicolae, reprezentant Agent Green, a subliniat importan\u0163a desemn\u0103rii Codrii Ia\u015filor ca Parc Natural.<\/p>\n<p style=\"text-align: justify;\">&#8220;Este vorba de cantit\u0103\u0163i industriale. Sunt scoase camioane \u00eentregi. Noul amenajament silvic este acel plan al p\u0103durii pentru urm\u0103torii 10 ani. Presupune ca \u00een urm\u0103torii 10 ani din aceast\u0103 p\u0103dure s\u0103 ias\u0103 peste 750.000 metri cubi de lemn. \u00cencerc\u0103m s\u0103 reducem aceast\u0103 cantitate enorm\u0103 \u015fi s\u0103 cre\u015ftem suprafa\u0163a de protec\u0163ie de la 1% la 50%. Acesta este scopul nostru. Un alt scop extrem de important pentru noi este \u00eenfiin\u0163area Parcului Natural Codrii Ia\u015filor. Este o procedur\u0103 mai complex\u0103 \u015fi e nevoie de sprijin politic&#8221;, a spus Raluca Nicolae.<\/p>\n<pre>sursa: <a href=\"https:\/\/spotmedia.ro\/stiri\/mediu\/europarlamentar-romania-are-la-dispozitie-trei-luni-sa-rezolve-defrisarile-ilegale-altfel-risca-sanctiuni-dure\">spotmedia, foto Thomas Waitz<\/a><\/pre>\n","protected":false},"excerpt":{"rendered":"<p>Rom\u00e2nia a primit avertismente din partea UE \u015fi are la dispozi\u0163ie trei luni pentru a rezolva problema defri\u015f\u0103rilor ilegale, \u00een caz contrar risc\u00e2nd s\u0103 primeasc\u0103 sanc\u0163iuni dure de la nivel european, a spus, s\u00e2mb\u0103t\u0103, la Ia\u0219i, europarlamentarul Thomas Waitz (grupul Verzilor). Thomas Waitz a venit la Ia\u015fi pentru a lua [&hellip;]<\/p>\n","protected":false},"author":1,"featured_media":1208,"comment_status":"open","ping_status":"open","sticky":false,"template":"","format":"standard","meta":{"content-type":"","footnotes":"","jetpack_publicize_message":"","jetpack_publicize_feature_enabled":true,"jetpack_social_post_already_shared":true,"jetpack_social_options":{"image_generator_settings":{"template":"highway","default_image_id":0,"font":"","enabled":false},"version":2}},"categories":[5,9,1,3,6,10],"tags":[],"class_list":["post-1207","post","type-post","status-publish","format-standard","has-post-thumbnail","hentry","category-blog","category-company","category-general","category-legislatie","category-prime","category-slide"],"yoast_head":"<!-- This site is optimized with the Yoast SEO plugin v24.9 - https:\/\/yoast.com\/wordpress\/plugins\/seo\/ -->\n<title>Rom\u00e2nia are la dispozi\u021bie trei luni s\u0103 rezolve defri\u0219\u0103rile ilegale. Altfel, risc\u0103 sanc\u021biuni dure - Green24.ro<\/title>\n<meta name=\"description\" content=\"Rom\u00e2nia a primit avertismente din partea UE \u015fi are la dispozi\u0163ie trei luni pentru a rezolva problema defri\u015f\u0103rilor ilegale, \u00een caz contrar risc\u00e2nd s\u0103 primeasc\u0103 sanc\u0163iuni dure de la nivel european, a spus, s\u00e2mb\u0103t\u0103, la Ia\u0219i, europarlamentarul Thomas Waitz (grupul Verzilor).\" \/>\n<meta name=\"robots\" content=\"index, follow, max-snippet:-1, max-image-preview:large, max-video-preview:-1\" \/>\n<link rel=\"canonical\" href=\"https:\/\/www.green24.ro\/index.php\/2022\/07\/13\/romania-are-la-dispozitie-trei-luni-sa-rezolve-defrisarile-ilegale\/\" \/>\n<meta property=\"og:locale\" content=\"en_US\" \/>\n<meta property=\"og:type\" content=\"article\" \/>\n<meta property=\"og:title\" content=\"Rom\u00e2nia are la dispozi\u021bie trei luni s\u0103 rezolve defri\u0219\u0103rile ilegale. Altfel, risc\u0103 sanc\u021biuni dure - Green24.ro\" \/>\n<meta property=\"og:description\" content=\"Rom\u00e2nia a primit avertismente din partea UE \u015fi are la dispozi\u0163ie trei luni pentru a rezolva problema defri\u015f\u0103rilor ilegale, \u00een caz contrar risc\u00e2nd s\u0103 primeasc\u0103 sanc\u0163iuni dure de la nivel european, a spus, s\u00e2mb\u0103t\u0103, la Ia\u0219i, europarlamentarul Thomas Waitz (grupul Verzilor).\" \/>\n<meta property=\"og:url\" content=\"https:\/\/www.green24.ro\/index.php\/2022\/07\/13\/romania-are-la-dispozitie-trei-luni-sa-rezolve-defrisarile-ilegale\/\" \/>\n<meta property=\"og:site_name\" content=\"Green24.ro\" \/>\n<meta property=\"article:publisher\" content=\"https:\/\/www.facebook.com\/green24ro\/\" \/>\n<meta property=\"article:author\" content=\"https:\/\/www.facebook.com\/green24ro\/\" \/>\n<meta property=\"article:published_time\" content=\"2022-07-13T11:05:00+00:00\" \/>\n<meta property=\"og:image\" content=\"https:\/\/www.green24.ro\/wp-content\/uploads\/2022\/07\/Thomas-Waitz-770x540-1.jpeg\" \/>\n\t<meta property=\"og:image:width\" content=\"770\" \/>\n\t<meta property=\"og:image:height\" content=\"540\" \/>\n\t<meta property=\"og:image:type\" content=\"image\/jpeg\" \/>\n<meta name=\"author\" content=\"Redactia Green24\" \/>\n<meta name=\"twitter:card\" content=\"summary_large_image\" \/>\n<meta name=\"twitter:label1\" content=\"Written by\" \/>\n\t<meta name=\"twitter:data1\" content=\"Redactia Green24\" \/>\n\t<meta name=\"twitter:label2\" content=\"Est. reading time\" \/>\n\t<meta name=\"twitter:data2\" content=\"3 minutes\" \/>\n<script type=\"application\/ld+json\" class=\"yoast-schema-graph\">{\"@context\":\"https:\/\/schema.org\",\"@graph\":[{\"@type\":\"Article\",\"@id\":\"https:\/\/www.green24.ro\/index.php\/2022\/07\/13\/romania-are-la-dispozitie-trei-luni-sa-rezolve-defrisarile-ilegale\/#article\",\"isPartOf\":{\"@id\":\"https:\/\/www.green24.ro\/index.php\/2022\/07\/13\/romania-are-la-dispozitie-trei-luni-sa-rezolve-defrisarile-ilegale\/\"},\"author\":{\"name\":\"Redactia Green24\",\"@id\":\"https:\/\/www.green24.ro\/#\/schema\/person\/275c7d10a2dd4fb528a2c0ad5d633496\"},\"headline\":\"Rom\u00e2nia are la dispozi\u021bie trei luni s\u0103 rezolve defri\u0219\u0103rile ilegale. Altfel, risc\u0103 sanc\u021biuni dure\",\"datePublished\":\"2022-07-13T11:05:00+00:00\",\"mainEntityOfPage\":{\"@id\":\"https:\/\/www.green24.ro\/index.php\/2022\/07\/13\/romania-are-la-dispozitie-trei-luni-sa-rezolve-defrisarile-ilegale\/\"},\"wordCount\":549,\"commentCount\":0,\"publisher\":{\"@id\":\"https:\/\/www.green24.ro\/#organization\"},\"image\":{\"@id\":\"https:\/\/www.green24.ro\/index.php\/2022\/07\/13\/romania-are-la-dispozitie-trei-luni-sa-rezolve-defrisarile-ilegale\/#primaryimage\"},\"thumbnailUrl\":\"https:\/\/www.green24.ro\/wp-content\/uploads\/2022\/07\/Thomas-Waitz-770x540-1.jpeg\",\"articleSection\":[\"Blog\",\"Company\",\"General\",\"Legislatie\",\"Prime\",\"Slide\"],\"inLanguage\":\"en-US\",\"potentialAction\":[{\"@type\":\"CommentAction\",\"name\":\"Comment\",\"target\":[\"https:\/\/www.green24.ro\/index.php\/2022\/07\/13\/romania-are-la-dispozitie-trei-luni-sa-rezolve-defrisarile-ilegale\/#respond\"]}]},{\"@type\":\"WebPage\",\"@id\":\"https:\/\/www.green24.ro\/index.php\/2022\/07\/13\/romania-are-la-dispozitie-trei-luni-sa-rezolve-defrisarile-ilegale\/\",\"url\":\"https:\/\/www.green24.ro\/index.php\/2022\/07\/13\/romania-are-la-dispozitie-trei-luni-sa-rezolve-defrisarile-ilegale\/\",\"name\":\"Rom\u00e2nia are la dispozi\u021bie trei luni s\u0103 rezolve defri\u0219\u0103rile ilegale. Altfel, risc\u0103 sanc\u021biuni dure - Green24.ro\",\"isPartOf\":{\"@id\":\"https:\/\/www.green24.ro\/#website\"},\"primaryImageOfPage\":{\"@id\":\"https:\/\/www.green24.ro\/index.php\/2022\/07\/13\/romania-are-la-dispozitie-trei-luni-sa-rezolve-defrisarile-ilegale\/#primaryimage\"},\"image\":{\"@id\":\"https:\/\/www.green24.ro\/index.php\/2022\/07\/13\/romania-are-la-dispozitie-trei-luni-sa-rezolve-defrisarile-ilegale\/#primaryimage\"},\"thumbnailUrl\":\"https:\/\/www.green24.ro\/wp-content\/uploads\/2022\/07\/Thomas-Waitz-770x540-1.jpeg\",\"datePublished\":\"2022-07-13T11:05:00+00:00\",\"description\":\"Rom\u00e2nia a primit avertismente din partea UE \u015fi are la dispozi\u0163ie trei luni pentru a rezolva problema defri\u015f\u0103rilor ilegale, \u00een caz contrar risc\u00e2nd s\u0103 primeasc\u0103 sanc\u0163iuni dure de la nivel european, a spus, s\u00e2mb\u0103t\u0103, la Ia\u0219i, europarlamentarul Thomas Waitz (grupul Verzilor).\",\"breadcrumb\":{\"@id\":\"https:\/\/www.green24.ro\/index.php\/2022\/07\/13\/romania-are-la-dispozitie-trei-luni-sa-rezolve-defrisarile-ilegale\/#breadcrumb\"},\"inLanguage\":\"en-US\",\"potentialAction\":[{\"@type\":\"ReadAction\",\"target\":[\"https:\/\/www.green24.ro\/index.php\/2022\/07\/13\/romania-are-la-dispozitie-trei-luni-sa-rezolve-defrisarile-ilegale\/\"]}]},{\"@type\":\"ImageObject\",\"inLanguage\":\"en-US\",\"@id\":\"https:\/\/www.green24.ro\/index.php\/2022\/07\/13\/romania-are-la-dispozitie-trei-luni-sa-rezolve-defrisarile-ilegale\/#primaryimage\",\"url\":\"https:\/\/www.green24.ro\/wp-content\/uploads\/2022\/07\/Thomas-Waitz-770x540-1.jpeg\",\"contentUrl\":\"https:\/\/www.green24.ro\/wp-content\/uploads\/2022\/07\/Thomas-Waitz-770x540-1.jpeg\",\"width\":770,\"height\":540,\"caption\":\"Rom\u00e2nia are la dispozi\u021bie trei luni s\u0103 rezolve defri\u0219\u0103rile ilegale.\"},{\"@type\":\"BreadcrumbList\",\"@id\":\"https:\/\/www.green24.ro\/index.php\/2022\/07\/13\/romania-are-la-dispozitie-trei-luni-sa-rezolve-defrisarile-ilegale\/#breadcrumb\",\"itemListElement\":[{\"@type\":\"ListItem\",\"position\":1,\"name\":\"Home\",\"item\":\"https:\/\/www.green24.ro\/\"},{\"@type\":\"ListItem\",\"position\":2,\"name\":\"Rom\u00e2nia are la dispozi\u021bie trei luni s\u0103 rezolve defri\u0219\u0103rile ilegale. Altfel, risc\u0103 sanc\u021biuni dure\"}]},{\"@type\":\"WebSite\",\"@id\":\"https:\/\/www.green24.ro\/#website\",\"url\":\"https:\/\/www.green24.ro\/\",\"name\":\"Green24.ro\",\"description\":\"Antreprenoriat verde si responsabilitatea social\u0103\",\"publisher\":{\"@id\":\"https:\/\/www.green24.ro\/#organization\"},\"potentialAction\":[{\"@type\":\"SearchAction\",\"target\":{\"@type\":\"EntryPoint\",\"urlTemplate\":\"https:\/\/www.green24.ro\/?s={search_term_string}\"},\"query-input\":{\"@type\":\"PropertyValueSpecification\",\"valueRequired\":true,\"valueName\":\"search_term_string\"}}],\"inLanguage\":\"en-US\"},{\"@type\":\"Organization\",\"@id\":\"https:\/\/www.green24.ro\/#organization\",\"name\":\"Green24\",\"url\":\"https:\/\/www.green24.ro\/\",\"logo\":{\"@type\":\"ImageObject\",\"inLanguage\":\"en-US\",\"@id\":\"https:\/\/www.green24.ro\/#\/schema\/logo\/image\/\",\"url\":\"https:\/\/www.green24.ro\/wp-content\/uploads\/2022\/02\/green24-17-e1643806452346.png\",\"contentUrl\":\"https:\/\/www.green24.ro\/wp-content\/uploads\/2022\/02\/green24-17-e1643806452346.png\",\"width\":174,\"height\":174,\"caption\":\"Green24\"},\"image\":{\"@id\":\"https:\/\/www.green24.ro\/#\/schema\/logo\/image\/\"},\"sameAs\":[\"https:\/\/www.facebook.com\/green24ro\/\"]},{\"@type\":\"Person\",\"@id\":\"https:\/\/www.green24.ro\/#\/schema\/person\/275c7d10a2dd4fb528a2c0ad5d633496\",\"name\":\"Redactia Green24\",\"image\":{\"@type\":\"ImageObject\",\"inLanguage\":\"en-US\",\"@id\":\"https:\/\/www.green24.ro\/#\/schema\/person\/image\/\",\"url\":\"https:\/\/secure.gravatar.com\/avatar\/ff0d3a759f98829f7ca35637ba02cb3c?s=96&d=mm&r=g\",\"contentUrl\":\"https:\/\/secure.gravatar.com\/avatar\/ff0d3a759f98829f7ca35637ba02cb3c?s=96&d=mm&r=g\",\"caption\":\"Redactia Green24\"},\"description\":\"Green24.ro este sursa zilnic\u0103 de \u0219tiri, online, pentru cei interesa\u021bi de mediul \u00eenconjur\u0103tor.\",\"sameAs\":[\"https:\/\/green24.ro\",\"https:\/\/www.facebook.com\/green24ro\/\"],\"url\":\"https:\/\/www.green24.ro\/index.php\/author\/admin\/\"}]}<\/script>\n<!-- \/ Yoast SEO plugin. -->","yoast_head_json":{"title":"Rom\u00e2nia are la dispozi\u021bie trei luni s\u0103 rezolve defri\u0219\u0103rile ilegale. Altfel, risc\u0103 sanc\u021biuni dure - Green24.ro","description":"Rom\u00e2nia a primit avertismente din partea UE \u015fi are la dispozi\u0163ie trei luni pentru a rezolva problema defri\u015f\u0103rilor ilegale, \u00een caz contrar risc\u00e2nd s\u0103 primeasc\u0103 sanc\u0163iuni dure de la nivel european, a spus, s\u00e2mb\u0103t\u0103, la Ia\u0219i, europarlamentarul Thomas Waitz (grupul Verzilor).","robots":{"index":"index","follow":"follow","max-snippet":"max-snippet:-1","max-image-preview":"max-image-preview:large","max-video-preview":"max-video-preview:-1"},"canonical":"https:\/\/www.green24.ro\/index.php\/2022\/07\/13\/romania-are-la-dispozitie-trei-luni-sa-rezolve-defrisarile-ilegale\/","og_locale":"en_US","og_type":"article","og_title":"Rom\u00e2nia are la dispozi\u021bie trei luni s\u0103 rezolve defri\u0219\u0103rile ilegale. Altfel, risc\u0103 sanc\u021biuni dure - Green24.ro","og_description":"Rom\u00e2nia a primit avertismente din partea UE \u015fi are la dispozi\u0163ie trei luni pentru a rezolva problema defri\u015f\u0103rilor ilegale, \u00een caz contrar risc\u00e2nd s\u0103 primeasc\u0103 sanc\u0163iuni dure de la nivel european, a spus, s\u00e2mb\u0103t\u0103, la Ia\u0219i, europarlamentarul Thomas Waitz (grupul Verzilor).","og_url":"https:\/\/www.green24.ro\/index.php\/2022\/07\/13\/romania-are-la-dispozitie-trei-luni-sa-rezolve-defrisarile-ilegale\/","og_site_name":"Green24.ro","article_publisher":"https:\/\/www.facebook.com\/green24ro\/","article_author":"https:\/\/www.facebook.com\/green24ro\/","article_published_time":"2022-07-13T11:05:00+00:00","og_image":[{"width":770,"height":540,"url":"https:\/\/www.green24.ro\/wp-content\/uploads\/2022\/07\/Thomas-Waitz-770x540-1.jpeg","type":"image\/jpeg"}],"author":"Redactia Green24","twitter_card":"summary_large_image","twitter_misc":{"Written by":"Redactia Green24","Est. reading time":"3 minutes"},"schema":{"@context":"https:\/\/schema.org","@graph":[{"@type":"Article","@id":"https:\/\/www.green24.ro\/index.php\/2022\/07\/13\/romania-are-la-dispozitie-trei-luni-sa-rezolve-defrisarile-ilegale\/#article","isPartOf":{"@id":"https:\/\/www.green24.ro\/index.php\/2022\/07\/13\/romania-are-la-dispozitie-trei-luni-sa-rezolve-defrisarile-ilegale\/"},"author":{"name":"Redactia Green24","@id":"https:\/\/www.green24.ro\/#\/schema\/person\/275c7d10a2dd4fb528a2c0ad5d633496"},"headline":"Rom\u00e2nia are la dispozi\u021bie trei luni s\u0103 rezolve defri\u0219\u0103rile ilegale. Altfel, risc\u0103 sanc\u021biuni dure","datePublished":"2022-07-13T11:05:00+00:00","mainEntityOfPage":{"@id":"https:\/\/www.green24.ro\/index.php\/2022\/07\/13\/romania-are-la-dispozitie-trei-luni-sa-rezolve-defrisarile-ilegale\/"},"wordCount":549,"commentCount":0,"publisher":{"@id":"https:\/\/www.green24.ro\/#organization"},"image":{"@id":"https:\/\/www.green24.ro\/index.php\/2022\/07\/13\/romania-are-la-dispozitie-trei-luni-sa-rezolve-defrisarile-ilegale\/#primaryimage"},"thumbnailUrl":"https:\/\/www.green24.ro\/wp-content\/uploads\/2022\/07\/Thomas-Waitz-770x540-1.jpeg","articleSection":["Blog","Company","General","Legislatie","Prime","Slide"],"inLanguage":"en-US","potentialAction":[{"@type":"CommentAction","name":"Comment","target":["https:\/\/www.green24.ro\/index.php\/2022\/07\/13\/romania-are-la-dispozitie-trei-luni-sa-rezolve-defrisarile-ilegale\/#respond"]}]},{"@type":"WebPage","@id":"https:\/\/www.green24.ro\/index.php\/2022\/07\/13\/romania-are-la-dispozitie-trei-luni-sa-rezolve-defrisarile-ilegale\/","url":"https:\/\/www.green24.ro\/index.php\/2022\/07\/13\/romania-are-la-dispozitie-trei-luni-sa-rezolve-defrisarile-ilegale\/","name":"Rom\u00e2nia are la dispozi\u021bie trei luni s\u0103 rezolve defri\u0219\u0103rile ilegale. Altfel, risc\u0103 sanc\u021biuni dure - Green24.ro","isPartOf":{"@id":"https:\/\/www.green24.ro\/#website"},"primaryImageOfPage":{"@id":"https:\/\/www.green24.ro\/index.php\/2022\/07\/13\/romania-are-la-dispozitie-trei-luni-sa-rezolve-defrisarile-ilegale\/#primaryimage"},"image":{"@id":"https:\/\/www.green24.ro\/index.php\/2022\/07\/13\/romania-are-la-dispozitie-trei-luni-sa-rezolve-defrisarile-ilegale\/#primaryimage"},"thumbnailUrl":"https:\/\/www.green24.ro\/wp-content\/uploads\/2022\/07\/Thomas-Waitz-770x540-1.jpeg","datePublished":"2022-07-13T11:05:00+00:00","description":"Rom\u00e2nia a primit avertismente din partea UE \u015fi are la dispozi\u0163ie trei luni pentru a rezolva problema defri\u015f\u0103rilor ilegale, \u00een caz contrar risc\u00e2nd s\u0103 primeasc\u0103 sanc\u0163iuni dure de la nivel european, a spus, s\u00e2mb\u0103t\u0103, la Ia\u0219i, europarlamentarul Thomas Waitz (grupul Verzilor).","breadcrumb":{"@id":"https:\/\/www.green24.ro\/index.php\/2022\/07\/13\/romania-are-la-dispozitie-trei-luni-sa-rezolve-defrisarile-ilegale\/#breadcrumb"},"inLanguage":"en-US","potentialAction":[{"@type":"ReadAction","target":["https:\/\/www.green24.ro\/index.php\/2022\/07\/13\/romania-are-la-dispozitie-trei-luni-sa-rezolve-defrisarile-ilegale\/"]}]},{"@type":"ImageObject","inLanguage":"en-US","@id":"https:\/\/www.green24.ro\/index.php\/2022\/07\/13\/romania-are-la-dispozitie-trei-luni-sa-rezolve-defrisarile-ilegale\/#primaryimage","url":"https:\/\/www.green24.ro\/wp-content\/uploads\/2022\/07\/Thomas-Waitz-770x540-1.jpeg","contentUrl":"https:\/\/www.green24.ro\/wp-content\/uploads\/2022\/07\/Thomas-Waitz-770x540-1.jpeg","width":770,"height":540,"caption":"Rom\u00e2nia are la dispozi\u021bie trei luni s\u0103 rezolve defri\u0219\u0103rile ilegale."},{"@type":"BreadcrumbList","@id":"https:\/\/www.green24.ro\/index.php\/2022\/07\/13\/romania-are-la-dispozitie-trei-luni-sa-rezolve-defrisarile-ilegale\/#breadcrumb","itemListElement":[{"@type":"ListItem","position":1,"name":"Home","item":"https:\/\/www.green24.ro\/"},{"@type":"ListItem","position":2,"name":"Rom\u00e2nia are la dispozi\u021bie trei luni s\u0103 rezolve defri\u0219\u0103rile ilegale. Altfel, risc\u0103 sanc\u021biuni dure"}]},{"@type":"WebSite","@id":"https:\/\/www.green24.ro\/#website","url":"https:\/\/www.green24.ro\/","name":"Green24.ro","description":"Antreprenoriat verde si responsabilitatea social\u0103","publisher":{"@id":"https:\/\/www.green24.ro\/#organization"},"potentialAction":[{"@type":"SearchAction","target":{"@type":"EntryPoint","urlTemplate":"https:\/\/www.green24.ro\/?s={search_term_string}"},"query-input":{"@type":"PropertyValueSpecification","valueRequired":true,"valueName":"search_term_string"}}],"inLanguage":"en-US"},{"@type":"Organization","@id":"https:\/\/www.green24.ro\/#organization","name":"Green24","url":"https:\/\/www.green24.ro\/","logo":{"@type":"ImageObject","inLanguage":"en-US","@id":"https:\/\/www.green24.ro\/#\/schema\/logo\/image\/","url":"https:\/\/www.green24.ro\/wp-content\/uploads\/2022\/02\/green24-17-e1643806452346.png","contentUrl":"https:\/\/www.green24.ro\/wp-content\/uploads\/2022\/02\/green24-17-e1643806452346.png","width":174,"height":174,"caption":"Green24"},"image":{"@id":"https:\/\/www.green24.ro\/#\/schema\/logo\/image\/"},"sameAs":["https:\/\/www.facebook.com\/green24ro\/"]},{"@type":"Person","@id":"https:\/\/www.green24.ro\/#\/schema\/person\/275c7d10a2dd4fb528a2c0ad5d633496","name":"Redactia Green24","image":{"@type":"ImageObject","inLanguage":"en-US","@id":"https:\/\/www.green24.ro\/#\/schema\/person\/image\/","url":"https:\/\/secure.gravatar.com\/avatar\/ff0d3a759f98829f7ca35637ba02cb3c?s=96&d=mm&r=g","contentUrl":"https:\/\/secure.gravatar.com\/avatar\/ff0d3a759f98829f7ca35637ba02cb3c?s=96&d=mm&r=g","caption":"Redactia Green24"},"description":"Green24.ro este sursa zilnic\u0103 de \u0219tiri, online, pentru cei interesa\u021bi de mediul \u00eenconjur\u0103tor.","sameAs":["https:\/\/green24.ro","https:\/\/www.facebook.com\/green24ro\/"],"url":"https:\/\/www.green24.ro\/index.php\/author\/admin\/"}]}},"jetpack_publicize_connections":[],"jetpack_featured_media_url":"https:\/\/www.green24.ro\/wp-content\/uploads\/2022\/07\/Thomas-Waitz-770x540-1.jpeg","jetpack_sharing_enabled":true,"_links":{"self":[{"href":"https:\/\/www.green24.ro\/index.php\/wp-json\/wp\/v2\/posts\/1207","targetHints":{"allow":["GET"]}}],"collection":[{"href":"https:\/\/www.green24.ro\/index.php\/wp-json\/wp\/v2\/posts"}],"about":[{"href":"https:\/\/www.green24.ro\/index.php\/wp-json\/wp\/v2\/types\/post"}],"author":[{"embeddable":true,"href":"https:\/\/www.green24.ro\/index.php\/wp-json\/wp\/v2\/users\/1"}],"replies":[{"embeddable":true,"href":"https:\/\/www.green24.ro\/index.php\/wp-json\/wp\/v2\/comments?post=1207"}],"version-history":[{"count":2,"href":"https:\/\/www.green24.ro\/index.php\/wp-json\/wp\/v2\/posts\/1207\/revisions"}],"predecessor-version":[{"id":1210,"href":"https:\/\/www.green24.ro\/index.php\/wp-json\/wp\/v2\/posts\/1207\/revisions\/1210"}],"wp:featuredmedia":[{"embeddable":true,"href":"https:\/\/www.green24.ro\/index.php\/wp-json\/wp\/v2\/media\/1208"}],"wp:attachment":[{"href":"https:\/\/www.green24.ro\/index.php\/wp-json\/wp\/v2\/media?parent=1207"}],"wp:term":[{"taxonomy":"category","embeddable":true,"href":"https:\/\/www.green24.ro\/index.php\/wp-json\/wp\/v2\/categories?post=1207"},{"taxonomy":"post_tag","embeddable":true,"href":"https:\/\/www.green24.ro\/index.php\/wp-json\/wp\/v2\/tags?post=1207"}],"curies":[{"name":"wp","href":"https:\/\/api.w.org\/{rel}","templated":true}]}}