{"id":1203,"date":"2022-07-12T21:03:00","date_gmt":"2022-07-12T19:03:00","guid":{"rendered":"https:\/\/www.green24.ro\/?p=1203"},"modified":"2022-07-11T12:32:53","modified_gmt":"2022-07-11T10:32:53","slug":"creste-numarul-companiilor-si-ong-urilor-care-se-alatura-angajamentului-pentru-mediu-un-demers-al-comunitatii-de-afaceri-din-romania","status":"publish","type":"post","link":"https:\/\/www.green24.ro\/index.php\/2022\/07\/12\/creste-numarul-companiilor-si-ong-urilor-care-se-alatura-angajamentului-pentru-mediu-un-demers-al-comunitatii-de-afaceri-din-romania\/","title":{"rendered":"Cre\u0219te num\u0103rul companiilor \u0219i ONG-urilor care se al\u0103tur\u0103 Angajamentului pentru Mediu, un demers al comunit\u0103\u021bii de afaceri din Rom\u00e2nia"},"content":{"rendered":"<p style=\"text-align: justify;\"><strong>La doar o lun\u0103 de la lansare,\u00a0<a href=\"https:\/\/www.angajamentpentrumediu.ro\/\">Angajamentul pentru Mediu<\/a>,\u00a0primul demers care reune\u0219te comunitatea de business din Rom\u00e2nia \u00een asumarea unui viitor sustenabil, a atras 50 de membri\u00a0din toate industriile, de la b\u0103nci sau companii de construc\u021bii sau retail, p\u00e2n\u0103 la companii din domeniul farmaceutic sau sectorul alimentar.<\/strong><\/p>\n<p style=\"text-align: justify;\">\u201eNe bucur\u0103 interesul mare al comunit\u0103\u021bii de business, care a r\u0103spuns foarte rapid la aceast\u0103 ini\u021biativ\u0103, ceea ce ne arat\u0103 c\u0103 exist\u0103 o mare disponibilitate pentru colaborare \u00een vederea identific\u0103rii de solu\u021bii la teme importante aflate pe agenda lumii \u00een care tr\u0103im, precum \u00eenc\u0103lzirea global\u0103 \u0219i reducerea amprentei de carbon. Angajamentul pentru Mediu a fost adoptat at\u00e2t de companii care au implementat deja practici \u0219i standarde menite s\u0103 contribuie la un mediu mai curat \u0219i doresc ca astfel s\u0103 inspire \u0219i s\u0103 participe la un efort comun, c\u00e2t \u0219i de companii tinere, care \u00ee\u0219i propun s\u0103 dezvolte business-uri responsabile\u201d,\u00a0a declarat Tudor Manea, CEO eMAG.<\/p>\n<p>Principiile\u00a0Angajamentului pentru mediu au fost adoptate deja de 50 de membri:<\/p>\n<ul>\n<li>11 micro\u00eentreprinderi,<\/li>\n<li>13 \u00eentreprinderi mici,<\/li>\n<li>7 \u00eentreprinderi mijlocii,<\/li>\n<li>17 companii mari,<\/li>\n<li>2 ONG-uri.<\/li>\n<\/ul>\n<p style=\"text-align: justify;\">Organiza\u021biile participante la acest demers sunt active\u00a0\u00een domenii precum domeniul bancar, farmaceutic, retail, sectorul imobiliar, construc\u021bii, marketing \u0219i comunicare sau alimentar.<\/p>\n<p style=\"text-align: justify;\">Prin aderare, companiile din comunitate parcurg urm\u0103toarele etape: \u00ee\u0219i\u00a0calculeaz\u0103 amprenta de carbon, iau m\u0103suri pentru a reduce amprenta de carbon\u00a0\u0219i pentru a compensa emisiile care nu au putut fi evitate,\u00a0\u00een mod voluntar, dac\u0103 \u00ee\u0219i doresc s\u0103 ajung\u0103 mai repede la net zero, public\u0103 un raport de activitate nonfinanciar \u0219i ader\u0103 la o ini\u021biativ\u0103 global\u0103 cu un obiectiv similar.<\/p>\n<p style=\"text-align: justify;\">Platforma Angajament pentru Mediu,\u00a0<a href=\"https:\/\/www.angajamentpentrumediu.ro\/\">www.angajamentpentrumediu.ro<\/a>, poate fi accesat\u0103 oric\u00e2nd, de c\u0103tre orice companie care \u00ee\u0219i propune s\u0103 defineasc\u0103 un plan de ac\u021biuni concrete pentru a diminua cantitatea de emisii de dioxid de carbon pe care le produce \u0219i a beneficia de instrumente care s\u0103 le sus\u021bin\u0103 \u00een acest demers.<\/p>\n<pre style=\"text-align: justify;\">surse: <a href=\"https:\/\/green-report.ro\/creste-numarul-companiilor-si-ong-urilor-care-se-alatura-angajamentului-pentru-mediu-un-demers-al-comunitatii-de-afaceri-din-romania\/\">greenreport,<\/a> <a href=\"https:\/\/www.pexels.com\/photo\/abstract-accuracy-accurate-aim-262438\/\">foto<\/a>\n<\/pre>\n","protected":false},"excerpt":{"rendered":"<p>La doar o lun\u0103 de la lansare,\u00a0Angajamentul pentru Mediu,\u00a0primul demers care reune\u0219te comunitatea de business din Rom\u00e2nia \u00een asumarea unui viitor sustenabil, a atras 50 de membri\u00a0din toate industriile, de la b\u0103nci sau companii de construc\u021bii sau retail, p\u00e2n\u0103 la companii din domeniul farmaceutic sau sectorul alimentar. \u201eNe bucur\u0103 interesul [&hellip;]<\/p>\n","protected":false},"author":3,"featured_media":1204,"comment_status":"open","ping_status":"open","sticky":false,"template":"","format":"standard","meta":{"content-type":"","footnotes":"","jetpack_publicize_message":"","jetpack_publicize_feature_enabled":true,"jetpack_social_post_already_shared":true,"jetpack_social_options":{"image_generator_settings":{"template":"highway","default_image_id":0,"font":"","enabled":false},"version":2}},"categories":[5,9,1,6,10],"tags":[],"class_list":["post-1203","post","type-post","status-publish","format-standard","has-post-thumbnail","hentry","category-blog","category-company","category-general","category-prime","category-slide"],"yoast_head":"<!-- This site is optimized with the Yoast SEO plugin v24.9 - https:\/\/yoast.com\/wordpress\/plugins\/seo\/ -->\n<title>Cre\u0219te num\u0103rul companiilor \u0219i ONG-urilor care se al\u0103tur\u0103 Angajamentului pentru Mediu, un demers al comunit\u0103\u021bii de afaceri din Rom\u00e2nia - Green24.ro<\/title>\n<meta name=\"description\" content=\"La doar o lun\u0103 de la lansare,\u00a0Angajamentul pentru Mediu,\u00a0primul demers care reune\u0219te comunitatea de business din Rom\u00e2nia \u00een asumarea unui viitor sustenabil, a atras 50 de membri\u00a0din toate industriile, de la b\u0103nci sau companii de construc\u021bii sau retail, p\u00e2n\u0103 la companii din domeniul farmaceutic sau sectorul alimentar.\" \/>\n<meta name=\"robots\" content=\"index, follow, max-snippet:-1, max-image-preview:large, max-video-preview:-1\" \/>\n<link rel=\"canonical\" href=\"https:\/\/www.green24.ro\/index.php\/2022\/07\/12\/creste-numarul-companiilor-si-ong-urilor-care-se-alatura-angajamentului-pentru-mediu-un-demers-al-comunitatii-de-afaceri-din-romania\/\" \/>\n<meta property=\"og:locale\" content=\"en_US\" \/>\n<meta property=\"og:type\" content=\"article\" \/>\n<meta property=\"og:title\" content=\"Cre\u0219te num\u0103rul companiilor \u0219i ONG-urilor care se al\u0103tur\u0103 Angajamentului pentru Mediu, un demers al comunit\u0103\u021bii de afaceri din Rom\u00e2nia - Green24.ro\" \/>\n<meta property=\"og:description\" content=\"La doar o lun\u0103 de la lansare,\u00a0Angajamentul pentru Mediu,\u00a0primul demers care reune\u0219te comunitatea de business din Rom\u00e2nia \u00een asumarea unui viitor sustenabil, a atras 50 de membri\u00a0din toate industriile, de la b\u0103nci sau companii de construc\u021bii sau retail, p\u00e2n\u0103 la companii din domeniul farmaceutic sau sectorul alimentar.\" \/>\n<meta property=\"og:url\" content=\"https:\/\/www.green24.ro\/index.php\/2022\/07\/12\/creste-numarul-companiilor-si-ong-urilor-care-se-alatura-angajamentului-pentru-mediu-un-demers-al-comunitatii-de-afaceri-din-romania\/\" \/>\n<meta property=\"og:site_name\" content=\"Green24.ro\" \/>\n<meta property=\"article:publisher\" content=\"https:\/\/www.facebook.com\/green24ro\/\" \/>\n<meta property=\"article:published_time\" content=\"2022-07-12T19:03:00+00:00\" \/>\n<meta property=\"og:image\" content=\"https:\/\/www.green24.ro\/wp-content\/uploads\/2022\/07\/pexels-pixabay-262438.jpeg\" \/>\n\t<meta property=\"og:image:width\" content=\"1280\" \/>\n\t<meta property=\"og:image:height\" content=\"852\" \/>\n\t<meta property=\"og:image:type\" content=\"image\/jpeg\" \/>\n<meta name=\"author\" content=\"Redactia Green24\" \/>\n<meta name=\"twitter:card\" content=\"summary_large_image\" \/>\n<meta name=\"twitter:label1\" content=\"Written by\" \/>\n\t<meta name=\"twitter:data1\" content=\"Redactia Green24\" \/>\n\t<meta name=\"twitter:label2\" content=\"Est. reading time\" \/>\n\t<meta name=\"twitter:data2\" content=\"2 minutes\" \/>\n<script type=\"application\/ld+json\" class=\"yoast-schema-graph\">{\"@context\":\"https:\/\/schema.org\",\"@graph\":[{\"@type\":\"Article\",\"@id\":\"https:\/\/www.green24.ro\/index.php\/2022\/07\/12\/creste-numarul-companiilor-si-ong-urilor-care-se-alatura-angajamentului-pentru-mediu-un-demers-al-comunitatii-de-afaceri-din-romania\/#article\",\"isPartOf\":{\"@id\":\"https:\/\/www.green24.ro\/index.php\/2022\/07\/12\/creste-numarul-companiilor-si-ong-urilor-care-se-alatura-angajamentului-pentru-mediu-un-demers-al-comunitatii-de-afaceri-din-romania\/\"},\"author\":{\"name\":\"Redactia Green24\",\"@id\":\"https:\/\/www.green24.ro\/#\/schema\/person\/607a8c12d4548837cb79d52bb2437572\"},\"headline\":\"Cre\u0219te num\u0103rul companiilor \u0219i ONG-urilor care se al\u0103tur\u0103 Angajamentului pentru Mediu, un demers al comunit\u0103\u021bii de afaceri din Rom\u00e2nia\",\"datePublished\":\"2022-07-12T19:03:00+00:00\",\"mainEntityOfPage\":{\"@id\":\"https:\/\/www.green24.ro\/index.php\/2022\/07\/12\/creste-numarul-companiilor-si-ong-urilor-care-se-alatura-angajamentului-pentru-mediu-un-demers-al-comunitatii-de-afaceri-din-romania\/\"},\"wordCount\":355,\"commentCount\":0,\"publisher\":{\"@id\":\"https:\/\/www.green24.ro\/#organization\"},\"image\":{\"@id\":\"https:\/\/www.green24.ro\/index.php\/2022\/07\/12\/creste-numarul-companiilor-si-ong-urilor-care-se-alatura-angajamentului-pentru-mediu-un-demers-al-comunitatii-de-afaceri-din-romania\/#primaryimage\"},\"thumbnailUrl\":\"https:\/\/www.green24.ro\/wp-content\/uploads\/2022\/07\/pexels-pixabay-262438.jpeg\",\"articleSection\":[\"Blog\",\"Company\",\"General\",\"Prime\",\"Slide\"],\"inLanguage\":\"en-US\",\"potentialAction\":[{\"@type\":\"CommentAction\",\"name\":\"Comment\",\"target\":[\"https:\/\/www.green24.ro\/index.php\/2022\/07\/12\/creste-numarul-companiilor-si-ong-urilor-care-se-alatura-angajamentului-pentru-mediu-un-demers-al-comunitatii-de-afaceri-din-romania\/#respond\"]}]},{\"@type\":\"WebPage\",\"@id\":\"https:\/\/www.green24.ro\/index.php\/2022\/07\/12\/creste-numarul-companiilor-si-ong-urilor-care-se-alatura-angajamentului-pentru-mediu-un-demers-al-comunitatii-de-afaceri-din-romania\/\",\"url\":\"https:\/\/www.green24.ro\/index.php\/2022\/07\/12\/creste-numarul-companiilor-si-ong-urilor-care-se-alatura-angajamentului-pentru-mediu-un-demers-al-comunitatii-de-afaceri-din-romania\/\",\"name\":\"Cre\u0219te num\u0103rul companiilor \u0219i ONG-urilor care se al\u0103tur\u0103 Angajamentului pentru Mediu, un demers al comunit\u0103\u021bii de afaceri din Rom\u00e2nia - Green24.ro\",\"isPartOf\":{\"@id\":\"https:\/\/www.green24.ro\/#website\"},\"primaryImageOfPage\":{\"@id\":\"https:\/\/www.green24.ro\/index.php\/2022\/07\/12\/creste-numarul-companiilor-si-ong-urilor-care-se-alatura-angajamentului-pentru-mediu-un-demers-al-comunitatii-de-afaceri-din-romania\/#primaryimage\"},\"image\":{\"@id\":\"https:\/\/www.green24.ro\/index.php\/2022\/07\/12\/creste-numarul-companiilor-si-ong-urilor-care-se-alatura-angajamentului-pentru-mediu-un-demers-al-comunitatii-de-afaceri-din-romania\/#primaryimage\"},\"thumbnailUrl\":\"https:\/\/www.green24.ro\/wp-content\/uploads\/2022\/07\/pexels-pixabay-262438.jpeg\",\"datePublished\":\"2022-07-12T19:03:00+00:00\",\"description\":\"La doar o lun\u0103 de la lansare,\u00a0Angajamentul pentru Mediu,\u00a0primul demers care reune\u0219te comunitatea de business din Rom\u00e2nia \u00een asumarea unui viitor sustenabil, a atras 50 de membri\u00a0din toate industriile, de la b\u0103nci sau companii de construc\u021bii sau retail, p\u00e2n\u0103 la companii din domeniul farmaceutic sau sectorul alimentar.\",\"breadcrumb\":{\"@id\":\"https:\/\/www.green24.ro\/index.php\/2022\/07\/12\/creste-numarul-companiilor-si-ong-urilor-care-se-alatura-angajamentului-pentru-mediu-un-demers-al-comunitatii-de-afaceri-din-romania\/#breadcrumb\"},\"inLanguage\":\"en-US\",\"potentialAction\":[{\"@type\":\"ReadAction\",\"target\":[\"https:\/\/www.green24.ro\/index.php\/2022\/07\/12\/creste-numarul-companiilor-si-ong-urilor-care-se-alatura-angajamentului-pentru-mediu-un-demers-al-comunitatii-de-afaceri-din-romania\/\"]}]},{\"@type\":\"ImageObject\",\"inLanguage\":\"en-US\",\"@id\":\"https:\/\/www.green24.ro\/index.php\/2022\/07\/12\/creste-numarul-companiilor-si-ong-urilor-care-se-alatura-angajamentului-pentru-mediu-un-demers-al-comunitatii-de-afaceri-din-romania\/#primaryimage\",\"url\":\"https:\/\/www.green24.ro\/wp-content\/uploads\/2022\/07\/pexels-pixabay-262438.jpeg\",\"contentUrl\":\"https:\/\/www.green24.ro\/wp-content\/uploads\/2022\/07\/pexels-pixabay-262438.jpeg\",\"width\":1280,\"height\":852,\"caption\":\"Cre\u0219te num\u0103rul companiilor \u0219i ONG-urilor care se al\u0103tur\u0103 Angajamentului pentru Mediu, un demers al comunit\u0103\u021bii de afaceri din Rom\u00e2nia\"},{\"@type\":\"BreadcrumbList\",\"@id\":\"https:\/\/www.green24.ro\/index.php\/2022\/07\/12\/creste-numarul-companiilor-si-ong-urilor-care-se-alatura-angajamentului-pentru-mediu-un-demers-al-comunitatii-de-afaceri-din-romania\/#breadcrumb\",\"itemListElement\":[{\"@type\":\"ListItem\",\"position\":1,\"name\":\"Home\",\"item\":\"https:\/\/www.green24.ro\/\"},{\"@type\":\"ListItem\",\"position\":2,\"name\":\"Cre\u0219te num\u0103rul companiilor \u0219i ONG-urilor care se al\u0103tur\u0103 Angajamentului pentru Mediu, un demers al comunit\u0103\u021bii de afaceri din Rom\u00e2nia\"}]},{\"@type\":\"WebSite\",\"@id\":\"https:\/\/www.green24.ro\/#website\",\"url\":\"https:\/\/www.green24.ro\/\",\"name\":\"Green24.ro\",\"description\":\"Antreprenoriat verde si responsabilitatea social\u0103\",\"publisher\":{\"@id\":\"https:\/\/www.green24.ro\/#organization\"},\"potentialAction\":[{\"@type\":\"SearchAction\",\"target\":{\"@type\":\"EntryPoint\",\"urlTemplate\":\"https:\/\/www.green24.ro\/?s={search_term_string}\"},\"query-input\":{\"@type\":\"PropertyValueSpecification\",\"valueRequired\":true,\"valueName\":\"search_term_string\"}}],\"inLanguage\":\"en-US\"},{\"@type\":\"Organization\",\"@id\":\"https:\/\/www.green24.ro\/#organization\",\"name\":\"Green24\",\"url\":\"https:\/\/www.green24.ro\/\",\"logo\":{\"@type\":\"ImageObject\",\"inLanguage\":\"en-US\",\"@id\":\"https:\/\/www.green24.ro\/#\/schema\/logo\/image\/\",\"url\":\"https:\/\/www.green24.ro\/wp-content\/uploads\/2022\/02\/green24-17-e1643806452346.png\",\"contentUrl\":\"https:\/\/www.green24.ro\/wp-content\/uploads\/2022\/02\/green24-17-e1643806452346.png\",\"width\":174,\"height\":174,\"caption\":\"Green24\"},\"image\":{\"@id\":\"https:\/\/www.green24.ro\/#\/schema\/logo\/image\/\"},\"sameAs\":[\"https:\/\/www.facebook.com\/green24ro\/\"]},{\"@type\":\"Person\",\"@id\":\"https:\/\/www.green24.ro\/#\/schema\/person\/607a8c12d4548837cb79d52bb2437572\",\"name\":\"Redactia Green24\",\"image\":{\"@type\":\"ImageObject\",\"inLanguage\":\"en-US\",\"@id\":\"https:\/\/www.green24.ro\/#\/schema\/person\/image\/\",\"url\":\"https:\/\/secure.gravatar.com\/avatar\/c9f4d5614769dc0a9dfdfed961c82ea6?s=96&d=mm&r=g\",\"contentUrl\":\"https:\/\/secure.gravatar.com\/avatar\/c9f4d5614769dc0a9dfdfed961c82ea6?s=96&d=mm&r=g\",\"caption\":\"Redactia Green24\"},\"sameAs\":[\"http:\/\/www.green24.ro\"],\"url\":\"https:\/\/www.green24.ro\/index.php\/author\/green24\/\"}]}<\/script>\n<!-- \/ Yoast SEO plugin. -->","yoast_head_json":{"title":"Cre\u0219te num\u0103rul companiilor \u0219i ONG-urilor care se al\u0103tur\u0103 Angajamentului pentru Mediu, un demers al comunit\u0103\u021bii de afaceri din Rom\u00e2nia - Green24.ro","description":"La doar o lun\u0103 de la lansare,\u00a0Angajamentul pentru Mediu,\u00a0primul demers care reune\u0219te comunitatea de business din Rom\u00e2nia \u00een asumarea unui viitor sustenabil, a atras 50 de membri\u00a0din toate industriile, de la b\u0103nci sau companii de construc\u021bii sau retail, p\u00e2n\u0103 la companii din domeniul farmaceutic sau sectorul alimentar.","robots":{"index":"index","follow":"follow","max-snippet":"max-snippet:-1","max-image-preview":"max-image-preview:large","max-video-preview":"max-video-preview:-1"},"canonical":"https:\/\/www.green24.ro\/index.php\/2022\/07\/12\/creste-numarul-companiilor-si-ong-urilor-care-se-alatura-angajamentului-pentru-mediu-un-demers-al-comunitatii-de-afaceri-din-romania\/","og_locale":"en_US","og_type":"article","og_title":"Cre\u0219te num\u0103rul companiilor \u0219i ONG-urilor care se al\u0103tur\u0103 Angajamentului pentru Mediu, un demers al comunit\u0103\u021bii de afaceri din Rom\u00e2nia - Green24.ro","og_description":"La doar o lun\u0103 de la lansare,\u00a0Angajamentul pentru Mediu,\u00a0primul demers care reune\u0219te comunitatea de business din Rom\u00e2nia \u00een asumarea unui viitor sustenabil, a atras 50 de membri\u00a0din toate industriile, de la b\u0103nci sau companii de construc\u021bii sau retail, p\u00e2n\u0103 la companii din domeniul farmaceutic sau sectorul alimentar.","og_url":"https:\/\/www.green24.ro\/index.php\/2022\/07\/12\/creste-numarul-companiilor-si-ong-urilor-care-se-alatura-angajamentului-pentru-mediu-un-demers-al-comunitatii-de-afaceri-din-romania\/","og_site_name":"Green24.ro","article_publisher":"https:\/\/www.facebook.com\/green24ro\/","article_published_time":"2022-07-12T19:03:00+00:00","og_image":[{"width":1280,"height":852,"url":"https:\/\/www.green24.ro\/wp-content\/uploads\/2022\/07\/pexels-pixabay-262438.jpeg","type":"image\/jpeg"}],"author":"Redactia Green24","twitter_card":"summary_large_image","twitter_misc":{"Written by":"Redactia Green24","Est. reading time":"2 minutes"},"schema":{"@context":"https:\/\/schema.org","@graph":[{"@type":"Article","@id":"https:\/\/www.green24.ro\/index.php\/2022\/07\/12\/creste-numarul-companiilor-si-ong-urilor-care-se-alatura-angajamentului-pentru-mediu-un-demers-al-comunitatii-de-afaceri-din-romania\/#article","isPartOf":{"@id":"https:\/\/www.green24.ro\/index.php\/2022\/07\/12\/creste-numarul-companiilor-si-ong-urilor-care-se-alatura-angajamentului-pentru-mediu-un-demers-al-comunitatii-de-afaceri-din-romania\/"},"author":{"name":"Redactia Green24","@id":"https:\/\/www.green24.ro\/#\/schema\/person\/607a8c12d4548837cb79d52bb2437572"},"headline":"Cre\u0219te num\u0103rul companiilor \u0219i ONG-urilor care se al\u0103tur\u0103 Angajamentului pentru Mediu, un demers al comunit\u0103\u021bii de afaceri din Rom\u00e2nia","datePublished":"2022-07-12T19:03:00+00:00","mainEntityOfPage":{"@id":"https:\/\/www.green24.ro\/index.php\/2022\/07\/12\/creste-numarul-companiilor-si-ong-urilor-care-se-alatura-angajamentului-pentru-mediu-un-demers-al-comunitatii-de-afaceri-din-romania\/"},"wordCount":355,"commentCount":0,"publisher":{"@id":"https:\/\/www.green24.ro\/#organization"},"image":{"@id":"https:\/\/www.green24.ro\/index.php\/2022\/07\/12\/creste-numarul-companiilor-si-ong-urilor-care-se-alatura-angajamentului-pentru-mediu-un-demers-al-comunitatii-de-afaceri-din-romania\/#primaryimage"},"thumbnailUrl":"https:\/\/www.green24.ro\/wp-content\/uploads\/2022\/07\/pexels-pixabay-262438.jpeg","articleSection":["Blog","Company","General","Prime","Slide"],"inLanguage":"en-US","potentialAction":[{"@type":"CommentAction","name":"Comment","target":["https:\/\/www.green24.ro\/index.php\/2022\/07\/12\/creste-numarul-companiilor-si-ong-urilor-care-se-alatura-angajamentului-pentru-mediu-un-demers-al-comunitatii-de-afaceri-din-romania\/#respond"]}]},{"@type":"WebPage","@id":"https:\/\/www.green24.ro\/index.php\/2022\/07\/12\/creste-numarul-companiilor-si-ong-urilor-care-se-alatura-angajamentului-pentru-mediu-un-demers-al-comunitatii-de-afaceri-din-romania\/","url":"https:\/\/www.green24.ro\/index.php\/2022\/07\/12\/creste-numarul-companiilor-si-ong-urilor-care-se-alatura-angajamentului-pentru-mediu-un-demers-al-comunitatii-de-afaceri-din-romania\/","name":"Cre\u0219te num\u0103rul companiilor \u0219i ONG-urilor care se al\u0103tur\u0103 Angajamentului pentru Mediu, un demers al comunit\u0103\u021bii de afaceri din Rom\u00e2nia - Green24.ro","isPartOf":{"@id":"https:\/\/www.green24.ro\/#website"},"primaryImageOfPage":{"@id":"https:\/\/www.green24.ro\/index.php\/2022\/07\/12\/creste-numarul-companiilor-si-ong-urilor-care-se-alatura-angajamentului-pentru-mediu-un-demers-al-comunitatii-de-afaceri-din-romania\/#primaryimage"},"image":{"@id":"https:\/\/www.green24.ro\/index.php\/2022\/07\/12\/creste-numarul-companiilor-si-ong-urilor-care-se-alatura-angajamentului-pentru-mediu-un-demers-al-comunitatii-de-afaceri-din-romania\/#primaryimage"},"thumbnailUrl":"https:\/\/www.green24.ro\/wp-content\/uploads\/2022\/07\/pexels-pixabay-262438.jpeg","datePublished":"2022-07-12T19:03:00+00:00","description":"La doar o lun\u0103 de la lansare,\u00a0Angajamentul pentru Mediu,\u00a0primul demers care reune\u0219te comunitatea de business din Rom\u00e2nia \u00een asumarea unui viitor sustenabil, a atras 50 de membri\u00a0din toate industriile, de la b\u0103nci sau companii de construc\u021bii sau retail, p\u00e2n\u0103 la companii din domeniul farmaceutic sau sectorul alimentar.","breadcrumb":{"@id":"https:\/\/www.green24.ro\/index.php\/2022\/07\/12\/creste-numarul-companiilor-si-ong-urilor-care-se-alatura-angajamentului-pentru-mediu-un-demers-al-comunitatii-de-afaceri-din-romania\/#breadcrumb"},"inLanguage":"en-US","potentialAction":[{"@type":"ReadAction","target":["https:\/\/www.green24.ro\/index.php\/2022\/07\/12\/creste-numarul-companiilor-si-ong-urilor-care-se-alatura-angajamentului-pentru-mediu-un-demers-al-comunitatii-de-afaceri-din-romania\/"]}]},{"@type":"ImageObject","inLanguage":"en-US","@id":"https:\/\/www.green24.ro\/index.php\/2022\/07\/12\/creste-numarul-companiilor-si-ong-urilor-care-se-alatura-angajamentului-pentru-mediu-un-demers-al-comunitatii-de-afaceri-din-romania\/#primaryimage","url":"https:\/\/www.green24.ro\/wp-content\/uploads\/2022\/07\/pexels-pixabay-262438.jpeg","contentUrl":"https:\/\/www.green24.ro\/wp-content\/uploads\/2022\/07\/pexels-pixabay-262438.jpeg","width":1280,"height":852,"caption":"Cre\u0219te num\u0103rul companiilor \u0219i ONG-urilor care se al\u0103tur\u0103 Angajamentului pentru Mediu, un demers al comunit\u0103\u021bii de afaceri din Rom\u00e2nia"},{"@type":"BreadcrumbList","@id":"https:\/\/www.green24.ro\/index.php\/2022\/07\/12\/creste-numarul-companiilor-si-ong-urilor-care-se-alatura-angajamentului-pentru-mediu-un-demers-al-comunitatii-de-afaceri-din-romania\/#breadcrumb","itemListElement":[{"@type":"ListItem","position":1,"name":"Home","item":"https:\/\/www.green24.ro\/"},{"@type":"ListItem","position":2,"name":"Cre\u0219te num\u0103rul companiilor \u0219i ONG-urilor care se al\u0103tur\u0103 Angajamentului pentru Mediu, un demers al comunit\u0103\u021bii de afaceri din Rom\u00e2nia"}]},{"@type":"WebSite","@id":"https:\/\/www.green24.ro\/#website","url":"https:\/\/www.green24.ro\/","name":"Green24.ro","description":"Antreprenoriat verde si responsabilitatea social\u0103","publisher":{"@id":"https:\/\/www.green24.ro\/#organization"},"potentialAction":[{"@type":"SearchAction","target":{"@type":"EntryPoint","urlTemplate":"https:\/\/www.green24.ro\/?s={search_term_string}"},"query-input":{"@type":"PropertyValueSpecification","valueRequired":true,"valueName":"search_term_string"}}],"inLanguage":"en-US"},{"@type":"Organization","@id":"https:\/\/www.green24.ro\/#organization","name":"Green24","url":"https:\/\/www.green24.ro\/","logo":{"@type":"ImageObject","inLanguage":"en-US","@id":"https:\/\/www.green24.ro\/#\/schema\/logo\/image\/","url":"https:\/\/www.green24.ro\/wp-content\/uploads\/2022\/02\/green24-17-e1643806452346.png","contentUrl":"https:\/\/www.green24.ro\/wp-content\/uploads\/2022\/02\/green24-17-e1643806452346.png","width":174,"height":174,"caption":"Green24"},"image":{"@id":"https:\/\/www.green24.ro\/#\/schema\/logo\/image\/"},"sameAs":["https:\/\/www.facebook.com\/green24ro\/"]},{"@type":"Person","@id":"https:\/\/www.green24.ro\/#\/schema\/person\/607a8c12d4548837cb79d52bb2437572","name":"Redactia Green24","image":{"@type":"ImageObject","inLanguage":"en-US","@id":"https:\/\/www.green24.ro\/#\/schema\/person\/image\/","url":"https:\/\/secure.gravatar.com\/avatar\/c9f4d5614769dc0a9dfdfed961c82ea6?s=96&d=mm&r=g","contentUrl":"https:\/\/secure.gravatar.com\/avatar\/c9f4d5614769dc0a9dfdfed961c82ea6?s=96&d=mm&r=g","caption":"Redactia Green24"},"sameAs":["http:\/\/www.green24.ro"],"url":"https:\/\/www.green24.ro\/index.php\/author\/green24\/"}]}},"jetpack_publicize_connections":[],"jetpack_featured_media_url":"https:\/\/www.green24.ro\/wp-content\/uploads\/2022\/07\/pexels-pixabay-262438.jpeg","jetpack_sharing_enabled":true,"_links":{"self":[{"href":"https:\/\/www.green24.ro\/index.php\/wp-json\/wp\/v2\/posts\/1203","targetHints":{"allow":["GET"]}}],"collection":[{"href":"https:\/\/www.green24.ro\/index.php\/wp-json\/wp\/v2\/posts"}],"about":[{"href":"https:\/\/www.green24.ro\/index.php\/wp-json\/wp\/v2\/types\/post"}],"author":[{"embeddable":true,"href":"https:\/\/www.green24.ro\/index.php\/wp-json\/wp\/v2\/users\/3"}],"replies":[{"embeddable":true,"href":"https:\/\/www.green24.ro\/index.php\/wp-json\/wp\/v2\/comments?post=1203"}],"version-history":[{"count":1,"href":"https:\/\/www.green24.ro\/index.php\/wp-json\/wp\/v2\/posts\/1203\/revisions"}],"predecessor-version":[{"id":1205,"href":"https:\/\/www.green24.ro\/index.php\/wp-json\/wp\/v2\/posts\/1203\/revisions\/1205"}],"wp:featuredmedia":[{"embeddable":true,"href":"https:\/\/www.green24.ro\/index.php\/wp-json\/wp\/v2\/media\/1204"}],"wp:attachment":[{"href":"https:\/\/www.green24.ro\/index.php\/wp-json\/wp\/v2\/media?parent=1203"}],"wp:term":[{"taxonomy":"category","embeddable":true,"href":"https:\/\/www.green24.ro\/index.php\/wp-json\/wp\/v2\/categories?post=1203"},{"taxonomy":"post_tag","embeddable":true,"href":"https:\/\/www.green24.ro\/index.php\/wp-json\/wp\/v2\/tags?post=1203"}],"curies":[{"name":"wp","href":"https:\/\/api.w.org\/{rel}","templated":true}]}}