{"id":1153,"date":"2022-06-29T11:43:31","date_gmt":"2022-06-29T09:43:31","guid":{"rendered":"https:\/\/www.green24.ro\/?p=1153"},"modified":"2022-06-29T11:43:34","modified_gmt":"2022-06-29T09:43:34","slug":"ultima-plaja-salbatica-de-pe-litoral-skijeturi-terase-sezlonguri-sute-de-masini-si-rulote-din-toata-tara","status":"publish","type":"post","link":"https:\/\/www.green24.ro\/index.php\/2022\/06\/29\/ultima-plaja-salbatica-de-pe-litoral-skijeturi-terase-sezlonguri-sute-de-masini-si-rulote-din-toata-tara\/","title":{"rendered":"Ultima plaj\u0103 \u201ds\u0103lbatic\u0103\u201d de pe litoral: skijeturi, terase, \u0219ezlonguri, sute de ma\u0219ini \u0219i rulote din toat\u0103 \u021bara"},"content":{"rendered":"<p style=\"text-align: justify;\">Plaja \u201ds\u0103lbatic\u0103\u201d din Tuzla este, \u00een fiecare weekend de var\u0103, aglomerat\u0103 de skijeturi, \u0219ezlonguri, umbrelu\u021be \u0219i sute de persoane. Salba de ma\u0219ini se vede \u00eenc\u0103 de c\u00e2nd intri pe drumul de p\u0103m\u00e2nt, pentru c\u0103 locurile nu sunt suficiente pe taluz.<\/p>\n<p><img loading=\"lazy\" decoding=\"async\" class=\"aligncenter size-full wp-image-1154\" src=\"https:\/\/www.green24.ro\/wp-content\/uploads\/2022\/06\/Plaja-Tuzla-17-e1593930587986.jpeg\" alt=\"\" width=\"1024\" height=\"637\" srcset=\"https:\/\/www.green24.ro\/wp-content\/uploads\/2022\/06\/Plaja-Tuzla-17-e1593930587986.jpeg 1024w, https:\/\/www.green24.ro\/wp-content\/uploads\/2022\/06\/Plaja-Tuzla-17-e1593930587986-300x187.jpeg 300w, https:\/\/www.green24.ro\/wp-content\/uploads\/2022\/06\/Plaja-Tuzla-17-e1593930587986-768x478.jpeg 768w\" sizes=\"auto, (max-width: 1024px) 100vw, 1024px\" \/><\/p>\n<p style=\"text-align: justify;\">Apoi, deasupra plajei, pe coast\u0103, erau parcate sute de rulote \u0219i ma\u0219ini, unele de mai bine de-o s\u0103pt\u0103m\u00e2n\u0103. De la Olt, Maramure\u0219, Dolj la Neam\u021b, Bihor sau Bucure\u0219ti \u2013 probabil c\u0103 nu exista vreun jude\u021b din \u021bar\u0103 care s\u0103 nu fie reprezentat pe plaj\u0103.<\/p>\n<p><img loading=\"lazy\" decoding=\"async\" class=\"aligncenter size-full wp-image-1155\" src=\"https:\/\/www.green24.ro\/wp-content\/uploads\/2022\/06\/Plaja-Tuzla-8.jpeg\" alt=\"\" width=\"1024\" height=\"768\" srcset=\"https:\/\/www.green24.ro\/wp-content\/uploads\/2022\/06\/Plaja-Tuzla-8.jpeg 1024w, https:\/\/www.green24.ro\/wp-content\/uploads\/2022\/06\/Plaja-Tuzla-8-300x225.jpeg 300w, https:\/\/www.green24.ro\/wp-content\/uploads\/2022\/06\/Plaja-Tuzla-8-768x576.jpeg 768w\" sizes=\"auto, (max-width: 1024px) 100vw, 1024px\" \/><\/p>\n<p style=\"text-align: justify;\">Ma\u0219inile \u0219i rulotele sunt parcate acolo de\u0219i acest lucru este interzis printr-o hot\u0103r\u00e2re a Consiliului Local Tuzla, din iunie 2020. Malurile se pot surpa, transmite prim\u0103ria pe un panou ignorat adesea de turi\u0219ti.<\/p>\n<p><img loading=\"lazy\" decoding=\"async\" class=\"aligncenter size-full wp-image-1156\" src=\"https:\/\/www.green24.ro\/wp-content\/uploads\/2022\/06\/Plaja-Tuzla-3.jpeg\" alt=\"\" width=\"1024\" height=\"768\" srcset=\"https:\/\/www.green24.ro\/wp-content\/uploads\/2022\/06\/Plaja-Tuzla-3.jpeg 1024w, https:\/\/www.green24.ro\/wp-content\/uploads\/2022\/06\/Plaja-Tuzla-3-300x225.jpeg 300w, https:\/\/www.green24.ro\/wp-content\/uploads\/2022\/06\/Plaja-Tuzla-3-768x576.jpeg 768w\" sizes=\"auto, (max-width: 1024px) 100vw, 1024px\" \/><\/p>\n<p style=\"text-align: justify;\">Prima dat\u0103 s-a auzit despre s\u0103lb\u0103ticia plajei Tuzla \u00een urm\u0103 cu vreo 10 ani, c\u00e2nd doar c\u00e2\u021biva iubitori de mare, lini\u0219te \u0219i pustiu, se aventurau prin c\u00e2mp \u0219i b\u0103l\u0103rii ca s\u0103 ajung\u0103 la apa cu o culoare f\u0103r\u0103 seam\u0103n pe \u00eentreg litoralul.<\/p>\n<p style=\"text-align: justify;\">Drumul nu era b\u0103t\u0103torit, iar despre plaja din Tuzla se vorbea prea pu\u021bin spre deloc. Pe vremea aceea, Vama Veche devenise deja cea nou\u0103, a\u0219a cum a fost transformat\u0103 \u00een ultimul deceniu, iar pustie mai era considerat\u0103 doar plaja de la Vadu, acolo unde ast\u0103zi turi\u0219tii vin cu miile.<\/p>\n<p><img loading=\"lazy\" decoding=\"async\" class=\"aligncenter size-full wp-image-1157\" src=\"https:\/\/www.green24.ro\/wp-content\/uploads\/2022\/06\/Plaja-Tuzla-19.jpeg\" alt=\"\" width=\"1024\" height=\"768\" srcset=\"https:\/\/www.green24.ro\/wp-content\/uploads\/2022\/06\/Plaja-Tuzla-19.jpeg 1024w, https:\/\/www.green24.ro\/wp-content\/uploads\/2022\/06\/Plaja-Tuzla-19-300x225.jpeg 300w, https:\/\/www.green24.ro\/wp-content\/uploads\/2022\/06\/Plaja-Tuzla-19-768x576.jpeg 768w\" sizes=\"auto, (max-width: 1024px) 100vw, 1024px\" \/><\/p>\n<p style=\"text-align: justify;\">Localnicii din Tuzla au sim\u021bit rapid c\u0103, odat\u0103 cu dispari\u021bia treptat\u0103 a tuturor zonelor lini\u0219tite, pustii, plaja lor va deveni urm\u0103toarea \u201ds\u0103lbatic\u0103\u201d de pe litoral, a\u0219a c\u0103 au \u00eenceput s\u0103-\u0219i amenajeze, cu sau f\u0103r\u0103 avize, co\u0219melii \u0219i aplec\u0103tori de lemn, pe post de terase.<\/p>\n<p>Al\u021bii \u0219i-au a\u0219ezat rulote \u00een lumini\u0219uri, pe post de case de vacan\u021b\u0103 cu costuri zero.<\/p>\n<p style=\"text-align: justify;\">Plaja de la Tuzla a devenit tot mai c\u0103utat\u0103 de turi\u0219ti \u0219i const\u0103n\u021beni \u00een ultimii 2-3 ani. Odat\u0103 cu \u00eenmul\u021birea brusc\u0103 a num\u0103rului de oameni care o frecventeaz\u0103, pe plaj\u0103 a ap\u0103rut \u0219i un punct de salvamar, unul de prim ajutor, din loc \u00een loc au fost amplasate toalete ecologice, drumul a fost b\u0103t\u0103torit de ma\u0219ini \u0219i au fost amenajare sc\u0103ri\u021be de lemn sau de ciment.<\/p>\n<p style=\"text-align: justify;\">Cu toate astea, de\u0219i popularea plajei Tuzla este tot mai mare, spa\u021biile din zonele rulotelor erau curate, iar cur\u0103\u021benia nu lipsea nici pe plaj\u0103, de\u0219i co\u0219urile amplasate de prim\u0103rie sunt pu\u021bine \u0219i, deci, a\u0219ezate la distan\u021be considerabile.<\/p>\n<hr \/>\n<p style=\"text-align: center;\"><em>Tuzla a fost ultima plaj\u0103 s\u0103lbatic\u0103 de pe litoralul const\u0103n\u021bean.<\/em><\/p>\n<hr \/>\n<div id='gallery-1' class='gallery galleryid-1153 gallery-columns-3 gallery-size-thumbnail'><figure class='gallery-item'>\n\t\t\t<div class='gallery-icon landscape'>\n\t\t\t\t<a href='https:\/\/www.green24.ro\/index.php\/2022\/06\/29\/ultima-plaja-salbatica-de-pe-litoral-skijeturi-terase-sezlonguri-sute-de-masini-si-rulote-din-toata-tara\/plaja-tuzla-1\/'><img loading=\"lazy\" decoding=\"async\" width=\"150\" height=\"150\" src=\"https:\/\/www.green24.ro\/wp-content\/uploads\/2022\/06\/Plaja-Tuzla-1-150x150.jpeg\" class=\"attachment-thumbnail size-thumbnail\" alt=\"\" srcset=\"https:\/\/www.green24.ro\/wp-content\/uploads\/2022\/06\/Plaja-Tuzla-1-150x150.jpeg 150w, https:\/\/www.green24.ro\/wp-content\/uploads\/2022\/06\/Plaja-Tuzla-1-300x300.jpeg 300w\" sizes=\"auto, (max-width: 150px) 100vw, 150px\" \/><\/a>\n\t\t\t<\/div><\/figure><figure class='gallery-item'>\n\t\t\t<div class='gallery-icon landscape'>\n\t\t\t\t<a href='https:\/\/www.green24.ro\/index.php\/2022\/06\/29\/ultima-plaja-salbatica-de-pe-litoral-skijeturi-terase-sezlonguri-sute-de-masini-si-rulote-din-toata-tara\/plaja-tuzla-3-2\/'><img loading=\"lazy\" decoding=\"async\" width=\"150\" height=\"150\" src=\"https:\/\/www.green24.ro\/wp-content\/uploads\/2022\/06\/Plaja-Tuzla-3-1-150x150.jpeg\" class=\"attachment-thumbnail size-thumbnail\" alt=\"\" srcset=\"https:\/\/www.green24.ro\/wp-content\/uploads\/2022\/06\/Plaja-Tuzla-3-1-150x150.jpeg 150w, https:\/\/www.green24.ro\/wp-content\/uploads\/2022\/06\/Plaja-Tuzla-3-1-300x300.jpeg 300w\" sizes=\"auto, (max-width: 150px) 100vw, 150px\" \/><\/a>\n\t\t\t<\/div><\/figure><figure class='gallery-item'>\n\t\t\t<div class='gallery-icon landscape'>\n\t\t\t\t<a href='https:\/\/www.green24.ro\/index.php\/2022\/06\/29\/ultima-plaja-salbatica-de-pe-litoral-skijeturi-terase-sezlonguri-sute-de-masini-si-rulote-din-toata-tara\/plaja-tuzla-5\/'><img loading=\"lazy\" decoding=\"async\" width=\"150\" height=\"150\" src=\"https:\/\/www.green24.ro\/wp-content\/uploads\/2022\/06\/Plaja-Tuzla-5-150x150.jpeg\" class=\"attachment-thumbnail size-thumbnail\" alt=\"\" srcset=\"https:\/\/www.green24.ro\/wp-content\/uploads\/2022\/06\/Plaja-Tuzla-5-150x150.jpeg 150w, https:\/\/www.green24.ro\/wp-content\/uploads\/2022\/06\/Plaja-Tuzla-5-300x300.jpeg 300w\" sizes=\"auto, (max-width: 150px) 100vw, 150px\" \/><\/a>\n\t\t\t<\/div><\/figure><figure class='gallery-item'>\n\t\t\t<div class='gallery-icon landscape'>\n\t\t\t\t<a href='https:\/\/www.green24.ro\/index.php\/2022\/06\/29\/ultima-plaja-salbatica-de-pe-litoral-skijeturi-terase-sezlonguri-sute-de-masini-si-rulote-din-toata-tara\/plaja-tuzla-8-2\/'><img loading=\"lazy\" decoding=\"async\" width=\"150\" height=\"150\" src=\"https:\/\/www.green24.ro\/wp-content\/uploads\/2022\/06\/Plaja-Tuzla-8-1-150x150.jpeg\" class=\"attachment-thumbnail size-thumbnail\" alt=\"\" srcset=\"https:\/\/www.green24.ro\/wp-content\/uploads\/2022\/06\/Plaja-Tuzla-8-1-150x150.jpeg 150w, https:\/\/www.green24.ro\/wp-content\/uploads\/2022\/06\/Plaja-Tuzla-8-1-300x300.jpeg 300w\" sizes=\"auto, (max-width: 150px) 100vw, 150px\" \/><\/a>\n\t\t\t<\/div><\/figure><figure class='gallery-item'>\n\t\t\t<div class='gallery-icon landscape'>\n\t\t\t\t<a href='https:\/\/www.green24.ro\/index.php\/2022\/06\/29\/ultima-plaja-salbatica-de-pe-litoral-skijeturi-terase-sezlonguri-sute-de-masini-si-rulote-din-toata-tara\/plaja-tuzla-10\/'><img loading=\"lazy\" decoding=\"async\" width=\"150\" height=\"150\" src=\"https:\/\/www.green24.ro\/wp-content\/uploads\/2022\/06\/Plaja-Tuzla-10-150x150.jpeg\" class=\"attachment-thumbnail size-thumbnail\" alt=\"\" srcset=\"https:\/\/www.green24.ro\/wp-content\/uploads\/2022\/06\/Plaja-Tuzla-10-150x150.jpeg 150w, https:\/\/www.green24.ro\/wp-content\/uploads\/2022\/06\/Plaja-Tuzla-10-300x300.jpeg 300w\" sizes=\"auto, (max-width: 150px) 100vw, 150px\" \/><\/a>\n\t\t\t<\/div><\/figure><figure class='gallery-item'>\n\t\t\t<div class='gallery-icon landscape'>\n\t\t\t\t<a href='https:\/\/www.green24.ro\/index.php\/2022\/06\/29\/ultima-plaja-salbatica-de-pe-litoral-skijeturi-terase-sezlonguri-sute-de-masini-si-rulote-din-toata-tara\/plaja-tuzla-17-e1593930587986-2\/'><img loading=\"lazy\" decoding=\"async\" width=\"150\" height=\"150\" src=\"https:\/\/www.green24.ro\/wp-content\/uploads\/2022\/06\/Plaja-Tuzla-17-e1593930587986-1-150x150.jpeg\" class=\"attachment-thumbnail size-thumbnail\" alt=\"\" srcset=\"https:\/\/www.green24.ro\/wp-content\/uploads\/2022\/06\/Plaja-Tuzla-17-e1593930587986-1-150x150.jpeg 150w, https:\/\/www.green24.ro\/wp-content\/uploads\/2022\/06\/Plaja-Tuzla-17-e1593930587986-1-300x300.jpeg 300w\" sizes=\"auto, (max-width: 150px) 100vw, 150px\" \/><\/a>\n\t\t\t<\/div><\/figure><figure class='gallery-item'>\n\t\t\t<div class='gallery-icon landscape'>\n\t\t\t\t<a href='https:\/\/www.green24.ro\/index.php\/2022\/06\/29\/ultima-plaja-salbatica-de-pe-litoral-skijeturi-terase-sezlonguri-sute-de-masini-si-rulote-din-toata-tara\/plaja-tuzla-16\/'><img loading=\"lazy\" decoding=\"async\" width=\"150\" height=\"150\" src=\"https:\/\/www.green24.ro\/wp-content\/uploads\/2022\/06\/Plaja-Tuzla-16-150x150.jpeg\" class=\"attachment-thumbnail size-thumbnail\" alt=\"\" srcset=\"https:\/\/www.green24.ro\/wp-content\/uploads\/2022\/06\/Plaja-Tuzla-16-150x150.jpeg 150w, https:\/\/www.green24.ro\/wp-content\/uploads\/2022\/06\/Plaja-Tuzla-16-300x300.jpeg 300w\" sizes=\"auto, (max-width: 150px) 100vw, 150px\" \/><\/a>\n\t\t\t<\/div><\/figure><figure class='gallery-item'>\n\t\t\t<div class='gallery-icon landscape'>\n\t\t\t\t<a href='https:\/\/www.green24.ro\/index.php\/2022\/06\/29\/ultima-plaja-salbatica-de-pe-litoral-skijeturi-terase-sezlonguri-sute-de-masini-si-rulote-din-toata-tara\/plaja-tuzla-15\/'><img loading=\"lazy\" decoding=\"async\" width=\"150\" height=\"150\" src=\"https:\/\/www.green24.ro\/wp-content\/uploads\/2022\/06\/Plaja-Tuzla-15-150x150.jpeg\" class=\"attachment-thumbnail size-thumbnail\" alt=\"\" srcset=\"https:\/\/www.green24.ro\/wp-content\/uploads\/2022\/06\/Plaja-Tuzla-15-150x150.jpeg 150w, https:\/\/www.green24.ro\/wp-content\/uploads\/2022\/06\/Plaja-Tuzla-15-300x300.jpeg 300w\" sizes=\"auto, (max-width: 150px) 100vw, 150px\" \/><\/a>\n\t\t\t<\/div><\/figure><figure class='gallery-item'>\n\t\t\t<div class='gallery-icon landscape'>\n\t\t\t\t<a href='https:\/\/www.green24.ro\/index.php\/2022\/06\/29\/ultima-plaja-salbatica-de-pe-litoral-skijeturi-terase-sezlonguri-sute-de-masini-si-rulote-din-toata-tara\/plaja-tuzla-14\/'><img loading=\"lazy\" decoding=\"async\" width=\"150\" height=\"150\" src=\"https:\/\/www.green24.ro\/wp-content\/uploads\/2022\/06\/Plaja-Tuzla-14-150x150.jpeg\" class=\"attachment-thumbnail size-thumbnail\" alt=\"\" srcset=\"https:\/\/www.green24.ro\/wp-content\/uploads\/2022\/06\/Plaja-Tuzla-14-150x150.jpeg 150w, https:\/\/www.green24.ro\/wp-content\/uploads\/2022\/06\/Plaja-Tuzla-14-300x300.jpeg 300w\" sizes=\"auto, (max-width: 150px) 100vw, 150px\" \/><\/a>\n\t\t\t<\/div><\/figure><figure class='gallery-item'>\n\t\t\t<div class='gallery-icon landscape'>\n\t\t\t\t<a href='https:\/\/www.green24.ro\/index.php\/2022\/06\/29\/ultima-plaja-salbatica-de-pe-litoral-skijeturi-terase-sezlonguri-sute-de-masini-si-rulote-din-toata-tara\/plaja-tuzla-12-1-2\/'><img loading=\"lazy\" decoding=\"async\" width=\"150\" height=\"150\" src=\"https:\/\/www.green24.ro\/wp-content\/uploads\/2022\/06\/Plaja-Tuzla-12-1-1-150x150.jpeg\" class=\"attachment-thumbnail size-thumbnail\" alt=\"\" srcset=\"https:\/\/www.green24.ro\/wp-content\/uploads\/2022\/06\/Plaja-Tuzla-12-1-1-150x150.jpeg 150w, https:\/\/www.green24.ro\/wp-content\/uploads\/2022\/06\/Plaja-Tuzla-12-1-1-300x300.jpeg 300w\" sizes=\"auto, (max-width: 150px) 100vw, 150px\" \/><\/a>\n\t\t\t<\/div><\/figure><figure class='gallery-item'>\n\t\t\t<div class='gallery-icon landscape'>\n\t\t\t\t<a href='https:\/\/www.green24.ro\/index.php\/2022\/06\/29\/ultima-plaja-salbatica-de-pe-litoral-skijeturi-terase-sezlonguri-sute-de-masini-si-rulote-din-toata-tara\/plaja-tuzla-18\/'><img loading=\"lazy\" decoding=\"async\" width=\"150\" height=\"150\" src=\"https:\/\/www.green24.ro\/wp-content\/uploads\/2022\/06\/Plaja-Tuzla-18-150x150.jpeg\" class=\"attachment-thumbnail size-thumbnail\" alt=\"\" srcset=\"https:\/\/www.green24.ro\/wp-content\/uploads\/2022\/06\/Plaja-Tuzla-18-150x150.jpeg 150w, https:\/\/www.green24.ro\/wp-content\/uploads\/2022\/06\/Plaja-Tuzla-18-300x300.jpeg 300w\" sizes=\"auto, (max-width: 150px) 100vw, 150px\" \/><\/a>\n\t\t\t<\/div><\/figure><figure class='gallery-item'>\n\t\t\t<div class='gallery-icon landscape'>\n\t\t\t\t<a href='https:\/\/www.green24.ro\/index.php\/2022\/06\/29\/ultima-plaja-salbatica-de-pe-litoral-skijeturi-terase-sezlonguri-sute-de-masini-si-rulote-din-toata-tara\/plaja-tuzla-19-2\/'><img loading=\"lazy\" decoding=\"async\" width=\"150\" height=\"150\" src=\"https:\/\/www.green24.ro\/wp-content\/uploads\/2022\/06\/Plaja-Tuzla-19-1-150x150.jpeg\" class=\"attachment-thumbnail size-thumbnail\" alt=\"\" srcset=\"https:\/\/www.green24.ro\/wp-content\/uploads\/2022\/06\/Plaja-Tuzla-19-1-150x150.jpeg 150w, https:\/\/www.green24.ro\/wp-content\/uploads\/2022\/06\/Plaja-Tuzla-19-1-300x300.jpeg 300w\" sizes=\"auto, (max-width: 150px) 100vw, 150px\" \/><\/a>\n\t\t\t<\/div><\/figure>\n\t\t<\/div>\n\n<pre>sursa: <a href=\"https:\/\/www.g4media.ro\/foto-tuzla-ultima-plaja-salbatica-din-constanta-skijeturi-terase-sezlonguri-sute-de-masini-si-rulote-din-toata-tara-cum-s-a-transformat-o-zona-pustie-dupa-modelul-vama-veche-c.html\">g4media<\/a><\/pre>\n","protected":false},"excerpt":{"rendered":"<p>Plaja \u201ds\u0103lbatic\u0103\u201d din Tuzla este, \u00een fiecare weekend de var\u0103, aglomerat\u0103 de skijeturi, \u0219ezlonguri, umbrelu\u021be \u0219i sute de persoane. Salba de ma\u0219ini se vede \u00eenc\u0103 de c\u00e2nd intri pe drumul de p\u0103m\u00e2nt, pentru c\u0103 locurile nu sunt suficiente pe taluz. Apoi, deasupra plajei, pe coast\u0103, erau parcate sute de rulote [&hellip;]<\/p>\n","protected":false},"author":3,"featured_media":1158,"comment_status":"open","ping_status":"open","sticky":false,"template":"","format":"standard","meta":{"content-type":"","footnotes":"","jetpack_publicize_message":"","jetpack_publicize_feature_enabled":true,"jetpack_social_post_already_shared":true,"jetpack_social_options":{"image_generator_settings":{"template":"highway","default_image_id":0,"font":"","enabled":false},"version":2}},"categories":[5,9,1,6,10],"tags":[],"class_list":["post-1153","post","type-post","status-publish","format-standard","has-post-thumbnail","hentry","category-blog","category-company","category-general","category-prime","category-slide"],"yoast_head":"<!-- This site is optimized with the Yoast SEO plugin v24.9 - https:\/\/yoast.com\/wordpress\/plugins\/seo\/ -->\n<title>Ultima plaj\u0103 \u201ds\u0103lbatic\u0103\u201d de pe litoral: skijeturi, terase, \u0219ezlonguri, sute de ma\u0219ini \u0219i rulote din toat\u0103 \u021bara - Green24.ro<\/title>\n<meta name=\"description\" content=\"Prima dat\u0103 s-a auzit despre s\u0103lb\u0103ticia plajei Tuzla \u00een urm\u0103 cu vreo 10 ani, c\u00e2nd doar c\u00e2\u021biva iubitori de mare, lini\u0219te \u0219i pustiu, se aventurau prin c\u00e2mp \u0219i b\u0103l\u0103rii ca s\u0103 ajung\u0103 la apa cu o culoare f\u0103r\u0103 seam\u0103n pe \u00eentreg litoralul.\" \/>\n<meta name=\"robots\" content=\"index, follow, max-snippet:-1, max-image-preview:large, max-video-preview:-1\" \/>\n<link rel=\"canonical\" href=\"https:\/\/www.green24.ro\/index.php\/2022\/06\/29\/ultima-plaja-salbatica-de-pe-litoral-skijeturi-terase-sezlonguri-sute-de-masini-si-rulote-din-toata-tara\/\" \/>\n<meta property=\"og:locale\" content=\"en_US\" \/>\n<meta property=\"og:type\" content=\"article\" \/>\n<meta property=\"og:title\" content=\"Ultima plaj\u0103 \u201ds\u0103lbatic\u0103\u201d de pe litoral: skijeturi, terase, \u0219ezlonguri, sute de ma\u0219ini \u0219i rulote din toat\u0103 \u021bara - Green24.ro\" \/>\n<meta property=\"og:description\" content=\"Prima dat\u0103 s-a auzit despre s\u0103lb\u0103ticia plajei Tuzla \u00een urm\u0103 cu vreo 10 ani, c\u00e2nd doar c\u00e2\u021biva iubitori de mare, lini\u0219te \u0219i pustiu, se aventurau prin c\u00e2mp \u0219i b\u0103l\u0103rii ca s\u0103 ajung\u0103 la apa cu o culoare f\u0103r\u0103 seam\u0103n pe \u00eentreg litoralul.\" \/>\n<meta property=\"og:url\" content=\"https:\/\/www.green24.ro\/index.php\/2022\/06\/29\/ultima-plaja-salbatica-de-pe-litoral-skijeturi-terase-sezlonguri-sute-de-masini-si-rulote-din-toata-tara\/\" \/>\n<meta property=\"og:site_name\" content=\"Green24.ro\" \/>\n<meta property=\"article:publisher\" content=\"https:\/\/www.facebook.com\/green24ro\/\" \/>\n<meta property=\"article:published_time\" content=\"2022-06-29T09:43:31+00:00\" \/>\n<meta property=\"article:modified_time\" content=\"2022-06-29T09:43:34+00:00\" \/>\n<meta property=\"og:image\" content=\"https:\/\/www.green24.ro\/wp-content\/uploads\/2022\/06\/Plaja-Tuzla-12-1.jpeg\" \/>\n\t<meta property=\"og:image:width\" content=\"1024\" \/>\n\t<meta property=\"og:image:height\" content=\"768\" \/>\n\t<meta property=\"og:image:type\" content=\"image\/jpeg\" \/>\n<meta name=\"author\" content=\"Redactia Green24\" \/>\n<meta name=\"twitter:card\" content=\"summary_large_image\" \/>\n<meta name=\"twitter:label1\" content=\"Written by\" \/>\n\t<meta name=\"twitter:data1\" content=\"Redactia Green24\" \/>\n\t<meta name=\"twitter:label2\" content=\"Est. reading time\" \/>\n\t<meta name=\"twitter:data2\" content=\"3 minutes\" \/>\n<script type=\"application\/ld+json\" class=\"yoast-schema-graph\">{\"@context\":\"https:\/\/schema.org\",\"@graph\":[{\"@type\":\"Article\",\"@id\":\"https:\/\/www.green24.ro\/index.php\/2022\/06\/29\/ultima-plaja-salbatica-de-pe-litoral-skijeturi-terase-sezlonguri-sute-de-masini-si-rulote-din-toata-tara\/#article\",\"isPartOf\":{\"@id\":\"https:\/\/www.green24.ro\/index.php\/2022\/06\/29\/ultima-plaja-salbatica-de-pe-litoral-skijeturi-terase-sezlonguri-sute-de-masini-si-rulote-din-toata-tara\/\"},\"author\":{\"name\":\"Redactia Green24\",\"@id\":\"https:\/\/www.green24.ro\/#\/schema\/person\/607a8c12d4548837cb79d52bb2437572\"},\"headline\":\"Ultima plaj\u0103 \u201ds\u0103lbatic\u0103\u201d de pe litoral: skijeturi, terase, \u0219ezlonguri, sute de ma\u0219ini \u0219i rulote din toat\u0103 \u021bara\",\"datePublished\":\"2022-06-29T09:43:31+00:00\",\"dateModified\":\"2022-06-29T09:43:34+00:00\",\"mainEntityOfPage\":{\"@id\":\"https:\/\/www.green24.ro\/index.php\/2022\/06\/29\/ultima-plaja-salbatica-de-pe-litoral-skijeturi-terase-sezlonguri-sute-de-masini-si-rulote-din-toata-tara\/\"},\"wordCount\":469,\"commentCount\":0,\"publisher\":{\"@id\":\"https:\/\/www.green24.ro\/#organization\"},\"image\":{\"@id\":\"https:\/\/www.green24.ro\/index.php\/2022\/06\/29\/ultima-plaja-salbatica-de-pe-litoral-skijeturi-terase-sezlonguri-sute-de-masini-si-rulote-din-toata-tara\/#primaryimage\"},\"thumbnailUrl\":\"https:\/\/www.green24.ro\/wp-content\/uploads\/2022\/06\/Plaja-Tuzla-12-1.jpeg\",\"articleSection\":[\"Blog\",\"Company\",\"General\",\"Prime\",\"Slide\"],\"inLanguage\":\"en-US\",\"potentialAction\":[{\"@type\":\"CommentAction\",\"name\":\"Comment\",\"target\":[\"https:\/\/www.green24.ro\/index.php\/2022\/06\/29\/ultima-plaja-salbatica-de-pe-litoral-skijeturi-terase-sezlonguri-sute-de-masini-si-rulote-din-toata-tara\/#respond\"]}]},{\"@type\":\"WebPage\",\"@id\":\"https:\/\/www.green24.ro\/index.php\/2022\/06\/29\/ultima-plaja-salbatica-de-pe-litoral-skijeturi-terase-sezlonguri-sute-de-masini-si-rulote-din-toata-tara\/\",\"url\":\"https:\/\/www.green24.ro\/index.php\/2022\/06\/29\/ultima-plaja-salbatica-de-pe-litoral-skijeturi-terase-sezlonguri-sute-de-masini-si-rulote-din-toata-tara\/\",\"name\":\"Ultima plaj\u0103 \u201ds\u0103lbatic\u0103\u201d de pe litoral: skijeturi, terase, \u0219ezlonguri, sute de ma\u0219ini \u0219i rulote din toat\u0103 \u021bara - Green24.ro\",\"isPartOf\":{\"@id\":\"https:\/\/www.green24.ro\/#website\"},\"primaryImageOfPage\":{\"@id\":\"https:\/\/www.green24.ro\/index.php\/2022\/06\/29\/ultima-plaja-salbatica-de-pe-litoral-skijeturi-terase-sezlonguri-sute-de-masini-si-rulote-din-toata-tara\/#primaryimage\"},\"image\":{\"@id\":\"https:\/\/www.green24.ro\/index.php\/2022\/06\/29\/ultima-plaja-salbatica-de-pe-litoral-skijeturi-terase-sezlonguri-sute-de-masini-si-rulote-din-toata-tara\/#primaryimage\"},\"thumbnailUrl\":\"https:\/\/www.green24.ro\/wp-content\/uploads\/2022\/06\/Plaja-Tuzla-12-1.jpeg\",\"datePublished\":\"2022-06-29T09:43:31+00:00\",\"dateModified\":\"2022-06-29T09:43:34+00:00\",\"description\":\"Prima dat\u0103 s-a auzit despre s\u0103lb\u0103ticia plajei Tuzla \u00een urm\u0103 cu vreo 10 ani, c\u00e2nd doar c\u00e2\u021biva iubitori de mare, lini\u0219te \u0219i pustiu, se aventurau prin c\u00e2mp \u0219i b\u0103l\u0103rii ca s\u0103 ajung\u0103 la apa cu o culoare f\u0103r\u0103 seam\u0103n pe \u00eentreg litoralul.\",\"breadcrumb\":{\"@id\":\"https:\/\/www.green24.ro\/index.php\/2022\/06\/29\/ultima-plaja-salbatica-de-pe-litoral-skijeturi-terase-sezlonguri-sute-de-masini-si-rulote-din-toata-tara\/#breadcrumb\"},\"inLanguage\":\"en-US\",\"potentialAction\":[{\"@type\":\"ReadAction\",\"target\":[\"https:\/\/www.green24.ro\/index.php\/2022\/06\/29\/ultima-plaja-salbatica-de-pe-litoral-skijeturi-terase-sezlonguri-sute-de-masini-si-rulote-din-toata-tara\/\"]}]},{\"@type\":\"ImageObject\",\"inLanguage\":\"en-US\",\"@id\":\"https:\/\/www.green24.ro\/index.php\/2022\/06\/29\/ultima-plaja-salbatica-de-pe-litoral-skijeturi-terase-sezlonguri-sute-de-masini-si-rulote-din-toata-tara\/#primaryimage\",\"url\":\"https:\/\/www.green24.ro\/wp-content\/uploads\/2022\/06\/Plaja-Tuzla-12-1.jpeg\",\"contentUrl\":\"https:\/\/www.green24.ro\/wp-content\/uploads\/2022\/06\/Plaja-Tuzla-12-1.jpeg\",\"width\":1024,\"height\":768,\"caption\":\"Ultima plaj\u0103 \u201ds\u0103lbatic\u0103\u201d de pe litoral: skijeturi, terase, \u0219ezlonguri, sute de ma\u0219ini \u0219i rulote din toat\u0103 \u021bara\"},{\"@type\":\"BreadcrumbList\",\"@id\":\"https:\/\/www.green24.ro\/index.php\/2022\/06\/29\/ultima-plaja-salbatica-de-pe-litoral-skijeturi-terase-sezlonguri-sute-de-masini-si-rulote-din-toata-tara\/#breadcrumb\",\"itemListElement\":[{\"@type\":\"ListItem\",\"position\":1,\"name\":\"Home\",\"item\":\"https:\/\/www.green24.ro\/\"},{\"@type\":\"ListItem\",\"position\":2,\"name\":\"Ultima plaj\u0103 \u201ds\u0103lbatic\u0103\u201d de pe litoral: skijeturi, terase, \u0219ezlonguri, sute de ma\u0219ini \u0219i rulote din toat\u0103 \u021bara\"}]},{\"@type\":\"WebSite\",\"@id\":\"https:\/\/www.green24.ro\/#website\",\"url\":\"https:\/\/www.green24.ro\/\",\"name\":\"Green24.ro\",\"description\":\"Antreprenoriat verde si responsabilitatea social\u0103\",\"publisher\":{\"@id\":\"https:\/\/www.green24.ro\/#organization\"},\"potentialAction\":[{\"@type\":\"SearchAction\",\"target\":{\"@type\":\"EntryPoint\",\"urlTemplate\":\"https:\/\/www.green24.ro\/?s={search_term_string}\"},\"query-input\":{\"@type\":\"PropertyValueSpecification\",\"valueRequired\":true,\"valueName\":\"search_term_string\"}}],\"inLanguage\":\"en-US\"},{\"@type\":\"Organization\",\"@id\":\"https:\/\/www.green24.ro\/#organization\",\"name\":\"Green24\",\"url\":\"https:\/\/www.green24.ro\/\",\"logo\":{\"@type\":\"ImageObject\",\"inLanguage\":\"en-US\",\"@id\":\"https:\/\/www.green24.ro\/#\/schema\/logo\/image\/\",\"url\":\"https:\/\/www.green24.ro\/wp-content\/uploads\/2022\/02\/green24-17-e1643806452346.png\",\"contentUrl\":\"https:\/\/www.green24.ro\/wp-content\/uploads\/2022\/02\/green24-17-e1643806452346.png\",\"width\":174,\"height\":174,\"caption\":\"Green24\"},\"image\":{\"@id\":\"https:\/\/www.green24.ro\/#\/schema\/logo\/image\/\"},\"sameAs\":[\"https:\/\/www.facebook.com\/green24ro\/\"]},{\"@type\":\"Person\",\"@id\":\"https:\/\/www.green24.ro\/#\/schema\/person\/607a8c12d4548837cb79d52bb2437572\",\"name\":\"Redactia Green24\",\"image\":{\"@type\":\"ImageObject\",\"inLanguage\":\"en-US\",\"@id\":\"https:\/\/www.green24.ro\/#\/schema\/person\/image\/\",\"url\":\"https:\/\/secure.gravatar.com\/avatar\/c9f4d5614769dc0a9dfdfed961c82ea6?s=96&d=mm&r=g\",\"contentUrl\":\"https:\/\/secure.gravatar.com\/avatar\/c9f4d5614769dc0a9dfdfed961c82ea6?s=96&d=mm&r=g\",\"caption\":\"Redactia Green24\"},\"sameAs\":[\"http:\/\/www.green24.ro\"],\"url\":\"https:\/\/www.green24.ro\/index.php\/author\/green24\/\"}]}<\/script>\n<!-- \/ Yoast SEO plugin. -->","yoast_head_json":{"title":"Ultima plaj\u0103 \u201ds\u0103lbatic\u0103\u201d de pe litoral: skijeturi, terase, \u0219ezlonguri, sute de ma\u0219ini \u0219i rulote din toat\u0103 \u021bara - Green24.ro","description":"Prima dat\u0103 s-a auzit despre s\u0103lb\u0103ticia plajei Tuzla \u00een urm\u0103 cu vreo 10 ani, c\u00e2nd doar c\u00e2\u021biva iubitori de mare, lini\u0219te \u0219i pustiu, se aventurau prin c\u00e2mp \u0219i b\u0103l\u0103rii ca s\u0103 ajung\u0103 la apa cu o culoare f\u0103r\u0103 seam\u0103n pe \u00eentreg litoralul.","robots":{"index":"index","follow":"follow","max-snippet":"max-snippet:-1","max-image-preview":"max-image-preview:large","max-video-preview":"max-video-preview:-1"},"canonical":"https:\/\/www.green24.ro\/index.php\/2022\/06\/29\/ultima-plaja-salbatica-de-pe-litoral-skijeturi-terase-sezlonguri-sute-de-masini-si-rulote-din-toata-tara\/","og_locale":"en_US","og_type":"article","og_title":"Ultima plaj\u0103 \u201ds\u0103lbatic\u0103\u201d de pe litoral: skijeturi, terase, \u0219ezlonguri, sute de ma\u0219ini \u0219i rulote din toat\u0103 \u021bara - Green24.ro","og_description":"Prima dat\u0103 s-a auzit despre s\u0103lb\u0103ticia plajei Tuzla \u00een urm\u0103 cu vreo 10 ani, c\u00e2nd doar c\u00e2\u021biva iubitori de mare, lini\u0219te \u0219i pustiu, se aventurau prin c\u00e2mp \u0219i b\u0103l\u0103rii ca s\u0103 ajung\u0103 la apa cu o culoare f\u0103r\u0103 seam\u0103n pe \u00eentreg litoralul.","og_url":"https:\/\/www.green24.ro\/index.php\/2022\/06\/29\/ultima-plaja-salbatica-de-pe-litoral-skijeturi-terase-sezlonguri-sute-de-masini-si-rulote-din-toata-tara\/","og_site_name":"Green24.ro","article_publisher":"https:\/\/www.facebook.com\/green24ro\/","article_published_time":"2022-06-29T09:43:31+00:00","article_modified_time":"2022-06-29T09:43:34+00:00","og_image":[{"width":1024,"height":768,"url":"https:\/\/www.green24.ro\/wp-content\/uploads\/2022\/06\/Plaja-Tuzla-12-1.jpeg","type":"image\/jpeg"}],"author":"Redactia Green24","twitter_card":"summary_large_image","twitter_misc":{"Written by":"Redactia Green24","Est. reading time":"3 minutes"},"schema":{"@context":"https:\/\/schema.org","@graph":[{"@type":"Article","@id":"https:\/\/www.green24.ro\/index.php\/2022\/06\/29\/ultima-plaja-salbatica-de-pe-litoral-skijeturi-terase-sezlonguri-sute-de-masini-si-rulote-din-toata-tara\/#article","isPartOf":{"@id":"https:\/\/www.green24.ro\/index.php\/2022\/06\/29\/ultima-plaja-salbatica-de-pe-litoral-skijeturi-terase-sezlonguri-sute-de-masini-si-rulote-din-toata-tara\/"},"author":{"name":"Redactia Green24","@id":"https:\/\/www.green24.ro\/#\/schema\/person\/607a8c12d4548837cb79d52bb2437572"},"headline":"Ultima plaj\u0103 \u201ds\u0103lbatic\u0103\u201d de pe litoral: skijeturi, terase, \u0219ezlonguri, sute de ma\u0219ini \u0219i rulote din toat\u0103 \u021bara","datePublished":"2022-06-29T09:43:31+00:00","dateModified":"2022-06-29T09:43:34+00:00","mainEntityOfPage":{"@id":"https:\/\/www.green24.ro\/index.php\/2022\/06\/29\/ultima-plaja-salbatica-de-pe-litoral-skijeturi-terase-sezlonguri-sute-de-masini-si-rulote-din-toata-tara\/"},"wordCount":469,"commentCount":0,"publisher":{"@id":"https:\/\/www.green24.ro\/#organization"},"image":{"@id":"https:\/\/www.green24.ro\/index.php\/2022\/06\/29\/ultima-plaja-salbatica-de-pe-litoral-skijeturi-terase-sezlonguri-sute-de-masini-si-rulote-din-toata-tara\/#primaryimage"},"thumbnailUrl":"https:\/\/www.green24.ro\/wp-content\/uploads\/2022\/06\/Plaja-Tuzla-12-1.jpeg","articleSection":["Blog","Company","General","Prime","Slide"],"inLanguage":"en-US","potentialAction":[{"@type":"CommentAction","name":"Comment","target":["https:\/\/www.green24.ro\/index.php\/2022\/06\/29\/ultima-plaja-salbatica-de-pe-litoral-skijeturi-terase-sezlonguri-sute-de-masini-si-rulote-din-toata-tara\/#respond"]}]},{"@type":"WebPage","@id":"https:\/\/www.green24.ro\/index.php\/2022\/06\/29\/ultima-plaja-salbatica-de-pe-litoral-skijeturi-terase-sezlonguri-sute-de-masini-si-rulote-din-toata-tara\/","url":"https:\/\/www.green24.ro\/index.php\/2022\/06\/29\/ultima-plaja-salbatica-de-pe-litoral-skijeturi-terase-sezlonguri-sute-de-masini-si-rulote-din-toata-tara\/","name":"Ultima plaj\u0103 \u201ds\u0103lbatic\u0103\u201d de pe litoral: skijeturi, terase, \u0219ezlonguri, sute de ma\u0219ini \u0219i rulote din toat\u0103 \u021bara - Green24.ro","isPartOf":{"@id":"https:\/\/www.green24.ro\/#website"},"primaryImageOfPage":{"@id":"https:\/\/www.green24.ro\/index.php\/2022\/06\/29\/ultima-plaja-salbatica-de-pe-litoral-skijeturi-terase-sezlonguri-sute-de-masini-si-rulote-din-toata-tara\/#primaryimage"},"image":{"@id":"https:\/\/www.green24.ro\/index.php\/2022\/06\/29\/ultima-plaja-salbatica-de-pe-litoral-skijeturi-terase-sezlonguri-sute-de-masini-si-rulote-din-toata-tara\/#primaryimage"},"thumbnailUrl":"https:\/\/www.green24.ro\/wp-content\/uploads\/2022\/06\/Plaja-Tuzla-12-1.jpeg","datePublished":"2022-06-29T09:43:31+00:00","dateModified":"2022-06-29T09:43:34+00:00","description":"Prima dat\u0103 s-a auzit despre s\u0103lb\u0103ticia plajei Tuzla \u00een urm\u0103 cu vreo 10 ani, c\u00e2nd doar c\u00e2\u021biva iubitori de mare, lini\u0219te \u0219i pustiu, se aventurau prin c\u00e2mp \u0219i b\u0103l\u0103rii ca s\u0103 ajung\u0103 la apa cu o culoare f\u0103r\u0103 seam\u0103n pe \u00eentreg litoralul.","breadcrumb":{"@id":"https:\/\/www.green24.ro\/index.php\/2022\/06\/29\/ultima-plaja-salbatica-de-pe-litoral-skijeturi-terase-sezlonguri-sute-de-masini-si-rulote-din-toata-tara\/#breadcrumb"},"inLanguage":"en-US","potentialAction":[{"@type":"ReadAction","target":["https:\/\/www.green24.ro\/index.php\/2022\/06\/29\/ultima-plaja-salbatica-de-pe-litoral-skijeturi-terase-sezlonguri-sute-de-masini-si-rulote-din-toata-tara\/"]}]},{"@type":"ImageObject","inLanguage":"en-US","@id":"https:\/\/www.green24.ro\/index.php\/2022\/06\/29\/ultima-plaja-salbatica-de-pe-litoral-skijeturi-terase-sezlonguri-sute-de-masini-si-rulote-din-toata-tara\/#primaryimage","url":"https:\/\/www.green24.ro\/wp-content\/uploads\/2022\/06\/Plaja-Tuzla-12-1.jpeg","contentUrl":"https:\/\/www.green24.ro\/wp-content\/uploads\/2022\/06\/Plaja-Tuzla-12-1.jpeg","width":1024,"height":768,"caption":"Ultima plaj\u0103 \u201ds\u0103lbatic\u0103\u201d de pe litoral: skijeturi, terase, \u0219ezlonguri, sute de ma\u0219ini \u0219i rulote din toat\u0103 \u021bara"},{"@type":"BreadcrumbList","@id":"https:\/\/www.green24.ro\/index.php\/2022\/06\/29\/ultima-plaja-salbatica-de-pe-litoral-skijeturi-terase-sezlonguri-sute-de-masini-si-rulote-din-toata-tara\/#breadcrumb","itemListElement":[{"@type":"ListItem","position":1,"name":"Home","item":"https:\/\/www.green24.ro\/"},{"@type":"ListItem","position":2,"name":"Ultima plaj\u0103 \u201ds\u0103lbatic\u0103\u201d de pe litoral: skijeturi, terase, \u0219ezlonguri, sute de ma\u0219ini \u0219i rulote din toat\u0103 \u021bara"}]},{"@type":"WebSite","@id":"https:\/\/www.green24.ro\/#website","url":"https:\/\/www.green24.ro\/","name":"Green24.ro","description":"Antreprenoriat verde si responsabilitatea social\u0103","publisher":{"@id":"https:\/\/www.green24.ro\/#organization"},"potentialAction":[{"@type":"SearchAction","target":{"@type":"EntryPoint","urlTemplate":"https:\/\/www.green24.ro\/?s={search_term_string}"},"query-input":{"@type":"PropertyValueSpecification","valueRequired":true,"valueName":"search_term_string"}}],"inLanguage":"en-US"},{"@type":"Organization","@id":"https:\/\/www.green24.ro\/#organization","name":"Green24","url":"https:\/\/www.green24.ro\/","logo":{"@type":"ImageObject","inLanguage":"en-US","@id":"https:\/\/www.green24.ro\/#\/schema\/logo\/image\/","url":"https:\/\/www.green24.ro\/wp-content\/uploads\/2022\/02\/green24-17-e1643806452346.png","contentUrl":"https:\/\/www.green24.ro\/wp-content\/uploads\/2022\/02\/green24-17-e1643806452346.png","width":174,"height":174,"caption":"Green24"},"image":{"@id":"https:\/\/www.green24.ro\/#\/schema\/logo\/image\/"},"sameAs":["https:\/\/www.facebook.com\/green24ro\/"]},{"@type":"Person","@id":"https:\/\/www.green24.ro\/#\/schema\/person\/607a8c12d4548837cb79d52bb2437572","name":"Redactia Green24","image":{"@type":"ImageObject","inLanguage":"en-US","@id":"https:\/\/www.green24.ro\/#\/schema\/person\/image\/","url":"https:\/\/secure.gravatar.com\/avatar\/c9f4d5614769dc0a9dfdfed961c82ea6?s=96&d=mm&r=g","contentUrl":"https:\/\/secure.gravatar.com\/avatar\/c9f4d5614769dc0a9dfdfed961c82ea6?s=96&d=mm&r=g","caption":"Redactia Green24"},"sameAs":["http:\/\/www.green24.ro"],"url":"https:\/\/www.green24.ro\/index.php\/author\/green24\/"}]}},"jetpack_publicize_connections":[],"jetpack_featured_media_url":"https:\/\/www.green24.ro\/wp-content\/uploads\/2022\/06\/Plaja-Tuzla-12-1.jpeg","jetpack_sharing_enabled":true,"_links":{"self":[{"href":"https:\/\/www.green24.ro\/index.php\/wp-json\/wp\/v2\/posts\/1153","targetHints":{"allow":["GET"]}}],"collection":[{"href":"https:\/\/www.green24.ro\/index.php\/wp-json\/wp\/v2\/posts"}],"about":[{"href":"https:\/\/www.green24.ro\/index.php\/wp-json\/wp\/v2\/types\/post"}],"author":[{"embeddable":true,"href":"https:\/\/www.green24.ro\/index.php\/wp-json\/wp\/v2\/users\/3"}],"replies":[{"embeddable":true,"href":"https:\/\/www.green24.ro\/index.php\/wp-json\/wp\/v2\/comments?post=1153"}],"version-history":[{"count":2,"href":"https:\/\/www.green24.ro\/index.php\/wp-json\/wp\/v2\/posts\/1153\/revisions"}],"predecessor-version":[{"id":1173,"href":"https:\/\/www.green24.ro\/index.php\/wp-json\/wp\/v2\/posts\/1153\/revisions\/1173"}],"wp:featuredmedia":[{"embeddable":true,"href":"https:\/\/www.green24.ro\/index.php\/wp-json\/wp\/v2\/media\/1158"}],"wp:attachment":[{"href":"https:\/\/www.green24.ro\/index.php\/wp-json\/wp\/v2\/media?parent=1153"}],"wp:term":[{"taxonomy":"category","embeddable":true,"href":"https:\/\/www.green24.ro\/index.php\/wp-json\/wp\/v2\/categories?post=1153"},{"taxonomy":"post_tag","embeddable":true,"href":"https:\/\/www.green24.ro\/index.php\/wp-json\/wp\/v2\/tags?post=1153"}],"curies":[{"name":"wp","href":"https:\/\/api.w.org\/{rel}","templated":true}]}}