{"id":1130,"date":"2022-06-22T12:11:13","date_gmt":"2022-06-22T10:11:13","guid":{"rendered":"https:\/\/www.green24.ro\/?p=1130"},"modified":"2022-06-22T12:11:15","modified_gmt":"2022-06-22T10:11:15","slug":"nivelurile-actuale-de-co2-din-atmosfera-terrei-nu-au-mai-fost-vazute-de-milioane-de-ani","status":"publish","type":"post","link":"https:\/\/www.green24.ro\/index.php\/2022\/06\/22\/nivelurile-actuale-de-co2-din-atmosfera-terrei-nu-au-mai-fost-vazute-de-milioane-de-ani\/","title":{"rendered":"Nivelurile actuale de CO2 din atmosfera Terrei \u201enu au mai fost v\u0103zute de milioane de ani\u201d"},"content":{"rendered":"<p style=\"text-align: justify;\">Nivelurile de dioxid de carbon din atmosfera Terrei au crescut p\u00e2n\u0103 la valori care sunt cu peste 50% mai mari dec\u00e2t cele din perioadele preindustriale ale civiliza\u0163iei umane, au anun\u0163at vineri oamenii de \u015ftiin\u0163\u0103 de la National Oceanic and Atmospheric Administration (NOAA) din Statele Unite, informeaz\u0103 DPA.<\/p>\n<p style=\"text-align: justify;\">Dioxidul de carbon (CO2), m\u0103surat de Mauna Loa Atmospheric Baseline Observatory din Hawaii, au atins \u00een 2022 un v\u00e2rf de 421 de p\u0103r\u0163i per milion (ppm) \u00een luna mai, \u201e\u00eemping\u00e2nd \u015fi mai mult atmosfera Terrei \u00eentr-un teritoriu ce nu a mai fost v\u0103zut de milioane de ani\u201d, au declarat exper\u0163ii americani.<\/p>\n<p style=\"text-align: justify;\">\u00cenainte de Revolu\u0163ia Industrial\u0103 &#8211; \u015fi pentru aproape 6.000 de ani de civiliza\u0163ie uman\u0103 -, nivelurile de CO2 s-au situat constant \u00een jurul pragului de 280 de ppm. Dup\u0103 acea perioad\u0103 de profunde transform\u0103ri tehnologice, care au \u00eenceput \u00een secolul al XVIII-lea, oamenii de \u015ftiin\u0163\u0103 estimeaz\u0103 c\u0103 oamenii au generat emisii de aproximativ 1,5 trilioane de tone de CO2, iar o mare parte din aceast\u0103 cantitate va continua s\u0103 \u00eenc\u0103lzeasc\u0103 planeta noastr\u0103 pentru alte c\u00e2teva mii de ani de acum \u00eenainte.<\/p>\n<p style=\"text-align: justify;\">Anun\u0163ul de vineri a fost f\u0103cut de cercet\u0103tori de la NOAA &#8211; o agen\u0163ie federal\u0103 american\u0103 care furnizeaz\u0103 informa\u0163ii \u015fi servicii \u015ftiin\u0163ifice pentru a proteja resursele naturale ale P\u0103m\u00e2ntului &#8211; \u015fi de la Institutul Scripps pentru Oceanografie din cadrul Universit\u0103\u0163ii California din San Diego.<\/p>\n<p style=\"text-align: justify;\">\u201e\u015etiin\u0163a prezint\u0103 dovezi irefutabile: oamenii modific\u0103 clima \u00een feluri la care economia \u015fi infrastructura noastr\u0103 trebuie s\u0103 se adapteze\u201d, a declarat Rick Spinrad, administratorul general al NOAA, citat \u00eentr-un comunicat.<\/p>\n<p style=\"text-align: justify;\">\u201eVedem \u00een fiecare zi impacturile pe care schimb\u0103rile climatice le provoac\u0103 \u00een jurul nostru. Cre\u015fterea implacabil\u0103 a nivelurilor de dioxid de carbon m\u0103surate la Mauna Loa reprezint\u0103 o m\u0103rturie puternic\u0103 a faptului c\u0103 trebuie s\u0103 lu\u0103m m\u0103suri urgente \u015fi serioase pentru a deveni o na\u0163iune mai bine preg\u0103tit\u0103 \u00een fa\u0163a climei\u201d, a ad\u0103ugat el.<\/p>\n<hr \/>\n<p style=\"text-align: center;\"><strong>\u201eEste deprimant c\u0103 ne lipse\u015fte puterea unei voin\u0163e colective pentru a \u00eencetini cre\u015fterea implacabil\u0103 a nivelurilor de CO2\u201d<\/strong><\/p>\n<hr \/>\n<p style=\"text-align: justify;\">Potrivit NOAA, poluarea cu CO2 este generat\u0103 de arderea combustibililor fosili pentru transport \u015fi pentru ob\u0163inerea de energie electric\u0103, precum \u015fi de fabrici de ciment, desp\u0103duriri, agricultur\u0103 \u015fi alte practici.<\/p>\n<p style=\"text-align: justify;\">\u201eAl\u0103turi de alte gaze cu efect de ser\u0103, CO2 capteaz\u0103 c\u0103ldura radiat\u0103 la suprafa\u0163a planetei \u015fi care, altfel, ar &#8216;evada&#8217; \u00een spa\u0163iu, f\u0103c\u00e2nd ca atmosfera planetei s\u0103 se \u00eenc\u0103lzeasc\u0103 constant, fapt ce duce la o cascad\u0103 de impacturi meteorologice, inclusiv la episoade de c\u0103ldur\u0103 extrem\u0103, secet\u0103 \u015fi incendii de vegeta\u0163ie, precum \u015fi la precipita\u0163ii mai abundente, inunda\u0163ii \u015fi furtuni tropicale\u201d, a ad\u0103ugat agen\u0163ia american\u0103.<\/p>\n<p style=\"text-align: justify;\">\u201eEste deprimant c\u0103 ne lipse\u015fte puterea unei voin\u0163e colective pentru a \u00eencetini cre\u015fterea implacabil\u0103 a nivelurilor de CO2\u201d, a declarat Ralph Keeling, un renumit profesor de geo-chimie care conduce programul desf\u0103\u015furat de Institutul Scripps \u00een Mauna Loa. \u201ePoate c\u0103 folosirea combustibililor fosili nu mai accelereaz\u0103, dar noi continu\u0103m s\u0103 alerg\u0103m cu vitez\u0103 maxim\u0103 spre o catastrof\u0103 global\u0103\u201d, a ad\u0103ugat el.<\/p>\n<p style=\"text-align: justify;\">Pieter Tans, cercet\u0103tor principal la Global Monitoring Laboratory, \u00eemp\u0103rt\u0103\u015fe\u015fte frustrarea profesorului Keeling \u015fi a spus c\u0103 de\u015fi nivelurile mari de CO2 din atmosfer\u0103 nu reprezint\u0103 ceva nou, omenirea a refuzat cu toate acestea s\u0103 ac\u0163ioneze p\u00e2n\u0103 acum \u00een consecin\u0163\u0103, mai noteaz\u0103 sursa citat\u0103 de Agerpres.<\/p>\n<p style=\"text-align: justify;\">\u201eCunoa\u015ftem aceste lucruri de o jum\u0103tate de secol, dar am e\u015fuat s\u0103 facem ceva consistent \u00eempotriva lor. Oare ce altceva ar trebui s\u0103 se mai \u00eent\u00e2mple pentru ca noi s\u0103 ne trezim?\u201d, a declarat Pieter Tans.<\/p>\n<p>sursa: <a href=\"https:\/\/www.digi24.ro\/stiri\/sci-tech\/natura-si-mediu\/oameni-de-stiinta-nivelurile-actuale-de-co2-din-atmosfera-terrei-nu-au-mai-fost-vazute-de-milioane-de-ani-1964331\">digi24<\/a> <a href=\"https:\/\/www.pexels.com\/photo\/photography-of-factory-929385\/\">foto<\/a><\/p>\n\n\n\n","protected":false},"excerpt":{"rendered":"<p>Nivelurile de dioxid de carbon din atmosfera Terrei au crescut p\u00e2n\u0103 la valori care sunt cu peste 50% mai mari dec\u00e2t cele din perioadele preindustriale ale civiliza\u0163iei umane, au anun\u0163at vineri oamenii de \u015ftiin\u0163\u0103 de la National Oceanic and Atmospheric Administration (NOAA) din Statele Unite, informeaz\u0103 DPA. Dioxidul de carbon [&hellip;]<\/p>\n","protected":false},"author":3,"featured_media":1131,"comment_status":"open","ping_status":"open","sticky":false,"template":"","format":"standard","meta":{"content-type":"","footnotes":"","jetpack_publicize_message":"","jetpack_publicize_feature_enabled":true,"jetpack_social_post_already_shared":true,"jetpack_social_options":{"image_generator_settings":{"template":"highway","default_image_id":0,"font":"","enabled":false},"version":2}},"categories":[5,1,6],"tags":[],"class_list":["post-1130","post","type-post","status-publish","format-standard","has-post-thumbnail","hentry","category-blog","category-general","category-prime"],"yoast_head":"<!-- This site is optimized with the Yoast SEO plugin v24.9 - https:\/\/yoast.com\/wordpress\/plugins\/seo\/ -->\n<title>Nivelurile actuale de CO2 din atmosfera Terrei \u201enu au mai fost v\u0103zute de milioane de ani\u201d - Green24.ro<\/title>\n<meta name=\"description\" content=\"Este deprimant c\u0103 ne lipse\u015fte puterea unei voin\u0163e colective pentru a \u00eencetini cre\u015fterea implacabil\u0103 a nivelurilor de CO2.\" \/>\n<meta name=\"robots\" content=\"index, follow, max-snippet:-1, max-image-preview:large, max-video-preview:-1\" \/>\n<link rel=\"canonical\" href=\"https:\/\/www.green24.ro\/index.php\/2022\/06\/22\/nivelurile-actuale-de-co2-din-atmosfera-terrei-nu-au-mai-fost-vazute-de-milioane-de-ani\/\" \/>\n<meta property=\"og:locale\" content=\"en_US\" \/>\n<meta property=\"og:type\" content=\"article\" \/>\n<meta property=\"og:title\" content=\"Nivelurile actuale de CO2 din atmosfera Terrei \u201enu au mai fost v\u0103zute de milioane de ani\u201d - Green24.ro\" \/>\n<meta property=\"og:description\" content=\"Este deprimant c\u0103 ne lipse\u015fte puterea unei voin\u0163e colective pentru a \u00eencetini cre\u015fterea implacabil\u0103 a nivelurilor de CO2.\" \/>\n<meta property=\"og:url\" content=\"https:\/\/www.green24.ro\/index.php\/2022\/06\/22\/nivelurile-actuale-de-co2-din-atmosfera-terrei-nu-au-mai-fost-vazute-de-milioane-de-ani\/\" \/>\n<meta property=\"og:site_name\" content=\"Green24.ro\" \/>\n<meta property=\"article:publisher\" content=\"https:\/\/www.facebook.com\/green24ro\/\" \/>\n<meta property=\"article:published_time\" content=\"2022-06-22T10:11:13+00:00\" \/>\n<meta property=\"article:modified_time\" content=\"2022-06-22T10:11:15+00:00\" \/>\n<meta property=\"og:image\" content=\"https:\/\/www.green24.ro\/wp-content\/uploads\/2022\/06\/pexels-chris-leboutillier-929385.jpeg\" \/>\n\t<meta property=\"og:image:width\" content=\"1280\" \/>\n\t<meta property=\"og:image:height\" content=\"1866\" \/>\n\t<meta property=\"og:image:type\" content=\"image\/jpeg\" \/>\n<meta name=\"author\" content=\"Redactia Green24\" \/>\n<meta name=\"twitter:card\" content=\"summary_large_image\" \/>\n<meta name=\"twitter:label1\" content=\"Written by\" \/>\n\t<meta name=\"twitter:data1\" content=\"Redactia Green24\" \/>\n\t<meta name=\"twitter:label2\" content=\"Est. reading time\" \/>\n\t<meta name=\"twitter:data2\" content=\"3 minutes\" \/>\n<script type=\"application\/ld+json\" class=\"yoast-schema-graph\">{\"@context\":\"https:\/\/schema.org\",\"@graph\":[{\"@type\":\"Article\",\"@id\":\"https:\/\/www.green24.ro\/index.php\/2022\/06\/22\/nivelurile-actuale-de-co2-din-atmosfera-terrei-nu-au-mai-fost-vazute-de-milioane-de-ani\/#article\",\"isPartOf\":{\"@id\":\"https:\/\/www.green24.ro\/index.php\/2022\/06\/22\/nivelurile-actuale-de-co2-din-atmosfera-terrei-nu-au-mai-fost-vazute-de-milioane-de-ani\/\"},\"author\":{\"name\":\"Redactia Green24\",\"@id\":\"https:\/\/www.green24.ro\/#\/schema\/person\/607a8c12d4548837cb79d52bb2437572\"},\"headline\":\"Nivelurile actuale de CO2 din atmosfera Terrei \u201enu au mai fost v\u0103zute de milioane de ani\u201d\",\"datePublished\":\"2022-06-22T10:11:13+00:00\",\"dateModified\":\"2022-06-22T10:11:15+00:00\",\"mainEntityOfPage\":{\"@id\":\"https:\/\/www.green24.ro\/index.php\/2022\/06\/22\/nivelurile-actuale-de-co2-din-atmosfera-terrei-nu-au-mai-fost-vazute-de-milioane-de-ani\/\"},\"wordCount\":646,\"commentCount\":0,\"publisher\":{\"@id\":\"https:\/\/www.green24.ro\/#organization\"},\"image\":{\"@id\":\"https:\/\/www.green24.ro\/index.php\/2022\/06\/22\/nivelurile-actuale-de-co2-din-atmosfera-terrei-nu-au-mai-fost-vazute-de-milioane-de-ani\/#primaryimage\"},\"thumbnailUrl\":\"https:\/\/www.green24.ro\/wp-content\/uploads\/2022\/06\/pexels-chris-leboutillier-929385.jpeg\",\"articleSection\":[\"Blog\",\"General\",\"Prime\"],\"inLanguage\":\"en-US\",\"potentialAction\":[{\"@type\":\"CommentAction\",\"name\":\"Comment\",\"target\":[\"https:\/\/www.green24.ro\/index.php\/2022\/06\/22\/nivelurile-actuale-de-co2-din-atmosfera-terrei-nu-au-mai-fost-vazute-de-milioane-de-ani\/#respond\"]}]},{\"@type\":\"WebPage\",\"@id\":\"https:\/\/www.green24.ro\/index.php\/2022\/06\/22\/nivelurile-actuale-de-co2-din-atmosfera-terrei-nu-au-mai-fost-vazute-de-milioane-de-ani\/\",\"url\":\"https:\/\/www.green24.ro\/index.php\/2022\/06\/22\/nivelurile-actuale-de-co2-din-atmosfera-terrei-nu-au-mai-fost-vazute-de-milioane-de-ani\/\",\"name\":\"Nivelurile actuale de CO2 din atmosfera Terrei \u201enu au mai fost v\u0103zute de milioane de ani\u201d - Green24.ro\",\"isPartOf\":{\"@id\":\"https:\/\/www.green24.ro\/#website\"},\"primaryImageOfPage\":{\"@id\":\"https:\/\/www.green24.ro\/index.php\/2022\/06\/22\/nivelurile-actuale-de-co2-din-atmosfera-terrei-nu-au-mai-fost-vazute-de-milioane-de-ani\/#primaryimage\"},\"image\":{\"@id\":\"https:\/\/www.green24.ro\/index.php\/2022\/06\/22\/nivelurile-actuale-de-co2-din-atmosfera-terrei-nu-au-mai-fost-vazute-de-milioane-de-ani\/#primaryimage\"},\"thumbnailUrl\":\"https:\/\/www.green24.ro\/wp-content\/uploads\/2022\/06\/pexels-chris-leboutillier-929385.jpeg\",\"datePublished\":\"2022-06-22T10:11:13+00:00\",\"dateModified\":\"2022-06-22T10:11:15+00:00\",\"description\":\"Este deprimant c\u0103 ne lipse\u015fte puterea unei voin\u0163e colective pentru a \u00eencetini cre\u015fterea implacabil\u0103 a nivelurilor de CO2.\",\"breadcrumb\":{\"@id\":\"https:\/\/www.green24.ro\/index.php\/2022\/06\/22\/nivelurile-actuale-de-co2-din-atmosfera-terrei-nu-au-mai-fost-vazute-de-milioane-de-ani\/#breadcrumb\"},\"inLanguage\":\"en-US\",\"potentialAction\":[{\"@type\":\"ReadAction\",\"target\":[\"https:\/\/www.green24.ro\/index.php\/2022\/06\/22\/nivelurile-actuale-de-co2-din-atmosfera-terrei-nu-au-mai-fost-vazute-de-milioane-de-ani\/\"]}]},{\"@type\":\"ImageObject\",\"inLanguage\":\"en-US\",\"@id\":\"https:\/\/www.green24.ro\/index.php\/2022\/06\/22\/nivelurile-actuale-de-co2-din-atmosfera-terrei-nu-au-mai-fost-vazute-de-milioane-de-ani\/#primaryimage\",\"url\":\"https:\/\/www.green24.ro\/wp-content\/uploads\/2022\/06\/pexels-chris-leboutillier-929385.jpeg\",\"contentUrl\":\"https:\/\/www.green24.ro\/wp-content\/uploads\/2022\/06\/pexels-chris-leboutillier-929385.jpeg\",\"width\":1280,\"height\":1866,\"caption\":\"Nivelurile actuale de CO2 din atmosfera Terrei \u201enu au mai fost v\u0103zute de milioane de ani\u201d\"},{\"@type\":\"BreadcrumbList\",\"@id\":\"https:\/\/www.green24.ro\/index.php\/2022\/06\/22\/nivelurile-actuale-de-co2-din-atmosfera-terrei-nu-au-mai-fost-vazute-de-milioane-de-ani\/#breadcrumb\",\"itemListElement\":[{\"@type\":\"ListItem\",\"position\":1,\"name\":\"Home\",\"item\":\"https:\/\/www.green24.ro\/\"},{\"@type\":\"ListItem\",\"position\":2,\"name\":\"Nivelurile actuale de CO2 din atmosfera Terrei \u201enu au mai fost v\u0103zute de milioane de ani\u201d\"}]},{\"@type\":\"WebSite\",\"@id\":\"https:\/\/www.green24.ro\/#website\",\"url\":\"https:\/\/www.green24.ro\/\",\"name\":\"Green24.ro\",\"description\":\"Antreprenoriat verde si responsabilitatea social\u0103\",\"publisher\":{\"@id\":\"https:\/\/www.green24.ro\/#organization\"},\"potentialAction\":[{\"@type\":\"SearchAction\",\"target\":{\"@type\":\"EntryPoint\",\"urlTemplate\":\"https:\/\/www.green24.ro\/?s={search_term_string}\"},\"query-input\":{\"@type\":\"PropertyValueSpecification\",\"valueRequired\":true,\"valueName\":\"search_term_string\"}}],\"inLanguage\":\"en-US\"},{\"@type\":\"Organization\",\"@id\":\"https:\/\/www.green24.ro\/#organization\",\"name\":\"Green24\",\"url\":\"https:\/\/www.green24.ro\/\",\"logo\":{\"@type\":\"ImageObject\",\"inLanguage\":\"en-US\",\"@id\":\"https:\/\/www.green24.ro\/#\/schema\/logo\/image\/\",\"url\":\"https:\/\/www.green24.ro\/wp-content\/uploads\/2022\/02\/green24-17-e1643806452346.png\",\"contentUrl\":\"https:\/\/www.green24.ro\/wp-content\/uploads\/2022\/02\/green24-17-e1643806452346.png\",\"width\":174,\"height\":174,\"caption\":\"Green24\"},\"image\":{\"@id\":\"https:\/\/www.green24.ro\/#\/schema\/logo\/image\/\"},\"sameAs\":[\"https:\/\/www.facebook.com\/green24ro\/\"]},{\"@type\":\"Person\",\"@id\":\"https:\/\/www.green24.ro\/#\/schema\/person\/607a8c12d4548837cb79d52bb2437572\",\"name\":\"Redactia Green24\",\"image\":{\"@type\":\"ImageObject\",\"inLanguage\":\"en-US\",\"@id\":\"https:\/\/www.green24.ro\/#\/schema\/person\/image\/\",\"url\":\"https:\/\/secure.gravatar.com\/avatar\/c9f4d5614769dc0a9dfdfed961c82ea6?s=96&d=mm&r=g\",\"contentUrl\":\"https:\/\/secure.gravatar.com\/avatar\/c9f4d5614769dc0a9dfdfed961c82ea6?s=96&d=mm&r=g\",\"caption\":\"Redactia Green24\"},\"sameAs\":[\"http:\/\/www.green24.ro\"],\"url\":\"https:\/\/www.green24.ro\/index.php\/author\/green24\/\"}]}<\/script>\n<!-- \/ Yoast SEO plugin. -->","yoast_head_json":{"title":"Nivelurile actuale de CO2 din atmosfera Terrei \u201enu au mai fost v\u0103zute de milioane de ani\u201d - Green24.ro","description":"Este deprimant c\u0103 ne lipse\u015fte puterea unei voin\u0163e colective pentru a \u00eencetini cre\u015fterea implacabil\u0103 a nivelurilor de CO2.","robots":{"index":"index","follow":"follow","max-snippet":"max-snippet:-1","max-image-preview":"max-image-preview:large","max-video-preview":"max-video-preview:-1"},"canonical":"https:\/\/www.green24.ro\/index.php\/2022\/06\/22\/nivelurile-actuale-de-co2-din-atmosfera-terrei-nu-au-mai-fost-vazute-de-milioane-de-ani\/","og_locale":"en_US","og_type":"article","og_title":"Nivelurile actuale de CO2 din atmosfera Terrei \u201enu au mai fost v\u0103zute de milioane de ani\u201d - Green24.ro","og_description":"Este deprimant c\u0103 ne lipse\u015fte puterea unei voin\u0163e colective pentru a \u00eencetini cre\u015fterea implacabil\u0103 a nivelurilor de CO2.","og_url":"https:\/\/www.green24.ro\/index.php\/2022\/06\/22\/nivelurile-actuale-de-co2-din-atmosfera-terrei-nu-au-mai-fost-vazute-de-milioane-de-ani\/","og_site_name":"Green24.ro","article_publisher":"https:\/\/www.facebook.com\/green24ro\/","article_published_time":"2022-06-22T10:11:13+00:00","article_modified_time":"2022-06-22T10:11:15+00:00","og_image":[{"width":1280,"height":1866,"url":"https:\/\/www.green24.ro\/wp-content\/uploads\/2022\/06\/pexels-chris-leboutillier-929385.jpeg","type":"image\/jpeg"}],"author":"Redactia Green24","twitter_card":"summary_large_image","twitter_misc":{"Written by":"Redactia Green24","Est. reading time":"3 minutes"},"schema":{"@context":"https:\/\/schema.org","@graph":[{"@type":"Article","@id":"https:\/\/www.green24.ro\/index.php\/2022\/06\/22\/nivelurile-actuale-de-co2-din-atmosfera-terrei-nu-au-mai-fost-vazute-de-milioane-de-ani\/#article","isPartOf":{"@id":"https:\/\/www.green24.ro\/index.php\/2022\/06\/22\/nivelurile-actuale-de-co2-din-atmosfera-terrei-nu-au-mai-fost-vazute-de-milioane-de-ani\/"},"author":{"name":"Redactia Green24","@id":"https:\/\/www.green24.ro\/#\/schema\/person\/607a8c12d4548837cb79d52bb2437572"},"headline":"Nivelurile actuale de CO2 din atmosfera Terrei \u201enu au mai fost v\u0103zute de milioane de ani\u201d","datePublished":"2022-06-22T10:11:13+00:00","dateModified":"2022-06-22T10:11:15+00:00","mainEntityOfPage":{"@id":"https:\/\/www.green24.ro\/index.php\/2022\/06\/22\/nivelurile-actuale-de-co2-din-atmosfera-terrei-nu-au-mai-fost-vazute-de-milioane-de-ani\/"},"wordCount":646,"commentCount":0,"publisher":{"@id":"https:\/\/www.green24.ro\/#organization"},"image":{"@id":"https:\/\/www.green24.ro\/index.php\/2022\/06\/22\/nivelurile-actuale-de-co2-din-atmosfera-terrei-nu-au-mai-fost-vazute-de-milioane-de-ani\/#primaryimage"},"thumbnailUrl":"https:\/\/www.green24.ro\/wp-content\/uploads\/2022\/06\/pexels-chris-leboutillier-929385.jpeg","articleSection":["Blog","General","Prime"],"inLanguage":"en-US","potentialAction":[{"@type":"CommentAction","name":"Comment","target":["https:\/\/www.green24.ro\/index.php\/2022\/06\/22\/nivelurile-actuale-de-co2-din-atmosfera-terrei-nu-au-mai-fost-vazute-de-milioane-de-ani\/#respond"]}]},{"@type":"WebPage","@id":"https:\/\/www.green24.ro\/index.php\/2022\/06\/22\/nivelurile-actuale-de-co2-din-atmosfera-terrei-nu-au-mai-fost-vazute-de-milioane-de-ani\/","url":"https:\/\/www.green24.ro\/index.php\/2022\/06\/22\/nivelurile-actuale-de-co2-din-atmosfera-terrei-nu-au-mai-fost-vazute-de-milioane-de-ani\/","name":"Nivelurile actuale de CO2 din atmosfera Terrei \u201enu au mai fost v\u0103zute de milioane de ani\u201d - Green24.ro","isPartOf":{"@id":"https:\/\/www.green24.ro\/#website"},"primaryImageOfPage":{"@id":"https:\/\/www.green24.ro\/index.php\/2022\/06\/22\/nivelurile-actuale-de-co2-din-atmosfera-terrei-nu-au-mai-fost-vazute-de-milioane-de-ani\/#primaryimage"},"image":{"@id":"https:\/\/www.green24.ro\/index.php\/2022\/06\/22\/nivelurile-actuale-de-co2-din-atmosfera-terrei-nu-au-mai-fost-vazute-de-milioane-de-ani\/#primaryimage"},"thumbnailUrl":"https:\/\/www.green24.ro\/wp-content\/uploads\/2022\/06\/pexels-chris-leboutillier-929385.jpeg","datePublished":"2022-06-22T10:11:13+00:00","dateModified":"2022-06-22T10:11:15+00:00","description":"Este deprimant c\u0103 ne lipse\u015fte puterea unei voin\u0163e colective pentru a \u00eencetini cre\u015fterea implacabil\u0103 a nivelurilor de CO2.","breadcrumb":{"@id":"https:\/\/www.green24.ro\/index.php\/2022\/06\/22\/nivelurile-actuale-de-co2-din-atmosfera-terrei-nu-au-mai-fost-vazute-de-milioane-de-ani\/#breadcrumb"},"inLanguage":"en-US","potentialAction":[{"@type":"ReadAction","target":["https:\/\/www.green24.ro\/index.php\/2022\/06\/22\/nivelurile-actuale-de-co2-din-atmosfera-terrei-nu-au-mai-fost-vazute-de-milioane-de-ani\/"]}]},{"@type":"ImageObject","inLanguage":"en-US","@id":"https:\/\/www.green24.ro\/index.php\/2022\/06\/22\/nivelurile-actuale-de-co2-din-atmosfera-terrei-nu-au-mai-fost-vazute-de-milioane-de-ani\/#primaryimage","url":"https:\/\/www.green24.ro\/wp-content\/uploads\/2022\/06\/pexels-chris-leboutillier-929385.jpeg","contentUrl":"https:\/\/www.green24.ro\/wp-content\/uploads\/2022\/06\/pexels-chris-leboutillier-929385.jpeg","width":1280,"height":1866,"caption":"Nivelurile actuale de CO2 din atmosfera Terrei \u201enu au mai fost v\u0103zute de milioane de ani\u201d"},{"@type":"BreadcrumbList","@id":"https:\/\/www.green24.ro\/index.php\/2022\/06\/22\/nivelurile-actuale-de-co2-din-atmosfera-terrei-nu-au-mai-fost-vazute-de-milioane-de-ani\/#breadcrumb","itemListElement":[{"@type":"ListItem","position":1,"name":"Home","item":"https:\/\/www.green24.ro\/"},{"@type":"ListItem","position":2,"name":"Nivelurile actuale de CO2 din atmosfera Terrei \u201enu au mai fost v\u0103zute de milioane de ani\u201d"}]},{"@type":"WebSite","@id":"https:\/\/www.green24.ro\/#website","url":"https:\/\/www.green24.ro\/","name":"Green24.ro","description":"Antreprenoriat verde si responsabilitatea social\u0103","publisher":{"@id":"https:\/\/www.green24.ro\/#organization"},"potentialAction":[{"@type":"SearchAction","target":{"@type":"EntryPoint","urlTemplate":"https:\/\/www.green24.ro\/?s={search_term_string}"},"query-input":{"@type":"PropertyValueSpecification","valueRequired":true,"valueName":"search_term_string"}}],"inLanguage":"en-US"},{"@type":"Organization","@id":"https:\/\/www.green24.ro\/#organization","name":"Green24","url":"https:\/\/www.green24.ro\/","logo":{"@type":"ImageObject","inLanguage":"en-US","@id":"https:\/\/www.green24.ro\/#\/schema\/logo\/image\/","url":"https:\/\/www.green24.ro\/wp-content\/uploads\/2022\/02\/green24-17-e1643806452346.png","contentUrl":"https:\/\/www.green24.ro\/wp-content\/uploads\/2022\/02\/green24-17-e1643806452346.png","width":174,"height":174,"caption":"Green24"},"image":{"@id":"https:\/\/www.green24.ro\/#\/schema\/logo\/image\/"},"sameAs":["https:\/\/www.facebook.com\/green24ro\/"]},{"@type":"Person","@id":"https:\/\/www.green24.ro\/#\/schema\/person\/607a8c12d4548837cb79d52bb2437572","name":"Redactia Green24","image":{"@type":"ImageObject","inLanguage":"en-US","@id":"https:\/\/www.green24.ro\/#\/schema\/person\/image\/","url":"https:\/\/secure.gravatar.com\/avatar\/c9f4d5614769dc0a9dfdfed961c82ea6?s=96&d=mm&r=g","contentUrl":"https:\/\/secure.gravatar.com\/avatar\/c9f4d5614769dc0a9dfdfed961c82ea6?s=96&d=mm&r=g","caption":"Redactia Green24"},"sameAs":["http:\/\/www.green24.ro"],"url":"https:\/\/www.green24.ro\/index.php\/author\/green24\/"}]}},"jetpack_publicize_connections":[],"jetpack_featured_media_url":"https:\/\/www.green24.ro\/wp-content\/uploads\/2022\/06\/pexels-chris-leboutillier-929385.jpeg","jetpack_sharing_enabled":true,"_links":{"self":[{"href":"https:\/\/www.green24.ro\/index.php\/wp-json\/wp\/v2\/posts\/1130","targetHints":{"allow":["GET"]}}],"collection":[{"href":"https:\/\/www.green24.ro\/index.php\/wp-json\/wp\/v2\/posts"}],"about":[{"href":"https:\/\/www.green24.ro\/index.php\/wp-json\/wp\/v2\/types\/post"}],"author":[{"embeddable":true,"href":"https:\/\/www.green24.ro\/index.php\/wp-json\/wp\/v2\/users\/3"}],"replies":[{"embeddable":true,"href":"https:\/\/www.green24.ro\/index.php\/wp-json\/wp\/v2\/comments?post=1130"}],"version-history":[{"count":1,"href":"https:\/\/www.green24.ro\/index.php\/wp-json\/wp\/v2\/posts\/1130\/revisions"}],"predecessor-version":[{"id":1132,"href":"https:\/\/www.green24.ro\/index.php\/wp-json\/wp\/v2\/posts\/1130\/revisions\/1132"}],"wp:featuredmedia":[{"embeddable":true,"href":"https:\/\/www.green24.ro\/index.php\/wp-json\/wp\/v2\/media\/1131"}],"wp:attachment":[{"href":"https:\/\/www.green24.ro\/index.php\/wp-json\/wp\/v2\/media?parent=1130"}],"wp:term":[{"taxonomy":"category","embeddable":true,"href":"https:\/\/www.green24.ro\/index.php\/wp-json\/wp\/v2\/categories?post=1130"},{"taxonomy":"post_tag","embeddable":true,"href":"https:\/\/www.green24.ro\/index.php\/wp-json\/wp\/v2\/tags?post=1130"}],"curies":[{"name":"wp","href":"https:\/\/api.w.org\/{rel}","templated":true}]}}