{"id":1120,"date":"2022-06-20T11:28:20","date_gmt":"2022-06-20T09:28:20","guid":{"rendered":"https:\/\/www.green24.ro\/?p=1120"},"modified":"2022-06-20T11:28:22","modified_gmt":"2022-06-20T09:28:22","slug":"de-ce-nu-are-romania-o-lege-care-sa-protejeze-arborii-seculari","status":"publish","type":"post","link":"https:\/\/www.green24.ro\/index.php\/2022\/06\/20\/de-ce-nu-are-romania-o-lege-care-sa-protejeze-arborii-seculari\/","title":{"rendered":"De ce nu are Rom\u00e2nia o lege care s\u0103 protejeze arborii seculari"},"content":{"rendered":"<p style=\"text-align: justify;\">Spre deosebire de multe alte \u021b\u0103ri, Rom\u00e2nia nu are p\u00e2n\u0103 \u00een momentul de fa\u021b\u0103 o lege dedicat\u0103 protec\u021biei arborilor remarcabili, de\u015fi poten\u021bialul este enorm.<\/p>\n<p style=\"text-align: justify;\">O radiografie \u00een cifre: conform platformei\u00a0<a href=\"https:\/\/www.arboriremarcabili.ro\/en\/about-project\/\">www.arboriremarcabili.ro<\/a>\u00a0au fost identifica\u021bi peste 5.000 de arbori care ar beneficia de acest statut.<\/p>\n<p style=\"text-align: justify;\">Arborii remarcabili sunt adesea privi\u021bi ca elemente ale mo\u0219tenirii culturale \u0219i istorice de c\u0103tre comunitatea local\u0103, sunt puncte de reper \u0219i adev\u0103rate simboluri ale rezisten\u021bei \u00een timp. Sunt, \u00een acela\u0219i timp, ad\u0103post pentru \u00eentregi ecosisteme de licheni, reptile, p\u0103s\u0103ri \u0219i mamifere.<\/p>\n<p style=\"text-align: justify;\">Tocmai de aceea, \u00een sesiunea anterioar\u0103 legislativ\u0103 am depus un proiect de lege, al\u0103turi de colegul meu Aurel Oprinoiu, prin care ne propunem s\u0103 protej\u0103m arborii seculari odat\u0103 \u00eenregistra\u021bi \u00eentr-un registru oficial. Proiectul a fost scris al\u0103turi de speciali\u0219ti \u00een domeniu, c\u0103rora le mul\u021bumesc: Tibor Hartel \u0219i Arghiu\u0219 Viorel de la Universitatea Babes-Bolyai, coordonatorii ini\u021biativei Arbori Remarcabili din Rom\u00e2nia\u00a0 (https:\/\/arboriremarcabili.ro\/ro\/despre-proiect\/), Florin Stoican \u0219i Laura Bouriaud. De altfel, ini\u021biativa\u00a0www.arboriremarcabili.ro\u00a0a fost inspira\u021bia proiectului de lege \u2013 o ini\u021biativ\u0103 civic\u0103 care sper\u0103m s\u0103 nasc\u0103 \u0219i o legisla\u021bie coerent\u0103 cu poten\u021bialul uria\u0219 pe care \u00eel are Rom\u00e2nia.<\/p>\n<p style=\"text-align: justify;\">Numeroase \u021b\u0103ri aveau deja legisla\u021bii care s\u0103 protejeze arborii remarcabili la momentul la care am depus noi proiectul de lege: Spania, Portugalia, Germania, Marea Britanie sunt doar c\u00e2teva din \u021b\u0103rile care au \u00een\u021beles cu mult timp \u00een urm\u0103 importan\u021ba protej\u0103rii arborilor istorici.<\/p>\n<p><strong>Cum definim arborii remarcabili?<\/strong><\/p>\n<p style=\"text-align: justify;\">Sunt arborii din fondul forestier na\u0163ional sau din afara acestuia, inclusiv din intravilanul localit\u0103\u0163ilor, care prezint\u0103 o valoare cultural-istoric\u0103 documentat\u0103, pentru zon\u0103 \u015fi comunitate, fiind lega\u0163i de un eveniment istoric sau de o personalitate, de o \u00eent\u00e2mplare istoric\u0103 sau de o legend\u0103 \u015fi \u00eendeplinesc cel pu\u0163in una dintre urm\u0103toarele caracteristici:<\/p>\n<p>a) au o circumferin\u0163\u0103 minim\u0103 a trunchiului, m\u0103surat\u0103 la 130 cm de sol \u00een amonte;<br \/>\nb) au v\u00e2rsta de minimum 160 de ani;<br \/>\nc) prezint\u0103 o valoare cultural-istoric\u0103 pentru zon\u0103 \u015fi comunitate, fiind lega\u0163i de un eveniment istoric sau de o personalitate, de o \u00eent\u00e2mplare istoric\u0103 sau de o legend\u0103.<\/p>\n<p style=\"text-align: justify;\">Tot speciali\u0219tii ne-au ajutat s\u0103 tras\u0103m \u0219i limitele de t\u0103iere a acestor arbori, pentru a proteja c\u00e2t mai mul\u021bi dintre ace\u0219tia:<\/p>\n<p style=\"text-align: justify;\">\u201eT\u0103ierea \u015fi valorificarea arborilor remarcabili, indiferent de proprietate, este permis\u0103 numai \u00een urm\u0103toarele cazuri:<\/p>\n<p style=\"text-align: justify;\">a) arborele remarcabil este complet uscat, cu excep\u0163ia cazurilor \u00een care extragerea lemnului mort este interzis\u0103;<br \/>\nb) arborele remarcabil este dezr\u0103d\u0103cinat din cauze naturale, cu excep\u0163ia cazurilor \u00een care extragerea arborilor dobor\u00e2\u0163i este interzis\u0103;<br \/>\nc) arborele remarcabil pune \u00een pericol siguran\u0163a oamenilor \u015fi a bunurilor \u015fi nu exist\u0103 alt\u0103 modalitate de a reduce acest risc, \u00een urma unei evalu\u0103ri f\u0103cute de c\u0103tre autoritatea responsabil\u0103.\u201d<br \/>\nPe data de 11 octombrie 2021, proiectul a fost supus la vot \u00een Senat \u0219i a fost adoptat cu o majoritate cov\u00e2r\u0219itoare. De atunci, \u00eens\u0103, au trecut 8 luni, 8 luni \u00een care ar fi putut fi adoptat \u0219i \u00een Camera Deputa\u021bilor \u0219i ar fi putut deja fi pus \u00een aplicare.<\/p>\n<p style=\"text-align: justify;\">Cu toate acestea, pute\u021bi spune c\u0103 sunt de un optimism de ne\u00een\u021beles, dar eu am speran\u021be c\u0103 acest proiect va ajunge \u00een acest an la vot \u0219i sper s\u0103 vedem un Parlament al Rom\u00e2niei care \u00een\u021belege valorile naturale pe care le are \u021bara noastr\u0103 \u0219i c\u0103 acestea trebuie protejate.<\/p>\n<pre>sursa: <a href=\"https:\/\/green-report.ro\/de-ce-nu-are-romania-o-lege-care-sa-protejeze-arborii-remarcabili-seculari-si-ce-se-poate-face\/\">greenreport<\/a>,<\/pre>\n","protected":false},"excerpt":{"rendered":"<p>Spre deosebire de multe alte \u021b\u0103ri, Rom\u00e2nia nu are p\u00e2n\u0103 \u00een momentul de fa\u021b\u0103 o lege dedicat\u0103 protec\u021biei arborilor remarcabili, de\u015fi poten\u021bialul este enorm. O radiografie \u00een cifre: conform platformei\u00a0www.arboriremarcabili.ro\u00a0au fost identifica\u021bi peste 5.000 de arbori care ar beneficia de acest statut. Arborii remarcabili sunt adesea privi\u021bi ca elemente ale [&hellip;]<\/p>\n","protected":false},"author":3,"featured_media":1121,"comment_status":"open","ping_status":"open","sticky":false,"template":"","format":"standard","meta":{"content-type":"","footnotes":"","jetpack_publicize_message":"","jetpack_publicize_feature_enabled":true,"jetpack_social_post_already_shared":true,"jetpack_social_options":{"image_generator_settings":{"template":"highway","default_image_id":0,"font":"","enabled":false},"version":2}},"categories":[5,6,10],"tags":[],"class_list":["post-1120","post","type-post","status-publish","format-standard","has-post-thumbnail","hentry","category-blog","category-prime","category-slide"],"yoast_head":"<!-- This site is optimized with the Yoast SEO plugin v24.9 - https:\/\/yoast.com\/wordpress\/plugins\/seo\/ -->\n<title>De ce nu are Rom\u00e2nia o lege care s\u0103 protejeze arborii seculari - Green24.ro<\/title>\n<meta name=\"description\" content=\"Spre deosebire de multe alte \u021b\u0103ri, Rom\u00e2nia nu are p\u00e2n\u0103 \u00een momentul de fa\u021b\u0103 o lege dedicat\u0103 protec\u021biei arborilor remarcabili, de\u015fi poten\u021bialul este enorm.\" \/>\n<meta name=\"robots\" content=\"index, follow, max-snippet:-1, max-image-preview:large, max-video-preview:-1\" \/>\n<link rel=\"canonical\" href=\"https:\/\/www.green24.ro\/index.php\/2022\/06\/20\/de-ce-nu-are-romania-o-lege-care-sa-protejeze-arborii-seculari\/\" \/>\n<meta property=\"og:locale\" content=\"en_US\" \/>\n<meta property=\"og:type\" content=\"article\" \/>\n<meta property=\"og:title\" content=\"De ce nu are Rom\u00e2nia o lege care s\u0103 protejeze arborii seculari - Green24.ro\" \/>\n<meta property=\"og:description\" content=\"Spre deosebire de multe alte \u021b\u0103ri, Rom\u00e2nia nu are p\u00e2n\u0103 \u00een momentul de fa\u021b\u0103 o lege dedicat\u0103 protec\u021biei arborilor remarcabili, de\u015fi poten\u021bialul este enorm.\" \/>\n<meta property=\"og:url\" content=\"https:\/\/www.green24.ro\/index.php\/2022\/06\/20\/de-ce-nu-are-romania-o-lege-care-sa-protejeze-arborii-seculari\/\" \/>\n<meta property=\"og:site_name\" content=\"Green24.ro\" \/>\n<meta property=\"article:publisher\" content=\"https:\/\/www.facebook.com\/green24ro\/\" \/>\n<meta property=\"article:published_time\" content=\"2022-06-20T09:28:20+00:00\" \/>\n<meta property=\"article:modified_time\" content=\"2022-06-20T09:28:22+00:00\" \/>\n<meta property=\"og:image\" content=\"https:\/\/www.green24.ro\/wp-content\/uploads\/2022\/06\/pexels-pixabay-56875.jpeg\" \/>\n\t<meta property=\"og:image:width\" content=\"1920\" \/>\n\t<meta property=\"og:image:height\" content=\"1200\" \/>\n\t<meta property=\"og:image:type\" content=\"image\/jpeg\" \/>\n<meta name=\"author\" content=\"Redactia Green24\" \/>\n<meta name=\"twitter:card\" content=\"summary_large_image\" \/>\n<meta name=\"twitter:label1\" content=\"Written by\" \/>\n\t<meta name=\"twitter:data1\" content=\"Redactia Green24\" \/>\n\t<meta name=\"twitter:label2\" content=\"Est. reading time\" \/>\n\t<meta name=\"twitter:data2\" content=\"3 minutes\" \/>\n<script type=\"application\/ld+json\" class=\"yoast-schema-graph\">{\"@context\":\"https:\/\/schema.org\",\"@graph\":[{\"@type\":\"Article\",\"@id\":\"https:\/\/www.green24.ro\/index.php\/2022\/06\/20\/de-ce-nu-are-romania-o-lege-care-sa-protejeze-arborii-seculari\/#article\",\"isPartOf\":{\"@id\":\"https:\/\/www.green24.ro\/index.php\/2022\/06\/20\/de-ce-nu-are-romania-o-lege-care-sa-protejeze-arborii-seculari\/\"},\"author\":{\"name\":\"Redactia Green24\",\"@id\":\"https:\/\/www.green24.ro\/#\/schema\/person\/607a8c12d4548837cb79d52bb2437572\"},\"headline\":\"De ce nu are Rom\u00e2nia o lege care s\u0103 protejeze arborii seculari\",\"datePublished\":\"2022-06-20T09:28:20+00:00\",\"dateModified\":\"2022-06-20T09:28:22+00:00\",\"mainEntityOfPage\":{\"@id\":\"https:\/\/www.green24.ro\/index.php\/2022\/06\/20\/de-ce-nu-are-romania-o-lege-care-sa-protejeze-arborii-seculari\/\"},\"wordCount\":610,\"commentCount\":0,\"publisher\":{\"@id\":\"https:\/\/www.green24.ro\/#organization\"},\"image\":{\"@id\":\"https:\/\/www.green24.ro\/index.php\/2022\/06\/20\/de-ce-nu-are-romania-o-lege-care-sa-protejeze-arborii-seculari\/#primaryimage\"},\"thumbnailUrl\":\"https:\/\/www.green24.ro\/wp-content\/uploads\/2022\/06\/pexels-pixabay-56875.jpeg\",\"articleSection\":[\"Blog\",\"Prime\",\"Slide\"],\"inLanguage\":\"en-US\",\"potentialAction\":[{\"@type\":\"CommentAction\",\"name\":\"Comment\",\"target\":[\"https:\/\/www.green24.ro\/index.php\/2022\/06\/20\/de-ce-nu-are-romania-o-lege-care-sa-protejeze-arborii-seculari\/#respond\"]}]},{\"@type\":\"WebPage\",\"@id\":\"https:\/\/www.green24.ro\/index.php\/2022\/06\/20\/de-ce-nu-are-romania-o-lege-care-sa-protejeze-arborii-seculari\/\",\"url\":\"https:\/\/www.green24.ro\/index.php\/2022\/06\/20\/de-ce-nu-are-romania-o-lege-care-sa-protejeze-arborii-seculari\/\",\"name\":\"De ce nu are Rom\u00e2nia o lege care s\u0103 protejeze arborii seculari - Green24.ro\",\"isPartOf\":{\"@id\":\"https:\/\/www.green24.ro\/#website\"},\"primaryImageOfPage\":{\"@id\":\"https:\/\/www.green24.ro\/index.php\/2022\/06\/20\/de-ce-nu-are-romania-o-lege-care-sa-protejeze-arborii-seculari\/#primaryimage\"},\"image\":{\"@id\":\"https:\/\/www.green24.ro\/index.php\/2022\/06\/20\/de-ce-nu-are-romania-o-lege-care-sa-protejeze-arborii-seculari\/#primaryimage\"},\"thumbnailUrl\":\"https:\/\/www.green24.ro\/wp-content\/uploads\/2022\/06\/pexels-pixabay-56875.jpeg\",\"datePublished\":\"2022-06-20T09:28:20+00:00\",\"dateModified\":\"2022-06-20T09:28:22+00:00\",\"description\":\"Spre deosebire de multe alte \u021b\u0103ri, Rom\u00e2nia nu are p\u00e2n\u0103 \u00een momentul de fa\u021b\u0103 o lege dedicat\u0103 protec\u021biei arborilor remarcabili, de\u015fi poten\u021bialul este enorm.\",\"breadcrumb\":{\"@id\":\"https:\/\/www.green24.ro\/index.php\/2022\/06\/20\/de-ce-nu-are-romania-o-lege-care-sa-protejeze-arborii-seculari\/#breadcrumb\"},\"inLanguage\":\"en-US\",\"potentialAction\":[{\"@type\":\"ReadAction\",\"target\":[\"https:\/\/www.green24.ro\/index.php\/2022\/06\/20\/de-ce-nu-are-romania-o-lege-care-sa-protejeze-arborii-seculari\/\"]}]},{\"@type\":\"ImageObject\",\"inLanguage\":\"en-US\",\"@id\":\"https:\/\/www.green24.ro\/index.php\/2022\/06\/20\/de-ce-nu-are-romania-o-lege-care-sa-protejeze-arborii-seculari\/#primaryimage\",\"url\":\"https:\/\/www.green24.ro\/wp-content\/uploads\/2022\/06\/pexels-pixabay-56875.jpeg\",\"contentUrl\":\"https:\/\/www.green24.ro\/wp-content\/uploads\/2022\/06\/pexels-pixabay-56875.jpeg\",\"width\":1920,\"height\":1200,\"caption\":\"De ce nu are Rom\u00e2nia o lege care s\u0103 protejeze arborii seculari\"},{\"@type\":\"BreadcrumbList\",\"@id\":\"https:\/\/www.green24.ro\/index.php\/2022\/06\/20\/de-ce-nu-are-romania-o-lege-care-sa-protejeze-arborii-seculari\/#breadcrumb\",\"itemListElement\":[{\"@type\":\"ListItem\",\"position\":1,\"name\":\"Home\",\"item\":\"https:\/\/www.green24.ro\/\"},{\"@type\":\"ListItem\",\"position\":2,\"name\":\"De ce nu are Rom\u00e2nia o lege care s\u0103 protejeze arborii seculari\"}]},{\"@type\":\"WebSite\",\"@id\":\"https:\/\/www.green24.ro\/#website\",\"url\":\"https:\/\/www.green24.ro\/\",\"name\":\"Green24.ro\",\"description\":\"Antreprenoriat verde si responsabilitatea social\u0103\",\"publisher\":{\"@id\":\"https:\/\/www.green24.ro\/#organization\"},\"potentialAction\":[{\"@type\":\"SearchAction\",\"target\":{\"@type\":\"EntryPoint\",\"urlTemplate\":\"https:\/\/www.green24.ro\/?s={search_term_string}\"},\"query-input\":{\"@type\":\"PropertyValueSpecification\",\"valueRequired\":true,\"valueName\":\"search_term_string\"}}],\"inLanguage\":\"en-US\"},{\"@type\":\"Organization\",\"@id\":\"https:\/\/www.green24.ro\/#organization\",\"name\":\"Green24\",\"url\":\"https:\/\/www.green24.ro\/\",\"logo\":{\"@type\":\"ImageObject\",\"inLanguage\":\"en-US\",\"@id\":\"https:\/\/www.green24.ro\/#\/schema\/logo\/image\/\",\"url\":\"https:\/\/www.green24.ro\/wp-content\/uploads\/2022\/02\/green24-17-e1643806452346.png\",\"contentUrl\":\"https:\/\/www.green24.ro\/wp-content\/uploads\/2022\/02\/green24-17-e1643806452346.png\",\"width\":174,\"height\":174,\"caption\":\"Green24\"},\"image\":{\"@id\":\"https:\/\/www.green24.ro\/#\/schema\/logo\/image\/\"},\"sameAs\":[\"https:\/\/www.facebook.com\/green24ro\/\"]},{\"@type\":\"Person\",\"@id\":\"https:\/\/www.green24.ro\/#\/schema\/person\/607a8c12d4548837cb79d52bb2437572\",\"name\":\"Redactia Green24\",\"image\":{\"@type\":\"ImageObject\",\"inLanguage\":\"en-US\",\"@id\":\"https:\/\/www.green24.ro\/#\/schema\/person\/image\/\",\"url\":\"https:\/\/secure.gravatar.com\/avatar\/c9f4d5614769dc0a9dfdfed961c82ea6?s=96&d=mm&r=g\",\"contentUrl\":\"https:\/\/secure.gravatar.com\/avatar\/c9f4d5614769dc0a9dfdfed961c82ea6?s=96&d=mm&r=g\",\"caption\":\"Redactia Green24\"},\"sameAs\":[\"http:\/\/www.green24.ro\"],\"url\":\"https:\/\/www.green24.ro\/index.php\/author\/green24\/\"}]}<\/script>\n<!-- \/ Yoast SEO plugin. -->","yoast_head_json":{"title":"De ce nu are Rom\u00e2nia o lege care s\u0103 protejeze arborii seculari - Green24.ro","description":"Spre deosebire de multe alte \u021b\u0103ri, Rom\u00e2nia nu are p\u00e2n\u0103 \u00een momentul de fa\u021b\u0103 o lege dedicat\u0103 protec\u021biei arborilor remarcabili, de\u015fi poten\u021bialul este enorm.","robots":{"index":"index","follow":"follow","max-snippet":"max-snippet:-1","max-image-preview":"max-image-preview:large","max-video-preview":"max-video-preview:-1"},"canonical":"https:\/\/www.green24.ro\/index.php\/2022\/06\/20\/de-ce-nu-are-romania-o-lege-care-sa-protejeze-arborii-seculari\/","og_locale":"en_US","og_type":"article","og_title":"De ce nu are Rom\u00e2nia o lege care s\u0103 protejeze arborii seculari - Green24.ro","og_description":"Spre deosebire de multe alte \u021b\u0103ri, Rom\u00e2nia nu are p\u00e2n\u0103 \u00een momentul de fa\u021b\u0103 o lege dedicat\u0103 protec\u021biei arborilor remarcabili, de\u015fi poten\u021bialul este enorm.","og_url":"https:\/\/www.green24.ro\/index.php\/2022\/06\/20\/de-ce-nu-are-romania-o-lege-care-sa-protejeze-arborii-seculari\/","og_site_name":"Green24.ro","article_publisher":"https:\/\/www.facebook.com\/green24ro\/","article_published_time":"2022-06-20T09:28:20+00:00","article_modified_time":"2022-06-20T09:28:22+00:00","og_image":[{"width":1920,"height":1200,"url":"https:\/\/www.green24.ro\/wp-content\/uploads\/2022\/06\/pexels-pixabay-56875.jpeg","type":"image\/jpeg"}],"author":"Redactia Green24","twitter_card":"summary_large_image","twitter_misc":{"Written by":"Redactia Green24","Est. reading time":"3 minutes"},"schema":{"@context":"https:\/\/schema.org","@graph":[{"@type":"Article","@id":"https:\/\/www.green24.ro\/index.php\/2022\/06\/20\/de-ce-nu-are-romania-o-lege-care-sa-protejeze-arborii-seculari\/#article","isPartOf":{"@id":"https:\/\/www.green24.ro\/index.php\/2022\/06\/20\/de-ce-nu-are-romania-o-lege-care-sa-protejeze-arborii-seculari\/"},"author":{"name":"Redactia Green24","@id":"https:\/\/www.green24.ro\/#\/schema\/person\/607a8c12d4548837cb79d52bb2437572"},"headline":"De ce nu are Rom\u00e2nia o lege care s\u0103 protejeze arborii seculari","datePublished":"2022-06-20T09:28:20+00:00","dateModified":"2022-06-20T09:28:22+00:00","mainEntityOfPage":{"@id":"https:\/\/www.green24.ro\/index.php\/2022\/06\/20\/de-ce-nu-are-romania-o-lege-care-sa-protejeze-arborii-seculari\/"},"wordCount":610,"commentCount":0,"publisher":{"@id":"https:\/\/www.green24.ro\/#organization"},"image":{"@id":"https:\/\/www.green24.ro\/index.php\/2022\/06\/20\/de-ce-nu-are-romania-o-lege-care-sa-protejeze-arborii-seculari\/#primaryimage"},"thumbnailUrl":"https:\/\/www.green24.ro\/wp-content\/uploads\/2022\/06\/pexels-pixabay-56875.jpeg","articleSection":["Blog","Prime","Slide"],"inLanguage":"en-US","potentialAction":[{"@type":"CommentAction","name":"Comment","target":["https:\/\/www.green24.ro\/index.php\/2022\/06\/20\/de-ce-nu-are-romania-o-lege-care-sa-protejeze-arborii-seculari\/#respond"]}]},{"@type":"WebPage","@id":"https:\/\/www.green24.ro\/index.php\/2022\/06\/20\/de-ce-nu-are-romania-o-lege-care-sa-protejeze-arborii-seculari\/","url":"https:\/\/www.green24.ro\/index.php\/2022\/06\/20\/de-ce-nu-are-romania-o-lege-care-sa-protejeze-arborii-seculari\/","name":"De ce nu are Rom\u00e2nia o lege care s\u0103 protejeze arborii seculari - Green24.ro","isPartOf":{"@id":"https:\/\/www.green24.ro\/#website"},"primaryImageOfPage":{"@id":"https:\/\/www.green24.ro\/index.php\/2022\/06\/20\/de-ce-nu-are-romania-o-lege-care-sa-protejeze-arborii-seculari\/#primaryimage"},"image":{"@id":"https:\/\/www.green24.ro\/index.php\/2022\/06\/20\/de-ce-nu-are-romania-o-lege-care-sa-protejeze-arborii-seculari\/#primaryimage"},"thumbnailUrl":"https:\/\/www.green24.ro\/wp-content\/uploads\/2022\/06\/pexels-pixabay-56875.jpeg","datePublished":"2022-06-20T09:28:20+00:00","dateModified":"2022-06-20T09:28:22+00:00","description":"Spre deosebire de multe alte \u021b\u0103ri, Rom\u00e2nia nu are p\u00e2n\u0103 \u00een momentul de fa\u021b\u0103 o lege dedicat\u0103 protec\u021biei arborilor remarcabili, de\u015fi poten\u021bialul este enorm.","breadcrumb":{"@id":"https:\/\/www.green24.ro\/index.php\/2022\/06\/20\/de-ce-nu-are-romania-o-lege-care-sa-protejeze-arborii-seculari\/#breadcrumb"},"inLanguage":"en-US","potentialAction":[{"@type":"ReadAction","target":["https:\/\/www.green24.ro\/index.php\/2022\/06\/20\/de-ce-nu-are-romania-o-lege-care-sa-protejeze-arborii-seculari\/"]}]},{"@type":"ImageObject","inLanguage":"en-US","@id":"https:\/\/www.green24.ro\/index.php\/2022\/06\/20\/de-ce-nu-are-romania-o-lege-care-sa-protejeze-arborii-seculari\/#primaryimage","url":"https:\/\/www.green24.ro\/wp-content\/uploads\/2022\/06\/pexels-pixabay-56875.jpeg","contentUrl":"https:\/\/www.green24.ro\/wp-content\/uploads\/2022\/06\/pexels-pixabay-56875.jpeg","width":1920,"height":1200,"caption":"De ce nu are Rom\u00e2nia o lege care s\u0103 protejeze arborii seculari"},{"@type":"BreadcrumbList","@id":"https:\/\/www.green24.ro\/index.php\/2022\/06\/20\/de-ce-nu-are-romania-o-lege-care-sa-protejeze-arborii-seculari\/#breadcrumb","itemListElement":[{"@type":"ListItem","position":1,"name":"Home","item":"https:\/\/www.green24.ro\/"},{"@type":"ListItem","position":2,"name":"De ce nu are Rom\u00e2nia o lege care s\u0103 protejeze arborii seculari"}]},{"@type":"WebSite","@id":"https:\/\/www.green24.ro\/#website","url":"https:\/\/www.green24.ro\/","name":"Green24.ro","description":"Antreprenoriat verde si responsabilitatea social\u0103","publisher":{"@id":"https:\/\/www.green24.ro\/#organization"},"potentialAction":[{"@type":"SearchAction","target":{"@type":"EntryPoint","urlTemplate":"https:\/\/www.green24.ro\/?s={search_term_string}"},"query-input":{"@type":"PropertyValueSpecification","valueRequired":true,"valueName":"search_term_string"}}],"inLanguage":"en-US"},{"@type":"Organization","@id":"https:\/\/www.green24.ro\/#organization","name":"Green24","url":"https:\/\/www.green24.ro\/","logo":{"@type":"ImageObject","inLanguage":"en-US","@id":"https:\/\/www.green24.ro\/#\/schema\/logo\/image\/","url":"https:\/\/www.green24.ro\/wp-content\/uploads\/2022\/02\/green24-17-e1643806452346.png","contentUrl":"https:\/\/www.green24.ro\/wp-content\/uploads\/2022\/02\/green24-17-e1643806452346.png","width":174,"height":174,"caption":"Green24"},"image":{"@id":"https:\/\/www.green24.ro\/#\/schema\/logo\/image\/"},"sameAs":["https:\/\/www.facebook.com\/green24ro\/"]},{"@type":"Person","@id":"https:\/\/www.green24.ro\/#\/schema\/person\/607a8c12d4548837cb79d52bb2437572","name":"Redactia Green24","image":{"@type":"ImageObject","inLanguage":"en-US","@id":"https:\/\/www.green24.ro\/#\/schema\/person\/image\/","url":"https:\/\/secure.gravatar.com\/avatar\/c9f4d5614769dc0a9dfdfed961c82ea6?s=96&d=mm&r=g","contentUrl":"https:\/\/secure.gravatar.com\/avatar\/c9f4d5614769dc0a9dfdfed961c82ea6?s=96&d=mm&r=g","caption":"Redactia Green24"},"sameAs":["http:\/\/www.green24.ro"],"url":"https:\/\/www.green24.ro\/index.php\/author\/green24\/"}]}},"jetpack_publicize_connections":[],"jetpack_featured_media_url":"https:\/\/www.green24.ro\/wp-content\/uploads\/2022\/06\/pexels-pixabay-56875.jpeg","jetpack_sharing_enabled":true,"_links":{"self":[{"href":"https:\/\/www.green24.ro\/index.php\/wp-json\/wp\/v2\/posts\/1120","targetHints":{"allow":["GET"]}}],"collection":[{"href":"https:\/\/www.green24.ro\/index.php\/wp-json\/wp\/v2\/posts"}],"about":[{"href":"https:\/\/www.green24.ro\/index.php\/wp-json\/wp\/v2\/types\/post"}],"author":[{"embeddable":true,"href":"https:\/\/www.green24.ro\/index.php\/wp-json\/wp\/v2\/users\/3"}],"replies":[{"embeddable":true,"href":"https:\/\/www.green24.ro\/index.php\/wp-json\/wp\/v2\/comments?post=1120"}],"version-history":[{"count":1,"href":"https:\/\/www.green24.ro\/index.php\/wp-json\/wp\/v2\/posts\/1120\/revisions"}],"predecessor-version":[{"id":1122,"href":"https:\/\/www.green24.ro\/index.php\/wp-json\/wp\/v2\/posts\/1120\/revisions\/1122"}],"wp:featuredmedia":[{"embeddable":true,"href":"https:\/\/www.green24.ro\/index.php\/wp-json\/wp\/v2\/media\/1121"}],"wp:attachment":[{"href":"https:\/\/www.green24.ro\/index.php\/wp-json\/wp\/v2\/media?parent=1120"}],"wp:term":[{"taxonomy":"category","embeddable":true,"href":"https:\/\/www.green24.ro\/index.php\/wp-json\/wp\/v2\/categories?post=1120"},{"taxonomy":"post_tag","embeddable":true,"href":"https:\/\/www.green24.ro\/index.php\/wp-json\/wp\/v2\/tags?post=1120"}],"curies":[{"name":"wp","href":"https:\/\/api.w.org\/{rel}","templated":true}]}}