{"id":1110,"date":"2022-06-15T09:43:48","date_gmt":"2022-06-15T07:43:48","guid":{"rendered":"https:\/\/www.green24.ro\/?p=1110"},"modified":"2022-06-15T09:43:50","modified_gmt":"2022-06-15T07:43:50","slug":"green24-ro-in-privinta-problemelor-de-mediu-distanta-de-la-a-stii-la-a-intelege-se-masoara-in-ani-lumina","status":"publish","type":"post","link":"https:\/\/www.green24.ro\/index.php\/2022\/06\/15\/green24-ro-in-privinta-problemelor-de-mediu-distanta-de-la-a-stii-la-a-intelege-se-masoara-in-ani-lumina\/","title":{"rendered":"Green24.ro &#8211; \u00cen privin\u021ba problemelor de mediu distan\u021ba de la &#8220;a \u0219tii&#8221; la &#8220;a \u00een\u021belege&#8221; se m\u0103soar\u0103 \u00een ani lumin\u0103"},"content":{"rendered":"<p style=\"text-align: justify;\">Inca din anul 2019 un sondaj Eurobarometru arata c\u0103 94% dintre cet\u0103\u0163enii din toate statele membre ale Uniunii Europene spun c\u0103 protec\u0163ia mediului este important\u0103 pentru ei.<\/p>\n<p style=\"text-align: justify;\">Sondajul a fost efectuat \u00een 28 de state membre ale UE de la momentul respectiv. Aproximativ 27.500 de responden\u0163i din diferite grupuri sociale \u015fi demografice au fost intervieva\u0163i fa\u0163\u0103 \u00een fa\u0163\u0103, acas\u0103, \u00een limba matern\u0103.<\/p>\n<p style=\"text-align: justify;\">Potrivit rezultatelor sondajului, de la data respectiv\u0103, date publicit\u0103\u0163ii de Comisie, 91% dintre cet\u0103\u0163eni au afirmat c\u0103 schimb\u0103rile climatice constituie o problem\u0103 grav\u0103 \u00een UE. Dintre responden\u0163i, 83% consider\u0103 c\u0103 pentru protec\u0163ia mediului este nevoie de legisla\u0163ie european\u0103.<\/p>\n<p style=\"text-align: justify;\">\u00cen cazul Rom\u00e2niei, au fost intervievate 1.081 persoane. Conform sondajului, 87% dintre rom\u00e2ni au declarat c\u0103 protec\u0163ia mediului este important\u0103 pentru ei. Principalele patru probleme legate de mediu pe care rom\u00e2nii le consider\u0103 cele mai importante sunt: poluarea aerului (45% din responden\u0163i, fa\u0163\u0103 de 46% \u00een UE), poluarea r\u00e2urilor, lacurilor \u015fi a surselor de ap\u0103 subterane (41% din responden\u0163i, fa\u0163\u0103 de 38% \u00een UE), poluarea din surse agricole \u015fi degradarea solului (37% din responden\u0163i, fa\u0163\u0103 de 30% \u00een UE) \u015fi cantit\u0103\u0163ile sporite de de\u015feuri (36% din responden\u0163i, fa\u0163\u0103 de 46% \u00een UE).<\/p>\n<p style=\"text-align: justify;\">Sondajul Eurobarometru arata c\u0103 cet\u0103\u0163enii doresc s\u0103 se ia mai multe m\u0103suri de protec\u0163ie a mediului \u015fi cred c\u0103 responsabilitatea ar trebui s\u0103 fie \u00eemp\u0103r\u0163it\u0103 \u00eentre marile companii \u015fi industrie, guvernele na\u0163ionale \u015fi UE \u015fi cet\u0103\u0163enii \u00een\u015fi\u015fi. Cet\u0103\u0163enii intervieva\u0163i consider\u0103 c\u0103 metodele cele mai eficace de rezolvare a problemelor legate de mediu sunt &#8220;schimbarea modului \u00een care consum\u0103m&#8221; \u015fi &#8220;schimbarea modului \u00een care producem \u015fi comercializ\u0103m&#8221;.<\/p>\n<p style=\"text-align: justify;\">Potrivit rezultatelor sondajului, cele mai importante probleme de mediu sunt schimb\u0103rile climatice, poluarea aerului \u015fi de\u015feurile. Peste trei sferturi (78%) dintre responden\u0163i cred c\u0103 aspectele legate de mediu au un efect direct asupra vie\u0163ii lor de zi cu zi \u015fi asupra s\u0103n\u0103t\u0103\u0163ii lor.<\/p>\n<hr \/>\n<p style=\"text-align: justify;\"><strong>Peste 80% dintre cet\u0103\u0163eni sunt \u00eengrijora\u0163i \u00een privin\u0163a impactului substan\u0163elor chimice din produsele de uz zilnic.<\/strong><\/p>\n<hr \/>\n<p style=\"text-align: justify;\">Este recunoscut faptul c\u0103 ar putea fi nevoie de schimb\u0103ri fundamentale. M\u0103surile de politic\u0103 ce vizeaz\u0103 reducerea de\u015feurilor de plastic \u015fi a arunc\u0103rii de gunoaie pe domeniul public se bucur\u0103 de un sprijin puternic \u00een r\u00e2ndul celor peste 27.000 de persoane intervievate. De asemenea, potrivit rezultatelor sondajului, cet\u0103\u0163enii cred c\u0103 produsele ar trebui concepute \u00een a\u015fa fel \u00eenc\u00e2t s\u0103 fie facilitat\u0103 reciclarea plasticului, industria \u015fi comercian\u0163ii cu am\u0103nuntul ar trebui s\u0103 fac\u0103 un efort pentru a reduce ambalajele din plastic, cet\u0103\u0163enii ar trebui \u00eenv\u0103\u0163a\u0163i cum s\u0103 genereze mai pu\u0163ine de\u015feuri de plastic, iar autorit\u0103\u0163ile locale ar trebui s\u0103 asigure instala\u0163ii de colectare mai multe \u015fi mai bune pentru de\u015feurile din plastic.<\/p>\n<p style=\"text-align: justify;\">De asemenea, sondajul a examinat atitudinile referitoare la industria \u00eembr\u0103c\u0103min\u0163ii, fiind \u00eenregistrate niveluri ridicate de \u00eengrijorare \u00een privin\u0163a problemelor legate de mediu \u015fi de condi\u0163iile de munc\u0103. Responden\u0163ii au declarat c\u0103 \u00ee\u015fi doresc \u00eembr\u0103c\u0103minte care s\u0103 dureze mai mult \u015fi care s\u0103 fie f\u0103cut\u0103 din materiale reciclabile.<\/p>\n<p style=\"text-align: justify;\">\u00cen sf\u00e2r\u015fit, responden\u0163ii \u015fi-au exprimat sprijinul \u015fi pentru alte m\u0103suri, cum ar fi investi\u0163iile \u00een cercetare \u015fi dezvoltare, desf\u0103\u015furarea mai multor activit\u0103\u0163i de informare \u015fi educare, \u00eencurajarea \u00eentreprinderilor \u00een sensul implic\u0103rii \u00een activit\u0103\u0163i sustenabile, precum \u015fi exercitarea unui control legislativ mai strict.<\/p>\n<p style=\"text-align: justify;\"><em>Rezultatele sondajului nu ne mir\u0103 deloc. Exact acestea sunt preocup\u0103rile cet\u0103\u0163enilor pe care dorim s\u0103 le abord\u0103m prin Pactul ecologic european. M\u0103 \u00eencurajeaz\u0103 s\u0103 v\u0103d c\u0103 exist\u0103 sprijin pentru schimb\u0103rile fundamentale pe care le vom face \u00een societatea noastr\u0103 \u015fi \u00een economia noastr\u0103 \u015fi c\u0103 oamenii vor s\u0103 contribuie \u00een mod activ la aceast\u0103 schimbare&#8221;, a afirmat comisarul pentru mediu, oceane \u015fi pescuit, Virginijus Sinkevicius, la vremea respectiv\u0103.<\/em><\/p>\n<p>sursa: <a href=\"https:\/\/www.wall-street.ro\/articol\/International\/250727\/protectia-mediului-si-clima-sunt-importante-pentru-94-dintre-europeni-poluarea-aerului-cea-mai-importanta-pentru-romani.html\">wall-street,<\/a> <a href=\"https:\/\/www.pexels.com\/photo\/earth-blue-banner-sign-3039036\/\">foto<\/a><\/p>\n","protected":false},"excerpt":{"rendered":"<p>Inca din anul 2019 un sondaj Eurobarometru arata c\u0103 94% dintre cet\u0103\u0163enii din toate statele membre ale Uniunii Europene spun c\u0103 protec\u0163ia mediului este important\u0103 pentru ei. Sondajul a fost efectuat \u00een 28 de state membre ale UE de la momentul respectiv. Aproximativ 27.500 de responden\u0163i din diferite grupuri sociale [&hellip;]<\/p>\n","protected":false},"author":3,"featured_media":1111,"comment_status":"open","ping_status":"open","sticky":false,"template":"","format":"standard","meta":{"content-type":"","footnotes":"","jetpack_publicize_message":"","jetpack_publicize_feature_enabled":true,"jetpack_social_post_already_shared":true,"jetpack_social_options":{"image_generator_settings":{"template":"highway","default_image_id":0,"font":"","enabled":false},"version":2}},"categories":[5,6,10],"tags":[],"class_list":["post-1110","post","type-post","status-publish","format-standard","has-post-thumbnail","hentry","category-blog","category-prime","category-slide"],"yoast_head":"<!-- This site is optimized with the Yoast SEO plugin v24.9 - https:\/\/yoast.com\/wordpress\/plugins\/seo\/ -->\n<title>Green24.ro - \u00cen privin\u021ba problemelor de mediu distan\u021ba de la &quot;a \u0219tii&quot; la &quot;a \u00een\u021belege&quot; se m\u0103soar\u0103 \u00een ani lumin\u0103 - Green24.ro<\/title>\n<meta name=\"description\" content=\"Rezultatele sondajului nu ne mir\u0103 deloc. Exact acestea sunt preocup\u0103rile cet\u0103\u0163enilor pe care dorim s\u0103 le abord\u0103m prin Pactul ecologic european. M\u0103 \u00eencurajeaz\u0103 s\u0103 v\u0103d c\u0103 exist\u0103 sprijin pentru schimb\u0103rile fundamentale pe care le vom face \u00een societatea noastr\u0103 \u015fi \u00een economia noastr\u0103 \u015fi c\u0103 oamenii vor s\u0103 contribuie \u00een mod activ la aceast\u0103 schimbare&quot;, a afirmat comisarul pentru mediu, oceane \u015fi pescuit, Virginijus Sinkevicius, la vremea respectiv\u0103.\" \/>\n<meta name=\"robots\" content=\"index, follow, max-snippet:-1, max-image-preview:large, max-video-preview:-1\" \/>\n<link rel=\"canonical\" href=\"https:\/\/www.green24.ro\/index.php\/2022\/06\/15\/green24-ro-in-privinta-problemelor-de-mediu-distanta-de-la-a-stii-la-a-intelege-se-masoara-in-ani-lumina\/\" \/>\n<meta property=\"og:locale\" content=\"en_US\" \/>\n<meta property=\"og:type\" content=\"article\" \/>\n<meta property=\"og:title\" content=\"Green24.ro - \u00cen privin\u021ba problemelor de mediu distan\u021ba de la &quot;a \u0219tii&quot; la &quot;a \u00een\u021belege&quot; se m\u0103soar\u0103 \u00een ani lumin\u0103 - Green24.ro\" \/>\n<meta property=\"og:description\" content=\"Rezultatele sondajului nu ne mir\u0103 deloc. Exact acestea sunt preocup\u0103rile cet\u0103\u0163enilor pe care dorim s\u0103 le abord\u0103m prin Pactul ecologic european. M\u0103 \u00eencurajeaz\u0103 s\u0103 v\u0103d c\u0103 exist\u0103 sprijin pentru schimb\u0103rile fundamentale pe care le vom face \u00een societatea noastr\u0103 \u015fi \u00een economia noastr\u0103 \u015fi c\u0103 oamenii vor s\u0103 contribuie \u00een mod activ la aceast\u0103 schimbare&quot;, a afirmat comisarul pentru mediu, oceane \u015fi pescuit, Virginijus Sinkevicius, la vremea respectiv\u0103.\" \/>\n<meta property=\"og:url\" content=\"https:\/\/www.green24.ro\/index.php\/2022\/06\/15\/green24-ro-in-privinta-problemelor-de-mediu-distanta-de-la-a-stii-la-a-intelege-se-masoara-in-ani-lumina\/\" \/>\n<meta property=\"og:site_name\" content=\"Green24.ro\" \/>\n<meta property=\"article:publisher\" content=\"https:\/\/www.facebook.com\/green24ro\/\" \/>\n<meta property=\"article:published_time\" content=\"2022-06-15T07:43:48+00:00\" \/>\n<meta property=\"article:modified_time\" content=\"2022-06-15T07:43:50+00:00\" \/>\n<meta property=\"og:image\" content=\"https:\/\/www.green24.ro\/wp-content\/uploads\/2022\/06\/pexels-markus-spiske-3039036.jpeg\" \/>\n\t<meta property=\"og:image:width\" content=\"1920\" \/>\n\t<meta property=\"og:image:height\" content=\"1280\" \/>\n\t<meta property=\"og:image:type\" content=\"image\/jpeg\" \/>\n<meta name=\"author\" content=\"Redactia Green24\" \/>\n<meta name=\"twitter:card\" content=\"summary_large_image\" \/>\n<meta name=\"twitter:label1\" content=\"Written by\" \/>\n\t<meta name=\"twitter:data1\" content=\"Redactia Green24\" \/>\n\t<meta name=\"twitter:label2\" content=\"Est. reading time\" \/>\n\t<meta name=\"twitter:data2\" content=\"3 minutes\" \/>\n<script type=\"application\/ld+json\" class=\"yoast-schema-graph\">{\"@context\":\"https:\/\/schema.org\",\"@graph\":[{\"@type\":\"Article\",\"@id\":\"https:\/\/www.green24.ro\/index.php\/2022\/06\/15\/green24-ro-in-privinta-problemelor-de-mediu-distanta-de-la-a-stii-la-a-intelege-se-masoara-in-ani-lumina\/#article\",\"isPartOf\":{\"@id\":\"https:\/\/www.green24.ro\/index.php\/2022\/06\/15\/green24-ro-in-privinta-problemelor-de-mediu-distanta-de-la-a-stii-la-a-intelege-se-masoara-in-ani-lumina\/\"},\"author\":{\"name\":\"Redactia Green24\",\"@id\":\"https:\/\/www.green24.ro\/#\/schema\/person\/607a8c12d4548837cb79d52bb2437572\"},\"headline\":\"Green24.ro &#8211; \u00cen privin\u021ba problemelor de mediu distan\u021ba de la &#8220;a \u0219tii&#8221; la &#8220;a \u00een\u021belege&#8221; se m\u0103soar\u0103 \u00een ani lumin\u0103\",\"datePublished\":\"2022-06-15T07:43:48+00:00\",\"dateModified\":\"2022-06-15T07:43:50+00:00\",\"mainEntityOfPage\":{\"@id\":\"https:\/\/www.green24.ro\/index.php\/2022\/06\/15\/green24-ro-in-privinta-problemelor-de-mediu-distanta-de-la-a-stii-la-a-intelege-se-masoara-in-ani-lumina\/\"},\"wordCount\":680,\"commentCount\":0,\"publisher\":{\"@id\":\"https:\/\/www.green24.ro\/#organization\"},\"image\":{\"@id\":\"https:\/\/www.green24.ro\/index.php\/2022\/06\/15\/green24-ro-in-privinta-problemelor-de-mediu-distanta-de-la-a-stii-la-a-intelege-se-masoara-in-ani-lumina\/#primaryimage\"},\"thumbnailUrl\":\"https:\/\/www.green24.ro\/wp-content\/uploads\/2022\/06\/pexels-markus-spiske-3039036.jpeg\",\"articleSection\":[\"Blog\",\"Prime\",\"Slide\"],\"inLanguage\":\"en-US\",\"potentialAction\":[{\"@type\":\"CommentAction\",\"name\":\"Comment\",\"target\":[\"https:\/\/www.green24.ro\/index.php\/2022\/06\/15\/green24-ro-in-privinta-problemelor-de-mediu-distanta-de-la-a-stii-la-a-intelege-se-masoara-in-ani-lumina\/#respond\"]}]},{\"@type\":\"WebPage\",\"@id\":\"https:\/\/www.green24.ro\/index.php\/2022\/06\/15\/green24-ro-in-privinta-problemelor-de-mediu-distanta-de-la-a-stii-la-a-intelege-se-masoara-in-ani-lumina\/\",\"url\":\"https:\/\/www.green24.ro\/index.php\/2022\/06\/15\/green24-ro-in-privinta-problemelor-de-mediu-distanta-de-la-a-stii-la-a-intelege-se-masoara-in-ani-lumina\/\",\"name\":\"Green24.ro - \u00cen privin\u021ba problemelor de mediu distan\u021ba de la \\\"a \u0219tii\\\" la \\\"a \u00een\u021belege\\\" se m\u0103soar\u0103 \u00een ani lumin\u0103 - Green24.ro\",\"isPartOf\":{\"@id\":\"https:\/\/www.green24.ro\/#website\"},\"primaryImageOfPage\":{\"@id\":\"https:\/\/www.green24.ro\/index.php\/2022\/06\/15\/green24-ro-in-privinta-problemelor-de-mediu-distanta-de-la-a-stii-la-a-intelege-se-masoara-in-ani-lumina\/#primaryimage\"},\"image\":{\"@id\":\"https:\/\/www.green24.ro\/index.php\/2022\/06\/15\/green24-ro-in-privinta-problemelor-de-mediu-distanta-de-la-a-stii-la-a-intelege-se-masoara-in-ani-lumina\/#primaryimage\"},\"thumbnailUrl\":\"https:\/\/www.green24.ro\/wp-content\/uploads\/2022\/06\/pexels-markus-spiske-3039036.jpeg\",\"datePublished\":\"2022-06-15T07:43:48+00:00\",\"dateModified\":\"2022-06-15T07:43:50+00:00\",\"description\":\"Rezultatele sondajului nu ne mir\u0103 deloc. Exact acestea sunt preocup\u0103rile cet\u0103\u0163enilor pe care dorim s\u0103 le abord\u0103m prin Pactul ecologic european. M\u0103 \u00eencurajeaz\u0103 s\u0103 v\u0103d c\u0103 exist\u0103 sprijin pentru schimb\u0103rile fundamentale pe care le vom face \u00een societatea noastr\u0103 \u015fi \u00een economia noastr\u0103 \u015fi c\u0103 oamenii vor s\u0103 contribuie \u00een mod activ la aceast\u0103 schimbare\\\", a afirmat comisarul pentru mediu, oceane \u015fi pescuit, Virginijus Sinkevicius, la vremea respectiv\u0103.\",\"breadcrumb\":{\"@id\":\"https:\/\/www.green24.ro\/index.php\/2022\/06\/15\/green24-ro-in-privinta-problemelor-de-mediu-distanta-de-la-a-stii-la-a-intelege-se-masoara-in-ani-lumina\/#breadcrumb\"},\"inLanguage\":\"en-US\",\"potentialAction\":[{\"@type\":\"ReadAction\",\"target\":[\"https:\/\/www.green24.ro\/index.php\/2022\/06\/15\/green24-ro-in-privinta-problemelor-de-mediu-distanta-de-la-a-stii-la-a-intelege-se-masoara-in-ani-lumina\/\"]}]},{\"@type\":\"ImageObject\",\"inLanguage\":\"en-US\",\"@id\":\"https:\/\/www.green24.ro\/index.php\/2022\/06\/15\/green24-ro-in-privinta-problemelor-de-mediu-distanta-de-la-a-stii-la-a-intelege-se-masoara-in-ani-lumina\/#primaryimage\",\"url\":\"https:\/\/www.green24.ro\/wp-content\/uploads\/2022\/06\/pexels-markus-spiske-3039036.jpeg\",\"contentUrl\":\"https:\/\/www.green24.ro\/wp-content\/uploads\/2022\/06\/pexels-markus-spiske-3039036.jpeg\",\"width\":1920,\"height\":1280,\"caption\":\"Cazul contrabandei cu freon, devoalat de un ONG de mediu din Londra,\"},{\"@type\":\"BreadcrumbList\",\"@id\":\"https:\/\/www.green24.ro\/index.php\/2022\/06\/15\/green24-ro-in-privinta-problemelor-de-mediu-distanta-de-la-a-stii-la-a-intelege-se-masoara-in-ani-lumina\/#breadcrumb\",\"itemListElement\":[{\"@type\":\"ListItem\",\"position\":1,\"name\":\"Home\",\"item\":\"https:\/\/www.green24.ro\/\"},{\"@type\":\"ListItem\",\"position\":2,\"name\":\"Green24.ro &#8211; \u00cen privin\u021ba problemelor de mediu distan\u021ba de la &#8220;a \u0219tii&#8221; la &#8220;a \u00een\u021belege&#8221; se m\u0103soar\u0103 \u00een ani lumin\u0103\"}]},{\"@type\":\"WebSite\",\"@id\":\"https:\/\/www.green24.ro\/#website\",\"url\":\"https:\/\/www.green24.ro\/\",\"name\":\"Green24.ro\",\"description\":\"Antreprenoriat verde si responsabilitatea social\u0103\",\"publisher\":{\"@id\":\"https:\/\/www.green24.ro\/#organization\"},\"potentialAction\":[{\"@type\":\"SearchAction\",\"target\":{\"@type\":\"EntryPoint\",\"urlTemplate\":\"https:\/\/www.green24.ro\/?s={search_term_string}\"},\"query-input\":{\"@type\":\"PropertyValueSpecification\",\"valueRequired\":true,\"valueName\":\"search_term_string\"}}],\"inLanguage\":\"en-US\"},{\"@type\":\"Organization\",\"@id\":\"https:\/\/www.green24.ro\/#organization\",\"name\":\"Green24\",\"url\":\"https:\/\/www.green24.ro\/\",\"logo\":{\"@type\":\"ImageObject\",\"inLanguage\":\"en-US\",\"@id\":\"https:\/\/www.green24.ro\/#\/schema\/logo\/image\/\",\"url\":\"https:\/\/www.green24.ro\/wp-content\/uploads\/2022\/02\/green24-17-e1643806452346.png\",\"contentUrl\":\"https:\/\/www.green24.ro\/wp-content\/uploads\/2022\/02\/green24-17-e1643806452346.png\",\"width\":174,\"height\":174,\"caption\":\"Green24\"},\"image\":{\"@id\":\"https:\/\/www.green24.ro\/#\/schema\/logo\/image\/\"},\"sameAs\":[\"https:\/\/www.facebook.com\/green24ro\/\"]},{\"@type\":\"Person\",\"@id\":\"https:\/\/www.green24.ro\/#\/schema\/person\/607a8c12d4548837cb79d52bb2437572\",\"name\":\"Redactia Green24\",\"image\":{\"@type\":\"ImageObject\",\"inLanguage\":\"en-US\",\"@id\":\"https:\/\/www.green24.ro\/#\/schema\/person\/image\/\",\"url\":\"https:\/\/secure.gravatar.com\/avatar\/c9f4d5614769dc0a9dfdfed961c82ea6?s=96&d=mm&r=g\",\"contentUrl\":\"https:\/\/secure.gravatar.com\/avatar\/c9f4d5614769dc0a9dfdfed961c82ea6?s=96&d=mm&r=g\",\"caption\":\"Redactia Green24\"},\"sameAs\":[\"http:\/\/www.green24.ro\"],\"url\":\"https:\/\/www.green24.ro\/index.php\/author\/green24\/\"}]}<\/script>\n<!-- \/ Yoast SEO plugin. -->","yoast_head_json":{"title":"Green24.ro - \u00cen privin\u021ba problemelor de mediu distan\u021ba de la \"a \u0219tii\" la \"a \u00een\u021belege\" se m\u0103soar\u0103 \u00een ani lumin\u0103 - Green24.ro","description":"Rezultatele sondajului nu ne mir\u0103 deloc. Exact acestea sunt preocup\u0103rile cet\u0103\u0163enilor pe care dorim s\u0103 le abord\u0103m prin Pactul ecologic european. M\u0103 \u00eencurajeaz\u0103 s\u0103 v\u0103d c\u0103 exist\u0103 sprijin pentru schimb\u0103rile fundamentale pe care le vom face \u00een societatea noastr\u0103 \u015fi \u00een economia noastr\u0103 \u015fi c\u0103 oamenii vor s\u0103 contribuie \u00een mod activ la aceast\u0103 schimbare\", a afirmat comisarul pentru mediu, oceane \u015fi pescuit, Virginijus Sinkevicius, la vremea respectiv\u0103.","robots":{"index":"index","follow":"follow","max-snippet":"max-snippet:-1","max-image-preview":"max-image-preview:large","max-video-preview":"max-video-preview:-1"},"canonical":"https:\/\/www.green24.ro\/index.php\/2022\/06\/15\/green24-ro-in-privinta-problemelor-de-mediu-distanta-de-la-a-stii-la-a-intelege-se-masoara-in-ani-lumina\/","og_locale":"en_US","og_type":"article","og_title":"Green24.ro - \u00cen privin\u021ba problemelor de mediu distan\u021ba de la \"a \u0219tii\" la \"a \u00een\u021belege\" se m\u0103soar\u0103 \u00een ani lumin\u0103 - Green24.ro","og_description":"Rezultatele sondajului nu ne mir\u0103 deloc. Exact acestea sunt preocup\u0103rile cet\u0103\u0163enilor pe care dorim s\u0103 le abord\u0103m prin Pactul ecologic european. M\u0103 \u00eencurajeaz\u0103 s\u0103 v\u0103d c\u0103 exist\u0103 sprijin pentru schimb\u0103rile fundamentale pe care le vom face \u00een societatea noastr\u0103 \u015fi \u00een economia noastr\u0103 \u015fi c\u0103 oamenii vor s\u0103 contribuie \u00een mod activ la aceast\u0103 schimbare\", a afirmat comisarul pentru mediu, oceane \u015fi pescuit, Virginijus Sinkevicius, la vremea respectiv\u0103.","og_url":"https:\/\/www.green24.ro\/index.php\/2022\/06\/15\/green24-ro-in-privinta-problemelor-de-mediu-distanta-de-la-a-stii-la-a-intelege-se-masoara-in-ani-lumina\/","og_site_name":"Green24.ro","article_publisher":"https:\/\/www.facebook.com\/green24ro\/","article_published_time":"2022-06-15T07:43:48+00:00","article_modified_time":"2022-06-15T07:43:50+00:00","og_image":[{"width":1920,"height":1280,"url":"https:\/\/www.green24.ro\/wp-content\/uploads\/2022\/06\/pexels-markus-spiske-3039036.jpeg","type":"image\/jpeg"}],"author":"Redactia Green24","twitter_card":"summary_large_image","twitter_misc":{"Written by":"Redactia Green24","Est. reading time":"3 minutes"},"schema":{"@context":"https:\/\/schema.org","@graph":[{"@type":"Article","@id":"https:\/\/www.green24.ro\/index.php\/2022\/06\/15\/green24-ro-in-privinta-problemelor-de-mediu-distanta-de-la-a-stii-la-a-intelege-se-masoara-in-ani-lumina\/#article","isPartOf":{"@id":"https:\/\/www.green24.ro\/index.php\/2022\/06\/15\/green24-ro-in-privinta-problemelor-de-mediu-distanta-de-la-a-stii-la-a-intelege-se-masoara-in-ani-lumina\/"},"author":{"name":"Redactia Green24","@id":"https:\/\/www.green24.ro\/#\/schema\/person\/607a8c12d4548837cb79d52bb2437572"},"headline":"Green24.ro &#8211; \u00cen privin\u021ba problemelor de mediu distan\u021ba de la &#8220;a \u0219tii&#8221; la &#8220;a \u00een\u021belege&#8221; se m\u0103soar\u0103 \u00een ani lumin\u0103","datePublished":"2022-06-15T07:43:48+00:00","dateModified":"2022-06-15T07:43:50+00:00","mainEntityOfPage":{"@id":"https:\/\/www.green24.ro\/index.php\/2022\/06\/15\/green24-ro-in-privinta-problemelor-de-mediu-distanta-de-la-a-stii-la-a-intelege-se-masoara-in-ani-lumina\/"},"wordCount":680,"commentCount":0,"publisher":{"@id":"https:\/\/www.green24.ro\/#organization"},"image":{"@id":"https:\/\/www.green24.ro\/index.php\/2022\/06\/15\/green24-ro-in-privinta-problemelor-de-mediu-distanta-de-la-a-stii-la-a-intelege-se-masoara-in-ani-lumina\/#primaryimage"},"thumbnailUrl":"https:\/\/www.green24.ro\/wp-content\/uploads\/2022\/06\/pexels-markus-spiske-3039036.jpeg","articleSection":["Blog","Prime","Slide"],"inLanguage":"en-US","potentialAction":[{"@type":"CommentAction","name":"Comment","target":["https:\/\/www.green24.ro\/index.php\/2022\/06\/15\/green24-ro-in-privinta-problemelor-de-mediu-distanta-de-la-a-stii-la-a-intelege-se-masoara-in-ani-lumina\/#respond"]}]},{"@type":"WebPage","@id":"https:\/\/www.green24.ro\/index.php\/2022\/06\/15\/green24-ro-in-privinta-problemelor-de-mediu-distanta-de-la-a-stii-la-a-intelege-se-masoara-in-ani-lumina\/","url":"https:\/\/www.green24.ro\/index.php\/2022\/06\/15\/green24-ro-in-privinta-problemelor-de-mediu-distanta-de-la-a-stii-la-a-intelege-se-masoara-in-ani-lumina\/","name":"Green24.ro - \u00cen privin\u021ba problemelor de mediu distan\u021ba de la \"a \u0219tii\" la \"a \u00een\u021belege\" se m\u0103soar\u0103 \u00een ani lumin\u0103 - Green24.ro","isPartOf":{"@id":"https:\/\/www.green24.ro\/#website"},"primaryImageOfPage":{"@id":"https:\/\/www.green24.ro\/index.php\/2022\/06\/15\/green24-ro-in-privinta-problemelor-de-mediu-distanta-de-la-a-stii-la-a-intelege-se-masoara-in-ani-lumina\/#primaryimage"},"image":{"@id":"https:\/\/www.green24.ro\/index.php\/2022\/06\/15\/green24-ro-in-privinta-problemelor-de-mediu-distanta-de-la-a-stii-la-a-intelege-se-masoara-in-ani-lumina\/#primaryimage"},"thumbnailUrl":"https:\/\/www.green24.ro\/wp-content\/uploads\/2022\/06\/pexels-markus-spiske-3039036.jpeg","datePublished":"2022-06-15T07:43:48+00:00","dateModified":"2022-06-15T07:43:50+00:00","description":"Rezultatele sondajului nu ne mir\u0103 deloc. Exact acestea sunt preocup\u0103rile cet\u0103\u0163enilor pe care dorim s\u0103 le abord\u0103m prin Pactul ecologic european. M\u0103 \u00eencurajeaz\u0103 s\u0103 v\u0103d c\u0103 exist\u0103 sprijin pentru schimb\u0103rile fundamentale pe care le vom face \u00een societatea noastr\u0103 \u015fi \u00een economia noastr\u0103 \u015fi c\u0103 oamenii vor s\u0103 contribuie \u00een mod activ la aceast\u0103 schimbare\", a afirmat comisarul pentru mediu, oceane \u015fi pescuit, Virginijus Sinkevicius, la vremea respectiv\u0103.","breadcrumb":{"@id":"https:\/\/www.green24.ro\/index.php\/2022\/06\/15\/green24-ro-in-privinta-problemelor-de-mediu-distanta-de-la-a-stii-la-a-intelege-se-masoara-in-ani-lumina\/#breadcrumb"},"inLanguage":"en-US","potentialAction":[{"@type":"ReadAction","target":["https:\/\/www.green24.ro\/index.php\/2022\/06\/15\/green24-ro-in-privinta-problemelor-de-mediu-distanta-de-la-a-stii-la-a-intelege-se-masoara-in-ani-lumina\/"]}]},{"@type":"ImageObject","inLanguage":"en-US","@id":"https:\/\/www.green24.ro\/index.php\/2022\/06\/15\/green24-ro-in-privinta-problemelor-de-mediu-distanta-de-la-a-stii-la-a-intelege-se-masoara-in-ani-lumina\/#primaryimage","url":"https:\/\/www.green24.ro\/wp-content\/uploads\/2022\/06\/pexels-markus-spiske-3039036.jpeg","contentUrl":"https:\/\/www.green24.ro\/wp-content\/uploads\/2022\/06\/pexels-markus-spiske-3039036.jpeg","width":1920,"height":1280,"caption":"Cazul contrabandei cu freon, devoalat de un ONG de mediu din Londra,"},{"@type":"BreadcrumbList","@id":"https:\/\/www.green24.ro\/index.php\/2022\/06\/15\/green24-ro-in-privinta-problemelor-de-mediu-distanta-de-la-a-stii-la-a-intelege-se-masoara-in-ani-lumina\/#breadcrumb","itemListElement":[{"@type":"ListItem","position":1,"name":"Home","item":"https:\/\/www.green24.ro\/"},{"@type":"ListItem","position":2,"name":"Green24.ro &#8211; \u00cen privin\u021ba problemelor de mediu distan\u021ba de la &#8220;a \u0219tii&#8221; la &#8220;a \u00een\u021belege&#8221; se m\u0103soar\u0103 \u00een ani lumin\u0103"}]},{"@type":"WebSite","@id":"https:\/\/www.green24.ro\/#website","url":"https:\/\/www.green24.ro\/","name":"Green24.ro","description":"Antreprenoriat verde si responsabilitatea social\u0103","publisher":{"@id":"https:\/\/www.green24.ro\/#organization"},"potentialAction":[{"@type":"SearchAction","target":{"@type":"EntryPoint","urlTemplate":"https:\/\/www.green24.ro\/?s={search_term_string}"},"query-input":{"@type":"PropertyValueSpecification","valueRequired":true,"valueName":"search_term_string"}}],"inLanguage":"en-US"},{"@type":"Organization","@id":"https:\/\/www.green24.ro\/#organization","name":"Green24","url":"https:\/\/www.green24.ro\/","logo":{"@type":"ImageObject","inLanguage":"en-US","@id":"https:\/\/www.green24.ro\/#\/schema\/logo\/image\/","url":"https:\/\/www.green24.ro\/wp-content\/uploads\/2022\/02\/green24-17-e1643806452346.png","contentUrl":"https:\/\/www.green24.ro\/wp-content\/uploads\/2022\/02\/green24-17-e1643806452346.png","width":174,"height":174,"caption":"Green24"},"image":{"@id":"https:\/\/www.green24.ro\/#\/schema\/logo\/image\/"},"sameAs":["https:\/\/www.facebook.com\/green24ro\/"]},{"@type":"Person","@id":"https:\/\/www.green24.ro\/#\/schema\/person\/607a8c12d4548837cb79d52bb2437572","name":"Redactia Green24","image":{"@type":"ImageObject","inLanguage":"en-US","@id":"https:\/\/www.green24.ro\/#\/schema\/person\/image\/","url":"https:\/\/secure.gravatar.com\/avatar\/c9f4d5614769dc0a9dfdfed961c82ea6?s=96&d=mm&r=g","contentUrl":"https:\/\/secure.gravatar.com\/avatar\/c9f4d5614769dc0a9dfdfed961c82ea6?s=96&d=mm&r=g","caption":"Redactia Green24"},"sameAs":["http:\/\/www.green24.ro"],"url":"https:\/\/www.green24.ro\/index.php\/author\/green24\/"}]}},"jetpack_publicize_connections":[],"jetpack_featured_media_url":"https:\/\/www.green24.ro\/wp-content\/uploads\/2022\/06\/pexels-markus-spiske-3039036.jpeg","jetpack_sharing_enabled":true,"_links":{"self":[{"href":"https:\/\/www.green24.ro\/index.php\/wp-json\/wp\/v2\/posts\/1110","targetHints":{"allow":["GET"]}}],"collection":[{"href":"https:\/\/www.green24.ro\/index.php\/wp-json\/wp\/v2\/posts"}],"about":[{"href":"https:\/\/www.green24.ro\/index.php\/wp-json\/wp\/v2\/types\/post"}],"author":[{"embeddable":true,"href":"https:\/\/www.green24.ro\/index.php\/wp-json\/wp\/v2\/users\/3"}],"replies":[{"embeddable":true,"href":"https:\/\/www.green24.ro\/index.php\/wp-json\/wp\/v2\/comments?post=1110"}],"version-history":[{"count":1,"href":"https:\/\/www.green24.ro\/index.php\/wp-json\/wp\/v2\/posts\/1110\/revisions"}],"predecessor-version":[{"id":1112,"href":"https:\/\/www.green24.ro\/index.php\/wp-json\/wp\/v2\/posts\/1110\/revisions\/1112"}],"wp:featuredmedia":[{"embeddable":true,"href":"https:\/\/www.green24.ro\/index.php\/wp-json\/wp\/v2\/media\/1111"}],"wp:attachment":[{"href":"https:\/\/www.green24.ro\/index.php\/wp-json\/wp\/v2\/media?parent=1110"}],"wp:term":[{"taxonomy":"category","embeddable":true,"href":"https:\/\/www.green24.ro\/index.php\/wp-json\/wp\/v2\/categories?post=1110"},{"taxonomy":"post_tag","embeddable":true,"href":"https:\/\/www.green24.ro\/index.php\/wp-json\/wp\/v2\/tags?post=1110"}],"curies":[{"name":"wp","href":"https:\/\/api.w.org\/{rel}","templated":true}]}}