{"id":1094,"date":"2022-06-08T07:15:00","date_gmt":"2022-06-08T05:15:00","guid":{"rendered":"https:\/\/www.green24.ro\/?p=1094"},"modified":"2022-06-07T13:21:50","modified_gmt":"2022-06-07T11:21:50","slug":"in-24-de-ore-se-taie-aproximativ-13-hectare-din-care-jumatate-dispar-fara-acte-din-padure","status":"publish","type":"post","link":"https:\/\/www.green24.ro\/index.php\/2022\/06\/08\/in-24-de-ore-se-taie-aproximativ-13-hectare-din-care-jumatate-dispar-fara-acte-din-padure\/","title":{"rendered":"\u00cen 24 de ore se taie aproximativ 13 hectare, din care jum\u0103tate dispar f\u0103r\u0103 acte, din p\u0103dure"},"content":{"rendered":"<p style=\"text-align: justify;\">Reprezentant Greenpeace, dup\u0103 ce ministrul Mediului a spus c\u0103 vremurile cu defri\u015f\u0103rile masive au apus: \u00cen 24 de ore se taie aproximativ 13 hectare, din care jum\u0103tate dispar f\u0103r\u0103 acte, din p\u0103dure<\/p>\n<hr \/>\n<p style=\"text-align: justify;\"><em>Ciprian G\u0103lu\u015fc\u0103, coordonator al campaniei Greenpeace pentru p\u0103duri \u015fi biodiversitate, a declarat luni, \u00een emisiunea Talk News de la Profit News TV, despre afirma\u0163ia ministrului Mediului c\u0103 vremurile cu defri\u015f\u0103rile masive au apus, c\u0103 s-au f\u0103cut unele progrese, inclusiv prin introducerea sistemului SUMAL, dar se produc t\u0103ieri selective, astfel c\u0103 \u00een 24 de ore se taie aproximativ 13 hectare, din care jum\u0103tate dispar f\u0103r\u0103 acte, din p\u0103dure, conform informa\u0163iilor oficiale ale Inventarului forestier na\u0163ional.<\/em><\/p>\n<hr \/>\n<p style=\"text-align: justify;\">Reprezentantul Greenpeace a spus c\u0103 organiza\u0163ia proceseaz\u0103 date oficiale disponibile publicului larg prin intermediul Inventarului forestier na\u0163ional.<\/p>\n<p style=\"text-align: justify;\">\u201dCalculul foarte simplu, avem 38 de milioane de mc care pleac\u0103 din p\u0103dure, \u00een fiecare an, nu trebuie dec\u00e2t s\u0103 \u00eemp\u0103rtim la 365 de zile \u015fi la 340 de mc, c\u00e2t se afl\u0103 \u00eentr-un hectar, o s\u0103 afl\u0103m c\u0103 \u00een 24 de ore se taie aproximativ 13 hectare, din care jum\u0103tate dispar, a\u015fa cum ne spune Inventarul forestier na\u0163ional, f\u0103r\u0103 acte, din p\u0103dure\u201d, a explicat Ciprian G\u0103lu\u015fc\u0103.<\/p>\n<p style=\"text-align: justify;\">El a men\u0163ionat despre afirma\u0163ia ministrului Mediului c\u0103 nu mai avem acele t\u0103ieri ilegale pe suprafe\u0163e mari, c\u0103 \u00eentr-adev\u0103r s-a schimbat legisla\u0163ia \u015fi s-a introdus acel sistem de trasabilitate a materialului lemos, SUMAL.<\/p>\n<p style=\"text-align: justify;\">\u201dNimeni nu e nebun s\u0103 taie 500 de hectare. (..) Exist\u0103 sub o alt\u0103 form\u0103, t\u0103ierile selective. Atunci c\u00e2nd se tai 500 de mc din p\u0103dure, \u00een realitate de acolo pleac\u0103 1.000 de mc\u201d, a spus Ciprian G\u0103lu\u015fc\u0103, men\u0163ion\u00e2nd c\u0103 se creeaz\u0103 un prejudiciu care nu este niciodat\u0103 cuantificabil, pentru c\u0103 cei 500 de mc t\u0103ia\u0163i ilegal nu apar nic\u0103ieri.<\/p>\n<p>\u201dNe l\u0103ud\u0103m c\u0103 ne-am l\u0103sat de fumat dar ne-am apucat de b\u0103ut\u201d, a mai comentat el.<\/p>\n<p style=\"text-align: justify;\">Despre o alt\u0103 afirma\u0163ie a ministrului c\u0103 am ajuns c\u0103 plant\u0103m c\u00e2t t\u0103iem, reprezentantul Greenpeace a afirmat c\u0103 nu este adev\u0103rat.<\/p>\n<p style=\"text-align: justify;\">\u201d\u015ei acum c\u00e2nd mergi prin F\u0103g\u0103ra\u015f g\u0103se\u015fti parcele rase de 500 sau 600 de hectare, rase din 2012, 2013, \u00een dosarele Cheresteaua I sau II, cu prejudicii imense pentru stat, \u015fi care nu \u015fi-au mai revenit niciodat\u0103 la stadiul de p\u0103dure\u201d, a spus G\u0103lu\u015fc\u0103.<\/p>\n<p style=\"text-align: justify;\">Ministrul Mediului Tanczos Barna a afirmat c\u0103 vremurile cu defri\u015f\u0103ri masive \u00een care \u201ea disp\u0103rut p\u0103durea de pe versan\u0163i\u201d, au apus \u015fi c\u0103 nu mai exist\u0103 asemenea t\u0103ieri \u00een Rom\u00e2nia.<\/p>\n<p style=\"text-align: justify;\">El a precizat c\u0103 suprafa\u0163a plantat\u0103 \u00een \u0163ara noastr\u0103 este cel pu\u0163in egal\u0103 cu cea t\u0103iat\u0103.<\/p>\n<p>sursa: <a href=\"https:\/\/www.news.ro\/social\/reprezentant-greenpeace-dupa-ce-ministrul-mediului-a-spus-ca-vremurile-cu-defrisarile-masive-au-apus-in-24-de-ore-se-taie-aproximativ-13-hectare-din-care-jumatate-dispar-fara-acte-din-padure-1922402006092022062120731802\">news<\/a><\/p>\n","protected":false},"excerpt":{"rendered":"<p>Reprezentant Greenpeace, dup\u0103 ce ministrul Mediului a spus c\u0103 vremurile cu defri\u015f\u0103rile masive au apus: \u00cen 24 de ore se taie aproximativ 13 hectare, din care jum\u0103tate dispar f\u0103r\u0103 acte, din p\u0103dure Ciprian G\u0103lu\u015fc\u0103, coordonator al campaniei Greenpeace pentru p\u0103duri \u015fi biodiversitate, a declarat luni, \u00een emisiunea Talk News de [&hellip;]<\/p>\n","protected":false},"author":1,"featured_media":1095,"comment_status":"open","ping_status":"open","sticky":false,"template":"","format":"standard","meta":{"content-type":"","footnotes":"","jetpack_publicize_message":"","jetpack_publicize_feature_enabled":true,"jetpack_social_post_already_shared":true,"jetpack_social_options":{"image_generator_settings":{"template":"highway","default_image_id":0,"font":"","enabled":false},"version":2}},"categories":[5,9,6],"tags":[],"class_list":["post-1094","post","type-post","status-publish","format-standard","has-post-thumbnail","hentry","category-blog","category-company","category-prime"],"yoast_head":"<!-- This site is optimized with the Yoast SEO plugin v24.9 - https:\/\/yoast.com\/wordpress\/plugins\/seo\/ -->\n<title>\u00cen 24 de ore se taie aproximativ 13 hectare, din care jum\u0103tate dispar f\u0103r\u0103 acte, din p\u0103dure - Green24.ro<\/title>\n<meta name=\"robots\" content=\"index, follow, max-snippet:-1, max-image-preview:large, max-video-preview:-1\" \/>\n<link rel=\"canonical\" href=\"https:\/\/www.green24.ro\/index.php\/2022\/06\/08\/in-24-de-ore-se-taie-aproximativ-13-hectare-din-care-jumatate-dispar-fara-acte-din-padure\/\" \/>\n<meta property=\"og:locale\" content=\"en_US\" \/>\n<meta property=\"og:type\" content=\"article\" \/>\n<meta property=\"og:title\" content=\"\u00cen 24 de ore se taie aproximativ 13 hectare, din care jum\u0103tate dispar f\u0103r\u0103 acte, din p\u0103dure - Green24.ro\" \/>\n<meta property=\"og:description\" content=\"Reprezentant Greenpeace, dup\u0103 ce ministrul Mediului a spus c\u0103 vremurile cu defri\u015f\u0103rile masive au apus: \u00cen 24 de ore se taie aproximativ 13 hectare, din care jum\u0103tate dispar f\u0103r\u0103 acte, din p\u0103dure Ciprian G\u0103lu\u015fc\u0103, coordonator al campaniei Greenpeace pentru p\u0103duri \u015fi biodiversitate, a declarat luni, \u00een emisiunea Talk News de [&hellip;]\" \/>\n<meta property=\"og:url\" content=\"https:\/\/www.green24.ro\/index.php\/2022\/06\/08\/in-24-de-ore-se-taie-aproximativ-13-hectare-din-care-jumatate-dispar-fara-acte-din-padure\/\" \/>\n<meta property=\"og:site_name\" content=\"Green24.ro\" \/>\n<meta property=\"article:publisher\" content=\"https:\/\/www.facebook.com\/green24ro\/\" \/>\n<meta property=\"article:author\" content=\"https:\/\/www.facebook.com\/green24ro\/\" \/>\n<meta property=\"article:published_time\" content=\"2022-06-08T05:15:00+00:00\" \/>\n<meta property=\"og:image\" content=\"https:\/\/www.green24.ro\/wp-content\/uploads\/2022\/06\/istock-532725289-1587591378348-scaled.jpg\" \/>\n\t<meta property=\"og:image:width\" content=\"2560\" \/>\n\t<meta property=\"og:image:height\" content=\"1702\" \/>\n\t<meta property=\"og:image:type\" content=\"image\/jpeg\" \/>\n<meta name=\"author\" content=\"Redactia Green24\" \/>\n<meta name=\"twitter:card\" content=\"summary_large_image\" \/>\n<meta name=\"twitter:label1\" content=\"Written by\" \/>\n\t<meta name=\"twitter:data1\" content=\"Redactia Green24\" \/>\n\t<meta name=\"twitter:label2\" content=\"Est. reading time\" \/>\n\t<meta name=\"twitter:data2\" content=\"2 minutes\" \/>\n<script type=\"application\/ld+json\" class=\"yoast-schema-graph\">{\"@context\":\"https:\/\/schema.org\",\"@graph\":[{\"@type\":\"Article\",\"@id\":\"https:\/\/www.green24.ro\/index.php\/2022\/06\/08\/in-24-de-ore-se-taie-aproximativ-13-hectare-din-care-jumatate-dispar-fara-acte-din-padure\/#article\",\"isPartOf\":{\"@id\":\"https:\/\/www.green24.ro\/index.php\/2022\/06\/08\/in-24-de-ore-se-taie-aproximativ-13-hectare-din-care-jumatate-dispar-fara-acte-din-padure\/\"},\"author\":{\"name\":\"Redactia Green24\",\"@id\":\"https:\/\/www.green24.ro\/#\/schema\/person\/275c7d10a2dd4fb528a2c0ad5d633496\"},\"headline\":\"\u00cen 24 de ore se taie aproximativ 13 hectare, din care jum\u0103tate dispar f\u0103r\u0103 acte, din p\u0103dure\",\"datePublished\":\"2022-06-08T05:15:00+00:00\",\"mainEntityOfPage\":{\"@id\":\"https:\/\/www.green24.ro\/index.php\/2022\/06\/08\/in-24-de-ore-se-taie-aproximativ-13-hectare-din-care-jumatate-dispar-fara-acte-din-padure\/\"},\"wordCount\":484,\"commentCount\":0,\"publisher\":{\"@id\":\"https:\/\/www.green24.ro\/#organization\"},\"image\":{\"@id\":\"https:\/\/www.green24.ro\/index.php\/2022\/06\/08\/in-24-de-ore-se-taie-aproximativ-13-hectare-din-care-jumatate-dispar-fara-acte-din-padure\/#primaryimage\"},\"thumbnailUrl\":\"https:\/\/www.green24.ro\/wp-content\/uploads\/2022\/06\/istock-532725289-1587591378348-scaled.jpg\",\"articleSection\":[\"Blog\",\"Company\",\"Prime\"],\"inLanguage\":\"en-US\",\"potentialAction\":[{\"@type\":\"CommentAction\",\"name\":\"Comment\",\"target\":[\"https:\/\/www.green24.ro\/index.php\/2022\/06\/08\/in-24-de-ore-se-taie-aproximativ-13-hectare-din-care-jumatate-dispar-fara-acte-din-padure\/#respond\"]}]},{\"@type\":\"WebPage\",\"@id\":\"https:\/\/www.green24.ro\/index.php\/2022\/06\/08\/in-24-de-ore-se-taie-aproximativ-13-hectare-din-care-jumatate-dispar-fara-acte-din-padure\/\",\"url\":\"https:\/\/www.green24.ro\/index.php\/2022\/06\/08\/in-24-de-ore-se-taie-aproximativ-13-hectare-din-care-jumatate-dispar-fara-acte-din-padure\/\",\"name\":\"\u00cen 24 de ore se taie aproximativ 13 hectare, din care jum\u0103tate dispar f\u0103r\u0103 acte, din p\u0103dure - Green24.ro\",\"isPartOf\":{\"@id\":\"https:\/\/www.green24.ro\/#website\"},\"primaryImageOfPage\":{\"@id\":\"https:\/\/www.green24.ro\/index.php\/2022\/06\/08\/in-24-de-ore-se-taie-aproximativ-13-hectare-din-care-jumatate-dispar-fara-acte-din-padure\/#primaryimage\"},\"image\":{\"@id\":\"https:\/\/www.green24.ro\/index.php\/2022\/06\/08\/in-24-de-ore-se-taie-aproximativ-13-hectare-din-care-jumatate-dispar-fara-acte-din-padure\/#primaryimage\"},\"thumbnailUrl\":\"https:\/\/www.green24.ro\/wp-content\/uploads\/2022\/06\/istock-532725289-1587591378348-scaled.jpg\",\"datePublished\":\"2022-06-08T05:15:00+00:00\",\"breadcrumb\":{\"@id\":\"https:\/\/www.green24.ro\/index.php\/2022\/06\/08\/in-24-de-ore-se-taie-aproximativ-13-hectare-din-care-jumatate-dispar-fara-acte-din-padure\/#breadcrumb\"},\"inLanguage\":\"en-US\",\"potentialAction\":[{\"@type\":\"ReadAction\",\"target\":[\"https:\/\/www.green24.ro\/index.php\/2022\/06\/08\/in-24-de-ore-se-taie-aproximativ-13-hectare-din-care-jumatate-dispar-fara-acte-din-padure\/\"]}]},{\"@type\":\"ImageObject\",\"inLanguage\":\"en-US\",\"@id\":\"https:\/\/www.green24.ro\/index.php\/2022\/06\/08\/in-24-de-ore-se-taie-aproximativ-13-hectare-din-care-jumatate-dispar-fara-acte-din-padure\/#primaryimage\",\"url\":\"https:\/\/www.green24.ro\/wp-content\/uploads\/2022\/06\/istock-532725289-1587591378348-scaled.jpg\",\"contentUrl\":\"https:\/\/www.green24.ro\/wp-content\/uploads\/2022\/06\/istock-532725289-1587591378348-scaled.jpg\",\"width\":2560,\"height\":1702,\"caption\":\"\u00cen 24 de ore se taie aproximativ 13 hectare, din care jum\u0103tate dispar f\u0103r\u0103 acte, din p\u0103dure\"},{\"@type\":\"BreadcrumbList\",\"@id\":\"https:\/\/www.green24.ro\/index.php\/2022\/06\/08\/in-24-de-ore-se-taie-aproximativ-13-hectare-din-care-jumatate-dispar-fara-acte-din-padure\/#breadcrumb\",\"itemListElement\":[{\"@type\":\"ListItem\",\"position\":1,\"name\":\"Home\",\"item\":\"https:\/\/www.green24.ro\/\"},{\"@type\":\"ListItem\",\"position\":2,\"name\":\"\u00cen 24 de ore se taie aproximativ 13 hectare, din care jum\u0103tate dispar f\u0103r\u0103 acte, din p\u0103dure\"}]},{\"@type\":\"WebSite\",\"@id\":\"https:\/\/www.green24.ro\/#website\",\"url\":\"https:\/\/www.green24.ro\/\",\"name\":\"Green24.ro\",\"description\":\"Antreprenoriat verde si responsabilitatea social\u0103\",\"publisher\":{\"@id\":\"https:\/\/www.green24.ro\/#organization\"},\"potentialAction\":[{\"@type\":\"SearchAction\",\"target\":{\"@type\":\"EntryPoint\",\"urlTemplate\":\"https:\/\/www.green24.ro\/?s={search_term_string}\"},\"query-input\":{\"@type\":\"PropertyValueSpecification\",\"valueRequired\":true,\"valueName\":\"search_term_string\"}}],\"inLanguage\":\"en-US\"},{\"@type\":\"Organization\",\"@id\":\"https:\/\/www.green24.ro\/#organization\",\"name\":\"Green24\",\"url\":\"https:\/\/www.green24.ro\/\",\"logo\":{\"@type\":\"ImageObject\",\"inLanguage\":\"en-US\",\"@id\":\"https:\/\/www.green24.ro\/#\/schema\/logo\/image\/\",\"url\":\"https:\/\/www.green24.ro\/wp-content\/uploads\/2022\/02\/green24-17-e1643806452346.png\",\"contentUrl\":\"https:\/\/www.green24.ro\/wp-content\/uploads\/2022\/02\/green24-17-e1643806452346.png\",\"width\":174,\"height\":174,\"caption\":\"Green24\"},\"image\":{\"@id\":\"https:\/\/www.green24.ro\/#\/schema\/logo\/image\/\"},\"sameAs\":[\"https:\/\/www.facebook.com\/green24ro\/\"]},{\"@type\":\"Person\",\"@id\":\"https:\/\/www.green24.ro\/#\/schema\/person\/275c7d10a2dd4fb528a2c0ad5d633496\",\"name\":\"Redactia Green24\",\"image\":{\"@type\":\"ImageObject\",\"inLanguage\":\"en-US\",\"@id\":\"https:\/\/www.green24.ro\/#\/schema\/person\/image\/\",\"url\":\"https:\/\/secure.gravatar.com\/avatar\/ff0d3a759f98829f7ca35637ba02cb3c?s=96&d=mm&r=g\",\"contentUrl\":\"https:\/\/secure.gravatar.com\/avatar\/ff0d3a759f98829f7ca35637ba02cb3c?s=96&d=mm&r=g\",\"caption\":\"Redactia Green24\"},\"description\":\"Green24.ro este sursa zilnic\u0103 de \u0219tiri, online, pentru cei interesa\u021bi de mediul \u00eenconjur\u0103tor.\",\"sameAs\":[\"https:\/\/green24.ro\",\"https:\/\/www.facebook.com\/green24ro\/\"],\"url\":\"https:\/\/www.green24.ro\/index.php\/author\/admin\/\"}]}<\/script>\n<!-- \/ Yoast SEO plugin. -->","yoast_head_json":{"title":"\u00cen 24 de ore se taie aproximativ 13 hectare, din care jum\u0103tate dispar f\u0103r\u0103 acte, din p\u0103dure - Green24.ro","robots":{"index":"index","follow":"follow","max-snippet":"max-snippet:-1","max-image-preview":"max-image-preview:large","max-video-preview":"max-video-preview:-1"},"canonical":"https:\/\/www.green24.ro\/index.php\/2022\/06\/08\/in-24-de-ore-se-taie-aproximativ-13-hectare-din-care-jumatate-dispar-fara-acte-din-padure\/","og_locale":"en_US","og_type":"article","og_title":"\u00cen 24 de ore se taie aproximativ 13 hectare, din care jum\u0103tate dispar f\u0103r\u0103 acte, din p\u0103dure - Green24.ro","og_description":"Reprezentant Greenpeace, dup\u0103 ce ministrul Mediului a spus c\u0103 vremurile cu defri\u015f\u0103rile masive au apus: \u00cen 24 de ore se taie aproximativ 13 hectare, din care jum\u0103tate dispar f\u0103r\u0103 acte, din p\u0103dure Ciprian G\u0103lu\u015fc\u0103, coordonator al campaniei Greenpeace pentru p\u0103duri \u015fi biodiversitate, a declarat luni, \u00een emisiunea Talk News de [&hellip;]","og_url":"https:\/\/www.green24.ro\/index.php\/2022\/06\/08\/in-24-de-ore-se-taie-aproximativ-13-hectare-din-care-jumatate-dispar-fara-acte-din-padure\/","og_site_name":"Green24.ro","article_publisher":"https:\/\/www.facebook.com\/green24ro\/","article_author":"https:\/\/www.facebook.com\/green24ro\/","article_published_time":"2022-06-08T05:15:00+00:00","og_image":[{"width":2560,"height":1702,"url":"https:\/\/www.green24.ro\/wp-content\/uploads\/2022\/06\/istock-532725289-1587591378348-scaled.jpg","type":"image\/jpeg"}],"author":"Redactia Green24","twitter_card":"summary_large_image","twitter_misc":{"Written by":"Redactia Green24","Est. reading time":"2 minutes"},"schema":{"@context":"https:\/\/schema.org","@graph":[{"@type":"Article","@id":"https:\/\/www.green24.ro\/index.php\/2022\/06\/08\/in-24-de-ore-se-taie-aproximativ-13-hectare-din-care-jumatate-dispar-fara-acte-din-padure\/#article","isPartOf":{"@id":"https:\/\/www.green24.ro\/index.php\/2022\/06\/08\/in-24-de-ore-se-taie-aproximativ-13-hectare-din-care-jumatate-dispar-fara-acte-din-padure\/"},"author":{"name":"Redactia Green24","@id":"https:\/\/www.green24.ro\/#\/schema\/person\/275c7d10a2dd4fb528a2c0ad5d633496"},"headline":"\u00cen 24 de ore se taie aproximativ 13 hectare, din care jum\u0103tate dispar f\u0103r\u0103 acte, din p\u0103dure","datePublished":"2022-06-08T05:15:00+00:00","mainEntityOfPage":{"@id":"https:\/\/www.green24.ro\/index.php\/2022\/06\/08\/in-24-de-ore-se-taie-aproximativ-13-hectare-din-care-jumatate-dispar-fara-acte-din-padure\/"},"wordCount":484,"commentCount":0,"publisher":{"@id":"https:\/\/www.green24.ro\/#organization"},"image":{"@id":"https:\/\/www.green24.ro\/index.php\/2022\/06\/08\/in-24-de-ore-se-taie-aproximativ-13-hectare-din-care-jumatate-dispar-fara-acte-din-padure\/#primaryimage"},"thumbnailUrl":"https:\/\/www.green24.ro\/wp-content\/uploads\/2022\/06\/istock-532725289-1587591378348-scaled.jpg","articleSection":["Blog","Company","Prime"],"inLanguage":"en-US","potentialAction":[{"@type":"CommentAction","name":"Comment","target":["https:\/\/www.green24.ro\/index.php\/2022\/06\/08\/in-24-de-ore-se-taie-aproximativ-13-hectare-din-care-jumatate-dispar-fara-acte-din-padure\/#respond"]}]},{"@type":"WebPage","@id":"https:\/\/www.green24.ro\/index.php\/2022\/06\/08\/in-24-de-ore-se-taie-aproximativ-13-hectare-din-care-jumatate-dispar-fara-acte-din-padure\/","url":"https:\/\/www.green24.ro\/index.php\/2022\/06\/08\/in-24-de-ore-se-taie-aproximativ-13-hectare-din-care-jumatate-dispar-fara-acte-din-padure\/","name":"\u00cen 24 de ore se taie aproximativ 13 hectare, din care jum\u0103tate dispar f\u0103r\u0103 acte, din p\u0103dure - Green24.ro","isPartOf":{"@id":"https:\/\/www.green24.ro\/#website"},"primaryImageOfPage":{"@id":"https:\/\/www.green24.ro\/index.php\/2022\/06\/08\/in-24-de-ore-se-taie-aproximativ-13-hectare-din-care-jumatate-dispar-fara-acte-din-padure\/#primaryimage"},"image":{"@id":"https:\/\/www.green24.ro\/index.php\/2022\/06\/08\/in-24-de-ore-se-taie-aproximativ-13-hectare-din-care-jumatate-dispar-fara-acte-din-padure\/#primaryimage"},"thumbnailUrl":"https:\/\/www.green24.ro\/wp-content\/uploads\/2022\/06\/istock-532725289-1587591378348-scaled.jpg","datePublished":"2022-06-08T05:15:00+00:00","breadcrumb":{"@id":"https:\/\/www.green24.ro\/index.php\/2022\/06\/08\/in-24-de-ore-se-taie-aproximativ-13-hectare-din-care-jumatate-dispar-fara-acte-din-padure\/#breadcrumb"},"inLanguage":"en-US","potentialAction":[{"@type":"ReadAction","target":["https:\/\/www.green24.ro\/index.php\/2022\/06\/08\/in-24-de-ore-se-taie-aproximativ-13-hectare-din-care-jumatate-dispar-fara-acte-din-padure\/"]}]},{"@type":"ImageObject","inLanguage":"en-US","@id":"https:\/\/www.green24.ro\/index.php\/2022\/06\/08\/in-24-de-ore-se-taie-aproximativ-13-hectare-din-care-jumatate-dispar-fara-acte-din-padure\/#primaryimage","url":"https:\/\/www.green24.ro\/wp-content\/uploads\/2022\/06\/istock-532725289-1587591378348-scaled.jpg","contentUrl":"https:\/\/www.green24.ro\/wp-content\/uploads\/2022\/06\/istock-532725289-1587591378348-scaled.jpg","width":2560,"height":1702,"caption":"\u00cen 24 de ore se taie aproximativ 13 hectare, din care jum\u0103tate dispar f\u0103r\u0103 acte, din p\u0103dure"},{"@type":"BreadcrumbList","@id":"https:\/\/www.green24.ro\/index.php\/2022\/06\/08\/in-24-de-ore-se-taie-aproximativ-13-hectare-din-care-jumatate-dispar-fara-acte-din-padure\/#breadcrumb","itemListElement":[{"@type":"ListItem","position":1,"name":"Home","item":"https:\/\/www.green24.ro\/"},{"@type":"ListItem","position":2,"name":"\u00cen 24 de ore se taie aproximativ 13 hectare, din care jum\u0103tate dispar f\u0103r\u0103 acte, din p\u0103dure"}]},{"@type":"WebSite","@id":"https:\/\/www.green24.ro\/#website","url":"https:\/\/www.green24.ro\/","name":"Green24.ro","description":"Antreprenoriat verde si responsabilitatea social\u0103","publisher":{"@id":"https:\/\/www.green24.ro\/#organization"},"potentialAction":[{"@type":"SearchAction","target":{"@type":"EntryPoint","urlTemplate":"https:\/\/www.green24.ro\/?s={search_term_string}"},"query-input":{"@type":"PropertyValueSpecification","valueRequired":true,"valueName":"search_term_string"}}],"inLanguage":"en-US"},{"@type":"Organization","@id":"https:\/\/www.green24.ro\/#organization","name":"Green24","url":"https:\/\/www.green24.ro\/","logo":{"@type":"ImageObject","inLanguage":"en-US","@id":"https:\/\/www.green24.ro\/#\/schema\/logo\/image\/","url":"https:\/\/www.green24.ro\/wp-content\/uploads\/2022\/02\/green24-17-e1643806452346.png","contentUrl":"https:\/\/www.green24.ro\/wp-content\/uploads\/2022\/02\/green24-17-e1643806452346.png","width":174,"height":174,"caption":"Green24"},"image":{"@id":"https:\/\/www.green24.ro\/#\/schema\/logo\/image\/"},"sameAs":["https:\/\/www.facebook.com\/green24ro\/"]},{"@type":"Person","@id":"https:\/\/www.green24.ro\/#\/schema\/person\/275c7d10a2dd4fb528a2c0ad5d633496","name":"Redactia Green24","image":{"@type":"ImageObject","inLanguage":"en-US","@id":"https:\/\/www.green24.ro\/#\/schema\/person\/image\/","url":"https:\/\/secure.gravatar.com\/avatar\/ff0d3a759f98829f7ca35637ba02cb3c?s=96&d=mm&r=g","contentUrl":"https:\/\/secure.gravatar.com\/avatar\/ff0d3a759f98829f7ca35637ba02cb3c?s=96&d=mm&r=g","caption":"Redactia Green24"},"description":"Green24.ro este sursa zilnic\u0103 de \u0219tiri, online, pentru cei interesa\u021bi de mediul \u00eenconjur\u0103tor.","sameAs":["https:\/\/green24.ro","https:\/\/www.facebook.com\/green24ro\/"],"url":"https:\/\/www.green24.ro\/index.php\/author\/admin\/"}]}},"jetpack_publicize_connections":[],"jetpack_featured_media_url":"https:\/\/www.green24.ro\/wp-content\/uploads\/2022\/06\/istock-532725289-1587591378348-scaled.jpg","jetpack_sharing_enabled":true,"_links":{"self":[{"href":"https:\/\/www.green24.ro\/index.php\/wp-json\/wp\/v2\/posts\/1094","targetHints":{"allow":["GET"]}}],"collection":[{"href":"https:\/\/www.green24.ro\/index.php\/wp-json\/wp\/v2\/posts"}],"about":[{"href":"https:\/\/www.green24.ro\/index.php\/wp-json\/wp\/v2\/types\/post"}],"author":[{"embeddable":true,"href":"https:\/\/www.green24.ro\/index.php\/wp-json\/wp\/v2\/users\/1"}],"replies":[{"embeddable":true,"href":"https:\/\/www.green24.ro\/index.php\/wp-json\/wp\/v2\/comments?post=1094"}],"version-history":[{"count":2,"href":"https:\/\/www.green24.ro\/index.php\/wp-json\/wp\/v2\/posts\/1094\/revisions"}],"predecessor-version":[{"id":1097,"href":"https:\/\/www.green24.ro\/index.php\/wp-json\/wp\/v2\/posts\/1094\/revisions\/1097"}],"wp:featuredmedia":[{"embeddable":true,"href":"https:\/\/www.green24.ro\/index.php\/wp-json\/wp\/v2\/media\/1095"}],"wp:attachment":[{"href":"https:\/\/www.green24.ro\/index.php\/wp-json\/wp\/v2\/media?parent=1094"}],"wp:term":[{"taxonomy":"category","embeddable":true,"href":"https:\/\/www.green24.ro\/index.php\/wp-json\/wp\/v2\/categories?post=1094"},{"taxonomy":"post_tag","embeddable":true,"href":"https:\/\/www.green24.ro\/index.php\/wp-json\/wp\/v2\/tags?post=1094"}],"curies":[{"name":"wp","href":"https:\/\/api.w.org\/{rel}","templated":true}]}}