{"id":1067,"date":"2022-06-03T11:33:00","date_gmt":"2022-06-03T09:33:00","guid":{"rendered":"https:\/\/www.green24.ro\/?p=1067"},"modified":"2022-06-03T14:45:19","modified_gmt":"2022-06-03T12:45:19","slug":"green24-ro-3-iunie-ziua-mondiala-a-bicicletei","status":"publish","type":"post","link":"https:\/\/www.green24.ro\/index.php\/2022\/06\/03\/green24-ro-3-iunie-ziua-mondiala-a-bicicletei\/","title":{"rendered":"Green24.ro &#8211; 3 iunie, Ziua Mondial\u0103 a Bicicletei"},"content":{"rendered":"<p style=\"text-align: justify;\"><strong>S\u0103rb\u0103torim Ziua Mondial\u0103 a Bicicletei \u00een fiecare an, de c\u00e2nd Adunarea General\u0103 a Na\u021biunilor Unite a adoptat o rezolu\u021bie \u00een acest sens \u00een 2018. \u00cens\u0103,, \u00een acest an Ziua Mondial\u0103 a Bicicletei are o semnifica\u021bie aparte. La nivel interna\u021bional am recunoscut, \u00een sf\u00e2r\u0219it , c\u0103 dependen\u021ba noastr\u0103 de combustibilii fosili a cauzat daune imense planetei \u0219i climei. Invazia brutal\u0103 a Rusiei \u00een Ucraina ne-a aratat c\u0103 aceast\u0103 dependen\u021b\u0103 poate fi foarte problematic\u0103 \u0219i din motive geopolitice.<\/strong><\/p>\n<p style=\"text-align: justify;\"><em>\u201cTransportul \u0219i dependen\u021ba excesiv\u0103 de vehiculele personale cu motor reprezint\u0103 o parte semnificativ\u0103 a dependen\u021bei noastre de combustibilii fosili. Din ce \u00een ce mai mult, guvernele \u0219i indivizii caut\u0103 \u00een ciclism o solu\u021bie\u201d<\/em>,\u00a0sus\u021bine, \u00eentr-o analiz\u0103, Philip Amaral, director de politii \u0219i dezvoltare al Federa\u021biei Europene a Cicli\u0219tilor (ECF).<\/p>\n<hr \/>\n<h4 style=\"text-align: center;\">Recunoa\u0219terea global\u0103 pentru ciclism, \u00een cre\u0219tere<\/h4>\n<hr \/>\n<p style=\"text-align: justify;\">Dup\u0103 o campanie ECF \u0219i a partenerilor s\u0103i la conferin\u021ba COP26 de la Glasgow din noiembrie 2021, mini\u0219trii transporturilor au subliniat c\u0103\u00a0\u201eun viitor durabil pentru transportul rutier va necesita o transformare mai larg\u0103 a sistemului, inclusiv sprijin pentru c\u0103l\u0103toriile active\u201d.<\/p>\n<p style=\"text-align: justify;\">Apoi, \u00een martie 2022, Adunarea General\u0103 a Na\u021biunilor Unite a adoptat \u00een unanimitate o rezolu\u021bie prin care \u00eendeamn\u0103 guvernele s\u0103 integreze bicicleta \u00een sistemele lor de transport pentru a asigura o dezvoltare durabil\u0103 \u0219i a reduce emisiile din transport.<\/p>\n<p style=\"text-align: justify;\">\u00cen plus, Uniunea European\u0103 (UE) este lider \u00een recunoa\u0219terea global\u0103 a ciclismului. Noul s\u0103u cadru pentru politicile de mobilitate urban\u0103 afirm\u0103 c\u0103\u00a0\u201ear trebui s\u0103 se acorde o prioritate clar\u0103 la nivel na\u021bional \u0219i local dezvolt\u0103rii transportului public, mersului pe jos \u0219i cu bicicleta (\u2026)\u201d\u00a0. UE urm\u0103re\u0219te aceast obiectiv cu noi runde de finan\u021bare pentru proiectele de ciclism \u0219i includerea m\u0103surilor de ciclism \u00een lista sa de ac\u021biuni politice pentru a accelera tranzi\u021bia Europei de la dependen\u021ba de combustibilii fosili.<\/p>\n<hr \/>\n<h4 style=\"text-align: center;\">Ce \u00eenseamn\u0103 bicicleta pentru ora\u0219ele noastre?<\/h4>\n<hr \/>\n<p style=\"text-align: justify;\">Ca \u00eentotdeauna, ora\u0219ele sunt un exemplu deoarece aici\u00a0poten\u021bialul ciclismului\u00a0iese cu adev\u0103rat \u00een eviden\u021b\u0103. Doar simplul fapt ca mai mul\u021bi oameni s\u0103 foloseasc\u0103 bicicleta \u0219i nu automobilul \u00een deplas\u0103rile zilnice duce la o cre\u0219tere a calit\u0103\u021bii aerului.<\/p>\n<p style=\"text-align: justify;\">Comisia Lancet pentru poluare \u0219i s\u0103n\u0103tate\u00a0tocmai\u00a0\u0219i-a actualizat concluziile\u00a0pentru a ar\u0103ta c\u0103 poluarea este responsabil\u0103 pentru aproximativ nou\u0103 milioane de decese pe an, adic\u0103 unul din \u0219ase decese la nivel mondial.<\/p>\n<p style=\"text-align: justify;\">Poluarea transporturilor contribuie semnificativ la aceste decese, iar emisiile din conductele de evacuare reprezint\u0103 p\u00e2n\u0103 la 30% din particulele fine din zonele urbane. Transportul motorizat este cea mai mare surs\u0103 de emisii de dioxid de azot \u0219i benzen \u00een ora\u0219e. Mai simplu spus, avem nevoie de mai mult ciclism pentru a avea aer mai curat \u00een ora\u0219ele noastre.<\/p>\n<p style=\"text-align: justify;\">Mai mult ciclism scade, de asemenea,\u00a0poluarea fonic\u0103, despre care studiile arat\u0103 c\u0103 este la fel de d\u0103un\u0103toare ca poluarea aerului, deoarece nivelurile de zgomot produse de traficul rutier dep\u0103\u0219esc adesea nivelurile acceptabile \u0219i au un impact negativ asupra s\u0103n\u0103t\u0103\u021bii umane.<\/p>\n<p style=\"text-align: justify;\">Parisul arat\u0103 modul \u00een care ora\u0219ele pot inova pentru a combate poluarea fonic\u0103 combin\u00e2nd ciclismul cu instalarea de monitoare \u00een tot ora\u0219ul, identific\u00e2nd \u0219oferii care \u00eencalc\u0103 reglement\u0103rile privind zgomotul urban.<\/p>\n<p style=\"text-align: justify;\">Un alt efect major al mai multor biciclete \u00een ora\u0219e este \u00eembun\u0103t\u0103\u021birea gradului de locuit \u0219i siguran\u021ba rutier\u0103. Implementarea limitelor de vitez\u0103 de 30 km\/h \u00een diferite ora\u0219e din Europa \u00eencetine\u0219te traficul auto \u0219i duce la reduceri semnificative ale deceselor rutiere, cum ar fi la Bruxelles, unde s-a \u00eenregistrat o reducere cu 50% a deceselor rutiere de la implementarea limitelor de vitez\u0103 de 30 km\/h.<\/p>\n<p style=\"text-align: justify;\">Aceste practici ofer\u0103 oamenilor oportunit\u0103\u021bi de a merge cu bicicleta, deoarece una dintre principalele bariere pentru ca oamenii s\u0103 mearg\u0103 cu bicicleta este amenin\u021barea perceput\u0103 de pericol pe drumuri.<\/p>\n<hr \/>\n<h4 style=\"text-align: center;\">Ce \u00eenseamn\u0103 ciclismul pentru planeta noastr\u0103?<\/h4>\n<hr \/>\n<p style=\"text-align: justify;\">Lumea nu-\u0219i poate atinge obiectivele de reducere a emisiilor de gaze cu efect de ser\u0103 cauzate de transport f\u0103r\u0103 a folosi mai mult bicicleta.<\/p>\n<p style=\"text-align: justify;\">Raportul de evaluare al IPCC al grupului de lucru III, publicat \u00een aprilie, a recunoscut c\u0103 schimb\u0103rile fundamentale \u00een sistemele de transport \u0219i op\u021biunile de cerere pe care le ofer\u0103 pot avea un rol major \u00een reducerea emisiilor de gaze cu efect de ser\u0103.<\/p>\n<p style=\"text-align: justify;\">Autorii raportului au prezentat un argument clar pentru acordarea priorit\u0103\u021bii\u00a0\u201emobilitatii f\u0103r\u0103 ma\u0219ini prin mers pe jos \u0219i cu bicicleta\u201d\u00a0pentru a reduce semnificativ emisiile, scriind c\u0103\u00a0\u201e\u00eendeplinirea obiectivelor de atenuare a schimb\u0103rilor climatice ar necesita schimb\u0103ri transformatoare \u00een sectorul transporturilor\u201d.<\/p>\n<p style=\"text-align: justify;\">De\u0219i este de a\u0219teptat s\u0103 vedem progrese pentru ciclism \u00een zonele urbane, exist\u0103 la fel de mult poten\u021bial \u0219i pentru zonele rurale. Ciclismul este transformator pentru oamenii care tr\u0103iesc \u00een comunit\u0103\u021bile rurale mai pu\u021bin dezvoltate, oriunde \u00een lume. World Bicycle Relief, de exemplu, produce \u0219i distribuie biciclete oamenilor din regiunile rurale din \u00eentreaga lume, care folosesc bicicletele pentru a accesa institu\u021biile de educa\u021bie \u0219i s\u0103n\u0103tate, pentru a le \u00eembun\u0103t\u0103\u021bi accesul la pie\u021be \u0219i la alte servicii vitale.<\/p>\n<hr \/>\n<p style=\"text-align: center;\"><strong>Ce \u00eenseamn\u0103 bicicleta pentru viitorul nostru?<\/strong><\/p>\n<hr \/>\n<p style=\"text-align: justify;\">Locurile \u00een care tr\u0103im au fost supraproiectate pentru vehicule motorizate. Astfel, nu este de mirare c\u0103 majoritatea oamenilor conduc: re\u021beaua de drumuri dens\u0103 \u0219i previzibil\u0103 \u00eel face foarte convenabil. Acest lucru trebuie s\u0103 se schimbe. Politicienii, factorii de decizie, planificatorii urbani, cadrele academice \u0219i sus\u021bin\u0103torii societ\u0103\u021bii civile trebuie s\u0103 planifice o reproiectare a ora\u0219elor care s\u0103 fac\u0103 moduri active \u0219i durabile de c\u0103l\u0103torie \u2013 mersul pe jos, cu bicicleta, transportul public \u2013 cea mai u\u0219oar\u0103 \u0219i, prin urmare, cea mai preferat\u0103 op\u021biune pentru locuitori.<\/p>\n<p style=\"text-align: justify;\">Acest lucru va duce la un sistem de mobilitate mai echitabil pentru toat\u0103 lumea, un sistem \u00een care bicicleta joac\u0103 un rol principal.\u00a0Va duce la un viitor \u00een care oamenii nu vor fi for\u021ba\u021bi s\u0103 achizi\u021bioneze autovehicule scumpe pentru a se deplasa.<\/p>\n<p style=\"text-align: justify;\">Va fi un viitor \u00een care oamenii vor putea merge pe jos sau cu bicicleta c\u0103tre magazinele locale, \u0219colile \u0219i locurile de munc\u0103 f\u0103r\u0103 teama de a fi loviti de \u0219oferii de vehicule mai mari.<\/p>\n<p style=\"text-align: justify;\">Va fi un viitor \u00een care oamenii recupereaz\u0103 str\u0103zile pentru joac\u0103, adun\u0103ri sociale, pentru afaceri, pentru mobilitate \u0219i pentru toate activit\u0103\u021bile care formeaz\u0103 re\u021beaua comunit\u0103\u021bilor vibrante.<\/p>\n<pre>surse: <a href=\"https:\/\/green-report.ro\/3-iunie-ziua-mondiala-a-bicicletei-ce-inseamna-ciclismul-pentru-orasele-planeta-si-viitorul-nostru\/\">greenreport<\/a><\/pre>\n","protected":false},"excerpt":{"rendered":"<p>S\u0103rb\u0103torim Ziua Mondial\u0103 a Bicicletei \u00een fiecare an, de c\u00e2nd Adunarea General\u0103 a Na\u021biunilor Unite a adoptat o rezolu\u021bie \u00een acest sens \u00een 2018. \u00cens\u0103,, \u00een acest an Ziua Mondial\u0103 a Bicicletei are o semnifica\u021bie aparte. La nivel interna\u021bional am recunoscut, \u00een sf\u00e2r\u0219it , c\u0103 dependen\u021ba noastr\u0103 de combustibilii fosili [&hellip;]<\/p>\n","protected":false},"author":3,"featured_media":1068,"comment_status":"open","ping_status":"open","sticky":false,"template":"","format":"standard","meta":{"content-type":"","footnotes":"","jetpack_publicize_message":"","jetpack_publicize_feature_enabled":true,"jetpack_social_post_already_shared":true,"jetpack_social_options":{"image_generator_settings":{"template":"highway","default_image_id":0,"font":"","enabled":false},"version":2}},"categories":[5,1,6],"tags":[],"class_list":["post-1067","post","type-post","status-publish","format-standard","has-post-thumbnail","hentry","category-blog","category-general","category-prime"],"yoast_head":"<!-- This site is optimized with the Yoast SEO plugin v24.9 - https:\/\/yoast.com\/wordpress\/plugins\/seo\/ -->\n<title>Green24.ro - 3 iunie, Ziua Mondial\u0103 a Bicicletei - Green24.ro<\/title>\n<meta name=\"description\" content=\"S\u0103rb\u0103torim Ziua Mondial\u0103 a Bicicletei \u00een fiecare an, de c\u00e2nd Adunarea General\u0103 a Na\u021biunilor Unite a adoptat o rezolu\u021bie \u00een acest sens \u00een 2018.\" \/>\n<meta name=\"robots\" content=\"index, follow, max-snippet:-1, max-image-preview:large, max-video-preview:-1\" \/>\n<link rel=\"canonical\" href=\"https:\/\/www.green24.ro\/index.php\/2022\/06\/03\/green24-ro-3-iunie-ziua-mondiala-a-bicicletei\/\" \/>\n<meta property=\"og:locale\" content=\"en_US\" \/>\n<meta property=\"og:type\" content=\"article\" \/>\n<meta property=\"og:title\" content=\"Green24.ro - 3 iunie, Ziua Mondial\u0103 a Bicicletei - Green24.ro\" \/>\n<meta property=\"og:description\" content=\"S\u0103rb\u0103torim Ziua Mondial\u0103 a Bicicletei \u00een fiecare an, de c\u00e2nd Adunarea General\u0103 a Na\u021biunilor Unite a adoptat o rezolu\u021bie \u00een acest sens \u00een 2018.\" \/>\n<meta property=\"og:url\" content=\"https:\/\/www.green24.ro\/index.php\/2022\/06\/03\/green24-ro-3-iunie-ziua-mondiala-a-bicicletei\/\" \/>\n<meta property=\"og:site_name\" content=\"Green24.ro\" \/>\n<meta property=\"article:publisher\" content=\"https:\/\/www.facebook.com\/green24ro\/\" \/>\n<meta property=\"article:published_time\" content=\"2022-06-03T09:33:00+00:00\" \/>\n<meta property=\"article:modified_time\" content=\"2022-06-03T12:45:19+00:00\" \/>\n<meta property=\"og:image\" content=\"https:\/\/www.green24.ro\/wp-content\/uploads\/2022\/06\/ECF-WBD22-visual3.jpeg\" \/>\n\t<meta property=\"og:image:width\" content=\"800\" \/>\n\t<meta property=\"og:image:height\" content=\"450\" \/>\n\t<meta property=\"og:image:type\" content=\"image\/jpeg\" \/>\n<meta name=\"author\" content=\"Redactia Green24\" \/>\n<meta name=\"twitter:card\" content=\"summary_large_image\" \/>\n<meta name=\"twitter:label1\" content=\"Written by\" \/>\n\t<meta name=\"twitter:data1\" content=\"Redactia Green24\" \/>\n\t<meta name=\"twitter:label2\" content=\"Est. reading time\" \/>\n\t<meta name=\"twitter:data2\" content=\"5 minutes\" \/>\n<script type=\"application\/ld+json\" class=\"yoast-schema-graph\">{\"@context\":\"https:\/\/schema.org\",\"@graph\":[{\"@type\":\"Article\",\"@id\":\"https:\/\/www.green24.ro\/index.php\/2022\/06\/03\/green24-ro-3-iunie-ziua-mondiala-a-bicicletei\/#article\",\"isPartOf\":{\"@id\":\"https:\/\/www.green24.ro\/index.php\/2022\/06\/03\/green24-ro-3-iunie-ziua-mondiala-a-bicicletei\/\"},\"author\":{\"name\":\"Redactia Green24\",\"@id\":\"https:\/\/www.green24.ro\/#\/schema\/person\/607a8c12d4548837cb79d52bb2437572\"},\"headline\":\"Green24.ro &#8211; 3 iunie, Ziua Mondial\u0103 a Bicicletei\",\"datePublished\":\"2022-06-03T09:33:00+00:00\",\"dateModified\":\"2022-06-03T12:45:19+00:00\",\"mainEntityOfPage\":{\"@id\":\"https:\/\/www.green24.ro\/index.php\/2022\/06\/03\/green24-ro-3-iunie-ziua-mondiala-a-bicicletei\/\"},\"wordCount\":1087,\"commentCount\":0,\"publisher\":{\"@id\":\"https:\/\/www.green24.ro\/#organization\"},\"image\":{\"@id\":\"https:\/\/www.green24.ro\/index.php\/2022\/06\/03\/green24-ro-3-iunie-ziua-mondiala-a-bicicletei\/#primaryimage\"},\"thumbnailUrl\":\"https:\/\/www.green24.ro\/wp-content\/uploads\/2022\/06\/ECF-WBD22-visual3.jpeg\",\"articleSection\":[\"Blog\",\"General\",\"Prime\"],\"inLanguage\":\"en-US\",\"potentialAction\":[{\"@type\":\"CommentAction\",\"name\":\"Comment\",\"target\":[\"https:\/\/www.green24.ro\/index.php\/2022\/06\/03\/green24-ro-3-iunie-ziua-mondiala-a-bicicletei\/#respond\"]}]},{\"@type\":\"WebPage\",\"@id\":\"https:\/\/www.green24.ro\/index.php\/2022\/06\/03\/green24-ro-3-iunie-ziua-mondiala-a-bicicletei\/\",\"url\":\"https:\/\/www.green24.ro\/index.php\/2022\/06\/03\/green24-ro-3-iunie-ziua-mondiala-a-bicicletei\/\",\"name\":\"Green24.ro - 3 iunie, Ziua Mondial\u0103 a Bicicletei - Green24.ro\",\"isPartOf\":{\"@id\":\"https:\/\/www.green24.ro\/#website\"},\"primaryImageOfPage\":{\"@id\":\"https:\/\/www.green24.ro\/index.php\/2022\/06\/03\/green24-ro-3-iunie-ziua-mondiala-a-bicicletei\/#primaryimage\"},\"image\":{\"@id\":\"https:\/\/www.green24.ro\/index.php\/2022\/06\/03\/green24-ro-3-iunie-ziua-mondiala-a-bicicletei\/#primaryimage\"},\"thumbnailUrl\":\"https:\/\/www.green24.ro\/wp-content\/uploads\/2022\/06\/ECF-WBD22-visual3.jpeg\",\"datePublished\":\"2022-06-03T09:33:00+00:00\",\"dateModified\":\"2022-06-03T12:45:19+00:00\",\"description\":\"S\u0103rb\u0103torim Ziua Mondial\u0103 a Bicicletei \u00een fiecare an, de c\u00e2nd Adunarea General\u0103 a Na\u021biunilor Unite a adoptat o rezolu\u021bie \u00een acest sens \u00een 2018.\",\"breadcrumb\":{\"@id\":\"https:\/\/www.green24.ro\/index.php\/2022\/06\/03\/green24-ro-3-iunie-ziua-mondiala-a-bicicletei\/#breadcrumb\"},\"inLanguage\":\"en-US\",\"potentialAction\":[{\"@type\":\"ReadAction\",\"target\":[\"https:\/\/www.green24.ro\/index.php\/2022\/06\/03\/green24-ro-3-iunie-ziua-mondiala-a-bicicletei\/\"]}]},{\"@type\":\"ImageObject\",\"inLanguage\":\"en-US\",\"@id\":\"https:\/\/www.green24.ro\/index.php\/2022\/06\/03\/green24-ro-3-iunie-ziua-mondiala-a-bicicletei\/#primaryimage\",\"url\":\"https:\/\/www.green24.ro\/wp-content\/uploads\/2022\/06\/ECF-WBD22-visual3.jpeg\",\"contentUrl\":\"https:\/\/www.green24.ro\/wp-content\/uploads\/2022\/06\/ECF-WBD22-visual3.jpeg\",\"width\":800,\"height\":450,\"caption\":\"Green24.ro - 3 iunie, Ziua Mondial\u0103 a Bicicletei\"},{\"@type\":\"BreadcrumbList\",\"@id\":\"https:\/\/www.green24.ro\/index.php\/2022\/06\/03\/green24-ro-3-iunie-ziua-mondiala-a-bicicletei\/#breadcrumb\",\"itemListElement\":[{\"@type\":\"ListItem\",\"position\":1,\"name\":\"Home\",\"item\":\"https:\/\/www.green24.ro\/\"},{\"@type\":\"ListItem\",\"position\":2,\"name\":\"Green24.ro &#8211; 3 iunie, Ziua Mondial\u0103 a Bicicletei\"}]},{\"@type\":\"WebSite\",\"@id\":\"https:\/\/www.green24.ro\/#website\",\"url\":\"https:\/\/www.green24.ro\/\",\"name\":\"Green24.ro\",\"description\":\"Antreprenoriat verde si responsabilitatea social\u0103\",\"publisher\":{\"@id\":\"https:\/\/www.green24.ro\/#organization\"},\"potentialAction\":[{\"@type\":\"SearchAction\",\"target\":{\"@type\":\"EntryPoint\",\"urlTemplate\":\"https:\/\/www.green24.ro\/?s={search_term_string}\"},\"query-input\":{\"@type\":\"PropertyValueSpecification\",\"valueRequired\":true,\"valueName\":\"search_term_string\"}}],\"inLanguage\":\"en-US\"},{\"@type\":\"Organization\",\"@id\":\"https:\/\/www.green24.ro\/#organization\",\"name\":\"Green24\",\"url\":\"https:\/\/www.green24.ro\/\",\"logo\":{\"@type\":\"ImageObject\",\"inLanguage\":\"en-US\",\"@id\":\"https:\/\/www.green24.ro\/#\/schema\/logo\/image\/\",\"url\":\"https:\/\/www.green24.ro\/wp-content\/uploads\/2022\/02\/green24-17-e1643806452346.png\",\"contentUrl\":\"https:\/\/www.green24.ro\/wp-content\/uploads\/2022\/02\/green24-17-e1643806452346.png\",\"width\":174,\"height\":174,\"caption\":\"Green24\"},\"image\":{\"@id\":\"https:\/\/www.green24.ro\/#\/schema\/logo\/image\/\"},\"sameAs\":[\"https:\/\/www.facebook.com\/green24ro\/\"]},{\"@type\":\"Person\",\"@id\":\"https:\/\/www.green24.ro\/#\/schema\/person\/607a8c12d4548837cb79d52bb2437572\",\"name\":\"Redactia Green24\",\"image\":{\"@type\":\"ImageObject\",\"inLanguage\":\"en-US\",\"@id\":\"https:\/\/www.green24.ro\/#\/schema\/person\/image\/\",\"url\":\"https:\/\/secure.gravatar.com\/avatar\/c9f4d5614769dc0a9dfdfed961c82ea6?s=96&d=mm&r=g\",\"contentUrl\":\"https:\/\/secure.gravatar.com\/avatar\/c9f4d5614769dc0a9dfdfed961c82ea6?s=96&d=mm&r=g\",\"caption\":\"Redactia Green24\"},\"sameAs\":[\"http:\/\/www.green24.ro\"],\"url\":\"https:\/\/www.green24.ro\/index.php\/author\/green24\/\"}]}<\/script>\n<!-- \/ Yoast SEO plugin. -->","yoast_head_json":{"title":"Green24.ro - 3 iunie, Ziua Mondial\u0103 a Bicicletei - Green24.ro","description":"S\u0103rb\u0103torim Ziua Mondial\u0103 a Bicicletei \u00een fiecare an, de c\u00e2nd Adunarea General\u0103 a Na\u021biunilor Unite a adoptat o rezolu\u021bie \u00een acest sens \u00een 2018.","robots":{"index":"index","follow":"follow","max-snippet":"max-snippet:-1","max-image-preview":"max-image-preview:large","max-video-preview":"max-video-preview:-1"},"canonical":"https:\/\/www.green24.ro\/index.php\/2022\/06\/03\/green24-ro-3-iunie-ziua-mondiala-a-bicicletei\/","og_locale":"en_US","og_type":"article","og_title":"Green24.ro - 3 iunie, Ziua Mondial\u0103 a Bicicletei - Green24.ro","og_description":"S\u0103rb\u0103torim Ziua Mondial\u0103 a Bicicletei \u00een fiecare an, de c\u00e2nd Adunarea General\u0103 a Na\u021biunilor Unite a adoptat o rezolu\u021bie \u00een acest sens \u00een 2018.","og_url":"https:\/\/www.green24.ro\/index.php\/2022\/06\/03\/green24-ro-3-iunie-ziua-mondiala-a-bicicletei\/","og_site_name":"Green24.ro","article_publisher":"https:\/\/www.facebook.com\/green24ro\/","article_published_time":"2022-06-03T09:33:00+00:00","article_modified_time":"2022-06-03T12:45:19+00:00","og_image":[{"width":800,"height":450,"url":"https:\/\/www.green24.ro\/wp-content\/uploads\/2022\/06\/ECF-WBD22-visual3.jpeg","type":"image\/jpeg"}],"author":"Redactia Green24","twitter_card":"summary_large_image","twitter_misc":{"Written by":"Redactia Green24","Est. reading time":"5 minutes"},"schema":{"@context":"https:\/\/schema.org","@graph":[{"@type":"Article","@id":"https:\/\/www.green24.ro\/index.php\/2022\/06\/03\/green24-ro-3-iunie-ziua-mondiala-a-bicicletei\/#article","isPartOf":{"@id":"https:\/\/www.green24.ro\/index.php\/2022\/06\/03\/green24-ro-3-iunie-ziua-mondiala-a-bicicletei\/"},"author":{"name":"Redactia Green24","@id":"https:\/\/www.green24.ro\/#\/schema\/person\/607a8c12d4548837cb79d52bb2437572"},"headline":"Green24.ro &#8211; 3 iunie, Ziua Mondial\u0103 a Bicicletei","datePublished":"2022-06-03T09:33:00+00:00","dateModified":"2022-06-03T12:45:19+00:00","mainEntityOfPage":{"@id":"https:\/\/www.green24.ro\/index.php\/2022\/06\/03\/green24-ro-3-iunie-ziua-mondiala-a-bicicletei\/"},"wordCount":1087,"commentCount":0,"publisher":{"@id":"https:\/\/www.green24.ro\/#organization"},"image":{"@id":"https:\/\/www.green24.ro\/index.php\/2022\/06\/03\/green24-ro-3-iunie-ziua-mondiala-a-bicicletei\/#primaryimage"},"thumbnailUrl":"https:\/\/www.green24.ro\/wp-content\/uploads\/2022\/06\/ECF-WBD22-visual3.jpeg","articleSection":["Blog","General","Prime"],"inLanguage":"en-US","potentialAction":[{"@type":"CommentAction","name":"Comment","target":["https:\/\/www.green24.ro\/index.php\/2022\/06\/03\/green24-ro-3-iunie-ziua-mondiala-a-bicicletei\/#respond"]}]},{"@type":"WebPage","@id":"https:\/\/www.green24.ro\/index.php\/2022\/06\/03\/green24-ro-3-iunie-ziua-mondiala-a-bicicletei\/","url":"https:\/\/www.green24.ro\/index.php\/2022\/06\/03\/green24-ro-3-iunie-ziua-mondiala-a-bicicletei\/","name":"Green24.ro - 3 iunie, Ziua Mondial\u0103 a Bicicletei - Green24.ro","isPartOf":{"@id":"https:\/\/www.green24.ro\/#website"},"primaryImageOfPage":{"@id":"https:\/\/www.green24.ro\/index.php\/2022\/06\/03\/green24-ro-3-iunie-ziua-mondiala-a-bicicletei\/#primaryimage"},"image":{"@id":"https:\/\/www.green24.ro\/index.php\/2022\/06\/03\/green24-ro-3-iunie-ziua-mondiala-a-bicicletei\/#primaryimage"},"thumbnailUrl":"https:\/\/www.green24.ro\/wp-content\/uploads\/2022\/06\/ECF-WBD22-visual3.jpeg","datePublished":"2022-06-03T09:33:00+00:00","dateModified":"2022-06-03T12:45:19+00:00","description":"S\u0103rb\u0103torim Ziua Mondial\u0103 a Bicicletei \u00een fiecare an, de c\u00e2nd Adunarea General\u0103 a Na\u021biunilor Unite a adoptat o rezolu\u021bie \u00een acest sens \u00een 2018.","breadcrumb":{"@id":"https:\/\/www.green24.ro\/index.php\/2022\/06\/03\/green24-ro-3-iunie-ziua-mondiala-a-bicicletei\/#breadcrumb"},"inLanguage":"en-US","potentialAction":[{"@type":"ReadAction","target":["https:\/\/www.green24.ro\/index.php\/2022\/06\/03\/green24-ro-3-iunie-ziua-mondiala-a-bicicletei\/"]}]},{"@type":"ImageObject","inLanguage":"en-US","@id":"https:\/\/www.green24.ro\/index.php\/2022\/06\/03\/green24-ro-3-iunie-ziua-mondiala-a-bicicletei\/#primaryimage","url":"https:\/\/www.green24.ro\/wp-content\/uploads\/2022\/06\/ECF-WBD22-visual3.jpeg","contentUrl":"https:\/\/www.green24.ro\/wp-content\/uploads\/2022\/06\/ECF-WBD22-visual3.jpeg","width":800,"height":450,"caption":"Green24.ro - 3 iunie, Ziua Mondial\u0103 a Bicicletei"},{"@type":"BreadcrumbList","@id":"https:\/\/www.green24.ro\/index.php\/2022\/06\/03\/green24-ro-3-iunie-ziua-mondiala-a-bicicletei\/#breadcrumb","itemListElement":[{"@type":"ListItem","position":1,"name":"Home","item":"https:\/\/www.green24.ro\/"},{"@type":"ListItem","position":2,"name":"Green24.ro &#8211; 3 iunie, Ziua Mondial\u0103 a Bicicletei"}]},{"@type":"WebSite","@id":"https:\/\/www.green24.ro\/#website","url":"https:\/\/www.green24.ro\/","name":"Green24.ro","description":"Antreprenoriat verde si responsabilitatea social\u0103","publisher":{"@id":"https:\/\/www.green24.ro\/#organization"},"potentialAction":[{"@type":"SearchAction","target":{"@type":"EntryPoint","urlTemplate":"https:\/\/www.green24.ro\/?s={search_term_string}"},"query-input":{"@type":"PropertyValueSpecification","valueRequired":true,"valueName":"search_term_string"}}],"inLanguage":"en-US"},{"@type":"Organization","@id":"https:\/\/www.green24.ro\/#organization","name":"Green24","url":"https:\/\/www.green24.ro\/","logo":{"@type":"ImageObject","inLanguage":"en-US","@id":"https:\/\/www.green24.ro\/#\/schema\/logo\/image\/","url":"https:\/\/www.green24.ro\/wp-content\/uploads\/2022\/02\/green24-17-e1643806452346.png","contentUrl":"https:\/\/www.green24.ro\/wp-content\/uploads\/2022\/02\/green24-17-e1643806452346.png","width":174,"height":174,"caption":"Green24"},"image":{"@id":"https:\/\/www.green24.ro\/#\/schema\/logo\/image\/"},"sameAs":["https:\/\/www.facebook.com\/green24ro\/"]},{"@type":"Person","@id":"https:\/\/www.green24.ro\/#\/schema\/person\/607a8c12d4548837cb79d52bb2437572","name":"Redactia Green24","image":{"@type":"ImageObject","inLanguage":"en-US","@id":"https:\/\/www.green24.ro\/#\/schema\/person\/image\/","url":"https:\/\/secure.gravatar.com\/avatar\/c9f4d5614769dc0a9dfdfed961c82ea6?s=96&d=mm&r=g","contentUrl":"https:\/\/secure.gravatar.com\/avatar\/c9f4d5614769dc0a9dfdfed961c82ea6?s=96&d=mm&r=g","caption":"Redactia Green24"},"sameAs":["http:\/\/www.green24.ro"],"url":"https:\/\/www.green24.ro\/index.php\/author\/green24\/"}]}},"jetpack_publicize_connections":[],"jetpack_featured_media_url":"https:\/\/www.green24.ro\/wp-content\/uploads\/2022\/06\/ECF-WBD22-visual3.jpeg","jetpack_sharing_enabled":true,"_links":{"self":[{"href":"https:\/\/www.green24.ro\/index.php\/wp-json\/wp\/v2\/posts\/1067","targetHints":{"allow":["GET"]}}],"collection":[{"href":"https:\/\/www.green24.ro\/index.php\/wp-json\/wp\/v2\/posts"}],"about":[{"href":"https:\/\/www.green24.ro\/index.php\/wp-json\/wp\/v2\/types\/post"}],"author":[{"embeddable":true,"href":"https:\/\/www.green24.ro\/index.php\/wp-json\/wp\/v2\/users\/3"}],"replies":[{"embeddable":true,"href":"https:\/\/www.green24.ro\/index.php\/wp-json\/wp\/v2\/comments?post=1067"}],"version-history":[{"count":1,"href":"https:\/\/www.green24.ro\/index.php\/wp-json\/wp\/v2\/posts\/1067\/revisions"}],"predecessor-version":[{"id":1069,"href":"https:\/\/www.green24.ro\/index.php\/wp-json\/wp\/v2\/posts\/1067\/revisions\/1069"}],"wp:featuredmedia":[{"embeddable":true,"href":"https:\/\/www.green24.ro\/index.php\/wp-json\/wp\/v2\/media\/1068"}],"wp:attachment":[{"href":"https:\/\/www.green24.ro\/index.php\/wp-json\/wp\/v2\/media?parent=1067"}],"wp:term":[{"taxonomy":"category","embeddable":true,"href":"https:\/\/www.green24.ro\/index.php\/wp-json\/wp\/v2\/categories?post=1067"},{"taxonomy":"post_tag","embeddable":true,"href":"https:\/\/www.green24.ro\/index.php\/wp-json\/wp\/v2\/tags?post=1067"}],"curies":[{"name":"wp","href":"https:\/\/api.w.org\/{rel}","templated":true}]}}